{"id":56774,"date":"2019-10-31T15:19:31","date_gmt":"2019-10-31T18:19:31","guid":{"rendered":"https:\/\/www.institutodeengenharia.org.br\/site\/?p=56774"},"modified":"2019-11-01T15:22:14","modified_gmt":"2019-11-01T18:22:14","slug":"obras-inteligentes-retrofit-e-construcoes-sustentaveis","status":"publish","type":"post","link":"https:\/\/www.institutodeengenharia.org.br\/site\/2019\/10\/31\/obras-inteligentes-retrofit-e-construcoes-sustentaveis\/","title":{"rendered":"Obras inteligentes \u2013 Retrofit e constru\u00e7\u00f5es sustent\u00e1veis"},"content":{"rendered":"<p><strong>Assista abaixo \u00e0 \u00edntegra:<\/strong><\/p>\n<p><iframe loading=\"lazy\" src=\"https:\/\/player.vimeo.com\/video\/370360764\" width=\"640\" height=\"480\" frameborder=\"0\" allowfullscreen=\"allowfullscreen\"><\/iframe><\/p>\n<p>&nbsp;<\/p>\n<p>&nbsp;<\/p>\n<h2>+ Informa\u00e7\u00f5es:<\/h2>\n<p><strong>Abordagem:<\/strong><\/p>\n<p>A palestra descreve ao profissional a defini\u00e7\u00e3o dos par\u00e2metros de projeto e\u00a0<em>retrofit<\/em>\u00a0adequados \u00e0s caracter\u00edsticas de constru\u00e7\u00f5es sustent\u00e1veis e aborda conceitos de tecnologias solares passivas e pr\u00f3-ativas, bem como a rela\u00e7\u00e3o entre arquitetura e clima, explora o impacto das vari\u00e1veis clim\u00e1ticas no desempenho t\u00e9rmico e luminoso dos edif\u00edcios e demonstra caracter\u00edsticas projetuais que podem reduzir os efeitos negativos, assim como outras que podem potencializar os efeitos positivos, no que diz respeito ao conforto ambiental e ao consumo racional de energia el\u00e9trica e reuso de \u00e1gua.<\/p>\n<p><strong>Palestrante:\u00a0\u00a0\u00a0\u00a0\u00a0<\/strong><\/p>\n<p><strong>PhD. Aurea Vendramin<\/strong><\/p>\n<p>Coordenadora da Divis\u00e3o T\u00e9cnica de Controle e Automa\u00e7\u00e3o \u2013 Instituto de Engenharia SP, membro do Conselho Brasileiro de Constru\u00e7\u00e3o Sustent\u00e1vel e conselheira Green Building Council Brasil, formada em Arquitetura e Engenharia Civil desde 1999, possui p\u00f3s doutorado em Efici\u00eancia Energ\u00e9tica e Energia Renov\u00e1vel e doutorado em Engenharia e Ci\u00eancias dos Materiais pela UFPR.<\/p>\n<p><strong>Realiza\u00e7\u00e3o:<\/strong><\/p>\n<p><strong>Eng. Jer\u00f4nimo Cabral Pereira Fagundes Neto\u00a0<\/strong>\u2013 Vice-presidente de Atividades T\u00e9cnicas<\/p>\n<p><strong>Eng. Alessio Bento Borelli<\/strong>\u00a0\u2013 Diretor do Depto. de Engenharia de Energia e Telecomunica\u00e7\u00f5es<\/p>\n<p><strong>Eng. Roberto Kochen\u00a0<\/strong>\u2013 Diretor do Departamento de Engenharia do Habitat e Infraestrutura<\/p>\n<p><strong>Eng\u00aa. e Arqt\u00aa.Aurea Vendramin\u00a0<\/strong>\u2013 Coord. da Divis\u00e3o T\u00e9cnica de Controle e Automa\u00e7\u00e3o<\/p>\n<p><strong>Eng. Jos\u00e9 Manoel de O. Reis<\/strong>\u00a0\u2013 Coord. da DT. de Constru\u00e7\u00e3o Sustent\u00e1vel e Meio Ambiente<\/p>\n","protected":false},"excerpt":{"rendered":"<p>Assista abaixo \u00e0 \u00edntegra: &nbsp; &nbsp; + Informa\u00e7\u00f5es: Abordagem: A palestra descreve ao profissional a defini\u00e7\u00e3o dos par\u00e2metros de projeto e\u00a0retrofit\u00a0adequados \u00e0s caracter\u00edsticas de constru\u00e7\u00f5es sustent\u00e1veis e aborda conceitos de tecnologias solares passivas e pr\u00f3-ativas, bem como a rela\u00e7\u00e3o entre arquitetura e clima, explora o impacto das vari\u00e1veis clim\u00e1ticas no desempenho t\u00e9rmico e luminoso dos [&hellip;]<\/p>\n","protected":false},"author":13,"featured_media":44201,"comment_status":"open","ping_status":"open","sticky":false,"template":"","format":"standard","meta":{"footnotes":""},"categories":[16,15,43,74,968,969],"tags":[],"class_list":{"0":"post-56774","1":"post","2":"type-post","3":"status-publish","4":"format-standard","5":"has-post-thumbnail","7":"category-departamento-desenvolvimento-de-tecnologia-industria-energia-e-telecomunicacoes","8":"category-departamento-desenvolvimento-de-projetos-e-servicos-de-infraestrutura","9":"category-divisao-tecnica-inteligencia-artificial-controle-e-automacao","10":"category-divisao-tecnica-meio-ambiente-e-sustentabilidade","11":"category-nova-tv-engenharia","12":"category-palestra"},"yoast_head":"<!-- This site is optimized with the Yoast SEO plugin v27.2 - https:\/\/yoast.com\/product\/yoast-seo-wordpress\/ -->\n<title>Obras inteligentes \u2013 Retrofit e constru\u00e7\u00f5es sustent\u00e1veis - Instituto de Engenharia<\/title>\n<meta name=\"robots\" content=\"index, follow, max-snippet:-1, max-image-preview:large, max-video-preview:-1\" \/>\n<link rel=\"canonical\" href=\"https:\/\/www.institutodeengenharia.org.br\/site\/2019\/10\/31\/obras-inteligentes-retrofit-e-construcoes-sustentaveis\/\" \/>\n<meta property=\"og:locale\" content=\"pt_BR\" \/>\n<meta property=\"og:type\" content=\"article\" \/>\n<meta property=\"og:title\" content=\"Obras inteligentes \u2013 Retrofit e constru\u00e7\u00f5es sustent\u00e1veis - Instituto de Engenharia\" \/>\n<meta property=\"og:description\" content=\"Assista abaixo \u00e0 \u00edntegra: &nbsp; &nbsp; + Informa\u00e7\u00f5es: Abordagem: A palestra descreve ao profissional a defini\u00e7\u00e3o dos par\u00e2metros de projeto e\u00a0retrofit\u00a0adequados \u00e0s caracter\u00edsticas de constru\u00e7\u00f5es sustent\u00e1veis e aborda conceitos de tecnologias solares passivas e pr\u00f3-ativas, bem como a rela\u00e7\u00e3o entre arquitetura e clima, explora o impacto das vari\u00e1veis clim\u00e1ticas no desempenho t\u00e9rmico e luminoso dos [&hellip;]\" \/>\n<meta property=\"og:url\" content=\"https:\/\/www.institutodeengenharia.org.br\/site\/2019\/10\/31\/obras-inteligentes-retrofit-e-construcoes-sustentaveis\/\" \/>\n<meta property=\"og:site_name\" content=\"Instituto de Engenharia\" \/>\n<meta property=\"article:publisher\" content=\"https:\/\/www.facebook.com\/institutodeengenharia\" \/>\n<meta property=\"article:published_time\" content=\"2019-10-31T18:19:31+00:00\" \/>\n<meta property=\"article:modified_time\" content=\"2019-11-01T18:22:14+00:00\" \/>\n<meta property=\"og:image\" content=\"https:\/\/www.institutodeengenharia.org.br\/site\/wp-content\/uploads\/2019\/10\/50-650-retrofit-revitalizacao-edificios-antigos.jpg\" \/>\n\t<meta property=\"og:image:width\" content=\"650\" \/>\n\t<meta property=\"og:image:height\" content=\"399\" \/>\n\t<meta property=\"og:image:type\" content=\"image\/jpeg\" \/>\n<meta name=\"author\" content=\"Bianca\" \/>\n<meta name=\"twitter:card\" content=\"summary_large_image\" \/>\n<meta name=\"twitter:creator\" content=\"@iengenharia\" \/>\n<meta name=\"twitter:site\" content=\"@iengenharia\" \/>\n<meta name=\"twitter:label1\" content=\"Escrito por\" \/>\n\t<meta name=\"twitter:data1\" content=\"Bianca\" \/>\n\t<meta name=\"twitter:label2\" content=\"Est. tempo de leitura\" \/>\n\t<meta name=\"twitter:data2\" content=\"1 minuto\" \/>\n<script type=\"application\/ld+json\" class=\"yoast-schema-graph\">{\"@context\":\"https:\/\/schema.org\",\"@graph\":[{\"@type\":\"Article\",\"@id\":\"https:\/\/www.institutodeengenharia.org.br\/site\/2019\/10\/31\/obras-inteligentes-retrofit-e-construcoes-sustentaveis\/#article\",\"isPartOf\":{\"@id\":\"https:\/\/www.institutodeengenharia.org.br\/site\/2019\/10\/31\/obras-inteligentes-retrofit-e-construcoes-sustentaveis\/\"},\"author\":{\"name\":\"Bianca\",\"@id\":\"https:\/\/www.institutodeengenharia.org.br\/site\/#\/schema\/person\/aeb64951c405e100d26d30b033dd423f\"},\"headline\":\"Obras inteligentes \u2013 Retrofit e constru\u00e7\u00f5es sustent\u00e1veis\",\"datePublished\":\"2019-10-31T18:19:31+00:00\",\"dateModified\":\"2019-11-01T18:22:14+00:00\",\"mainEntityOfPage\":{\"@id\":\"https:\/\/www.institutodeengenharia.org.br\/site\/2019\/10\/31\/obras-inteligentes-retrofit-e-construcoes-sustentaveis\/\"},\"wordCount\":253,\"commentCount\":0,\"publisher\":{\"@id\":\"https:\/\/www.institutodeengenharia.org.br\/site\/#organization\"},\"image\":{\"@id\":\"https:\/\/www.institutodeengenharia.org.br\/site\/2019\/10\/31\/obras-inteligentes-retrofit-e-construcoes-sustentaveis\/#primaryimage\"},\"thumbnailUrl\":\"https:\/\/www.institutodeengenharia.org.br\/site\/wp-content\/uploads\/2019\/10\/50-650-retrofit-revitalizacao-edificios-antigos.jpg\",\"articleSection\":[\"Departamento de Desenvolvimento de Tecnologia, Ind\u00fastria, Energia e Telecomunica\u00e7\u00f5es\",\"Departamento Desenvolvimento de Projetos e Servi\u00e7os de Infraestrutura\",\"Divis\u00e3o T\u00e9cnica Intelig\u00eancia Artificial, Controle e Automa\u00e7\u00e3o\",\"Divis\u00e3o T\u00e9cnica Meio Ambiente e Sustentabilidade\",\"Nova TV Engenharia\",\"Palestra\"],\"inLanguage\":\"pt-BR\",\"potentialAction\":[{\"@type\":\"CommentAction\",\"name\":\"Comment\",\"target\":[\"https:\/\/www.institutodeengenharia.org.br\/site\/2019\/10\/31\/obras-inteligentes-retrofit-e-construcoes-sustentaveis\/#respond\"]}]},{\"@type\":\"WebPage\",\"@id\":\"https:\/\/www.institutodeengenharia.org.br\/site\/2019\/10\/31\/obras-inteligentes-retrofit-e-construcoes-sustentaveis\/\",\"url\":\"https:\/\/www.institutodeengenharia.org.br\/site\/2019\/10\/31\/obras-inteligentes-retrofit-e-construcoes-sustentaveis\/\",\"name\":\"Obras inteligentes \u2013 Retrofit e constru\u00e7\u00f5es sustent\u00e1veis - Instituto de Engenharia\",\"isPartOf\":{\"@id\":\"https:\/\/www.institutodeengenharia.org.br\/site\/#website\"},\"primaryImageOfPage\":{\"@id\":\"https:\/\/www.institutodeengenharia.org.br\/site\/2019\/10\/31\/obras-inteligentes-retrofit-e-construcoes-sustentaveis\/#primaryimage\"},\"image\":{\"@id\":\"https:\/\/www.institutodeengenharia.org.br\/site\/2019\/10\/31\/obras-inteligentes-retrofit-e-construcoes-sustentaveis\/#primaryimage\"},\"thumbnailUrl\":\"https:\/\/www.institutodeengenharia.org.br\/site\/wp-content\/uploads\/2019\/10\/50-650-retrofit-revitalizacao-edificios-antigos.jpg\",\"datePublished\":\"2019-10-31T18:19:31+00:00\",\"dateModified\":\"2019-11-01T18:22:14+00:00\",\"breadcrumb\":{\"@id\":\"https:\/\/www.institutodeengenharia.org.br\/site\/2019\/10\/31\/obras-inteligentes-retrofit-e-construcoes-sustentaveis\/#breadcrumb\"},\"inLanguage\":\"pt-BR\",\"potentialAction\":[{\"@type\":\"ReadAction\",\"target\":[\"https:\/\/www.institutodeengenharia.org.br\/site\/2019\/10\/31\/obras-inteligentes-retrofit-e-construcoes-sustentaveis\/\"]}]},{\"@type\":\"ImageObject\",\"inLanguage\":\"pt-BR\",\"@id\":\"https:\/\/www.institutodeengenharia.org.br\/site\/2019\/10\/31\/obras-inteligentes-retrofit-e-construcoes-sustentaveis\/#primaryimage\",\"url\":\"https:\/\/www.institutodeengenharia.org.br\/site\/wp-content\/uploads\/2019\/10\/50-650-retrofit-revitalizacao-edificios-antigos.jpg\",\"contentUrl\":\"https:\/\/www.institutodeengenharia.org.br\/site\/wp-content\/uploads\/2019\/10\/50-650-retrofit-revitalizacao-edificios-antigos.jpg\",\"width\":650,\"height\":399},{\"@type\":\"BreadcrumbList\",\"@id\":\"https:\/\/www.institutodeengenharia.org.br\/site\/2019\/10\/31\/obras-inteligentes-retrofit-e-construcoes-sustentaveis\/#breadcrumb\",\"itemListElement\":[{\"@type\":\"ListItem\",\"position\":1,\"name\":\"In\u00edcio\",\"item\":\"https:\/\/www.institutodeengenharia.org.br\/site\/\"},{\"@type\":\"ListItem\",\"position\":2,\"name\":\"Obras inteligentes \u2013 Retrofit e constru\u00e7\u00f5es sustent\u00e1veis\"}]},{\"@type\":\"WebSite\",\"@id\":\"https:\/\/www.institutodeengenharia.org.br\/site\/#website\",\"url\":\"https:\/\/www.institutodeengenharia.org.br\/site\/\",\"name\":\"Instituto de Engenharia\",\"description\":\"O Instituto de Engenharia promove a Engenharia em benef\u00edcio do desenvolvimento e da qualidade de vida da sociedade.\",\"publisher\":{\"@id\":\"https:\/\/www.institutodeengenharia.org.br\/site\/#organization\"},\"potentialAction\":[{\"@type\":\"SearchAction\",\"target\":{\"@type\":\"EntryPoint\",\"urlTemplate\":\"https:\/\/www.institutodeengenharia.org.br\/site\/?s={search_term_string}\"},\"query-input\":{\"@type\":\"PropertyValueSpecification\",\"valueRequired\":true,\"valueName\":\"search_term_string\"}}],\"inLanguage\":\"pt-BR\"},{\"@type\":\"Organization\",\"@id\":\"https:\/\/www.institutodeengenharia.org.br\/site\/#organization\",\"name\":\"Instituto de Engenharia\",\"url\":\"https:\/\/www.institutodeengenharia.org.br\/site\/\",\"logo\":{\"@type\":\"ImageObject\",\"inLanguage\":\"pt-BR\",\"@id\":\"https:\/\/www.institutodeengenharia.org.br\/site\/#\/schema\/logo\/image\/\",\"url\":\"https:\/\/www.institutodeengenharia.org.br\/site\/wp-content\/uploads\/2019\/03\/logo-novo-IE2018-1.jpg\",\"contentUrl\":\"https:\/\/www.institutodeengenharia.org.br\/site\/wp-content\/uploads\/2019\/03\/logo-novo-IE2018-1.jpg\",\"width\":1486,\"height\":1879,\"caption\":\"Instituto de Engenharia\"},\"image\":{\"@id\":\"https:\/\/www.institutodeengenharia.org.br\/site\/#\/schema\/logo\/image\/\"},\"sameAs\":[\"https:\/\/www.facebook.com\/institutodeengenharia\",\"https:\/\/x.com\/iengenharia\",\"https:\/\/www.instagram.com\/institutodeengenharia\/\",\"https:\/\/www.linkedin.com\/company\/instituto-de-engenharia\/\",\"https:\/\/www.youtube.com\/channel\/UCXiCAlsSMe977vamW915HxA\"]},{\"@type\":\"Person\",\"@id\":\"https:\/\/www.institutodeengenharia.org.br\/site\/#\/schema\/person\/aeb64951c405e100d26d30b033dd423f\",\"name\":\"Bianca\",\"image\":{\"@type\":\"ImageObject\",\"inLanguage\":\"pt-BR\",\"@id\":\"https:\/\/secure.gravatar.com\/avatar\/a6fbe9bff57405baf4c1e2c5c1811e072b558253974a9f9508f4678900c97c2a?s=96&d=mm&r=g\",\"url\":\"https:\/\/secure.gravatar.com\/avatar\/a6fbe9bff57405baf4c1e2c5c1811e072b558253974a9f9508f4678900c97c2a?s=96&d=mm&r=g\",\"contentUrl\":\"https:\/\/secure.gravatar.com\/avatar\/a6fbe9bff57405baf4c1e2c5c1811e072b558253974a9f9508f4678900c97c2a?s=96&d=mm&r=g\",\"caption\":\"Bianca\"},\"url\":\"https:\/\/www.institutodeengenharia.org.br\/site\/author\/comunicacao1\/\"}]}<\/script>\n<!-- \/ Yoast SEO plugin. -->","yoast_head_json":{"title":"Obras inteligentes \u2013 Retrofit e constru\u00e7\u00f5es sustent\u00e1veis - Instituto de Engenharia","robots":{"index":"index","follow":"follow","max-snippet":"max-snippet:-1","max-image-preview":"max-image-preview:large","max-video-preview":"max-video-preview:-1"},"canonical":"https:\/\/www.institutodeengenharia.org.br\/site\/2019\/10\/31\/obras-inteligentes-retrofit-e-construcoes-sustentaveis\/","og_locale":"pt_BR","og_type":"article","og_title":"Obras inteligentes \u2013 Retrofit e constru\u00e7\u00f5es sustent\u00e1veis - Instituto de Engenharia","og_description":"Assista abaixo \u00e0 \u00edntegra: &nbsp; &nbsp; + Informa\u00e7\u00f5es: Abordagem: A palestra descreve ao profissional a defini\u00e7\u00e3o dos par\u00e2metros de projeto e\u00a0retrofit\u00a0adequados \u00e0s caracter\u00edsticas de constru\u00e7\u00f5es sustent\u00e1veis e aborda conceitos de tecnologias solares passivas e pr\u00f3-ativas, bem como a rela\u00e7\u00e3o entre arquitetura e clima, explora o impacto das vari\u00e1veis clim\u00e1ticas no desempenho t\u00e9rmico e luminoso dos [&hellip;]","og_url":"https:\/\/www.institutodeengenharia.org.br\/site\/2019\/10\/31\/obras-inteligentes-retrofit-e-construcoes-sustentaveis\/","og_site_name":"Instituto de Engenharia","article_publisher":"https:\/\/www.facebook.com\/institutodeengenharia","article_published_time":"2019-10-31T18:19:31+00:00","article_modified_time":"2019-11-01T18:22:14+00:00","og_image":[{"width":650,"height":399,"url":"https:\/\/www.institutodeengenharia.org.br\/site\/wp-content\/uploads\/2019\/10\/50-650-retrofit-revitalizacao-edificios-antigos.jpg","type":"image\/jpeg"}],"author":"Bianca","twitter_card":"summary_large_image","twitter_creator":"@iengenharia","twitter_site":"@iengenharia","twitter_misc":{"Escrito por":"Bianca","Est. tempo de leitura":"1 minuto"},"schema":{"@context":"https:\/\/schema.org","@graph":[{"@type":"Article","@id":"https:\/\/www.institutodeengenharia.org.br\/site\/2019\/10\/31\/obras-inteligentes-retrofit-e-construcoes-sustentaveis\/#article","isPartOf":{"@id":"https:\/\/www.institutodeengenharia.org.br\/site\/2019\/10\/31\/obras-inteligentes-retrofit-e-construcoes-sustentaveis\/"},"author":{"name":"Bianca","@id":"https:\/\/www.institutodeengenharia.org.br\/site\/#\/schema\/person\/aeb64951c405e100d26d30b033dd423f"},"headline":"Obras inteligentes \u2013 Retrofit e constru\u00e7\u00f5es sustent\u00e1veis","datePublished":"2019-10-31T18:19:31+00:00","dateModified":"2019-11-01T18:22:14+00:00","mainEntityOfPage":{"@id":"https:\/\/www.institutodeengenharia.org.br\/site\/2019\/10\/31\/obras-inteligentes-retrofit-e-construcoes-sustentaveis\/"},"wordCount":253,"commentCount":0,"publisher":{"@id":"https:\/\/www.institutodeengenharia.org.br\/site\/#organization"},"image":{"@id":"https:\/\/www.institutodeengenharia.org.br\/site\/2019\/10\/31\/obras-inteligentes-retrofit-e-construcoes-sustentaveis\/#primaryimage"},"thumbnailUrl":"https:\/\/www.institutodeengenharia.org.br\/site\/wp-content\/uploads\/2019\/10\/50-650-retrofit-revitalizacao-edificios-antigos.jpg","articleSection":["Departamento de Desenvolvimento de Tecnologia, Ind\u00fastria, Energia e Telecomunica\u00e7\u00f5es","Departamento Desenvolvimento de Projetos e Servi\u00e7os de Infraestrutura","Divis\u00e3o T\u00e9cnica Intelig\u00eancia Artificial, Controle e Automa\u00e7\u00e3o","Divis\u00e3o T\u00e9cnica Meio Ambiente e Sustentabilidade","Nova TV Engenharia","Palestra"],"inLanguage":"pt-BR","potentialAction":[{"@type":"CommentAction","name":"Comment","target":["https:\/\/www.institutodeengenharia.org.br\/site\/2019\/10\/31\/obras-inteligentes-retrofit-e-construcoes-sustentaveis\/#respond"]}]},{"@type":"WebPage","@id":"https:\/\/www.institutodeengenharia.org.br\/site\/2019\/10\/31\/obras-inteligentes-retrofit-e-construcoes-sustentaveis\/","url":"https:\/\/www.institutodeengenharia.org.br\/site\/2019\/10\/31\/obras-inteligentes-retrofit-e-construcoes-sustentaveis\/","name":"Obras inteligentes \u2013 Retrofit e constru\u00e7\u00f5es sustent\u00e1veis - Instituto de Engenharia","isPartOf":{"@id":"https:\/\/www.institutodeengenharia.org.br\/site\/#website"},"primaryImageOfPage":{"@id":"https:\/\/www.institutodeengenharia.org.br\/site\/2019\/10\/31\/obras-inteligentes-retrofit-e-construcoes-sustentaveis\/#primaryimage"},"image":{"@id":"https:\/\/www.institutodeengenharia.org.br\/site\/2019\/10\/31\/obras-inteligentes-retrofit-e-construcoes-sustentaveis\/#primaryimage"},"thumbnailUrl":"https:\/\/www.institutodeengenharia.org.br\/site\/wp-content\/uploads\/2019\/10\/50-650-retrofit-revitalizacao-edificios-antigos.jpg","datePublished":"2019-10-31T18:19:31+00:00","dateModified":"2019-11-01T18:22:14+00:00","breadcrumb":{"@id":"https:\/\/www.institutodeengenharia.org.br\/site\/2019\/10\/31\/obras-inteligentes-retrofit-e-construcoes-sustentaveis\/#breadcrumb"},"inLanguage":"pt-BR","potentialAction":[{"@type":"ReadAction","target":["https:\/\/www.institutodeengenharia.org.br\/site\/2019\/10\/31\/obras-inteligentes-retrofit-e-construcoes-sustentaveis\/"]}]},{"@type":"ImageObject","inLanguage":"pt-BR","@id":"https:\/\/www.institutodeengenharia.org.br\/site\/2019\/10\/31\/obras-inteligentes-retrofit-e-construcoes-sustentaveis\/#primaryimage","url":"https:\/\/www.institutodeengenharia.org.br\/site\/wp-content\/uploads\/2019\/10\/50-650-retrofit-revitalizacao-edificios-antigos.jpg","contentUrl":"https:\/\/www.institutodeengenharia.org.br\/site\/wp-content\/uploads\/2019\/10\/50-650-retrofit-revitalizacao-edificios-antigos.jpg","width":650,"height":399},{"@type":"BreadcrumbList","@id":"https:\/\/www.institutodeengenharia.org.br\/site\/2019\/10\/31\/obras-inteligentes-retrofit-e-construcoes-sustentaveis\/#breadcrumb","itemListElement":[{"@type":"ListItem","position":1,"name":"In\u00edcio","item":"https:\/\/www.institutodeengenharia.org.br\/site\/"},{"@type":"ListItem","position":2,"name":"Obras inteligentes \u2013 Retrofit e constru\u00e7\u00f5es sustent\u00e1veis"}]},{"@type":"WebSite","@id":"https:\/\/www.institutodeengenharia.org.br\/site\/#website","url":"https:\/\/www.institutodeengenharia.org.br\/site\/","name":"Instituto de Engenharia","description":"O Instituto de Engenharia promove a Engenharia em benef\u00edcio do desenvolvimento e da qualidade de vida da sociedade.","publisher":{"@id":"https:\/\/www.institutodeengenharia.org.br\/site\/#organization"},"potentialAction":[{"@type":"SearchAction","target":{"@type":"EntryPoint","urlTemplate":"https:\/\/www.institutodeengenharia.org.br\/site\/?s={search_term_string}"},"query-input":{"@type":"PropertyValueSpecification","valueRequired":true,"valueName":"search_term_string"}}],"inLanguage":"pt-BR"},{"@type":"Organization","@id":"https:\/\/www.institutodeengenharia.org.br\/site\/#organization","name":"Instituto de Engenharia","url":"https:\/\/www.institutodeengenharia.org.br\/site\/","logo":{"@type":"ImageObject","inLanguage":"pt-BR","@id":"https:\/\/www.institutodeengenharia.org.br\/site\/#\/schema\/logo\/image\/","url":"https:\/\/www.institutodeengenharia.org.br\/site\/wp-content\/uploads\/2019\/03\/logo-novo-IE2018-1.jpg","contentUrl":"https:\/\/www.institutodeengenharia.org.br\/site\/wp-content\/uploads\/2019\/03\/logo-novo-IE2018-1.jpg","width":1486,"height":1879,"caption":"Instituto de Engenharia"},"image":{"@id":"https:\/\/www.institutodeengenharia.org.br\/site\/#\/schema\/logo\/image\/"},"sameAs":["https:\/\/www.facebook.com\/institutodeengenharia","https:\/\/x.com\/iengenharia","https:\/\/www.instagram.com\/institutodeengenharia\/","https:\/\/www.linkedin.com\/company\/instituto-de-engenharia\/","https:\/\/www.youtube.com\/channel\/UCXiCAlsSMe977vamW915HxA"]},{"@type":"Person","@id":"https:\/\/www.institutodeengenharia.org.br\/site\/#\/schema\/person\/aeb64951c405e100d26d30b033dd423f","name":"Bianca","image":{"@type":"ImageObject","inLanguage":"pt-BR","@id":"https:\/\/secure.gravatar.com\/avatar\/a6fbe9bff57405baf4c1e2c5c1811e072b558253974a9f9508f4678900c97c2a?s=96&d=mm&r=g","url":"https:\/\/secure.gravatar.com\/avatar\/a6fbe9bff57405baf4c1e2c5c1811e072b558253974a9f9508f4678900c97c2a?s=96&d=mm&r=g","contentUrl":"https:\/\/secure.gravatar.com\/avatar\/a6fbe9bff57405baf4c1e2c5c1811e072b558253974a9f9508f4678900c97c2a?s=96&d=mm&r=g","caption":"Bianca"},"url":"https:\/\/www.institutodeengenharia.org.br\/site\/author\/comunicacao1\/"}]}},"_links":{"self":[{"href":"https:\/\/www.institutodeengenharia.org.br\/site\/wp-json\/wp\/v2\/posts\/56774","targetHints":{"allow":["GET"]}}],"collection":[{"href":"https:\/\/www.institutodeengenharia.org.br\/site\/wp-json\/wp\/v2\/posts"}],"about":[{"href":"https:\/\/www.institutodeengenharia.org.br\/site\/wp-json\/wp\/v2\/types\/post"}],"author":[{"embeddable":true,"href":"https:\/\/www.institutodeengenharia.org.br\/site\/wp-json\/wp\/v2\/users\/13"}],"replies":[{"embeddable":true,"href":"https:\/\/www.institutodeengenharia.org.br\/site\/wp-json\/wp\/v2\/comments?post=56774"}],"version-history":[{"count":2,"href":"https:\/\/www.institutodeengenharia.org.br\/site\/wp-json\/wp\/v2\/posts\/56774\/revisions"}],"predecessor-version":[{"id":56776,"href":"https:\/\/www.institutodeengenharia.org.br\/site\/wp-json\/wp\/v2\/posts\/56774\/revisions\/56776"}],"wp:featuredmedia":[{"embeddable":true,"href":"https:\/\/www.institutodeengenharia.org.br\/site\/wp-json\/wp\/v2\/media\/44201"}],"wp:attachment":[{"href":"https:\/\/www.institutodeengenharia.org.br\/site\/wp-json\/wp\/v2\/media?parent=56774"}],"wp:term":[{"taxonomy":"category","embeddable":true,"href":"https:\/\/www.institutodeengenharia.org.br\/site\/wp-json\/wp\/v2\/categories?post=56774"},{"taxonomy":"post_tag","embeddable":true,"href":"https:\/\/www.institutodeengenharia.org.br\/site\/wp-json\/wp\/v2\/tags?post=56774"}],"curies":[{"name":"wp","href":"https:\/\/api.w.org\/{rel}","templated":true}]}}