{"id":56622,"date":"2019-10-29T15:22:53","date_gmt":"2019-10-29T18:22:53","guid":{"rendered":"https:\/\/www.institutodeengenharia.org.br\/site\/?p=56622"},"modified":"2019-10-30T11:09:56","modified_gmt":"2019-10-30T14:09:56","slug":"ciclo-de-vida-de-materiais-de-construcao","status":"publish","type":"post","link":"https:\/\/www.institutodeengenharia.org.br\/site\/2019\/10\/29\/ciclo-de-vida-de-materiais-de-construcao\/","title":{"rendered":"Ciclo de vida de materiais de constru\u00e7\u00e3o"},"content":{"rendered":"<p>Uma nova vers\u00e3o da base de dados de avalia\u00e7\u00e3o de ciclo de vida (ACV) ecoinvent acaba de ser lan\u00e7ada com a inclus\u00e3o de invent\u00e1rios de materiais de constru\u00e7\u00e3o brasileiros \u00e0 base de cimento, desenvolvidos em um\u00a0<a href=\"https:\/\/www.ipt.br\/centros_tecnologicos\/CETAC\/noticias\/1428-ciclo_de_vida_na_construcao.htm\" target=\"_blank\" rel=\"noopener\">projeto coordenado pelo IPT<\/a>. Foram disponibilizados 45 invent\u00e1rios de ciclo de vida referentes aos processos de fabrica\u00e7\u00e3o e distribui\u00e7\u00e3o de 27 materiais de constru\u00e7\u00e3o, incluindo sete tipos de cimento, 13 dosagens de concreto, bloco de concreto, areia, brita, argila calcinada e esc\u00f3ria granulada de alto forno.<\/p>\n<p>Os invent\u00e1rios foram desenvolvidos com base em dados prim\u00e1rios, fornecidos por fabricantes brasileiros. \u201cNo caso do cimento, foi poss\u00edvel cobrir 70% da produ\u00e7\u00e3o nacional, o que \u00e9 um n\u00edvel de representatividade alto para os padr\u00f5es desta base de dados\u201d, explica a pesquisadora Fernanda Belizario Silva, do\u00a0<a href=\"https:\/\/www.ipt.br\/centros_tecnologicos\/CETAC\/laboratorios_e_sessoes\/44-laboratorio_de_componentes_e_sistemas_construtivos___lcsc.htm\" target=\"_blank\" rel=\"noopener\">Laborat\u00f3rio de Componentes e Sistemas Construtivos<\/a>\u00a0do Instituto de Pesquisas Tecnol\u00f3gicas (IPT) e\u00a0coordenadora do projeto.<\/p>\n<p>\u201cA ACV permite enxergar todo o ciclo de vida do produto e identificar pontos preferenciais para melhoria do desempenho ambiental das opera\u00e7\u00f5es\u201d, completa\u00a0ela, lembrando que\u00a0a disponibilidade de dados brasileiros contribui para uma maior confiabilidade dos resultados de estudos de ACV conduzidos no Pa\u00eds.<\/p>\n<p>O projeto Sustainable Recycling Industries (SRI) foi executado em um cons\u00f3rcio incluindo IPT, Universidade Estadual de Campinas (Unicamp), Universidade Federal do Esp\u00edrito Santo (Ufes), Universidade Federal do Rio Grande do Sul (UFRGS) e a consultoria ambiental Quantis, com financiamento da Secretaria Su\u00ed\u00e7a para Assuntos Econ\u00f4micos (State Secretariat for Economic Affairs &#8211; Seco).<\/p>\n<p>A nova vers\u00e3o do banco de dados inclui tamb\u00e9m invent\u00e1rios de ciclo de vida brasileiros de produtos agr\u00edcolas, do setor de produ\u00e7\u00e3o de energia el\u00e9trica e de turismo, desenvolvidos por outras institui\u00e7\u00f5es nacionais.<\/p>\n<p>Embora o acesso \u00e0 base de dados seja restrito a assinantes, \u00e9 poss\u00edvel consultar gratuitamente os invent\u00e1rios desenvolvidos no projeto SRI\u00a0<a href=\"https:\/\/www.ecoinvent.org\/about\/projects\/sri-project\/login.html\" target=\"_blank\" rel=\"noopener\">aqui<\/a>,\u00a0inclusive o relat\u00f3rio do estudo coordenado pelo IPT. Os invent\u00e1rios ser\u00e3o futuramente disponibilizados no Banco Nacional de Invent\u00e1rios do Ciclo de Vida (SICV).<\/p>\n<p><em>Fonte <a href=\"https:\/\/www.ipt.br\/noticia\/1564-ciclo_de_vida_de_materiais_de_construcao.htm\" target=\"_blank\" rel=\"noopener\">Instituto de Pesquisas Tecnol\u00f3gicas (IPT)<\/a><\/em><\/p>\n","protected":false},"excerpt":{"rendered":"<p>Uma nova vers\u00e3o da base de dados de avalia\u00e7\u00e3o de ciclo de vida (ACV) ecoinvent acaba de ser lan\u00e7ada com a inclus\u00e3o de invent\u00e1rios de materiais de constru\u00e7\u00e3o brasileiros \u00e0 base de cimento, desenvolvidos em um\u00a0projeto coordenado pelo IPT. Foram disponibilizados 45 invent\u00e1rios de ciclo de vida referentes aos processos de fabrica\u00e7\u00e3o e distribui\u00e7\u00e3o de [&hellip;]<\/p>\n","protected":false},"author":13,"featured_media":56623,"comment_status":"open","ping_status":"open","sticky":false,"template":"","format":"standard","meta":{"footnotes":""},"categories":[35],"tags":[202],"class_list":{"0":"post-56622","1":"post","2":"type-post","3":"status-publish","4":"format-standard","5":"has-post-thumbnail","7":"category-pesquisa-e-desenvolvimento","8":"tag-destaque"},"yoast_head":"<!-- This site is optimized with the Yoast SEO plugin v27.2 - https:\/\/yoast.com\/product\/yoast-seo-wordpress\/ -->\n<title>Ciclo de vida de materiais de constru\u00e7\u00e3o - Instituto de Engenharia<\/title>\n<meta name=\"robots\" content=\"index, follow, max-snippet:-1, max-image-preview:large, max-video-preview:-1\" \/>\n<link rel=\"canonical\" href=\"https:\/\/www.institutodeengenharia.org.br\/site\/2019\/10\/29\/ciclo-de-vida-de-materiais-de-construcao\/\" \/>\n<meta property=\"og:locale\" content=\"pt_BR\" \/>\n<meta property=\"og:type\" content=\"article\" \/>\n<meta property=\"og:title\" content=\"Ciclo de vida de materiais de constru\u00e7\u00e3o - Instituto de Engenharia\" \/>\n<meta property=\"og:description\" content=\"Uma nova vers\u00e3o da base de dados de avalia\u00e7\u00e3o de ciclo de vida (ACV) ecoinvent acaba de ser lan\u00e7ada com a inclus\u00e3o de invent\u00e1rios de materiais de constru\u00e7\u00e3o brasileiros \u00e0 base de cimento, desenvolvidos em um\u00a0projeto coordenado pelo IPT. Foram disponibilizados 45 invent\u00e1rios de ciclo de vida referentes aos processos de fabrica\u00e7\u00e3o e distribui\u00e7\u00e3o de [&hellip;]\" \/>\n<meta property=\"og:url\" content=\"https:\/\/www.institutodeengenharia.org.br\/site\/2019\/10\/29\/ciclo-de-vida-de-materiais-de-construcao\/\" \/>\n<meta property=\"og:site_name\" content=\"Instituto de Engenharia\" \/>\n<meta property=\"article:publisher\" content=\"https:\/\/www.facebook.com\/institutodeengenharia\" \/>\n<meta property=\"article:published_time\" content=\"2019-10-29T18:22:53+00:00\" \/>\n<meta property=\"article:modified_time\" content=\"2019-10-30T14:09:56+00:00\" \/>\n<meta property=\"og:image\" content=\"https:\/\/www.institutodeengenharia.org.br\/site\/wp-content\/uploads\/2019\/10\/3156_maior.jpg\" \/>\n\t<meta property=\"og:image:width\" content=\"950\" \/>\n\t<meta property=\"og:image:height\" content=\"636\" \/>\n\t<meta property=\"og:image:type\" content=\"image\/jpeg\" \/>\n<meta name=\"author\" content=\"Bianca\" \/>\n<meta name=\"twitter:card\" content=\"summary_large_image\" \/>\n<meta name=\"twitter:creator\" content=\"@iengenharia\" \/>\n<meta name=\"twitter:site\" content=\"@iengenharia\" \/>\n<meta name=\"twitter:label1\" content=\"Escrito por\" \/>\n\t<meta name=\"twitter:data1\" content=\"Bianca\" \/>\n\t<meta name=\"twitter:label2\" content=\"Est. tempo de leitura\" \/>\n\t<meta name=\"twitter:data2\" content=\"2 minutos\" \/>\n<script type=\"application\/ld+json\" class=\"yoast-schema-graph\">{\"@context\":\"https:\/\/schema.org\",\"@graph\":[{\"@type\":\"Article\",\"@id\":\"https:\/\/www.institutodeengenharia.org.br\/site\/2019\/10\/29\/ciclo-de-vida-de-materiais-de-construcao\/#article\",\"isPartOf\":{\"@id\":\"https:\/\/www.institutodeengenharia.org.br\/site\/2019\/10\/29\/ciclo-de-vida-de-materiais-de-construcao\/\"},\"author\":{\"name\":\"Bianca\",\"@id\":\"https:\/\/www.institutodeengenharia.org.br\/site\/#\/schema\/person\/aeb64951c405e100d26d30b033dd423f\"},\"headline\":\"Ciclo de vida de materiais de constru\u00e7\u00e3o\",\"datePublished\":\"2019-10-29T18:22:53+00:00\",\"dateModified\":\"2019-10-30T14:09:56+00:00\",\"mainEntityOfPage\":{\"@id\":\"https:\/\/www.institutodeengenharia.org.br\/site\/2019\/10\/29\/ciclo-de-vida-de-materiais-de-construcao\/\"},\"wordCount\":364,\"commentCount\":0,\"publisher\":{\"@id\":\"https:\/\/www.institutodeengenharia.org.br\/site\/#organization\"},\"image\":{\"@id\":\"https:\/\/www.institutodeengenharia.org.br\/site\/2019\/10\/29\/ciclo-de-vida-de-materiais-de-construcao\/#primaryimage\"},\"thumbnailUrl\":\"https:\/\/www.institutodeengenharia.org.br\/site\/wp-content\/uploads\/2019\/10\/3156_maior.jpg\",\"keywords\":[\"+ Destaque\"],\"articleSection\":[\"Pesquisa e Desenvolvimento\"],\"inLanguage\":\"pt-BR\",\"potentialAction\":[{\"@type\":\"CommentAction\",\"name\":\"Comment\",\"target\":[\"https:\/\/www.institutodeengenharia.org.br\/site\/2019\/10\/29\/ciclo-de-vida-de-materiais-de-construcao\/#respond\"]}]},{\"@type\":\"WebPage\",\"@id\":\"https:\/\/www.institutodeengenharia.org.br\/site\/2019\/10\/29\/ciclo-de-vida-de-materiais-de-construcao\/\",\"url\":\"https:\/\/www.institutodeengenharia.org.br\/site\/2019\/10\/29\/ciclo-de-vida-de-materiais-de-construcao\/\",\"name\":\"Ciclo de vida de materiais de constru\u00e7\u00e3o - Instituto de Engenharia\",\"isPartOf\":{\"@id\":\"https:\/\/www.institutodeengenharia.org.br\/site\/#website\"},\"primaryImageOfPage\":{\"@id\":\"https:\/\/www.institutodeengenharia.org.br\/site\/2019\/10\/29\/ciclo-de-vida-de-materiais-de-construcao\/#primaryimage\"},\"image\":{\"@id\":\"https:\/\/www.institutodeengenharia.org.br\/site\/2019\/10\/29\/ciclo-de-vida-de-materiais-de-construcao\/#primaryimage\"},\"thumbnailUrl\":\"https:\/\/www.institutodeengenharia.org.br\/site\/wp-content\/uploads\/2019\/10\/3156_maior.jpg\",\"datePublished\":\"2019-10-29T18:22:53+00:00\",\"dateModified\":\"2019-10-30T14:09:56+00:00\",\"breadcrumb\":{\"@id\":\"https:\/\/www.institutodeengenharia.org.br\/site\/2019\/10\/29\/ciclo-de-vida-de-materiais-de-construcao\/#breadcrumb\"},\"inLanguage\":\"pt-BR\",\"potentialAction\":[{\"@type\":\"ReadAction\",\"target\":[\"https:\/\/www.institutodeengenharia.org.br\/site\/2019\/10\/29\/ciclo-de-vida-de-materiais-de-construcao\/\"]}]},{\"@type\":\"ImageObject\",\"inLanguage\":\"pt-BR\",\"@id\":\"https:\/\/www.institutodeengenharia.org.br\/site\/2019\/10\/29\/ciclo-de-vida-de-materiais-de-construcao\/#primaryimage\",\"url\":\"https:\/\/www.institutodeengenharia.org.br\/site\/wp-content\/uploads\/2019\/10\/3156_maior.jpg\",\"contentUrl\":\"https:\/\/www.institutodeengenharia.org.br\/site\/wp-content\/uploads\/2019\/10\/3156_maior.jpg\",\"width\":950,\"height\":636,\"caption\":\"Quarenta e cinco invent\u00e1rios de ciclo de vida referentes aos processos de fabrica\u00e7\u00e3o e distribui\u00e7\u00e3o de 27 materiais de constru\u00e7\u00e3o est\u00e3o dispon\u00edveis agora\"},{\"@type\":\"BreadcrumbList\",\"@id\":\"https:\/\/www.institutodeengenharia.org.br\/site\/2019\/10\/29\/ciclo-de-vida-de-materiais-de-construcao\/#breadcrumb\",\"itemListElement\":[{\"@type\":\"ListItem\",\"position\":1,\"name\":\"In\u00edcio\",\"item\":\"https:\/\/www.institutodeengenharia.org.br\/site\/\"},{\"@type\":\"ListItem\",\"position\":2,\"name\":\"Ciclo de vida de materiais de constru\u00e7\u00e3o\"}]},{\"@type\":\"WebSite\",\"@id\":\"https:\/\/www.institutodeengenharia.org.br\/site\/#website\",\"url\":\"https:\/\/www.institutodeengenharia.org.br\/site\/\",\"name\":\"Instituto de Engenharia\",\"description\":\"O Instituto de Engenharia promove a Engenharia em benef\u00edcio do desenvolvimento e da qualidade de vida da sociedade.\",\"publisher\":{\"@id\":\"https:\/\/www.institutodeengenharia.org.br\/site\/#organization\"},\"potentialAction\":[{\"@type\":\"SearchAction\",\"target\":{\"@type\":\"EntryPoint\",\"urlTemplate\":\"https:\/\/www.institutodeengenharia.org.br\/site\/?s={search_term_string}\"},\"query-input\":{\"@type\":\"PropertyValueSpecification\",\"valueRequired\":true,\"valueName\":\"search_term_string\"}}],\"inLanguage\":\"pt-BR\"},{\"@type\":\"Organization\",\"@id\":\"https:\/\/www.institutodeengenharia.org.br\/site\/#organization\",\"name\":\"Instituto de Engenharia\",\"url\":\"https:\/\/www.institutodeengenharia.org.br\/site\/\",\"logo\":{\"@type\":\"ImageObject\",\"inLanguage\":\"pt-BR\",\"@id\":\"https:\/\/www.institutodeengenharia.org.br\/site\/#\/schema\/logo\/image\/\",\"url\":\"https:\/\/www.institutodeengenharia.org.br\/site\/wp-content\/uploads\/2019\/03\/logo-novo-IE2018-1.jpg\",\"contentUrl\":\"https:\/\/www.institutodeengenharia.org.br\/site\/wp-content\/uploads\/2019\/03\/logo-novo-IE2018-1.jpg\",\"width\":1486,\"height\":1879,\"caption\":\"Instituto de Engenharia\"},\"image\":{\"@id\":\"https:\/\/www.institutodeengenharia.org.br\/site\/#\/schema\/logo\/image\/\"},\"sameAs\":[\"https:\/\/www.facebook.com\/institutodeengenharia\",\"https:\/\/x.com\/iengenharia\",\"https:\/\/www.instagram.com\/institutodeengenharia\/\",\"https:\/\/www.linkedin.com\/company\/instituto-de-engenharia\/\",\"https:\/\/www.youtube.com\/channel\/UCXiCAlsSMe977vamW915HxA\"]},{\"@type\":\"Person\",\"@id\":\"https:\/\/www.institutodeengenharia.org.br\/site\/#\/schema\/person\/aeb64951c405e100d26d30b033dd423f\",\"name\":\"Bianca\",\"image\":{\"@type\":\"ImageObject\",\"inLanguage\":\"pt-BR\",\"@id\":\"https:\/\/secure.gravatar.com\/avatar\/a6fbe9bff57405baf4c1e2c5c1811e072b558253974a9f9508f4678900c97c2a?s=96&d=mm&r=g\",\"url\":\"https:\/\/secure.gravatar.com\/avatar\/a6fbe9bff57405baf4c1e2c5c1811e072b558253974a9f9508f4678900c97c2a?s=96&d=mm&r=g\",\"contentUrl\":\"https:\/\/secure.gravatar.com\/avatar\/a6fbe9bff57405baf4c1e2c5c1811e072b558253974a9f9508f4678900c97c2a?s=96&d=mm&r=g\",\"caption\":\"Bianca\"},\"url\":\"https:\/\/www.institutodeengenharia.org.br\/site\/author\/comunicacao1\/\"}]}<\/script>\n<!-- \/ Yoast SEO plugin. -->","yoast_head_json":{"title":"Ciclo de vida de materiais de constru\u00e7\u00e3o - Instituto de Engenharia","robots":{"index":"index","follow":"follow","max-snippet":"max-snippet:-1","max-image-preview":"max-image-preview:large","max-video-preview":"max-video-preview:-1"},"canonical":"https:\/\/www.institutodeengenharia.org.br\/site\/2019\/10\/29\/ciclo-de-vida-de-materiais-de-construcao\/","og_locale":"pt_BR","og_type":"article","og_title":"Ciclo de vida de materiais de constru\u00e7\u00e3o - Instituto de Engenharia","og_description":"Uma nova vers\u00e3o da base de dados de avalia\u00e7\u00e3o de ciclo de vida (ACV) ecoinvent acaba de ser lan\u00e7ada com a inclus\u00e3o de invent\u00e1rios de materiais de constru\u00e7\u00e3o brasileiros \u00e0 base de cimento, desenvolvidos em um\u00a0projeto coordenado pelo IPT. Foram disponibilizados 45 invent\u00e1rios de ciclo de vida referentes aos processos de fabrica\u00e7\u00e3o e distribui\u00e7\u00e3o de [&hellip;]","og_url":"https:\/\/www.institutodeengenharia.org.br\/site\/2019\/10\/29\/ciclo-de-vida-de-materiais-de-construcao\/","og_site_name":"Instituto de Engenharia","article_publisher":"https:\/\/www.facebook.com\/institutodeengenharia","article_published_time":"2019-10-29T18:22:53+00:00","article_modified_time":"2019-10-30T14:09:56+00:00","og_image":[{"width":950,"height":636,"url":"https:\/\/www.institutodeengenharia.org.br\/site\/wp-content\/uploads\/2019\/10\/3156_maior.jpg","type":"image\/jpeg"}],"author":"Bianca","twitter_card":"summary_large_image","twitter_creator":"@iengenharia","twitter_site":"@iengenharia","twitter_misc":{"Escrito por":"Bianca","Est. tempo de leitura":"2 minutos"},"schema":{"@context":"https:\/\/schema.org","@graph":[{"@type":"Article","@id":"https:\/\/www.institutodeengenharia.org.br\/site\/2019\/10\/29\/ciclo-de-vida-de-materiais-de-construcao\/#article","isPartOf":{"@id":"https:\/\/www.institutodeengenharia.org.br\/site\/2019\/10\/29\/ciclo-de-vida-de-materiais-de-construcao\/"},"author":{"name":"Bianca","@id":"https:\/\/www.institutodeengenharia.org.br\/site\/#\/schema\/person\/aeb64951c405e100d26d30b033dd423f"},"headline":"Ciclo de vida de materiais de constru\u00e7\u00e3o","datePublished":"2019-10-29T18:22:53+00:00","dateModified":"2019-10-30T14:09:56+00:00","mainEntityOfPage":{"@id":"https:\/\/www.institutodeengenharia.org.br\/site\/2019\/10\/29\/ciclo-de-vida-de-materiais-de-construcao\/"},"wordCount":364,"commentCount":0,"publisher":{"@id":"https:\/\/www.institutodeengenharia.org.br\/site\/#organization"},"image":{"@id":"https:\/\/www.institutodeengenharia.org.br\/site\/2019\/10\/29\/ciclo-de-vida-de-materiais-de-construcao\/#primaryimage"},"thumbnailUrl":"https:\/\/www.institutodeengenharia.org.br\/site\/wp-content\/uploads\/2019\/10\/3156_maior.jpg","keywords":["+ Destaque"],"articleSection":["Pesquisa e Desenvolvimento"],"inLanguage":"pt-BR","potentialAction":[{"@type":"CommentAction","name":"Comment","target":["https:\/\/www.institutodeengenharia.org.br\/site\/2019\/10\/29\/ciclo-de-vida-de-materiais-de-construcao\/#respond"]}]},{"@type":"WebPage","@id":"https:\/\/www.institutodeengenharia.org.br\/site\/2019\/10\/29\/ciclo-de-vida-de-materiais-de-construcao\/","url":"https:\/\/www.institutodeengenharia.org.br\/site\/2019\/10\/29\/ciclo-de-vida-de-materiais-de-construcao\/","name":"Ciclo de vida de materiais de constru\u00e7\u00e3o - Instituto de Engenharia","isPartOf":{"@id":"https:\/\/www.institutodeengenharia.org.br\/site\/#website"},"primaryImageOfPage":{"@id":"https:\/\/www.institutodeengenharia.org.br\/site\/2019\/10\/29\/ciclo-de-vida-de-materiais-de-construcao\/#primaryimage"},"image":{"@id":"https:\/\/www.institutodeengenharia.org.br\/site\/2019\/10\/29\/ciclo-de-vida-de-materiais-de-construcao\/#primaryimage"},"thumbnailUrl":"https:\/\/www.institutodeengenharia.org.br\/site\/wp-content\/uploads\/2019\/10\/3156_maior.jpg","datePublished":"2019-10-29T18:22:53+00:00","dateModified":"2019-10-30T14:09:56+00:00","breadcrumb":{"@id":"https:\/\/www.institutodeengenharia.org.br\/site\/2019\/10\/29\/ciclo-de-vida-de-materiais-de-construcao\/#breadcrumb"},"inLanguage":"pt-BR","potentialAction":[{"@type":"ReadAction","target":["https:\/\/www.institutodeengenharia.org.br\/site\/2019\/10\/29\/ciclo-de-vida-de-materiais-de-construcao\/"]}]},{"@type":"ImageObject","inLanguage":"pt-BR","@id":"https:\/\/www.institutodeengenharia.org.br\/site\/2019\/10\/29\/ciclo-de-vida-de-materiais-de-construcao\/#primaryimage","url":"https:\/\/www.institutodeengenharia.org.br\/site\/wp-content\/uploads\/2019\/10\/3156_maior.jpg","contentUrl":"https:\/\/www.institutodeengenharia.org.br\/site\/wp-content\/uploads\/2019\/10\/3156_maior.jpg","width":950,"height":636,"caption":"Quarenta e cinco invent\u00e1rios de ciclo de vida referentes aos processos de fabrica\u00e7\u00e3o e distribui\u00e7\u00e3o de 27 materiais de constru\u00e7\u00e3o est\u00e3o dispon\u00edveis agora"},{"@type":"BreadcrumbList","@id":"https:\/\/www.institutodeengenharia.org.br\/site\/2019\/10\/29\/ciclo-de-vida-de-materiais-de-construcao\/#breadcrumb","itemListElement":[{"@type":"ListItem","position":1,"name":"In\u00edcio","item":"https:\/\/www.institutodeengenharia.org.br\/site\/"},{"@type":"ListItem","position":2,"name":"Ciclo de vida de materiais de constru\u00e7\u00e3o"}]},{"@type":"WebSite","@id":"https:\/\/www.institutodeengenharia.org.br\/site\/#website","url":"https:\/\/www.institutodeengenharia.org.br\/site\/","name":"Instituto de Engenharia","description":"O Instituto de Engenharia promove a Engenharia em benef\u00edcio do desenvolvimento e da qualidade de vida da sociedade.","publisher":{"@id":"https:\/\/www.institutodeengenharia.org.br\/site\/#organization"},"potentialAction":[{"@type":"SearchAction","target":{"@type":"EntryPoint","urlTemplate":"https:\/\/www.institutodeengenharia.org.br\/site\/?s={search_term_string}"},"query-input":{"@type":"PropertyValueSpecification","valueRequired":true,"valueName":"search_term_string"}}],"inLanguage":"pt-BR"},{"@type":"Organization","@id":"https:\/\/www.institutodeengenharia.org.br\/site\/#organization","name":"Instituto de Engenharia","url":"https:\/\/www.institutodeengenharia.org.br\/site\/","logo":{"@type":"ImageObject","inLanguage":"pt-BR","@id":"https:\/\/www.institutodeengenharia.org.br\/site\/#\/schema\/logo\/image\/","url":"https:\/\/www.institutodeengenharia.org.br\/site\/wp-content\/uploads\/2019\/03\/logo-novo-IE2018-1.jpg","contentUrl":"https:\/\/www.institutodeengenharia.org.br\/site\/wp-content\/uploads\/2019\/03\/logo-novo-IE2018-1.jpg","width":1486,"height":1879,"caption":"Instituto de Engenharia"},"image":{"@id":"https:\/\/www.institutodeengenharia.org.br\/site\/#\/schema\/logo\/image\/"},"sameAs":["https:\/\/www.facebook.com\/institutodeengenharia","https:\/\/x.com\/iengenharia","https:\/\/www.instagram.com\/institutodeengenharia\/","https:\/\/www.linkedin.com\/company\/instituto-de-engenharia\/","https:\/\/www.youtube.com\/channel\/UCXiCAlsSMe977vamW915HxA"]},{"@type":"Person","@id":"https:\/\/www.institutodeengenharia.org.br\/site\/#\/schema\/person\/aeb64951c405e100d26d30b033dd423f","name":"Bianca","image":{"@type":"ImageObject","inLanguage":"pt-BR","@id":"https:\/\/secure.gravatar.com\/avatar\/a6fbe9bff57405baf4c1e2c5c1811e072b558253974a9f9508f4678900c97c2a?s=96&d=mm&r=g","url":"https:\/\/secure.gravatar.com\/avatar\/a6fbe9bff57405baf4c1e2c5c1811e072b558253974a9f9508f4678900c97c2a?s=96&d=mm&r=g","contentUrl":"https:\/\/secure.gravatar.com\/avatar\/a6fbe9bff57405baf4c1e2c5c1811e072b558253974a9f9508f4678900c97c2a?s=96&d=mm&r=g","caption":"Bianca"},"url":"https:\/\/www.institutodeengenharia.org.br\/site\/author\/comunicacao1\/"}]}},"_links":{"self":[{"href":"https:\/\/www.institutodeengenharia.org.br\/site\/wp-json\/wp\/v2\/posts\/56622","targetHints":{"allow":["GET"]}}],"collection":[{"href":"https:\/\/www.institutodeengenharia.org.br\/site\/wp-json\/wp\/v2\/posts"}],"about":[{"href":"https:\/\/www.institutodeengenharia.org.br\/site\/wp-json\/wp\/v2\/types\/post"}],"author":[{"embeddable":true,"href":"https:\/\/www.institutodeengenharia.org.br\/site\/wp-json\/wp\/v2\/users\/13"}],"replies":[{"embeddable":true,"href":"https:\/\/www.institutodeengenharia.org.br\/site\/wp-json\/wp\/v2\/comments?post=56622"}],"version-history":[{"count":1,"href":"https:\/\/www.institutodeengenharia.org.br\/site\/wp-json\/wp\/v2\/posts\/56622\/revisions"}],"predecessor-version":[{"id":56624,"href":"https:\/\/www.institutodeengenharia.org.br\/site\/wp-json\/wp\/v2\/posts\/56622\/revisions\/56624"}],"wp:featuredmedia":[{"embeddable":true,"href":"https:\/\/www.institutodeengenharia.org.br\/site\/wp-json\/wp\/v2\/media\/56623"}],"wp:attachment":[{"href":"https:\/\/www.institutodeengenharia.org.br\/site\/wp-json\/wp\/v2\/media?parent=56622"}],"wp:term":[{"taxonomy":"category","embeddable":true,"href":"https:\/\/www.institutodeengenharia.org.br\/site\/wp-json\/wp\/v2\/categories?post=56622"},{"taxonomy":"post_tag","embeddable":true,"href":"https:\/\/www.institutodeengenharia.org.br\/site\/wp-json\/wp\/v2\/tags?post=56622"}],"curies":[{"name":"wp","href":"https:\/\/api.w.org\/{rel}","templated":true}]}}