{"id":44030,"date":"2019-09-12T15:11:14","date_gmt":"2019-09-12T18:11:14","guid":{"rendered":"https:\/\/www.institutodeengenharia.org.br\/site\/?p=44030"},"modified":"2019-11-04T15:34:19","modified_gmt":"2019-11-04T17:34:19","slug":"dia-da-mentoria-palestra-empreendedorismo","status":"publish","type":"post","link":"https:\/\/www.institutodeengenharia.org.br\/site\/2019\/09\/12\/dia-da-mentoria-palestra-empreendedorismo\/","title":{"rendered":"Dia de Mentoria \u2013 Empreendedorismo"},"content":{"rendered":"<p><iframe loading=\"lazy\" src=\"https:\/\/player.vimeo.com\/video\/360857191\" width=\"640\" height=\"360\" frameborder=\"0\" allowfullscreen=\"allowfullscreen\"><\/iframe><\/p>\n<h3><\/h3>\n<p><strong>Mentor:<\/strong><\/p>\n<p><img loading=\"lazy\" decoding=\"async\" class=\"wp-image-43318 alignleft td-animation-stack-type0-2\" src=\"https:\/\/www.institutodeengenharia.org.br\/site\/wp-content\/uploads\/2019\/07\/128x144xAngelo-Zanini.jpg.pagespeed.ic.FguOdnRJ1Y.webp\" alt=\"\" width=\"128\" height=\"144\" data-pagespeed-url-hash=\"2616871130\" \/><strong>Angelo Zanini<\/strong>\u00a0\u00e9 doutor e mestre em Engenharia e Computa\u00e7\u00e3o (ITA) e graduado em Engenharia El\u00e9trica, pela Escola de Engenharia Mau\u00e1. Mais de 50 cursos de extens\u00e3o, aperfei\u00e7oamento, congressos e semin\u00e1rios nas \u00e1reas de Tecnologia, Marketing e de Gest\u00e3o. Como empreendedor, fundou e administrou duas empresas de inova\u00e7\u00e3o tecnol\u00f3gica.\u00a0S\u00f3lida experi\u00eancia como gestor acad\u00eamico no planejamento, implanta\u00e7\u00e3o e gest\u00e3o Universit\u00e1ria em gradua\u00e7\u00e3o\u00a0e p\u00f3s-gradua\u00e7\u00e3o, como diretor da Faculdade de Tecnologia e Ci\u00eancias Exatas da Universidade S\u00e3o Judas Tadeu (por 10 anos) e v\u00e1rias coordena\u00e7\u00f5es de cursos, com<br \/>\nparticipa\u00e7\u00e3o ativa na conquista dos \u00f3timos indicadores de qualidade (ENADE-CPC-IGC) e na expans\u00e3o significativa do n\u00famero de alunos da Universidade. Foi professor-Titular da Universidade S\u00e3o Judas Tadeu (por 32 anos),professor convidado do programa de p\u00f3s-gradua\u00e7\u00e3o stricto sensu do ITA (por 20 anos). \u00c9 professor associado no Instituto Mau\u00e1 de Tecnologia, coordenador do N\u00facleo de Empreendedorismo do Centro Universit\u00e1rio do Instituto Mau\u00e1 de Tecnologia, conselheiro do Conselho Deliberativo e diretor para assuntos acad\u00eamicos do Instituto de Engenharia, de onde articula com as escolas de Engenharia temas de qualidade, novas metodologias e efici\u00eancia<br \/>\nem educa\u00e7\u00e3o. Foi conselheiro do CREA-SP por dois mandatos. Nomeado pelo Governo Federal para a Comiss\u00e3o de Especialistas MEC\/INEP para o curso de Eng. de Computa\u00e7\u00e3o \u2013 ENADE 2017. Consultor em IoT, Seguran\u00e7a da Informa\u00e7\u00e3o e Sistema Inteligentes.<\/p>\n","protected":false},"excerpt":{"rendered":"<p>Mentor: Angelo Zanini\u00a0\u00e9 doutor e mestre em Engenharia e Computa\u00e7\u00e3o (ITA) e graduado em Engenharia El\u00e9trica, pela Escola de Engenharia Mau\u00e1. Mais de 50 cursos de extens\u00e3o, aperfei\u00e7oamento, congressos e semin\u00e1rios nas \u00e1reas de Tecnologia, Marketing e de Gest\u00e3o. Como empreendedor, fundou e administrou duas empresas de inova\u00e7\u00e3o tecnol\u00f3gica.\u00a0S\u00f3lida experi\u00eancia como gestor acad\u00eamico no planejamento, [&hellip;]<\/p>\n","protected":false},"author":13,"featured_media":56812,"comment_status":"open","ping_status":"open","sticky":false,"template":"","format":"standard","meta":{"footnotes":""},"categories":[968,969],"tags":[],"class_list":{"0":"post-44030","1":"post","2":"type-post","3":"status-publish","4":"format-standard","5":"has-post-thumbnail","7":"category-nova-tv-engenharia","8":"category-palestra"},"yoast_head":"<!-- This site is optimized with the Yoast SEO plugin v27.2 - https:\/\/yoast.com\/product\/yoast-seo-wordpress\/ -->\n<title>Dia de Mentoria \u2013 Empreendedorismo - Instituto de Engenharia<\/title>\n<meta name=\"robots\" content=\"index, follow, max-snippet:-1, max-image-preview:large, max-video-preview:-1\" \/>\n<link rel=\"canonical\" href=\"https:\/\/www.institutodeengenharia.org.br\/site\/2019\/09\/12\/dia-da-mentoria-palestra-empreendedorismo\/\" \/>\n<meta property=\"og:locale\" content=\"pt_BR\" \/>\n<meta property=\"og:type\" content=\"article\" \/>\n<meta property=\"og:title\" content=\"Dia de Mentoria \u2013 Empreendedorismo - Instituto de Engenharia\" \/>\n<meta property=\"og:description\" content=\"Mentor: Angelo Zanini\u00a0\u00e9 doutor e mestre em Engenharia e Computa\u00e7\u00e3o (ITA) e graduado em Engenharia El\u00e9trica, pela Escola de Engenharia Mau\u00e1. Mais de 50 cursos de extens\u00e3o, aperfei\u00e7oamento, congressos e semin\u00e1rios nas \u00e1reas de Tecnologia, Marketing e de Gest\u00e3o. Como empreendedor, fundou e administrou duas empresas de inova\u00e7\u00e3o tecnol\u00f3gica.\u00a0S\u00f3lida experi\u00eancia como gestor acad\u00eamico no planejamento, [&hellip;]\" \/>\n<meta property=\"og:url\" content=\"https:\/\/www.institutodeengenharia.org.br\/site\/2019\/09\/12\/dia-da-mentoria-palestra-empreendedorismo\/\" \/>\n<meta property=\"og:site_name\" content=\"Instituto de Engenharia\" \/>\n<meta property=\"article:publisher\" content=\"https:\/\/www.facebook.com\/institutodeengenharia\" \/>\n<meta property=\"article:published_time\" content=\"2019-09-12T18:11:14+00:00\" \/>\n<meta property=\"article:modified_time\" content=\"2019-11-04T17:34:19+00:00\" \/>\n<meta property=\"og:image\" content=\"https:\/\/www.institutodeengenharia.org.br\/site\/wp-content\/uploads\/2019\/11\/onlineterpercaya.com_Tips-Jitu-Cara-Usaha-Online-1.jpg\" \/>\n\t<meta property=\"og:image:width\" content=\"1000\" \/>\n\t<meta property=\"og:image:height\" content=\"800\" \/>\n\t<meta property=\"og:image:type\" content=\"image\/jpeg\" \/>\n<meta name=\"author\" content=\"Bianca\" \/>\n<meta name=\"twitter:card\" content=\"summary_large_image\" \/>\n<meta name=\"twitter:creator\" content=\"@iengenharia\" \/>\n<meta name=\"twitter:site\" content=\"@iengenharia\" \/>\n<meta name=\"twitter:label1\" content=\"Escrito por\" \/>\n\t<meta name=\"twitter:data1\" content=\"Bianca\" \/>\n\t<meta name=\"twitter:label2\" content=\"Est. tempo de leitura\" \/>\n\t<meta name=\"twitter:data2\" content=\"1 minuto\" \/>\n<script type=\"application\/ld+json\" class=\"yoast-schema-graph\">{\"@context\":\"https:\/\/schema.org\",\"@graph\":[{\"@type\":\"Article\",\"@id\":\"https:\/\/www.institutodeengenharia.org.br\/site\/2019\/09\/12\/dia-da-mentoria-palestra-empreendedorismo\/#article\",\"isPartOf\":{\"@id\":\"https:\/\/www.institutodeengenharia.org.br\/site\/2019\/09\/12\/dia-da-mentoria-palestra-empreendedorismo\/\"},\"author\":{\"name\":\"Bianca\",\"@id\":\"https:\/\/www.institutodeengenharia.org.br\/site\/#\/schema\/person\/aeb64951c405e100d26d30b033dd423f\"},\"headline\":\"Dia de Mentoria \u2013 Empreendedorismo\",\"datePublished\":\"2019-09-12T18:11:14+00:00\",\"dateModified\":\"2019-11-04T17:34:19+00:00\",\"mainEntityOfPage\":{\"@id\":\"https:\/\/www.institutodeengenharia.org.br\/site\/2019\/09\/12\/dia-da-mentoria-palestra-empreendedorismo\/\"},\"wordCount\":251,\"commentCount\":0,\"publisher\":{\"@id\":\"https:\/\/www.institutodeengenharia.org.br\/site\/#organization\"},\"image\":{\"@id\":\"https:\/\/www.institutodeengenharia.org.br\/site\/2019\/09\/12\/dia-da-mentoria-palestra-empreendedorismo\/#primaryimage\"},\"thumbnailUrl\":\"https:\/\/www.institutodeengenharia.org.br\/site\/wp-content\/uploads\/2019\/11\/onlineterpercaya.com_Tips-Jitu-Cara-Usaha-Online-1.jpg\",\"articleSection\":[\"Nova TV Engenharia\",\"Palestra\"],\"inLanguage\":\"pt-BR\",\"potentialAction\":[{\"@type\":\"CommentAction\",\"name\":\"Comment\",\"target\":[\"https:\/\/www.institutodeengenharia.org.br\/site\/2019\/09\/12\/dia-da-mentoria-palestra-empreendedorismo\/#respond\"]}]},{\"@type\":\"WebPage\",\"@id\":\"https:\/\/www.institutodeengenharia.org.br\/site\/2019\/09\/12\/dia-da-mentoria-palestra-empreendedorismo\/\",\"url\":\"https:\/\/www.institutodeengenharia.org.br\/site\/2019\/09\/12\/dia-da-mentoria-palestra-empreendedorismo\/\",\"name\":\"Dia de Mentoria \u2013 Empreendedorismo - Instituto de Engenharia\",\"isPartOf\":{\"@id\":\"https:\/\/www.institutodeengenharia.org.br\/site\/#website\"},\"primaryImageOfPage\":{\"@id\":\"https:\/\/www.institutodeengenharia.org.br\/site\/2019\/09\/12\/dia-da-mentoria-palestra-empreendedorismo\/#primaryimage\"},\"image\":{\"@id\":\"https:\/\/www.institutodeengenharia.org.br\/site\/2019\/09\/12\/dia-da-mentoria-palestra-empreendedorismo\/#primaryimage\"},\"thumbnailUrl\":\"https:\/\/www.institutodeengenharia.org.br\/site\/wp-content\/uploads\/2019\/11\/onlineterpercaya.com_Tips-Jitu-Cara-Usaha-Online-1.jpg\",\"datePublished\":\"2019-09-12T18:11:14+00:00\",\"dateModified\":\"2019-11-04T17:34:19+00:00\",\"breadcrumb\":{\"@id\":\"https:\/\/www.institutodeengenharia.org.br\/site\/2019\/09\/12\/dia-da-mentoria-palestra-empreendedorismo\/#breadcrumb\"},\"inLanguage\":\"pt-BR\",\"potentialAction\":[{\"@type\":\"ReadAction\",\"target\":[\"https:\/\/www.institutodeengenharia.org.br\/site\/2019\/09\/12\/dia-da-mentoria-palestra-empreendedorismo\/\"]}]},{\"@type\":\"ImageObject\",\"inLanguage\":\"pt-BR\",\"@id\":\"https:\/\/www.institutodeengenharia.org.br\/site\/2019\/09\/12\/dia-da-mentoria-palestra-empreendedorismo\/#primaryimage\",\"url\":\"https:\/\/www.institutodeengenharia.org.br\/site\/wp-content\/uploads\/2019\/11\/onlineterpercaya.com_Tips-Jitu-Cara-Usaha-Online-1.jpg\",\"contentUrl\":\"https:\/\/www.institutodeengenharia.org.br\/site\/wp-content\/uploads\/2019\/11\/onlineterpercaya.com_Tips-Jitu-Cara-Usaha-Online-1.jpg\",\"width\":1000,\"height\":800},{\"@type\":\"BreadcrumbList\",\"@id\":\"https:\/\/www.institutodeengenharia.org.br\/site\/2019\/09\/12\/dia-da-mentoria-palestra-empreendedorismo\/#breadcrumb\",\"itemListElement\":[{\"@type\":\"ListItem\",\"position\":1,\"name\":\"In\u00edcio\",\"item\":\"https:\/\/www.institutodeengenharia.org.br\/site\/\"},{\"@type\":\"ListItem\",\"position\":2,\"name\":\"Dia de Mentoria \u2013 Empreendedorismo\"}]},{\"@type\":\"WebSite\",\"@id\":\"https:\/\/www.institutodeengenharia.org.br\/site\/#website\",\"url\":\"https:\/\/www.institutodeengenharia.org.br\/site\/\",\"name\":\"Instituto de Engenharia\",\"description\":\"O Instituto de Engenharia promove a Engenharia em benef\u00edcio do desenvolvimento e da qualidade de vida da sociedade.\",\"publisher\":{\"@id\":\"https:\/\/www.institutodeengenharia.org.br\/site\/#organization\"},\"potentialAction\":[{\"@type\":\"SearchAction\",\"target\":{\"@type\":\"EntryPoint\",\"urlTemplate\":\"https:\/\/www.institutodeengenharia.org.br\/site\/?s={search_term_string}\"},\"query-input\":{\"@type\":\"PropertyValueSpecification\",\"valueRequired\":true,\"valueName\":\"search_term_string\"}}],\"inLanguage\":\"pt-BR\"},{\"@type\":\"Organization\",\"@id\":\"https:\/\/www.institutodeengenharia.org.br\/site\/#organization\",\"name\":\"Instituto de Engenharia\",\"url\":\"https:\/\/www.institutodeengenharia.org.br\/site\/\",\"logo\":{\"@type\":\"ImageObject\",\"inLanguage\":\"pt-BR\",\"@id\":\"https:\/\/www.institutodeengenharia.org.br\/site\/#\/schema\/logo\/image\/\",\"url\":\"https:\/\/www.institutodeengenharia.org.br\/site\/wp-content\/uploads\/2019\/03\/logo-novo-IE2018-1.jpg\",\"contentUrl\":\"https:\/\/www.institutodeengenharia.org.br\/site\/wp-content\/uploads\/2019\/03\/logo-novo-IE2018-1.jpg\",\"width\":1486,\"height\":1879,\"caption\":\"Instituto de Engenharia\"},\"image\":{\"@id\":\"https:\/\/www.institutodeengenharia.org.br\/site\/#\/schema\/logo\/image\/\"},\"sameAs\":[\"https:\/\/www.facebook.com\/institutodeengenharia\",\"https:\/\/x.com\/iengenharia\",\"https:\/\/www.instagram.com\/institutodeengenharia\/\",\"https:\/\/www.linkedin.com\/company\/instituto-de-engenharia\/\",\"https:\/\/www.youtube.com\/channel\/UCXiCAlsSMe977vamW915HxA\"]},{\"@type\":\"Person\",\"@id\":\"https:\/\/www.institutodeengenharia.org.br\/site\/#\/schema\/person\/aeb64951c405e100d26d30b033dd423f\",\"name\":\"Bianca\",\"image\":{\"@type\":\"ImageObject\",\"inLanguage\":\"pt-BR\",\"@id\":\"https:\/\/secure.gravatar.com\/avatar\/a6fbe9bff57405baf4c1e2c5c1811e072b558253974a9f9508f4678900c97c2a?s=96&d=mm&r=g\",\"url\":\"https:\/\/secure.gravatar.com\/avatar\/a6fbe9bff57405baf4c1e2c5c1811e072b558253974a9f9508f4678900c97c2a?s=96&d=mm&r=g\",\"contentUrl\":\"https:\/\/secure.gravatar.com\/avatar\/a6fbe9bff57405baf4c1e2c5c1811e072b558253974a9f9508f4678900c97c2a?s=96&d=mm&r=g\",\"caption\":\"Bianca\"},\"url\":\"https:\/\/www.institutodeengenharia.org.br\/site\/author\/comunicacao1\/\"}]}<\/script>\n<!-- \/ Yoast SEO plugin. -->","yoast_head_json":{"title":"Dia de Mentoria \u2013 Empreendedorismo - Instituto de Engenharia","robots":{"index":"index","follow":"follow","max-snippet":"max-snippet:-1","max-image-preview":"max-image-preview:large","max-video-preview":"max-video-preview:-1"},"canonical":"https:\/\/www.institutodeengenharia.org.br\/site\/2019\/09\/12\/dia-da-mentoria-palestra-empreendedorismo\/","og_locale":"pt_BR","og_type":"article","og_title":"Dia de Mentoria \u2013 Empreendedorismo - Instituto de Engenharia","og_description":"Mentor: Angelo Zanini\u00a0\u00e9 doutor e mestre em Engenharia e Computa\u00e7\u00e3o (ITA) e graduado em Engenharia El\u00e9trica, pela Escola de Engenharia Mau\u00e1. Mais de 50 cursos de extens\u00e3o, aperfei\u00e7oamento, congressos e semin\u00e1rios nas \u00e1reas de Tecnologia, Marketing e de Gest\u00e3o. Como empreendedor, fundou e administrou duas empresas de inova\u00e7\u00e3o tecnol\u00f3gica.\u00a0S\u00f3lida experi\u00eancia como gestor acad\u00eamico no planejamento, [&hellip;]","og_url":"https:\/\/www.institutodeengenharia.org.br\/site\/2019\/09\/12\/dia-da-mentoria-palestra-empreendedorismo\/","og_site_name":"Instituto de Engenharia","article_publisher":"https:\/\/www.facebook.com\/institutodeengenharia","article_published_time":"2019-09-12T18:11:14+00:00","article_modified_time":"2019-11-04T17:34:19+00:00","og_image":[{"width":1000,"height":800,"url":"https:\/\/www.institutodeengenharia.org.br\/site\/wp-content\/uploads\/2019\/11\/onlineterpercaya.com_Tips-Jitu-Cara-Usaha-Online-1.jpg","type":"image\/jpeg"}],"author":"Bianca","twitter_card":"summary_large_image","twitter_creator":"@iengenharia","twitter_site":"@iengenharia","twitter_misc":{"Escrito por":"Bianca","Est. tempo de leitura":"1 minuto"},"schema":{"@context":"https:\/\/schema.org","@graph":[{"@type":"Article","@id":"https:\/\/www.institutodeengenharia.org.br\/site\/2019\/09\/12\/dia-da-mentoria-palestra-empreendedorismo\/#article","isPartOf":{"@id":"https:\/\/www.institutodeengenharia.org.br\/site\/2019\/09\/12\/dia-da-mentoria-palestra-empreendedorismo\/"},"author":{"name":"Bianca","@id":"https:\/\/www.institutodeengenharia.org.br\/site\/#\/schema\/person\/aeb64951c405e100d26d30b033dd423f"},"headline":"Dia de Mentoria \u2013 Empreendedorismo","datePublished":"2019-09-12T18:11:14+00:00","dateModified":"2019-11-04T17:34:19+00:00","mainEntityOfPage":{"@id":"https:\/\/www.institutodeengenharia.org.br\/site\/2019\/09\/12\/dia-da-mentoria-palestra-empreendedorismo\/"},"wordCount":251,"commentCount":0,"publisher":{"@id":"https:\/\/www.institutodeengenharia.org.br\/site\/#organization"},"image":{"@id":"https:\/\/www.institutodeengenharia.org.br\/site\/2019\/09\/12\/dia-da-mentoria-palestra-empreendedorismo\/#primaryimage"},"thumbnailUrl":"https:\/\/www.institutodeengenharia.org.br\/site\/wp-content\/uploads\/2019\/11\/onlineterpercaya.com_Tips-Jitu-Cara-Usaha-Online-1.jpg","articleSection":["Nova TV Engenharia","Palestra"],"inLanguage":"pt-BR","potentialAction":[{"@type":"CommentAction","name":"Comment","target":["https:\/\/www.institutodeengenharia.org.br\/site\/2019\/09\/12\/dia-da-mentoria-palestra-empreendedorismo\/#respond"]}]},{"@type":"WebPage","@id":"https:\/\/www.institutodeengenharia.org.br\/site\/2019\/09\/12\/dia-da-mentoria-palestra-empreendedorismo\/","url":"https:\/\/www.institutodeengenharia.org.br\/site\/2019\/09\/12\/dia-da-mentoria-palestra-empreendedorismo\/","name":"Dia de Mentoria \u2013 Empreendedorismo - Instituto de Engenharia","isPartOf":{"@id":"https:\/\/www.institutodeengenharia.org.br\/site\/#website"},"primaryImageOfPage":{"@id":"https:\/\/www.institutodeengenharia.org.br\/site\/2019\/09\/12\/dia-da-mentoria-palestra-empreendedorismo\/#primaryimage"},"image":{"@id":"https:\/\/www.institutodeengenharia.org.br\/site\/2019\/09\/12\/dia-da-mentoria-palestra-empreendedorismo\/#primaryimage"},"thumbnailUrl":"https:\/\/www.institutodeengenharia.org.br\/site\/wp-content\/uploads\/2019\/11\/onlineterpercaya.com_Tips-Jitu-Cara-Usaha-Online-1.jpg","datePublished":"2019-09-12T18:11:14+00:00","dateModified":"2019-11-04T17:34:19+00:00","breadcrumb":{"@id":"https:\/\/www.institutodeengenharia.org.br\/site\/2019\/09\/12\/dia-da-mentoria-palestra-empreendedorismo\/#breadcrumb"},"inLanguage":"pt-BR","potentialAction":[{"@type":"ReadAction","target":["https:\/\/www.institutodeengenharia.org.br\/site\/2019\/09\/12\/dia-da-mentoria-palestra-empreendedorismo\/"]}]},{"@type":"ImageObject","inLanguage":"pt-BR","@id":"https:\/\/www.institutodeengenharia.org.br\/site\/2019\/09\/12\/dia-da-mentoria-palestra-empreendedorismo\/#primaryimage","url":"https:\/\/www.institutodeengenharia.org.br\/site\/wp-content\/uploads\/2019\/11\/onlineterpercaya.com_Tips-Jitu-Cara-Usaha-Online-1.jpg","contentUrl":"https:\/\/www.institutodeengenharia.org.br\/site\/wp-content\/uploads\/2019\/11\/onlineterpercaya.com_Tips-Jitu-Cara-Usaha-Online-1.jpg","width":1000,"height":800},{"@type":"BreadcrumbList","@id":"https:\/\/www.institutodeengenharia.org.br\/site\/2019\/09\/12\/dia-da-mentoria-palestra-empreendedorismo\/#breadcrumb","itemListElement":[{"@type":"ListItem","position":1,"name":"In\u00edcio","item":"https:\/\/www.institutodeengenharia.org.br\/site\/"},{"@type":"ListItem","position":2,"name":"Dia de Mentoria \u2013 Empreendedorismo"}]},{"@type":"WebSite","@id":"https:\/\/www.institutodeengenharia.org.br\/site\/#website","url":"https:\/\/www.institutodeengenharia.org.br\/site\/","name":"Instituto de Engenharia","description":"O Instituto de Engenharia promove a Engenharia em benef\u00edcio do desenvolvimento e da qualidade de vida da sociedade.","publisher":{"@id":"https:\/\/www.institutodeengenharia.org.br\/site\/#organization"},"potentialAction":[{"@type":"SearchAction","target":{"@type":"EntryPoint","urlTemplate":"https:\/\/www.institutodeengenharia.org.br\/site\/?s={search_term_string}"},"query-input":{"@type":"PropertyValueSpecification","valueRequired":true,"valueName":"search_term_string"}}],"inLanguage":"pt-BR"},{"@type":"Organization","@id":"https:\/\/www.institutodeengenharia.org.br\/site\/#organization","name":"Instituto de Engenharia","url":"https:\/\/www.institutodeengenharia.org.br\/site\/","logo":{"@type":"ImageObject","inLanguage":"pt-BR","@id":"https:\/\/www.institutodeengenharia.org.br\/site\/#\/schema\/logo\/image\/","url":"https:\/\/www.institutodeengenharia.org.br\/site\/wp-content\/uploads\/2019\/03\/logo-novo-IE2018-1.jpg","contentUrl":"https:\/\/www.institutodeengenharia.org.br\/site\/wp-content\/uploads\/2019\/03\/logo-novo-IE2018-1.jpg","width":1486,"height":1879,"caption":"Instituto de Engenharia"},"image":{"@id":"https:\/\/www.institutodeengenharia.org.br\/site\/#\/schema\/logo\/image\/"},"sameAs":["https:\/\/www.facebook.com\/institutodeengenharia","https:\/\/x.com\/iengenharia","https:\/\/www.instagram.com\/institutodeengenharia\/","https:\/\/www.linkedin.com\/company\/instituto-de-engenharia\/","https:\/\/www.youtube.com\/channel\/UCXiCAlsSMe977vamW915HxA"]},{"@type":"Person","@id":"https:\/\/www.institutodeengenharia.org.br\/site\/#\/schema\/person\/aeb64951c405e100d26d30b033dd423f","name":"Bianca","image":{"@type":"ImageObject","inLanguage":"pt-BR","@id":"https:\/\/secure.gravatar.com\/avatar\/a6fbe9bff57405baf4c1e2c5c1811e072b558253974a9f9508f4678900c97c2a?s=96&d=mm&r=g","url":"https:\/\/secure.gravatar.com\/avatar\/a6fbe9bff57405baf4c1e2c5c1811e072b558253974a9f9508f4678900c97c2a?s=96&d=mm&r=g","contentUrl":"https:\/\/secure.gravatar.com\/avatar\/a6fbe9bff57405baf4c1e2c5c1811e072b558253974a9f9508f4678900c97c2a?s=96&d=mm&r=g","caption":"Bianca"},"url":"https:\/\/www.institutodeengenharia.org.br\/site\/author\/comunicacao1\/"}]}},"_links":{"self":[{"href":"https:\/\/www.institutodeengenharia.org.br\/site\/wp-json\/wp\/v2\/posts\/44030","targetHints":{"allow":["GET"]}}],"collection":[{"href":"https:\/\/www.institutodeengenharia.org.br\/site\/wp-json\/wp\/v2\/posts"}],"about":[{"href":"https:\/\/www.institutodeengenharia.org.br\/site\/wp-json\/wp\/v2\/types\/post"}],"author":[{"embeddable":true,"href":"https:\/\/www.institutodeengenharia.org.br\/site\/wp-json\/wp\/v2\/users\/13"}],"replies":[{"embeddable":true,"href":"https:\/\/www.institutodeengenharia.org.br\/site\/wp-json\/wp\/v2\/comments?post=44030"}],"version-history":[{"count":3,"href":"https:\/\/www.institutodeengenharia.org.br\/site\/wp-json\/wp\/v2\/posts\/44030\/revisions"}],"predecessor-version":[{"id":56818,"href":"https:\/\/www.institutodeengenharia.org.br\/site\/wp-json\/wp\/v2\/posts\/44030\/revisions\/56818"}],"wp:featuredmedia":[{"embeddable":true,"href":"https:\/\/www.institutodeengenharia.org.br\/site\/wp-json\/wp\/v2\/media\/56812"}],"wp:attachment":[{"href":"https:\/\/www.institutodeengenharia.org.br\/site\/wp-json\/wp\/v2\/media?parent=44030"}],"wp:term":[{"taxonomy":"category","embeddable":true,"href":"https:\/\/www.institutodeengenharia.org.br\/site\/wp-json\/wp\/v2\/categories?post=44030"},{"taxonomy":"post_tag","embeddable":true,"href":"https:\/\/www.institutodeengenharia.org.br\/site\/wp-json\/wp\/v2\/tags?post=44030"}],"curies":[{"name":"wp","href":"https:\/\/api.w.org\/{rel}","templated":true}]}}