{"id":43976,"date":"2019-08-27T23:04:24","date_gmt":"2019-08-28T02:04:24","guid":{"rendered":"https:\/\/www.institutodeengenharia.org.br\/site\/?p=43976"},"modified":"2019-09-12T23:06:03","modified_gmt":"2019-09-13T02:06:03","slug":"grupo-mulheres-ie-apresenta-palestra-no-ifsp","status":"publish","type":"post","link":"https:\/\/www.institutodeengenharia.org.br\/site\/2019\/08\/27\/grupo-mulheres-ie-apresenta-palestra-no-ifsp\/","title":{"rendered":"Grupo Mulheres IE apresenta palestra no IFSP"},"content":{"rendered":"<p>Nesta quarta-feira (11), o Grupo Mulheres Instituto de Engenharia esteve presente na II Semana de Engenharia Civil do IFSP apresentando a palestra \u201cMulheres na Engenharia\u201d.<\/p>\n<p>Nossas representantes, Flavia Bartkevicius Cruz (Coordenadora do Grupo Mulheres) e J\u00e9ssica Andrade Dantas (homenageada do futuro do evento Passado, Presente e Futuro da Engenharia ocorrido em mar\u00e7o de 2019) foram recebidas pelos Coordenadores da Semana, Leonardo e Esthefany.<\/p>\n<figure id=\"attachment_43981\" aria-describedby=\"caption-attachment-43981\" style=\"width: 397px\" class=\"wp-caption aligncenter\"><img loading=\"lazy\" decoding=\"async\" class=\" wp-image-43981\" src=\"https:\/\/www.institutodeengenharia.org.br\/site\/wp-content\/uploads\/2019\/09\/Mulheres-IE.jpg\" alt=\"\" width=\"397\" height=\"263\" srcset=\"https:\/\/www.institutodeengenharia.org.br\/site\/wp-content\/uploads\/2019\/09\/Mulheres-IE.jpg 564w, https:\/\/www.institutodeengenharia.org.br\/site\/wp-content\/uploads\/2019\/09\/Mulheres-IE-300x199.jpg 300w\" sizes=\"auto, (max-width: 397px) 100vw, 397px\" \/><figcaption id=\"caption-attachment-43981\" class=\"wp-caption-text\">Foto: Esthefany Leone de Barros<\/figcaption><\/figure>\n<figure id=\"attachment_43978\" aria-describedby=\"caption-attachment-43978\" style=\"width: 403px\" class=\"wp-caption aligncenter\"><img loading=\"lazy\" decoding=\"async\" class=\"wp-image-43978\" src=\"https:\/\/www.institutodeengenharia.org.br\/site\/wp-content\/uploads\/2019\/09\/Mulheres-IE-2.jpg\" alt=\"\" width=\"403\" height=\"268\" srcset=\"https:\/\/www.institutodeengenharia.org.br\/site\/wp-content\/uploads\/2019\/09\/Mulheres-IE-2.jpg 564w, https:\/\/www.institutodeengenharia.org.br\/site\/wp-content\/uploads\/2019\/09\/Mulheres-IE-2-300x199.jpg 300w\" sizes=\"auto, (max-width: 403px) 100vw, 403px\" \/><figcaption id=\"caption-attachment-43978\" class=\"wp-caption-text\">Foto: Esthefany Leone de Barros<\/figcaption><\/figure>\n<p>A plateia contou com estudantes e professores do curso de engenharia, estudantes do curso t\u00e9cnico e estudantes do ensino m\u00e9dio.<\/p>\n<p>A palestra abordou a hist\u00f3ria da Engenharia e o papel que algumas mulheres tiveram nesse desenvolvimento e passou-se \u00e0 discuss\u00e3o sobre o papel da mulher na engenharia e a percep\u00e7\u00e3o e rela\u00e7\u00f5es no ambiente de trabalho.<\/p>\n<figure id=\"attachment_43979\" aria-describedby=\"caption-attachment-43979\" style=\"width: 623px\" class=\"wp-caption aligncenter\"><img loading=\"lazy\" decoding=\"async\" class=\" wp-image-43979\" src=\"https:\/\/www.institutodeengenharia.org.br\/site\/wp-content\/uploads\/2019\/09\/Mulheres-IE-4.jpg\" alt=\"\" width=\"623\" height=\"415\" srcset=\"https:\/\/www.institutodeengenharia.org.br\/site\/wp-content\/uploads\/2019\/09\/Mulheres-IE-4.jpg 565w, https:\/\/www.institutodeengenharia.org.br\/site\/wp-content\/uploads\/2019\/09\/Mulheres-IE-4-300x200.jpg 300w\" sizes=\"auto, (max-width: 623px) 100vw, 623px\" \/><figcaption id=\"caption-attachment-43979\" class=\"wp-caption-text\">Foto: Esthefany Leone de Barros<\/figcaption><\/figure>\n","protected":false},"excerpt":{"rendered":"<p>Nesta quarta-feira (11), o Grupo Mulheres Instituto de Engenharia esteve presente na II Semana de Engenharia Civil do IFSP apresentando a palestra \u201cMulheres na Engenharia\u201d. Nossas representantes, Flavia Bartkevicius Cruz (Coordenadora do Grupo Mulheres) e J\u00e9ssica Andrade Dantas (homenageada do futuro do evento Passado, Presente e Futuro da Engenharia ocorrido em mar\u00e7o de 2019) foram [&hellip;]<\/p>\n","protected":false},"author":13,"featured_media":43980,"comment_status":"open","ping_status":"open","sticky":false,"template":"","format":"standard","meta":{"footnotes":""},"categories":[27,936],"tags":[201],"class_list":{"0":"post-43976","1":"post","2":"type-post","3":"status-publish","4":"format-standard","5":"has-post-thumbnail","7":"category-instituto-de-engenharia","8":"category-mulher","9":"tag-destaque-topo"},"yoast_head":"<!-- This site is optimized with the Yoast SEO plugin v27.2 - https:\/\/yoast.com\/product\/yoast-seo-wordpress\/ -->\n<title>Grupo Mulheres IE apresenta palestra no IFSP - Instituto de Engenharia<\/title>\n<meta name=\"robots\" content=\"index, follow, max-snippet:-1, max-image-preview:large, max-video-preview:-1\" \/>\n<link rel=\"canonical\" href=\"https:\/\/www.institutodeengenharia.org.br\/site\/2019\/08\/27\/grupo-mulheres-ie-apresenta-palestra-no-ifsp\/\" \/>\n<meta property=\"og:locale\" content=\"pt_BR\" \/>\n<meta property=\"og:type\" content=\"article\" \/>\n<meta property=\"og:title\" content=\"Grupo Mulheres IE apresenta palestra no IFSP - Instituto de Engenharia\" \/>\n<meta property=\"og:description\" content=\"Nesta quarta-feira (11), o Grupo Mulheres Instituto de Engenharia esteve presente na II Semana de Engenharia Civil do IFSP apresentando a palestra \u201cMulheres na Engenharia\u201d. Nossas representantes, Flavia Bartkevicius Cruz (Coordenadora do Grupo Mulheres) e J\u00e9ssica Andrade Dantas (homenageada do futuro do evento Passado, Presente e Futuro da Engenharia ocorrido em mar\u00e7o de 2019) foram [&hellip;]\" \/>\n<meta property=\"og:url\" content=\"https:\/\/www.institutodeengenharia.org.br\/site\/2019\/08\/27\/grupo-mulheres-ie-apresenta-palestra-no-ifsp\/\" \/>\n<meta property=\"og:site_name\" content=\"Instituto de Engenharia\" \/>\n<meta property=\"article:publisher\" content=\"https:\/\/www.facebook.com\/institutodeengenharia\" \/>\n<meta property=\"article:published_time\" content=\"2019-08-28T02:04:24+00:00\" \/>\n<meta property=\"article:modified_time\" content=\"2019-09-13T02:06:03+00:00\" \/>\n<meta property=\"og:image\" content=\"https:\/\/www.institutodeengenharia.org.br\/site\/wp-content\/uploads\/2019\/09\/Mulheres-IE-3.jpg\" \/>\n\t<meta property=\"og:image:width\" content=\"567\" \/>\n\t<meta property=\"og:image:height\" content=\"375\" \/>\n\t<meta property=\"og:image:type\" content=\"image\/jpeg\" \/>\n<meta name=\"author\" content=\"Bianca\" \/>\n<meta name=\"twitter:card\" content=\"summary_large_image\" \/>\n<meta name=\"twitter:creator\" content=\"@iengenharia\" \/>\n<meta name=\"twitter:site\" content=\"@iengenharia\" \/>\n<meta name=\"twitter:label1\" content=\"Escrito por\" \/>\n\t<meta name=\"twitter:data1\" content=\"Bianca\" \/>\n\t<meta name=\"twitter:label2\" content=\"Est. tempo de leitura\" \/>\n\t<meta name=\"twitter:data2\" content=\"1 minuto\" \/>\n<script type=\"application\/ld+json\" class=\"yoast-schema-graph\">{\"@context\":\"https:\/\/schema.org\",\"@graph\":[{\"@type\":\"Article\",\"@id\":\"https:\/\/www.institutodeengenharia.org.br\/site\/2019\/08\/27\/grupo-mulheres-ie-apresenta-palestra-no-ifsp\/#article\",\"isPartOf\":{\"@id\":\"https:\/\/www.institutodeengenharia.org.br\/site\/2019\/08\/27\/grupo-mulheres-ie-apresenta-palestra-no-ifsp\/\"},\"author\":{\"name\":\"Bianca\",\"@id\":\"https:\/\/www.institutodeengenharia.org.br\/site\/#\/schema\/person\/aeb64951c405e100d26d30b033dd423f\"},\"headline\":\"Grupo Mulheres IE apresenta palestra no IFSP\",\"datePublished\":\"2019-08-28T02:04:24+00:00\",\"dateModified\":\"2019-09-13T02:06:03+00:00\",\"mainEntityOfPage\":{\"@id\":\"https:\/\/www.institutodeengenharia.org.br\/site\/2019\/08\/27\/grupo-mulheres-ie-apresenta-palestra-no-ifsp\/\"},\"wordCount\":167,\"commentCount\":0,\"publisher\":{\"@id\":\"https:\/\/www.institutodeengenharia.org.br\/site\/#organization\"},\"image\":{\"@id\":\"https:\/\/www.institutodeengenharia.org.br\/site\/2019\/08\/27\/grupo-mulheres-ie-apresenta-palestra-no-ifsp\/#primaryimage\"},\"thumbnailUrl\":\"https:\/\/www.institutodeengenharia.org.br\/site\/wp-content\/uploads\/2019\/09\/Mulheres-IE-3.jpg\",\"keywords\":[\"Destaque Topo\"],\"articleSection\":[\"Instituto de Engenharia\",\"Mulher\"],\"inLanguage\":\"pt-BR\",\"potentialAction\":[{\"@type\":\"CommentAction\",\"name\":\"Comment\",\"target\":[\"https:\/\/www.institutodeengenharia.org.br\/site\/2019\/08\/27\/grupo-mulheres-ie-apresenta-palestra-no-ifsp\/#respond\"]}]},{\"@type\":\"WebPage\",\"@id\":\"https:\/\/www.institutodeengenharia.org.br\/site\/2019\/08\/27\/grupo-mulheres-ie-apresenta-palestra-no-ifsp\/\",\"url\":\"https:\/\/www.institutodeengenharia.org.br\/site\/2019\/08\/27\/grupo-mulheres-ie-apresenta-palestra-no-ifsp\/\",\"name\":\"Grupo Mulheres IE apresenta palestra no IFSP - Instituto de Engenharia\",\"isPartOf\":{\"@id\":\"https:\/\/www.institutodeengenharia.org.br\/site\/#website\"},\"primaryImageOfPage\":{\"@id\":\"https:\/\/www.institutodeengenharia.org.br\/site\/2019\/08\/27\/grupo-mulheres-ie-apresenta-palestra-no-ifsp\/#primaryimage\"},\"image\":{\"@id\":\"https:\/\/www.institutodeengenharia.org.br\/site\/2019\/08\/27\/grupo-mulheres-ie-apresenta-palestra-no-ifsp\/#primaryimage\"},\"thumbnailUrl\":\"https:\/\/www.institutodeengenharia.org.br\/site\/wp-content\/uploads\/2019\/09\/Mulheres-IE-3.jpg\",\"datePublished\":\"2019-08-28T02:04:24+00:00\",\"dateModified\":\"2019-09-13T02:06:03+00:00\",\"breadcrumb\":{\"@id\":\"https:\/\/www.institutodeengenharia.org.br\/site\/2019\/08\/27\/grupo-mulheres-ie-apresenta-palestra-no-ifsp\/#breadcrumb\"},\"inLanguage\":\"pt-BR\",\"potentialAction\":[{\"@type\":\"ReadAction\",\"target\":[\"https:\/\/www.institutodeengenharia.org.br\/site\/2019\/08\/27\/grupo-mulheres-ie-apresenta-palestra-no-ifsp\/\"]}]},{\"@type\":\"ImageObject\",\"inLanguage\":\"pt-BR\",\"@id\":\"https:\/\/www.institutodeengenharia.org.br\/site\/2019\/08\/27\/grupo-mulheres-ie-apresenta-palestra-no-ifsp\/#primaryimage\",\"url\":\"https:\/\/www.institutodeengenharia.org.br\/site\/wp-content\/uploads\/2019\/09\/Mulheres-IE-3.jpg\",\"contentUrl\":\"https:\/\/www.institutodeengenharia.org.br\/site\/wp-content\/uploads\/2019\/09\/Mulheres-IE-3.jpg\",\"width\":567,\"height\":375,\"caption\":\"Foto: Esthefany Leone de Barros\"},{\"@type\":\"BreadcrumbList\",\"@id\":\"https:\/\/www.institutodeengenharia.org.br\/site\/2019\/08\/27\/grupo-mulheres-ie-apresenta-palestra-no-ifsp\/#breadcrumb\",\"itemListElement\":[{\"@type\":\"ListItem\",\"position\":1,\"name\":\"In\u00edcio\",\"item\":\"https:\/\/www.institutodeengenharia.org.br\/site\/\"},{\"@type\":\"ListItem\",\"position\":2,\"name\":\"Grupo Mulheres IE apresenta palestra no IFSP\"}]},{\"@type\":\"WebSite\",\"@id\":\"https:\/\/www.institutodeengenharia.org.br\/site\/#website\",\"url\":\"https:\/\/www.institutodeengenharia.org.br\/site\/\",\"name\":\"Instituto de Engenharia\",\"description\":\"O Instituto de Engenharia promove a Engenharia em benef\u00edcio do desenvolvimento e da qualidade de vida da sociedade.\",\"publisher\":{\"@id\":\"https:\/\/www.institutodeengenharia.org.br\/site\/#organization\"},\"potentialAction\":[{\"@type\":\"SearchAction\",\"target\":{\"@type\":\"EntryPoint\",\"urlTemplate\":\"https:\/\/www.institutodeengenharia.org.br\/site\/?s={search_term_string}\"},\"query-input\":{\"@type\":\"PropertyValueSpecification\",\"valueRequired\":true,\"valueName\":\"search_term_string\"}}],\"inLanguage\":\"pt-BR\"},{\"@type\":\"Organization\",\"@id\":\"https:\/\/www.institutodeengenharia.org.br\/site\/#organization\",\"name\":\"Instituto de Engenharia\",\"url\":\"https:\/\/www.institutodeengenharia.org.br\/site\/\",\"logo\":{\"@type\":\"ImageObject\",\"inLanguage\":\"pt-BR\",\"@id\":\"https:\/\/www.institutodeengenharia.org.br\/site\/#\/schema\/logo\/image\/\",\"url\":\"https:\/\/www.institutodeengenharia.org.br\/site\/wp-content\/uploads\/2019\/03\/logo-novo-IE2018-1.jpg\",\"contentUrl\":\"https:\/\/www.institutodeengenharia.org.br\/site\/wp-content\/uploads\/2019\/03\/logo-novo-IE2018-1.jpg\",\"width\":1486,\"height\":1879,\"caption\":\"Instituto de Engenharia\"},\"image\":{\"@id\":\"https:\/\/www.institutodeengenharia.org.br\/site\/#\/schema\/logo\/image\/\"},\"sameAs\":[\"https:\/\/www.facebook.com\/institutodeengenharia\",\"https:\/\/x.com\/iengenharia\",\"https:\/\/www.instagram.com\/institutodeengenharia\/\",\"https:\/\/www.linkedin.com\/company\/instituto-de-engenharia\/\",\"https:\/\/www.youtube.com\/channel\/UCXiCAlsSMe977vamW915HxA\"]},{\"@type\":\"Person\",\"@id\":\"https:\/\/www.institutodeengenharia.org.br\/site\/#\/schema\/person\/aeb64951c405e100d26d30b033dd423f\",\"name\":\"Bianca\",\"image\":{\"@type\":\"ImageObject\",\"inLanguage\":\"pt-BR\",\"@id\":\"https:\/\/secure.gravatar.com\/avatar\/a6fbe9bff57405baf4c1e2c5c1811e072b558253974a9f9508f4678900c97c2a?s=96&d=mm&r=g\",\"url\":\"https:\/\/secure.gravatar.com\/avatar\/a6fbe9bff57405baf4c1e2c5c1811e072b558253974a9f9508f4678900c97c2a?s=96&d=mm&r=g\",\"contentUrl\":\"https:\/\/secure.gravatar.com\/avatar\/a6fbe9bff57405baf4c1e2c5c1811e072b558253974a9f9508f4678900c97c2a?s=96&d=mm&r=g\",\"caption\":\"Bianca\"},\"url\":\"https:\/\/www.institutodeengenharia.org.br\/site\/author\/comunicacao1\/\"}]}<\/script>\n<!-- \/ Yoast SEO plugin. -->","yoast_head_json":{"title":"Grupo Mulheres IE apresenta palestra no IFSP - Instituto de Engenharia","robots":{"index":"index","follow":"follow","max-snippet":"max-snippet:-1","max-image-preview":"max-image-preview:large","max-video-preview":"max-video-preview:-1"},"canonical":"https:\/\/www.institutodeengenharia.org.br\/site\/2019\/08\/27\/grupo-mulheres-ie-apresenta-palestra-no-ifsp\/","og_locale":"pt_BR","og_type":"article","og_title":"Grupo Mulheres IE apresenta palestra no IFSP - Instituto de Engenharia","og_description":"Nesta quarta-feira (11), o Grupo Mulheres Instituto de Engenharia esteve presente na II Semana de Engenharia Civil do IFSP apresentando a palestra \u201cMulheres na Engenharia\u201d. Nossas representantes, Flavia Bartkevicius Cruz (Coordenadora do Grupo Mulheres) e J\u00e9ssica Andrade Dantas (homenageada do futuro do evento Passado, Presente e Futuro da Engenharia ocorrido em mar\u00e7o de 2019) foram [&hellip;]","og_url":"https:\/\/www.institutodeengenharia.org.br\/site\/2019\/08\/27\/grupo-mulheres-ie-apresenta-palestra-no-ifsp\/","og_site_name":"Instituto de Engenharia","article_publisher":"https:\/\/www.facebook.com\/institutodeengenharia","article_published_time":"2019-08-28T02:04:24+00:00","article_modified_time":"2019-09-13T02:06:03+00:00","og_image":[{"width":567,"height":375,"url":"https:\/\/www.institutodeengenharia.org.br\/site\/wp-content\/uploads\/2019\/09\/Mulheres-IE-3.jpg","type":"image\/jpeg"}],"author":"Bianca","twitter_card":"summary_large_image","twitter_creator":"@iengenharia","twitter_site":"@iengenharia","twitter_misc":{"Escrito por":"Bianca","Est. tempo de leitura":"1 minuto"},"schema":{"@context":"https:\/\/schema.org","@graph":[{"@type":"Article","@id":"https:\/\/www.institutodeengenharia.org.br\/site\/2019\/08\/27\/grupo-mulheres-ie-apresenta-palestra-no-ifsp\/#article","isPartOf":{"@id":"https:\/\/www.institutodeengenharia.org.br\/site\/2019\/08\/27\/grupo-mulheres-ie-apresenta-palestra-no-ifsp\/"},"author":{"name":"Bianca","@id":"https:\/\/www.institutodeengenharia.org.br\/site\/#\/schema\/person\/aeb64951c405e100d26d30b033dd423f"},"headline":"Grupo Mulheres IE apresenta palestra no IFSP","datePublished":"2019-08-28T02:04:24+00:00","dateModified":"2019-09-13T02:06:03+00:00","mainEntityOfPage":{"@id":"https:\/\/www.institutodeengenharia.org.br\/site\/2019\/08\/27\/grupo-mulheres-ie-apresenta-palestra-no-ifsp\/"},"wordCount":167,"commentCount":0,"publisher":{"@id":"https:\/\/www.institutodeengenharia.org.br\/site\/#organization"},"image":{"@id":"https:\/\/www.institutodeengenharia.org.br\/site\/2019\/08\/27\/grupo-mulheres-ie-apresenta-palestra-no-ifsp\/#primaryimage"},"thumbnailUrl":"https:\/\/www.institutodeengenharia.org.br\/site\/wp-content\/uploads\/2019\/09\/Mulheres-IE-3.jpg","keywords":["Destaque Topo"],"articleSection":["Instituto de Engenharia","Mulher"],"inLanguage":"pt-BR","potentialAction":[{"@type":"CommentAction","name":"Comment","target":["https:\/\/www.institutodeengenharia.org.br\/site\/2019\/08\/27\/grupo-mulheres-ie-apresenta-palestra-no-ifsp\/#respond"]}]},{"@type":"WebPage","@id":"https:\/\/www.institutodeengenharia.org.br\/site\/2019\/08\/27\/grupo-mulheres-ie-apresenta-palestra-no-ifsp\/","url":"https:\/\/www.institutodeengenharia.org.br\/site\/2019\/08\/27\/grupo-mulheres-ie-apresenta-palestra-no-ifsp\/","name":"Grupo Mulheres IE apresenta palestra no IFSP - Instituto de Engenharia","isPartOf":{"@id":"https:\/\/www.institutodeengenharia.org.br\/site\/#website"},"primaryImageOfPage":{"@id":"https:\/\/www.institutodeengenharia.org.br\/site\/2019\/08\/27\/grupo-mulheres-ie-apresenta-palestra-no-ifsp\/#primaryimage"},"image":{"@id":"https:\/\/www.institutodeengenharia.org.br\/site\/2019\/08\/27\/grupo-mulheres-ie-apresenta-palestra-no-ifsp\/#primaryimage"},"thumbnailUrl":"https:\/\/www.institutodeengenharia.org.br\/site\/wp-content\/uploads\/2019\/09\/Mulheres-IE-3.jpg","datePublished":"2019-08-28T02:04:24+00:00","dateModified":"2019-09-13T02:06:03+00:00","breadcrumb":{"@id":"https:\/\/www.institutodeengenharia.org.br\/site\/2019\/08\/27\/grupo-mulheres-ie-apresenta-palestra-no-ifsp\/#breadcrumb"},"inLanguage":"pt-BR","potentialAction":[{"@type":"ReadAction","target":["https:\/\/www.institutodeengenharia.org.br\/site\/2019\/08\/27\/grupo-mulheres-ie-apresenta-palestra-no-ifsp\/"]}]},{"@type":"ImageObject","inLanguage":"pt-BR","@id":"https:\/\/www.institutodeengenharia.org.br\/site\/2019\/08\/27\/grupo-mulheres-ie-apresenta-palestra-no-ifsp\/#primaryimage","url":"https:\/\/www.institutodeengenharia.org.br\/site\/wp-content\/uploads\/2019\/09\/Mulheres-IE-3.jpg","contentUrl":"https:\/\/www.institutodeengenharia.org.br\/site\/wp-content\/uploads\/2019\/09\/Mulheres-IE-3.jpg","width":567,"height":375,"caption":"Foto: Esthefany Leone de Barros"},{"@type":"BreadcrumbList","@id":"https:\/\/www.institutodeengenharia.org.br\/site\/2019\/08\/27\/grupo-mulheres-ie-apresenta-palestra-no-ifsp\/#breadcrumb","itemListElement":[{"@type":"ListItem","position":1,"name":"In\u00edcio","item":"https:\/\/www.institutodeengenharia.org.br\/site\/"},{"@type":"ListItem","position":2,"name":"Grupo Mulheres IE apresenta palestra no IFSP"}]},{"@type":"WebSite","@id":"https:\/\/www.institutodeengenharia.org.br\/site\/#website","url":"https:\/\/www.institutodeengenharia.org.br\/site\/","name":"Instituto de Engenharia","description":"O Instituto de Engenharia promove a Engenharia em benef\u00edcio do desenvolvimento e da qualidade de vida da sociedade.","publisher":{"@id":"https:\/\/www.institutodeengenharia.org.br\/site\/#organization"},"potentialAction":[{"@type":"SearchAction","target":{"@type":"EntryPoint","urlTemplate":"https:\/\/www.institutodeengenharia.org.br\/site\/?s={search_term_string}"},"query-input":{"@type":"PropertyValueSpecification","valueRequired":true,"valueName":"search_term_string"}}],"inLanguage":"pt-BR"},{"@type":"Organization","@id":"https:\/\/www.institutodeengenharia.org.br\/site\/#organization","name":"Instituto de Engenharia","url":"https:\/\/www.institutodeengenharia.org.br\/site\/","logo":{"@type":"ImageObject","inLanguage":"pt-BR","@id":"https:\/\/www.institutodeengenharia.org.br\/site\/#\/schema\/logo\/image\/","url":"https:\/\/www.institutodeengenharia.org.br\/site\/wp-content\/uploads\/2019\/03\/logo-novo-IE2018-1.jpg","contentUrl":"https:\/\/www.institutodeengenharia.org.br\/site\/wp-content\/uploads\/2019\/03\/logo-novo-IE2018-1.jpg","width":1486,"height":1879,"caption":"Instituto de Engenharia"},"image":{"@id":"https:\/\/www.institutodeengenharia.org.br\/site\/#\/schema\/logo\/image\/"},"sameAs":["https:\/\/www.facebook.com\/institutodeengenharia","https:\/\/x.com\/iengenharia","https:\/\/www.instagram.com\/institutodeengenharia\/","https:\/\/www.linkedin.com\/company\/instituto-de-engenharia\/","https:\/\/www.youtube.com\/channel\/UCXiCAlsSMe977vamW915HxA"]},{"@type":"Person","@id":"https:\/\/www.institutodeengenharia.org.br\/site\/#\/schema\/person\/aeb64951c405e100d26d30b033dd423f","name":"Bianca","image":{"@type":"ImageObject","inLanguage":"pt-BR","@id":"https:\/\/secure.gravatar.com\/avatar\/a6fbe9bff57405baf4c1e2c5c1811e072b558253974a9f9508f4678900c97c2a?s=96&d=mm&r=g","url":"https:\/\/secure.gravatar.com\/avatar\/a6fbe9bff57405baf4c1e2c5c1811e072b558253974a9f9508f4678900c97c2a?s=96&d=mm&r=g","contentUrl":"https:\/\/secure.gravatar.com\/avatar\/a6fbe9bff57405baf4c1e2c5c1811e072b558253974a9f9508f4678900c97c2a?s=96&d=mm&r=g","caption":"Bianca"},"url":"https:\/\/www.institutodeengenharia.org.br\/site\/author\/comunicacao1\/"}]}},"_links":{"self":[{"href":"https:\/\/www.institutodeengenharia.org.br\/site\/wp-json\/wp\/v2\/posts\/43976","targetHints":{"allow":["GET"]}}],"collection":[{"href":"https:\/\/www.institutodeengenharia.org.br\/site\/wp-json\/wp\/v2\/posts"}],"about":[{"href":"https:\/\/www.institutodeengenharia.org.br\/site\/wp-json\/wp\/v2\/types\/post"}],"author":[{"embeddable":true,"href":"https:\/\/www.institutodeengenharia.org.br\/site\/wp-json\/wp\/v2\/users\/13"}],"replies":[{"embeddable":true,"href":"https:\/\/www.institutodeengenharia.org.br\/site\/wp-json\/wp\/v2\/comments?post=43976"}],"version-history":[{"count":1,"href":"https:\/\/www.institutodeengenharia.org.br\/site\/wp-json\/wp\/v2\/posts\/43976\/revisions"}],"predecessor-version":[{"id":43982,"href":"https:\/\/www.institutodeengenharia.org.br\/site\/wp-json\/wp\/v2\/posts\/43976\/revisions\/43982"}],"wp:featuredmedia":[{"embeddable":true,"href":"https:\/\/www.institutodeengenharia.org.br\/site\/wp-json\/wp\/v2\/media\/43980"}],"wp:attachment":[{"href":"https:\/\/www.institutodeengenharia.org.br\/site\/wp-json\/wp\/v2\/media?parent=43976"}],"wp:term":[{"taxonomy":"category","embeddable":true,"href":"https:\/\/www.institutodeengenharia.org.br\/site\/wp-json\/wp\/v2\/categories?post=43976"},{"taxonomy":"post_tag","embeddable":true,"href":"https:\/\/www.institutodeengenharia.org.br\/site\/wp-json\/wp\/v2\/tags?post=43976"}],"curies":[{"name":"wp","href":"https:\/\/api.w.org\/{rel}","templated":true}]}}