{"id":43898,"date":"2019-08-29T10:55:38","date_gmt":"2019-08-29T13:55:38","guid":{"rendered":"https:\/\/www.institutodeengenharia.org.br\/site\/?p=43898"},"modified":"2019-09-06T10:58:18","modified_gmt":"2019-09-06T13:58:18","slug":"apresentacao-de-programa-para-dimensionamento-de-paredes-em-alvenaria-murfor","status":"publish","type":"post","link":"https:\/\/www.institutodeengenharia.org.br\/site\/2019\/08\/29\/apresentacao-de-programa-para-dimensionamento-de-paredes-em-alvenaria-murfor\/","title":{"rendered":"Apresenta\u00e7\u00e3o de programa para dimensionamento de paredes em alvenaria \u2013 Murfor\u00ae"},"content":{"rendered":"<p><strong>Assista abaixo \u00e0 \u00edntegra do evento:<\/strong><\/p>\n<p><iframe loading=\"lazy\" src=\"https:\/\/player.vimeo.com\/video\/356627398\" width=\"640\" height=\"360\" frameborder=\"0\" allowfullscreen=\"allowfullscreen\"><\/iframe><\/p>\n<p>&nbsp;<\/p>\n<p><strong>Parcerias na realiza\u00e7\u00e3o do evento:<\/strong><\/p>\n<p><img loading=\"lazy\" decoding=\"async\" class=\"alignnone size-full wp-image-43600 td-animation-stack-type0-2\" src=\"https:\/\/www.institutodeengenharia.org.br\/site\/wp-content\/uploads\/2019\/08\/belgo.jpg\" alt=\"\" width=\"170\" height=\"117\" data-pagespeed-url-hash=\"233319616\" srcset=\"https:\/\/www.institutodeengenharia.org.br\/site\/wp-content\/uploads\/2019\/08\/belgo.jpg 170w, https:\/\/www.institutodeengenharia.org.br\/site\/wp-content\/uploads\/2019\/08\/belgo-100x70.jpg 100w\" sizes=\"auto, (max-width: 170px) 100vw, 170px\" \/><img loading=\"lazy\" decoding=\"async\" class=\"alignnone size-full wp-image-43601 td-animation-stack-type0-2\" src=\"https:\/\/www.institutodeengenharia.org.br\/site\/wp-content\/uploads\/2019\/08\/na.jpg\" alt=\"\" width=\"74\" height=\"114\" data-pagespeed-url-hash=\"537964234\" \/><\/p>\n<p><strong>Apoio institucional:<\/strong><\/p>\n<p><img decoding=\"async\" class=\"alignnone size-full wp-image-34168 td-animation-stack-type0-2\" src=\"data:image\/webp;base64,UklGRvoFAABXRUJQVlA4IO4FAACwGQCdASp7AEgAPpFAmkilpCKhKBTcyLASCWMA1TXT5l63NukLpbk9MylIvwnhb5KAz56j7T13doPw0TdnAXdTv8dS+819G++n8v9gD85+jfpXfrY196revelzFNa9WjASQq5j1H07ciN+VK1xuDPbsEvM+clNVUgq\/\/lr3gvMNCKzSyDe\/x\/6PWKbo0Fdv+Te3MnD69+oPdBWkY9zOk+4NYqrKDtkA+6gEZtMbDZ6gvvApuGmBcyr0KOVjxyONH3C85E1jHxXto\/vvazl87JtZOao1u9AAP77lAr\/VeIXDLC2C9\/F6RVKRNxn+1\/8+621xO3cOv9+\/GBMlykgZSycNv61fo\/JOu8HsIiHJG3b2pAFEY1bQB9I4alCtgTFLM5WT0ILRLy87vXr7sh7f1h5GEqbIYOmoIO7X9wcc1oQaFHuGdJnpwYRdTF4q1Qx\/JpAbPPr9hMzdNuvjJAnXUSvWywG\/fRtIDJMVJwmoSUt+2Px4D8DJR6i3NrslqmeW5S5Hn+U4AOt\/Rsq\/BUdYJAhuf+utiw5PTtfnFl9iJvhhdOhyfLGSLe1tPJ9aYazv\/JvEgjGx96VcAHEpW9b33C4HeRGMf2pqSFpGUp8Nys77tGlpBBdMI32wJy34VZW5HWzvXY7ZMoCzpX5XPFL1VcqcXucbV4qOOXevSrfuCV6bIDUS8AlSA+11PCGsjeMAVGmMcwK9EBzuNttQ\/MOlPs9pCQOx+w1C23nV\/co3Lx53CO7wG0+cICI3InLjVLhdiKcgKh5xQb9EwVjbwBKN5k8xJ6+EeXnl1PHod1yAOnZh2bMjlkQNXcdJq1qiyTZUd5Segb\/RDJ\/EHbdm2cM9Om4RWudmuh+JAWzJlay5qQioGyhm\/b06FG9LJRuKk\/8p23oxdKc0TT4ayJDO1AgeiwkOutnGv8UH77kPhtTRX6NBtiE7xR3hefvTWdyZZrmSh6ktPAGZAqB3VKRYCWX7Z2jEATglu0gELp3go7+y293G4pbDxbNgmY5he2DC6XtZlIYtFdvlu5v2rPYqCJ6rcO1XjlKwXa7BDM7PWRegLLAT4w\/HXTOSRcjvIYxOvaeECniG8oReqSKFMq4Q4gi6INW9QnRmYDlTFKk0VQeyI3K7vUURGJfR7AVTV3B3XMKjyAutWV8rw1hdBEkLLJ6UhTCdduuMVENe1\/hDtD11+Yd+Zw8Unxe\/S0+MYbFOSwfxIKc+ogfQLiLmYOWJRvrxdQpDxBYoccg12i6exYShqSY1wRAlg9uXD7jdLSkzcxjieSgz4+dk29a1c+eYUTCvEhf8r23k9C1AcKP05QyPMReBDa0uP2d07YgAmZw9eb29YIAzX+xRAkq\/GRRQgL\/j6fDn3W8tjZxpNpqOA2wi1M8SNX3NasApnn9kWEYcsNDFODFQ5DDJt0u9x7vz9welyVkT4I7J6tKaQYehwpbhA+qrgaKyk37vFlAIqlgOQl8AuLaQ9ltzR7OZHYbtt3ZnL+e\/yVE2u8UuZuAX+\/CRomfvjC2Kqco+nVIT0JJktKP\/vXsP43euZ6Z7mmoxRTERj6O9jylC1sJ+v2v5m9Fua90CeswHN4QcefEwM7PdExvJrDUw8HDEaLSoeI+z98Nk6DojiO5him9Gih0j2kZQsSYDurS1z9ykn7gPd\/NOOLn+m1n8vC8\/lL3uIruSmA34hWoZkCeafcEKZaQsf1p6g7E4kCMQxD9hroLfjJInVDiDE7AdcpmiFVRH9S5RhD61tgj\/aKM9TH3Q8DozqBxMBTuXoiBvB1bI8XbupebOG1myvYbTi73Jyqi8aN8u8X87HSOXp8WpX8rEgNnaXny2kz9vgfKcxEYpfcfxj+\/dilMoukd49\/+Se1XT6QKzd2RQLlf5LPL5B0DEf00ZQAkXieLH3Vqg2kCLtyNADgVjOi6aIG9sX+KlOkW7S0MY1P\/60u2klrkZTai0uqvjKQIZEEQcsbBE9LUrLOO\/buZD2ye8bZUR+pf4Hy+S20\/9DUmwg\/Iqq9lVERK32\/jFgAAAAA=\" alt=\"\" data-pagespeed-url-hash=\"2782399532\" \/><img loading=\"lazy\" decoding=\"async\" class=\"alignnone size-full wp-image-34519 td-animation-stack-type0-2\" src=\"https:\/\/www.institutodeengenharia.org.br\/site\/wp-content\/uploads\/2018\/04\/ibracon.jpg\" alt=\"\" width=\"101\" height=\"88\" data-pagespeed-url-hash=\"2797282866\" \/><img decoding=\"async\" class=\"alignnone size-full wp-image-34556 td-animation-stack-type0-2\" src=\"data:image\/webp;base64,UklGRpALAABXRUJQVlA4IIQLAACQNQCdASqWAGoAPm0wlEakIyIhKTWcKIANiUAQtes353zRbw\/hvxV0FZJusLHH6lPMA\/WHpLeYX9nv2d9030eegr\/Tv9B1wnoZ+Wr7RP7XfsziL\/2QeH\/+O6T30R7ccsHqXzO+lj5v+y\/uN+Sv3m\/pO9\/4+f0fqEerf8v\/U+BnAB+Xf1X\/heH1qNeAvYA\/mP9T\/4X2edAhQD\/nP97\/Wv2Rc\/71f7A\/65dbP0WkBocXAR1imZ2gR8jfyp+dZq77b7VJAly9ZDae+vDruqaxrWeMobJjx\/zWcTyeZyBpB2Gv15Dhj2lXKmeuz1Xx4Kpn0uzSxtqLdjHPB\/MnE9GHHx1qb1NtsLLHtrid7kSuLfLYjoRjMsGgtM3qbMW8Sae\/ADPRLGhFzZjZ5zEecOovhB4Zx5uQKAJcc4B25nuHb8G6dGYyY5r\/g36h7GyDg2W59wr9cV5xSCY8XAhEvGxXauZ01IU0NURK6PtRjyM6We+9JdwnBK3\/TsDnVCTBpQwZXIN\/8t626k5OKes8K3kMeZkFVd+\/pup38IyNoOd9tnIm0ceU1VZ458lvZ24R3IT8RFrunFIAAAD+\/IbJf4D13kC34Lgh9D\/\/A9H9dHq\/\/WvdMbkXO1MrDlncjsukLMrnB3ZcDwPBeQNxIJMdUS16SuTlX0jUy9XfSr5ekG2XOmjl3w89kkUTb2BaKfzGzGP1l38XilV2k3LLuSICP202aWjcPXzq7S1rBfP\/P3v\/Ze3EL83K1deoDRuqUHkiODtv4Ptt0e1iWr27PNvMyFme\/sFvjAX8F2JS950Q6iEokrImsB+WkPa\/FH1SO5\/zECtp6Xb4QGCroUY9BFhJl05yK\/LUEOYLqy\/wtjq\/f4t4lDjEf+URcQ0MruXZ6PztYsFyFSAqaDsotvMl1hfOgxMll3ectuE1JOR2J7dYNcczS8akzrdfFqspFs47XKpXgX9oAtcamIjzCpWTpT+m5UF\/KdzWXFR6QwOu599sVZYdWtwpt7tIKAQUjYh+KzlsXeTovzENxxsaqngle5l96e\/0zq2U9Xg+vGKBWAcDf164PjxzJIo52x33d1rGwCv7NYb93ociksZljRfl1e8ClbVtm1BASU7U1DvIFi4gm+O2\/CK49hjCdm8OHmEhKC2ws8BUPAunbTvvAi0vh2HAerB3d0iU4yCs0cXVWa0gYTtdg4YGBgkw2RBhMXi\/K3fJLEmZ0odTL8Q7QoHaErNbFApK0816Ec\/CJbnnOSDSBUsHdbTTCcAA1tzFm9x9nyHB1xktYqFMkoyJ4XRocLz9TkSZZ5cwhvuvVCGIEzjSfFW42QwKr0NoflopR0qLbbkVIng3mn+wUMKghQxZAHcbfXYSu+aGPhF+79M3Wn+Qgp8JEZpvWydduxD2NK5L89cHOj4n9fa+OBpGbUUCdNUJpn2u0wmKiN73UeyArwZBYhdq0DtxL8QcWUbttKjK4nB7l2wn5yq9kpqrnJxPb85jpCa+LVeBGOsDbLQEeR\/ncI8RvC8oDyFNegAEFuLFd9ivvq\/X8v7Y1uYnpozAdiq5HkhH2WL2ulFoHXbEK2oIZxmxKDcqHOvXXr4odo650dZFc8NuaGB+ViooDHmrvQUuYg\/r4rg74lLwbO3HK9lQfo8FyIW2Epf2Yt8CjNV1lXv95zdzLGuF7JG+bKE22akJNl4FVo3PNUCNowr+qJb2bfLdVPXRYDbmLLmJvn5e1NyiauB1XA7ldL4fQ5FMPAhhUDeqZ+KduSBA23TDjcnkzULB6xaXPt\/LqwxkmLQBgfIVe2DS\/FdDkM\/OKFmFMFc6Hw2dvpYMK4xdLPb+jIdxrrOi9exG0tvuD7zGdwA2TC7T2V75dSdUwqh2nOkWIELcLqpgyuqHsf\/SobAR552MQtM2ugzb71UUJ7FzjthRJvcssK3kd5HJPGK5iOdFEdrI8c0Ld+UaLQj\/+Skeq88wjqrcc\/cewXw4eYWlsaqghdRkTDnmW95bYmwWvbI\/TKbpHKLNrY42noYOtnh3e+Y5\/c6PqAFq9IgfjIToR3CegtdzDSbtKkadYHDA6lL5skuaeDeq95PYU\/tojG\/optYTZuBGrsz9a6jHozrVTb0yQ67MZHtaUcLlVZcTmL1mSwV+Yk6qY0jHuHoio73+48MCIIECx4upFJTCA\/kVcHQQy4M8uFmRegCxF2EX0yZKzF7G\/0\/4TYr4auVrRW4QRAGSLxukaNLu4al0fIEl7XpPN1kuCzw0BsoY4prV+sCf\/97bmPts6l7AREH\/bzGPeHuP9SEQwxPw1jkT05lmCRdJwXmOhiSp3x5BZbUhIPFH33D2VGnZYvlsHyhfK77xOiz0VHKAFf2UrIc+NMhKfvn3rAsZzA0gENprZsJXE8a7s7HqCx45wRToPtp6clQH0KfZw7shBOWmwFdkWyLdJpBcDI8tmelon7el1EadsVIQPCjStSjF0hGF6QQc7jBSu6P9nOXk0BzI8TJzXlF+YU0lUr1TeiCnfTTbNGXFzaKOJ4eFpoFEzcUWQz1Jc0tKxo9wfpMKCGaLWp1\/3zl\/jvoVn4OjSTm+dwSmO3B9B0Hzs2yb\/PbZfZXUqaIfdTGTDqR68hRnD+uaoMHLXHFx3Iqm6fZX91oCQEnRf6GUoZJ4kS4OUyRLL4lUfQpX7ux4yA3theVN0clyWKMm1AUIOX45ZgByxyiE5qYAbFfaFvtiRd9RC4yvnUZQxqDn+SGlHkKV2fv8+wy2JbWT4xU8IRtX59K7HePGYlm2L5+dtYrvIm1t\/+UIw1VPFl4esljhiBMSe9f+fzErxR4NH9ZSDhz1gglRRrPQkxa2jvgOGz5Ao42jr3y3\/pNn9wzaT+CVdBMPOg8kielhJ0Dd2scTFR+G356XCN9ABN9wKVwsURyYA9k4PMonR0Cv+XNjvf0mnwP4\/\/4EbKswmxgdSbSnYbzWd5K47F5JsAO9bOTV\/P\/E18j217Pp2Nk9h9er3twUg4cwhAnbOVxmF9KljmuP3UhKYWQU9B9v6feAtE9Qh419w4Ik1NzNpea4jp+5Evs7j1xGDbmvyBwgvzw\/8zDMEtwAm\/TGKFEGsjunsApjLayUHk4bbrilA2DuY2F5f7Sn+0M0yEzCqx31Yjm71xyLPUSwqgS\/yt0\/C05LC0WfdL7Vv0qAzr7R067BO9oy8pS3QxmTjOCEGP0WkkngYTycj1wVID\/bHw21u9vrW3MUpawXk\/9QSISdQJ9LBGBcQzPot1utY+xQJ4y4XVGhxFbMwvwC5ZlCv87VhA5xTSvAoijSyF3oPeN5v1eC0O6NywAmykkpHE3xb3w2XF0txzfdEiMfPPZx5b7UBdaWRuez\/sPj\/no4rXtS2JdR90CeqpSRxWv+0qEs01WZYB1tfAYwUTPP2jrr8rpO\/4ZgaWI3BpSeqywVce85ybjwgw\/C5RVLm7e4esmE\/je8dtuaKx3rgLc1duOcSR1sQ17t85xUZyeaVppNE+J0RF3Duj3agGkh7rpVZ3ZTPYd+FBx4wsmOIIbY2Jjy6sdQ6fAefwi3KTzIJki3WCkD3PvqU3G0bemL6BsQQQEjqPvAFWfDoI+6VuU8tV+2PROK\/H7N1XsNDhb2SwQK8n4WExk0Us98JF1Of+H1Z7rrg4Mzt3hNs9cCfYRVCWDMdcPTv++1fQZm4JpDTt305kBwpSYQH6iK3Ilp6Pvg5VLQ3ErdmxxXPGSF5e8x7o10H7obaEXSXkXzNLrS82HcGg3vDHBS44RsxAWyuLVKR6Mf2QA5w09SE1Oah9Nz4wLF\/KTYc1sMGaHBUQ0jqBFv5C+6nI6bDL\/p88gJcXGEd3CyAEk1toj8qefK9Y+R5ol25hy1mqtfsxH3D2Sz7P0empK38a5L3eN8Axu\/w6f0qjCGUt+pG\/0gwcLRWXSRMvaCEe8441ENOPQXUjTFqeisXsyuoeK8AAAAAA==\" alt=\"\" data-pagespeed-url-hash=\"1173316900\" \/><\/p>\n<p><strong>Realiza\u00e7\u00e3o:<\/strong><\/p>\n<p><strong>Eng. Jer\u00f4nimo Cabral Pereira Fagundes Neto<\/strong>\u00a0\u2013 Vice-presidente de Atividades T\u00e9cnicas<\/p>\n<p><strong>Eng. Roberto Kochen<\/strong>\u00a0\u2013 Diretor do Departamento de Engenharia do Habitat e Infraestrutura<\/p>\n<p><strong>Eng. Rafael Timerman<\/strong>\u00a0\u2013 Coordenador da Divis\u00e3o T\u00e9cnica de Estruturas<\/p>\n","protected":false},"excerpt":{"rendered":"<p>Assista abaixo \u00e0 \u00edntegra do evento: &nbsp; Parcerias na realiza\u00e7\u00e3o do evento: Apoio institucional: Realiza\u00e7\u00e3o: Eng. Jer\u00f4nimo Cabral Pereira Fagundes Neto\u00a0\u2013 Vice-presidente de Atividades T\u00e9cnicas Eng. Roberto Kochen\u00a0\u2013 Diretor do Departamento de Engenharia do Habitat e Infraestrutura Eng. Rafael Timerman\u00a0\u2013 Coordenador da Divis\u00e3o T\u00e9cnica de Estruturas<\/p>\n","protected":false},"author":13,"featured_media":43602,"comment_status":"open","ping_status":"open","sticky":false,"template":"","format":"standard","meta":{"footnotes":""},"categories":[15,76,968,969],"tags":[],"class_list":{"0":"post-43898","1":"post","2":"type-post","3":"status-publish","4":"format-standard","5":"has-post-thumbnail","7":"category-departamento-desenvolvimento-de-projetos-e-servicos-de-infraestrutura","8":"category-divisao-tecnica-estruturas-e-controle-tecnologico","9":"category-nova-tv-engenharia","10":"category-palestra"},"yoast_head":"<!-- This site is optimized with the Yoast SEO plugin v27.2 - https:\/\/yoast.com\/product\/yoast-seo-wordpress\/ -->\n<title>Apresenta\u00e7\u00e3o de programa para dimensionamento de paredes em alvenaria \u2013 Murfor\u00ae - Instituto de Engenharia<\/title>\n<meta name=\"robots\" content=\"index, follow, max-snippet:-1, max-image-preview:large, max-video-preview:-1\" \/>\n<link rel=\"canonical\" href=\"https:\/\/www.institutodeengenharia.org.br\/site\/2019\/08\/29\/apresentacao-de-programa-para-dimensionamento-de-paredes-em-alvenaria-murfor\/\" \/>\n<meta property=\"og:locale\" content=\"pt_BR\" \/>\n<meta property=\"og:type\" content=\"article\" \/>\n<meta property=\"og:title\" content=\"Apresenta\u00e7\u00e3o de programa para dimensionamento de paredes em alvenaria \u2013 Murfor\u00ae - Instituto de Engenharia\" \/>\n<meta property=\"og:description\" content=\"Assista abaixo \u00e0 \u00edntegra do evento: &nbsp; Parcerias na realiza\u00e7\u00e3o do evento: Apoio institucional: Realiza\u00e7\u00e3o: Eng. Jer\u00f4nimo Cabral Pereira Fagundes Neto\u00a0\u2013 Vice-presidente de Atividades T\u00e9cnicas Eng. Roberto Kochen\u00a0\u2013 Diretor do Departamento de Engenharia do Habitat e Infraestrutura Eng. Rafael Timerman\u00a0\u2013 Coordenador da Divis\u00e3o T\u00e9cnica de Estruturas\" \/>\n<meta property=\"og:url\" content=\"https:\/\/www.institutodeengenharia.org.br\/site\/2019\/08\/29\/apresentacao-de-programa-para-dimensionamento-de-paredes-em-alvenaria-murfor\/\" \/>\n<meta property=\"og:site_name\" content=\"Instituto de Engenharia\" \/>\n<meta property=\"article:publisher\" content=\"https:\/\/www.facebook.com\/institutodeengenharia\" \/>\n<meta property=\"article:published_time\" content=\"2019-08-29T13:55:38+00:00\" \/>\n<meta property=\"article:modified_time\" content=\"2019-09-06T13:58:18+00:00\" \/>\n<meta property=\"og:image\" content=\"https:\/\/www.institutodeengenharia.org.br\/site\/wp-content\/uploads\/2019\/08\/\u043c\u04444.jpg\" \/>\n\t<meta property=\"og:image:width\" content=\"640\" \/>\n\t<meta property=\"og:image:height\" content=\"482\" \/>\n\t<meta property=\"og:image:type\" content=\"image\/jpeg\" \/>\n<meta name=\"author\" content=\"Bianca\" \/>\n<meta name=\"twitter:card\" content=\"summary_large_image\" \/>\n<meta name=\"twitter:creator\" content=\"@iengenharia\" \/>\n<meta name=\"twitter:site\" content=\"@iengenharia\" \/>\n<meta name=\"twitter:label1\" content=\"Escrito por\" \/>\n\t<meta name=\"twitter:data1\" content=\"Bianca\" \/>\n<script type=\"application\/ld+json\" class=\"yoast-schema-graph\">{\"@context\":\"https:\/\/schema.org\",\"@graph\":[{\"@type\":\"Article\",\"@id\":\"https:\/\/www.institutodeengenharia.org.br\/site\/2019\/08\/29\/apresentacao-de-programa-para-dimensionamento-de-paredes-em-alvenaria-murfor\/#article\",\"isPartOf\":{\"@id\":\"https:\/\/www.institutodeengenharia.org.br\/site\/2019\/08\/29\/apresentacao-de-programa-para-dimensionamento-de-paredes-em-alvenaria-murfor\/\"},\"author\":{\"name\":\"Bianca\",\"@id\":\"https:\/\/www.institutodeengenharia.org.br\/site\/#\/schema\/person\/aeb64951c405e100d26d30b033dd423f\"},\"headline\":\"Apresenta\u00e7\u00e3o de programa para dimensionamento de paredes em alvenaria \u2013 Murfor\u00ae\",\"datePublished\":\"2019-08-29T13:55:38+00:00\",\"dateModified\":\"2019-09-06T13:58:18+00:00\",\"mainEntityOfPage\":{\"@id\":\"https:\/\/www.institutodeengenharia.org.br\/site\/2019\/08\/29\/apresentacao-de-programa-para-dimensionamento-de-paredes-em-alvenaria-murfor\/\"},\"wordCount\":62,\"commentCount\":0,\"publisher\":{\"@id\":\"https:\/\/www.institutodeengenharia.org.br\/site\/#organization\"},\"image\":{\"@id\":\"https:\/\/www.institutodeengenharia.org.br\/site\/2019\/08\/29\/apresentacao-de-programa-para-dimensionamento-de-paredes-em-alvenaria-murfor\/#primaryimage\"},\"thumbnailUrl\":\"https:\/\/www.institutodeengenharia.org.br\/site\/wp-content\/uploads\/2019\/08\/\u043c\u04444.jpg\",\"articleSection\":[\"Departamento Desenvolvimento de Projetos e Servi\u00e7os de Infraestrutura\",\"Divis\u00e3o T\u00e9cnica Estruturas e Controle Tecnol\u00f3gico\",\"Nova TV Engenharia\",\"Palestra\"],\"inLanguage\":\"pt-BR\",\"potentialAction\":[{\"@type\":\"CommentAction\",\"name\":\"Comment\",\"target\":[\"https:\/\/www.institutodeengenharia.org.br\/site\/2019\/08\/29\/apresentacao-de-programa-para-dimensionamento-de-paredes-em-alvenaria-murfor\/#respond\"]}]},{\"@type\":\"WebPage\",\"@id\":\"https:\/\/www.institutodeengenharia.org.br\/site\/2019\/08\/29\/apresentacao-de-programa-para-dimensionamento-de-paredes-em-alvenaria-murfor\/\",\"url\":\"https:\/\/www.institutodeengenharia.org.br\/site\/2019\/08\/29\/apresentacao-de-programa-para-dimensionamento-de-paredes-em-alvenaria-murfor\/\",\"name\":\"Apresenta\u00e7\u00e3o de programa para dimensionamento de paredes em alvenaria \u2013 Murfor\u00ae - Instituto de Engenharia\",\"isPartOf\":{\"@id\":\"https:\/\/www.institutodeengenharia.org.br\/site\/#website\"},\"primaryImageOfPage\":{\"@id\":\"https:\/\/www.institutodeengenharia.org.br\/site\/2019\/08\/29\/apresentacao-de-programa-para-dimensionamento-de-paredes-em-alvenaria-murfor\/#primaryimage\"},\"image\":{\"@id\":\"https:\/\/www.institutodeengenharia.org.br\/site\/2019\/08\/29\/apresentacao-de-programa-para-dimensionamento-de-paredes-em-alvenaria-murfor\/#primaryimage\"},\"thumbnailUrl\":\"https:\/\/www.institutodeengenharia.org.br\/site\/wp-content\/uploads\/2019\/08\/\u043c\u04444.jpg\",\"datePublished\":\"2019-08-29T13:55:38+00:00\",\"dateModified\":\"2019-09-06T13:58:18+00:00\",\"breadcrumb\":{\"@id\":\"https:\/\/www.institutodeengenharia.org.br\/site\/2019\/08\/29\/apresentacao-de-programa-para-dimensionamento-de-paredes-em-alvenaria-murfor\/#breadcrumb\"},\"inLanguage\":\"pt-BR\",\"potentialAction\":[{\"@type\":\"ReadAction\",\"target\":[\"https:\/\/www.institutodeengenharia.org.br\/site\/2019\/08\/29\/apresentacao-de-programa-para-dimensionamento-de-paredes-em-alvenaria-murfor\/\"]}]},{\"@type\":\"ImageObject\",\"inLanguage\":\"pt-BR\",\"@id\":\"https:\/\/www.institutodeengenharia.org.br\/site\/2019\/08\/29\/apresentacao-de-programa-para-dimensionamento-de-paredes-em-alvenaria-murfor\/#primaryimage\",\"url\":\"https:\/\/www.institutodeengenharia.org.br\/site\/wp-content\/uploads\/2019\/08\/\u043c\u04444.jpg\",\"contentUrl\":\"https:\/\/www.institutodeengenharia.org.br\/site\/wp-content\/uploads\/2019\/08\/\u043c\u04444.jpg\",\"width\":640,\"height\":482},{\"@type\":\"BreadcrumbList\",\"@id\":\"https:\/\/www.institutodeengenharia.org.br\/site\/2019\/08\/29\/apresentacao-de-programa-para-dimensionamento-de-paredes-em-alvenaria-murfor\/#breadcrumb\",\"itemListElement\":[{\"@type\":\"ListItem\",\"position\":1,\"name\":\"In\u00edcio\",\"item\":\"https:\/\/www.institutodeengenharia.org.br\/site\/\"},{\"@type\":\"ListItem\",\"position\":2,\"name\":\"Apresenta\u00e7\u00e3o de programa para dimensionamento de paredes em alvenaria \u2013 Murfor\u00ae\"}]},{\"@type\":\"WebSite\",\"@id\":\"https:\/\/www.institutodeengenharia.org.br\/site\/#website\",\"url\":\"https:\/\/www.institutodeengenharia.org.br\/site\/\",\"name\":\"Instituto de Engenharia\",\"description\":\"O Instituto de Engenharia promove a Engenharia em benef\u00edcio do desenvolvimento e da qualidade de vida da sociedade.\",\"publisher\":{\"@id\":\"https:\/\/www.institutodeengenharia.org.br\/site\/#organization\"},\"potentialAction\":[{\"@type\":\"SearchAction\",\"target\":{\"@type\":\"EntryPoint\",\"urlTemplate\":\"https:\/\/www.institutodeengenharia.org.br\/site\/?s={search_term_string}\"},\"query-input\":{\"@type\":\"PropertyValueSpecification\",\"valueRequired\":true,\"valueName\":\"search_term_string\"}}],\"inLanguage\":\"pt-BR\"},{\"@type\":\"Organization\",\"@id\":\"https:\/\/www.institutodeengenharia.org.br\/site\/#organization\",\"name\":\"Instituto de Engenharia\",\"url\":\"https:\/\/www.institutodeengenharia.org.br\/site\/\",\"logo\":{\"@type\":\"ImageObject\",\"inLanguage\":\"pt-BR\",\"@id\":\"https:\/\/www.institutodeengenharia.org.br\/site\/#\/schema\/logo\/image\/\",\"url\":\"https:\/\/www.institutodeengenharia.org.br\/site\/wp-content\/uploads\/2019\/03\/logo-novo-IE2018-1.jpg\",\"contentUrl\":\"https:\/\/www.institutodeengenharia.org.br\/site\/wp-content\/uploads\/2019\/03\/logo-novo-IE2018-1.jpg\",\"width\":1486,\"height\":1879,\"caption\":\"Instituto de Engenharia\"},\"image\":{\"@id\":\"https:\/\/www.institutodeengenharia.org.br\/site\/#\/schema\/logo\/image\/\"},\"sameAs\":[\"https:\/\/www.facebook.com\/institutodeengenharia\",\"https:\/\/x.com\/iengenharia\",\"https:\/\/www.instagram.com\/institutodeengenharia\/\",\"https:\/\/www.linkedin.com\/company\/instituto-de-engenharia\/\",\"https:\/\/www.youtube.com\/channel\/UCXiCAlsSMe977vamW915HxA\"]},{\"@type\":\"Person\",\"@id\":\"https:\/\/www.institutodeengenharia.org.br\/site\/#\/schema\/person\/aeb64951c405e100d26d30b033dd423f\",\"name\":\"Bianca\",\"image\":{\"@type\":\"ImageObject\",\"inLanguage\":\"pt-BR\",\"@id\":\"https:\/\/secure.gravatar.com\/avatar\/a6fbe9bff57405baf4c1e2c5c1811e072b558253974a9f9508f4678900c97c2a?s=96&d=mm&r=g\",\"url\":\"https:\/\/secure.gravatar.com\/avatar\/a6fbe9bff57405baf4c1e2c5c1811e072b558253974a9f9508f4678900c97c2a?s=96&d=mm&r=g\",\"contentUrl\":\"https:\/\/secure.gravatar.com\/avatar\/a6fbe9bff57405baf4c1e2c5c1811e072b558253974a9f9508f4678900c97c2a?s=96&d=mm&r=g\",\"caption\":\"Bianca\"},\"url\":\"https:\/\/www.institutodeengenharia.org.br\/site\/author\/comunicacao1\/\"}]}<\/script>\n<!-- \/ Yoast SEO plugin. -->","yoast_head_json":{"title":"Apresenta\u00e7\u00e3o de programa para dimensionamento de paredes em alvenaria \u2013 Murfor\u00ae - Instituto de Engenharia","robots":{"index":"index","follow":"follow","max-snippet":"max-snippet:-1","max-image-preview":"max-image-preview:large","max-video-preview":"max-video-preview:-1"},"canonical":"https:\/\/www.institutodeengenharia.org.br\/site\/2019\/08\/29\/apresentacao-de-programa-para-dimensionamento-de-paredes-em-alvenaria-murfor\/","og_locale":"pt_BR","og_type":"article","og_title":"Apresenta\u00e7\u00e3o de programa para dimensionamento de paredes em alvenaria \u2013 Murfor\u00ae - Instituto de Engenharia","og_description":"Assista abaixo \u00e0 \u00edntegra do evento: &nbsp; Parcerias na realiza\u00e7\u00e3o do evento: Apoio institucional: Realiza\u00e7\u00e3o: Eng. Jer\u00f4nimo Cabral Pereira Fagundes Neto\u00a0\u2013 Vice-presidente de Atividades T\u00e9cnicas Eng. Roberto Kochen\u00a0\u2013 Diretor do Departamento de Engenharia do Habitat e Infraestrutura Eng. Rafael Timerman\u00a0\u2013 Coordenador da Divis\u00e3o T\u00e9cnica de Estruturas","og_url":"https:\/\/www.institutodeengenharia.org.br\/site\/2019\/08\/29\/apresentacao-de-programa-para-dimensionamento-de-paredes-em-alvenaria-murfor\/","og_site_name":"Instituto de Engenharia","article_publisher":"https:\/\/www.facebook.com\/institutodeengenharia","article_published_time":"2019-08-29T13:55:38+00:00","article_modified_time":"2019-09-06T13:58:18+00:00","og_image":[{"width":640,"height":482,"url":"https:\/\/www.institutodeengenharia.org.br\/site\/wp-content\/uploads\/2019\/08\/\u043c\u04444.jpg","type":"image\/jpeg"}],"author":"Bianca","twitter_card":"summary_large_image","twitter_creator":"@iengenharia","twitter_site":"@iengenharia","twitter_misc":{"Escrito por":"Bianca"},"schema":{"@context":"https:\/\/schema.org","@graph":[{"@type":"Article","@id":"https:\/\/www.institutodeengenharia.org.br\/site\/2019\/08\/29\/apresentacao-de-programa-para-dimensionamento-de-paredes-em-alvenaria-murfor\/#article","isPartOf":{"@id":"https:\/\/www.institutodeengenharia.org.br\/site\/2019\/08\/29\/apresentacao-de-programa-para-dimensionamento-de-paredes-em-alvenaria-murfor\/"},"author":{"name":"Bianca","@id":"https:\/\/www.institutodeengenharia.org.br\/site\/#\/schema\/person\/aeb64951c405e100d26d30b033dd423f"},"headline":"Apresenta\u00e7\u00e3o de programa para dimensionamento de paredes em alvenaria \u2013 Murfor\u00ae","datePublished":"2019-08-29T13:55:38+00:00","dateModified":"2019-09-06T13:58:18+00:00","mainEntityOfPage":{"@id":"https:\/\/www.institutodeengenharia.org.br\/site\/2019\/08\/29\/apresentacao-de-programa-para-dimensionamento-de-paredes-em-alvenaria-murfor\/"},"wordCount":62,"commentCount":0,"publisher":{"@id":"https:\/\/www.institutodeengenharia.org.br\/site\/#organization"},"image":{"@id":"https:\/\/www.institutodeengenharia.org.br\/site\/2019\/08\/29\/apresentacao-de-programa-para-dimensionamento-de-paredes-em-alvenaria-murfor\/#primaryimage"},"thumbnailUrl":"https:\/\/www.institutodeengenharia.org.br\/site\/wp-content\/uploads\/2019\/08\/\u043c\u04444.jpg","articleSection":["Departamento Desenvolvimento de Projetos e Servi\u00e7os de Infraestrutura","Divis\u00e3o T\u00e9cnica Estruturas e Controle Tecnol\u00f3gico","Nova TV Engenharia","Palestra"],"inLanguage":"pt-BR","potentialAction":[{"@type":"CommentAction","name":"Comment","target":["https:\/\/www.institutodeengenharia.org.br\/site\/2019\/08\/29\/apresentacao-de-programa-para-dimensionamento-de-paredes-em-alvenaria-murfor\/#respond"]}]},{"@type":"WebPage","@id":"https:\/\/www.institutodeengenharia.org.br\/site\/2019\/08\/29\/apresentacao-de-programa-para-dimensionamento-de-paredes-em-alvenaria-murfor\/","url":"https:\/\/www.institutodeengenharia.org.br\/site\/2019\/08\/29\/apresentacao-de-programa-para-dimensionamento-de-paredes-em-alvenaria-murfor\/","name":"Apresenta\u00e7\u00e3o de programa para dimensionamento de paredes em alvenaria \u2013 Murfor\u00ae - Instituto de Engenharia","isPartOf":{"@id":"https:\/\/www.institutodeengenharia.org.br\/site\/#website"},"primaryImageOfPage":{"@id":"https:\/\/www.institutodeengenharia.org.br\/site\/2019\/08\/29\/apresentacao-de-programa-para-dimensionamento-de-paredes-em-alvenaria-murfor\/#primaryimage"},"image":{"@id":"https:\/\/www.institutodeengenharia.org.br\/site\/2019\/08\/29\/apresentacao-de-programa-para-dimensionamento-de-paredes-em-alvenaria-murfor\/#primaryimage"},"thumbnailUrl":"https:\/\/www.institutodeengenharia.org.br\/site\/wp-content\/uploads\/2019\/08\/\u043c\u04444.jpg","datePublished":"2019-08-29T13:55:38+00:00","dateModified":"2019-09-06T13:58:18+00:00","breadcrumb":{"@id":"https:\/\/www.institutodeengenharia.org.br\/site\/2019\/08\/29\/apresentacao-de-programa-para-dimensionamento-de-paredes-em-alvenaria-murfor\/#breadcrumb"},"inLanguage":"pt-BR","potentialAction":[{"@type":"ReadAction","target":["https:\/\/www.institutodeengenharia.org.br\/site\/2019\/08\/29\/apresentacao-de-programa-para-dimensionamento-de-paredes-em-alvenaria-murfor\/"]}]},{"@type":"ImageObject","inLanguage":"pt-BR","@id":"https:\/\/www.institutodeengenharia.org.br\/site\/2019\/08\/29\/apresentacao-de-programa-para-dimensionamento-de-paredes-em-alvenaria-murfor\/#primaryimage","url":"https:\/\/www.institutodeengenharia.org.br\/site\/wp-content\/uploads\/2019\/08\/\u043c\u04444.jpg","contentUrl":"https:\/\/www.institutodeengenharia.org.br\/site\/wp-content\/uploads\/2019\/08\/\u043c\u04444.jpg","width":640,"height":482},{"@type":"BreadcrumbList","@id":"https:\/\/www.institutodeengenharia.org.br\/site\/2019\/08\/29\/apresentacao-de-programa-para-dimensionamento-de-paredes-em-alvenaria-murfor\/#breadcrumb","itemListElement":[{"@type":"ListItem","position":1,"name":"In\u00edcio","item":"https:\/\/www.institutodeengenharia.org.br\/site\/"},{"@type":"ListItem","position":2,"name":"Apresenta\u00e7\u00e3o de programa para dimensionamento de paredes em alvenaria \u2013 Murfor\u00ae"}]},{"@type":"WebSite","@id":"https:\/\/www.institutodeengenharia.org.br\/site\/#website","url":"https:\/\/www.institutodeengenharia.org.br\/site\/","name":"Instituto de Engenharia","description":"O Instituto de Engenharia promove a Engenharia em benef\u00edcio do desenvolvimento e da qualidade de vida da sociedade.","publisher":{"@id":"https:\/\/www.institutodeengenharia.org.br\/site\/#organization"},"potentialAction":[{"@type":"SearchAction","target":{"@type":"EntryPoint","urlTemplate":"https:\/\/www.institutodeengenharia.org.br\/site\/?s={search_term_string}"},"query-input":{"@type":"PropertyValueSpecification","valueRequired":true,"valueName":"search_term_string"}}],"inLanguage":"pt-BR"},{"@type":"Organization","@id":"https:\/\/www.institutodeengenharia.org.br\/site\/#organization","name":"Instituto de Engenharia","url":"https:\/\/www.institutodeengenharia.org.br\/site\/","logo":{"@type":"ImageObject","inLanguage":"pt-BR","@id":"https:\/\/www.institutodeengenharia.org.br\/site\/#\/schema\/logo\/image\/","url":"https:\/\/www.institutodeengenharia.org.br\/site\/wp-content\/uploads\/2019\/03\/logo-novo-IE2018-1.jpg","contentUrl":"https:\/\/www.institutodeengenharia.org.br\/site\/wp-content\/uploads\/2019\/03\/logo-novo-IE2018-1.jpg","width":1486,"height":1879,"caption":"Instituto de Engenharia"},"image":{"@id":"https:\/\/www.institutodeengenharia.org.br\/site\/#\/schema\/logo\/image\/"},"sameAs":["https:\/\/www.facebook.com\/institutodeengenharia","https:\/\/x.com\/iengenharia","https:\/\/www.instagram.com\/institutodeengenharia\/","https:\/\/www.linkedin.com\/company\/instituto-de-engenharia\/","https:\/\/www.youtube.com\/channel\/UCXiCAlsSMe977vamW915HxA"]},{"@type":"Person","@id":"https:\/\/www.institutodeengenharia.org.br\/site\/#\/schema\/person\/aeb64951c405e100d26d30b033dd423f","name":"Bianca","image":{"@type":"ImageObject","inLanguage":"pt-BR","@id":"https:\/\/secure.gravatar.com\/avatar\/a6fbe9bff57405baf4c1e2c5c1811e072b558253974a9f9508f4678900c97c2a?s=96&d=mm&r=g","url":"https:\/\/secure.gravatar.com\/avatar\/a6fbe9bff57405baf4c1e2c5c1811e072b558253974a9f9508f4678900c97c2a?s=96&d=mm&r=g","contentUrl":"https:\/\/secure.gravatar.com\/avatar\/a6fbe9bff57405baf4c1e2c5c1811e072b558253974a9f9508f4678900c97c2a?s=96&d=mm&r=g","caption":"Bianca"},"url":"https:\/\/www.institutodeengenharia.org.br\/site\/author\/comunicacao1\/"}]}},"_links":{"self":[{"href":"https:\/\/www.institutodeengenharia.org.br\/site\/wp-json\/wp\/v2\/posts\/43898","targetHints":{"allow":["GET"]}}],"collection":[{"href":"https:\/\/www.institutodeengenharia.org.br\/site\/wp-json\/wp\/v2\/posts"}],"about":[{"href":"https:\/\/www.institutodeengenharia.org.br\/site\/wp-json\/wp\/v2\/types\/post"}],"author":[{"embeddable":true,"href":"https:\/\/www.institutodeengenharia.org.br\/site\/wp-json\/wp\/v2\/users\/13"}],"replies":[{"embeddable":true,"href":"https:\/\/www.institutodeengenharia.org.br\/site\/wp-json\/wp\/v2\/comments?post=43898"}],"version-history":[{"count":1,"href":"https:\/\/www.institutodeengenharia.org.br\/site\/wp-json\/wp\/v2\/posts\/43898\/revisions"}],"predecessor-version":[{"id":43899,"href":"https:\/\/www.institutodeengenharia.org.br\/site\/wp-json\/wp\/v2\/posts\/43898\/revisions\/43899"}],"wp:featuredmedia":[{"embeddable":true,"href":"https:\/\/www.institutodeengenharia.org.br\/site\/wp-json\/wp\/v2\/media\/43602"}],"wp:attachment":[{"href":"https:\/\/www.institutodeengenharia.org.br\/site\/wp-json\/wp\/v2\/media?parent=43898"}],"wp:term":[{"taxonomy":"category","embeddable":true,"href":"https:\/\/www.institutodeengenharia.org.br\/site\/wp-json\/wp\/v2\/categories?post=43898"},{"taxonomy":"post_tag","embeddable":true,"href":"https:\/\/www.institutodeengenharia.org.br\/site\/wp-json\/wp\/v2\/tags?post=43898"}],"curies":[{"name":"wp","href":"https:\/\/api.w.org\/{rel}","templated":true}]}}