{"id":43132,"date":"2019-07-05T09:37:18","date_gmt":"2019-07-05T12:37:18","guid":{"rendered":"https:\/\/www.institutodeengenharia.org.br\/site\/?p=43132"},"modified":"2019-07-11T09:41:17","modified_gmt":"2019-07-11T12:41:17","slug":"simposio-a-energia-nuclear-no-brasil","status":"publish","type":"post","link":"https:\/\/www.institutodeengenharia.org.br\/site\/2019\/07\/05\/simposio-a-energia-nuclear-no-brasil\/","title":{"rendered":"Simp\u00f3sio \u2013 A Energia Nuclear no Brasil"},"content":{"rendered":"<div style=\"padding: 56.25% 0 0 0; position: relative;\"><iframe style=\"position: absolute; top: 0; left: 0; width: 100%; height: 100%;\" src=\"https:\/\/player.vimeo.com\/video\/346179221\" frameborder=\"0\" allowfullscreen=\"allowfullscreen\"><\/iframe><\/div>\n<p><script src=\"https:\/\/player.vimeo.com\/api\/player.js\"><\/script><\/p>\n<p>&nbsp;<\/p>\n<h2>+ Informa\u00e7\u00f5es:<\/h2>\n<p>O Instituto de Engenharia realizar\u00e1, em sua sede, no dia 5 de julho, um simp\u00f3sio com vistas a discutir e divulgar a situa\u00e7\u00e3o atual e as perspectivas futuras do uso da\u00a0<strong>energia nuclear<\/strong>\u00a0no Pa\u00eds; tanto no setor el\u00e9trico e nos demais usos civis da mesma, como na utiliza\u00e7\u00e3o dos radiois\u00f3topos e outros subprodutos em medicina, na pesquisa, na ind\u00fastria e na agricultura, fatores que contribuem significativamente para o progresso da ci\u00eancia, a sa\u00fade dos cidad\u00e3os e a competitividade da economia.<\/p>\n<p>O mesmo pode-se dizer em rela\u00e7\u00e3o ao ciclo de enriquecimento de ur\u00e2nio cuja tecnologia o Brasil domina, estando em condi\u00e7\u00f5es de participar de um mercado crescente, estimado em U$ 5 bilh\u00f5es\/ano, hoje disputado por poucos concorrentes. \u00a0No que se refere \u00e0 minera\u00e7\u00e3o, as reservas de ur\u00e2nio do Brasil, apenas parcialmente prospectadas, s\u00e3o equivalentes a 309.000 toneladas, ocupando o 7\u00ba lugar mundial. A\u00a0<strong>energia nuclear<\/strong>\u00a0\u00e9 considerada hoje, uma fonte \u201climpa\u201d, firme e indispens\u00e1vel na gera\u00e7\u00e3o de eletricidade em pa\u00edses como EUA, Fran\u00e7a, R\u00fassia, Jap\u00e3o, Cor\u00e9ia do Sul e China; respondendo pelo abastecimento de 10,4% do consumo mundial, com 454 reatores instalados (392 GWe) em\u00a0 31 pa\u00edses \u2013 \u00a0mais de um quarto nos EUA. Na Fran\u00e7a, do total da eletricidade produzida em 2017 (529,4 TWh), 71,6% teve origem nuclear (60 reatores) e em toda a Uni\u00e3o Europeia, 35% da eletricidade \u00e9 gerada pela fonte nuclear.<\/p>\n<p>Do ponto de vista ambiental, a\u00a0<strong>energia nuclear<\/strong>\u00a0foi a terceira maior fonte de energia el\u00e9trica mundial em 2017, tendo alcan\u00e7ado a marca de 2506 TWh gerados com um fator de capacidade de 81% e evitado a emiss\u00e3o de\u00a0 2,1 bilh\u00f5es de toneladas de CO\u00b2 \u2013 equivalentes, no ano.<\/p>\n","protected":false},"excerpt":{"rendered":"<p>&nbsp; + Informa\u00e7\u00f5es: O Instituto de Engenharia realizar\u00e1, em sua sede, no dia 5 de julho, um simp\u00f3sio com vistas a discutir e divulgar a situa\u00e7\u00e3o atual e as perspectivas futuras do uso da\u00a0energia nuclear\u00a0no Pa\u00eds; tanto no setor el\u00e9trico e nos demais usos civis da mesma, como na utiliza\u00e7\u00e3o dos radiois\u00f3topos e outros subprodutos [&hellip;]<\/p>\n","protected":false},"author":13,"featured_media":42705,"comment_status":"open","ping_status":"open","sticky":false,"template":"","format":"standard","meta":{"footnotes":""},"categories":[968,970],"tags":[],"class_list":{"0":"post-43132","1":"post","2":"type-post","3":"status-publish","4":"format-standard","5":"has-post-thumbnail","7":"category-nova-tv-engenharia","8":"category-seminario"},"yoast_head":"<!-- This site is optimized with the Yoast SEO plugin v27.2 - https:\/\/yoast.com\/product\/yoast-seo-wordpress\/ -->\n<title>Simp\u00f3sio \u2013 A Energia Nuclear no Brasil - Instituto de Engenharia<\/title>\n<meta name=\"robots\" content=\"index, follow, max-snippet:-1, max-image-preview:large, max-video-preview:-1\" \/>\n<link rel=\"canonical\" href=\"https:\/\/www.institutodeengenharia.org.br\/site\/2019\/07\/05\/simposio-a-energia-nuclear-no-brasil\/\" \/>\n<meta property=\"og:locale\" content=\"pt_BR\" \/>\n<meta property=\"og:type\" content=\"article\" \/>\n<meta property=\"og:title\" content=\"Simp\u00f3sio \u2013 A Energia Nuclear no Brasil - Instituto de Engenharia\" \/>\n<meta property=\"og:description\" content=\"&nbsp; + Informa\u00e7\u00f5es: O Instituto de Engenharia realizar\u00e1, em sua sede, no dia 5 de julho, um simp\u00f3sio com vistas a discutir e divulgar a situa\u00e7\u00e3o atual e as perspectivas futuras do uso da\u00a0energia nuclear\u00a0no Pa\u00eds; tanto no setor el\u00e9trico e nos demais usos civis da mesma, como na utiliza\u00e7\u00e3o dos radiois\u00f3topos e outros subprodutos [&hellip;]\" \/>\n<meta property=\"og:url\" content=\"https:\/\/www.institutodeengenharia.org.br\/site\/2019\/07\/05\/simposio-a-energia-nuclear-no-brasil\/\" \/>\n<meta property=\"og:site_name\" content=\"Instituto de Engenharia\" \/>\n<meta property=\"article:publisher\" content=\"https:\/\/www.facebook.com\/institutodeengenharia\" \/>\n<meta property=\"article:published_time\" content=\"2019-07-05T12:37:18+00:00\" \/>\n<meta property=\"article:modified_time\" content=\"2019-07-11T12:41:17+00:00\" \/>\n<meta property=\"og:image\" content=\"https:\/\/www.institutodeengenharia.org.br\/site\/wp-content\/uploads\/2019\/05\/Usina-Nuclear-iStock-e1563471812104.jpg\" \/>\n\t<meta property=\"og:image:width\" content=\"1222\" \/>\n\t<meta property=\"og:image:height\" content=\"640\" \/>\n\t<meta property=\"og:image:type\" content=\"image\/jpeg\" \/>\n<meta name=\"author\" content=\"Bianca\" \/>\n<meta name=\"twitter:card\" content=\"summary_large_image\" \/>\n<meta name=\"twitter:creator\" content=\"@iengenharia\" \/>\n<meta name=\"twitter:site\" content=\"@iengenharia\" \/>\n<meta name=\"twitter:label1\" content=\"Escrito por\" \/>\n\t<meta name=\"twitter:data1\" content=\"Bianca\" \/>\n\t<meta name=\"twitter:label2\" content=\"Est. tempo de leitura\" \/>\n\t<meta name=\"twitter:data2\" content=\"1 minuto\" \/>\n<script type=\"application\/ld+json\" class=\"yoast-schema-graph\">{\"@context\":\"https:\/\/schema.org\",\"@graph\":[{\"@type\":\"Article\",\"@id\":\"https:\/\/www.institutodeengenharia.org.br\/site\/2019\/07\/05\/simposio-a-energia-nuclear-no-brasil\/#article\",\"isPartOf\":{\"@id\":\"https:\/\/www.institutodeengenharia.org.br\/site\/2019\/07\/05\/simposio-a-energia-nuclear-no-brasil\/\"},\"author\":{\"name\":\"Bianca\",\"@id\":\"https:\/\/www.institutodeengenharia.org.br\/site\/#\/schema\/person\/aeb64951c405e100d26d30b033dd423f\"},\"headline\":\"Simp\u00f3sio \u2013 A Energia Nuclear no Brasil\",\"datePublished\":\"2019-07-05T12:37:18+00:00\",\"dateModified\":\"2019-07-11T12:41:17+00:00\",\"mainEntityOfPage\":{\"@id\":\"https:\/\/www.institutodeengenharia.org.br\/site\/2019\/07\/05\/simposio-a-energia-nuclear-no-brasil\/\"},\"wordCount\":294,\"commentCount\":0,\"publisher\":{\"@id\":\"https:\/\/www.institutodeengenharia.org.br\/site\/#organization\"},\"image\":{\"@id\":\"https:\/\/www.institutodeengenharia.org.br\/site\/2019\/07\/05\/simposio-a-energia-nuclear-no-brasil\/#primaryimage\"},\"thumbnailUrl\":\"https:\/\/www.institutodeengenharia.org.br\/site\/wp-content\/uploads\/2019\/05\/Usina-Nuclear-iStock-e1563471812104.jpg\",\"articleSection\":[\"Nova TV Engenharia\",\"Semin\u00e1rio\"],\"inLanguage\":\"pt-BR\",\"potentialAction\":[{\"@type\":\"CommentAction\",\"name\":\"Comment\",\"target\":[\"https:\/\/www.institutodeengenharia.org.br\/site\/2019\/07\/05\/simposio-a-energia-nuclear-no-brasil\/#respond\"]}]},{\"@type\":\"WebPage\",\"@id\":\"https:\/\/www.institutodeengenharia.org.br\/site\/2019\/07\/05\/simposio-a-energia-nuclear-no-brasil\/\",\"url\":\"https:\/\/www.institutodeengenharia.org.br\/site\/2019\/07\/05\/simposio-a-energia-nuclear-no-brasil\/\",\"name\":\"Simp\u00f3sio \u2013 A Energia Nuclear no Brasil - Instituto de Engenharia\",\"isPartOf\":{\"@id\":\"https:\/\/www.institutodeengenharia.org.br\/site\/#website\"},\"primaryImageOfPage\":{\"@id\":\"https:\/\/www.institutodeengenharia.org.br\/site\/2019\/07\/05\/simposio-a-energia-nuclear-no-brasil\/#primaryimage\"},\"image\":{\"@id\":\"https:\/\/www.institutodeengenharia.org.br\/site\/2019\/07\/05\/simposio-a-energia-nuclear-no-brasil\/#primaryimage\"},\"thumbnailUrl\":\"https:\/\/www.institutodeengenharia.org.br\/site\/wp-content\/uploads\/2019\/05\/Usina-Nuclear-iStock-e1563471812104.jpg\",\"datePublished\":\"2019-07-05T12:37:18+00:00\",\"dateModified\":\"2019-07-11T12:41:17+00:00\",\"breadcrumb\":{\"@id\":\"https:\/\/www.institutodeengenharia.org.br\/site\/2019\/07\/05\/simposio-a-energia-nuclear-no-brasil\/#breadcrumb\"},\"inLanguage\":\"pt-BR\",\"potentialAction\":[{\"@type\":\"ReadAction\",\"target\":[\"https:\/\/www.institutodeengenharia.org.br\/site\/2019\/07\/05\/simposio-a-energia-nuclear-no-brasil\/\"]}]},{\"@type\":\"ImageObject\",\"inLanguage\":\"pt-BR\",\"@id\":\"https:\/\/www.institutodeengenharia.org.br\/site\/2019\/07\/05\/simposio-a-energia-nuclear-no-brasil\/#primaryimage\",\"url\":\"https:\/\/www.institutodeengenharia.org.br\/site\/wp-content\/uploads\/2019\/05\/Usina-Nuclear-iStock-e1563471812104.jpg\",\"contentUrl\":\"https:\/\/www.institutodeengenharia.org.br\/site\/wp-content\/uploads\/2019\/05\/Usina-Nuclear-iStock-e1563471812104.jpg\",\"width\":1222,\"height\":640},{\"@type\":\"BreadcrumbList\",\"@id\":\"https:\/\/www.institutodeengenharia.org.br\/site\/2019\/07\/05\/simposio-a-energia-nuclear-no-brasil\/#breadcrumb\",\"itemListElement\":[{\"@type\":\"ListItem\",\"position\":1,\"name\":\"In\u00edcio\",\"item\":\"https:\/\/www.institutodeengenharia.org.br\/site\/\"},{\"@type\":\"ListItem\",\"position\":2,\"name\":\"Simp\u00f3sio \u2013 A Energia Nuclear no Brasil\"}]},{\"@type\":\"WebSite\",\"@id\":\"https:\/\/www.institutodeengenharia.org.br\/site\/#website\",\"url\":\"https:\/\/www.institutodeengenharia.org.br\/site\/\",\"name\":\"Instituto de Engenharia\",\"description\":\"O Instituto de Engenharia promove a Engenharia em benef\u00edcio do desenvolvimento e da qualidade de vida da sociedade.\",\"publisher\":{\"@id\":\"https:\/\/www.institutodeengenharia.org.br\/site\/#organization\"},\"potentialAction\":[{\"@type\":\"SearchAction\",\"target\":{\"@type\":\"EntryPoint\",\"urlTemplate\":\"https:\/\/www.institutodeengenharia.org.br\/site\/?s={search_term_string}\"},\"query-input\":{\"@type\":\"PropertyValueSpecification\",\"valueRequired\":true,\"valueName\":\"search_term_string\"}}],\"inLanguage\":\"pt-BR\"},{\"@type\":\"Organization\",\"@id\":\"https:\/\/www.institutodeengenharia.org.br\/site\/#organization\",\"name\":\"Instituto de Engenharia\",\"url\":\"https:\/\/www.institutodeengenharia.org.br\/site\/\",\"logo\":{\"@type\":\"ImageObject\",\"inLanguage\":\"pt-BR\",\"@id\":\"https:\/\/www.institutodeengenharia.org.br\/site\/#\/schema\/logo\/image\/\",\"url\":\"https:\/\/www.institutodeengenharia.org.br\/site\/wp-content\/uploads\/2019\/03\/logo-novo-IE2018-1.jpg\",\"contentUrl\":\"https:\/\/www.institutodeengenharia.org.br\/site\/wp-content\/uploads\/2019\/03\/logo-novo-IE2018-1.jpg\",\"width\":1486,\"height\":1879,\"caption\":\"Instituto de Engenharia\"},\"image\":{\"@id\":\"https:\/\/www.institutodeengenharia.org.br\/site\/#\/schema\/logo\/image\/\"},\"sameAs\":[\"https:\/\/www.facebook.com\/institutodeengenharia\",\"https:\/\/x.com\/iengenharia\",\"https:\/\/www.instagram.com\/institutodeengenharia\/\",\"https:\/\/www.linkedin.com\/company\/instituto-de-engenharia\/\",\"https:\/\/www.youtube.com\/channel\/UCXiCAlsSMe977vamW915HxA\"]},{\"@type\":\"Person\",\"@id\":\"https:\/\/www.institutodeengenharia.org.br\/site\/#\/schema\/person\/aeb64951c405e100d26d30b033dd423f\",\"name\":\"Bianca\",\"image\":{\"@type\":\"ImageObject\",\"inLanguage\":\"pt-BR\",\"@id\":\"https:\/\/secure.gravatar.com\/avatar\/a6fbe9bff57405baf4c1e2c5c1811e072b558253974a9f9508f4678900c97c2a?s=96&d=mm&r=g\",\"url\":\"https:\/\/secure.gravatar.com\/avatar\/a6fbe9bff57405baf4c1e2c5c1811e072b558253974a9f9508f4678900c97c2a?s=96&d=mm&r=g\",\"contentUrl\":\"https:\/\/secure.gravatar.com\/avatar\/a6fbe9bff57405baf4c1e2c5c1811e072b558253974a9f9508f4678900c97c2a?s=96&d=mm&r=g\",\"caption\":\"Bianca\"},\"url\":\"https:\/\/www.institutodeengenharia.org.br\/site\/author\/comunicacao1\/\"}]}<\/script>\n<!-- \/ Yoast SEO plugin. -->","yoast_head_json":{"title":"Simp\u00f3sio \u2013 A Energia Nuclear no Brasil - Instituto de Engenharia","robots":{"index":"index","follow":"follow","max-snippet":"max-snippet:-1","max-image-preview":"max-image-preview:large","max-video-preview":"max-video-preview:-1"},"canonical":"https:\/\/www.institutodeengenharia.org.br\/site\/2019\/07\/05\/simposio-a-energia-nuclear-no-brasil\/","og_locale":"pt_BR","og_type":"article","og_title":"Simp\u00f3sio \u2013 A Energia Nuclear no Brasil - Instituto de Engenharia","og_description":"&nbsp; + Informa\u00e7\u00f5es: O Instituto de Engenharia realizar\u00e1, em sua sede, no dia 5 de julho, um simp\u00f3sio com vistas a discutir e divulgar a situa\u00e7\u00e3o atual e as perspectivas futuras do uso da\u00a0energia nuclear\u00a0no Pa\u00eds; tanto no setor el\u00e9trico e nos demais usos civis da mesma, como na utiliza\u00e7\u00e3o dos radiois\u00f3topos e outros subprodutos [&hellip;]","og_url":"https:\/\/www.institutodeengenharia.org.br\/site\/2019\/07\/05\/simposio-a-energia-nuclear-no-brasil\/","og_site_name":"Instituto de Engenharia","article_publisher":"https:\/\/www.facebook.com\/institutodeengenharia","article_published_time":"2019-07-05T12:37:18+00:00","article_modified_time":"2019-07-11T12:41:17+00:00","og_image":[{"width":1222,"height":640,"url":"https:\/\/www.institutodeengenharia.org.br\/site\/wp-content\/uploads\/2019\/05\/Usina-Nuclear-iStock-e1563471812104.jpg","type":"image\/jpeg"}],"author":"Bianca","twitter_card":"summary_large_image","twitter_creator":"@iengenharia","twitter_site":"@iengenharia","twitter_misc":{"Escrito por":"Bianca","Est. tempo de leitura":"1 minuto"},"schema":{"@context":"https:\/\/schema.org","@graph":[{"@type":"Article","@id":"https:\/\/www.institutodeengenharia.org.br\/site\/2019\/07\/05\/simposio-a-energia-nuclear-no-brasil\/#article","isPartOf":{"@id":"https:\/\/www.institutodeengenharia.org.br\/site\/2019\/07\/05\/simposio-a-energia-nuclear-no-brasil\/"},"author":{"name":"Bianca","@id":"https:\/\/www.institutodeengenharia.org.br\/site\/#\/schema\/person\/aeb64951c405e100d26d30b033dd423f"},"headline":"Simp\u00f3sio \u2013 A Energia Nuclear no Brasil","datePublished":"2019-07-05T12:37:18+00:00","dateModified":"2019-07-11T12:41:17+00:00","mainEntityOfPage":{"@id":"https:\/\/www.institutodeengenharia.org.br\/site\/2019\/07\/05\/simposio-a-energia-nuclear-no-brasil\/"},"wordCount":294,"commentCount":0,"publisher":{"@id":"https:\/\/www.institutodeengenharia.org.br\/site\/#organization"},"image":{"@id":"https:\/\/www.institutodeengenharia.org.br\/site\/2019\/07\/05\/simposio-a-energia-nuclear-no-brasil\/#primaryimage"},"thumbnailUrl":"https:\/\/www.institutodeengenharia.org.br\/site\/wp-content\/uploads\/2019\/05\/Usina-Nuclear-iStock-e1563471812104.jpg","articleSection":["Nova TV Engenharia","Semin\u00e1rio"],"inLanguage":"pt-BR","potentialAction":[{"@type":"CommentAction","name":"Comment","target":["https:\/\/www.institutodeengenharia.org.br\/site\/2019\/07\/05\/simposio-a-energia-nuclear-no-brasil\/#respond"]}]},{"@type":"WebPage","@id":"https:\/\/www.institutodeengenharia.org.br\/site\/2019\/07\/05\/simposio-a-energia-nuclear-no-brasil\/","url":"https:\/\/www.institutodeengenharia.org.br\/site\/2019\/07\/05\/simposio-a-energia-nuclear-no-brasil\/","name":"Simp\u00f3sio \u2013 A Energia Nuclear no Brasil - Instituto de Engenharia","isPartOf":{"@id":"https:\/\/www.institutodeengenharia.org.br\/site\/#website"},"primaryImageOfPage":{"@id":"https:\/\/www.institutodeengenharia.org.br\/site\/2019\/07\/05\/simposio-a-energia-nuclear-no-brasil\/#primaryimage"},"image":{"@id":"https:\/\/www.institutodeengenharia.org.br\/site\/2019\/07\/05\/simposio-a-energia-nuclear-no-brasil\/#primaryimage"},"thumbnailUrl":"https:\/\/www.institutodeengenharia.org.br\/site\/wp-content\/uploads\/2019\/05\/Usina-Nuclear-iStock-e1563471812104.jpg","datePublished":"2019-07-05T12:37:18+00:00","dateModified":"2019-07-11T12:41:17+00:00","breadcrumb":{"@id":"https:\/\/www.institutodeengenharia.org.br\/site\/2019\/07\/05\/simposio-a-energia-nuclear-no-brasil\/#breadcrumb"},"inLanguage":"pt-BR","potentialAction":[{"@type":"ReadAction","target":["https:\/\/www.institutodeengenharia.org.br\/site\/2019\/07\/05\/simposio-a-energia-nuclear-no-brasil\/"]}]},{"@type":"ImageObject","inLanguage":"pt-BR","@id":"https:\/\/www.institutodeengenharia.org.br\/site\/2019\/07\/05\/simposio-a-energia-nuclear-no-brasil\/#primaryimage","url":"https:\/\/www.institutodeengenharia.org.br\/site\/wp-content\/uploads\/2019\/05\/Usina-Nuclear-iStock-e1563471812104.jpg","contentUrl":"https:\/\/www.institutodeengenharia.org.br\/site\/wp-content\/uploads\/2019\/05\/Usina-Nuclear-iStock-e1563471812104.jpg","width":1222,"height":640},{"@type":"BreadcrumbList","@id":"https:\/\/www.institutodeengenharia.org.br\/site\/2019\/07\/05\/simposio-a-energia-nuclear-no-brasil\/#breadcrumb","itemListElement":[{"@type":"ListItem","position":1,"name":"In\u00edcio","item":"https:\/\/www.institutodeengenharia.org.br\/site\/"},{"@type":"ListItem","position":2,"name":"Simp\u00f3sio \u2013 A Energia Nuclear no Brasil"}]},{"@type":"WebSite","@id":"https:\/\/www.institutodeengenharia.org.br\/site\/#website","url":"https:\/\/www.institutodeengenharia.org.br\/site\/","name":"Instituto de Engenharia","description":"O Instituto de Engenharia promove a Engenharia em benef\u00edcio do desenvolvimento e da qualidade de vida da sociedade.","publisher":{"@id":"https:\/\/www.institutodeengenharia.org.br\/site\/#organization"},"potentialAction":[{"@type":"SearchAction","target":{"@type":"EntryPoint","urlTemplate":"https:\/\/www.institutodeengenharia.org.br\/site\/?s={search_term_string}"},"query-input":{"@type":"PropertyValueSpecification","valueRequired":true,"valueName":"search_term_string"}}],"inLanguage":"pt-BR"},{"@type":"Organization","@id":"https:\/\/www.institutodeengenharia.org.br\/site\/#organization","name":"Instituto de Engenharia","url":"https:\/\/www.institutodeengenharia.org.br\/site\/","logo":{"@type":"ImageObject","inLanguage":"pt-BR","@id":"https:\/\/www.institutodeengenharia.org.br\/site\/#\/schema\/logo\/image\/","url":"https:\/\/www.institutodeengenharia.org.br\/site\/wp-content\/uploads\/2019\/03\/logo-novo-IE2018-1.jpg","contentUrl":"https:\/\/www.institutodeengenharia.org.br\/site\/wp-content\/uploads\/2019\/03\/logo-novo-IE2018-1.jpg","width":1486,"height":1879,"caption":"Instituto de Engenharia"},"image":{"@id":"https:\/\/www.institutodeengenharia.org.br\/site\/#\/schema\/logo\/image\/"},"sameAs":["https:\/\/www.facebook.com\/institutodeengenharia","https:\/\/x.com\/iengenharia","https:\/\/www.instagram.com\/institutodeengenharia\/","https:\/\/www.linkedin.com\/company\/instituto-de-engenharia\/","https:\/\/www.youtube.com\/channel\/UCXiCAlsSMe977vamW915HxA"]},{"@type":"Person","@id":"https:\/\/www.institutodeengenharia.org.br\/site\/#\/schema\/person\/aeb64951c405e100d26d30b033dd423f","name":"Bianca","image":{"@type":"ImageObject","inLanguage":"pt-BR","@id":"https:\/\/secure.gravatar.com\/avatar\/a6fbe9bff57405baf4c1e2c5c1811e072b558253974a9f9508f4678900c97c2a?s=96&d=mm&r=g","url":"https:\/\/secure.gravatar.com\/avatar\/a6fbe9bff57405baf4c1e2c5c1811e072b558253974a9f9508f4678900c97c2a?s=96&d=mm&r=g","contentUrl":"https:\/\/secure.gravatar.com\/avatar\/a6fbe9bff57405baf4c1e2c5c1811e072b558253974a9f9508f4678900c97c2a?s=96&d=mm&r=g","caption":"Bianca"},"url":"https:\/\/www.institutodeengenharia.org.br\/site\/author\/comunicacao1\/"}]}},"_links":{"self":[{"href":"https:\/\/www.institutodeengenharia.org.br\/site\/wp-json\/wp\/v2\/posts\/43132","targetHints":{"allow":["GET"]}}],"collection":[{"href":"https:\/\/www.institutodeengenharia.org.br\/site\/wp-json\/wp\/v2\/posts"}],"about":[{"href":"https:\/\/www.institutodeengenharia.org.br\/site\/wp-json\/wp\/v2\/types\/post"}],"author":[{"embeddable":true,"href":"https:\/\/www.institutodeengenharia.org.br\/site\/wp-json\/wp\/v2\/users\/13"}],"replies":[{"embeddable":true,"href":"https:\/\/www.institutodeengenharia.org.br\/site\/wp-json\/wp\/v2\/comments?post=43132"}],"version-history":[{"count":1,"href":"https:\/\/www.institutodeengenharia.org.br\/site\/wp-json\/wp\/v2\/posts\/43132\/revisions"}],"predecessor-version":[{"id":43133,"href":"https:\/\/www.institutodeengenharia.org.br\/site\/wp-json\/wp\/v2\/posts\/43132\/revisions\/43133"}],"wp:featuredmedia":[{"embeddable":true,"href":"https:\/\/www.institutodeengenharia.org.br\/site\/wp-json\/wp\/v2\/media\/42705"}],"wp:attachment":[{"href":"https:\/\/www.institutodeengenharia.org.br\/site\/wp-json\/wp\/v2\/media?parent=43132"}],"wp:term":[{"taxonomy":"category","embeddable":true,"href":"https:\/\/www.institutodeengenharia.org.br\/site\/wp-json\/wp\/v2\/categories?post=43132"},{"taxonomy":"post_tag","embeddable":true,"href":"https:\/\/www.institutodeengenharia.org.br\/site\/wp-json\/wp\/v2\/tags?post=43132"}],"curies":[{"name":"wp","href":"https:\/\/api.w.org\/{rel}","templated":true}]}}