{"id":43117,"date":"2019-07-01T10:39:28","date_gmt":"2019-07-01T13:39:28","guid":{"rendered":"https:\/\/www.institutodeengenharia.org.br\/site\/?p=43117"},"modified":"2019-07-10T11:02:15","modified_gmt":"2019-07-10T14:02:15","slug":"workshop-aeromovel-2","status":"publish","type":"post","link":"https:\/\/www.institutodeengenharia.org.br\/site\/2019\/07\/01\/workshop-aeromovel-2\/","title":{"rendered":"Workshop Aerom\u00f3vel"},"content":{"rendered":"<p><iframe loading=\"lazy\" src=\"https:\/\/player.vimeo.com\/video\/344643579\" width=\"640\" height=\"360\" frameborder=\"0\" allowfullscreen=\"allowfullscreen\"><\/iframe><\/p>\n<p>&nbsp;<\/p>\n<h2>+ Informa\u00e7\u00f5es:<\/h2>\n<p><strong>Sess\u00e3o de Abertura<\/strong><\/p>\n<ul>\n<li><strong>Eduardo Lafraia \u2013\u00a0<\/strong>Presidente do Instituto de Engenharia<\/li>\n<li><strong>Jean Pejo \u2013\u00a0<\/strong>Secret\u00e1rio Nacional de Mobilidade e Servi\u00e7os Urbanos<\/li>\n<li><strong>Vicente Abate \u2013\u00a0<\/strong>\u00a0Presidente da Associa\u00e7\u00e3o Brasileira da Ind\u00fastria Ferrovi\u00e1ria- ABIFER<\/li>\n<li><strong>Pedro Machado \u2013\u00a0<\/strong>Presidente da Associa\u00e7\u00e3o dos Engenheiros e Arquitetos de Metr\u00f4 \u2013 AEAMESP<\/li>\n<li><strong>Luiz Carlos Mantovani N\u00e9spoli<\/strong>\u00a0\u2013 Superintendente da Associa\u00e7\u00e3o Nacional de Transportes P\u00fablicos \u2013 ANTP<\/li>\n<\/ul>\n<p><strong><u>Aerom\u00f3vel Solu\u00e7\u00e3o Nacional de APM\u00a0<\/u><\/strong><strong>\u2013\u00a0<\/strong><strong>Aeromovel Brasil S.A. e Marcopolo Rail<\/strong><\/p>\n<ul>\n<li>9h30 \u2013 10h \u2013 O Aeromovel no contexto global de mobilidade \u2013\u00a0<strong>Marcos Coster\u00a0<\/strong><\/li>\n<li>10h \u2013 10h15 \u2013 Material Rodante Marcopolo Rail \u2013\u00a0<strong>Petras Amaral Santos\u00a0<\/strong><\/li>\n<li>10h15 \u2013 10h30 \u2013 Constru\u00e7\u00e3o Civil \u2013\u00a0<strong>Eduardo Chrysostomo\u00a0<\/strong><\/li>\n<li>10h30 \u2013 11h30 \u2013 Tecnologia, Opera\u00e7\u00e3o e Manuten\u00e7\u00e3o \u2013\u00a0<strong>Diego Abs\u00a0<\/strong><\/li>\n<\/ul>\n<p><strong><u>Mesa redonda e esclarecimentos<\/u><\/strong><\/p>\n<ul>\n<li><strong>Ivan Whately \u2013 Mediador<\/strong>\u00a0\u2013 diretor do Departamento de Mobilidade e Log\u00edstica do IE<\/li>\n<li><strong>Jos\u00e9 Claudio da Silva Sicco<\/strong>\u00a0\u2013 Superintendente de Desenvolvimento e Expans\u00e3o da\u00a0TRENSURB<\/li>\n<li><strong>Prof. Luiz Carlos Pinto da Silva Filho<\/strong>\u00a0\u2013 Diretor da Escola de Engenharia da UFRGS<\/li>\n<li><strong>Peter Alouche<\/strong>\u00a0\u2013 Consultor especialista em Sistemas Metroferrovi\u00e1rios<\/li>\n<li><strong>Alberto Epifani<\/strong>\u00a0\u2013 coordenador do N\u00facleo de Planejamento Estrat\u00e9gico da STM<\/li>\n<\/ul>\n<p>&nbsp;<\/p>\n<p><strong>Realiza\u00e7\u00e3o<\/strong><\/p>\n<p><strong>Eng. Jer\u00f4nimo Cabral Pereira Fagundes Neto\u00a0<\/strong>\u2013 Vice-presid\u00eancia de Atividades T\u00e9cnicas<br \/>\n<strong>Eng. \u00a0Ivan Metran Whately<\/strong>\u00a0\u2013 Diretor do Depto. de\u00a0Engenharia de Mobilidade e Log\u00edstica<\/p>\n","protected":false},"excerpt":{"rendered":"<p>&nbsp; + Informa\u00e7\u00f5es: Sess\u00e3o de Abertura Eduardo Lafraia \u2013\u00a0Presidente do Instituto de Engenharia Jean Pejo \u2013\u00a0Secret\u00e1rio Nacional de Mobilidade e Servi\u00e7os Urbanos Vicente Abate \u2013\u00a0\u00a0Presidente da Associa\u00e7\u00e3o Brasileira da Ind\u00fastria Ferrovi\u00e1ria- ABIFER Pedro Machado \u2013\u00a0Presidente da Associa\u00e7\u00e3o dos Engenheiros e Arquitetos de Metr\u00f4 \u2013 AEAMESP Luiz Carlos Mantovani N\u00e9spoli\u00a0\u2013 Superintendente da Associa\u00e7\u00e3o Nacional de Transportes [&hellip;]<\/p>\n","protected":false},"author":13,"featured_media":42871,"comment_status":"open","ping_status":"open","sticky":false,"template":"","format":"standard","meta":{"footnotes":""},"categories":[48,968,970],"tags":[],"class_list":{"0":"post-43117","1":"post","2":"type-post","3":"status-publish","4":"format-standard","5":"has-post-thumbnail","7":"category-departamento-desenvolvimento-urbano-e-regional","8":"category-nova-tv-engenharia","9":"category-seminario"},"yoast_head":"<!-- This site is optimized with the Yoast SEO plugin v27.2 - https:\/\/yoast.com\/product\/yoast-seo-wordpress\/ -->\n<title>Workshop Aerom\u00f3vel - Instituto de Engenharia<\/title>\n<meta name=\"robots\" content=\"index, follow, max-snippet:-1, max-image-preview:large, max-video-preview:-1\" \/>\n<link rel=\"canonical\" href=\"https:\/\/www.institutodeengenharia.org.br\/site\/2019\/07\/01\/workshop-aeromovel-2\/\" \/>\n<meta property=\"og:locale\" content=\"pt_BR\" \/>\n<meta property=\"og:type\" content=\"article\" \/>\n<meta property=\"og:title\" content=\"Workshop Aerom\u00f3vel - Instituto de Engenharia\" \/>\n<meta property=\"og:description\" content=\"&nbsp; + Informa\u00e7\u00f5es: Sess\u00e3o de Abertura Eduardo Lafraia \u2013\u00a0Presidente do Instituto de Engenharia Jean Pejo \u2013\u00a0Secret\u00e1rio Nacional de Mobilidade e Servi\u00e7os Urbanos Vicente Abate \u2013\u00a0\u00a0Presidente da Associa\u00e7\u00e3o Brasileira da Ind\u00fastria Ferrovi\u00e1ria- ABIFER Pedro Machado \u2013\u00a0Presidente da Associa\u00e7\u00e3o dos Engenheiros e Arquitetos de Metr\u00f4 \u2013 AEAMESP Luiz Carlos Mantovani N\u00e9spoli\u00a0\u2013 Superintendente da Associa\u00e7\u00e3o Nacional de Transportes [&hellip;]\" \/>\n<meta property=\"og:url\" content=\"https:\/\/www.institutodeengenharia.org.br\/site\/2019\/07\/01\/workshop-aeromovel-2\/\" \/>\n<meta property=\"og:site_name\" content=\"Instituto de Engenharia\" \/>\n<meta property=\"article:publisher\" content=\"https:\/\/www.facebook.com\/institutodeengenharia\" \/>\n<meta property=\"article:published_time\" content=\"2019-07-01T13:39:28+00:00\" \/>\n<meta property=\"article:modified_time\" content=\"2019-07-10T14:02:15+00:00\" \/>\n<meta property=\"og:image\" content=\"https:\/\/www.institutodeengenharia.org.br\/site\/wp-content\/uploads\/2019\/06\/377e7eda95bafa46a9e52c5f7a76708f.jpg\" \/>\n\t<meta property=\"og:image:width\" content=\"1024\" \/>\n\t<meta property=\"og:image:height\" content=\"602\" \/>\n\t<meta property=\"og:image:type\" content=\"image\/jpeg\" \/>\n<meta name=\"author\" content=\"Bianca\" \/>\n<meta name=\"twitter:card\" content=\"summary_large_image\" \/>\n<meta name=\"twitter:creator\" content=\"@iengenharia\" \/>\n<meta name=\"twitter:site\" content=\"@iengenharia\" \/>\n<meta name=\"twitter:label1\" content=\"Escrito por\" \/>\n\t<meta name=\"twitter:data1\" content=\"Bianca\" \/>\n\t<meta name=\"twitter:label2\" content=\"Est. tempo de leitura\" \/>\n\t<meta name=\"twitter:data2\" content=\"1 minuto\" \/>\n<script type=\"application\/ld+json\" class=\"yoast-schema-graph\">{\"@context\":\"https:\/\/schema.org\",\"@graph\":[{\"@type\":\"Article\",\"@id\":\"https:\/\/www.institutodeengenharia.org.br\/site\/2019\/07\/01\/workshop-aeromovel-2\/#article\",\"isPartOf\":{\"@id\":\"https:\/\/www.institutodeengenharia.org.br\/site\/2019\/07\/01\/workshop-aeromovel-2\/\"},\"author\":{\"name\":\"Bianca\",\"@id\":\"https:\/\/www.institutodeengenharia.org.br\/site\/#\/schema\/person\/aeb64951c405e100d26d30b033dd423f\"},\"headline\":\"Workshop Aerom\u00f3vel\",\"datePublished\":\"2019-07-01T13:39:28+00:00\",\"dateModified\":\"2019-07-10T14:02:15+00:00\",\"mainEntityOfPage\":{\"@id\":\"https:\/\/www.institutodeengenharia.org.br\/site\/2019\/07\/01\/workshop-aeromovel-2\/\"},\"wordCount\":214,\"commentCount\":0,\"publisher\":{\"@id\":\"https:\/\/www.institutodeengenharia.org.br\/site\/#organization\"},\"image\":{\"@id\":\"https:\/\/www.institutodeengenharia.org.br\/site\/2019\/07\/01\/workshop-aeromovel-2\/#primaryimage\"},\"thumbnailUrl\":\"https:\/\/www.institutodeengenharia.org.br\/site\/wp-content\/uploads\/2019\/06\/377e7eda95bafa46a9e52c5f7a76708f.jpg\",\"articleSection\":[\"Departamento de Desenvolvimento Urbano e Regional\",\"Nova TV Engenharia\",\"Semin\u00e1rio\"],\"inLanguage\":\"pt-BR\",\"potentialAction\":[{\"@type\":\"CommentAction\",\"name\":\"Comment\",\"target\":[\"https:\/\/www.institutodeengenharia.org.br\/site\/2019\/07\/01\/workshop-aeromovel-2\/#respond\"]}]},{\"@type\":\"WebPage\",\"@id\":\"https:\/\/www.institutodeengenharia.org.br\/site\/2019\/07\/01\/workshop-aeromovel-2\/\",\"url\":\"https:\/\/www.institutodeengenharia.org.br\/site\/2019\/07\/01\/workshop-aeromovel-2\/\",\"name\":\"Workshop Aerom\u00f3vel - Instituto de Engenharia\",\"isPartOf\":{\"@id\":\"https:\/\/www.institutodeengenharia.org.br\/site\/#website\"},\"primaryImageOfPage\":{\"@id\":\"https:\/\/www.institutodeengenharia.org.br\/site\/2019\/07\/01\/workshop-aeromovel-2\/#primaryimage\"},\"image\":{\"@id\":\"https:\/\/www.institutodeengenharia.org.br\/site\/2019\/07\/01\/workshop-aeromovel-2\/#primaryimage\"},\"thumbnailUrl\":\"https:\/\/www.institutodeengenharia.org.br\/site\/wp-content\/uploads\/2019\/06\/377e7eda95bafa46a9e52c5f7a76708f.jpg\",\"datePublished\":\"2019-07-01T13:39:28+00:00\",\"dateModified\":\"2019-07-10T14:02:15+00:00\",\"breadcrumb\":{\"@id\":\"https:\/\/www.institutodeengenharia.org.br\/site\/2019\/07\/01\/workshop-aeromovel-2\/#breadcrumb\"},\"inLanguage\":\"pt-BR\",\"potentialAction\":[{\"@type\":\"ReadAction\",\"target\":[\"https:\/\/www.institutodeengenharia.org.br\/site\/2019\/07\/01\/workshop-aeromovel-2\/\"]}]},{\"@type\":\"ImageObject\",\"inLanguage\":\"pt-BR\",\"@id\":\"https:\/\/www.institutodeengenharia.org.br\/site\/2019\/07\/01\/workshop-aeromovel-2\/#primaryimage\",\"url\":\"https:\/\/www.institutodeengenharia.org.br\/site\/wp-content\/uploads\/2019\/06\/377e7eda95bafa46a9e52c5f7a76708f.jpg\",\"contentUrl\":\"https:\/\/www.institutodeengenharia.org.br\/site\/wp-content\/uploads\/2019\/06\/377e7eda95bafa46a9e52c5f7a76708f.jpg\",\"width\":1024,\"height\":602},{\"@type\":\"BreadcrumbList\",\"@id\":\"https:\/\/www.institutodeengenharia.org.br\/site\/2019\/07\/01\/workshop-aeromovel-2\/#breadcrumb\",\"itemListElement\":[{\"@type\":\"ListItem\",\"position\":1,\"name\":\"In\u00edcio\",\"item\":\"https:\/\/www.institutodeengenharia.org.br\/site\/\"},{\"@type\":\"ListItem\",\"position\":2,\"name\":\"Workshop Aerom\u00f3vel\"}]},{\"@type\":\"WebSite\",\"@id\":\"https:\/\/www.institutodeengenharia.org.br\/site\/#website\",\"url\":\"https:\/\/www.institutodeengenharia.org.br\/site\/\",\"name\":\"Instituto de Engenharia\",\"description\":\"O Instituto de Engenharia promove a Engenharia em benef\u00edcio do desenvolvimento e da qualidade de vida da sociedade.\",\"publisher\":{\"@id\":\"https:\/\/www.institutodeengenharia.org.br\/site\/#organization\"},\"potentialAction\":[{\"@type\":\"SearchAction\",\"target\":{\"@type\":\"EntryPoint\",\"urlTemplate\":\"https:\/\/www.institutodeengenharia.org.br\/site\/?s={search_term_string}\"},\"query-input\":{\"@type\":\"PropertyValueSpecification\",\"valueRequired\":true,\"valueName\":\"search_term_string\"}}],\"inLanguage\":\"pt-BR\"},{\"@type\":\"Organization\",\"@id\":\"https:\/\/www.institutodeengenharia.org.br\/site\/#organization\",\"name\":\"Instituto de Engenharia\",\"url\":\"https:\/\/www.institutodeengenharia.org.br\/site\/\",\"logo\":{\"@type\":\"ImageObject\",\"inLanguage\":\"pt-BR\",\"@id\":\"https:\/\/www.institutodeengenharia.org.br\/site\/#\/schema\/logo\/image\/\",\"url\":\"https:\/\/www.institutodeengenharia.org.br\/site\/wp-content\/uploads\/2019\/03\/logo-novo-IE2018-1.jpg\",\"contentUrl\":\"https:\/\/www.institutodeengenharia.org.br\/site\/wp-content\/uploads\/2019\/03\/logo-novo-IE2018-1.jpg\",\"width\":1486,\"height\":1879,\"caption\":\"Instituto de Engenharia\"},\"image\":{\"@id\":\"https:\/\/www.institutodeengenharia.org.br\/site\/#\/schema\/logo\/image\/\"},\"sameAs\":[\"https:\/\/www.facebook.com\/institutodeengenharia\",\"https:\/\/x.com\/iengenharia\",\"https:\/\/www.instagram.com\/institutodeengenharia\/\",\"https:\/\/www.linkedin.com\/company\/instituto-de-engenharia\/\",\"https:\/\/www.youtube.com\/channel\/UCXiCAlsSMe977vamW915HxA\"]},{\"@type\":\"Person\",\"@id\":\"https:\/\/www.institutodeengenharia.org.br\/site\/#\/schema\/person\/aeb64951c405e100d26d30b033dd423f\",\"name\":\"Bianca\",\"image\":{\"@type\":\"ImageObject\",\"inLanguage\":\"pt-BR\",\"@id\":\"https:\/\/secure.gravatar.com\/avatar\/a6fbe9bff57405baf4c1e2c5c1811e072b558253974a9f9508f4678900c97c2a?s=96&d=mm&r=g\",\"url\":\"https:\/\/secure.gravatar.com\/avatar\/a6fbe9bff57405baf4c1e2c5c1811e072b558253974a9f9508f4678900c97c2a?s=96&d=mm&r=g\",\"contentUrl\":\"https:\/\/secure.gravatar.com\/avatar\/a6fbe9bff57405baf4c1e2c5c1811e072b558253974a9f9508f4678900c97c2a?s=96&d=mm&r=g\",\"caption\":\"Bianca\"},\"url\":\"https:\/\/www.institutodeengenharia.org.br\/site\/author\/comunicacao1\/\"}]}<\/script>\n<!-- \/ Yoast SEO plugin. -->","yoast_head_json":{"title":"Workshop Aerom\u00f3vel - Instituto de Engenharia","robots":{"index":"index","follow":"follow","max-snippet":"max-snippet:-1","max-image-preview":"max-image-preview:large","max-video-preview":"max-video-preview:-1"},"canonical":"https:\/\/www.institutodeengenharia.org.br\/site\/2019\/07\/01\/workshop-aeromovel-2\/","og_locale":"pt_BR","og_type":"article","og_title":"Workshop Aerom\u00f3vel - Instituto de Engenharia","og_description":"&nbsp; + Informa\u00e7\u00f5es: Sess\u00e3o de Abertura Eduardo Lafraia \u2013\u00a0Presidente do Instituto de Engenharia Jean Pejo \u2013\u00a0Secret\u00e1rio Nacional de Mobilidade e Servi\u00e7os Urbanos Vicente Abate \u2013\u00a0\u00a0Presidente da Associa\u00e7\u00e3o Brasileira da Ind\u00fastria Ferrovi\u00e1ria- ABIFER Pedro Machado \u2013\u00a0Presidente da Associa\u00e7\u00e3o dos Engenheiros e Arquitetos de Metr\u00f4 \u2013 AEAMESP Luiz Carlos Mantovani N\u00e9spoli\u00a0\u2013 Superintendente da Associa\u00e7\u00e3o Nacional de Transportes [&hellip;]","og_url":"https:\/\/www.institutodeengenharia.org.br\/site\/2019\/07\/01\/workshop-aeromovel-2\/","og_site_name":"Instituto de Engenharia","article_publisher":"https:\/\/www.facebook.com\/institutodeengenharia","article_published_time":"2019-07-01T13:39:28+00:00","article_modified_time":"2019-07-10T14:02:15+00:00","og_image":[{"width":1024,"height":602,"url":"https:\/\/www.institutodeengenharia.org.br\/site\/wp-content\/uploads\/2019\/06\/377e7eda95bafa46a9e52c5f7a76708f.jpg","type":"image\/jpeg"}],"author":"Bianca","twitter_card":"summary_large_image","twitter_creator":"@iengenharia","twitter_site":"@iengenharia","twitter_misc":{"Escrito por":"Bianca","Est. tempo de leitura":"1 minuto"},"schema":{"@context":"https:\/\/schema.org","@graph":[{"@type":"Article","@id":"https:\/\/www.institutodeengenharia.org.br\/site\/2019\/07\/01\/workshop-aeromovel-2\/#article","isPartOf":{"@id":"https:\/\/www.institutodeengenharia.org.br\/site\/2019\/07\/01\/workshop-aeromovel-2\/"},"author":{"name":"Bianca","@id":"https:\/\/www.institutodeengenharia.org.br\/site\/#\/schema\/person\/aeb64951c405e100d26d30b033dd423f"},"headline":"Workshop Aerom\u00f3vel","datePublished":"2019-07-01T13:39:28+00:00","dateModified":"2019-07-10T14:02:15+00:00","mainEntityOfPage":{"@id":"https:\/\/www.institutodeengenharia.org.br\/site\/2019\/07\/01\/workshop-aeromovel-2\/"},"wordCount":214,"commentCount":0,"publisher":{"@id":"https:\/\/www.institutodeengenharia.org.br\/site\/#organization"},"image":{"@id":"https:\/\/www.institutodeengenharia.org.br\/site\/2019\/07\/01\/workshop-aeromovel-2\/#primaryimage"},"thumbnailUrl":"https:\/\/www.institutodeengenharia.org.br\/site\/wp-content\/uploads\/2019\/06\/377e7eda95bafa46a9e52c5f7a76708f.jpg","articleSection":["Departamento de Desenvolvimento Urbano e Regional","Nova TV Engenharia","Semin\u00e1rio"],"inLanguage":"pt-BR","potentialAction":[{"@type":"CommentAction","name":"Comment","target":["https:\/\/www.institutodeengenharia.org.br\/site\/2019\/07\/01\/workshop-aeromovel-2\/#respond"]}]},{"@type":"WebPage","@id":"https:\/\/www.institutodeengenharia.org.br\/site\/2019\/07\/01\/workshop-aeromovel-2\/","url":"https:\/\/www.institutodeengenharia.org.br\/site\/2019\/07\/01\/workshop-aeromovel-2\/","name":"Workshop Aerom\u00f3vel - Instituto de Engenharia","isPartOf":{"@id":"https:\/\/www.institutodeengenharia.org.br\/site\/#website"},"primaryImageOfPage":{"@id":"https:\/\/www.institutodeengenharia.org.br\/site\/2019\/07\/01\/workshop-aeromovel-2\/#primaryimage"},"image":{"@id":"https:\/\/www.institutodeengenharia.org.br\/site\/2019\/07\/01\/workshop-aeromovel-2\/#primaryimage"},"thumbnailUrl":"https:\/\/www.institutodeengenharia.org.br\/site\/wp-content\/uploads\/2019\/06\/377e7eda95bafa46a9e52c5f7a76708f.jpg","datePublished":"2019-07-01T13:39:28+00:00","dateModified":"2019-07-10T14:02:15+00:00","breadcrumb":{"@id":"https:\/\/www.institutodeengenharia.org.br\/site\/2019\/07\/01\/workshop-aeromovel-2\/#breadcrumb"},"inLanguage":"pt-BR","potentialAction":[{"@type":"ReadAction","target":["https:\/\/www.institutodeengenharia.org.br\/site\/2019\/07\/01\/workshop-aeromovel-2\/"]}]},{"@type":"ImageObject","inLanguage":"pt-BR","@id":"https:\/\/www.institutodeengenharia.org.br\/site\/2019\/07\/01\/workshop-aeromovel-2\/#primaryimage","url":"https:\/\/www.institutodeengenharia.org.br\/site\/wp-content\/uploads\/2019\/06\/377e7eda95bafa46a9e52c5f7a76708f.jpg","contentUrl":"https:\/\/www.institutodeengenharia.org.br\/site\/wp-content\/uploads\/2019\/06\/377e7eda95bafa46a9e52c5f7a76708f.jpg","width":1024,"height":602},{"@type":"BreadcrumbList","@id":"https:\/\/www.institutodeengenharia.org.br\/site\/2019\/07\/01\/workshop-aeromovel-2\/#breadcrumb","itemListElement":[{"@type":"ListItem","position":1,"name":"In\u00edcio","item":"https:\/\/www.institutodeengenharia.org.br\/site\/"},{"@type":"ListItem","position":2,"name":"Workshop Aerom\u00f3vel"}]},{"@type":"WebSite","@id":"https:\/\/www.institutodeengenharia.org.br\/site\/#website","url":"https:\/\/www.institutodeengenharia.org.br\/site\/","name":"Instituto de Engenharia","description":"O Instituto de Engenharia promove a Engenharia em benef\u00edcio do desenvolvimento e da qualidade de vida da sociedade.","publisher":{"@id":"https:\/\/www.institutodeengenharia.org.br\/site\/#organization"},"potentialAction":[{"@type":"SearchAction","target":{"@type":"EntryPoint","urlTemplate":"https:\/\/www.institutodeengenharia.org.br\/site\/?s={search_term_string}"},"query-input":{"@type":"PropertyValueSpecification","valueRequired":true,"valueName":"search_term_string"}}],"inLanguage":"pt-BR"},{"@type":"Organization","@id":"https:\/\/www.institutodeengenharia.org.br\/site\/#organization","name":"Instituto de Engenharia","url":"https:\/\/www.institutodeengenharia.org.br\/site\/","logo":{"@type":"ImageObject","inLanguage":"pt-BR","@id":"https:\/\/www.institutodeengenharia.org.br\/site\/#\/schema\/logo\/image\/","url":"https:\/\/www.institutodeengenharia.org.br\/site\/wp-content\/uploads\/2019\/03\/logo-novo-IE2018-1.jpg","contentUrl":"https:\/\/www.institutodeengenharia.org.br\/site\/wp-content\/uploads\/2019\/03\/logo-novo-IE2018-1.jpg","width":1486,"height":1879,"caption":"Instituto de Engenharia"},"image":{"@id":"https:\/\/www.institutodeengenharia.org.br\/site\/#\/schema\/logo\/image\/"},"sameAs":["https:\/\/www.facebook.com\/institutodeengenharia","https:\/\/x.com\/iengenharia","https:\/\/www.instagram.com\/institutodeengenharia\/","https:\/\/www.linkedin.com\/company\/instituto-de-engenharia\/","https:\/\/www.youtube.com\/channel\/UCXiCAlsSMe977vamW915HxA"]},{"@type":"Person","@id":"https:\/\/www.institutodeengenharia.org.br\/site\/#\/schema\/person\/aeb64951c405e100d26d30b033dd423f","name":"Bianca","image":{"@type":"ImageObject","inLanguage":"pt-BR","@id":"https:\/\/secure.gravatar.com\/avatar\/a6fbe9bff57405baf4c1e2c5c1811e072b558253974a9f9508f4678900c97c2a?s=96&d=mm&r=g","url":"https:\/\/secure.gravatar.com\/avatar\/a6fbe9bff57405baf4c1e2c5c1811e072b558253974a9f9508f4678900c97c2a?s=96&d=mm&r=g","contentUrl":"https:\/\/secure.gravatar.com\/avatar\/a6fbe9bff57405baf4c1e2c5c1811e072b558253974a9f9508f4678900c97c2a?s=96&d=mm&r=g","caption":"Bianca"},"url":"https:\/\/www.institutodeengenharia.org.br\/site\/author\/comunicacao1\/"}]}},"_links":{"self":[{"href":"https:\/\/www.institutodeengenharia.org.br\/site\/wp-json\/wp\/v2\/posts\/43117","targetHints":{"allow":["GET"]}}],"collection":[{"href":"https:\/\/www.institutodeengenharia.org.br\/site\/wp-json\/wp\/v2\/posts"}],"about":[{"href":"https:\/\/www.institutodeengenharia.org.br\/site\/wp-json\/wp\/v2\/types\/post"}],"author":[{"embeddable":true,"href":"https:\/\/www.institutodeengenharia.org.br\/site\/wp-json\/wp\/v2\/users\/13"}],"replies":[{"embeddable":true,"href":"https:\/\/www.institutodeengenharia.org.br\/site\/wp-json\/wp\/v2\/comments?post=43117"}],"version-history":[{"count":1,"href":"https:\/\/www.institutodeengenharia.org.br\/site\/wp-json\/wp\/v2\/posts\/43117\/revisions"}],"predecessor-version":[{"id":43118,"href":"https:\/\/www.institutodeengenharia.org.br\/site\/wp-json\/wp\/v2\/posts\/43117\/revisions\/43118"}],"wp:featuredmedia":[{"embeddable":true,"href":"https:\/\/www.institutodeengenharia.org.br\/site\/wp-json\/wp\/v2\/media\/42871"}],"wp:attachment":[{"href":"https:\/\/www.institutodeengenharia.org.br\/site\/wp-json\/wp\/v2\/media?parent=43117"}],"wp:term":[{"taxonomy":"category","embeddable":true,"href":"https:\/\/www.institutodeengenharia.org.br\/site\/wp-json\/wp\/v2\/categories?post=43117"},{"taxonomy":"post_tag","embeddable":true,"href":"https:\/\/www.institutodeengenharia.org.br\/site\/wp-json\/wp\/v2\/tags?post=43117"}],"curies":[{"name":"wp","href":"https:\/\/api.w.org\/{rel}","templated":true}]}}