{"id":42957,"date":"2019-06-12T16:29:48","date_gmt":"2019-06-12T19:29:48","guid":{"rendered":"https:\/\/www.institutodeengenharia.org.br\/site\/?p=42957"},"modified":"2019-07-29T11:20:13","modified_gmt":"2019-07-29T14:20:13","slug":"dialogos-na-cma-ie-design-de-mecanismos-de-resolucao-de-conflitos-e-seus-impactos-na-obra","status":"publish","type":"post","link":"https:\/\/www.institutodeengenharia.org.br\/site\/2019\/06\/12\/dialogos-na-cma-ie-design-de-mecanismos-de-resolucao-de-conflitos-e-seus-impactos-na-obra\/","title":{"rendered":"Di\u00e1logos na CMA-IE \u2013 Design de mecanismos de resolu\u00e7\u00e3o de conflitos e seus impactos na obra"},"content":{"rendered":"<div style=\"padding: 56.25% 0 0 0; position: relative;\"><iframe style=\"position: absolute; top: 0; left: 0; width: 100%; height: 100%;\" src=\"https:\/\/player.vimeo.com\/video\/341765633\" frameborder=\"0\" allowfullscreen=\"allowfullscreen\"><\/iframe><\/div>\n<p>&nbsp;<\/p>\n<h2>+ Informa\u00e7\u00f5es:<\/h2>\n<p>Di\u00e1logos da\u00a0<em>C\u00e2mara de Media\u00e7\u00e3o e Arbitragem do Instituto de Engenharia<\/em>\u00a0(CMA-IE), com o tema \u201c<strong>Design de mecanismos de resolu\u00e7\u00e3o de conflitos e seus impactos na obra<\/strong>\u201d<\/p>\n<p>&nbsp;<\/p>\n<p><strong>Palestrantes:<\/strong><\/p>\n<p><img loading=\"lazy\" decoding=\"async\" class=\"alignnone wp-image-42478 td-animation-stack-type0-2\" src=\"https:\/\/www.institutodeengenharia.org.br\/site\/wp-content\/uploads\/2019\/05\/Andrea-Galhardo.jpg\" alt=\"\" width=\"157\" height=\"193\" data-pagespeed-url-hash=\"437269016\" srcset=\"https:\/\/www.institutodeengenharia.org.br\/site\/wp-content\/uploads\/2019\/05\/Andrea-Galhardo.jpg 491w, https:\/\/www.institutodeengenharia.org.br\/site\/wp-content\/uploads\/2019\/05\/Andrea-Galhardo-243x300.jpg 243w, https:\/\/www.institutodeengenharia.org.br\/site\/wp-content\/uploads\/2019\/05\/Andrea-Galhardo-324x400.jpg 324w, https:\/\/www.institutodeengenharia.org.br\/site\/wp-content\/uploads\/2019\/05\/Andrea-Galhardo-341x420.jpg 341w\" sizes=\"auto, (max-width: 157px) 100vw, 157px\" \/><\/p>\n<p><strong>Andr\u00e9a Galhardo Palma<\/strong><\/p>\n<p>Ju\u00edza direito no Estado de S\u00e3o Paulo desde 2000, titular da 3\u00aa Vara C\u00edvel Central da Capital, com grande experi\u00eancia em disputas envolvendo contratos em geral, incluindo constru\u00e7\u00e3o civil, incorpora\u00e7\u00f5es, a\u00e7\u00f5es indenizat\u00f3rias e quest\u00f5es envolvendo arbitragens dom\u00e9sticas.<\/p>\n<p><img loading=\"lazy\" decoding=\"async\" class=\"alignnone wp-image-42479 td-animation-stack-type0-2\" src=\"https:\/\/www.institutodeengenharia.org.br\/site\/wp-content\/uploads\/2019\/05\/Andr%C3%A9-Junqueira-1.jpg\" alt=\"\" width=\"157\" height=\"206\" \/><\/p>\n<p><strong>Andr\u00e9 Rodrigues Junqueira<\/strong><\/p>\n<p>Procurador do Estado de S\u00e3o Paulo. Bacharel em Direito pela USP e Mestre em Direito do Estado pela USP. Autor de artigos publicados em peri\u00f3dicos especializados na \u00e1rea de direito p\u00fablico e arbitragem. Integrante da lista de \u00e1rbitros da CAMARB\u00a0 e CAMFIEP.<\/p>\n<p><img loading=\"lazy\" decoding=\"async\" class=\"alignnone wp-image-42480 td-animation-stack-type0-2\" src=\"https:\/\/www.institutodeengenharia.org.br\/site\/wp-content\/uploads\/2019\/05\/Adriana-Sarra.jpg\" alt=\"\" width=\"158\" height=\"189\" data-pagespeed-url-hash=\"3404415800\" srcset=\"https:\/\/www.institutodeengenharia.org.br\/site\/wp-content\/uploads\/2019\/05\/Adriana-Sarra.jpg 601w, https:\/\/www.institutodeengenharia.org.br\/site\/wp-content\/uploads\/2019\/05\/Adriana-Sarra-251x300.jpg 251w, https:\/\/www.institutodeengenharia.org.br\/site\/wp-content\/uploads\/2019\/05\/Adriana-Sarra-351x420.jpg 351w\" sizes=\"auto, (max-width: 158px) 100vw, 158px\" \/><\/p>\n<p><strong>Adriana Sarra<\/strong><\/p>\n<p>Advogada especializada em Direito da Constru\u00e7\u00e3o e em Arbitragem, integrante do escrit\u00f3rio Toledo Marchetti Advogados. Bacharel em Direito e Mestre em Direito Civil pela USP, cursando atualmente Doutorado em Direito Civil na mesma institui\u00e7\u00e3o. Integrante da Diretoria de 2019 da se\u00e7\u00e3o brasileira da Associa\u00e7\u00e3o para o Desenvolvimento da Engenharia de Custos (AACE-Brasil).<\/p>\n<p><img loading=\"lazy\" decoding=\"async\" class=\"alignnone wp-image-42481 td-animation-stack-type0-2\" src=\"https:\/\/www.institutodeengenharia.org.br\/site\/wp-content\/uploads\/2019\/05\/Marcelo-Casado.jpg\" alt=\"\" width=\"159\" height=\"176\" data-pagespeed-url-hash=\"966572587\" srcset=\"https:\/\/www.institutodeengenharia.org.br\/site\/wp-content\/uploads\/2019\/05\/Marcelo-Casado.jpg 347w, https:\/\/www.institutodeengenharia.org.br\/site\/wp-content\/uploads\/2019\/05\/Marcelo-Casado-272x300.jpg 272w\" sizes=\"auto, (max-width: 159px) 100vw, 159px\" \/><\/p>\n<p><strong>Marcelo Alencar Botelho de Mesquita<\/strong><\/p>\n<p>Advogado dedicado ao setor da engenharia e constru\u00e7\u00e3o desde 2003. Mestre em Direito pela Universidade Federal de Santa Catarina. Autor da obra, Contratos Chave na M\u00e3o (Turnkey) e EPC (Engineering, Procurement and Construction), publicada pela Editora Almedina. \u00c9 integrante do Corpo de \u00c1rbitros da C\u00e2mara de Media\u00e7\u00e3o e Arbitragem do Instituto de Engenharia (CMA-IE) e membro do Instituto Brasileiro de Direito da Constru\u00e7\u00e3o \u2013 IBDiC, da Society of Construction Law \u2013 SCL (UK), da Dispute Resolution Board Foundation \u2013 DRBF (EUA). Foi presidente da Comiss\u00e3o de Media\u00e7\u00e3o e Arbitragem da Ordem dos Advogados de Santa Catarina (2016-2018) e \u00e9 Vice-Presidente da C\u00e2mara de Media\u00e7\u00e3o e Arbitragem da Associa\u00e7\u00e3o Comercial e Industrial de Florian\u00f3polis (CMAA-ACIF).<\/p>\n<p><strong>Coordena\u00e7\u00e3o:<\/strong>\u00a0Maria Roseli Candido Costa<\/p>\n<p>&nbsp;<\/p>\n<p><strong>Realiza\u00e7\u00e3o:<\/strong><\/p>\n<p><img loading=\"lazy\" decoding=\"async\" class=\"td-animation-stack-type0-2\" src=\"http:\/\/conima.org.br\/jornadamediacao\/wp-content\/uploads\/2018\/05\/logo-1.jpg\" alt=\"Resultado de imagem para CMA-IE\" width=\"368\" height=\"120\" data-pagespeed-url-hash=\"130961680\" \/><\/p>\n<p>&nbsp;<\/p>\n<p><strong>Apoio:<\/strong><img loading=\"lazy\" decoding=\"async\" class=\"td-animation-stack-type0-2\" src=\"http:\/\/www.conima.org.br\/wp-content\/uploads\/2018\/02\/logonovoconima2.png\" alt=\"Resultado de imagem para Conima\" width=\"204\" height=\"115\" data-pagespeed-url-hash=\"3404795354\" \/><img decoding=\"async\" class=\"alignnone td-animation-stack-type0-2\" src=\"https:\/\/media.licdn.com\/dms\/image\/C4D0BAQEpV9oxkGGVOw\/company-logo_200_200\/0?e=2159024400&amp;v=beta&amp;t=E6H0lEwcfExOEdzf3JZXoKuh9xC3DuXnhbtfh9eYaLc\" alt=\"Resultado de imagem para ibdic\" data-pagespeed-url-hash=\"2307717760\" \/><\/p>\n<p><img loading=\"lazy\" decoding=\"async\" class=\"td-animation-stack-type0-2\" src=\"http:\/\/brasil-aacei.org\/wp-content\/uploads\/2017\/07\/AACE-Brasil-peq.png\" alt=\"Imagem relacionada\" width=\"199\" height=\"108\" data-pagespeed-url-hash=\"2013829994\" \/><\/p>\n","protected":false},"excerpt":{"rendered":"<p>&nbsp; + Informa\u00e7\u00f5es: Di\u00e1logos da\u00a0C\u00e2mara de Media\u00e7\u00e3o e Arbitragem do Instituto de Engenharia\u00a0(CMA-IE), com o tema \u201cDesign de mecanismos de resolu\u00e7\u00e3o de conflitos e seus impactos na obra\u201d &nbsp; Palestrantes: Andr\u00e9a Galhardo Palma Ju\u00edza direito no Estado de S\u00e3o Paulo desde 2000, titular da 3\u00aa Vara C\u00edvel Central da Capital, com grande experi\u00eancia em disputas [&hellip;]<\/p>\n","protected":false},"author":2,"featured_media":43288,"comment_status":"open","ping_status":"open","sticky":false,"template":"","format":"standard","meta":{"footnotes":""},"categories":[968,969],"tags":[],"class_list":{"0":"post-42957","1":"post","2":"type-post","3":"status-publish","4":"format-standard","5":"has-post-thumbnail","7":"category-nova-tv-engenharia","8":"category-palestra"},"yoast_head":"<!-- This site is optimized with the Yoast SEO plugin v27.2 - https:\/\/yoast.com\/product\/yoast-seo-wordpress\/ -->\n<title>Di\u00e1logos na CMA-IE \u2013 Design de mecanismos de resolu\u00e7\u00e3o de conflitos e seus impactos na obra - Instituto de Engenharia<\/title>\n<meta name=\"robots\" content=\"index, follow, max-snippet:-1, max-image-preview:large, max-video-preview:-1\" \/>\n<link rel=\"canonical\" href=\"https:\/\/www.institutodeengenharia.org.br\/site\/2019\/06\/12\/dialogos-na-cma-ie-design-de-mecanismos-de-resolucao-de-conflitos-e-seus-impactos-na-obra\/\" \/>\n<meta property=\"og:locale\" content=\"pt_BR\" \/>\n<meta property=\"og:type\" content=\"article\" \/>\n<meta property=\"og:title\" content=\"Di\u00e1logos na CMA-IE \u2013 Design de mecanismos de resolu\u00e7\u00e3o de conflitos e seus impactos na obra - Instituto de Engenharia\" \/>\n<meta property=\"og:description\" content=\"&nbsp; + Informa\u00e7\u00f5es: Di\u00e1logos da\u00a0C\u00e2mara de Media\u00e7\u00e3o e Arbitragem do Instituto de Engenharia\u00a0(CMA-IE), com o tema \u201cDesign de mecanismos de resolu\u00e7\u00e3o de conflitos e seus impactos na obra\u201d &nbsp; Palestrantes: Andr\u00e9a Galhardo Palma Ju\u00edza direito no Estado de S\u00e3o Paulo desde 2000, titular da 3\u00aa Vara C\u00edvel Central da Capital, com grande experi\u00eancia em disputas [&hellip;]\" \/>\n<meta property=\"og:url\" content=\"https:\/\/www.institutodeengenharia.org.br\/site\/2019\/06\/12\/dialogos-na-cma-ie-design-de-mecanismos-de-resolucao-de-conflitos-e-seus-impactos-na-obra\/\" \/>\n<meta property=\"og:site_name\" content=\"Instituto de Engenharia\" \/>\n<meta property=\"article:publisher\" content=\"https:\/\/www.facebook.com\/institutodeengenharia\" \/>\n<meta property=\"article:published_time\" content=\"2019-06-12T19:29:48+00:00\" \/>\n<meta property=\"article:modified_time\" content=\"2019-07-29T14:20:13+00:00\" \/>\n<meta property=\"og:image\" content=\"https:\/\/www.institutodeengenharia.org.br\/site\/wp-content\/uploads\/2019\/06\/Hands-on-Conference-Table-1mb-1024x683.jpg\" \/>\n\t<meta property=\"og:image:width\" content=\"1024\" \/>\n\t<meta property=\"og:image:height\" content=\"683\" \/>\n\t<meta property=\"og:image:type\" content=\"image\/jpeg\" \/>\n<meta name=\"author\" content=\"Isabel\" \/>\n<meta name=\"twitter:card\" content=\"summary_large_image\" \/>\n<meta name=\"twitter:creator\" content=\"@iengenharia\" \/>\n<meta name=\"twitter:site\" content=\"@iengenharia\" \/>\n<meta name=\"twitter:label1\" content=\"Escrito por\" \/>\n\t<meta name=\"twitter:data1\" content=\"Isabel\" \/>\n\t<meta name=\"twitter:label2\" content=\"Est. tempo de leitura\" \/>\n\t<meta name=\"twitter:data2\" content=\"2 minutos\" \/>\n<script type=\"application\/ld+json\" class=\"yoast-schema-graph\">{\"@context\":\"https:\/\/schema.org\",\"@graph\":[{\"@type\":\"Article\",\"@id\":\"https:\/\/www.institutodeengenharia.org.br\/site\/2019\/06\/12\/dialogos-na-cma-ie-design-de-mecanismos-de-resolucao-de-conflitos-e-seus-impactos-na-obra\/#article\",\"isPartOf\":{\"@id\":\"https:\/\/www.institutodeengenharia.org.br\/site\/2019\/06\/12\/dialogos-na-cma-ie-design-de-mecanismos-de-resolucao-de-conflitos-e-seus-impactos-na-obra\/\"},\"author\":{\"name\":\"Isabel\",\"@id\":\"https:\/\/www.institutodeengenharia.org.br\/site\/#\/schema\/person\/d1764429c217aaa88954818c8f9a3036\"},\"headline\":\"Di\u00e1logos na CMA-IE \u2013 Design de mecanismos de resolu\u00e7\u00e3o de conflitos e seus impactos na obra\",\"datePublished\":\"2019-06-12T19:29:48+00:00\",\"dateModified\":\"2019-07-29T14:20:13+00:00\",\"mainEntityOfPage\":{\"@id\":\"https:\/\/www.institutodeengenharia.org.br\/site\/2019\/06\/12\/dialogos-na-cma-ie-design-de-mecanismos-de-resolucao-de-conflitos-e-seus-impactos-na-obra\/\"},\"wordCount\":343,\"commentCount\":0,\"publisher\":{\"@id\":\"https:\/\/www.institutodeengenharia.org.br\/site\/#organization\"},\"image\":{\"@id\":\"https:\/\/www.institutodeengenharia.org.br\/site\/2019\/06\/12\/dialogos-na-cma-ie-design-de-mecanismos-de-resolucao-de-conflitos-e-seus-impactos-na-obra\/#primaryimage\"},\"thumbnailUrl\":\"https:\/\/www.institutodeengenharia.org.br\/site\/wp-content\/uploads\/2019\/06\/Hands-on-Conference-Table-1mb-1024x683.jpg\",\"articleSection\":[\"Nova TV Engenharia\",\"Palestra\"],\"inLanguage\":\"pt-BR\",\"potentialAction\":[{\"@type\":\"CommentAction\",\"name\":\"Comment\",\"target\":[\"https:\/\/www.institutodeengenharia.org.br\/site\/2019\/06\/12\/dialogos-na-cma-ie-design-de-mecanismos-de-resolucao-de-conflitos-e-seus-impactos-na-obra\/#respond\"]}]},{\"@type\":\"WebPage\",\"@id\":\"https:\/\/www.institutodeengenharia.org.br\/site\/2019\/06\/12\/dialogos-na-cma-ie-design-de-mecanismos-de-resolucao-de-conflitos-e-seus-impactos-na-obra\/\",\"url\":\"https:\/\/www.institutodeengenharia.org.br\/site\/2019\/06\/12\/dialogos-na-cma-ie-design-de-mecanismos-de-resolucao-de-conflitos-e-seus-impactos-na-obra\/\",\"name\":\"Di\u00e1logos na CMA-IE \u2013 Design de mecanismos de resolu\u00e7\u00e3o de conflitos e seus impactos na obra - Instituto de Engenharia\",\"isPartOf\":{\"@id\":\"https:\/\/www.institutodeengenharia.org.br\/site\/#website\"},\"primaryImageOfPage\":{\"@id\":\"https:\/\/www.institutodeengenharia.org.br\/site\/2019\/06\/12\/dialogos-na-cma-ie-design-de-mecanismos-de-resolucao-de-conflitos-e-seus-impactos-na-obra\/#primaryimage\"},\"image\":{\"@id\":\"https:\/\/www.institutodeengenharia.org.br\/site\/2019\/06\/12\/dialogos-na-cma-ie-design-de-mecanismos-de-resolucao-de-conflitos-e-seus-impactos-na-obra\/#primaryimage\"},\"thumbnailUrl\":\"https:\/\/www.institutodeengenharia.org.br\/site\/wp-content\/uploads\/2019\/06\/Hands-on-Conference-Table-1mb-1024x683.jpg\",\"datePublished\":\"2019-06-12T19:29:48+00:00\",\"dateModified\":\"2019-07-29T14:20:13+00:00\",\"breadcrumb\":{\"@id\":\"https:\/\/www.institutodeengenharia.org.br\/site\/2019\/06\/12\/dialogos-na-cma-ie-design-de-mecanismos-de-resolucao-de-conflitos-e-seus-impactos-na-obra\/#breadcrumb\"},\"inLanguage\":\"pt-BR\",\"potentialAction\":[{\"@type\":\"ReadAction\",\"target\":[\"https:\/\/www.institutodeengenharia.org.br\/site\/2019\/06\/12\/dialogos-na-cma-ie-design-de-mecanismos-de-resolucao-de-conflitos-e-seus-impactos-na-obra\/\"]}]},{\"@type\":\"ImageObject\",\"inLanguage\":\"pt-BR\",\"@id\":\"https:\/\/www.institutodeengenharia.org.br\/site\/2019\/06\/12\/dialogos-na-cma-ie-design-de-mecanismos-de-resolucao-de-conflitos-e-seus-impactos-na-obra\/#primaryimage\",\"url\":\"https:\/\/www.institutodeengenharia.org.br\/site\/wp-content\/uploads\/2019\/06\/Hands-on-Conference-Table-1mb-1024x683.jpg\",\"contentUrl\":\"https:\/\/www.institutodeengenharia.org.br\/site\/wp-content\/uploads\/2019\/06\/Hands-on-Conference-Table-1mb-1024x683.jpg\",\"width\":1024,\"height\":683},{\"@type\":\"BreadcrumbList\",\"@id\":\"https:\/\/www.institutodeengenharia.org.br\/site\/2019\/06\/12\/dialogos-na-cma-ie-design-de-mecanismos-de-resolucao-de-conflitos-e-seus-impactos-na-obra\/#breadcrumb\",\"itemListElement\":[{\"@type\":\"ListItem\",\"position\":1,\"name\":\"In\u00edcio\",\"item\":\"https:\/\/www.institutodeengenharia.org.br\/site\/\"},{\"@type\":\"ListItem\",\"position\":2,\"name\":\"Di\u00e1logos na CMA-IE \u2013 Design de mecanismos de resolu\u00e7\u00e3o de conflitos e seus impactos na obra\"}]},{\"@type\":\"WebSite\",\"@id\":\"https:\/\/www.institutodeengenharia.org.br\/site\/#website\",\"url\":\"https:\/\/www.institutodeengenharia.org.br\/site\/\",\"name\":\"Instituto de Engenharia\",\"description\":\"O Instituto de Engenharia promove a Engenharia em benef\u00edcio do desenvolvimento e da qualidade de vida da sociedade.\",\"publisher\":{\"@id\":\"https:\/\/www.institutodeengenharia.org.br\/site\/#organization\"},\"potentialAction\":[{\"@type\":\"SearchAction\",\"target\":{\"@type\":\"EntryPoint\",\"urlTemplate\":\"https:\/\/www.institutodeengenharia.org.br\/site\/?s={search_term_string}\"},\"query-input\":{\"@type\":\"PropertyValueSpecification\",\"valueRequired\":true,\"valueName\":\"search_term_string\"}}],\"inLanguage\":\"pt-BR\"},{\"@type\":\"Organization\",\"@id\":\"https:\/\/www.institutodeengenharia.org.br\/site\/#organization\",\"name\":\"Instituto de Engenharia\",\"url\":\"https:\/\/www.institutodeengenharia.org.br\/site\/\",\"logo\":{\"@type\":\"ImageObject\",\"inLanguage\":\"pt-BR\",\"@id\":\"https:\/\/www.institutodeengenharia.org.br\/site\/#\/schema\/logo\/image\/\",\"url\":\"https:\/\/www.institutodeengenharia.org.br\/site\/wp-content\/uploads\/2019\/03\/logo-novo-IE2018-1.jpg\",\"contentUrl\":\"https:\/\/www.institutodeengenharia.org.br\/site\/wp-content\/uploads\/2019\/03\/logo-novo-IE2018-1.jpg\",\"width\":1486,\"height\":1879,\"caption\":\"Instituto de Engenharia\"},\"image\":{\"@id\":\"https:\/\/www.institutodeengenharia.org.br\/site\/#\/schema\/logo\/image\/\"},\"sameAs\":[\"https:\/\/www.facebook.com\/institutodeengenharia\",\"https:\/\/x.com\/iengenharia\",\"https:\/\/www.instagram.com\/institutodeengenharia\/\",\"https:\/\/www.linkedin.com\/company\/instituto-de-engenharia\/\",\"https:\/\/www.youtube.com\/channel\/UCXiCAlsSMe977vamW915HxA\"]},{\"@type\":\"Person\",\"@id\":\"https:\/\/www.institutodeengenharia.org.br\/site\/#\/schema\/person\/d1764429c217aaa88954818c8f9a3036\",\"name\":\"Isabel\",\"image\":{\"@type\":\"ImageObject\",\"inLanguage\":\"pt-BR\",\"@id\":\"https:\/\/secure.gravatar.com\/avatar\/a91d60506c31a7cb05e69a21529f91908e538db3b21f58bfda4039be740fcb71?s=96&d=mm&r=g\",\"url\":\"https:\/\/secure.gravatar.com\/avatar\/a91d60506c31a7cb05e69a21529f91908e538db3b21f58bfda4039be740fcb71?s=96&d=mm&r=g\",\"contentUrl\":\"https:\/\/secure.gravatar.com\/avatar\/a91d60506c31a7cb05e69a21529f91908e538db3b21f58bfda4039be740fcb71?s=96&d=mm&r=g\",\"caption\":\"Isabel\"},\"url\":\"https:\/\/www.institutodeengenharia.org.br\/site\/author\/isabel\/\"}]}<\/script>\n<!-- \/ Yoast SEO plugin. -->","yoast_head_json":{"title":"Di\u00e1logos na CMA-IE \u2013 Design de mecanismos de resolu\u00e7\u00e3o de conflitos e seus impactos na obra - Instituto de Engenharia","robots":{"index":"index","follow":"follow","max-snippet":"max-snippet:-1","max-image-preview":"max-image-preview:large","max-video-preview":"max-video-preview:-1"},"canonical":"https:\/\/www.institutodeengenharia.org.br\/site\/2019\/06\/12\/dialogos-na-cma-ie-design-de-mecanismos-de-resolucao-de-conflitos-e-seus-impactos-na-obra\/","og_locale":"pt_BR","og_type":"article","og_title":"Di\u00e1logos na CMA-IE \u2013 Design de mecanismos de resolu\u00e7\u00e3o de conflitos e seus impactos na obra - Instituto de Engenharia","og_description":"&nbsp; + Informa\u00e7\u00f5es: Di\u00e1logos da\u00a0C\u00e2mara de Media\u00e7\u00e3o e Arbitragem do Instituto de Engenharia\u00a0(CMA-IE), com o tema \u201cDesign de mecanismos de resolu\u00e7\u00e3o de conflitos e seus impactos na obra\u201d &nbsp; Palestrantes: Andr\u00e9a Galhardo Palma Ju\u00edza direito no Estado de S\u00e3o Paulo desde 2000, titular da 3\u00aa Vara C\u00edvel Central da Capital, com grande experi\u00eancia em disputas [&hellip;]","og_url":"https:\/\/www.institutodeengenharia.org.br\/site\/2019\/06\/12\/dialogos-na-cma-ie-design-de-mecanismos-de-resolucao-de-conflitos-e-seus-impactos-na-obra\/","og_site_name":"Instituto de Engenharia","article_publisher":"https:\/\/www.facebook.com\/institutodeengenharia","article_published_time":"2019-06-12T19:29:48+00:00","article_modified_time":"2019-07-29T14:20:13+00:00","og_image":[{"width":1024,"height":683,"url":"https:\/\/www.institutodeengenharia.org.br\/site\/wp-content\/uploads\/2019\/06\/Hands-on-Conference-Table-1mb-1024x683.jpg","type":"image\/jpeg"}],"author":"Isabel","twitter_card":"summary_large_image","twitter_creator":"@iengenharia","twitter_site":"@iengenharia","twitter_misc":{"Escrito por":"Isabel","Est. tempo de leitura":"2 minutos"},"schema":{"@context":"https:\/\/schema.org","@graph":[{"@type":"Article","@id":"https:\/\/www.institutodeengenharia.org.br\/site\/2019\/06\/12\/dialogos-na-cma-ie-design-de-mecanismos-de-resolucao-de-conflitos-e-seus-impactos-na-obra\/#article","isPartOf":{"@id":"https:\/\/www.institutodeengenharia.org.br\/site\/2019\/06\/12\/dialogos-na-cma-ie-design-de-mecanismos-de-resolucao-de-conflitos-e-seus-impactos-na-obra\/"},"author":{"name":"Isabel","@id":"https:\/\/www.institutodeengenharia.org.br\/site\/#\/schema\/person\/d1764429c217aaa88954818c8f9a3036"},"headline":"Di\u00e1logos na CMA-IE \u2013 Design de mecanismos de resolu\u00e7\u00e3o de conflitos e seus impactos na obra","datePublished":"2019-06-12T19:29:48+00:00","dateModified":"2019-07-29T14:20:13+00:00","mainEntityOfPage":{"@id":"https:\/\/www.institutodeengenharia.org.br\/site\/2019\/06\/12\/dialogos-na-cma-ie-design-de-mecanismos-de-resolucao-de-conflitos-e-seus-impactos-na-obra\/"},"wordCount":343,"commentCount":0,"publisher":{"@id":"https:\/\/www.institutodeengenharia.org.br\/site\/#organization"},"image":{"@id":"https:\/\/www.institutodeengenharia.org.br\/site\/2019\/06\/12\/dialogos-na-cma-ie-design-de-mecanismos-de-resolucao-de-conflitos-e-seus-impactos-na-obra\/#primaryimage"},"thumbnailUrl":"https:\/\/www.institutodeengenharia.org.br\/site\/wp-content\/uploads\/2019\/06\/Hands-on-Conference-Table-1mb-1024x683.jpg","articleSection":["Nova TV Engenharia","Palestra"],"inLanguage":"pt-BR","potentialAction":[{"@type":"CommentAction","name":"Comment","target":["https:\/\/www.institutodeengenharia.org.br\/site\/2019\/06\/12\/dialogos-na-cma-ie-design-de-mecanismos-de-resolucao-de-conflitos-e-seus-impactos-na-obra\/#respond"]}]},{"@type":"WebPage","@id":"https:\/\/www.institutodeengenharia.org.br\/site\/2019\/06\/12\/dialogos-na-cma-ie-design-de-mecanismos-de-resolucao-de-conflitos-e-seus-impactos-na-obra\/","url":"https:\/\/www.institutodeengenharia.org.br\/site\/2019\/06\/12\/dialogos-na-cma-ie-design-de-mecanismos-de-resolucao-de-conflitos-e-seus-impactos-na-obra\/","name":"Di\u00e1logos na CMA-IE \u2013 Design de mecanismos de resolu\u00e7\u00e3o de conflitos e seus impactos na obra - Instituto de Engenharia","isPartOf":{"@id":"https:\/\/www.institutodeengenharia.org.br\/site\/#website"},"primaryImageOfPage":{"@id":"https:\/\/www.institutodeengenharia.org.br\/site\/2019\/06\/12\/dialogos-na-cma-ie-design-de-mecanismos-de-resolucao-de-conflitos-e-seus-impactos-na-obra\/#primaryimage"},"image":{"@id":"https:\/\/www.institutodeengenharia.org.br\/site\/2019\/06\/12\/dialogos-na-cma-ie-design-de-mecanismos-de-resolucao-de-conflitos-e-seus-impactos-na-obra\/#primaryimage"},"thumbnailUrl":"https:\/\/www.institutodeengenharia.org.br\/site\/wp-content\/uploads\/2019\/06\/Hands-on-Conference-Table-1mb-1024x683.jpg","datePublished":"2019-06-12T19:29:48+00:00","dateModified":"2019-07-29T14:20:13+00:00","breadcrumb":{"@id":"https:\/\/www.institutodeengenharia.org.br\/site\/2019\/06\/12\/dialogos-na-cma-ie-design-de-mecanismos-de-resolucao-de-conflitos-e-seus-impactos-na-obra\/#breadcrumb"},"inLanguage":"pt-BR","potentialAction":[{"@type":"ReadAction","target":["https:\/\/www.institutodeengenharia.org.br\/site\/2019\/06\/12\/dialogos-na-cma-ie-design-de-mecanismos-de-resolucao-de-conflitos-e-seus-impactos-na-obra\/"]}]},{"@type":"ImageObject","inLanguage":"pt-BR","@id":"https:\/\/www.institutodeengenharia.org.br\/site\/2019\/06\/12\/dialogos-na-cma-ie-design-de-mecanismos-de-resolucao-de-conflitos-e-seus-impactos-na-obra\/#primaryimage","url":"https:\/\/www.institutodeengenharia.org.br\/site\/wp-content\/uploads\/2019\/06\/Hands-on-Conference-Table-1mb-1024x683.jpg","contentUrl":"https:\/\/www.institutodeengenharia.org.br\/site\/wp-content\/uploads\/2019\/06\/Hands-on-Conference-Table-1mb-1024x683.jpg","width":1024,"height":683},{"@type":"BreadcrumbList","@id":"https:\/\/www.institutodeengenharia.org.br\/site\/2019\/06\/12\/dialogos-na-cma-ie-design-de-mecanismos-de-resolucao-de-conflitos-e-seus-impactos-na-obra\/#breadcrumb","itemListElement":[{"@type":"ListItem","position":1,"name":"In\u00edcio","item":"https:\/\/www.institutodeengenharia.org.br\/site\/"},{"@type":"ListItem","position":2,"name":"Di\u00e1logos na CMA-IE \u2013 Design de mecanismos de resolu\u00e7\u00e3o de conflitos e seus impactos na obra"}]},{"@type":"WebSite","@id":"https:\/\/www.institutodeengenharia.org.br\/site\/#website","url":"https:\/\/www.institutodeengenharia.org.br\/site\/","name":"Instituto de Engenharia","description":"O Instituto de Engenharia promove a Engenharia em benef\u00edcio do desenvolvimento e da qualidade de vida da sociedade.","publisher":{"@id":"https:\/\/www.institutodeengenharia.org.br\/site\/#organization"},"potentialAction":[{"@type":"SearchAction","target":{"@type":"EntryPoint","urlTemplate":"https:\/\/www.institutodeengenharia.org.br\/site\/?s={search_term_string}"},"query-input":{"@type":"PropertyValueSpecification","valueRequired":true,"valueName":"search_term_string"}}],"inLanguage":"pt-BR"},{"@type":"Organization","@id":"https:\/\/www.institutodeengenharia.org.br\/site\/#organization","name":"Instituto de Engenharia","url":"https:\/\/www.institutodeengenharia.org.br\/site\/","logo":{"@type":"ImageObject","inLanguage":"pt-BR","@id":"https:\/\/www.institutodeengenharia.org.br\/site\/#\/schema\/logo\/image\/","url":"https:\/\/www.institutodeengenharia.org.br\/site\/wp-content\/uploads\/2019\/03\/logo-novo-IE2018-1.jpg","contentUrl":"https:\/\/www.institutodeengenharia.org.br\/site\/wp-content\/uploads\/2019\/03\/logo-novo-IE2018-1.jpg","width":1486,"height":1879,"caption":"Instituto de Engenharia"},"image":{"@id":"https:\/\/www.institutodeengenharia.org.br\/site\/#\/schema\/logo\/image\/"},"sameAs":["https:\/\/www.facebook.com\/institutodeengenharia","https:\/\/x.com\/iengenharia","https:\/\/www.instagram.com\/institutodeengenharia\/","https:\/\/www.linkedin.com\/company\/instituto-de-engenharia\/","https:\/\/www.youtube.com\/channel\/UCXiCAlsSMe977vamW915HxA"]},{"@type":"Person","@id":"https:\/\/www.institutodeengenharia.org.br\/site\/#\/schema\/person\/d1764429c217aaa88954818c8f9a3036","name":"Isabel","image":{"@type":"ImageObject","inLanguage":"pt-BR","@id":"https:\/\/secure.gravatar.com\/avatar\/a91d60506c31a7cb05e69a21529f91908e538db3b21f58bfda4039be740fcb71?s=96&d=mm&r=g","url":"https:\/\/secure.gravatar.com\/avatar\/a91d60506c31a7cb05e69a21529f91908e538db3b21f58bfda4039be740fcb71?s=96&d=mm&r=g","contentUrl":"https:\/\/secure.gravatar.com\/avatar\/a91d60506c31a7cb05e69a21529f91908e538db3b21f58bfda4039be740fcb71?s=96&d=mm&r=g","caption":"Isabel"},"url":"https:\/\/www.institutodeengenharia.org.br\/site\/author\/isabel\/"}]}},"_links":{"self":[{"href":"https:\/\/www.institutodeengenharia.org.br\/site\/wp-json\/wp\/v2\/posts\/42957","targetHints":{"allow":["GET"]}}],"collection":[{"href":"https:\/\/www.institutodeengenharia.org.br\/site\/wp-json\/wp\/v2\/posts"}],"about":[{"href":"https:\/\/www.institutodeengenharia.org.br\/site\/wp-json\/wp\/v2\/types\/post"}],"author":[{"embeddable":true,"href":"https:\/\/www.institutodeengenharia.org.br\/site\/wp-json\/wp\/v2\/users\/2"}],"replies":[{"embeddable":true,"href":"https:\/\/www.institutodeengenharia.org.br\/site\/wp-json\/wp\/v2\/comments?post=42957"}],"version-history":[{"count":2,"href":"https:\/\/www.institutodeengenharia.org.br\/site\/wp-json\/wp\/v2\/posts\/42957\/revisions"}],"predecessor-version":[{"id":43289,"href":"https:\/\/www.institutodeengenharia.org.br\/site\/wp-json\/wp\/v2\/posts\/42957\/revisions\/43289"}],"wp:featuredmedia":[{"embeddable":true,"href":"https:\/\/www.institutodeengenharia.org.br\/site\/wp-json\/wp\/v2\/media\/43288"}],"wp:attachment":[{"href":"https:\/\/www.institutodeengenharia.org.br\/site\/wp-json\/wp\/v2\/media?parent=42957"}],"wp:term":[{"taxonomy":"category","embeddable":true,"href":"https:\/\/www.institutodeengenharia.org.br\/site\/wp-json\/wp\/v2\/categories?post=42957"},{"taxonomy":"post_tag","embeddable":true,"href":"https:\/\/www.institutodeengenharia.org.br\/site\/wp-json\/wp\/v2\/tags?post=42957"}],"curies":[{"name":"wp","href":"https:\/\/api.w.org\/{rel}","templated":true}]}}