{"id":42764,"date":"2019-05-31T15:07:38","date_gmt":"2019-05-31T18:07:38","guid":{"rendered":"https:\/\/www.institutodeengenharia.org.br\/site\/?p=42764"},"modified":"2019-06-03T15:08:50","modified_gmt":"2019-06-03T18:08:50","slug":"ufrj-lanca-campanha-pelo-aumento-de-mulheres-na-engenharia","status":"publish","type":"post","link":"https:\/\/www.institutodeengenharia.org.br\/site\/2019\/05\/31\/ufrj-lanca-campanha-pelo-aumento-de-mulheres-na-engenharia\/","title":{"rendered":"UFRJ lan\u00e7a campanha pelo aumento de mulheres na engenharia"},"content":{"rendered":"<p>A Escola Polit\u00e9cnica da Universidade Federal do Rio de Janeiro (Poli-UFRJ) lan\u00e7ou quinta-feira (30) a campanha #EsseLugarTamb\u00e9m\u00c9Meu, para incentivar a participa\u00e7\u00e3o feminina nas carreiras ligadas \u00e0 engenharia. A iniciativa foi divulgada durante a mesa-redonda Mulheres na Engenharia e seu lugar no desenvolvimento do pa\u00eds, que debateu a reduzida presen\u00e7a das mulheres nas chamadas ci\u00eancias exatas, que envolvem ramos da matem\u00e1tica e da f\u00edsica.<\/p>\n<p>O ramo da engenharia civil tradicional e antiga \u00e9 o que tem mais alunas matriculadas. Nas engenharias novas, como eletr\u00f4nica, computa\u00e7\u00e3o, automa\u00e7\u00e3o e controle; e nas espec\u00edficas, como mec\u00e2nica, naval e metalurgia, o n\u00famero de engenheiras ainda \u00e9 muito pequeno ou quase nulo. &#8220;O ingresso nessas \u00e1reas e a formatura, \u00e0s vezes, \u00e9 \u00ednfimo&#8221;, disse a diretora da Poli-UFRJ, Cl\u00e1udia Morgado. Para ela, quanto maior a inser\u00e7\u00e3o da mulher nos ambientes de tomada de decis\u00e3o econ\u00f4mica, maior \u00e9 o reflexo na economia do pa\u00eds.<\/p>\n<p>Estudo da C\u00e1tedra Unesco Mulher, Ci\u00eancia e Tecnologia na Am\u00e9rica Latina (Flacso-Argentina), de 2018, revela que nove em cada dez meninas de 6 a 8 anos de idade acreditam que engenharia &#8220;\u00e9 coisa de menino&#8221;.<\/p>\n<p><strong>Constru\u00e7\u00e3o social<\/strong><\/p>\n<p>Para Cl\u00e1udia Morgado, essa constru\u00e7\u00e3o social precisa ser revista. Ela \u00e9 a primeira mulher diretora da Escola Polit\u00e9cnica da UFRJ, em 226 anos de exist\u00eancia da unidade, e acredita que o preconceito contra o exerc\u00edcio de mulheres nas engenharias e ci\u00eancias exatas, como matem\u00e1tica e f\u00edsica, est\u00e1 no mundo mental das pessoas, porque os meninos tamb\u00e9m s\u00e3o educados para pensar dessa forma. &#8220;Eles n\u00e3o nascem com preconceito. A cultura define esses pensamentos e eles s\u00e3o absorvidos por todos.&#8221;<\/p>\n<p>H\u00e1 relatos de que alunas sofreram ass\u00e9dio moral e at\u00e9 sexual dentro da universidade, em ambientes onde o n\u00famero de alunas e professoras \u00e9 reduzido. Quando h\u00e1 muitas mulheres, isso n\u00e3o ocorre, devido \u00e0 exist\u00eancia de uma &#8220;rede de prote\u00e7\u00e3o&#8221;.<\/p>\n<p>A Poli tem 13 cursos de habilita\u00e7\u00e3o em engenharias. Alguns s\u00e3o mais atrativos, outros n\u00e3o, porque o ambiente \u00e9 quase majoritariamente masculino. Na formatura geral, a taxa de mulheres tem se mantido ao longo dos anos em torno de 22%.\u00a0\u00a0 &#8220;Quem chega \u00e0 universidade \u00e9 um her\u00f3i e a gente n\u00e3o pode deixar essas p\u00e9rolas se perderem por conta de habilidades e costumes&#8221;, disse Claudia.<\/p>\n<p><strong>Pol\u00eamica<\/strong><\/p>\n<p>A vice-reitora da universidade, Denise Nascimento, ressaltou que em 30 anos de academia, percebeu que as mulheres ocupam poucos espa\u00e7os e que o trabalho feminino \u00e9 questionado em fun\u00e7\u00e3o da licen\u00e7a maternidade. &#8220;\u00c9 uma pol\u00eamica que afeta muito o ingresso de mulheres nas \u00e1reas acad\u00eamicas. Segundo Denise, na universidade n\u00e3o h\u00e1 sal\u00e1rios diferentes dos homens, mas nas empresas privadas de engenharia, por exemplo, mulheres costumam ganhar menos &#8220;e dificilmente chegam a cargos de dire\u00e7\u00e3o&#8221;. Ela acredita que cabe a elas estabelecer conquistas nesses espa\u00e7os &#8220;pela nossa excel\u00eancia do conhecimento e pela capacidade de trabalho&#8221;.<\/p>\n<p><strong>Poli-USP<\/strong><\/p>\n<p>A diretora da Poli-USP, Liedi Bernucci, afirmou que hist\u00f3rias de ass\u00e9dio &#8220;n\u00e3o podem ficar no corredor&#8221;, mas t\u00eam que ser debatidas e combatidas. Quando entrou na Escola polit\u00e9cnica da USP, em 1977, as estudantes dos v\u00e1rios ramos da engenharia eram 4% do total.<\/p>\n<p>Em 2018, a taxa evoluiu para 19,3%, mas a partir da\u00ed, parece ter estabilizado. Liedi recomendou que \u00e9 preciso incentivar as meninas do ensino m\u00e9dio a verem a engenharia como uma carreira. &#8220;N\u00e3o existe nenhuma engenharia que as mulheres n\u00e3o possam cursar.&#8221;<\/p>\n<p>Quando assumiu a diretoria da unidade, em 1977, Liedi pensou que, com mulheres em algumas posi\u00e7\u00f5es, haveria um incentivo pelo exemplo. Isso \u00e9 verdade, mas ela acabou vendo que n\u00e3o \u00e9 suficiente. &#8220;Voc\u00ea precisa fazer um movimento planejado para convidar as jovens para se interessarem pelas ci\u00eancias exatas e, no nosso caso, pelas engenharias. Precisa fazer movimentos organizados para isso, porque ainda h\u00e1 aquele estigma que \u00e9 uma \u00e1rea masculina.&#8221;<\/p>\n<p><strong>Conex\u00f5es<\/strong><\/p>\n<p>A reitora eleita da UFRJ, Denise Pires, disse que h\u00e1 um &#8220;fluido&#8221; que precisa ser derrubado quanto \u00e0 presen\u00e7a das mulheres nas ci\u00eancias exatas. Enquanto elas s\u00e3o maioria entre os pesquisadores bolsistas para inicia\u00e7\u00e3o cient\u00edfica no Conselho Nacional de Desenvolvimento Cient\u00edfico e Tecnol\u00f3gico (CNPq), com 59% em 2018 e 56% em 2014, entre os pesquisadores bolsistas de produtividade, as mulheres s\u00e3o somente 24,6%. &#8220;Est\u00e1 claro que n\u00e3o h\u00e1 igualdade de g\u00eanero e a gente tem uma luta para que ela exista, porque h\u00e1 qualifica\u00e7\u00e3o&#8221;, assegurou. Denise Pires informou que isso ocorre n\u00e3o s\u00f3 na \u00e1rea de engenharia.<\/p>\n<p>A reitora defendeu a escolha para cargos de dire\u00e7\u00e3o baseada na qualifica\u00e7\u00e3o do profissional e n\u00e3o por ser do g\u00eanero masculino. &#8220;H\u00e1 um efeito tesoura que deve ser eliminado&#8221;. A ideia de Denise \u00e9 desenvolver projetos voltados para meninas do ensino fundamental e m\u00e9dio.<\/p>\n<p><strong>Aluna<\/strong><\/p>\n<p>A estudante de engenharia naval da Poli-UFRJ, Tha\u00eds Pessoa, presidente do Centro Acad\u00eamico e fundadora do coletivo Consci\u00eancia Feminina, disse que &#8220;conta nos dedos&#8221; o n\u00famero de professoras que v\u00ea em cursos de engenharia. Quando entrou na Poli, de 35 estudantes que ingressavam por semestre na engenharia naval, apenas seis eram meninas. &#8220;Vivemos em um sistema patriarcal que incentiva os homens na lideran\u00e7a. Nosso papel \u00e9 incentivar que as meninas fa\u00e7am o mesmo&#8221;. Segundo a aluna, os homens devem ser inclu\u00eddos no debate sobre a maior participa\u00e7\u00e3o das mulheres nas ci\u00eancias exatas.<\/p>\n<p><strong>F\u00f3rum<\/strong><\/p>\n<p>A diretora da Poli-UFRJ, Cl\u00e1udia Morgado, informou que foi criado um f\u00f3rum de dirigentes de escolas de engenharia do Brasil, cujo foco ser\u00e1 o aumento das mulheres nessas \u00e1reas. J\u00e1 est\u00e1 agendada reuni\u00e3o do f\u00f3rum para dentro de 15 dias, no Rio de Janeiro, quando ser\u00e1 discutida a cria\u00e7\u00e3o de pol\u00edticas p\u00fablicas que estimulem a presen\u00e7a feminina nas engenharias.<\/p>\n<p>De acordo com dados do Conselho Federal de Engenharia e Agronomia (Confea), existem hoje no pa\u00eds 1.150.637 profissionais ativos das \u00e1reas de engenharia, agronomia e geoci\u00eancias, englobando gradua\u00e7\u00e3o e tecn\u00f3logo, dos quais 961.809 s\u00e3o homens e 188.828, mulheres.<\/p>\n<p>Na engenharia civil, por exemplo, 307.635 profissionais ativos s\u00e3o do sexo masculino, contra 94.682 do sexo feminino. Na engenharia agr\u00f4noma, os homens s\u00e3o tamb\u00e9m maioria, com 173.907 registros, enquanto as mulheres somam 34.774. Nos ramos de mec\u00e2nica e metal\u00fargica, a diferen\u00e7a \u00e9 ainda maior: 180.612 profissionais registrados no Confea s\u00e3o homens, contra 15.935 mulheres.<\/p>\n<p>Apesar dos n\u00fameros ainda modestos, o conselheiro do Confea, Luiz Antonio Corr\u00eaa Lucchesi, garantiu \u00e0 Ag\u00eancia Brasil que a participa\u00e7\u00e3o feminina vem crescendo ano a ano. &#8220;N\u00e3o apenas pelo interesse demonstrado j\u00e1 na tenra idade pelas meninas para profiss\u00f5es que, outrora, talvez fossem consideradas mais adequadas ao homem, e depois na escola, na faculdade, a gente tem notado crescente participa\u00e7\u00e3o da mulher como acad\u00eamica.&#8221;<\/p>\n<p>Lucchesi vislumbra que, no futuro, haver\u00e1 mais equil\u00edbrio entre profissionais dos dois sexos nos dados do Confea, que abriga os egressos da universidade. Com o ingresso dos jovens no mercado de trabalho, disse que a tend\u00eancia \u00e9 equilibrar ambos os sexos nas profiss\u00f5es de engenharia, agronomia e geoci\u00eancias. Entre 2016 e 2018, o n\u00famero de engenheiras registradas no sistema Confea\/Conselho Regional de Engenharia e Agronomia (Crea) subiu 42% por ano.<\/p>\n<p><strong>Censo<\/strong><\/p>\n<p>O Censo do Ensino Superior, divulgado pelo Instituto Nacional de Estudos e Pesquisas Educacionais An\u00edsio Teixeira (Inep) em setembro do ano passado, mostrou que em 2017 as mulheres responderam por 105.651 matr\u00edculas em engenharia civil e 56.932 matr\u00edculas em engenharia de produ\u00e7\u00e3o, no pa\u00eds, contra 241.176 e 105.495 matr\u00edculas nas mesmas \u00e1reas, respectivamente, por representantes do sexo masculino. O Censo do Ensino Superior de 2015 registra que mulheres eram 30,1% dos concluintes do curso de engenharia civil e 32,6% do curso de engenharia da produ\u00e7\u00e3o, contra 69,9% e 67,4% de homens.<\/p>\n<p>A presidente da Associa\u00e7\u00e3o Brasileira de Engenheiras e Arquitetas (ABEA), Iara Nagle, confirmou que tem crescido a presen\u00e7a feminina principalmente na \u00e1rea de engenharia da produ\u00e7\u00e3o. Iara lamentou, por\u00e9m, que com 82 anos de exist\u00eancia, a entidade, fundada pelas primeiras engenheiras do pa\u00eds, com o objetivo de ampliar a participa\u00e7\u00e3o das mulheres nesse mercado, tenha apenas 340 profissionais associadas.<\/p>\n<p><em>Por Ag\u00eancia Brasil<\/em><br \/>\n<em>Fonte <a href=\"https:\/\/noticias.r7.com\/educacao\/ufrj-lanca-campanha-pelo-aumento-de-mulheres-na-engenharia-31052019\" target=\"_blank\" rel=\"noopener\">R7<\/a><\/em><\/p>\n","protected":false},"excerpt":{"rendered":"<p>A Escola Polit\u00e9cnica da Universidade Federal do Rio de Janeiro (Poli-UFRJ) lan\u00e7ou quinta-feira (30) a campanha #EsseLugarTamb\u00e9m\u00c9Meu, para incentivar a participa\u00e7\u00e3o feminina nas carreiras ligadas \u00e0 engenharia. A iniciativa foi divulgada durante a mesa-redonda Mulheres na Engenharia e seu lugar no desenvolvimento do pa\u00eds, que debateu a reduzida presen\u00e7a das mulheres nas chamadas ci\u00eancias exatas, [&hellip;]<\/p>\n","protected":false},"author":13,"featured_media":42765,"comment_status":"open","ping_status":"open","sticky":false,"template":"","format":"standard","meta":{"footnotes":""},"categories":[936],"tags":[],"class_list":{"0":"post-42764","1":"post","2":"type-post","3":"status-publish","4":"format-standard","5":"has-post-thumbnail","7":"category-mulher"},"yoast_head":"<!-- This site is optimized with the Yoast SEO plugin v27.2 - https:\/\/yoast.com\/product\/yoast-seo-wordpress\/ -->\n<title>UFRJ lan\u00e7a campanha pelo aumento de mulheres na engenharia - Instituto de Engenharia<\/title>\n<meta name=\"robots\" content=\"index, follow, max-snippet:-1, max-image-preview:large, max-video-preview:-1\" \/>\n<link rel=\"canonical\" href=\"https:\/\/www.institutodeengenharia.org.br\/site\/2019\/05\/31\/ufrj-lanca-campanha-pelo-aumento-de-mulheres-na-engenharia\/\" \/>\n<meta property=\"og:locale\" content=\"pt_BR\" \/>\n<meta property=\"og:type\" content=\"article\" \/>\n<meta property=\"og:title\" content=\"UFRJ lan\u00e7a campanha pelo aumento de mulheres na engenharia - Instituto de Engenharia\" \/>\n<meta property=\"og:description\" content=\"A Escola Polit\u00e9cnica da Universidade Federal do Rio de Janeiro (Poli-UFRJ) lan\u00e7ou quinta-feira (30) a campanha #EsseLugarTamb\u00e9m\u00c9Meu, para incentivar a participa\u00e7\u00e3o feminina nas carreiras ligadas \u00e0 engenharia. A iniciativa foi divulgada durante a mesa-redonda Mulheres na Engenharia e seu lugar no desenvolvimento do pa\u00eds, que debateu a reduzida presen\u00e7a das mulheres nas chamadas ci\u00eancias exatas, [&hellip;]\" \/>\n<meta property=\"og:url\" content=\"https:\/\/www.institutodeengenharia.org.br\/site\/2019\/05\/31\/ufrj-lanca-campanha-pelo-aumento-de-mulheres-na-engenharia\/\" \/>\n<meta property=\"og:site_name\" content=\"Instituto de Engenharia\" \/>\n<meta property=\"article:publisher\" content=\"https:\/\/www.facebook.com\/institutodeengenharia\" \/>\n<meta property=\"article:published_time\" content=\"2019-05-31T18:07:38+00:00\" \/>\n<meta property=\"article:modified_time\" content=\"2019-06-03T18:08:50+00:00\" \/>\n<meta property=\"og:image\" content=\"https:\/\/www.institutodeengenharia.org.br\/site\/wp-content\/uploads\/2019\/05\/campanha-da-ufrj-para-mulheres-na-engenharia-31052019110944595.jpeg\" \/>\n\t<meta property=\"og:image:width\" content=\"660\" \/>\n\t<meta property=\"og:image:height\" content=\"360\" \/>\n\t<meta property=\"og:image:type\" content=\"image\/jpeg\" \/>\n<meta name=\"author\" content=\"Bianca\" \/>\n<meta name=\"twitter:card\" content=\"summary_large_image\" \/>\n<meta name=\"twitter:creator\" content=\"@iengenharia\" \/>\n<meta name=\"twitter:site\" content=\"@iengenharia\" \/>\n<meta name=\"twitter:label1\" content=\"Escrito por\" \/>\n\t<meta name=\"twitter:data1\" content=\"Bianca\" \/>\n\t<meta name=\"twitter:label2\" content=\"Est. tempo de leitura\" \/>\n\t<meta name=\"twitter:data2\" content=\"7 minutos\" \/>\n<script type=\"application\/ld+json\" class=\"yoast-schema-graph\">{\"@context\":\"https:\/\/schema.org\",\"@graph\":[{\"@type\":\"Article\",\"@id\":\"https:\/\/www.institutodeengenharia.org.br\/site\/2019\/05\/31\/ufrj-lanca-campanha-pelo-aumento-de-mulheres-na-engenharia\/#article\",\"isPartOf\":{\"@id\":\"https:\/\/www.institutodeengenharia.org.br\/site\/2019\/05\/31\/ufrj-lanca-campanha-pelo-aumento-de-mulheres-na-engenharia\/\"},\"author\":{\"name\":\"Bianca\",\"@id\":\"https:\/\/www.institutodeengenharia.org.br\/site\/#\/schema\/person\/aeb64951c405e100d26d30b033dd423f\"},\"headline\":\"UFRJ lan\u00e7a campanha pelo aumento de mulheres na engenharia\",\"datePublished\":\"2019-05-31T18:07:38+00:00\",\"dateModified\":\"2019-06-03T18:08:50+00:00\",\"mainEntityOfPage\":{\"@id\":\"https:\/\/www.institutodeengenharia.org.br\/site\/2019\/05\/31\/ufrj-lanca-campanha-pelo-aumento-de-mulheres-na-engenharia\/\"},\"wordCount\":1386,\"commentCount\":0,\"publisher\":{\"@id\":\"https:\/\/www.institutodeengenharia.org.br\/site\/#organization\"},\"image\":{\"@id\":\"https:\/\/www.institutodeengenharia.org.br\/site\/2019\/05\/31\/ufrj-lanca-campanha-pelo-aumento-de-mulheres-na-engenharia\/#primaryimage\"},\"thumbnailUrl\":\"https:\/\/www.institutodeengenharia.org.br\/site\/wp-content\/uploads\/2019\/05\/campanha-da-ufrj-para-mulheres-na-engenharia-31052019110944595.jpeg\",\"articleSection\":[\"Mulher\"],\"inLanguage\":\"pt-BR\",\"potentialAction\":[{\"@type\":\"CommentAction\",\"name\":\"Comment\",\"target\":[\"https:\/\/www.institutodeengenharia.org.br\/site\/2019\/05\/31\/ufrj-lanca-campanha-pelo-aumento-de-mulheres-na-engenharia\/#respond\"]}]},{\"@type\":\"WebPage\",\"@id\":\"https:\/\/www.institutodeengenharia.org.br\/site\/2019\/05\/31\/ufrj-lanca-campanha-pelo-aumento-de-mulheres-na-engenharia\/\",\"url\":\"https:\/\/www.institutodeengenharia.org.br\/site\/2019\/05\/31\/ufrj-lanca-campanha-pelo-aumento-de-mulheres-na-engenharia\/\",\"name\":\"UFRJ lan\u00e7a campanha pelo aumento de mulheres na engenharia - Instituto de Engenharia\",\"isPartOf\":{\"@id\":\"https:\/\/www.institutodeengenharia.org.br\/site\/#website\"},\"primaryImageOfPage\":{\"@id\":\"https:\/\/www.institutodeengenharia.org.br\/site\/2019\/05\/31\/ufrj-lanca-campanha-pelo-aumento-de-mulheres-na-engenharia\/#primaryimage\"},\"image\":{\"@id\":\"https:\/\/www.institutodeengenharia.org.br\/site\/2019\/05\/31\/ufrj-lanca-campanha-pelo-aumento-de-mulheres-na-engenharia\/#primaryimage\"},\"thumbnailUrl\":\"https:\/\/www.institutodeengenharia.org.br\/site\/wp-content\/uploads\/2019\/05\/campanha-da-ufrj-para-mulheres-na-engenharia-31052019110944595.jpeg\",\"datePublished\":\"2019-05-31T18:07:38+00:00\",\"dateModified\":\"2019-06-03T18:08:50+00:00\",\"breadcrumb\":{\"@id\":\"https:\/\/www.institutodeengenharia.org.br\/site\/2019\/05\/31\/ufrj-lanca-campanha-pelo-aumento-de-mulheres-na-engenharia\/#breadcrumb\"},\"inLanguage\":\"pt-BR\",\"potentialAction\":[{\"@type\":\"ReadAction\",\"target\":[\"https:\/\/www.institutodeengenharia.org.br\/site\/2019\/05\/31\/ufrj-lanca-campanha-pelo-aumento-de-mulheres-na-engenharia\/\"]}]},{\"@type\":\"ImageObject\",\"inLanguage\":\"pt-BR\",\"@id\":\"https:\/\/www.institutodeengenharia.org.br\/site\/2019\/05\/31\/ufrj-lanca-campanha-pelo-aumento-de-mulheres-na-engenharia\/#primaryimage\",\"url\":\"https:\/\/www.institutodeengenharia.org.br\/site\/wp-content\/uploads\/2019\/05\/campanha-da-ufrj-para-mulheres-na-engenharia-31052019110944595.jpeg\",\"contentUrl\":\"https:\/\/www.institutodeengenharia.org.br\/site\/wp-content\/uploads\/2019\/05\/campanha-da-ufrj-para-mulheres-na-engenharia-31052019110944595.jpeg\",\"width\":660,\"height\":360,\"caption\":\"Campanha incentiva a participa\u00e7\u00e3o feminina na engenharia. Foto: Divulga\u00e7\u00e3o\"},{\"@type\":\"BreadcrumbList\",\"@id\":\"https:\/\/www.institutodeengenharia.org.br\/site\/2019\/05\/31\/ufrj-lanca-campanha-pelo-aumento-de-mulheres-na-engenharia\/#breadcrumb\",\"itemListElement\":[{\"@type\":\"ListItem\",\"position\":1,\"name\":\"In\u00edcio\",\"item\":\"https:\/\/www.institutodeengenharia.org.br\/site\/\"},{\"@type\":\"ListItem\",\"position\":2,\"name\":\"UFRJ lan\u00e7a campanha pelo aumento de mulheres na engenharia\"}]},{\"@type\":\"WebSite\",\"@id\":\"https:\/\/www.institutodeengenharia.org.br\/site\/#website\",\"url\":\"https:\/\/www.institutodeengenharia.org.br\/site\/\",\"name\":\"Instituto de Engenharia\",\"description\":\"O Instituto de Engenharia promove a Engenharia em benef\u00edcio do desenvolvimento e da qualidade de vida da sociedade.\",\"publisher\":{\"@id\":\"https:\/\/www.institutodeengenharia.org.br\/site\/#organization\"},\"potentialAction\":[{\"@type\":\"SearchAction\",\"target\":{\"@type\":\"EntryPoint\",\"urlTemplate\":\"https:\/\/www.institutodeengenharia.org.br\/site\/?s={search_term_string}\"},\"query-input\":{\"@type\":\"PropertyValueSpecification\",\"valueRequired\":true,\"valueName\":\"search_term_string\"}}],\"inLanguage\":\"pt-BR\"},{\"@type\":\"Organization\",\"@id\":\"https:\/\/www.institutodeengenharia.org.br\/site\/#organization\",\"name\":\"Instituto de Engenharia\",\"url\":\"https:\/\/www.institutodeengenharia.org.br\/site\/\",\"logo\":{\"@type\":\"ImageObject\",\"inLanguage\":\"pt-BR\",\"@id\":\"https:\/\/www.institutodeengenharia.org.br\/site\/#\/schema\/logo\/image\/\",\"url\":\"https:\/\/www.institutodeengenharia.org.br\/site\/wp-content\/uploads\/2019\/03\/logo-novo-IE2018-1.jpg\",\"contentUrl\":\"https:\/\/www.institutodeengenharia.org.br\/site\/wp-content\/uploads\/2019\/03\/logo-novo-IE2018-1.jpg\",\"width\":1486,\"height\":1879,\"caption\":\"Instituto de Engenharia\"},\"image\":{\"@id\":\"https:\/\/www.institutodeengenharia.org.br\/site\/#\/schema\/logo\/image\/\"},\"sameAs\":[\"https:\/\/www.facebook.com\/institutodeengenharia\",\"https:\/\/x.com\/iengenharia\",\"https:\/\/www.instagram.com\/institutodeengenharia\/\",\"https:\/\/www.linkedin.com\/company\/instituto-de-engenharia\/\",\"https:\/\/www.youtube.com\/channel\/UCXiCAlsSMe977vamW915HxA\"]},{\"@type\":\"Person\",\"@id\":\"https:\/\/www.institutodeengenharia.org.br\/site\/#\/schema\/person\/aeb64951c405e100d26d30b033dd423f\",\"name\":\"Bianca\",\"image\":{\"@type\":\"ImageObject\",\"inLanguage\":\"pt-BR\",\"@id\":\"https:\/\/secure.gravatar.com\/avatar\/a6fbe9bff57405baf4c1e2c5c1811e072b558253974a9f9508f4678900c97c2a?s=96&d=mm&r=g\",\"url\":\"https:\/\/secure.gravatar.com\/avatar\/a6fbe9bff57405baf4c1e2c5c1811e072b558253974a9f9508f4678900c97c2a?s=96&d=mm&r=g\",\"contentUrl\":\"https:\/\/secure.gravatar.com\/avatar\/a6fbe9bff57405baf4c1e2c5c1811e072b558253974a9f9508f4678900c97c2a?s=96&d=mm&r=g\",\"caption\":\"Bianca\"},\"url\":\"https:\/\/www.institutodeengenharia.org.br\/site\/author\/comunicacao1\/\"}]}<\/script>\n<!-- \/ Yoast SEO plugin. -->","yoast_head_json":{"title":"UFRJ lan\u00e7a campanha pelo aumento de mulheres na engenharia - Instituto de Engenharia","robots":{"index":"index","follow":"follow","max-snippet":"max-snippet:-1","max-image-preview":"max-image-preview:large","max-video-preview":"max-video-preview:-1"},"canonical":"https:\/\/www.institutodeengenharia.org.br\/site\/2019\/05\/31\/ufrj-lanca-campanha-pelo-aumento-de-mulheres-na-engenharia\/","og_locale":"pt_BR","og_type":"article","og_title":"UFRJ lan\u00e7a campanha pelo aumento de mulheres na engenharia - Instituto de Engenharia","og_description":"A Escola Polit\u00e9cnica da Universidade Federal do Rio de Janeiro (Poli-UFRJ) lan\u00e7ou quinta-feira (30) a campanha #EsseLugarTamb\u00e9m\u00c9Meu, para incentivar a participa\u00e7\u00e3o feminina nas carreiras ligadas \u00e0 engenharia. A iniciativa foi divulgada durante a mesa-redonda Mulheres na Engenharia e seu lugar no desenvolvimento do pa\u00eds, que debateu a reduzida presen\u00e7a das mulheres nas chamadas ci\u00eancias exatas, [&hellip;]","og_url":"https:\/\/www.institutodeengenharia.org.br\/site\/2019\/05\/31\/ufrj-lanca-campanha-pelo-aumento-de-mulheres-na-engenharia\/","og_site_name":"Instituto de Engenharia","article_publisher":"https:\/\/www.facebook.com\/institutodeengenharia","article_published_time":"2019-05-31T18:07:38+00:00","article_modified_time":"2019-06-03T18:08:50+00:00","og_image":[{"width":660,"height":360,"url":"https:\/\/www.institutodeengenharia.org.br\/site\/wp-content\/uploads\/2019\/05\/campanha-da-ufrj-para-mulheres-na-engenharia-31052019110944595.jpeg","type":"image\/jpeg"}],"author":"Bianca","twitter_card":"summary_large_image","twitter_creator":"@iengenharia","twitter_site":"@iengenharia","twitter_misc":{"Escrito por":"Bianca","Est. tempo de leitura":"7 minutos"},"schema":{"@context":"https:\/\/schema.org","@graph":[{"@type":"Article","@id":"https:\/\/www.institutodeengenharia.org.br\/site\/2019\/05\/31\/ufrj-lanca-campanha-pelo-aumento-de-mulheres-na-engenharia\/#article","isPartOf":{"@id":"https:\/\/www.institutodeengenharia.org.br\/site\/2019\/05\/31\/ufrj-lanca-campanha-pelo-aumento-de-mulheres-na-engenharia\/"},"author":{"name":"Bianca","@id":"https:\/\/www.institutodeengenharia.org.br\/site\/#\/schema\/person\/aeb64951c405e100d26d30b033dd423f"},"headline":"UFRJ lan\u00e7a campanha pelo aumento de mulheres na engenharia","datePublished":"2019-05-31T18:07:38+00:00","dateModified":"2019-06-03T18:08:50+00:00","mainEntityOfPage":{"@id":"https:\/\/www.institutodeengenharia.org.br\/site\/2019\/05\/31\/ufrj-lanca-campanha-pelo-aumento-de-mulheres-na-engenharia\/"},"wordCount":1386,"commentCount":0,"publisher":{"@id":"https:\/\/www.institutodeengenharia.org.br\/site\/#organization"},"image":{"@id":"https:\/\/www.institutodeengenharia.org.br\/site\/2019\/05\/31\/ufrj-lanca-campanha-pelo-aumento-de-mulheres-na-engenharia\/#primaryimage"},"thumbnailUrl":"https:\/\/www.institutodeengenharia.org.br\/site\/wp-content\/uploads\/2019\/05\/campanha-da-ufrj-para-mulheres-na-engenharia-31052019110944595.jpeg","articleSection":["Mulher"],"inLanguage":"pt-BR","potentialAction":[{"@type":"CommentAction","name":"Comment","target":["https:\/\/www.institutodeengenharia.org.br\/site\/2019\/05\/31\/ufrj-lanca-campanha-pelo-aumento-de-mulheres-na-engenharia\/#respond"]}]},{"@type":"WebPage","@id":"https:\/\/www.institutodeengenharia.org.br\/site\/2019\/05\/31\/ufrj-lanca-campanha-pelo-aumento-de-mulheres-na-engenharia\/","url":"https:\/\/www.institutodeengenharia.org.br\/site\/2019\/05\/31\/ufrj-lanca-campanha-pelo-aumento-de-mulheres-na-engenharia\/","name":"UFRJ lan\u00e7a campanha pelo aumento de mulheres na engenharia - Instituto de Engenharia","isPartOf":{"@id":"https:\/\/www.institutodeengenharia.org.br\/site\/#website"},"primaryImageOfPage":{"@id":"https:\/\/www.institutodeengenharia.org.br\/site\/2019\/05\/31\/ufrj-lanca-campanha-pelo-aumento-de-mulheres-na-engenharia\/#primaryimage"},"image":{"@id":"https:\/\/www.institutodeengenharia.org.br\/site\/2019\/05\/31\/ufrj-lanca-campanha-pelo-aumento-de-mulheres-na-engenharia\/#primaryimage"},"thumbnailUrl":"https:\/\/www.institutodeengenharia.org.br\/site\/wp-content\/uploads\/2019\/05\/campanha-da-ufrj-para-mulheres-na-engenharia-31052019110944595.jpeg","datePublished":"2019-05-31T18:07:38+00:00","dateModified":"2019-06-03T18:08:50+00:00","breadcrumb":{"@id":"https:\/\/www.institutodeengenharia.org.br\/site\/2019\/05\/31\/ufrj-lanca-campanha-pelo-aumento-de-mulheres-na-engenharia\/#breadcrumb"},"inLanguage":"pt-BR","potentialAction":[{"@type":"ReadAction","target":["https:\/\/www.institutodeengenharia.org.br\/site\/2019\/05\/31\/ufrj-lanca-campanha-pelo-aumento-de-mulheres-na-engenharia\/"]}]},{"@type":"ImageObject","inLanguage":"pt-BR","@id":"https:\/\/www.institutodeengenharia.org.br\/site\/2019\/05\/31\/ufrj-lanca-campanha-pelo-aumento-de-mulheres-na-engenharia\/#primaryimage","url":"https:\/\/www.institutodeengenharia.org.br\/site\/wp-content\/uploads\/2019\/05\/campanha-da-ufrj-para-mulheres-na-engenharia-31052019110944595.jpeg","contentUrl":"https:\/\/www.institutodeengenharia.org.br\/site\/wp-content\/uploads\/2019\/05\/campanha-da-ufrj-para-mulheres-na-engenharia-31052019110944595.jpeg","width":660,"height":360,"caption":"Campanha incentiva a participa\u00e7\u00e3o feminina na engenharia. Foto: Divulga\u00e7\u00e3o"},{"@type":"BreadcrumbList","@id":"https:\/\/www.institutodeengenharia.org.br\/site\/2019\/05\/31\/ufrj-lanca-campanha-pelo-aumento-de-mulheres-na-engenharia\/#breadcrumb","itemListElement":[{"@type":"ListItem","position":1,"name":"In\u00edcio","item":"https:\/\/www.institutodeengenharia.org.br\/site\/"},{"@type":"ListItem","position":2,"name":"UFRJ lan\u00e7a campanha pelo aumento de mulheres na engenharia"}]},{"@type":"WebSite","@id":"https:\/\/www.institutodeengenharia.org.br\/site\/#website","url":"https:\/\/www.institutodeengenharia.org.br\/site\/","name":"Instituto de Engenharia","description":"O Instituto de Engenharia promove a Engenharia em benef\u00edcio do desenvolvimento e da qualidade de vida da sociedade.","publisher":{"@id":"https:\/\/www.institutodeengenharia.org.br\/site\/#organization"},"potentialAction":[{"@type":"SearchAction","target":{"@type":"EntryPoint","urlTemplate":"https:\/\/www.institutodeengenharia.org.br\/site\/?s={search_term_string}"},"query-input":{"@type":"PropertyValueSpecification","valueRequired":true,"valueName":"search_term_string"}}],"inLanguage":"pt-BR"},{"@type":"Organization","@id":"https:\/\/www.institutodeengenharia.org.br\/site\/#organization","name":"Instituto de Engenharia","url":"https:\/\/www.institutodeengenharia.org.br\/site\/","logo":{"@type":"ImageObject","inLanguage":"pt-BR","@id":"https:\/\/www.institutodeengenharia.org.br\/site\/#\/schema\/logo\/image\/","url":"https:\/\/www.institutodeengenharia.org.br\/site\/wp-content\/uploads\/2019\/03\/logo-novo-IE2018-1.jpg","contentUrl":"https:\/\/www.institutodeengenharia.org.br\/site\/wp-content\/uploads\/2019\/03\/logo-novo-IE2018-1.jpg","width":1486,"height":1879,"caption":"Instituto de Engenharia"},"image":{"@id":"https:\/\/www.institutodeengenharia.org.br\/site\/#\/schema\/logo\/image\/"},"sameAs":["https:\/\/www.facebook.com\/institutodeengenharia","https:\/\/x.com\/iengenharia","https:\/\/www.instagram.com\/institutodeengenharia\/","https:\/\/www.linkedin.com\/company\/instituto-de-engenharia\/","https:\/\/www.youtube.com\/channel\/UCXiCAlsSMe977vamW915HxA"]},{"@type":"Person","@id":"https:\/\/www.institutodeengenharia.org.br\/site\/#\/schema\/person\/aeb64951c405e100d26d30b033dd423f","name":"Bianca","image":{"@type":"ImageObject","inLanguage":"pt-BR","@id":"https:\/\/secure.gravatar.com\/avatar\/a6fbe9bff57405baf4c1e2c5c1811e072b558253974a9f9508f4678900c97c2a?s=96&d=mm&r=g","url":"https:\/\/secure.gravatar.com\/avatar\/a6fbe9bff57405baf4c1e2c5c1811e072b558253974a9f9508f4678900c97c2a?s=96&d=mm&r=g","contentUrl":"https:\/\/secure.gravatar.com\/avatar\/a6fbe9bff57405baf4c1e2c5c1811e072b558253974a9f9508f4678900c97c2a?s=96&d=mm&r=g","caption":"Bianca"},"url":"https:\/\/www.institutodeengenharia.org.br\/site\/author\/comunicacao1\/"}]}},"_links":{"self":[{"href":"https:\/\/www.institutodeengenharia.org.br\/site\/wp-json\/wp\/v2\/posts\/42764","targetHints":{"allow":["GET"]}}],"collection":[{"href":"https:\/\/www.institutodeengenharia.org.br\/site\/wp-json\/wp\/v2\/posts"}],"about":[{"href":"https:\/\/www.institutodeengenharia.org.br\/site\/wp-json\/wp\/v2\/types\/post"}],"author":[{"embeddable":true,"href":"https:\/\/www.institutodeengenharia.org.br\/site\/wp-json\/wp\/v2\/users\/13"}],"replies":[{"embeddable":true,"href":"https:\/\/www.institutodeengenharia.org.br\/site\/wp-json\/wp\/v2\/comments?post=42764"}],"version-history":[{"count":2,"href":"https:\/\/www.institutodeengenharia.org.br\/site\/wp-json\/wp\/v2\/posts\/42764\/revisions"}],"predecessor-version":[{"id":42767,"href":"https:\/\/www.institutodeengenharia.org.br\/site\/wp-json\/wp\/v2\/posts\/42764\/revisions\/42767"}],"wp:featuredmedia":[{"embeddable":true,"href":"https:\/\/www.institutodeengenharia.org.br\/site\/wp-json\/wp\/v2\/media\/42765"}],"wp:attachment":[{"href":"https:\/\/www.institutodeengenharia.org.br\/site\/wp-json\/wp\/v2\/media?parent=42764"}],"wp:term":[{"taxonomy":"category","embeddable":true,"href":"https:\/\/www.institutodeengenharia.org.br\/site\/wp-json\/wp\/v2\/categories?post=42764"},{"taxonomy":"post_tag","embeddable":true,"href":"https:\/\/www.institutodeengenharia.org.br\/site\/wp-json\/wp\/v2\/tags?post=42764"}],"curies":[{"name":"wp","href":"https:\/\/api.w.org\/{rel}","templated":true}]}}