{"id":42749,"date":"2019-05-30T12:43:47","date_gmt":"2019-05-30T15:43:47","guid":{"rendered":"https:\/\/www.institutodeengenharia.org.br\/site\/?p=42749"},"modified":"2019-05-30T12:43:47","modified_gmt":"2019-05-30T15:43:47","slug":"dt-de-transito-realiza-encontro-para-discutir-parque-minhocao","status":"publish","type":"post","link":"https:\/\/www.institutodeengenharia.org.br\/site\/2019\/05\/30\/dt-de-transito-realiza-encontro-para-discutir-parque-minhocao\/","title":{"rendered":"DT de Tr\u00e2nsito realiza encontro para discutir Parque Minhoc\u00e3o"},"content":{"rendered":"<p>Nesta manh\u00e3 (30) foi realizado no Instituto de Engenharia uma reuni\u00e3o para discutir uma proposta para o projeto do Parque Minhoc\u00e3o. O objetivo ser\u00e1 entregar ao prefeito de S\u00e3o Paulo as propostas debatidas.<\/p>\n<p><img loading=\"lazy\" decoding=\"async\" class=\"wp-image-42751 aligncenter\" src=\"https:\/\/www.institutodeengenharia.org.br\/site\/wp-content\/uploads\/2019\/05\/WhatsApp-Image-2019-05-30-at-12.41.48.jpeg\" alt=\"\" width=\"551\" height=\"310\" srcset=\"https:\/\/www.institutodeengenharia.org.br\/site\/wp-content\/uploads\/2019\/05\/WhatsApp-Image-2019-05-30-at-12.41.48.jpeg 1280w, https:\/\/www.institutodeengenharia.org.br\/site\/wp-content\/uploads\/2019\/05\/WhatsApp-Image-2019-05-30-at-12.41.48-300x169.jpeg 300w, https:\/\/www.institutodeengenharia.org.br\/site\/wp-content\/uploads\/2019\/05\/WhatsApp-Image-2019-05-30-at-12.41.48-768x432.jpeg 768w, https:\/\/www.institutodeengenharia.org.br\/site\/wp-content\/uploads\/2019\/05\/WhatsApp-Image-2019-05-30-at-12.41.48-1024x576.jpeg 1024w, https:\/\/www.institutodeengenharia.org.br\/site\/wp-content\/uploads\/2019\/05\/WhatsApp-Image-2019-05-30-at-12.41.48-696x392.jpeg 696w, https:\/\/www.institutodeengenharia.org.br\/site\/wp-content\/uploads\/2019\/05\/WhatsApp-Image-2019-05-30-at-12.41.48-1068x601.jpeg 1068w, https:\/\/www.institutodeengenharia.org.br\/site\/wp-content\/uploads\/2019\/05\/WhatsApp-Image-2019-05-30-at-12.41.48-747x420.jpeg 747w\" sizes=\"auto, (max-width: 551px) 100vw, 551px\" \/><\/p>\n<p>Promovido pela Divis\u00e3o T\u00e9cnica de Tr\u00e2nsito, o encontro teve a participa\u00e7\u00e3o do presidente do IE, Eduardo Lafraia; do coordenador do Departamento de Mobilidade e Log\u00edstica, Ivan Whately; da coordenadora da DT de Tr\u00e2nsito, Maria da Penha Pereira; do consultor Nelson Maluf El Hage; do associado Luiz Celio Bottura; de Denise Campos, da Tranzum &#8211; Planejamento e Consultoria de Tr\u00e2nsito; de Alexandre Pileci, da ANTP &#8211; Associa\u00e7\u00e3o Nacional de Transportes P\u00fablicos -; de Ayrton Camargo, da AEAMESP &#8211; Associa\u00e7\u00e3o dos Engenheiros e Arquitetos de Metr\u00f4 -; e de Flam\u00ednio Fichmann, s\u00f3cio e diretor da Projeto 34 &#8211; Arquitetura e Engenharia.<\/p>\n","protected":false},"excerpt":{"rendered":"<p>Nesta manh\u00e3 (30) foi realizado no Instituto de Engenharia uma reuni\u00e3o para discutir uma proposta para o projeto do Parque Minhoc\u00e3o. O objetivo ser\u00e1 entregar ao prefeito de S\u00e3o Paulo as propostas debatidas. Promovido pela Divis\u00e3o T\u00e9cnica de Tr\u00e2nsito, o encontro teve a participa\u00e7\u00e3o do presidente do IE, Eduardo Lafraia; do coordenador do Departamento de [&hellip;]<\/p>\n","protected":false},"author":13,"featured_media":42750,"comment_status":"open","ping_status":"open","sticky":false,"template":"","format":"standard","meta":{"footnotes":""},"categories":[48,65,27],"tags":[202],"class_list":{"0":"post-42749","1":"post","2":"type-post","3":"status-publish","4":"format-standard","5":"has-post-thumbnail","7":"category-departamento-desenvolvimento-urbano-e-regional","8":"category-divisao-de-transito","9":"category-instituto-de-engenharia","10":"tag-destaque"},"yoast_head":"<!-- This site is optimized with the Yoast SEO plugin v27.2 - https:\/\/yoast.com\/product\/yoast-seo-wordpress\/ -->\n<title>DT de Tr\u00e2nsito realiza encontro para discutir Parque Minhoc\u00e3o - Instituto de Engenharia<\/title>\n<meta name=\"robots\" content=\"index, follow, max-snippet:-1, max-image-preview:large, max-video-preview:-1\" \/>\n<link rel=\"canonical\" href=\"https:\/\/www.institutodeengenharia.org.br\/site\/2019\/05\/30\/dt-de-transito-realiza-encontro-para-discutir-parque-minhocao\/\" \/>\n<meta property=\"og:locale\" content=\"pt_BR\" \/>\n<meta property=\"og:type\" content=\"article\" \/>\n<meta property=\"og:title\" content=\"DT de Tr\u00e2nsito realiza encontro para discutir Parque Minhoc\u00e3o - Instituto de Engenharia\" \/>\n<meta property=\"og:description\" content=\"Nesta manh\u00e3 (30) foi realizado no Instituto de Engenharia uma reuni\u00e3o para discutir uma proposta para o projeto do Parque Minhoc\u00e3o. O objetivo ser\u00e1 entregar ao prefeito de S\u00e3o Paulo as propostas debatidas. Promovido pela Divis\u00e3o T\u00e9cnica de Tr\u00e2nsito, o encontro teve a participa\u00e7\u00e3o do presidente do IE, Eduardo Lafraia; do coordenador do Departamento de [&hellip;]\" \/>\n<meta property=\"og:url\" content=\"https:\/\/www.institutodeengenharia.org.br\/site\/2019\/05\/30\/dt-de-transito-realiza-encontro-para-discutir-parque-minhocao\/\" \/>\n<meta property=\"og:site_name\" content=\"Instituto de Engenharia\" \/>\n<meta property=\"article:publisher\" content=\"https:\/\/www.facebook.com\/institutodeengenharia\" \/>\n<meta property=\"article:published_time\" content=\"2019-05-30T15:43:47+00:00\" \/>\n<meta property=\"og:image\" content=\"https:\/\/www.institutodeengenharia.org.br\/site\/wp-content\/uploads\/2019\/05\/WhatsApp-Image-2019-05-30-at-12.41.40.jpeg\" \/>\n\t<meta property=\"og:image:width\" content=\"1280\" \/>\n\t<meta property=\"og:image:height\" content=\"720\" \/>\n\t<meta property=\"og:image:type\" content=\"image\/jpeg\" \/>\n<meta name=\"author\" content=\"Bianca\" \/>\n<meta name=\"twitter:card\" content=\"summary_large_image\" \/>\n<meta name=\"twitter:creator\" content=\"@iengenharia\" \/>\n<meta name=\"twitter:site\" content=\"@iengenharia\" \/>\n<meta name=\"twitter:label1\" content=\"Escrito por\" \/>\n\t<meta name=\"twitter:data1\" content=\"Bianca\" \/>\n\t<meta name=\"twitter:label2\" content=\"Est. tempo de leitura\" \/>\n\t<meta name=\"twitter:data2\" content=\"1 minuto\" \/>\n<script type=\"application\/ld+json\" class=\"yoast-schema-graph\">{\"@context\":\"https:\/\/schema.org\",\"@graph\":[{\"@type\":\"Article\",\"@id\":\"https:\/\/www.institutodeengenharia.org.br\/site\/2019\/05\/30\/dt-de-transito-realiza-encontro-para-discutir-parque-minhocao\/#article\",\"isPartOf\":{\"@id\":\"https:\/\/www.institutodeengenharia.org.br\/site\/2019\/05\/30\/dt-de-transito-realiza-encontro-para-discutir-parque-minhocao\/\"},\"author\":{\"name\":\"Bianca\",\"@id\":\"https:\/\/www.institutodeengenharia.org.br\/site\/#\/schema\/person\/aeb64951c405e100d26d30b033dd423f\"},\"headline\":\"DT de Tr\u00e2nsito realiza encontro para discutir Parque Minhoc\u00e3o\",\"datePublished\":\"2019-05-30T15:43:47+00:00\",\"mainEntityOfPage\":{\"@id\":\"https:\/\/www.institutodeengenharia.org.br\/site\/2019\/05\/30\/dt-de-transito-realiza-encontro-para-discutir-parque-minhocao\/\"},\"wordCount\":156,\"commentCount\":0,\"publisher\":{\"@id\":\"https:\/\/www.institutodeengenharia.org.br\/site\/#organization\"},\"image\":{\"@id\":\"https:\/\/www.institutodeengenharia.org.br\/site\/2019\/05\/30\/dt-de-transito-realiza-encontro-para-discutir-parque-minhocao\/#primaryimage\"},\"thumbnailUrl\":\"https:\/\/www.institutodeengenharia.org.br\/site\/wp-content\/uploads\/2019\/05\/WhatsApp-Image-2019-05-30-at-12.41.40.jpeg\",\"keywords\":[\"+ Destaque\"],\"articleSection\":[\"Departamento de Desenvolvimento Urbano e Regional\",\"Divis\u00e3o T\u00e9cnica de Tr\u00e2nsito\",\"Instituto de Engenharia\"],\"inLanguage\":\"pt-BR\",\"potentialAction\":[{\"@type\":\"CommentAction\",\"name\":\"Comment\",\"target\":[\"https:\/\/www.institutodeengenharia.org.br\/site\/2019\/05\/30\/dt-de-transito-realiza-encontro-para-discutir-parque-minhocao\/#respond\"]}]},{\"@type\":\"WebPage\",\"@id\":\"https:\/\/www.institutodeengenharia.org.br\/site\/2019\/05\/30\/dt-de-transito-realiza-encontro-para-discutir-parque-minhocao\/\",\"url\":\"https:\/\/www.institutodeengenharia.org.br\/site\/2019\/05\/30\/dt-de-transito-realiza-encontro-para-discutir-parque-minhocao\/\",\"name\":\"DT de Tr\u00e2nsito realiza encontro para discutir Parque Minhoc\u00e3o - Instituto de Engenharia\",\"isPartOf\":{\"@id\":\"https:\/\/www.institutodeengenharia.org.br\/site\/#website\"},\"primaryImageOfPage\":{\"@id\":\"https:\/\/www.institutodeengenharia.org.br\/site\/2019\/05\/30\/dt-de-transito-realiza-encontro-para-discutir-parque-minhocao\/#primaryimage\"},\"image\":{\"@id\":\"https:\/\/www.institutodeengenharia.org.br\/site\/2019\/05\/30\/dt-de-transito-realiza-encontro-para-discutir-parque-minhocao\/#primaryimage\"},\"thumbnailUrl\":\"https:\/\/www.institutodeengenharia.org.br\/site\/wp-content\/uploads\/2019\/05\/WhatsApp-Image-2019-05-30-at-12.41.40.jpeg\",\"datePublished\":\"2019-05-30T15:43:47+00:00\",\"breadcrumb\":{\"@id\":\"https:\/\/www.institutodeengenharia.org.br\/site\/2019\/05\/30\/dt-de-transito-realiza-encontro-para-discutir-parque-minhocao\/#breadcrumb\"},\"inLanguage\":\"pt-BR\",\"potentialAction\":[{\"@type\":\"ReadAction\",\"target\":[\"https:\/\/www.institutodeengenharia.org.br\/site\/2019\/05\/30\/dt-de-transito-realiza-encontro-para-discutir-parque-minhocao\/\"]}]},{\"@type\":\"ImageObject\",\"inLanguage\":\"pt-BR\",\"@id\":\"https:\/\/www.institutodeengenharia.org.br\/site\/2019\/05\/30\/dt-de-transito-realiza-encontro-para-discutir-parque-minhocao\/#primaryimage\",\"url\":\"https:\/\/www.institutodeengenharia.org.br\/site\/wp-content\/uploads\/2019\/05\/WhatsApp-Image-2019-05-30-at-12.41.40.jpeg\",\"contentUrl\":\"https:\/\/www.institutodeengenharia.org.br\/site\/wp-content\/uploads\/2019\/05\/WhatsApp-Image-2019-05-30-at-12.41.40.jpeg\",\"width\":1280,\"height\":720,\"caption\":\"Proposta ser\u00e1 encaminhada ao prefeito de SP. Foto: Assessoria de Comunica\u00e7\u00e3o IE\"},{\"@type\":\"BreadcrumbList\",\"@id\":\"https:\/\/www.institutodeengenharia.org.br\/site\/2019\/05\/30\/dt-de-transito-realiza-encontro-para-discutir-parque-minhocao\/#breadcrumb\",\"itemListElement\":[{\"@type\":\"ListItem\",\"position\":1,\"name\":\"In\u00edcio\",\"item\":\"https:\/\/www.institutodeengenharia.org.br\/site\/\"},{\"@type\":\"ListItem\",\"position\":2,\"name\":\"DT de Tr\u00e2nsito realiza encontro para discutir Parque Minhoc\u00e3o\"}]},{\"@type\":\"WebSite\",\"@id\":\"https:\/\/www.institutodeengenharia.org.br\/site\/#website\",\"url\":\"https:\/\/www.institutodeengenharia.org.br\/site\/\",\"name\":\"Instituto de Engenharia\",\"description\":\"O Instituto de Engenharia promove a Engenharia em benef\u00edcio do desenvolvimento e da qualidade de vida da sociedade.\",\"publisher\":{\"@id\":\"https:\/\/www.institutodeengenharia.org.br\/site\/#organization\"},\"potentialAction\":[{\"@type\":\"SearchAction\",\"target\":{\"@type\":\"EntryPoint\",\"urlTemplate\":\"https:\/\/www.institutodeengenharia.org.br\/site\/?s={search_term_string}\"},\"query-input\":{\"@type\":\"PropertyValueSpecification\",\"valueRequired\":true,\"valueName\":\"search_term_string\"}}],\"inLanguage\":\"pt-BR\"},{\"@type\":\"Organization\",\"@id\":\"https:\/\/www.institutodeengenharia.org.br\/site\/#organization\",\"name\":\"Instituto de Engenharia\",\"url\":\"https:\/\/www.institutodeengenharia.org.br\/site\/\",\"logo\":{\"@type\":\"ImageObject\",\"inLanguage\":\"pt-BR\",\"@id\":\"https:\/\/www.institutodeengenharia.org.br\/site\/#\/schema\/logo\/image\/\",\"url\":\"https:\/\/www.institutodeengenharia.org.br\/site\/wp-content\/uploads\/2019\/03\/logo-novo-IE2018-1.jpg\",\"contentUrl\":\"https:\/\/www.institutodeengenharia.org.br\/site\/wp-content\/uploads\/2019\/03\/logo-novo-IE2018-1.jpg\",\"width\":1486,\"height\":1879,\"caption\":\"Instituto de Engenharia\"},\"image\":{\"@id\":\"https:\/\/www.institutodeengenharia.org.br\/site\/#\/schema\/logo\/image\/\"},\"sameAs\":[\"https:\/\/www.facebook.com\/institutodeengenharia\",\"https:\/\/x.com\/iengenharia\",\"https:\/\/www.instagram.com\/institutodeengenharia\/\",\"https:\/\/www.linkedin.com\/company\/instituto-de-engenharia\/\",\"https:\/\/www.youtube.com\/channel\/UCXiCAlsSMe977vamW915HxA\"]},{\"@type\":\"Person\",\"@id\":\"https:\/\/www.institutodeengenharia.org.br\/site\/#\/schema\/person\/aeb64951c405e100d26d30b033dd423f\",\"name\":\"Bianca\",\"image\":{\"@type\":\"ImageObject\",\"inLanguage\":\"pt-BR\",\"@id\":\"https:\/\/secure.gravatar.com\/avatar\/a6fbe9bff57405baf4c1e2c5c1811e072b558253974a9f9508f4678900c97c2a?s=96&d=mm&r=g\",\"url\":\"https:\/\/secure.gravatar.com\/avatar\/a6fbe9bff57405baf4c1e2c5c1811e072b558253974a9f9508f4678900c97c2a?s=96&d=mm&r=g\",\"contentUrl\":\"https:\/\/secure.gravatar.com\/avatar\/a6fbe9bff57405baf4c1e2c5c1811e072b558253974a9f9508f4678900c97c2a?s=96&d=mm&r=g\",\"caption\":\"Bianca\"},\"url\":\"https:\/\/www.institutodeengenharia.org.br\/site\/author\/comunicacao1\/\"}]}<\/script>\n<!-- \/ Yoast SEO plugin. -->","yoast_head_json":{"title":"DT de Tr\u00e2nsito realiza encontro para discutir Parque Minhoc\u00e3o - Instituto de Engenharia","robots":{"index":"index","follow":"follow","max-snippet":"max-snippet:-1","max-image-preview":"max-image-preview:large","max-video-preview":"max-video-preview:-1"},"canonical":"https:\/\/www.institutodeengenharia.org.br\/site\/2019\/05\/30\/dt-de-transito-realiza-encontro-para-discutir-parque-minhocao\/","og_locale":"pt_BR","og_type":"article","og_title":"DT de Tr\u00e2nsito realiza encontro para discutir Parque Minhoc\u00e3o - Instituto de Engenharia","og_description":"Nesta manh\u00e3 (30) foi realizado no Instituto de Engenharia uma reuni\u00e3o para discutir uma proposta para o projeto do Parque Minhoc\u00e3o. O objetivo ser\u00e1 entregar ao prefeito de S\u00e3o Paulo as propostas debatidas. Promovido pela Divis\u00e3o T\u00e9cnica de Tr\u00e2nsito, o encontro teve a participa\u00e7\u00e3o do presidente do IE, Eduardo Lafraia; do coordenador do Departamento de [&hellip;]","og_url":"https:\/\/www.institutodeengenharia.org.br\/site\/2019\/05\/30\/dt-de-transito-realiza-encontro-para-discutir-parque-minhocao\/","og_site_name":"Instituto de Engenharia","article_publisher":"https:\/\/www.facebook.com\/institutodeengenharia","article_published_time":"2019-05-30T15:43:47+00:00","og_image":[{"width":1280,"height":720,"url":"https:\/\/www.institutodeengenharia.org.br\/site\/wp-content\/uploads\/2019\/05\/WhatsApp-Image-2019-05-30-at-12.41.40.jpeg","type":"image\/jpeg"}],"author":"Bianca","twitter_card":"summary_large_image","twitter_creator":"@iengenharia","twitter_site":"@iengenharia","twitter_misc":{"Escrito por":"Bianca","Est. tempo de leitura":"1 minuto"},"schema":{"@context":"https:\/\/schema.org","@graph":[{"@type":"Article","@id":"https:\/\/www.institutodeengenharia.org.br\/site\/2019\/05\/30\/dt-de-transito-realiza-encontro-para-discutir-parque-minhocao\/#article","isPartOf":{"@id":"https:\/\/www.institutodeengenharia.org.br\/site\/2019\/05\/30\/dt-de-transito-realiza-encontro-para-discutir-parque-minhocao\/"},"author":{"name":"Bianca","@id":"https:\/\/www.institutodeengenharia.org.br\/site\/#\/schema\/person\/aeb64951c405e100d26d30b033dd423f"},"headline":"DT de Tr\u00e2nsito realiza encontro para discutir Parque Minhoc\u00e3o","datePublished":"2019-05-30T15:43:47+00:00","mainEntityOfPage":{"@id":"https:\/\/www.institutodeengenharia.org.br\/site\/2019\/05\/30\/dt-de-transito-realiza-encontro-para-discutir-parque-minhocao\/"},"wordCount":156,"commentCount":0,"publisher":{"@id":"https:\/\/www.institutodeengenharia.org.br\/site\/#organization"},"image":{"@id":"https:\/\/www.institutodeengenharia.org.br\/site\/2019\/05\/30\/dt-de-transito-realiza-encontro-para-discutir-parque-minhocao\/#primaryimage"},"thumbnailUrl":"https:\/\/www.institutodeengenharia.org.br\/site\/wp-content\/uploads\/2019\/05\/WhatsApp-Image-2019-05-30-at-12.41.40.jpeg","keywords":["+ Destaque"],"articleSection":["Departamento de Desenvolvimento Urbano e Regional","Divis\u00e3o T\u00e9cnica de Tr\u00e2nsito","Instituto de Engenharia"],"inLanguage":"pt-BR","potentialAction":[{"@type":"CommentAction","name":"Comment","target":["https:\/\/www.institutodeengenharia.org.br\/site\/2019\/05\/30\/dt-de-transito-realiza-encontro-para-discutir-parque-minhocao\/#respond"]}]},{"@type":"WebPage","@id":"https:\/\/www.institutodeengenharia.org.br\/site\/2019\/05\/30\/dt-de-transito-realiza-encontro-para-discutir-parque-minhocao\/","url":"https:\/\/www.institutodeengenharia.org.br\/site\/2019\/05\/30\/dt-de-transito-realiza-encontro-para-discutir-parque-minhocao\/","name":"DT de Tr\u00e2nsito realiza encontro para discutir Parque Minhoc\u00e3o - Instituto de Engenharia","isPartOf":{"@id":"https:\/\/www.institutodeengenharia.org.br\/site\/#website"},"primaryImageOfPage":{"@id":"https:\/\/www.institutodeengenharia.org.br\/site\/2019\/05\/30\/dt-de-transito-realiza-encontro-para-discutir-parque-minhocao\/#primaryimage"},"image":{"@id":"https:\/\/www.institutodeengenharia.org.br\/site\/2019\/05\/30\/dt-de-transito-realiza-encontro-para-discutir-parque-minhocao\/#primaryimage"},"thumbnailUrl":"https:\/\/www.institutodeengenharia.org.br\/site\/wp-content\/uploads\/2019\/05\/WhatsApp-Image-2019-05-30-at-12.41.40.jpeg","datePublished":"2019-05-30T15:43:47+00:00","breadcrumb":{"@id":"https:\/\/www.institutodeengenharia.org.br\/site\/2019\/05\/30\/dt-de-transito-realiza-encontro-para-discutir-parque-minhocao\/#breadcrumb"},"inLanguage":"pt-BR","potentialAction":[{"@type":"ReadAction","target":["https:\/\/www.institutodeengenharia.org.br\/site\/2019\/05\/30\/dt-de-transito-realiza-encontro-para-discutir-parque-minhocao\/"]}]},{"@type":"ImageObject","inLanguage":"pt-BR","@id":"https:\/\/www.institutodeengenharia.org.br\/site\/2019\/05\/30\/dt-de-transito-realiza-encontro-para-discutir-parque-minhocao\/#primaryimage","url":"https:\/\/www.institutodeengenharia.org.br\/site\/wp-content\/uploads\/2019\/05\/WhatsApp-Image-2019-05-30-at-12.41.40.jpeg","contentUrl":"https:\/\/www.institutodeengenharia.org.br\/site\/wp-content\/uploads\/2019\/05\/WhatsApp-Image-2019-05-30-at-12.41.40.jpeg","width":1280,"height":720,"caption":"Proposta ser\u00e1 encaminhada ao prefeito de SP. Foto: Assessoria de Comunica\u00e7\u00e3o IE"},{"@type":"BreadcrumbList","@id":"https:\/\/www.institutodeengenharia.org.br\/site\/2019\/05\/30\/dt-de-transito-realiza-encontro-para-discutir-parque-minhocao\/#breadcrumb","itemListElement":[{"@type":"ListItem","position":1,"name":"In\u00edcio","item":"https:\/\/www.institutodeengenharia.org.br\/site\/"},{"@type":"ListItem","position":2,"name":"DT de Tr\u00e2nsito realiza encontro para discutir Parque Minhoc\u00e3o"}]},{"@type":"WebSite","@id":"https:\/\/www.institutodeengenharia.org.br\/site\/#website","url":"https:\/\/www.institutodeengenharia.org.br\/site\/","name":"Instituto de Engenharia","description":"O Instituto de Engenharia promove a Engenharia em benef\u00edcio do desenvolvimento e da qualidade de vida da sociedade.","publisher":{"@id":"https:\/\/www.institutodeengenharia.org.br\/site\/#organization"},"potentialAction":[{"@type":"SearchAction","target":{"@type":"EntryPoint","urlTemplate":"https:\/\/www.institutodeengenharia.org.br\/site\/?s={search_term_string}"},"query-input":{"@type":"PropertyValueSpecification","valueRequired":true,"valueName":"search_term_string"}}],"inLanguage":"pt-BR"},{"@type":"Organization","@id":"https:\/\/www.institutodeengenharia.org.br\/site\/#organization","name":"Instituto de Engenharia","url":"https:\/\/www.institutodeengenharia.org.br\/site\/","logo":{"@type":"ImageObject","inLanguage":"pt-BR","@id":"https:\/\/www.institutodeengenharia.org.br\/site\/#\/schema\/logo\/image\/","url":"https:\/\/www.institutodeengenharia.org.br\/site\/wp-content\/uploads\/2019\/03\/logo-novo-IE2018-1.jpg","contentUrl":"https:\/\/www.institutodeengenharia.org.br\/site\/wp-content\/uploads\/2019\/03\/logo-novo-IE2018-1.jpg","width":1486,"height":1879,"caption":"Instituto de Engenharia"},"image":{"@id":"https:\/\/www.institutodeengenharia.org.br\/site\/#\/schema\/logo\/image\/"},"sameAs":["https:\/\/www.facebook.com\/institutodeengenharia","https:\/\/x.com\/iengenharia","https:\/\/www.instagram.com\/institutodeengenharia\/","https:\/\/www.linkedin.com\/company\/instituto-de-engenharia\/","https:\/\/www.youtube.com\/channel\/UCXiCAlsSMe977vamW915HxA"]},{"@type":"Person","@id":"https:\/\/www.institutodeengenharia.org.br\/site\/#\/schema\/person\/aeb64951c405e100d26d30b033dd423f","name":"Bianca","image":{"@type":"ImageObject","inLanguage":"pt-BR","@id":"https:\/\/secure.gravatar.com\/avatar\/a6fbe9bff57405baf4c1e2c5c1811e072b558253974a9f9508f4678900c97c2a?s=96&d=mm&r=g","url":"https:\/\/secure.gravatar.com\/avatar\/a6fbe9bff57405baf4c1e2c5c1811e072b558253974a9f9508f4678900c97c2a?s=96&d=mm&r=g","contentUrl":"https:\/\/secure.gravatar.com\/avatar\/a6fbe9bff57405baf4c1e2c5c1811e072b558253974a9f9508f4678900c97c2a?s=96&d=mm&r=g","caption":"Bianca"},"url":"https:\/\/www.institutodeengenharia.org.br\/site\/author\/comunicacao1\/"}]}},"_links":{"self":[{"href":"https:\/\/www.institutodeengenharia.org.br\/site\/wp-json\/wp\/v2\/posts\/42749","targetHints":{"allow":["GET"]}}],"collection":[{"href":"https:\/\/www.institutodeengenharia.org.br\/site\/wp-json\/wp\/v2\/posts"}],"about":[{"href":"https:\/\/www.institutodeengenharia.org.br\/site\/wp-json\/wp\/v2\/types\/post"}],"author":[{"embeddable":true,"href":"https:\/\/www.institutodeengenharia.org.br\/site\/wp-json\/wp\/v2\/users\/13"}],"replies":[{"embeddable":true,"href":"https:\/\/www.institutodeengenharia.org.br\/site\/wp-json\/wp\/v2\/comments?post=42749"}],"version-history":[{"count":1,"href":"https:\/\/www.institutodeengenharia.org.br\/site\/wp-json\/wp\/v2\/posts\/42749\/revisions"}],"predecessor-version":[{"id":42752,"href":"https:\/\/www.institutodeengenharia.org.br\/site\/wp-json\/wp\/v2\/posts\/42749\/revisions\/42752"}],"wp:featuredmedia":[{"embeddable":true,"href":"https:\/\/www.institutodeengenharia.org.br\/site\/wp-json\/wp\/v2\/media\/42750"}],"wp:attachment":[{"href":"https:\/\/www.institutodeengenharia.org.br\/site\/wp-json\/wp\/v2\/media?parent=42749"}],"wp:term":[{"taxonomy":"category","embeddable":true,"href":"https:\/\/www.institutodeengenharia.org.br\/site\/wp-json\/wp\/v2\/categories?post=42749"},{"taxonomy":"post_tag","embeddable":true,"href":"https:\/\/www.institutodeengenharia.org.br\/site\/wp-json\/wp\/v2\/tags?post=42749"}],"curies":[{"name":"wp","href":"https:\/\/api.w.org\/{rel}","templated":true}]}}