{"id":42296,"date":"2019-04-30T10:37:55","date_gmt":"2019-04-30T13:37:55","guid":{"rendered":"https:\/\/www.institutodeengenharia.org.br\/site\/?p=42296"},"modified":"2019-05-03T10:42:03","modified_gmt":"2019-05-03T13:42:03","slug":"material-tecnico-cloudtree-a-revolucao-na-gestao-integral-da-informacao","status":"publish","type":"post","link":"https:\/\/www.institutodeengenharia.org.br\/site\/2019\/04\/30\/material-tecnico-cloudtree-a-revolucao-na-gestao-integral-da-informacao\/","title":{"rendered":"Material T\u00e9cnico &#8211; CloudTree \u2013 a revolu\u00e7\u00e3o na gest\u00e3o integral da informa\u00e7\u00e3o"},"content":{"rendered":"<p>Palestra ministrada pelo <strong>Eng.<\/strong>\u00a0<strong>Adriano Bor\u00e7ari<\/strong><\/p>\n<p><a href=\"https:\/\/www.institutodeengenharia.org.br\/site\/wp-content\/uploads\/2019\/05\/Apesenta\u00e7\u00e3o_CloudTree_001.pdf\">Clique aqui para ver o Material T\u00e9cnico<\/a><\/p>\n<p>&nbsp;<\/p>\n<p><strong>Realiza\u00e7\u00e3o:<\/strong><\/p>\n<p><strong>Eng. Jer\u00f4nimo Cabral Pereira Fagundes Neto\u00a0<\/strong>\u2013 Vice-Presidente de Atividades T\u00e9cnicas<\/p>\n<p><strong>Eng\u00aa. D\u00e9bora Sanches de A. Marinello<\/strong>\u00a0\u2013 Diretora do Departamento de Produ\u00e7\u00e3o<\/p>\n<p><strong>Eng. Carlos Cotta Rodrigues\u00a0<\/strong>\u2013 Coord. da Divis\u00e3o T\u00e9cnica de Engenharia de Inc\u00eandio<\/p>\n<p><strong>Eng\u00aa. Nilce Meire Garcia\u00a0<\/strong>\u2013 Coord. da Divis\u00e3o T\u00e9cnica de Inform\u00e1tica<\/p>\n","protected":false},"excerpt":{"rendered":"<p>Palestra ministrada pelo Eng.\u00a0Adriano Bor\u00e7ari Clique aqui para ver o Material T\u00e9cnico &nbsp; Realiza\u00e7\u00e3o: Eng. Jer\u00f4nimo Cabral Pereira Fagundes Neto\u00a0\u2013 Vice-Presidente de Atividades T\u00e9cnicas Eng\u00aa. D\u00e9bora Sanches de A. Marinello\u00a0\u2013 Diretora do Departamento de Produ\u00e7\u00e3o Eng. Carlos Cotta Rodrigues\u00a0\u2013 Coord. da Divis\u00e3o T\u00e9cnica de Engenharia de Inc\u00eandio Eng\u00aa. Nilce Meire Garcia\u00a0\u2013 Coord. da Divis\u00e3o T\u00e9cnica [&hellip;]<\/p>\n","protected":false},"author":13,"featured_media":40958,"comment_status":"open","ping_status":"open","sticky":false,"template":"","format":"standard","meta":{"footnotes":""},"categories":[46,69,72,119],"tags":[],"class_list":{"0":"post-42296","1":"post","2":"type-post","3":"status-publish","4":"format-standard","5":"has-post-thumbnail","7":"category-departamento-desenvolvimento-de-gestao-e-objetivos","8":"category-divisao-de-engenharia-de-incendio","9":"category-divisao-tecnica-de-tecnologias-digitais","10":"category-publicacoes-tecnicas"},"yoast_head":"<!-- This site is optimized with the Yoast SEO plugin v27.2 - https:\/\/yoast.com\/product\/yoast-seo-wordpress\/ -->\n<title>Material T\u00e9cnico - CloudTree \u2013 a revolu\u00e7\u00e3o na gest\u00e3o integral da informa\u00e7\u00e3o - Instituto de Engenharia<\/title>\n<meta name=\"robots\" content=\"index, follow, max-snippet:-1, max-image-preview:large, max-video-preview:-1\" \/>\n<link rel=\"canonical\" href=\"https:\/\/www.institutodeengenharia.org.br\/site\/2019\/04\/30\/material-tecnico-cloudtree-a-revolucao-na-gestao-integral-da-informacao\/\" \/>\n<meta property=\"og:locale\" content=\"pt_BR\" \/>\n<meta property=\"og:type\" content=\"article\" \/>\n<meta property=\"og:title\" content=\"Material T\u00e9cnico - CloudTree \u2013 a revolu\u00e7\u00e3o na gest\u00e3o integral da informa\u00e7\u00e3o - Instituto de Engenharia\" \/>\n<meta property=\"og:description\" content=\"Palestra ministrada pelo Eng.\u00a0Adriano Bor\u00e7ari Clique aqui para ver o Material T\u00e9cnico &nbsp; Realiza\u00e7\u00e3o: Eng. Jer\u00f4nimo Cabral Pereira Fagundes Neto\u00a0\u2013 Vice-Presidente de Atividades T\u00e9cnicas Eng\u00aa. D\u00e9bora Sanches de A. Marinello\u00a0\u2013 Diretora do Departamento de Produ\u00e7\u00e3o Eng. Carlos Cotta Rodrigues\u00a0\u2013 Coord. da Divis\u00e3o T\u00e9cnica de Engenharia de Inc\u00eandio Eng\u00aa. Nilce Meire Garcia\u00a0\u2013 Coord. da Divis\u00e3o T\u00e9cnica [&hellip;]\" \/>\n<meta property=\"og:url\" content=\"https:\/\/www.institutodeengenharia.org.br\/site\/2019\/04\/30\/material-tecnico-cloudtree-a-revolucao-na-gestao-integral-da-informacao\/\" \/>\n<meta property=\"og:site_name\" content=\"Instituto de Engenharia\" \/>\n<meta property=\"article:publisher\" content=\"https:\/\/www.facebook.com\/institutodeengenharia\" \/>\n<meta property=\"article:published_time\" content=\"2019-04-30T13:37:55+00:00\" \/>\n<meta property=\"article:modified_time\" content=\"2019-05-03T13:42:03+00:00\" \/>\n<meta property=\"og:image\" content=\"https:\/\/www.institutodeengenharia.org.br\/site\/wp-content\/uploads\/2019\/04\/1-1.jpg\" \/>\n\t<meta property=\"og:image:width\" content=\"1429\" \/>\n\t<meta property=\"og:image:height\" content=\"673\" \/>\n\t<meta property=\"og:image:type\" content=\"image\/jpeg\" \/>\n<meta name=\"author\" content=\"Bianca\" \/>\n<meta name=\"twitter:card\" content=\"summary_large_image\" \/>\n<meta name=\"twitter:creator\" content=\"@iengenharia\" \/>\n<meta name=\"twitter:site\" content=\"@iengenharia\" \/>\n<meta name=\"twitter:label1\" content=\"Escrito por\" \/>\n\t<meta name=\"twitter:data1\" content=\"Bianca\" \/>\n<script type=\"application\/ld+json\" class=\"yoast-schema-graph\">{\"@context\":\"https:\/\/schema.org\",\"@graph\":[{\"@type\":\"Article\",\"@id\":\"https:\/\/www.institutodeengenharia.org.br\/site\/2019\/04\/30\/material-tecnico-cloudtree-a-revolucao-na-gestao-integral-da-informacao\/#article\",\"isPartOf\":{\"@id\":\"https:\/\/www.institutodeengenharia.org.br\/site\/2019\/04\/30\/material-tecnico-cloudtree-a-revolucao-na-gestao-integral-da-informacao\/\"},\"author\":{\"name\":\"Bianca\",\"@id\":\"https:\/\/www.institutodeengenharia.org.br\/site\/#\/schema\/person\/aeb64951c405e100d26d30b033dd423f\"},\"headline\":\"Material T\u00e9cnico &#8211; CloudTree \u2013 a revolu\u00e7\u00e3o na gest\u00e3o integral da informa\u00e7\u00e3o\",\"datePublished\":\"2019-04-30T13:37:55+00:00\",\"dateModified\":\"2019-05-03T13:42:03+00:00\",\"mainEntityOfPage\":{\"@id\":\"https:\/\/www.institutodeengenharia.org.br\/site\/2019\/04\/30\/material-tecnico-cloudtree-a-revolucao-na-gestao-integral-da-informacao\/\"},\"wordCount\":86,\"commentCount\":0,\"publisher\":{\"@id\":\"https:\/\/www.institutodeengenharia.org.br\/site\/#organization\"},\"image\":{\"@id\":\"https:\/\/www.institutodeengenharia.org.br\/site\/2019\/04\/30\/material-tecnico-cloudtree-a-revolucao-na-gestao-integral-da-informacao\/#primaryimage\"},\"thumbnailUrl\":\"https:\/\/www.institutodeengenharia.org.br\/site\/wp-content\/uploads\/2019\/04\/1-1.jpg\",\"articleSection\":[\"Departamento Desenvolvimento de Gest\u00e3o e Objetivos\",\"Divis\u00e3o T\u00e9cnica de Engenharia de Inc\u00eandio\",\"Divis\u00e3o T\u00e9cnica de Tecnologias Digitais\",\"Publica\u00e7\u00f5es T\u00e9cnicas\"],\"inLanguage\":\"pt-BR\",\"potentialAction\":[{\"@type\":\"CommentAction\",\"name\":\"Comment\",\"target\":[\"https:\/\/www.institutodeengenharia.org.br\/site\/2019\/04\/30\/material-tecnico-cloudtree-a-revolucao-na-gestao-integral-da-informacao\/#respond\"]}]},{\"@type\":\"WebPage\",\"@id\":\"https:\/\/www.institutodeengenharia.org.br\/site\/2019\/04\/30\/material-tecnico-cloudtree-a-revolucao-na-gestao-integral-da-informacao\/\",\"url\":\"https:\/\/www.institutodeengenharia.org.br\/site\/2019\/04\/30\/material-tecnico-cloudtree-a-revolucao-na-gestao-integral-da-informacao\/\",\"name\":\"Material T\u00e9cnico - CloudTree \u2013 a revolu\u00e7\u00e3o na gest\u00e3o integral da informa\u00e7\u00e3o - Instituto de Engenharia\",\"isPartOf\":{\"@id\":\"https:\/\/www.institutodeengenharia.org.br\/site\/#website\"},\"primaryImageOfPage\":{\"@id\":\"https:\/\/www.institutodeengenharia.org.br\/site\/2019\/04\/30\/material-tecnico-cloudtree-a-revolucao-na-gestao-integral-da-informacao\/#primaryimage\"},\"image\":{\"@id\":\"https:\/\/www.institutodeengenharia.org.br\/site\/2019\/04\/30\/material-tecnico-cloudtree-a-revolucao-na-gestao-integral-da-informacao\/#primaryimage\"},\"thumbnailUrl\":\"https:\/\/www.institutodeengenharia.org.br\/site\/wp-content\/uploads\/2019\/04\/1-1.jpg\",\"datePublished\":\"2019-04-30T13:37:55+00:00\",\"dateModified\":\"2019-05-03T13:42:03+00:00\",\"breadcrumb\":{\"@id\":\"https:\/\/www.institutodeengenharia.org.br\/site\/2019\/04\/30\/material-tecnico-cloudtree-a-revolucao-na-gestao-integral-da-informacao\/#breadcrumb\"},\"inLanguage\":\"pt-BR\",\"potentialAction\":[{\"@type\":\"ReadAction\",\"target\":[\"https:\/\/www.institutodeengenharia.org.br\/site\/2019\/04\/30\/material-tecnico-cloudtree-a-revolucao-na-gestao-integral-da-informacao\/\"]}]},{\"@type\":\"ImageObject\",\"inLanguage\":\"pt-BR\",\"@id\":\"https:\/\/www.institutodeengenharia.org.br\/site\/2019\/04\/30\/material-tecnico-cloudtree-a-revolucao-na-gestao-integral-da-informacao\/#primaryimage\",\"url\":\"https:\/\/www.institutodeengenharia.org.br\/site\/wp-content\/uploads\/2019\/04\/1-1.jpg\",\"contentUrl\":\"https:\/\/www.institutodeengenharia.org.br\/site\/wp-content\/uploads\/2019\/04\/1-1.jpg\",\"width\":1429,\"height\":673},{\"@type\":\"BreadcrumbList\",\"@id\":\"https:\/\/www.institutodeengenharia.org.br\/site\/2019\/04\/30\/material-tecnico-cloudtree-a-revolucao-na-gestao-integral-da-informacao\/#breadcrumb\",\"itemListElement\":[{\"@type\":\"ListItem\",\"position\":1,\"name\":\"In\u00edcio\",\"item\":\"https:\/\/www.institutodeengenharia.org.br\/site\/\"},{\"@type\":\"ListItem\",\"position\":2,\"name\":\"Material T\u00e9cnico &#8211; CloudTree \u2013 a revolu\u00e7\u00e3o na gest\u00e3o integral da informa\u00e7\u00e3o\"}]},{\"@type\":\"WebSite\",\"@id\":\"https:\/\/www.institutodeengenharia.org.br\/site\/#website\",\"url\":\"https:\/\/www.institutodeengenharia.org.br\/site\/\",\"name\":\"Instituto de Engenharia\",\"description\":\"O Instituto de Engenharia promove a Engenharia em benef\u00edcio do desenvolvimento e da qualidade de vida da sociedade.\",\"publisher\":{\"@id\":\"https:\/\/www.institutodeengenharia.org.br\/site\/#organization\"},\"potentialAction\":[{\"@type\":\"SearchAction\",\"target\":{\"@type\":\"EntryPoint\",\"urlTemplate\":\"https:\/\/www.institutodeengenharia.org.br\/site\/?s={search_term_string}\"},\"query-input\":{\"@type\":\"PropertyValueSpecification\",\"valueRequired\":true,\"valueName\":\"search_term_string\"}}],\"inLanguage\":\"pt-BR\"},{\"@type\":\"Organization\",\"@id\":\"https:\/\/www.institutodeengenharia.org.br\/site\/#organization\",\"name\":\"Instituto de Engenharia\",\"url\":\"https:\/\/www.institutodeengenharia.org.br\/site\/\",\"logo\":{\"@type\":\"ImageObject\",\"inLanguage\":\"pt-BR\",\"@id\":\"https:\/\/www.institutodeengenharia.org.br\/site\/#\/schema\/logo\/image\/\",\"url\":\"https:\/\/www.institutodeengenharia.org.br\/site\/wp-content\/uploads\/2019\/03\/logo-novo-IE2018-1.jpg\",\"contentUrl\":\"https:\/\/www.institutodeengenharia.org.br\/site\/wp-content\/uploads\/2019\/03\/logo-novo-IE2018-1.jpg\",\"width\":1486,\"height\":1879,\"caption\":\"Instituto de Engenharia\"},\"image\":{\"@id\":\"https:\/\/www.institutodeengenharia.org.br\/site\/#\/schema\/logo\/image\/\"},\"sameAs\":[\"https:\/\/www.facebook.com\/institutodeengenharia\",\"https:\/\/x.com\/iengenharia\",\"https:\/\/www.instagram.com\/institutodeengenharia\/\",\"https:\/\/www.linkedin.com\/company\/instituto-de-engenharia\/\",\"https:\/\/www.youtube.com\/channel\/UCXiCAlsSMe977vamW915HxA\"]},{\"@type\":\"Person\",\"@id\":\"https:\/\/www.institutodeengenharia.org.br\/site\/#\/schema\/person\/aeb64951c405e100d26d30b033dd423f\",\"name\":\"Bianca\",\"image\":{\"@type\":\"ImageObject\",\"inLanguage\":\"pt-BR\",\"@id\":\"https:\/\/secure.gravatar.com\/avatar\/a6fbe9bff57405baf4c1e2c5c1811e072b558253974a9f9508f4678900c97c2a?s=96&d=mm&r=g\",\"url\":\"https:\/\/secure.gravatar.com\/avatar\/a6fbe9bff57405baf4c1e2c5c1811e072b558253974a9f9508f4678900c97c2a?s=96&d=mm&r=g\",\"contentUrl\":\"https:\/\/secure.gravatar.com\/avatar\/a6fbe9bff57405baf4c1e2c5c1811e072b558253974a9f9508f4678900c97c2a?s=96&d=mm&r=g\",\"caption\":\"Bianca\"},\"url\":\"https:\/\/www.institutodeengenharia.org.br\/site\/author\/comunicacao1\/\"}]}<\/script>\n<!-- \/ Yoast SEO plugin. -->","yoast_head_json":{"title":"Material T\u00e9cnico - CloudTree \u2013 a revolu\u00e7\u00e3o na gest\u00e3o integral da informa\u00e7\u00e3o - Instituto de Engenharia","robots":{"index":"index","follow":"follow","max-snippet":"max-snippet:-1","max-image-preview":"max-image-preview:large","max-video-preview":"max-video-preview:-1"},"canonical":"https:\/\/www.institutodeengenharia.org.br\/site\/2019\/04\/30\/material-tecnico-cloudtree-a-revolucao-na-gestao-integral-da-informacao\/","og_locale":"pt_BR","og_type":"article","og_title":"Material T\u00e9cnico - CloudTree \u2013 a revolu\u00e7\u00e3o na gest\u00e3o integral da informa\u00e7\u00e3o - Instituto de Engenharia","og_description":"Palestra ministrada pelo Eng.\u00a0Adriano Bor\u00e7ari Clique aqui para ver o Material T\u00e9cnico &nbsp; Realiza\u00e7\u00e3o: Eng. Jer\u00f4nimo Cabral Pereira Fagundes Neto\u00a0\u2013 Vice-Presidente de Atividades T\u00e9cnicas Eng\u00aa. D\u00e9bora Sanches de A. Marinello\u00a0\u2013 Diretora do Departamento de Produ\u00e7\u00e3o Eng. Carlos Cotta Rodrigues\u00a0\u2013 Coord. da Divis\u00e3o T\u00e9cnica de Engenharia de Inc\u00eandio Eng\u00aa. Nilce Meire Garcia\u00a0\u2013 Coord. da Divis\u00e3o T\u00e9cnica [&hellip;]","og_url":"https:\/\/www.institutodeengenharia.org.br\/site\/2019\/04\/30\/material-tecnico-cloudtree-a-revolucao-na-gestao-integral-da-informacao\/","og_site_name":"Instituto de Engenharia","article_publisher":"https:\/\/www.facebook.com\/institutodeengenharia","article_published_time":"2019-04-30T13:37:55+00:00","article_modified_time":"2019-05-03T13:42:03+00:00","og_image":[{"width":1429,"height":673,"url":"https:\/\/www.institutodeengenharia.org.br\/site\/wp-content\/uploads\/2019\/04\/1-1.jpg","type":"image\/jpeg"}],"author":"Bianca","twitter_card":"summary_large_image","twitter_creator":"@iengenharia","twitter_site":"@iengenharia","twitter_misc":{"Escrito por":"Bianca"},"schema":{"@context":"https:\/\/schema.org","@graph":[{"@type":"Article","@id":"https:\/\/www.institutodeengenharia.org.br\/site\/2019\/04\/30\/material-tecnico-cloudtree-a-revolucao-na-gestao-integral-da-informacao\/#article","isPartOf":{"@id":"https:\/\/www.institutodeengenharia.org.br\/site\/2019\/04\/30\/material-tecnico-cloudtree-a-revolucao-na-gestao-integral-da-informacao\/"},"author":{"name":"Bianca","@id":"https:\/\/www.institutodeengenharia.org.br\/site\/#\/schema\/person\/aeb64951c405e100d26d30b033dd423f"},"headline":"Material T\u00e9cnico &#8211; CloudTree \u2013 a revolu\u00e7\u00e3o na gest\u00e3o integral da informa\u00e7\u00e3o","datePublished":"2019-04-30T13:37:55+00:00","dateModified":"2019-05-03T13:42:03+00:00","mainEntityOfPage":{"@id":"https:\/\/www.institutodeengenharia.org.br\/site\/2019\/04\/30\/material-tecnico-cloudtree-a-revolucao-na-gestao-integral-da-informacao\/"},"wordCount":86,"commentCount":0,"publisher":{"@id":"https:\/\/www.institutodeengenharia.org.br\/site\/#organization"},"image":{"@id":"https:\/\/www.institutodeengenharia.org.br\/site\/2019\/04\/30\/material-tecnico-cloudtree-a-revolucao-na-gestao-integral-da-informacao\/#primaryimage"},"thumbnailUrl":"https:\/\/www.institutodeengenharia.org.br\/site\/wp-content\/uploads\/2019\/04\/1-1.jpg","articleSection":["Departamento Desenvolvimento de Gest\u00e3o e Objetivos","Divis\u00e3o T\u00e9cnica de Engenharia de Inc\u00eandio","Divis\u00e3o T\u00e9cnica de Tecnologias Digitais","Publica\u00e7\u00f5es T\u00e9cnicas"],"inLanguage":"pt-BR","potentialAction":[{"@type":"CommentAction","name":"Comment","target":["https:\/\/www.institutodeengenharia.org.br\/site\/2019\/04\/30\/material-tecnico-cloudtree-a-revolucao-na-gestao-integral-da-informacao\/#respond"]}]},{"@type":"WebPage","@id":"https:\/\/www.institutodeengenharia.org.br\/site\/2019\/04\/30\/material-tecnico-cloudtree-a-revolucao-na-gestao-integral-da-informacao\/","url":"https:\/\/www.institutodeengenharia.org.br\/site\/2019\/04\/30\/material-tecnico-cloudtree-a-revolucao-na-gestao-integral-da-informacao\/","name":"Material T\u00e9cnico - CloudTree \u2013 a revolu\u00e7\u00e3o na gest\u00e3o integral da informa\u00e7\u00e3o - Instituto de Engenharia","isPartOf":{"@id":"https:\/\/www.institutodeengenharia.org.br\/site\/#website"},"primaryImageOfPage":{"@id":"https:\/\/www.institutodeengenharia.org.br\/site\/2019\/04\/30\/material-tecnico-cloudtree-a-revolucao-na-gestao-integral-da-informacao\/#primaryimage"},"image":{"@id":"https:\/\/www.institutodeengenharia.org.br\/site\/2019\/04\/30\/material-tecnico-cloudtree-a-revolucao-na-gestao-integral-da-informacao\/#primaryimage"},"thumbnailUrl":"https:\/\/www.institutodeengenharia.org.br\/site\/wp-content\/uploads\/2019\/04\/1-1.jpg","datePublished":"2019-04-30T13:37:55+00:00","dateModified":"2019-05-03T13:42:03+00:00","breadcrumb":{"@id":"https:\/\/www.institutodeengenharia.org.br\/site\/2019\/04\/30\/material-tecnico-cloudtree-a-revolucao-na-gestao-integral-da-informacao\/#breadcrumb"},"inLanguage":"pt-BR","potentialAction":[{"@type":"ReadAction","target":["https:\/\/www.institutodeengenharia.org.br\/site\/2019\/04\/30\/material-tecnico-cloudtree-a-revolucao-na-gestao-integral-da-informacao\/"]}]},{"@type":"ImageObject","inLanguage":"pt-BR","@id":"https:\/\/www.institutodeengenharia.org.br\/site\/2019\/04\/30\/material-tecnico-cloudtree-a-revolucao-na-gestao-integral-da-informacao\/#primaryimage","url":"https:\/\/www.institutodeengenharia.org.br\/site\/wp-content\/uploads\/2019\/04\/1-1.jpg","contentUrl":"https:\/\/www.institutodeengenharia.org.br\/site\/wp-content\/uploads\/2019\/04\/1-1.jpg","width":1429,"height":673},{"@type":"BreadcrumbList","@id":"https:\/\/www.institutodeengenharia.org.br\/site\/2019\/04\/30\/material-tecnico-cloudtree-a-revolucao-na-gestao-integral-da-informacao\/#breadcrumb","itemListElement":[{"@type":"ListItem","position":1,"name":"In\u00edcio","item":"https:\/\/www.institutodeengenharia.org.br\/site\/"},{"@type":"ListItem","position":2,"name":"Material T\u00e9cnico &#8211; CloudTree \u2013 a revolu\u00e7\u00e3o na gest\u00e3o integral da informa\u00e7\u00e3o"}]},{"@type":"WebSite","@id":"https:\/\/www.institutodeengenharia.org.br\/site\/#website","url":"https:\/\/www.institutodeengenharia.org.br\/site\/","name":"Instituto de Engenharia","description":"O Instituto de Engenharia promove a Engenharia em benef\u00edcio do desenvolvimento e da qualidade de vida da sociedade.","publisher":{"@id":"https:\/\/www.institutodeengenharia.org.br\/site\/#organization"},"potentialAction":[{"@type":"SearchAction","target":{"@type":"EntryPoint","urlTemplate":"https:\/\/www.institutodeengenharia.org.br\/site\/?s={search_term_string}"},"query-input":{"@type":"PropertyValueSpecification","valueRequired":true,"valueName":"search_term_string"}}],"inLanguage":"pt-BR"},{"@type":"Organization","@id":"https:\/\/www.institutodeengenharia.org.br\/site\/#organization","name":"Instituto de Engenharia","url":"https:\/\/www.institutodeengenharia.org.br\/site\/","logo":{"@type":"ImageObject","inLanguage":"pt-BR","@id":"https:\/\/www.institutodeengenharia.org.br\/site\/#\/schema\/logo\/image\/","url":"https:\/\/www.institutodeengenharia.org.br\/site\/wp-content\/uploads\/2019\/03\/logo-novo-IE2018-1.jpg","contentUrl":"https:\/\/www.institutodeengenharia.org.br\/site\/wp-content\/uploads\/2019\/03\/logo-novo-IE2018-1.jpg","width":1486,"height":1879,"caption":"Instituto de Engenharia"},"image":{"@id":"https:\/\/www.institutodeengenharia.org.br\/site\/#\/schema\/logo\/image\/"},"sameAs":["https:\/\/www.facebook.com\/institutodeengenharia","https:\/\/x.com\/iengenharia","https:\/\/www.instagram.com\/institutodeengenharia\/","https:\/\/www.linkedin.com\/company\/instituto-de-engenharia\/","https:\/\/www.youtube.com\/channel\/UCXiCAlsSMe977vamW915HxA"]},{"@type":"Person","@id":"https:\/\/www.institutodeengenharia.org.br\/site\/#\/schema\/person\/aeb64951c405e100d26d30b033dd423f","name":"Bianca","image":{"@type":"ImageObject","inLanguage":"pt-BR","@id":"https:\/\/secure.gravatar.com\/avatar\/a6fbe9bff57405baf4c1e2c5c1811e072b558253974a9f9508f4678900c97c2a?s=96&d=mm&r=g","url":"https:\/\/secure.gravatar.com\/avatar\/a6fbe9bff57405baf4c1e2c5c1811e072b558253974a9f9508f4678900c97c2a?s=96&d=mm&r=g","contentUrl":"https:\/\/secure.gravatar.com\/avatar\/a6fbe9bff57405baf4c1e2c5c1811e072b558253974a9f9508f4678900c97c2a?s=96&d=mm&r=g","caption":"Bianca"},"url":"https:\/\/www.institutodeengenharia.org.br\/site\/author\/comunicacao1\/"}]}},"_links":{"self":[{"href":"https:\/\/www.institutodeengenharia.org.br\/site\/wp-json\/wp\/v2\/posts\/42296","targetHints":{"allow":["GET"]}}],"collection":[{"href":"https:\/\/www.institutodeengenharia.org.br\/site\/wp-json\/wp\/v2\/posts"}],"about":[{"href":"https:\/\/www.institutodeengenharia.org.br\/site\/wp-json\/wp\/v2\/types\/post"}],"author":[{"embeddable":true,"href":"https:\/\/www.institutodeengenharia.org.br\/site\/wp-json\/wp\/v2\/users\/13"}],"replies":[{"embeddable":true,"href":"https:\/\/www.institutodeengenharia.org.br\/site\/wp-json\/wp\/v2\/comments?post=42296"}],"version-history":[{"count":1,"href":"https:\/\/www.institutodeengenharia.org.br\/site\/wp-json\/wp\/v2\/posts\/42296\/revisions"}],"predecessor-version":[{"id":42298,"href":"https:\/\/www.institutodeengenharia.org.br\/site\/wp-json\/wp\/v2\/posts\/42296\/revisions\/42298"}],"wp:featuredmedia":[{"embeddable":true,"href":"https:\/\/www.institutodeengenharia.org.br\/site\/wp-json\/wp\/v2\/media\/40958"}],"wp:attachment":[{"href":"https:\/\/www.institutodeengenharia.org.br\/site\/wp-json\/wp\/v2\/media?parent=42296"}],"wp:term":[{"taxonomy":"category","embeddable":true,"href":"https:\/\/www.institutodeengenharia.org.br\/site\/wp-json\/wp\/v2\/categories?post=42296"},{"taxonomy":"post_tag","embeddable":true,"href":"https:\/\/www.institutodeengenharia.org.br\/site\/wp-json\/wp\/v2\/tags?post=42296"}],"curies":[{"name":"wp","href":"https:\/\/api.w.org\/{rel}","templated":true}]}}