{"id":42058,"date":"2019-04-25T10:35:28","date_gmt":"2019-04-25T13:35:28","guid":{"rendered":"https:\/\/www.institutodeengenharia.org.br\/site\/?p=42058"},"modified":"2019-05-03T16:58:02","modified_gmt":"2019-05-03T19:58:02","slug":"brasileiras-fazem-historia-com-ouro-inedito-em-olimpiada-de-matematica-na-europa","status":"publish","type":"post","link":"https:\/\/www.institutodeengenharia.org.br\/site\/2019\/04\/25\/brasileiras-fazem-historia-com-ouro-inedito-em-olimpiada-de-matematica-na-europa\/","title":{"rendered":"Brasileiras fazem hist\u00f3ria com ouro in\u00e9dito em olimp\u00edada de matem\u00e1tica na Europa"},"content":{"rendered":"<div class=\"mc-column content-text active-extra-styles active-capital-letter\" data-block-type=\"unstyled\" data-block-weight=\"64\" data-block-id=\"2\">\n<p class=\"content-text__container theme-color-primary-first-letter\" data-track-category=\"Link no Texto\" data-track-links=\"\">Seis mulheres e uma miss\u00e3o: representar o Brasil na 8\u00aa Olimp\u00edada Europeia Feminina de Matem\u00e1tica (EGMO, na sigla em ingl\u00eas), que aconteceu de 7 a 13 de abril, em Kiev, na Ucr\u00e2nia. A disputa entre 196 estudantes de 49 pa\u00edses rendeu ao Brasil um feito in\u00e9dito: uma medalha de ouro, conquistada pela estudante ga\u00facha Mariana Groff, de 17 anos, e a 20\u00aa coloca\u00e7\u00e3o geral.<\/p>\n<\/div>\n<div class=\"wall protected-content\">\n<div class=\"mc-column content-text active-extra-styles \" data-block-type=\"unstyled\" data-block-weight=\"42\" data-block-id=\"3\">\n<p class=\"content-text__container \" data-track-category=\"Link no Texto\" data-track-links=\"\">Essa \u00e9 a terceira vez que a jovem participa do evento e, a cada edi\u00e7\u00e3o, ela foi obtendo resultados melhores: bronze em 2017, prata em 2018 e ouro em 2019. Atualmente, ele se mudou de Frederico Westphalen (RS) para Fortaleza para estudar.<\/p>\n<\/div>\n<blockquote>\n<div class=\"mc-column content-text active-extra-styles\" data-block-type=\"raw\" data-block-weight=\"53\" data-block-id=\"4\">&#8220;Eu me dediquei muito nos \u00faltimos meses estudando matem\u00e1tica, e tive aulas e apoio em Fortaleza para isso. Assim, acho que a medalha era um resultado esperado, mas isso n\u00e3o interferiu na grande alegria que eu tive quando fiquei sabendo que eu ia ganhar uma medalha de ouro&#8221;, Mariana Groff, medalhista de ouro.<\/div>\n<\/blockquote>\n<div data-block-type=\"raw\" data-block-weight=\"53\" data-block-id=\"4\">\n<div class=\"row medium-uncollapsed content-media content-photo\" data-block-type=\"backstage-photo\" data-block-id=\"5\">\n<div class=\"mc-column content-media__container\">\n<div class=\"progressive-img can-open-lightbox\" data-min-size=\"1008x568\" data-min-size-url=\"https:\/\/s2.glbimg.com\/-G7kOYoXheaUbzjgJwp9mrzzXcI=\/0x0:1556x877\/1008x0\/smart\/filters:strip_icc()\/i.s3.glbimg.com\/v1\/AUTH_59edd422c0c84a879bd37670ae4f538a\/internal_photos\/bs\/2019\/S\/m\/sZ77i8SCibxfe7j367ew\/mgegmo.jpg\" data-max-size=\"1600x901\" data-max-size-url=\"https:\/\/s2.glbimg.com\/kwhpP56s3CVbU5VyyUthYZwcnSo=\/0x0:1556x877\/1600x0\/smart\/filters:strip_icc()\/i.s3.glbimg.com\/v1\/AUTH_59edd422c0c84a879bd37670ae4f538a\/internal_photos\/bs\/2019\/S\/m\/sZ77i8SCibxfe7j367ew\/mgegmo.jpg\" data-media-index=\"0\">\n<picture><source srcset=\"https:\/\/s2.glbimg.com\/P6jq7Tp8SVa6RiBz1c-NqMQduAI=\/0x0:1556x877\/600x0\/smart\/filters:strip_icc()\/i.s3.glbimg.com\/v1\/AUTH_59edd422c0c84a879bd37670ae4f538a\/internal_photos\/bs\/2019\/S\/m\/sZ77i8SCibxfe7j367ew\/mgegmo.jpg 1x, https:\/\/s2.glbimg.com\/_5osHIuCazF8FttpwH7g8RElLkA=\/0x0:1556x877\/1200x0\/smart\/filters:strip_icc()\/i.s3.glbimg.com\/v1\/AUTH_59edd422c0c84a879bd37670ae4f538a\/internal_photos\/bs\/2019\/S\/m\/sZ77i8SCibxfe7j367ew\/mgegmo.jpg 2x\" media=\"(max-width: 1024px)\" data-src=\"https:\/\/s2.glbimg.com\/P6jq7Tp8SVa6RiBz1c-NqMQduAI=\/0x0:1556x877\/600x0\/smart\/filters:strip_icc()\/i.s3.glbimg.com\/v1\/AUTH_59edd422c0c84a879bd37670ae4f538a\/internal_photos\/bs\/2019\/S\/m\/sZ77i8SCibxfe7j367ew\/mgegmo.jpg 1x, https:\/\/s2.glbimg.com\/_5osHIuCazF8FttpwH7g8RElLkA=\/0x0:1556x877\/1200x0\/smart\/filters:strip_icc()\/i.s3.glbimg.com\/v1\/AUTH_59edd422c0c84a879bd37670ae4f538a\/internal_photos\/bs\/2019\/S\/m\/sZ77i8SCibxfe7j367ew\/mgegmo.jpg 2x\" \/><source srcset=\"https:\/\/s2.glbimg.com\/xSyy2xrzZ1bvcmDU4mTJJK2d3ZA=\/0x0:1556x877\/640x0\/smart\/filters:strip_icc()\/i.s3.glbimg.com\/v1\/AUTH_59edd422c0c84a879bd37670ae4f538a\/internal_photos\/bs\/2019\/S\/m\/sZ77i8SCibxfe7j367ew\/mgegmo.jpg 1x, https:\/\/s2.glbimg.com\/xxe6qkNT4subapd4XbTE2jivQwA=\/0x0:1556x877\/1280x0\/smart\/filters:strip_icc()\/i.s3.glbimg.com\/v1\/AUTH_59edd422c0c84a879bd37670ae4f538a\/internal_photos\/bs\/2019\/S\/m\/sZ77i8SCibxfe7j367ew\/mgegmo.jpg 2x\" media=\"(max-width: 1280px)\" data-src=\"https:\/\/s2.glbimg.com\/xSyy2xrzZ1bvcmDU4mTJJK2d3ZA=\/0x0:1556x877\/640x0\/smart\/filters:strip_icc()\/i.s3.glbimg.com\/v1\/AUTH_59edd422c0c84a879bd37670ae4f538a\/internal_photos\/bs\/2019\/S\/m\/sZ77i8SCibxfe7j367ew\/mgegmo.jpg 1x, https:\/\/s2.glbimg.com\/xxe6qkNT4subapd4XbTE2jivQwA=\/0x0:1556x877\/1280x0\/smart\/filters:strip_icc()\/i.s3.glbimg.com\/v1\/AUTH_59edd422c0c84a879bd37670ae4f538a\/internal_photos\/bs\/2019\/S\/m\/sZ77i8SCibxfe7j367ew\/mgegmo.jpg 2x\" \/><source srcset=\"https:\/\/s2.glbimg.com\/N_xWon6s4szAgCvoPhZiXEFrKyE=\/0x0:1556x877\/984x0\/smart\/filters:strip_icc()\/i.s3.glbimg.com\/v1\/AUTH_59edd422c0c84a879bd37670ae4f538a\/internal_photos\/bs\/2019\/S\/m\/sZ77i8SCibxfe7j367ew\/mgegmo.jpg 1x, https:\/\/s2.glbimg.com\/_ovyRhGrv8Uh1pudwAPMNtV5_gc=\/0x0:1556x877\/1968x0\/smart\/filters:strip_icc()\/i.s3.glbimg.com\/v1\/AUTH_59edd422c0c84a879bd37670ae4f538a\/internal_photos\/bs\/2019\/S\/m\/sZ77i8SCibxfe7j367ew\/mgegmo.jpg 2x\" media=\"(max-width: 1360px)\" data-src=\"https:\/\/s2.glbimg.com\/N_xWon6s4szAgCvoPhZiXEFrKyE=\/0x0:1556x877\/984x0\/smart\/filters:strip_icc()\/i.s3.glbimg.com\/v1\/AUTH_59edd422c0c84a879bd37670ae4f538a\/internal_photos\/bs\/2019\/S\/m\/sZ77i8SCibxfe7j367ew\/mgegmo.jpg 1x, https:\/\/s2.glbimg.com\/_ovyRhGrv8Uh1pudwAPMNtV5_gc=\/0x0:1556x877\/1968x0\/smart\/filters:strip_icc()\/i.s3.glbimg.com\/v1\/AUTH_59edd422c0c84a879bd37670ae4f538a\/internal_photos\/bs\/2019\/S\/m\/sZ77i8SCibxfe7j367ew\/mgegmo.jpg 2x\" \/><source srcset=\"https:\/\/s2.glbimg.com\/90skRctFCdek774EjYSk6QVIxVE=\/0x0:1556x877\/1000x0\/smart\/filters:strip_icc()\/i.s3.glbimg.com\/v1\/AUTH_59edd422c0c84a879bd37670ae4f538a\/internal_photos\/bs\/2019\/S\/m\/sZ77i8SCibxfe7j367ew\/mgegmo.jpg 1x, https:\/\/s2.glbimg.com\/aeqpeebOdKnl_1Bhc68q0MB2NAk=\/0x0:1556x877\/2000x0\/smart\/filters:strip_icc()\/i.s3.glbimg.com\/v1\/AUTH_59edd422c0c84a879bd37670ae4f538a\/internal_photos\/bs\/2019\/S\/m\/sZ77i8SCibxfe7j367ew\/mgegmo.jpg 2x\" media=\"(min-width: 1361px)\" data-src=\"https:\/\/s2.glbimg.com\/90skRctFCdek774EjYSk6QVIxVE=\/0x0:1556x877\/1000x0\/smart\/filters:strip_icc()\/i.s3.glbimg.com\/v1\/AUTH_59edd422c0c84a879bd37670ae4f538a\/internal_photos\/bs\/2019\/S\/m\/sZ77i8SCibxfe7j367ew\/mgegmo.jpg 1x, https:\/\/s2.glbimg.com\/aeqpeebOdKnl_1Bhc68q0MB2NAk=\/0x0:1556x877\/2000x0\/smart\/filters:strip_icc()\/i.s3.glbimg.com\/v1\/AUTH_59edd422c0c84a879bd37670ae4f538a\/internal_photos\/bs\/2019\/S\/m\/sZ77i8SCibxfe7j367ew\/mgegmo.jpg 2x\" \/><source srcset=\"https:\/\/s2.glbimg.com\/N_xWon6s4szAgCvoPhZiXEFrKyE=\/0x0:1556x877\/984x0\/smart\/filters:strip_icc()\/i.s3.glbimg.com\/v1\/AUTH_59edd422c0c84a879bd37670ae4f538a\/internal_photos\/bs\/2019\/S\/m\/sZ77i8SCibxfe7j367ew\/mgegmo.jpg\" data-src=\"https:\/\/s2.glbimg.com\/N_xWon6s4szAgCvoPhZiXEFrKyE=\/0x0:1556x877\/984x0\/smart\/filters:strip_icc()\/i.s3.glbimg.com\/v1\/AUTH_59edd422c0c84a879bd37670ae4f538a\/internal_photos\/bs\/2019\/S\/m\/sZ77i8SCibxfe7j367ew\/mgegmo.jpg\" \/><\/picture>\n<figure style=\"width: 600px\" class=\"wp-caption aligncenter\"><img loading=\"lazy\" decoding=\"async\" class=\"image content-media__image progressive-loaded\" title=\"Mariana Groff, de Frederico Westphalen (RS), ganhou uma bolsa de estudos de um col\u00e9gio em Fortaleza e, na semana passada, se tornou a primeira brasileira a conquistar a medalha de ouro na Olimp\u00edada Europeia Feminina de Matem\u00e1tica \u2014 Foto: Reprodu\u00e7\u00e3o\/Impa\" src=\"https:\/\/s2.glbimg.com\/N_xWon6s4szAgCvoPhZiXEFrKyE=\/0x0:1556x877\/984x0\/smart\/filters:strip_icc()\/i.s3.glbimg.com\/v1\/AUTH_59edd422c0c84a879bd37670ae4f538a\/internal_photos\/bs\/2019\/S\/m\/sZ77i8SCibxfe7j367ew\/mgegmo.jpg\" alt=\"Mariana Groff, de Frederico Westphalen (RS), ganhou uma bolsa de estudos de um col\u00e9gio em Fortaleza e, na semana passada, se tornou a primeira brasileira a conquistar a medalha de ouro na Olimp\u00edada Europeia Feminina de Matem\u00e1tica \u2014 Foto: Reprodu\u00e7\u00e3o\/Impa\" width=\"600\" height=\"338\" data-src=\"https:\/\/s2.glbimg.com\/N_xWon6s4szAgCvoPhZiXEFrKyE=\/0x0:1556x877\/984x0\/smart\/filters:strip_icc()\/i.s3.glbimg.com\/v1\/AUTH_59edd422c0c84a879bd37670ae4f538a\/internal_photos\/bs\/2019\/S\/m\/sZ77i8SCibxfe7j367ew\/mgegmo.jpg\" \/><figcaption class=\"wp-caption-text\">Mariana Groff, de Frederico Westphalen (RS), ganhou uma bolsa de estudos de um col\u00e9gio em Fortaleza e, na semana passada, se tornou a primeira brasileira a conquistar a medalha de ouro na Olimp\u00edada Europeia Feminina de Matem\u00e1tica \u2014 Foto: Reprodu\u00e7\u00e3o\/Impa<\/figcaption><\/figure>\n<\/div>\n<\/div>\n<\/div>\n<div class=\"mc-column content-text active-extra-styles\" data-block-type=\"raw\" data-block-weight=\"5\" data-block-id=\"6\">\n<div class=\"content-intertitle\">\n<h2>Um ouro e dois bronzes<\/h2>\n<\/div>\n<\/div>\n<div class=\"mc-column content-text active-extra-styles \" data-block-type=\"unstyled\" data-block-weight=\"52\" data-block-id=\"7\">\n<p class=\"content-text__container \" data-track-category=\"Link no Texto\" data-track-links=\"\">Al\u00e9m da medalha de ouro, a participa\u00e7\u00e3o recorde do Brasil tamb\u00e9m trouxe duas medalhas de bronze, conquistadas por Maria Clara Wernerck, do Rio de Janeiro e Ana Beatriz Studart, de Fortaleza, ambas com apenas 17 anos. Maria Clara e a estudante paulista Bruna Shoji, de 16 anos, fizeram sua estreia na competi\u00e7\u00e3o.<\/p>\n<div class=\"mc-column content-text active-extra-styles \" data-block-type=\"unstyled\" data-block-weight=\"63\" data-block-id=\"9\">\n<p class=\"content-text__container \" data-track-category=\"Link no Texto\" data-track-links=\"\">&#8220;Ser bronze em uma olimp\u00edada internacional foi uma honra. A experi\u00eancia num todo me deixou feliz e voltei para o Cear\u00e1 com boas hist\u00f3ria e aprendizados. Eu n\u00e3o consigo imaginar meu futuro sem a matem\u00e1tica&#8221;, disse Ana Beatriz, que participou da EGMO pela segunda vez e agora quer incentivar mais meninas a ocuparem o espa\u00e7o das exatas, onde os meninos ainda s\u00e3o maioria.<\/p>\n<\/div>\n<div class=\"mc-column content-text active-extra-styles\" data-block-type=\"raw\" data-block-weight=\"43\" data-block-id=\"10\">\n<blockquote class=\"content-blockquote theme-border-color-primary-before\"><p>&#8220;Quero poder mostrar ao maior n\u00famero de meninas que elas tamb\u00e9m t\u00eam espa\u00e7o na ci\u00eancia e como esse mundo das olimp\u00edadas de conhecimento \u00e9 incr\u00edvel. Foi algo transformador na minha vida e quero que toda menina tenha a mesma oportunidade&#8221;, completa Ana Beatriz.<\/p><\/blockquote>\n<\/div>\n<blockquote>\n<figure style=\"width: 677px\" class=\"wp-caption aligncenter\"><img loading=\"lazy\" decoding=\"async\" src=\"https:\/\/s2.glbimg.com\/bpTKVUoy3ffVVLqg6CrnC75k07o=\/0x0:2048x1365\/1008x0\/smart\/filters:strip_icc()\/i.s3.glbimg.com\/v1\/AUTH_59edd422c0c84a879bd37670ae4f538a\/internal_photos\/bs\/2019\/d\/F\/Wqof9XSbOE0OYy7UnoGA\/meninasbr.jpg\" alt=\"Delega\u00c3\u00a7\u00c3\u00a3o brasileira na abertura da EGMO, a Olimp\u00c3\u00adada Europeia de Matem\u00c3\u00a1tica para Meninas, realizada entre 7 e 13 de abril na Ucr\u00c3\u00a2nia \u00e2\u0080\u0094 Foto: Divulga\u00c3\u00a7\u00c3\u00a3o\/EGMO\" width=\"677\" height=\"451\" \/><figcaption class=\"wp-caption-text\">Delega\u00e7\u00e3o brasileira na abertura da EGMO, a Olimp\u00edada Europeia de Matem\u00e1tica para Meninas, realizada entre 7 e 13 de abril na Ucr\u00e2nia \u2014 Foto: Divulga\u00e7\u00e3o\/EGMO<\/figcaption><\/figure><\/blockquote>\n<div class=\"mc-column content-text active-extra-styles\" data-block-type=\"raw\" data-block-weight=\"3\" data-block-id=\"12\">\n<div class=\"content-intertitle\">\n<h2>Incentivo \u00e0s meninas<\/h2>\n<\/div>\n<\/div>\n<div class=\"mc-column content-text active-extra-styles \" data-block-type=\"unstyled\" data-block-weight=\"34\" data-block-id=\"13\">\n<p class=\"content-text__container \" data-track-category=\"Link no Texto\" data-track-links=\"\">A delega\u00e7\u00e3o \u00e9 formada por quatro competidoras e duas l\u00edderes. Nesta edi\u00e7\u00e3o, Deborah Alves e Luize Viana foram as l\u00edderes respons\u00e1veis por cuidar da argumenta\u00e7\u00e3o da nota final, e tamb\u00e9m do emocional da equipe.<\/p>\n<div class=\"mc-column content-text active-extra-styles \" data-block-type=\"unstyled\" data-block-weight=\"75\" data-block-id=\"16\">\n<p class=\"content-text__container \" data-track-category=\"Link no Texto\" data-track-links=\"\">&#8220;A competi\u00e7\u00e3o \u00e9 \u00f3tima para manter as meninas incentivadas, \u00e9 um ambiente mais confort\u00e1vel, j\u00e1 que as meninas t\u00eam mais barreiras que os meninos. Essa conquista \u00e9 sensacional, \u00e9 s\u00f3 a nossa terceira participa\u00e7\u00e3o e j\u00e1 conquistamos diversas medalhas al\u00e9m da de ouro. Isso mostra o potencial das meninas e do Brasil&#8221;, conta Deborah Alves, que j\u00e1 participou de mais de sete olimp\u00edadas de matem\u00e1tica e se voluntariou para participar do evento com as meninas.<\/p>\n<\/div>\n<div class=\"mc-column content-text active-extra-styles \" data-block-type=\"unstyled\" data-block-weight=\"40\" data-block-id=\"17\">\n<p class=\"content-text__container \" data-track-category=\"Link no Texto\" data-track-links=\"\">O Brasil participa h\u00e1 tr\u00eas anos da competi\u00e7\u00e3o e soma agora dez premia\u00e7\u00f5es (nove medalhas e uma men\u00e7\u00e3o honrosa). O Impa foi um dos financiadores dos gastos das participantes brasileiras na Ucr\u00e2nia. Em 2020, a EGMO ser\u00e1 realizada na Holanda.<\/p>\n<\/div>\n<div class=\"row medium-uncollapsed content-media content-photo\" data-block-type=\"backstage-photo\" data-block-id=\"18\">\n<div class=\"column medium-22 large-20 medium-centered content-media__container\">\n<div class=\"progressive-img can-open-lightbox\" data-min-size=\"1008x671\" data-min-size-url=\"https:\/\/s2.glbimg.com\/CAGuJxjZXtPZs5sY1XdHxQzoEyA=\/0x0:2048x1365\/1008x0\/smart\/filters:strip_icc()\/i.s3.glbimg.com\/v1\/AUTH_59edd422c0c84a879bd37670ae4f538a\/internal_photos\/bs\/2019\/b\/A\/vAc9vaQZaG0vrAwfuYkg\/gold.jpg\" data-max-size=\"1600x1066\" data-max-size-url=\"https:\/\/s2.glbimg.com\/79g02u6NoDhhIxlCOvM47VecN-U=\/0x0:2048x1365\/1600x0\/smart\/filters:strip_icc()\/i.s3.glbimg.com\/v1\/AUTH_59edd422c0c84a879bd37670ae4f538a\/internal_photos\/bs\/2019\/b\/A\/vAc9vaQZaG0vrAwfuYkg\/gold.jpg\" data-media-index=\"3\">\n<picture><source srcset=\"https:\/\/s2.glbimg.com\/CAGuJxjZXtPZs5sY1XdHxQzoEyA=\/0x0:2048x1365\/1008x0\/smart\/filters:strip_icc()\/i.s3.glbimg.com\/v1\/AUTH_59edd422c0c84a879bd37670ae4f538a\/internal_photos\/bs\/2019\/b\/A\/vAc9vaQZaG0vrAwfuYkg\/gold.jpg 1x, https:\/\/s2.glbimg.com\/srYhy2HT1OhHPBZfoQ4a8oW2_Ms=\/0x0:2048x1365\/2016x0\/smart\/filters:strip_icc()\/i.s3.glbimg.com\/v1\/AUTH_59edd422c0c84a879bd37670ae4f538a\/internal_photos\/bs\/2019\/b\/A\/vAc9vaQZaG0vrAwfuYkg\/gold.jpg 2x\" media=\"(max-width: 1024px)\" data-src=\"https:\/\/s2.glbimg.com\/CAGuJxjZXtPZs5sY1XdHxQzoEyA=\/0x0:2048x1365\/1008x0\/smart\/filters:strip_icc()\/i.s3.glbimg.com\/v1\/AUTH_59edd422c0c84a879bd37670ae4f538a\/internal_photos\/bs\/2019\/b\/A\/vAc9vaQZaG0vrAwfuYkg\/gold.jpg 1x, https:\/\/s2.glbimg.com\/srYhy2HT1OhHPBZfoQ4a8oW2_Ms=\/0x0:2048x1365\/2016x0\/smart\/filters:strip_icc()\/i.s3.glbimg.com\/v1\/AUTH_59edd422c0c84a879bd37670ae4f538a\/internal_photos\/bs\/2019\/b\/A\/vAc9vaQZaG0vrAwfuYkg\/gold.jpg 2x\" \/><source srcset=\"https:\/\/s2.glbimg.com\/Ds18jtu5JftcXwa57dG0k46P6G0=\/0x0:2048x1365\/1262x0\/smart\/filters:strip_icc()\/i.s3.glbimg.com\/v1\/AUTH_59edd422c0c84a879bd37670ae4f538a\/internal_photos\/bs\/2019\/b\/A\/vAc9vaQZaG0vrAwfuYkg\/gold.jpg 1x, https:\/\/s2.glbimg.com\/pYBu6DrojNXKan4M3O8ArTN5ef0=\/0x0:2048x1365\/2524x0\/smart\/filters:strip_icc()\/i.s3.glbimg.com\/v1\/AUTH_59edd422c0c84a879bd37670ae4f538a\/internal_photos\/bs\/2019\/b\/A\/vAc9vaQZaG0vrAwfuYkg\/gold.jpg 2x\" media=\"(max-width: 1280px)\" data-src=\"https:\/\/s2.glbimg.com\/Ds18jtu5JftcXwa57dG0k46P6G0=\/0x0:2048x1365\/1262x0\/smart\/filters:strip_icc()\/i.s3.glbimg.com\/v1\/AUTH_59edd422c0c84a879bd37670ae4f538a\/internal_photos\/bs\/2019\/b\/A\/vAc9vaQZaG0vrAwfuYkg\/gold.jpg 1x, https:\/\/s2.glbimg.com\/pYBu6DrojNXKan4M3O8ArTN5ef0=\/0x0:2048x1365\/2524x0\/smart\/filters:strip_icc()\/i.s3.glbimg.com\/v1\/AUTH_59edd422c0c84a879bd37670ae4f538a\/internal_photos\/bs\/2019\/b\/A\/vAc9vaQZaG0vrAwfuYkg\/gold.jpg 2x\" \/><source srcset=\"https:\/\/s2.glbimg.com\/EfUBVR91EijvqQiBAxt_DrFr4_8=\/0x0:2048x1365\/1344x0\/smart\/filters:strip_icc()\/i.s3.glbimg.com\/v1\/AUTH_59edd422c0c84a879bd37670ae4f538a\/internal_photos\/bs\/2019\/b\/A\/vAc9vaQZaG0vrAwfuYkg\/gold.jpg 1x, https:\/\/s2.glbimg.com\/DzLmCouS5uNYUcs9ENaXXhOpzAo=\/0x0:2048x1365\/2688x0\/smart\/filters:strip_icc()\/i.s3.glbimg.com\/v1\/AUTH_59edd422c0c84a879bd37670ae4f538a\/internal_photos\/bs\/2019\/b\/A\/vAc9vaQZaG0vrAwfuYkg\/gold.jpg 2x\" media=\"(max-width: 1360px)\" data-src=\"https:\/\/s2.glbimg.com\/EfUBVR91EijvqQiBAxt_DrFr4_8=\/0x0:2048x1365\/1344x0\/smart\/filters:strip_icc()\/i.s3.glbimg.com\/v1\/AUTH_59edd422c0c84a879bd37670ae4f538a\/internal_photos\/bs\/2019\/b\/A\/vAc9vaQZaG0vrAwfuYkg\/gold.jpg 1x, https:\/\/s2.glbimg.com\/DzLmCouS5uNYUcs9ENaXXhOpzAo=\/0x0:2048x1365\/2688x0\/smart\/filters:strip_icc()\/i.s3.glbimg.com\/v1\/AUTH_59edd422c0c84a879bd37670ae4f538a\/internal_photos\/bs\/2019\/b\/A\/vAc9vaQZaG0vrAwfuYkg\/gold.jpg 2x\" \/><source srcset=\"https:\/\/s2.glbimg.com\/79g02u6NoDhhIxlCOvM47VecN-U=\/0x0:2048x1365\/1600x0\/smart\/filters:strip_icc()\/i.s3.glbimg.com\/v1\/AUTH_59edd422c0c84a879bd37670ae4f538a\/internal_photos\/bs\/2019\/b\/A\/vAc9vaQZaG0vrAwfuYkg\/gold.jpg 1x, https:\/\/s2.glbimg.com\/SpGV7SOHFhCu9XlF_2PiCYBYft4=\/0x0:2048x1365\/3200x0\/smart\/filters:strip_icc()\/i.s3.glbimg.com\/v1\/AUTH_59edd422c0c84a879bd37670ae4f538a\/internal_photos\/bs\/2019\/b\/A\/vAc9vaQZaG0vrAwfuYkg\/gold.jpg 2x\" media=\"(min-width: 1361px)\" data-src=\"https:\/\/s2.glbimg.com\/79g02u6NoDhhIxlCOvM47VecN-U=\/0x0:2048x1365\/1600x0\/smart\/filters:strip_icc()\/i.s3.glbimg.com\/v1\/AUTH_59edd422c0c84a879bd37670ae4f538a\/internal_photos\/bs\/2019\/b\/A\/vAc9vaQZaG0vrAwfuYkg\/gold.jpg 1x, https:\/\/s2.glbimg.com\/SpGV7SOHFhCu9XlF_2PiCYBYft4=\/0x0:2048x1365\/3200x0\/smart\/filters:strip_icc()\/i.s3.glbimg.com\/v1\/AUTH_59edd422c0c84a879bd37670ae4f538a\/internal_photos\/bs\/2019\/b\/A\/vAc9vaQZaG0vrAwfuYkg\/gold.jpg 2x\" \/><source srcset=\"https:\/\/s2.glbimg.com\/CAGuJxjZXtPZs5sY1XdHxQzoEyA=\/0x0:2048x1365\/1008x0\/smart\/filters:strip_icc()\/i.s3.glbimg.com\/v1\/AUTH_59edd422c0c84a879bd37670ae4f538a\/internal_photos\/bs\/2019\/b\/A\/vAc9vaQZaG0vrAwfuYkg\/gold.jpg\" data-src=\"https:\/\/s2.glbimg.com\/CAGuJxjZXtPZs5sY1XdHxQzoEyA=\/0x0:2048x1365\/1008x0\/smart\/filters:strip_icc()\/i.s3.glbimg.com\/v1\/AUTH_59edd422c0c84a879bd37670ae4f538a\/internal_photos\/bs\/2019\/b\/A\/vAc9vaQZaG0vrAwfuYkg\/gold.jpg\" \/><\/picture>\n<figure style=\"width: 1008px\" class=\"wp-caption alignnone\"><img loading=\"lazy\" decoding=\"async\" class=\"image content-media__image progressive-loaded\" title=\"Com a bandeira brasileira, Mariana Groff sobe ao palco ao lado das demais medalhistas de ouro da olimp\u00edada de matem\u00e1tica \u2014 Foto: Divulga\u00e7\u00e3o\/EGMO\" src=\"https:\/\/s2.glbimg.com\/CAGuJxjZXtPZs5sY1XdHxQzoEyA=\/0x0:2048x1365\/1008x0\/smart\/filters:strip_icc()\/i.s3.glbimg.com\/v1\/AUTH_59edd422c0c84a879bd37670ae4f538a\/internal_photos\/bs\/2019\/b\/A\/vAc9vaQZaG0vrAwfuYkg\/gold.jpg\" alt=\"Com a bandeira brasileira, Mariana Groff sobe ao palco ao lado das demais medalhistas de ouro da olimp\u00edada de matem\u00e1tica \u2014 Foto: Divulga\u00e7\u00e3o\/EGMO\" width=\"1008\" height=\"672\" data-src=\"https:\/\/s2.glbimg.com\/CAGuJxjZXtPZs5sY1XdHxQzoEyA=\/0x0:2048x1365\/1008x0\/smart\/filters:strip_icc()\/i.s3.glbimg.com\/v1\/AUTH_59edd422c0c84a879bd37670ae4f538a\/internal_photos\/bs\/2019\/b\/A\/vAc9vaQZaG0vrAwfuYkg\/gold.jpg\" \/><figcaption class=\"wp-caption-text\">Com a bandeira brasileira, Mariana Groff sobe ao palco ao lado das demais medalhistas de ouro da olimp\u00edada de matem\u00e1tica \u2014 Foto: Divulga\u00e7\u00e3o\/EGMO<\/figcaption><\/figure>\n<\/div>\n<\/div>\n<\/div>\n<\/div>\n<div class=\"content-ads content-ads--reveal\" data-block-type=\"ads\" data-block-id=\"15\">\n<div id=\"banner_materia__1dd6a5dbb2af4c1da2dfd080949a1c20\" class=\"tag-manager-publicidade-container has-reveal has-ad-lazyload tag-manager-publicidade-banner_materia__1dd6a5dbb2af4c1da2dfd080949a1c20 tag-manager-publicidade-container--carregado tag-manager-publicidade-container--visivel\" data-id=\"banner_materia__1dd6a5dbb2af4c1da2dfd080949a1c20\" data-google-query-id=\"CLSK4_Ws6-ECFYxuwQodxR0I1w\" data-cid=\"138267949282\" data-lid=\"5038069842\">\n<div class=\"mc-column content-text active-extra-styles\" data-block-type=\"raw\" data-block-weight=\"3\" data-block-id=\"19\">\n<div class=\"content-intertitle\">\n<h2>&#8216;Queremos criar hero\u00ednas&#8217;<\/h2>\n<\/div>\n<\/div>\n<div class=\"mc-column content-text active-extra-styles \" data-block-type=\"unstyled\" data-block-weight=\"38\" data-block-id=\"20\">\n<p class=\"content-text__container \" data-track-category=\"Link no Texto\" data-track-links=\"\">No segundo semestre de 2019, o instituto pretende lan\u00e7ar o Torneio Meninas na Matem\u00e1tica. A ideia n\u00e3o \u00e9 ter competi\u00e7\u00f5es separadas para garotas e garotos, mas sim criar uma porta de entrada para mais meninas competirem na EGMO.<\/p>\n<\/div>\n<blockquote>\n<div class=\"mc-column content-text active-extra-styles\" data-block-type=\"raw\" data-block-weight=\"48\" data-block-id=\"21\">&#8220;N\u00e3o pretendemos separar torneios por g\u00eanero e esta competi\u00e7\u00e3o ser\u00e1 uma soma, servir\u00e1 para inspirar. O que estamos criando s\u00e3o momentos para quebrar esse ciclo vicioso de que h\u00e1 somente meninos na matem\u00e1tica, queremos criar hero\u00ednas&#8221;, disse Marcelo Viana, diretor-geral do Instituto de Matem\u00e1tica Pura e Aplicada (Impa).<\/div>\n<\/blockquote>\n<div class=\"mc-column content-text active-extra-styles\" data-block-type=\"raw\" data-block-weight=\"48\" data-block-id=\"21\">\n<div class=\"mc-column content-text active-extra-styles \" data-block-type=\"unstyled\" data-block-weight=\"37\" data-block-id=\"23\">\n<p class=\"content-text__container \" data-track-category=\"Link no Texto\" data-track-links=\"\">Al\u00e9m desta competi\u00e7\u00e3o, o Impa tamb\u00e9m estimula a participa\u00e7\u00e3o de mais meninas na matem\u00e1tica por meio do Trof\u00e9u Impa Meninas, criado em 2017 como uma premia\u00e7\u00e3o especial \u00e0s mulheres que competem na Ol\u00edmpiada Internacional de Matem\u00e1tica (IMO).<\/p>\n<\/div>\n<\/div>\n<p class=\"content-text__container \" data-track-category=\"Link no Texto\" data-track-links=\"\">&#8220;Somos um pa\u00eds que tem receio da matem\u00e1tica, que est\u00e1 na vida de todos n\u00f3s. Abrir m\u00e3o das mulheres na hora de inserir iniciativas de inser\u00e7\u00e3o da matem\u00e1tica na vida de todos seria uma trag\u00e9dia. As fam\u00edlias e a escola s\u00e3o muito importantes no incentivo&#8221;, explica Marcelo Viana.<\/p>\n<p data-track-category=\"Link no Texto\" data-track-links=\"\"><em>Fonte<\/em> <a href=\"https:\/\/g1.globo.com\/educacao\/noticia\/2019\/04\/19\/brasileiras-fazem-historia-com-ouro-inedito-em-olimpiada-de-matematica-na-europa.ghtml\" target=\"_blank\" rel=\"noopener\"><em>G1<\/em><\/a><\/p>\n<\/div>\n<\/div>\n<\/div>\n<\/div>\n<\/div>\n","protected":false},"excerpt":{"rendered":"<p>Seis mulheres e uma miss\u00e3o: representar o Brasil na 8\u00aa Olimp\u00edada Europeia Feminina de Matem\u00e1tica (EGMO, na sigla em ingl\u00eas), que aconteceu de 7 a 13 de abril, em Kiev, na Ucr\u00e2nia. A disputa entre 196 estudantes de 49 pa\u00edses rendeu ao Brasil um feito in\u00e9dito: uma medalha de ouro, conquistada pela estudante ga\u00facha Mariana [&hellip;]<\/p>\n","protected":false},"author":13,"featured_media":42059,"comment_status":"open","ping_status":"open","sticky":false,"template":"","format":"standard","meta":{"footnotes":""},"categories":[936],"tags":[],"class_list":{"0":"post-42058","1":"post","2":"type-post","3":"status-publish","4":"format-standard","5":"has-post-thumbnail","7":"category-mulher"},"yoast_head":"<!-- This site is optimized with the Yoast SEO plugin v27.2 - https:\/\/yoast.com\/product\/yoast-seo-wordpress\/ -->\n<title>Brasileiras fazem hist\u00f3ria com ouro in\u00e9dito em olimp\u00edada de matem\u00e1tica na Europa - Instituto de Engenharia<\/title>\n<meta name=\"robots\" content=\"index, follow, max-snippet:-1, max-image-preview:large, max-video-preview:-1\" \/>\n<link rel=\"canonical\" href=\"https:\/\/www.institutodeengenharia.org.br\/site\/2019\/04\/25\/brasileiras-fazem-historia-com-ouro-inedito-em-olimpiada-de-matematica-na-europa\/\" \/>\n<meta property=\"og:locale\" content=\"pt_BR\" \/>\n<meta property=\"og:type\" content=\"article\" \/>\n<meta property=\"og:title\" content=\"Brasileiras fazem hist\u00f3ria com ouro in\u00e9dito em olimp\u00edada de matem\u00e1tica na Europa - Instituto de Engenharia\" \/>\n<meta property=\"og:description\" content=\"Seis mulheres e uma miss\u00e3o: representar o Brasil na 8\u00aa Olimp\u00edada Europeia Feminina de Matem\u00e1tica (EGMO, na sigla em ingl\u00eas), que aconteceu de 7 a 13 de abril, em Kiev, na Ucr\u00e2nia. A disputa entre 196 estudantes de 49 pa\u00edses rendeu ao Brasil um feito in\u00e9dito: uma medalha de ouro, conquistada pela estudante ga\u00facha Mariana [&hellip;]\" \/>\n<meta property=\"og:url\" content=\"https:\/\/www.institutodeengenharia.org.br\/site\/2019\/04\/25\/brasileiras-fazem-historia-com-ouro-inedito-em-olimpiada-de-matematica-na-europa\/\" \/>\n<meta property=\"og:site_name\" content=\"Instituto de Engenharia\" \/>\n<meta property=\"article:publisher\" content=\"https:\/\/www.facebook.com\/institutodeengenharia\" \/>\n<meta property=\"article:published_time\" content=\"2019-04-25T13:35:28+00:00\" \/>\n<meta property=\"article:modified_time\" content=\"2019-05-03T19:58:02+00:00\" \/>\n<meta property=\"og:image\" content=\"https:\/\/www.institutodeengenharia.org.br\/site\/wp-content\/uploads\/2019\/04\/kiev2019foto1.jpg\" \/>\n\t<meta property=\"og:image:width\" content=\"640\" \/>\n\t<meta property=\"og:image:height\" content=\"422\" \/>\n\t<meta property=\"og:image:type\" content=\"image\/jpeg\" \/>\n<meta name=\"author\" content=\"Bianca\" \/>\n<meta name=\"twitter:card\" content=\"summary_large_image\" \/>\n<meta name=\"twitter:creator\" content=\"@iengenharia\" \/>\n<meta name=\"twitter:site\" content=\"@iengenharia\" \/>\n<meta name=\"twitter:label1\" content=\"Escrito por\" \/>\n\t<meta name=\"twitter:data1\" content=\"Bianca\" \/>\n\t<meta name=\"twitter:label2\" content=\"Est. tempo de leitura\" \/>\n\t<meta name=\"twitter:data2\" content=\"4 minutos\" \/>\n<script type=\"application\/ld+json\" class=\"yoast-schema-graph\">{\"@context\":\"https:\/\/schema.org\",\"@graph\":[{\"@type\":\"Article\",\"@id\":\"https:\/\/www.institutodeengenharia.org.br\/site\/2019\/04\/25\/brasileiras-fazem-historia-com-ouro-inedito-em-olimpiada-de-matematica-na-europa\/#article\",\"isPartOf\":{\"@id\":\"https:\/\/www.institutodeengenharia.org.br\/site\/2019\/04\/25\/brasileiras-fazem-historia-com-ouro-inedito-em-olimpiada-de-matematica-na-europa\/\"},\"author\":{\"name\":\"Bianca\",\"@id\":\"https:\/\/www.institutodeengenharia.org.br\/site\/#\/schema\/person\/aeb64951c405e100d26d30b033dd423f\"},\"headline\":\"Brasileiras fazem hist\u00f3ria com ouro in\u00e9dito em olimp\u00edada de matem\u00e1tica na Europa\",\"datePublished\":\"2019-04-25T13:35:28+00:00\",\"dateModified\":\"2019-05-03T19:58:02+00:00\",\"mainEntityOfPage\":{\"@id\":\"https:\/\/www.institutodeengenharia.org.br\/site\/2019\/04\/25\/brasileiras-fazem-historia-com-ouro-inedito-em-olimpiada-de-matematica-na-europa\/\"},\"wordCount\":838,\"commentCount\":0,\"publisher\":{\"@id\":\"https:\/\/www.institutodeengenharia.org.br\/site\/#organization\"},\"image\":{\"@id\":\"https:\/\/www.institutodeengenharia.org.br\/site\/2019\/04\/25\/brasileiras-fazem-historia-com-ouro-inedito-em-olimpiada-de-matematica-na-europa\/#primaryimage\"},\"thumbnailUrl\":\"https:\/\/www.institutodeengenharia.org.br\/site\/wp-content\/uploads\/2019\/04\/kiev2019foto1.jpg\",\"articleSection\":[\"Mulher\"],\"inLanguage\":\"pt-BR\",\"potentialAction\":[{\"@type\":\"CommentAction\",\"name\":\"Comment\",\"target\":[\"https:\/\/www.institutodeengenharia.org.br\/site\/2019\/04\/25\/brasileiras-fazem-historia-com-ouro-inedito-em-olimpiada-de-matematica-na-europa\/#respond\"]}]},{\"@type\":\"WebPage\",\"@id\":\"https:\/\/www.institutodeengenharia.org.br\/site\/2019\/04\/25\/brasileiras-fazem-historia-com-ouro-inedito-em-olimpiada-de-matematica-na-europa\/\",\"url\":\"https:\/\/www.institutodeengenharia.org.br\/site\/2019\/04\/25\/brasileiras-fazem-historia-com-ouro-inedito-em-olimpiada-de-matematica-na-europa\/\",\"name\":\"Brasileiras fazem hist\u00f3ria com ouro in\u00e9dito em olimp\u00edada de matem\u00e1tica na Europa - Instituto de Engenharia\",\"isPartOf\":{\"@id\":\"https:\/\/www.institutodeengenharia.org.br\/site\/#website\"},\"primaryImageOfPage\":{\"@id\":\"https:\/\/www.institutodeengenharia.org.br\/site\/2019\/04\/25\/brasileiras-fazem-historia-com-ouro-inedito-em-olimpiada-de-matematica-na-europa\/#primaryimage\"},\"image\":{\"@id\":\"https:\/\/www.institutodeengenharia.org.br\/site\/2019\/04\/25\/brasileiras-fazem-historia-com-ouro-inedito-em-olimpiada-de-matematica-na-europa\/#primaryimage\"},\"thumbnailUrl\":\"https:\/\/www.institutodeengenharia.org.br\/site\/wp-content\/uploads\/2019\/04\/kiev2019foto1.jpg\",\"datePublished\":\"2019-04-25T13:35:28+00:00\",\"dateModified\":\"2019-05-03T19:58:02+00:00\",\"breadcrumb\":{\"@id\":\"https:\/\/www.institutodeengenharia.org.br\/site\/2019\/04\/25\/brasileiras-fazem-historia-com-ouro-inedito-em-olimpiada-de-matematica-na-europa\/#breadcrumb\"},\"inLanguage\":\"pt-BR\",\"potentialAction\":[{\"@type\":\"ReadAction\",\"target\":[\"https:\/\/www.institutodeengenharia.org.br\/site\/2019\/04\/25\/brasileiras-fazem-historia-com-ouro-inedito-em-olimpiada-de-matematica-na-europa\/\"]}]},{\"@type\":\"ImageObject\",\"inLanguage\":\"pt-BR\",\"@id\":\"https:\/\/www.institutodeengenharia.org.br\/site\/2019\/04\/25\/brasileiras-fazem-historia-com-ouro-inedito-em-olimpiada-de-matematica-na-europa\/#primaryimage\",\"url\":\"https:\/\/www.institutodeengenharia.org.br\/site\/wp-content\/uploads\/2019\/04\/kiev2019foto1.jpg\",\"contentUrl\":\"https:\/\/www.institutodeengenharia.org.br\/site\/wp-content\/uploads\/2019\/04\/kiev2019foto1.jpg\",\"width\":640,\"height\":422,\"caption\":\"Da esquerda para a direita: Luize Viana, Bruna Shoji Mariana Groff, Maria Clara, Ana Beatriz e Deborah Alves \u2014 Foto: Impa\/Divulga\u00e7\u00e3o\"},{\"@type\":\"BreadcrumbList\",\"@id\":\"https:\/\/www.institutodeengenharia.org.br\/site\/2019\/04\/25\/brasileiras-fazem-historia-com-ouro-inedito-em-olimpiada-de-matematica-na-europa\/#breadcrumb\",\"itemListElement\":[{\"@type\":\"ListItem\",\"position\":1,\"name\":\"In\u00edcio\",\"item\":\"https:\/\/www.institutodeengenharia.org.br\/site\/\"},{\"@type\":\"ListItem\",\"position\":2,\"name\":\"Brasileiras fazem hist\u00f3ria com ouro in\u00e9dito em olimp\u00edada de matem\u00e1tica na Europa\"}]},{\"@type\":\"WebSite\",\"@id\":\"https:\/\/www.institutodeengenharia.org.br\/site\/#website\",\"url\":\"https:\/\/www.institutodeengenharia.org.br\/site\/\",\"name\":\"Instituto de Engenharia\",\"description\":\"O Instituto de Engenharia promove a Engenharia em benef\u00edcio do desenvolvimento e da qualidade de vida da sociedade.\",\"publisher\":{\"@id\":\"https:\/\/www.institutodeengenharia.org.br\/site\/#organization\"},\"potentialAction\":[{\"@type\":\"SearchAction\",\"target\":{\"@type\":\"EntryPoint\",\"urlTemplate\":\"https:\/\/www.institutodeengenharia.org.br\/site\/?s={search_term_string}\"},\"query-input\":{\"@type\":\"PropertyValueSpecification\",\"valueRequired\":true,\"valueName\":\"search_term_string\"}}],\"inLanguage\":\"pt-BR\"},{\"@type\":\"Organization\",\"@id\":\"https:\/\/www.institutodeengenharia.org.br\/site\/#organization\",\"name\":\"Instituto de Engenharia\",\"url\":\"https:\/\/www.institutodeengenharia.org.br\/site\/\",\"logo\":{\"@type\":\"ImageObject\",\"inLanguage\":\"pt-BR\",\"@id\":\"https:\/\/www.institutodeengenharia.org.br\/site\/#\/schema\/logo\/image\/\",\"url\":\"https:\/\/www.institutodeengenharia.org.br\/site\/wp-content\/uploads\/2019\/03\/logo-novo-IE2018-1.jpg\",\"contentUrl\":\"https:\/\/www.institutodeengenharia.org.br\/site\/wp-content\/uploads\/2019\/03\/logo-novo-IE2018-1.jpg\",\"width\":1486,\"height\":1879,\"caption\":\"Instituto de Engenharia\"},\"image\":{\"@id\":\"https:\/\/www.institutodeengenharia.org.br\/site\/#\/schema\/logo\/image\/\"},\"sameAs\":[\"https:\/\/www.facebook.com\/institutodeengenharia\",\"https:\/\/x.com\/iengenharia\",\"https:\/\/www.instagram.com\/institutodeengenharia\/\",\"https:\/\/www.linkedin.com\/company\/instituto-de-engenharia\/\",\"https:\/\/www.youtube.com\/channel\/UCXiCAlsSMe977vamW915HxA\"]},{\"@type\":\"Person\",\"@id\":\"https:\/\/www.institutodeengenharia.org.br\/site\/#\/schema\/person\/aeb64951c405e100d26d30b033dd423f\",\"name\":\"Bianca\",\"image\":{\"@type\":\"ImageObject\",\"inLanguage\":\"pt-BR\",\"@id\":\"https:\/\/secure.gravatar.com\/avatar\/a6fbe9bff57405baf4c1e2c5c1811e072b558253974a9f9508f4678900c97c2a?s=96&d=mm&r=g\",\"url\":\"https:\/\/secure.gravatar.com\/avatar\/a6fbe9bff57405baf4c1e2c5c1811e072b558253974a9f9508f4678900c97c2a?s=96&d=mm&r=g\",\"contentUrl\":\"https:\/\/secure.gravatar.com\/avatar\/a6fbe9bff57405baf4c1e2c5c1811e072b558253974a9f9508f4678900c97c2a?s=96&d=mm&r=g\",\"caption\":\"Bianca\"},\"url\":\"https:\/\/www.institutodeengenharia.org.br\/site\/author\/comunicacao1\/\"}]}<\/script>\n<!-- \/ Yoast SEO plugin. -->","yoast_head_json":{"title":"Brasileiras fazem hist\u00f3ria com ouro in\u00e9dito em olimp\u00edada de matem\u00e1tica na Europa - Instituto de Engenharia","robots":{"index":"index","follow":"follow","max-snippet":"max-snippet:-1","max-image-preview":"max-image-preview:large","max-video-preview":"max-video-preview:-1"},"canonical":"https:\/\/www.institutodeengenharia.org.br\/site\/2019\/04\/25\/brasileiras-fazem-historia-com-ouro-inedito-em-olimpiada-de-matematica-na-europa\/","og_locale":"pt_BR","og_type":"article","og_title":"Brasileiras fazem hist\u00f3ria com ouro in\u00e9dito em olimp\u00edada de matem\u00e1tica na Europa - Instituto de Engenharia","og_description":"Seis mulheres e uma miss\u00e3o: representar o Brasil na 8\u00aa Olimp\u00edada Europeia Feminina de Matem\u00e1tica (EGMO, na sigla em ingl\u00eas), que aconteceu de 7 a 13 de abril, em Kiev, na Ucr\u00e2nia. A disputa entre 196 estudantes de 49 pa\u00edses rendeu ao Brasil um feito in\u00e9dito: uma medalha de ouro, conquistada pela estudante ga\u00facha Mariana [&hellip;]","og_url":"https:\/\/www.institutodeengenharia.org.br\/site\/2019\/04\/25\/brasileiras-fazem-historia-com-ouro-inedito-em-olimpiada-de-matematica-na-europa\/","og_site_name":"Instituto de Engenharia","article_publisher":"https:\/\/www.facebook.com\/institutodeengenharia","article_published_time":"2019-04-25T13:35:28+00:00","article_modified_time":"2019-05-03T19:58:02+00:00","og_image":[{"width":640,"height":422,"url":"https:\/\/www.institutodeengenharia.org.br\/site\/wp-content\/uploads\/2019\/04\/kiev2019foto1.jpg","type":"image\/jpeg"}],"author":"Bianca","twitter_card":"summary_large_image","twitter_creator":"@iengenharia","twitter_site":"@iengenharia","twitter_misc":{"Escrito por":"Bianca","Est. tempo de leitura":"4 minutos"},"schema":{"@context":"https:\/\/schema.org","@graph":[{"@type":"Article","@id":"https:\/\/www.institutodeengenharia.org.br\/site\/2019\/04\/25\/brasileiras-fazem-historia-com-ouro-inedito-em-olimpiada-de-matematica-na-europa\/#article","isPartOf":{"@id":"https:\/\/www.institutodeengenharia.org.br\/site\/2019\/04\/25\/brasileiras-fazem-historia-com-ouro-inedito-em-olimpiada-de-matematica-na-europa\/"},"author":{"name":"Bianca","@id":"https:\/\/www.institutodeengenharia.org.br\/site\/#\/schema\/person\/aeb64951c405e100d26d30b033dd423f"},"headline":"Brasileiras fazem hist\u00f3ria com ouro in\u00e9dito em olimp\u00edada de matem\u00e1tica na Europa","datePublished":"2019-04-25T13:35:28+00:00","dateModified":"2019-05-03T19:58:02+00:00","mainEntityOfPage":{"@id":"https:\/\/www.institutodeengenharia.org.br\/site\/2019\/04\/25\/brasileiras-fazem-historia-com-ouro-inedito-em-olimpiada-de-matematica-na-europa\/"},"wordCount":838,"commentCount":0,"publisher":{"@id":"https:\/\/www.institutodeengenharia.org.br\/site\/#organization"},"image":{"@id":"https:\/\/www.institutodeengenharia.org.br\/site\/2019\/04\/25\/brasileiras-fazem-historia-com-ouro-inedito-em-olimpiada-de-matematica-na-europa\/#primaryimage"},"thumbnailUrl":"https:\/\/www.institutodeengenharia.org.br\/site\/wp-content\/uploads\/2019\/04\/kiev2019foto1.jpg","articleSection":["Mulher"],"inLanguage":"pt-BR","potentialAction":[{"@type":"CommentAction","name":"Comment","target":["https:\/\/www.institutodeengenharia.org.br\/site\/2019\/04\/25\/brasileiras-fazem-historia-com-ouro-inedito-em-olimpiada-de-matematica-na-europa\/#respond"]}]},{"@type":"WebPage","@id":"https:\/\/www.institutodeengenharia.org.br\/site\/2019\/04\/25\/brasileiras-fazem-historia-com-ouro-inedito-em-olimpiada-de-matematica-na-europa\/","url":"https:\/\/www.institutodeengenharia.org.br\/site\/2019\/04\/25\/brasileiras-fazem-historia-com-ouro-inedito-em-olimpiada-de-matematica-na-europa\/","name":"Brasileiras fazem hist\u00f3ria com ouro in\u00e9dito em olimp\u00edada de matem\u00e1tica na Europa - Instituto de Engenharia","isPartOf":{"@id":"https:\/\/www.institutodeengenharia.org.br\/site\/#website"},"primaryImageOfPage":{"@id":"https:\/\/www.institutodeengenharia.org.br\/site\/2019\/04\/25\/brasileiras-fazem-historia-com-ouro-inedito-em-olimpiada-de-matematica-na-europa\/#primaryimage"},"image":{"@id":"https:\/\/www.institutodeengenharia.org.br\/site\/2019\/04\/25\/brasileiras-fazem-historia-com-ouro-inedito-em-olimpiada-de-matematica-na-europa\/#primaryimage"},"thumbnailUrl":"https:\/\/www.institutodeengenharia.org.br\/site\/wp-content\/uploads\/2019\/04\/kiev2019foto1.jpg","datePublished":"2019-04-25T13:35:28+00:00","dateModified":"2019-05-03T19:58:02+00:00","breadcrumb":{"@id":"https:\/\/www.institutodeengenharia.org.br\/site\/2019\/04\/25\/brasileiras-fazem-historia-com-ouro-inedito-em-olimpiada-de-matematica-na-europa\/#breadcrumb"},"inLanguage":"pt-BR","potentialAction":[{"@type":"ReadAction","target":["https:\/\/www.institutodeengenharia.org.br\/site\/2019\/04\/25\/brasileiras-fazem-historia-com-ouro-inedito-em-olimpiada-de-matematica-na-europa\/"]}]},{"@type":"ImageObject","inLanguage":"pt-BR","@id":"https:\/\/www.institutodeengenharia.org.br\/site\/2019\/04\/25\/brasileiras-fazem-historia-com-ouro-inedito-em-olimpiada-de-matematica-na-europa\/#primaryimage","url":"https:\/\/www.institutodeengenharia.org.br\/site\/wp-content\/uploads\/2019\/04\/kiev2019foto1.jpg","contentUrl":"https:\/\/www.institutodeengenharia.org.br\/site\/wp-content\/uploads\/2019\/04\/kiev2019foto1.jpg","width":640,"height":422,"caption":"Da esquerda para a direita: Luize Viana, Bruna Shoji Mariana Groff, Maria Clara, Ana Beatriz e Deborah Alves \u2014 Foto: Impa\/Divulga\u00e7\u00e3o"},{"@type":"BreadcrumbList","@id":"https:\/\/www.institutodeengenharia.org.br\/site\/2019\/04\/25\/brasileiras-fazem-historia-com-ouro-inedito-em-olimpiada-de-matematica-na-europa\/#breadcrumb","itemListElement":[{"@type":"ListItem","position":1,"name":"In\u00edcio","item":"https:\/\/www.institutodeengenharia.org.br\/site\/"},{"@type":"ListItem","position":2,"name":"Brasileiras fazem hist\u00f3ria com ouro in\u00e9dito em olimp\u00edada de matem\u00e1tica na Europa"}]},{"@type":"WebSite","@id":"https:\/\/www.institutodeengenharia.org.br\/site\/#website","url":"https:\/\/www.institutodeengenharia.org.br\/site\/","name":"Instituto de Engenharia","description":"O Instituto de Engenharia promove a Engenharia em benef\u00edcio do desenvolvimento e da qualidade de vida da sociedade.","publisher":{"@id":"https:\/\/www.institutodeengenharia.org.br\/site\/#organization"},"potentialAction":[{"@type":"SearchAction","target":{"@type":"EntryPoint","urlTemplate":"https:\/\/www.institutodeengenharia.org.br\/site\/?s={search_term_string}"},"query-input":{"@type":"PropertyValueSpecification","valueRequired":true,"valueName":"search_term_string"}}],"inLanguage":"pt-BR"},{"@type":"Organization","@id":"https:\/\/www.institutodeengenharia.org.br\/site\/#organization","name":"Instituto de Engenharia","url":"https:\/\/www.institutodeengenharia.org.br\/site\/","logo":{"@type":"ImageObject","inLanguage":"pt-BR","@id":"https:\/\/www.institutodeengenharia.org.br\/site\/#\/schema\/logo\/image\/","url":"https:\/\/www.institutodeengenharia.org.br\/site\/wp-content\/uploads\/2019\/03\/logo-novo-IE2018-1.jpg","contentUrl":"https:\/\/www.institutodeengenharia.org.br\/site\/wp-content\/uploads\/2019\/03\/logo-novo-IE2018-1.jpg","width":1486,"height":1879,"caption":"Instituto de Engenharia"},"image":{"@id":"https:\/\/www.institutodeengenharia.org.br\/site\/#\/schema\/logo\/image\/"},"sameAs":["https:\/\/www.facebook.com\/institutodeengenharia","https:\/\/x.com\/iengenharia","https:\/\/www.instagram.com\/institutodeengenharia\/","https:\/\/www.linkedin.com\/company\/instituto-de-engenharia\/","https:\/\/www.youtube.com\/channel\/UCXiCAlsSMe977vamW915HxA"]},{"@type":"Person","@id":"https:\/\/www.institutodeengenharia.org.br\/site\/#\/schema\/person\/aeb64951c405e100d26d30b033dd423f","name":"Bianca","image":{"@type":"ImageObject","inLanguage":"pt-BR","@id":"https:\/\/secure.gravatar.com\/avatar\/a6fbe9bff57405baf4c1e2c5c1811e072b558253974a9f9508f4678900c97c2a?s=96&d=mm&r=g","url":"https:\/\/secure.gravatar.com\/avatar\/a6fbe9bff57405baf4c1e2c5c1811e072b558253974a9f9508f4678900c97c2a?s=96&d=mm&r=g","contentUrl":"https:\/\/secure.gravatar.com\/avatar\/a6fbe9bff57405baf4c1e2c5c1811e072b558253974a9f9508f4678900c97c2a?s=96&d=mm&r=g","caption":"Bianca"},"url":"https:\/\/www.institutodeengenharia.org.br\/site\/author\/comunicacao1\/"}]}},"_links":{"self":[{"href":"https:\/\/www.institutodeengenharia.org.br\/site\/wp-json\/wp\/v2\/posts\/42058","targetHints":{"allow":["GET"]}}],"collection":[{"href":"https:\/\/www.institutodeengenharia.org.br\/site\/wp-json\/wp\/v2\/posts"}],"about":[{"href":"https:\/\/www.institutodeengenharia.org.br\/site\/wp-json\/wp\/v2\/types\/post"}],"author":[{"embeddable":true,"href":"https:\/\/www.institutodeengenharia.org.br\/site\/wp-json\/wp\/v2\/users\/13"}],"replies":[{"embeddable":true,"href":"https:\/\/www.institutodeengenharia.org.br\/site\/wp-json\/wp\/v2\/comments?post=42058"}],"version-history":[{"count":2,"href":"https:\/\/www.institutodeengenharia.org.br\/site\/wp-json\/wp\/v2\/posts\/42058\/revisions"}],"predecessor-version":[{"id":42328,"href":"https:\/\/www.institutodeengenharia.org.br\/site\/wp-json\/wp\/v2\/posts\/42058\/revisions\/42328"}],"wp:featuredmedia":[{"embeddable":true,"href":"https:\/\/www.institutodeengenharia.org.br\/site\/wp-json\/wp\/v2\/media\/42059"}],"wp:attachment":[{"href":"https:\/\/www.institutodeengenharia.org.br\/site\/wp-json\/wp\/v2\/media?parent=42058"}],"wp:term":[{"taxonomy":"category","embeddable":true,"href":"https:\/\/www.institutodeengenharia.org.br\/site\/wp-json\/wp\/v2\/categories?post=42058"},{"taxonomy":"post_tag","embeddable":true,"href":"https:\/\/www.institutodeengenharia.org.br\/site\/wp-json\/wp\/v2\/tags?post=42058"}],"curies":[{"name":"wp","href":"https:\/\/api.w.org\/{rel}","templated":true}]}}