{"id":41817,"date":"2019-04-11T11:49:47","date_gmt":"2019-04-11T14:49:47","guid":{"rendered":"https:\/\/www.institutodeengenharia.org.br\/site\/?p=41817"},"modified":"2019-04-11T11:53:35","modified_gmt":"2019-04-11T14:53:35","slug":"conheca-katie-bouman-a-cientista-responsavel-pela-imagem-do-buraco-negro","status":"publish","type":"post","link":"https:\/\/www.institutodeengenharia.org.br\/site\/2019\/04\/11\/conheca-katie-bouman-a-cientista-responsavel-pela-imagem-do-buraco-negro\/","title":{"rendered":"Conhe\u00e7a Katie Bouman, a cientista respons\u00e1vel pela imagem do buraco negro"},"content":{"rendered":"<p>O assunto mais popular nas rodas de conversa nesta quarta-feira (10) \u00e9 a\u00a0<a href=\"https:\/\/mensageirosideral.blogfolha.uol.com.br\/2019\/04\/10\/equipe-internacional-divulga-primeiras-imagens-ja-feitas-de-um-buraco-negro\/\" target=\"_blank\" rel=\"noopener\">imagem real do buraco negro<\/a>\u00a0no universo, uma descoberta feita pelo telesc\u00f3pio Event Horizon.<\/p>\n<p>Entre os 200 pesquisadores respons\u00e1veis pela descoberta, um nome chama a aten\u00e7\u00e3o: o de Katie\u00a0Bouman. A cientista, de 29 anos, foi quem liderou a cria\u00e7\u00e3o de um algoritmo que permitiu aos demais estudiosos capturarem a imagem do\u00a0<a href=\"https:\/\/www1.folha.uol.com.br\/ciencia\/2019\/04\/revelacao-de-imagem-ilumina-a-subcultura-dos-buracos-negros.shtml\" target=\"_blank\" rel=\"noopener\">buraco negro<\/a>\u00a0pela primeira vez. No Facebook, ela compartilhou a felicidade com a descoberta.<\/p>\n<p>&#8220;Observando, incr\u00e9dula, a primeira imagem que eu j\u00e1 fiz de um buraco negro enquanto estava em processo de reconstru\u00e7\u00e3o&#8221;.<\/p>\n<p><iframe loading=\"lazy\" style=\"border: none; overflow: hidden;\" src=\"https:\/\/www.facebook.com\/plugins\/post.php?href=https%3A%2F%2Fwww.facebook.com%2Fkatie.bouman.3%2Fposts%2F10213321822657972%3A0&amp;width=500\" width=\"500\" height=\"580\" frameborder=\"0\" scrolling=\"no\"><\/iframe><\/p>\n<p>Para conseguir armazenar a imagem, que reservaram um total de 5 petabytes de informa\u00e7\u00e3o \u2014que equivalem a 5 mil\u00eanios de m\u00fasicas MP3 tocando ou selfies tiradas por 40 mil pessoas ao longo de toda a vida\u2014, foi preciso uma &#8220;pilha de discos r\u00edgidos de dados de imagem&#8221;, manuseada por Katie, que os abra\u00e7ou para essa foto, no m\u00ednimo, ic\u00f4nica:<\/p>\n<blockquote class=\"twitter-tweet\" data-lang=\"pt\">\n<p dir=\"ltr\" lang=\"en\">Left: MIT computer scientist Katie Bouman w\/stacks of hard drives of black hole image data.<\/p>\n<p>Right: MIT computer scientist Margaret Hamilton w\/the code she wrote that helped put a man on the moon.<\/p>\n<p>(image credit <a href=\"https:\/\/twitter.com\/floragraham?ref_src=twsrc%5Etfw\">@floragraham<\/a>)<a href=\"https:\/\/twitter.com\/hashtag\/EHTblackhole?src=hash&amp;ref_src=twsrc%5Etfw\">#EHTblackhole<\/a> <a href=\"https:\/\/twitter.com\/hashtag\/BlackHoleDay?src=hash&amp;ref_src=twsrc%5Etfw\">#BlackHoleDay<\/a> <a href=\"https:\/\/twitter.com\/hashtag\/BlackHole?src=hash&amp;ref_src=twsrc%5Etfw\">#BlackHole<\/a> <a href=\"https:\/\/t.co\/Iv5PIc8IYd\">pic.twitter.com\/Iv5PIc8IYd<\/a><\/p>\n<p>\u2014 MIT CSAIL (@MIT_CSAIL) <a href=\"https:\/\/twitter.com\/MIT_CSAIL\/status\/1116007460039483392?ref_src=twsrc%5Etfw\">10 de abril de 2019<\/a><\/p><\/blockquote>\n<p><script async src=\"https:\/\/platform.twitter.com\/widgets.js\" charset=\"utf-8\"><\/script><\/p>\n<p>O MIT, uma das institui\u00e7\u00f5es de tecnologia mais respeitas do mundo, comparou a cria\u00e7\u00e3o de Katie \u00e0 pesquisa que permitiu aos astronautas pousarem na lua, colocando sua imagem ao lado de Margaret Hamilton, que recebeu o cr\u00e9dito por ter escrito o c\u00f3digo de software crucial que permitiu \u00e0 Nasa tornar poss\u00edvel uma miss\u00e3o \u00e0 Lua.<\/p>\n<p>Os estudos feitos pela jovem come\u00e7aram em 2016, quando come\u00e7ou a liderar o desenvolvimento do algoritmo enquanto cursava engenharia el\u00e9trica e ci\u00eancia da computa\u00e7\u00e3o. Em 2017, ela conquistou o doutorado, \u00faltimo e mais alto t\u00edtulo acad\u00eamico recebido por um indiv\u00edduo, na \u00e1rea.<\/p>\n<div>\n<div class=\"widget-image\">\n<figure>\n<p><figure style=\"width: 758px\" class=\"wp-caption alignnone\"><img loading=\"lazy\" decoding=\"async\" class=\"img-responsive\" src=\"https:\/\/f.i.uol.com.br\/fotografia\/2019\/04\/10\/15549439435cae8fc75ae17_1554943943_3x2_md.jpg\" sizes=\"auto, (min-width: 1024px) 68vw, 100vw\" srcset=\" https:\/\/f.i.uol.com.br\/fotografia\/2019\/04\/10\/15549439435cae8fc75ae17_1554943943_3x2_th.jpg 100w, https:\/\/f.i.uol.com.br\/fotografia\/2019\/04\/10\/15549439435cae8fc75ae17_1554943943_3x2_sm.jpg 480w, https:\/\/f.i.uol.com.br\/fotografia\/2019\/04\/10\/15549439435cae8fc75ae17_1554943943_3x2_md.jpg 768w, https:\/\/f.i.uol.com.br\/fotografia\/2019\/04\/10\/15549439435cae8fc75ae17_1554943943_3x2_lg.jpg 1024w, https:\/\/f.i.uol.com.br\/fotografia\/2019\/04\/10\/15549439435cae8fc75ae17_1554943943_3x2_xl.jpg 1200w, https:\/\/f.i.uol.com.br\/fotografia\/2019\/04\/10\/15549439435cae8fc75ae17_1554943943_3x2_rt.jpg 2400w \" alt=\"Primeira imagem feita de um buraco negro\" width=\"758\" height=\"505\" \/><figcaption class=\"wp-caption-text\">Primeira imagem feita de um buraco negro &#8211;\u00a0Reuters<\/figcaption><\/figure><figcaption class=\"widget-image__subtitle\"><\/figcaption><\/figure>\n<\/div>\n<\/div>\n<p>Em entrevista ao MIT News, Katie explicou que tentar tirar uma foto de um buraco negro \u00e9 compar\u00e1vel a &#8220;fotografar ma laranja na lua, mas com um radiotelesc\u00f3pio. Imaginar algo t\u00e3o pequeno significa que precisar\u00edamos de um telesc\u00f3pio com 10 mil quil\u00f4metros de di\u00e2metro, o que n\u00e3o \u00e9 pr\u00e1tico, porque o di\u00e2metro da Terra n\u00e3o chega a 13 mil quil\u00f4metros&#8221;.<\/p>\n<p>Para contornar este desafio, o algoritmo de Bouman n\u00e3o depende de um \u00fanico telesc\u00f3pio. Em vez disso, re\u00fane dados de radiotelesc\u00f3pios em todo o mundo.<\/p>\n<p>Atualmente, Katie Bouman est\u00e1 lecionando na Universidade de Tecnologia da Calif\u00f3rnia, em Pasadena. Seu foco de pesquisa \u00e9 &#8220;projetar sistemas que integram fortemente algoritmo e design de sensor, tornando poss\u00edvel observar fen\u00f4menos anteriormente dif\u00edceis ou imposs\u00edveis de medir com abordagens tradicionais&#8221;.<\/p>\n<p><em>Por\u00a0Gustavo Frank \/ Fonte <a href=\"https:\/\/www1.folha.uol.com.br\/ciencia\/2019\/04\/conheca-katie-bouman-a-cientista-responsavel-pela-imagem-do-buraco-negro.shtml\" target=\"_blank\" rel=\"noopener\">Folha de S. Paulo<\/a><\/em><\/p>\n","protected":false},"excerpt":{"rendered":"<p>O assunto mais popular nas rodas de conversa nesta quarta-feira (10) \u00e9 a\u00a0imagem real do buraco negro\u00a0no universo, uma descoberta feita pelo telesc\u00f3pio Event Horizon. Entre os 200 pesquisadores respons\u00e1veis pela descoberta, um nome chama a aten\u00e7\u00e3o: o de Katie\u00a0Bouman. A cientista, de 29 anos, foi quem liderou a cria\u00e7\u00e3o de um algoritmo que permitiu [&hellip;]<\/p>\n","protected":false},"author":13,"featured_media":41818,"comment_status":"open","ping_status":"open","sticky":false,"template":"","format":"standard","meta":{"footnotes":""},"categories":[936,35],"tags":[202],"class_list":{"0":"post-41817","1":"post","2":"type-post","3":"status-publish","4":"format-standard","5":"has-post-thumbnail","7":"category-mulher","8":"category-pesquisa-e-desenvolvimento","9":"tag-destaque"},"yoast_head":"<!-- This site is optimized with the Yoast SEO plugin v27.2 - https:\/\/yoast.com\/product\/yoast-seo-wordpress\/ -->\n<title>Conhe\u00e7a Katie Bouman, a cientista respons\u00e1vel pela imagem do buraco negro - Instituto de Engenharia<\/title>\n<meta name=\"robots\" content=\"index, follow, max-snippet:-1, max-image-preview:large, max-video-preview:-1\" \/>\n<link rel=\"canonical\" href=\"https:\/\/www.institutodeengenharia.org.br\/site\/2019\/04\/11\/conheca-katie-bouman-a-cientista-responsavel-pela-imagem-do-buraco-negro\/\" \/>\n<meta property=\"og:locale\" content=\"pt_BR\" \/>\n<meta property=\"og:type\" content=\"article\" \/>\n<meta property=\"og:title\" content=\"Conhe\u00e7a Katie Bouman, a cientista respons\u00e1vel pela imagem do buraco negro - Instituto de Engenharia\" \/>\n<meta property=\"og:description\" content=\"O assunto mais popular nas rodas de conversa nesta quarta-feira (10) \u00e9 a\u00a0imagem real do buraco negro\u00a0no universo, uma descoberta feita pelo telesc\u00f3pio Event Horizon. Entre os 200 pesquisadores respons\u00e1veis pela descoberta, um nome chama a aten\u00e7\u00e3o: o de Katie\u00a0Bouman. A cientista, de 29 anos, foi quem liderou a cria\u00e7\u00e3o de um algoritmo que permitiu [&hellip;]\" \/>\n<meta property=\"og:url\" content=\"https:\/\/www.institutodeengenharia.org.br\/site\/2019\/04\/11\/conheca-katie-bouman-a-cientista-responsavel-pela-imagem-do-buraco-negro\/\" \/>\n<meta property=\"og:site_name\" content=\"Instituto de Engenharia\" \/>\n<meta property=\"article:publisher\" content=\"https:\/\/www.facebook.com\/institutodeengenharia\" \/>\n<meta property=\"article:published_time\" content=\"2019-04-11T14:49:47+00:00\" \/>\n<meta property=\"article:modified_time\" content=\"2019-04-11T14:53:35+00:00\" \/>\n<meta property=\"og:image\" content=\"https:\/\/www.institutodeengenharia.org.br\/site\/wp-content\/uploads\/2019\/04\/15549437225cae8eea75f27_1554943722_3x2_md.jpg\" \/>\n\t<meta property=\"og:image:width\" content=\"768\" \/>\n\t<meta property=\"og:image:height\" content=\"512\" \/>\n\t<meta property=\"og:image:type\" content=\"image\/jpeg\" \/>\n<meta name=\"author\" content=\"Bianca\" \/>\n<meta name=\"twitter:card\" content=\"summary_large_image\" \/>\n<meta name=\"twitter:creator\" content=\"@iengenharia\" \/>\n<meta name=\"twitter:site\" content=\"@iengenharia\" \/>\n<meta name=\"twitter:label1\" content=\"Escrito por\" \/>\n\t<meta name=\"twitter:data1\" content=\"Bianca\" \/>\n\t<meta name=\"twitter:label2\" content=\"Est. tempo de leitura\" \/>\n\t<meta name=\"twitter:data2\" content=\"2 minutos\" \/>\n<script type=\"application\/ld+json\" class=\"yoast-schema-graph\">{\"@context\":\"https:\/\/schema.org\",\"@graph\":[{\"@type\":\"Article\",\"@id\":\"https:\/\/www.institutodeengenharia.org.br\/site\/2019\/04\/11\/conheca-katie-bouman-a-cientista-responsavel-pela-imagem-do-buraco-negro\/#article\",\"isPartOf\":{\"@id\":\"https:\/\/www.institutodeengenharia.org.br\/site\/2019\/04\/11\/conheca-katie-bouman-a-cientista-responsavel-pela-imagem-do-buraco-negro\/\"},\"author\":{\"name\":\"Bianca\",\"@id\":\"https:\/\/www.institutodeengenharia.org.br\/site\/#\/schema\/person\/aeb64951c405e100d26d30b033dd423f\"},\"headline\":\"Conhe\u00e7a Katie Bouman, a cientista respons\u00e1vel pela imagem do buraco negro\",\"datePublished\":\"2019-04-11T14:49:47+00:00\",\"dateModified\":\"2019-04-11T14:53:35+00:00\",\"mainEntityOfPage\":{\"@id\":\"https:\/\/www.institutodeengenharia.org.br\/site\/2019\/04\/11\/conheca-katie-bouman-a-cientista-responsavel-pela-imagem-do-buraco-negro\/\"},\"wordCount\":501,\"commentCount\":0,\"publisher\":{\"@id\":\"https:\/\/www.institutodeengenharia.org.br\/site\/#organization\"},\"image\":{\"@id\":\"https:\/\/www.institutodeengenharia.org.br\/site\/2019\/04\/11\/conheca-katie-bouman-a-cientista-responsavel-pela-imagem-do-buraco-negro\/#primaryimage\"},\"thumbnailUrl\":\"https:\/\/www.institutodeengenharia.org.br\/site\/wp-content\/uploads\/2019\/04\/15549437225cae8eea75f27_1554943722_3x2_md.jpg\",\"keywords\":[\"+ Destaque\"],\"articleSection\":[\"Mulher\",\"Pesquisa e Desenvolvimento\"],\"inLanguage\":\"pt-BR\",\"potentialAction\":[{\"@type\":\"CommentAction\",\"name\":\"Comment\",\"target\":[\"https:\/\/www.institutodeengenharia.org.br\/site\/2019\/04\/11\/conheca-katie-bouman-a-cientista-responsavel-pela-imagem-do-buraco-negro\/#respond\"]}]},{\"@type\":\"WebPage\",\"@id\":\"https:\/\/www.institutodeengenharia.org.br\/site\/2019\/04\/11\/conheca-katie-bouman-a-cientista-responsavel-pela-imagem-do-buraco-negro\/\",\"url\":\"https:\/\/www.institutodeengenharia.org.br\/site\/2019\/04\/11\/conheca-katie-bouman-a-cientista-responsavel-pela-imagem-do-buraco-negro\/\",\"name\":\"Conhe\u00e7a Katie Bouman, a cientista respons\u00e1vel pela imagem do buraco negro - Instituto de Engenharia\",\"isPartOf\":{\"@id\":\"https:\/\/www.institutodeengenharia.org.br\/site\/#website\"},\"primaryImageOfPage\":{\"@id\":\"https:\/\/www.institutodeengenharia.org.br\/site\/2019\/04\/11\/conheca-katie-bouman-a-cientista-responsavel-pela-imagem-do-buraco-negro\/#primaryimage\"},\"image\":{\"@id\":\"https:\/\/www.institutodeengenharia.org.br\/site\/2019\/04\/11\/conheca-katie-bouman-a-cientista-responsavel-pela-imagem-do-buraco-negro\/#primaryimage\"},\"thumbnailUrl\":\"https:\/\/www.institutodeengenharia.org.br\/site\/wp-content\/uploads\/2019\/04\/15549437225cae8eea75f27_1554943722_3x2_md.jpg\",\"datePublished\":\"2019-04-11T14:49:47+00:00\",\"dateModified\":\"2019-04-11T14:53:35+00:00\",\"breadcrumb\":{\"@id\":\"https:\/\/www.institutodeengenharia.org.br\/site\/2019\/04\/11\/conheca-katie-bouman-a-cientista-responsavel-pela-imagem-do-buraco-negro\/#breadcrumb\"},\"inLanguage\":\"pt-BR\",\"potentialAction\":[{\"@type\":\"ReadAction\",\"target\":[\"https:\/\/www.institutodeengenharia.org.br\/site\/2019\/04\/11\/conheca-katie-bouman-a-cientista-responsavel-pela-imagem-do-buraco-negro\/\"]}]},{\"@type\":\"ImageObject\",\"inLanguage\":\"pt-BR\",\"@id\":\"https:\/\/www.institutodeengenharia.org.br\/site\/2019\/04\/11\/conheca-katie-bouman-a-cientista-responsavel-pela-imagem-do-buraco-negro\/#primaryimage\",\"url\":\"https:\/\/www.institutodeengenharia.org.br\/site\/wp-content\/uploads\/2019\/04\/15549437225cae8eea75f27_1554943722_3x2_md.jpg\",\"contentUrl\":\"https:\/\/www.institutodeengenharia.org.br\/site\/wp-content\/uploads\/2019\/04\/15549437225cae8eea75f27_1554943722_3x2_md.jpg\",\"width\":768,\"height\":512,\"caption\":\"Katie Bouman - Reprodu\u00e7\u00e3o\/Twitter\/MIT\"},{\"@type\":\"BreadcrumbList\",\"@id\":\"https:\/\/www.institutodeengenharia.org.br\/site\/2019\/04\/11\/conheca-katie-bouman-a-cientista-responsavel-pela-imagem-do-buraco-negro\/#breadcrumb\",\"itemListElement\":[{\"@type\":\"ListItem\",\"position\":1,\"name\":\"In\u00edcio\",\"item\":\"https:\/\/www.institutodeengenharia.org.br\/site\/\"},{\"@type\":\"ListItem\",\"position\":2,\"name\":\"Conhe\u00e7a Katie Bouman, a cientista respons\u00e1vel pela imagem do buraco negro\"}]},{\"@type\":\"WebSite\",\"@id\":\"https:\/\/www.institutodeengenharia.org.br\/site\/#website\",\"url\":\"https:\/\/www.institutodeengenharia.org.br\/site\/\",\"name\":\"Instituto de Engenharia\",\"description\":\"O Instituto de Engenharia promove a Engenharia em benef\u00edcio do desenvolvimento e da qualidade de vida da sociedade.\",\"publisher\":{\"@id\":\"https:\/\/www.institutodeengenharia.org.br\/site\/#organization\"},\"potentialAction\":[{\"@type\":\"SearchAction\",\"target\":{\"@type\":\"EntryPoint\",\"urlTemplate\":\"https:\/\/www.institutodeengenharia.org.br\/site\/?s={search_term_string}\"},\"query-input\":{\"@type\":\"PropertyValueSpecification\",\"valueRequired\":true,\"valueName\":\"search_term_string\"}}],\"inLanguage\":\"pt-BR\"},{\"@type\":\"Organization\",\"@id\":\"https:\/\/www.institutodeengenharia.org.br\/site\/#organization\",\"name\":\"Instituto de Engenharia\",\"url\":\"https:\/\/www.institutodeengenharia.org.br\/site\/\",\"logo\":{\"@type\":\"ImageObject\",\"inLanguage\":\"pt-BR\",\"@id\":\"https:\/\/www.institutodeengenharia.org.br\/site\/#\/schema\/logo\/image\/\",\"url\":\"https:\/\/www.institutodeengenharia.org.br\/site\/wp-content\/uploads\/2019\/03\/logo-novo-IE2018-1.jpg\",\"contentUrl\":\"https:\/\/www.institutodeengenharia.org.br\/site\/wp-content\/uploads\/2019\/03\/logo-novo-IE2018-1.jpg\",\"width\":1486,\"height\":1879,\"caption\":\"Instituto de Engenharia\"},\"image\":{\"@id\":\"https:\/\/www.institutodeengenharia.org.br\/site\/#\/schema\/logo\/image\/\"},\"sameAs\":[\"https:\/\/www.facebook.com\/institutodeengenharia\",\"https:\/\/x.com\/iengenharia\",\"https:\/\/www.instagram.com\/institutodeengenharia\/\",\"https:\/\/www.linkedin.com\/company\/instituto-de-engenharia\/\",\"https:\/\/www.youtube.com\/channel\/UCXiCAlsSMe977vamW915HxA\"]},{\"@type\":\"Person\",\"@id\":\"https:\/\/www.institutodeengenharia.org.br\/site\/#\/schema\/person\/aeb64951c405e100d26d30b033dd423f\",\"name\":\"Bianca\",\"image\":{\"@type\":\"ImageObject\",\"inLanguage\":\"pt-BR\",\"@id\":\"https:\/\/secure.gravatar.com\/avatar\/a6fbe9bff57405baf4c1e2c5c1811e072b558253974a9f9508f4678900c97c2a?s=96&d=mm&r=g\",\"url\":\"https:\/\/secure.gravatar.com\/avatar\/a6fbe9bff57405baf4c1e2c5c1811e072b558253974a9f9508f4678900c97c2a?s=96&d=mm&r=g\",\"contentUrl\":\"https:\/\/secure.gravatar.com\/avatar\/a6fbe9bff57405baf4c1e2c5c1811e072b558253974a9f9508f4678900c97c2a?s=96&d=mm&r=g\",\"caption\":\"Bianca\"},\"url\":\"https:\/\/www.institutodeengenharia.org.br\/site\/author\/comunicacao1\/\"}]}<\/script>\n<!-- \/ Yoast SEO plugin. -->","yoast_head_json":{"title":"Conhe\u00e7a Katie Bouman, a cientista respons\u00e1vel pela imagem do buraco negro - Instituto de Engenharia","robots":{"index":"index","follow":"follow","max-snippet":"max-snippet:-1","max-image-preview":"max-image-preview:large","max-video-preview":"max-video-preview:-1"},"canonical":"https:\/\/www.institutodeengenharia.org.br\/site\/2019\/04\/11\/conheca-katie-bouman-a-cientista-responsavel-pela-imagem-do-buraco-negro\/","og_locale":"pt_BR","og_type":"article","og_title":"Conhe\u00e7a Katie Bouman, a cientista respons\u00e1vel pela imagem do buraco negro - Instituto de Engenharia","og_description":"O assunto mais popular nas rodas de conversa nesta quarta-feira (10) \u00e9 a\u00a0imagem real do buraco negro\u00a0no universo, uma descoberta feita pelo telesc\u00f3pio Event Horizon. Entre os 200 pesquisadores respons\u00e1veis pela descoberta, um nome chama a aten\u00e7\u00e3o: o de Katie\u00a0Bouman. A cientista, de 29 anos, foi quem liderou a cria\u00e7\u00e3o de um algoritmo que permitiu [&hellip;]","og_url":"https:\/\/www.institutodeengenharia.org.br\/site\/2019\/04\/11\/conheca-katie-bouman-a-cientista-responsavel-pela-imagem-do-buraco-negro\/","og_site_name":"Instituto de Engenharia","article_publisher":"https:\/\/www.facebook.com\/institutodeengenharia","article_published_time":"2019-04-11T14:49:47+00:00","article_modified_time":"2019-04-11T14:53:35+00:00","og_image":[{"width":768,"height":512,"url":"https:\/\/www.institutodeengenharia.org.br\/site\/wp-content\/uploads\/2019\/04\/15549437225cae8eea75f27_1554943722_3x2_md.jpg","type":"image\/jpeg"}],"author":"Bianca","twitter_card":"summary_large_image","twitter_creator":"@iengenharia","twitter_site":"@iengenharia","twitter_misc":{"Escrito por":"Bianca","Est. tempo de leitura":"2 minutos"},"schema":{"@context":"https:\/\/schema.org","@graph":[{"@type":"Article","@id":"https:\/\/www.institutodeengenharia.org.br\/site\/2019\/04\/11\/conheca-katie-bouman-a-cientista-responsavel-pela-imagem-do-buraco-negro\/#article","isPartOf":{"@id":"https:\/\/www.institutodeengenharia.org.br\/site\/2019\/04\/11\/conheca-katie-bouman-a-cientista-responsavel-pela-imagem-do-buraco-negro\/"},"author":{"name":"Bianca","@id":"https:\/\/www.institutodeengenharia.org.br\/site\/#\/schema\/person\/aeb64951c405e100d26d30b033dd423f"},"headline":"Conhe\u00e7a Katie Bouman, a cientista respons\u00e1vel pela imagem do buraco negro","datePublished":"2019-04-11T14:49:47+00:00","dateModified":"2019-04-11T14:53:35+00:00","mainEntityOfPage":{"@id":"https:\/\/www.institutodeengenharia.org.br\/site\/2019\/04\/11\/conheca-katie-bouman-a-cientista-responsavel-pela-imagem-do-buraco-negro\/"},"wordCount":501,"commentCount":0,"publisher":{"@id":"https:\/\/www.institutodeengenharia.org.br\/site\/#organization"},"image":{"@id":"https:\/\/www.institutodeengenharia.org.br\/site\/2019\/04\/11\/conheca-katie-bouman-a-cientista-responsavel-pela-imagem-do-buraco-negro\/#primaryimage"},"thumbnailUrl":"https:\/\/www.institutodeengenharia.org.br\/site\/wp-content\/uploads\/2019\/04\/15549437225cae8eea75f27_1554943722_3x2_md.jpg","keywords":["+ Destaque"],"articleSection":["Mulher","Pesquisa e Desenvolvimento"],"inLanguage":"pt-BR","potentialAction":[{"@type":"CommentAction","name":"Comment","target":["https:\/\/www.institutodeengenharia.org.br\/site\/2019\/04\/11\/conheca-katie-bouman-a-cientista-responsavel-pela-imagem-do-buraco-negro\/#respond"]}]},{"@type":"WebPage","@id":"https:\/\/www.institutodeengenharia.org.br\/site\/2019\/04\/11\/conheca-katie-bouman-a-cientista-responsavel-pela-imagem-do-buraco-negro\/","url":"https:\/\/www.institutodeengenharia.org.br\/site\/2019\/04\/11\/conheca-katie-bouman-a-cientista-responsavel-pela-imagem-do-buraco-negro\/","name":"Conhe\u00e7a Katie Bouman, a cientista respons\u00e1vel pela imagem do buraco negro - Instituto de Engenharia","isPartOf":{"@id":"https:\/\/www.institutodeengenharia.org.br\/site\/#website"},"primaryImageOfPage":{"@id":"https:\/\/www.institutodeengenharia.org.br\/site\/2019\/04\/11\/conheca-katie-bouman-a-cientista-responsavel-pela-imagem-do-buraco-negro\/#primaryimage"},"image":{"@id":"https:\/\/www.institutodeengenharia.org.br\/site\/2019\/04\/11\/conheca-katie-bouman-a-cientista-responsavel-pela-imagem-do-buraco-negro\/#primaryimage"},"thumbnailUrl":"https:\/\/www.institutodeengenharia.org.br\/site\/wp-content\/uploads\/2019\/04\/15549437225cae8eea75f27_1554943722_3x2_md.jpg","datePublished":"2019-04-11T14:49:47+00:00","dateModified":"2019-04-11T14:53:35+00:00","breadcrumb":{"@id":"https:\/\/www.institutodeengenharia.org.br\/site\/2019\/04\/11\/conheca-katie-bouman-a-cientista-responsavel-pela-imagem-do-buraco-negro\/#breadcrumb"},"inLanguage":"pt-BR","potentialAction":[{"@type":"ReadAction","target":["https:\/\/www.institutodeengenharia.org.br\/site\/2019\/04\/11\/conheca-katie-bouman-a-cientista-responsavel-pela-imagem-do-buraco-negro\/"]}]},{"@type":"ImageObject","inLanguage":"pt-BR","@id":"https:\/\/www.institutodeengenharia.org.br\/site\/2019\/04\/11\/conheca-katie-bouman-a-cientista-responsavel-pela-imagem-do-buraco-negro\/#primaryimage","url":"https:\/\/www.institutodeengenharia.org.br\/site\/wp-content\/uploads\/2019\/04\/15549437225cae8eea75f27_1554943722_3x2_md.jpg","contentUrl":"https:\/\/www.institutodeengenharia.org.br\/site\/wp-content\/uploads\/2019\/04\/15549437225cae8eea75f27_1554943722_3x2_md.jpg","width":768,"height":512,"caption":"Katie Bouman - Reprodu\u00e7\u00e3o\/Twitter\/MIT"},{"@type":"BreadcrumbList","@id":"https:\/\/www.institutodeengenharia.org.br\/site\/2019\/04\/11\/conheca-katie-bouman-a-cientista-responsavel-pela-imagem-do-buraco-negro\/#breadcrumb","itemListElement":[{"@type":"ListItem","position":1,"name":"In\u00edcio","item":"https:\/\/www.institutodeengenharia.org.br\/site\/"},{"@type":"ListItem","position":2,"name":"Conhe\u00e7a Katie Bouman, a cientista respons\u00e1vel pela imagem do buraco negro"}]},{"@type":"WebSite","@id":"https:\/\/www.institutodeengenharia.org.br\/site\/#website","url":"https:\/\/www.institutodeengenharia.org.br\/site\/","name":"Instituto de Engenharia","description":"O Instituto de Engenharia promove a Engenharia em benef\u00edcio do desenvolvimento e da qualidade de vida da sociedade.","publisher":{"@id":"https:\/\/www.institutodeengenharia.org.br\/site\/#organization"},"potentialAction":[{"@type":"SearchAction","target":{"@type":"EntryPoint","urlTemplate":"https:\/\/www.institutodeengenharia.org.br\/site\/?s={search_term_string}"},"query-input":{"@type":"PropertyValueSpecification","valueRequired":true,"valueName":"search_term_string"}}],"inLanguage":"pt-BR"},{"@type":"Organization","@id":"https:\/\/www.institutodeengenharia.org.br\/site\/#organization","name":"Instituto de Engenharia","url":"https:\/\/www.institutodeengenharia.org.br\/site\/","logo":{"@type":"ImageObject","inLanguage":"pt-BR","@id":"https:\/\/www.institutodeengenharia.org.br\/site\/#\/schema\/logo\/image\/","url":"https:\/\/www.institutodeengenharia.org.br\/site\/wp-content\/uploads\/2019\/03\/logo-novo-IE2018-1.jpg","contentUrl":"https:\/\/www.institutodeengenharia.org.br\/site\/wp-content\/uploads\/2019\/03\/logo-novo-IE2018-1.jpg","width":1486,"height":1879,"caption":"Instituto de Engenharia"},"image":{"@id":"https:\/\/www.institutodeengenharia.org.br\/site\/#\/schema\/logo\/image\/"},"sameAs":["https:\/\/www.facebook.com\/institutodeengenharia","https:\/\/x.com\/iengenharia","https:\/\/www.instagram.com\/institutodeengenharia\/","https:\/\/www.linkedin.com\/company\/instituto-de-engenharia\/","https:\/\/www.youtube.com\/channel\/UCXiCAlsSMe977vamW915HxA"]},{"@type":"Person","@id":"https:\/\/www.institutodeengenharia.org.br\/site\/#\/schema\/person\/aeb64951c405e100d26d30b033dd423f","name":"Bianca","image":{"@type":"ImageObject","inLanguage":"pt-BR","@id":"https:\/\/secure.gravatar.com\/avatar\/a6fbe9bff57405baf4c1e2c5c1811e072b558253974a9f9508f4678900c97c2a?s=96&d=mm&r=g","url":"https:\/\/secure.gravatar.com\/avatar\/a6fbe9bff57405baf4c1e2c5c1811e072b558253974a9f9508f4678900c97c2a?s=96&d=mm&r=g","contentUrl":"https:\/\/secure.gravatar.com\/avatar\/a6fbe9bff57405baf4c1e2c5c1811e072b558253974a9f9508f4678900c97c2a?s=96&d=mm&r=g","caption":"Bianca"},"url":"https:\/\/www.institutodeengenharia.org.br\/site\/author\/comunicacao1\/"}]}},"_links":{"self":[{"href":"https:\/\/www.institutodeengenharia.org.br\/site\/wp-json\/wp\/v2\/posts\/41817","targetHints":{"allow":["GET"]}}],"collection":[{"href":"https:\/\/www.institutodeengenharia.org.br\/site\/wp-json\/wp\/v2\/posts"}],"about":[{"href":"https:\/\/www.institutodeengenharia.org.br\/site\/wp-json\/wp\/v2\/types\/post"}],"author":[{"embeddable":true,"href":"https:\/\/www.institutodeengenharia.org.br\/site\/wp-json\/wp\/v2\/users\/13"}],"replies":[{"embeddable":true,"href":"https:\/\/www.institutodeengenharia.org.br\/site\/wp-json\/wp\/v2\/comments?post=41817"}],"version-history":[{"count":2,"href":"https:\/\/www.institutodeengenharia.org.br\/site\/wp-json\/wp\/v2\/posts\/41817\/revisions"}],"predecessor-version":[{"id":41820,"href":"https:\/\/www.institutodeengenharia.org.br\/site\/wp-json\/wp\/v2\/posts\/41817\/revisions\/41820"}],"wp:featuredmedia":[{"embeddable":true,"href":"https:\/\/www.institutodeengenharia.org.br\/site\/wp-json\/wp\/v2\/media\/41818"}],"wp:attachment":[{"href":"https:\/\/www.institutodeengenharia.org.br\/site\/wp-json\/wp\/v2\/media?parent=41817"}],"wp:term":[{"taxonomy":"category","embeddable":true,"href":"https:\/\/www.institutodeengenharia.org.br\/site\/wp-json\/wp\/v2\/categories?post=41817"},{"taxonomy":"post_tag","embeddable":true,"href":"https:\/\/www.institutodeengenharia.org.br\/site\/wp-json\/wp\/v2\/tags?post=41817"}],"curies":[{"name":"wp","href":"https:\/\/api.w.org\/{rel}","templated":true}]}}