{"id":41155,"date":"2019-04-08T11:41:58","date_gmt":"2019-04-08T14:41:58","guid":{"rendered":"https:\/\/www.institutodeengenharia.org.br\/site\/?p=41155"},"modified":"2019-04-10T10:47:32","modified_gmt":"2019-04-10T13:47:32","slug":"a-menina-que-cresceu-sonhando-com-um-lar-sem-goteiras-e-hoje-transforma-casas-de-graca","status":"publish","type":"post","link":"https:\/\/www.institutodeengenharia.org.br\/site\/2019\/04\/08\/a-menina-que-cresceu-sonhando-com-um-lar-sem-goteiras-e-hoje-transforma-casas-de-graca\/","title":{"rendered":"A menina que cresceu sonhando com um lar sem goteiras e hoje &#8216;transforma casas&#8217; de gra\u00e7a"},"content":{"rendered":"<div class=\"mc-column content-text active-extra-styles active-capital-letter\" data-block-type=\"unstyled\" data-block-weight=\"15\" data-block-id=\"2\">\n<p class=\"content-text__container theme-color-primary-first-letter\" data-track-category=\"Link no Texto\" data-track-links=\"\">Fernanda ainda era crian\u00e7a quando olhava para o teto e pensava: &#8220;Sinto raiva da chuva&#8221;.<\/p>\n<\/div>\n<div class=\"wall protected-content\">\n<div class=\"mc-column content-text active-extra-styles \" data-block-type=\"unstyled\" data-block-weight=\"45\" data-block-id=\"3\">\n<p class=\"content-text__container \" data-track-category=\"Link no Texto\" data-track-links=\"\">Ela morava com os pais e os cinco irm\u00e3os em uma casa &#8220;bem pequena, de taipa e tijolos brancos&#8221; em Natal, no Rio Grande do Norte, onde tinham sala, cozinha, dois quartos e um banheiro nos fundos do quintal &#8211; com um monte de goteiras.<\/p>\n<\/div>\n<div class=\"mc-column content-text active-extra-styles \" data-block-type=\"unstyled\" data-block-weight=\"46\" data-block-id=\"4\">\n<p class=\"content-text__container \" data-track-category=\"Link no Texto\" data-track-links=\"\">Quando chovia, uma caixa de fog\u00e3o transformada em guarda-roupa, a cama e o ch\u00e3o sempre ficavam encharcados. O &#8220;reboco antigo&#8221;, de barro, tamb\u00e9m infiltrava e o cheiro que ficava no ar &#8211; para &#8220;vergonha&#8221; da menina &#8211; foi chamado de ruim por um amigo da escola.<\/p>\n<\/div>\n<div class=\"mc-column content-text active-extra-styles \" data-block-type=\"unstyled\" data-block-weight=\"23\" data-block-id=\"5\">\n<p class=\"content-text__container \" data-track-category=\"Link no Texto\" data-track-links=\"\">&#8220;O que eu pensava era que quando crescesse ia querer uma casa que n\u00e3o tivesse goteiras&#8221;, diz. &#8220;Era com isso que eu sonhava.&#8221;<\/p>\n<\/div>\n<div class=\"mc-column content-text active-extra-styles \" data-block-type=\"unstyled\" data-block-weight=\"40\" data-block-id=\"6\">\n<p class=\"content-text__container \" data-track-category=\"Link no Texto\" data-track-links=\"\">Hoje t\u00e9cnica em controle ambiental, tecn\u00f3loga em constru\u00e7\u00e3o de edif\u00edcios e prestes a se formar em Engenharia Civil, ela lembra da hist\u00f3ria para explicar por que, aos 21 anos, decidiu criar um projeto volunt\u00e1rio para reformar casas, sem cobrar nada.<\/p>\n<\/div>\n<div class=\"mc-column content-text active-extra-styles \" data-block-type=\"unstyled\" data-block-weight=\"85\" data-block-id=\"7\">\n<p class=\"content-text__container \" data-track-category=\"Link no Texto\" data-track-links=\"\">O projeto nasceu em julho de 2018 e recebeu o nome de ReforAmar &#8211; uma &#8220;jun\u00e7\u00e3o de reforma com amor&#8221; que idealizou influenciada pela pr\u00f3pria hist\u00f3ria vida e com o qual pretende &#8220;mudar o que mais incomoda&#8221; a pessoas de baixa renda, asilos e, futuramente, tamb\u00e9m a abrigos de crian\u00e7as. &#8220;A Fernanda crian\u00e7a ia querer que trocassem o telhado, para n\u00e3o cair mais chuva dentro de casa, mas para outras pessoas pode haver outras prioridades&#8221;, diz. E isso vai desde paredes pintadas at\u00e9 obras maiores.<\/p>\n<\/div>\n<div class=\"mc-column content-text active-extra-styles \" data-block-type=\"unstyled\" data-block-weight=\"66\" data-block-id=\"8\">\n<p class=\"content-text__container \" data-track-category=\"Link no Texto\" data-track-links=\"\">A a\u00e7\u00e3o atendeu at\u00e9 agora cinco casas e um asilo em Natal. O n\u00famero de volunt\u00e1rios passou de cinco para 70 em menos de um ano, e cinco novas obras s\u00e3o previstas at\u00e9 dezembro. \u00c9 um alcance que Fernanda espera aumentar. &#8220;A inten\u00e7\u00e3o \u00e9 chegar a outras cidades e quem sabe crescer a ponto de tamb\u00e9m poder contratar pessoas. Mas tudo com os p\u00e9s no ch\u00e3o&#8221;.<\/p>\n<div class=\"row medium-uncollapsed content-media content-photo\" data-block-type=\"backstage-photo\" data-block-id=\"10\">\n<div class=\"column medium-22 large-20 medium-centered content-media__container\">\n<div class=\"progressive-img can-open-lightbox\" data-min-size=\"1008x570\" data-min-size-url=\"https:\/\/s2.glbimg.com\/0FirhXE-pmwwYutWF6rrQzSYUI0=\/0x0:624x353\/1008x0\/smart\/filters:strip_icc()\/i.s3.glbimg.com\/v1\/AUTH_59edd422c0c84a879bd37670ae4f538a\/internal_photos\/bs\/2019\/Y\/O\/wXvMqbTICMMTLoHOlRBQ\/fernanda-santos-4.jpg\" data-max-size=\"1600x905\" data-max-size-url=\"https:\/\/s2.glbimg.com\/czUcD0hGZ1yo5RHgGV7AGeTjbGQ=\/0x0:624x353\/1600x0\/smart\/filters:strip_icc()\/i.s3.glbimg.com\/v1\/AUTH_59edd422c0c84a879bd37670ae4f538a\/internal_photos\/bs\/2019\/Y\/O\/wXvMqbTICMMTLoHOlRBQ\/fernanda-santos-4.jpg\" data-media-index=\"1\"><picture><source srcset=\"https:\/\/s2.glbimg.com\/0FirhXE-pmwwYutWF6rrQzSYUI0=\/0x0:624x353\/1008x0\/smart\/filters:strip_icc()\/i.s3.glbimg.com\/v1\/AUTH_59edd422c0c84a879bd37670ae4f538a\/internal_photos\/bs\/2019\/Y\/O\/wXvMqbTICMMTLoHOlRBQ\/fernanda-santos-4.jpg 1x, https:\/\/s2.glbimg.com\/9oMWSX5NOJsn8EMpX-HSA0_kHRs=\/0x0:624x353\/2016x0\/smart\/filters:strip_icc()\/i.s3.glbimg.com\/v1\/AUTH_59edd422c0c84a879bd37670ae4f538a\/internal_photos\/bs\/2019\/Y\/O\/wXvMqbTICMMTLoHOlRBQ\/fernanda-santos-4.jpg 2x\" media=\"(max-width: 1024px)\" data-src=\"https:\/\/s2.glbimg.com\/0FirhXE-pmwwYutWF6rrQzSYUI0=\/0x0:624x353\/1008x0\/smart\/filters:strip_icc()\/i.s3.glbimg.com\/v1\/AUTH_59edd422c0c84a879bd37670ae4f538a\/internal_photos\/bs\/2019\/Y\/O\/wXvMqbTICMMTLoHOlRBQ\/fernanda-santos-4.jpg 1x, https:\/\/s2.glbimg.com\/9oMWSX5NOJsn8EMpX-HSA0_kHRs=\/0x0:624x353\/2016x0\/smart\/filters:strip_icc()\/i.s3.glbimg.com\/v1\/AUTH_59edd422c0c84a879bd37670ae4f538a\/internal_photos\/bs\/2019\/Y\/O\/wXvMqbTICMMTLoHOlRBQ\/fernanda-santos-4.jpg 2x\" \/><source srcset=\"https:\/\/s2.glbimg.com\/c_4-DfLD1h7B35nsb2oor9M4kQg=\/0x0:624x353\/1262x0\/smart\/filters:strip_icc()\/i.s3.glbimg.com\/v1\/AUTH_59edd422c0c84a879bd37670ae4f538a\/internal_photos\/bs\/2019\/Y\/O\/wXvMqbTICMMTLoHOlRBQ\/fernanda-santos-4.jpg 1x, https:\/\/s2.glbimg.com\/BbK9Y45pzCW8iJ4320EbZuthAIQ=\/0x0:624x353\/2524x0\/smart\/filters:strip_icc()\/i.s3.glbimg.com\/v1\/AUTH_59edd422c0c84a879bd37670ae4f538a\/internal_photos\/bs\/2019\/Y\/O\/wXvMqbTICMMTLoHOlRBQ\/fernanda-santos-4.jpg 2x\" media=\"(max-width: 1280px)\" data-src=\"https:\/\/s2.glbimg.com\/c_4-DfLD1h7B35nsb2oor9M4kQg=\/0x0:624x353\/1262x0\/smart\/filters:strip_icc()\/i.s3.glbimg.com\/v1\/AUTH_59edd422c0c84a879bd37670ae4f538a\/internal_photos\/bs\/2019\/Y\/O\/wXvMqbTICMMTLoHOlRBQ\/fernanda-santos-4.jpg 1x, https:\/\/s2.glbimg.com\/BbK9Y45pzCW8iJ4320EbZuthAIQ=\/0x0:624x353\/2524x0\/smart\/filters:strip_icc()\/i.s3.glbimg.com\/v1\/AUTH_59edd422c0c84a879bd37670ae4f538a\/internal_photos\/bs\/2019\/Y\/O\/wXvMqbTICMMTLoHOlRBQ\/fernanda-santos-4.jpg 2x\" \/><source srcset=\"https:\/\/s2.glbimg.com\/cuDp2VFKbP1-h8tpXmrXkCqe4aw=\/0x0:624x353\/1344x0\/smart\/filters:strip_icc()\/i.s3.glbimg.com\/v1\/AUTH_59edd422c0c84a879bd37670ae4f538a\/internal_photos\/bs\/2019\/Y\/O\/wXvMqbTICMMTLoHOlRBQ\/fernanda-santos-4.jpg 1x, https:\/\/s2.glbimg.com\/hYZm5PCWLkwdTeqxb7WY7gqK9Ho=\/0x0:624x353\/2688x0\/smart\/filters:strip_icc()\/i.s3.glbimg.com\/v1\/AUTH_59edd422c0c84a879bd37670ae4f538a\/internal_photos\/bs\/2019\/Y\/O\/wXvMqbTICMMTLoHOlRBQ\/fernanda-santos-4.jpg 2x\" media=\"(max-width: 1360px)\" data-src=\"https:\/\/s2.glbimg.com\/cuDp2VFKbP1-h8tpXmrXkCqe4aw=\/0x0:624x353\/1344x0\/smart\/filters:strip_icc()\/i.s3.glbimg.com\/v1\/AUTH_59edd422c0c84a879bd37670ae4f538a\/internal_photos\/bs\/2019\/Y\/O\/wXvMqbTICMMTLoHOlRBQ\/fernanda-santos-4.jpg 1x, https:\/\/s2.glbimg.com\/hYZm5PCWLkwdTeqxb7WY7gqK9Ho=\/0x0:624x353\/2688x0\/smart\/filters:strip_icc()\/i.s3.glbimg.com\/v1\/AUTH_59edd422c0c84a879bd37670ae4f538a\/internal_photos\/bs\/2019\/Y\/O\/wXvMqbTICMMTLoHOlRBQ\/fernanda-santos-4.jpg 2x\" \/><source srcset=\"https:\/\/s2.glbimg.com\/czUcD0hGZ1yo5RHgGV7AGeTjbGQ=\/0x0:624x353\/1600x0\/smart\/filters:strip_icc()\/i.s3.glbimg.com\/v1\/AUTH_59edd422c0c84a879bd37670ae4f538a\/internal_photos\/bs\/2019\/Y\/O\/wXvMqbTICMMTLoHOlRBQ\/fernanda-santos-4.jpg 1x, https:\/\/s2.glbimg.com\/tVub5ALawX4acXWGcHlDwSIefPs=\/0x0:624x353\/3200x0\/smart\/filters:strip_icc()\/i.s3.glbimg.com\/v1\/AUTH_59edd422c0c84a879bd37670ae4f538a\/internal_photos\/bs\/2019\/Y\/O\/wXvMqbTICMMTLoHOlRBQ\/fernanda-santos-4.jpg 2x\" media=\"(min-width: 1361px)\" data-src=\"https:\/\/s2.glbimg.com\/czUcD0hGZ1yo5RHgGV7AGeTjbGQ=\/0x0:624x353\/1600x0\/smart\/filters:strip_icc()\/i.s3.glbimg.com\/v1\/AUTH_59edd422c0c84a879bd37670ae4f538a\/internal_photos\/bs\/2019\/Y\/O\/wXvMqbTICMMTLoHOlRBQ\/fernanda-santos-4.jpg 1x, https:\/\/s2.glbimg.com\/tVub5ALawX4acXWGcHlDwSIefPs=\/0x0:624x353\/3200x0\/smart\/filters:strip_icc()\/i.s3.glbimg.com\/v1\/AUTH_59edd422c0c84a879bd37670ae4f538a\/internal_photos\/bs\/2019\/Y\/O\/wXvMqbTICMMTLoHOlRBQ\/fernanda-santos-4.jpg 2x\" \/><source srcset=\"https:\/\/s2.glbimg.com\/0FirhXE-pmwwYutWF6rrQzSYUI0=\/0x0:624x353\/1008x0\/smart\/filters:strip_icc()\/i.s3.glbimg.com\/v1\/AUTH_59edd422c0c84a879bd37670ae4f538a\/internal_photos\/bs\/2019\/Y\/O\/wXvMqbTICMMTLoHOlRBQ\/fernanda-santos-4.jpg\" data-src=\"https:\/\/s2.glbimg.com\/0FirhXE-pmwwYutWF6rrQzSYUI0=\/0x0:624x353\/1008x0\/smart\/filters:strip_icc()\/i.s3.glbimg.com\/v1\/AUTH_59edd422c0c84a879bd37670ae4f538a\/internal_photos\/bs\/2019\/Y\/O\/wXvMqbTICMMTLoHOlRBQ\/fernanda-santos-4.jpg\" \/><\/picture>\n<figure style=\"width: 1008px\" class=\"wp-caption aligncenter\"><img loading=\"lazy\" decoding=\"async\" class=\"image content-media__image progressive-loaded\" title=\"Em meio aos 70 volunt\u00e1rios, h\u00e1 quem doe m\u00e3o de obra, materiais e dinheiro. Muitos literalmente p\u00f5em a m\u00e3o na massa \u2014 Foto: Divulga\u00e7\u00e3o Reforamar\/BBC\" src=\"https:\/\/s2.glbimg.com\/0FirhXE-pmwwYutWF6rrQzSYUI0=\/0x0:624x353\/1008x0\/smart\/filters:strip_icc()\/i.s3.glbimg.com\/v1\/AUTH_59edd422c0c84a879bd37670ae4f538a\/internal_photos\/bs\/2019\/Y\/O\/wXvMqbTICMMTLoHOlRBQ\/fernanda-santos-4.jpg\" alt=\"Em meio aos 70 volunt\u00e1rios, h\u00e1 quem doe m\u00e3o de obra, materiais e dinheiro. Muitos literalmente p\u00f5em a m\u00e3o na massa \u2014 Foto: Divulga\u00e7\u00e3o Reforamar\/BBC\" width=\"1008\" height=\"570\" data-src=\"https:\/\/s2.glbimg.com\/0FirhXE-pmwwYutWF6rrQzSYUI0=\/0x0:624x353\/1008x0\/smart\/filters:strip_icc()\/i.s3.glbimg.com\/v1\/AUTH_59edd422c0c84a879bd37670ae4f538a\/internal_photos\/bs\/2019\/Y\/O\/wXvMqbTICMMTLoHOlRBQ\/fernanda-santos-4.jpg\" \/><figcaption class=\"wp-caption-text\">Em meio aos 70 volunt\u00e1rios, h\u00e1 quem doe m\u00e3o de obra, materiais e dinheiro. Muitos literalmente p\u00f5em a m\u00e3o na massa \u2014 Foto: Divulga\u00e7\u00e3o Reforamar\/BBC<\/figcaption><\/figure>\n<\/div>\n<p class=\"content-media__description \">\n<\/div>\n<\/div>\n<div class=\"mc-column content-text active-extra-styles\" data-block-type=\"raw\" data-block-weight=\"3\" data-block-id=\"11\">\n<div class=\"content-intertitle\">\n<h2>Inspira\u00e7\u00e3o para come\u00e7ar<\/h2>\n<\/div>\n<\/div>\n<div class=\"mc-column content-text active-extra-styles \" data-block-type=\"unstyled\" data-block-weight=\"29\" data-block-id=\"12\">\n<p class=\"content-text__container \" data-track-category=\"Link no Texto\" data-track-links=\"\">O desejo de mudan\u00e7a que a menina alimentava para as pr\u00f3prias condi\u00e7\u00f5es de moradia foi a maior inspira\u00e7\u00e3o para o projeto e para o caminho profissional que decidiu trilhar.<\/p>\n<\/div>\n<div class=\"mc-column content-text active-extra-styles \" data-block-type=\"unstyled\" data-block-weight=\"32\" data-block-id=\"13\">\n<p class=\"content-text__container \" data-track-category=\"Link no Texto\" data-track-links=\"\">Filha de uma empregada dom\u00e9stica e de um ex-padeiro, ela cresceu assistindo ao pai e posteriormente ao padastro derrubando e construindo paredes &#8211; &#8220;por partes e aos poucos&#8221;, para melhorar a casa.<\/p>\n<\/div>\n<div class=\"mc-column content-text active-extra-styles \" data-block-type=\"unstyled\" data-block-weight=\"30\" data-block-id=\"14\">\n<p class=\"content-text__container \" data-track-category=\"Link no Texto\" data-track-links=\"\">J\u00e1 aos 18 anos e morando sozinha em um &#8220;quartinho&#8221; no im\u00f3vel, ap\u00f3s o restante da fam\u00edlia se mudar, um tio aposentado se ofereceu para ajud\u00e1-la em uma poss\u00edvel reforma.<\/p>\n<\/div>\n<div class=\"mc-column content-text active-extra-styles \" data-block-type=\"unstyled\" data-block-weight=\"11\" data-block-id=\"15\">\n<p class=\"content-text__container \" data-track-category=\"Link no Texto\" data-track-links=\"\">Ele trabalharia de gra\u00e7a. S\u00f3 precisaria do material para a obra.<\/p>\n<\/div>\n<div class=\"mc-column content-text active-extra-styles \" data-block-type=\"unstyled\" data-block-weight=\"48\" data-block-id=\"16\">\n<p class=\"content-text__container \" data-track-category=\"Link no Texto\" data-track-links=\"\">&#8220;Queria que as pessoas tivessem uma transforma\u00e7\u00e3o de vida como eu tive vendo o meu tio Erivan construindo uma casa nova para mim&#8221;, diz Fernanda. &#8220;E isso n\u00e3o \u00e9 uma quest\u00e3o s\u00f3 de autoestima para elas. \u00c9 uma quest\u00e3o de sa\u00fade. Tem muita gente vivendo em lugares insalubres&#8221;.<\/p>\n<\/div>\n<div class=\"mc-column content-text active-extra-styles\" data-block-type=\"raw\" data-block-weight=\"1\" data-block-id=\"17\">\n<div class=\"content-intertitle\">\n<h2>Volunt\u00e1ria<\/h2>\n<\/div>\n<\/div>\n<div class=\"mc-column content-text active-extra-styles \" data-block-type=\"unstyled\" data-block-weight=\"33\" data-block-id=\"18\">\n<p class=\"content-text__container \" data-track-category=\"Link no Texto\" data-track-links=\"\">Um outro trabalho volunt\u00e1rio que ela desenvolveu dos 15 aos 17 anos com amigos &#8211; e que s\u00f3 parou porque teria menos disponibilidade com a universidade &#8211; tamb\u00e9m serviu de ingrediente nessa hist\u00f3ria.<\/p>\n<\/div>\n<div class=\"mc-column content-text active-extra-styles \" data-block-type=\"unstyled\" data-block-weight=\"22\" data-block-id=\"19\">\n<p class=\"content-text__container \" data-track-category=\"Link no Texto\" data-track-links=\"\">O projeto funcionava aos s\u00e1bados, quando eles atravessavam a cidade com nariz de palha\u00e7o, tiaras, chap\u00e9us, tinta e maquiagem dentro da bolsa.<\/p>\n<div class=\"mc-column content-text active-extra-styles \" data-block-type=\"unstyled\" data-block-weight=\"34\" data-block-id=\"21\">\n<p class=\"content-text__container \" data-track-category=\"Link no Texto\" data-track-links=\"\">O grupo pintava o rosto e se vestia em banheiros de hospitais, para fazer m\u00e1gica, teatro e brincar com as crian\u00e7as internadas. Fernanda come\u00e7ou a fazer vendo outras pessoas que conhecia em a\u00e7\u00f5es semelhantes.<\/p>\n<\/div>\n<div class=\"row medium-uncollapsed content-media content-photo\" data-block-type=\"backstage-photo\" data-block-id=\"22\">\n<div class=\"column medium-22 large-20 medium-centered content-media__container\">\n<div class=\"progressive-img can-open-lightbox\" data-min-size=\"1008x756\" data-min-size-url=\"https:\/\/s2.glbimg.com\/gNFbNxxGVFMHd7zg80-SnGXcE2A=\/0x0:624x468\/1008x0\/smart\/filters:strip_icc()\/i.s3.glbimg.com\/v1\/AUTH_59edd422c0c84a879bd37670ae4f538a\/internal_photos\/bs\/2019\/m\/O\/lP2KNBQtqu2xoFnGGU3A\/fernanda-santos-3.jpg\" data-max-size=\"1600x1200\" data-max-size-url=\"https:\/\/s2.glbimg.com\/Q_iCnomgP8bcYHvngCEFiC2BUA0=\/0x0:624x468\/1600x0\/smart\/filters:strip_icc()\/i.s3.glbimg.com\/v1\/AUTH_59edd422c0c84a879bd37670ae4f538a\/internal_photos\/bs\/2019\/m\/O\/lP2KNBQtqu2xoFnGGU3A\/fernanda-santos-3.jpg\" data-media-index=\"2\">\n<div class=\"placeholder-container\"><\/div>\n<picture><source srcset=\"https:\/\/s2.glbimg.com\/gNFbNxxGVFMHd7zg80-SnGXcE2A=\/0x0:624x468\/1008x0\/smart\/filters:strip_icc()\/i.s3.glbimg.com\/v1\/AUTH_59edd422c0c84a879bd37670ae4f538a\/internal_photos\/bs\/2019\/m\/O\/lP2KNBQtqu2xoFnGGU3A\/fernanda-santos-3.jpg 1x, https:\/\/s2.glbimg.com\/02OPiCtan0nPiwgvAAA2fTaxPDU=\/0x0:624x468\/2016x0\/smart\/filters:strip_icc()\/i.s3.glbimg.com\/v1\/AUTH_59edd422c0c84a879bd37670ae4f538a\/internal_photos\/bs\/2019\/m\/O\/lP2KNBQtqu2xoFnGGU3A\/fernanda-santos-3.jpg 2x\" media=\"(max-width: 1024px)\" data-src=\"https:\/\/s2.glbimg.com\/gNFbNxxGVFMHd7zg80-SnGXcE2A=\/0x0:624x468\/1008x0\/smart\/filters:strip_icc()\/i.s3.glbimg.com\/v1\/AUTH_59edd422c0c84a879bd37670ae4f538a\/internal_photos\/bs\/2019\/m\/O\/lP2KNBQtqu2xoFnGGU3A\/fernanda-santos-3.jpg 1x, https:\/\/s2.glbimg.com\/02OPiCtan0nPiwgvAAA2fTaxPDU=\/0x0:624x468\/2016x0\/smart\/filters:strip_icc()\/i.s3.glbimg.com\/v1\/AUTH_59edd422c0c84a879bd37670ae4f538a\/internal_photos\/bs\/2019\/m\/O\/lP2KNBQtqu2xoFnGGU3A\/fernanda-santos-3.jpg 2x\" \/><source srcset=\"https:\/\/s2.glbimg.com\/Wnq5tQN34niR9vLxLtajWOJ5qCk=\/0x0:624x468\/1262x0\/smart\/filters:strip_icc()\/i.s3.glbimg.com\/v1\/AUTH_59edd422c0c84a879bd37670ae4f538a\/internal_photos\/bs\/2019\/m\/O\/lP2KNBQtqu2xoFnGGU3A\/fernanda-santos-3.jpg 1x, https:\/\/s2.glbimg.com\/aAmeCaDLOjilCZhLsuWx0REApz0=\/0x0:624x468\/2524x0\/smart\/filters:strip_icc()\/i.s3.glbimg.com\/v1\/AUTH_59edd422c0c84a879bd37670ae4f538a\/internal_photos\/bs\/2019\/m\/O\/lP2KNBQtqu2xoFnGGU3A\/fernanda-santos-3.jpg 2x\" media=\"(max-width: 1280px)\" data-src=\"https:\/\/s2.glbimg.com\/Wnq5tQN34niR9vLxLtajWOJ5qCk=\/0x0:624x468\/1262x0\/smart\/filters:strip_icc()\/i.s3.glbimg.com\/v1\/AUTH_59edd422c0c84a879bd37670ae4f538a\/internal_photos\/bs\/2019\/m\/O\/lP2KNBQtqu2xoFnGGU3A\/fernanda-santos-3.jpg 1x, https:\/\/s2.glbimg.com\/aAmeCaDLOjilCZhLsuWx0REApz0=\/0x0:624x468\/2524x0\/smart\/filters:strip_icc()\/i.s3.glbimg.com\/v1\/AUTH_59edd422c0c84a879bd37670ae4f538a\/internal_photos\/bs\/2019\/m\/O\/lP2KNBQtqu2xoFnGGU3A\/fernanda-santos-3.jpg 2x\" \/><source srcset=\"https:\/\/s2.glbimg.com\/rzRXlYCdPeC9nQevi239MtV3eB0=\/0x0:624x468\/1344x0\/smart\/filters:strip_icc()\/i.s3.glbimg.com\/v1\/AUTH_59edd422c0c84a879bd37670ae4f538a\/internal_photos\/bs\/2019\/m\/O\/lP2KNBQtqu2xoFnGGU3A\/fernanda-santos-3.jpg 1x, https:\/\/s2.glbimg.com\/7P_P1OicV4H2SmHG4IHN7ui_jbg=\/0x0:624x468\/2688x0\/smart\/filters:strip_icc()\/i.s3.glbimg.com\/v1\/AUTH_59edd422c0c84a879bd37670ae4f538a\/internal_photos\/bs\/2019\/m\/O\/lP2KNBQtqu2xoFnGGU3A\/fernanda-santos-3.jpg 2x\" media=\"(max-width: 1360px)\" data-src=\"https:\/\/s2.glbimg.com\/rzRXlYCdPeC9nQevi239MtV3eB0=\/0x0:624x468\/1344x0\/smart\/filters:strip_icc()\/i.s3.glbimg.com\/v1\/AUTH_59edd422c0c84a879bd37670ae4f538a\/internal_photos\/bs\/2019\/m\/O\/lP2KNBQtqu2xoFnGGU3A\/fernanda-santos-3.jpg 1x, https:\/\/s2.glbimg.com\/7P_P1OicV4H2SmHG4IHN7ui_jbg=\/0x0:624x468\/2688x0\/smart\/filters:strip_icc()\/i.s3.glbimg.com\/v1\/AUTH_59edd422c0c84a879bd37670ae4f538a\/internal_photos\/bs\/2019\/m\/O\/lP2KNBQtqu2xoFnGGU3A\/fernanda-santos-3.jpg 2x\" \/><source srcset=\"https:\/\/s2.glbimg.com\/Q_iCnomgP8bcYHvngCEFiC2BUA0=\/0x0:624x468\/1600x0\/smart\/filters:strip_icc()\/i.s3.glbimg.com\/v1\/AUTH_59edd422c0c84a879bd37670ae4f538a\/internal_photos\/bs\/2019\/m\/O\/lP2KNBQtqu2xoFnGGU3A\/fernanda-santos-3.jpg 1x, https:\/\/s2.glbimg.com\/5Ca-BGVx0JvFEW3b2zvHNetCJhY=\/0x0:624x468\/3200x0\/smart\/filters:strip_icc()\/i.s3.glbimg.com\/v1\/AUTH_59edd422c0c84a879bd37670ae4f538a\/internal_photos\/bs\/2019\/m\/O\/lP2KNBQtqu2xoFnGGU3A\/fernanda-santos-3.jpg 2x\" media=\"(min-width: 1361px)\" data-src=\"https:\/\/s2.glbimg.com\/Q_iCnomgP8bcYHvngCEFiC2BUA0=\/0x0:624x468\/1600x0\/smart\/filters:strip_icc()\/i.s3.glbimg.com\/v1\/AUTH_59edd422c0c84a879bd37670ae4f538a\/internal_photos\/bs\/2019\/m\/O\/lP2KNBQtqu2xoFnGGU3A\/fernanda-santos-3.jpg 1x, https:\/\/s2.glbimg.com\/5Ca-BGVx0JvFEW3b2zvHNetCJhY=\/0x0:624x468\/3200x0\/smart\/filters:strip_icc()\/i.s3.glbimg.com\/v1\/AUTH_59edd422c0c84a879bd37670ae4f538a\/internal_photos\/bs\/2019\/m\/O\/lP2KNBQtqu2xoFnGGU3A\/fernanda-santos-3.jpg 2x\" \/><source srcset=\"https:\/\/s2.glbimg.com\/gNFbNxxGVFMHd7zg80-SnGXcE2A=\/0x0:624x468\/1008x0\/smart\/filters:strip_icc()\/i.s3.glbimg.com\/v1\/AUTH_59edd422c0c84a879bd37670ae4f538a\/internal_photos\/bs\/2019\/m\/O\/lP2KNBQtqu2xoFnGGU3A\/fernanda-santos-3.jpg\" data-src=\"https:\/\/s2.glbimg.com\/gNFbNxxGVFMHd7zg80-SnGXcE2A=\/0x0:624x468\/1008x0\/smart\/filters:strip_icc()\/i.s3.glbimg.com\/v1\/AUTH_59edd422c0c84a879bd37670ae4f538a\/internal_photos\/bs\/2019\/m\/O\/lP2KNBQtqu2xoFnGGU3A\/fernanda-santos-3.jpg\" \/><\/picture>\n<figure style=\"width: 1008px\" class=\"wp-caption aligncenter\"><img loading=\"lazy\" decoding=\"async\" class=\"image content-media__image progressive-loaded\" title=\"Fernanda pintava o rosto, usava tiaras e nariz de palha\u00e7o para animar crian\u00e7as em hospitais de Natal: &quot;Sa\u00eda feliz&quot; \u2014 Foto: Arquivo pessoal\/BBC\" src=\"https:\/\/s2.glbimg.com\/gNFbNxxGVFMHd7zg80-SnGXcE2A=\/0x0:624x468\/1008x0\/smart\/filters:strip_icc()\/i.s3.glbimg.com\/v1\/AUTH_59edd422c0c84a879bd37670ae4f538a\/internal_photos\/bs\/2019\/m\/O\/lP2KNBQtqu2xoFnGGU3A\/fernanda-santos-3.jpg\" alt=\"Fernanda pintava o rosto, usava tiaras e nariz de palha\u00e7o para animar crian\u00e7as em hospitais de Natal: &quot;Sa\u00eda feliz&quot; \u2014 Foto: Arquivo pessoal\/BBC\" width=\"1008\" height=\"756\" data-src=\"https:\/\/s2.glbimg.com\/gNFbNxxGVFMHd7zg80-SnGXcE2A=\/0x0:624x468\/1008x0\/smart\/filters:strip_icc()\/i.s3.glbimg.com\/v1\/AUTH_59edd422c0c84a879bd37670ae4f538a\/internal_photos\/bs\/2019\/m\/O\/lP2KNBQtqu2xoFnGGU3A\/fernanda-santos-3.jpg\" \/><figcaption class=\"wp-caption-text\">Fernanda pintava o rosto, usava tiaras e nariz de palha\u00e7o para animar crian\u00e7as em hospitais de Natal: &#8220;Sa\u00eda feliz&#8221; \u2014 Foto: Arquivo pessoal\/BBC<\/figcaption><\/figure>\n<\/div>\n<\/div>\n<\/div>\n<div class=\"mc-column content-text active-extra-styles \" data-block-type=\"unstyled\" data-block-weight=\"11\" data-block-id=\"23\">\n<p class=\"content-text__container \" data-track-category=\"Link no Texto\" data-track-links=\"\">&#8220;Isso desperta a solidariedade nas pessoas e se multiplica&#8221;, acredita ela.<\/p>\n<\/div>\n<div class=\"mc-column content-text active-extra-styles \" data-block-type=\"unstyled\" data-block-weight=\"42\" data-block-id=\"24\">\n<p class=\"content-text__container \" data-track-category=\"Link no Texto\" data-track-links=\"\">&#8220;E a gente sa\u00eda mais feliz e mais grato de l\u00e1. A gente ganhava coisas muito mais importantes do que dinheiro. Era abra\u00e7o, sorriso, as crian\u00e7as pedindo para a gente ficar mais. Acredito que fazendo isso o universo nos manda coisas boas&#8221;.<\/p>\n<\/div>\n<div class=\"mc-column content-text active-extra-styles \" data-block-type=\"unstyled\" data-block-weight=\"24\" data-block-id=\"25\">\n<p class=\"content-text__container \" data-track-category=\"Link no Texto\" data-track-links=\"\">No projeto voltado a reformas, al\u00e9m de gratid\u00e3o ela diz receber um extra: \u00e9 &#8220;experi\u00eancia profissional e social&#8221; para ela e os outros volunt\u00e1rios.<\/p>\n<\/div>\n<div class=\"mc-column content-text active-extra-styles \" data-block-type=\"unstyled\" data-block-weight=\"23\" data-block-id=\"26\">\n<p class=\"content-text__container \" data-track-category=\"Link no Texto\" data-track-links=\"\">O grupo \u00e9 formado por estudantes de diversas \u00e1reas, mas principalmente da constru\u00e7\u00e3o civil, e inclui engenheiros e arquitetos j\u00e1 formados e p\u00f3s-graduados.<\/p>\n<\/div>\n<div class=\"mc-column content-text active-extra-styles \" data-block-type=\"unstyled\" data-block-weight=\"11\" data-block-id=\"27\">\n<p class=\"content-text__container \" data-track-category=\"Link no Texto\" data-track-links=\"\">&#8220;Eu chamei meus amigos para participar e eles adoraram a ideia&#8221;.<\/p>\n<\/div>\n<div class=\"mc-column content-text active-extra-styles \" data-block-type=\"unstyled\" data-block-weight=\"23\" data-block-id=\"28\">\n<p class=\"content-text__container \" data-track-category=\"Link no Texto\" data-track-links=\"\">Fotos e v\u00eddeos postados no Instagram mostram o grupo limpando fachadas, lixando e pintando paredes &#8211; ou com as m\u00e3os literalmente na massa.<\/p>\n<\/div>\n<div class=\"mc-column content-text active-extra-styles\" data-block-type=\"raw\" data-block-weight=\"2\" data-block-id=\"29\">\n<div class=\"content-intertitle\">\n<h2>As hist\u00f3rias<\/h2>\n<\/div>\n<\/div>\n<div class=\"mc-column content-text active-extra-styles \" data-block-type=\"unstyled\" data-block-weight=\"31\" data-block-id=\"30\">\n<p class=\"content-text__container \" data-track-category=\"Link no Texto\" data-track-links=\"\">Na primeira a\u00e7\u00e3o, eram apenas Fernanda e quatro amigos. Andando pelas ruas do Alecrim, o bairro de com\u00e9rcio popular onde ela cresceu em Natal, eles encontraram a casa onde poderiam come\u00e7ar.<\/p>\n<div class=\"mc-column content-text active-extra-styles \" data-block-type=\"unstyled\" data-block-weight=\"22\" data-block-id=\"32\">\n<p class=\"content-text__container \" data-track-category=\"Link no Texto\" data-track-links=\"\">Dentro do im\u00f3vel estavam uma artes\u00e3 e o marido, na \u00e9poca desempregado &#8211; &#8220;desconfiados&#8221; ao ouvirem a &#8220;boa a\u00e7\u00e3o&#8221; batendo na porta.<\/p>\n<\/div>\n<div class=\"mc-column content-text active-extra-styles \" data-block-type=\"unstyled\" data-block-weight=\"21\" data-block-id=\"33\">\n<p class=\"content-text__container \" data-track-category=\"Link no Texto\" data-track-links=\"\">&#8220;Eles n\u00e3o quiseram abrir e n\u00f3s tivemos que pedir os contatos deles a uma vizinha para ligar e explicar a hist\u00f3ria&#8221;.<\/p>\n<\/div>\n<div class=\"mc-column content-text active-extra-styles \" data-block-type=\"unstyled\" data-block-weight=\"35\" data-block-id=\"34\">\n<p class=\"content-text__container \" data-track-category=\"Link no Texto\" data-track-links=\"\">A hist\u00f3ria que ouviram de volta foi de que Leila, a dona, &#8220;sempre teve vergonha da frente da casa e nunca teve condi\u00e7\u00f5es de pintar&#8221;. &#8220;O dinheiro que recebia era s\u00f3 para rem\u00e9dios e comida&#8221;.<\/p>\n<\/div>\n<div class=\"mc-column content-text active-extra-styles \" data-block-type=\"unstyled\" data-block-weight=\"41\" data-block-id=\"35\">\n<p class=\"content-text__container \" data-track-category=\"Link no Texto\" data-track-links=\"\">Os volunt\u00e1rios dividiram ent\u00e3o o custo que teriam, um total de R$ 200 que tiraram dos pr\u00f3prios bolsos, para comprar os primeiros pinc\u00e9is, tintas e materiais como selador, uma esp\u00e9cie de base para deixar a parede em melhores condi\u00e7\u00f5es de pintura.<\/p>\n<\/div>\n<div class=\"mc-column content-text active-extra-styles\" data-block-type=\"raw\" data-block-weight=\"3\" data-block-id=\"36\">\n<div class=\"content-intertitle\">\n<h2>&#8220;Antes e depois&#8221;<\/h2>\n<\/div>\n<\/div>\n<div class=\"mc-column content-text active-extra-styles \" data-block-type=\"unstyled\" data-block-weight=\"26\" data-block-id=\"37\">\n<p class=\"content-text__container \" data-track-category=\"Link no Texto\" data-track-links=\"\">Foi da\u00ed que vieram as primeiras imagens de &#8220;antes e depois&#8221; que postaram nas redes sociais e o incentivo para que o projeto come\u00e7asse a deslanchar.<\/p>\n<div class=\"mc-column content-text active-extra-styles \" data-block-type=\"unstyled\" data-block-weight=\"23\" data-block-id=\"39\">\n<p class=\"content-text__container \" data-track-category=\"Link no Texto\" data-track-links=\"\">&#8220;Algumas casas n\u00f3s encontramos buscando pelas ruas, mas tamb\u00e9m deixamos um link no Instagram para as pessoas mandarem fotos e hist\u00f3rias&#8221;, diz Fernanda.<\/p>\n<\/div>\n<div class=\"mc-column content-text active-extra-styles \" data-block-type=\"unstyled\" data-block-weight=\"71\" data-block-id=\"40\">\n<p class=\"content-text__container \" data-track-category=\"Link no Texto\" data-track-links=\"\">&#8220;Com essas indica\u00e7\u00f5es, n\u00f3s vamos conversar com as pessoas, perguntamos o que as incomoda, avaliamos a estrutura, fazemos medi\u00e7\u00f5es, uma maquete eletr\u00f4nica de como vai ficar e o or\u00e7amento. Da\u00ed postamos tudo no Instagram com fotos e a lista de o que vamos precisar. Arrecadamos sacos de cimento, tinta, outros produtos e dinheiro com essa divulga\u00e7\u00e3o na rede. E ent\u00e3o quando estamos com o material vamos l\u00e1 fazer, sem cobrar nada&#8221;.<\/p>\n<div class=\"mc-column content-text active-extra-styles\" data-block-type=\"raw\" data-block-weight=\"3\" data-block-id=\"42\">\n<div class=\"content-intertitle\">\n<h2>&#8220;Foi um sonho&#8221;<\/h2>\n<\/div>\n<\/div>\n<div class=\"mc-column content-text active-extra-styles \" data-block-type=\"unstyled\" data-block-weight=\"22\" data-block-id=\"43\">\n<p class=\"content-text__container \" data-track-category=\"Link no Texto\" data-track-links=\"\">Entre os contemplados est\u00e1 Bruna, que precisou deixar a faculdade para cuidar da m\u00e3e, v\u00edtima de AVC, e das duas filhas pequenas.<\/p>\n<\/div>\n<div class=\"mc-column content-text active-extra-styles \" data-block-type=\"unstyled\" data-block-weight=\"43\" data-block-id=\"44\">\n<p class=\"content-text__container \" data-track-category=\"Link no Texto\" data-track-links=\"\">Em um v\u00eddeo divulgado na rede social, Bruna diz que a reforma era &#8220;um sonho&#8221; &#8211; e a casa amarela e de paredes descascadas onde morava com a fam\u00edlia aparece em fotos, v\u00eddeos e stories com reboco novo e, agora, pintada de azul.<\/p>\n<\/div>\n<div class=\"mc-column content-text active-extra-styles \" data-block-type=\"unstyled\" data-block-weight=\"26\" data-block-id=\"45\">\n<p class=\"content-text__container \" data-track-category=\"Link no Texto\" data-track-links=\"\">Sala, janelas e porta tamb\u00e9m foram renovados e a frente ganhou um pequeno jardim vertical, feito com estrados de madeira reciclados e a ajuda das crian\u00e7as.<\/p>\n<\/div>\n<div class=\"row medium-uncollapsed content-media content-photo\" data-block-type=\"backstage-photo\" data-block-id=\"46\">\n<div class=\"column medium-22 large-20 medium-centered content-media__container\">\n<div class=\"progressive-img can-open-lightbox\" data-min-size=\"1008x2116\" data-min-size-url=\"https:\/\/s2.glbimg.com\/iu8HQLptfu7NKQMfMKhDRj2yZxM=\/0x0:624x1310\/1008x0\/smart\/filters:strip_icc()\/i.s3.glbimg.com\/v1\/AUTH_59edd422c0c84a879bd37670ae4f538a\/internal_photos\/bs\/2019\/e\/3\/ewVDeIQNyMYeSfgvzuMg\/fernanda-santos-5.jpg\" data-max-size=\"1600x3358\" data-max-size-url=\"https:\/\/s2.glbimg.com\/bVdf55ob9ew6-ywya1s9LFVIiiY=\/0x0:624x1310\/1600x0\/smart\/filters:strip_icc()\/i.s3.glbimg.com\/v1\/AUTH_59edd422c0c84a879bd37670ae4f538a\/internal_photos\/bs\/2019\/e\/3\/ewVDeIQNyMYeSfgvzuMg\/fernanda-santos-5.jpg\" data-media-index=\"4\">\n<div class=\"placeholder-container\"><\/div>\n<figure style=\"width: 1008px\" class=\"wp-caption aligncenter\"><img loading=\"lazy\" decoding=\"async\" class=\"image content-media__image progressive-loaded\" title=\"Fernanda se divide entre as obras, o curso de engenharia e trabalhos que realiza em eventos como freelancer \u2014 Foto: Divulga\u00e7\u00e3o Reforamar\/BBC\" src=\"https:\/\/s2.glbimg.com\/iu8HQLptfu7NKQMfMKhDRj2yZxM=\/0x0:624x1310\/1008x0\/smart\/filters:strip_icc()\/i.s3.glbimg.com\/v1\/AUTH_59edd422c0c84a879bd37670ae4f538a\/internal_photos\/bs\/2019\/e\/3\/ewVDeIQNyMYeSfgvzuMg\/fernanda-santos-5.jpg\" alt=\"Fernanda se divide entre as obras, o curso de engenharia e trabalhos que realiza em eventos como freelancer \u2014 Foto: Divulga\u00e7\u00e3o Reforamar\/BBC\" width=\"1008\" height=\"2116\" data-src=\"https:\/\/s2.glbimg.com\/iu8HQLptfu7NKQMfMKhDRj2yZxM=\/0x0:624x1310\/1008x0\/smart\/filters:strip_icc()\/i.s3.glbimg.com\/v1\/AUTH_59edd422c0c84a879bd37670ae4f538a\/internal_photos\/bs\/2019\/e\/3\/ewVDeIQNyMYeSfgvzuMg\/fernanda-santos-5.jpg\" \/><figcaption class=\"wp-caption-text\">Fernanda se divide entre as obras, o curso de engenharia e trabalhos que realiza em eventos como freelancer \u2014 Foto: Divulga\u00e7\u00e3o Reforamar\/BBC<\/figcaption><\/figure>\n<\/div>\n<\/div>\n<\/div>\n<div class=\"mc-column content-text active-extra-styles \" data-block-type=\"unstyled\" data-block-weight=\"16\" data-block-id=\"47\">\n<p class=\"content-text__container \" data-track-category=\"Link no Texto\" data-track-links=\"\">Em meio aos 70 volunt\u00e1rios, h\u00e1 quem doe m\u00e3o de obra, materiais de constru\u00e7\u00e3o e dinheiro.<\/p>\n<\/div>\n<div class=\"mc-column content-text active-extra-styles \" data-block-type=\"unstyled\" data-block-weight=\"9\" data-block-id=\"48\">\n<p class=\"content-text__container \" data-track-category=\"Link no Texto\" data-track-links=\"\">Uma empresa de materiais el\u00e9tricos recentemente aderiu \u00e0 causa.<\/p>\n<\/div>\n<div class=\"mc-column content-text active-extra-styles \" data-block-type=\"unstyled\" data-block-weight=\"38\" data-block-id=\"49\">\n<p class=\"content-text__container \" data-track-category=\"Link no Texto\" data-track-links=\"\">O grupo precisou ainda do refor\u00e7o de pedreiros e para encontrar ao menos um que se engajasse na a\u00e7\u00e3o teve de busc\u00e1-los em uma p\u00e1gina de classificados online, e adicionar v\u00e1rios para conversar. Foi a\u00ed que acharam Jacson.<\/p>\n<\/div>\n<div class=\"mc-column content-text active-extra-styles \" data-block-type=\"unstyled\" data-block-weight=\"11\" data-block-id=\"50\">\n<p class=\"content-text__container \" data-track-category=\"Link no Texto\" data-track-links=\"\">Outros profissionais, como o grafiteiro Paulo, tamb\u00e9m se juntaram \u00e0 empreitada.<\/p>\n<\/div>\n<div class=\"mc-column content-text active-extra-styles \" data-block-type=\"unstyled\" data-block-weight=\"18\" data-block-id=\"51\">\n<p class=\"content-text__container \" data-track-category=\"Link no Texto\" data-track-links=\"\">Nesse caso espec\u00edfico, ele ajudou a dar vida \u00e0 fachada de um asilo que abriga aproximadamente 50 idosos.<\/p>\n<\/div>\n<div class=\"mc-column content-text active-extra-styles \" data-block-type=\"unstyled\" data-block-weight=\"45\" data-block-id=\"52\">\n<p class=\"content-text__container \" data-track-category=\"Link no Texto\" data-track-links=\"\">&#8220;Eles tinham um muro branco na frente, antigo, sujo, e uma placa pequena com o nome Lar da Vovozinha. O lugar passava despercebido&#8221;, diz Fernanda, e foi isso o que os volunt\u00e1rios mudaram a muitas m\u00e3os e com esse refor\u00e7o no final do ano passado.<\/p>\n<\/div>\n<div class=\"content-ads content-ads--reveal\" data-block-type=\"ads\" data-block-id=\"53\"><\/div>\n<div class=\"mc-column content-text active-extra-styles \" data-block-type=\"unstyled\" data-block-weight=\"32\" data-block-id=\"54\">\n<p class=\"content-text__container \" data-track-category=\"Link no Texto\" data-track-links=\"\">Em 2019, quando j\u00e1 voltaram a entrar em campo, eles fizeram a fachada, a sala e a cozinha de um homem de 96 anos que, segundo descrevem, toma conta de duas filhas&#8221;.<\/p>\n<\/div>\n<div class=\"mc-column content-text active-extra-styles \" data-block-type=\"unstyled\" data-block-weight=\"39\" data-block-id=\"55\">\n<p class=\"content-text__container \" data-track-category=\"Link no Texto\" data-track-links=\"\">&#8220;Foi a a\u00e7\u00e3o que fizemos em fevereiro. Inicialmente far\u00edamos a sala e a fachada, mas acabamos arrecadando mais do que precis\u00e1vamos e compramos um arm\u00e1rio para eles, porque o que tinham estava caindo. Tamb\u00e9m pintamos a cozinha&#8221;, diz Fernanda.<\/p>\n<\/div>\n<div class=\"row medium-uncollapsed content-media content-photo\" data-block-type=\"backstage-photo\" data-block-id=\"56\">\n<div class=\"column medium-22 large-20 medium-centered content-media__container\">\n<div class=\"progressive-img can-open-lightbox\" data-min-size=\"1008x550\" data-min-size-url=\"https:\/\/s2.glbimg.com\/mJ-_-bNcJ4_FdFBt3xtQGpvutDA=\/0x0:624x341\/1008x0\/smart\/filters:strip_icc()\/i.s3.glbimg.com\/v1\/AUTH_59edd422c0c84a879bd37670ae4f538a\/internal_photos\/bs\/2019\/6\/W\/2IaOa8TIi9ZuzwlQ0tQw\/fernanda-santos-6.jpg\" data-max-size=\"1600x874\" data-max-size-url=\"https:\/\/s2.glbimg.com\/N-Lem9CSDhxbHdrT4zry7RG86QU=\/0x0:624x341\/1600x0\/smart\/filters:strip_icc()\/i.s3.glbimg.com\/v1\/AUTH_59edd422c0c84a879bd37670ae4f538a\/internal_photos\/bs\/2019\/6\/W\/2IaOa8TIi9ZuzwlQ0tQw\/fernanda-santos-6.jpg\" data-media-index=\"5\">\n<div class=\"placeholder-container\"><\/div>\n<picture><source srcset=\"https:\/\/s2.glbimg.com\/mJ-_-bNcJ4_FdFBt3xtQGpvutDA=\/0x0:624x341\/1008x0\/smart\/filters:strip_icc()\/i.s3.glbimg.com\/v1\/AUTH_59edd422c0c84a879bd37670ae4f538a\/internal_photos\/bs\/2019\/6\/W\/2IaOa8TIi9ZuzwlQ0tQw\/fernanda-santos-6.jpg 1x, https:\/\/s2.glbimg.com\/7jsXrEGYADIpzf1ZXM-kqsRnvSA=\/0x0:624x341\/2016x0\/smart\/filters:strip_icc()\/i.s3.glbimg.com\/v1\/AUTH_59edd422c0c84a879bd37670ae4f538a\/internal_photos\/bs\/2019\/6\/W\/2IaOa8TIi9ZuzwlQ0tQw\/fernanda-santos-6.jpg 2x\" media=\"(max-width: 1024px)\" data-src=\"https:\/\/s2.glbimg.com\/mJ-_-bNcJ4_FdFBt3xtQGpvutDA=\/0x0:624x341\/1008x0\/smart\/filters:strip_icc()\/i.s3.glbimg.com\/v1\/AUTH_59edd422c0c84a879bd37670ae4f538a\/internal_photos\/bs\/2019\/6\/W\/2IaOa8TIi9ZuzwlQ0tQw\/fernanda-santos-6.jpg 1x, https:\/\/s2.glbimg.com\/7jsXrEGYADIpzf1ZXM-kqsRnvSA=\/0x0:624x341\/2016x0\/smart\/filters:strip_icc()\/i.s3.glbimg.com\/v1\/AUTH_59edd422c0c84a879bd37670ae4f538a\/internal_photos\/bs\/2019\/6\/W\/2IaOa8TIi9ZuzwlQ0tQw\/fernanda-santos-6.jpg 2x\" \/><source srcset=\"https:\/\/s2.glbimg.com\/_g_h-dmYYUzFGnuAf_605J6hk5c=\/0x0:624x341\/1262x0\/smart\/filters:strip_icc()\/i.s3.glbimg.com\/v1\/AUTH_59edd422c0c84a879bd37670ae4f538a\/internal_photos\/bs\/2019\/6\/W\/2IaOa8TIi9ZuzwlQ0tQw\/fernanda-santos-6.jpg 1x, https:\/\/s2.glbimg.com\/eOLHkXTeNRtDsKd2R3pfgAnhHPA=\/0x0:624x341\/2524x0\/smart\/filters:strip_icc()\/i.s3.glbimg.com\/v1\/AUTH_59edd422c0c84a879bd37670ae4f538a\/internal_photos\/bs\/2019\/6\/W\/2IaOa8TIi9ZuzwlQ0tQw\/fernanda-santos-6.jpg 2x\" media=\"(max-width: 1280px)\" data-src=\"https:\/\/s2.glbimg.com\/_g_h-dmYYUzFGnuAf_605J6hk5c=\/0x0:624x341\/1262x0\/smart\/filters:strip_icc()\/i.s3.glbimg.com\/v1\/AUTH_59edd422c0c84a879bd37670ae4f538a\/internal_photos\/bs\/2019\/6\/W\/2IaOa8TIi9ZuzwlQ0tQw\/fernanda-santos-6.jpg 1x, https:\/\/s2.glbimg.com\/eOLHkXTeNRtDsKd2R3pfgAnhHPA=\/0x0:624x341\/2524x0\/smart\/filters:strip_icc()\/i.s3.glbimg.com\/v1\/AUTH_59edd422c0c84a879bd37670ae4f538a\/internal_photos\/bs\/2019\/6\/W\/2IaOa8TIi9ZuzwlQ0tQw\/fernanda-santos-6.jpg 2x\" \/><source srcset=\"https:\/\/s2.glbimg.com\/AOf8RBMN8TeJ9mf5SdHKlnDYAOE=\/0x0:624x341\/1344x0\/smart\/filters:strip_icc()\/i.s3.glbimg.com\/v1\/AUTH_59edd422c0c84a879bd37670ae4f538a\/internal_photos\/bs\/2019\/6\/W\/2IaOa8TIi9ZuzwlQ0tQw\/fernanda-santos-6.jpg 1x, https:\/\/s2.glbimg.com\/hLEtgnEV0hc7-0b5nEGLjX3NDJE=\/0x0:624x341\/2688x0\/smart\/filters:strip_icc()\/i.s3.glbimg.com\/v1\/AUTH_59edd422c0c84a879bd37670ae4f538a\/internal_photos\/bs\/2019\/6\/W\/2IaOa8TIi9ZuzwlQ0tQw\/fernanda-santos-6.jpg 2x\" media=\"(max-width: 1360px)\" data-src=\"https:\/\/s2.glbimg.com\/AOf8RBMN8TeJ9mf5SdHKlnDYAOE=\/0x0:624x341\/1344x0\/smart\/filters:strip_icc()\/i.s3.glbimg.com\/v1\/AUTH_59edd422c0c84a879bd37670ae4f538a\/internal_photos\/bs\/2019\/6\/W\/2IaOa8TIi9ZuzwlQ0tQw\/fernanda-santos-6.jpg 1x, https:\/\/s2.glbimg.com\/hLEtgnEV0hc7-0b5nEGLjX3NDJE=\/0x0:624x341\/2688x0\/smart\/filters:strip_icc()\/i.s3.glbimg.com\/v1\/AUTH_59edd422c0c84a879bd37670ae4f538a\/internal_photos\/bs\/2019\/6\/W\/2IaOa8TIi9ZuzwlQ0tQw\/fernanda-santos-6.jpg 2x\" \/><source srcset=\"https:\/\/s2.glbimg.com\/N-Lem9CSDhxbHdrT4zry7RG86QU=\/0x0:624x341\/1600x0\/smart\/filters:strip_icc()\/i.s3.glbimg.com\/v1\/AUTH_59edd422c0c84a879bd37670ae4f538a\/internal_photos\/bs\/2019\/6\/W\/2IaOa8TIi9ZuzwlQ0tQw\/fernanda-santos-6.jpg 1x, https:\/\/s2.glbimg.com\/dP6xAuYYJ2VntZcVTdxNK7_32F0=\/0x0:624x341\/3200x0\/smart\/filters:strip_icc()\/i.s3.glbimg.com\/v1\/AUTH_59edd422c0c84a879bd37670ae4f538a\/internal_photos\/bs\/2019\/6\/W\/2IaOa8TIi9ZuzwlQ0tQw\/fernanda-santos-6.jpg 2x\" media=\"(min-width: 1361px)\" data-src=\"https:\/\/s2.glbimg.com\/N-Lem9CSDhxbHdrT4zry7RG86QU=\/0x0:624x341\/1600x0\/smart\/filters:strip_icc()\/i.s3.glbimg.com\/v1\/AUTH_59edd422c0c84a879bd37670ae4f538a\/internal_photos\/bs\/2019\/6\/W\/2IaOa8TIi9ZuzwlQ0tQw\/fernanda-santos-6.jpg 1x, https:\/\/s2.glbimg.com\/dP6xAuYYJ2VntZcVTdxNK7_32F0=\/0x0:624x341\/3200x0\/smart\/filters:strip_icc()\/i.s3.glbimg.com\/v1\/AUTH_59edd422c0c84a879bd37670ae4f538a\/internal_photos\/bs\/2019\/6\/W\/2IaOa8TIi9ZuzwlQ0tQw\/fernanda-santos-6.jpg 2x\" \/><source srcset=\"https:\/\/s2.glbimg.com\/mJ-_-bNcJ4_FdFBt3xtQGpvutDA=\/0x0:624x341\/1008x0\/smart\/filters:strip_icc()\/i.s3.glbimg.com\/v1\/AUTH_59edd422c0c84a879bd37670ae4f538a\/internal_photos\/bs\/2019\/6\/W\/2IaOa8TIi9ZuzwlQ0tQw\/fernanda-santos-6.jpg\" data-src=\"https:\/\/s2.glbimg.com\/mJ-_-bNcJ4_FdFBt3xtQGpvutDA=\/0x0:624x341\/1008x0\/smart\/filters:strip_icc()\/i.s3.glbimg.com\/v1\/AUTH_59edd422c0c84a879bd37670ae4f538a\/internal_photos\/bs\/2019\/6\/W\/2IaOa8TIi9ZuzwlQ0tQw\/fernanda-santos-6.jpg\" \/><\/picture>\n<figure style=\"width: 1008px\" class=\"wp-caption aligncenter\"><img loading=\"lazy\" decoding=\"async\" class=\"image content-media__image progressive-loaded\" title=\"A sexta casa reformada pelo grupo que criou era de um homem de 96 anos: fachada, sala e cozinha foram transformados \u2014 Foto: Divulga\u00e7\u00e3o Reforamar\/BBC\" src=\"https:\/\/s2.glbimg.com\/mJ-_-bNcJ4_FdFBt3xtQGpvutDA=\/0x0:624x341\/1008x0\/smart\/filters:strip_icc()\/i.s3.glbimg.com\/v1\/AUTH_59edd422c0c84a879bd37670ae4f538a\/internal_photos\/bs\/2019\/6\/W\/2IaOa8TIi9ZuzwlQ0tQw\/fernanda-santos-6.jpg\" alt=\"A sexta casa reformada pelo grupo que criou era de um homem de 96 anos: fachada, sala e cozinha foram transformados \u2014 Foto: Divulga\u00e7\u00e3o Reforamar\/BBC\" width=\"1008\" height=\"551\" data-src=\"https:\/\/s2.glbimg.com\/mJ-_-bNcJ4_FdFBt3xtQGpvutDA=\/0x0:624x341\/1008x0\/smart\/filters:strip_icc()\/i.s3.glbimg.com\/v1\/AUTH_59edd422c0c84a879bd37670ae4f538a\/internal_photos\/bs\/2019\/6\/W\/2IaOa8TIi9ZuzwlQ0tQw\/fernanda-santos-6.jpg\" \/><figcaption class=\"wp-caption-text\">A sexta casa reformada pelo grupo que criou era de um homem de 96 anos: fachada, sala e cozinha foram transformados \u2014 Foto: Divulga\u00e7\u00e3o Reforamar\/BBC<\/figcaption><\/figure>\n<\/div>\n<\/div>\n<\/div>\n<div class=\"mc-column content-text active-extra-styles \" data-block-type=\"unstyled\" data-block-weight=\"14\" data-block-id=\"57\">\n<p class=\"content-text__container \" data-track-category=\"Link no Texto\" data-track-links=\"\">A pr\u00f3xima reforma, segundo os planos que anuncia, ser\u00e1 realizada no final de abril.<\/p>\n<\/div>\n<div class=\"mc-column content-text active-extra-styles \" data-block-type=\"unstyled\" data-block-weight=\"42\" data-block-id=\"58\">\n<p class=\"content-text__container \" data-track-category=\"Link no Texto\" data-track-links=\"\">&#8220;Ser\u00e1 o nosso maior passo&#8221;, descreve a idealizadora. &#8220;Estamos fazendo o planejamento, as propostas e esperamos fazer a obra em tr\u00eas finais de semana. Queremos fazer a casa completa, derrubar a fachada e o banheiro, trocar o telhado e a instala\u00e7\u00e3o el\u00e9trica&#8221;.<\/p>\n<\/div>\n<div class=\"mc-column content-text active-extra-styles \" data-block-type=\"unstyled\" data-block-weight=\"14\" data-block-id=\"59\">\n<p class=\"content-text__container \" data-track-category=\"Link no Texto\" data-track-links=\"\">Por tr\u00e1s das paredes, desta vez, est\u00e1 o que chama de &#8220;indica\u00e7\u00e3o de cora\u00e7\u00e3o&#8221;.<\/p>\n<\/div>\n<div class=\"mc-column content-text active-extra-styles \" data-block-type=\"unstyled\" data-block-weight=\"36\" data-block-id=\"60\">\n<p class=\"content-text__container \" data-track-category=\"Link no Texto\" data-track-links=\"\">\u00c9 um amigo que conheceu aos 15 anos e que junto com ela se vestia de palha\u00e7o para alegrar crian\u00e7as nos hospitais. &#8220;Desde que eu criei o projeto pensava em reformar a casa dele&#8221;, diz Fernanda.<\/p>\n<\/div>\n<div class=\"mc-column content-text active-extra-styles \" data-block-type=\"unstyled\" data-block-weight=\"38\" data-block-id=\"61\">\n<p class=\"content-text__container \" data-track-category=\"Link no Texto\" data-track-links=\"\">&#8220;Ele trabalha como vendedor ambulante e o irm\u00e3o entrega panfletos para lojas. \u00c9 a pessoa mais humilde que eu conhe\u00e7o, n\u00e3o por quest\u00f5es financeiras, mas porque eu sei que mesmo tamb\u00e9m precisando dessa ajuda ele ajuda ao pr\u00f3ximo&#8221;.<\/p>\n<div class=\"mc-column content-text active-extra-styles\" data-block-type=\"raw\" data-block-weight=\"4\" data-block-id=\"63\">\n<div class=\"content-intertitle\">\n<h2>O futuro de Fernanda<\/h2>\n<\/div>\n<\/div>\n<div class=\"row medium-uncollapsed content-media content-photo\" data-block-type=\"backstage-photo\" data-block-id=\"64\">\n<div class=\"column medium-22 large-20 medium-centered content-media__container\">\n<div class=\"progressive-img can-open-lightbox\" data-min-size=\"1008x567\" data-min-size-url=\"https:\/\/s2.glbimg.com\/2ZlQFPQIxRlqELjY-EUuSWHjqOk=\/0x0:624x351\/1008x0\/smart\/filters:strip_icc()\/i.s3.glbimg.com\/v1\/AUTH_59edd422c0c84a879bd37670ae4f538a\/internal_photos\/bs\/2019\/J\/X\/DRFB65ToOQqQHyAawxeA\/fernanda-santos-7.jpg\" data-max-size=\"1600x900\" data-max-size-url=\"https:\/\/s2.glbimg.com\/tXD7SxCzon40gbGCsncfn3jSqms=\/0x0:624x351\/1600x0\/smart\/filters:strip_icc()\/i.s3.glbimg.com\/v1\/AUTH_59edd422c0c84a879bd37670ae4f538a\/internal_photos\/bs\/2019\/J\/X\/DRFB65ToOQqQHyAawxeA\/fernanda-santos-7.jpg\" data-media-index=\"6\">\n<div class=\"placeholder-container\"><\/div>\n<picture><source srcset=\"https:\/\/s2.glbimg.com\/2ZlQFPQIxRlqELjY-EUuSWHjqOk=\/0x0:624x351\/1008x0\/smart\/filters:strip_icc()\/i.s3.glbimg.com\/v1\/AUTH_59edd422c0c84a879bd37670ae4f538a\/internal_photos\/bs\/2019\/J\/X\/DRFB65ToOQqQHyAawxeA\/fernanda-santos-7.jpg 1x, https:\/\/s2.glbimg.com\/3AR2YkJNGM0qDmLZggpEf2v3SUs=\/0x0:624x351\/2016x0\/smart\/filters:strip_icc()\/i.s3.glbimg.com\/v1\/AUTH_59edd422c0c84a879bd37670ae4f538a\/internal_photos\/bs\/2019\/J\/X\/DRFB65ToOQqQHyAawxeA\/fernanda-santos-7.jpg 2x\" media=\"(max-width: 1024px)\" data-src=\"https:\/\/s2.glbimg.com\/2ZlQFPQIxRlqELjY-EUuSWHjqOk=\/0x0:624x351\/1008x0\/smart\/filters:strip_icc()\/i.s3.glbimg.com\/v1\/AUTH_59edd422c0c84a879bd37670ae4f538a\/internal_photos\/bs\/2019\/J\/X\/DRFB65ToOQqQHyAawxeA\/fernanda-santos-7.jpg 1x, https:\/\/s2.glbimg.com\/3AR2YkJNGM0qDmLZggpEf2v3SUs=\/0x0:624x351\/2016x0\/smart\/filters:strip_icc()\/i.s3.glbimg.com\/v1\/AUTH_59edd422c0c84a879bd37670ae4f538a\/internal_photos\/bs\/2019\/J\/X\/DRFB65ToOQqQHyAawxeA\/fernanda-santos-7.jpg 2x\" \/><source srcset=\"https:\/\/s2.glbimg.com\/lX1oRtN6QDHMOp21W5I3l59PqwA=\/0x0:624x351\/1262x0\/smart\/filters:strip_icc()\/i.s3.glbimg.com\/v1\/AUTH_59edd422c0c84a879bd37670ae4f538a\/internal_photos\/bs\/2019\/J\/X\/DRFB65ToOQqQHyAawxeA\/fernanda-santos-7.jpg 1x, https:\/\/s2.glbimg.com\/0Vv_YQoHbQs_jk5NMhE7Jkidk6A=\/0x0:624x351\/2524x0\/smart\/filters:strip_icc()\/i.s3.glbimg.com\/v1\/AUTH_59edd422c0c84a879bd37670ae4f538a\/internal_photos\/bs\/2019\/J\/X\/DRFB65ToOQqQHyAawxeA\/fernanda-santos-7.jpg 2x\" media=\"(max-width: 1280px)\" data-src=\"https:\/\/s2.glbimg.com\/lX1oRtN6QDHMOp21W5I3l59PqwA=\/0x0:624x351\/1262x0\/smart\/filters:strip_icc()\/i.s3.glbimg.com\/v1\/AUTH_59edd422c0c84a879bd37670ae4f538a\/internal_photos\/bs\/2019\/J\/X\/DRFB65ToOQqQHyAawxeA\/fernanda-santos-7.jpg 1x, https:\/\/s2.glbimg.com\/0Vv_YQoHbQs_jk5NMhE7Jkidk6A=\/0x0:624x351\/2524x0\/smart\/filters:strip_icc()\/i.s3.glbimg.com\/v1\/AUTH_59edd422c0c84a879bd37670ae4f538a\/internal_photos\/bs\/2019\/J\/X\/DRFB65ToOQqQHyAawxeA\/fernanda-santos-7.jpg 2x\" \/><source srcset=\"https:\/\/s2.glbimg.com\/cDMbnvaxAjKkiAp_U6TWEcI53Ek=\/0x0:624x351\/1344x0\/smart\/filters:strip_icc()\/i.s3.glbimg.com\/v1\/AUTH_59edd422c0c84a879bd37670ae4f538a\/internal_photos\/bs\/2019\/J\/X\/DRFB65ToOQqQHyAawxeA\/fernanda-santos-7.jpg 1x, https:\/\/s2.glbimg.com\/YQ6owXZLLL6MR_LyOjLx60DaIbo=\/0x0:624x351\/2688x0\/smart\/filters:strip_icc()\/i.s3.glbimg.com\/v1\/AUTH_59edd422c0c84a879bd37670ae4f538a\/internal_photos\/bs\/2019\/J\/X\/DRFB65ToOQqQHyAawxeA\/fernanda-santos-7.jpg 2x\" media=\"(max-width: 1360px)\" data-src=\"https:\/\/s2.glbimg.com\/cDMbnvaxAjKkiAp_U6TWEcI53Ek=\/0x0:624x351\/1344x0\/smart\/filters:strip_icc()\/i.s3.glbimg.com\/v1\/AUTH_59edd422c0c84a879bd37670ae4f538a\/internal_photos\/bs\/2019\/J\/X\/DRFB65ToOQqQHyAawxeA\/fernanda-santos-7.jpg 1x, https:\/\/s2.glbimg.com\/YQ6owXZLLL6MR_LyOjLx60DaIbo=\/0x0:624x351\/2688x0\/smart\/filters:strip_icc()\/i.s3.glbimg.com\/v1\/AUTH_59edd422c0c84a879bd37670ae4f538a\/internal_photos\/bs\/2019\/J\/X\/DRFB65ToOQqQHyAawxeA\/fernanda-santos-7.jpg 2x\" \/><source srcset=\"https:\/\/s2.glbimg.com\/tXD7SxCzon40gbGCsncfn3jSqms=\/0x0:624x351\/1600x0\/smart\/filters:strip_icc()\/i.s3.glbimg.com\/v1\/AUTH_59edd422c0c84a879bd37670ae4f538a\/internal_photos\/bs\/2019\/J\/X\/DRFB65ToOQqQHyAawxeA\/fernanda-santos-7.jpg 1x, https:\/\/s2.glbimg.com\/Sgw7PeukvdWbp7xSHyRW2-nb-CQ=\/0x0:624x351\/3200x0\/smart\/filters:strip_icc()\/i.s3.glbimg.com\/v1\/AUTH_59edd422c0c84a879bd37670ae4f538a\/internal_photos\/bs\/2019\/J\/X\/DRFB65ToOQqQHyAawxeA\/fernanda-santos-7.jpg 2x\" media=\"(min-width: 1361px)\" data-src=\"https:\/\/s2.glbimg.com\/tXD7SxCzon40gbGCsncfn3jSqms=\/0x0:624x351\/1600x0\/smart\/filters:strip_icc()\/i.s3.glbimg.com\/v1\/AUTH_59edd422c0c84a879bd37670ae4f538a\/internal_photos\/bs\/2019\/J\/X\/DRFB65ToOQqQHyAawxeA\/fernanda-santos-7.jpg 1x, https:\/\/s2.glbimg.com\/Sgw7PeukvdWbp7xSHyRW2-nb-CQ=\/0x0:624x351\/3200x0\/smart\/filters:strip_icc()\/i.s3.glbimg.com\/v1\/AUTH_59edd422c0c84a879bd37670ae4f538a\/internal_photos\/bs\/2019\/J\/X\/DRFB65ToOQqQHyAawxeA\/fernanda-santos-7.jpg 2x\" \/><source srcset=\"https:\/\/s2.glbimg.com\/2ZlQFPQIxRlqELjY-EUuSWHjqOk=\/0x0:624x351\/1008x0\/smart\/filters:strip_icc()\/i.s3.glbimg.com\/v1\/AUTH_59edd422c0c84a879bd37670ae4f538a\/internal_photos\/bs\/2019\/J\/X\/DRFB65ToOQqQHyAawxeA\/fernanda-santos-7.jpg\" data-src=\"https:\/\/s2.glbimg.com\/2ZlQFPQIxRlqELjY-EUuSWHjqOk=\/0x0:624x351\/1008x0\/smart\/filters:strip_icc()\/i.s3.glbimg.com\/v1\/AUTH_59edd422c0c84a879bd37670ae4f538a\/internal_photos\/bs\/2019\/J\/X\/DRFB65ToOQqQHyAawxeA\/fernanda-santos-7.jpg\" \/><\/picture>\n<figure style=\"width: 1008px\" class=\"wp-caption aligncenter\"><img loading=\"lazy\" decoding=\"async\" class=\"image content-media__image progressive-loaded\" title=\"Fernanda est\u00e1 prestes a se formar em engenharia e quer mais: P\u00f3s-gradua\u00e7\u00e3o em per\u00edcia e patologia de edifica\u00e7\u00f5es \u00e9 o pr\u00f3ximo passo \u2014 Foto: Divulga\u00e7\u00e3o Reforamar\/BBC\" src=\"https:\/\/s2.glbimg.com\/2ZlQFPQIxRlqELjY-EUuSWHjqOk=\/0x0:624x351\/1008x0\/smart\/filters:strip_icc()\/i.s3.glbimg.com\/v1\/AUTH_59edd422c0c84a879bd37670ae4f538a\/internal_photos\/bs\/2019\/J\/X\/DRFB65ToOQqQHyAawxeA\/fernanda-santos-7.jpg\" alt=\"Fernanda est\u00e1 prestes a se formar em engenharia e quer mais: P\u00f3s-gradua\u00e7\u00e3o em per\u00edcia e patologia de edifica\u00e7\u00f5es \u00e9 o pr\u00f3ximo passo \u2014 Foto: Divulga\u00e7\u00e3o Reforamar\/BBC\" width=\"1008\" height=\"567\" data-src=\"https:\/\/s2.glbimg.com\/2ZlQFPQIxRlqELjY-EUuSWHjqOk=\/0x0:624x351\/1008x0\/smart\/filters:strip_icc()\/i.s3.glbimg.com\/v1\/AUTH_59edd422c0c84a879bd37670ae4f538a\/internal_photos\/bs\/2019\/J\/X\/DRFB65ToOQqQHyAawxeA\/fernanda-santos-7.jpg\" \/><figcaption class=\"wp-caption-text\">Fernanda est\u00e1 prestes a se formar em engenharia e quer mais: P\u00f3s-gradua\u00e7\u00e3o em per\u00edcia e patologia de edifica\u00e7\u00f5es \u00e9 o pr\u00f3ximo passo \u2014 Foto: Divulga\u00e7\u00e3o Reforamar\/BBC<\/figcaption><\/figure>\n<\/div>\n<\/div>\n<\/div>\n<div class=\"mc-column content-text active-extra-styles \" data-block-type=\"unstyled\" data-block-weight=\"12\" data-block-id=\"65\">\n<p class=\"content-text__container \" data-track-category=\"Link no Texto\" data-track-links=\"\">Fernanda diz que o projeto que criou &#8220;n\u00e3o tem data para acabar&#8221;.<\/p>\n<\/div>\n<div class=\"mc-column content-text active-extra-styles \" data-block-type=\"unstyled\" data-block-weight=\"35\" data-block-id=\"66\">\n<p class=\"content-text__container \" data-track-category=\"Link no Texto\" data-track-links=\"\">Al\u00e9m de literalmente por a m\u00e3o na massa como volunt\u00e1ria e de estudar, ela trabalha ajudando a contratar pessoal para obras e tamb\u00e9m na \u00e1rea de eventos, como operadora de caixa e servindo ao p\u00fablico.<\/p>\n<\/div>\n<div class=\"mc-column content-text active-extra-styles \" data-block-type=\"unstyled\" data-block-weight=\"38\" data-block-id=\"67\">\n<p class=\"content-text__container \" data-track-category=\"Link no Texto\" data-track-links=\"\">Com o diploma de engenheira em m\u00e3os, sua expectativa \u00e9 se especializar em per\u00edcia e patologia de edifica\u00e7\u00f5es, assim como na \u00e1rea de gest\u00e3o de projetos. No futuro, pretende abrir a pr\u00f3pria empresa e continuar a a\u00e7\u00e3o volunt\u00e1ria.<\/p>\n<\/div>\n<div data-track-category=\"multicontent\" data-track-action=\"ultimo chunk conteudo\" data-track-noninteraction=\"false\" data-track-scroll=\"view\">\n<div class=\"mc-column content-text active-extra-styles \" data-block-type=\"unstyled\" data-block-weight=\"74\" data-block-id=\"68\">\n<p class=\"content-text__container \" data-track-category=\"Link no Texto\" data-track-links=\"\">A menina tem hoje 22 anos e vive na mesma casa que j\u00e1 foi de taipa. Hoje, n\u00e3o v\u00ea mais goteiras nem sente o cheiro que lhe envergonhou um dia &#8211; gra\u00e7as \u00e0 reforma que o tio, um ex-funcion\u00e1rio de supermercado, fez com as pr\u00f3prias m\u00e3os, tendo ela e o irm\u00e3o como ajudantes. A chuva, quando chega, \u00e9 agora bem-vinda: &#8220;\u00c9 bom demais ficar em casa com uma chuvinha tirando o calor de Natal&#8221;.<\/p>\n<p data-track-category=\"Link no Texto\" data-track-links=\"\"><em><a href=\"https:\/\/g1.globo.com\/olha-que-legal\/noticia\/2019\/04\/07\/a-menina-que-cresceu-sonhando-com-um-lar-sem-goteiras-e-hoje-transforma-casas-de-graca.ghtml\" target=\"_blank\" rel=\"noopener\">Fonte G1<\/a><\/em><\/p>\n<\/div>\n<\/div>\n<\/div>\n<\/div>\n<\/div>\n<\/div>\n<\/div>\n<\/div>\n<\/div>\n","protected":false},"excerpt":{"rendered":"<p>Fernanda ainda era crian\u00e7a quando olhava para o teto e pensava: &#8220;Sinto raiva da chuva&#8221;. Ela morava com os pais e os cinco irm\u00e3os em uma casa &#8220;bem pequena, de taipa e tijolos brancos&#8221; em Natal, no Rio Grande do Norte, onde tinham sala, cozinha, dois quartos e um banheiro nos fundos do quintal &#8211; [&hellip;]<\/p>\n","protected":false},"author":13,"featured_media":41158,"comment_status":"open","ping_status":"open","sticky":false,"template":"","format":"standard","meta":{"footnotes":""},"categories":[23,936],"tags":[],"class_list":{"0":"post-41155","1":"post","2":"type-post","3":"status-publish","4":"format-standard","5":"has-post-thumbnail","7":"category-educacao","8":"category-mulher"},"yoast_head":"<!-- This site is optimized with the Yoast SEO plugin v27.2 - https:\/\/yoast.com\/product\/yoast-seo-wordpress\/ -->\n<title>A menina que cresceu sonhando com um lar sem goteiras e hoje &#039;transforma casas&#039; de gra\u00e7a - Instituto de Engenharia<\/title>\n<meta name=\"robots\" content=\"index, follow, max-snippet:-1, max-image-preview:large, max-video-preview:-1\" \/>\n<link rel=\"canonical\" href=\"https:\/\/www.institutodeengenharia.org.br\/site\/2019\/04\/08\/a-menina-que-cresceu-sonhando-com-um-lar-sem-goteiras-e-hoje-transforma-casas-de-graca\/\" \/>\n<meta property=\"og:locale\" content=\"pt_BR\" \/>\n<meta property=\"og:type\" content=\"article\" \/>\n<meta property=\"og:title\" content=\"A menina que cresceu sonhando com um lar sem goteiras e hoje &#039;transforma casas&#039; de gra\u00e7a - Instituto de Engenharia\" \/>\n<meta property=\"og:description\" content=\"Fernanda ainda era crian\u00e7a quando olhava para o teto e pensava: &#8220;Sinto raiva da chuva&#8221;. Ela morava com os pais e os cinco irm\u00e3os em uma casa &#8220;bem pequena, de taipa e tijolos brancos&#8221; em Natal, no Rio Grande do Norte, onde tinham sala, cozinha, dois quartos e um banheiro nos fundos do quintal &#8211; [&hellip;]\" \/>\n<meta property=\"og:url\" content=\"https:\/\/www.institutodeengenharia.org.br\/site\/2019\/04\/08\/a-menina-que-cresceu-sonhando-com-um-lar-sem-goteiras-e-hoje-transforma-casas-de-graca\/\" \/>\n<meta property=\"og:site_name\" content=\"Instituto de Engenharia\" \/>\n<meta property=\"article:publisher\" content=\"https:\/\/www.facebook.com\/institutodeengenharia\" \/>\n<meta property=\"article:published_time\" content=\"2019-04-08T14:41:58+00:00\" \/>\n<meta property=\"article:modified_time\" content=\"2019-04-10T13:47:32+00:00\" \/>\n<meta property=\"og:image\" content=\"https:\/\/www.institutodeengenharia.org.br\/site\/wp-content\/uploads\/2019\/04\/fernanda-santos-1.jpg\" \/>\n\t<meta property=\"og:image:width\" content=\"1262\" \/>\n\t<meta property=\"og:image:height\" content=\"838\" \/>\n\t<meta property=\"og:image:type\" content=\"image\/jpeg\" \/>\n<meta name=\"author\" content=\"Bianca\" \/>\n<meta name=\"twitter:card\" content=\"summary_large_image\" \/>\n<meta name=\"twitter:creator\" content=\"@iengenharia\" \/>\n<meta name=\"twitter:site\" content=\"@iengenharia\" \/>\n<meta name=\"twitter:label1\" content=\"Escrito por\" \/>\n\t<meta name=\"twitter:data1\" content=\"Bianca\" \/>\n\t<meta name=\"twitter:label2\" content=\"Est. tempo de leitura\" \/>\n\t<meta name=\"twitter:data2\" content=\"9 minutos\" \/>\n<script type=\"application\/ld+json\" class=\"yoast-schema-graph\">{\"@context\":\"https:\/\/schema.org\",\"@graph\":[{\"@type\":\"Article\",\"@id\":\"https:\/\/www.institutodeengenharia.org.br\/site\/2019\/04\/08\/a-menina-que-cresceu-sonhando-com-um-lar-sem-goteiras-e-hoje-transforma-casas-de-graca\/#article\",\"isPartOf\":{\"@id\":\"https:\/\/www.institutodeengenharia.org.br\/site\/2019\/04\/08\/a-menina-que-cresceu-sonhando-com-um-lar-sem-goteiras-e-hoje-transforma-casas-de-graca\/\"},\"author\":{\"name\":\"Bianca\",\"@id\":\"https:\/\/www.institutodeengenharia.org.br\/site\/#\/schema\/person\/aeb64951c405e100d26d30b033dd423f\"},\"headline\":\"A menina que cresceu sonhando com um lar sem goteiras e hoje &#8216;transforma casas&#8217; de gra\u00e7a\",\"datePublished\":\"2019-04-08T14:41:58+00:00\",\"dateModified\":\"2019-04-10T13:47:32+00:00\",\"mainEntityOfPage\":{\"@id\":\"https:\/\/www.institutodeengenharia.org.br\/site\/2019\/04\/08\/a-menina-que-cresceu-sonhando-com-um-lar-sem-goteiras-e-hoje-transforma-casas-de-graca\/\"},\"wordCount\":1892,\"commentCount\":0,\"publisher\":{\"@id\":\"https:\/\/www.institutodeengenharia.org.br\/site\/#organization\"},\"image\":{\"@id\":\"https:\/\/www.institutodeengenharia.org.br\/site\/2019\/04\/08\/a-menina-que-cresceu-sonhando-com-um-lar-sem-goteiras-e-hoje-transforma-casas-de-graca\/#primaryimage\"},\"thumbnailUrl\":\"https:\/\/www.institutodeengenharia.org.br\/site\/wp-content\/uploads\/2019\/04\/fernanda-santos-1.jpg\",\"articleSection\":[\"Educa\u00e7\u00e3o\",\"Mulher\"],\"inLanguage\":\"pt-BR\",\"potentialAction\":[{\"@type\":\"CommentAction\",\"name\":\"Comment\",\"target\":[\"https:\/\/www.institutodeengenharia.org.br\/site\/2019\/04\/08\/a-menina-que-cresceu-sonhando-com-um-lar-sem-goteiras-e-hoje-transforma-casas-de-graca\/#respond\"]}]},{\"@type\":\"WebPage\",\"@id\":\"https:\/\/www.institutodeengenharia.org.br\/site\/2019\/04\/08\/a-menina-que-cresceu-sonhando-com-um-lar-sem-goteiras-e-hoje-transforma-casas-de-graca\/\",\"url\":\"https:\/\/www.institutodeengenharia.org.br\/site\/2019\/04\/08\/a-menina-que-cresceu-sonhando-com-um-lar-sem-goteiras-e-hoje-transforma-casas-de-graca\/\",\"name\":\"A menina que cresceu sonhando com um lar sem goteiras e hoje 'transforma casas' de gra\u00e7a - Instituto de Engenharia\",\"isPartOf\":{\"@id\":\"https:\/\/www.institutodeengenharia.org.br\/site\/#website\"},\"primaryImageOfPage\":{\"@id\":\"https:\/\/www.institutodeengenharia.org.br\/site\/2019\/04\/08\/a-menina-que-cresceu-sonhando-com-um-lar-sem-goteiras-e-hoje-transforma-casas-de-graca\/#primaryimage\"},\"image\":{\"@id\":\"https:\/\/www.institutodeengenharia.org.br\/site\/2019\/04\/08\/a-menina-que-cresceu-sonhando-com-um-lar-sem-goteiras-e-hoje-transforma-casas-de-graca\/#primaryimage\"},\"thumbnailUrl\":\"https:\/\/www.institutodeengenharia.org.br\/site\/wp-content\/uploads\/2019\/04\/fernanda-santos-1.jpg\",\"datePublished\":\"2019-04-08T14:41:58+00:00\",\"dateModified\":\"2019-04-10T13:47:32+00:00\",\"breadcrumb\":{\"@id\":\"https:\/\/www.institutodeengenharia.org.br\/site\/2019\/04\/08\/a-menina-que-cresceu-sonhando-com-um-lar-sem-goteiras-e-hoje-transforma-casas-de-graca\/#breadcrumb\"},\"inLanguage\":\"pt-BR\",\"potentialAction\":[{\"@type\":\"ReadAction\",\"target\":[\"https:\/\/www.institutodeengenharia.org.br\/site\/2019\/04\/08\/a-menina-que-cresceu-sonhando-com-um-lar-sem-goteiras-e-hoje-transforma-casas-de-graca\/\"]}]},{\"@type\":\"ImageObject\",\"inLanguage\":\"pt-BR\",\"@id\":\"https:\/\/www.institutodeengenharia.org.br\/site\/2019\/04\/08\/a-menina-que-cresceu-sonhando-com-um-lar-sem-goteiras-e-hoje-transforma-casas-de-graca\/#primaryimage\",\"url\":\"https:\/\/www.institutodeengenharia.org.br\/site\/wp-content\/uploads\/2019\/04\/fernanda-santos-1.jpg\",\"contentUrl\":\"https:\/\/www.institutodeengenharia.org.br\/site\/wp-content\/uploads\/2019\/04\/fernanda-santos-1.jpg\",\"width\":1262,\"height\":838,\"caption\":\"Fernanda Silmara Silva dos Santos: Projeto \u00e9 voltado a fam\u00edlias de baixa renda, desempregados, asilos e, futuramente, orfanatos \u2014 Foto: Acerto Tribuna do Norte\/Magnus Nascimento\/BBC\"},{\"@type\":\"BreadcrumbList\",\"@id\":\"https:\/\/www.institutodeengenharia.org.br\/site\/2019\/04\/08\/a-menina-que-cresceu-sonhando-com-um-lar-sem-goteiras-e-hoje-transforma-casas-de-graca\/#breadcrumb\",\"itemListElement\":[{\"@type\":\"ListItem\",\"position\":1,\"name\":\"In\u00edcio\",\"item\":\"https:\/\/www.institutodeengenharia.org.br\/site\/\"},{\"@type\":\"ListItem\",\"position\":2,\"name\":\"A menina que cresceu sonhando com um lar sem goteiras e hoje &#8216;transforma casas&#8217; de gra\u00e7a\"}]},{\"@type\":\"WebSite\",\"@id\":\"https:\/\/www.institutodeengenharia.org.br\/site\/#website\",\"url\":\"https:\/\/www.institutodeengenharia.org.br\/site\/\",\"name\":\"Instituto de Engenharia\",\"description\":\"O Instituto de Engenharia promove a Engenharia em benef\u00edcio do desenvolvimento e da qualidade de vida da sociedade.\",\"publisher\":{\"@id\":\"https:\/\/www.institutodeengenharia.org.br\/site\/#organization\"},\"potentialAction\":[{\"@type\":\"SearchAction\",\"target\":{\"@type\":\"EntryPoint\",\"urlTemplate\":\"https:\/\/www.institutodeengenharia.org.br\/site\/?s={search_term_string}\"},\"query-input\":{\"@type\":\"PropertyValueSpecification\",\"valueRequired\":true,\"valueName\":\"search_term_string\"}}],\"inLanguage\":\"pt-BR\"},{\"@type\":\"Organization\",\"@id\":\"https:\/\/www.institutodeengenharia.org.br\/site\/#organization\",\"name\":\"Instituto de Engenharia\",\"url\":\"https:\/\/www.institutodeengenharia.org.br\/site\/\",\"logo\":{\"@type\":\"ImageObject\",\"inLanguage\":\"pt-BR\",\"@id\":\"https:\/\/www.institutodeengenharia.org.br\/site\/#\/schema\/logo\/image\/\",\"url\":\"https:\/\/www.institutodeengenharia.org.br\/site\/wp-content\/uploads\/2019\/03\/logo-novo-IE2018-1.jpg\",\"contentUrl\":\"https:\/\/www.institutodeengenharia.org.br\/site\/wp-content\/uploads\/2019\/03\/logo-novo-IE2018-1.jpg\",\"width\":1486,\"height\":1879,\"caption\":\"Instituto de Engenharia\"},\"image\":{\"@id\":\"https:\/\/www.institutodeengenharia.org.br\/site\/#\/schema\/logo\/image\/\"},\"sameAs\":[\"https:\/\/www.facebook.com\/institutodeengenharia\",\"https:\/\/x.com\/iengenharia\",\"https:\/\/www.instagram.com\/institutodeengenharia\/\",\"https:\/\/www.linkedin.com\/company\/instituto-de-engenharia\/\",\"https:\/\/www.youtube.com\/channel\/UCXiCAlsSMe977vamW915HxA\"]},{\"@type\":\"Person\",\"@id\":\"https:\/\/www.institutodeengenharia.org.br\/site\/#\/schema\/person\/aeb64951c405e100d26d30b033dd423f\",\"name\":\"Bianca\",\"image\":{\"@type\":\"ImageObject\",\"inLanguage\":\"pt-BR\",\"@id\":\"https:\/\/secure.gravatar.com\/avatar\/a6fbe9bff57405baf4c1e2c5c1811e072b558253974a9f9508f4678900c97c2a?s=96&d=mm&r=g\",\"url\":\"https:\/\/secure.gravatar.com\/avatar\/a6fbe9bff57405baf4c1e2c5c1811e072b558253974a9f9508f4678900c97c2a?s=96&d=mm&r=g\",\"contentUrl\":\"https:\/\/secure.gravatar.com\/avatar\/a6fbe9bff57405baf4c1e2c5c1811e072b558253974a9f9508f4678900c97c2a?s=96&d=mm&r=g\",\"caption\":\"Bianca\"},\"url\":\"https:\/\/www.institutodeengenharia.org.br\/site\/author\/comunicacao1\/\"}]}<\/script>\n<!-- \/ Yoast SEO plugin. -->","yoast_head_json":{"title":"A menina que cresceu sonhando com um lar sem goteiras e hoje 'transforma casas' de gra\u00e7a - Instituto de Engenharia","robots":{"index":"index","follow":"follow","max-snippet":"max-snippet:-1","max-image-preview":"max-image-preview:large","max-video-preview":"max-video-preview:-1"},"canonical":"https:\/\/www.institutodeengenharia.org.br\/site\/2019\/04\/08\/a-menina-que-cresceu-sonhando-com-um-lar-sem-goteiras-e-hoje-transforma-casas-de-graca\/","og_locale":"pt_BR","og_type":"article","og_title":"A menina que cresceu sonhando com um lar sem goteiras e hoje 'transforma casas' de gra\u00e7a - Instituto de Engenharia","og_description":"Fernanda ainda era crian\u00e7a quando olhava para o teto e pensava: &#8220;Sinto raiva da chuva&#8221;. Ela morava com os pais e os cinco irm\u00e3os em uma casa &#8220;bem pequena, de taipa e tijolos brancos&#8221; em Natal, no Rio Grande do Norte, onde tinham sala, cozinha, dois quartos e um banheiro nos fundos do quintal &#8211; [&hellip;]","og_url":"https:\/\/www.institutodeengenharia.org.br\/site\/2019\/04\/08\/a-menina-que-cresceu-sonhando-com-um-lar-sem-goteiras-e-hoje-transforma-casas-de-graca\/","og_site_name":"Instituto de Engenharia","article_publisher":"https:\/\/www.facebook.com\/institutodeengenharia","article_published_time":"2019-04-08T14:41:58+00:00","article_modified_time":"2019-04-10T13:47:32+00:00","og_image":[{"width":1262,"height":838,"url":"https:\/\/www.institutodeengenharia.org.br\/site\/wp-content\/uploads\/2019\/04\/fernanda-santos-1.jpg","type":"image\/jpeg"}],"author":"Bianca","twitter_card":"summary_large_image","twitter_creator":"@iengenharia","twitter_site":"@iengenharia","twitter_misc":{"Escrito por":"Bianca","Est. tempo de leitura":"9 minutos"},"schema":{"@context":"https:\/\/schema.org","@graph":[{"@type":"Article","@id":"https:\/\/www.institutodeengenharia.org.br\/site\/2019\/04\/08\/a-menina-que-cresceu-sonhando-com-um-lar-sem-goteiras-e-hoje-transforma-casas-de-graca\/#article","isPartOf":{"@id":"https:\/\/www.institutodeengenharia.org.br\/site\/2019\/04\/08\/a-menina-que-cresceu-sonhando-com-um-lar-sem-goteiras-e-hoje-transforma-casas-de-graca\/"},"author":{"name":"Bianca","@id":"https:\/\/www.institutodeengenharia.org.br\/site\/#\/schema\/person\/aeb64951c405e100d26d30b033dd423f"},"headline":"A menina que cresceu sonhando com um lar sem goteiras e hoje &#8216;transforma casas&#8217; de gra\u00e7a","datePublished":"2019-04-08T14:41:58+00:00","dateModified":"2019-04-10T13:47:32+00:00","mainEntityOfPage":{"@id":"https:\/\/www.institutodeengenharia.org.br\/site\/2019\/04\/08\/a-menina-que-cresceu-sonhando-com-um-lar-sem-goteiras-e-hoje-transforma-casas-de-graca\/"},"wordCount":1892,"commentCount":0,"publisher":{"@id":"https:\/\/www.institutodeengenharia.org.br\/site\/#organization"},"image":{"@id":"https:\/\/www.institutodeengenharia.org.br\/site\/2019\/04\/08\/a-menina-que-cresceu-sonhando-com-um-lar-sem-goteiras-e-hoje-transforma-casas-de-graca\/#primaryimage"},"thumbnailUrl":"https:\/\/www.institutodeengenharia.org.br\/site\/wp-content\/uploads\/2019\/04\/fernanda-santos-1.jpg","articleSection":["Educa\u00e7\u00e3o","Mulher"],"inLanguage":"pt-BR","potentialAction":[{"@type":"CommentAction","name":"Comment","target":["https:\/\/www.institutodeengenharia.org.br\/site\/2019\/04\/08\/a-menina-que-cresceu-sonhando-com-um-lar-sem-goteiras-e-hoje-transforma-casas-de-graca\/#respond"]}]},{"@type":"WebPage","@id":"https:\/\/www.institutodeengenharia.org.br\/site\/2019\/04\/08\/a-menina-que-cresceu-sonhando-com-um-lar-sem-goteiras-e-hoje-transforma-casas-de-graca\/","url":"https:\/\/www.institutodeengenharia.org.br\/site\/2019\/04\/08\/a-menina-que-cresceu-sonhando-com-um-lar-sem-goteiras-e-hoje-transforma-casas-de-graca\/","name":"A menina que cresceu sonhando com um lar sem goteiras e hoje 'transforma casas' de gra\u00e7a - Instituto de Engenharia","isPartOf":{"@id":"https:\/\/www.institutodeengenharia.org.br\/site\/#website"},"primaryImageOfPage":{"@id":"https:\/\/www.institutodeengenharia.org.br\/site\/2019\/04\/08\/a-menina-que-cresceu-sonhando-com-um-lar-sem-goteiras-e-hoje-transforma-casas-de-graca\/#primaryimage"},"image":{"@id":"https:\/\/www.institutodeengenharia.org.br\/site\/2019\/04\/08\/a-menina-que-cresceu-sonhando-com-um-lar-sem-goteiras-e-hoje-transforma-casas-de-graca\/#primaryimage"},"thumbnailUrl":"https:\/\/www.institutodeengenharia.org.br\/site\/wp-content\/uploads\/2019\/04\/fernanda-santos-1.jpg","datePublished":"2019-04-08T14:41:58+00:00","dateModified":"2019-04-10T13:47:32+00:00","breadcrumb":{"@id":"https:\/\/www.institutodeengenharia.org.br\/site\/2019\/04\/08\/a-menina-que-cresceu-sonhando-com-um-lar-sem-goteiras-e-hoje-transforma-casas-de-graca\/#breadcrumb"},"inLanguage":"pt-BR","potentialAction":[{"@type":"ReadAction","target":["https:\/\/www.institutodeengenharia.org.br\/site\/2019\/04\/08\/a-menina-que-cresceu-sonhando-com-um-lar-sem-goteiras-e-hoje-transforma-casas-de-graca\/"]}]},{"@type":"ImageObject","inLanguage":"pt-BR","@id":"https:\/\/www.institutodeengenharia.org.br\/site\/2019\/04\/08\/a-menina-que-cresceu-sonhando-com-um-lar-sem-goteiras-e-hoje-transforma-casas-de-graca\/#primaryimage","url":"https:\/\/www.institutodeengenharia.org.br\/site\/wp-content\/uploads\/2019\/04\/fernanda-santos-1.jpg","contentUrl":"https:\/\/www.institutodeengenharia.org.br\/site\/wp-content\/uploads\/2019\/04\/fernanda-santos-1.jpg","width":1262,"height":838,"caption":"Fernanda Silmara Silva dos Santos: Projeto \u00e9 voltado a fam\u00edlias de baixa renda, desempregados, asilos e, futuramente, orfanatos \u2014 Foto: Acerto Tribuna do Norte\/Magnus Nascimento\/BBC"},{"@type":"BreadcrumbList","@id":"https:\/\/www.institutodeengenharia.org.br\/site\/2019\/04\/08\/a-menina-que-cresceu-sonhando-com-um-lar-sem-goteiras-e-hoje-transforma-casas-de-graca\/#breadcrumb","itemListElement":[{"@type":"ListItem","position":1,"name":"In\u00edcio","item":"https:\/\/www.institutodeengenharia.org.br\/site\/"},{"@type":"ListItem","position":2,"name":"A menina que cresceu sonhando com um lar sem goteiras e hoje &#8216;transforma casas&#8217; de gra\u00e7a"}]},{"@type":"WebSite","@id":"https:\/\/www.institutodeengenharia.org.br\/site\/#website","url":"https:\/\/www.institutodeengenharia.org.br\/site\/","name":"Instituto de Engenharia","description":"O Instituto de Engenharia promove a Engenharia em benef\u00edcio do desenvolvimento e da qualidade de vida da sociedade.","publisher":{"@id":"https:\/\/www.institutodeengenharia.org.br\/site\/#organization"},"potentialAction":[{"@type":"SearchAction","target":{"@type":"EntryPoint","urlTemplate":"https:\/\/www.institutodeengenharia.org.br\/site\/?s={search_term_string}"},"query-input":{"@type":"PropertyValueSpecification","valueRequired":true,"valueName":"search_term_string"}}],"inLanguage":"pt-BR"},{"@type":"Organization","@id":"https:\/\/www.institutodeengenharia.org.br\/site\/#organization","name":"Instituto de Engenharia","url":"https:\/\/www.institutodeengenharia.org.br\/site\/","logo":{"@type":"ImageObject","inLanguage":"pt-BR","@id":"https:\/\/www.institutodeengenharia.org.br\/site\/#\/schema\/logo\/image\/","url":"https:\/\/www.institutodeengenharia.org.br\/site\/wp-content\/uploads\/2019\/03\/logo-novo-IE2018-1.jpg","contentUrl":"https:\/\/www.institutodeengenharia.org.br\/site\/wp-content\/uploads\/2019\/03\/logo-novo-IE2018-1.jpg","width":1486,"height":1879,"caption":"Instituto de Engenharia"},"image":{"@id":"https:\/\/www.institutodeengenharia.org.br\/site\/#\/schema\/logo\/image\/"},"sameAs":["https:\/\/www.facebook.com\/institutodeengenharia","https:\/\/x.com\/iengenharia","https:\/\/www.instagram.com\/institutodeengenharia\/","https:\/\/www.linkedin.com\/company\/instituto-de-engenharia\/","https:\/\/www.youtube.com\/channel\/UCXiCAlsSMe977vamW915HxA"]},{"@type":"Person","@id":"https:\/\/www.institutodeengenharia.org.br\/site\/#\/schema\/person\/aeb64951c405e100d26d30b033dd423f","name":"Bianca","image":{"@type":"ImageObject","inLanguage":"pt-BR","@id":"https:\/\/secure.gravatar.com\/avatar\/a6fbe9bff57405baf4c1e2c5c1811e072b558253974a9f9508f4678900c97c2a?s=96&d=mm&r=g","url":"https:\/\/secure.gravatar.com\/avatar\/a6fbe9bff57405baf4c1e2c5c1811e072b558253974a9f9508f4678900c97c2a?s=96&d=mm&r=g","contentUrl":"https:\/\/secure.gravatar.com\/avatar\/a6fbe9bff57405baf4c1e2c5c1811e072b558253974a9f9508f4678900c97c2a?s=96&d=mm&r=g","caption":"Bianca"},"url":"https:\/\/www.institutodeengenharia.org.br\/site\/author\/comunicacao1\/"}]}},"_links":{"self":[{"href":"https:\/\/www.institutodeengenharia.org.br\/site\/wp-json\/wp\/v2\/posts\/41155","targetHints":{"allow":["GET"]}}],"collection":[{"href":"https:\/\/www.institutodeengenharia.org.br\/site\/wp-json\/wp\/v2\/posts"}],"about":[{"href":"https:\/\/www.institutodeengenharia.org.br\/site\/wp-json\/wp\/v2\/types\/post"}],"author":[{"embeddable":true,"href":"https:\/\/www.institutodeengenharia.org.br\/site\/wp-json\/wp\/v2\/users\/13"}],"replies":[{"embeddable":true,"href":"https:\/\/www.institutodeengenharia.org.br\/site\/wp-json\/wp\/v2\/comments?post=41155"}],"version-history":[{"count":1,"href":"https:\/\/www.institutodeengenharia.org.br\/site\/wp-json\/wp\/v2\/posts\/41155\/revisions"}],"predecessor-version":[{"id":41161,"href":"https:\/\/www.institutodeengenharia.org.br\/site\/wp-json\/wp\/v2\/posts\/41155\/revisions\/41161"}],"wp:featuredmedia":[{"embeddable":true,"href":"https:\/\/www.institutodeengenharia.org.br\/site\/wp-json\/wp\/v2\/media\/41158"}],"wp:attachment":[{"href":"https:\/\/www.institutodeengenharia.org.br\/site\/wp-json\/wp\/v2\/media?parent=41155"}],"wp:term":[{"taxonomy":"category","embeddable":true,"href":"https:\/\/www.institutodeengenharia.org.br\/site\/wp-json\/wp\/v2\/categories?post=41155"},{"taxonomy":"post_tag","embeddable":true,"href":"https:\/\/www.institutodeengenharia.org.br\/site\/wp-json\/wp\/v2\/tags?post=41155"}],"curies":[{"name":"wp","href":"https:\/\/api.w.org\/{rel}","templated":true}]}}