{"id":40966,"date":"2019-04-03T15:19:46","date_gmt":"2019-04-03T18:19:46","guid":{"rendered":"https:\/\/www.institutodeengenharia.org.br\/site\/?p=40966"},"modified":"2019-04-08T11:42:18","modified_gmt":"2019-04-08T14:42:18","slug":"estudo-preve-aumento-de-24-do-consumo-de-agua-ate-2030","status":"publish","type":"post","link":"https:\/\/www.institutodeengenharia.org.br\/site\/2019\/04\/03\/estudo-preve-aumento-de-24-do-consumo-de-agua-ate-2030\/","title":{"rendered":"Estudo prev\u00ea aumento de 24% do consumo de \u00e1gua at\u00e9 2030"},"content":{"rendered":"<p>A cada segundo s\u00e3o utilizados, em m\u00e9dia, 2 milh\u00f5es e 83 mil litros de \u00e1gua no Brasil (ou 2.083 metros c\u00fabicos por segundo). Em 1931, eram utilizados apenas 131 mil litros por segundo \u2013 6,3% do uso atual. O uso da \u00e1gua dever\u00e1 crescer 24% at\u00e9 2030, superando a marca de 2,5 milh\u00f5es de litros por segundo. As informa\u00e7\u00f5es s\u00e3o do\u00a0<a href=\"http:\/\/www.snirh.gov.br\/portal\/snirh\/centrais-de-conteudos\/central-de-publicacoes\/ana_manual_de_usos_consuntivos_da_agua_no_brasil.pdf\" target=\"_blank\" rel=\"noreferrer noopener\"><strong>Manual de Usos Consuntivos da \u00c1gua no Brasil<\/strong><\/a>, elaborado pela ANA, e que tra\u00e7a um panorama das demandas pelos recursos h\u00eddricos em todos os munic\u00edpios brasileiros, entre 1931 e 2030.<\/p>\n<p>O estudo explica as metodologias aplicadas nas estimativas, fruto de uma profunda revis\u00e3o dos m\u00e9todos e das bases de dados dispon\u00edveis. Um uso \u00e9 considerado consuntivo quando a \u00e1gua \u00e9 consumida, total ou parcialmente, no processo a que se destina, n\u00e3o retornando diretamente aos corpos h\u00eddricos de onde foi retirada.<\/p>\n<figure class=\"wp-block-image\">\n<p><figure id=\"attachment_64147\" aria-describedby=\"caption-attachment-64147\" style=\"width: 759px\" class=\"wp-caption aligncenter\"><a href=\"https:\/\/cdn-cv.r4you.co\/wp-content\/uploads\/2019\/04\/Grafico_1.png\" target=\"_blank\" rel=\"noreferrer noopener\"><img loading=\"lazy\" decoding=\"async\" class=\"td-animation-stack-type0-1 wp-image-64147\" src=\"https:\/\/cdn-cv.r4you.co\/wp-content\/uploads\/2019\/04\/Grafico_1-1024x367.png\" sizes=\"auto, (max-width: 1024px) 100vw, 1024px\" srcset=\"https:\/\/cdn-cv.r4you.co\/wp-content\/uploads\/2019\/04\/Grafico_1-1024x367.png 1024w, https:\/\/cdn-cv.r4you.co\/wp-content\/uploads\/2019\/04\/Grafico_1-300x107.png 300w, https:\/\/cdn-cv.r4you.co\/wp-content\/uploads\/2019\/04\/Grafico_1-768x275.png 768w, https:\/\/cdn-cv.r4you.co\/wp-content\/uploads\/2019\/04\/Grafico_1-696x249.png 696w, https:\/\/cdn-cv.r4you.co\/wp-content\/uploads\/2019\/04\/Grafico_1-1068x383.png 1068w, https:\/\/cdn-cv.r4you.co\/wp-content\/uploads\/2019\/04\/Grafico_1-1172x420.png 1172w, https:\/\/cdn-cv.r4you.co\/wp-content\/uploads\/2019\/04\/Grafico_1-600x215.png 600w, https:\/\/cdn-cv.r4you.co\/wp-content\/uploads\/2019\/04\/Grafico_1.png 1365w\" alt=\"\" width=\"759\" height=\"272\" \/><\/a><figcaption id=\"caption-attachment-64147\" class=\"wp-caption-text\">Evolu\u00e7\u00e3o da retirada de \u00e1gua no Brasil, por setor (1931-2030), em m\u00b3\/s<\/figcaption><\/figure><\/figure>\n<p>Os usos da \u00e1gua s\u00e3o estimados por setor usu\u00e1rio e munic\u00edpio. A agricultura irrigada, o abastecimento urbano e a ind\u00fastria de transforma\u00e7\u00e3o s\u00e3o respons\u00e1veis por 85% das retiradas de \u00e1gua em corpos h\u00eddricos: 2,083 milh\u00f5es de litros por segundo. Todos os usos continuar\u00e3o se expandindo nos pr\u00f3ximos anos, com exce\u00e7\u00e3o do abastecimento humano rural, que dever\u00e1 cair com a redu\u00e7\u00e3o da popula\u00e7\u00e3o no meio rural.<\/p>\n<figure class=\"wp-block-image\">\n<p><figure id=\"attachment_64148\" aria-describedby=\"caption-attachment-64148\" style=\"width: 600px\" class=\"wp-caption aligncenter\"><a href=\"https:\/\/cdn-cv.r4you.co\/wp-content\/uploads\/2019\/04\/Grafico_2.png\" target=\"_blank\" rel=\"noreferrer noopener\"><img loading=\"lazy\" decoding=\"async\" class=\"td-animation-stack-type0-1 wp-image-64148\" src=\"https:\/\/cdn-cv.r4you.co\/wp-content\/uploads\/2019\/04\/Grafico_2.png\" sizes=\"auto, (max-width: 600px) 100vw, 600px\" srcset=\"https:\/\/cdn-cv.r4you.co\/wp-content\/uploads\/2019\/04\/Grafico_2.png 600w, https:\/\/cdn-cv.r4you.co\/wp-content\/uploads\/2019\/04\/Grafico_2-300x156.png 300w\" alt=\"\" width=\"600\" height=\"311\" \/><\/a><figcaption id=\"caption-attachment-64148\" class=\"wp-caption-text\">Demandas de uso da \u00e1gua por setor (%) e total sem considerar a evapora\u00e7\u00e3o dos reservat\u00f3rios.<\/figcaption><\/figure><figcaption><\/figcaption><\/figure>\n<p>Considerando a import\u00e2ncia de dados precisos e atualizados como insumo \u00e0\u00a0garantia da seguran\u00e7a h\u00eddrica da popula\u00e7\u00e3o e do setor produtivo, este amplo panorama sobre os usos da \u00e1gua orienta a\u00e7\u00f5es de planejamento e gest\u00e3o de recursos h\u00eddricos, assim como \u00e9 importante para o planejamento da infraestrutura h\u00eddrica nacional. Esta base de dados foi utilizada, por exemplo, na constru\u00e7\u00e3o do Plano e do Programa Nacional de Seguran\u00e7a H\u00eddrica, que ser\u00e3o lan\u00e7ados pela ANA em breve.<\/p>\n<p>A publica\u00e7\u00e3o tamb\u00e9m apresenta listas com os dez munic\u00edpios brasileiros que mais retiram \u00e1gua considerando todos os tipos de uso dos recursos h\u00eddricos e tamb\u00e9m para cada forma de utiliza\u00e7\u00e3o: abastecimento humano urbano, abastecimento animal, ind\u00fastria de transforma\u00e7\u00e3o, minera\u00e7\u00e3o, agricultura irrigada, usinas termel\u00e9tricas. Al\u00e9m disso, o manual apresenta os percentuais destes diferentes usos da \u00e1gua nos 26 estados e no Distrito Federal e em cada uma das 12 regi\u00f5es hidrogr\u00e1ficas do pa\u00eds.<\/p>\n<figure class=\"wp-block-image\">\n<p><figure id=\"attachment_64151\" aria-describedby=\"caption-attachment-64151\" style=\"width: 589px\" class=\"wp-caption aligncenter\"><a href=\"https:\/\/cdn-cv.r4you.co\/wp-content\/uploads\/2019\/04\/Grafico_3.png\" target=\"_blank\" rel=\"noreferrer noopener\"><img loading=\"lazy\" decoding=\"async\" class=\"td-animation-stack-type0-1 wp-image-64151\" src=\"https:\/\/cdn-cv.r4you.co\/wp-content\/uploads\/2019\/04\/Grafico_3.png\" sizes=\"auto, (max-width: 589px) 100vw, 589px\" srcset=\"https:\/\/cdn-cv.r4you.co\/wp-content\/uploads\/2019\/04\/Grafico_3.png 589w, https:\/\/cdn-cv.r4you.co\/wp-content\/uploads\/2019\/04\/Grafico_3-300x129.png 300w\" alt=\"\" width=\"589\" height=\"254\" \/><\/a><figcaption id=\"caption-attachment-64151\" class=\"wp-caption-text\">Os dez munic\u00edpios brasileiros que mais retiram \u00e1gua dos corpos h\u00eddricos<\/figcaption><\/figure><\/figure>\n<p>Neste levantamento a ANA tamb\u00e9m contabiliza a evapora\u00e7\u00e3o l\u00edquida em reservat\u00f3rios artificiais, o que inclui hidrel\u00e9tricas, a\u00e7udes e outros tipos de reservat\u00f3rios. A evapora\u00e7\u00e3o l\u00edquida \u00e9 calculada pela diferen\u00e7a entre a evapora\u00e7\u00e3o no reservat\u00f3rio e a evapotranspira\u00e7\u00e3o que naturalmente aconteceria no local. Segundo dados de 2017, houve uma evapora\u00e7\u00e3o l\u00edquida de 669,1 mil litros por segundo. Este volume \u00e9 aproximadamente 35% maior que o retirado para abastecimento urbano (496,2 mil litros por segundo) e 6,8 vezes maior que o consumido por este uso (99,2 mil l\/s). A evapora\u00e7\u00e3o l\u00edquida s\u00f3 \u00e9 superada pelo retirada e pelo consumo de \u00e1gua pela irriga\u00e7\u00e3o (respectivamente 1083,6 e 792,1 mil l\/s).<\/p>\n<p>Confira o\u00a0<a href=\"http:\/\/www.snirh.gov.br\/portal\/snirh\/centrais-de-conteudos\/central-de-publicacoes\/ana_manual_de_usos_consuntivos_da_agua_no_brasil.pdf\" target=\"_blank\" rel=\"noreferrer noopener\" aria-label=\"estudo completo (abre em uma nova aba)\">estudo completo<\/a>\u00a0aqui.<\/p>\n<p><a href=\"https:\/\/ciclovivo.com.br\/planeta\/meio-ambiente\/estudo-aumento-consumo-agua\/\" target=\"_blank\" rel=\"noopener\"><em>Fonte CicloVivo<\/em><\/a><\/p>\n","protected":false},"excerpt":{"rendered":"<p>A cada segundo s\u00e3o utilizados, em m\u00e9dia, 2 milh\u00f5es e 83 mil litros de \u00e1gua no Brasil (ou 2.083 metros c\u00fabicos por segundo). Em 1931, eram utilizados apenas 131 mil litros por segundo \u2013 6,3% do uso atual. O uso da \u00e1gua dever\u00e1 crescer 24% at\u00e9 2030, superando a marca de 2,5 milh\u00f5es de litros [&hellip;]<\/p>\n","protected":false},"author":13,"featured_media":40968,"comment_status":"open","ping_status":"open","sticky":false,"template":"","format":"standard","meta":{"footnotes":""},"categories":[35],"tags":[202],"class_list":{"0":"post-40966","1":"post","2":"type-post","3":"status-publish","4":"format-standard","5":"has-post-thumbnail","7":"category-pesquisa-e-desenvolvimento","8":"tag-destaque"},"yoast_head":"<!-- This site is optimized with the Yoast SEO plugin v27.2 - https:\/\/yoast.com\/product\/yoast-seo-wordpress\/ -->\n<title>Estudo prev\u00ea aumento de 24% do consumo de \u00e1gua at\u00e9 2030 - Instituto de Engenharia<\/title>\n<meta name=\"robots\" content=\"index, follow, max-snippet:-1, max-image-preview:large, max-video-preview:-1\" \/>\n<link rel=\"canonical\" href=\"https:\/\/www.institutodeengenharia.org.br\/site\/2019\/04\/03\/estudo-preve-aumento-de-24-do-consumo-de-agua-ate-2030\/\" \/>\n<meta property=\"og:locale\" content=\"pt_BR\" \/>\n<meta property=\"og:type\" content=\"article\" \/>\n<meta property=\"og:title\" content=\"Estudo prev\u00ea aumento de 24% do consumo de \u00e1gua at\u00e9 2030 - Instituto de Engenharia\" \/>\n<meta property=\"og:description\" content=\"A cada segundo s\u00e3o utilizados, em m\u00e9dia, 2 milh\u00f5es e 83 mil litros de \u00e1gua no Brasil (ou 2.083 metros c\u00fabicos por segundo). Em 1931, eram utilizados apenas 131 mil litros por segundo \u2013 6,3% do uso atual. O uso da \u00e1gua dever\u00e1 crescer 24% at\u00e9 2030, superando a marca de 2,5 milh\u00f5es de litros [&hellip;]\" \/>\n<meta property=\"og:url\" content=\"https:\/\/www.institutodeengenharia.org.br\/site\/2019\/04\/03\/estudo-preve-aumento-de-24-do-consumo-de-agua-ate-2030\/\" \/>\n<meta property=\"og:site_name\" content=\"Instituto de Engenharia\" \/>\n<meta property=\"article:publisher\" content=\"https:\/\/www.facebook.com\/institutodeengenharia\" \/>\n<meta property=\"article:published_time\" content=\"2019-04-03T18:19:46+00:00\" \/>\n<meta property=\"article:modified_time\" content=\"2019-04-08T14:42:18+00:00\" \/>\n<meta property=\"og:image\" content=\"https:\/\/www.institutodeengenharia.org.br\/site\/wp-content\/uploads\/2019\/04\/iStock-480284727.jpg\" \/>\n\t<meta property=\"og:image:width\" content=\"1254\" \/>\n\t<meta property=\"og:image:height\" content=\"836\" \/>\n\t<meta property=\"og:image:type\" content=\"image\/jpeg\" \/>\n<meta name=\"author\" content=\"Bianca\" \/>\n<meta name=\"twitter:card\" content=\"summary_large_image\" \/>\n<meta name=\"twitter:creator\" content=\"@iengenharia\" \/>\n<meta name=\"twitter:site\" content=\"@iengenharia\" \/>\n<meta name=\"twitter:label1\" content=\"Escrito por\" \/>\n\t<meta name=\"twitter:data1\" content=\"Bianca\" \/>\n\t<meta name=\"twitter:label2\" content=\"Est. tempo de leitura\" \/>\n\t<meta name=\"twitter:data2\" content=\"3 minutos\" \/>\n<script type=\"application\/ld+json\" class=\"yoast-schema-graph\">{\"@context\":\"https:\/\/schema.org\",\"@graph\":[{\"@type\":\"Article\",\"@id\":\"https:\/\/www.institutodeengenharia.org.br\/site\/2019\/04\/03\/estudo-preve-aumento-de-24-do-consumo-de-agua-ate-2030\/#article\",\"isPartOf\":{\"@id\":\"https:\/\/www.institutodeengenharia.org.br\/site\/2019\/04\/03\/estudo-preve-aumento-de-24-do-consumo-de-agua-ate-2030\/\"},\"author\":{\"name\":\"Bianca\",\"@id\":\"https:\/\/www.institutodeengenharia.org.br\/site\/#\/schema\/person\/aeb64951c405e100d26d30b033dd423f\"},\"headline\":\"Estudo prev\u00ea aumento de 24% do consumo de \u00e1gua at\u00e9 2030\",\"datePublished\":\"2019-04-03T18:19:46+00:00\",\"dateModified\":\"2019-04-08T14:42:18+00:00\",\"mainEntityOfPage\":{\"@id\":\"https:\/\/www.institutodeengenharia.org.br\/site\/2019\/04\/03\/estudo-preve-aumento-de-24-do-consumo-de-agua-ate-2030\/\"},\"wordCount\":586,\"commentCount\":0,\"publisher\":{\"@id\":\"https:\/\/www.institutodeengenharia.org.br\/site\/#organization\"},\"image\":{\"@id\":\"https:\/\/www.institutodeengenharia.org.br\/site\/2019\/04\/03\/estudo-preve-aumento-de-24-do-consumo-de-agua-ate-2030\/#primaryimage\"},\"thumbnailUrl\":\"https:\/\/www.institutodeengenharia.org.br\/site\/wp-content\/uploads\/2019\/04\/iStock-480284727.jpg\",\"keywords\":[\"+ Destaque\"],\"articleSection\":[\"Pesquisa e Desenvolvimento\"],\"inLanguage\":\"pt-BR\",\"potentialAction\":[{\"@type\":\"CommentAction\",\"name\":\"Comment\",\"target\":[\"https:\/\/www.institutodeengenharia.org.br\/site\/2019\/04\/03\/estudo-preve-aumento-de-24-do-consumo-de-agua-ate-2030\/#respond\"]}]},{\"@type\":\"WebPage\",\"@id\":\"https:\/\/www.institutodeengenharia.org.br\/site\/2019\/04\/03\/estudo-preve-aumento-de-24-do-consumo-de-agua-ate-2030\/\",\"url\":\"https:\/\/www.institutodeengenharia.org.br\/site\/2019\/04\/03\/estudo-preve-aumento-de-24-do-consumo-de-agua-ate-2030\/\",\"name\":\"Estudo prev\u00ea aumento de 24% do consumo de \u00e1gua at\u00e9 2030 - Instituto de Engenharia\",\"isPartOf\":{\"@id\":\"https:\/\/www.institutodeengenharia.org.br\/site\/#website\"},\"primaryImageOfPage\":{\"@id\":\"https:\/\/www.institutodeengenharia.org.br\/site\/2019\/04\/03\/estudo-preve-aumento-de-24-do-consumo-de-agua-ate-2030\/#primaryimage\"},\"image\":{\"@id\":\"https:\/\/www.institutodeengenharia.org.br\/site\/2019\/04\/03\/estudo-preve-aumento-de-24-do-consumo-de-agua-ate-2030\/#primaryimage\"},\"thumbnailUrl\":\"https:\/\/www.institutodeengenharia.org.br\/site\/wp-content\/uploads\/2019\/04\/iStock-480284727.jpg\",\"datePublished\":\"2019-04-03T18:19:46+00:00\",\"dateModified\":\"2019-04-08T14:42:18+00:00\",\"breadcrumb\":{\"@id\":\"https:\/\/www.institutodeengenharia.org.br\/site\/2019\/04\/03\/estudo-preve-aumento-de-24-do-consumo-de-agua-ate-2030\/#breadcrumb\"},\"inLanguage\":\"pt-BR\",\"potentialAction\":[{\"@type\":\"ReadAction\",\"target\":[\"https:\/\/www.institutodeengenharia.org.br\/site\/2019\/04\/03\/estudo-preve-aumento-de-24-do-consumo-de-agua-ate-2030\/\"]}]},{\"@type\":\"ImageObject\",\"inLanguage\":\"pt-BR\",\"@id\":\"https:\/\/www.institutodeengenharia.org.br\/site\/2019\/04\/03\/estudo-preve-aumento-de-24-do-consumo-de-agua-ate-2030\/#primaryimage\",\"url\":\"https:\/\/www.institutodeengenharia.org.br\/site\/wp-content\/uploads\/2019\/04\/iStock-480284727.jpg\",\"contentUrl\":\"https:\/\/www.institutodeengenharia.org.br\/site\/wp-content\/uploads\/2019\/04\/iStock-480284727.jpg\",\"width\":1254,\"height\":836,\"caption\":\"Foto: iStock\"},{\"@type\":\"BreadcrumbList\",\"@id\":\"https:\/\/www.institutodeengenharia.org.br\/site\/2019\/04\/03\/estudo-preve-aumento-de-24-do-consumo-de-agua-ate-2030\/#breadcrumb\",\"itemListElement\":[{\"@type\":\"ListItem\",\"position\":1,\"name\":\"In\u00edcio\",\"item\":\"https:\/\/www.institutodeengenharia.org.br\/site\/\"},{\"@type\":\"ListItem\",\"position\":2,\"name\":\"Estudo prev\u00ea aumento de 24% do consumo de \u00e1gua at\u00e9 2030\"}]},{\"@type\":\"WebSite\",\"@id\":\"https:\/\/www.institutodeengenharia.org.br\/site\/#website\",\"url\":\"https:\/\/www.institutodeengenharia.org.br\/site\/\",\"name\":\"Instituto de Engenharia\",\"description\":\"O Instituto de Engenharia promove a Engenharia em benef\u00edcio do desenvolvimento e da qualidade de vida da sociedade.\",\"publisher\":{\"@id\":\"https:\/\/www.institutodeengenharia.org.br\/site\/#organization\"},\"potentialAction\":[{\"@type\":\"SearchAction\",\"target\":{\"@type\":\"EntryPoint\",\"urlTemplate\":\"https:\/\/www.institutodeengenharia.org.br\/site\/?s={search_term_string}\"},\"query-input\":{\"@type\":\"PropertyValueSpecification\",\"valueRequired\":true,\"valueName\":\"search_term_string\"}}],\"inLanguage\":\"pt-BR\"},{\"@type\":\"Organization\",\"@id\":\"https:\/\/www.institutodeengenharia.org.br\/site\/#organization\",\"name\":\"Instituto de Engenharia\",\"url\":\"https:\/\/www.institutodeengenharia.org.br\/site\/\",\"logo\":{\"@type\":\"ImageObject\",\"inLanguage\":\"pt-BR\",\"@id\":\"https:\/\/www.institutodeengenharia.org.br\/site\/#\/schema\/logo\/image\/\",\"url\":\"https:\/\/www.institutodeengenharia.org.br\/site\/wp-content\/uploads\/2019\/03\/logo-novo-IE2018-1.jpg\",\"contentUrl\":\"https:\/\/www.institutodeengenharia.org.br\/site\/wp-content\/uploads\/2019\/03\/logo-novo-IE2018-1.jpg\",\"width\":1486,\"height\":1879,\"caption\":\"Instituto de Engenharia\"},\"image\":{\"@id\":\"https:\/\/www.institutodeengenharia.org.br\/site\/#\/schema\/logo\/image\/\"},\"sameAs\":[\"https:\/\/www.facebook.com\/institutodeengenharia\",\"https:\/\/x.com\/iengenharia\",\"https:\/\/www.instagram.com\/institutodeengenharia\/\",\"https:\/\/www.linkedin.com\/company\/instituto-de-engenharia\/\",\"https:\/\/www.youtube.com\/channel\/UCXiCAlsSMe977vamW915HxA\"]},{\"@type\":\"Person\",\"@id\":\"https:\/\/www.institutodeengenharia.org.br\/site\/#\/schema\/person\/aeb64951c405e100d26d30b033dd423f\",\"name\":\"Bianca\",\"image\":{\"@type\":\"ImageObject\",\"inLanguage\":\"pt-BR\",\"@id\":\"https:\/\/secure.gravatar.com\/avatar\/a6fbe9bff57405baf4c1e2c5c1811e072b558253974a9f9508f4678900c97c2a?s=96&d=mm&r=g\",\"url\":\"https:\/\/secure.gravatar.com\/avatar\/a6fbe9bff57405baf4c1e2c5c1811e072b558253974a9f9508f4678900c97c2a?s=96&d=mm&r=g\",\"contentUrl\":\"https:\/\/secure.gravatar.com\/avatar\/a6fbe9bff57405baf4c1e2c5c1811e072b558253974a9f9508f4678900c97c2a?s=96&d=mm&r=g\",\"caption\":\"Bianca\"},\"url\":\"https:\/\/www.institutodeengenharia.org.br\/site\/author\/comunicacao1\/\"}]}<\/script>\n<!-- \/ Yoast SEO plugin. -->","yoast_head_json":{"title":"Estudo prev\u00ea aumento de 24% do consumo de \u00e1gua at\u00e9 2030 - Instituto de Engenharia","robots":{"index":"index","follow":"follow","max-snippet":"max-snippet:-1","max-image-preview":"max-image-preview:large","max-video-preview":"max-video-preview:-1"},"canonical":"https:\/\/www.institutodeengenharia.org.br\/site\/2019\/04\/03\/estudo-preve-aumento-de-24-do-consumo-de-agua-ate-2030\/","og_locale":"pt_BR","og_type":"article","og_title":"Estudo prev\u00ea aumento de 24% do consumo de \u00e1gua at\u00e9 2030 - Instituto de Engenharia","og_description":"A cada segundo s\u00e3o utilizados, em m\u00e9dia, 2 milh\u00f5es e 83 mil litros de \u00e1gua no Brasil (ou 2.083 metros c\u00fabicos por segundo). Em 1931, eram utilizados apenas 131 mil litros por segundo \u2013 6,3% do uso atual. O uso da \u00e1gua dever\u00e1 crescer 24% at\u00e9 2030, superando a marca de 2,5 milh\u00f5es de litros [&hellip;]","og_url":"https:\/\/www.institutodeengenharia.org.br\/site\/2019\/04\/03\/estudo-preve-aumento-de-24-do-consumo-de-agua-ate-2030\/","og_site_name":"Instituto de Engenharia","article_publisher":"https:\/\/www.facebook.com\/institutodeengenharia","article_published_time":"2019-04-03T18:19:46+00:00","article_modified_time":"2019-04-08T14:42:18+00:00","og_image":[{"width":1254,"height":836,"url":"https:\/\/www.institutodeengenharia.org.br\/site\/wp-content\/uploads\/2019\/04\/iStock-480284727.jpg","type":"image\/jpeg"}],"author":"Bianca","twitter_card":"summary_large_image","twitter_creator":"@iengenharia","twitter_site":"@iengenharia","twitter_misc":{"Escrito por":"Bianca","Est. tempo de leitura":"3 minutos"},"schema":{"@context":"https:\/\/schema.org","@graph":[{"@type":"Article","@id":"https:\/\/www.institutodeengenharia.org.br\/site\/2019\/04\/03\/estudo-preve-aumento-de-24-do-consumo-de-agua-ate-2030\/#article","isPartOf":{"@id":"https:\/\/www.institutodeengenharia.org.br\/site\/2019\/04\/03\/estudo-preve-aumento-de-24-do-consumo-de-agua-ate-2030\/"},"author":{"name":"Bianca","@id":"https:\/\/www.institutodeengenharia.org.br\/site\/#\/schema\/person\/aeb64951c405e100d26d30b033dd423f"},"headline":"Estudo prev\u00ea aumento de 24% do consumo de \u00e1gua at\u00e9 2030","datePublished":"2019-04-03T18:19:46+00:00","dateModified":"2019-04-08T14:42:18+00:00","mainEntityOfPage":{"@id":"https:\/\/www.institutodeengenharia.org.br\/site\/2019\/04\/03\/estudo-preve-aumento-de-24-do-consumo-de-agua-ate-2030\/"},"wordCount":586,"commentCount":0,"publisher":{"@id":"https:\/\/www.institutodeengenharia.org.br\/site\/#organization"},"image":{"@id":"https:\/\/www.institutodeengenharia.org.br\/site\/2019\/04\/03\/estudo-preve-aumento-de-24-do-consumo-de-agua-ate-2030\/#primaryimage"},"thumbnailUrl":"https:\/\/www.institutodeengenharia.org.br\/site\/wp-content\/uploads\/2019\/04\/iStock-480284727.jpg","keywords":["+ Destaque"],"articleSection":["Pesquisa e Desenvolvimento"],"inLanguage":"pt-BR","potentialAction":[{"@type":"CommentAction","name":"Comment","target":["https:\/\/www.institutodeengenharia.org.br\/site\/2019\/04\/03\/estudo-preve-aumento-de-24-do-consumo-de-agua-ate-2030\/#respond"]}]},{"@type":"WebPage","@id":"https:\/\/www.institutodeengenharia.org.br\/site\/2019\/04\/03\/estudo-preve-aumento-de-24-do-consumo-de-agua-ate-2030\/","url":"https:\/\/www.institutodeengenharia.org.br\/site\/2019\/04\/03\/estudo-preve-aumento-de-24-do-consumo-de-agua-ate-2030\/","name":"Estudo prev\u00ea aumento de 24% do consumo de \u00e1gua at\u00e9 2030 - Instituto de Engenharia","isPartOf":{"@id":"https:\/\/www.institutodeengenharia.org.br\/site\/#website"},"primaryImageOfPage":{"@id":"https:\/\/www.institutodeengenharia.org.br\/site\/2019\/04\/03\/estudo-preve-aumento-de-24-do-consumo-de-agua-ate-2030\/#primaryimage"},"image":{"@id":"https:\/\/www.institutodeengenharia.org.br\/site\/2019\/04\/03\/estudo-preve-aumento-de-24-do-consumo-de-agua-ate-2030\/#primaryimage"},"thumbnailUrl":"https:\/\/www.institutodeengenharia.org.br\/site\/wp-content\/uploads\/2019\/04\/iStock-480284727.jpg","datePublished":"2019-04-03T18:19:46+00:00","dateModified":"2019-04-08T14:42:18+00:00","breadcrumb":{"@id":"https:\/\/www.institutodeengenharia.org.br\/site\/2019\/04\/03\/estudo-preve-aumento-de-24-do-consumo-de-agua-ate-2030\/#breadcrumb"},"inLanguage":"pt-BR","potentialAction":[{"@type":"ReadAction","target":["https:\/\/www.institutodeengenharia.org.br\/site\/2019\/04\/03\/estudo-preve-aumento-de-24-do-consumo-de-agua-ate-2030\/"]}]},{"@type":"ImageObject","inLanguage":"pt-BR","@id":"https:\/\/www.institutodeengenharia.org.br\/site\/2019\/04\/03\/estudo-preve-aumento-de-24-do-consumo-de-agua-ate-2030\/#primaryimage","url":"https:\/\/www.institutodeengenharia.org.br\/site\/wp-content\/uploads\/2019\/04\/iStock-480284727.jpg","contentUrl":"https:\/\/www.institutodeengenharia.org.br\/site\/wp-content\/uploads\/2019\/04\/iStock-480284727.jpg","width":1254,"height":836,"caption":"Foto: iStock"},{"@type":"BreadcrumbList","@id":"https:\/\/www.institutodeengenharia.org.br\/site\/2019\/04\/03\/estudo-preve-aumento-de-24-do-consumo-de-agua-ate-2030\/#breadcrumb","itemListElement":[{"@type":"ListItem","position":1,"name":"In\u00edcio","item":"https:\/\/www.institutodeengenharia.org.br\/site\/"},{"@type":"ListItem","position":2,"name":"Estudo prev\u00ea aumento de 24% do consumo de \u00e1gua at\u00e9 2030"}]},{"@type":"WebSite","@id":"https:\/\/www.institutodeengenharia.org.br\/site\/#website","url":"https:\/\/www.institutodeengenharia.org.br\/site\/","name":"Instituto de Engenharia","description":"O Instituto de Engenharia promove a Engenharia em benef\u00edcio do desenvolvimento e da qualidade de vida da sociedade.","publisher":{"@id":"https:\/\/www.institutodeengenharia.org.br\/site\/#organization"},"potentialAction":[{"@type":"SearchAction","target":{"@type":"EntryPoint","urlTemplate":"https:\/\/www.institutodeengenharia.org.br\/site\/?s={search_term_string}"},"query-input":{"@type":"PropertyValueSpecification","valueRequired":true,"valueName":"search_term_string"}}],"inLanguage":"pt-BR"},{"@type":"Organization","@id":"https:\/\/www.institutodeengenharia.org.br\/site\/#organization","name":"Instituto de Engenharia","url":"https:\/\/www.institutodeengenharia.org.br\/site\/","logo":{"@type":"ImageObject","inLanguage":"pt-BR","@id":"https:\/\/www.institutodeengenharia.org.br\/site\/#\/schema\/logo\/image\/","url":"https:\/\/www.institutodeengenharia.org.br\/site\/wp-content\/uploads\/2019\/03\/logo-novo-IE2018-1.jpg","contentUrl":"https:\/\/www.institutodeengenharia.org.br\/site\/wp-content\/uploads\/2019\/03\/logo-novo-IE2018-1.jpg","width":1486,"height":1879,"caption":"Instituto de Engenharia"},"image":{"@id":"https:\/\/www.institutodeengenharia.org.br\/site\/#\/schema\/logo\/image\/"},"sameAs":["https:\/\/www.facebook.com\/institutodeengenharia","https:\/\/x.com\/iengenharia","https:\/\/www.instagram.com\/institutodeengenharia\/","https:\/\/www.linkedin.com\/company\/instituto-de-engenharia\/","https:\/\/www.youtube.com\/channel\/UCXiCAlsSMe977vamW915HxA"]},{"@type":"Person","@id":"https:\/\/www.institutodeengenharia.org.br\/site\/#\/schema\/person\/aeb64951c405e100d26d30b033dd423f","name":"Bianca","image":{"@type":"ImageObject","inLanguage":"pt-BR","@id":"https:\/\/secure.gravatar.com\/avatar\/a6fbe9bff57405baf4c1e2c5c1811e072b558253974a9f9508f4678900c97c2a?s=96&d=mm&r=g","url":"https:\/\/secure.gravatar.com\/avatar\/a6fbe9bff57405baf4c1e2c5c1811e072b558253974a9f9508f4678900c97c2a?s=96&d=mm&r=g","contentUrl":"https:\/\/secure.gravatar.com\/avatar\/a6fbe9bff57405baf4c1e2c5c1811e072b558253974a9f9508f4678900c97c2a?s=96&d=mm&r=g","caption":"Bianca"},"url":"https:\/\/www.institutodeengenharia.org.br\/site\/author\/comunicacao1\/"}]}},"_links":{"self":[{"href":"https:\/\/www.institutodeengenharia.org.br\/site\/wp-json\/wp\/v2\/posts\/40966","targetHints":{"allow":["GET"]}}],"collection":[{"href":"https:\/\/www.institutodeengenharia.org.br\/site\/wp-json\/wp\/v2\/posts"}],"about":[{"href":"https:\/\/www.institutodeengenharia.org.br\/site\/wp-json\/wp\/v2\/types\/post"}],"author":[{"embeddable":true,"href":"https:\/\/www.institutodeengenharia.org.br\/site\/wp-json\/wp\/v2\/users\/13"}],"replies":[{"embeddable":true,"href":"https:\/\/www.institutodeengenharia.org.br\/site\/wp-json\/wp\/v2\/comments?post=40966"}],"version-history":[{"count":1,"href":"https:\/\/www.institutodeengenharia.org.br\/site\/wp-json\/wp\/v2\/posts\/40966\/revisions"}],"predecessor-version":[{"id":40969,"href":"https:\/\/www.institutodeengenharia.org.br\/site\/wp-json\/wp\/v2\/posts\/40966\/revisions\/40969"}],"wp:featuredmedia":[{"embeddable":true,"href":"https:\/\/www.institutodeengenharia.org.br\/site\/wp-json\/wp\/v2\/media\/40968"}],"wp:attachment":[{"href":"https:\/\/www.institutodeengenharia.org.br\/site\/wp-json\/wp\/v2\/media?parent=40966"}],"wp:term":[{"taxonomy":"category","embeddable":true,"href":"https:\/\/www.institutodeengenharia.org.br\/site\/wp-json\/wp\/v2\/categories?post=40966"},{"taxonomy":"post_tag","embeddable":true,"href":"https:\/\/www.institutodeengenharia.org.br\/site\/wp-json\/wp\/v2\/tags?post=40966"}],"curies":[{"name":"wp","href":"https:\/\/api.w.org\/{rel}","templated":true}]}}