{"id":40729,"date":"2019-03-18T10:04:11","date_gmt":"2019-03-18T13:04:11","guid":{"rendered":"https:\/\/www.institutodeengenharia.org.br\/site\/?p=40729"},"modified":"2019-03-20T20:37:26","modified_gmt":"2019-03-20T23:37:26","slug":"energia-solar-ultrapassa-nuclear-em-capacidade-instalada-no-brasil","status":"publish","type":"post","link":"https:\/\/www.institutodeengenharia.org.br\/site\/2019\/03\/18\/energia-solar-ultrapassa-nuclear-em-capacidade-instalada-no-brasil\/","title":{"rendered":"Energia solar ultrapassa nuclear em capacidade instalada no Brasil"},"content":{"rendered":"<p>O Brasil acaba de superar a marca de 2.000 megawatts (MW) de pot\u00eancia operacional em sistemas de gera\u00e7\u00e3o centralizada solar fotovoltaica, ou seja, usinas de grande porte, conectadas ao Sistema Interligado Nacional (SIN).<\/p>\n<p>Segundo mapeamento da Associa\u00e7\u00e3o Brasileira de Energia Solar Fotovoltaica (ABSOLAR), a fonte solar fotovoltaica, baseada na convers\u00e3o direta da radia\u00e7\u00e3o solar em energia el\u00e9trica de forma renov\u00e1vel, limpa, sustent\u00e1vel e cada vez mais competitiva, atingiu um total de 2.056 MW de pot\u00eancia instalada operacional, o equivalente a 1,2% da matriz el\u00e9trica do pa\u00eds. Com isso, passa a ocupar a posi\u00e7\u00e3o de 7\u00aa maior fonte do Brasil, ultrapassando a nuclear, com 1.990 MW (1,2%) provenientes das usinas de Angra I e Angra II, localizadas no Rio de Janeiro.<\/p>\n<p>Para o Presidente do Conselho de Administra\u00e7\u00e3o da ABSOLAR, Ronaldo Koloszuk, a energia solar fotovoltaica agrega in\u00fameros benef\u00edcios para o progresso do Brasil. \u201cA fonte contribui para a redu\u00e7\u00e3o de gastos com energia el\u00e9trica, atra\u00e7\u00e3o de novos investimentos privados, gera\u00e7\u00e3o de empregos locais de qualidade, redu\u00e7\u00e3o de impactos ao meio ambiente, redu\u00e7\u00e3o de perdas el\u00e9tricas na rede nacional, posterga\u00e7\u00e3o de investimentos em transmiss\u00e3o e distribui\u00e7\u00e3o e al\u00edvio do sistema el\u00e9trico em hor\u00e1rios de alta demanda diurna, como nos meses de ver\u00e3o\u201d, destaca Koloszuk.<\/p>\n<figure class=\"wp-block-image\">\n<p><figure id=\"attachment_63602\" aria-describedby=\"caption-attachment-63602\" style=\"width: 759px\" class=\"wp-caption alignnone\"><img loading=\"lazy\" decoding=\"async\" class=\"td-animation-stack-type0-1 wp-image-63602\" src=\"https:\/\/cdn-cv.r4you.co\/wp-content\/uploads\/2019\/03\/absolar-energia-1024x638.jpg\" sizes=\"auto, (max-width: 1024px) 100vw, 1024px\" srcset=\"https:\/\/cdn-cv.r4you.co\/wp-content\/uploads\/2019\/03\/absolar-energia-1024x638.jpg 1024w, https:\/\/cdn-cv.r4you.co\/wp-content\/uploads\/2019\/03\/absolar-energia-300x187.jpg 300w, https:\/\/cdn-cv.r4you.co\/wp-content\/uploads\/2019\/03\/absolar-energia-768x479.jpg 768w, https:\/\/cdn-cv.r4you.co\/wp-content\/uploads\/2019\/03\/absolar-energia-696x434.jpg 696w, https:\/\/cdn-cv.r4you.co\/wp-content\/uploads\/2019\/03\/absolar-energia-1068x666.jpg 1068w, https:\/\/cdn-cv.r4you.co\/wp-content\/uploads\/2019\/03\/absolar-energia-674x420.jpg 674w, https:\/\/cdn-cv.r4you.co\/wp-content\/uploads\/2019\/03\/absolar-energia-600x374.jpg 600w, https:\/\/cdn-cv.r4you.co\/wp-content\/uploads\/2019\/03\/absolar-energia.jpg 1580w\" alt=\"\" width=\"759\" height=\"472\" \/><figcaption id=\"caption-attachment-63602\" class=\"wp-caption-text\">Fonte: ANEEL\/ABSOLAR, 2019. \u00daltima atualiza\u00e7\u00e3o 07\/03\/2019.<\/figcaption><\/figure><\/figure>\n<p>O Brasil possui hoje usinas solares fotovoltaicas de grande porte operando em 9 estados nas regi\u00f5es Nordeste, Sudeste e Norte do Pa\u00eds, com destaque para Bahia, Minas Gerais e Piau\u00ed.<\/p>\n<p>Segundo o CEO da ABSOLAR, Rodrigo Sauaia, o Brasil possui atualmente 73 projetos de gera\u00e7\u00e3o centralizada solar fotovoltaica em opera\u00e7\u00e3o, contratados por meio de leil\u00f5es de energia el\u00e9trica do Governo Federal.<\/p>\n<figure class=\"wp-block-image\">\n<figure id=\"attachment_63603\" aria-describedby=\"caption-attachment-63603\" style=\"width: 759px\" class=\"wp-caption alignnone\"><img loading=\"lazy\" decoding=\"async\" class=\"td-animation-stack-type0-1 wp-image-63603\" src=\"https:\/\/cdn-cv.r4you.co\/wp-content\/uploads\/2019\/03\/absolar-energia2-1024x639.jpg\" sizes=\"auto, (max-width: 1024px) 100vw, 1024px\" srcset=\"https:\/\/cdn-cv.r4you.co\/wp-content\/uploads\/2019\/03\/absolar-energia2-1024x639.jpg 1024w, https:\/\/cdn-cv.r4you.co\/wp-content\/uploads\/2019\/03\/absolar-energia2-300x187.jpg 300w, https:\/\/cdn-cv.r4you.co\/wp-content\/uploads\/2019\/03\/absolar-energia2-768x479.jpg 768w, https:\/\/cdn-cv.r4you.co\/wp-content\/uploads\/2019\/03\/absolar-energia2-696x434.jpg 696w, https:\/\/cdn-cv.r4you.co\/wp-content\/uploads\/2019\/03\/absolar-energia2-1068x666.jpg 1068w, https:\/\/cdn-cv.r4you.co\/wp-content\/uploads\/2019\/03\/absolar-energia2-673x420.jpg 673w, https:\/\/cdn-cv.r4you.co\/wp-content\/uploads\/2019\/03\/absolar-energia2-600x374.jpg 600w, https:\/\/cdn-cv.r4you.co\/wp-content\/uploads\/2019\/03\/absolar-energia2.jpg 1582w\" alt=\"\" width=\"759\" height=\"473\" \/><figcaption id=\"caption-attachment-63603\" class=\"wp-caption-text\">Fonte: CCEE\/ABSOLAR, 2019. \u00daltima atualiza\u00e7\u00e3o 07\/03\/2019<\/figcaption><\/figure>\n<div class=\"seedtag-gohan seedtag-adunit st-in-image\">\n<div class=\"st-container\"><\/div>\n<\/div><figcaption><\/figcaption><\/figure>\n<p>\u201cDesde o primeiro leil\u00e3o federal realizado em 2014, o setor solar fotovoltaico trouxe ao Brasil mais de R$ 10 bilh\u00f5es em novos investimentos privados e dezenas de milhares de empregos locais de qualidade. O Brasil tem um dos melhores recursos solares do mundo e estamos apenas come\u00e7ando a aproveit\u00e1-lo\u201d, projeta Sauaia.<\/p>\n<h3>Competitividade em ascens\u00e3o<\/h3>\n<p>A fonte solar fotovoltaica tem apresentado forte queda de pre\u00e7os, o que permitiu que a tecnologia atingisse um novo patamar de competitividade a partir do leil\u00e3o de energia nova A-4 de 2017. Desde ent\u00e3o, a fonte tem ofertado energia el\u00e9trica a pre\u00e7os m\u00e9dios inferiores aos praticados por outras renov\u00e1veis, como a biomassa e as pequenas centrais hidrel\u00e9tricas (PCHs).<\/p>\n<figure class=\"wp-block-image\">\n<p><figure id=\"attachment_63604\" aria-describedby=\"caption-attachment-63604\" style=\"width: 758px\" class=\"wp-caption alignnone\"><img loading=\"lazy\" decoding=\"async\" class=\"td-animation-stack-type0-1 wp-image-63604\" src=\"https:\/\/cdn-cv.r4you.co\/wp-content\/uploads\/2019\/03\/absolar-energia3-1024x701.jpg\" sizes=\"auto, (max-width: 1024px) 100vw, 1024px\" srcset=\"https:\/\/cdn-cv.r4you.co\/wp-content\/uploads\/2019\/03\/absolar-energia3-1024x701.jpg 1024w, https:\/\/cdn-cv.r4you.co\/wp-content\/uploads\/2019\/03\/absolar-energia3-300x205.jpg 300w, https:\/\/cdn-cv.r4you.co\/wp-content\/uploads\/2019\/03\/absolar-energia3-768x526.jpg 768w, https:\/\/cdn-cv.r4you.co\/wp-content\/uploads\/2019\/03\/absolar-energia3-218x150.jpg 218w, https:\/\/cdn-cv.r4you.co\/wp-content\/uploads\/2019\/03\/absolar-energia3-696x476.jpg 696w, https:\/\/cdn-cv.r4you.co\/wp-content\/uploads\/2019\/03\/absolar-energia3-1068x731.jpg 1068w, https:\/\/cdn-cv.r4you.co\/wp-content\/uploads\/2019\/03\/absolar-energia3-614x420.jpg 614w, https:\/\/cdn-cv.r4you.co\/wp-content\/uploads\/2019\/03\/absolar-energia3-600x411.jpg 600w, https:\/\/cdn-cv.r4you.co\/wp-content\/uploads\/2019\/03\/absolar-energia3.jpg 1350w\" alt=\"\" width=\"758\" height=\"519\" \/><figcaption id=\"caption-attachment-63604\" class=\"wp-caption-text\">Fonte: CCEE\/ABSOLAR, 2018. \u00daltima atualiza\u00e7\u00e3o: 04\/04\/2018<\/figcaption><\/figure><figcaption>\n<\/figcaption><\/figure>\n<p>De acordo com Sauaia, o Governo Federal anunciou recentemente por meio de uma portaria do Minist\u00e9rio de Minas e Energia que far\u00e1 seis novos leil\u00f5es de energia nova nos anos de 2019, 2020 e 2021. \u201cO setor solar fotovoltaico est\u00e1 preparado e a postos para participar de todos estes leil\u00f5es, contribuindo para a expans\u00e3o renov\u00e1vel da matriz el\u00e9trica brasileira a pre\u00e7os baixos. J\u00e1 somos a segunda fonte renov\u00e1vel mais barata do Brasil e estamos prontos para ajudar o pa\u00eds a crescer com competitividade e sustentabilidade\u201d, destaca.<\/p>\n<p>A ABSOLAR projeta que a tend\u00eancia de redu\u00e7\u00e3o de pre\u00e7os da fonte solar fotovoltaica dever\u00e1 continuar pelos pr\u00f3ximos anos, fazendo com que a fonte passe a assumir um papel de destaque cada vez maior na expans\u00e3o da matriz el\u00e9trica nacional.<\/p>\n<p><em>Fonte CicloVivo<\/em><\/p>\n","protected":false},"excerpt":{"rendered":"<p>O Brasil acaba de superar a marca de 2.000 megawatts (MW) de pot\u00eancia operacional em sistemas de gera\u00e7\u00e3o centralizada solar fotovoltaica, ou seja, usinas de grande porte, conectadas ao Sistema Interligado Nacional (SIN). Segundo mapeamento da Associa\u00e7\u00e3o Brasileira de Energia Solar Fotovoltaica (ABSOLAR), a fonte solar fotovoltaica, baseada na convers\u00e3o direta da radia\u00e7\u00e3o solar em [&hellip;]<\/p>\n","protected":false},"author":13,"featured_media":40730,"comment_status":"open","ping_status":"open","sticky":false,"template":"","format":"standard","meta":{"footnotes":""},"categories":[974],"tags":[201],"class_list":{"0":"post-40729","1":"post","2":"type-post","3":"status-publish","4":"format-standard","5":"has-post-thumbnail","7":"category-energia-futuro","8":"tag-destaque-topo"},"yoast_head":"<!-- This site is optimized with the Yoast SEO plugin v27.2 - https:\/\/yoast.com\/product\/yoast-seo-wordpress\/ -->\n<title>Energia solar ultrapassa nuclear em capacidade instalada no Brasil - Instituto de Engenharia<\/title>\n<meta name=\"robots\" content=\"index, follow, max-snippet:-1, max-image-preview:large, max-video-preview:-1\" \/>\n<link rel=\"canonical\" href=\"https:\/\/www.institutodeengenharia.org.br\/site\/2019\/03\/18\/energia-solar-ultrapassa-nuclear-em-capacidade-instalada-no-brasil\/\" \/>\n<meta property=\"og:locale\" content=\"pt_BR\" \/>\n<meta property=\"og:type\" content=\"article\" \/>\n<meta property=\"og:title\" content=\"Energia solar ultrapassa nuclear em capacidade instalada no Brasil - Instituto de Engenharia\" \/>\n<meta property=\"og:description\" content=\"O Brasil acaba de superar a marca de 2.000 megawatts (MW) de pot\u00eancia operacional em sistemas de gera\u00e7\u00e3o centralizada solar fotovoltaica, ou seja, usinas de grande porte, conectadas ao Sistema Interligado Nacional (SIN). Segundo mapeamento da Associa\u00e7\u00e3o Brasileira de Energia Solar Fotovoltaica (ABSOLAR), a fonte solar fotovoltaica, baseada na convers\u00e3o direta da radia\u00e7\u00e3o solar em [&hellip;]\" \/>\n<meta property=\"og:url\" content=\"https:\/\/www.institutodeengenharia.org.br\/site\/2019\/03\/18\/energia-solar-ultrapassa-nuclear-em-capacidade-instalada-no-brasil\/\" \/>\n<meta property=\"og:site_name\" content=\"Instituto de Engenharia\" \/>\n<meta property=\"article:publisher\" content=\"https:\/\/www.facebook.com\/institutodeengenharia\" \/>\n<meta property=\"article:published_time\" content=\"2019-03-18T13:04:11+00:00\" \/>\n<meta property=\"article:modified_time\" content=\"2019-03-20T23:37:26+00:00\" \/>\n<meta property=\"og:image\" content=\"https:\/\/www.institutodeengenharia.org.br\/site\/wp-content\/uploads\/2019\/03\/energia.jpg\" \/>\n\t<meta property=\"og:image:width\" content=\"1245\" \/>\n\t<meta property=\"og:image:height\" content=\"830\" \/>\n\t<meta property=\"og:image:type\" content=\"image\/jpeg\" \/>\n<meta name=\"author\" content=\"Bianca\" \/>\n<meta name=\"twitter:card\" content=\"summary_large_image\" \/>\n<meta name=\"twitter:creator\" content=\"@iengenharia\" \/>\n<meta name=\"twitter:site\" content=\"@iengenharia\" \/>\n<meta name=\"twitter:label1\" content=\"Escrito por\" \/>\n\t<meta name=\"twitter:data1\" content=\"Bianca\" \/>\n\t<meta name=\"twitter:label2\" content=\"Est. tempo de leitura\" \/>\n\t<meta name=\"twitter:data2\" content=\"3 minutos\" \/>\n<script type=\"application\/ld+json\" class=\"yoast-schema-graph\">{\"@context\":\"https:\/\/schema.org\",\"@graph\":[{\"@type\":\"Article\",\"@id\":\"https:\/\/www.institutodeengenharia.org.br\/site\/2019\/03\/18\/energia-solar-ultrapassa-nuclear-em-capacidade-instalada-no-brasil\/#article\",\"isPartOf\":{\"@id\":\"https:\/\/www.institutodeengenharia.org.br\/site\/2019\/03\/18\/energia-solar-ultrapassa-nuclear-em-capacidade-instalada-no-brasil\/\"},\"author\":{\"name\":\"Bianca\",\"@id\":\"https:\/\/www.institutodeengenharia.org.br\/site\/#\/schema\/person\/aeb64951c405e100d26d30b033dd423f\"},\"headline\":\"Energia solar ultrapassa nuclear em capacidade instalada no Brasil\",\"datePublished\":\"2019-03-18T13:04:11+00:00\",\"dateModified\":\"2019-03-20T23:37:26+00:00\",\"mainEntityOfPage\":{\"@id\":\"https:\/\/www.institutodeengenharia.org.br\/site\/2019\/03\/18\/energia-solar-ultrapassa-nuclear-em-capacidade-instalada-no-brasil\/\"},\"wordCount\":601,\"commentCount\":0,\"publisher\":{\"@id\":\"https:\/\/www.institutodeengenharia.org.br\/site\/#organization\"},\"image\":{\"@id\":\"https:\/\/www.institutodeengenharia.org.br\/site\/2019\/03\/18\/energia-solar-ultrapassa-nuclear-em-capacidade-instalada-no-brasil\/#primaryimage\"},\"thumbnailUrl\":\"https:\/\/www.institutodeengenharia.org.br\/site\/wp-content\/uploads\/2019\/03\/energia.jpg\",\"keywords\":[\"Destaque Topo\"],\"articleSection\":[\"Energia\"],\"inLanguage\":\"pt-BR\",\"potentialAction\":[{\"@type\":\"CommentAction\",\"name\":\"Comment\",\"target\":[\"https:\/\/www.institutodeengenharia.org.br\/site\/2019\/03\/18\/energia-solar-ultrapassa-nuclear-em-capacidade-instalada-no-brasil\/#respond\"]}]},{\"@type\":\"WebPage\",\"@id\":\"https:\/\/www.institutodeengenharia.org.br\/site\/2019\/03\/18\/energia-solar-ultrapassa-nuclear-em-capacidade-instalada-no-brasil\/\",\"url\":\"https:\/\/www.institutodeengenharia.org.br\/site\/2019\/03\/18\/energia-solar-ultrapassa-nuclear-em-capacidade-instalada-no-brasil\/\",\"name\":\"Energia solar ultrapassa nuclear em capacidade instalada no Brasil - Instituto de Engenharia\",\"isPartOf\":{\"@id\":\"https:\/\/www.institutodeengenharia.org.br\/site\/#website\"},\"primaryImageOfPage\":{\"@id\":\"https:\/\/www.institutodeengenharia.org.br\/site\/2019\/03\/18\/energia-solar-ultrapassa-nuclear-em-capacidade-instalada-no-brasil\/#primaryimage\"},\"image\":{\"@id\":\"https:\/\/www.institutodeengenharia.org.br\/site\/2019\/03\/18\/energia-solar-ultrapassa-nuclear-em-capacidade-instalada-no-brasil\/#primaryimage\"},\"thumbnailUrl\":\"https:\/\/www.institutodeengenharia.org.br\/site\/wp-content\/uploads\/2019\/03\/energia.jpg\",\"datePublished\":\"2019-03-18T13:04:11+00:00\",\"dateModified\":\"2019-03-20T23:37:26+00:00\",\"breadcrumb\":{\"@id\":\"https:\/\/www.institutodeengenharia.org.br\/site\/2019\/03\/18\/energia-solar-ultrapassa-nuclear-em-capacidade-instalada-no-brasil\/#breadcrumb\"},\"inLanguage\":\"pt-BR\",\"potentialAction\":[{\"@type\":\"ReadAction\",\"target\":[\"https:\/\/www.institutodeengenharia.org.br\/site\/2019\/03\/18\/energia-solar-ultrapassa-nuclear-em-capacidade-instalada-no-brasil\/\"]}]},{\"@type\":\"ImageObject\",\"inLanguage\":\"pt-BR\",\"@id\":\"https:\/\/www.institutodeengenharia.org.br\/site\/2019\/03\/18\/energia-solar-ultrapassa-nuclear-em-capacidade-instalada-no-brasil\/#primaryimage\",\"url\":\"https:\/\/www.institutodeengenharia.org.br\/site\/wp-content\/uploads\/2019\/03\/energia.jpg\",\"contentUrl\":\"https:\/\/www.institutodeengenharia.org.br\/site\/wp-content\/uploads\/2019\/03\/energia.jpg\",\"width\":1245,\"height\":830},{\"@type\":\"BreadcrumbList\",\"@id\":\"https:\/\/www.institutodeengenharia.org.br\/site\/2019\/03\/18\/energia-solar-ultrapassa-nuclear-em-capacidade-instalada-no-brasil\/#breadcrumb\",\"itemListElement\":[{\"@type\":\"ListItem\",\"position\":1,\"name\":\"In\u00edcio\",\"item\":\"https:\/\/www.institutodeengenharia.org.br\/site\/\"},{\"@type\":\"ListItem\",\"position\":2,\"name\":\"Energia solar ultrapassa nuclear em capacidade instalada no Brasil\"}]},{\"@type\":\"WebSite\",\"@id\":\"https:\/\/www.institutodeengenharia.org.br\/site\/#website\",\"url\":\"https:\/\/www.institutodeengenharia.org.br\/site\/\",\"name\":\"Instituto de Engenharia\",\"description\":\"O Instituto de Engenharia promove a Engenharia em benef\u00edcio do desenvolvimento e da qualidade de vida da sociedade.\",\"publisher\":{\"@id\":\"https:\/\/www.institutodeengenharia.org.br\/site\/#organization\"},\"potentialAction\":[{\"@type\":\"SearchAction\",\"target\":{\"@type\":\"EntryPoint\",\"urlTemplate\":\"https:\/\/www.institutodeengenharia.org.br\/site\/?s={search_term_string}\"},\"query-input\":{\"@type\":\"PropertyValueSpecification\",\"valueRequired\":true,\"valueName\":\"search_term_string\"}}],\"inLanguage\":\"pt-BR\"},{\"@type\":\"Organization\",\"@id\":\"https:\/\/www.institutodeengenharia.org.br\/site\/#organization\",\"name\":\"Instituto de Engenharia\",\"url\":\"https:\/\/www.institutodeengenharia.org.br\/site\/\",\"logo\":{\"@type\":\"ImageObject\",\"inLanguage\":\"pt-BR\",\"@id\":\"https:\/\/www.institutodeengenharia.org.br\/site\/#\/schema\/logo\/image\/\",\"url\":\"https:\/\/www.institutodeengenharia.org.br\/site\/wp-content\/uploads\/2019\/03\/logo-novo-IE2018-1.jpg\",\"contentUrl\":\"https:\/\/www.institutodeengenharia.org.br\/site\/wp-content\/uploads\/2019\/03\/logo-novo-IE2018-1.jpg\",\"width\":1486,\"height\":1879,\"caption\":\"Instituto de Engenharia\"},\"image\":{\"@id\":\"https:\/\/www.institutodeengenharia.org.br\/site\/#\/schema\/logo\/image\/\"},\"sameAs\":[\"https:\/\/www.facebook.com\/institutodeengenharia\",\"https:\/\/x.com\/iengenharia\",\"https:\/\/www.instagram.com\/institutodeengenharia\/\",\"https:\/\/www.linkedin.com\/company\/instituto-de-engenharia\/\",\"https:\/\/www.youtube.com\/channel\/UCXiCAlsSMe977vamW915HxA\"]},{\"@type\":\"Person\",\"@id\":\"https:\/\/www.institutodeengenharia.org.br\/site\/#\/schema\/person\/aeb64951c405e100d26d30b033dd423f\",\"name\":\"Bianca\",\"image\":{\"@type\":\"ImageObject\",\"inLanguage\":\"pt-BR\",\"@id\":\"https:\/\/secure.gravatar.com\/avatar\/a6fbe9bff57405baf4c1e2c5c1811e072b558253974a9f9508f4678900c97c2a?s=96&d=mm&r=g\",\"url\":\"https:\/\/secure.gravatar.com\/avatar\/a6fbe9bff57405baf4c1e2c5c1811e072b558253974a9f9508f4678900c97c2a?s=96&d=mm&r=g\",\"contentUrl\":\"https:\/\/secure.gravatar.com\/avatar\/a6fbe9bff57405baf4c1e2c5c1811e072b558253974a9f9508f4678900c97c2a?s=96&d=mm&r=g\",\"caption\":\"Bianca\"},\"url\":\"https:\/\/www.institutodeengenharia.org.br\/site\/author\/comunicacao1\/\"}]}<\/script>\n<!-- \/ Yoast SEO plugin. -->","yoast_head_json":{"title":"Energia solar ultrapassa nuclear em capacidade instalada no Brasil - Instituto de Engenharia","robots":{"index":"index","follow":"follow","max-snippet":"max-snippet:-1","max-image-preview":"max-image-preview:large","max-video-preview":"max-video-preview:-1"},"canonical":"https:\/\/www.institutodeengenharia.org.br\/site\/2019\/03\/18\/energia-solar-ultrapassa-nuclear-em-capacidade-instalada-no-brasil\/","og_locale":"pt_BR","og_type":"article","og_title":"Energia solar ultrapassa nuclear em capacidade instalada no Brasil - Instituto de Engenharia","og_description":"O Brasil acaba de superar a marca de 2.000 megawatts (MW) de pot\u00eancia operacional em sistemas de gera\u00e7\u00e3o centralizada solar fotovoltaica, ou seja, usinas de grande porte, conectadas ao Sistema Interligado Nacional (SIN). Segundo mapeamento da Associa\u00e7\u00e3o Brasileira de Energia Solar Fotovoltaica (ABSOLAR), a fonte solar fotovoltaica, baseada na convers\u00e3o direta da radia\u00e7\u00e3o solar em [&hellip;]","og_url":"https:\/\/www.institutodeengenharia.org.br\/site\/2019\/03\/18\/energia-solar-ultrapassa-nuclear-em-capacidade-instalada-no-brasil\/","og_site_name":"Instituto de Engenharia","article_publisher":"https:\/\/www.facebook.com\/institutodeengenharia","article_published_time":"2019-03-18T13:04:11+00:00","article_modified_time":"2019-03-20T23:37:26+00:00","og_image":[{"width":1245,"height":830,"url":"https:\/\/www.institutodeengenharia.org.br\/site\/wp-content\/uploads\/2019\/03\/energia.jpg","type":"image\/jpeg"}],"author":"Bianca","twitter_card":"summary_large_image","twitter_creator":"@iengenharia","twitter_site":"@iengenharia","twitter_misc":{"Escrito por":"Bianca","Est. tempo de leitura":"3 minutos"},"schema":{"@context":"https:\/\/schema.org","@graph":[{"@type":"Article","@id":"https:\/\/www.institutodeengenharia.org.br\/site\/2019\/03\/18\/energia-solar-ultrapassa-nuclear-em-capacidade-instalada-no-brasil\/#article","isPartOf":{"@id":"https:\/\/www.institutodeengenharia.org.br\/site\/2019\/03\/18\/energia-solar-ultrapassa-nuclear-em-capacidade-instalada-no-brasil\/"},"author":{"name":"Bianca","@id":"https:\/\/www.institutodeengenharia.org.br\/site\/#\/schema\/person\/aeb64951c405e100d26d30b033dd423f"},"headline":"Energia solar ultrapassa nuclear em capacidade instalada no Brasil","datePublished":"2019-03-18T13:04:11+00:00","dateModified":"2019-03-20T23:37:26+00:00","mainEntityOfPage":{"@id":"https:\/\/www.institutodeengenharia.org.br\/site\/2019\/03\/18\/energia-solar-ultrapassa-nuclear-em-capacidade-instalada-no-brasil\/"},"wordCount":601,"commentCount":0,"publisher":{"@id":"https:\/\/www.institutodeengenharia.org.br\/site\/#organization"},"image":{"@id":"https:\/\/www.institutodeengenharia.org.br\/site\/2019\/03\/18\/energia-solar-ultrapassa-nuclear-em-capacidade-instalada-no-brasil\/#primaryimage"},"thumbnailUrl":"https:\/\/www.institutodeengenharia.org.br\/site\/wp-content\/uploads\/2019\/03\/energia.jpg","keywords":["Destaque Topo"],"articleSection":["Energia"],"inLanguage":"pt-BR","potentialAction":[{"@type":"CommentAction","name":"Comment","target":["https:\/\/www.institutodeengenharia.org.br\/site\/2019\/03\/18\/energia-solar-ultrapassa-nuclear-em-capacidade-instalada-no-brasil\/#respond"]}]},{"@type":"WebPage","@id":"https:\/\/www.institutodeengenharia.org.br\/site\/2019\/03\/18\/energia-solar-ultrapassa-nuclear-em-capacidade-instalada-no-brasil\/","url":"https:\/\/www.institutodeengenharia.org.br\/site\/2019\/03\/18\/energia-solar-ultrapassa-nuclear-em-capacidade-instalada-no-brasil\/","name":"Energia solar ultrapassa nuclear em capacidade instalada no Brasil - Instituto de Engenharia","isPartOf":{"@id":"https:\/\/www.institutodeengenharia.org.br\/site\/#website"},"primaryImageOfPage":{"@id":"https:\/\/www.institutodeengenharia.org.br\/site\/2019\/03\/18\/energia-solar-ultrapassa-nuclear-em-capacidade-instalada-no-brasil\/#primaryimage"},"image":{"@id":"https:\/\/www.institutodeengenharia.org.br\/site\/2019\/03\/18\/energia-solar-ultrapassa-nuclear-em-capacidade-instalada-no-brasil\/#primaryimage"},"thumbnailUrl":"https:\/\/www.institutodeengenharia.org.br\/site\/wp-content\/uploads\/2019\/03\/energia.jpg","datePublished":"2019-03-18T13:04:11+00:00","dateModified":"2019-03-20T23:37:26+00:00","breadcrumb":{"@id":"https:\/\/www.institutodeengenharia.org.br\/site\/2019\/03\/18\/energia-solar-ultrapassa-nuclear-em-capacidade-instalada-no-brasil\/#breadcrumb"},"inLanguage":"pt-BR","potentialAction":[{"@type":"ReadAction","target":["https:\/\/www.institutodeengenharia.org.br\/site\/2019\/03\/18\/energia-solar-ultrapassa-nuclear-em-capacidade-instalada-no-brasil\/"]}]},{"@type":"ImageObject","inLanguage":"pt-BR","@id":"https:\/\/www.institutodeengenharia.org.br\/site\/2019\/03\/18\/energia-solar-ultrapassa-nuclear-em-capacidade-instalada-no-brasil\/#primaryimage","url":"https:\/\/www.institutodeengenharia.org.br\/site\/wp-content\/uploads\/2019\/03\/energia.jpg","contentUrl":"https:\/\/www.institutodeengenharia.org.br\/site\/wp-content\/uploads\/2019\/03\/energia.jpg","width":1245,"height":830},{"@type":"BreadcrumbList","@id":"https:\/\/www.institutodeengenharia.org.br\/site\/2019\/03\/18\/energia-solar-ultrapassa-nuclear-em-capacidade-instalada-no-brasil\/#breadcrumb","itemListElement":[{"@type":"ListItem","position":1,"name":"In\u00edcio","item":"https:\/\/www.institutodeengenharia.org.br\/site\/"},{"@type":"ListItem","position":2,"name":"Energia solar ultrapassa nuclear em capacidade instalada no Brasil"}]},{"@type":"WebSite","@id":"https:\/\/www.institutodeengenharia.org.br\/site\/#website","url":"https:\/\/www.institutodeengenharia.org.br\/site\/","name":"Instituto de Engenharia","description":"O Instituto de Engenharia promove a Engenharia em benef\u00edcio do desenvolvimento e da qualidade de vida da sociedade.","publisher":{"@id":"https:\/\/www.institutodeengenharia.org.br\/site\/#organization"},"potentialAction":[{"@type":"SearchAction","target":{"@type":"EntryPoint","urlTemplate":"https:\/\/www.institutodeengenharia.org.br\/site\/?s={search_term_string}"},"query-input":{"@type":"PropertyValueSpecification","valueRequired":true,"valueName":"search_term_string"}}],"inLanguage":"pt-BR"},{"@type":"Organization","@id":"https:\/\/www.institutodeengenharia.org.br\/site\/#organization","name":"Instituto de Engenharia","url":"https:\/\/www.institutodeengenharia.org.br\/site\/","logo":{"@type":"ImageObject","inLanguage":"pt-BR","@id":"https:\/\/www.institutodeengenharia.org.br\/site\/#\/schema\/logo\/image\/","url":"https:\/\/www.institutodeengenharia.org.br\/site\/wp-content\/uploads\/2019\/03\/logo-novo-IE2018-1.jpg","contentUrl":"https:\/\/www.institutodeengenharia.org.br\/site\/wp-content\/uploads\/2019\/03\/logo-novo-IE2018-1.jpg","width":1486,"height":1879,"caption":"Instituto de Engenharia"},"image":{"@id":"https:\/\/www.institutodeengenharia.org.br\/site\/#\/schema\/logo\/image\/"},"sameAs":["https:\/\/www.facebook.com\/institutodeengenharia","https:\/\/x.com\/iengenharia","https:\/\/www.instagram.com\/institutodeengenharia\/","https:\/\/www.linkedin.com\/company\/instituto-de-engenharia\/","https:\/\/www.youtube.com\/channel\/UCXiCAlsSMe977vamW915HxA"]},{"@type":"Person","@id":"https:\/\/www.institutodeengenharia.org.br\/site\/#\/schema\/person\/aeb64951c405e100d26d30b033dd423f","name":"Bianca","image":{"@type":"ImageObject","inLanguage":"pt-BR","@id":"https:\/\/secure.gravatar.com\/avatar\/a6fbe9bff57405baf4c1e2c5c1811e072b558253974a9f9508f4678900c97c2a?s=96&d=mm&r=g","url":"https:\/\/secure.gravatar.com\/avatar\/a6fbe9bff57405baf4c1e2c5c1811e072b558253974a9f9508f4678900c97c2a?s=96&d=mm&r=g","contentUrl":"https:\/\/secure.gravatar.com\/avatar\/a6fbe9bff57405baf4c1e2c5c1811e072b558253974a9f9508f4678900c97c2a?s=96&d=mm&r=g","caption":"Bianca"},"url":"https:\/\/www.institutodeengenharia.org.br\/site\/author\/comunicacao1\/"}]}},"_links":{"self":[{"href":"https:\/\/www.institutodeengenharia.org.br\/site\/wp-json\/wp\/v2\/posts\/40729","targetHints":{"allow":["GET"]}}],"collection":[{"href":"https:\/\/www.institutodeengenharia.org.br\/site\/wp-json\/wp\/v2\/posts"}],"about":[{"href":"https:\/\/www.institutodeengenharia.org.br\/site\/wp-json\/wp\/v2\/types\/post"}],"author":[{"embeddable":true,"href":"https:\/\/www.institutodeengenharia.org.br\/site\/wp-json\/wp\/v2\/users\/13"}],"replies":[{"embeddable":true,"href":"https:\/\/www.institutodeengenharia.org.br\/site\/wp-json\/wp\/v2\/comments?post=40729"}],"version-history":[{"count":1,"href":"https:\/\/www.institutodeengenharia.org.br\/site\/wp-json\/wp\/v2\/posts\/40729\/revisions"}],"predecessor-version":[{"id":40731,"href":"https:\/\/www.institutodeengenharia.org.br\/site\/wp-json\/wp\/v2\/posts\/40729\/revisions\/40731"}],"wp:featuredmedia":[{"embeddable":true,"href":"https:\/\/www.institutodeengenharia.org.br\/site\/wp-json\/wp\/v2\/media\/40730"}],"wp:attachment":[{"href":"https:\/\/www.institutodeengenharia.org.br\/site\/wp-json\/wp\/v2\/media?parent=40729"}],"wp:term":[{"taxonomy":"category","embeddable":true,"href":"https:\/\/www.institutodeengenharia.org.br\/site\/wp-json\/wp\/v2\/categories?post=40729"},{"taxonomy":"post_tag","embeddable":true,"href":"https:\/\/www.institutodeengenharia.org.br\/site\/wp-json\/wp\/v2\/tags?post=40729"}],"curies":[{"name":"wp","href":"https:\/\/api.w.org\/{rel}","templated":true}]}}