{"id":40531,"date":"2019-03-08T09:19:52","date_gmt":"2019-03-08T12:19:52","guid":{"rendered":"https:\/\/www.institutodeengenharia.org.br\/site\/?p=40531"},"modified":"2019-03-08T09:19:52","modified_gmt":"2019-03-08T12:19:52","slug":"dia-internacional-da-mulher-cresce-a-maioria-feminina-na-arquitetura-no-brasil","status":"publish","type":"post","link":"https:\/\/www.institutodeengenharia.org.br\/site\/2019\/03\/08\/dia-internacional-da-mulher-cresce-a-maioria-feminina-na-arquitetura-no-brasil\/","title":{"rendered":"Dia Internacional da Mulher: cresce a maioria feminina na arquitetura no Brasil"},"content":{"rendered":"<p>O Brasil possui atualmente 167.060 arquitetos e urbanistas ativos e registrados no Conselho de Arquitetura e Urbanismo. A maioria, 63,10% (105.420) s\u00e3o mulheres (105.420), enquanto 36,90% (61.640) s\u00e3o homens (61.400). Em 2018, os percentuais eram respectivamente de 62% e 38%. Essa predomin\u00e2ncia tende a\u00a0aumentar nos pr\u00f3ximos anos, uma vez que a parcela de mulheres entre estudantes \u00e9 bem maior: 67%.<\/p>\n<p>Para comemorar o Dia Internacional da Mulher de 2019, o CAU presta uma homenagem especial a elas, apresentando trajet\u00f3rias inspiradoras de arquitetas e urbanistas de todo pa\u00eds. Os perfis est\u00e3o dispon\u00edveis em <a href=\"http:\/\/www.caubr.gov.br\/\">www.caubr.gov.br<\/a>.<\/p>\n<p>Entre as protagonistas est\u00e3o a jovem carioca Carla Jua\u00e7aba, hoje uma das arquitetas brasileiras mais em evid\u00eancia no exterior; a paulista Rosa Kliass, autora de projetos paisag\u00edsticos de grande escala como o Parque do Anhangaba\u00fa (S\u00e3o Paulo) e o Mangal das Gar\u00e7as (Bel\u00e9m); a mineira Carina Guedes, do \u201cArquitetura na Periferia\u201d de Belo Horizonte ; e os coletivos \u201cArquitetas Invis\u00edveis\u201d e \u201cArquitetas Negras\u201d.<\/p>\n<p style=\"margin-bottom: .0001pt;\">\u00a0\u201cCom essas hist\u00f3rias buscamos fazer justi\u00e7a dando maior visibilidade ao trabalho de nossas colegas.\u00a0 A fun\u00e7\u00e3o social da profiss\u00e3o \u00e9 um desafio para todos os profissionais da \u00e1rea e o conjunto formado pelo p\u00fablico feminino \u00e9 essencial para a constru\u00e7\u00e3o de cidades mais inclusivas\u201d, afirma o arquiteto e urbanista Luciano Guimar\u00e3es, presidente do Conselho de Arquitetura e Urbanismo do Brasil (CAU\/BR).\u00a0\u00a0 \u201cN\u00e3o por acaso, a ag\u00eancia Habitat da ONU d\u00e1 \u00eanfase \u00e0s mulheres no planejamento urbano, considerando que a cidade segura para as mulheres \u00e9 segura para todos\u201d, complementa.<\/p>\n<p>&nbsp;<\/p>\n<p style=\"text-align: justify;\"><strong><span style=\"font-family: 'Arial','sans-serif';\">RADIOGRAFIA<\/span><\/strong>\n<\/p>\n<p><img loading=\"lazy\" decoding=\"async\" class=\"wp-image-40532 aligncenter\" src=\"https:\/\/www.institutodeengenharia.org.br\/site\/wp-content\/uploads\/2019\/03\/1.jpg\" alt=\"\" width=\"670\" height=\"338\" srcset=\"https:\/\/www.institutodeengenharia.org.br\/site\/wp-content\/uploads\/2019\/03\/1.jpg 1006w, https:\/\/www.institutodeengenharia.org.br\/site\/wp-content\/uploads\/2019\/03\/1-300x151.jpg 300w, https:\/\/www.institutodeengenharia.org.br\/site\/wp-content\/uploads\/2019\/03\/1-768x388.jpg 768w, https:\/\/www.institutodeengenharia.org.br\/site\/wp-content\/uploads\/2019\/03\/1-696x351.jpg 696w, https:\/\/www.institutodeengenharia.org.br\/site\/wp-content\/uploads\/2019\/03\/1-832x420.jpg 832w\" sizes=\"auto, (max-width: 670px) 100vw, 670px\" \/><\/p>\n<p><img loading=\"lazy\" decoding=\"async\" class=\"wp-image-40533 aligncenter\" src=\"https:\/\/www.institutodeengenharia.org.br\/site\/wp-content\/uploads\/2019\/03\/2.jpg\" alt=\"\" width=\"676\" height=\"369\" srcset=\"https:\/\/www.institutodeengenharia.org.br\/site\/wp-content\/uploads\/2019\/03\/2.jpg 1074w, https:\/\/www.institutodeengenharia.org.br\/site\/wp-content\/uploads\/2019\/03\/2-300x164.jpg 300w, https:\/\/www.institutodeengenharia.org.br\/site\/wp-content\/uploads\/2019\/03\/2-768x419.jpg 768w, https:\/\/www.institutodeengenharia.org.br\/site\/wp-content\/uploads\/2019\/03\/2-1024x559.jpg 1024w, https:\/\/www.institutodeengenharia.org.br\/site\/wp-content\/uploads\/2019\/03\/2-696x380.jpg 696w, https:\/\/www.institutodeengenharia.org.br\/site\/wp-content\/uploads\/2019\/03\/2-1068x583.jpg 1068w, https:\/\/www.institutodeengenharia.org.br\/site\/wp-content\/uploads\/2019\/03\/2-770x420.jpg 770w\" sizes=\"auto, (max-width: 676px) 100vw, 676px\" \/><\/p>\n<p style=\"text-align: justify;\"><span style=\"font-family: 'Arial','sans-serif';\">O CAU tamb\u00e9m divulgou uma radiografia mostrando a for\u00e7a feminina na Arquitetura e Urbanismo do Brasil. Na faixa et\u00e1ria at\u00e9 25 anos, as profissionais representam 79% do total de arquitetos e urbanistas. Ou seja, tr\u00eas em cada quatro. Entre 26 e 30 anos, o percentual \u00e9 de 72%. A maioria se mant\u00e9m at\u00e9 a faixa dos 60 anos, acima da qual os homens assumem o posto com 60%. <\/span><\/p>\n<p style=\"text-align: justify;\"><span style=\"font-family: 'Arial','sans-serif';\">Na distribui\u00e7\u00e3o por Estados, S\u00e3o Paulo naturalmente, por ter o maior contingente de profissionais (53.541), possui o maior n\u00famero de arquitetas e urbanistas: 33.057, em contraposi\u00e7\u00e3o a 20.484 homens. Em termos percentuais, 11 Estados est\u00e3o acima da m\u00e9dia nacional de arquitetas e urbanistas: RN, AL, ES, MG, PE, GO, PB, SC, MT, PR e RS. O DF e o PA empatam. A menor presen\u00e7a ocorre nos Estados do AC e do AP, com percentuais abaixo de 50%. <\/span><\/p>\n<p><img loading=\"lazy\" decoding=\"async\" class=\"wp-image-40534 aligncenter\" src=\"https:\/\/www.institutodeengenharia.org.br\/site\/wp-content\/uploads\/2019\/03\/3.jpg\" alt=\"\" width=\"584\" height=\"1314\" srcset=\"https:\/\/www.institutodeengenharia.org.br\/site\/wp-content\/uploads\/2019\/03\/3.jpg 772w, https:\/\/www.institutodeengenharia.org.br\/site\/wp-content\/uploads\/2019\/03\/3-133x300.jpg 133w, https:\/\/www.institutodeengenharia.org.br\/site\/wp-content\/uploads\/2019\/03\/3-768x1728.jpg 768w, https:\/\/www.institutodeengenharia.org.br\/site\/wp-content\/uploads\/2019\/03\/3-455x1024.jpg 455w, https:\/\/www.institutodeengenharia.org.br\/site\/wp-content\/uploads\/2019\/03\/3-696x1566.jpg 696w, https:\/\/www.institutodeengenharia.org.br\/site\/wp-content\/uploads\/2019\/03\/3-187x420.jpg 187w\" sizes=\"auto, (max-width: 584px) 100vw, 584px\" \/><\/p>\n<p><img loading=\"lazy\" decoding=\"async\" class=\"wp-image-40535 aligncenter\" src=\"https:\/\/www.institutodeengenharia.org.br\/site\/wp-content\/uploads\/2019\/03\/4.jpg\" alt=\"\" width=\"579\" height=\"1292\" srcset=\"https:\/\/www.institutodeengenharia.org.br\/site\/wp-content\/uploads\/2019\/03\/4.jpg 775w, https:\/\/www.institutodeengenharia.org.br\/site\/wp-content\/uploads\/2019\/03\/4-134x300.jpg 134w, https:\/\/www.institutodeengenharia.org.br\/site\/wp-content\/uploads\/2019\/03\/4-768x1713.jpg 768w, https:\/\/www.institutodeengenharia.org.br\/site\/wp-content\/uploads\/2019\/03\/4-459x1024.jpg 459w, https:\/\/www.institutodeengenharia.org.br\/site\/wp-content\/uploads\/2019\/03\/4-696x1553.jpg 696w, https:\/\/www.institutodeengenharia.org.br\/site\/wp-content\/uploads\/2019\/03\/4-188x420.jpg 188w\" sizes=\"auto, (max-width: 579px) 100vw, 579px\" \/><\/p>\n<p>&nbsp;<\/p>\n<p><img loading=\"lazy\" decoding=\"async\" class=\" wp-image-40536 aligncenter\" src=\"https:\/\/www.institutodeengenharia.org.br\/site\/wp-content\/uploads\/2019\/03\/5.jpg\" alt=\"\" width=\"512\" height=\"982\" srcset=\"https:\/\/www.institutodeengenharia.org.br\/site\/wp-content\/uploads\/2019\/03\/5.jpg 604w, https:\/\/www.institutodeengenharia.org.br\/site\/wp-content\/uploads\/2019\/03\/5-156x300.jpg 156w, https:\/\/www.institutodeengenharia.org.br\/site\/wp-content\/uploads\/2019\/03\/5-534x1024.jpg 534w, https:\/\/www.institutodeengenharia.org.br\/site\/wp-content\/uploads\/2019\/03\/5-219x420.jpg 219w\" sizes=\"auto, (max-width: 512px) 100vw, 512px\" \/><\/p>\n<p>&nbsp;<\/p>\n<p style=\"text-align: justify;\"><strong><span style=\"font-family: 'Arial','sans-serif';\">DIAGN\u00d3STICO IN\u00c9DITO<\/span><\/strong><\/p>\n<p style=\"text-align: justify;\"><span style=\"font-family: 'Arial','sans-serif';\">O Conselho de Arquitetura do Brasil divulgou ainda um diagn\u00f3stico in\u00e9dito com outros aspectos da presen\u00e7a feminina no setor. <\/span><\/p>\n<p style=\"text-align: justify;\"><span style=\"font-family: 'Arial','sans-serif';\">Como reflexo da maior presen\u00e7a feminina no mercado de trabalho, as arquitetas e urbanistas s\u00e3o a maioria entre os profissionais que emitem RRTs (Registros de Responsabilidade T\u00e9cnica) de projetos ou obras at\u00e9 o n\u00famero de 50 por ano. Com 47%, quase se igualam aos homens na emiss\u00e3o de mais de 50 RRTs por ano. <\/span><\/p>\n<p style=\"text-align: justify;\"><span style=\"font-family: 'Arial','sans-serif';\">Em rela\u00e7\u00e3o \u00e0s atividades, nos \u00faltimos dois anos 34% dedicou-se \u00e0 concep\u00e7\u00e3o de projetos, 16% \u00e0 constru\u00e7\u00e3o, 15% \u00e0 arquitetura de interiores, 5% ao servi\u00e7o p\u00fablico, 4% ao planejamento urbano e regional e 3,3% \u00e0 arquitetura paisag\u00edstica, para citar as seis principais. <\/span><\/p>\n<p><img loading=\"lazy\" decoding=\"async\" class=\"wp-image-40537 aligncenter\" src=\"https:\/\/www.institutodeengenharia.org.br\/site\/wp-content\/uploads\/2019\/03\/6.jpg\" alt=\"\" width=\"580\" height=\"220\" srcset=\"https:\/\/www.institutodeengenharia.org.br\/site\/wp-content\/uploads\/2019\/03\/6.jpg 786w, https:\/\/www.institutodeengenharia.org.br\/site\/wp-content\/uploads\/2019\/03\/6-300x114.jpg 300w, https:\/\/www.institutodeengenharia.org.br\/site\/wp-content\/uploads\/2019\/03\/6-768x291.jpg 768w, https:\/\/www.institutodeengenharia.org.br\/site\/wp-content\/uploads\/2019\/03\/6-696x264.jpg 696w\" sizes=\"auto, (max-width: 580px) 100vw, 580px\" \/><\/p>\n<p style=\"text-align: justify;\"><span style=\"font-family: 'Arial','sans-serif';\">Esse desempenho, contudo, n\u00e3o tem uma percep\u00e7\u00e3o proporcional pela sociedade, situa\u00e7\u00e3o que se repete em outros pa\u00edses. A historiadora espanhola Beatriz Colomina, professora da Universidade de Princeton, nos Estados Unidos, escreveu muito sobre g\u00eanero e arquitetura. \u00c9 dela a afirma\u00e7\u00e3o de que \u201cas mulheres s\u00e3o os fantasmas da arquitetura moderna, sempre presentes, cruciais, mas estranhamente invis\u00edveis\u201d. <\/span><\/p>\n<p style=\"margin-bottom: .0001pt; text-align: justify; background-image: initial; background-position: initial; background-size: initial; background-repeat: initial; background-attachment: initial; background-origin: initial; background-clip: initial;\"><span style=\"font-family: 'Arial','sans-serif'; color: black;\">N\u00e3o se trata apenas de mercado de trabalho. A busca de melhores condi\u00e7\u00f5es femininas na profiss\u00e3o passa tamb\u00e9m pela ocupa\u00e7\u00e3o de posi\u00e7\u00f5es de destaque nas organiza\u00e7\u00f5es do setor, em alguns casos minorit\u00e1ria, o que tem ensejado a\u00e7\u00f5es objetivando corrigir o desequil\u00edbrio. O CAU\/BR, por exemplo, foi recentemente admitido pela ONU na<\/span><span style=\"font-family: 'Arial','sans-serif';\"> \u201cPlataforma de Empoderamento das Mulheres\u201d (WEP) e realizar\u00e1 este ano uma s\u00e9rie de debates sobre o tema, lembra seu presidente, Luciano Guimar\u00e3es. <\/span><\/p>\n<p style=\"text-align: justify;\"><span style=\"font-family: 'Arial','sans-serif';\">A quest\u00e3o n\u00e3o \u00e9 circunscrita ao interior da profiss\u00e3o. A expectativa \u00e9 de que \u00e0 medida em que tenha maior visibilidade a presen\u00e7a majoritariamente feminina no setor colabore para reverter o cen\u00e1rio de produ\u00e7\u00e3o de cidades sem preocupa\u00e7\u00e3o com as necessidades das mulheres e das crian\u00e7as.<\/span><\/p>\n<p style=\"text-align: justify;\"><span style=\"font-family: 'Arial','sans-serif';\">Para Beatriz Colomina, corrigir esse quadro \u201cn\u00e3o \u00e9 apenas uma quest\u00e3o de adicionar alguns nomes ou mesmo milhares \u00e0 hist\u00f3ria da Arquitetura. N\u00e3o \u00e9 apenas uma quest\u00e3o de justi\u00e7a humana ou precis\u00e3o hist\u00f3rica, mas uma maneira de entender mais completamente a arquitetura e as formas complexas em que \u00e9 produzida\u201d.<\/span><\/p>\n<p><em>Fonte Conselho de Arquitetura e Urbanismo do Brasil &#8211; CAU\/BR<\/em><\/p>\n","protected":false},"excerpt":{"rendered":"<p>O Brasil possui atualmente 167.060 arquitetos e urbanistas ativos e registrados no Conselho de Arquitetura e Urbanismo. A maioria, 63,10% (105.420) s\u00e3o mulheres (105.420), enquanto 36,90% (61.640) s\u00e3o homens (61.400). Em 2018, os percentuais eram respectivamente de 62% e 38%. Essa predomin\u00e2ncia tende a\u00a0aumentar nos pr\u00f3ximos anos, uma vez que a parcela de mulheres entre [&hellip;]<\/p>\n","protected":false},"author":13,"featured_media":40538,"comment_status":"open","ping_status":"open","sticky":false,"template":"","format":"standard","meta":{"footnotes":""},"categories":[936,6],"tags":[202],"class_list":{"0":"post-40531","1":"post","2":"type-post","3":"status-publish","4":"format-standard","5":"has-post-thumbnail","7":"category-mulher","8":"category-noticias","9":"tag-destaque"},"yoast_head":"<!-- This site is optimized with the Yoast SEO plugin v27.2 - https:\/\/yoast.com\/product\/yoast-seo-wordpress\/ -->\n<title>Dia Internacional da Mulher: cresce a maioria feminina na arquitetura no Brasil - Instituto de Engenharia<\/title>\n<meta name=\"robots\" content=\"index, follow, max-snippet:-1, max-image-preview:large, max-video-preview:-1\" \/>\n<link rel=\"canonical\" href=\"https:\/\/www.institutodeengenharia.org.br\/site\/2019\/03\/08\/dia-internacional-da-mulher-cresce-a-maioria-feminina-na-arquitetura-no-brasil\/\" \/>\n<meta property=\"og:locale\" content=\"pt_BR\" \/>\n<meta property=\"og:type\" content=\"article\" \/>\n<meta property=\"og:title\" content=\"Dia Internacional da Mulher: cresce a maioria feminina na arquitetura no Brasil - Instituto de Engenharia\" \/>\n<meta property=\"og:description\" content=\"O Brasil possui atualmente 167.060 arquitetos e urbanistas ativos e registrados no Conselho de Arquitetura e Urbanismo. A maioria, 63,10% (105.420) s\u00e3o mulheres (105.420), enquanto 36,90% (61.640) s\u00e3o homens (61.400). Em 2018, os percentuais eram respectivamente de 62% e 38%. Essa predomin\u00e2ncia tende a\u00a0aumentar nos pr\u00f3ximos anos, uma vez que a parcela de mulheres entre [&hellip;]\" \/>\n<meta property=\"og:url\" content=\"https:\/\/www.institutodeengenharia.org.br\/site\/2019\/03\/08\/dia-internacional-da-mulher-cresce-a-maioria-feminina-na-arquitetura-no-brasil\/\" \/>\n<meta property=\"og:site_name\" content=\"Instituto de Engenharia\" \/>\n<meta property=\"article:publisher\" content=\"https:\/\/www.facebook.com\/institutodeengenharia\" \/>\n<meta property=\"article:published_time\" content=\"2019-03-08T12:19:52+00:00\" \/>\n<meta property=\"og:image\" content=\"https:\/\/www.institutodeengenharia.org.br\/site\/wp-content\/uploads\/2019\/03\/arquitetura_e_urbanismo.jpg\" \/>\n\t<meta property=\"og:image:width\" content=\"1024\" \/>\n\t<meta property=\"og:image:height\" content=\"683\" \/>\n\t<meta property=\"og:image:type\" content=\"image\/jpeg\" \/>\n<meta name=\"author\" content=\"Bianca\" \/>\n<meta name=\"twitter:card\" content=\"summary_large_image\" \/>\n<meta name=\"twitter:creator\" content=\"@iengenharia\" \/>\n<meta name=\"twitter:site\" content=\"@iengenharia\" \/>\n<meta name=\"twitter:label1\" content=\"Escrito por\" \/>\n\t<meta name=\"twitter:data1\" content=\"Bianca\" \/>\n\t<meta name=\"twitter:label2\" content=\"Est. tempo de leitura\" \/>\n\t<meta name=\"twitter:data2\" content=\"4 minutos\" \/>\n<script type=\"application\/ld+json\" class=\"yoast-schema-graph\">{\"@context\":\"https:\/\/schema.org\",\"@graph\":[{\"@type\":\"Article\",\"@id\":\"https:\/\/www.institutodeengenharia.org.br\/site\/2019\/03\/08\/dia-internacional-da-mulher-cresce-a-maioria-feminina-na-arquitetura-no-brasil\/#article\",\"isPartOf\":{\"@id\":\"https:\/\/www.institutodeengenharia.org.br\/site\/2019\/03\/08\/dia-internacional-da-mulher-cresce-a-maioria-feminina-na-arquitetura-no-brasil\/\"},\"author\":{\"name\":\"Bianca\",\"@id\":\"https:\/\/www.institutodeengenharia.org.br\/site\/#\/schema\/person\/aeb64951c405e100d26d30b033dd423f\"},\"headline\":\"Dia Internacional da Mulher: cresce a maioria feminina na arquitetura no Brasil\",\"datePublished\":\"2019-03-08T12:19:52+00:00\",\"mainEntityOfPage\":{\"@id\":\"https:\/\/www.institutodeengenharia.org.br\/site\/2019\/03\/08\/dia-internacional-da-mulher-cresce-a-maioria-feminina-na-arquitetura-no-brasil\/\"},\"wordCount\":803,\"commentCount\":0,\"publisher\":{\"@id\":\"https:\/\/www.institutodeengenharia.org.br\/site\/#organization\"},\"image\":{\"@id\":\"https:\/\/www.institutodeengenharia.org.br\/site\/2019\/03\/08\/dia-internacional-da-mulher-cresce-a-maioria-feminina-na-arquitetura-no-brasil\/#primaryimage\"},\"thumbnailUrl\":\"https:\/\/www.institutodeengenharia.org.br\/site\/wp-content\/uploads\/2019\/03\/arquitetura_e_urbanismo.jpg\",\"keywords\":[\"+ Destaque\"],\"articleSection\":[\"Mulher\",\"Not\u00edcias\"],\"inLanguage\":\"pt-BR\",\"potentialAction\":[{\"@type\":\"CommentAction\",\"name\":\"Comment\",\"target\":[\"https:\/\/www.institutodeengenharia.org.br\/site\/2019\/03\/08\/dia-internacional-da-mulher-cresce-a-maioria-feminina-na-arquitetura-no-brasil\/#respond\"]}]},{\"@type\":\"WebPage\",\"@id\":\"https:\/\/www.institutodeengenharia.org.br\/site\/2019\/03\/08\/dia-internacional-da-mulher-cresce-a-maioria-feminina-na-arquitetura-no-brasil\/\",\"url\":\"https:\/\/www.institutodeengenharia.org.br\/site\/2019\/03\/08\/dia-internacional-da-mulher-cresce-a-maioria-feminina-na-arquitetura-no-brasil\/\",\"name\":\"Dia Internacional da Mulher: cresce a maioria feminina na arquitetura no Brasil - Instituto de Engenharia\",\"isPartOf\":{\"@id\":\"https:\/\/www.institutodeengenharia.org.br\/site\/#website\"},\"primaryImageOfPage\":{\"@id\":\"https:\/\/www.institutodeengenharia.org.br\/site\/2019\/03\/08\/dia-internacional-da-mulher-cresce-a-maioria-feminina-na-arquitetura-no-brasil\/#primaryimage\"},\"image\":{\"@id\":\"https:\/\/www.institutodeengenharia.org.br\/site\/2019\/03\/08\/dia-internacional-da-mulher-cresce-a-maioria-feminina-na-arquitetura-no-brasil\/#primaryimage\"},\"thumbnailUrl\":\"https:\/\/www.institutodeengenharia.org.br\/site\/wp-content\/uploads\/2019\/03\/arquitetura_e_urbanismo.jpg\",\"datePublished\":\"2019-03-08T12:19:52+00:00\",\"breadcrumb\":{\"@id\":\"https:\/\/www.institutodeengenharia.org.br\/site\/2019\/03\/08\/dia-internacional-da-mulher-cresce-a-maioria-feminina-na-arquitetura-no-brasil\/#breadcrumb\"},\"inLanguage\":\"pt-BR\",\"potentialAction\":[{\"@type\":\"ReadAction\",\"target\":[\"https:\/\/www.institutodeengenharia.org.br\/site\/2019\/03\/08\/dia-internacional-da-mulher-cresce-a-maioria-feminina-na-arquitetura-no-brasil\/\"]}]},{\"@type\":\"ImageObject\",\"inLanguage\":\"pt-BR\",\"@id\":\"https:\/\/www.institutodeengenharia.org.br\/site\/2019\/03\/08\/dia-internacional-da-mulher-cresce-a-maioria-feminina-na-arquitetura-no-brasil\/#primaryimage\",\"url\":\"https:\/\/www.institutodeengenharia.org.br\/site\/wp-content\/uploads\/2019\/03\/arquitetura_e_urbanismo.jpg\",\"contentUrl\":\"https:\/\/www.institutodeengenharia.org.br\/site\/wp-content\/uploads\/2019\/03\/arquitetura_e_urbanismo.jpg\",\"width\":1024,\"height\":683},{\"@type\":\"BreadcrumbList\",\"@id\":\"https:\/\/www.institutodeengenharia.org.br\/site\/2019\/03\/08\/dia-internacional-da-mulher-cresce-a-maioria-feminina-na-arquitetura-no-brasil\/#breadcrumb\",\"itemListElement\":[{\"@type\":\"ListItem\",\"position\":1,\"name\":\"In\u00edcio\",\"item\":\"https:\/\/www.institutodeengenharia.org.br\/site\/\"},{\"@type\":\"ListItem\",\"position\":2,\"name\":\"Dia Internacional da Mulher: cresce a maioria feminina na arquitetura no Brasil\"}]},{\"@type\":\"WebSite\",\"@id\":\"https:\/\/www.institutodeengenharia.org.br\/site\/#website\",\"url\":\"https:\/\/www.institutodeengenharia.org.br\/site\/\",\"name\":\"Instituto de Engenharia\",\"description\":\"O Instituto de Engenharia promove a Engenharia em benef\u00edcio do desenvolvimento e da qualidade de vida da sociedade.\",\"publisher\":{\"@id\":\"https:\/\/www.institutodeengenharia.org.br\/site\/#organization\"},\"potentialAction\":[{\"@type\":\"SearchAction\",\"target\":{\"@type\":\"EntryPoint\",\"urlTemplate\":\"https:\/\/www.institutodeengenharia.org.br\/site\/?s={search_term_string}\"},\"query-input\":{\"@type\":\"PropertyValueSpecification\",\"valueRequired\":true,\"valueName\":\"search_term_string\"}}],\"inLanguage\":\"pt-BR\"},{\"@type\":\"Organization\",\"@id\":\"https:\/\/www.institutodeengenharia.org.br\/site\/#organization\",\"name\":\"Instituto de Engenharia\",\"url\":\"https:\/\/www.institutodeengenharia.org.br\/site\/\",\"logo\":{\"@type\":\"ImageObject\",\"inLanguage\":\"pt-BR\",\"@id\":\"https:\/\/www.institutodeengenharia.org.br\/site\/#\/schema\/logo\/image\/\",\"url\":\"https:\/\/www.institutodeengenharia.org.br\/site\/wp-content\/uploads\/2019\/03\/logo-novo-IE2018-1.jpg\",\"contentUrl\":\"https:\/\/www.institutodeengenharia.org.br\/site\/wp-content\/uploads\/2019\/03\/logo-novo-IE2018-1.jpg\",\"width\":1486,\"height\":1879,\"caption\":\"Instituto de Engenharia\"},\"image\":{\"@id\":\"https:\/\/www.institutodeengenharia.org.br\/site\/#\/schema\/logo\/image\/\"},\"sameAs\":[\"https:\/\/www.facebook.com\/institutodeengenharia\",\"https:\/\/x.com\/iengenharia\",\"https:\/\/www.instagram.com\/institutodeengenharia\/\",\"https:\/\/www.linkedin.com\/company\/instituto-de-engenharia\/\",\"https:\/\/www.youtube.com\/channel\/UCXiCAlsSMe977vamW915HxA\"]},{\"@type\":\"Person\",\"@id\":\"https:\/\/www.institutodeengenharia.org.br\/site\/#\/schema\/person\/aeb64951c405e100d26d30b033dd423f\",\"name\":\"Bianca\",\"image\":{\"@type\":\"ImageObject\",\"inLanguage\":\"pt-BR\",\"@id\":\"https:\/\/secure.gravatar.com\/avatar\/a6fbe9bff57405baf4c1e2c5c1811e072b558253974a9f9508f4678900c97c2a?s=96&d=mm&r=g\",\"url\":\"https:\/\/secure.gravatar.com\/avatar\/a6fbe9bff57405baf4c1e2c5c1811e072b558253974a9f9508f4678900c97c2a?s=96&d=mm&r=g\",\"contentUrl\":\"https:\/\/secure.gravatar.com\/avatar\/a6fbe9bff57405baf4c1e2c5c1811e072b558253974a9f9508f4678900c97c2a?s=96&d=mm&r=g\",\"caption\":\"Bianca\"},\"url\":\"https:\/\/www.institutodeengenharia.org.br\/site\/author\/comunicacao1\/\"}]}<\/script>\n<!-- \/ Yoast SEO plugin. -->","yoast_head_json":{"title":"Dia Internacional da Mulher: cresce a maioria feminina na arquitetura no Brasil - Instituto de Engenharia","robots":{"index":"index","follow":"follow","max-snippet":"max-snippet:-1","max-image-preview":"max-image-preview:large","max-video-preview":"max-video-preview:-1"},"canonical":"https:\/\/www.institutodeengenharia.org.br\/site\/2019\/03\/08\/dia-internacional-da-mulher-cresce-a-maioria-feminina-na-arquitetura-no-brasil\/","og_locale":"pt_BR","og_type":"article","og_title":"Dia Internacional da Mulher: cresce a maioria feminina na arquitetura no Brasil - Instituto de Engenharia","og_description":"O Brasil possui atualmente 167.060 arquitetos e urbanistas ativos e registrados no Conselho de Arquitetura e Urbanismo. A maioria, 63,10% (105.420) s\u00e3o mulheres (105.420), enquanto 36,90% (61.640) s\u00e3o homens (61.400). Em 2018, os percentuais eram respectivamente de 62% e 38%. Essa predomin\u00e2ncia tende a\u00a0aumentar nos pr\u00f3ximos anos, uma vez que a parcela de mulheres entre [&hellip;]","og_url":"https:\/\/www.institutodeengenharia.org.br\/site\/2019\/03\/08\/dia-internacional-da-mulher-cresce-a-maioria-feminina-na-arquitetura-no-brasil\/","og_site_name":"Instituto de Engenharia","article_publisher":"https:\/\/www.facebook.com\/institutodeengenharia","article_published_time":"2019-03-08T12:19:52+00:00","og_image":[{"width":1024,"height":683,"url":"https:\/\/www.institutodeengenharia.org.br\/site\/wp-content\/uploads\/2019\/03\/arquitetura_e_urbanismo.jpg","type":"image\/jpeg"}],"author":"Bianca","twitter_card":"summary_large_image","twitter_creator":"@iengenharia","twitter_site":"@iengenharia","twitter_misc":{"Escrito por":"Bianca","Est. tempo de leitura":"4 minutos"},"schema":{"@context":"https:\/\/schema.org","@graph":[{"@type":"Article","@id":"https:\/\/www.institutodeengenharia.org.br\/site\/2019\/03\/08\/dia-internacional-da-mulher-cresce-a-maioria-feminina-na-arquitetura-no-brasil\/#article","isPartOf":{"@id":"https:\/\/www.institutodeengenharia.org.br\/site\/2019\/03\/08\/dia-internacional-da-mulher-cresce-a-maioria-feminina-na-arquitetura-no-brasil\/"},"author":{"name":"Bianca","@id":"https:\/\/www.institutodeengenharia.org.br\/site\/#\/schema\/person\/aeb64951c405e100d26d30b033dd423f"},"headline":"Dia Internacional da Mulher: cresce a maioria feminina na arquitetura no Brasil","datePublished":"2019-03-08T12:19:52+00:00","mainEntityOfPage":{"@id":"https:\/\/www.institutodeengenharia.org.br\/site\/2019\/03\/08\/dia-internacional-da-mulher-cresce-a-maioria-feminina-na-arquitetura-no-brasil\/"},"wordCount":803,"commentCount":0,"publisher":{"@id":"https:\/\/www.institutodeengenharia.org.br\/site\/#organization"},"image":{"@id":"https:\/\/www.institutodeengenharia.org.br\/site\/2019\/03\/08\/dia-internacional-da-mulher-cresce-a-maioria-feminina-na-arquitetura-no-brasil\/#primaryimage"},"thumbnailUrl":"https:\/\/www.institutodeengenharia.org.br\/site\/wp-content\/uploads\/2019\/03\/arquitetura_e_urbanismo.jpg","keywords":["+ Destaque"],"articleSection":["Mulher","Not\u00edcias"],"inLanguage":"pt-BR","potentialAction":[{"@type":"CommentAction","name":"Comment","target":["https:\/\/www.institutodeengenharia.org.br\/site\/2019\/03\/08\/dia-internacional-da-mulher-cresce-a-maioria-feminina-na-arquitetura-no-brasil\/#respond"]}]},{"@type":"WebPage","@id":"https:\/\/www.institutodeengenharia.org.br\/site\/2019\/03\/08\/dia-internacional-da-mulher-cresce-a-maioria-feminina-na-arquitetura-no-brasil\/","url":"https:\/\/www.institutodeengenharia.org.br\/site\/2019\/03\/08\/dia-internacional-da-mulher-cresce-a-maioria-feminina-na-arquitetura-no-brasil\/","name":"Dia Internacional da Mulher: cresce a maioria feminina na arquitetura no Brasil - Instituto de Engenharia","isPartOf":{"@id":"https:\/\/www.institutodeengenharia.org.br\/site\/#website"},"primaryImageOfPage":{"@id":"https:\/\/www.institutodeengenharia.org.br\/site\/2019\/03\/08\/dia-internacional-da-mulher-cresce-a-maioria-feminina-na-arquitetura-no-brasil\/#primaryimage"},"image":{"@id":"https:\/\/www.institutodeengenharia.org.br\/site\/2019\/03\/08\/dia-internacional-da-mulher-cresce-a-maioria-feminina-na-arquitetura-no-brasil\/#primaryimage"},"thumbnailUrl":"https:\/\/www.institutodeengenharia.org.br\/site\/wp-content\/uploads\/2019\/03\/arquitetura_e_urbanismo.jpg","datePublished":"2019-03-08T12:19:52+00:00","breadcrumb":{"@id":"https:\/\/www.institutodeengenharia.org.br\/site\/2019\/03\/08\/dia-internacional-da-mulher-cresce-a-maioria-feminina-na-arquitetura-no-brasil\/#breadcrumb"},"inLanguage":"pt-BR","potentialAction":[{"@type":"ReadAction","target":["https:\/\/www.institutodeengenharia.org.br\/site\/2019\/03\/08\/dia-internacional-da-mulher-cresce-a-maioria-feminina-na-arquitetura-no-brasil\/"]}]},{"@type":"ImageObject","inLanguage":"pt-BR","@id":"https:\/\/www.institutodeengenharia.org.br\/site\/2019\/03\/08\/dia-internacional-da-mulher-cresce-a-maioria-feminina-na-arquitetura-no-brasil\/#primaryimage","url":"https:\/\/www.institutodeengenharia.org.br\/site\/wp-content\/uploads\/2019\/03\/arquitetura_e_urbanismo.jpg","contentUrl":"https:\/\/www.institutodeengenharia.org.br\/site\/wp-content\/uploads\/2019\/03\/arquitetura_e_urbanismo.jpg","width":1024,"height":683},{"@type":"BreadcrumbList","@id":"https:\/\/www.institutodeengenharia.org.br\/site\/2019\/03\/08\/dia-internacional-da-mulher-cresce-a-maioria-feminina-na-arquitetura-no-brasil\/#breadcrumb","itemListElement":[{"@type":"ListItem","position":1,"name":"In\u00edcio","item":"https:\/\/www.institutodeengenharia.org.br\/site\/"},{"@type":"ListItem","position":2,"name":"Dia Internacional da Mulher: cresce a maioria feminina na arquitetura no Brasil"}]},{"@type":"WebSite","@id":"https:\/\/www.institutodeengenharia.org.br\/site\/#website","url":"https:\/\/www.institutodeengenharia.org.br\/site\/","name":"Instituto de Engenharia","description":"O Instituto de Engenharia promove a Engenharia em benef\u00edcio do desenvolvimento e da qualidade de vida da sociedade.","publisher":{"@id":"https:\/\/www.institutodeengenharia.org.br\/site\/#organization"},"potentialAction":[{"@type":"SearchAction","target":{"@type":"EntryPoint","urlTemplate":"https:\/\/www.institutodeengenharia.org.br\/site\/?s={search_term_string}"},"query-input":{"@type":"PropertyValueSpecification","valueRequired":true,"valueName":"search_term_string"}}],"inLanguage":"pt-BR"},{"@type":"Organization","@id":"https:\/\/www.institutodeengenharia.org.br\/site\/#organization","name":"Instituto de Engenharia","url":"https:\/\/www.institutodeengenharia.org.br\/site\/","logo":{"@type":"ImageObject","inLanguage":"pt-BR","@id":"https:\/\/www.institutodeengenharia.org.br\/site\/#\/schema\/logo\/image\/","url":"https:\/\/www.institutodeengenharia.org.br\/site\/wp-content\/uploads\/2019\/03\/logo-novo-IE2018-1.jpg","contentUrl":"https:\/\/www.institutodeengenharia.org.br\/site\/wp-content\/uploads\/2019\/03\/logo-novo-IE2018-1.jpg","width":1486,"height":1879,"caption":"Instituto de Engenharia"},"image":{"@id":"https:\/\/www.institutodeengenharia.org.br\/site\/#\/schema\/logo\/image\/"},"sameAs":["https:\/\/www.facebook.com\/institutodeengenharia","https:\/\/x.com\/iengenharia","https:\/\/www.instagram.com\/institutodeengenharia\/","https:\/\/www.linkedin.com\/company\/instituto-de-engenharia\/","https:\/\/www.youtube.com\/channel\/UCXiCAlsSMe977vamW915HxA"]},{"@type":"Person","@id":"https:\/\/www.institutodeengenharia.org.br\/site\/#\/schema\/person\/aeb64951c405e100d26d30b033dd423f","name":"Bianca","image":{"@type":"ImageObject","inLanguage":"pt-BR","@id":"https:\/\/secure.gravatar.com\/avatar\/a6fbe9bff57405baf4c1e2c5c1811e072b558253974a9f9508f4678900c97c2a?s=96&d=mm&r=g","url":"https:\/\/secure.gravatar.com\/avatar\/a6fbe9bff57405baf4c1e2c5c1811e072b558253974a9f9508f4678900c97c2a?s=96&d=mm&r=g","contentUrl":"https:\/\/secure.gravatar.com\/avatar\/a6fbe9bff57405baf4c1e2c5c1811e072b558253974a9f9508f4678900c97c2a?s=96&d=mm&r=g","caption":"Bianca"},"url":"https:\/\/www.institutodeengenharia.org.br\/site\/author\/comunicacao1\/"}]}},"_links":{"self":[{"href":"https:\/\/www.institutodeengenharia.org.br\/site\/wp-json\/wp\/v2\/posts\/40531","targetHints":{"allow":["GET"]}}],"collection":[{"href":"https:\/\/www.institutodeengenharia.org.br\/site\/wp-json\/wp\/v2\/posts"}],"about":[{"href":"https:\/\/www.institutodeengenharia.org.br\/site\/wp-json\/wp\/v2\/types\/post"}],"author":[{"embeddable":true,"href":"https:\/\/www.institutodeengenharia.org.br\/site\/wp-json\/wp\/v2\/users\/13"}],"replies":[{"embeddable":true,"href":"https:\/\/www.institutodeengenharia.org.br\/site\/wp-json\/wp\/v2\/comments?post=40531"}],"version-history":[{"count":1,"href":"https:\/\/www.institutodeengenharia.org.br\/site\/wp-json\/wp\/v2\/posts\/40531\/revisions"}],"predecessor-version":[{"id":40539,"href":"https:\/\/www.institutodeengenharia.org.br\/site\/wp-json\/wp\/v2\/posts\/40531\/revisions\/40539"}],"wp:featuredmedia":[{"embeddable":true,"href":"https:\/\/www.institutodeengenharia.org.br\/site\/wp-json\/wp\/v2\/media\/40538"}],"wp:attachment":[{"href":"https:\/\/www.institutodeengenharia.org.br\/site\/wp-json\/wp\/v2\/media?parent=40531"}],"wp:term":[{"taxonomy":"category","embeddable":true,"href":"https:\/\/www.institutodeengenharia.org.br\/site\/wp-json\/wp\/v2\/categories?post=40531"},{"taxonomy":"post_tag","embeddable":true,"href":"https:\/\/www.institutodeengenharia.org.br\/site\/wp-json\/wp\/v2\/tags?post=40531"}],"curies":[{"name":"wp","href":"https:\/\/api.w.org\/{rel}","templated":true}]}}