{"id":40498,"date":"2019-03-07T10:24:24","date_gmt":"2019-03-07T13:24:24","guid":{"rendered":"https:\/\/www.institutodeengenharia.org.br\/site\/?p=40498"},"modified":"2019-03-07T10:24:24","modified_gmt":"2019-03-07T13:24:24","slug":"inspecao-predial-na-abnt","status":"publish","type":"post","link":"https:\/\/www.institutodeengenharia.org.br\/site\/2019\/03\/07\/inspecao-predial-na-abnt\/","title":{"rendered":"Inspe\u00e7\u00e3o predial na ABNT"},"content":{"rendered":"<p>O hist\u00f3rico da Inspe\u00e7\u00e3o Predial, no Brasil, desde a sua origem, em 1999, e desenvolvimento no Ibape e Instituto de Engenharia, &#8211; remete essa atividade a uma s\u00e9rie de medidas condominiais, tais como:\u00a0 an\u00e1lise da documenta\u00e7\u00e3o t\u00e9cnica, administrativa e jur\u00eddica do condom\u00ednio; questionamentos ou anamnese condominial; a vistoria das \u00e1reas comuns com inspe\u00e7\u00e3o da constru\u00e7\u00e3o, da manuten\u00e7\u00e3o e do uso; a an\u00e1lise de risco dos problemas condominiais; a recomenda\u00e7\u00e3o das repara\u00e7\u00f5es; a determina\u00e7\u00e3o da responsabilidade do inspetor e a indica\u00e7\u00e3o da periodicidade de novas inspe\u00e7\u00f5es, numa miscel\u00e2nea administrativa, t\u00e9cnica e jur\u00eddica bem brasileira. O estudo de norma da ABNT n\u00e3o fugiu \u00e0 regra, acrescentando a avalia\u00e7\u00e3o do desempenho nesse intricado r\u00f3l de atividades.<\/p>\n<p>Apesar do estudo de norma da ABNT definir a inspe\u00e7\u00e3o predial \u00a0como um processo de avalia\u00e7\u00e3o predominantemente sensorial das condi\u00e7\u00f5es edil\u00edcias, o que se verifica no texto \u00e9 a inclus\u00e3o de outras atividades de Engenharia Diagn\u00f3stica al\u00e9m dessas avalia\u00e7\u00f5es t\u00e9cnicas, tais como a auditoria de manuten\u00e7\u00e3o, a avalia\u00e7\u00e3o do desempenho e a consultoria para os reparos, mantendo o esp\u00edrito original de miscel\u00e2nea da referida \u201cnorma\u201d t\u00e9cnica.<\/p>\n<p>O texto, em linhas gerais, baseou-se na norma do Ibape nacional, de 2009, e nas diretrizes do Instituto de Engenharia, de 2016, com a inclus\u00e3o da classifica\u00e7\u00e3o do n\u00edvel aparente de desempenho da edifica\u00e7\u00e3o, sem inovar em praticamente nada.<\/p>\n<p>Mas muito poder\u00e1 ser aprimorado no futuro, com a ado\u00e7\u00e3o dos princ\u00edpios, ferramentas e classifica\u00e7\u00f5es da recente doutrina de Engenharia Diagn\u00f3stica (2005), disciplina das investiga\u00e7\u00f5es t\u00e9cnicas de manifesta\u00e7\u00f5es patol\u00f3gicas ou n\u00edveis de desempenho, na constru\u00e7\u00e3o civil. Os diagn\u00f3sticos m\u00e9dicos t\u00eam investiga\u00e7\u00e3o similar aos diagn\u00f3sticos de engenharia, ou seja, \u00e9 preciso conhecer primeiramente as caracter\u00edsticas gerais do \u201cpaciente\u201d, antes de qualquer exame direto mais aprofundado. E quais seriam essas caracter\u00edsticas gerais, como se obter essas informa\u00e7\u00f5es?<\/p>\n<p>A busca preliminar de informa\u00e7\u00f5es t\u00e9cnicas na constru\u00e7\u00e3o civil pode seguir a mesma regra geral da Medicina, ou seja, buscar conhecer as caracter\u00edsticas gerais intr\u00ednsecas (gen\u00e9ticas) e extr\u00ednsecas (externas) do \u201cpaciente\u201d, como revela a ilustra\u00e7\u00e3o:<\/p>\n<p><img loading=\"lazy\" decoding=\"async\" class=\"size-full wp-image-40499 aligncenter\" src=\"https:\/\/www.institutodeengenharia.org.br\/site\/wp-content\/uploads\/2019\/03\/tio.png\" alt=\"\" width=\"249\" height=\"337\" srcset=\"https:\/\/www.institutodeengenharia.org.br\/site\/wp-content\/uploads\/2019\/03\/tio.png 249w, https:\/\/www.institutodeengenharia.org.br\/site\/wp-content\/uploads\/2019\/03\/tio-222x300.png 222w\" sizes=\"auto, (max-width: 249px) 100vw, 249px\" \/><\/p>\n<p>As futuras revis\u00f5es da norma de Inspe\u00e7\u00e3o Predial da ABNT, seguramente seguir\u00e3o essa doutrina no futuro. Por\u00e9m, considerando a atual import\u00e2ncia e necessidade da inspe\u00e7\u00e3o de obras de engenharia no Brasil, principalmente para se evitar acidentes, e mais, para criar a quase inexistente cultura da manuten\u00e7\u00e3o no Brasil, deve-se reconhecer que o texto de inspe\u00e7\u00e3o predial da ABNT, apesar da miscel\u00e2nea, \u00e9 bem-vindo.<\/p>\n<p>________________________________________________________________________<\/p>\n<p><img loading=\"lazy\" decoding=\"async\" class=\"alignnone  wp-image-29662\" src=\"https:\/\/www.institutodeengenharia.org.br\/site\/wp-content\/uploads\/2017\/03\/tito-e1547224678243.jpg\" alt=\"\" width=\"152\" height=\"168\" \/><\/p>\n<p>Por\u00a0<strong>Tito L\u00edvio Ferreira Gomide*<\/strong><\/p>\n<p>Engenheiro civil, FAAP, Bacharel em Direito pela USP, perito criminal pela Academia de Pol\u00edcia SP, e atua como perito de engenharia e criminal\u00edstica desde 1979, al\u00e9m de professor, conferencista e autor de in\u00fameros artigos e livros. Foi o precursor da Inspe\u00e7\u00e3o Predial e Engenharia Diagn\u00f3stica no Brasil, desenvolvendo intensa atua\u00e7\u00e3o institucional, como ex-presidente do IBAPE-SP e atual coordenador da Divis\u00e3o T\u00e9cnica de Patologias das Constru\u00e7\u00f5es do Instituto de Engenharia<\/p>\n<p>*<em>Os artigos publicados com assinatura, n\u00e3o traduzem necessariamente a opini\u00e3o do Instituto de Engenharia. Sua publica\u00e7\u00e3o obedece ao prop\u00f3sito de estimular o debate dos problemas brasileiros e de refletir as diversas tend\u00eancias do pensamento contempor\u00e2neo<\/em><\/p>\n","protected":false},"excerpt":{"rendered":"<p>O hist\u00f3rico da Inspe\u00e7\u00e3o Predial, no Brasil, desde a sua origem, em 1999, e desenvolvimento no Ibape e Instituto de Engenharia, &#8211; remete essa atividade a uma s\u00e9rie de medidas condominiais, tais como:\u00a0 an\u00e1lise da documenta\u00e7\u00e3o t\u00e9cnica, administrativa e jur\u00eddica do condom\u00ednio; questionamentos ou anamnese condominial; a vistoria das \u00e1reas comuns com inspe\u00e7\u00e3o da constru\u00e7\u00e3o, [&hellip;]<\/p>\n","protected":false},"author":13,"featured_media":40500,"comment_status":"open","ping_status":"open","sticky":false,"template":"","format":"standard","meta":{"footnotes":""},"categories":[110],"tags":[],"class_list":{"0":"post-40498","1":"post","2":"type-post","3":"status-publish","4":"format-standard","5":"has-post-thumbnail","7":"category-tito-livio-ferreira-gomide"},"yoast_head":"<!-- This site is optimized with the Yoast SEO plugin v27.2 - https:\/\/yoast.com\/product\/yoast-seo-wordpress\/ -->\n<title>Inspe\u00e7\u00e3o predial na ABNT - Instituto de Engenharia<\/title>\n<meta name=\"robots\" content=\"index, follow, max-snippet:-1, max-image-preview:large, max-video-preview:-1\" \/>\n<link rel=\"canonical\" href=\"https:\/\/www.institutodeengenharia.org.br\/site\/2019\/03\/07\/inspecao-predial-na-abnt\/\" \/>\n<meta property=\"og:locale\" content=\"pt_BR\" \/>\n<meta property=\"og:type\" content=\"article\" \/>\n<meta property=\"og:title\" content=\"Inspe\u00e7\u00e3o predial na ABNT - Instituto de Engenharia\" \/>\n<meta property=\"og:description\" content=\"O hist\u00f3rico da Inspe\u00e7\u00e3o Predial, no Brasil, desde a sua origem, em 1999, e desenvolvimento no Ibape e Instituto de Engenharia, &#8211; remete essa atividade a uma s\u00e9rie de medidas condominiais, tais como:\u00a0 an\u00e1lise da documenta\u00e7\u00e3o t\u00e9cnica, administrativa e jur\u00eddica do condom\u00ednio; questionamentos ou anamnese condominial; a vistoria das \u00e1reas comuns com inspe\u00e7\u00e3o da constru\u00e7\u00e3o, [&hellip;]\" \/>\n<meta property=\"og:url\" content=\"https:\/\/www.institutodeengenharia.org.br\/site\/2019\/03\/07\/inspecao-predial-na-abnt\/\" \/>\n<meta property=\"og:site_name\" content=\"Instituto de Engenharia\" \/>\n<meta property=\"article:publisher\" content=\"https:\/\/www.facebook.com\/institutodeengenharia\" \/>\n<meta property=\"article:published_time\" content=\"2019-03-07T13:24:24+00:00\" \/>\n<meta property=\"og:image\" content=\"https:\/\/www.institutodeengenharia.org.br\/site\/wp-content\/uploads\/2019\/03\/inspecao-predial.jpg\" \/>\n\t<meta property=\"og:image:width\" content=\"800\" \/>\n\t<meta property=\"og:image:height\" content=\"542\" \/>\n\t<meta property=\"og:image:type\" content=\"image\/jpeg\" \/>\n<meta name=\"author\" content=\"Bianca\" \/>\n<meta name=\"twitter:card\" content=\"summary_large_image\" \/>\n<meta name=\"twitter:creator\" content=\"@iengenharia\" \/>\n<meta name=\"twitter:site\" content=\"@iengenharia\" \/>\n<meta name=\"twitter:label1\" content=\"Escrito por\" \/>\n\t<meta name=\"twitter:data1\" content=\"Bianca\" \/>\n\t<meta name=\"twitter:label2\" content=\"Est. tempo de leitura\" \/>\n\t<meta name=\"twitter:data2\" content=\"3 minutos\" \/>\n<script type=\"application\/ld+json\" class=\"yoast-schema-graph\">{\"@context\":\"https:\/\/schema.org\",\"@graph\":[{\"@type\":\"Article\",\"@id\":\"https:\/\/www.institutodeengenharia.org.br\/site\/2019\/03\/07\/inspecao-predial-na-abnt\/#article\",\"isPartOf\":{\"@id\":\"https:\/\/www.institutodeengenharia.org.br\/site\/2019\/03\/07\/inspecao-predial-na-abnt\/\"},\"author\":{\"name\":\"Bianca\",\"@id\":\"https:\/\/www.institutodeengenharia.org.br\/site\/#\/schema\/person\/aeb64951c405e100d26d30b033dd423f\"},\"headline\":\"Inspe\u00e7\u00e3o predial na ABNT\",\"datePublished\":\"2019-03-07T13:24:24+00:00\",\"mainEntityOfPage\":{\"@id\":\"https:\/\/www.institutodeengenharia.org.br\/site\/2019\/03\/07\/inspecao-predial-na-abnt\/\"},\"wordCount\":589,\"commentCount\":0,\"publisher\":{\"@id\":\"https:\/\/www.institutodeengenharia.org.br\/site\/#organization\"},\"image\":{\"@id\":\"https:\/\/www.institutodeengenharia.org.br\/site\/2019\/03\/07\/inspecao-predial-na-abnt\/#primaryimage\"},\"thumbnailUrl\":\"https:\/\/www.institutodeengenharia.org.br\/site\/wp-content\/uploads\/2019\/03\/inspecao-predial.jpg\",\"articleSection\":[\"Tito L\u00edvio Ferreira Gomide\"],\"inLanguage\":\"pt-BR\",\"potentialAction\":[{\"@type\":\"CommentAction\",\"name\":\"Comment\",\"target\":[\"https:\/\/www.institutodeengenharia.org.br\/site\/2019\/03\/07\/inspecao-predial-na-abnt\/#respond\"]}]},{\"@type\":\"WebPage\",\"@id\":\"https:\/\/www.institutodeengenharia.org.br\/site\/2019\/03\/07\/inspecao-predial-na-abnt\/\",\"url\":\"https:\/\/www.institutodeengenharia.org.br\/site\/2019\/03\/07\/inspecao-predial-na-abnt\/\",\"name\":\"Inspe\u00e7\u00e3o predial na ABNT - Instituto de Engenharia\",\"isPartOf\":{\"@id\":\"https:\/\/www.institutodeengenharia.org.br\/site\/#website\"},\"primaryImageOfPage\":{\"@id\":\"https:\/\/www.institutodeengenharia.org.br\/site\/2019\/03\/07\/inspecao-predial-na-abnt\/#primaryimage\"},\"image\":{\"@id\":\"https:\/\/www.institutodeengenharia.org.br\/site\/2019\/03\/07\/inspecao-predial-na-abnt\/#primaryimage\"},\"thumbnailUrl\":\"https:\/\/www.institutodeengenharia.org.br\/site\/wp-content\/uploads\/2019\/03\/inspecao-predial.jpg\",\"datePublished\":\"2019-03-07T13:24:24+00:00\",\"breadcrumb\":{\"@id\":\"https:\/\/www.institutodeengenharia.org.br\/site\/2019\/03\/07\/inspecao-predial-na-abnt\/#breadcrumb\"},\"inLanguage\":\"pt-BR\",\"potentialAction\":[{\"@type\":\"ReadAction\",\"target\":[\"https:\/\/www.institutodeengenharia.org.br\/site\/2019\/03\/07\/inspecao-predial-na-abnt\/\"]}]},{\"@type\":\"ImageObject\",\"inLanguage\":\"pt-BR\",\"@id\":\"https:\/\/www.institutodeengenharia.org.br\/site\/2019\/03\/07\/inspecao-predial-na-abnt\/#primaryimage\",\"url\":\"https:\/\/www.institutodeengenharia.org.br\/site\/wp-content\/uploads\/2019\/03\/inspecao-predial.jpg\",\"contentUrl\":\"https:\/\/www.institutodeengenharia.org.br\/site\/wp-content\/uploads\/2019\/03\/inspecao-predial.jpg\",\"width\":800,\"height\":542},{\"@type\":\"BreadcrumbList\",\"@id\":\"https:\/\/www.institutodeengenharia.org.br\/site\/2019\/03\/07\/inspecao-predial-na-abnt\/#breadcrumb\",\"itemListElement\":[{\"@type\":\"ListItem\",\"position\":1,\"name\":\"In\u00edcio\",\"item\":\"https:\/\/www.institutodeengenharia.org.br\/site\/\"},{\"@type\":\"ListItem\",\"position\":2,\"name\":\"Inspe\u00e7\u00e3o predial na ABNT\"}]},{\"@type\":\"WebSite\",\"@id\":\"https:\/\/www.institutodeengenharia.org.br\/site\/#website\",\"url\":\"https:\/\/www.institutodeengenharia.org.br\/site\/\",\"name\":\"Instituto de Engenharia\",\"description\":\"O Instituto de Engenharia promove a Engenharia em benef\u00edcio do desenvolvimento e da qualidade de vida da sociedade.\",\"publisher\":{\"@id\":\"https:\/\/www.institutodeengenharia.org.br\/site\/#organization\"},\"potentialAction\":[{\"@type\":\"SearchAction\",\"target\":{\"@type\":\"EntryPoint\",\"urlTemplate\":\"https:\/\/www.institutodeengenharia.org.br\/site\/?s={search_term_string}\"},\"query-input\":{\"@type\":\"PropertyValueSpecification\",\"valueRequired\":true,\"valueName\":\"search_term_string\"}}],\"inLanguage\":\"pt-BR\"},{\"@type\":\"Organization\",\"@id\":\"https:\/\/www.institutodeengenharia.org.br\/site\/#organization\",\"name\":\"Instituto de Engenharia\",\"url\":\"https:\/\/www.institutodeengenharia.org.br\/site\/\",\"logo\":{\"@type\":\"ImageObject\",\"inLanguage\":\"pt-BR\",\"@id\":\"https:\/\/www.institutodeengenharia.org.br\/site\/#\/schema\/logo\/image\/\",\"url\":\"https:\/\/www.institutodeengenharia.org.br\/site\/wp-content\/uploads\/2019\/03\/logo-novo-IE2018-1.jpg\",\"contentUrl\":\"https:\/\/www.institutodeengenharia.org.br\/site\/wp-content\/uploads\/2019\/03\/logo-novo-IE2018-1.jpg\",\"width\":1486,\"height\":1879,\"caption\":\"Instituto de Engenharia\"},\"image\":{\"@id\":\"https:\/\/www.institutodeengenharia.org.br\/site\/#\/schema\/logo\/image\/\"},\"sameAs\":[\"https:\/\/www.facebook.com\/institutodeengenharia\",\"https:\/\/x.com\/iengenharia\",\"https:\/\/www.instagram.com\/institutodeengenharia\/\",\"https:\/\/www.linkedin.com\/company\/instituto-de-engenharia\/\",\"https:\/\/www.youtube.com\/channel\/UCXiCAlsSMe977vamW915HxA\"]},{\"@type\":\"Person\",\"@id\":\"https:\/\/www.institutodeengenharia.org.br\/site\/#\/schema\/person\/aeb64951c405e100d26d30b033dd423f\",\"name\":\"Bianca\",\"image\":{\"@type\":\"ImageObject\",\"inLanguage\":\"pt-BR\",\"@id\":\"https:\/\/secure.gravatar.com\/avatar\/a6fbe9bff57405baf4c1e2c5c1811e072b558253974a9f9508f4678900c97c2a?s=96&d=mm&r=g\",\"url\":\"https:\/\/secure.gravatar.com\/avatar\/a6fbe9bff57405baf4c1e2c5c1811e072b558253974a9f9508f4678900c97c2a?s=96&d=mm&r=g\",\"contentUrl\":\"https:\/\/secure.gravatar.com\/avatar\/a6fbe9bff57405baf4c1e2c5c1811e072b558253974a9f9508f4678900c97c2a?s=96&d=mm&r=g\",\"caption\":\"Bianca\"},\"url\":\"https:\/\/www.institutodeengenharia.org.br\/site\/author\/comunicacao1\/\"}]}<\/script>\n<!-- \/ Yoast SEO plugin. -->","yoast_head_json":{"title":"Inspe\u00e7\u00e3o predial na ABNT - Instituto de Engenharia","robots":{"index":"index","follow":"follow","max-snippet":"max-snippet:-1","max-image-preview":"max-image-preview:large","max-video-preview":"max-video-preview:-1"},"canonical":"https:\/\/www.institutodeengenharia.org.br\/site\/2019\/03\/07\/inspecao-predial-na-abnt\/","og_locale":"pt_BR","og_type":"article","og_title":"Inspe\u00e7\u00e3o predial na ABNT - Instituto de Engenharia","og_description":"O hist\u00f3rico da Inspe\u00e7\u00e3o Predial, no Brasil, desde a sua origem, em 1999, e desenvolvimento no Ibape e Instituto de Engenharia, &#8211; remete essa atividade a uma s\u00e9rie de medidas condominiais, tais como:\u00a0 an\u00e1lise da documenta\u00e7\u00e3o t\u00e9cnica, administrativa e jur\u00eddica do condom\u00ednio; questionamentos ou anamnese condominial; a vistoria das \u00e1reas comuns com inspe\u00e7\u00e3o da constru\u00e7\u00e3o, [&hellip;]","og_url":"https:\/\/www.institutodeengenharia.org.br\/site\/2019\/03\/07\/inspecao-predial-na-abnt\/","og_site_name":"Instituto de Engenharia","article_publisher":"https:\/\/www.facebook.com\/institutodeengenharia","article_published_time":"2019-03-07T13:24:24+00:00","og_image":[{"width":800,"height":542,"url":"https:\/\/www.institutodeengenharia.org.br\/site\/wp-content\/uploads\/2019\/03\/inspecao-predial.jpg","type":"image\/jpeg"}],"author":"Bianca","twitter_card":"summary_large_image","twitter_creator":"@iengenharia","twitter_site":"@iengenharia","twitter_misc":{"Escrito por":"Bianca","Est. tempo de leitura":"3 minutos"},"schema":{"@context":"https:\/\/schema.org","@graph":[{"@type":"Article","@id":"https:\/\/www.institutodeengenharia.org.br\/site\/2019\/03\/07\/inspecao-predial-na-abnt\/#article","isPartOf":{"@id":"https:\/\/www.institutodeengenharia.org.br\/site\/2019\/03\/07\/inspecao-predial-na-abnt\/"},"author":{"name":"Bianca","@id":"https:\/\/www.institutodeengenharia.org.br\/site\/#\/schema\/person\/aeb64951c405e100d26d30b033dd423f"},"headline":"Inspe\u00e7\u00e3o predial na ABNT","datePublished":"2019-03-07T13:24:24+00:00","mainEntityOfPage":{"@id":"https:\/\/www.institutodeengenharia.org.br\/site\/2019\/03\/07\/inspecao-predial-na-abnt\/"},"wordCount":589,"commentCount":0,"publisher":{"@id":"https:\/\/www.institutodeengenharia.org.br\/site\/#organization"},"image":{"@id":"https:\/\/www.institutodeengenharia.org.br\/site\/2019\/03\/07\/inspecao-predial-na-abnt\/#primaryimage"},"thumbnailUrl":"https:\/\/www.institutodeengenharia.org.br\/site\/wp-content\/uploads\/2019\/03\/inspecao-predial.jpg","articleSection":["Tito L\u00edvio Ferreira Gomide"],"inLanguage":"pt-BR","potentialAction":[{"@type":"CommentAction","name":"Comment","target":["https:\/\/www.institutodeengenharia.org.br\/site\/2019\/03\/07\/inspecao-predial-na-abnt\/#respond"]}]},{"@type":"WebPage","@id":"https:\/\/www.institutodeengenharia.org.br\/site\/2019\/03\/07\/inspecao-predial-na-abnt\/","url":"https:\/\/www.institutodeengenharia.org.br\/site\/2019\/03\/07\/inspecao-predial-na-abnt\/","name":"Inspe\u00e7\u00e3o predial na ABNT - Instituto de Engenharia","isPartOf":{"@id":"https:\/\/www.institutodeengenharia.org.br\/site\/#website"},"primaryImageOfPage":{"@id":"https:\/\/www.institutodeengenharia.org.br\/site\/2019\/03\/07\/inspecao-predial-na-abnt\/#primaryimage"},"image":{"@id":"https:\/\/www.institutodeengenharia.org.br\/site\/2019\/03\/07\/inspecao-predial-na-abnt\/#primaryimage"},"thumbnailUrl":"https:\/\/www.institutodeengenharia.org.br\/site\/wp-content\/uploads\/2019\/03\/inspecao-predial.jpg","datePublished":"2019-03-07T13:24:24+00:00","breadcrumb":{"@id":"https:\/\/www.institutodeengenharia.org.br\/site\/2019\/03\/07\/inspecao-predial-na-abnt\/#breadcrumb"},"inLanguage":"pt-BR","potentialAction":[{"@type":"ReadAction","target":["https:\/\/www.institutodeengenharia.org.br\/site\/2019\/03\/07\/inspecao-predial-na-abnt\/"]}]},{"@type":"ImageObject","inLanguage":"pt-BR","@id":"https:\/\/www.institutodeengenharia.org.br\/site\/2019\/03\/07\/inspecao-predial-na-abnt\/#primaryimage","url":"https:\/\/www.institutodeengenharia.org.br\/site\/wp-content\/uploads\/2019\/03\/inspecao-predial.jpg","contentUrl":"https:\/\/www.institutodeengenharia.org.br\/site\/wp-content\/uploads\/2019\/03\/inspecao-predial.jpg","width":800,"height":542},{"@type":"BreadcrumbList","@id":"https:\/\/www.institutodeengenharia.org.br\/site\/2019\/03\/07\/inspecao-predial-na-abnt\/#breadcrumb","itemListElement":[{"@type":"ListItem","position":1,"name":"In\u00edcio","item":"https:\/\/www.institutodeengenharia.org.br\/site\/"},{"@type":"ListItem","position":2,"name":"Inspe\u00e7\u00e3o predial na ABNT"}]},{"@type":"WebSite","@id":"https:\/\/www.institutodeengenharia.org.br\/site\/#website","url":"https:\/\/www.institutodeengenharia.org.br\/site\/","name":"Instituto de Engenharia","description":"O Instituto de Engenharia promove a Engenharia em benef\u00edcio do desenvolvimento e da qualidade de vida da sociedade.","publisher":{"@id":"https:\/\/www.institutodeengenharia.org.br\/site\/#organization"},"potentialAction":[{"@type":"SearchAction","target":{"@type":"EntryPoint","urlTemplate":"https:\/\/www.institutodeengenharia.org.br\/site\/?s={search_term_string}"},"query-input":{"@type":"PropertyValueSpecification","valueRequired":true,"valueName":"search_term_string"}}],"inLanguage":"pt-BR"},{"@type":"Organization","@id":"https:\/\/www.institutodeengenharia.org.br\/site\/#organization","name":"Instituto de Engenharia","url":"https:\/\/www.institutodeengenharia.org.br\/site\/","logo":{"@type":"ImageObject","inLanguage":"pt-BR","@id":"https:\/\/www.institutodeengenharia.org.br\/site\/#\/schema\/logo\/image\/","url":"https:\/\/www.institutodeengenharia.org.br\/site\/wp-content\/uploads\/2019\/03\/logo-novo-IE2018-1.jpg","contentUrl":"https:\/\/www.institutodeengenharia.org.br\/site\/wp-content\/uploads\/2019\/03\/logo-novo-IE2018-1.jpg","width":1486,"height":1879,"caption":"Instituto de Engenharia"},"image":{"@id":"https:\/\/www.institutodeengenharia.org.br\/site\/#\/schema\/logo\/image\/"},"sameAs":["https:\/\/www.facebook.com\/institutodeengenharia","https:\/\/x.com\/iengenharia","https:\/\/www.instagram.com\/institutodeengenharia\/","https:\/\/www.linkedin.com\/company\/instituto-de-engenharia\/","https:\/\/www.youtube.com\/channel\/UCXiCAlsSMe977vamW915HxA"]},{"@type":"Person","@id":"https:\/\/www.institutodeengenharia.org.br\/site\/#\/schema\/person\/aeb64951c405e100d26d30b033dd423f","name":"Bianca","image":{"@type":"ImageObject","inLanguage":"pt-BR","@id":"https:\/\/secure.gravatar.com\/avatar\/a6fbe9bff57405baf4c1e2c5c1811e072b558253974a9f9508f4678900c97c2a?s=96&d=mm&r=g","url":"https:\/\/secure.gravatar.com\/avatar\/a6fbe9bff57405baf4c1e2c5c1811e072b558253974a9f9508f4678900c97c2a?s=96&d=mm&r=g","contentUrl":"https:\/\/secure.gravatar.com\/avatar\/a6fbe9bff57405baf4c1e2c5c1811e072b558253974a9f9508f4678900c97c2a?s=96&d=mm&r=g","caption":"Bianca"},"url":"https:\/\/www.institutodeengenharia.org.br\/site\/author\/comunicacao1\/"}]}},"_links":{"self":[{"href":"https:\/\/www.institutodeengenharia.org.br\/site\/wp-json\/wp\/v2\/posts\/40498","targetHints":{"allow":["GET"]}}],"collection":[{"href":"https:\/\/www.institutodeengenharia.org.br\/site\/wp-json\/wp\/v2\/posts"}],"about":[{"href":"https:\/\/www.institutodeengenharia.org.br\/site\/wp-json\/wp\/v2\/types\/post"}],"author":[{"embeddable":true,"href":"https:\/\/www.institutodeengenharia.org.br\/site\/wp-json\/wp\/v2\/users\/13"}],"replies":[{"embeddable":true,"href":"https:\/\/www.institutodeengenharia.org.br\/site\/wp-json\/wp\/v2\/comments?post=40498"}],"version-history":[{"count":1,"href":"https:\/\/www.institutodeengenharia.org.br\/site\/wp-json\/wp\/v2\/posts\/40498\/revisions"}],"predecessor-version":[{"id":40501,"href":"https:\/\/www.institutodeengenharia.org.br\/site\/wp-json\/wp\/v2\/posts\/40498\/revisions\/40501"}],"wp:featuredmedia":[{"embeddable":true,"href":"https:\/\/www.institutodeengenharia.org.br\/site\/wp-json\/wp\/v2\/media\/40500"}],"wp:attachment":[{"href":"https:\/\/www.institutodeengenharia.org.br\/site\/wp-json\/wp\/v2\/media?parent=40498"}],"wp:term":[{"taxonomy":"category","embeddable":true,"href":"https:\/\/www.institutodeengenharia.org.br\/site\/wp-json\/wp\/v2\/categories?post=40498"},{"taxonomy":"post_tag","embeddable":true,"href":"https:\/\/www.institutodeengenharia.org.br\/site\/wp-json\/wp\/v2\/tags?post=40498"}],"curies":[{"name":"wp","href":"https:\/\/api.w.org\/{rel}","templated":true}]}}