{"id":40400,"date":"2019-02-21T09:22:21","date_gmt":"2019-02-21T12:22:21","guid":{"rendered":"https:\/\/www.institutodeengenharia.org.br\/site\/?p=40400"},"modified":"2019-02-27T09:39:53","modified_gmt":"2019-02-27T12:39:53","slug":"os-gargalos-da-seguranca-e-da-saude-do-trabalho-no-brasil","status":"publish","type":"post","link":"https:\/\/www.institutodeengenharia.org.br\/site\/2019\/02\/21\/os-gargalos-da-seguranca-e-da-saude-do-trabalho-no-brasil\/","title":{"rendered":"Os gargalos da Seguran\u00e7a e da Sa\u00fade do Trabalho no Brasil"},"content":{"rendered":"<p><strong>Assista \u00e0 \u00edntegra da palestra:<\/strong><\/p>\n<p><iframe loading=\"lazy\" src=\"https:\/\/player.vimeo.com\/video\/318730609\" width=\"640\" height=\"360\" frameborder=\"0\" allowfullscreen=\"allowfullscreen\"><\/iframe><\/p>\n<h2>+ Informa\u00e7\u00f5es:<\/h2>\n<p>Presidida por\u00a0<strong>Eduardo Ferreira Lafraia<\/strong>, presidente do Instituto de Engenharia, e\u00a0<strong>Jefferson Deodoro Teixeira da Costa<\/strong>, engenheiro de Seguran\u00e7a do Trabalho e coordenador da Divis\u00e3o de Seguran\u00e7a do Trabalho do Departamento de Engenharia do Habitat e Infraestrutura do Instituto de Engenharia e com a relatoria de\u00a0<strong>Jos\u00e9 Roberto Sevieri<\/strong>, com mini-apresenta\u00e7\u00f5es de 10 minutos, convidamos as seguintes\u00a0<strong>Entidades para as apresenta\u00e7\u00f5es:<\/strong><\/p>\n<p><strong>Abipe \u2013 Associa\u00e7\u00e3o Brasileira das Ind\u00fastrias de Produtos Ergon\u00f4micos,\u00a0<\/strong>representada pelo Presidente Luiz Antonio Costa Ravara<\/p>\n<p>&nbsp;<\/p>\n<p><strong>Abpa \u2013 Associa\u00e7\u00e3o Brasileira para Preven\u00e7\u00e3o de Acidentes,\u00a0<\/strong>representada pelo Superintendente Milton Perez<\/p>\n<p><strong>\u00a0<\/strong><\/p>\n<p><strong>Abraphiset \u2013 Associa\u00e7\u00e3o Brasileira dos Profissionais de Higiene e Seguran\u00e7a do Trabalho,\u00a0<\/strong>representada pelo Presidente eng. Leonidio Francisco Ribeiro Filho<\/p>\n<p>&nbsp;<\/p>\n<p><strong>Abracopel \u2013 Associa\u00e7\u00e3o Brasileira de Conscientiza\u00e7\u00e3o para o Perigo<\/strong>\u00a0<strong>El\u00e9trico<\/strong>, representada pelo Diretor Executivo Edson Martinho<\/p>\n<p>&nbsp;<\/p>\n<p><strong>Abho \u2013 Associa\u00e7\u00e3o Brasileira de Higienistas Ocupacionais,\u00a0<\/strong>representada pelo Vice-Presidente de Educa\u00e7\u00e3o e Forma\u00e7\u00e3o Profissional Jos\u00e9 Carlos Lameira Ottero.<\/p>\n<p>&nbsp;<\/p>\n<p><strong>Abraseg \u2013 Associa\u00e7\u00e3o Brasileira dos Distribuidores e Importadores de Epi,\u00a0<\/strong>representada pelo Presidente sr. Jacques Lesser Levy<\/p>\n<p><strong>\u00a0<\/strong><\/p>\n<p><strong>Abresst \u2013 Associa\u00e7\u00e3o Brasileira de Empresas de Sa\u00fade e Seguran\u00e7a do Trabalho,\u00a0<\/strong>representada pelo Vice-Presidente Ricardo Lupianhes Pacheco<\/p>\n<p>&nbsp;<\/p>\n<p><strong>Abrh Nacional \u2013 Associa\u00e7\u00e3o Brasileira de Recursos Humanos,\u00a0<\/strong>representada pela<strong>\u00a0Presidente Elaine Saad<\/strong><\/p>\n<p><strong>\u00a0<\/strong><\/p>\n<p><strong>Abs \u2013 Agencia Brasil de Seguran\u00e7a,\u00a0<\/strong>representada pela Presidente Paula Scardino<\/p>\n<p>&nbsp;<\/p>\n<p><strong>Anamt \u2013 Associa\u00e7\u00e3o Nacional de Medicina do Trabalho,\u00a0<\/strong>representada pela Presidente Marcia Cristina das Dores Bandini<\/p>\n<p>&nbsp;<\/p>\n<p><strong>Anent \u2013 Associa\u00e7\u00e3o Nacional de Enfermagem do Trabalho,\u00a0<\/strong>representada pela Presidente Zeneide Maria Cavalcanti<\/p>\n<p><strong>\u00a0<\/strong><\/p>\n<p><strong>Animaseg \u2013 Associa\u00e7\u00e3o Nacional da Ind\u00fastria de Material de Seguran\u00e7a e Prote\u00e7\u00e3o ao Trabalho,\u00a0<\/strong>representada pelo Diretor Executivo Raul Casanova Junior.<\/p>\n<p>&nbsp;<\/p>\n<p><strong>Fiesp \u2013 Federa\u00e7\u00e3o das Ind\u00fastrias do Estado de S\u00e3o Paulo,\u00a0<\/strong>representada pelo Luiz Antonio Chiummo.<\/p>\n<p><strong>\u00a0<\/strong><\/p>\n<p><strong>Fundacentro \u2013 Funda\u00e7\u00e3o Jorge Duprat Figueiredo de Seguran\u00e7a e Medicina do Trabalho,\u00a0<\/strong>representada pelo Diretor T\u00e9cnico Robson Spinelli.<\/p>\n<p><strong>\u00a0<\/strong><\/p>\n<p><strong>Gso \u2013 Grupo de Sa\u00fade Ocupacional Agroindustrial do Setor Sucroalcooleira,\u00a0<\/strong>representado pelo Presidente Mario Marcio dos Santos<\/p>\n<p><strong>\u00a0<\/strong><\/p>\n<p><strong>Senai \u2013 Servi\u00e7o Nacional de Aprendizagem Industrial,\u00a0<\/strong>representado por Jo\u00e3o Carlos Pires Campos<\/p>\n<p>&nbsp;<\/p>\n<p><strong>Secretaria Especial de Previd\u00eancia e Trabalho,\u00a0<\/strong>representada pelo seu Secret\u00e1rio\u00a0 Deputado Federal Rog\u00e9rio Simonetti Marinho (PSDB\/RN).<\/p>\n<p><strong>\u00a0<\/strong><\/p>\n<p><strong>Sindicato dos Engenheiros do Estado de S\u00e3o Paulo,\u00a0<\/strong>representado pelo Presidente Murilo Pinheiro<\/p>\n<p><strong>\u00a0<\/strong><\/p>\n<p><strong>Sindiseg \u2013 Sindicato da Ind\u00fastria de Material de Seguran\u00e7a e Prote\u00e7\u00e3o ao Trabalho no Estado de S\u00e3o Paulo,\u00a0<\/strong>representado pelo\u00a0<strong>\u00a0<\/strong>Presidente sr. Adriano Serino<\/p>\n<p><strong>\u00a0<\/strong><\/p>\n<p><strong>Sindicato dos Metal\u00fargicos de S\u00e3o Paulo e Osasco,\u00a0<\/strong>representado pelo Presidente Miguel Torres<\/p>\n<p><strong>\u00a0<\/strong><\/p>\n<p><strong>Sintesp \u2013 Sindicato dos T\u00e9cnicos de Seguran\u00e7a do Trabalho do Estado de S\u00e3o Paulo,\u00a0<\/strong>representado pelo Presidente Marcos Antonio A. Ribeiro<\/p>\n<p><strong>\u00a0<\/strong><\/p>\n<p><strong>Sintracon \u2013 Sindicato dos Trabalhadores nas Ind\u00fastrias da Constru\u00e7\u00e3o Civil de S\u00e3o Paulo,\u00a0<\/strong>representado pelo Presidente Antonio de Sousa Ramalho<\/p>\n<p>&nbsp;<\/p>\n<p><strong>Realiza\u00e7\u00e3o:<\/strong><\/p>\n<p><strong>Eng. Jer\u00f4nimo Cabral Pereira Fagundes Neto<\/strong>\u00a0\u2013 \u00a0Vice-presidente de Atividades T\u00e9cnicas<\/p>\n<p><strong>Eng. Roberto Kochen<\/strong>\u00a0 \u2013\u00a0 Diretor do Depto. de Engenharia do Habitat e Infraestrutura<\/p>\n<p><strong>Eng. Jefferson D. Teixeira da Costa\u00a0<\/strong>\u00a0\u2013\u00a0 Coord. da DT. de Seguran\u00e7a no Trabalho<\/p>\n","protected":false},"excerpt":{"rendered":"<p>Assista \u00e0 \u00edntegra da palestra: + Informa\u00e7\u00f5es: Presidida por\u00a0Eduardo Ferreira Lafraia, presidente do Instituto de Engenharia, e\u00a0Jefferson Deodoro Teixeira da Costa, engenheiro de Seguran\u00e7a do Trabalho e coordenador da Divis\u00e3o de Seguran\u00e7a do Trabalho do Departamento de Engenharia do Habitat e Infraestrutura do Instituto de Engenharia e com a relatoria de\u00a0Jos\u00e9 Roberto Sevieri, com mini-apresenta\u00e7\u00f5es [&hellip;]<\/p>\n","protected":false},"author":13,"featured_media":39502,"comment_status":"open","ping_status":"open","sticky":false,"template":"","format":"standard","meta":{"footnotes":""},"categories":[15,78,968,969],"tags":[],"class_list":{"0":"post-40400","1":"post","2":"type-post","3":"status-publish","4":"format-standard","5":"has-post-thumbnail","7":"category-departamento-desenvolvimento-de-projetos-e-servicos-de-infraestrutura","8":"category-divisao-de-seguranca-no-trabalho","9":"category-nova-tv-engenharia","10":"category-palestra"},"yoast_head":"<!-- This site is optimized with the Yoast SEO plugin v27.2 - https:\/\/yoast.com\/product\/yoast-seo-wordpress\/ -->\n<title>Os gargalos da Seguran\u00e7a e da Sa\u00fade do Trabalho no Brasil - Instituto de Engenharia<\/title>\n<meta name=\"robots\" content=\"index, follow, max-snippet:-1, max-image-preview:large, max-video-preview:-1\" \/>\n<link rel=\"canonical\" href=\"https:\/\/www.institutodeengenharia.org.br\/site\/2019\/02\/21\/os-gargalos-da-seguranca-e-da-saude-do-trabalho-no-brasil\/\" \/>\n<meta property=\"og:locale\" content=\"pt_BR\" \/>\n<meta property=\"og:type\" content=\"article\" \/>\n<meta property=\"og:title\" content=\"Os gargalos da Seguran\u00e7a e da Sa\u00fade do Trabalho no Brasil - Instituto de Engenharia\" \/>\n<meta property=\"og:description\" content=\"Assista \u00e0 \u00edntegra da palestra: + Informa\u00e7\u00f5es: Presidida por\u00a0Eduardo Ferreira Lafraia, presidente do Instituto de Engenharia, e\u00a0Jefferson Deodoro Teixeira da Costa, engenheiro de Seguran\u00e7a do Trabalho e coordenador da Divis\u00e3o de Seguran\u00e7a do Trabalho do Departamento de Engenharia do Habitat e Infraestrutura do Instituto de Engenharia e com a relatoria de\u00a0Jos\u00e9 Roberto Sevieri, com mini-apresenta\u00e7\u00f5es [&hellip;]\" \/>\n<meta property=\"og:url\" content=\"https:\/\/www.institutodeengenharia.org.br\/site\/2019\/02\/21\/os-gargalos-da-seguranca-e-da-saude-do-trabalho-no-brasil\/\" \/>\n<meta property=\"og:site_name\" content=\"Instituto de Engenharia\" \/>\n<meta property=\"article:publisher\" content=\"https:\/\/www.facebook.com\/institutodeengenharia\" \/>\n<meta property=\"article:published_time\" content=\"2019-02-21T12:22:21+00:00\" \/>\n<meta property=\"article:modified_time\" content=\"2019-02-27T12:39:53+00:00\" \/>\n<meta property=\"og:image\" content=\"https:\/\/www.institutodeengenharia.org.br\/site\/wp-content\/uploads\/2018\/12\/epi-equipamento-seguranca-equipro-02z.jpg\" \/>\n\t<meta property=\"og:image:width\" content=\"733\" \/>\n\t<meta property=\"og:image:height\" content=\"458\" \/>\n\t<meta property=\"og:image:type\" content=\"image\/jpeg\" \/>\n<meta name=\"author\" content=\"Bianca\" \/>\n<meta name=\"twitter:card\" content=\"summary_large_image\" \/>\n<meta name=\"twitter:creator\" content=\"@iengenharia\" \/>\n<meta name=\"twitter:site\" content=\"@iengenharia\" \/>\n<meta name=\"twitter:label1\" content=\"Escrito por\" \/>\n\t<meta name=\"twitter:data1\" content=\"Bianca\" \/>\n\t<meta name=\"twitter:label2\" content=\"Est. tempo de leitura\" \/>\n\t<meta name=\"twitter:data2\" content=\"3 minutos\" \/>\n<script type=\"application\/ld+json\" class=\"yoast-schema-graph\">{\"@context\":\"https:\/\/schema.org\",\"@graph\":[{\"@type\":\"Article\",\"@id\":\"https:\/\/www.institutodeengenharia.org.br\/site\/2019\/02\/21\/os-gargalos-da-seguranca-e-da-saude-do-trabalho-no-brasil\/#article\",\"isPartOf\":{\"@id\":\"https:\/\/www.institutodeengenharia.org.br\/site\/2019\/02\/21\/os-gargalos-da-seguranca-e-da-saude-do-trabalho-no-brasil\/\"},\"author\":{\"name\":\"Bianca\",\"@id\":\"https:\/\/www.institutodeengenharia.org.br\/site\/#\/schema\/person\/aeb64951c405e100d26d30b033dd423f\"},\"headline\":\"Os gargalos da Seguran\u00e7a e da Sa\u00fade do Trabalho no Brasil\",\"datePublished\":\"2019-02-21T12:22:21+00:00\",\"dateModified\":\"2019-02-27T12:39:53+00:00\",\"mainEntityOfPage\":{\"@id\":\"https:\/\/www.institutodeengenharia.org.br\/site\/2019\/02\/21\/os-gargalos-da-seguranca-e-da-saude-do-trabalho-no-brasil\/\"},\"wordCount\":530,\"commentCount\":0,\"publisher\":{\"@id\":\"https:\/\/www.institutodeengenharia.org.br\/site\/#organization\"},\"image\":{\"@id\":\"https:\/\/www.institutodeengenharia.org.br\/site\/2019\/02\/21\/os-gargalos-da-seguranca-e-da-saude-do-trabalho-no-brasil\/#primaryimage\"},\"thumbnailUrl\":\"https:\/\/www.institutodeengenharia.org.br\/site\/wp-content\/uploads\/2018\/12\/epi-equipamento-seguranca-equipro-02z.jpg\",\"articleSection\":[\"Departamento Desenvolvimento de Projetos e Servi\u00e7os de Infraestrutura\",\"Divis\u00e3o T\u00e9cnica de Seguran\u00e7a no Trabalho\",\"Nova TV Engenharia\",\"Palestra\"],\"inLanguage\":\"pt-BR\",\"potentialAction\":[{\"@type\":\"CommentAction\",\"name\":\"Comment\",\"target\":[\"https:\/\/www.institutodeengenharia.org.br\/site\/2019\/02\/21\/os-gargalos-da-seguranca-e-da-saude-do-trabalho-no-brasil\/#respond\"]}]},{\"@type\":\"WebPage\",\"@id\":\"https:\/\/www.institutodeengenharia.org.br\/site\/2019\/02\/21\/os-gargalos-da-seguranca-e-da-saude-do-trabalho-no-brasil\/\",\"url\":\"https:\/\/www.institutodeengenharia.org.br\/site\/2019\/02\/21\/os-gargalos-da-seguranca-e-da-saude-do-trabalho-no-brasil\/\",\"name\":\"Os gargalos da Seguran\u00e7a e da Sa\u00fade do Trabalho no Brasil - Instituto de Engenharia\",\"isPartOf\":{\"@id\":\"https:\/\/www.institutodeengenharia.org.br\/site\/#website\"},\"primaryImageOfPage\":{\"@id\":\"https:\/\/www.institutodeengenharia.org.br\/site\/2019\/02\/21\/os-gargalos-da-seguranca-e-da-saude-do-trabalho-no-brasil\/#primaryimage\"},\"image\":{\"@id\":\"https:\/\/www.institutodeengenharia.org.br\/site\/2019\/02\/21\/os-gargalos-da-seguranca-e-da-saude-do-trabalho-no-brasil\/#primaryimage\"},\"thumbnailUrl\":\"https:\/\/www.institutodeengenharia.org.br\/site\/wp-content\/uploads\/2018\/12\/epi-equipamento-seguranca-equipro-02z.jpg\",\"datePublished\":\"2019-02-21T12:22:21+00:00\",\"dateModified\":\"2019-02-27T12:39:53+00:00\",\"breadcrumb\":{\"@id\":\"https:\/\/www.institutodeengenharia.org.br\/site\/2019\/02\/21\/os-gargalos-da-seguranca-e-da-saude-do-trabalho-no-brasil\/#breadcrumb\"},\"inLanguage\":\"pt-BR\",\"potentialAction\":[{\"@type\":\"ReadAction\",\"target\":[\"https:\/\/www.institutodeengenharia.org.br\/site\/2019\/02\/21\/os-gargalos-da-seguranca-e-da-saude-do-trabalho-no-brasil\/\"]}]},{\"@type\":\"ImageObject\",\"inLanguage\":\"pt-BR\",\"@id\":\"https:\/\/www.institutodeengenharia.org.br\/site\/2019\/02\/21\/os-gargalos-da-seguranca-e-da-saude-do-trabalho-no-brasil\/#primaryimage\",\"url\":\"https:\/\/www.institutodeengenharia.org.br\/site\/wp-content\/uploads\/2018\/12\/epi-equipamento-seguranca-equipro-02z.jpg\",\"contentUrl\":\"https:\/\/www.institutodeengenharia.org.br\/site\/wp-content\/uploads\/2018\/12\/epi-equipamento-seguranca-equipro-02z.jpg\",\"width\":733,\"height\":458},{\"@type\":\"BreadcrumbList\",\"@id\":\"https:\/\/www.institutodeengenharia.org.br\/site\/2019\/02\/21\/os-gargalos-da-seguranca-e-da-saude-do-trabalho-no-brasil\/#breadcrumb\",\"itemListElement\":[{\"@type\":\"ListItem\",\"position\":1,\"name\":\"In\u00edcio\",\"item\":\"https:\/\/www.institutodeengenharia.org.br\/site\/\"},{\"@type\":\"ListItem\",\"position\":2,\"name\":\"Os gargalos da Seguran\u00e7a e da Sa\u00fade do Trabalho no Brasil\"}]},{\"@type\":\"WebSite\",\"@id\":\"https:\/\/www.institutodeengenharia.org.br\/site\/#website\",\"url\":\"https:\/\/www.institutodeengenharia.org.br\/site\/\",\"name\":\"Instituto de Engenharia\",\"description\":\"O Instituto de Engenharia promove a Engenharia em benef\u00edcio do desenvolvimento e da qualidade de vida da sociedade.\",\"publisher\":{\"@id\":\"https:\/\/www.institutodeengenharia.org.br\/site\/#organization\"},\"potentialAction\":[{\"@type\":\"SearchAction\",\"target\":{\"@type\":\"EntryPoint\",\"urlTemplate\":\"https:\/\/www.institutodeengenharia.org.br\/site\/?s={search_term_string}\"},\"query-input\":{\"@type\":\"PropertyValueSpecification\",\"valueRequired\":true,\"valueName\":\"search_term_string\"}}],\"inLanguage\":\"pt-BR\"},{\"@type\":\"Organization\",\"@id\":\"https:\/\/www.institutodeengenharia.org.br\/site\/#organization\",\"name\":\"Instituto de Engenharia\",\"url\":\"https:\/\/www.institutodeengenharia.org.br\/site\/\",\"logo\":{\"@type\":\"ImageObject\",\"inLanguage\":\"pt-BR\",\"@id\":\"https:\/\/www.institutodeengenharia.org.br\/site\/#\/schema\/logo\/image\/\",\"url\":\"https:\/\/www.institutodeengenharia.org.br\/site\/wp-content\/uploads\/2019\/03\/logo-novo-IE2018-1.jpg\",\"contentUrl\":\"https:\/\/www.institutodeengenharia.org.br\/site\/wp-content\/uploads\/2019\/03\/logo-novo-IE2018-1.jpg\",\"width\":1486,\"height\":1879,\"caption\":\"Instituto de Engenharia\"},\"image\":{\"@id\":\"https:\/\/www.institutodeengenharia.org.br\/site\/#\/schema\/logo\/image\/\"},\"sameAs\":[\"https:\/\/www.facebook.com\/institutodeengenharia\",\"https:\/\/x.com\/iengenharia\",\"https:\/\/www.instagram.com\/institutodeengenharia\/\",\"https:\/\/www.linkedin.com\/company\/instituto-de-engenharia\/\",\"https:\/\/www.youtube.com\/channel\/UCXiCAlsSMe977vamW915HxA\"]},{\"@type\":\"Person\",\"@id\":\"https:\/\/www.institutodeengenharia.org.br\/site\/#\/schema\/person\/aeb64951c405e100d26d30b033dd423f\",\"name\":\"Bianca\",\"image\":{\"@type\":\"ImageObject\",\"inLanguage\":\"pt-BR\",\"@id\":\"https:\/\/secure.gravatar.com\/avatar\/a6fbe9bff57405baf4c1e2c5c1811e072b558253974a9f9508f4678900c97c2a?s=96&d=mm&r=g\",\"url\":\"https:\/\/secure.gravatar.com\/avatar\/a6fbe9bff57405baf4c1e2c5c1811e072b558253974a9f9508f4678900c97c2a?s=96&d=mm&r=g\",\"contentUrl\":\"https:\/\/secure.gravatar.com\/avatar\/a6fbe9bff57405baf4c1e2c5c1811e072b558253974a9f9508f4678900c97c2a?s=96&d=mm&r=g\",\"caption\":\"Bianca\"},\"url\":\"https:\/\/www.institutodeengenharia.org.br\/site\/author\/comunicacao1\/\"}]}<\/script>\n<!-- \/ Yoast SEO plugin. -->","yoast_head_json":{"title":"Os gargalos da Seguran\u00e7a e da Sa\u00fade do Trabalho no Brasil - Instituto de Engenharia","robots":{"index":"index","follow":"follow","max-snippet":"max-snippet:-1","max-image-preview":"max-image-preview:large","max-video-preview":"max-video-preview:-1"},"canonical":"https:\/\/www.institutodeengenharia.org.br\/site\/2019\/02\/21\/os-gargalos-da-seguranca-e-da-saude-do-trabalho-no-brasil\/","og_locale":"pt_BR","og_type":"article","og_title":"Os gargalos da Seguran\u00e7a e da Sa\u00fade do Trabalho no Brasil - Instituto de Engenharia","og_description":"Assista \u00e0 \u00edntegra da palestra: + Informa\u00e7\u00f5es: Presidida por\u00a0Eduardo Ferreira Lafraia, presidente do Instituto de Engenharia, e\u00a0Jefferson Deodoro Teixeira da Costa, engenheiro de Seguran\u00e7a do Trabalho e coordenador da Divis\u00e3o de Seguran\u00e7a do Trabalho do Departamento de Engenharia do Habitat e Infraestrutura do Instituto de Engenharia e com a relatoria de\u00a0Jos\u00e9 Roberto Sevieri, com mini-apresenta\u00e7\u00f5es [&hellip;]","og_url":"https:\/\/www.institutodeengenharia.org.br\/site\/2019\/02\/21\/os-gargalos-da-seguranca-e-da-saude-do-trabalho-no-brasil\/","og_site_name":"Instituto de Engenharia","article_publisher":"https:\/\/www.facebook.com\/institutodeengenharia","article_published_time":"2019-02-21T12:22:21+00:00","article_modified_time":"2019-02-27T12:39:53+00:00","og_image":[{"width":733,"height":458,"url":"https:\/\/www.institutodeengenharia.org.br\/site\/wp-content\/uploads\/2018\/12\/epi-equipamento-seguranca-equipro-02z.jpg","type":"image\/jpeg"}],"author":"Bianca","twitter_card":"summary_large_image","twitter_creator":"@iengenharia","twitter_site":"@iengenharia","twitter_misc":{"Escrito por":"Bianca","Est. tempo de leitura":"3 minutos"},"schema":{"@context":"https:\/\/schema.org","@graph":[{"@type":"Article","@id":"https:\/\/www.institutodeengenharia.org.br\/site\/2019\/02\/21\/os-gargalos-da-seguranca-e-da-saude-do-trabalho-no-brasil\/#article","isPartOf":{"@id":"https:\/\/www.institutodeengenharia.org.br\/site\/2019\/02\/21\/os-gargalos-da-seguranca-e-da-saude-do-trabalho-no-brasil\/"},"author":{"name":"Bianca","@id":"https:\/\/www.institutodeengenharia.org.br\/site\/#\/schema\/person\/aeb64951c405e100d26d30b033dd423f"},"headline":"Os gargalos da Seguran\u00e7a e da Sa\u00fade do Trabalho no Brasil","datePublished":"2019-02-21T12:22:21+00:00","dateModified":"2019-02-27T12:39:53+00:00","mainEntityOfPage":{"@id":"https:\/\/www.institutodeengenharia.org.br\/site\/2019\/02\/21\/os-gargalos-da-seguranca-e-da-saude-do-trabalho-no-brasil\/"},"wordCount":530,"commentCount":0,"publisher":{"@id":"https:\/\/www.institutodeengenharia.org.br\/site\/#organization"},"image":{"@id":"https:\/\/www.institutodeengenharia.org.br\/site\/2019\/02\/21\/os-gargalos-da-seguranca-e-da-saude-do-trabalho-no-brasil\/#primaryimage"},"thumbnailUrl":"https:\/\/www.institutodeengenharia.org.br\/site\/wp-content\/uploads\/2018\/12\/epi-equipamento-seguranca-equipro-02z.jpg","articleSection":["Departamento Desenvolvimento de Projetos e Servi\u00e7os de Infraestrutura","Divis\u00e3o T\u00e9cnica de Seguran\u00e7a no Trabalho","Nova TV Engenharia","Palestra"],"inLanguage":"pt-BR","potentialAction":[{"@type":"CommentAction","name":"Comment","target":["https:\/\/www.institutodeengenharia.org.br\/site\/2019\/02\/21\/os-gargalos-da-seguranca-e-da-saude-do-trabalho-no-brasil\/#respond"]}]},{"@type":"WebPage","@id":"https:\/\/www.institutodeengenharia.org.br\/site\/2019\/02\/21\/os-gargalos-da-seguranca-e-da-saude-do-trabalho-no-brasil\/","url":"https:\/\/www.institutodeengenharia.org.br\/site\/2019\/02\/21\/os-gargalos-da-seguranca-e-da-saude-do-trabalho-no-brasil\/","name":"Os gargalos da Seguran\u00e7a e da Sa\u00fade do Trabalho no Brasil - Instituto de Engenharia","isPartOf":{"@id":"https:\/\/www.institutodeengenharia.org.br\/site\/#website"},"primaryImageOfPage":{"@id":"https:\/\/www.institutodeengenharia.org.br\/site\/2019\/02\/21\/os-gargalos-da-seguranca-e-da-saude-do-trabalho-no-brasil\/#primaryimage"},"image":{"@id":"https:\/\/www.institutodeengenharia.org.br\/site\/2019\/02\/21\/os-gargalos-da-seguranca-e-da-saude-do-trabalho-no-brasil\/#primaryimage"},"thumbnailUrl":"https:\/\/www.institutodeengenharia.org.br\/site\/wp-content\/uploads\/2018\/12\/epi-equipamento-seguranca-equipro-02z.jpg","datePublished":"2019-02-21T12:22:21+00:00","dateModified":"2019-02-27T12:39:53+00:00","breadcrumb":{"@id":"https:\/\/www.institutodeengenharia.org.br\/site\/2019\/02\/21\/os-gargalos-da-seguranca-e-da-saude-do-trabalho-no-brasil\/#breadcrumb"},"inLanguage":"pt-BR","potentialAction":[{"@type":"ReadAction","target":["https:\/\/www.institutodeengenharia.org.br\/site\/2019\/02\/21\/os-gargalos-da-seguranca-e-da-saude-do-trabalho-no-brasil\/"]}]},{"@type":"ImageObject","inLanguage":"pt-BR","@id":"https:\/\/www.institutodeengenharia.org.br\/site\/2019\/02\/21\/os-gargalos-da-seguranca-e-da-saude-do-trabalho-no-brasil\/#primaryimage","url":"https:\/\/www.institutodeengenharia.org.br\/site\/wp-content\/uploads\/2018\/12\/epi-equipamento-seguranca-equipro-02z.jpg","contentUrl":"https:\/\/www.institutodeengenharia.org.br\/site\/wp-content\/uploads\/2018\/12\/epi-equipamento-seguranca-equipro-02z.jpg","width":733,"height":458},{"@type":"BreadcrumbList","@id":"https:\/\/www.institutodeengenharia.org.br\/site\/2019\/02\/21\/os-gargalos-da-seguranca-e-da-saude-do-trabalho-no-brasil\/#breadcrumb","itemListElement":[{"@type":"ListItem","position":1,"name":"In\u00edcio","item":"https:\/\/www.institutodeengenharia.org.br\/site\/"},{"@type":"ListItem","position":2,"name":"Os gargalos da Seguran\u00e7a e da Sa\u00fade do Trabalho no Brasil"}]},{"@type":"WebSite","@id":"https:\/\/www.institutodeengenharia.org.br\/site\/#website","url":"https:\/\/www.institutodeengenharia.org.br\/site\/","name":"Instituto de Engenharia","description":"O Instituto de Engenharia promove a Engenharia em benef\u00edcio do desenvolvimento e da qualidade de vida da sociedade.","publisher":{"@id":"https:\/\/www.institutodeengenharia.org.br\/site\/#organization"},"potentialAction":[{"@type":"SearchAction","target":{"@type":"EntryPoint","urlTemplate":"https:\/\/www.institutodeengenharia.org.br\/site\/?s={search_term_string}"},"query-input":{"@type":"PropertyValueSpecification","valueRequired":true,"valueName":"search_term_string"}}],"inLanguage":"pt-BR"},{"@type":"Organization","@id":"https:\/\/www.institutodeengenharia.org.br\/site\/#organization","name":"Instituto de Engenharia","url":"https:\/\/www.institutodeengenharia.org.br\/site\/","logo":{"@type":"ImageObject","inLanguage":"pt-BR","@id":"https:\/\/www.institutodeengenharia.org.br\/site\/#\/schema\/logo\/image\/","url":"https:\/\/www.institutodeengenharia.org.br\/site\/wp-content\/uploads\/2019\/03\/logo-novo-IE2018-1.jpg","contentUrl":"https:\/\/www.institutodeengenharia.org.br\/site\/wp-content\/uploads\/2019\/03\/logo-novo-IE2018-1.jpg","width":1486,"height":1879,"caption":"Instituto de Engenharia"},"image":{"@id":"https:\/\/www.institutodeengenharia.org.br\/site\/#\/schema\/logo\/image\/"},"sameAs":["https:\/\/www.facebook.com\/institutodeengenharia","https:\/\/x.com\/iengenharia","https:\/\/www.instagram.com\/institutodeengenharia\/","https:\/\/www.linkedin.com\/company\/instituto-de-engenharia\/","https:\/\/www.youtube.com\/channel\/UCXiCAlsSMe977vamW915HxA"]},{"@type":"Person","@id":"https:\/\/www.institutodeengenharia.org.br\/site\/#\/schema\/person\/aeb64951c405e100d26d30b033dd423f","name":"Bianca","image":{"@type":"ImageObject","inLanguage":"pt-BR","@id":"https:\/\/secure.gravatar.com\/avatar\/a6fbe9bff57405baf4c1e2c5c1811e072b558253974a9f9508f4678900c97c2a?s=96&d=mm&r=g","url":"https:\/\/secure.gravatar.com\/avatar\/a6fbe9bff57405baf4c1e2c5c1811e072b558253974a9f9508f4678900c97c2a?s=96&d=mm&r=g","contentUrl":"https:\/\/secure.gravatar.com\/avatar\/a6fbe9bff57405baf4c1e2c5c1811e072b558253974a9f9508f4678900c97c2a?s=96&d=mm&r=g","caption":"Bianca"},"url":"https:\/\/www.institutodeengenharia.org.br\/site\/author\/comunicacao1\/"}]}},"_links":{"self":[{"href":"https:\/\/www.institutodeengenharia.org.br\/site\/wp-json\/wp\/v2\/posts\/40400","targetHints":{"allow":["GET"]}}],"collection":[{"href":"https:\/\/www.institutodeengenharia.org.br\/site\/wp-json\/wp\/v2\/posts"}],"about":[{"href":"https:\/\/www.institutodeengenharia.org.br\/site\/wp-json\/wp\/v2\/types\/post"}],"author":[{"embeddable":true,"href":"https:\/\/www.institutodeengenharia.org.br\/site\/wp-json\/wp\/v2\/users\/13"}],"replies":[{"embeddable":true,"href":"https:\/\/www.institutodeengenharia.org.br\/site\/wp-json\/wp\/v2\/comments?post=40400"}],"version-history":[{"count":1,"href":"https:\/\/www.institutodeengenharia.org.br\/site\/wp-json\/wp\/v2\/posts\/40400\/revisions"}],"predecessor-version":[{"id":40401,"href":"https:\/\/www.institutodeengenharia.org.br\/site\/wp-json\/wp\/v2\/posts\/40400\/revisions\/40401"}],"wp:featuredmedia":[{"embeddable":true,"href":"https:\/\/www.institutodeengenharia.org.br\/site\/wp-json\/wp\/v2\/media\/39502"}],"wp:attachment":[{"href":"https:\/\/www.institutodeengenharia.org.br\/site\/wp-json\/wp\/v2\/media?parent=40400"}],"wp:term":[{"taxonomy":"category","embeddable":true,"href":"https:\/\/www.institutodeengenharia.org.br\/site\/wp-json\/wp\/v2\/categories?post=40400"},{"taxonomy":"post_tag","embeddable":true,"href":"https:\/\/www.institutodeengenharia.org.br\/site\/wp-json\/wp\/v2\/tags?post=40400"}],"curies":[{"name":"wp","href":"https:\/\/api.w.org\/{rel}","templated":true}]}}