{"id":40231,"date":"2019-02-13T16:32:04","date_gmt":"2019-02-13T18:32:04","guid":{"rendered":"https:\/\/www.institutodeengenharia.org.br\/site\/?p=40231"},"modified":"2021-11-16T18:07:45","modified_gmt":"2021-11-16T21:07:45","slug":"1o-tema-brumadinho-uma-oportunidade-para-a-sociedade-debater-engenharia-e-arquitetura","status":"publish","type":"post","link":"https:\/\/www.institutodeengenharia.org.br\/site\/2019\/02\/13\/1o-tema-brumadinho-uma-oportunidade-para-a-sociedade-debater-engenharia-e-arquitetura\/","title":{"rendered":"1\u00ba Tema \u2013 Brumadinho, uma oportunidade para a sociedade debater Engenharia e Arquitetura"},"content":{"rendered":"<p><em><strong>Autores<\/strong>: Eng. Amir Musleh; Arq. Bianca Beteloni; Eng. Celso Shimura; Eng. DanieleVillarim; Eng. Jos\u00e9 Reis; Arq. OlavoSunigam; Eng. Paula Rodrigues; Dra. Simone Nogueira Santo<\/em>s.<br \/>\n<em><strong>Participa\u00e7\u00e3o:<\/strong> Departamento de Arquitetura, Divis\u00e3o T\u00e9cnica de Meio Ambiente, Divis\u00e3o T\u00e9cnica de Sanit\u00e1ria e consultores externos.<\/em><\/p>\n<p>H\u00e1 um consenso em grandes grupos da sociedade e em espec\u00edfico dos autores deste texto, de que a trag\u00e9dia em Brumadinho vai al\u00e9m de problemas estruturais, econ\u00f4micos e de interesses particulares, atingem questionamentos da exist\u00eancia da engenharia e arquitetura. Acompanhando as m\u00eddias na cobertura da trag\u00e9dia, observa-se que a engenharia \u00e9 respons\u00e1vel por levar confian\u00e7a e credibilidade \u00e0 sociedade, garantindo a preserva\u00e7\u00e3o das estruturas da cidade, meio ambiente e patrim\u00f4nios arquitet\u00f4nicos, contudo,uma sequ\u00eancia de a\u00e7\u00f5es pol\u00edticas e de vi\u00e9s n\u00e3o da engenharia na tomada de decis\u00e3o para libera\u00e7\u00e3o de licen\u00e7as, fiscaliza\u00e7\u00f5es, manuten\u00e7\u00f5es, falha generalizada no sistema de monitoramento e alarme a popula\u00e7\u00e3o, foram decisivas para a trag\u00e9dia que se sucedeu.<\/p>\n<p>O licenciamento ambiental \u00e9 um dos instrumentos de promo\u00e7\u00e3o do desenvolvimento sustent\u00e1vel, tendo de ponderar interesses ambientais e interesses econ\u00f4micos, a flexibiliza\u00e7\u00e3o de seu procedimento em detrimento do meio ambiente se mostra um grave erro. No caso das barragens rompidas, o Estado de Minas Gerais fez uma flexibiliza\u00e7\u00e3o e os resultados foram catastr\u00f3ficos, a mineradora Vale conseguiu, em dezembro de 2018, uma licen\u00e7a de 10 anos para a expans\u00e3o e adequa\u00e7\u00e3o da Mina do C\u00f3rrego do Feij\u00e3o, por meio do Parecer \u00danico n\u00ba 0786757\/2018 (SIAM), concedido pela C\u00e2mara de Atividades Miner\u00e1rias do Conselho Estadual de Pol\u00edtica Ambiental (CMI\/Copam), durante a 37\u00aa Reuni\u00e3o Extraordin\u00e1ria. Outra quest\u00e3o que vem \u00e0 tona \u00e9 uma cr\u00edtica \u00e0 Lei n\u00ba 12.334, de 20 de setembro de 2010, que estabeleceu a Pol\u00edtica Nacional de Seguran\u00e7a de Barragens (PNSB), tal lei estabelece, no par\u00e1grafo 1\u00ba do Art. 9 que \u201da inspe\u00e7\u00e3o de seguran\u00e7a regular ser\u00e1 efetuada pela pr\u00f3pria equipe de seguran\u00e7a da barragem, devendo o relat\u00f3rio resultante estar dispon\u00edvel ao \u00f3rg\u00e3o fiscalizador e \u00e0 sociedade civil\u201d, quando o ideal e correto seria que inspe\u00e7\u00f5es e fiscaliza\u00e7\u00f5es, principalmente as regulares porque estas antecipam problemas e evitam trag\u00e9dias, fossem atribu\u00eddas aos \u00f3rg\u00e3os p\u00fablicos respons\u00e1veis.<\/p>\n<p>A atividade miner\u00e1ria sem d\u00favidas \u00e9 de suma import\u00e2ncia ao desenvolvimento de um pa\u00eds, no entanto suas atividades, subprodutos e rejeitos devem ser tratados com a \u00f3tica da ecoefici\u00eancia, pois suas atividades de explora\u00e7\u00e3o e descartes, modificam a estrutura f\u00edsica do solo e suas caracter\u00edsticas de reten\u00e7\u00e3o e condu\u00e7\u00e3o hidr\u00e1ulica. Muitos processos de minera\u00e7\u00e3o envolvem a retirada de toda ou parte do solo at\u00e9 que se atinja a jazida de min\u00e9rio a ser explorada. Esta \u201ccapa\u201d de mat\u00e9ria org\u00e2nica \u00e9 a respons\u00e1vel pela sustenta\u00e7\u00e3o de esp\u00e9cies arb\u00f3reas e vegetais que, por sua vez, servem de abrigo e alimento para os animais que dali obt\u00eam os seus recursos.Em termos h\u00eddricos, a minera\u00e7\u00e3o tamb\u00e9m pode, pela abertura de cavas, atingir e fazer aflorar len\u00e7\u00f3is fre\u00e1ticos. A \u00e1gua, antes protegida, fica exposta, podendo entrar em contato com subst\u00e2ncias do beneficiamento do min\u00e9rio, tornando-a contaminada.<\/p>\n<p>Como \u00faltima forma de reflex\u00f5es obre as trag\u00e9dias em barragens a montante, podemos em uma eventualidade, perder obras arquitet\u00f4nicas e de arte, como a cidade de Ouro Preto (tr\u00eas barragens a seu em torno), arte barroca e as obras de Aleijadinho.<\/p>\n<p>Conclui-se, assim, que a celeridade do procedimento licenciat\u00f3rio, t\u00e3o almejada pelos agentes econ\u00f4micos, deve passar necessariamente pela valoriza\u00e7\u00e3o e aparelhamento dos \u00f3rg\u00e3os ambientais com recursos humanos (principalmente de seu corpo t\u00e9cnico) e tamb\u00e9m com recursos financeiros, para que assim possam cumprir corretamente e em prazos vi\u00e1veis, a compet\u00eancia que lhes foi atribu\u00edda por leis e pela Constitui\u00e7\u00e3o Federal de proteger o meio ambiente para as presentes e futuras gera\u00e7\u00f5es.<\/p>\n","protected":false},"excerpt":{"rendered":"<p>Autores: Eng. Amir Musleh; Arq. Bianca Beteloni; Eng. Celso Shimura; Eng. DanieleVillarim; Eng. Jos\u00e9 Reis; Arq. OlavoSunigam; Eng. Paula Rodrigues; Dra. Simone Nogueira Santos. Participa\u00e7\u00e3o: Departamento de Arquitetura, Divis\u00e3o T\u00e9cnica de Meio Ambiente, Divis\u00e3o T\u00e9cnica de Sanit\u00e1ria e consultores externos. H\u00e1 um consenso em grandes grupos da sociedade e em espec\u00edfico dos autores deste texto, [&hellip;]<\/p>\n","protected":false},"author":2,"featured_media":40232,"comment_status":"open","ping_status":"open","sticky":false,"template":"","format":"standard","meta":{"footnotes":""},"categories":[114,15,75,74],"tags":[],"class_list":{"0":"post-40231","1":"post","2":"type-post","3":"status-publish","4":"format-standard","5":"has-post-thumbnail","7":"category-artigos","8":"category-departamento-desenvolvimento-de-projetos-e-servicos-de-infraestrutura","9":"category-divisao-tecnica-aguas-e-saneamento","10":"category-divisao-tecnica-meio-ambiente-e-sustentabilidade"},"yoast_head":"<!-- This site is optimized with the Yoast SEO plugin v27.2 - https:\/\/yoast.com\/product\/yoast-seo-wordpress\/ -->\n<title>1\u00ba Tema \u2013 Brumadinho, uma oportunidade para a sociedade debater Engenharia e Arquitetura - Instituto de Engenharia<\/title>\n<meta name=\"robots\" content=\"index, follow, max-snippet:-1, max-image-preview:large, max-video-preview:-1\" \/>\n<link rel=\"canonical\" href=\"https:\/\/www.institutodeengenharia.org.br\/site\/2019\/02\/13\/1o-tema-brumadinho-uma-oportunidade-para-a-sociedade-debater-engenharia-e-arquitetura\/\" \/>\n<meta property=\"og:locale\" content=\"pt_BR\" \/>\n<meta property=\"og:type\" content=\"article\" \/>\n<meta property=\"og:title\" content=\"1\u00ba Tema \u2013 Brumadinho, uma oportunidade para a sociedade debater Engenharia e Arquitetura - Instituto de Engenharia\" \/>\n<meta property=\"og:description\" content=\"Autores: Eng. Amir Musleh; Arq. Bianca Beteloni; Eng. Celso Shimura; Eng. DanieleVillarim; Eng. Jos\u00e9 Reis; Arq. OlavoSunigam; Eng. Paula Rodrigues; Dra. Simone Nogueira Santos. Participa\u00e7\u00e3o: Departamento de Arquitetura, Divis\u00e3o T\u00e9cnica de Meio Ambiente, Divis\u00e3o T\u00e9cnica de Sanit\u00e1ria e consultores externos. H\u00e1 um consenso em grandes grupos da sociedade e em espec\u00edfico dos autores deste texto, [&hellip;]\" \/>\n<meta property=\"og:url\" content=\"https:\/\/www.institutodeengenharia.org.br\/site\/2019\/02\/13\/1o-tema-brumadinho-uma-oportunidade-para-a-sociedade-debater-engenharia-e-arquitetura\/\" \/>\n<meta property=\"og:site_name\" content=\"Instituto de Engenharia\" \/>\n<meta property=\"article:publisher\" content=\"https:\/\/www.facebook.com\/institutodeengenharia\" \/>\n<meta property=\"article:published_time\" content=\"2019-02-13T18:32:04+00:00\" \/>\n<meta property=\"article:modified_time\" content=\"2021-11-16T21:07:45+00:00\" \/>\n<meta property=\"og:image\" content=\"https:\/\/www.institutodeengenharia.org.br\/site\/wp-content\/uploads\/2019\/02\/brumadinho.jpg\" \/>\n\t<meta property=\"og:image:width\" content=\"860\" \/>\n\t<meta property=\"og:image:height\" content=\"280\" \/>\n\t<meta property=\"og:image:type\" content=\"image\/jpeg\" \/>\n<meta name=\"author\" content=\"Isabel\" \/>\n<meta name=\"twitter:card\" content=\"summary_large_image\" \/>\n<meta name=\"twitter:creator\" content=\"@iengenharia\" \/>\n<meta name=\"twitter:site\" content=\"@iengenharia\" \/>\n<meta name=\"twitter:label1\" content=\"Escrito por\" \/>\n\t<meta name=\"twitter:data1\" content=\"Isabel\" \/>\n\t<meta name=\"twitter:label2\" content=\"Est. tempo de leitura\" \/>\n\t<meta name=\"twitter:data2\" content=\"3 minutos\" \/>\n<script type=\"application\/ld+json\" class=\"yoast-schema-graph\">{\"@context\":\"https:\/\/schema.org\",\"@graph\":[{\"@type\":\"Article\",\"@id\":\"https:\/\/www.institutodeengenharia.org.br\/site\/2019\/02\/13\/1o-tema-brumadinho-uma-oportunidade-para-a-sociedade-debater-engenharia-e-arquitetura\/#article\",\"isPartOf\":{\"@id\":\"https:\/\/www.institutodeengenharia.org.br\/site\/2019\/02\/13\/1o-tema-brumadinho-uma-oportunidade-para-a-sociedade-debater-engenharia-e-arquitetura\/\"},\"author\":{\"name\":\"Isabel\",\"@id\":\"https:\/\/www.institutodeengenharia.org.br\/site\/#\/schema\/person\/d1764429c217aaa88954818c8f9a3036\"},\"headline\":\"1\u00ba Tema \u2013 Brumadinho, uma oportunidade para a sociedade debater Engenharia e Arquitetura\",\"datePublished\":\"2019-02-13T18:32:04+00:00\",\"dateModified\":\"2021-11-16T21:07:45+00:00\",\"mainEntityOfPage\":{\"@id\":\"https:\/\/www.institutodeengenharia.org.br\/site\/2019\/02\/13\/1o-tema-brumadinho-uma-oportunidade-para-a-sociedade-debater-engenharia-e-arquitetura\/\"},\"wordCount\":700,\"commentCount\":0,\"publisher\":{\"@id\":\"https:\/\/www.institutodeengenharia.org.br\/site\/#organization\"},\"image\":{\"@id\":\"https:\/\/www.institutodeengenharia.org.br\/site\/2019\/02\/13\/1o-tema-brumadinho-uma-oportunidade-para-a-sociedade-debater-engenharia-e-arquitetura\/#primaryimage\"},\"thumbnailUrl\":\"https:\/\/www.institutodeengenharia.org.br\/site\/wp-content\/uploads\/2019\/02\/brumadinho.jpg\",\"articleSection\":[\"Artigos\",\"Departamento Desenvolvimento de Projetos e Servi\u00e7os de Infraestrutura\",\"Divis\u00e3o T\u00e9cnica \u00c1guas e Saneamento\",\"Divis\u00e3o T\u00e9cnica Meio Ambiente e Sustentabilidade\"],\"inLanguage\":\"pt-BR\",\"potentialAction\":[{\"@type\":\"CommentAction\",\"name\":\"Comment\",\"target\":[\"https:\/\/www.institutodeengenharia.org.br\/site\/2019\/02\/13\/1o-tema-brumadinho-uma-oportunidade-para-a-sociedade-debater-engenharia-e-arquitetura\/#respond\"]}]},{\"@type\":\"WebPage\",\"@id\":\"https:\/\/www.institutodeengenharia.org.br\/site\/2019\/02\/13\/1o-tema-brumadinho-uma-oportunidade-para-a-sociedade-debater-engenharia-e-arquitetura\/\",\"url\":\"https:\/\/www.institutodeengenharia.org.br\/site\/2019\/02\/13\/1o-tema-brumadinho-uma-oportunidade-para-a-sociedade-debater-engenharia-e-arquitetura\/\",\"name\":\"1\u00ba Tema \u2013 Brumadinho, uma oportunidade para a sociedade debater Engenharia e Arquitetura - Instituto de Engenharia\",\"isPartOf\":{\"@id\":\"https:\/\/www.institutodeengenharia.org.br\/site\/#website\"},\"primaryImageOfPage\":{\"@id\":\"https:\/\/www.institutodeengenharia.org.br\/site\/2019\/02\/13\/1o-tema-brumadinho-uma-oportunidade-para-a-sociedade-debater-engenharia-e-arquitetura\/#primaryimage\"},\"image\":{\"@id\":\"https:\/\/www.institutodeengenharia.org.br\/site\/2019\/02\/13\/1o-tema-brumadinho-uma-oportunidade-para-a-sociedade-debater-engenharia-e-arquitetura\/#primaryimage\"},\"thumbnailUrl\":\"https:\/\/www.institutodeengenharia.org.br\/site\/wp-content\/uploads\/2019\/02\/brumadinho.jpg\",\"datePublished\":\"2019-02-13T18:32:04+00:00\",\"dateModified\":\"2021-11-16T21:07:45+00:00\",\"breadcrumb\":{\"@id\":\"https:\/\/www.institutodeengenharia.org.br\/site\/2019\/02\/13\/1o-tema-brumadinho-uma-oportunidade-para-a-sociedade-debater-engenharia-e-arquitetura\/#breadcrumb\"},\"inLanguage\":\"pt-BR\",\"potentialAction\":[{\"@type\":\"ReadAction\",\"target\":[\"https:\/\/www.institutodeengenharia.org.br\/site\/2019\/02\/13\/1o-tema-brumadinho-uma-oportunidade-para-a-sociedade-debater-engenharia-e-arquitetura\/\"]}]},{\"@type\":\"ImageObject\",\"inLanguage\":\"pt-BR\",\"@id\":\"https:\/\/www.institutodeengenharia.org.br\/site\/2019\/02\/13\/1o-tema-brumadinho-uma-oportunidade-para-a-sociedade-debater-engenharia-e-arquitetura\/#primaryimage\",\"url\":\"https:\/\/www.institutodeengenharia.org.br\/site\/wp-content\/uploads\/2019\/02\/brumadinho.jpg\",\"contentUrl\":\"https:\/\/www.institutodeengenharia.org.br\/site\/wp-content\/uploads\/2019\/02\/brumadinho.jpg\",\"width\":860,\"height\":280},{\"@type\":\"BreadcrumbList\",\"@id\":\"https:\/\/www.institutodeengenharia.org.br\/site\/2019\/02\/13\/1o-tema-brumadinho-uma-oportunidade-para-a-sociedade-debater-engenharia-e-arquitetura\/#breadcrumb\",\"itemListElement\":[{\"@type\":\"ListItem\",\"position\":1,\"name\":\"In\u00edcio\",\"item\":\"https:\/\/www.institutodeengenharia.org.br\/site\/\"},{\"@type\":\"ListItem\",\"position\":2,\"name\":\"1\u00ba Tema \u2013 Brumadinho, uma oportunidade para a sociedade debater Engenharia e Arquitetura\"}]},{\"@type\":\"WebSite\",\"@id\":\"https:\/\/www.institutodeengenharia.org.br\/site\/#website\",\"url\":\"https:\/\/www.institutodeengenharia.org.br\/site\/\",\"name\":\"Instituto de Engenharia\",\"description\":\"O Instituto de Engenharia promove a Engenharia em benef\u00edcio do desenvolvimento e da qualidade de vida da sociedade.\",\"publisher\":{\"@id\":\"https:\/\/www.institutodeengenharia.org.br\/site\/#organization\"},\"potentialAction\":[{\"@type\":\"SearchAction\",\"target\":{\"@type\":\"EntryPoint\",\"urlTemplate\":\"https:\/\/www.institutodeengenharia.org.br\/site\/?s={search_term_string}\"},\"query-input\":{\"@type\":\"PropertyValueSpecification\",\"valueRequired\":true,\"valueName\":\"search_term_string\"}}],\"inLanguage\":\"pt-BR\"},{\"@type\":\"Organization\",\"@id\":\"https:\/\/www.institutodeengenharia.org.br\/site\/#organization\",\"name\":\"Instituto de Engenharia\",\"url\":\"https:\/\/www.institutodeengenharia.org.br\/site\/\",\"logo\":{\"@type\":\"ImageObject\",\"inLanguage\":\"pt-BR\",\"@id\":\"https:\/\/www.institutodeengenharia.org.br\/site\/#\/schema\/logo\/image\/\",\"url\":\"https:\/\/www.institutodeengenharia.org.br\/site\/wp-content\/uploads\/2019\/03\/logo-novo-IE2018-1.jpg\",\"contentUrl\":\"https:\/\/www.institutodeengenharia.org.br\/site\/wp-content\/uploads\/2019\/03\/logo-novo-IE2018-1.jpg\",\"width\":1486,\"height\":1879,\"caption\":\"Instituto de Engenharia\"},\"image\":{\"@id\":\"https:\/\/www.institutodeengenharia.org.br\/site\/#\/schema\/logo\/image\/\"},\"sameAs\":[\"https:\/\/www.facebook.com\/institutodeengenharia\",\"https:\/\/x.com\/iengenharia\",\"https:\/\/www.instagram.com\/institutodeengenharia\/\",\"https:\/\/www.linkedin.com\/company\/instituto-de-engenharia\/\",\"https:\/\/www.youtube.com\/channel\/UCXiCAlsSMe977vamW915HxA\"]},{\"@type\":\"Person\",\"@id\":\"https:\/\/www.institutodeengenharia.org.br\/site\/#\/schema\/person\/d1764429c217aaa88954818c8f9a3036\",\"name\":\"Isabel\",\"image\":{\"@type\":\"ImageObject\",\"inLanguage\":\"pt-BR\",\"@id\":\"https:\/\/secure.gravatar.com\/avatar\/a91d60506c31a7cb05e69a21529f91908e538db3b21f58bfda4039be740fcb71?s=96&d=mm&r=g\",\"url\":\"https:\/\/secure.gravatar.com\/avatar\/a91d60506c31a7cb05e69a21529f91908e538db3b21f58bfda4039be740fcb71?s=96&d=mm&r=g\",\"contentUrl\":\"https:\/\/secure.gravatar.com\/avatar\/a91d60506c31a7cb05e69a21529f91908e538db3b21f58bfda4039be740fcb71?s=96&d=mm&r=g\",\"caption\":\"Isabel\"},\"url\":\"https:\/\/www.institutodeengenharia.org.br\/site\/author\/isabel\/\"}]}<\/script>\n<!-- \/ Yoast SEO plugin. -->","yoast_head_json":{"title":"1\u00ba Tema \u2013 Brumadinho, uma oportunidade para a sociedade debater Engenharia e Arquitetura - Instituto de Engenharia","robots":{"index":"index","follow":"follow","max-snippet":"max-snippet:-1","max-image-preview":"max-image-preview:large","max-video-preview":"max-video-preview:-1"},"canonical":"https:\/\/www.institutodeengenharia.org.br\/site\/2019\/02\/13\/1o-tema-brumadinho-uma-oportunidade-para-a-sociedade-debater-engenharia-e-arquitetura\/","og_locale":"pt_BR","og_type":"article","og_title":"1\u00ba Tema \u2013 Brumadinho, uma oportunidade para a sociedade debater Engenharia e Arquitetura - Instituto de Engenharia","og_description":"Autores: Eng. Amir Musleh; Arq. Bianca Beteloni; Eng. Celso Shimura; Eng. DanieleVillarim; Eng. Jos\u00e9 Reis; Arq. OlavoSunigam; Eng. Paula Rodrigues; Dra. Simone Nogueira Santos. Participa\u00e7\u00e3o: Departamento de Arquitetura, Divis\u00e3o T\u00e9cnica de Meio Ambiente, Divis\u00e3o T\u00e9cnica de Sanit\u00e1ria e consultores externos. H\u00e1 um consenso em grandes grupos da sociedade e em espec\u00edfico dos autores deste texto, [&hellip;]","og_url":"https:\/\/www.institutodeengenharia.org.br\/site\/2019\/02\/13\/1o-tema-brumadinho-uma-oportunidade-para-a-sociedade-debater-engenharia-e-arquitetura\/","og_site_name":"Instituto de Engenharia","article_publisher":"https:\/\/www.facebook.com\/institutodeengenharia","article_published_time":"2019-02-13T18:32:04+00:00","article_modified_time":"2021-11-16T21:07:45+00:00","og_image":[{"width":860,"height":280,"url":"https:\/\/www.institutodeengenharia.org.br\/site\/wp-content\/uploads\/2019\/02\/brumadinho.jpg","type":"image\/jpeg"}],"author":"Isabel","twitter_card":"summary_large_image","twitter_creator":"@iengenharia","twitter_site":"@iengenharia","twitter_misc":{"Escrito por":"Isabel","Est. tempo de leitura":"3 minutos"},"schema":{"@context":"https:\/\/schema.org","@graph":[{"@type":"Article","@id":"https:\/\/www.institutodeengenharia.org.br\/site\/2019\/02\/13\/1o-tema-brumadinho-uma-oportunidade-para-a-sociedade-debater-engenharia-e-arquitetura\/#article","isPartOf":{"@id":"https:\/\/www.institutodeengenharia.org.br\/site\/2019\/02\/13\/1o-tema-brumadinho-uma-oportunidade-para-a-sociedade-debater-engenharia-e-arquitetura\/"},"author":{"name":"Isabel","@id":"https:\/\/www.institutodeengenharia.org.br\/site\/#\/schema\/person\/d1764429c217aaa88954818c8f9a3036"},"headline":"1\u00ba Tema \u2013 Brumadinho, uma oportunidade para a sociedade debater Engenharia e Arquitetura","datePublished":"2019-02-13T18:32:04+00:00","dateModified":"2021-11-16T21:07:45+00:00","mainEntityOfPage":{"@id":"https:\/\/www.institutodeengenharia.org.br\/site\/2019\/02\/13\/1o-tema-brumadinho-uma-oportunidade-para-a-sociedade-debater-engenharia-e-arquitetura\/"},"wordCount":700,"commentCount":0,"publisher":{"@id":"https:\/\/www.institutodeengenharia.org.br\/site\/#organization"},"image":{"@id":"https:\/\/www.institutodeengenharia.org.br\/site\/2019\/02\/13\/1o-tema-brumadinho-uma-oportunidade-para-a-sociedade-debater-engenharia-e-arquitetura\/#primaryimage"},"thumbnailUrl":"https:\/\/www.institutodeengenharia.org.br\/site\/wp-content\/uploads\/2019\/02\/brumadinho.jpg","articleSection":["Artigos","Departamento Desenvolvimento de Projetos e Servi\u00e7os de Infraestrutura","Divis\u00e3o T\u00e9cnica \u00c1guas e Saneamento","Divis\u00e3o T\u00e9cnica Meio Ambiente e Sustentabilidade"],"inLanguage":"pt-BR","potentialAction":[{"@type":"CommentAction","name":"Comment","target":["https:\/\/www.institutodeengenharia.org.br\/site\/2019\/02\/13\/1o-tema-brumadinho-uma-oportunidade-para-a-sociedade-debater-engenharia-e-arquitetura\/#respond"]}]},{"@type":"WebPage","@id":"https:\/\/www.institutodeengenharia.org.br\/site\/2019\/02\/13\/1o-tema-brumadinho-uma-oportunidade-para-a-sociedade-debater-engenharia-e-arquitetura\/","url":"https:\/\/www.institutodeengenharia.org.br\/site\/2019\/02\/13\/1o-tema-brumadinho-uma-oportunidade-para-a-sociedade-debater-engenharia-e-arquitetura\/","name":"1\u00ba Tema \u2013 Brumadinho, uma oportunidade para a sociedade debater Engenharia e Arquitetura - Instituto de Engenharia","isPartOf":{"@id":"https:\/\/www.institutodeengenharia.org.br\/site\/#website"},"primaryImageOfPage":{"@id":"https:\/\/www.institutodeengenharia.org.br\/site\/2019\/02\/13\/1o-tema-brumadinho-uma-oportunidade-para-a-sociedade-debater-engenharia-e-arquitetura\/#primaryimage"},"image":{"@id":"https:\/\/www.institutodeengenharia.org.br\/site\/2019\/02\/13\/1o-tema-brumadinho-uma-oportunidade-para-a-sociedade-debater-engenharia-e-arquitetura\/#primaryimage"},"thumbnailUrl":"https:\/\/www.institutodeengenharia.org.br\/site\/wp-content\/uploads\/2019\/02\/brumadinho.jpg","datePublished":"2019-02-13T18:32:04+00:00","dateModified":"2021-11-16T21:07:45+00:00","breadcrumb":{"@id":"https:\/\/www.institutodeengenharia.org.br\/site\/2019\/02\/13\/1o-tema-brumadinho-uma-oportunidade-para-a-sociedade-debater-engenharia-e-arquitetura\/#breadcrumb"},"inLanguage":"pt-BR","potentialAction":[{"@type":"ReadAction","target":["https:\/\/www.institutodeengenharia.org.br\/site\/2019\/02\/13\/1o-tema-brumadinho-uma-oportunidade-para-a-sociedade-debater-engenharia-e-arquitetura\/"]}]},{"@type":"ImageObject","inLanguage":"pt-BR","@id":"https:\/\/www.institutodeengenharia.org.br\/site\/2019\/02\/13\/1o-tema-brumadinho-uma-oportunidade-para-a-sociedade-debater-engenharia-e-arquitetura\/#primaryimage","url":"https:\/\/www.institutodeengenharia.org.br\/site\/wp-content\/uploads\/2019\/02\/brumadinho.jpg","contentUrl":"https:\/\/www.institutodeengenharia.org.br\/site\/wp-content\/uploads\/2019\/02\/brumadinho.jpg","width":860,"height":280},{"@type":"BreadcrumbList","@id":"https:\/\/www.institutodeengenharia.org.br\/site\/2019\/02\/13\/1o-tema-brumadinho-uma-oportunidade-para-a-sociedade-debater-engenharia-e-arquitetura\/#breadcrumb","itemListElement":[{"@type":"ListItem","position":1,"name":"In\u00edcio","item":"https:\/\/www.institutodeengenharia.org.br\/site\/"},{"@type":"ListItem","position":2,"name":"1\u00ba Tema \u2013 Brumadinho, uma oportunidade para a sociedade debater Engenharia e Arquitetura"}]},{"@type":"WebSite","@id":"https:\/\/www.institutodeengenharia.org.br\/site\/#website","url":"https:\/\/www.institutodeengenharia.org.br\/site\/","name":"Instituto de Engenharia","description":"O Instituto de Engenharia promove a Engenharia em benef\u00edcio do desenvolvimento e da qualidade de vida da sociedade.","publisher":{"@id":"https:\/\/www.institutodeengenharia.org.br\/site\/#organization"},"potentialAction":[{"@type":"SearchAction","target":{"@type":"EntryPoint","urlTemplate":"https:\/\/www.institutodeengenharia.org.br\/site\/?s={search_term_string}"},"query-input":{"@type":"PropertyValueSpecification","valueRequired":true,"valueName":"search_term_string"}}],"inLanguage":"pt-BR"},{"@type":"Organization","@id":"https:\/\/www.institutodeengenharia.org.br\/site\/#organization","name":"Instituto de Engenharia","url":"https:\/\/www.institutodeengenharia.org.br\/site\/","logo":{"@type":"ImageObject","inLanguage":"pt-BR","@id":"https:\/\/www.institutodeengenharia.org.br\/site\/#\/schema\/logo\/image\/","url":"https:\/\/www.institutodeengenharia.org.br\/site\/wp-content\/uploads\/2019\/03\/logo-novo-IE2018-1.jpg","contentUrl":"https:\/\/www.institutodeengenharia.org.br\/site\/wp-content\/uploads\/2019\/03\/logo-novo-IE2018-1.jpg","width":1486,"height":1879,"caption":"Instituto de Engenharia"},"image":{"@id":"https:\/\/www.institutodeengenharia.org.br\/site\/#\/schema\/logo\/image\/"},"sameAs":["https:\/\/www.facebook.com\/institutodeengenharia","https:\/\/x.com\/iengenharia","https:\/\/www.instagram.com\/institutodeengenharia\/","https:\/\/www.linkedin.com\/company\/instituto-de-engenharia\/","https:\/\/www.youtube.com\/channel\/UCXiCAlsSMe977vamW915HxA"]},{"@type":"Person","@id":"https:\/\/www.institutodeengenharia.org.br\/site\/#\/schema\/person\/d1764429c217aaa88954818c8f9a3036","name":"Isabel","image":{"@type":"ImageObject","inLanguage":"pt-BR","@id":"https:\/\/secure.gravatar.com\/avatar\/a91d60506c31a7cb05e69a21529f91908e538db3b21f58bfda4039be740fcb71?s=96&d=mm&r=g","url":"https:\/\/secure.gravatar.com\/avatar\/a91d60506c31a7cb05e69a21529f91908e538db3b21f58bfda4039be740fcb71?s=96&d=mm&r=g","contentUrl":"https:\/\/secure.gravatar.com\/avatar\/a91d60506c31a7cb05e69a21529f91908e538db3b21f58bfda4039be740fcb71?s=96&d=mm&r=g","caption":"Isabel"},"url":"https:\/\/www.institutodeengenharia.org.br\/site\/author\/isabel\/"}]}},"_links":{"self":[{"href":"https:\/\/www.institutodeengenharia.org.br\/site\/wp-json\/wp\/v2\/posts\/40231","targetHints":{"allow":["GET"]}}],"collection":[{"href":"https:\/\/www.institutodeengenharia.org.br\/site\/wp-json\/wp\/v2\/posts"}],"about":[{"href":"https:\/\/www.institutodeengenharia.org.br\/site\/wp-json\/wp\/v2\/types\/post"}],"author":[{"embeddable":true,"href":"https:\/\/www.institutodeengenharia.org.br\/site\/wp-json\/wp\/v2\/users\/2"}],"replies":[{"embeddable":true,"href":"https:\/\/www.institutodeengenharia.org.br\/site\/wp-json\/wp\/v2\/comments?post=40231"}],"version-history":[{"count":2,"href":"https:\/\/www.institutodeengenharia.org.br\/site\/wp-json\/wp\/v2\/posts\/40231\/revisions"}],"predecessor-version":[{"id":40234,"href":"https:\/\/www.institutodeengenharia.org.br\/site\/wp-json\/wp\/v2\/posts\/40231\/revisions\/40234"}],"wp:featuredmedia":[{"embeddable":true,"href":"https:\/\/www.institutodeengenharia.org.br\/site\/wp-json\/wp\/v2\/media\/40232"}],"wp:attachment":[{"href":"https:\/\/www.institutodeengenharia.org.br\/site\/wp-json\/wp\/v2\/media?parent=40231"}],"wp:term":[{"taxonomy":"category","embeddable":true,"href":"https:\/\/www.institutodeengenharia.org.br\/site\/wp-json\/wp\/v2\/categories?post=40231"},{"taxonomy":"post_tag","embeddable":true,"href":"https:\/\/www.institutodeengenharia.org.br\/site\/wp-json\/wp\/v2\/tags?post=40231"}],"curies":[{"name":"wp","href":"https:\/\/api.w.org\/{rel}","templated":true}]}}