{"id":40030,"date":"2019-02-05T15:52:04","date_gmt":"2019-02-05T17:52:04","guid":{"rendered":"https:\/\/www.institutodeengenharia.org.br\/site\/?p=40030"},"modified":"2019-02-05T15:52:04","modified_gmt":"2019-02-05T17:52:04","slug":"aquecimento-global-planeta-azul-ficara-ainda-mais-azul-a-medida-que-terra-esquenta","status":"publish","type":"post","link":"https:\/\/www.institutodeengenharia.org.br\/site\/2019\/02\/05\/aquecimento-global-planeta-azul-ficara-ainda-mais-azul-a-medida-que-terra-esquenta\/","title":{"rendered":"Aquecimento global: Planeta Azul ficar\u00e1 ainda mais azul \u00e0 medida que Terra esquenta"},"content":{"rendered":"<div class=\"mc-column content-text active-extra-styles active-capital-letter\" data-block-type=\"unstyled\" data-block-weight=\"19\" data-block-id=\"2\">\n<p class=\"content-text__container theme-color-primary-first-letter\" data-track-category=\"Link no Texto\" data-track-links=\"\">O aumento das temperaturas mudar\u00e1 a cor dos oceanos do mundo, tornando-os mais azuis nas pr\u00f3ximas d\u00e9cadas, dizem cientistas.<\/p>\n<\/div>\n<div class=\"wall protected-content\">\n<div class=\"mc-column content-text active-extra-styles \" data-block-type=\"unstyled\" data-block-weight=\"21\" data-block-id=\"3\">\n<p class=\"content-text__container \" data-track-category=\"Link no Texto\" data-track-links=\"\">Eles descobriram que o aquecimento global alterar\u00e1 a presen\u00e7a de fitopl\u00e2ncton, os min\u00fasculos organismos marinhos que absorvem e refletem a luz.<\/p>\n<\/div>\n<div class=\"mc-column content-text active-extra-styles \" data-block-type=\"unstyled\" data-block-weight=\"29\" data-block-id=\"4\">\n<p class=\"content-text__container \" data-track-category=\"Link no Texto\" data-track-links=\"\">Os cientistas dizem que haver\u00e1 menos deles nas \u00e1guas nas pr\u00f3ximas d\u00e9cadas. Isso levar\u00e1 a uma mudan\u00e7a de cor em mais de 50% dos mares do mundo at\u00e9 2100.<\/p>\n<\/div>\n<div class=\"mc-column content-text active-extra-styles \" data-block-type=\"unstyled\" data-block-weight=\"9\" data-block-id=\"5\">\n<p class=\"content-text__container \" data-track-category=\"Link no Texto\" data-track-links=\"\">O fitopl\u00e2ncton desempenha um papel extremamente importante nos oceanos.<\/p>\n<\/div>\n<div class=\"mc-column content-text active-extra-styles \" data-block-type=\"unstyled\" data-block-weight=\"23\" data-block-id=\"6\">\n<p class=\"content-text__container \" data-track-category=\"Link no Texto\" data-track-links=\"\">Al\u00e9m de transformar a luz solar em energia qu\u00edmica e consumir di\u00f3xido de carbono, eles est\u00e3o no primeiro degrau da cadeia alimentar marinha.<\/p>\n<\/div>\n<div class=\"mc-column content-text active-extra-styles \" data-block-type=\"unstyled\" data-block-weight=\"15\" data-block-id=\"7\">\n<p class=\"content-text__container \" data-track-category=\"Link no Texto\" data-track-links=\"\">Eles tamb\u00e9m desempenham um papel importante na forma como vemos os oceanos com nossos olhos.<\/p>\n<\/div>\n<div class=\"mc-column content-text active-extra-styles \" data-block-type=\"unstyled\" data-block-weight=\"18\" data-block-id=\"8\">\n<p class=\"content-text__container \" data-track-category=\"Link no Texto\" data-track-links=\"\">Quanto mais fitopl\u00e2ncton houver na \u00e1gua, menos azul ser\u00e1 o mar. O mais prov\u00e1vel ser\u00e1 uma cor esverdeada.<\/p>\n<\/div>\n<div class=\"mc-column content-text active-extra-styles \" data-block-type=\"unstyled\" data-block-weight=\"17\" data-block-id=\"9\">\n<p class=\"content-text__container \" data-track-category=\"Link no Texto\" data-track-links=\"\">Pesquisas anteriores mostraram que, com o aquecimento, os oceanos ter\u00e3o uma redu\u00e7\u00e3o no fitopl\u00e2ncton em v\u00e1rios lugares.<\/p>\n<\/div>\n<div class=\"mc-column content-text active-extra-styles \" data-block-type=\"unstyled\" data-block-weight=\"26\" data-block-id=\"10\">\n<p class=\"content-text__container \" data-track-category=\"Link no Texto\" data-track-links=\"\">Este novo estudo modela o prov\u00e1vel impacto que essas mudan\u00e7as ter\u00e3o sobre a cor do oceano e do planeta \u00e0 medida que o mundo se aquece.<\/p>\n<\/div>\n<div class=\"mc-column content-text active-extra-styles \" data-block-type=\"unstyled\" data-block-weight=\"56\" data-block-id=\"11\">\n<p class=\"content-text__container \" data-track-category=\"Link no Texto\" data-track-links=\"\">&#8220;O que descobrimos \u00e9 que a cor vai mudar. Provavelmente n\u00e3o tanto a ponto de voc\u00ea enxergar a olho nu, mas certamente os sensores ser\u00e3o capazes de perceber que h\u00e1 uma mudan\u00e7a&#8221;, disse a autora do estudo, Stephanie Dutkiewicz, do Instituto de Tecnologia de Massachusetts (MIT) em Cambridge, nos Estados Unidos, em entrevista \u00e0 BBC News.<\/p>\n<\/div>\n<div class=\"mc-column content-text active-extra-styles \" data-block-type=\"unstyled\" data-block-weight=\"16\" data-block-id=\"12\">\n<p class=\"content-text__container \" data-track-category=\"Link no Texto\" data-track-links=\"\">&#8220;E provavelmente ser\u00e1 um dos primeiros sinais de alerta de que mudamos a ecologia do oceano.&#8221;<\/p>\n<\/div>\n<div class=\"row medium-uncollapsed content-media content-photo\" data-block-type=\"backstage-photo\" data-block-id=\"13\">\n<div class=\"mc-column content-media__container\">\n<div class=\"progressive-img can-open-lightbox\" data-min-size=\"1008x672\" data-min-size-url=\"https:\/\/s2.glbimg.com\/ucfpOPvPqliNhd20gNjg0Vuve5E=\/0x0:948x632\/1008x0\/smart\/filters:strip_icc()\/i.s3.glbimg.com\/v1\/AUTH_59edd422c0c84a879bd37670ae4f538a\/internal_photos\/bs\/2019\/0\/R\/HFSzcoQByAKdu0QqQPGg\/mit-climate-color-0.jpg\" data-max-size=\"1600x1066\" data-max-size-url=\"https:\/\/s2.glbimg.com\/PDnfPG6o5-XeO5R26jgIPy4p_8s=\/0x0:948x632\/1600x0\/smart\/filters:strip_icc()\/i.s3.glbimg.com\/v1\/AUTH_59edd422c0c84a879bd37670ae4f538a\/internal_photos\/bs\/2019\/0\/R\/HFSzcoQByAKdu0QqQPGg\/mit-climate-color-0.jpg\" data-media-index=\"1\"><picture><source srcset=\"https:\/\/s2.glbimg.com\/rinQRuhX_fonz0fBYTAyjw4q5GM=\/0x0:948x632\/600x0\/smart\/filters:strip_icc()\/i.s3.glbimg.com\/v1\/AUTH_59edd422c0c84a879bd37670ae4f538a\/internal_photos\/bs\/2019\/0\/R\/HFSzcoQByAKdu0QqQPGg\/mit-climate-color-0.jpg 1x, https:\/\/s2.glbimg.com\/KdKOEGmDasHrS9NS8MQJFxMDzJw=\/0x0:948x632\/1200x0\/smart\/filters:strip_icc()\/i.s3.glbimg.com\/v1\/AUTH_59edd422c0c84a879bd37670ae4f538a\/internal_photos\/bs\/2019\/0\/R\/HFSzcoQByAKdu0QqQPGg\/mit-climate-color-0.jpg 2x\" media=\"(max-width: 1024px)\" data-src=\"https:\/\/s2.glbimg.com\/rinQRuhX_fonz0fBYTAyjw4q5GM=\/0x0:948x632\/600x0\/smart\/filters:strip_icc()\/i.s3.glbimg.com\/v1\/AUTH_59edd422c0c84a879bd37670ae4f538a\/internal_photos\/bs\/2019\/0\/R\/HFSzcoQByAKdu0QqQPGg\/mit-climate-color-0.jpg 1x, https:\/\/s2.glbimg.com\/KdKOEGmDasHrS9NS8MQJFxMDzJw=\/0x0:948x632\/1200x0\/smart\/filters:strip_icc()\/i.s3.glbimg.com\/v1\/AUTH_59edd422c0c84a879bd37670ae4f538a\/internal_photos\/bs\/2019\/0\/R\/HFSzcoQByAKdu0QqQPGg\/mit-climate-color-0.jpg 2x\" \/><source srcset=\"https:\/\/s2.glbimg.com\/IZwxlrQHKCpotPKRVFJhZL76Ee0=\/0x0:948x632\/640x0\/smart\/filters:strip_icc()\/i.s3.glbimg.com\/v1\/AUTH_59edd422c0c84a879bd37670ae4f538a\/internal_photos\/bs\/2019\/0\/R\/HFSzcoQByAKdu0QqQPGg\/mit-climate-color-0.jpg 1x, https:\/\/s2.glbimg.com\/Ch_KRDIPN5PyB8NZO9yQDl5fcZg=\/0x0:948x632\/1280x0\/smart\/filters:strip_icc()\/i.s3.glbimg.com\/v1\/AUTH_59edd422c0c84a879bd37670ae4f538a\/internal_photos\/bs\/2019\/0\/R\/HFSzcoQByAKdu0QqQPGg\/mit-climate-color-0.jpg 2x\" media=\"(max-width: 1280px)\" data-src=\"https:\/\/s2.glbimg.com\/IZwxlrQHKCpotPKRVFJhZL76Ee0=\/0x0:948x632\/640x0\/smart\/filters:strip_icc()\/i.s3.glbimg.com\/v1\/AUTH_59edd422c0c84a879bd37670ae4f538a\/internal_photos\/bs\/2019\/0\/R\/HFSzcoQByAKdu0QqQPGg\/mit-climate-color-0.jpg 1x, https:\/\/s2.glbimg.com\/Ch_KRDIPN5PyB8NZO9yQDl5fcZg=\/0x0:948x632\/1280x0\/smart\/filters:strip_icc()\/i.s3.glbimg.com\/v1\/AUTH_59edd422c0c84a879bd37670ae4f538a\/internal_photos\/bs\/2019\/0\/R\/HFSzcoQByAKdu0QqQPGg\/mit-climate-color-0.jpg 2x\" \/><source srcset=\"https:\/\/s2.glbimg.com\/KYo9g2d71CFyDi_QlYL9N-ISpfE=\/0x0:948x632\/984x0\/smart\/filters:strip_icc()\/i.s3.glbimg.com\/v1\/AUTH_59edd422c0c84a879bd37670ae4f538a\/internal_photos\/bs\/2019\/0\/R\/HFSzcoQByAKdu0QqQPGg\/mit-climate-color-0.jpg 1x, https:\/\/s2.glbimg.com\/yeY-ccX68ALb-Bm1mIkp52DIziM=\/0x0:948x632\/1968x0\/smart\/filters:strip_icc()\/i.s3.glbimg.com\/v1\/AUTH_59edd422c0c84a879bd37670ae4f538a\/internal_photos\/bs\/2019\/0\/R\/HFSzcoQByAKdu0QqQPGg\/mit-climate-color-0.jpg 2x\" media=\"(max-width: 1360px)\" data-src=\"https:\/\/s2.glbimg.com\/KYo9g2d71CFyDi_QlYL9N-ISpfE=\/0x0:948x632\/984x0\/smart\/filters:strip_icc()\/i.s3.glbimg.com\/v1\/AUTH_59edd422c0c84a879bd37670ae4f538a\/internal_photos\/bs\/2019\/0\/R\/HFSzcoQByAKdu0QqQPGg\/mit-climate-color-0.jpg 1x, https:\/\/s2.glbimg.com\/yeY-ccX68ALb-Bm1mIkp52DIziM=\/0x0:948x632\/1968x0\/smart\/filters:strip_icc()\/i.s3.glbimg.com\/v1\/AUTH_59edd422c0c84a879bd37670ae4f538a\/internal_photos\/bs\/2019\/0\/R\/HFSzcoQByAKdu0QqQPGg\/mit-climate-color-0.jpg 2x\" \/><source srcset=\"https:\/\/s2.glbimg.com\/TKYZ8bm-fdsxwnfFjG1XpfAj25A=\/0x0:948x632\/1000x0\/smart\/filters:strip_icc()\/i.s3.glbimg.com\/v1\/AUTH_59edd422c0c84a879bd37670ae4f538a\/internal_photos\/bs\/2019\/0\/R\/HFSzcoQByAKdu0QqQPGg\/mit-climate-color-0.jpg 1x, https:\/\/s2.glbimg.com\/on6BDtI0pm_byUPRNrgffHIpowk=\/0x0:948x632\/2000x0\/smart\/filters:strip_icc()\/i.s3.glbimg.com\/v1\/AUTH_59edd422c0c84a879bd37670ae4f538a\/internal_photos\/bs\/2019\/0\/R\/HFSzcoQByAKdu0QqQPGg\/mit-climate-color-0.jpg 2x\" media=\"(min-width: 1361px)\" data-src=\"https:\/\/s2.glbimg.com\/TKYZ8bm-fdsxwnfFjG1XpfAj25A=\/0x0:948x632\/1000x0\/smart\/filters:strip_icc()\/i.s3.glbimg.com\/v1\/AUTH_59edd422c0c84a879bd37670ae4f538a\/internal_photos\/bs\/2019\/0\/R\/HFSzcoQByAKdu0QqQPGg\/mit-climate-color-0.jpg 1x, https:\/\/s2.glbimg.com\/on6BDtI0pm_byUPRNrgffHIpowk=\/0x0:948x632\/2000x0\/smart\/filters:strip_icc()\/i.s3.glbimg.com\/v1\/AUTH_59edd422c0c84a879bd37670ae4f538a\/internal_photos\/bs\/2019\/0\/R\/HFSzcoQByAKdu0QqQPGg\/mit-climate-color-0.jpg 2x\" \/><source srcset=\"https:\/\/s2.glbimg.com\/KYo9g2d71CFyDi_QlYL9N-ISpfE=\/0x0:948x632\/984x0\/smart\/filters:strip_icc()\/i.s3.glbimg.com\/v1\/AUTH_59edd422c0c84a879bd37670ae4f538a\/internal_photos\/bs\/2019\/0\/R\/HFSzcoQByAKdu0QqQPGg\/mit-climate-color-0.jpg\" data-src=\"https:\/\/s2.glbimg.com\/KYo9g2d71CFyDi_QlYL9N-ISpfE=\/0x0:948x632\/984x0\/smart\/filters:strip_icc()\/i.s3.glbimg.com\/v1\/AUTH_59edd422c0c84a879bd37670ae4f538a\/internal_photos\/bs\/2019\/0\/R\/HFSzcoQByAKdu0QqQPGg\/mit-climate-color-0.jpg\" \/><\/picture>\n<figure style=\"width: 600px\" class=\"wp-caption aligncenter\"><img loading=\"lazy\" decoding=\"async\" class=\"image content-media__image progressive-loaded\" title=\"Al\u00e9m das mudan\u00e7as no azul dos oceanos, tamb\u00e9m \u00e9 prov\u00e1vel que vejamos mudan\u00e7as na \u00e1rea verde \u2014 Foto: Nasa\" src=\"https:\/\/s2.glbimg.com\/KYo9g2d71CFyDi_QlYL9N-ISpfE=\/0x0:948x632\/984x0\/smart\/filters:strip_icc()\/i.s3.glbimg.com\/v1\/AUTH_59edd422c0c84a879bd37670ae4f538a\/internal_photos\/bs\/2019\/0\/R\/HFSzcoQByAKdu0QqQPGg\/mit-climate-color-0.jpg\" alt=\"Al\u00e9m das mudan\u00e7as no azul dos oceanos, tamb\u00e9m \u00e9 prov\u00e1vel que vejamos mudan\u00e7as na \u00e1rea verde \u2014 Foto: Nasa\" width=\"600\" height=\"400\" data-src=\"https:\/\/s2.glbimg.com\/KYo9g2d71CFyDi_QlYL9N-ISpfE=\/0x0:948x632\/984x0\/smart\/filters:strip_icc()\/i.s3.glbimg.com\/v1\/AUTH_59edd422c0c84a879bd37670ae4f538a\/internal_photos\/bs\/2019\/0\/R\/HFSzcoQByAKdu0QqQPGg\/mit-climate-color-0.jpg\" \/><figcaption class=\"wp-caption-text\">Al\u00e9m das mudan\u00e7as no azul dos oceanos, tamb\u00e9m \u00e9 prov\u00e1vel que vejamos mudan\u00e7as na \u00e1rea verde \u2014 Foto: Nasa<\/figcaption><\/figure>\n<\/div>\n<\/div>\n<\/div>\n<div class=\"mc-column content-text active-extra-styles \" data-block-type=\"unstyled\" data-block-weight=\"33\" data-block-id=\"15\">\n<p class=\"content-text__container \" data-track-category=\"Link no Texto\" data-track-links=\"\">Os pesquisadores apontam que as altera\u00e7\u00f5es s\u00e3o um impacto indireto da mudan\u00e7a clim\u00e1tica. Como o aquecimento est\u00e1 afetando a circula\u00e7\u00e3o dos mares, isso est\u00e1 mudando a quantidade de alimentos dispon\u00edveis para o fitopl\u00e2ncton.<\/p>\n<\/div>\n<div class=\"mc-column content-text active-extra-styles \" data-block-type=\"unstyled\" data-block-weight=\"26\" data-block-id=\"16\">\n<p class=\"content-text__container \" data-track-category=\"Link no Texto\" data-track-links=\"\">Outra diferen\u00e7a em rela\u00e7\u00e3o a estudos anteriores \u00e9 que, desta vez, os pesquisadores est\u00e3o olhando apenas para medi\u00e7\u00f5es feitas por sat\u00e9lites da luz refletida pelo fitopl\u00e2ncton.<\/p>\n<\/div>\n<div class=\"mc-column content-text active-extra-styles \" data-block-type=\"unstyled\" data-block-weight=\"25\" data-block-id=\"17\">\n<p class=\"content-text__container \" data-track-category=\"Link no Texto\" data-track-links=\"\">No passado, cientistas usavam medi\u00e7\u00f5es de sat\u00e9lites da clorofila &#8211; pigmento no fitopl\u00e2ncton que absorve luz &#8211; para tentar entender o impacto da mudan\u00e7a clim\u00e1tica.<\/p>\n<\/div>\n<div class=\"mc-column content-text active-extra-styles \" data-block-type=\"unstyled\" data-block-weight=\"49\" data-block-id=\"18\">\n<p class=\"content-text__container \" data-track-category=\"Link no Texto\" data-track-links=\"\">No entanto, eles tiveram problemas para estabelecer a diferen\u00e7a entre a varia\u00e7\u00e3o natural e o aquecimento induzido pelo homem sobre esse pigmento verde. Eles acreditam que demorar\u00e1 de 30 a 40 anos at\u00e9 que eles possam dizer com certeza que a mudan\u00e7a clim\u00e1tica est\u00e1 causando um impacto na clorofila.<\/p>\n<\/div>\n<div class=\"mc-column content-text active-extra-styles \" data-block-type=\"unstyled\" data-block-weight=\"29\" data-block-id=\"19\">\n<p class=\"content-text__container \" data-track-category=\"Link no Texto\" data-track-links=\"\">&#8220;O que mostramos \u00e9 que a cor na faixa verde\/azul vai mostrar esse sinal de mudan\u00e7a mais cedo. Em alguns lugares, talvez na pr\u00f3xima d\u00e9cada&#8221;, disse o Dr. Dutkiewicz.<\/p>\n<\/div>\n<div class=\"mc-column content-text active-extra-styles \" data-block-type=\"unstyled\" data-block-weight=\"27\" data-block-id=\"20\">\n<p class=\"content-text__container \" data-track-category=\"Link no Texto\" data-track-links=\"\">&#8220;O oceano vai apresentar uma mudan\u00e7a de cor nas pr\u00f3ximas d\u00e9cadas maior do que ver\u00edamos na clorofila. A mudan\u00e7a de cor ser\u00e1 mais um sinal de alerta.&#8221;<\/p>\n<\/div>\n<div class=\"mc-column content-text active-extra-styles \" data-block-type=\"unstyled\" data-block-weight=\"23\" data-block-id=\"21\">\n<p class=\"content-text__container \" data-track-category=\"Link no Texto\" data-track-links=\"\">Os pesquisadores acreditam que o Atl\u00e2ntico Norte ser\u00e1 um dos primeiros lugares a refletir a mudan\u00e7a &#8211; seguido por regi\u00f5es no Oceano Ant\u00e1rtico.<\/p>\n<\/div>\n<div class=\"mc-column content-text active-extra-styles \" data-block-type=\"unstyled\" data-block-weight=\"44\" data-block-id=\"22\">\n<p class=\"content-text__container \" data-track-category=\"Link no Texto\" data-track-links=\"\">A equipe modelou o que aconteceria com os oceanos at\u00e9 o final deste s\u00e9culo se a temperatura m\u00e9dia do mundo esquentasse em 3\u00ba C, o que \u00e9 pr\u00f3ximo ao cen\u00e1rio previsto caso cada pa\u00eds siga as promessas que fizeram no acordo clim\u00e1tico de Paris.<\/p>\n<\/div>\n<div class=\"mc-column content-text active-extra-styles \" data-block-type=\"unstyled\" data-block-weight=\"20\" data-block-id=\"23\">\n<p class=\"content-text__container \" data-track-category=\"Link no Texto\" data-track-links=\"\">&#8220;Haver\u00e1 uma diferen\u00e7a not\u00e1vel na cor de 50% do oceano at\u00e9 o final do s\u00e9culo 21&#8221;, disse o Dr. Dutkiewicz.<\/p>\n<\/div>\n<div class=\"mc-column content-text active-extra-styles \" data-block-type=\"unstyled\" data-block-weight=\"44\" data-block-id=\"24\">\n<p class=\"content-text__container \" data-track-category=\"Link no Texto\" data-track-links=\"\">&#8220;Isso pode ser potencialmente muito grave. Diferentes tipos de fitopl\u00e2ncton absorvem a luz de maneira diferente, e, se a mudan\u00e7a clim\u00e1tica levar uma comunidade de fitopl\u00e2ncton a invadir o espa\u00e7o de outra, isso tamb\u00e9m mudar\u00e1 os tipos de cadeias alimentares que eles podem suportar.&#8221;<\/p>\n<\/div>\n<div class=\"content-ads content-ads--reveal\" data-block-type=\"ads\" data-block-id=\"25\"><\/div>\n<div class=\"mc-column content-text active-extra-styles \" data-block-type=\"unstyled\" data-block-weight=\"18\" data-block-id=\"26\">\n<p class=\"content-text__container \" data-track-category=\"Link no Texto\" data-track-links=\"\">A equipe tamb\u00e9m acredita que o mundo ver\u00e1 mudan\u00e7as em algumas das tonalidades verdes vistas tamb\u00e9m nos oceanos.<\/p>\n<\/div>\n<div class=\"mc-column content-text active-extra-styles \" data-block-type=\"unstyled\" data-block-weight=\"44\" data-block-id=\"27\">\n<p class=\"content-text__container \" data-track-category=\"Link no Texto\" data-track-links=\"\">Isso acontecer\u00e1 porque algumas esp\u00e9cies de fitopl\u00e2ncton responder\u00e3o bem a um ambiente mais quente e criar\u00e3o prolifera\u00e7\u00f5es maiores e mais diversas de organismos marinhos. \u00c9 prov\u00e1vel que isso apare\u00e7a com mais intensidade em regi\u00f5es verdes perto do equador e dos polos, dizem os pesquisadores.<\/p>\n<\/div>\n<div data-track-category=\"multicontent\" data-track-action=\"ultimo chunk conteudo\" data-track-noninteraction=\"false\" data-track-scroll=\"view\">\n<div class=\"mc-column content-text active-extra-styles \" data-block-type=\"unstyled\" data-block-weight=\"8\" data-block-id=\"28\">\n<p class=\"content-text__container \" data-track-category=\"Link no Texto\" data-track-links=\"\">O estudo foi publicado na revista Nature Communications.<\/p>\n<p data-track-category=\"Link no Texto\" data-track-links=\"\"><em>Fonte G1<\/em><\/p>\n<\/div>\n<\/div>\n<\/div>\n","protected":false},"excerpt":{"rendered":"<p>O aumento das temperaturas mudar\u00e1 a cor dos oceanos do mundo, tornando-os mais azuis nas pr\u00f3ximas d\u00e9cadas, dizem cientistas. Eles descobriram que o aquecimento global alterar\u00e1 a presen\u00e7a de fitopl\u00e2ncton, os min\u00fasculos organismos marinhos que absorvem e refletem a luz. Os cientistas dizem que haver\u00e1 menos deles nas \u00e1guas nas pr\u00f3ximas d\u00e9cadas. Isso levar\u00e1 a [&hellip;]<\/p>\n","protected":false},"author":13,"featured_media":40031,"comment_status":"open","ping_status":"open","sticky":false,"template":"","format":"standard","meta":{"footnotes":""},"categories":[973],"tags":[201],"class_list":{"0":"post-40030","1":"post","2":"type-post","3":"status-publish","4":"format-standard","5":"has-post-thumbnail","7":"category-meio-ambiente-futuro","8":"tag-destaque-topo"},"yoast_head":"<!-- This site is optimized with the Yoast SEO plugin v27.2 - https:\/\/yoast.com\/product\/yoast-seo-wordpress\/ -->\n<title>Aquecimento global: Planeta Azul ficar\u00e1 ainda mais azul \u00e0 medida que Terra esquenta - Instituto de Engenharia<\/title>\n<meta name=\"robots\" content=\"index, follow, max-snippet:-1, max-image-preview:large, max-video-preview:-1\" \/>\n<link rel=\"canonical\" href=\"https:\/\/www.institutodeengenharia.org.br\/site\/2019\/02\/05\/aquecimento-global-planeta-azul-ficara-ainda-mais-azul-a-medida-que-terra-esquenta\/\" \/>\n<meta property=\"og:locale\" content=\"pt_BR\" \/>\n<meta property=\"og:type\" content=\"article\" \/>\n<meta property=\"og:title\" content=\"Aquecimento global: Planeta Azul ficar\u00e1 ainda mais azul \u00e0 medida que Terra esquenta - Instituto de Engenharia\" \/>\n<meta property=\"og:description\" content=\"O aumento das temperaturas mudar\u00e1 a cor dos oceanos do mundo, tornando-os mais azuis nas pr\u00f3ximas d\u00e9cadas, dizem cientistas. Eles descobriram que o aquecimento global alterar\u00e1 a presen\u00e7a de fitopl\u00e2ncton, os min\u00fasculos organismos marinhos que absorvem e refletem a luz. Os cientistas dizem que haver\u00e1 menos deles nas \u00e1guas nas pr\u00f3ximas d\u00e9cadas. Isso levar\u00e1 a [&hellip;]\" \/>\n<meta property=\"og:url\" content=\"https:\/\/www.institutodeengenharia.org.br\/site\/2019\/02\/05\/aquecimento-global-planeta-azul-ficara-ainda-mais-azul-a-medida-que-terra-esquenta\/\" \/>\n<meta property=\"og:site_name\" content=\"Instituto de Engenharia\" \/>\n<meta property=\"article:publisher\" content=\"https:\/\/www.facebook.com\/institutodeengenharia\" \/>\n<meta property=\"article:published_time\" content=\"2019-02-05T17:52:04+00:00\" \/>\n<meta property=\"og:image\" content=\"https:\/\/www.institutodeengenharia.org.br\/site\/wp-content\/uploads\/2019\/02\/underwater-802092-1920.jpg\" \/>\n\t<meta property=\"og:image:width\" content=\"1000\" \/>\n\t<meta property=\"og:image:height\" content=\"664\" \/>\n\t<meta property=\"og:image:type\" content=\"image\/jpeg\" \/>\n<meta name=\"author\" content=\"Bianca\" \/>\n<meta name=\"twitter:card\" content=\"summary_large_image\" \/>\n<meta name=\"twitter:creator\" content=\"@iengenharia\" \/>\n<meta name=\"twitter:site\" content=\"@iengenharia\" \/>\n<meta name=\"twitter:label1\" content=\"Escrito por\" \/>\n\t<meta name=\"twitter:data1\" content=\"Bianca\" \/>\n\t<meta name=\"twitter:label2\" content=\"Est. tempo de leitura\" \/>\n\t<meta name=\"twitter:data2\" content=\"4 minutos\" \/>\n<script type=\"application\/ld+json\" class=\"yoast-schema-graph\">{\"@context\":\"https:\/\/schema.org\",\"@graph\":[{\"@type\":\"Article\",\"@id\":\"https:\/\/www.institutodeengenharia.org.br\/site\/2019\/02\/05\/aquecimento-global-planeta-azul-ficara-ainda-mais-azul-a-medida-que-terra-esquenta\/#article\",\"isPartOf\":{\"@id\":\"https:\/\/www.institutodeengenharia.org.br\/site\/2019\/02\/05\/aquecimento-global-planeta-azul-ficara-ainda-mais-azul-a-medida-que-terra-esquenta\/\"},\"author\":{\"name\":\"Bianca\",\"@id\":\"https:\/\/www.institutodeengenharia.org.br\/site\/#\/schema\/person\/aeb64951c405e100d26d30b033dd423f\"},\"headline\":\"Aquecimento global: Planeta Azul ficar\u00e1 ainda mais azul \u00e0 medida que Terra esquenta\",\"datePublished\":\"2019-02-05T17:52:04+00:00\",\"mainEntityOfPage\":{\"@id\":\"https:\/\/www.institutodeengenharia.org.br\/site\/2019\/02\/05\/aquecimento-global-planeta-azul-ficara-ainda-mais-azul-a-medida-que-terra-esquenta\/\"},\"wordCount\":754,\"commentCount\":0,\"publisher\":{\"@id\":\"https:\/\/www.institutodeengenharia.org.br\/site\/#organization\"},\"image\":{\"@id\":\"https:\/\/www.institutodeengenharia.org.br\/site\/2019\/02\/05\/aquecimento-global-planeta-azul-ficara-ainda-mais-azul-a-medida-que-terra-esquenta\/#primaryimage\"},\"thumbnailUrl\":\"https:\/\/www.institutodeengenharia.org.br\/site\/wp-content\/uploads\/2019\/02\/underwater-802092-1920.jpg\",\"keywords\":[\"Destaque Topo\"],\"articleSection\":[\"Meio Ambiente\"],\"inLanguage\":\"pt-BR\",\"potentialAction\":[{\"@type\":\"CommentAction\",\"name\":\"Comment\",\"target\":[\"https:\/\/www.institutodeengenharia.org.br\/site\/2019\/02\/05\/aquecimento-global-planeta-azul-ficara-ainda-mais-azul-a-medida-que-terra-esquenta\/#respond\"]}]},{\"@type\":\"WebPage\",\"@id\":\"https:\/\/www.institutodeengenharia.org.br\/site\/2019\/02\/05\/aquecimento-global-planeta-azul-ficara-ainda-mais-azul-a-medida-que-terra-esquenta\/\",\"url\":\"https:\/\/www.institutodeengenharia.org.br\/site\/2019\/02\/05\/aquecimento-global-planeta-azul-ficara-ainda-mais-azul-a-medida-que-terra-esquenta\/\",\"name\":\"Aquecimento global: Planeta Azul ficar\u00e1 ainda mais azul \u00e0 medida que Terra esquenta - Instituto de Engenharia\",\"isPartOf\":{\"@id\":\"https:\/\/www.institutodeengenharia.org.br\/site\/#website\"},\"primaryImageOfPage\":{\"@id\":\"https:\/\/www.institutodeengenharia.org.br\/site\/2019\/02\/05\/aquecimento-global-planeta-azul-ficara-ainda-mais-azul-a-medida-que-terra-esquenta\/#primaryimage\"},\"image\":{\"@id\":\"https:\/\/www.institutodeengenharia.org.br\/site\/2019\/02\/05\/aquecimento-global-planeta-azul-ficara-ainda-mais-azul-a-medida-que-terra-esquenta\/#primaryimage\"},\"thumbnailUrl\":\"https:\/\/www.institutodeengenharia.org.br\/site\/wp-content\/uploads\/2019\/02\/underwater-802092-1920.jpg\",\"datePublished\":\"2019-02-05T17:52:04+00:00\",\"breadcrumb\":{\"@id\":\"https:\/\/www.institutodeengenharia.org.br\/site\/2019\/02\/05\/aquecimento-global-planeta-azul-ficara-ainda-mais-azul-a-medida-que-terra-esquenta\/#breadcrumb\"},\"inLanguage\":\"pt-BR\",\"potentialAction\":[{\"@type\":\"ReadAction\",\"target\":[\"https:\/\/www.institutodeengenharia.org.br\/site\/2019\/02\/05\/aquecimento-global-planeta-azul-ficara-ainda-mais-azul-a-medida-que-terra-esquenta\/\"]}]},{\"@type\":\"ImageObject\",\"inLanguage\":\"pt-BR\",\"@id\":\"https:\/\/www.institutodeengenharia.org.br\/site\/2019\/02\/05\/aquecimento-global-planeta-azul-ficara-ainda-mais-azul-a-medida-que-terra-esquenta\/#primaryimage\",\"url\":\"https:\/\/www.institutodeengenharia.org.br\/site\/wp-content\/uploads\/2019\/02\/underwater-802092-1920.jpg\",\"contentUrl\":\"https:\/\/www.institutodeengenharia.org.br\/site\/wp-content\/uploads\/2019\/02\/underwater-802092-1920.jpg\",\"width\":1000,\"height\":664,\"caption\":\"Cientistas dizem que a \u00e1gua do oceano deve ficar mais azul nas pr\u00f3ximas d\u00e9cadas \u2014 Foto: Pixabay\"},{\"@type\":\"BreadcrumbList\",\"@id\":\"https:\/\/www.institutodeengenharia.org.br\/site\/2019\/02\/05\/aquecimento-global-planeta-azul-ficara-ainda-mais-azul-a-medida-que-terra-esquenta\/#breadcrumb\",\"itemListElement\":[{\"@type\":\"ListItem\",\"position\":1,\"name\":\"In\u00edcio\",\"item\":\"https:\/\/www.institutodeengenharia.org.br\/site\/\"},{\"@type\":\"ListItem\",\"position\":2,\"name\":\"Aquecimento global: Planeta Azul ficar\u00e1 ainda mais azul \u00e0 medida que Terra esquenta\"}]},{\"@type\":\"WebSite\",\"@id\":\"https:\/\/www.institutodeengenharia.org.br\/site\/#website\",\"url\":\"https:\/\/www.institutodeengenharia.org.br\/site\/\",\"name\":\"Instituto de Engenharia\",\"description\":\"O Instituto de Engenharia promove a Engenharia em benef\u00edcio do desenvolvimento e da qualidade de vida da sociedade.\",\"publisher\":{\"@id\":\"https:\/\/www.institutodeengenharia.org.br\/site\/#organization\"},\"potentialAction\":[{\"@type\":\"SearchAction\",\"target\":{\"@type\":\"EntryPoint\",\"urlTemplate\":\"https:\/\/www.institutodeengenharia.org.br\/site\/?s={search_term_string}\"},\"query-input\":{\"@type\":\"PropertyValueSpecification\",\"valueRequired\":true,\"valueName\":\"search_term_string\"}}],\"inLanguage\":\"pt-BR\"},{\"@type\":\"Organization\",\"@id\":\"https:\/\/www.institutodeengenharia.org.br\/site\/#organization\",\"name\":\"Instituto de Engenharia\",\"url\":\"https:\/\/www.institutodeengenharia.org.br\/site\/\",\"logo\":{\"@type\":\"ImageObject\",\"inLanguage\":\"pt-BR\",\"@id\":\"https:\/\/www.institutodeengenharia.org.br\/site\/#\/schema\/logo\/image\/\",\"url\":\"https:\/\/www.institutodeengenharia.org.br\/site\/wp-content\/uploads\/2019\/03\/logo-novo-IE2018-1.jpg\",\"contentUrl\":\"https:\/\/www.institutodeengenharia.org.br\/site\/wp-content\/uploads\/2019\/03\/logo-novo-IE2018-1.jpg\",\"width\":1486,\"height\":1879,\"caption\":\"Instituto de Engenharia\"},\"image\":{\"@id\":\"https:\/\/www.institutodeengenharia.org.br\/site\/#\/schema\/logo\/image\/\"},\"sameAs\":[\"https:\/\/www.facebook.com\/institutodeengenharia\",\"https:\/\/x.com\/iengenharia\",\"https:\/\/www.instagram.com\/institutodeengenharia\/\",\"https:\/\/www.linkedin.com\/company\/instituto-de-engenharia\/\",\"https:\/\/www.youtube.com\/channel\/UCXiCAlsSMe977vamW915HxA\"]},{\"@type\":\"Person\",\"@id\":\"https:\/\/www.institutodeengenharia.org.br\/site\/#\/schema\/person\/aeb64951c405e100d26d30b033dd423f\",\"name\":\"Bianca\",\"image\":{\"@type\":\"ImageObject\",\"inLanguage\":\"pt-BR\",\"@id\":\"https:\/\/secure.gravatar.com\/avatar\/a6fbe9bff57405baf4c1e2c5c1811e072b558253974a9f9508f4678900c97c2a?s=96&d=mm&r=g\",\"url\":\"https:\/\/secure.gravatar.com\/avatar\/a6fbe9bff57405baf4c1e2c5c1811e072b558253974a9f9508f4678900c97c2a?s=96&d=mm&r=g\",\"contentUrl\":\"https:\/\/secure.gravatar.com\/avatar\/a6fbe9bff57405baf4c1e2c5c1811e072b558253974a9f9508f4678900c97c2a?s=96&d=mm&r=g\",\"caption\":\"Bianca\"},\"url\":\"https:\/\/www.institutodeengenharia.org.br\/site\/author\/comunicacao1\/\"}]}<\/script>\n<!-- \/ Yoast SEO plugin. -->","yoast_head_json":{"title":"Aquecimento global: Planeta Azul ficar\u00e1 ainda mais azul \u00e0 medida que Terra esquenta - Instituto de Engenharia","robots":{"index":"index","follow":"follow","max-snippet":"max-snippet:-1","max-image-preview":"max-image-preview:large","max-video-preview":"max-video-preview:-1"},"canonical":"https:\/\/www.institutodeengenharia.org.br\/site\/2019\/02\/05\/aquecimento-global-planeta-azul-ficara-ainda-mais-azul-a-medida-que-terra-esquenta\/","og_locale":"pt_BR","og_type":"article","og_title":"Aquecimento global: Planeta Azul ficar\u00e1 ainda mais azul \u00e0 medida que Terra esquenta - Instituto de Engenharia","og_description":"O aumento das temperaturas mudar\u00e1 a cor dos oceanos do mundo, tornando-os mais azuis nas pr\u00f3ximas d\u00e9cadas, dizem cientistas. Eles descobriram que o aquecimento global alterar\u00e1 a presen\u00e7a de fitopl\u00e2ncton, os min\u00fasculos organismos marinhos que absorvem e refletem a luz. Os cientistas dizem que haver\u00e1 menos deles nas \u00e1guas nas pr\u00f3ximas d\u00e9cadas. Isso levar\u00e1 a [&hellip;]","og_url":"https:\/\/www.institutodeengenharia.org.br\/site\/2019\/02\/05\/aquecimento-global-planeta-azul-ficara-ainda-mais-azul-a-medida-que-terra-esquenta\/","og_site_name":"Instituto de Engenharia","article_publisher":"https:\/\/www.facebook.com\/institutodeengenharia","article_published_time":"2019-02-05T17:52:04+00:00","og_image":[{"width":1000,"height":664,"url":"https:\/\/www.institutodeengenharia.org.br\/site\/wp-content\/uploads\/2019\/02\/underwater-802092-1920.jpg","type":"image\/jpeg"}],"author":"Bianca","twitter_card":"summary_large_image","twitter_creator":"@iengenharia","twitter_site":"@iengenharia","twitter_misc":{"Escrito por":"Bianca","Est. tempo de leitura":"4 minutos"},"schema":{"@context":"https:\/\/schema.org","@graph":[{"@type":"Article","@id":"https:\/\/www.institutodeengenharia.org.br\/site\/2019\/02\/05\/aquecimento-global-planeta-azul-ficara-ainda-mais-azul-a-medida-que-terra-esquenta\/#article","isPartOf":{"@id":"https:\/\/www.institutodeengenharia.org.br\/site\/2019\/02\/05\/aquecimento-global-planeta-azul-ficara-ainda-mais-azul-a-medida-que-terra-esquenta\/"},"author":{"name":"Bianca","@id":"https:\/\/www.institutodeengenharia.org.br\/site\/#\/schema\/person\/aeb64951c405e100d26d30b033dd423f"},"headline":"Aquecimento global: Planeta Azul ficar\u00e1 ainda mais azul \u00e0 medida que Terra esquenta","datePublished":"2019-02-05T17:52:04+00:00","mainEntityOfPage":{"@id":"https:\/\/www.institutodeengenharia.org.br\/site\/2019\/02\/05\/aquecimento-global-planeta-azul-ficara-ainda-mais-azul-a-medida-que-terra-esquenta\/"},"wordCount":754,"commentCount":0,"publisher":{"@id":"https:\/\/www.institutodeengenharia.org.br\/site\/#organization"},"image":{"@id":"https:\/\/www.institutodeengenharia.org.br\/site\/2019\/02\/05\/aquecimento-global-planeta-azul-ficara-ainda-mais-azul-a-medida-que-terra-esquenta\/#primaryimage"},"thumbnailUrl":"https:\/\/www.institutodeengenharia.org.br\/site\/wp-content\/uploads\/2019\/02\/underwater-802092-1920.jpg","keywords":["Destaque Topo"],"articleSection":["Meio Ambiente"],"inLanguage":"pt-BR","potentialAction":[{"@type":"CommentAction","name":"Comment","target":["https:\/\/www.institutodeengenharia.org.br\/site\/2019\/02\/05\/aquecimento-global-planeta-azul-ficara-ainda-mais-azul-a-medida-que-terra-esquenta\/#respond"]}]},{"@type":"WebPage","@id":"https:\/\/www.institutodeengenharia.org.br\/site\/2019\/02\/05\/aquecimento-global-planeta-azul-ficara-ainda-mais-azul-a-medida-que-terra-esquenta\/","url":"https:\/\/www.institutodeengenharia.org.br\/site\/2019\/02\/05\/aquecimento-global-planeta-azul-ficara-ainda-mais-azul-a-medida-que-terra-esquenta\/","name":"Aquecimento global: Planeta Azul ficar\u00e1 ainda mais azul \u00e0 medida que Terra esquenta - Instituto de Engenharia","isPartOf":{"@id":"https:\/\/www.institutodeengenharia.org.br\/site\/#website"},"primaryImageOfPage":{"@id":"https:\/\/www.institutodeengenharia.org.br\/site\/2019\/02\/05\/aquecimento-global-planeta-azul-ficara-ainda-mais-azul-a-medida-que-terra-esquenta\/#primaryimage"},"image":{"@id":"https:\/\/www.institutodeengenharia.org.br\/site\/2019\/02\/05\/aquecimento-global-planeta-azul-ficara-ainda-mais-azul-a-medida-que-terra-esquenta\/#primaryimage"},"thumbnailUrl":"https:\/\/www.institutodeengenharia.org.br\/site\/wp-content\/uploads\/2019\/02\/underwater-802092-1920.jpg","datePublished":"2019-02-05T17:52:04+00:00","breadcrumb":{"@id":"https:\/\/www.institutodeengenharia.org.br\/site\/2019\/02\/05\/aquecimento-global-planeta-azul-ficara-ainda-mais-azul-a-medida-que-terra-esquenta\/#breadcrumb"},"inLanguage":"pt-BR","potentialAction":[{"@type":"ReadAction","target":["https:\/\/www.institutodeengenharia.org.br\/site\/2019\/02\/05\/aquecimento-global-planeta-azul-ficara-ainda-mais-azul-a-medida-que-terra-esquenta\/"]}]},{"@type":"ImageObject","inLanguage":"pt-BR","@id":"https:\/\/www.institutodeengenharia.org.br\/site\/2019\/02\/05\/aquecimento-global-planeta-azul-ficara-ainda-mais-azul-a-medida-que-terra-esquenta\/#primaryimage","url":"https:\/\/www.institutodeengenharia.org.br\/site\/wp-content\/uploads\/2019\/02\/underwater-802092-1920.jpg","contentUrl":"https:\/\/www.institutodeengenharia.org.br\/site\/wp-content\/uploads\/2019\/02\/underwater-802092-1920.jpg","width":1000,"height":664,"caption":"Cientistas dizem que a \u00e1gua do oceano deve ficar mais azul nas pr\u00f3ximas d\u00e9cadas \u2014 Foto: Pixabay"},{"@type":"BreadcrumbList","@id":"https:\/\/www.institutodeengenharia.org.br\/site\/2019\/02\/05\/aquecimento-global-planeta-azul-ficara-ainda-mais-azul-a-medida-que-terra-esquenta\/#breadcrumb","itemListElement":[{"@type":"ListItem","position":1,"name":"In\u00edcio","item":"https:\/\/www.institutodeengenharia.org.br\/site\/"},{"@type":"ListItem","position":2,"name":"Aquecimento global: Planeta Azul ficar\u00e1 ainda mais azul \u00e0 medida que Terra esquenta"}]},{"@type":"WebSite","@id":"https:\/\/www.institutodeengenharia.org.br\/site\/#website","url":"https:\/\/www.institutodeengenharia.org.br\/site\/","name":"Instituto de Engenharia","description":"O Instituto de Engenharia promove a Engenharia em benef\u00edcio do desenvolvimento e da qualidade de vida da sociedade.","publisher":{"@id":"https:\/\/www.institutodeengenharia.org.br\/site\/#organization"},"potentialAction":[{"@type":"SearchAction","target":{"@type":"EntryPoint","urlTemplate":"https:\/\/www.institutodeengenharia.org.br\/site\/?s={search_term_string}"},"query-input":{"@type":"PropertyValueSpecification","valueRequired":true,"valueName":"search_term_string"}}],"inLanguage":"pt-BR"},{"@type":"Organization","@id":"https:\/\/www.institutodeengenharia.org.br\/site\/#organization","name":"Instituto de Engenharia","url":"https:\/\/www.institutodeengenharia.org.br\/site\/","logo":{"@type":"ImageObject","inLanguage":"pt-BR","@id":"https:\/\/www.institutodeengenharia.org.br\/site\/#\/schema\/logo\/image\/","url":"https:\/\/www.institutodeengenharia.org.br\/site\/wp-content\/uploads\/2019\/03\/logo-novo-IE2018-1.jpg","contentUrl":"https:\/\/www.institutodeengenharia.org.br\/site\/wp-content\/uploads\/2019\/03\/logo-novo-IE2018-1.jpg","width":1486,"height":1879,"caption":"Instituto de Engenharia"},"image":{"@id":"https:\/\/www.institutodeengenharia.org.br\/site\/#\/schema\/logo\/image\/"},"sameAs":["https:\/\/www.facebook.com\/institutodeengenharia","https:\/\/x.com\/iengenharia","https:\/\/www.instagram.com\/institutodeengenharia\/","https:\/\/www.linkedin.com\/company\/instituto-de-engenharia\/","https:\/\/www.youtube.com\/channel\/UCXiCAlsSMe977vamW915HxA"]},{"@type":"Person","@id":"https:\/\/www.institutodeengenharia.org.br\/site\/#\/schema\/person\/aeb64951c405e100d26d30b033dd423f","name":"Bianca","image":{"@type":"ImageObject","inLanguage":"pt-BR","@id":"https:\/\/secure.gravatar.com\/avatar\/a6fbe9bff57405baf4c1e2c5c1811e072b558253974a9f9508f4678900c97c2a?s=96&d=mm&r=g","url":"https:\/\/secure.gravatar.com\/avatar\/a6fbe9bff57405baf4c1e2c5c1811e072b558253974a9f9508f4678900c97c2a?s=96&d=mm&r=g","contentUrl":"https:\/\/secure.gravatar.com\/avatar\/a6fbe9bff57405baf4c1e2c5c1811e072b558253974a9f9508f4678900c97c2a?s=96&d=mm&r=g","caption":"Bianca"},"url":"https:\/\/www.institutodeengenharia.org.br\/site\/author\/comunicacao1\/"}]}},"_links":{"self":[{"href":"https:\/\/www.institutodeengenharia.org.br\/site\/wp-json\/wp\/v2\/posts\/40030","targetHints":{"allow":["GET"]}}],"collection":[{"href":"https:\/\/www.institutodeengenharia.org.br\/site\/wp-json\/wp\/v2\/posts"}],"about":[{"href":"https:\/\/www.institutodeengenharia.org.br\/site\/wp-json\/wp\/v2\/types\/post"}],"author":[{"embeddable":true,"href":"https:\/\/www.institutodeengenharia.org.br\/site\/wp-json\/wp\/v2\/users\/13"}],"replies":[{"embeddable":true,"href":"https:\/\/www.institutodeengenharia.org.br\/site\/wp-json\/wp\/v2\/comments?post=40030"}],"version-history":[{"count":1,"href":"https:\/\/www.institutodeengenharia.org.br\/site\/wp-json\/wp\/v2\/posts\/40030\/revisions"}],"predecessor-version":[{"id":40032,"href":"https:\/\/www.institutodeengenharia.org.br\/site\/wp-json\/wp\/v2\/posts\/40030\/revisions\/40032"}],"wp:featuredmedia":[{"embeddable":true,"href":"https:\/\/www.institutodeengenharia.org.br\/site\/wp-json\/wp\/v2\/media\/40031"}],"wp:attachment":[{"href":"https:\/\/www.institutodeengenharia.org.br\/site\/wp-json\/wp\/v2\/media?parent=40030"}],"wp:term":[{"taxonomy":"category","embeddable":true,"href":"https:\/\/www.institutodeengenharia.org.br\/site\/wp-json\/wp\/v2\/categories?post=40030"},{"taxonomy":"post_tag","embeddable":true,"href":"https:\/\/www.institutodeengenharia.org.br\/site\/wp-json\/wp\/v2\/tags?post=40030"}],"curies":[{"name":"wp","href":"https:\/\/api.w.org\/{rel}","templated":true}]}}