{"id":39983,"date":"2019-02-05T10:02:18","date_gmt":"2019-02-05T12:02:18","guid":{"rendered":"https:\/\/www.institutodeengenharia.org.br\/site\/?p=39983"},"modified":"2019-02-05T10:02:18","modified_gmt":"2019-02-05T12:02:18","slug":"nao-e-um-mundo-so-dos-homens-diz-jovem-de-17-anos-1o-lugar-em-engenharia-de-computacao-na-poli","status":"publish","type":"post","link":"https:\/\/www.institutodeengenharia.org.br\/site\/2019\/02\/05\/nao-e-um-mundo-so-dos-homens-diz-jovem-de-17-anos-1o-lugar-em-engenharia-de-computacao-na-poli\/","title":{"rendered":"&#8216;N\u00e3o \u00e9 um mundo s\u00f3 dos homens&#8217;, diz jovem de 17 anos, 1\u00ba lugar em engenharia de computa\u00e7\u00e3o na Poli"},"content":{"rendered":"<div class=\"mc-column content-text active-extra-styles active-capital-letter\" data-block-type=\"unstyled\" data-block-weight=\"78\" data-block-id=\"2\">\n<p class=\"content-text__container theme-color-primary-first-letter\" data-track-category=\"Link no Texto\" data-track-links=\"\">A propor\u00e7\u00e3o no n\u00famero de inscritos revela um ambiente predominantemente masculino. De cada 10 candidatos a uma vaga em engenharia de computa\u00e7\u00e3o na Escola Polit\u00e9cnica (Poli) da Universidade de S\u00e3o Paulo (USP), apenas um \u00e9 do sexo feminino. Apesar da disparidade, coube a uma jovem de 17 anos o posto de 1\u00ba lugar na carreira na Fuvest 2019. Para Fernanda Namie Takemoto Furukita, de Campinas (SP), o desempenho \u00e9 uma forma de dar representatividade \u00e0s mulheres na \u00e1rea.<\/p>\n<\/div>\n<div class=\"wall protected-content\">\n<div class=\"mc-column content-text active-extra-styles\" data-block-type=\"raw\" data-block-weight=\"36\" data-block-id=\"3\">\n<blockquote class=\"content-blockquote theme-border-color-primary-before\"><p>&#8220;Eu me senti muito feliz. Acho que falta ainda mais mulheres no mundo de exatas, e existe, sim, um pouco de machismo. S\u00f3 que esse n\u00e3o \u00e9 um mundo s\u00f3 dos homens, n\u00f3s somos capazes&#8221;, avisa.<\/p><\/blockquote>\n<\/div>\n<div class=\"mc-column content-text active-extra-styles \" data-block-type=\"unstyled\" data-block-weight=\"34\" data-block-id=\"4\">\n<p class=\"content-text__container \" data-track-category=\"Link no Texto\" data-track-links=\"\">Al\u00e9m de ser a primeira colocada no curso que escolheu seguir, Fernanda ainda acumula outro resultado expressivo: com a nota do Enem, passou em medicina na Universidade Federal de Minas Gerais (UFMG) pelo Sisu.<\/p>\n<\/div>\n<div class=\"mc-column content-text active-extra-styles \" data-block-type=\"unstyled\" data-block-weight=\"38\" data-block-id=\"5\">\n<p class=\"content-text__container \" data-track-category=\"Link no Texto\" data-track-links=\"\">A jovem conta que tentou a vaga para agradar a m\u00e3e, nutricionista de forma\u00e7\u00e3o e que sonhava com a carreira de m\u00e9dica. S\u00f3 que o cora\u00e7\u00e3o j\u00e1 estava definido por engenharia de computa\u00e7\u00e3o, a mesma profiss\u00e3o do pai.<\/p>\n<\/div>\n<div class=\"mc-column content-text active-extra-styles \" data-block-type=\"unstyled\" data-block-weight=\"33\" data-block-id=\"6\">\n<p class=\"content-text__container \" data-track-category=\"Link no Texto\" data-track-links=\"\">Mas se engana quem pensa que o pai, formado pelo Instituto de Tecnol\u00f3gico de Aeron\u00e1utica (ITA), um dos centros de forma\u00e7\u00e3o em engenharia mais conceituados do pa\u00eds, for\u00e7ou a barra para a carreira.<\/p>\n<\/div>\n<div class=\"mc-column content-text active-extra-styles \" data-block-type=\"unstyled\" data-block-weight=\"35\" data-block-id=\"7\">\n<p class=\"content-text__container \" data-track-category=\"Link no Texto\" data-track-links=\"\">&#8220;Defini o que iria fazer com a ajuda da psic\u00f3loga da escola, durante orienta\u00e7\u00e3o profissional. \u00c9 engenharia mesmo. J\u00e1 at\u00e9 fui visitar a Poli e estou definindo o local onde morar em S\u00e3o Paulo&#8221;, conta.<\/p>\n<\/div>\n<div class=\"row medium-uncollapsed content-media content-photo\" data-block-type=\"backstage-photo\" data-block-id=\"8\">\n<div class=\"mc-column content-media__container\">\n<div class=\"progressive-img can-open-lightbox\" data-min-size=\"1008x844\" data-min-size-url=\"https:\/\/s2.glbimg.com\/hL1uAtGCz-Zy5PWPkcQ7hrjsCgE=\/0x0:4548x3809\/1008x0\/smart\/filters:strip_icc()\/i.s3.glbimg.com\/v1\/AUTH_59edd422c0c84a879bd37670ae4f538a\/internal_photos\/bs\/2019\/Q\/7\/GsLjgaQleEd5ZC25W6gA\/fernanda-editada1.jpg\" data-max-size=\"1600x1340\" data-max-size-url=\"https:\/\/s2.glbimg.com\/bVqtvsSx0DvKnCGJ1CDu-Epobn0=\/0x0:4548x3809\/1600x0\/smart\/filters:strip_icc()\/i.s3.glbimg.com\/v1\/AUTH_59edd422c0c84a879bd37670ae4f538a\/internal_photos\/bs\/2019\/Q\/7\/GsLjgaQleEd5ZC25W6gA\/fernanda-editada1.jpg\" data-media-index=\"1\">\n<div class=\"placeholder-container\"><\/div>\n<picture><source srcset=\"https:\/\/s2.glbimg.com\/S9nWiYRU76theWoK2cr9Ig11bWo=\/0x0:4548x3809\/600x0\/smart\/filters:strip_icc()\/i.s3.glbimg.com\/v1\/AUTH_59edd422c0c84a879bd37670ae4f538a\/internal_photos\/bs\/2019\/Q\/7\/GsLjgaQleEd5ZC25W6gA\/fernanda-editada1.jpg 1x, https:\/\/s2.glbimg.com\/enO09c5OEUIsumGf9da35ztXqX4=\/0x0:4548x3809\/1200x0\/smart\/filters:strip_icc()\/i.s3.glbimg.com\/v1\/AUTH_59edd422c0c84a879bd37670ae4f538a\/internal_photos\/bs\/2019\/Q\/7\/GsLjgaQleEd5ZC25W6gA\/fernanda-editada1.jpg 2x\" media=\"(max-width: 1024px)\" data-src=\"https:\/\/s2.glbimg.com\/S9nWiYRU76theWoK2cr9Ig11bWo=\/0x0:4548x3809\/600x0\/smart\/filters:strip_icc()\/i.s3.glbimg.com\/v1\/AUTH_59edd422c0c84a879bd37670ae4f538a\/internal_photos\/bs\/2019\/Q\/7\/GsLjgaQleEd5ZC25W6gA\/fernanda-editada1.jpg 1x, https:\/\/s2.glbimg.com\/enO09c5OEUIsumGf9da35ztXqX4=\/0x0:4548x3809\/1200x0\/smart\/filters:strip_icc()\/i.s3.glbimg.com\/v1\/AUTH_59edd422c0c84a879bd37670ae4f538a\/internal_photos\/bs\/2019\/Q\/7\/GsLjgaQleEd5ZC25W6gA\/fernanda-editada1.jpg 2x\" \/><source srcset=\"https:\/\/s2.glbimg.com\/3TVHpWDJYTGMvxGG3nOC0Og6ws4=\/0x0:4548x3809\/640x0\/smart\/filters:strip_icc()\/i.s3.glbimg.com\/v1\/AUTH_59edd422c0c84a879bd37670ae4f538a\/internal_photos\/bs\/2019\/Q\/7\/GsLjgaQleEd5ZC25W6gA\/fernanda-editada1.jpg 1x, https:\/\/s2.glbimg.com\/gSPP6uYTK6ZiHTpA3O-D3COJMl0=\/0x0:4548x3809\/1280x0\/smart\/filters:strip_icc()\/i.s3.glbimg.com\/v1\/AUTH_59edd422c0c84a879bd37670ae4f538a\/internal_photos\/bs\/2019\/Q\/7\/GsLjgaQleEd5ZC25W6gA\/fernanda-editada1.jpg 2x\" media=\"(max-width: 1280px)\" data-src=\"https:\/\/s2.glbimg.com\/3TVHpWDJYTGMvxGG3nOC0Og6ws4=\/0x0:4548x3809\/640x0\/smart\/filters:strip_icc()\/i.s3.glbimg.com\/v1\/AUTH_59edd422c0c84a879bd37670ae4f538a\/internal_photos\/bs\/2019\/Q\/7\/GsLjgaQleEd5ZC25W6gA\/fernanda-editada1.jpg 1x, https:\/\/s2.glbimg.com\/gSPP6uYTK6ZiHTpA3O-D3COJMl0=\/0x0:4548x3809\/1280x0\/smart\/filters:strip_icc()\/i.s3.glbimg.com\/v1\/AUTH_59edd422c0c84a879bd37670ae4f538a\/internal_photos\/bs\/2019\/Q\/7\/GsLjgaQleEd5ZC25W6gA\/fernanda-editada1.jpg 2x\" \/><source srcset=\"https:\/\/s2.glbimg.com\/xzUCA_gHYezWzjNXu95wYWPl8DY=\/0x0:4548x3809\/984x0\/smart\/filters:strip_icc()\/i.s3.glbimg.com\/v1\/AUTH_59edd422c0c84a879bd37670ae4f538a\/internal_photos\/bs\/2019\/Q\/7\/GsLjgaQleEd5ZC25W6gA\/fernanda-editada1.jpg 1x, https:\/\/s2.glbimg.com\/niqzdphYy2nDsouUrHXtWbzyCF8=\/0x0:4548x3809\/1968x0\/smart\/filters:strip_icc()\/i.s3.glbimg.com\/v1\/AUTH_59edd422c0c84a879bd37670ae4f538a\/internal_photos\/bs\/2019\/Q\/7\/GsLjgaQleEd5ZC25W6gA\/fernanda-editada1.jpg 2x\" media=\"(max-width: 1360px)\" data-src=\"https:\/\/s2.glbimg.com\/xzUCA_gHYezWzjNXu95wYWPl8DY=\/0x0:4548x3809\/984x0\/smart\/filters:strip_icc()\/i.s3.glbimg.com\/v1\/AUTH_59edd422c0c84a879bd37670ae4f538a\/internal_photos\/bs\/2019\/Q\/7\/GsLjgaQleEd5ZC25W6gA\/fernanda-editada1.jpg 1x, https:\/\/s2.glbimg.com\/niqzdphYy2nDsouUrHXtWbzyCF8=\/0x0:4548x3809\/1968x0\/smart\/filters:strip_icc()\/i.s3.glbimg.com\/v1\/AUTH_59edd422c0c84a879bd37670ae4f538a\/internal_photos\/bs\/2019\/Q\/7\/GsLjgaQleEd5ZC25W6gA\/fernanda-editada1.jpg 2x\" \/><source srcset=\"https:\/\/s2.glbimg.com\/sK5h0u2hg-lEl_WzgFb3AHokIew=\/0x0:4548x3809\/1000x0\/smart\/filters:strip_icc()\/i.s3.glbimg.com\/v1\/AUTH_59edd422c0c84a879bd37670ae4f538a\/internal_photos\/bs\/2019\/Q\/7\/GsLjgaQleEd5ZC25W6gA\/fernanda-editada1.jpg 1x, https:\/\/s2.glbimg.com\/7cwL1El9zWVA2QCc1oKzICrqq6s=\/0x0:4548x3809\/2000x0\/smart\/filters:strip_icc()\/i.s3.glbimg.com\/v1\/AUTH_59edd422c0c84a879bd37670ae4f538a\/internal_photos\/bs\/2019\/Q\/7\/GsLjgaQleEd5ZC25W6gA\/fernanda-editada1.jpg 2x\" media=\"(min-width: 1361px)\" data-src=\"https:\/\/s2.glbimg.com\/sK5h0u2hg-lEl_WzgFb3AHokIew=\/0x0:4548x3809\/1000x0\/smart\/filters:strip_icc()\/i.s3.glbimg.com\/v1\/AUTH_59edd422c0c84a879bd37670ae4f538a\/internal_photos\/bs\/2019\/Q\/7\/GsLjgaQleEd5ZC25W6gA\/fernanda-editada1.jpg 1x, https:\/\/s2.glbimg.com\/7cwL1El9zWVA2QCc1oKzICrqq6s=\/0x0:4548x3809\/2000x0\/smart\/filters:strip_icc()\/i.s3.glbimg.com\/v1\/AUTH_59edd422c0c84a879bd37670ae4f538a\/internal_photos\/bs\/2019\/Q\/7\/GsLjgaQleEd5ZC25W6gA\/fernanda-editada1.jpg 2x\" \/><source srcset=\"https:\/\/s2.glbimg.com\/xzUCA_gHYezWzjNXu95wYWPl8DY=\/0x0:4548x3809\/984x0\/smart\/filters:strip_icc()\/i.s3.glbimg.com\/v1\/AUTH_59edd422c0c84a879bd37670ae4f538a\/internal_photos\/bs\/2019\/Q\/7\/GsLjgaQleEd5ZC25W6gA\/fernanda-editada1.jpg\" data-src=\"https:\/\/s2.glbimg.com\/xzUCA_gHYezWzjNXu95wYWPl8DY=\/0x0:4548x3809\/984x0\/smart\/filters:strip_icc()\/i.s3.glbimg.com\/v1\/AUTH_59edd422c0c84a879bd37670ae4f538a\/internal_photos\/bs\/2019\/Q\/7\/GsLjgaQleEd5ZC25W6gA\/fernanda-editada1.jpg\" \/><\/picture>\n<figure style=\"width: 600px\" class=\"wp-caption aligncenter\"><img loading=\"lazy\" decoding=\"async\" class=\"image content-media__image progressive-loaded\" title=\"Al\u00e9m da Poli USP, Fernanda Furukita passou em medicina na UFMG com a nota do Enem \u2014 Foto: Fernando Evans\/G1\" src=\"https:\/\/s2.glbimg.com\/xzUCA_gHYezWzjNXu95wYWPl8DY=\/0x0:4548x3809\/984x0\/smart\/filters:strip_icc()\/i.s3.glbimg.com\/v1\/AUTH_59edd422c0c84a879bd37670ae4f538a\/internal_photos\/bs\/2019\/Q\/7\/GsLjgaQleEd5ZC25W6gA\/fernanda-editada1.jpg\" alt=\"Al\u00e9m da Poli USP, Fernanda Furukita passou em medicina na UFMG com a nota do Enem \u2014 Foto: Fernando Evans\/G1\" width=\"600\" height=\"503\" data-src=\"https:\/\/s2.glbimg.com\/xzUCA_gHYezWzjNXu95wYWPl8DY=\/0x0:4548x3809\/984x0\/smart\/filters:strip_icc()\/i.s3.glbimg.com\/v1\/AUTH_59edd422c0c84a879bd37670ae4f538a\/internal_photos\/bs\/2019\/Q\/7\/GsLjgaQleEd5ZC25W6gA\/fernanda-editada1.jpg\" \/><figcaption class=\"wp-caption-text\">Al\u00e9m da Poli USP, Fernanda Furukita passou em medicina na UFMG com a nota do Enem \u2014 Foto: Fernando Evans\/G1<\/figcaption><\/figure>\n<\/div>\n<div class=\"mc-column content-text active-extra-styles\" data-block-type=\"raw\" data-block-weight=\"1\" data-block-id=\"10\">\n<div class=\"content-intertitle\">\n<h2>&#8216;Relax&#8217;<\/h2>\n<\/div>\n<\/div>\n<div class=\"mc-column content-text active-extra-styles \" data-block-type=\"unstyled\" data-block-weight=\"59\" data-block-id=\"11\">\n<p class=\"content-text__container \" data-track-category=\"Link no Texto\" data-track-links=\"\">Fernanda estuda em um col\u00e9gio privado de Campinas e optou por um 3\u00ba ano do ensino m\u00e9dio &#8220;turbinado&#8221;, com aulas junto com a turma do cursinho, maior carga hor\u00e1ria e simulados aos finais de semana. O esfor\u00e7o deu frutos, mas a jovem conta que um hobby da inf\u00e2ncia ajudou a manter a cabe\u00e7a tranquila e relaxada para as provas.<\/p>\n<\/div>\n<div class=\"mc-column content-text active-extra-styles \" data-block-type=\"unstyled\" data-block-weight=\"38\" data-block-id=\"12\">\n<p class=\"content-text__container \" data-track-category=\"Link no Texto\" data-track-links=\"\">&#8220;Toda vez que estava cansada, sentia que a mente estava sobrecarregada, ia tocar piano. \u00c9 como se desse um tempo para meu c\u00e9rebro. Gosto de tocar m\u00fasicas r\u00e1pidas, e foco nisso, desligando do que estava fazendo antes&#8221;, explica.<\/p>\n<p data-track-category=\"Link no Texto\" data-track-links=\"\"><em>Fonte G1<\/em><\/p>\n<\/div>\n<\/div>\n<\/div>\n<\/div>\n","protected":false},"excerpt":{"rendered":"<p>A propor\u00e7\u00e3o no n\u00famero de inscritos revela um ambiente predominantemente masculino. De cada 10 candidatos a uma vaga em engenharia de computa\u00e7\u00e3o na Escola Polit\u00e9cnica (Poli) da Universidade de S\u00e3o Paulo (USP), apenas um \u00e9 do sexo feminino. Apesar da disparidade, coube a uma jovem de 17 anos o posto de 1\u00ba lugar na carreira [&hellip;]<\/p>\n","protected":false},"author":13,"featured_media":39984,"comment_status":"open","ping_status":"open","sticky":false,"template":"","format":"standard","meta":{"footnotes":""},"categories":[23,936,141],"tags":[201],"class_list":{"0":"post-39983","1":"post","2":"type-post","3":"status-publish","4":"format-standard","5":"has-post-thumbnail","7":"category-educacao","8":"category-mulher","9":"category-noticias-menu","10":"tag-destaque-topo"},"yoast_head":"<!-- This site is optimized with the Yoast SEO plugin v27.2 - https:\/\/yoast.com\/product\/yoast-seo-wordpress\/ -->\n<title>&#039;N\u00e3o \u00e9 um mundo s\u00f3 dos homens&#039;, diz jovem de 17 anos, 1\u00ba lugar em engenharia de computa\u00e7\u00e3o na Poli - Instituto de Engenharia<\/title>\n<meta name=\"robots\" content=\"index, follow, max-snippet:-1, max-image-preview:large, max-video-preview:-1\" \/>\n<link rel=\"canonical\" href=\"https:\/\/www.institutodeengenharia.org.br\/site\/2019\/02\/05\/nao-e-um-mundo-so-dos-homens-diz-jovem-de-17-anos-1o-lugar-em-engenharia-de-computacao-na-poli\/\" \/>\n<meta property=\"og:locale\" content=\"pt_BR\" \/>\n<meta property=\"og:type\" content=\"article\" \/>\n<meta property=\"og:title\" content=\"&#039;N\u00e3o \u00e9 um mundo s\u00f3 dos homens&#039;, diz jovem de 17 anos, 1\u00ba lugar em engenharia de computa\u00e7\u00e3o na Poli - Instituto de Engenharia\" \/>\n<meta property=\"og:description\" content=\"A propor\u00e7\u00e3o no n\u00famero de inscritos revela um ambiente predominantemente masculino. De cada 10 candidatos a uma vaga em engenharia de computa\u00e7\u00e3o na Escola Polit\u00e9cnica (Poli) da Universidade de S\u00e3o Paulo (USP), apenas um \u00e9 do sexo feminino. Apesar da disparidade, coube a uma jovem de 17 anos o posto de 1\u00ba lugar na carreira [&hellip;]\" \/>\n<meta property=\"og:url\" content=\"https:\/\/www.institutodeengenharia.org.br\/site\/2019\/02\/05\/nao-e-um-mundo-so-dos-homens-diz-jovem-de-17-anos-1o-lugar-em-engenharia-de-computacao-na-poli\/\" \/>\n<meta property=\"og:site_name\" content=\"Instituto de Engenharia\" \/>\n<meta property=\"article:publisher\" content=\"https:\/\/www.facebook.com\/institutodeengenharia\" \/>\n<meta property=\"article:published_time\" content=\"2019-02-05T12:02:18+00:00\" \/>\n<meta property=\"og:image\" content=\"https:\/\/www.institutodeengenharia.org.br\/site\/wp-content\/uploads\/2019\/02\/fernanda-editada.jpg\" \/>\n\t<meta property=\"og:image:width\" content=\"1600\" \/>\n\t<meta property=\"og:image:height\" content=\"968\" \/>\n\t<meta property=\"og:image:type\" content=\"image\/jpeg\" \/>\n<meta name=\"author\" content=\"Bianca\" \/>\n<meta name=\"twitter:card\" content=\"summary_large_image\" \/>\n<meta name=\"twitter:creator\" content=\"@iengenharia\" \/>\n<meta name=\"twitter:site\" content=\"@iengenharia\" \/>\n<meta name=\"twitter:label1\" content=\"Escrito por\" \/>\n\t<meta name=\"twitter:data1\" content=\"Bianca\" \/>\n\t<meta name=\"twitter:label2\" content=\"Est. tempo de leitura\" \/>\n\t<meta name=\"twitter:data2\" content=\"2 minutos\" \/>\n<script type=\"application\/ld+json\" class=\"yoast-schema-graph\">{\"@context\":\"https:\/\/schema.org\",\"@graph\":[{\"@type\":\"Article\",\"@id\":\"https:\/\/www.institutodeengenharia.org.br\/site\/2019\/02\/05\/nao-e-um-mundo-so-dos-homens-diz-jovem-de-17-anos-1o-lugar-em-engenharia-de-computacao-na-poli\/#article\",\"isPartOf\":{\"@id\":\"https:\/\/www.institutodeengenharia.org.br\/site\/2019\/02\/05\/nao-e-um-mundo-so-dos-homens-diz-jovem-de-17-anos-1o-lugar-em-engenharia-de-computacao-na-poli\/\"},\"author\":{\"name\":\"Bianca\",\"@id\":\"https:\/\/www.institutodeengenharia.org.br\/site\/#\/schema\/person\/aeb64951c405e100d26d30b033dd423f\"},\"headline\":\"&#8216;N\u00e3o \u00e9 um mundo s\u00f3 dos homens&#8217;, diz jovem de 17 anos, 1\u00ba lugar em engenharia de computa\u00e7\u00e3o na Poli\",\"datePublished\":\"2019-02-05T12:02:18+00:00\",\"mainEntityOfPage\":{\"@id\":\"https:\/\/www.institutodeengenharia.org.br\/site\/2019\/02\/05\/nao-e-um-mundo-so-dos-homens-diz-jovem-de-17-anos-1o-lugar-em-engenharia-de-computacao-na-poli\/\"},\"wordCount\":421,\"commentCount\":0,\"publisher\":{\"@id\":\"https:\/\/www.institutodeengenharia.org.br\/site\/#organization\"},\"image\":{\"@id\":\"https:\/\/www.institutodeengenharia.org.br\/site\/2019\/02\/05\/nao-e-um-mundo-so-dos-homens-diz-jovem-de-17-anos-1o-lugar-em-engenharia-de-computacao-na-poli\/#primaryimage\"},\"thumbnailUrl\":\"https:\/\/www.institutodeengenharia.org.br\/site\/wp-content\/uploads\/2019\/02\/fernanda-editada.jpg\",\"keywords\":[\"Destaque Topo\"],\"articleSection\":[\"Educa\u00e7\u00e3o\",\"Mulher\",\"Not\u00edcias\"],\"inLanguage\":\"pt-BR\",\"potentialAction\":[{\"@type\":\"CommentAction\",\"name\":\"Comment\",\"target\":[\"https:\/\/www.institutodeengenharia.org.br\/site\/2019\/02\/05\/nao-e-um-mundo-so-dos-homens-diz-jovem-de-17-anos-1o-lugar-em-engenharia-de-computacao-na-poli\/#respond\"]}]},{\"@type\":\"WebPage\",\"@id\":\"https:\/\/www.institutodeengenharia.org.br\/site\/2019\/02\/05\/nao-e-um-mundo-so-dos-homens-diz-jovem-de-17-anos-1o-lugar-em-engenharia-de-computacao-na-poli\/\",\"url\":\"https:\/\/www.institutodeengenharia.org.br\/site\/2019\/02\/05\/nao-e-um-mundo-so-dos-homens-diz-jovem-de-17-anos-1o-lugar-em-engenharia-de-computacao-na-poli\/\",\"name\":\"'N\u00e3o \u00e9 um mundo s\u00f3 dos homens', diz jovem de 17 anos, 1\u00ba lugar em engenharia de computa\u00e7\u00e3o na Poli - Instituto de Engenharia\",\"isPartOf\":{\"@id\":\"https:\/\/www.institutodeengenharia.org.br\/site\/#website\"},\"primaryImageOfPage\":{\"@id\":\"https:\/\/www.institutodeengenharia.org.br\/site\/2019\/02\/05\/nao-e-um-mundo-so-dos-homens-diz-jovem-de-17-anos-1o-lugar-em-engenharia-de-computacao-na-poli\/#primaryimage\"},\"image\":{\"@id\":\"https:\/\/www.institutodeengenharia.org.br\/site\/2019\/02\/05\/nao-e-um-mundo-so-dos-homens-diz-jovem-de-17-anos-1o-lugar-em-engenharia-de-computacao-na-poli\/#primaryimage\"},\"thumbnailUrl\":\"https:\/\/www.institutodeengenharia.org.br\/site\/wp-content\/uploads\/2019\/02\/fernanda-editada.jpg\",\"datePublished\":\"2019-02-05T12:02:18+00:00\",\"breadcrumb\":{\"@id\":\"https:\/\/www.institutodeengenharia.org.br\/site\/2019\/02\/05\/nao-e-um-mundo-so-dos-homens-diz-jovem-de-17-anos-1o-lugar-em-engenharia-de-computacao-na-poli\/#breadcrumb\"},\"inLanguage\":\"pt-BR\",\"potentialAction\":[{\"@type\":\"ReadAction\",\"target\":[\"https:\/\/www.institutodeengenharia.org.br\/site\/2019\/02\/05\/nao-e-um-mundo-so-dos-homens-diz-jovem-de-17-anos-1o-lugar-em-engenharia-de-computacao-na-poli\/\"]}]},{\"@type\":\"ImageObject\",\"inLanguage\":\"pt-BR\",\"@id\":\"https:\/\/www.institutodeengenharia.org.br\/site\/2019\/02\/05\/nao-e-um-mundo-so-dos-homens-diz-jovem-de-17-anos-1o-lugar-em-engenharia-de-computacao-na-poli\/#primaryimage\",\"url\":\"https:\/\/www.institutodeengenharia.org.br\/site\/wp-content\/uploads\/2019\/02\/fernanda-editada.jpg\",\"contentUrl\":\"https:\/\/www.institutodeengenharia.org.br\/site\/wp-content\/uploads\/2019\/02\/fernanda-editada.jpg\",\"width\":1600,\"height\":968,\"caption\":\"Fernanda Furukita, de 17 anos, passou em 1\u00ba lugar em engenharia da computa\u00e7\u00e3o na Poli USP \u2014 Foto: Fernando Evans\/G1\"},{\"@type\":\"BreadcrumbList\",\"@id\":\"https:\/\/www.institutodeengenharia.org.br\/site\/2019\/02\/05\/nao-e-um-mundo-so-dos-homens-diz-jovem-de-17-anos-1o-lugar-em-engenharia-de-computacao-na-poli\/#breadcrumb\",\"itemListElement\":[{\"@type\":\"ListItem\",\"position\":1,\"name\":\"In\u00edcio\",\"item\":\"https:\/\/www.institutodeengenharia.org.br\/site\/\"},{\"@type\":\"ListItem\",\"position\":2,\"name\":\"&#8216;N\u00e3o \u00e9 um mundo s\u00f3 dos homens&#8217;, diz jovem de 17 anos, 1\u00ba lugar em engenharia de computa\u00e7\u00e3o na Poli\"}]},{\"@type\":\"WebSite\",\"@id\":\"https:\/\/www.institutodeengenharia.org.br\/site\/#website\",\"url\":\"https:\/\/www.institutodeengenharia.org.br\/site\/\",\"name\":\"Instituto de Engenharia\",\"description\":\"O Instituto de Engenharia promove a Engenharia em benef\u00edcio do desenvolvimento e da qualidade de vida da sociedade.\",\"publisher\":{\"@id\":\"https:\/\/www.institutodeengenharia.org.br\/site\/#organization\"},\"potentialAction\":[{\"@type\":\"SearchAction\",\"target\":{\"@type\":\"EntryPoint\",\"urlTemplate\":\"https:\/\/www.institutodeengenharia.org.br\/site\/?s={search_term_string}\"},\"query-input\":{\"@type\":\"PropertyValueSpecification\",\"valueRequired\":true,\"valueName\":\"search_term_string\"}}],\"inLanguage\":\"pt-BR\"},{\"@type\":\"Organization\",\"@id\":\"https:\/\/www.institutodeengenharia.org.br\/site\/#organization\",\"name\":\"Instituto de Engenharia\",\"url\":\"https:\/\/www.institutodeengenharia.org.br\/site\/\",\"logo\":{\"@type\":\"ImageObject\",\"inLanguage\":\"pt-BR\",\"@id\":\"https:\/\/www.institutodeengenharia.org.br\/site\/#\/schema\/logo\/image\/\",\"url\":\"https:\/\/www.institutodeengenharia.org.br\/site\/wp-content\/uploads\/2019\/03\/logo-novo-IE2018-1.jpg\",\"contentUrl\":\"https:\/\/www.institutodeengenharia.org.br\/site\/wp-content\/uploads\/2019\/03\/logo-novo-IE2018-1.jpg\",\"width\":1486,\"height\":1879,\"caption\":\"Instituto de Engenharia\"},\"image\":{\"@id\":\"https:\/\/www.institutodeengenharia.org.br\/site\/#\/schema\/logo\/image\/\"},\"sameAs\":[\"https:\/\/www.facebook.com\/institutodeengenharia\",\"https:\/\/x.com\/iengenharia\",\"https:\/\/www.instagram.com\/institutodeengenharia\/\",\"https:\/\/www.linkedin.com\/company\/instituto-de-engenharia\/\",\"https:\/\/www.youtube.com\/channel\/UCXiCAlsSMe977vamW915HxA\"]},{\"@type\":\"Person\",\"@id\":\"https:\/\/www.institutodeengenharia.org.br\/site\/#\/schema\/person\/aeb64951c405e100d26d30b033dd423f\",\"name\":\"Bianca\",\"image\":{\"@type\":\"ImageObject\",\"inLanguage\":\"pt-BR\",\"@id\":\"https:\/\/secure.gravatar.com\/avatar\/a6fbe9bff57405baf4c1e2c5c1811e072b558253974a9f9508f4678900c97c2a?s=96&d=mm&r=g\",\"url\":\"https:\/\/secure.gravatar.com\/avatar\/a6fbe9bff57405baf4c1e2c5c1811e072b558253974a9f9508f4678900c97c2a?s=96&d=mm&r=g\",\"contentUrl\":\"https:\/\/secure.gravatar.com\/avatar\/a6fbe9bff57405baf4c1e2c5c1811e072b558253974a9f9508f4678900c97c2a?s=96&d=mm&r=g\",\"caption\":\"Bianca\"},\"url\":\"https:\/\/www.institutodeengenharia.org.br\/site\/author\/comunicacao1\/\"}]}<\/script>\n<!-- \/ Yoast SEO plugin. -->","yoast_head_json":{"title":"'N\u00e3o \u00e9 um mundo s\u00f3 dos homens', diz jovem de 17 anos, 1\u00ba lugar em engenharia de computa\u00e7\u00e3o na Poli - Instituto de Engenharia","robots":{"index":"index","follow":"follow","max-snippet":"max-snippet:-1","max-image-preview":"max-image-preview:large","max-video-preview":"max-video-preview:-1"},"canonical":"https:\/\/www.institutodeengenharia.org.br\/site\/2019\/02\/05\/nao-e-um-mundo-so-dos-homens-diz-jovem-de-17-anos-1o-lugar-em-engenharia-de-computacao-na-poli\/","og_locale":"pt_BR","og_type":"article","og_title":"'N\u00e3o \u00e9 um mundo s\u00f3 dos homens', diz jovem de 17 anos, 1\u00ba lugar em engenharia de computa\u00e7\u00e3o na Poli - Instituto de Engenharia","og_description":"A propor\u00e7\u00e3o no n\u00famero de inscritos revela um ambiente predominantemente masculino. De cada 10 candidatos a uma vaga em engenharia de computa\u00e7\u00e3o na Escola Polit\u00e9cnica (Poli) da Universidade de S\u00e3o Paulo (USP), apenas um \u00e9 do sexo feminino. Apesar da disparidade, coube a uma jovem de 17 anos o posto de 1\u00ba lugar na carreira [&hellip;]","og_url":"https:\/\/www.institutodeengenharia.org.br\/site\/2019\/02\/05\/nao-e-um-mundo-so-dos-homens-diz-jovem-de-17-anos-1o-lugar-em-engenharia-de-computacao-na-poli\/","og_site_name":"Instituto de Engenharia","article_publisher":"https:\/\/www.facebook.com\/institutodeengenharia","article_published_time":"2019-02-05T12:02:18+00:00","og_image":[{"width":1600,"height":968,"url":"https:\/\/www.institutodeengenharia.org.br\/site\/wp-content\/uploads\/2019\/02\/fernanda-editada.jpg","type":"image\/jpeg"}],"author":"Bianca","twitter_card":"summary_large_image","twitter_creator":"@iengenharia","twitter_site":"@iengenharia","twitter_misc":{"Escrito por":"Bianca","Est. tempo de leitura":"2 minutos"},"schema":{"@context":"https:\/\/schema.org","@graph":[{"@type":"Article","@id":"https:\/\/www.institutodeengenharia.org.br\/site\/2019\/02\/05\/nao-e-um-mundo-so-dos-homens-diz-jovem-de-17-anos-1o-lugar-em-engenharia-de-computacao-na-poli\/#article","isPartOf":{"@id":"https:\/\/www.institutodeengenharia.org.br\/site\/2019\/02\/05\/nao-e-um-mundo-so-dos-homens-diz-jovem-de-17-anos-1o-lugar-em-engenharia-de-computacao-na-poli\/"},"author":{"name":"Bianca","@id":"https:\/\/www.institutodeengenharia.org.br\/site\/#\/schema\/person\/aeb64951c405e100d26d30b033dd423f"},"headline":"&#8216;N\u00e3o \u00e9 um mundo s\u00f3 dos homens&#8217;, diz jovem de 17 anos, 1\u00ba lugar em engenharia de computa\u00e7\u00e3o na Poli","datePublished":"2019-02-05T12:02:18+00:00","mainEntityOfPage":{"@id":"https:\/\/www.institutodeengenharia.org.br\/site\/2019\/02\/05\/nao-e-um-mundo-so-dos-homens-diz-jovem-de-17-anos-1o-lugar-em-engenharia-de-computacao-na-poli\/"},"wordCount":421,"commentCount":0,"publisher":{"@id":"https:\/\/www.institutodeengenharia.org.br\/site\/#organization"},"image":{"@id":"https:\/\/www.institutodeengenharia.org.br\/site\/2019\/02\/05\/nao-e-um-mundo-so-dos-homens-diz-jovem-de-17-anos-1o-lugar-em-engenharia-de-computacao-na-poli\/#primaryimage"},"thumbnailUrl":"https:\/\/www.institutodeengenharia.org.br\/site\/wp-content\/uploads\/2019\/02\/fernanda-editada.jpg","keywords":["Destaque Topo"],"articleSection":["Educa\u00e7\u00e3o","Mulher","Not\u00edcias"],"inLanguage":"pt-BR","potentialAction":[{"@type":"CommentAction","name":"Comment","target":["https:\/\/www.institutodeengenharia.org.br\/site\/2019\/02\/05\/nao-e-um-mundo-so-dos-homens-diz-jovem-de-17-anos-1o-lugar-em-engenharia-de-computacao-na-poli\/#respond"]}]},{"@type":"WebPage","@id":"https:\/\/www.institutodeengenharia.org.br\/site\/2019\/02\/05\/nao-e-um-mundo-so-dos-homens-diz-jovem-de-17-anos-1o-lugar-em-engenharia-de-computacao-na-poli\/","url":"https:\/\/www.institutodeengenharia.org.br\/site\/2019\/02\/05\/nao-e-um-mundo-so-dos-homens-diz-jovem-de-17-anos-1o-lugar-em-engenharia-de-computacao-na-poli\/","name":"'N\u00e3o \u00e9 um mundo s\u00f3 dos homens', diz jovem de 17 anos, 1\u00ba lugar em engenharia de computa\u00e7\u00e3o na Poli - Instituto de Engenharia","isPartOf":{"@id":"https:\/\/www.institutodeengenharia.org.br\/site\/#website"},"primaryImageOfPage":{"@id":"https:\/\/www.institutodeengenharia.org.br\/site\/2019\/02\/05\/nao-e-um-mundo-so-dos-homens-diz-jovem-de-17-anos-1o-lugar-em-engenharia-de-computacao-na-poli\/#primaryimage"},"image":{"@id":"https:\/\/www.institutodeengenharia.org.br\/site\/2019\/02\/05\/nao-e-um-mundo-so-dos-homens-diz-jovem-de-17-anos-1o-lugar-em-engenharia-de-computacao-na-poli\/#primaryimage"},"thumbnailUrl":"https:\/\/www.institutodeengenharia.org.br\/site\/wp-content\/uploads\/2019\/02\/fernanda-editada.jpg","datePublished":"2019-02-05T12:02:18+00:00","breadcrumb":{"@id":"https:\/\/www.institutodeengenharia.org.br\/site\/2019\/02\/05\/nao-e-um-mundo-so-dos-homens-diz-jovem-de-17-anos-1o-lugar-em-engenharia-de-computacao-na-poli\/#breadcrumb"},"inLanguage":"pt-BR","potentialAction":[{"@type":"ReadAction","target":["https:\/\/www.institutodeengenharia.org.br\/site\/2019\/02\/05\/nao-e-um-mundo-so-dos-homens-diz-jovem-de-17-anos-1o-lugar-em-engenharia-de-computacao-na-poli\/"]}]},{"@type":"ImageObject","inLanguage":"pt-BR","@id":"https:\/\/www.institutodeengenharia.org.br\/site\/2019\/02\/05\/nao-e-um-mundo-so-dos-homens-diz-jovem-de-17-anos-1o-lugar-em-engenharia-de-computacao-na-poli\/#primaryimage","url":"https:\/\/www.institutodeengenharia.org.br\/site\/wp-content\/uploads\/2019\/02\/fernanda-editada.jpg","contentUrl":"https:\/\/www.institutodeengenharia.org.br\/site\/wp-content\/uploads\/2019\/02\/fernanda-editada.jpg","width":1600,"height":968,"caption":"Fernanda Furukita, de 17 anos, passou em 1\u00ba lugar em engenharia da computa\u00e7\u00e3o na Poli USP \u2014 Foto: Fernando Evans\/G1"},{"@type":"BreadcrumbList","@id":"https:\/\/www.institutodeengenharia.org.br\/site\/2019\/02\/05\/nao-e-um-mundo-so-dos-homens-diz-jovem-de-17-anos-1o-lugar-em-engenharia-de-computacao-na-poli\/#breadcrumb","itemListElement":[{"@type":"ListItem","position":1,"name":"In\u00edcio","item":"https:\/\/www.institutodeengenharia.org.br\/site\/"},{"@type":"ListItem","position":2,"name":"&#8216;N\u00e3o \u00e9 um mundo s\u00f3 dos homens&#8217;, diz jovem de 17 anos, 1\u00ba lugar em engenharia de computa\u00e7\u00e3o na Poli"}]},{"@type":"WebSite","@id":"https:\/\/www.institutodeengenharia.org.br\/site\/#website","url":"https:\/\/www.institutodeengenharia.org.br\/site\/","name":"Instituto de Engenharia","description":"O Instituto de Engenharia promove a Engenharia em benef\u00edcio do desenvolvimento e da qualidade de vida da sociedade.","publisher":{"@id":"https:\/\/www.institutodeengenharia.org.br\/site\/#organization"},"potentialAction":[{"@type":"SearchAction","target":{"@type":"EntryPoint","urlTemplate":"https:\/\/www.institutodeengenharia.org.br\/site\/?s={search_term_string}"},"query-input":{"@type":"PropertyValueSpecification","valueRequired":true,"valueName":"search_term_string"}}],"inLanguage":"pt-BR"},{"@type":"Organization","@id":"https:\/\/www.institutodeengenharia.org.br\/site\/#organization","name":"Instituto de Engenharia","url":"https:\/\/www.institutodeengenharia.org.br\/site\/","logo":{"@type":"ImageObject","inLanguage":"pt-BR","@id":"https:\/\/www.institutodeengenharia.org.br\/site\/#\/schema\/logo\/image\/","url":"https:\/\/www.institutodeengenharia.org.br\/site\/wp-content\/uploads\/2019\/03\/logo-novo-IE2018-1.jpg","contentUrl":"https:\/\/www.institutodeengenharia.org.br\/site\/wp-content\/uploads\/2019\/03\/logo-novo-IE2018-1.jpg","width":1486,"height":1879,"caption":"Instituto de Engenharia"},"image":{"@id":"https:\/\/www.institutodeengenharia.org.br\/site\/#\/schema\/logo\/image\/"},"sameAs":["https:\/\/www.facebook.com\/institutodeengenharia","https:\/\/x.com\/iengenharia","https:\/\/www.instagram.com\/institutodeengenharia\/","https:\/\/www.linkedin.com\/company\/instituto-de-engenharia\/","https:\/\/www.youtube.com\/channel\/UCXiCAlsSMe977vamW915HxA"]},{"@type":"Person","@id":"https:\/\/www.institutodeengenharia.org.br\/site\/#\/schema\/person\/aeb64951c405e100d26d30b033dd423f","name":"Bianca","image":{"@type":"ImageObject","inLanguage":"pt-BR","@id":"https:\/\/secure.gravatar.com\/avatar\/a6fbe9bff57405baf4c1e2c5c1811e072b558253974a9f9508f4678900c97c2a?s=96&d=mm&r=g","url":"https:\/\/secure.gravatar.com\/avatar\/a6fbe9bff57405baf4c1e2c5c1811e072b558253974a9f9508f4678900c97c2a?s=96&d=mm&r=g","contentUrl":"https:\/\/secure.gravatar.com\/avatar\/a6fbe9bff57405baf4c1e2c5c1811e072b558253974a9f9508f4678900c97c2a?s=96&d=mm&r=g","caption":"Bianca"},"url":"https:\/\/www.institutodeengenharia.org.br\/site\/author\/comunicacao1\/"}]}},"_links":{"self":[{"href":"https:\/\/www.institutodeengenharia.org.br\/site\/wp-json\/wp\/v2\/posts\/39983","targetHints":{"allow":["GET"]}}],"collection":[{"href":"https:\/\/www.institutodeengenharia.org.br\/site\/wp-json\/wp\/v2\/posts"}],"about":[{"href":"https:\/\/www.institutodeengenharia.org.br\/site\/wp-json\/wp\/v2\/types\/post"}],"author":[{"embeddable":true,"href":"https:\/\/www.institutodeengenharia.org.br\/site\/wp-json\/wp\/v2\/users\/13"}],"replies":[{"embeddable":true,"href":"https:\/\/www.institutodeengenharia.org.br\/site\/wp-json\/wp\/v2\/comments?post=39983"}],"version-history":[{"count":1,"href":"https:\/\/www.institutodeengenharia.org.br\/site\/wp-json\/wp\/v2\/posts\/39983\/revisions"}],"predecessor-version":[{"id":39985,"href":"https:\/\/www.institutodeengenharia.org.br\/site\/wp-json\/wp\/v2\/posts\/39983\/revisions\/39985"}],"wp:featuredmedia":[{"embeddable":true,"href":"https:\/\/www.institutodeengenharia.org.br\/site\/wp-json\/wp\/v2\/media\/39984"}],"wp:attachment":[{"href":"https:\/\/www.institutodeengenharia.org.br\/site\/wp-json\/wp\/v2\/media?parent=39983"}],"wp:term":[{"taxonomy":"category","embeddable":true,"href":"https:\/\/www.institutodeengenharia.org.br\/site\/wp-json\/wp\/v2\/categories?post=39983"},{"taxonomy":"post_tag","embeddable":true,"href":"https:\/\/www.institutodeengenharia.org.br\/site\/wp-json\/wp\/v2\/tags?post=39983"}],"curies":[{"name":"wp","href":"https:\/\/api.w.org\/{rel}","templated":true}]}}