{"id":39971,"date":"2019-02-05T09:28:09","date_gmt":"2019-02-05T11:28:09","guid":{"rendered":"https:\/\/www.institutodeengenharia.org.br\/site\/?p=39971"},"modified":"2019-02-05T09:28:09","modified_gmt":"2019-02-05T11:28:09","slug":"os-cerebros-das-mulheres-sao-anos-mais-jovens-que-os-dos-homens","status":"publish","type":"post","link":"https:\/\/www.institutodeengenharia.org.br\/site\/2019\/02\/05\/os-cerebros-das-mulheres-sao-anos-mais-jovens-que-os-dos-homens\/","title":{"rendered":"Os c\u00e9rebros das mulheres s\u00e3o anos mais jovens que os dos homens"},"content":{"rendered":"<p><span class=\"intro\">O<\/span>s c\u00e9rebros de homens e mulheres t\u00eam metabolismos de ritmos diferentes: um estudo publicado no peri\u00f3dico Proceedings of the National Academy of Sciences mostra que, para elas, o processo \u00e9 mais devagar, enquanto para eles \u00e9 mais r\u00e1pido.<\/p>\n<p>&#8220;Estamos s\u00f3 come\u00e7ando a entender como fatores relacionados ao g\u00eanero podem afetar a trajet\u00f3ria de envelhecimento do c\u00e9rebro e como isso pode influenciar a vulnerabilidade do c\u00e9rebro para doen\u00e7as degenerativas&#8221;, afirmou Manu Goyal, professor assistente de radiologia no Instituto de Radiologia da Universidade de Washington, nos Estados Unidos, em\u00a0<a href=\"https:\/\/medicalxpress.com\/news\/2019-02-women-brains-years-younger-men.html\" target=\"_blank\" rel=\"noopener\">comunicado<\/a>.<\/p>\n<p>Goyal e seus colegas analisaram os c\u00e9rebros de 205 pessoas para entender mais sobre o metabolismo cerebral e como ele pode ser diferente entre homens e mulheres. Segundo os pesquisadores, o processo muda de acordo conforme as pessoas envelhecem: beb\u00eas e crian\u00e7as usam a maior parte de sua energia para o desenvolvimento cerebral. Ap\u00f3s a adolesc\u00eancia, essa quantidade vai diminuindo.<\/p>\n<p>Entre os participantes, havia 121 mulheres e 84 homens com idades entre 20 e 82 anos que passaram por exames que mediram a circula\u00e7\u00e3o de oxig\u00eanio e glicose em seus c\u00e9rebros. A partir desses dados, um algoritmo foi criado para calcular a idade dos c\u00e9rebros das pessoas de acordo com seus metabolismos.<\/p>\n<p>Os resultados foram surpreendentes: os c\u00e9rebros das mulheres tendem a ter 3,8 anos a menos do que a idade cronol\u00f3gica delas e, os dos homens, 2,4 anos a mais.<\/p>\n<p>Essas diferen\u00e7as foram percept\u00edveis at\u00e9 nos participantes mais jovens. &#8220;N\u00e3o \u00e9 que os c\u00e9rebros dos homens envelhecem mais r\u00e1pido &#8211; eles come\u00e7am a vida adulta tr\u00eas anos depois das mulheres e isso persiste ao longo da vida&#8221;, ressaltou Goyal.<\/p>\n<p>&#8220;Ainda n\u00e3o sabemos o que isso significa. Acredito que possa ser porque as mulheres n\u00e3o passam por tantos decl\u00ednios cognitivos ao ficarem mais velhas porque seus c\u00e9rebros s\u00e3o de fato mais jovens.&#8221;\u00a0O cientista no momento pretende realizar novos estudos para confirmar essa hip\u00f3tese.<\/p>\n<p><em>Fonte Revista Galileu<\/em><\/p>\n","protected":false},"excerpt":{"rendered":"<p>Os c\u00e9rebros de homens e mulheres t\u00eam metabolismos de ritmos diferentes: um estudo publicado no peri\u00f3dico Proceedings of the National Academy of Sciences mostra que, para elas, o processo \u00e9 mais devagar, enquanto para eles \u00e9 mais r\u00e1pido. &#8220;Estamos s\u00f3 come\u00e7ando a entender como fatores relacionados ao g\u00eanero podem afetar a trajet\u00f3ria de envelhecimento do [&hellip;]<\/p>\n","protected":false},"author":13,"featured_media":39972,"comment_status":"open","ping_status":"open","sticky":false,"template":"","format":"standard","meta":{"footnotes":""},"categories":[936],"tags":[],"class_list":{"0":"post-39971","1":"post","2":"type-post","3":"status-publish","4":"format-standard","5":"has-post-thumbnail","7":"category-mulher"},"yoast_head":"<!-- This site is optimized with the Yoast SEO plugin v27.2 - https:\/\/yoast.com\/product\/yoast-seo-wordpress\/ -->\n<title>Os c\u00e9rebros das mulheres s\u00e3o anos mais jovens que os dos homens - Instituto de Engenharia<\/title>\n<meta name=\"robots\" content=\"index, follow, max-snippet:-1, max-image-preview:large, max-video-preview:-1\" \/>\n<link rel=\"canonical\" href=\"https:\/\/www.institutodeengenharia.org.br\/site\/2019\/02\/05\/os-cerebros-das-mulheres-sao-anos-mais-jovens-que-os-dos-homens\/\" \/>\n<meta property=\"og:locale\" content=\"pt_BR\" \/>\n<meta property=\"og:type\" content=\"article\" \/>\n<meta property=\"og:title\" content=\"Os c\u00e9rebros das mulheres s\u00e3o anos mais jovens que os dos homens - Instituto de Engenharia\" \/>\n<meta property=\"og:description\" content=\"Os c\u00e9rebros de homens e mulheres t\u00eam metabolismos de ritmos diferentes: um estudo publicado no peri\u00f3dico Proceedings of the National Academy of Sciences mostra que, para elas, o processo \u00e9 mais devagar, enquanto para eles \u00e9 mais r\u00e1pido. &#8220;Estamos s\u00f3 come\u00e7ando a entender como fatores relacionados ao g\u00eanero podem afetar a trajet\u00f3ria de envelhecimento do [&hellip;]\" \/>\n<meta property=\"og:url\" content=\"https:\/\/www.institutodeengenharia.org.br\/site\/2019\/02\/05\/os-cerebros-das-mulheres-sao-anos-mais-jovens-que-os-dos-homens\/\" \/>\n<meta property=\"og:site_name\" content=\"Instituto de Engenharia\" \/>\n<meta property=\"article:publisher\" content=\"https:\/\/www.facebook.com\/institutodeengenharia\" \/>\n<meta property=\"article:published_time\" content=\"2019-02-05T11:28:09+00:00\" \/>\n<meta property=\"og:image\" content=\"https:\/\/www.institutodeengenharia.org.br\/site\/wp-content\/uploads\/2019\/02\/brain-1845962_1920.jpg\" \/>\n\t<meta property=\"og:image:width\" content=\"1920\" \/>\n\t<meta property=\"og:image:height\" content=\"1453\" \/>\n\t<meta property=\"og:image:type\" content=\"image\/jpeg\" \/>\n<meta name=\"author\" content=\"Bianca\" \/>\n<meta name=\"twitter:card\" content=\"summary_large_image\" \/>\n<meta name=\"twitter:creator\" content=\"@iengenharia\" \/>\n<meta name=\"twitter:site\" content=\"@iengenharia\" \/>\n<meta name=\"twitter:label1\" content=\"Escrito por\" \/>\n\t<meta name=\"twitter:data1\" content=\"Bianca\" \/>\n\t<meta name=\"twitter:label2\" content=\"Est. tempo de leitura\" \/>\n\t<meta name=\"twitter:data2\" content=\"2 minutos\" \/>\n<script type=\"application\/ld+json\" class=\"yoast-schema-graph\">{\"@context\":\"https:\/\/schema.org\",\"@graph\":[{\"@type\":\"Article\",\"@id\":\"https:\/\/www.institutodeengenharia.org.br\/site\/2019\/02\/05\/os-cerebros-das-mulheres-sao-anos-mais-jovens-que-os-dos-homens\/#article\",\"isPartOf\":{\"@id\":\"https:\/\/www.institutodeengenharia.org.br\/site\/2019\/02\/05\/os-cerebros-das-mulheres-sao-anos-mais-jovens-que-os-dos-homens\/\"},\"author\":{\"name\":\"Bianca\",\"@id\":\"https:\/\/www.institutodeengenharia.org.br\/site\/#\/schema\/person\/aeb64951c405e100d26d30b033dd423f\"},\"headline\":\"Os c\u00e9rebros das mulheres s\u00e3o anos mais jovens que os dos homens\",\"datePublished\":\"2019-02-05T11:28:09+00:00\",\"mainEntityOfPage\":{\"@id\":\"https:\/\/www.institutodeengenharia.org.br\/site\/2019\/02\/05\/os-cerebros-das-mulheres-sao-anos-mais-jovens-que-os-dos-homens\/\"},\"wordCount\":353,\"commentCount\":0,\"publisher\":{\"@id\":\"https:\/\/www.institutodeengenharia.org.br\/site\/#organization\"},\"image\":{\"@id\":\"https:\/\/www.institutodeengenharia.org.br\/site\/2019\/02\/05\/os-cerebros-das-mulheres-sao-anos-mais-jovens-que-os-dos-homens\/#primaryimage\"},\"thumbnailUrl\":\"https:\/\/www.institutodeengenharia.org.br\/site\/wp-content\/uploads\/2019\/02\/brain-1845962_1920.jpg\",\"articleSection\":[\"Mulher\"],\"inLanguage\":\"pt-BR\",\"potentialAction\":[{\"@type\":\"CommentAction\",\"name\":\"Comment\",\"target\":[\"https:\/\/www.institutodeengenharia.org.br\/site\/2019\/02\/05\/os-cerebros-das-mulheres-sao-anos-mais-jovens-que-os-dos-homens\/#respond\"]}]},{\"@type\":\"WebPage\",\"@id\":\"https:\/\/www.institutodeengenharia.org.br\/site\/2019\/02\/05\/os-cerebros-das-mulheres-sao-anos-mais-jovens-que-os-dos-homens\/\",\"url\":\"https:\/\/www.institutodeengenharia.org.br\/site\/2019\/02\/05\/os-cerebros-das-mulheres-sao-anos-mais-jovens-que-os-dos-homens\/\",\"name\":\"Os c\u00e9rebros das mulheres s\u00e3o anos mais jovens que os dos homens - Instituto de Engenharia\",\"isPartOf\":{\"@id\":\"https:\/\/www.institutodeengenharia.org.br\/site\/#website\"},\"primaryImageOfPage\":{\"@id\":\"https:\/\/www.institutodeengenharia.org.br\/site\/2019\/02\/05\/os-cerebros-das-mulheres-sao-anos-mais-jovens-que-os-dos-homens\/#primaryimage\"},\"image\":{\"@id\":\"https:\/\/www.institutodeengenharia.org.br\/site\/2019\/02\/05\/os-cerebros-das-mulheres-sao-anos-mais-jovens-que-os-dos-homens\/#primaryimage\"},\"thumbnailUrl\":\"https:\/\/www.institutodeengenharia.org.br\/site\/wp-content\/uploads\/2019\/02\/brain-1845962_1920.jpg\",\"datePublished\":\"2019-02-05T11:28:09+00:00\",\"breadcrumb\":{\"@id\":\"https:\/\/www.institutodeengenharia.org.br\/site\/2019\/02\/05\/os-cerebros-das-mulheres-sao-anos-mais-jovens-que-os-dos-homens\/#breadcrumb\"},\"inLanguage\":\"pt-BR\",\"potentialAction\":[{\"@type\":\"ReadAction\",\"target\":[\"https:\/\/www.institutodeengenharia.org.br\/site\/2019\/02\/05\/os-cerebros-das-mulheres-sao-anos-mais-jovens-que-os-dos-homens\/\"]}]},{\"@type\":\"ImageObject\",\"inLanguage\":\"pt-BR\",\"@id\":\"https:\/\/www.institutodeengenharia.org.br\/site\/2019\/02\/05\/os-cerebros-das-mulheres-sao-anos-mais-jovens-que-os-dos-homens\/#primaryimage\",\"url\":\"https:\/\/www.institutodeengenharia.org.br\/site\/wp-content\/uploads\/2019\/02\/brain-1845962_1920.jpg\",\"contentUrl\":\"https:\/\/www.institutodeengenharia.org.br\/site\/wp-content\/uploads\/2019\/02\/brain-1845962_1920.jpg\",\"width\":1920,\"height\":1453},{\"@type\":\"BreadcrumbList\",\"@id\":\"https:\/\/www.institutodeengenharia.org.br\/site\/2019\/02\/05\/os-cerebros-das-mulheres-sao-anos-mais-jovens-que-os-dos-homens\/#breadcrumb\",\"itemListElement\":[{\"@type\":\"ListItem\",\"position\":1,\"name\":\"In\u00edcio\",\"item\":\"https:\/\/www.institutodeengenharia.org.br\/site\/\"},{\"@type\":\"ListItem\",\"position\":2,\"name\":\"Os c\u00e9rebros das mulheres s\u00e3o anos mais jovens que os dos homens\"}]},{\"@type\":\"WebSite\",\"@id\":\"https:\/\/www.institutodeengenharia.org.br\/site\/#website\",\"url\":\"https:\/\/www.institutodeengenharia.org.br\/site\/\",\"name\":\"Instituto de Engenharia\",\"description\":\"O Instituto de Engenharia promove a Engenharia em benef\u00edcio do desenvolvimento e da qualidade de vida da sociedade.\",\"publisher\":{\"@id\":\"https:\/\/www.institutodeengenharia.org.br\/site\/#organization\"},\"potentialAction\":[{\"@type\":\"SearchAction\",\"target\":{\"@type\":\"EntryPoint\",\"urlTemplate\":\"https:\/\/www.institutodeengenharia.org.br\/site\/?s={search_term_string}\"},\"query-input\":{\"@type\":\"PropertyValueSpecification\",\"valueRequired\":true,\"valueName\":\"search_term_string\"}}],\"inLanguage\":\"pt-BR\"},{\"@type\":\"Organization\",\"@id\":\"https:\/\/www.institutodeengenharia.org.br\/site\/#organization\",\"name\":\"Instituto de Engenharia\",\"url\":\"https:\/\/www.institutodeengenharia.org.br\/site\/\",\"logo\":{\"@type\":\"ImageObject\",\"inLanguage\":\"pt-BR\",\"@id\":\"https:\/\/www.institutodeengenharia.org.br\/site\/#\/schema\/logo\/image\/\",\"url\":\"https:\/\/www.institutodeengenharia.org.br\/site\/wp-content\/uploads\/2019\/03\/logo-novo-IE2018-1.jpg\",\"contentUrl\":\"https:\/\/www.institutodeengenharia.org.br\/site\/wp-content\/uploads\/2019\/03\/logo-novo-IE2018-1.jpg\",\"width\":1486,\"height\":1879,\"caption\":\"Instituto de Engenharia\"},\"image\":{\"@id\":\"https:\/\/www.institutodeengenharia.org.br\/site\/#\/schema\/logo\/image\/\"},\"sameAs\":[\"https:\/\/www.facebook.com\/institutodeengenharia\",\"https:\/\/x.com\/iengenharia\",\"https:\/\/www.instagram.com\/institutodeengenharia\/\",\"https:\/\/www.linkedin.com\/company\/instituto-de-engenharia\/\",\"https:\/\/www.youtube.com\/channel\/UCXiCAlsSMe977vamW915HxA\"]},{\"@type\":\"Person\",\"@id\":\"https:\/\/www.institutodeengenharia.org.br\/site\/#\/schema\/person\/aeb64951c405e100d26d30b033dd423f\",\"name\":\"Bianca\",\"image\":{\"@type\":\"ImageObject\",\"inLanguage\":\"pt-BR\",\"@id\":\"https:\/\/secure.gravatar.com\/avatar\/a6fbe9bff57405baf4c1e2c5c1811e072b558253974a9f9508f4678900c97c2a?s=96&d=mm&r=g\",\"url\":\"https:\/\/secure.gravatar.com\/avatar\/a6fbe9bff57405baf4c1e2c5c1811e072b558253974a9f9508f4678900c97c2a?s=96&d=mm&r=g\",\"contentUrl\":\"https:\/\/secure.gravatar.com\/avatar\/a6fbe9bff57405baf4c1e2c5c1811e072b558253974a9f9508f4678900c97c2a?s=96&d=mm&r=g\",\"caption\":\"Bianca\"},\"url\":\"https:\/\/www.institutodeengenharia.org.br\/site\/author\/comunicacao1\/\"}]}<\/script>\n<!-- \/ Yoast SEO plugin. -->","yoast_head_json":{"title":"Os c\u00e9rebros das mulheres s\u00e3o anos mais jovens que os dos homens - Instituto de Engenharia","robots":{"index":"index","follow":"follow","max-snippet":"max-snippet:-1","max-image-preview":"max-image-preview:large","max-video-preview":"max-video-preview:-1"},"canonical":"https:\/\/www.institutodeengenharia.org.br\/site\/2019\/02\/05\/os-cerebros-das-mulheres-sao-anos-mais-jovens-que-os-dos-homens\/","og_locale":"pt_BR","og_type":"article","og_title":"Os c\u00e9rebros das mulheres s\u00e3o anos mais jovens que os dos homens - Instituto de Engenharia","og_description":"Os c\u00e9rebros de homens e mulheres t\u00eam metabolismos de ritmos diferentes: um estudo publicado no peri\u00f3dico Proceedings of the National Academy of Sciences mostra que, para elas, o processo \u00e9 mais devagar, enquanto para eles \u00e9 mais r\u00e1pido. &#8220;Estamos s\u00f3 come\u00e7ando a entender como fatores relacionados ao g\u00eanero podem afetar a trajet\u00f3ria de envelhecimento do [&hellip;]","og_url":"https:\/\/www.institutodeengenharia.org.br\/site\/2019\/02\/05\/os-cerebros-das-mulheres-sao-anos-mais-jovens-que-os-dos-homens\/","og_site_name":"Instituto de Engenharia","article_publisher":"https:\/\/www.facebook.com\/institutodeengenharia","article_published_time":"2019-02-05T11:28:09+00:00","og_image":[{"width":1920,"height":1453,"url":"https:\/\/www.institutodeengenharia.org.br\/site\/wp-content\/uploads\/2019\/02\/brain-1845962_1920.jpg","type":"image\/jpeg"}],"author":"Bianca","twitter_card":"summary_large_image","twitter_creator":"@iengenharia","twitter_site":"@iengenharia","twitter_misc":{"Escrito por":"Bianca","Est. tempo de leitura":"2 minutos"},"schema":{"@context":"https:\/\/schema.org","@graph":[{"@type":"Article","@id":"https:\/\/www.institutodeengenharia.org.br\/site\/2019\/02\/05\/os-cerebros-das-mulheres-sao-anos-mais-jovens-que-os-dos-homens\/#article","isPartOf":{"@id":"https:\/\/www.institutodeengenharia.org.br\/site\/2019\/02\/05\/os-cerebros-das-mulheres-sao-anos-mais-jovens-que-os-dos-homens\/"},"author":{"name":"Bianca","@id":"https:\/\/www.institutodeengenharia.org.br\/site\/#\/schema\/person\/aeb64951c405e100d26d30b033dd423f"},"headline":"Os c\u00e9rebros das mulheres s\u00e3o anos mais jovens que os dos homens","datePublished":"2019-02-05T11:28:09+00:00","mainEntityOfPage":{"@id":"https:\/\/www.institutodeengenharia.org.br\/site\/2019\/02\/05\/os-cerebros-das-mulheres-sao-anos-mais-jovens-que-os-dos-homens\/"},"wordCount":353,"commentCount":0,"publisher":{"@id":"https:\/\/www.institutodeengenharia.org.br\/site\/#organization"},"image":{"@id":"https:\/\/www.institutodeengenharia.org.br\/site\/2019\/02\/05\/os-cerebros-das-mulheres-sao-anos-mais-jovens-que-os-dos-homens\/#primaryimage"},"thumbnailUrl":"https:\/\/www.institutodeengenharia.org.br\/site\/wp-content\/uploads\/2019\/02\/brain-1845962_1920.jpg","articleSection":["Mulher"],"inLanguage":"pt-BR","potentialAction":[{"@type":"CommentAction","name":"Comment","target":["https:\/\/www.institutodeengenharia.org.br\/site\/2019\/02\/05\/os-cerebros-das-mulheres-sao-anos-mais-jovens-que-os-dos-homens\/#respond"]}]},{"@type":"WebPage","@id":"https:\/\/www.institutodeengenharia.org.br\/site\/2019\/02\/05\/os-cerebros-das-mulheres-sao-anos-mais-jovens-que-os-dos-homens\/","url":"https:\/\/www.institutodeengenharia.org.br\/site\/2019\/02\/05\/os-cerebros-das-mulheres-sao-anos-mais-jovens-que-os-dos-homens\/","name":"Os c\u00e9rebros das mulheres s\u00e3o anos mais jovens que os dos homens - Instituto de Engenharia","isPartOf":{"@id":"https:\/\/www.institutodeengenharia.org.br\/site\/#website"},"primaryImageOfPage":{"@id":"https:\/\/www.institutodeengenharia.org.br\/site\/2019\/02\/05\/os-cerebros-das-mulheres-sao-anos-mais-jovens-que-os-dos-homens\/#primaryimage"},"image":{"@id":"https:\/\/www.institutodeengenharia.org.br\/site\/2019\/02\/05\/os-cerebros-das-mulheres-sao-anos-mais-jovens-que-os-dos-homens\/#primaryimage"},"thumbnailUrl":"https:\/\/www.institutodeengenharia.org.br\/site\/wp-content\/uploads\/2019\/02\/brain-1845962_1920.jpg","datePublished":"2019-02-05T11:28:09+00:00","breadcrumb":{"@id":"https:\/\/www.institutodeengenharia.org.br\/site\/2019\/02\/05\/os-cerebros-das-mulheres-sao-anos-mais-jovens-que-os-dos-homens\/#breadcrumb"},"inLanguage":"pt-BR","potentialAction":[{"@type":"ReadAction","target":["https:\/\/www.institutodeengenharia.org.br\/site\/2019\/02\/05\/os-cerebros-das-mulheres-sao-anos-mais-jovens-que-os-dos-homens\/"]}]},{"@type":"ImageObject","inLanguage":"pt-BR","@id":"https:\/\/www.institutodeengenharia.org.br\/site\/2019\/02\/05\/os-cerebros-das-mulheres-sao-anos-mais-jovens-que-os-dos-homens\/#primaryimage","url":"https:\/\/www.institutodeengenharia.org.br\/site\/wp-content\/uploads\/2019\/02\/brain-1845962_1920.jpg","contentUrl":"https:\/\/www.institutodeengenharia.org.br\/site\/wp-content\/uploads\/2019\/02\/brain-1845962_1920.jpg","width":1920,"height":1453},{"@type":"BreadcrumbList","@id":"https:\/\/www.institutodeengenharia.org.br\/site\/2019\/02\/05\/os-cerebros-das-mulheres-sao-anos-mais-jovens-que-os-dos-homens\/#breadcrumb","itemListElement":[{"@type":"ListItem","position":1,"name":"In\u00edcio","item":"https:\/\/www.institutodeengenharia.org.br\/site\/"},{"@type":"ListItem","position":2,"name":"Os c\u00e9rebros das mulheres s\u00e3o anos mais jovens que os dos homens"}]},{"@type":"WebSite","@id":"https:\/\/www.institutodeengenharia.org.br\/site\/#website","url":"https:\/\/www.institutodeengenharia.org.br\/site\/","name":"Instituto de Engenharia","description":"O Instituto de Engenharia promove a Engenharia em benef\u00edcio do desenvolvimento e da qualidade de vida da sociedade.","publisher":{"@id":"https:\/\/www.institutodeengenharia.org.br\/site\/#organization"},"potentialAction":[{"@type":"SearchAction","target":{"@type":"EntryPoint","urlTemplate":"https:\/\/www.institutodeengenharia.org.br\/site\/?s={search_term_string}"},"query-input":{"@type":"PropertyValueSpecification","valueRequired":true,"valueName":"search_term_string"}}],"inLanguage":"pt-BR"},{"@type":"Organization","@id":"https:\/\/www.institutodeengenharia.org.br\/site\/#organization","name":"Instituto de Engenharia","url":"https:\/\/www.institutodeengenharia.org.br\/site\/","logo":{"@type":"ImageObject","inLanguage":"pt-BR","@id":"https:\/\/www.institutodeengenharia.org.br\/site\/#\/schema\/logo\/image\/","url":"https:\/\/www.institutodeengenharia.org.br\/site\/wp-content\/uploads\/2019\/03\/logo-novo-IE2018-1.jpg","contentUrl":"https:\/\/www.institutodeengenharia.org.br\/site\/wp-content\/uploads\/2019\/03\/logo-novo-IE2018-1.jpg","width":1486,"height":1879,"caption":"Instituto de Engenharia"},"image":{"@id":"https:\/\/www.institutodeengenharia.org.br\/site\/#\/schema\/logo\/image\/"},"sameAs":["https:\/\/www.facebook.com\/institutodeengenharia","https:\/\/x.com\/iengenharia","https:\/\/www.instagram.com\/institutodeengenharia\/","https:\/\/www.linkedin.com\/company\/instituto-de-engenharia\/","https:\/\/www.youtube.com\/channel\/UCXiCAlsSMe977vamW915HxA"]},{"@type":"Person","@id":"https:\/\/www.institutodeengenharia.org.br\/site\/#\/schema\/person\/aeb64951c405e100d26d30b033dd423f","name":"Bianca","image":{"@type":"ImageObject","inLanguage":"pt-BR","@id":"https:\/\/secure.gravatar.com\/avatar\/a6fbe9bff57405baf4c1e2c5c1811e072b558253974a9f9508f4678900c97c2a?s=96&d=mm&r=g","url":"https:\/\/secure.gravatar.com\/avatar\/a6fbe9bff57405baf4c1e2c5c1811e072b558253974a9f9508f4678900c97c2a?s=96&d=mm&r=g","contentUrl":"https:\/\/secure.gravatar.com\/avatar\/a6fbe9bff57405baf4c1e2c5c1811e072b558253974a9f9508f4678900c97c2a?s=96&d=mm&r=g","caption":"Bianca"},"url":"https:\/\/www.institutodeengenharia.org.br\/site\/author\/comunicacao1\/"}]}},"_links":{"self":[{"href":"https:\/\/www.institutodeengenharia.org.br\/site\/wp-json\/wp\/v2\/posts\/39971","targetHints":{"allow":["GET"]}}],"collection":[{"href":"https:\/\/www.institutodeengenharia.org.br\/site\/wp-json\/wp\/v2\/posts"}],"about":[{"href":"https:\/\/www.institutodeengenharia.org.br\/site\/wp-json\/wp\/v2\/types\/post"}],"author":[{"embeddable":true,"href":"https:\/\/www.institutodeengenharia.org.br\/site\/wp-json\/wp\/v2\/users\/13"}],"replies":[{"embeddable":true,"href":"https:\/\/www.institutodeengenharia.org.br\/site\/wp-json\/wp\/v2\/comments?post=39971"}],"version-history":[{"count":1,"href":"https:\/\/www.institutodeengenharia.org.br\/site\/wp-json\/wp\/v2\/posts\/39971\/revisions"}],"predecessor-version":[{"id":39973,"href":"https:\/\/www.institutodeengenharia.org.br\/site\/wp-json\/wp\/v2\/posts\/39971\/revisions\/39973"}],"wp:featuredmedia":[{"embeddable":true,"href":"https:\/\/www.institutodeengenharia.org.br\/site\/wp-json\/wp\/v2\/media\/39972"}],"wp:attachment":[{"href":"https:\/\/www.institutodeengenharia.org.br\/site\/wp-json\/wp\/v2\/media?parent=39971"}],"wp:term":[{"taxonomy":"category","embeddable":true,"href":"https:\/\/www.institutodeengenharia.org.br\/site\/wp-json\/wp\/v2\/categories?post=39971"},{"taxonomy":"post_tag","embeddable":true,"href":"https:\/\/www.institutodeengenharia.org.br\/site\/wp-json\/wp\/v2\/tags?post=39971"}],"curies":[{"name":"wp","href":"https:\/\/api.w.org\/{rel}","templated":true}]}}