{"id":39891,"date":"2019-01-30T09:31:34","date_gmt":"2019-01-30T11:31:34","guid":{"rendered":"https:\/\/www.institutodeengenharia.org.br\/site\/?p=39891"},"modified":"2019-01-30T09:31:34","modified_gmt":"2019-01-30T11:31:34","slug":"estacao-espacial-cria-incrivel-tour-da-terra-vista-do-espaco-em-time-lapse","status":"publish","type":"post","link":"https:\/\/www.institutodeengenharia.org.br\/site\/2019\/01\/30\/estacao-espacial-cria-incrivel-tour-da-terra-vista-do-espaco-em-time-lapse\/","title":{"rendered":"Esta\u00e7\u00e3o espacial cria incr\u00edvel tour da Terra vista do espa\u00e7o em time-lapse"},"content":{"rendered":"<p>Se voc\u00ea ficou curioso ao saber que o\u00a0campo magn\u00e9tico da Terra est\u00e1 se comportando de uma maneira bem estranha, \u00e9 prov\u00e1vel que seja hipnotizado por estas imagens do nosso planeta visto pela<strong>\u00a0Esta\u00e7\u00e3o Espacial Internacional (ISS).<\/strong><\/p>\n<p>N\u00e3o estamos falando sobre os divertidos\u00a0v\u00eddeos do astronauta\u00a0Chris Hadfield, mas sim de um time-lapse incr\u00edvel que mostra cenas especiais (e espaciais) da Terra. Intitulado\u00a0<strong><em>The World Below<\/em><\/strong>(ou \u201cO Mundo Abaixo\u201d, em ingl\u00eas), o v\u00eddeo em 4K foi compilado por\u00a0<strong>Bruce W. Berry Jr<\/strong>\u00a0h\u00e1 cerca de um m\u00eas usando imagens registradas pela ISS.<\/p>\n<p><img decoding=\"async\" class=\"size-full wp-image-381249 aligncenter\" src=\"https:\/\/www.hypeness.com.br\/wp-content\/uploads\/2019\/01\/timelapse-terra.gif\" alt=\"\" \/><\/p>\n<p>A esta\u00e7\u00e3o se mant\u00e9m em \u00f3rbita a uma altitude entre 330 km e 435 km acima da Terra. Os registros incluem imagens do Canad\u00e1, Peru, Egito e um verdadeiro mergulho nas auroras boreais vistas na Am\u00e9rica do Norte.<\/p>\n<p>Espia s\u00f3 que coisa mais linda \u00e9 esse nosso planetinha visto do alto!<\/p>\n<p><iframe loading=\"lazy\" src=\"https:\/\/player.vimeo.com\/video\/306705787\" width=\"640\" height=\"360\" frameborder=\"0\" allowfullscreen=\"allowfullscreen\"><\/iframe><\/p>\n<p>&nbsp;<\/p>\n<p><em>Fonte Hypeness<\/em><\/p>\n","protected":false},"excerpt":{"rendered":"<p>Se voc\u00ea ficou curioso ao saber que o\u00a0campo magn\u00e9tico da Terra est\u00e1 se comportando de uma maneira bem estranha, \u00e9 prov\u00e1vel que seja hipnotizado por estas imagens do nosso planeta visto pela\u00a0Esta\u00e7\u00e3o Espacial Internacional (ISS). N\u00e3o estamos falando sobre os divertidos\u00a0v\u00eddeos do astronauta\u00a0Chris Hadfield, mas sim de um time-lapse incr\u00edvel que mostra cenas especiais (e [&hellip;]<\/p>\n","protected":false},"author":13,"featured_media":39892,"comment_status":"open","ping_status":"open","sticky":false,"template":"","format":"standard","meta":{"footnotes":""},"categories":[963,972],"tags":[201],"class_list":{"0":"post-39891","1":"post","2":"type-post","3":"status-publish","4":"format-standard","5":"has-post-thumbnail","7":"category-futuro","8":"category-tecnologia-futuro","9":"tag-destaque-topo"},"yoast_head":"<!-- This site is optimized with the Yoast SEO plugin v27.2 - https:\/\/yoast.com\/product\/yoast-seo-wordpress\/ -->\n<title>Esta\u00e7\u00e3o espacial cria incr\u00edvel tour da Terra vista do espa\u00e7o em time-lapse - Instituto de Engenharia<\/title>\n<meta name=\"robots\" content=\"index, follow, max-snippet:-1, max-image-preview:large, max-video-preview:-1\" \/>\n<link rel=\"canonical\" href=\"https:\/\/www.institutodeengenharia.org.br\/site\/2019\/01\/30\/estacao-espacial-cria-incrivel-tour-da-terra-vista-do-espaco-em-time-lapse\/\" \/>\n<meta property=\"og:locale\" content=\"pt_BR\" \/>\n<meta property=\"og:type\" content=\"article\" \/>\n<meta property=\"og:title\" content=\"Esta\u00e7\u00e3o espacial cria incr\u00edvel tour da Terra vista do espa\u00e7o em time-lapse - Instituto de Engenharia\" \/>\n<meta property=\"og:description\" content=\"Se voc\u00ea ficou curioso ao saber que o\u00a0campo magn\u00e9tico da Terra est\u00e1 se comportando de uma maneira bem estranha, \u00e9 prov\u00e1vel que seja hipnotizado por estas imagens do nosso planeta visto pela\u00a0Esta\u00e7\u00e3o Espacial Internacional (ISS). N\u00e3o estamos falando sobre os divertidos\u00a0v\u00eddeos do astronauta\u00a0Chris Hadfield, mas sim de um time-lapse incr\u00edvel que mostra cenas especiais (e [&hellip;]\" \/>\n<meta property=\"og:url\" content=\"https:\/\/www.institutodeengenharia.org.br\/site\/2019\/01\/30\/estacao-espacial-cria-incrivel-tour-da-terra-vista-do-espaco-em-time-lapse\/\" \/>\n<meta property=\"og:site_name\" content=\"Instituto de Engenharia\" \/>\n<meta property=\"article:publisher\" content=\"https:\/\/www.facebook.com\/institutodeengenharia\" \/>\n<meta property=\"article:published_time\" content=\"2019-01-30T11:31:34+00:00\" \/>\n<meta property=\"og:image\" content=\"https:\/\/www.institutodeengenharia.org.br\/site\/wp-content\/uploads\/2019\/01\/download.jpg\" \/>\n\t<meta property=\"og:image:width\" content=\"800\" \/>\n\t<meta property=\"og:image:height\" content=\"567\" \/>\n\t<meta property=\"og:image:type\" content=\"image\/jpeg\" \/>\n<meta name=\"author\" content=\"Bianca\" \/>\n<meta name=\"twitter:card\" content=\"summary_large_image\" \/>\n<meta name=\"twitter:creator\" content=\"@iengenharia\" \/>\n<meta name=\"twitter:site\" content=\"@iengenharia\" \/>\n<meta name=\"twitter:label1\" content=\"Escrito por\" \/>\n\t<meta name=\"twitter:data1\" content=\"Bianca\" \/>\n\t<meta name=\"twitter:label2\" content=\"Est. tempo de leitura\" \/>\n\t<meta name=\"twitter:data2\" content=\"1 minuto\" \/>\n<script type=\"application\/ld+json\" class=\"yoast-schema-graph\">{\"@context\":\"https:\/\/schema.org\",\"@graph\":[{\"@type\":\"Article\",\"@id\":\"https:\/\/www.institutodeengenharia.org.br\/site\/2019\/01\/30\/estacao-espacial-cria-incrivel-tour-da-terra-vista-do-espaco-em-time-lapse\/#article\",\"isPartOf\":{\"@id\":\"https:\/\/www.institutodeengenharia.org.br\/site\/2019\/01\/30\/estacao-espacial-cria-incrivel-tour-da-terra-vista-do-espaco-em-time-lapse\/\"},\"author\":{\"name\":\"Bianca\",\"@id\":\"https:\/\/www.institutodeengenharia.org.br\/site\/#\/schema\/person\/aeb64951c405e100d26d30b033dd423f\"},\"headline\":\"Esta\u00e7\u00e3o espacial cria incr\u00edvel tour da Terra vista do espa\u00e7o em time-lapse\",\"datePublished\":\"2019-01-30T11:31:34+00:00\",\"mainEntityOfPage\":{\"@id\":\"https:\/\/www.institutodeengenharia.org.br\/site\/2019\/01\/30\/estacao-espacial-cria-incrivel-tour-da-terra-vista-do-espaco-em-time-lapse\/\"},\"wordCount\":170,\"commentCount\":0,\"publisher\":{\"@id\":\"https:\/\/www.institutodeengenharia.org.br\/site\/#organization\"},\"image\":{\"@id\":\"https:\/\/www.institutodeengenharia.org.br\/site\/2019\/01\/30\/estacao-espacial-cria-incrivel-tour-da-terra-vista-do-espaco-em-time-lapse\/#primaryimage\"},\"thumbnailUrl\":\"https:\/\/www.institutodeengenharia.org.br\/site\/wp-content\/uploads\/2019\/01\/download.jpg\",\"keywords\":[\"Destaque Topo\"],\"articleSection\":[\"Futuro\",\"Tecnologia\"],\"inLanguage\":\"pt-BR\",\"potentialAction\":[{\"@type\":\"CommentAction\",\"name\":\"Comment\",\"target\":[\"https:\/\/www.institutodeengenharia.org.br\/site\/2019\/01\/30\/estacao-espacial-cria-incrivel-tour-da-terra-vista-do-espaco-em-time-lapse\/#respond\"]}]},{\"@type\":\"WebPage\",\"@id\":\"https:\/\/www.institutodeengenharia.org.br\/site\/2019\/01\/30\/estacao-espacial-cria-incrivel-tour-da-terra-vista-do-espaco-em-time-lapse\/\",\"url\":\"https:\/\/www.institutodeengenharia.org.br\/site\/2019\/01\/30\/estacao-espacial-cria-incrivel-tour-da-terra-vista-do-espaco-em-time-lapse\/\",\"name\":\"Esta\u00e7\u00e3o espacial cria incr\u00edvel tour da Terra vista do espa\u00e7o em time-lapse - Instituto de Engenharia\",\"isPartOf\":{\"@id\":\"https:\/\/www.institutodeengenharia.org.br\/site\/#website\"},\"primaryImageOfPage\":{\"@id\":\"https:\/\/www.institutodeengenharia.org.br\/site\/2019\/01\/30\/estacao-espacial-cria-incrivel-tour-da-terra-vista-do-espaco-em-time-lapse\/#primaryimage\"},\"image\":{\"@id\":\"https:\/\/www.institutodeengenharia.org.br\/site\/2019\/01\/30\/estacao-espacial-cria-incrivel-tour-da-terra-vista-do-espaco-em-time-lapse\/#primaryimage\"},\"thumbnailUrl\":\"https:\/\/www.institutodeengenharia.org.br\/site\/wp-content\/uploads\/2019\/01\/download.jpg\",\"datePublished\":\"2019-01-30T11:31:34+00:00\",\"breadcrumb\":{\"@id\":\"https:\/\/www.institutodeengenharia.org.br\/site\/2019\/01\/30\/estacao-espacial-cria-incrivel-tour-da-terra-vista-do-espaco-em-time-lapse\/#breadcrumb\"},\"inLanguage\":\"pt-BR\",\"potentialAction\":[{\"@type\":\"ReadAction\",\"target\":[\"https:\/\/www.institutodeengenharia.org.br\/site\/2019\/01\/30\/estacao-espacial-cria-incrivel-tour-da-terra-vista-do-espaco-em-time-lapse\/\"]}]},{\"@type\":\"ImageObject\",\"inLanguage\":\"pt-BR\",\"@id\":\"https:\/\/www.institutodeengenharia.org.br\/site\/2019\/01\/30\/estacao-espacial-cria-incrivel-tour-da-terra-vista-do-espaco-em-time-lapse\/#primaryimage\",\"url\":\"https:\/\/www.institutodeengenharia.org.br\/site\/wp-content\/uploads\/2019\/01\/download.jpg\",\"contentUrl\":\"https:\/\/www.institutodeengenharia.org.br\/site\/wp-content\/uploads\/2019\/01\/download.jpg\",\"width\":800,\"height\":567},{\"@type\":\"BreadcrumbList\",\"@id\":\"https:\/\/www.institutodeengenharia.org.br\/site\/2019\/01\/30\/estacao-espacial-cria-incrivel-tour-da-terra-vista-do-espaco-em-time-lapse\/#breadcrumb\",\"itemListElement\":[{\"@type\":\"ListItem\",\"position\":1,\"name\":\"In\u00edcio\",\"item\":\"https:\/\/www.institutodeengenharia.org.br\/site\/\"},{\"@type\":\"ListItem\",\"position\":2,\"name\":\"Esta\u00e7\u00e3o espacial cria incr\u00edvel tour da Terra vista do espa\u00e7o em time-lapse\"}]},{\"@type\":\"WebSite\",\"@id\":\"https:\/\/www.institutodeengenharia.org.br\/site\/#website\",\"url\":\"https:\/\/www.institutodeengenharia.org.br\/site\/\",\"name\":\"Instituto de Engenharia\",\"description\":\"O Instituto de Engenharia promove a Engenharia em benef\u00edcio do desenvolvimento e da qualidade de vida da sociedade.\",\"publisher\":{\"@id\":\"https:\/\/www.institutodeengenharia.org.br\/site\/#organization\"},\"potentialAction\":[{\"@type\":\"SearchAction\",\"target\":{\"@type\":\"EntryPoint\",\"urlTemplate\":\"https:\/\/www.institutodeengenharia.org.br\/site\/?s={search_term_string}\"},\"query-input\":{\"@type\":\"PropertyValueSpecification\",\"valueRequired\":true,\"valueName\":\"search_term_string\"}}],\"inLanguage\":\"pt-BR\"},{\"@type\":\"Organization\",\"@id\":\"https:\/\/www.institutodeengenharia.org.br\/site\/#organization\",\"name\":\"Instituto de Engenharia\",\"url\":\"https:\/\/www.institutodeengenharia.org.br\/site\/\",\"logo\":{\"@type\":\"ImageObject\",\"inLanguage\":\"pt-BR\",\"@id\":\"https:\/\/www.institutodeengenharia.org.br\/site\/#\/schema\/logo\/image\/\",\"url\":\"https:\/\/www.institutodeengenharia.org.br\/site\/wp-content\/uploads\/2019\/03\/logo-novo-IE2018-1.jpg\",\"contentUrl\":\"https:\/\/www.institutodeengenharia.org.br\/site\/wp-content\/uploads\/2019\/03\/logo-novo-IE2018-1.jpg\",\"width\":1486,\"height\":1879,\"caption\":\"Instituto de Engenharia\"},\"image\":{\"@id\":\"https:\/\/www.institutodeengenharia.org.br\/site\/#\/schema\/logo\/image\/\"},\"sameAs\":[\"https:\/\/www.facebook.com\/institutodeengenharia\",\"https:\/\/x.com\/iengenharia\",\"https:\/\/www.instagram.com\/institutodeengenharia\/\",\"https:\/\/www.linkedin.com\/company\/instituto-de-engenharia\/\",\"https:\/\/www.youtube.com\/channel\/UCXiCAlsSMe977vamW915HxA\"]},{\"@type\":\"Person\",\"@id\":\"https:\/\/www.institutodeengenharia.org.br\/site\/#\/schema\/person\/aeb64951c405e100d26d30b033dd423f\",\"name\":\"Bianca\",\"image\":{\"@type\":\"ImageObject\",\"inLanguage\":\"pt-BR\",\"@id\":\"https:\/\/secure.gravatar.com\/avatar\/a6fbe9bff57405baf4c1e2c5c1811e072b558253974a9f9508f4678900c97c2a?s=96&d=mm&r=g\",\"url\":\"https:\/\/secure.gravatar.com\/avatar\/a6fbe9bff57405baf4c1e2c5c1811e072b558253974a9f9508f4678900c97c2a?s=96&d=mm&r=g\",\"contentUrl\":\"https:\/\/secure.gravatar.com\/avatar\/a6fbe9bff57405baf4c1e2c5c1811e072b558253974a9f9508f4678900c97c2a?s=96&d=mm&r=g\",\"caption\":\"Bianca\"},\"url\":\"https:\/\/www.institutodeengenharia.org.br\/site\/author\/comunicacao1\/\"}]}<\/script>\n<!-- \/ Yoast SEO plugin. -->","yoast_head_json":{"title":"Esta\u00e7\u00e3o espacial cria incr\u00edvel tour da Terra vista do espa\u00e7o em time-lapse - Instituto de Engenharia","robots":{"index":"index","follow":"follow","max-snippet":"max-snippet:-1","max-image-preview":"max-image-preview:large","max-video-preview":"max-video-preview:-1"},"canonical":"https:\/\/www.institutodeengenharia.org.br\/site\/2019\/01\/30\/estacao-espacial-cria-incrivel-tour-da-terra-vista-do-espaco-em-time-lapse\/","og_locale":"pt_BR","og_type":"article","og_title":"Esta\u00e7\u00e3o espacial cria incr\u00edvel tour da Terra vista do espa\u00e7o em time-lapse - Instituto de Engenharia","og_description":"Se voc\u00ea ficou curioso ao saber que o\u00a0campo magn\u00e9tico da Terra est\u00e1 se comportando de uma maneira bem estranha, \u00e9 prov\u00e1vel que seja hipnotizado por estas imagens do nosso planeta visto pela\u00a0Esta\u00e7\u00e3o Espacial Internacional (ISS). N\u00e3o estamos falando sobre os divertidos\u00a0v\u00eddeos do astronauta\u00a0Chris Hadfield, mas sim de um time-lapse incr\u00edvel que mostra cenas especiais (e [&hellip;]","og_url":"https:\/\/www.institutodeengenharia.org.br\/site\/2019\/01\/30\/estacao-espacial-cria-incrivel-tour-da-terra-vista-do-espaco-em-time-lapse\/","og_site_name":"Instituto de Engenharia","article_publisher":"https:\/\/www.facebook.com\/institutodeengenharia","article_published_time":"2019-01-30T11:31:34+00:00","og_image":[{"width":800,"height":567,"url":"https:\/\/www.institutodeengenharia.org.br\/site\/wp-content\/uploads\/2019\/01\/download.jpg","type":"image\/jpeg"}],"author":"Bianca","twitter_card":"summary_large_image","twitter_creator":"@iengenharia","twitter_site":"@iengenharia","twitter_misc":{"Escrito por":"Bianca","Est. tempo de leitura":"1 minuto"},"schema":{"@context":"https:\/\/schema.org","@graph":[{"@type":"Article","@id":"https:\/\/www.institutodeengenharia.org.br\/site\/2019\/01\/30\/estacao-espacial-cria-incrivel-tour-da-terra-vista-do-espaco-em-time-lapse\/#article","isPartOf":{"@id":"https:\/\/www.institutodeengenharia.org.br\/site\/2019\/01\/30\/estacao-espacial-cria-incrivel-tour-da-terra-vista-do-espaco-em-time-lapse\/"},"author":{"name":"Bianca","@id":"https:\/\/www.institutodeengenharia.org.br\/site\/#\/schema\/person\/aeb64951c405e100d26d30b033dd423f"},"headline":"Esta\u00e7\u00e3o espacial cria incr\u00edvel tour da Terra vista do espa\u00e7o em time-lapse","datePublished":"2019-01-30T11:31:34+00:00","mainEntityOfPage":{"@id":"https:\/\/www.institutodeengenharia.org.br\/site\/2019\/01\/30\/estacao-espacial-cria-incrivel-tour-da-terra-vista-do-espaco-em-time-lapse\/"},"wordCount":170,"commentCount":0,"publisher":{"@id":"https:\/\/www.institutodeengenharia.org.br\/site\/#organization"},"image":{"@id":"https:\/\/www.institutodeengenharia.org.br\/site\/2019\/01\/30\/estacao-espacial-cria-incrivel-tour-da-terra-vista-do-espaco-em-time-lapse\/#primaryimage"},"thumbnailUrl":"https:\/\/www.institutodeengenharia.org.br\/site\/wp-content\/uploads\/2019\/01\/download.jpg","keywords":["Destaque Topo"],"articleSection":["Futuro","Tecnologia"],"inLanguage":"pt-BR","potentialAction":[{"@type":"CommentAction","name":"Comment","target":["https:\/\/www.institutodeengenharia.org.br\/site\/2019\/01\/30\/estacao-espacial-cria-incrivel-tour-da-terra-vista-do-espaco-em-time-lapse\/#respond"]}]},{"@type":"WebPage","@id":"https:\/\/www.institutodeengenharia.org.br\/site\/2019\/01\/30\/estacao-espacial-cria-incrivel-tour-da-terra-vista-do-espaco-em-time-lapse\/","url":"https:\/\/www.institutodeengenharia.org.br\/site\/2019\/01\/30\/estacao-espacial-cria-incrivel-tour-da-terra-vista-do-espaco-em-time-lapse\/","name":"Esta\u00e7\u00e3o espacial cria incr\u00edvel tour da Terra vista do espa\u00e7o em time-lapse - Instituto de Engenharia","isPartOf":{"@id":"https:\/\/www.institutodeengenharia.org.br\/site\/#website"},"primaryImageOfPage":{"@id":"https:\/\/www.institutodeengenharia.org.br\/site\/2019\/01\/30\/estacao-espacial-cria-incrivel-tour-da-terra-vista-do-espaco-em-time-lapse\/#primaryimage"},"image":{"@id":"https:\/\/www.institutodeengenharia.org.br\/site\/2019\/01\/30\/estacao-espacial-cria-incrivel-tour-da-terra-vista-do-espaco-em-time-lapse\/#primaryimage"},"thumbnailUrl":"https:\/\/www.institutodeengenharia.org.br\/site\/wp-content\/uploads\/2019\/01\/download.jpg","datePublished":"2019-01-30T11:31:34+00:00","breadcrumb":{"@id":"https:\/\/www.institutodeengenharia.org.br\/site\/2019\/01\/30\/estacao-espacial-cria-incrivel-tour-da-terra-vista-do-espaco-em-time-lapse\/#breadcrumb"},"inLanguage":"pt-BR","potentialAction":[{"@type":"ReadAction","target":["https:\/\/www.institutodeengenharia.org.br\/site\/2019\/01\/30\/estacao-espacial-cria-incrivel-tour-da-terra-vista-do-espaco-em-time-lapse\/"]}]},{"@type":"ImageObject","inLanguage":"pt-BR","@id":"https:\/\/www.institutodeengenharia.org.br\/site\/2019\/01\/30\/estacao-espacial-cria-incrivel-tour-da-terra-vista-do-espaco-em-time-lapse\/#primaryimage","url":"https:\/\/www.institutodeengenharia.org.br\/site\/wp-content\/uploads\/2019\/01\/download.jpg","contentUrl":"https:\/\/www.institutodeengenharia.org.br\/site\/wp-content\/uploads\/2019\/01\/download.jpg","width":800,"height":567},{"@type":"BreadcrumbList","@id":"https:\/\/www.institutodeengenharia.org.br\/site\/2019\/01\/30\/estacao-espacial-cria-incrivel-tour-da-terra-vista-do-espaco-em-time-lapse\/#breadcrumb","itemListElement":[{"@type":"ListItem","position":1,"name":"In\u00edcio","item":"https:\/\/www.institutodeengenharia.org.br\/site\/"},{"@type":"ListItem","position":2,"name":"Esta\u00e7\u00e3o espacial cria incr\u00edvel tour da Terra vista do espa\u00e7o em time-lapse"}]},{"@type":"WebSite","@id":"https:\/\/www.institutodeengenharia.org.br\/site\/#website","url":"https:\/\/www.institutodeengenharia.org.br\/site\/","name":"Instituto de Engenharia","description":"O Instituto de Engenharia promove a Engenharia em benef\u00edcio do desenvolvimento e da qualidade de vida da sociedade.","publisher":{"@id":"https:\/\/www.institutodeengenharia.org.br\/site\/#organization"},"potentialAction":[{"@type":"SearchAction","target":{"@type":"EntryPoint","urlTemplate":"https:\/\/www.institutodeengenharia.org.br\/site\/?s={search_term_string}"},"query-input":{"@type":"PropertyValueSpecification","valueRequired":true,"valueName":"search_term_string"}}],"inLanguage":"pt-BR"},{"@type":"Organization","@id":"https:\/\/www.institutodeengenharia.org.br\/site\/#organization","name":"Instituto de Engenharia","url":"https:\/\/www.institutodeengenharia.org.br\/site\/","logo":{"@type":"ImageObject","inLanguage":"pt-BR","@id":"https:\/\/www.institutodeengenharia.org.br\/site\/#\/schema\/logo\/image\/","url":"https:\/\/www.institutodeengenharia.org.br\/site\/wp-content\/uploads\/2019\/03\/logo-novo-IE2018-1.jpg","contentUrl":"https:\/\/www.institutodeengenharia.org.br\/site\/wp-content\/uploads\/2019\/03\/logo-novo-IE2018-1.jpg","width":1486,"height":1879,"caption":"Instituto de Engenharia"},"image":{"@id":"https:\/\/www.institutodeengenharia.org.br\/site\/#\/schema\/logo\/image\/"},"sameAs":["https:\/\/www.facebook.com\/institutodeengenharia","https:\/\/x.com\/iengenharia","https:\/\/www.instagram.com\/institutodeengenharia\/","https:\/\/www.linkedin.com\/company\/instituto-de-engenharia\/","https:\/\/www.youtube.com\/channel\/UCXiCAlsSMe977vamW915HxA"]},{"@type":"Person","@id":"https:\/\/www.institutodeengenharia.org.br\/site\/#\/schema\/person\/aeb64951c405e100d26d30b033dd423f","name":"Bianca","image":{"@type":"ImageObject","inLanguage":"pt-BR","@id":"https:\/\/secure.gravatar.com\/avatar\/a6fbe9bff57405baf4c1e2c5c1811e072b558253974a9f9508f4678900c97c2a?s=96&d=mm&r=g","url":"https:\/\/secure.gravatar.com\/avatar\/a6fbe9bff57405baf4c1e2c5c1811e072b558253974a9f9508f4678900c97c2a?s=96&d=mm&r=g","contentUrl":"https:\/\/secure.gravatar.com\/avatar\/a6fbe9bff57405baf4c1e2c5c1811e072b558253974a9f9508f4678900c97c2a?s=96&d=mm&r=g","caption":"Bianca"},"url":"https:\/\/www.institutodeengenharia.org.br\/site\/author\/comunicacao1\/"}]}},"_links":{"self":[{"href":"https:\/\/www.institutodeengenharia.org.br\/site\/wp-json\/wp\/v2\/posts\/39891","targetHints":{"allow":["GET"]}}],"collection":[{"href":"https:\/\/www.institutodeengenharia.org.br\/site\/wp-json\/wp\/v2\/posts"}],"about":[{"href":"https:\/\/www.institutodeengenharia.org.br\/site\/wp-json\/wp\/v2\/types\/post"}],"author":[{"embeddable":true,"href":"https:\/\/www.institutodeengenharia.org.br\/site\/wp-json\/wp\/v2\/users\/13"}],"replies":[{"embeddable":true,"href":"https:\/\/www.institutodeengenharia.org.br\/site\/wp-json\/wp\/v2\/comments?post=39891"}],"version-history":[{"count":1,"href":"https:\/\/www.institutodeengenharia.org.br\/site\/wp-json\/wp\/v2\/posts\/39891\/revisions"}],"predecessor-version":[{"id":39893,"href":"https:\/\/www.institutodeengenharia.org.br\/site\/wp-json\/wp\/v2\/posts\/39891\/revisions\/39893"}],"wp:featuredmedia":[{"embeddable":true,"href":"https:\/\/www.institutodeengenharia.org.br\/site\/wp-json\/wp\/v2\/media\/39892"}],"wp:attachment":[{"href":"https:\/\/www.institutodeengenharia.org.br\/site\/wp-json\/wp\/v2\/media?parent=39891"}],"wp:term":[{"taxonomy":"category","embeddable":true,"href":"https:\/\/www.institutodeengenharia.org.br\/site\/wp-json\/wp\/v2\/categories?post=39891"},{"taxonomy":"post_tag","embeddable":true,"href":"https:\/\/www.institutodeengenharia.org.br\/site\/wp-json\/wp\/v2\/tags?post=39891"}],"curies":[{"name":"wp","href":"https:\/\/api.w.org\/{rel}","templated":true}]}}