{"id":39790,"date":"2019-01-21T09:13:21","date_gmt":"2019-01-21T11:13:21","guid":{"rendered":"https:\/\/www.institutodeengenharia.org.br\/site\/?p=39790"},"modified":"2019-01-21T09:13:21","modified_gmt":"2019-01-21T11:13:21","slug":"por-que-vamos-reconquistar-o-espaco-nos-proximos-50-anos","status":"publish","type":"post","link":"https:\/\/www.institutodeengenharia.org.br\/site\/2019\/01\/21\/por-que-vamos-reconquistar-o-espaco-nos-proximos-50-anos\/","title":{"rendered":"Por que vamos (re)conquistar o espa\u00e7o nos pr\u00f3ximos 50 anos"},"content":{"rendered":"<p><span class=\"intro\">E<\/span>m julho de 1969, o homem caminhou pela primeira vez na superf\u00edcie lunar. Impressiona como a constata\u00e7\u00e3o soa assombrosa at\u00e9 hoje. Estamos nos aproximando do anivers\u00e1rio de 50 anos da jornada de oito dias que levou Neil Armstrong, Buzz Aldrin e Michael Collins da base da Nasa, no Cabo Canaveral, at\u00e9 a Base Tranquilidade, na Lua, e os trouxe de volta em seguran\u00e7a. H\u00e1 motivos para comemorar \u2014 e n\u00e3o s\u00e3o poucos.<\/p>\n<p>Dar nossos primeiros passos cambaleantes em um corpo celeste que n\u00e3o a Terra foi equivalente a sair do conforto do ber\u00e7o e aprender a andar. Uma realiza\u00e7\u00e3o e tanto para uma esp\u00e9cie que, h\u00e1 poucos mil\u00eanios, costumava divinizar aquela mesma Lua long\u00ednqua, cujo brilho trazia um alento \u00e0s noites escuras. \u00c9 importante celebrar tudo o que a miss\u00e3o Apollo 11 representa em nossa trajet\u00f3ria. Mas tamb\u00e9m h\u00e1 algo de inquietante no cinquenten\u00e1rio.<\/p>\n<p>Datas como essa convidam a colocar na balan\u00e7a as coisas que foram (e as que n\u00e3o foram) feitas de l\u00e1 para c\u00e1. Analisar o passado para entender o presente e, com base nas tend\u00eancias do hoje, tentar prever o amanh\u00e3. Foi o que nos propusemos a fazer aqui.<\/p>\n<p>Terminados os dias de gl\u00f3ria da Era Apollo, em meados dos anos 70, o programa espacial dos EUA mudou. Muitos diriam que esfriou \u2014 ou que perdeu o rumo. \u00c9 a opini\u00e3o de especialistas como o engenheiro aeroespacial Robert Zubrin, fundador e presidente da Mars Society, organiza\u00e7\u00e3o que desde 1998 promove a causa de miss\u00f5es tripuladas ao Planeta Vermelho. Durante meia hora de conversa com a GALILEU, Zubrin n\u00e3o poupa cr\u00edticas ao seu pa\u00eds. \u201cHouve uma deteriora\u00e7\u00e3o no gerenciamento do programa de voo espacial tripulado.\u201d Ele afirma que, se o ent\u00e3o presidente Richard Nixon (1969-1974) n\u00e3o tivesse descontinuado o Programa Apollo, os humanos j\u00e1 teriam chegado a Marte h\u00e1 tempos.<\/p>\n<p>Na \u00e9poca, a Nasa tinha um cronograma ambicioso. Tinha planos de estabelecer uma base lunar permanente at\u00e9 o fim da d\u00e9cada de 70, enviar uma miss\u00e3o tripulada a Marte em 1981 e implementar uma base por l\u00e1 em 1988. Mas ent\u00e3o o foco desviou-se do espa\u00e7o profundo para a \u00f3rbita terrestre baixa: os investimentos foram canalizados para constru\u00e7\u00e3o e lan\u00e7amento de esta\u00e7\u00f5es orbitais e para o desenvolvimento do \u00f4nibus espacial que, diz Zubrin, \u201cn\u00e3o era uma miss\u00e3o, mas uma coisa \u00e0 procura de uma miss\u00e3o\u201d. Desde ent\u00e3o, seguimos confinados \u00e0 Terra.<\/p>\n<p>O presidente da Mars Society afirma que existem duas vertentes dentro da Nasa: uma movida por prop\u00f3sito e outra subserviente ao modus operandi da velha ind\u00fastria espacial. Como exemplo da primeira mentalidade, cita os programas de explora\u00e7\u00e3o rob\u00f3tica do Sistema Solar, que seguem realizando descobertas cient\u00edficas eletrizantes. \u201cEsses programas n\u00e3o fazem as coisas para gastar dinheiro, eles gastam dinheiro para fazer as coisas\u201d, destaca.<\/p>\n<p>No ano passado, a Nasa conseguiu um or\u00e7amento de US$ 20,7 bilh\u00f5es \u2014 o maior dos \u00faltimos anos. Grana n\u00e3o falta. Zubrin explica por que contratar as grandes corpora\u00e7\u00f5es para construir foguetes e fazer lan\u00e7amentos sempre foi t\u00e3o caro. Com o fim da Apollo, os pol\u00edticos dos EUA acharam que as empresas do setor estavam lucrando demais. Optaram por regul\u00e1-las para que n\u00e3o lucrassem mais que, digamos, 10% dos custos de cada projeto. \u201cE adivinhe s\u00f3? Regulando a companhia para que cobre at\u00e9 10% dos custos, ela vai buscar maximizar seus custos.\u201d Analistas como Zubrin consideram essa modalidade de contrato a respons\u00e1vel por uma longa estagna\u00e7\u00e3o na ind\u00fastria espacial, em que as grandes empresas ditavam as regras do jogo.<\/p>\n<p>Mas tudo isso come\u00e7ou a mudar radicalmente no in\u00edcio do novo mil\u00eanio, quando um punhado de startups aeroespaciais iniciou suas atividades trazendo a mentalidade disruptiva do Vale do Sil\u00edcio. O NewSpace, como \u00e9 chamada a nova onda, deve decolar de fato na pr\u00f3xima d\u00e9cada \u2014 e promete ganhar contornos inimagin\u00e1veis conforme avan\u00e7amos no s\u00e9culo 21. Essa classe de empres\u00e1rios e investidores recebeu um nome: astropreneur (algo como astropreendedores).<\/p>\n<p><em>Fonte Revista Galileu<\/em><\/p>\n","protected":false},"excerpt":{"rendered":"<p>Em julho de 1969, o homem caminhou pela primeira vez na superf\u00edcie lunar. Impressiona como a constata\u00e7\u00e3o soa assombrosa at\u00e9 hoje. Estamos nos aproximando do anivers\u00e1rio de 50 anos da jornada de oito dias que levou Neil Armstrong, Buzz Aldrin e Michael Collins da base da Nasa, no Cabo Canaveral, at\u00e9 a Base Tranquilidade, na [&hellip;]<\/p>\n","protected":false},"author":13,"featured_media":39791,"comment_status":"open","ping_status":"open","sticky":false,"template":"","format":"standard","meta":{"footnotes":""},"categories":[35,972],"tags":[201],"class_list":{"0":"post-39790","1":"post","2":"type-post","3":"status-publish","4":"format-standard","5":"has-post-thumbnail","7":"category-pesquisa-e-desenvolvimento","8":"category-tecnologia-futuro","9":"tag-destaque-topo"},"yoast_head":"<!-- This site is optimized with the Yoast SEO plugin v27.2 - https:\/\/yoast.com\/product\/yoast-seo-wordpress\/ -->\n<title>Por que vamos (re)conquistar o espa\u00e7o nos pr\u00f3ximos 50 anos - Instituto de Engenharia<\/title>\n<meta name=\"robots\" content=\"index, follow, max-snippet:-1, max-image-preview:large, max-video-preview:-1\" \/>\n<link rel=\"canonical\" href=\"https:\/\/www.institutodeengenharia.org.br\/site\/2019\/01\/21\/por-que-vamos-reconquistar-o-espaco-nos-proximos-50-anos\/\" \/>\n<meta property=\"og:locale\" content=\"pt_BR\" \/>\n<meta property=\"og:type\" content=\"article\" \/>\n<meta property=\"og:title\" content=\"Por que vamos (re)conquistar o espa\u00e7o nos pr\u00f3ximos 50 anos - Instituto de Engenharia\" \/>\n<meta property=\"og:description\" content=\"Em julho de 1969, o homem caminhou pela primeira vez na superf\u00edcie lunar. Impressiona como a constata\u00e7\u00e3o soa assombrosa at\u00e9 hoje. Estamos nos aproximando do anivers\u00e1rio de 50 anos da jornada de oito dias que levou Neil Armstrong, Buzz Aldrin e Michael Collins da base da Nasa, no Cabo Canaveral, at\u00e9 a Base Tranquilidade, na [&hellip;]\" \/>\n<meta property=\"og:url\" content=\"https:\/\/www.institutodeengenharia.org.br\/site\/2019\/01\/21\/por-que-vamos-reconquistar-o-espaco-nos-proximos-50-anos\/\" \/>\n<meta property=\"og:site_name\" content=\"Instituto de Engenharia\" \/>\n<meta property=\"article:publisher\" content=\"https:\/\/www.facebook.com\/institutodeengenharia\" \/>\n<meta property=\"article:published_time\" content=\"2019-01-21T11:13:21+00:00\" \/>\n<meta property=\"og:image\" content=\"https:\/\/www.institutodeengenharia.org.br\/site\/wp-content\/uploads\/2019\/01\/024_034_ga330_mat_capa11.jpg\" \/>\n\t<meta property=\"og:image:width\" content=\"900\" \/>\n\t<meta property=\"og:image:height\" content=\"1200\" \/>\n\t<meta property=\"og:image:type\" content=\"image\/jpeg\" \/>\n<meta name=\"author\" content=\"Bianca\" \/>\n<meta name=\"twitter:card\" content=\"summary_large_image\" \/>\n<meta name=\"twitter:creator\" content=\"@iengenharia\" \/>\n<meta name=\"twitter:site\" content=\"@iengenharia\" \/>\n<meta name=\"twitter:label1\" content=\"Escrito por\" \/>\n\t<meta name=\"twitter:data1\" content=\"Bianca\" \/>\n\t<meta name=\"twitter:label2\" content=\"Est. tempo de leitura\" \/>\n\t<meta name=\"twitter:data2\" content=\"3 minutos\" \/>\n<script type=\"application\/ld+json\" class=\"yoast-schema-graph\">{\"@context\":\"https:\/\/schema.org\",\"@graph\":[{\"@type\":\"Article\",\"@id\":\"https:\/\/www.institutodeengenharia.org.br\/site\/2019\/01\/21\/por-que-vamos-reconquistar-o-espaco-nos-proximos-50-anos\/#article\",\"isPartOf\":{\"@id\":\"https:\/\/www.institutodeengenharia.org.br\/site\/2019\/01\/21\/por-que-vamos-reconquistar-o-espaco-nos-proximos-50-anos\/\"},\"author\":{\"name\":\"Bianca\",\"@id\":\"https:\/\/www.institutodeengenharia.org.br\/site\/#\/schema\/person\/aeb64951c405e100d26d30b033dd423f\"},\"headline\":\"Por que vamos (re)conquistar o espa\u00e7o nos pr\u00f3ximos 50 anos\",\"datePublished\":\"2019-01-21T11:13:21+00:00\",\"mainEntityOfPage\":{\"@id\":\"https:\/\/www.institutodeengenharia.org.br\/site\/2019\/01\/21\/por-que-vamos-reconquistar-o-espaco-nos-proximos-50-anos\/\"},\"wordCount\":706,\"commentCount\":0,\"publisher\":{\"@id\":\"https:\/\/www.institutodeengenharia.org.br\/site\/#organization\"},\"image\":{\"@id\":\"https:\/\/www.institutodeengenharia.org.br\/site\/2019\/01\/21\/por-que-vamos-reconquistar-o-espaco-nos-proximos-50-anos\/#primaryimage\"},\"thumbnailUrl\":\"https:\/\/www.institutodeengenharia.org.br\/site\/wp-content\/uploads\/2019\/01\/024_034_ga330_mat_capa11.jpg\",\"keywords\":[\"Destaque Topo\"],\"articleSection\":[\"Pesquisa e Desenvolvimento\",\"Tecnologia\"],\"inLanguage\":\"pt-BR\",\"potentialAction\":[{\"@type\":\"CommentAction\",\"name\":\"Comment\",\"target\":[\"https:\/\/www.institutodeengenharia.org.br\/site\/2019\/01\/21\/por-que-vamos-reconquistar-o-espaco-nos-proximos-50-anos\/#respond\"]}]},{\"@type\":\"WebPage\",\"@id\":\"https:\/\/www.institutodeengenharia.org.br\/site\/2019\/01\/21\/por-que-vamos-reconquistar-o-espaco-nos-proximos-50-anos\/\",\"url\":\"https:\/\/www.institutodeengenharia.org.br\/site\/2019\/01\/21\/por-que-vamos-reconquistar-o-espaco-nos-proximos-50-anos\/\",\"name\":\"Por que vamos (re)conquistar o espa\u00e7o nos pr\u00f3ximos 50 anos - Instituto de Engenharia\",\"isPartOf\":{\"@id\":\"https:\/\/www.institutodeengenharia.org.br\/site\/#website\"},\"primaryImageOfPage\":{\"@id\":\"https:\/\/www.institutodeengenharia.org.br\/site\/2019\/01\/21\/por-que-vamos-reconquistar-o-espaco-nos-proximos-50-anos\/#primaryimage\"},\"image\":{\"@id\":\"https:\/\/www.institutodeengenharia.org.br\/site\/2019\/01\/21\/por-que-vamos-reconquistar-o-espaco-nos-proximos-50-anos\/#primaryimage\"},\"thumbnailUrl\":\"https:\/\/www.institutodeengenharia.org.br\/site\/wp-content\/uploads\/2019\/01\/024_034_ga330_mat_capa11.jpg\",\"datePublished\":\"2019-01-21T11:13:21+00:00\",\"breadcrumb\":{\"@id\":\"https:\/\/www.institutodeengenharia.org.br\/site\/2019\/01\/21\/por-que-vamos-reconquistar-o-espaco-nos-proximos-50-anos\/#breadcrumb\"},\"inLanguage\":\"pt-BR\",\"potentialAction\":[{\"@type\":\"ReadAction\",\"target\":[\"https:\/\/www.institutodeengenharia.org.br\/site\/2019\/01\/21\/por-que-vamos-reconquistar-o-espaco-nos-proximos-50-anos\/\"]}]},{\"@type\":\"ImageObject\",\"inLanguage\":\"pt-BR\",\"@id\":\"https:\/\/www.institutodeengenharia.org.br\/site\/2019\/01\/21\/por-que-vamos-reconquistar-o-espaco-nos-proximos-50-anos\/#primaryimage\",\"url\":\"https:\/\/www.institutodeengenharia.org.br\/site\/wp-content\/uploads\/2019\/01\/024_034_ga330_mat_capa11.jpg\",\"contentUrl\":\"https:\/\/www.institutodeengenharia.org.br\/site\/wp-content\/uploads\/2019\/01\/024_034_ga330_mat_capa11.jpg\",\"width\":900,\"height\":1200,\"caption\":\"CHEGADA DO HOMEM \u00c0 LUA COMPLETOU 50 ANOS (FOTO: MARCUS PENNA)\"},{\"@type\":\"BreadcrumbList\",\"@id\":\"https:\/\/www.institutodeengenharia.org.br\/site\/2019\/01\/21\/por-que-vamos-reconquistar-o-espaco-nos-proximos-50-anos\/#breadcrumb\",\"itemListElement\":[{\"@type\":\"ListItem\",\"position\":1,\"name\":\"In\u00edcio\",\"item\":\"https:\/\/www.institutodeengenharia.org.br\/site\/\"},{\"@type\":\"ListItem\",\"position\":2,\"name\":\"Por que vamos (re)conquistar o espa\u00e7o nos pr\u00f3ximos 50 anos\"}]},{\"@type\":\"WebSite\",\"@id\":\"https:\/\/www.institutodeengenharia.org.br\/site\/#website\",\"url\":\"https:\/\/www.institutodeengenharia.org.br\/site\/\",\"name\":\"Instituto de Engenharia\",\"description\":\"O Instituto de Engenharia promove a Engenharia em benef\u00edcio do desenvolvimento e da qualidade de vida da sociedade.\",\"publisher\":{\"@id\":\"https:\/\/www.institutodeengenharia.org.br\/site\/#organization\"},\"potentialAction\":[{\"@type\":\"SearchAction\",\"target\":{\"@type\":\"EntryPoint\",\"urlTemplate\":\"https:\/\/www.institutodeengenharia.org.br\/site\/?s={search_term_string}\"},\"query-input\":{\"@type\":\"PropertyValueSpecification\",\"valueRequired\":true,\"valueName\":\"search_term_string\"}}],\"inLanguage\":\"pt-BR\"},{\"@type\":\"Organization\",\"@id\":\"https:\/\/www.institutodeengenharia.org.br\/site\/#organization\",\"name\":\"Instituto de Engenharia\",\"url\":\"https:\/\/www.institutodeengenharia.org.br\/site\/\",\"logo\":{\"@type\":\"ImageObject\",\"inLanguage\":\"pt-BR\",\"@id\":\"https:\/\/www.institutodeengenharia.org.br\/site\/#\/schema\/logo\/image\/\",\"url\":\"https:\/\/www.institutodeengenharia.org.br\/site\/wp-content\/uploads\/2019\/03\/logo-novo-IE2018-1.jpg\",\"contentUrl\":\"https:\/\/www.institutodeengenharia.org.br\/site\/wp-content\/uploads\/2019\/03\/logo-novo-IE2018-1.jpg\",\"width\":1486,\"height\":1879,\"caption\":\"Instituto de Engenharia\"},\"image\":{\"@id\":\"https:\/\/www.institutodeengenharia.org.br\/site\/#\/schema\/logo\/image\/\"},\"sameAs\":[\"https:\/\/www.facebook.com\/institutodeengenharia\",\"https:\/\/x.com\/iengenharia\",\"https:\/\/www.instagram.com\/institutodeengenharia\/\",\"https:\/\/www.linkedin.com\/company\/instituto-de-engenharia\/\",\"https:\/\/www.youtube.com\/channel\/UCXiCAlsSMe977vamW915HxA\"]},{\"@type\":\"Person\",\"@id\":\"https:\/\/www.institutodeengenharia.org.br\/site\/#\/schema\/person\/aeb64951c405e100d26d30b033dd423f\",\"name\":\"Bianca\",\"image\":{\"@type\":\"ImageObject\",\"inLanguage\":\"pt-BR\",\"@id\":\"https:\/\/secure.gravatar.com\/avatar\/a6fbe9bff57405baf4c1e2c5c1811e072b558253974a9f9508f4678900c97c2a?s=96&d=mm&r=g\",\"url\":\"https:\/\/secure.gravatar.com\/avatar\/a6fbe9bff57405baf4c1e2c5c1811e072b558253974a9f9508f4678900c97c2a?s=96&d=mm&r=g\",\"contentUrl\":\"https:\/\/secure.gravatar.com\/avatar\/a6fbe9bff57405baf4c1e2c5c1811e072b558253974a9f9508f4678900c97c2a?s=96&d=mm&r=g\",\"caption\":\"Bianca\"},\"url\":\"https:\/\/www.institutodeengenharia.org.br\/site\/author\/comunicacao1\/\"}]}<\/script>\n<!-- \/ Yoast SEO plugin. -->","yoast_head_json":{"title":"Por que vamos (re)conquistar o espa\u00e7o nos pr\u00f3ximos 50 anos - Instituto de Engenharia","robots":{"index":"index","follow":"follow","max-snippet":"max-snippet:-1","max-image-preview":"max-image-preview:large","max-video-preview":"max-video-preview:-1"},"canonical":"https:\/\/www.institutodeengenharia.org.br\/site\/2019\/01\/21\/por-que-vamos-reconquistar-o-espaco-nos-proximos-50-anos\/","og_locale":"pt_BR","og_type":"article","og_title":"Por que vamos (re)conquistar o espa\u00e7o nos pr\u00f3ximos 50 anos - Instituto de Engenharia","og_description":"Em julho de 1969, o homem caminhou pela primeira vez na superf\u00edcie lunar. Impressiona como a constata\u00e7\u00e3o soa assombrosa at\u00e9 hoje. Estamos nos aproximando do anivers\u00e1rio de 50 anos da jornada de oito dias que levou Neil Armstrong, Buzz Aldrin e Michael Collins da base da Nasa, no Cabo Canaveral, at\u00e9 a Base Tranquilidade, na [&hellip;]","og_url":"https:\/\/www.institutodeengenharia.org.br\/site\/2019\/01\/21\/por-que-vamos-reconquistar-o-espaco-nos-proximos-50-anos\/","og_site_name":"Instituto de Engenharia","article_publisher":"https:\/\/www.facebook.com\/institutodeengenharia","article_published_time":"2019-01-21T11:13:21+00:00","og_image":[{"width":900,"height":1200,"url":"https:\/\/www.institutodeengenharia.org.br\/site\/wp-content\/uploads\/2019\/01\/024_034_ga330_mat_capa11.jpg","type":"image\/jpeg"}],"author":"Bianca","twitter_card":"summary_large_image","twitter_creator":"@iengenharia","twitter_site":"@iengenharia","twitter_misc":{"Escrito por":"Bianca","Est. tempo de leitura":"3 minutos"},"schema":{"@context":"https:\/\/schema.org","@graph":[{"@type":"Article","@id":"https:\/\/www.institutodeengenharia.org.br\/site\/2019\/01\/21\/por-que-vamos-reconquistar-o-espaco-nos-proximos-50-anos\/#article","isPartOf":{"@id":"https:\/\/www.institutodeengenharia.org.br\/site\/2019\/01\/21\/por-que-vamos-reconquistar-o-espaco-nos-proximos-50-anos\/"},"author":{"name":"Bianca","@id":"https:\/\/www.institutodeengenharia.org.br\/site\/#\/schema\/person\/aeb64951c405e100d26d30b033dd423f"},"headline":"Por que vamos (re)conquistar o espa\u00e7o nos pr\u00f3ximos 50 anos","datePublished":"2019-01-21T11:13:21+00:00","mainEntityOfPage":{"@id":"https:\/\/www.institutodeengenharia.org.br\/site\/2019\/01\/21\/por-que-vamos-reconquistar-o-espaco-nos-proximos-50-anos\/"},"wordCount":706,"commentCount":0,"publisher":{"@id":"https:\/\/www.institutodeengenharia.org.br\/site\/#organization"},"image":{"@id":"https:\/\/www.institutodeengenharia.org.br\/site\/2019\/01\/21\/por-que-vamos-reconquistar-o-espaco-nos-proximos-50-anos\/#primaryimage"},"thumbnailUrl":"https:\/\/www.institutodeengenharia.org.br\/site\/wp-content\/uploads\/2019\/01\/024_034_ga330_mat_capa11.jpg","keywords":["Destaque Topo"],"articleSection":["Pesquisa e Desenvolvimento","Tecnologia"],"inLanguage":"pt-BR","potentialAction":[{"@type":"CommentAction","name":"Comment","target":["https:\/\/www.institutodeengenharia.org.br\/site\/2019\/01\/21\/por-que-vamos-reconquistar-o-espaco-nos-proximos-50-anos\/#respond"]}]},{"@type":"WebPage","@id":"https:\/\/www.institutodeengenharia.org.br\/site\/2019\/01\/21\/por-que-vamos-reconquistar-o-espaco-nos-proximos-50-anos\/","url":"https:\/\/www.institutodeengenharia.org.br\/site\/2019\/01\/21\/por-que-vamos-reconquistar-o-espaco-nos-proximos-50-anos\/","name":"Por que vamos (re)conquistar o espa\u00e7o nos pr\u00f3ximos 50 anos - Instituto de Engenharia","isPartOf":{"@id":"https:\/\/www.institutodeengenharia.org.br\/site\/#website"},"primaryImageOfPage":{"@id":"https:\/\/www.institutodeengenharia.org.br\/site\/2019\/01\/21\/por-que-vamos-reconquistar-o-espaco-nos-proximos-50-anos\/#primaryimage"},"image":{"@id":"https:\/\/www.institutodeengenharia.org.br\/site\/2019\/01\/21\/por-que-vamos-reconquistar-o-espaco-nos-proximos-50-anos\/#primaryimage"},"thumbnailUrl":"https:\/\/www.institutodeengenharia.org.br\/site\/wp-content\/uploads\/2019\/01\/024_034_ga330_mat_capa11.jpg","datePublished":"2019-01-21T11:13:21+00:00","breadcrumb":{"@id":"https:\/\/www.institutodeengenharia.org.br\/site\/2019\/01\/21\/por-que-vamos-reconquistar-o-espaco-nos-proximos-50-anos\/#breadcrumb"},"inLanguage":"pt-BR","potentialAction":[{"@type":"ReadAction","target":["https:\/\/www.institutodeengenharia.org.br\/site\/2019\/01\/21\/por-que-vamos-reconquistar-o-espaco-nos-proximos-50-anos\/"]}]},{"@type":"ImageObject","inLanguage":"pt-BR","@id":"https:\/\/www.institutodeengenharia.org.br\/site\/2019\/01\/21\/por-que-vamos-reconquistar-o-espaco-nos-proximos-50-anos\/#primaryimage","url":"https:\/\/www.institutodeengenharia.org.br\/site\/wp-content\/uploads\/2019\/01\/024_034_ga330_mat_capa11.jpg","contentUrl":"https:\/\/www.institutodeengenharia.org.br\/site\/wp-content\/uploads\/2019\/01\/024_034_ga330_mat_capa11.jpg","width":900,"height":1200,"caption":"CHEGADA DO HOMEM \u00c0 LUA COMPLETOU 50 ANOS (FOTO: MARCUS PENNA)"},{"@type":"BreadcrumbList","@id":"https:\/\/www.institutodeengenharia.org.br\/site\/2019\/01\/21\/por-que-vamos-reconquistar-o-espaco-nos-proximos-50-anos\/#breadcrumb","itemListElement":[{"@type":"ListItem","position":1,"name":"In\u00edcio","item":"https:\/\/www.institutodeengenharia.org.br\/site\/"},{"@type":"ListItem","position":2,"name":"Por que vamos (re)conquistar o espa\u00e7o nos pr\u00f3ximos 50 anos"}]},{"@type":"WebSite","@id":"https:\/\/www.institutodeengenharia.org.br\/site\/#website","url":"https:\/\/www.institutodeengenharia.org.br\/site\/","name":"Instituto de Engenharia","description":"O Instituto de Engenharia promove a Engenharia em benef\u00edcio do desenvolvimento e da qualidade de vida da sociedade.","publisher":{"@id":"https:\/\/www.institutodeengenharia.org.br\/site\/#organization"},"potentialAction":[{"@type":"SearchAction","target":{"@type":"EntryPoint","urlTemplate":"https:\/\/www.institutodeengenharia.org.br\/site\/?s={search_term_string}"},"query-input":{"@type":"PropertyValueSpecification","valueRequired":true,"valueName":"search_term_string"}}],"inLanguage":"pt-BR"},{"@type":"Organization","@id":"https:\/\/www.institutodeengenharia.org.br\/site\/#organization","name":"Instituto de Engenharia","url":"https:\/\/www.institutodeengenharia.org.br\/site\/","logo":{"@type":"ImageObject","inLanguage":"pt-BR","@id":"https:\/\/www.institutodeengenharia.org.br\/site\/#\/schema\/logo\/image\/","url":"https:\/\/www.institutodeengenharia.org.br\/site\/wp-content\/uploads\/2019\/03\/logo-novo-IE2018-1.jpg","contentUrl":"https:\/\/www.institutodeengenharia.org.br\/site\/wp-content\/uploads\/2019\/03\/logo-novo-IE2018-1.jpg","width":1486,"height":1879,"caption":"Instituto de Engenharia"},"image":{"@id":"https:\/\/www.institutodeengenharia.org.br\/site\/#\/schema\/logo\/image\/"},"sameAs":["https:\/\/www.facebook.com\/institutodeengenharia","https:\/\/x.com\/iengenharia","https:\/\/www.instagram.com\/institutodeengenharia\/","https:\/\/www.linkedin.com\/company\/instituto-de-engenharia\/","https:\/\/www.youtube.com\/channel\/UCXiCAlsSMe977vamW915HxA"]},{"@type":"Person","@id":"https:\/\/www.institutodeengenharia.org.br\/site\/#\/schema\/person\/aeb64951c405e100d26d30b033dd423f","name":"Bianca","image":{"@type":"ImageObject","inLanguage":"pt-BR","@id":"https:\/\/secure.gravatar.com\/avatar\/a6fbe9bff57405baf4c1e2c5c1811e072b558253974a9f9508f4678900c97c2a?s=96&d=mm&r=g","url":"https:\/\/secure.gravatar.com\/avatar\/a6fbe9bff57405baf4c1e2c5c1811e072b558253974a9f9508f4678900c97c2a?s=96&d=mm&r=g","contentUrl":"https:\/\/secure.gravatar.com\/avatar\/a6fbe9bff57405baf4c1e2c5c1811e072b558253974a9f9508f4678900c97c2a?s=96&d=mm&r=g","caption":"Bianca"},"url":"https:\/\/www.institutodeengenharia.org.br\/site\/author\/comunicacao1\/"}]}},"_links":{"self":[{"href":"https:\/\/www.institutodeengenharia.org.br\/site\/wp-json\/wp\/v2\/posts\/39790","targetHints":{"allow":["GET"]}}],"collection":[{"href":"https:\/\/www.institutodeengenharia.org.br\/site\/wp-json\/wp\/v2\/posts"}],"about":[{"href":"https:\/\/www.institutodeengenharia.org.br\/site\/wp-json\/wp\/v2\/types\/post"}],"author":[{"embeddable":true,"href":"https:\/\/www.institutodeengenharia.org.br\/site\/wp-json\/wp\/v2\/users\/13"}],"replies":[{"embeddable":true,"href":"https:\/\/www.institutodeengenharia.org.br\/site\/wp-json\/wp\/v2\/comments?post=39790"}],"version-history":[{"count":1,"href":"https:\/\/www.institutodeengenharia.org.br\/site\/wp-json\/wp\/v2\/posts\/39790\/revisions"}],"predecessor-version":[{"id":39792,"href":"https:\/\/www.institutodeengenharia.org.br\/site\/wp-json\/wp\/v2\/posts\/39790\/revisions\/39792"}],"wp:featuredmedia":[{"embeddable":true,"href":"https:\/\/www.institutodeengenharia.org.br\/site\/wp-json\/wp\/v2\/media\/39791"}],"wp:attachment":[{"href":"https:\/\/www.institutodeengenharia.org.br\/site\/wp-json\/wp\/v2\/media?parent=39790"}],"wp:term":[{"taxonomy":"category","embeddable":true,"href":"https:\/\/www.institutodeengenharia.org.br\/site\/wp-json\/wp\/v2\/categories?post=39790"},{"taxonomy":"post_tag","embeddable":true,"href":"https:\/\/www.institutodeengenharia.org.br\/site\/wp-json\/wp\/v2\/tags?post=39790"}],"curies":[{"name":"wp","href":"https:\/\/api.w.org\/{rel}","templated":true}]}}