{"id":39708,"date":"2019-01-14T09:34:44","date_gmt":"2019-01-14T11:34:44","guid":{"rendered":"https:\/\/www.institutodeengenharia.org.br\/site\/?p=39708"},"modified":"2019-01-14T09:34:44","modified_gmt":"2019-01-14T11:34:44","slug":"ciencia-por-elas-busca-atrair-jovens-para-a-carreira-cientifica","status":"publish","type":"post","link":"https:\/\/www.institutodeengenharia.org.br\/site\/2019\/01\/14\/ciencia-por-elas-busca-atrair-jovens-para-a-carreira-cientifica\/","title":{"rendered":"Ci\u00eancia por Elas busca atrair jovens para a carreira cient\u00edfica"},"content":{"rendered":"<p>Elas ainda est\u00e3o distantes do cotidiano vivido por pesquisadores e universit\u00e1rios, mas j\u00e1 puderam ter uma ideia das contribui\u00e7\u00f5es importantes que a ci\u00eancia traz para nossas vidas. Entre os dias 10 e 14 de dezembro, cerca de 60 meninas entre 11 e 14 anos participaram das atividades do Ci\u00eancia por Elas.<\/p>\n<p>A iniciativa \u00e9 organizada pelo Instituto de Estudos Avan\u00e7ados Polo Ribeir\u00e3o Preto (IEA-RP) da USP, pelo Centro de Terapia Celular (CTC) da USP e pelo Laborat\u00f3rio EcoHumanTox, da Faculdade de Ci\u00eancias Farmac\u00eauticas de Ribeir\u00e3o Preto (FCFRP) da USP.<\/p>\n<p>Inspirado no projeto Meninas com Ci\u00eancia, realizado pelo Museu Nacional, o evento colocou as adolescentes frente a frente com pesquisadoras e professoras da USP. O objetivo foi mostrar que as mulheres podem ocupar lugares de destaque na comunidade cient\u00edfica e s\u00e3o respons\u00e1veis por muitas descobertas, contrariando a tradicional associa\u00e7\u00e3o do cientista \u00e0 figura masculina.<\/p>\n<p>O retorno foi positivo e as meninas que participaram compreenderam bem essa ideia. \u201cQuando a gente veio para c\u00e1, viemos com uma vis\u00e3o de cientista e, agora, sa\u00edmos com outra. N\u00e3o sabia que as mulheres tinham inventado tanta coisa assim, foi bem legal\u201d, conta a estudante do 7\u00ba ano, Maria J\u00falia Barbosa Silva.<\/p>\n<p>\u201cN\u00e3o imaginava que o preconceito com as mulheres em rela\u00e7\u00e3o \u00e0 ci\u00eancia fosse gigante. Vou ver a ci\u00eancia de outra forma, porque \u00e9 tanta coisa que a gente n\u00e3o sabe e agora ficou sabendo, \u00e9 outro mundo\u201d, diz Helena Cardinali Bombonatti, que tamb\u00e9m cursa o 7\u00ba ano.<\/p>\n<p>Ao todo, o evento promoveu oito atividades ao longo da semana, sempre envolvendo uma palestra e um tipo de pr\u00e1tica. As estudantes tiveram, por exemplo, no\u00e7\u00f5es de toxicologia e aprenderam o processo de identifica\u00e7\u00e3o de alguns tipos de subst\u00e2ncias.<\/p>\n<p>Elas ainda descobriram curiosidades sobre insetos, entenderam que nem sempre a representa\u00e7\u00e3o de cientistas no cinema corresponde \u00e0 realidade, participaram de uma pr\u00e1tica para mostrar as bact\u00e9rias presentes nas m\u00e3os, simularam as dificuldades f\u00edsicas de idosos, conheceram o funcionamento de equipamentos usados em diagn\u00f3sticos m\u00e9dicos e realizaram extra\u00e7\u00e3o de DNA da saliva.<\/p>\n<figure id=\"attachment_219063\" class=\"wp-caption aligncenter\" style=\"width: 677px;\"><img loading=\"lazy\" decoding=\"async\" class=\"wp-image-219063 \" src=\"https:\/\/jornal.usp.br\/wp-content\/uploads\/2018\/12\/20180111ciencia-por-elas-2.jpg\" sizes=\"auto, (max-width: 600px) 100vw, 600px\" srcset=\"https:\/\/jornal.usp.br\/wp-content\/uploads\/2018\/12\/20180111ciencia-por-elas-2.jpg 600w, https:\/\/jornal.usp.br\/wp-content\/uploads\/2018\/12\/20180111ciencia-por-elas-2-300x158.jpg 300w, https:\/\/jornal.usp.br\/wp-content\/uploads\/2018\/12\/20180111ciencia-por-elas-2-364x191.jpg 364w\" alt=\"\" width=\"677\" height=\"355\" data-id=\"219063\" \/><figcaption class=\"wp-caption-text\">Jovens simulam a dificuldade f\u00edsica de idosos durante atividade do Ci\u00eancia por Elas \u2013 Foto: Divulga\u00e7\u00e3o<\/figcaption><\/figure>\n<p>Para os pais, a iniciativa tamb\u00e9m \u00e9 uma forma de as adolescentes come\u00e7arem a ter contato com o universo acad\u00eamico. \u201cAchei interessante o projeto, principalmente porque minha filha vem de escola p\u00fablica. Seria uma forma de ela conhecer a USP, conhecer os professores, ver como a Universidade funciona\u201d, diz Cristiane Costa do Sim, m\u00e3e de uma das estudantes que participaram do evento.<\/p>\n<p>Ela conta que se assustou com o fato da filha, Sabrina do Sim de Rossi, de 13 anos, desconhecer a exist\u00eancia da Universidade. \u201cQuando eu fui fazer a inscri\u00e7\u00e3o dela, ela me perguntou: \u2018M\u00e3e, o que \u00e9 USP?\u2019. A\u00ed eu j\u00e1 fiquei meio preocupada. Nessa semana em que ela veio para as atividades, mostrei como \u00e9 o campus, onde fica a Faculdade de Farm\u00e1cia, a de Medicina, porque ela quer fazer Medicina. Agora ela vai ter outros olhos\u201d.<\/p>\n<p>Sabrina diz que o contato com as pesquisadoras e professoras da USP n\u00e3o apenas levou \u00e0 descoberta de novos assuntos, como tamb\u00e9m mudou sua percep\u00e7\u00e3o sobre a ci\u00eancia. \u201cNunca tinha ouvido falar de toxicologia, n\u00e3o imaginava que dava para fazer tanta coisa com ela. Acho que vou enxergar ci\u00eancias de outra forma, como uma coisa mais interessante. Mesmo sendo minha mat\u00e9ria preferida, nunca tinha dado muita aten\u00e7\u00e3o.\u201d<\/p>\n<p><em>Fonte Jornal da USP<\/em><\/p>\n","protected":false},"excerpt":{"rendered":"<p>Elas ainda est\u00e3o distantes do cotidiano vivido por pesquisadores e universit\u00e1rios, mas j\u00e1 puderam ter uma ideia das contribui\u00e7\u00f5es importantes que a ci\u00eancia traz para nossas vidas. Entre os dias 10 e 14 de dezembro, cerca de 60 meninas entre 11 e 14 anos participaram das atividades do Ci\u00eancia por Elas. A iniciativa \u00e9 organizada [&hellip;]<\/p>\n","protected":false},"author":13,"featured_media":39709,"comment_status":"open","ping_status":"open","sticky":false,"template":"","format":"standard","meta":{"footnotes":""},"categories":[936,6],"tags":[202],"class_list":{"0":"post-39708","1":"post","2":"type-post","3":"status-publish","4":"format-standard","5":"has-post-thumbnail","7":"category-mulher","8":"category-noticias","9":"tag-destaque"},"yoast_head":"<!-- This site is optimized with the Yoast SEO plugin v27.2 - https:\/\/yoast.com\/product\/yoast-seo-wordpress\/ -->\n<title>Ci\u00eancia por Elas busca atrair jovens para a carreira cient\u00edfica - Instituto de Engenharia<\/title>\n<meta name=\"robots\" content=\"index, follow, max-snippet:-1, max-image-preview:large, max-video-preview:-1\" \/>\n<link rel=\"canonical\" href=\"https:\/\/www.institutodeengenharia.org.br\/site\/2019\/01\/14\/ciencia-por-elas-busca-atrair-jovens-para-a-carreira-cientifica\/\" \/>\n<meta property=\"og:locale\" content=\"pt_BR\" \/>\n<meta property=\"og:type\" content=\"article\" \/>\n<meta property=\"og:title\" content=\"Ci\u00eancia por Elas busca atrair jovens para a carreira cient\u00edfica - Instituto de Engenharia\" \/>\n<meta property=\"og:description\" content=\"Elas ainda est\u00e3o distantes do cotidiano vivido por pesquisadores e universit\u00e1rios, mas j\u00e1 puderam ter uma ideia das contribui\u00e7\u00f5es importantes que a ci\u00eancia traz para nossas vidas. Entre os dias 10 e 14 de dezembro, cerca de 60 meninas entre 11 e 14 anos participaram das atividades do Ci\u00eancia por Elas. A iniciativa \u00e9 organizada [&hellip;]\" \/>\n<meta property=\"og:url\" content=\"https:\/\/www.institutodeengenharia.org.br\/site\/2019\/01\/14\/ciencia-por-elas-busca-atrair-jovens-para-a-carreira-cientifica\/\" \/>\n<meta property=\"og:site_name\" content=\"Instituto de Engenharia\" \/>\n<meta property=\"article:publisher\" content=\"https:\/\/www.facebook.com\/institutodeengenharia\" \/>\n<meta property=\"article:published_time\" content=\"2019-01-14T11:34:44+00:00\" \/>\n<meta property=\"og:image\" content=\"https:\/\/www.institutodeengenharia.org.br\/site\/wp-content\/uploads\/2019\/01\/20190111_00_ciencia_por_elas1.jpg\" \/>\n\t<meta property=\"og:image:width\" content=\"800\" \/>\n\t<meta property=\"og:image:height\" content=\"420\" \/>\n\t<meta property=\"og:image:type\" content=\"image\/jpeg\" \/>\n<meta name=\"author\" content=\"Bianca\" \/>\n<meta name=\"twitter:card\" content=\"summary_large_image\" \/>\n<meta name=\"twitter:creator\" content=\"@iengenharia\" \/>\n<meta name=\"twitter:site\" content=\"@iengenharia\" \/>\n<meta name=\"twitter:label1\" content=\"Escrito por\" \/>\n\t<meta name=\"twitter:data1\" content=\"Bianca\" \/>\n\t<meta name=\"twitter:label2\" content=\"Est. tempo de leitura\" \/>\n\t<meta name=\"twitter:data2\" content=\"3 minutos\" \/>\n<script type=\"application\/ld+json\" class=\"yoast-schema-graph\">{\"@context\":\"https:\/\/schema.org\",\"@graph\":[{\"@type\":\"Article\",\"@id\":\"https:\/\/www.institutodeengenharia.org.br\/site\/2019\/01\/14\/ciencia-por-elas-busca-atrair-jovens-para-a-carreira-cientifica\/#article\",\"isPartOf\":{\"@id\":\"https:\/\/www.institutodeengenharia.org.br\/site\/2019\/01\/14\/ciencia-por-elas-busca-atrair-jovens-para-a-carreira-cientifica\/\"},\"author\":{\"name\":\"Bianca\",\"@id\":\"https:\/\/www.institutodeengenharia.org.br\/site\/#\/schema\/person\/aeb64951c405e100d26d30b033dd423f\"},\"headline\":\"Ci\u00eancia por Elas busca atrair jovens para a carreira cient\u00edfica\",\"datePublished\":\"2019-01-14T11:34:44+00:00\",\"mainEntityOfPage\":{\"@id\":\"https:\/\/www.institutodeengenharia.org.br\/site\/2019\/01\/14\/ciencia-por-elas-busca-atrair-jovens-para-a-carreira-cientifica\/\"},\"wordCount\":612,\"commentCount\":0,\"publisher\":{\"@id\":\"https:\/\/www.institutodeengenharia.org.br\/site\/#organization\"},\"image\":{\"@id\":\"https:\/\/www.institutodeengenharia.org.br\/site\/2019\/01\/14\/ciencia-por-elas-busca-atrair-jovens-para-a-carreira-cientifica\/#primaryimage\"},\"thumbnailUrl\":\"https:\/\/www.institutodeengenharia.org.br\/site\/wp-content\/uploads\/2019\/01\/20190111_00_ciencia_por_elas1.jpg\",\"keywords\":[\"+ Destaque\"],\"articleSection\":[\"Mulher\",\"Not\u00edcias\"],\"inLanguage\":\"pt-BR\",\"potentialAction\":[{\"@type\":\"CommentAction\",\"name\":\"Comment\",\"target\":[\"https:\/\/www.institutodeengenharia.org.br\/site\/2019\/01\/14\/ciencia-por-elas-busca-atrair-jovens-para-a-carreira-cientifica\/#respond\"]}]},{\"@type\":\"WebPage\",\"@id\":\"https:\/\/www.institutodeengenharia.org.br\/site\/2019\/01\/14\/ciencia-por-elas-busca-atrair-jovens-para-a-carreira-cientifica\/\",\"url\":\"https:\/\/www.institutodeengenharia.org.br\/site\/2019\/01\/14\/ciencia-por-elas-busca-atrair-jovens-para-a-carreira-cientifica\/\",\"name\":\"Ci\u00eancia por Elas busca atrair jovens para a carreira cient\u00edfica - Instituto de Engenharia\",\"isPartOf\":{\"@id\":\"https:\/\/www.institutodeengenharia.org.br\/site\/#website\"},\"primaryImageOfPage\":{\"@id\":\"https:\/\/www.institutodeengenharia.org.br\/site\/2019\/01\/14\/ciencia-por-elas-busca-atrair-jovens-para-a-carreira-cientifica\/#primaryimage\"},\"image\":{\"@id\":\"https:\/\/www.institutodeengenharia.org.br\/site\/2019\/01\/14\/ciencia-por-elas-busca-atrair-jovens-para-a-carreira-cientifica\/#primaryimage\"},\"thumbnailUrl\":\"https:\/\/www.institutodeengenharia.org.br\/site\/wp-content\/uploads\/2019\/01\/20190111_00_ciencia_por_elas1.jpg\",\"datePublished\":\"2019-01-14T11:34:44+00:00\",\"breadcrumb\":{\"@id\":\"https:\/\/www.institutodeengenharia.org.br\/site\/2019\/01\/14\/ciencia-por-elas-busca-atrair-jovens-para-a-carreira-cientifica\/#breadcrumb\"},\"inLanguage\":\"pt-BR\",\"potentialAction\":[{\"@type\":\"ReadAction\",\"target\":[\"https:\/\/www.institutodeengenharia.org.br\/site\/2019\/01\/14\/ciencia-por-elas-busca-atrair-jovens-para-a-carreira-cientifica\/\"]}]},{\"@type\":\"ImageObject\",\"inLanguage\":\"pt-BR\",\"@id\":\"https:\/\/www.institutodeengenharia.org.br\/site\/2019\/01\/14\/ciencia-por-elas-busca-atrair-jovens-para-a-carreira-cientifica\/#primaryimage\",\"url\":\"https:\/\/www.institutodeengenharia.org.br\/site\/wp-content\/uploads\/2019\/01\/20190111_00_ciencia_por_elas1.jpg\",\"contentUrl\":\"https:\/\/www.institutodeengenharia.org.br\/site\/wp-content\/uploads\/2019\/01\/20190111_00_ciencia_por_elas1.jpg\",\"width\":800,\"height\":420,\"caption\":\"Alunas visitaram o Centro de Terapia Celular da USP \u2013 Foto: Eduardo Vidal\/CTC-USP\"},{\"@type\":\"BreadcrumbList\",\"@id\":\"https:\/\/www.institutodeengenharia.org.br\/site\/2019\/01\/14\/ciencia-por-elas-busca-atrair-jovens-para-a-carreira-cientifica\/#breadcrumb\",\"itemListElement\":[{\"@type\":\"ListItem\",\"position\":1,\"name\":\"In\u00edcio\",\"item\":\"https:\/\/www.institutodeengenharia.org.br\/site\/\"},{\"@type\":\"ListItem\",\"position\":2,\"name\":\"Ci\u00eancia por Elas busca atrair jovens para a carreira cient\u00edfica\"}]},{\"@type\":\"WebSite\",\"@id\":\"https:\/\/www.institutodeengenharia.org.br\/site\/#website\",\"url\":\"https:\/\/www.institutodeengenharia.org.br\/site\/\",\"name\":\"Instituto de Engenharia\",\"description\":\"O Instituto de Engenharia promove a Engenharia em benef\u00edcio do desenvolvimento e da qualidade de vida da sociedade.\",\"publisher\":{\"@id\":\"https:\/\/www.institutodeengenharia.org.br\/site\/#organization\"},\"potentialAction\":[{\"@type\":\"SearchAction\",\"target\":{\"@type\":\"EntryPoint\",\"urlTemplate\":\"https:\/\/www.institutodeengenharia.org.br\/site\/?s={search_term_string}\"},\"query-input\":{\"@type\":\"PropertyValueSpecification\",\"valueRequired\":true,\"valueName\":\"search_term_string\"}}],\"inLanguage\":\"pt-BR\"},{\"@type\":\"Organization\",\"@id\":\"https:\/\/www.institutodeengenharia.org.br\/site\/#organization\",\"name\":\"Instituto de Engenharia\",\"url\":\"https:\/\/www.institutodeengenharia.org.br\/site\/\",\"logo\":{\"@type\":\"ImageObject\",\"inLanguage\":\"pt-BR\",\"@id\":\"https:\/\/www.institutodeengenharia.org.br\/site\/#\/schema\/logo\/image\/\",\"url\":\"https:\/\/www.institutodeengenharia.org.br\/site\/wp-content\/uploads\/2019\/03\/logo-novo-IE2018-1.jpg\",\"contentUrl\":\"https:\/\/www.institutodeengenharia.org.br\/site\/wp-content\/uploads\/2019\/03\/logo-novo-IE2018-1.jpg\",\"width\":1486,\"height\":1879,\"caption\":\"Instituto de Engenharia\"},\"image\":{\"@id\":\"https:\/\/www.institutodeengenharia.org.br\/site\/#\/schema\/logo\/image\/\"},\"sameAs\":[\"https:\/\/www.facebook.com\/institutodeengenharia\",\"https:\/\/x.com\/iengenharia\",\"https:\/\/www.instagram.com\/institutodeengenharia\/\",\"https:\/\/www.linkedin.com\/company\/instituto-de-engenharia\/\",\"https:\/\/www.youtube.com\/channel\/UCXiCAlsSMe977vamW915HxA\"]},{\"@type\":\"Person\",\"@id\":\"https:\/\/www.institutodeengenharia.org.br\/site\/#\/schema\/person\/aeb64951c405e100d26d30b033dd423f\",\"name\":\"Bianca\",\"image\":{\"@type\":\"ImageObject\",\"inLanguage\":\"pt-BR\",\"@id\":\"https:\/\/secure.gravatar.com\/avatar\/a6fbe9bff57405baf4c1e2c5c1811e072b558253974a9f9508f4678900c97c2a?s=96&d=mm&r=g\",\"url\":\"https:\/\/secure.gravatar.com\/avatar\/a6fbe9bff57405baf4c1e2c5c1811e072b558253974a9f9508f4678900c97c2a?s=96&d=mm&r=g\",\"contentUrl\":\"https:\/\/secure.gravatar.com\/avatar\/a6fbe9bff57405baf4c1e2c5c1811e072b558253974a9f9508f4678900c97c2a?s=96&d=mm&r=g\",\"caption\":\"Bianca\"},\"url\":\"https:\/\/www.institutodeengenharia.org.br\/site\/author\/comunicacao1\/\"}]}<\/script>\n<!-- \/ Yoast SEO plugin. -->","yoast_head_json":{"title":"Ci\u00eancia por Elas busca atrair jovens para a carreira cient\u00edfica - Instituto de Engenharia","robots":{"index":"index","follow":"follow","max-snippet":"max-snippet:-1","max-image-preview":"max-image-preview:large","max-video-preview":"max-video-preview:-1"},"canonical":"https:\/\/www.institutodeengenharia.org.br\/site\/2019\/01\/14\/ciencia-por-elas-busca-atrair-jovens-para-a-carreira-cientifica\/","og_locale":"pt_BR","og_type":"article","og_title":"Ci\u00eancia por Elas busca atrair jovens para a carreira cient\u00edfica - Instituto de Engenharia","og_description":"Elas ainda est\u00e3o distantes do cotidiano vivido por pesquisadores e universit\u00e1rios, mas j\u00e1 puderam ter uma ideia das contribui\u00e7\u00f5es importantes que a ci\u00eancia traz para nossas vidas. Entre os dias 10 e 14 de dezembro, cerca de 60 meninas entre 11 e 14 anos participaram das atividades do Ci\u00eancia por Elas. A iniciativa \u00e9 organizada [&hellip;]","og_url":"https:\/\/www.institutodeengenharia.org.br\/site\/2019\/01\/14\/ciencia-por-elas-busca-atrair-jovens-para-a-carreira-cientifica\/","og_site_name":"Instituto de Engenharia","article_publisher":"https:\/\/www.facebook.com\/institutodeengenharia","article_published_time":"2019-01-14T11:34:44+00:00","og_image":[{"width":800,"height":420,"url":"https:\/\/www.institutodeengenharia.org.br\/site\/wp-content\/uploads\/2019\/01\/20190111_00_ciencia_por_elas1.jpg","type":"image\/jpeg"}],"author":"Bianca","twitter_card":"summary_large_image","twitter_creator":"@iengenharia","twitter_site":"@iengenharia","twitter_misc":{"Escrito por":"Bianca","Est. tempo de leitura":"3 minutos"},"schema":{"@context":"https:\/\/schema.org","@graph":[{"@type":"Article","@id":"https:\/\/www.institutodeengenharia.org.br\/site\/2019\/01\/14\/ciencia-por-elas-busca-atrair-jovens-para-a-carreira-cientifica\/#article","isPartOf":{"@id":"https:\/\/www.institutodeengenharia.org.br\/site\/2019\/01\/14\/ciencia-por-elas-busca-atrair-jovens-para-a-carreira-cientifica\/"},"author":{"name":"Bianca","@id":"https:\/\/www.institutodeengenharia.org.br\/site\/#\/schema\/person\/aeb64951c405e100d26d30b033dd423f"},"headline":"Ci\u00eancia por Elas busca atrair jovens para a carreira cient\u00edfica","datePublished":"2019-01-14T11:34:44+00:00","mainEntityOfPage":{"@id":"https:\/\/www.institutodeengenharia.org.br\/site\/2019\/01\/14\/ciencia-por-elas-busca-atrair-jovens-para-a-carreira-cientifica\/"},"wordCount":612,"commentCount":0,"publisher":{"@id":"https:\/\/www.institutodeengenharia.org.br\/site\/#organization"},"image":{"@id":"https:\/\/www.institutodeengenharia.org.br\/site\/2019\/01\/14\/ciencia-por-elas-busca-atrair-jovens-para-a-carreira-cientifica\/#primaryimage"},"thumbnailUrl":"https:\/\/www.institutodeengenharia.org.br\/site\/wp-content\/uploads\/2019\/01\/20190111_00_ciencia_por_elas1.jpg","keywords":["+ Destaque"],"articleSection":["Mulher","Not\u00edcias"],"inLanguage":"pt-BR","potentialAction":[{"@type":"CommentAction","name":"Comment","target":["https:\/\/www.institutodeengenharia.org.br\/site\/2019\/01\/14\/ciencia-por-elas-busca-atrair-jovens-para-a-carreira-cientifica\/#respond"]}]},{"@type":"WebPage","@id":"https:\/\/www.institutodeengenharia.org.br\/site\/2019\/01\/14\/ciencia-por-elas-busca-atrair-jovens-para-a-carreira-cientifica\/","url":"https:\/\/www.institutodeengenharia.org.br\/site\/2019\/01\/14\/ciencia-por-elas-busca-atrair-jovens-para-a-carreira-cientifica\/","name":"Ci\u00eancia por Elas busca atrair jovens para a carreira cient\u00edfica - Instituto de Engenharia","isPartOf":{"@id":"https:\/\/www.institutodeengenharia.org.br\/site\/#website"},"primaryImageOfPage":{"@id":"https:\/\/www.institutodeengenharia.org.br\/site\/2019\/01\/14\/ciencia-por-elas-busca-atrair-jovens-para-a-carreira-cientifica\/#primaryimage"},"image":{"@id":"https:\/\/www.institutodeengenharia.org.br\/site\/2019\/01\/14\/ciencia-por-elas-busca-atrair-jovens-para-a-carreira-cientifica\/#primaryimage"},"thumbnailUrl":"https:\/\/www.institutodeengenharia.org.br\/site\/wp-content\/uploads\/2019\/01\/20190111_00_ciencia_por_elas1.jpg","datePublished":"2019-01-14T11:34:44+00:00","breadcrumb":{"@id":"https:\/\/www.institutodeengenharia.org.br\/site\/2019\/01\/14\/ciencia-por-elas-busca-atrair-jovens-para-a-carreira-cientifica\/#breadcrumb"},"inLanguage":"pt-BR","potentialAction":[{"@type":"ReadAction","target":["https:\/\/www.institutodeengenharia.org.br\/site\/2019\/01\/14\/ciencia-por-elas-busca-atrair-jovens-para-a-carreira-cientifica\/"]}]},{"@type":"ImageObject","inLanguage":"pt-BR","@id":"https:\/\/www.institutodeengenharia.org.br\/site\/2019\/01\/14\/ciencia-por-elas-busca-atrair-jovens-para-a-carreira-cientifica\/#primaryimage","url":"https:\/\/www.institutodeengenharia.org.br\/site\/wp-content\/uploads\/2019\/01\/20190111_00_ciencia_por_elas1.jpg","contentUrl":"https:\/\/www.institutodeengenharia.org.br\/site\/wp-content\/uploads\/2019\/01\/20190111_00_ciencia_por_elas1.jpg","width":800,"height":420,"caption":"Alunas visitaram o Centro de Terapia Celular da USP \u2013 Foto: Eduardo Vidal\/CTC-USP"},{"@type":"BreadcrumbList","@id":"https:\/\/www.institutodeengenharia.org.br\/site\/2019\/01\/14\/ciencia-por-elas-busca-atrair-jovens-para-a-carreira-cientifica\/#breadcrumb","itemListElement":[{"@type":"ListItem","position":1,"name":"In\u00edcio","item":"https:\/\/www.institutodeengenharia.org.br\/site\/"},{"@type":"ListItem","position":2,"name":"Ci\u00eancia por Elas busca atrair jovens para a carreira cient\u00edfica"}]},{"@type":"WebSite","@id":"https:\/\/www.institutodeengenharia.org.br\/site\/#website","url":"https:\/\/www.institutodeengenharia.org.br\/site\/","name":"Instituto de Engenharia","description":"O Instituto de Engenharia promove a Engenharia em benef\u00edcio do desenvolvimento e da qualidade de vida da sociedade.","publisher":{"@id":"https:\/\/www.institutodeengenharia.org.br\/site\/#organization"},"potentialAction":[{"@type":"SearchAction","target":{"@type":"EntryPoint","urlTemplate":"https:\/\/www.institutodeengenharia.org.br\/site\/?s={search_term_string}"},"query-input":{"@type":"PropertyValueSpecification","valueRequired":true,"valueName":"search_term_string"}}],"inLanguage":"pt-BR"},{"@type":"Organization","@id":"https:\/\/www.institutodeengenharia.org.br\/site\/#organization","name":"Instituto de Engenharia","url":"https:\/\/www.institutodeengenharia.org.br\/site\/","logo":{"@type":"ImageObject","inLanguage":"pt-BR","@id":"https:\/\/www.institutodeengenharia.org.br\/site\/#\/schema\/logo\/image\/","url":"https:\/\/www.institutodeengenharia.org.br\/site\/wp-content\/uploads\/2019\/03\/logo-novo-IE2018-1.jpg","contentUrl":"https:\/\/www.institutodeengenharia.org.br\/site\/wp-content\/uploads\/2019\/03\/logo-novo-IE2018-1.jpg","width":1486,"height":1879,"caption":"Instituto de Engenharia"},"image":{"@id":"https:\/\/www.institutodeengenharia.org.br\/site\/#\/schema\/logo\/image\/"},"sameAs":["https:\/\/www.facebook.com\/institutodeengenharia","https:\/\/x.com\/iengenharia","https:\/\/www.instagram.com\/institutodeengenharia\/","https:\/\/www.linkedin.com\/company\/instituto-de-engenharia\/","https:\/\/www.youtube.com\/channel\/UCXiCAlsSMe977vamW915HxA"]},{"@type":"Person","@id":"https:\/\/www.institutodeengenharia.org.br\/site\/#\/schema\/person\/aeb64951c405e100d26d30b033dd423f","name":"Bianca","image":{"@type":"ImageObject","inLanguage":"pt-BR","@id":"https:\/\/secure.gravatar.com\/avatar\/a6fbe9bff57405baf4c1e2c5c1811e072b558253974a9f9508f4678900c97c2a?s=96&d=mm&r=g","url":"https:\/\/secure.gravatar.com\/avatar\/a6fbe9bff57405baf4c1e2c5c1811e072b558253974a9f9508f4678900c97c2a?s=96&d=mm&r=g","contentUrl":"https:\/\/secure.gravatar.com\/avatar\/a6fbe9bff57405baf4c1e2c5c1811e072b558253974a9f9508f4678900c97c2a?s=96&d=mm&r=g","caption":"Bianca"},"url":"https:\/\/www.institutodeengenharia.org.br\/site\/author\/comunicacao1\/"}]}},"_links":{"self":[{"href":"https:\/\/www.institutodeengenharia.org.br\/site\/wp-json\/wp\/v2\/posts\/39708","targetHints":{"allow":["GET"]}}],"collection":[{"href":"https:\/\/www.institutodeengenharia.org.br\/site\/wp-json\/wp\/v2\/posts"}],"about":[{"href":"https:\/\/www.institutodeengenharia.org.br\/site\/wp-json\/wp\/v2\/types\/post"}],"author":[{"embeddable":true,"href":"https:\/\/www.institutodeengenharia.org.br\/site\/wp-json\/wp\/v2\/users\/13"}],"replies":[{"embeddable":true,"href":"https:\/\/www.institutodeengenharia.org.br\/site\/wp-json\/wp\/v2\/comments?post=39708"}],"version-history":[{"count":1,"href":"https:\/\/www.institutodeengenharia.org.br\/site\/wp-json\/wp\/v2\/posts\/39708\/revisions"}],"predecessor-version":[{"id":39710,"href":"https:\/\/www.institutodeengenharia.org.br\/site\/wp-json\/wp\/v2\/posts\/39708\/revisions\/39710"}],"wp:featuredmedia":[{"embeddable":true,"href":"https:\/\/www.institutodeengenharia.org.br\/site\/wp-json\/wp\/v2\/media\/39709"}],"wp:attachment":[{"href":"https:\/\/www.institutodeengenharia.org.br\/site\/wp-json\/wp\/v2\/media?parent=39708"}],"wp:term":[{"taxonomy":"category","embeddable":true,"href":"https:\/\/www.institutodeengenharia.org.br\/site\/wp-json\/wp\/v2\/categories?post=39708"},{"taxonomy":"post_tag","embeddable":true,"href":"https:\/\/www.institutodeengenharia.org.br\/site\/wp-json\/wp\/v2\/tags?post=39708"}],"curies":[{"name":"wp","href":"https:\/\/api.w.org\/{rel}","templated":true}]}}