{"id":39645,"date":"2019-01-09T11:30:32","date_gmt":"2019-01-09T13:30:32","guid":{"rendered":"https:\/\/www.institutodeengenharia.org.br\/site\/?p=39645"},"modified":"2019-01-09T11:30:32","modified_gmt":"2019-01-09T13:30:32","slug":"ecobarreira-para-conter-a-poluicao-de-rio-ja-removeu-2-toneladas-de-lixo-das-aguas-em-2-anos","status":"publish","type":"post","link":"https:\/\/www.institutodeengenharia.org.br\/site\/2019\/01\/09\/ecobarreira-para-conter-a-poluicao-de-rio-ja-removeu-2-toneladas-de-lixo-das-aguas-em-2-anos\/","title":{"rendered":"Ecobarreira para conter a polui\u00e7\u00e3o de rio j\u00e1 removeu 2 toneladas de lixo das \u00e1guas em 2 anos"},"content":{"rendered":"<p align=\"justify\">N\u00e3o \u00e9 novidade dizer que precisamos repensar nossas a\u00e7\u00f5es com rela\u00e7\u00e3o ao meio ambiente. A mudan\u00e7a de h\u00e1bitos, que come\u00e7a em cada um de n\u00f3s, \u00e9 urgente. Um grande exemplo \u00e9 o morador do Paran\u00e1 que criou uma ecobarreira para conter a polui\u00e7\u00e3o de rio. O mais incr\u00edvel: ele fez isso sozinho e usando materiais de baixo custo. Dois anos depois, a quantidade de res\u00edduos s\u00f3lidos removida das \u00e1guas \u00e9 inacredit\u00e1vel.<\/p>\n<figure id=\"attachment_45649\" class=\"wp-caption aligncenter\" style=\"width: 645px;\"><img loading=\"lazy\" decoding=\"async\" class=\" wp-image-45649\" src=\"https:\/\/blogdaengenharia.com\/wp-content\/uploads\/ecobarreira-para-conter-poluicao-rios-blog-da-engenharia-1-1-e1546973411800.jpeg\" sizes=\"auto, (max-width: 996px) 100vw, 996px\" srcset=\"https:\/\/blogdaengenharia.com\/wp-content\/uploads\/ecobarreira-para-conter-poluicao-rios-blog-da-engenharia-1-1-e1546973411800.jpeg 996w, https:\/\/blogdaengenharia.com\/wp-content\/uploads\/ecobarreira-para-conter-poluicao-rios-blog-da-engenharia-1-1-e1546973411800-297x300.jpeg 297w, https:\/\/blogdaengenharia.com\/wp-content\/uploads\/ecobarreira-para-conter-poluicao-rios-blog-da-engenharia-1-1-e1546973411800-500x506.jpeg 500w, https:\/\/blogdaengenharia.com\/wp-content\/uploads\/ecobarreira-para-conter-poluicao-rios-blog-da-engenharia-1-1-e1546973411800-100x100.jpeg 100w, https:\/\/blogdaengenharia.com\/wp-content\/uploads\/ecobarreira-para-conter-poluicao-rios-blog-da-engenharia-1-1-e1546973411800-130x130.jpeg 130w\" alt=\"Ecobarreira para conter a polui\u00e7\u00e3o de rio\" width=\"645\" height=\"652\" \/><figcaption class=\"wp-caption-text\">Imagem: noticias.uol.com.br<\/figcaption><\/figure>\n<h3 align=\"justify\">+ Ecobarreira para conter a polui\u00e7\u00e3o de rio<\/h3>\n<p align=\"justify\">Diego Saldanha de Melo mora Regi\u00e3o Metropolitana de Curitiba. Com gal\u00f5es, uma rede e uma ideia incr\u00edvel, ele criou uma barreira que ret\u00e9m os materiais s\u00f3lidos do Rio Atuba, que passa perto de sua casa.<\/p>\n<p align=\"justify\">A barreira funciona da seguinte maneira: os gal\u00f5es amarrados impedem que os res\u00edduos s\u00f3lidos flutuantes ultrapassem o local onde ela est\u00e1 instalada. Depois, \u00e9 preciso que os res\u00edduos sejam retirados manualmente. Por ali aparece de tudo:\u00a0garrafas PET, geladeira, sof\u00e1, baterias de carro e mais.<\/p>\n<p align=\"justify\">Todo o trabalho come\u00e7ou h\u00e1 cerca de dois anos e, desde ent\u00e3o, Diego Saldanha estima ter retirado cerca de duas toneladas de res\u00edduos s\u00f3lidos das \u00e1guas. O material \u00e9 levado para a escola do bairro, onde pode ser reaproveitado ou vendido.<\/p>\n<figure id=\"attachment_45645\" class=\"wp-caption aligncenter\" style=\"width: 645px;\"><img loading=\"lazy\" decoding=\"async\" class=\" wp-image-45645\" src=\"https:\/\/blogdaengenharia.com\/wp-content\/uploads\/ecobarreira-para-conter-poluicao-rios-blog-da-engenharia-3.jpeg\" sizes=\"auto, (max-width: 800px) 100vw, 800px\" srcset=\"https:\/\/blogdaengenharia.com\/wp-content\/uploads\/ecobarreira-para-conter-poluicao-rios-blog-da-engenharia-3.jpeg 800w, https:\/\/blogdaengenharia.com\/wp-content\/uploads\/ecobarreira-para-conter-poluicao-rios-blog-da-engenharia-3-300x210.jpeg 300w, https:\/\/blogdaengenharia.com\/wp-content\/uploads\/ecobarreira-para-conter-poluicao-rios-blog-da-engenharia-3-500x350.jpeg 500w\" alt=\"Ecobarreira para conter a polui\u00e7\u00e3o de rio\" width=\"645\" height=\"451\" \/><figcaption class=\"wp-caption-text\">Imagem: sonoticiaboa.com.br<\/figcaption><\/figure>\n<p align=\"justify\">Como \u00e9 relativamente pequena e n\u00e3o afunda, a ecobarreira n\u00e3o cria problemas para o ecossistema local, visto que n\u00e3o impede o caminho dos peixes, por exemplo. Al\u00e9m disso, n\u00e3o interfere significativamente no fluxo do corpo h\u00eddrico.<\/p>\n<h3 align=\"justify\">+ Atitude e exemplo a ser seguido!<\/h3>\n<p align=\"justify\">Criado pr\u00f3ximo ao rio desde crian\u00e7a, Diego Saldanha de Melo era acostumado a nadar e pescar no local. Atualmente, o que restou foi a indigna\u00e7\u00e3o sobre a situa\u00e7\u00e3o do corpo h\u00eddrico, por onde h\u00e1 muito res\u00edduo, principalmente no per\u00edodo chuvoso. Al\u00e9m de ser um problema para quem gosta de nadar e pescar, a polui\u00e7\u00e3o tamb\u00e9m contribui para os alagamentos na regi\u00e3o.<\/p>\n<figure id=\"attachment_45644\" class=\"wp-caption aligncenter\" style=\"width: 647px;\"><img loading=\"lazy\" decoding=\"async\" class=\" wp-image-45644\" src=\"https:\/\/blogdaengenharia.com\/wp-content\/uploads\/ecobarreira-para-conter-poluicao-rios-blog-da-engenharia-4.jpeg\" sizes=\"auto, (max-width: 740px) 100vw, 740px\" srcset=\"https:\/\/blogdaengenharia.com\/wp-content\/uploads\/ecobarreira-para-conter-poluicao-rios-blog-da-engenharia-4.jpeg 740w, https:\/\/blogdaengenharia.com\/wp-content\/uploads\/ecobarreira-para-conter-poluicao-rios-blog-da-engenharia-4-300x200.jpeg 300w, https:\/\/blogdaengenharia.com\/wp-content\/uploads\/ecobarreira-para-conter-poluicao-rios-blog-da-engenharia-4-500x333.jpeg 500w, https:\/\/blogdaengenharia.com\/wp-content\/uploads\/ecobarreira-para-conter-poluicao-rios-blog-da-engenharia-4-120x80.jpeg 120w\" alt=\"Ecobarreira para conter a polui\u00e7\u00e3o de rio\" width=\"647\" height=\"431\" \/><figcaption class=\"wp-caption-text\">Imagem: independente.jor.br<\/figcaption><\/figure>\n<p align=\"justify\">Antes, Diego Saldanha vendia frutas na cidade. A iniciativa de criar a ecobarreira veio da vontade de mostrar aos filhos que \u00e9 preciso cuidar da natureza. Hoje, ele faz sucesso nas\u00a0<a href=\"https:\/\/www.facebook.com\/Diegodomorango\/\" target=\"_blank\" rel=\"noopener\">redes sociais<\/a>\u00a0com seus v\u00eddeos relacionados \u00e0 conscientiza\u00e7\u00e3o ambiental. Com a ideia se disseminando, v\u00e1rias barreiras semelhantes j\u00e1 surgiram no pa\u00eds (confira no v\u00eddeo abaixo).<\/p>\n<p><iframe loading=\"lazy\" src=\"https:\/\/www.youtube.com\/embed\/SrtCONd7mEU\" width=\"560\" height=\"315\" frameborder=\"0\" allowfullscreen=\"allowfullscreen\"><\/iframe><\/p>\n<p align=\"justify\">Em outubro de 2018, Diego Saldanha foi ao Museu do Amanh\u00e3, no Rio de Janeiro, receber o pr\u00eamio Lixo Zero na categoria A\u00e7\u00f5es Comunit\u00e1rias devido a um de seus projetos. Atualmente, ele \u00e9 um dos cinco finalistas do Pr\u00eamio Pega a Vis\u00e3o de Empreendedorismo Popular de Rick Chester, cujo resultado final ser\u00e1 no pr\u00f3ximo dia 18, em Goi\u00e2nia.<\/p>\n<p align=\"justify\">Com atitude, Diego Saldanha de Melo mostra que o mais importante para fazer sua parte na hora de cuidar do meio ambiente \u00e9 ter for\u00e7a de vontade. Fica o exemplo para todos n\u00f3s, que j\u00e1 podemos inserir novas metas em 2019 e contribuir para um futuro sustent\u00e1vel fazendo a nossa parte.<\/p>\n<p align=\"justify\"><em>Refer\u00eancias:\u00a0<a href=\"http:\/\/g1.globo.com\/pr\/parana\/noticia\/2017\/01\/morador-cria-barreira-para-evitar-que-poluicao-desca-rio-abaixo-no-parana.html\" target=\"_blank\" rel=\"noopener\">G1<\/a>;\u00a0<a href=\"https:\/\/mudatudo.com.br\/vendedor-de-frutas-cria-ecobarreira-para-despoluir-rio\/\" target=\"_blank\" rel=\"noopener\">Muda Tudo<\/a>;\u00a0<a href=\"https:\/\/eloscomvoce.com.br\/homem-cria-ecobarreira-caseira-e-retira-1-tonelada-de-lixo-de-rio\/\" target=\"_blank\" rel=\"noopener\">Elos<\/a>;\u00a0<a href=\"https:\/\/bandnewsfmcuritiba.com\/paranaense-vira-destaque-nacional-em-empreendedorismo-ambiental\/\" target=\"_blank\" rel=\"noopener\">Band News<\/a>.<\/em><\/p>\n<p><em>Fonte Blog da Engenharia<\/em><\/p>\n","protected":false},"excerpt":{"rendered":"<p>N\u00e3o \u00e9 novidade dizer que precisamos repensar nossas a\u00e7\u00f5es com rela\u00e7\u00e3o ao meio ambiente. A mudan\u00e7a de h\u00e1bitos, que come\u00e7a em cada um de n\u00f3s, \u00e9 urgente. Um grande exemplo \u00e9 o morador do Paran\u00e1 que criou uma ecobarreira para conter a polui\u00e7\u00e3o de rio. O mais incr\u00edvel: ele fez isso sozinho e usando materiais [&hellip;]<\/p>\n","protected":false},"author":13,"featured_media":39647,"comment_status":"open","ping_status":"open","sticky":false,"template":"","format":"standard","meta":{"footnotes":""},"categories":[973,31],"tags":[201],"class_list":{"0":"post-39645","1":"post","2":"type-post","3":"status-publish","4":"format-standard","5":"has-post-thumbnail","7":"category-meio-ambiente-futuro","8":"category-meio-ambiente","9":"tag-destaque-topo"},"yoast_head":"<!-- This site is optimized with the Yoast SEO plugin v27.2 - https:\/\/yoast.com\/product\/yoast-seo-wordpress\/ -->\n<title>Ecobarreira para conter a polui\u00e7\u00e3o de rio j\u00e1 removeu 2 toneladas de lixo das \u00e1guas em 2 anos - Instituto de Engenharia<\/title>\n<meta name=\"robots\" content=\"index, follow, max-snippet:-1, max-image-preview:large, max-video-preview:-1\" \/>\n<link rel=\"canonical\" href=\"https:\/\/www.institutodeengenharia.org.br\/site\/2019\/01\/09\/ecobarreira-para-conter-a-poluicao-de-rio-ja-removeu-2-toneladas-de-lixo-das-aguas-em-2-anos\/\" \/>\n<meta property=\"og:locale\" content=\"pt_BR\" \/>\n<meta property=\"og:type\" content=\"article\" \/>\n<meta property=\"og:title\" content=\"Ecobarreira para conter a polui\u00e7\u00e3o de rio j\u00e1 removeu 2 toneladas de lixo das \u00e1guas em 2 anos - Instituto de Engenharia\" \/>\n<meta property=\"og:description\" content=\"N\u00e3o \u00e9 novidade dizer que precisamos repensar nossas a\u00e7\u00f5es com rela\u00e7\u00e3o ao meio ambiente. A mudan\u00e7a de h\u00e1bitos, que come\u00e7a em cada um de n\u00f3s, \u00e9 urgente. Um grande exemplo \u00e9 o morador do Paran\u00e1 que criou uma ecobarreira para conter a polui\u00e7\u00e3o de rio. O mais incr\u00edvel: ele fez isso sozinho e usando materiais [&hellip;]\" \/>\n<meta property=\"og:url\" content=\"https:\/\/www.institutodeengenharia.org.br\/site\/2019\/01\/09\/ecobarreira-para-conter-a-poluicao-de-rio-ja-removeu-2-toneladas-de-lixo-das-aguas-em-2-anos\/\" \/>\n<meta property=\"og:site_name\" content=\"Instituto de Engenharia\" \/>\n<meta property=\"article:publisher\" content=\"https:\/\/www.facebook.com\/institutodeengenharia\" \/>\n<meta property=\"article:published_time\" content=\"2019-01-09T13:30:32+00:00\" \/>\n<meta property=\"og:image\" content=\"https:\/\/www.institutodeengenharia.org.br\/site\/wp-content\/uploads\/2019\/01\/ecobarreira-para-conter-poluicao-rios-blog-da-engenharia-2.jpeg\" \/>\n\t<meta property=\"og:image:width\" content=\"2048\" \/>\n\t<meta property=\"og:image:height\" content=\"1365\" \/>\n\t<meta property=\"og:image:type\" content=\"image\/jpeg\" \/>\n<meta name=\"author\" content=\"Bianca\" \/>\n<meta name=\"twitter:card\" content=\"summary_large_image\" \/>\n<meta name=\"twitter:creator\" content=\"@iengenharia\" \/>\n<meta name=\"twitter:site\" content=\"@iengenharia\" \/>\n<meta name=\"twitter:label1\" content=\"Escrito por\" \/>\n\t<meta name=\"twitter:data1\" content=\"Bianca\" \/>\n\t<meta name=\"twitter:label2\" content=\"Est. tempo de leitura\" \/>\n\t<meta name=\"twitter:data2\" content=\"3 minutos\" \/>\n<script type=\"application\/ld+json\" class=\"yoast-schema-graph\">{\"@context\":\"https:\/\/schema.org\",\"@graph\":[{\"@type\":\"Article\",\"@id\":\"https:\/\/www.institutodeengenharia.org.br\/site\/2019\/01\/09\/ecobarreira-para-conter-a-poluicao-de-rio-ja-removeu-2-toneladas-de-lixo-das-aguas-em-2-anos\/#article\",\"isPartOf\":{\"@id\":\"https:\/\/www.institutodeengenharia.org.br\/site\/2019\/01\/09\/ecobarreira-para-conter-a-poluicao-de-rio-ja-removeu-2-toneladas-de-lixo-das-aguas-em-2-anos\/\"},\"author\":{\"name\":\"Bianca\",\"@id\":\"https:\/\/www.institutodeengenharia.org.br\/site\/#\/schema\/person\/aeb64951c405e100d26d30b033dd423f\"},\"headline\":\"Ecobarreira para conter a polui\u00e7\u00e3o de rio j\u00e1 removeu 2 toneladas de lixo das \u00e1guas em 2 anos\",\"datePublished\":\"2019-01-09T13:30:32+00:00\",\"mainEntityOfPage\":{\"@id\":\"https:\/\/www.institutodeengenharia.org.br\/site\/2019\/01\/09\/ecobarreira-para-conter-a-poluicao-de-rio-ja-removeu-2-toneladas-de-lixo-das-aguas-em-2-anos\/\"},\"wordCount\":553,\"commentCount\":0,\"publisher\":{\"@id\":\"https:\/\/www.institutodeengenharia.org.br\/site\/#organization\"},\"image\":{\"@id\":\"https:\/\/www.institutodeengenharia.org.br\/site\/2019\/01\/09\/ecobarreira-para-conter-a-poluicao-de-rio-ja-removeu-2-toneladas-de-lixo-das-aguas-em-2-anos\/#primaryimage\"},\"thumbnailUrl\":\"https:\/\/www.institutodeengenharia.org.br\/site\/wp-content\/uploads\/2019\/01\/ecobarreira-para-conter-poluicao-rios-blog-da-engenharia-2.jpeg\",\"keywords\":[\"Destaque Topo\"],\"articleSection\":[\"Meio Ambiente\",\"Meio Ambiente\"],\"inLanguage\":\"pt-BR\",\"potentialAction\":[{\"@type\":\"CommentAction\",\"name\":\"Comment\",\"target\":[\"https:\/\/www.institutodeengenharia.org.br\/site\/2019\/01\/09\/ecobarreira-para-conter-a-poluicao-de-rio-ja-removeu-2-toneladas-de-lixo-das-aguas-em-2-anos\/#respond\"]}]},{\"@type\":\"WebPage\",\"@id\":\"https:\/\/www.institutodeengenharia.org.br\/site\/2019\/01\/09\/ecobarreira-para-conter-a-poluicao-de-rio-ja-removeu-2-toneladas-de-lixo-das-aguas-em-2-anos\/\",\"url\":\"https:\/\/www.institutodeengenharia.org.br\/site\/2019\/01\/09\/ecobarreira-para-conter-a-poluicao-de-rio-ja-removeu-2-toneladas-de-lixo-das-aguas-em-2-anos\/\",\"name\":\"Ecobarreira para conter a polui\u00e7\u00e3o de rio j\u00e1 removeu 2 toneladas de lixo das \u00e1guas em 2 anos - Instituto de Engenharia\",\"isPartOf\":{\"@id\":\"https:\/\/www.institutodeengenharia.org.br\/site\/#website\"},\"primaryImageOfPage\":{\"@id\":\"https:\/\/www.institutodeengenharia.org.br\/site\/2019\/01\/09\/ecobarreira-para-conter-a-poluicao-de-rio-ja-removeu-2-toneladas-de-lixo-das-aguas-em-2-anos\/#primaryimage\"},\"image\":{\"@id\":\"https:\/\/www.institutodeengenharia.org.br\/site\/2019\/01\/09\/ecobarreira-para-conter-a-poluicao-de-rio-ja-removeu-2-toneladas-de-lixo-das-aguas-em-2-anos\/#primaryimage\"},\"thumbnailUrl\":\"https:\/\/www.institutodeengenharia.org.br\/site\/wp-content\/uploads\/2019\/01\/ecobarreira-para-conter-poluicao-rios-blog-da-engenharia-2.jpeg\",\"datePublished\":\"2019-01-09T13:30:32+00:00\",\"breadcrumb\":{\"@id\":\"https:\/\/www.institutodeengenharia.org.br\/site\/2019\/01\/09\/ecobarreira-para-conter-a-poluicao-de-rio-ja-removeu-2-toneladas-de-lixo-das-aguas-em-2-anos\/#breadcrumb\"},\"inLanguage\":\"pt-BR\",\"potentialAction\":[{\"@type\":\"ReadAction\",\"target\":[\"https:\/\/www.institutodeengenharia.org.br\/site\/2019\/01\/09\/ecobarreira-para-conter-a-poluicao-de-rio-ja-removeu-2-toneladas-de-lixo-das-aguas-em-2-anos\/\"]}]},{\"@type\":\"ImageObject\",\"inLanguage\":\"pt-BR\",\"@id\":\"https:\/\/www.institutodeengenharia.org.br\/site\/2019\/01\/09\/ecobarreira-para-conter-a-poluicao-de-rio-ja-removeu-2-toneladas-de-lixo-das-aguas-em-2-anos\/#primaryimage\",\"url\":\"https:\/\/www.institutodeengenharia.org.br\/site\/wp-content\/uploads\/2019\/01\/ecobarreira-para-conter-poluicao-rios-blog-da-engenharia-2.jpeg\",\"contentUrl\":\"https:\/\/www.institutodeengenharia.org.br\/site\/wp-content\/uploads\/2019\/01\/ecobarreira-para-conter-poluicao-rios-blog-da-engenharia-2.jpeg\",\"width\":2048,\"height\":1365,\"caption\":\"Imagem: ciberia.com.br\"},{\"@type\":\"BreadcrumbList\",\"@id\":\"https:\/\/www.institutodeengenharia.org.br\/site\/2019\/01\/09\/ecobarreira-para-conter-a-poluicao-de-rio-ja-removeu-2-toneladas-de-lixo-das-aguas-em-2-anos\/#breadcrumb\",\"itemListElement\":[{\"@type\":\"ListItem\",\"position\":1,\"name\":\"In\u00edcio\",\"item\":\"https:\/\/www.institutodeengenharia.org.br\/site\/\"},{\"@type\":\"ListItem\",\"position\":2,\"name\":\"Ecobarreira para conter a polui\u00e7\u00e3o de rio j\u00e1 removeu 2 toneladas de lixo das \u00e1guas em 2 anos\"}]},{\"@type\":\"WebSite\",\"@id\":\"https:\/\/www.institutodeengenharia.org.br\/site\/#website\",\"url\":\"https:\/\/www.institutodeengenharia.org.br\/site\/\",\"name\":\"Instituto de Engenharia\",\"description\":\"O Instituto de Engenharia promove a Engenharia em benef\u00edcio do desenvolvimento e da qualidade de vida da sociedade.\",\"publisher\":{\"@id\":\"https:\/\/www.institutodeengenharia.org.br\/site\/#organization\"},\"potentialAction\":[{\"@type\":\"SearchAction\",\"target\":{\"@type\":\"EntryPoint\",\"urlTemplate\":\"https:\/\/www.institutodeengenharia.org.br\/site\/?s={search_term_string}\"},\"query-input\":{\"@type\":\"PropertyValueSpecification\",\"valueRequired\":true,\"valueName\":\"search_term_string\"}}],\"inLanguage\":\"pt-BR\"},{\"@type\":\"Organization\",\"@id\":\"https:\/\/www.institutodeengenharia.org.br\/site\/#organization\",\"name\":\"Instituto de Engenharia\",\"url\":\"https:\/\/www.institutodeengenharia.org.br\/site\/\",\"logo\":{\"@type\":\"ImageObject\",\"inLanguage\":\"pt-BR\",\"@id\":\"https:\/\/www.institutodeengenharia.org.br\/site\/#\/schema\/logo\/image\/\",\"url\":\"https:\/\/www.institutodeengenharia.org.br\/site\/wp-content\/uploads\/2019\/03\/logo-novo-IE2018-1.jpg\",\"contentUrl\":\"https:\/\/www.institutodeengenharia.org.br\/site\/wp-content\/uploads\/2019\/03\/logo-novo-IE2018-1.jpg\",\"width\":1486,\"height\":1879,\"caption\":\"Instituto de Engenharia\"},\"image\":{\"@id\":\"https:\/\/www.institutodeengenharia.org.br\/site\/#\/schema\/logo\/image\/\"},\"sameAs\":[\"https:\/\/www.facebook.com\/institutodeengenharia\",\"https:\/\/x.com\/iengenharia\",\"https:\/\/www.instagram.com\/institutodeengenharia\/\",\"https:\/\/www.linkedin.com\/company\/instituto-de-engenharia\/\",\"https:\/\/www.youtube.com\/channel\/UCXiCAlsSMe977vamW915HxA\"]},{\"@type\":\"Person\",\"@id\":\"https:\/\/www.institutodeengenharia.org.br\/site\/#\/schema\/person\/aeb64951c405e100d26d30b033dd423f\",\"name\":\"Bianca\",\"image\":{\"@type\":\"ImageObject\",\"inLanguage\":\"pt-BR\",\"@id\":\"https:\/\/secure.gravatar.com\/avatar\/a6fbe9bff57405baf4c1e2c5c1811e072b558253974a9f9508f4678900c97c2a?s=96&d=mm&r=g\",\"url\":\"https:\/\/secure.gravatar.com\/avatar\/a6fbe9bff57405baf4c1e2c5c1811e072b558253974a9f9508f4678900c97c2a?s=96&d=mm&r=g\",\"contentUrl\":\"https:\/\/secure.gravatar.com\/avatar\/a6fbe9bff57405baf4c1e2c5c1811e072b558253974a9f9508f4678900c97c2a?s=96&d=mm&r=g\",\"caption\":\"Bianca\"},\"url\":\"https:\/\/www.institutodeengenharia.org.br\/site\/author\/comunicacao1\/\"}]}<\/script>\n<!-- \/ Yoast SEO plugin. -->","yoast_head_json":{"title":"Ecobarreira para conter a polui\u00e7\u00e3o de rio j\u00e1 removeu 2 toneladas de lixo das \u00e1guas em 2 anos - Instituto de Engenharia","robots":{"index":"index","follow":"follow","max-snippet":"max-snippet:-1","max-image-preview":"max-image-preview:large","max-video-preview":"max-video-preview:-1"},"canonical":"https:\/\/www.institutodeengenharia.org.br\/site\/2019\/01\/09\/ecobarreira-para-conter-a-poluicao-de-rio-ja-removeu-2-toneladas-de-lixo-das-aguas-em-2-anos\/","og_locale":"pt_BR","og_type":"article","og_title":"Ecobarreira para conter a polui\u00e7\u00e3o de rio j\u00e1 removeu 2 toneladas de lixo das \u00e1guas em 2 anos - Instituto de Engenharia","og_description":"N\u00e3o \u00e9 novidade dizer que precisamos repensar nossas a\u00e7\u00f5es com rela\u00e7\u00e3o ao meio ambiente. A mudan\u00e7a de h\u00e1bitos, que come\u00e7a em cada um de n\u00f3s, \u00e9 urgente. Um grande exemplo \u00e9 o morador do Paran\u00e1 que criou uma ecobarreira para conter a polui\u00e7\u00e3o de rio. O mais incr\u00edvel: ele fez isso sozinho e usando materiais [&hellip;]","og_url":"https:\/\/www.institutodeengenharia.org.br\/site\/2019\/01\/09\/ecobarreira-para-conter-a-poluicao-de-rio-ja-removeu-2-toneladas-de-lixo-das-aguas-em-2-anos\/","og_site_name":"Instituto de Engenharia","article_publisher":"https:\/\/www.facebook.com\/institutodeengenharia","article_published_time":"2019-01-09T13:30:32+00:00","og_image":[{"width":2048,"height":1365,"url":"https:\/\/www.institutodeengenharia.org.br\/site\/wp-content\/uploads\/2019\/01\/ecobarreira-para-conter-poluicao-rios-blog-da-engenharia-2.jpeg","type":"image\/jpeg"}],"author":"Bianca","twitter_card":"summary_large_image","twitter_creator":"@iengenharia","twitter_site":"@iengenharia","twitter_misc":{"Escrito por":"Bianca","Est. tempo de leitura":"3 minutos"},"schema":{"@context":"https:\/\/schema.org","@graph":[{"@type":"Article","@id":"https:\/\/www.institutodeengenharia.org.br\/site\/2019\/01\/09\/ecobarreira-para-conter-a-poluicao-de-rio-ja-removeu-2-toneladas-de-lixo-das-aguas-em-2-anos\/#article","isPartOf":{"@id":"https:\/\/www.institutodeengenharia.org.br\/site\/2019\/01\/09\/ecobarreira-para-conter-a-poluicao-de-rio-ja-removeu-2-toneladas-de-lixo-das-aguas-em-2-anos\/"},"author":{"name":"Bianca","@id":"https:\/\/www.institutodeengenharia.org.br\/site\/#\/schema\/person\/aeb64951c405e100d26d30b033dd423f"},"headline":"Ecobarreira para conter a polui\u00e7\u00e3o de rio j\u00e1 removeu 2 toneladas de lixo das \u00e1guas em 2 anos","datePublished":"2019-01-09T13:30:32+00:00","mainEntityOfPage":{"@id":"https:\/\/www.institutodeengenharia.org.br\/site\/2019\/01\/09\/ecobarreira-para-conter-a-poluicao-de-rio-ja-removeu-2-toneladas-de-lixo-das-aguas-em-2-anos\/"},"wordCount":553,"commentCount":0,"publisher":{"@id":"https:\/\/www.institutodeengenharia.org.br\/site\/#organization"},"image":{"@id":"https:\/\/www.institutodeengenharia.org.br\/site\/2019\/01\/09\/ecobarreira-para-conter-a-poluicao-de-rio-ja-removeu-2-toneladas-de-lixo-das-aguas-em-2-anos\/#primaryimage"},"thumbnailUrl":"https:\/\/www.institutodeengenharia.org.br\/site\/wp-content\/uploads\/2019\/01\/ecobarreira-para-conter-poluicao-rios-blog-da-engenharia-2.jpeg","keywords":["Destaque Topo"],"articleSection":["Meio Ambiente","Meio Ambiente"],"inLanguage":"pt-BR","potentialAction":[{"@type":"CommentAction","name":"Comment","target":["https:\/\/www.institutodeengenharia.org.br\/site\/2019\/01\/09\/ecobarreira-para-conter-a-poluicao-de-rio-ja-removeu-2-toneladas-de-lixo-das-aguas-em-2-anos\/#respond"]}]},{"@type":"WebPage","@id":"https:\/\/www.institutodeengenharia.org.br\/site\/2019\/01\/09\/ecobarreira-para-conter-a-poluicao-de-rio-ja-removeu-2-toneladas-de-lixo-das-aguas-em-2-anos\/","url":"https:\/\/www.institutodeengenharia.org.br\/site\/2019\/01\/09\/ecobarreira-para-conter-a-poluicao-de-rio-ja-removeu-2-toneladas-de-lixo-das-aguas-em-2-anos\/","name":"Ecobarreira para conter a polui\u00e7\u00e3o de rio j\u00e1 removeu 2 toneladas de lixo das \u00e1guas em 2 anos - Instituto de Engenharia","isPartOf":{"@id":"https:\/\/www.institutodeengenharia.org.br\/site\/#website"},"primaryImageOfPage":{"@id":"https:\/\/www.institutodeengenharia.org.br\/site\/2019\/01\/09\/ecobarreira-para-conter-a-poluicao-de-rio-ja-removeu-2-toneladas-de-lixo-das-aguas-em-2-anos\/#primaryimage"},"image":{"@id":"https:\/\/www.institutodeengenharia.org.br\/site\/2019\/01\/09\/ecobarreira-para-conter-a-poluicao-de-rio-ja-removeu-2-toneladas-de-lixo-das-aguas-em-2-anos\/#primaryimage"},"thumbnailUrl":"https:\/\/www.institutodeengenharia.org.br\/site\/wp-content\/uploads\/2019\/01\/ecobarreira-para-conter-poluicao-rios-blog-da-engenharia-2.jpeg","datePublished":"2019-01-09T13:30:32+00:00","breadcrumb":{"@id":"https:\/\/www.institutodeengenharia.org.br\/site\/2019\/01\/09\/ecobarreira-para-conter-a-poluicao-de-rio-ja-removeu-2-toneladas-de-lixo-das-aguas-em-2-anos\/#breadcrumb"},"inLanguage":"pt-BR","potentialAction":[{"@type":"ReadAction","target":["https:\/\/www.institutodeengenharia.org.br\/site\/2019\/01\/09\/ecobarreira-para-conter-a-poluicao-de-rio-ja-removeu-2-toneladas-de-lixo-das-aguas-em-2-anos\/"]}]},{"@type":"ImageObject","inLanguage":"pt-BR","@id":"https:\/\/www.institutodeengenharia.org.br\/site\/2019\/01\/09\/ecobarreira-para-conter-a-poluicao-de-rio-ja-removeu-2-toneladas-de-lixo-das-aguas-em-2-anos\/#primaryimage","url":"https:\/\/www.institutodeengenharia.org.br\/site\/wp-content\/uploads\/2019\/01\/ecobarreira-para-conter-poluicao-rios-blog-da-engenharia-2.jpeg","contentUrl":"https:\/\/www.institutodeengenharia.org.br\/site\/wp-content\/uploads\/2019\/01\/ecobarreira-para-conter-poluicao-rios-blog-da-engenharia-2.jpeg","width":2048,"height":1365,"caption":"Imagem: ciberia.com.br"},{"@type":"BreadcrumbList","@id":"https:\/\/www.institutodeengenharia.org.br\/site\/2019\/01\/09\/ecobarreira-para-conter-a-poluicao-de-rio-ja-removeu-2-toneladas-de-lixo-das-aguas-em-2-anos\/#breadcrumb","itemListElement":[{"@type":"ListItem","position":1,"name":"In\u00edcio","item":"https:\/\/www.institutodeengenharia.org.br\/site\/"},{"@type":"ListItem","position":2,"name":"Ecobarreira para conter a polui\u00e7\u00e3o de rio j\u00e1 removeu 2 toneladas de lixo das \u00e1guas em 2 anos"}]},{"@type":"WebSite","@id":"https:\/\/www.institutodeengenharia.org.br\/site\/#website","url":"https:\/\/www.institutodeengenharia.org.br\/site\/","name":"Instituto de Engenharia","description":"O Instituto de Engenharia promove a Engenharia em benef\u00edcio do desenvolvimento e da qualidade de vida da sociedade.","publisher":{"@id":"https:\/\/www.institutodeengenharia.org.br\/site\/#organization"},"potentialAction":[{"@type":"SearchAction","target":{"@type":"EntryPoint","urlTemplate":"https:\/\/www.institutodeengenharia.org.br\/site\/?s={search_term_string}"},"query-input":{"@type":"PropertyValueSpecification","valueRequired":true,"valueName":"search_term_string"}}],"inLanguage":"pt-BR"},{"@type":"Organization","@id":"https:\/\/www.institutodeengenharia.org.br\/site\/#organization","name":"Instituto de Engenharia","url":"https:\/\/www.institutodeengenharia.org.br\/site\/","logo":{"@type":"ImageObject","inLanguage":"pt-BR","@id":"https:\/\/www.institutodeengenharia.org.br\/site\/#\/schema\/logo\/image\/","url":"https:\/\/www.institutodeengenharia.org.br\/site\/wp-content\/uploads\/2019\/03\/logo-novo-IE2018-1.jpg","contentUrl":"https:\/\/www.institutodeengenharia.org.br\/site\/wp-content\/uploads\/2019\/03\/logo-novo-IE2018-1.jpg","width":1486,"height":1879,"caption":"Instituto de Engenharia"},"image":{"@id":"https:\/\/www.institutodeengenharia.org.br\/site\/#\/schema\/logo\/image\/"},"sameAs":["https:\/\/www.facebook.com\/institutodeengenharia","https:\/\/x.com\/iengenharia","https:\/\/www.instagram.com\/institutodeengenharia\/","https:\/\/www.linkedin.com\/company\/instituto-de-engenharia\/","https:\/\/www.youtube.com\/channel\/UCXiCAlsSMe977vamW915HxA"]},{"@type":"Person","@id":"https:\/\/www.institutodeengenharia.org.br\/site\/#\/schema\/person\/aeb64951c405e100d26d30b033dd423f","name":"Bianca","image":{"@type":"ImageObject","inLanguage":"pt-BR","@id":"https:\/\/secure.gravatar.com\/avatar\/a6fbe9bff57405baf4c1e2c5c1811e072b558253974a9f9508f4678900c97c2a?s=96&d=mm&r=g","url":"https:\/\/secure.gravatar.com\/avatar\/a6fbe9bff57405baf4c1e2c5c1811e072b558253974a9f9508f4678900c97c2a?s=96&d=mm&r=g","contentUrl":"https:\/\/secure.gravatar.com\/avatar\/a6fbe9bff57405baf4c1e2c5c1811e072b558253974a9f9508f4678900c97c2a?s=96&d=mm&r=g","caption":"Bianca"},"url":"https:\/\/www.institutodeengenharia.org.br\/site\/author\/comunicacao1\/"}]}},"_links":{"self":[{"href":"https:\/\/www.institutodeengenharia.org.br\/site\/wp-json\/wp\/v2\/posts\/39645","targetHints":{"allow":["GET"]}}],"collection":[{"href":"https:\/\/www.institutodeengenharia.org.br\/site\/wp-json\/wp\/v2\/posts"}],"about":[{"href":"https:\/\/www.institutodeengenharia.org.br\/site\/wp-json\/wp\/v2\/types\/post"}],"author":[{"embeddable":true,"href":"https:\/\/www.institutodeengenharia.org.br\/site\/wp-json\/wp\/v2\/users\/13"}],"replies":[{"embeddable":true,"href":"https:\/\/www.institutodeengenharia.org.br\/site\/wp-json\/wp\/v2\/comments?post=39645"}],"version-history":[{"count":1,"href":"https:\/\/www.institutodeengenharia.org.br\/site\/wp-json\/wp\/v2\/posts\/39645\/revisions"}],"predecessor-version":[{"id":39648,"href":"https:\/\/www.institutodeengenharia.org.br\/site\/wp-json\/wp\/v2\/posts\/39645\/revisions\/39648"}],"wp:featuredmedia":[{"embeddable":true,"href":"https:\/\/www.institutodeengenharia.org.br\/site\/wp-json\/wp\/v2\/media\/39647"}],"wp:attachment":[{"href":"https:\/\/www.institutodeengenharia.org.br\/site\/wp-json\/wp\/v2\/media?parent=39645"}],"wp:term":[{"taxonomy":"category","embeddable":true,"href":"https:\/\/www.institutodeengenharia.org.br\/site\/wp-json\/wp\/v2\/categories?post=39645"},{"taxonomy":"post_tag","embeddable":true,"href":"https:\/\/www.institutodeengenharia.org.br\/site\/wp-json\/wp\/v2\/tags?post=39645"}],"curies":[{"name":"wp","href":"https:\/\/api.w.org\/{rel}","templated":true}]}}