{"id":39614,"date":"2019-01-07T09:51:58","date_gmt":"2019-01-07T11:51:58","guid":{"rendered":"https:\/\/www.institutodeengenharia.org.br\/site\/?p=39614"},"modified":"2019-01-07T09:51:58","modified_gmt":"2019-01-07T11:51:58","slug":"estudantes-criam-um-veiculo-solar-com-a-maior-autonomia-alcancada-ate-o-momento-e-com-o-menor-custo","status":"publish","type":"post","link":"https:\/\/www.institutodeengenharia.org.br\/site\/2019\/01\/07\/estudantes-criam-um-veiculo-solar-com-a-maior-autonomia-alcancada-ate-o-momento-e-com-o-menor-custo\/","title":{"rendered":"Estudantes criam um ve\u00edculo solar com a maior autonomia alcan\u00e7ada at\u00e9 o momento e com o menor custo"},"content":{"rendered":"<p><span class=\"dropcap dropcap3\">U<\/span>m grupo de estudantes da Universidade de New South Wales(UNSW) conseguiu superar o recorde estabelecido em um carro solar: o ve\u00edculo passou de Perth a Sydney com apenas 42 euros.\u00a0Ou seja, 4100 quil\u00f4metros gastando apenas 3,25 quilowatts por 100 km.<\/p>\n<p>Apesar de v\u00e1rios contratempos no \u00faltimo ano, incluindo uma\u00a0falha\u00a0na\u00a0suspens\u00e3o traseira\u00a0durante o Bridgestone World Solar Challenge 2017 e um inc\u00eandio na bateria em outubro, a equipe de 14 alunos completou a jornada de 4100 km sem problemas e dois dias antes do previsto.<\/p>\n<p>\u201cEstou t\u00e3o animado que conseguimos\u201d, disse Courtney Morris, 20 anos, estudante de engenharia mec\u00e2nica.\u00a0\u201c\u00c9 sempre t\u00e3o estressante ver o carro que voc\u00ea construiu com as pr\u00f3prias m\u00e3os na estrada;\u00a0Estou sempre com medo de que algo possa mudar a qualquer momento, mas tudo correu muito bem e a din\u00e2mica do time foi \u00f3tima. \u201d<\/p>\n<p>O carro, chamado Violet, \u00e9 a sexta gera\u00e7\u00e3o carro solar constru\u00eddo por Sunswift, uma iniciativa liderada pelo estudante na UNSW, agora em seu 22\u00a0<sup>\u00ba<\/sup>\u00a0\u00a0ano.<\/p>\n<p>Para definir o recorde, a equipe teve que manter o consumo de energia do carro abaixo de 5,5 kWh\/100 km.\u00a0Consumo de energia real ao longo da viagem foi uma m\u00e9dia de 3.25kWh\/100km, que \u00e9 cerca de 17 vezes menos do que um carro australiano m\u00e9dio.\u00a0Viajando uma m\u00e9dia de 600 km por dia, Violet usou a mesma energia por dia que a de uma casa padr\u00e3o (20-24kWh).<\/p>\n<p>O pa\u00eds tem investido muito em energia solar, al\u00e9m dos carros na Austr\u00e1lia, j\u00e1 s\u00e3o instalados seis pain\u00e9is solares a cada minuto.\u00a0H\u00e1 um milh\u00e3o de casas usando algum sistema fotovoltaico.<\/p>\n<p>Veja como \u00e9 r\u00e1pido e f\u00e1cil instalar um sistema de energia solar [<a href=\"https:\/\/go.hotmart.com\/K5700391Q?ap=0aaa\" target=\"_blank\" rel=\"noopener\">acessando aqui<\/a>].<\/p>\n<p><em>Fonte Engenharia \u00c9<\/em><\/p>\n","protected":false},"excerpt":{"rendered":"<p>Um grupo de estudantes da Universidade de New South Wales(UNSW) conseguiu superar o recorde estabelecido em um carro solar: o ve\u00edculo passou de Perth a Sydney com apenas 42 euros.\u00a0Ou seja, 4100 quil\u00f4metros gastando apenas 3,25 quilowatts por 100 km. Apesar de v\u00e1rios contratempos no \u00faltimo ano, incluindo uma\u00a0falha\u00a0na\u00a0suspens\u00e3o traseira\u00a0durante o Bridgestone World Solar Challenge [&hellip;]<\/p>\n","protected":false},"author":13,"featured_media":39615,"comment_status":"open","ping_status":"open","sticky":false,"template":"","format":"standard","meta":{"footnotes":""},"categories":[40,972],"tags":[202],"class_list":{"0":"post-39614","1":"post","2":"type-post","3":"status-publish","4":"format-standard","5":"has-post-thumbnail","7":"category-tecnologia","8":"category-tecnologia-futuro","9":"tag-destaque"},"yoast_head":"<!-- This site is optimized with the Yoast SEO plugin v27.2 - https:\/\/yoast.com\/product\/yoast-seo-wordpress\/ -->\n<title>Estudantes criam um ve\u00edculo solar com a maior autonomia alcan\u00e7ada at\u00e9 o momento e com o menor custo - Instituto de Engenharia<\/title>\n<meta name=\"robots\" content=\"index, follow, max-snippet:-1, max-image-preview:large, max-video-preview:-1\" \/>\n<link rel=\"canonical\" href=\"https:\/\/www.institutodeengenharia.org.br\/site\/2019\/01\/07\/estudantes-criam-um-veiculo-solar-com-a-maior-autonomia-alcancada-ate-o-momento-e-com-o-menor-custo\/\" \/>\n<meta property=\"og:locale\" content=\"pt_BR\" \/>\n<meta property=\"og:type\" content=\"article\" \/>\n<meta property=\"og:title\" content=\"Estudantes criam um ve\u00edculo solar com a maior autonomia alcan\u00e7ada at\u00e9 o momento e com o menor custo - Instituto de Engenharia\" \/>\n<meta property=\"og:description\" content=\"Um grupo de estudantes da Universidade de New South Wales(UNSW) conseguiu superar o recorde estabelecido em um carro solar: o ve\u00edculo passou de Perth a Sydney com apenas 42 euros.\u00a0Ou seja, 4100 quil\u00f4metros gastando apenas 3,25 quilowatts por 100 km. Apesar de v\u00e1rios contratempos no \u00faltimo ano, incluindo uma\u00a0falha\u00a0na\u00a0suspens\u00e3o traseira\u00a0durante o Bridgestone World Solar Challenge [&hellip;]\" \/>\n<meta property=\"og:url\" content=\"https:\/\/www.institutodeengenharia.org.br\/site\/2019\/01\/07\/estudantes-criam-um-veiculo-solar-com-a-maior-autonomia-alcancada-ate-o-momento-e-com-o-menor-custo\/\" \/>\n<meta property=\"og:site_name\" content=\"Instituto de Engenharia\" \/>\n<meta property=\"article:publisher\" content=\"https:\/\/www.facebook.com\/institutodeengenharia\" \/>\n<meta property=\"article:published_time\" content=\"2019-01-07T11:51:58+00:00\" \/>\n<meta property=\"og:image\" content=\"https:\/\/www.institutodeengenharia.org.br\/site\/wp-content\/uploads\/2019\/01\/sunswift_carro-solar.jpg\" \/>\n\t<meta property=\"og:image:width\" content=\"563\" \/>\n\t<meta property=\"og:image:height\" content=\"397\" \/>\n\t<meta property=\"og:image:type\" content=\"image\/jpeg\" \/>\n<meta name=\"author\" content=\"Bianca\" \/>\n<meta name=\"twitter:card\" content=\"summary_large_image\" \/>\n<meta name=\"twitter:creator\" content=\"@iengenharia\" \/>\n<meta name=\"twitter:site\" content=\"@iengenharia\" \/>\n<meta name=\"twitter:label1\" content=\"Escrito por\" \/>\n\t<meta name=\"twitter:data1\" content=\"Bianca\" \/>\n\t<meta name=\"twitter:label2\" content=\"Est. tempo de leitura\" \/>\n\t<meta name=\"twitter:data2\" content=\"1 minuto\" \/>\n<script type=\"application\/ld+json\" class=\"yoast-schema-graph\">{\"@context\":\"https:\/\/schema.org\",\"@graph\":[{\"@type\":\"Article\",\"@id\":\"https:\/\/www.institutodeengenharia.org.br\/site\/2019\/01\/07\/estudantes-criam-um-veiculo-solar-com-a-maior-autonomia-alcancada-ate-o-momento-e-com-o-menor-custo\/#article\",\"isPartOf\":{\"@id\":\"https:\/\/www.institutodeengenharia.org.br\/site\/2019\/01\/07\/estudantes-criam-um-veiculo-solar-com-a-maior-autonomia-alcancada-ate-o-momento-e-com-o-menor-custo\/\"},\"author\":{\"name\":\"Bianca\",\"@id\":\"https:\/\/www.institutodeengenharia.org.br\/site\/#\/schema\/person\/aeb64951c405e100d26d30b033dd423f\"},\"headline\":\"Estudantes criam um ve\u00edculo solar com a maior autonomia alcan\u00e7ada at\u00e9 o momento e com o menor custo\",\"datePublished\":\"2019-01-07T11:51:58+00:00\",\"mainEntityOfPage\":{\"@id\":\"https:\/\/www.institutodeengenharia.org.br\/site\/2019\/01\/07\/estudantes-criam-um-veiculo-solar-com-a-maior-autonomia-alcancada-ate-o-momento-e-com-o-menor-custo\/\"},\"wordCount\":313,\"commentCount\":0,\"publisher\":{\"@id\":\"https:\/\/www.institutodeengenharia.org.br\/site\/#organization\"},\"image\":{\"@id\":\"https:\/\/www.institutodeengenharia.org.br\/site\/2019\/01\/07\/estudantes-criam-um-veiculo-solar-com-a-maior-autonomia-alcancada-ate-o-momento-e-com-o-menor-custo\/#primaryimage\"},\"thumbnailUrl\":\"https:\/\/www.institutodeengenharia.org.br\/site\/wp-content\/uploads\/2019\/01\/sunswift_carro-solar.jpg\",\"keywords\":[\"+ Destaque\"],\"articleSection\":[\"Tecnologia\",\"Tecnologia\"],\"inLanguage\":\"pt-BR\",\"potentialAction\":[{\"@type\":\"CommentAction\",\"name\":\"Comment\",\"target\":[\"https:\/\/www.institutodeengenharia.org.br\/site\/2019\/01\/07\/estudantes-criam-um-veiculo-solar-com-a-maior-autonomia-alcancada-ate-o-momento-e-com-o-menor-custo\/#respond\"]}]},{\"@type\":\"WebPage\",\"@id\":\"https:\/\/www.institutodeengenharia.org.br\/site\/2019\/01\/07\/estudantes-criam-um-veiculo-solar-com-a-maior-autonomia-alcancada-ate-o-momento-e-com-o-menor-custo\/\",\"url\":\"https:\/\/www.institutodeengenharia.org.br\/site\/2019\/01\/07\/estudantes-criam-um-veiculo-solar-com-a-maior-autonomia-alcancada-ate-o-momento-e-com-o-menor-custo\/\",\"name\":\"Estudantes criam um ve\u00edculo solar com a maior autonomia alcan\u00e7ada at\u00e9 o momento e com o menor custo - Instituto de Engenharia\",\"isPartOf\":{\"@id\":\"https:\/\/www.institutodeengenharia.org.br\/site\/#website\"},\"primaryImageOfPage\":{\"@id\":\"https:\/\/www.institutodeengenharia.org.br\/site\/2019\/01\/07\/estudantes-criam-um-veiculo-solar-com-a-maior-autonomia-alcancada-ate-o-momento-e-com-o-menor-custo\/#primaryimage\"},\"image\":{\"@id\":\"https:\/\/www.institutodeengenharia.org.br\/site\/2019\/01\/07\/estudantes-criam-um-veiculo-solar-com-a-maior-autonomia-alcancada-ate-o-momento-e-com-o-menor-custo\/#primaryimage\"},\"thumbnailUrl\":\"https:\/\/www.institutodeengenharia.org.br\/site\/wp-content\/uploads\/2019\/01\/sunswift_carro-solar.jpg\",\"datePublished\":\"2019-01-07T11:51:58+00:00\",\"breadcrumb\":{\"@id\":\"https:\/\/www.institutodeengenharia.org.br\/site\/2019\/01\/07\/estudantes-criam-um-veiculo-solar-com-a-maior-autonomia-alcancada-ate-o-momento-e-com-o-menor-custo\/#breadcrumb\"},\"inLanguage\":\"pt-BR\",\"potentialAction\":[{\"@type\":\"ReadAction\",\"target\":[\"https:\/\/www.institutodeengenharia.org.br\/site\/2019\/01\/07\/estudantes-criam-um-veiculo-solar-com-a-maior-autonomia-alcancada-ate-o-momento-e-com-o-menor-custo\/\"]}]},{\"@type\":\"ImageObject\",\"inLanguage\":\"pt-BR\",\"@id\":\"https:\/\/www.institutodeengenharia.org.br\/site\/2019\/01\/07\/estudantes-criam-um-veiculo-solar-com-a-maior-autonomia-alcancada-ate-o-momento-e-com-o-menor-custo\/#primaryimage\",\"url\":\"https:\/\/www.institutodeengenharia.org.br\/site\/wp-content\/uploads\/2019\/01\/sunswift_carro-solar.jpg\",\"contentUrl\":\"https:\/\/www.institutodeengenharia.org.br\/site\/wp-content\/uploads\/2019\/01\/sunswift_carro-solar.jpg\",\"width\":563,\"height\":397},{\"@type\":\"BreadcrumbList\",\"@id\":\"https:\/\/www.institutodeengenharia.org.br\/site\/2019\/01\/07\/estudantes-criam-um-veiculo-solar-com-a-maior-autonomia-alcancada-ate-o-momento-e-com-o-menor-custo\/#breadcrumb\",\"itemListElement\":[{\"@type\":\"ListItem\",\"position\":1,\"name\":\"In\u00edcio\",\"item\":\"https:\/\/www.institutodeengenharia.org.br\/site\/\"},{\"@type\":\"ListItem\",\"position\":2,\"name\":\"Estudantes criam um ve\u00edculo solar com a maior autonomia alcan\u00e7ada at\u00e9 o momento e com o menor custo\"}]},{\"@type\":\"WebSite\",\"@id\":\"https:\/\/www.institutodeengenharia.org.br\/site\/#website\",\"url\":\"https:\/\/www.institutodeengenharia.org.br\/site\/\",\"name\":\"Instituto de Engenharia\",\"description\":\"O Instituto de Engenharia promove a Engenharia em benef\u00edcio do desenvolvimento e da qualidade de vida da sociedade.\",\"publisher\":{\"@id\":\"https:\/\/www.institutodeengenharia.org.br\/site\/#organization\"},\"potentialAction\":[{\"@type\":\"SearchAction\",\"target\":{\"@type\":\"EntryPoint\",\"urlTemplate\":\"https:\/\/www.institutodeengenharia.org.br\/site\/?s={search_term_string}\"},\"query-input\":{\"@type\":\"PropertyValueSpecification\",\"valueRequired\":true,\"valueName\":\"search_term_string\"}}],\"inLanguage\":\"pt-BR\"},{\"@type\":\"Organization\",\"@id\":\"https:\/\/www.institutodeengenharia.org.br\/site\/#organization\",\"name\":\"Instituto de Engenharia\",\"url\":\"https:\/\/www.institutodeengenharia.org.br\/site\/\",\"logo\":{\"@type\":\"ImageObject\",\"inLanguage\":\"pt-BR\",\"@id\":\"https:\/\/www.institutodeengenharia.org.br\/site\/#\/schema\/logo\/image\/\",\"url\":\"https:\/\/www.institutodeengenharia.org.br\/site\/wp-content\/uploads\/2019\/03\/logo-novo-IE2018-1.jpg\",\"contentUrl\":\"https:\/\/www.institutodeengenharia.org.br\/site\/wp-content\/uploads\/2019\/03\/logo-novo-IE2018-1.jpg\",\"width\":1486,\"height\":1879,\"caption\":\"Instituto de Engenharia\"},\"image\":{\"@id\":\"https:\/\/www.institutodeengenharia.org.br\/site\/#\/schema\/logo\/image\/\"},\"sameAs\":[\"https:\/\/www.facebook.com\/institutodeengenharia\",\"https:\/\/x.com\/iengenharia\",\"https:\/\/www.instagram.com\/institutodeengenharia\/\",\"https:\/\/www.linkedin.com\/company\/instituto-de-engenharia\/\",\"https:\/\/www.youtube.com\/channel\/UCXiCAlsSMe977vamW915HxA\"]},{\"@type\":\"Person\",\"@id\":\"https:\/\/www.institutodeengenharia.org.br\/site\/#\/schema\/person\/aeb64951c405e100d26d30b033dd423f\",\"name\":\"Bianca\",\"image\":{\"@type\":\"ImageObject\",\"inLanguage\":\"pt-BR\",\"@id\":\"https:\/\/secure.gravatar.com\/avatar\/a6fbe9bff57405baf4c1e2c5c1811e072b558253974a9f9508f4678900c97c2a?s=96&d=mm&r=g\",\"url\":\"https:\/\/secure.gravatar.com\/avatar\/a6fbe9bff57405baf4c1e2c5c1811e072b558253974a9f9508f4678900c97c2a?s=96&d=mm&r=g\",\"contentUrl\":\"https:\/\/secure.gravatar.com\/avatar\/a6fbe9bff57405baf4c1e2c5c1811e072b558253974a9f9508f4678900c97c2a?s=96&d=mm&r=g\",\"caption\":\"Bianca\"},\"url\":\"https:\/\/www.institutodeengenharia.org.br\/site\/author\/comunicacao1\/\"}]}<\/script>\n<!-- \/ Yoast SEO plugin. -->","yoast_head_json":{"title":"Estudantes criam um ve\u00edculo solar com a maior autonomia alcan\u00e7ada at\u00e9 o momento e com o menor custo - Instituto de Engenharia","robots":{"index":"index","follow":"follow","max-snippet":"max-snippet:-1","max-image-preview":"max-image-preview:large","max-video-preview":"max-video-preview:-1"},"canonical":"https:\/\/www.institutodeengenharia.org.br\/site\/2019\/01\/07\/estudantes-criam-um-veiculo-solar-com-a-maior-autonomia-alcancada-ate-o-momento-e-com-o-menor-custo\/","og_locale":"pt_BR","og_type":"article","og_title":"Estudantes criam um ve\u00edculo solar com a maior autonomia alcan\u00e7ada at\u00e9 o momento e com o menor custo - Instituto de Engenharia","og_description":"Um grupo de estudantes da Universidade de New South Wales(UNSW) conseguiu superar o recorde estabelecido em um carro solar: o ve\u00edculo passou de Perth a Sydney com apenas 42 euros.\u00a0Ou seja, 4100 quil\u00f4metros gastando apenas 3,25 quilowatts por 100 km. Apesar de v\u00e1rios contratempos no \u00faltimo ano, incluindo uma\u00a0falha\u00a0na\u00a0suspens\u00e3o traseira\u00a0durante o Bridgestone World Solar Challenge [&hellip;]","og_url":"https:\/\/www.institutodeengenharia.org.br\/site\/2019\/01\/07\/estudantes-criam-um-veiculo-solar-com-a-maior-autonomia-alcancada-ate-o-momento-e-com-o-menor-custo\/","og_site_name":"Instituto de Engenharia","article_publisher":"https:\/\/www.facebook.com\/institutodeengenharia","article_published_time":"2019-01-07T11:51:58+00:00","og_image":[{"width":563,"height":397,"url":"https:\/\/www.institutodeengenharia.org.br\/site\/wp-content\/uploads\/2019\/01\/sunswift_carro-solar.jpg","type":"image\/jpeg"}],"author":"Bianca","twitter_card":"summary_large_image","twitter_creator":"@iengenharia","twitter_site":"@iengenharia","twitter_misc":{"Escrito por":"Bianca","Est. tempo de leitura":"1 minuto"},"schema":{"@context":"https:\/\/schema.org","@graph":[{"@type":"Article","@id":"https:\/\/www.institutodeengenharia.org.br\/site\/2019\/01\/07\/estudantes-criam-um-veiculo-solar-com-a-maior-autonomia-alcancada-ate-o-momento-e-com-o-menor-custo\/#article","isPartOf":{"@id":"https:\/\/www.institutodeengenharia.org.br\/site\/2019\/01\/07\/estudantes-criam-um-veiculo-solar-com-a-maior-autonomia-alcancada-ate-o-momento-e-com-o-menor-custo\/"},"author":{"name":"Bianca","@id":"https:\/\/www.institutodeengenharia.org.br\/site\/#\/schema\/person\/aeb64951c405e100d26d30b033dd423f"},"headline":"Estudantes criam um ve\u00edculo solar com a maior autonomia alcan\u00e7ada at\u00e9 o momento e com o menor custo","datePublished":"2019-01-07T11:51:58+00:00","mainEntityOfPage":{"@id":"https:\/\/www.institutodeengenharia.org.br\/site\/2019\/01\/07\/estudantes-criam-um-veiculo-solar-com-a-maior-autonomia-alcancada-ate-o-momento-e-com-o-menor-custo\/"},"wordCount":313,"commentCount":0,"publisher":{"@id":"https:\/\/www.institutodeengenharia.org.br\/site\/#organization"},"image":{"@id":"https:\/\/www.institutodeengenharia.org.br\/site\/2019\/01\/07\/estudantes-criam-um-veiculo-solar-com-a-maior-autonomia-alcancada-ate-o-momento-e-com-o-menor-custo\/#primaryimage"},"thumbnailUrl":"https:\/\/www.institutodeengenharia.org.br\/site\/wp-content\/uploads\/2019\/01\/sunswift_carro-solar.jpg","keywords":["+ Destaque"],"articleSection":["Tecnologia","Tecnologia"],"inLanguage":"pt-BR","potentialAction":[{"@type":"CommentAction","name":"Comment","target":["https:\/\/www.institutodeengenharia.org.br\/site\/2019\/01\/07\/estudantes-criam-um-veiculo-solar-com-a-maior-autonomia-alcancada-ate-o-momento-e-com-o-menor-custo\/#respond"]}]},{"@type":"WebPage","@id":"https:\/\/www.institutodeengenharia.org.br\/site\/2019\/01\/07\/estudantes-criam-um-veiculo-solar-com-a-maior-autonomia-alcancada-ate-o-momento-e-com-o-menor-custo\/","url":"https:\/\/www.institutodeengenharia.org.br\/site\/2019\/01\/07\/estudantes-criam-um-veiculo-solar-com-a-maior-autonomia-alcancada-ate-o-momento-e-com-o-menor-custo\/","name":"Estudantes criam um ve\u00edculo solar com a maior autonomia alcan\u00e7ada at\u00e9 o momento e com o menor custo - Instituto de Engenharia","isPartOf":{"@id":"https:\/\/www.institutodeengenharia.org.br\/site\/#website"},"primaryImageOfPage":{"@id":"https:\/\/www.institutodeengenharia.org.br\/site\/2019\/01\/07\/estudantes-criam-um-veiculo-solar-com-a-maior-autonomia-alcancada-ate-o-momento-e-com-o-menor-custo\/#primaryimage"},"image":{"@id":"https:\/\/www.institutodeengenharia.org.br\/site\/2019\/01\/07\/estudantes-criam-um-veiculo-solar-com-a-maior-autonomia-alcancada-ate-o-momento-e-com-o-menor-custo\/#primaryimage"},"thumbnailUrl":"https:\/\/www.institutodeengenharia.org.br\/site\/wp-content\/uploads\/2019\/01\/sunswift_carro-solar.jpg","datePublished":"2019-01-07T11:51:58+00:00","breadcrumb":{"@id":"https:\/\/www.institutodeengenharia.org.br\/site\/2019\/01\/07\/estudantes-criam-um-veiculo-solar-com-a-maior-autonomia-alcancada-ate-o-momento-e-com-o-menor-custo\/#breadcrumb"},"inLanguage":"pt-BR","potentialAction":[{"@type":"ReadAction","target":["https:\/\/www.institutodeengenharia.org.br\/site\/2019\/01\/07\/estudantes-criam-um-veiculo-solar-com-a-maior-autonomia-alcancada-ate-o-momento-e-com-o-menor-custo\/"]}]},{"@type":"ImageObject","inLanguage":"pt-BR","@id":"https:\/\/www.institutodeengenharia.org.br\/site\/2019\/01\/07\/estudantes-criam-um-veiculo-solar-com-a-maior-autonomia-alcancada-ate-o-momento-e-com-o-menor-custo\/#primaryimage","url":"https:\/\/www.institutodeengenharia.org.br\/site\/wp-content\/uploads\/2019\/01\/sunswift_carro-solar.jpg","contentUrl":"https:\/\/www.institutodeengenharia.org.br\/site\/wp-content\/uploads\/2019\/01\/sunswift_carro-solar.jpg","width":563,"height":397},{"@type":"BreadcrumbList","@id":"https:\/\/www.institutodeengenharia.org.br\/site\/2019\/01\/07\/estudantes-criam-um-veiculo-solar-com-a-maior-autonomia-alcancada-ate-o-momento-e-com-o-menor-custo\/#breadcrumb","itemListElement":[{"@type":"ListItem","position":1,"name":"In\u00edcio","item":"https:\/\/www.institutodeengenharia.org.br\/site\/"},{"@type":"ListItem","position":2,"name":"Estudantes criam um ve\u00edculo solar com a maior autonomia alcan\u00e7ada at\u00e9 o momento e com o menor custo"}]},{"@type":"WebSite","@id":"https:\/\/www.institutodeengenharia.org.br\/site\/#website","url":"https:\/\/www.institutodeengenharia.org.br\/site\/","name":"Instituto de Engenharia","description":"O Instituto de Engenharia promove a Engenharia em benef\u00edcio do desenvolvimento e da qualidade de vida da sociedade.","publisher":{"@id":"https:\/\/www.institutodeengenharia.org.br\/site\/#organization"},"potentialAction":[{"@type":"SearchAction","target":{"@type":"EntryPoint","urlTemplate":"https:\/\/www.institutodeengenharia.org.br\/site\/?s={search_term_string}"},"query-input":{"@type":"PropertyValueSpecification","valueRequired":true,"valueName":"search_term_string"}}],"inLanguage":"pt-BR"},{"@type":"Organization","@id":"https:\/\/www.institutodeengenharia.org.br\/site\/#organization","name":"Instituto de Engenharia","url":"https:\/\/www.institutodeengenharia.org.br\/site\/","logo":{"@type":"ImageObject","inLanguage":"pt-BR","@id":"https:\/\/www.institutodeengenharia.org.br\/site\/#\/schema\/logo\/image\/","url":"https:\/\/www.institutodeengenharia.org.br\/site\/wp-content\/uploads\/2019\/03\/logo-novo-IE2018-1.jpg","contentUrl":"https:\/\/www.institutodeengenharia.org.br\/site\/wp-content\/uploads\/2019\/03\/logo-novo-IE2018-1.jpg","width":1486,"height":1879,"caption":"Instituto de Engenharia"},"image":{"@id":"https:\/\/www.institutodeengenharia.org.br\/site\/#\/schema\/logo\/image\/"},"sameAs":["https:\/\/www.facebook.com\/institutodeengenharia","https:\/\/x.com\/iengenharia","https:\/\/www.instagram.com\/institutodeengenharia\/","https:\/\/www.linkedin.com\/company\/instituto-de-engenharia\/","https:\/\/www.youtube.com\/channel\/UCXiCAlsSMe977vamW915HxA"]},{"@type":"Person","@id":"https:\/\/www.institutodeengenharia.org.br\/site\/#\/schema\/person\/aeb64951c405e100d26d30b033dd423f","name":"Bianca","image":{"@type":"ImageObject","inLanguage":"pt-BR","@id":"https:\/\/secure.gravatar.com\/avatar\/a6fbe9bff57405baf4c1e2c5c1811e072b558253974a9f9508f4678900c97c2a?s=96&d=mm&r=g","url":"https:\/\/secure.gravatar.com\/avatar\/a6fbe9bff57405baf4c1e2c5c1811e072b558253974a9f9508f4678900c97c2a?s=96&d=mm&r=g","contentUrl":"https:\/\/secure.gravatar.com\/avatar\/a6fbe9bff57405baf4c1e2c5c1811e072b558253974a9f9508f4678900c97c2a?s=96&d=mm&r=g","caption":"Bianca"},"url":"https:\/\/www.institutodeengenharia.org.br\/site\/author\/comunicacao1\/"}]}},"_links":{"self":[{"href":"https:\/\/www.institutodeengenharia.org.br\/site\/wp-json\/wp\/v2\/posts\/39614","targetHints":{"allow":["GET"]}}],"collection":[{"href":"https:\/\/www.institutodeengenharia.org.br\/site\/wp-json\/wp\/v2\/posts"}],"about":[{"href":"https:\/\/www.institutodeengenharia.org.br\/site\/wp-json\/wp\/v2\/types\/post"}],"author":[{"embeddable":true,"href":"https:\/\/www.institutodeengenharia.org.br\/site\/wp-json\/wp\/v2\/users\/13"}],"replies":[{"embeddable":true,"href":"https:\/\/www.institutodeengenharia.org.br\/site\/wp-json\/wp\/v2\/comments?post=39614"}],"version-history":[{"count":1,"href":"https:\/\/www.institutodeengenharia.org.br\/site\/wp-json\/wp\/v2\/posts\/39614\/revisions"}],"predecessor-version":[{"id":39616,"href":"https:\/\/www.institutodeengenharia.org.br\/site\/wp-json\/wp\/v2\/posts\/39614\/revisions\/39616"}],"wp:featuredmedia":[{"embeddable":true,"href":"https:\/\/www.institutodeengenharia.org.br\/site\/wp-json\/wp\/v2\/media\/39615"}],"wp:attachment":[{"href":"https:\/\/www.institutodeengenharia.org.br\/site\/wp-json\/wp\/v2\/media?parent=39614"}],"wp:term":[{"taxonomy":"category","embeddable":true,"href":"https:\/\/www.institutodeengenharia.org.br\/site\/wp-json\/wp\/v2\/categories?post=39614"},{"taxonomy":"post_tag","embeddable":true,"href":"https:\/\/www.institutodeengenharia.org.br\/site\/wp-json\/wp\/v2\/tags?post=39614"}],"curies":[{"name":"wp","href":"https:\/\/api.w.org\/{rel}","templated":true}]}}