{"id":39473,"date":"2018-12-14T13:59:44","date_gmt":"2018-12-14T15:59:44","guid":{"rendered":"https:\/\/www.institutodeengenharia.org.br\/site\/?p=39473"},"modified":"2018-12-14T14:14:20","modified_gmt":"2018-12-14T16:14:20","slug":"marinha-lanca-novo-submarino-riachuelo","status":"publish","type":"post","link":"https:\/\/www.institutodeengenharia.org.br\/site\/2018\/12\/14\/marinha-lanca-novo-submarino-riachuelo\/","title":{"rendered":"Marinha lan\u00e7a novo submarino Riachuelo"},"content":{"rendered":"<p>O primeiro de uma frota de quatro novos submarinos de ataque da <strong>Marinha do Brasil\u00a0<\/strong>entra nesta sexta-feira, 14,\u00a0no mar pela primeira vez, \u00e0s 9h30, no <strong>Complexo Naval de Itagua\u00ed<\/strong>, litoral sul do Rio. O lan\u00e7amento do S-40 Riachuelo ter\u00e1 a presen\u00e7a do presidente\u00a0<strong>Michel Temer<\/strong>, o eleito <strong>Jair Bolsonaro<\/strong> e 23 autoridades dos tr\u00eas poderes al\u00e9m dos convidados, segundo o cerimonial do Pal\u00e1cio do Planalto.<\/p>\n<p>Os submarinos s\u00e3o de tecnologia francesa, transferida e parcialmente modificada por especialistas brasileiros \u2013 por isso <strong>Emmanuel Macron<\/strong>, o presidente da Fran\u00e7a, era esperado para a solenidade. A crise dos \u201ccoletes amarelos\u201d e as press\u00f5es da oposi\u00e7\u00e3o no Legislativo fizeram Macron desistir da viagem.<\/p>\n<div class=\"mm_conteudo blog-multimidia foto loaded\" data-config=\"{&quot;tipo&quot;:&quot;FOTO&quot;,&quot;id&quot;:&quot;952170&quot;,&quot;provider&quot;:&quot;AGILE&quot;}\">\n<figure class=\"n--noticia__image modulo-noticia\"><figcaption><img loading=\"lazy\" decoding=\"async\" src=\"https:\/\/especiais.zh.clicrbs.com.br\/especiais\/submarino-riachuelo\/assets\/submarino-motor.jpg\" width=\"1154\" height=\"899\" \/><\/figcaption><\/figure>\n<\/div>\n<p>&nbsp;<\/p>\n<p>O Prosub, programa de capacita\u00e7\u00e3o da for\u00e7a naval, come\u00e7ou h\u00e1 10 anos. A meta \u00e9 a produ\u00e7\u00e3o de cinco navios \u2013 quatro muito avan\u00e7ados, da classe Scorp\u00e9ne, de propuls\u00e3o por motores diesel-el\u00e9tricos, e um quinto submarino, de 6 mil toneladas, movido por energia nuclear, que ser\u00e1 conclu\u00eddo at\u00e9 2029. Os modelos convencionais ser\u00e3o conclu\u00eddos at\u00e9 2022. Em Itagua\u00ed, da \u00e1rea de mais de 1 milh\u00e3o de m\u00b2, cerca de 750 mil m\u00b2 s\u00e3o ocupados pelo novo estaleiro, mais um \u201cespa\u00e7o liquido\u201d de manobra. O investimento, ao longo de 20 anos, vai bater em R$ 37 bilh\u00f5es. At\u00e9 o final do ano, ter\u00e3o sido aplicados R$ 17 bilh\u00f5es.<\/p>\n<p>O Riachuelo, de 75 metros, 2.200 toneladas, \u00e9 alto como um pr\u00e9dio de quatro andares e tem grande poder de fogo \u2013 por meio de lan\u00e7adores de torpedos de 533 mm, m\u00edsseis antinavio e dispositivos para minagem \u2013, ainda ter\u00e1 pela frente dois anos de testes e provas de mar. Vai ter de fazer, agora, algumas coisas que n\u00e3o repetir\u00e1 em opera\u00e7\u00e3o, como navegar \u00e0 velocidade m\u00e1xima por muitas horas \u2013 acima de 37 km\/hora submerso, 22 km\/hora na superf\u00edcie \u2013, a grandes dist\u00e2ncias; emergir em \u00e2ngulo vertical agudo, submergir em condi\u00e7\u00e3o cr\u00edtica. \u2018Viver\u00e1\u2019 batalhas e cercos virtuais de combate. Far\u00e1 disparos de todas as suas armas e ensaiar\u00e1 a sa\u00edda e o resgate de times de mergulhadores de combate.<\/p>\n<p>Haver\u00e1 exerc\u00edcios de inc\u00eandio, de naufr\u00e1gio e de a\u00e7\u00f5es furtivas dedicadas \u00e0 intelig\u00eancia. O jogo de gato e rato do ataque contra inimigos e da defesa contra inimigos passar\u00e1 a fazer parte da rotina di\u00e1ria. O mergulho no limite de seguran\u00e7a de 350 metros ter\u00e1 de ser superado at\u00e9 um ponto que \u00e9 considerado informa\u00e7\u00e3o secreta. S\u00f3 depois disso tudo o S-40 poder\u00e1 cumprir a miss\u00e3o para a qual foi destinado \u2013 o controle das \u00e1guas oce\u00e2nicas de interesse do Pa\u00eds.<\/p>\n<p>A Marinha utiliza quatro submarinos da classe Tupi, de tecnologia alem\u00e3, comprados nos anos 70. Tem mais um, o Tikuna, de concep\u00e7\u00e3o dos engenheiros do estaleiro da Ilha das Cobras, no Rio. Tomando como refer\u00eancia os navios anteriores, tr\u00eas dos quais constru\u00eddos no Brasil, a equipe especificou uma nova classe. Toda a flotilha precisa passar por procedimentos de revitaliza\u00e7\u00e3o. N\u00e3o h\u00e1 informa\u00e7\u00f5es a respeito da disposi\u00e7\u00e3o atual das unidades, de 30 anos em m\u00e9dia. O projeto original do Sc\u00f3rpene foi modificado para atender necessidades brasileiras. O submarino cresceu cerca de cinco metros e ganhou cerca de 400 toneladas.<\/p>\n<p>Os pr\u00f3ximos navios ser\u00e3o o S-41 Humait\u00e1, S-42 Tonelero e o S-43 Angostura. Em 2016 a Procuradoria Geral da Rep\u00fablica determinou investiga\u00e7\u00f5es sobre um poss\u00edvel superfaturamento de R$ 2,8 bilh\u00f5es no Prosub. A Marinha nega, e destaca que \u201cn\u00e3o conhece qualquer irregularidade\u201d nos contratos firmados com a Odebrecht Defesa e Tecnologia, parceira brasileira do Naval Group, franc\u00eas. As obras s\u00e3o acompanhadas pelo Tribunal de Contas da Uni\u00e3o (TCU) e por peritos da Funda\u00e7\u00e3o Get\u00falio Vargas (FGV).<\/p>\n<p><em>Fonte: Estad\u00e3o<\/em><\/p>\n","protected":false},"excerpt":{"rendered":"<p>O primeiro de uma frota de quatro novos submarinos de ataque da Marinha do Brasil\u00a0entra nesta sexta-feira, 14,\u00a0no mar pela primeira vez, \u00e0s 9h30, no Complexo Naval de Itagua\u00ed, litoral sul do Rio. O lan\u00e7amento do S-40 Riachuelo ter\u00e1 a presen\u00e7a do presidente\u00a0Michel Temer, o eleito Jair Bolsonaro e 23 autoridades dos tr\u00eas poderes al\u00e9m [&hellip;]<\/p>\n","protected":false},"author":14,"featured_media":39475,"comment_status":"open","ping_status":"open","sticky":false,"template":"","format":"standard","meta":{"footnotes":""},"categories":[972],"tags":[202],"class_list":{"0":"post-39473","1":"post","2":"type-post","3":"status-publish","4":"format-standard","5":"has-post-thumbnail","7":"category-tecnologia-futuro","8":"tag-destaque"},"yoast_head":"<!-- This site is optimized with the Yoast SEO plugin v27.2 - https:\/\/yoast.com\/product\/yoast-seo-wordpress\/ -->\n<title>Marinha lan\u00e7a novo submarino Riachuelo - Instituto de Engenharia<\/title>\n<meta name=\"robots\" content=\"index, follow, max-snippet:-1, max-image-preview:large, max-video-preview:-1\" \/>\n<link rel=\"canonical\" href=\"https:\/\/www.institutodeengenharia.org.br\/site\/2018\/12\/14\/marinha-lanca-novo-submarino-riachuelo\/\" \/>\n<meta property=\"og:locale\" content=\"pt_BR\" \/>\n<meta property=\"og:type\" content=\"article\" \/>\n<meta property=\"og:title\" content=\"Marinha lan\u00e7a novo submarino Riachuelo - Instituto de Engenharia\" \/>\n<meta property=\"og:description\" content=\"O primeiro de uma frota de quatro novos submarinos de ataque da Marinha do Brasil\u00a0entra nesta sexta-feira, 14,\u00a0no mar pela primeira vez, \u00e0s 9h30, no Complexo Naval de Itagua\u00ed, litoral sul do Rio. O lan\u00e7amento do S-40 Riachuelo ter\u00e1 a presen\u00e7a do presidente\u00a0Michel Temer, o eleito Jair Bolsonaro e 23 autoridades dos tr\u00eas poderes al\u00e9m [&hellip;]\" \/>\n<meta property=\"og:url\" content=\"https:\/\/www.institutodeengenharia.org.br\/site\/2018\/12\/14\/marinha-lanca-novo-submarino-riachuelo\/\" \/>\n<meta property=\"og:site_name\" content=\"Instituto de Engenharia\" \/>\n<meta property=\"article:publisher\" content=\"https:\/\/www.facebook.com\/institutodeengenharia\" \/>\n<meta property=\"article:published_time\" content=\"2018-12-14T15:59:44+00:00\" \/>\n<meta property=\"article:modified_time\" content=\"2018-12-14T16:14:20+00:00\" \/>\n<meta property=\"og:image\" content=\"https:\/\/www.institutodeengenharia.org.br\/site\/wp-content\/uploads\/2018\/12\/trrrr.jpg\" \/>\n\t<meta property=\"og:image:width\" content=\"932\" \/>\n\t<meta property=\"og:image:height\" content=\"621\" \/>\n\t<meta property=\"og:image:type\" content=\"image\/jpeg\" \/>\n<meta name=\"author\" content=\"Isabel\" \/>\n<meta name=\"twitter:card\" content=\"summary_large_image\" \/>\n<meta name=\"twitter:creator\" content=\"@iengenharia\" \/>\n<meta name=\"twitter:site\" content=\"@iengenharia\" \/>\n<meta name=\"twitter:label1\" content=\"Escrito por\" \/>\n\t<meta name=\"twitter:data1\" content=\"Isabel\" \/>\n\t<meta name=\"twitter:label2\" content=\"Est. tempo de leitura\" \/>\n\t<meta name=\"twitter:data2\" content=\"3 minutos\" \/>\n<script type=\"application\/ld+json\" class=\"yoast-schema-graph\">{\"@context\":\"https:\/\/schema.org\",\"@graph\":[{\"@type\":\"Article\",\"@id\":\"https:\/\/www.institutodeengenharia.org.br\/site\/2018\/12\/14\/marinha-lanca-novo-submarino-riachuelo\/#article\",\"isPartOf\":{\"@id\":\"https:\/\/www.institutodeengenharia.org.br\/site\/2018\/12\/14\/marinha-lanca-novo-submarino-riachuelo\/\"},\"author\":{\"name\":\"Isabel\",\"@id\":\"https:\/\/www.institutodeengenharia.org.br\/site\/#\/schema\/person\/593dc356630173a4877a635d3e5fd76b\"},\"headline\":\"Marinha lan\u00e7a novo submarino Riachuelo\",\"datePublished\":\"2018-12-14T15:59:44+00:00\",\"dateModified\":\"2018-12-14T16:14:20+00:00\",\"mainEntityOfPage\":{\"@id\":\"https:\/\/www.institutodeengenharia.org.br\/site\/2018\/12\/14\/marinha-lanca-novo-submarino-riachuelo\/\"},\"wordCount\":641,\"commentCount\":0,\"publisher\":{\"@id\":\"https:\/\/www.institutodeengenharia.org.br\/site\/#organization\"},\"image\":{\"@id\":\"https:\/\/www.institutodeengenharia.org.br\/site\/2018\/12\/14\/marinha-lanca-novo-submarino-riachuelo\/#primaryimage\"},\"thumbnailUrl\":\"https:\/\/www.institutodeengenharia.org.br\/site\/wp-content\/uploads\/2018\/12\/trrrr.jpg\",\"keywords\":[\"+ Destaque\"],\"articleSection\":[\"Tecnologia\"],\"inLanguage\":\"pt-BR\",\"potentialAction\":[{\"@type\":\"CommentAction\",\"name\":\"Comment\",\"target\":[\"https:\/\/www.institutodeengenharia.org.br\/site\/2018\/12\/14\/marinha-lanca-novo-submarino-riachuelo\/#respond\"]}]},{\"@type\":\"WebPage\",\"@id\":\"https:\/\/www.institutodeengenharia.org.br\/site\/2018\/12\/14\/marinha-lanca-novo-submarino-riachuelo\/\",\"url\":\"https:\/\/www.institutodeengenharia.org.br\/site\/2018\/12\/14\/marinha-lanca-novo-submarino-riachuelo\/\",\"name\":\"Marinha lan\u00e7a novo submarino Riachuelo - Instituto de Engenharia\",\"isPartOf\":{\"@id\":\"https:\/\/www.institutodeengenharia.org.br\/site\/#website\"},\"primaryImageOfPage\":{\"@id\":\"https:\/\/www.institutodeengenharia.org.br\/site\/2018\/12\/14\/marinha-lanca-novo-submarino-riachuelo\/#primaryimage\"},\"image\":{\"@id\":\"https:\/\/www.institutodeengenharia.org.br\/site\/2018\/12\/14\/marinha-lanca-novo-submarino-riachuelo\/#primaryimage\"},\"thumbnailUrl\":\"https:\/\/www.institutodeengenharia.org.br\/site\/wp-content\/uploads\/2018\/12\/trrrr.jpg\",\"datePublished\":\"2018-12-14T15:59:44+00:00\",\"dateModified\":\"2018-12-14T16:14:20+00:00\",\"breadcrumb\":{\"@id\":\"https:\/\/www.institutodeengenharia.org.br\/site\/2018\/12\/14\/marinha-lanca-novo-submarino-riachuelo\/#breadcrumb\"},\"inLanguage\":\"pt-BR\",\"potentialAction\":[{\"@type\":\"ReadAction\",\"target\":[\"https:\/\/www.institutodeengenharia.org.br\/site\/2018\/12\/14\/marinha-lanca-novo-submarino-riachuelo\/\"]}]},{\"@type\":\"ImageObject\",\"inLanguage\":\"pt-BR\",\"@id\":\"https:\/\/www.institutodeengenharia.org.br\/site\/2018\/12\/14\/marinha-lanca-novo-submarino-riachuelo\/#primaryimage\",\"url\":\"https:\/\/www.institutodeengenharia.org.br\/site\/wp-content\/uploads\/2018\/12\/trrrr.jpg\",\"contentUrl\":\"https:\/\/www.institutodeengenharia.org.br\/site\/wp-content\/uploads\/2018\/12\/trrrr.jpg\",\"width\":932,\"height\":621,\"caption\":\"SAO PAULO INTERNACIONAL RIACHUELO 13-12-2018 SUBMARINO SUB RIACHUELO EXCLUSIVO EMBARGADO FOTO Bruno Percut\/ Marinha do Brasil\"},{\"@type\":\"BreadcrumbList\",\"@id\":\"https:\/\/www.institutodeengenharia.org.br\/site\/2018\/12\/14\/marinha-lanca-novo-submarino-riachuelo\/#breadcrumb\",\"itemListElement\":[{\"@type\":\"ListItem\",\"position\":1,\"name\":\"In\u00edcio\",\"item\":\"https:\/\/www.institutodeengenharia.org.br\/site\/\"},{\"@type\":\"ListItem\",\"position\":2,\"name\":\"Marinha lan\u00e7a novo submarino Riachuelo\"}]},{\"@type\":\"WebSite\",\"@id\":\"https:\/\/www.institutodeengenharia.org.br\/site\/#website\",\"url\":\"https:\/\/www.institutodeengenharia.org.br\/site\/\",\"name\":\"Instituto de Engenharia\",\"description\":\"O Instituto de Engenharia promove a Engenharia em benef\u00edcio do desenvolvimento e da qualidade de vida da sociedade.\",\"publisher\":{\"@id\":\"https:\/\/www.institutodeengenharia.org.br\/site\/#organization\"},\"potentialAction\":[{\"@type\":\"SearchAction\",\"target\":{\"@type\":\"EntryPoint\",\"urlTemplate\":\"https:\/\/www.institutodeengenharia.org.br\/site\/?s={search_term_string}\"},\"query-input\":{\"@type\":\"PropertyValueSpecification\",\"valueRequired\":true,\"valueName\":\"search_term_string\"}}],\"inLanguage\":\"pt-BR\"},{\"@type\":\"Organization\",\"@id\":\"https:\/\/www.institutodeengenharia.org.br\/site\/#organization\",\"name\":\"Instituto de Engenharia\",\"url\":\"https:\/\/www.institutodeengenharia.org.br\/site\/\",\"logo\":{\"@type\":\"ImageObject\",\"inLanguage\":\"pt-BR\",\"@id\":\"https:\/\/www.institutodeengenharia.org.br\/site\/#\/schema\/logo\/image\/\",\"url\":\"https:\/\/www.institutodeengenharia.org.br\/site\/wp-content\/uploads\/2019\/03\/logo-novo-IE2018-1.jpg\",\"contentUrl\":\"https:\/\/www.institutodeengenharia.org.br\/site\/wp-content\/uploads\/2019\/03\/logo-novo-IE2018-1.jpg\",\"width\":1486,\"height\":1879,\"caption\":\"Instituto de Engenharia\"},\"image\":{\"@id\":\"https:\/\/www.institutodeengenharia.org.br\/site\/#\/schema\/logo\/image\/\"},\"sameAs\":[\"https:\/\/www.facebook.com\/institutodeengenharia\",\"https:\/\/x.com\/iengenharia\",\"https:\/\/www.instagram.com\/institutodeengenharia\/\",\"https:\/\/www.linkedin.com\/company\/instituto-de-engenharia\/\",\"https:\/\/www.youtube.com\/channel\/UCXiCAlsSMe977vamW915HxA\"]},{\"@type\":\"Person\",\"@id\":\"https:\/\/www.institutodeengenharia.org.br\/site\/#\/schema\/person\/593dc356630173a4877a635d3e5fd76b\",\"name\":\"Isabel\",\"image\":{\"@type\":\"ImageObject\",\"inLanguage\":\"pt-BR\",\"@id\":\"https:\/\/secure.gravatar.com\/avatar\/f3c521db63ec9db17894f10a88c6a3cf95b2281d7f80eeb3cf3ef1cb091576e7?s=96&d=mm&r=g\",\"url\":\"https:\/\/secure.gravatar.com\/avatar\/f3c521db63ec9db17894f10a88c6a3cf95b2281d7f80eeb3cf3ef1cb091576e7?s=96&d=mm&r=g\",\"contentUrl\":\"https:\/\/secure.gravatar.com\/avatar\/f3c521db63ec9db17894f10a88c6a3cf95b2281d7f80eeb3cf3ef1cb091576e7?s=96&d=mm&r=g\",\"caption\":\"Isabel\"},\"url\":\"https:\/\/www.institutodeengenharia.org.br\/site\/author\/comunicacao2\/\"}]}<\/script>\n<!-- \/ Yoast SEO plugin. -->","yoast_head_json":{"title":"Marinha lan\u00e7a novo submarino Riachuelo - Instituto de Engenharia","robots":{"index":"index","follow":"follow","max-snippet":"max-snippet:-1","max-image-preview":"max-image-preview:large","max-video-preview":"max-video-preview:-1"},"canonical":"https:\/\/www.institutodeengenharia.org.br\/site\/2018\/12\/14\/marinha-lanca-novo-submarino-riachuelo\/","og_locale":"pt_BR","og_type":"article","og_title":"Marinha lan\u00e7a novo submarino Riachuelo - Instituto de Engenharia","og_description":"O primeiro de uma frota de quatro novos submarinos de ataque da Marinha do Brasil\u00a0entra nesta sexta-feira, 14,\u00a0no mar pela primeira vez, \u00e0s 9h30, no Complexo Naval de Itagua\u00ed, litoral sul do Rio. O lan\u00e7amento do S-40 Riachuelo ter\u00e1 a presen\u00e7a do presidente\u00a0Michel Temer, o eleito Jair Bolsonaro e 23 autoridades dos tr\u00eas poderes al\u00e9m [&hellip;]","og_url":"https:\/\/www.institutodeengenharia.org.br\/site\/2018\/12\/14\/marinha-lanca-novo-submarino-riachuelo\/","og_site_name":"Instituto de Engenharia","article_publisher":"https:\/\/www.facebook.com\/institutodeengenharia","article_published_time":"2018-12-14T15:59:44+00:00","article_modified_time":"2018-12-14T16:14:20+00:00","og_image":[{"width":932,"height":621,"url":"https:\/\/www.institutodeengenharia.org.br\/site\/wp-content\/uploads\/2018\/12\/trrrr.jpg","type":"image\/jpeg"}],"author":"Isabel","twitter_card":"summary_large_image","twitter_creator":"@iengenharia","twitter_site":"@iengenharia","twitter_misc":{"Escrito por":"Isabel","Est. tempo de leitura":"3 minutos"},"schema":{"@context":"https:\/\/schema.org","@graph":[{"@type":"Article","@id":"https:\/\/www.institutodeengenharia.org.br\/site\/2018\/12\/14\/marinha-lanca-novo-submarino-riachuelo\/#article","isPartOf":{"@id":"https:\/\/www.institutodeengenharia.org.br\/site\/2018\/12\/14\/marinha-lanca-novo-submarino-riachuelo\/"},"author":{"name":"Isabel","@id":"https:\/\/www.institutodeengenharia.org.br\/site\/#\/schema\/person\/593dc356630173a4877a635d3e5fd76b"},"headline":"Marinha lan\u00e7a novo submarino Riachuelo","datePublished":"2018-12-14T15:59:44+00:00","dateModified":"2018-12-14T16:14:20+00:00","mainEntityOfPage":{"@id":"https:\/\/www.institutodeengenharia.org.br\/site\/2018\/12\/14\/marinha-lanca-novo-submarino-riachuelo\/"},"wordCount":641,"commentCount":0,"publisher":{"@id":"https:\/\/www.institutodeengenharia.org.br\/site\/#organization"},"image":{"@id":"https:\/\/www.institutodeengenharia.org.br\/site\/2018\/12\/14\/marinha-lanca-novo-submarino-riachuelo\/#primaryimage"},"thumbnailUrl":"https:\/\/www.institutodeengenharia.org.br\/site\/wp-content\/uploads\/2018\/12\/trrrr.jpg","keywords":["+ Destaque"],"articleSection":["Tecnologia"],"inLanguage":"pt-BR","potentialAction":[{"@type":"CommentAction","name":"Comment","target":["https:\/\/www.institutodeengenharia.org.br\/site\/2018\/12\/14\/marinha-lanca-novo-submarino-riachuelo\/#respond"]}]},{"@type":"WebPage","@id":"https:\/\/www.institutodeengenharia.org.br\/site\/2018\/12\/14\/marinha-lanca-novo-submarino-riachuelo\/","url":"https:\/\/www.institutodeengenharia.org.br\/site\/2018\/12\/14\/marinha-lanca-novo-submarino-riachuelo\/","name":"Marinha lan\u00e7a novo submarino Riachuelo - Instituto de Engenharia","isPartOf":{"@id":"https:\/\/www.institutodeengenharia.org.br\/site\/#website"},"primaryImageOfPage":{"@id":"https:\/\/www.institutodeengenharia.org.br\/site\/2018\/12\/14\/marinha-lanca-novo-submarino-riachuelo\/#primaryimage"},"image":{"@id":"https:\/\/www.institutodeengenharia.org.br\/site\/2018\/12\/14\/marinha-lanca-novo-submarino-riachuelo\/#primaryimage"},"thumbnailUrl":"https:\/\/www.institutodeengenharia.org.br\/site\/wp-content\/uploads\/2018\/12\/trrrr.jpg","datePublished":"2018-12-14T15:59:44+00:00","dateModified":"2018-12-14T16:14:20+00:00","breadcrumb":{"@id":"https:\/\/www.institutodeengenharia.org.br\/site\/2018\/12\/14\/marinha-lanca-novo-submarino-riachuelo\/#breadcrumb"},"inLanguage":"pt-BR","potentialAction":[{"@type":"ReadAction","target":["https:\/\/www.institutodeengenharia.org.br\/site\/2018\/12\/14\/marinha-lanca-novo-submarino-riachuelo\/"]}]},{"@type":"ImageObject","inLanguage":"pt-BR","@id":"https:\/\/www.institutodeengenharia.org.br\/site\/2018\/12\/14\/marinha-lanca-novo-submarino-riachuelo\/#primaryimage","url":"https:\/\/www.institutodeengenharia.org.br\/site\/wp-content\/uploads\/2018\/12\/trrrr.jpg","contentUrl":"https:\/\/www.institutodeengenharia.org.br\/site\/wp-content\/uploads\/2018\/12\/trrrr.jpg","width":932,"height":621,"caption":"SAO PAULO INTERNACIONAL RIACHUELO 13-12-2018 SUBMARINO SUB RIACHUELO EXCLUSIVO EMBARGADO FOTO Bruno Percut\/ Marinha do Brasil"},{"@type":"BreadcrumbList","@id":"https:\/\/www.institutodeengenharia.org.br\/site\/2018\/12\/14\/marinha-lanca-novo-submarino-riachuelo\/#breadcrumb","itemListElement":[{"@type":"ListItem","position":1,"name":"In\u00edcio","item":"https:\/\/www.institutodeengenharia.org.br\/site\/"},{"@type":"ListItem","position":2,"name":"Marinha lan\u00e7a novo submarino Riachuelo"}]},{"@type":"WebSite","@id":"https:\/\/www.institutodeengenharia.org.br\/site\/#website","url":"https:\/\/www.institutodeengenharia.org.br\/site\/","name":"Instituto de Engenharia","description":"O Instituto de Engenharia promove a Engenharia em benef\u00edcio do desenvolvimento e da qualidade de vida da sociedade.","publisher":{"@id":"https:\/\/www.institutodeengenharia.org.br\/site\/#organization"},"potentialAction":[{"@type":"SearchAction","target":{"@type":"EntryPoint","urlTemplate":"https:\/\/www.institutodeengenharia.org.br\/site\/?s={search_term_string}"},"query-input":{"@type":"PropertyValueSpecification","valueRequired":true,"valueName":"search_term_string"}}],"inLanguage":"pt-BR"},{"@type":"Organization","@id":"https:\/\/www.institutodeengenharia.org.br\/site\/#organization","name":"Instituto de Engenharia","url":"https:\/\/www.institutodeengenharia.org.br\/site\/","logo":{"@type":"ImageObject","inLanguage":"pt-BR","@id":"https:\/\/www.institutodeengenharia.org.br\/site\/#\/schema\/logo\/image\/","url":"https:\/\/www.institutodeengenharia.org.br\/site\/wp-content\/uploads\/2019\/03\/logo-novo-IE2018-1.jpg","contentUrl":"https:\/\/www.institutodeengenharia.org.br\/site\/wp-content\/uploads\/2019\/03\/logo-novo-IE2018-1.jpg","width":1486,"height":1879,"caption":"Instituto de Engenharia"},"image":{"@id":"https:\/\/www.institutodeengenharia.org.br\/site\/#\/schema\/logo\/image\/"},"sameAs":["https:\/\/www.facebook.com\/institutodeengenharia","https:\/\/x.com\/iengenharia","https:\/\/www.instagram.com\/institutodeengenharia\/","https:\/\/www.linkedin.com\/company\/instituto-de-engenharia\/","https:\/\/www.youtube.com\/channel\/UCXiCAlsSMe977vamW915HxA"]},{"@type":"Person","@id":"https:\/\/www.institutodeengenharia.org.br\/site\/#\/schema\/person\/593dc356630173a4877a635d3e5fd76b","name":"Isabel","image":{"@type":"ImageObject","inLanguage":"pt-BR","@id":"https:\/\/secure.gravatar.com\/avatar\/f3c521db63ec9db17894f10a88c6a3cf95b2281d7f80eeb3cf3ef1cb091576e7?s=96&d=mm&r=g","url":"https:\/\/secure.gravatar.com\/avatar\/f3c521db63ec9db17894f10a88c6a3cf95b2281d7f80eeb3cf3ef1cb091576e7?s=96&d=mm&r=g","contentUrl":"https:\/\/secure.gravatar.com\/avatar\/f3c521db63ec9db17894f10a88c6a3cf95b2281d7f80eeb3cf3ef1cb091576e7?s=96&d=mm&r=g","caption":"Isabel"},"url":"https:\/\/www.institutodeengenharia.org.br\/site\/author\/comunicacao2\/"}]}},"_links":{"self":[{"href":"https:\/\/www.institutodeengenharia.org.br\/site\/wp-json\/wp\/v2\/posts\/39473","targetHints":{"allow":["GET"]}}],"collection":[{"href":"https:\/\/www.institutodeengenharia.org.br\/site\/wp-json\/wp\/v2\/posts"}],"about":[{"href":"https:\/\/www.institutodeengenharia.org.br\/site\/wp-json\/wp\/v2\/types\/post"}],"author":[{"embeddable":true,"href":"https:\/\/www.institutodeengenharia.org.br\/site\/wp-json\/wp\/v2\/users\/14"}],"replies":[{"embeddable":true,"href":"https:\/\/www.institutodeengenharia.org.br\/site\/wp-json\/wp\/v2\/comments?post=39473"}],"version-history":[{"count":3,"href":"https:\/\/www.institutodeengenharia.org.br\/site\/wp-json\/wp\/v2\/posts\/39473\/revisions"}],"predecessor-version":[{"id":39484,"href":"https:\/\/www.institutodeengenharia.org.br\/site\/wp-json\/wp\/v2\/posts\/39473\/revisions\/39484"}],"wp:featuredmedia":[{"embeddable":true,"href":"https:\/\/www.institutodeengenharia.org.br\/site\/wp-json\/wp\/v2\/media\/39475"}],"wp:attachment":[{"href":"https:\/\/www.institutodeengenharia.org.br\/site\/wp-json\/wp\/v2\/media?parent=39473"}],"wp:term":[{"taxonomy":"category","embeddable":true,"href":"https:\/\/www.institutodeengenharia.org.br\/site\/wp-json\/wp\/v2\/categories?post=39473"},{"taxonomy":"post_tag","embeddable":true,"href":"https:\/\/www.institutodeengenharia.org.br\/site\/wp-json\/wp\/v2\/tags?post=39473"}],"curies":[{"name":"wp","href":"https:\/\/api.w.org\/{rel}","templated":true}]}}