{"id":39067,"date":"2018-11-29T09:38:27","date_gmt":"2018-11-29T11:38:27","guid":{"rendered":"https:\/\/www.institutodeengenharia.org.br\/site\/?p=39067"},"modified":"2018-11-29T09:38:27","modified_gmt":"2018-11-29T11:38:27","slug":"na-usp-ribeirao-preto-projeto-estimula-meninas-a-se-tornarem-cientistas","status":"publish","type":"post","link":"https:\/\/www.institutodeengenharia.org.br\/site\/2018\/11\/29\/na-usp-ribeirao-preto-projeto-estimula-meninas-a-se-tornarem-cientistas\/","title":{"rendered":"Na USP Ribeir\u00e3o Preto, projeto estimula meninas a se tornarem cientistas"},"content":{"rendered":"<p>Radioatividade, DNA, HIV. Esses s\u00e3o alguns exemplos de descobertas\u00a0 cient\u00edficas que tiveram a importante participa\u00e7\u00e3o das mulheres. Mas,\u00a0apesar delas trazerem tantas contribui\u00e7\u00f5es para a ci\u00eancia, a imagem do\u00a0cientista ainda est\u00e1 associada \u00e0 figura masculina.<\/p>\n<p>Segundo uma pesquisa coordenada em 2017 pela Faculdade Latino-Americana\u00a0de Ci\u00eancias Sociais (Flacso), esse estere\u00f3tipo pode influenciar a\u00a0afinidade que as meninas ter\u00e3o ao longo da vida com as \u00e1reas de ci\u00eancia\u00a0e tecnologia, prejudicando a inser\u00e7\u00e3o delas nas carreiras cient\u00edficas.<\/p>\n<p>Visando a alterar esse cen\u00e1rio e estimular o interesse das meninas pela\u00a0ci\u00eancia, a USP, em Ribeir\u00e3o Preto, realiza o evento\u00a0<em>Ci\u00eancia por Elas.<\/em>\u00a0A iniciativa \u00e9\u00a0voltada a alunas do 6\u00ba ao 9\u00ba ano do ensino fundamental de escolas p\u00fablicas e particulares de Ribeir\u00e3o Preto, e tem como objetivo\u00a0apresentar pesquisas desenvolvidas na Universidade, mostrar como \u00e9 a\u00a0carreira cient\u00edfica e tamb\u00e9m desenvolver atividades pr\u00e1ticas.<\/p>\n<p>A primeira edi\u00e7\u00e3o ser\u00e1 realizada entre os dias 10 e 14 de dezembro, das\u00a09 \u00e0s 12 horas, no Espa\u00e7o de Eventos do IEA-RP, e as atividades ser\u00e3o\u00a0conduzidas por professoras e pesquisadoras de diferentes campos do\u00a0conhecimento, como educa\u00e7\u00e3o, biologia, sa\u00fade, toxicologia, f\u00edsica,\u00a0qu\u00edmica e gen\u00e9tica.<\/p>\n<p><img loading=\"lazy\" decoding=\"async\" class=\"alignnone size-full wp-image-39068\" src=\"https:\/\/www.institutodeengenharia.org.br\/site\/wp-content\/uploads\/2018\/11\/Cartaz-Ci\u00eancia-por-Elas7-1.png\" alt=\"\" width=\"2482\" height=\"3508\" srcset=\"https:\/\/www.institutodeengenharia.org.br\/site\/wp-content\/uploads\/2018\/11\/Cartaz-Ci\u00eancia-por-Elas7-1.png 2482w, https:\/\/www.institutodeengenharia.org.br\/site\/wp-content\/uploads\/2018\/11\/Cartaz-Ci\u00eancia-por-Elas7-1-212x300.png 212w, https:\/\/www.institutodeengenharia.org.br\/site\/wp-content\/uploads\/2018\/11\/Cartaz-Ci\u00eancia-por-Elas7-1-768x1085.png 768w, https:\/\/www.institutodeengenharia.org.br\/site\/wp-content\/uploads\/2018\/11\/Cartaz-Ci\u00eancia-por-Elas7-1-725x1024.png 725w, https:\/\/www.institutodeengenharia.org.br\/site\/wp-content\/uploads\/2018\/11\/Cartaz-Ci\u00eancia-por-Elas7-1-696x984.png 696w, https:\/\/www.institutodeengenharia.org.br\/site\/wp-content\/uploads\/2018\/11\/Cartaz-Ci\u00eancia-por-Elas7-1-1068x1509.png 1068w, https:\/\/www.institutodeengenharia.org.br\/site\/wp-content\/uploads\/2018\/11\/Cartaz-Ci\u00eancia-por-Elas7-1-297x420.png 297w, https:\/\/www.institutodeengenharia.org.br\/site\/wp-content\/uploads\/2018\/11\/Cartaz-Ci\u00eancia-por-Elas7-1-1920x2714.png 1920w\" sizes=\"auto, (max-width: 2482px) 100vw, 2482px\" \/><\/p>\n<p>As inscri\u00e7\u00f5es s\u00e3o gratuitas e devem ser realizadas pelos pais ou\u00a0respons\u00e1veis\u00a0<a href=\"https:\/\/sites.usp.br\/iearp\/ciencia-por-elas\/\" target=\"_blank\" rel=\"noopener\">no site do evento.<\/a><\/p>\n<p>O C<em>i\u00eancia por Elas<\/em>\u00a0\u00e9 uma realiza\u00e7\u00e3o do Instituto de Estudos Avan\u00e7ados de Ribeir\u00e3o Preto (IEA-RP) da USP e do Laborat\u00f3rio EcoHumanTox, da\u00a0Faculdade de Ci\u00eancias Farmac\u00eauticas\u00a0de Ribeir\u00e3o Preto (FCFRP) da USP.<\/p>\n<p>A atividade tem o apoio do Centro de Terapia Celular e da R\u00e1dio USP\u00a0Ribeir\u00e3o Preto. O IEA-RP fica na Av. Bandeirantes, 3.900.<\/p>\n<p>Mais informa\u00e7\u00f5es: telefone (16) 3315-0368, e-mail\u00a0<a href=\"mailto:iearp@usp.br\" target=\"_blank\" rel=\"noopener\">iearp@usp.br<\/a>\u00a0.<\/p>\n<p><em>Fonte Jornal da USP<\/em><\/p>\n","protected":false},"excerpt":{"rendered":"<p>Radioatividade, DNA, HIV. Esses s\u00e3o alguns exemplos de descobertas\u00a0 cient\u00edficas que tiveram a importante participa\u00e7\u00e3o das mulheres. Mas,\u00a0apesar delas trazerem tantas contribui\u00e7\u00f5es para a ci\u00eancia, a imagem do\u00a0cientista ainda est\u00e1 associada \u00e0 figura masculina. Segundo uma pesquisa coordenada em 2017 pela Faculdade Latino-Americana\u00a0de Ci\u00eancias Sociais (Flacso), esse estere\u00f3tipo pode influenciar a\u00a0afinidade que as meninas ter\u00e3o [&hellip;]<\/p>\n","protected":false},"author":13,"featured_media":39069,"comment_status":"open","ping_status":"open","sticky":false,"template":"","format":"standard","meta":{"footnotes":""},"categories":[23,936,141,35],"tags":[202],"class_list":{"0":"post-39067","1":"post","2":"type-post","3":"status-publish","4":"format-standard","5":"has-post-thumbnail","7":"category-educacao","8":"category-mulher","9":"category-noticias-menu","10":"category-pesquisa-e-desenvolvimento","11":"tag-destaque"},"yoast_head":"<!-- This site is optimized with the Yoast SEO plugin v27.2 - https:\/\/yoast.com\/product\/yoast-seo-wordpress\/ -->\n<title>Na USP Ribeir\u00e3o Preto, projeto estimula meninas a se tornarem cientistas - Instituto de Engenharia<\/title>\n<meta name=\"robots\" content=\"index, follow, max-snippet:-1, max-image-preview:large, max-video-preview:-1\" \/>\n<link rel=\"canonical\" href=\"https:\/\/www.institutodeengenharia.org.br\/site\/2018\/11\/29\/na-usp-ribeirao-preto-projeto-estimula-meninas-a-se-tornarem-cientistas\/\" \/>\n<meta property=\"og:locale\" content=\"pt_BR\" \/>\n<meta property=\"og:type\" content=\"article\" \/>\n<meta property=\"og:title\" content=\"Na USP Ribeir\u00e3o Preto, projeto estimula meninas a se tornarem cientistas - Instituto de Engenharia\" \/>\n<meta property=\"og:description\" content=\"Radioatividade, DNA, HIV. Esses s\u00e3o alguns exemplos de descobertas\u00a0 cient\u00edficas que tiveram a importante participa\u00e7\u00e3o das mulheres. Mas,\u00a0apesar delas trazerem tantas contribui\u00e7\u00f5es para a ci\u00eancia, a imagem do\u00a0cientista ainda est\u00e1 associada \u00e0 figura masculina. Segundo uma pesquisa coordenada em 2017 pela Faculdade Latino-Americana\u00a0de Ci\u00eancias Sociais (Flacso), esse estere\u00f3tipo pode influenciar a\u00a0afinidade que as meninas ter\u00e3o [&hellip;]\" \/>\n<meta property=\"og:url\" content=\"https:\/\/www.institutodeengenharia.org.br\/site\/2018\/11\/29\/na-usp-ribeirao-preto-projeto-estimula-meninas-a-se-tornarem-cientistas\/\" \/>\n<meta property=\"og:site_name\" content=\"Instituto de Engenharia\" \/>\n<meta property=\"article:publisher\" content=\"https:\/\/www.facebook.com\/institutodeengenharia\" \/>\n<meta property=\"article:published_time\" content=\"2018-11-29T11:38:27+00:00\" \/>\n<meta property=\"og:image\" content=\"https:\/\/www.institutodeengenharia.org.br\/site\/wp-content\/uploads\/2018\/11\/20182711_ciencia_ilustracao_mulher.jpg\" \/>\n\t<meta property=\"og:image:width\" content=\"800\" \/>\n\t<meta property=\"og:image:height\" content=\"420\" \/>\n\t<meta property=\"og:image:type\" content=\"image\/jpeg\" \/>\n<meta name=\"author\" content=\"Bianca\" \/>\n<meta name=\"twitter:card\" content=\"summary_large_image\" \/>\n<meta name=\"twitter:creator\" content=\"@iengenharia\" \/>\n<meta name=\"twitter:site\" content=\"@iengenharia\" \/>\n<meta name=\"twitter:label1\" content=\"Escrito por\" \/>\n\t<meta name=\"twitter:data1\" content=\"Bianca\" \/>\n\t<meta name=\"twitter:label2\" content=\"Est. tempo de leitura\" \/>\n\t<meta name=\"twitter:data2\" content=\"2 minutos\" \/>\n<script type=\"application\/ld+json\" class=\"yoast-schema-graph\">{\"@context\":\"https:\/\/schema.org\",\"@graph\":[{\"@type\":\"Article\",\"@id\":\"https:\/\/www.institutodeengenharia.org.br\/site\/2018\/11\/29\/na-usp-ribeirao-preto-projeto-estimula-meninas-a-se-tornarem-cientistas\/#article\",\"isPartOf\":{\"@id\":\"https:\/\/www.institutodeengenharia.org.br\/site\/2018\/11\/29\/na-usp-ribeirao-preto-projeto-estimula-meninas-a-se-tornarem-cientistas\/\"},\"author\":{\"name\":\"Bianca\",\"@id\":\"https:\/\/www.institutodeengenharia.org.br\/site\/#\/schema\/person\/aeb64951c405e100d26d30b033dd423f\"},\"headline\":\"Na USP Ribeir\u00e3o Preto, projeto estimula meninas a se tornarem cientistas\",\"datePublished\":\"2018-11-29T11:38:27+00:00\",\"mainEntityOfPage\":{\"@id\":\"https:\/\/www.institutodeengenharia.org.br\/site\/2018\/11\/29\/na-usp-ribeirao-preto-projeto-estimula-meninas-a-se-tornarem-cientistas\/\"},\"wordCount\":316,\"commentCount\":0,\"publisher\":{\"@id\":\"https:\/\/www.institutodeengenharia.org.br\/site\/#organization\"},\"image\":{\"@id\":\"https:\/\/www.institutodeengenharia.org.br\/site\/2018\/11\/29\/na-usp-ribeirao-preto-projeto-estimula-meninas-a-se-tornarem-cientistas\/#primaryimage\"},\"thumbnailUrl\":\"https:\/\/www.institutodeengenharia.org.br\/site\/wp-content\/uploads\/2018\/11\/20182711_ciencia_ilustracao_mulher.jpg\",\"keywords\":[\"+ Destaque\"],\"articleSection\":[\"Educa\u00e7\u00e3o\",\"Mulher\",\"Not\u00edcias\",\"Pesquisa e Desenvolvimento\"],\"inLanguage\":\"pt-BR\",\"potentialAction\":[{\"@type\":\"CommentAction\",\"name\":\"Comment\",\"target\":[\"https:\/\/www.institutodeengenharia.org.br\/site\/2018\/11\/29\/na-usp-ribeirao-preto-projeto-estimula-meninas-a-se-tornarem-cientistas\/#respond\"]}]},{\"@type\":\"WebPage\",\"@id\":\"https:\/\/www.institutodeengenharia.org.br\/site\/2018\/11\/29\/na-usp-ribeirao-preto-projeto-estimula-meninas-a-se-tornarem-cientistas\/\",\"url\":\"https:\/\/www.institutodeengenharia.org.br\/site\/2018\/11\/29\/na-usp-ribeirao-preto-projeto-estimula-meninas-a-se-tornarem-cientistas\/\",\"name\":\"Na USP Ribeir\u00e3o Preto, projeto estimula meninas a se tornarem cientistas - Instituto de Engenharia\",\"isPartOf\":{\"@id\":\"https:\/\/www.institutodeengenharia.org.br\/site\/#website\"},\"primaryImageOfPage\":{\"@id\":\"https:\/\/www.institutodeengenharia.org.br\/site\/2018\/11\/29\/na-usp-ribeirao-preto-projeto-estimula-meninas-a-se-tornarem-cientistas\/#primaryimage\"},\"image\":{\"@id\":\"https:\/\/www.institutodeengenharia.org.br\/site\/2018\/11\/29\/na-usp-ribeirao-preto-projeto-estimula-meninas-a-se-tornarem-cientistas\/#primaryimage\"},\"thumbnailUrl\":\"https:\/\/www.institutodeengenharia.org.br\/site\/wp-content\/uploads\/2018\/11\/20182711_ciencia_ilustracao_mulher.jpg\",\"datePublished\":\"2018-11-29T11:38:27+00:00\",\"breadcrumb\":{\"@id\":\"https:\/\/www.institutodeengenharia.org.br\/site\/2018\/11\/29\/na-usp-ribeirao-preto-projeto-estimula-meninas-a-se-tornarem-cientistas\/#breadcrumb\"},\"inLanguage\":\"pt-BR\",\"potentialAction\":[{\"@type\":\"ReadAction\",\"target\":[\"https:\/\/www.institutodeengenharia.org.br\/site\/2018\/11\/29\/na-usp-ribeirao-preto-projeto-estimula-meninas-a-se-tornarem-cientistas\/\"]}]},{\"@type\":\"ImageObject\",\"inLanguage\":\"pt-BR\",\"@id\":\"https:\/\/www.institutodeengenharia.org.br\/site\/2018\/11\/29\/na-usp-ribeirao-preto-projeto-estimula-meninas-a-se-tornarem-cientistas\/#primaryimage\",\"url\":\"https:\/\/www.institutodeengenharia.org.br\/site\/wp-content\/uploads\/2018\/11\/20182711_ciencia_ilustracao_mulher.jpg\",\"contentUrl\":\"https:\/\/www.institutodeengenharia.org.br\/site\/wp-content\/uploads\/2018\/11\/20182711_ciencia_ilustracao_mulher.jpg\",\"width\":800,\"height\":420},{\"@type\":\"BreadcrumbList\",\"@id\":\"https:\/\/www.institutodeengenharia.org.br\/site\/2018\/11\/29\/na-usp-ribeirao-preto-projeto-estimula-meninas-a-se-tornarem-cientistas\/#breadcrumb\",\"itemListElement\":[{\"@type\":\"ListItem\",\"position\":1,\"name\":\"In\u00edcio\",\"item\":\"https:\/\/www.institutodeengenharia.org.br\/site\/\"},{\"@type\":\"ListItem\",\"position\":2,\"name\":\"Na USP Ribeir\u00e3o Preto, projeto estimula meninas a se tornarem cientistas\"}]},{\"@type\":\"WebSite\",\"@id\":\"https:\/\/www.institutodeengenharia.org.br\/site\/#website\",\"url\":\"https:\/\/www.institutodeengenharia.org.br\/site\/\",\"name\":\"Instituto de Engenharia\",\"description\":\"O Instituto de Engenharia promove a Engenharia em benef\u00edcio do desenvolvimento e da qualidade de vida da sociedade.\",\"publisher\":{\"@id\":\"https:\/\/www.institutodeengenharia.org.br\/site\/#organization\"},\"potentialAction\":[{\"@type\":\"SearchAction\",\"target\":{\"@type\":\"EntryPoint\",\"urlTemplate\":\"https:\/\/www.institutodeengenharia.org.br\/site\/?s={search_term_string}\"},\"query-input\":{\"@type\":\"PropertyValueSpecification\",\"valueRequired\":true,\"valueName\":\"search_term_string\"}}],\"inLanguage\":\"pt-BR\"},{\"@type\":\"Organization\",\"@id\":\"https:\/\/www.institutodeengenharia.org.br\/site\/#organization\",\"name\":\"Instituto de Engenharia\",\"url\":\"https:\/\/www.institutodeengenharia.org.br\/site\/\",\"logo\":{\"@type\":\"ImageObject\",\"inLanguage\":\"pt-BR\",\"@id\":\"https:\/\/www.institutodeengenharia.org.br\/site\/#\/schema\/logo\/image\/\",\"url\":\"https:\/\/www.institutodeengenharia.org.br\/site\/wp-content\/uploads\/2019\/03\/logo-novo-IE2018-1.jpg\",\"contentUrl\":\"https:\/\/www.institutodeengenharia.org.br\/site\/wp-content\/uploads\/2019\/03\/logo-novo-IE2018-1.jpg\",\"width\":1486,\"height\":1879,\"caption\":\"Instituto de Engenharia\"},\"image\":{\"@id\":\"https:\/\/www.institutodeengenharia.org.br\/site\/#\/schema\/logo\/image\/\"},\"sameAs\":[\"https:\/\/www.facebook.com\/institutodeengenharia\",\"https:\/\/x.com\/iengenharia\",\"https:\/\/www.instagram.com\/institutodeengenharia\/\",\"https:\/\/www.linkedin.com\/company\/instituto-de-engenharia\/\",\"https:\/\/www.youtube.com\/channel\/UCXiCAlsSMe977vamW915HxA\"]},{\"@type\":\"Person\",\"@id\":\"https:\/\/www.institutodeengenharia.org.br\/site\/#\/schema\/person\/aeb64951c405e100d26d30b033dd423f\",\"name\":\"Bianca\",\"image\":{\"@type\":\"ImageObject\",\"inLanguage\":\"pt-BR\",\"@id\":\"https:\/\/secure.gravatar.com\/avatar\/a6fbe9bff57405baf4c1e2c5c1811e072b558253974a9f9508f4678900c97c2a?s=96&d=mm&r=g\",\"url\":\"https:\/\/secure.gravatar.com\/avatar\/a6fbe9bff57405baf4c1e2c5c1811e072b558253974a9f9508f4678900c97c2a?s=96&d=mm&r=g\",\"contentUrl\":\"https:\/\/secure.gravatar.com\/avatar\/a6fbe9bff57405baf4c1e2c5c1811e072b558253974a9f9508f4678900c97c2a?s=96&d=mm&r=g\",\"caption\":\"Bianca\"},\"url\":\"https:\/\/www.institutodeengenharia.org.br\/site\/author\/comunicacao1\/\"}]}<\/script>\n<!-- \/ Yoast SEO plugin. -->","yoast_head_json":{"title":"Na USP Ribeir\u00e3o Preto, projeto estimula meninas a se tornarem cientistas - Instituto de Engenharia","robots":{"index":"index","follow":"follow","max-snippet":"max-snippet:-1","max-image-preview":"max-image-preview:large","max-video-preview":"max-video-preview:-1"},"canonical":"https:\/\/www.institutodeengenharia.org.br\/site\/2018\/11\/29\/na-usp-ribeirao-preto-projeto-estimula-meninas-a-se-tornarem-cientistas\/","og_locale":"pt_BR","og_type":"article","og_title":"Na USP Ribeir\u00e3o Preto, projeto estimula meninas a se tornarem cientistas - Instituto de Engenharia","og_description":"Radioatividade, DNA, HIV. Esses s\u00e3o alguns exemplos de descobertas\u00a0 cient\u00edficas que tiveram a importante participa\u00e7\u00e3o das mulheres. Mas,\u00a0apesar delas trazerem tantas contribui\u00e7\u00f5es para a ci\u00eancia, a imagem do\u00a0cientista ainda est\u00e1 associada \u00e0 figura masculina. Segundo uma pesquisa coordenada em 2017 pela Faculdade Latino-Americana\u00a0de Ci\u00eancias Sociais (Flacso), esse estere\u00f3tipo pode influenciar a\u00a0afinidade que as meninas ter\u00e3o [&hellip;]","og_url":"https:\/\/www.institutodeengenharia.org.br\/site\/2018\/11\/29\/na-usp-ribeirao-preto-projeto-estimula-meninas-a-se-tornarem-cientistas\/","og_site_name":"Instituto de Engenharia","article_publisher":"https:\/\/www.facebook.com\/institutodeengenharia","article_published_time":"2018-11-29T11:38:27+00:00","og_image":[{"width":800,"height":420,"url":"https:\/\/www.institutodeengenharia.org.br\/site\/wp-content\/uploads\/2018\/11\/20182711_ciencia_ilustracao_mulher.jpg","type":"image\/jpeg"}],"author":"Bianca","twitter_card":"summary_large_image","twitter_creator":"@iengenharia","twitter_site":"@iengenharia","twitter_misc":{"Escrito por":"Bianca","Est. tempo de leitura":"2 minutos"},"schema":{"@context":"https:\/\/schema.org","@graph":[{"@type":"Article","@id":"https:\/\/www.institutodeengenharia.org.br\/site\/2018\/11\/29\/na-usp-ribeirao-preto-projeto-estimula-meninas-a-se-tornarem-cientistas\/#article","isPartOf":{"@id":"https:\/\/www.institutodeengenharia.org.br\/site\/2018\/11\/29\/na-usp-ribeirao-preto-projeto-estimula-meninas-a-se-tornarem-cientistas\/"},"author":{"name":"Bianca","@id":"https:\/\/www.institutodeengenharia.org.br\/site\/#\/schema\/person\/aeb64951c405e100d26d30b033dd423f"},"headline":"Na USP Ribeir\u00e3o Preto, projeto estimula meninas a se tornarem cientistas","datePublished":"2018-11-29T11:38:27+00:00","mainEntityOfPage":{"@id":"https:\/\/www.institutodeengenharia.org.br\/site\/2018\/11\/29\/na-usp-ribeirao-preto-projeto-estimula-meninas-a-se-tornarem-cientistas\/"},"wordCount":316,"commentCount":0,"publisher":{"@id":"https:\/\/www.institutodeengenharia.org.br\/site\/#organization"},"image":{"@id":"https:\/\/www.institutodeengenharia.org.br\/site\/2018\/11\/29\/na-usp-ribeirao-preto-projeto-estimula-meninas-a-se-tornarem-cientistas\/#primaryimage"},"thumbnailUrl":"https:\/\/www.institutodeengenharia.org.br\/site\/wp-content\/uploads\/2018\/11\/20182711_ciencia_ilustracao_mulher.jpg","keywords":["+ Destaque"],"articleSection":["Educa\u00e7\u00e3o","Mulher","Not\u00edcias","Pesquisa e Desenvolvimento"],"inLanguage":"pt-BR","potentialAction":[{"@type":"CommentAction","name":"Comment","target":["https:\/\/www.institutodeengenharia.org.br\/site\/2018\/11\/29\/na-usp-ribeirao-preto-projeto-estimula-meninas-a-se-tornarem-cientistas\/#respond"]}]},{"@type":"WebPage","@id":"https:\/\/www.institutodeengenharia.org.br\/site\/2018\/11\/29\/na-usp-ribeirao-preto-projeto-estimula-meninas-a-se-tornarem-cientistas\/","url":"https:\/\/www.institutodeengenharia.org.br\/site\/2018\/11\/29\/na-usp-ribeirao-preto-projeto-estimula-meninas-a-se-tornarem-cientistas\/","name":"Na USP Ribeir\u00e3o Preto, projeto estimula meninas a se tornarem cientistas - Instituto de Engenharia","isPartOf":{"@id":"https:\/\/www.institutodeengenharia.org.br\/site\/#website"},"primaryImageOfPage":{"@id":"https:\/\/www.institutodeengenharia.org.br\/site\/2018\/11\/29\/na-usp-ribeirao-preto-projeto-estimula-meninas-a-se-tornarem-cientistas\/#primaryimage"},"image":{"@id":"https:\/\/www.institutodeengenharia.org.br\/site\/2018\/11\/29\/na-usp-ribeirao-preto-projeto-estimula-meninas-a-se-tornarem-cientistas\/#primaryimage"},"thumbnailUrl":"https:\/\/www.institutodeengenharia.org.br\/site\/wp-content\/uploads\/2018\/11\/20182711_ciencia_ilustracao_mulher.jpg","datePublished":"2018-11-29T11:38:27+00:00","breadcrumb":{"@id":"https:\/\/www.institutodeengenharia.org.br\/site\/2018\/11\/29\/na-usp-ribeirao-preto-projeto-estimula-meninas-a-se-tornarem-cientistas\/#breadcrumb"},"inLanguage":"pt-BR","potentialAction":[{"@type":"ReadAction","target":["https:\/\/www.institutodeengenharia.org.br\/site\/2018\/11\/29\/na-usp-ribeirao-preto-projeto-estimula-meninas-a-se-tornarem-cientistas\/"]}]},{"@type":"ImageObject","inLanguage":"pt-BR","@id":"https:\/\/www.institutodeengenharia.org.br\/site\/2018\/11\/29\/na-usp-ribeirao-preto-projeto-estimula-meninas-a-se-tornarem-cientistas\/#primaryimage","url":"https:\/\/www.institutodeengenharia.org.br\/site\/wp-content\/uploads\/2018\/11\/20182711_ciencia_ilustracao_mulher.jpg","contentUrl":"https:\/\/www.institutodeengenharia.org.br\/site\/wp-content\/uploads\/2018\/11\/20182711_ciencia_ilustracao_mulher.jpg","width":800,"height":420},{"@type":"BreadcrumbList","@id":"https:\/\/www.institutodeengenharia.org.br\/site\/2018\/11\/29\/na-usp-ribeirao-preto-projeto-estimula-meninas-a-se-tornarem-cientistas\/#breadcrumb","itemListElement":[{"@type":"ListItem","position":1,"name":"In\u00edcio","item":"https:\/\/www.institutodeengenharia.org.br\/site\/"},{"@type":"ListItem","position":2,"name":"Na USP Ribeir\u00e3o Preto, projeto estimula meninas a se tornarem cientistas"}]},{"@type":"WebSite","@id":"https:\/\/www.institutodeengenharia.org.br\/site\/#website","url":"https:\/\/www.institutodeengenharia.org.br\/site\/","name":"Instituto de Engenharia","description":"O Instituto de Engenharia promove a Engenharia em benef\u00edcio do desenvolvimento e da qualidade de vida da sociedade.","publisher":{"@id":"https:\/\/www.institutodeengenharia.org.br\/site\/#organization"},"potentialAction":[{"@type":"SearchAction","target":{"@type":"EntryPoint","urlTemplate":"https:\/\/www.institutodeengenharia.org.br\/site\/?s={search_term_string}"},"query-input":{"@type":"PropertyValueSpecification","valueRequired":true,"valueName":"search_term_string"}}],"inLanguage":"pt-BR"},{"@type":"Organization","@id":"https:\/\/www.institutodeengenharia.org.br\/site\/#organization","name":"Instituto de Engenharia","url":"https:\/\/www.institutodeengenharia.org.br\/site\/","logo":{"@type":"ImageObject","inLanguage":"pt-BR","@id":"https:\/\/www.institutodeengenharia.org.br\/site\/#\/schema\/logo\/image\/","url":"https:\/\/www.institutodeengenharia.org.br\/site\/wp-content\/uploads\/2019\/03\/logo-novo-IE2018-1.jpg","contentUrl":"https:\/\/www.institutodeengenharia.org.br\/site\/wp-content\/uploads\/2019\/03\/logo-novo-IE2018-1.jpg","width":1486,"height":1879,"caption":"Instituto de Engenharia"},"image":{"@id":"https:\/\/www.institutodeengenharia.org.br\/site\/#\/schema\/logo\/image\/"},"sameAs":["https:\/\/www.facebook.com\/institutodeengenharia","https:\/\/x.com\/iengenharia","https:\/\/www.instagram.com\/institutodeengenharia\/","https:\/\/www.linkedin.com\/company\/instituto-de-engenharia\/","https:\/\/www.youtube.com\/channel\/UCXiCAlsSMe977vamW915HxA"]},{"@type":"Person","@id":"https:\/\/www.institutodeengenharia.org.br\/site\/#\/schema\/person\/aeb64951c405e100d26d30b033dd423f","name":"Bianca","image":{"@type":"ImageObject","inLanguage":"pt-BR","@id":"https:\/\/secure.gravatar.com\/avatar\/a6fbe9bff57405baf4c1e2c5c1811e072b558253974a9f9508f4678900c97c2a?s=96&d=mm&r=g","url":"https:\/\/secure.gravatar.com\/avatar\/a6fbe9bff57405baf4c1e2c5c1811e072b558253974a9f9508f4678900c97c2a?s=96&d=mm&r=g","contentUrl":"https:\/\/secure.gravatar.com\/avatar\/a6fbe9bff57405baf4c1e2c5c1811e072b558253974a9f9508f4678900c97c2a?s=96&d=mm&r=g","caption":"Bianca"},"url":"https:\/\/www.institutodeengenharia.org.br\/site\/author\/comunicacao1\/"}]}},"_links":{"self":[{"href":"https:\/\/www.institutodeengenharia.org.br\/site\/wp-json\/wp\/v2\/posts\/39067","targetHints":{"allow":["GET"]}}],"collection":[{"href":"https:\/\/www.institutodeengenharia.org.br\/site\/wp-json\/wp\/v2\/posts"}],"about":[{"href":"https:\/\/www.institutodeengenharia.org.br\/site\/wp-json\/wp\/v2\/types\/post"}],"author":[{"embeddable":true,"href":"https:\/\/www.institutodeengenharia.org.br\/site\/wp-json\/wp\/v2\/users\/13"}],"replies":[{"embeddable":true,"href":"https:\/\/www.institutodeengenharia.org.br\/site\/wp-json\/wp\/v2\/comments?post=39067"}],"version-history":[{"count":1,"href":"https:\/\/www.institutodeengenharia.org.br\/site\/wp-json\/wp\/v2\/posts\/39067\/revisions"}],"predecessor-version":[{"id":39070,"href":"https:\/\/www.institutodeengenharia.org.br\/site\/wp-json\/wp\/v2\/posts\/39067\/revisions\/39070"}],"wp:featuredmedia":[{"embeddable":true,"href":"https:\/\/www.institutodeengenharia.org.br\/site\/wp-json\/wp\/v2\/media\/39069"}],"wp:attachment":[{"href":"https:\/\/www.institutodeengenharia.org.br\/site\/wp-json\/wp\/v2\/media?parent=39067"}],"wp:term":[{"taxonomy":"category","embeddable":true,"href":"https:\/\/www.institutodeengenharia.org.br\/site\/wp-json\/wp\/v2\/categories?post=39067"},{"taxonomy":"post_tag","embeddable":true,"href":"https:\/\/www.institutodeengenharia.org.br\/site\/wp-json\/wp\/v2\/tags?post=39067"}],"curies":[{"name":"wp","href":"https:\/\/api.w.org\/{rel}","templated":true}]}}