{"id":38643,"date":"2018-10-30T15:46:54","date_gmt":"2018-10-30T17:46:54","guid":{"rendered":"https:\/\/www.institutodeengenharia.org.br\/site\/?p=38643"},"modified":"2019-11-22T15:59:39","modified_gmt":"2019-11-22T17:59:39","slug":"material-tecnico-producao-limpa-versus-legislacao-ambiental","status":"publish","type":"post","link":"https:\/\/www.institutodeengenharia.org.br\/site\/2018\/10\/30\/material-tecnico-producao-limpa-versus-legislacao-ambiental\/","title":{"rendered":"Material T\u00e9cnico &#8211; Produ\u00e7\u00e3o Limpa versus Legisla\u00e7\u00e3o Ambiental"},"content":{"rendered":"<p><a href=\"https:\/\/www.institutodeengenharia.org.br\/site\/wp-content\/uploads\/2018\/10\/MTCM-Palestra-n%C2%BA-03-IE-2018.-30-10-2018-Vers%C3%A3o-Final..pdf\">Produ\u00e7\u00e3o Limpa versus Legisla\u00e7\u00e3o Ambiental<\/a> &#8211; Palestra ministrada pelo\u00a0<strong>Eng. Miguel Tadeu Campos Morata<\/strong><\/p>\n<p>&nbsp;<\/p>\n<p><strong>Realiza\u00e7\u00e3o:<\/strong><\/p>\n<p><strong>Eng. Jer\u00f4nimo Cabral Pereira Fagundes Neto \u00a0<\/strong>\u2013 \u00a0Vice-presid\u00eancia de Atividades T\u00e9cnicas<\/p>\n<p><strong>Eng. Miguel Tadeu Campos Morata<\/strong>\u00a0\u2013 Diretor do Depto. de Qu\u00edmica<\/p>\n<p><strong>Eng. Jos\u00e9 Manoel de O. Reis<\/strong>\u00a0\u2013 Coord. da DT. de Constru\u00e7\u00e3o Sustent\u00e1vel e Meio Ambiente<\/p>\n","protected":false},"excerpt":{"rendered":"<p>Produ\u00e7\u00e3o Limpa versus Legisla\u00e7\u00e3o Ambiental &#8211; Palestra ministrada pelo\u00a0Eng. Miguel Tadeu Campos Morata &nbsp; Realiza\u00e7\u00e3o: Eng. Jer\u00f4nimo Cabral Pereira Fagundes Neto \u00a0\u2013 \u00a0Vice-presid\u00eancia de Atividades T\u00e9cnicas Eng. Miguel Tadeu Campos Morata\u00a0\u2013 Diretor do Depto. de Qu\u00edmica Eng. Jos\u00e9 Manoel de O. Reis\u00a0\u2013 Coord. da DT. de Constru\u00e7\u00e3o Sustent\u00e1vel e Meio Ambiente<\/p>\n","protected":false},"author":13,"featured_media":37740,"comment_status":"open","ping_status":"open","sticky":false,"template":"","format":"standard","meta":{"footnotes":""},"categories":[45,74,119],"tags":[],"class_list":{"0":"post-38643","1":"post","2":"type-post","3":"status-publish","4":"format-standard","5":"has-post-thumbnail","7":"category-divisao-tecnica-industria-quimica-metalurgica-e-automotiva","8":"category-divisao-tecnica-meio-ambiente-e-sustentabilidade","9":"category-publicacoes-tecnicas"},"yoast_head":"<!-- This site is optimized with the Yoast SEO plugin v27.2 - https:\/\/yoast.com\/product\/yoast-seo-wordpress\/ -->\n<title>Material T\u00e9cnico - Produ\u00e7\u00e3o Limpa versus Legisla\u00e7\u00e3o Ambiental - Instituto de Engenharia<\/title>\n<meta name=\"robots\" content=\"index, follow, max-snippet:-1, max-image-preview:large, max-video-preview:-1\" \/>\n<link rel=\"canonical\" href=\"https:\/\/www.institutodeengenharia.org.br\/site\/2018\/10\/30\/material-tecnico-producao-limpa-versus-legislacao-ambiental\/\" \/>\n<meta property=\"og:locale\" content=\"pt_BR\" \/>\n<meta property=\"og:type\" content=\"article\" \/>\n<meta property=\"og:title\" content=\"Material T\u00e9cnico - Produ\u00e7\u00e3o Limpa versus Legisla\u00e7\u00e3o Ambiental - Instituto de Engenharia\" \/>\n<meta property=\"og:description\" content=\"Produ\u00e7\u00e3o Limpa versus Legisla\u00e7\u00e3o Ambiental &#8211; Palestra ministrada pelo\u00a0Eng. Miguel Tadeu Campos Morata &nbsp; Realiza\u00e7\u00e3o: Eng. Jer\u00f4nimo Cabral Pereira Fagundes Neto \u00a0\u2013 \u00a0Vice-presid\u00eancia de Atividades T\u00e9cnicas Eng. Miguel Tadeu Campos Morata\u00a0\u2013 Diretor do Depto. de Qu\u00edmica Eng. Jos\u00e9 Manoel de O. Reis\u00a0\u2013 Coord. da DT. de Constru\u00e7\u00e3o Sustent\u00e1vel e Meio Ambiente\" \/>\n<meta property=\"og:url\" content=\"https:\/\/www.institutodeengenharia.org.br\/site\/2018\/10\/30\/material-tecnico-producao-limpa-versus-legislacao-ambiental\/\" \/>\n<meta property=\"og:site_name\" content=\"Instituto de Engenharia\" \/>\n<meta property=\"article:publisher\" content=\"https:\/\/www.facebook.com\/institutodeengenharia\" \/>\n<meta property=\"article:published_time\" content=\"2018-10-30T17:46:54+00:00\" \/>\n<meta property=\"article:modified_time\" content=\"2019-11-22T17:59:39+00:00\" \/>\n<meta property=\"og:image\" content=\"https:\/\/www.institutodeengenharia.org.br\/site\/wp-content\/uploads\/2018\/09\/xblog_0256-principais-leis-agora-vai-800x480.pngqv1534836891.pagespeed.ic_.D7h83NlHvW.png\" \/>\n\t<meta property=\"og:image:width\" content=\"800\" \/>\n\t<meta property=\"og:image:height\" content=\"480\" \/>\n\t<meta property=\"og:image:type\" content=\"image\/png\" \/>\n<meta name=\"author\" content=\"Bianca\" \/>\n<meta name=\"twitter:card\" content=\"summary_large_image\" \/>\n<meta name=\"twitter:creator\" content=\"@iengenharia\" \/>\n<meta name=\"twitter:site\" content=\"@iengenharia\" \/>\n<meta name=\"twitter:label1\" content=\"Escrito por\" \/>\n\t<meta name=\"twitter:data1\" content=\"Bianca\" \/>\n<script type=\"application\/ld+json\" class=\"yoast-schema-graph\">{\"@context\":\"https:\/\/schema.org\",\"@graph\":[{\"@type\":\"Article\",\"@id\":\"https:\/\/www.institutodeengenharia.org.br\/site\/2018\/10\/30\/material-tecnico-producao-limpa-versus-legislacao-ambiental\/#article\",\"isPartOf\":{\"@id\":\"https:\/\/www.institutodeengenharia.org.br\/site\/2018\/10\/30\/material-tecnico-producao-limpa-versus-legislacao-ambiental\/\"},\"author\":{\"name\":\"Bianca\",\"@id\":\"https:\/\/www.institutodeengenharia.org.br\/site\/#\/schema\/person\/aeb64951c405e100d26d30b033dd423f\"},\"headline\":\"Material T\u00e9cnico &#8211; Produ\u00e7\u00e3o Limpa versus Legisla\u00e7\u00e3o Ambiental\",\"datePublished\":\"2018-10-30T17:46:54+00:00\",\"dateModified\":\"2019-11-22T17:59:39+00:00\",\"mainEntityOfPage\":{\"@id\":\"https:\/\/www.institutodeengenharia.org.br\/site\/2018\/10\/30\/material-tecnico-producao-limpa-versus-legislacao-ambiental\/\"},\"wordCount\":71,\"commentCount\":0,\"publisher\":{\"@id\":\"https:\/\/www.institutodeengenharia.org.br\/site\/#organization\"},\"image\":{\"@id\":\"https:\/\/www.institutodeengenharia.org.br\/site\/2018\/10\/30\/material-tecnico-producao-limpa-versus-legislacao-ambiental\/#primaryimage\"},\"thumbnailUrl\":\"https:\/\/www.institutodeengenharia.org.br\/site\/wp-content\/uploads\/2018\/09\/xblog_0256-principais-leis-agora-vai-800x480.pngqv1534836891.pagespeed.ic_.D7h83NlHvW.png\",\"articleSection\":[\"Divis\u00e3o T\u00e9cnica Ind\u00fastria Qu\u00edmica, Metal\u00fargica e Automotiva\",\"Divis\u00e3o T\u00e9cnica Meio Ambiente e Sustentabilidade\",\"Publica\u00e7\u00f5es T\u00e9cnicas\"],\"inLanguage\":\"pt-BR\",\"potentialAction\":[{\"@type\":\"CommentAction\",\"name\":\"Comment\",\"target\":[\"https:\/\/www.institutodeengenharia.org.br\/site\/2018\/10\/30\/material-tecnico-producao-limpa-versus-legislacao-ambiental\/#respond\"]}]},{\"@type\":\"WebPage\",\"@id\":\"https:\/\/www.institutodeengenharia.org.br\/site\/2018\/10\/30\/material-tecnico-producao-limpa-versus-legislacao-ambiental\/\",\"url\":\"https:\/\/www.institutodeengenharia.org.br\/site\/2018\/10\/30\/material-tecnico-producao-limpa-versus-legislacao-ambiental\/\",\"name\":\"Material T\u00e9cnico - Produ\u00e7\u00e3o Limpa versus Legisla\u00e7\u00e3o Ambiental - Instituto de Engenharia\",\"isPartOf\":{\"@id\":\"https:\/\/www.institutodeengenharia.org.br\/site\/#website\"},\"primaryImageOfPage\":{\"@id\":\"https:\/\/www.institutodeengenharia.org.br\/site\/2018\/10\/30\/material-tecnico-producao-limpa-versus-legislacao-ambiental\/#primaryimage\"},\"image\":{\"@id\":\"https:\/\/www.institutodeengenharia.org.br\/site\/2018\/10\/30\/material-tecnico-producao-limpa-versus-legislacao-ambiental\/#primaryimage\"},\"thumbnailUrl\":\"https:\/\/www.institutodeengenharia.org.br\/site\/wp-content\/uploads\/2018\/09\/xblog_0256-principais-leis-agora-vai-800x480.pngqv1534836891.pagespeed.ic_.D7h83NlHvW.png\",\"datePublished\":\"2018-10-30T17:46:54+00:00\",\"dateModified\":\"2019-11-22T17:59:39+00:00\",\"breadcrumb\":{\"@id\":\"https:\/\/www.institutodeengenharia.org.br\/site\/2018\/10\/30\/material-tecnico-producao-limpa-versus-legislacao-ambiental\/#breadcrumb\"},\"inLanguage\":\"pt-BR\",\"potentialAction\":[{\"@type\":\"ReadAction\",\"target\":[\"https:\/\/www.institutodeengenharia.org.br\/site\/2018\/10\/30\/material-tecnico-producao-limpa-versus-legislacao-ambiental\/\"]}]},{\"@type\":\"ImageObject\",\"inLanguage\":\"pt-BR\",\"@id\":\"https:\/\/www.institutodeengenharia.org.br\/site\/2018\/10\/30\/material-tecnico-producao-limpa-versus-legislacao-ambiental\/#primaryimage\",\"url\":\"https:\/\/www.institutodeengenharia.org.br\/site\/wp-content\/uploads\/2018\/09\/xblog_0256-principais-leis-agora-vai-800x480.pngqv1534836891.pagespeed.ic_.D7h83NlHvW.png\",\"contentUrl\":\"https:\/\/www.institutodeengenharia.org.br\/site\/wp-content\/uploads\/2018\/09\/xblog_0256-principais-leis-agora-vai-800x480.pngqv1534836891.pagespeed.ic_.D7h83NlHvW.png\",\"width\":800,\"height\":480},{\"@type\":\"BreadcrumbList\",\"@id\":\"https:\/\/www.institutodeengenharia.org.br\/site\/2018\/10\/30\/material-tecnico-producao-limpa-versus-legislacao-ambiental\/#breadcrumb\",\"itemListElement\":[{\"@type\":\"ListItem\",\"position\":1,\"name\":\"In\u00edcio\",\"item\":\"https:\/\/www.institutodeengenharia.org.br\/site\/\"},{\"@type\":\"ListItem\",\"position\":2,\"name\":\"Material T\u00e9cnico &#8211; Produ\u00e7\u00e3o Limpa versus Legisla\u00e7\u00e3o Ambiental\"}]},{\"@type\":\"WebSite\",\"@id\":\"https:\/\/www.institutodeengenharia.org.br\/site\/#website\",\"url\":\"https:\/\/www.institutodeengenharia.org.br\/site\/\",\"name\":\"Instituto de Engenharia\",\"description\":\"O Instituto de Engenharia promove a Engenharia em benef\u00edcio do desenvolvimento e da qualidade de vida da sociedade.\",\"publisher\":{\"@id\":\"https:\/\/www.institutodeengenharia.org.br\/site\/#organization\"},\"potentialAction\":[{\"@type\":\"SearchAction\",\"target\":{\"@type\":\"EntryPoint\",\"urlTemplate\":\"https:\/\/www.institutodeengenharia.org.br\/site\/?s={search_term_string}\"},\"query-input\":{\"@type\":\"PropertyValueSpecification\",\"valueRequired\":true,\"valueName\":\"search_term_string\"}}],\"inLanguage\":\"pt-BR\"},{\"@type\":\"Organization\",\"@id\":\"https:\/\/www.institutodeengenharia.org.br\/site\/#organization\",\"name\":\"Instituto de Engenharia\",\"url\":\"https:\/\/www.institutodeengenharia.org.br\/site\/\",\"logo\":{\"@type\":\"ImageObject\",\"inLanguage\":\"pt-BR\",\"@id\":\"https:\/\/www.institutodeengenharia.org.br\/site\/#\/schema\/logo\/image\/\",\"url\":\"https:\/\/www.institutodeengenharia.org.br\/site\/wp-content\/uploads\/2019\/03\/logo-novo-IE2018-1.jpg\",\"contentUrl\":\"https:\/\/www.institutodeengenharia.org.br\/site\/wp-content\/uploads\/2019\/03\/logo-novo-IE2018-1.jpg\",\"width\":1486,\"height\":1879,\"caption\":\"Instituto de Engenharia\"},\"image\":{\"@id\":\"https:\/\/www.institutodeengenharia.org.br\/site\/#\/schema\/logo\/image\/\"},\"sameAs\":[\"https:\/\/www.facebook.com\/institutodeengenharia\",\"https:\/\/x.com\/iengenharia\",\"https:\/\/www.instagram.com\/institutodeengenharia\/\",\"https:\/\/www.linkedin.com\/company\/instituto-de-engenharia\/\",\"https:\/\/www.youtube.com\/channel\/UCXiCAlsSMe977vamW915HxA\"]},{\"@type\":\"Person\",\"@id\":\"https:\/\/www.institutodeengenharia.org.br\/site\/#\/schema\/person\/aeb64951c405e100d26d30b033dd423f\",\"name\":\"Bianca\",\"image\":{\"@type\":\"ImageObject\",\"inLanguage\":\"pt-BR\",\"@id\":\"https:\/\/secure.gravatar.com\/avatar\/a6fbe9bff57405baf4c1e2c5c1811e072b558253974a9f9508f4678900c97c2a?s=96&d=mm&r=g\",\"url\":\"https:\/\/secure.gravatar.com\/avatar\/a6fbe9bff57405baf4c1e2c5c1811e072b558253974a9f9508f4678900c97c2a?s=96&d=mm&r=g\",\"contentUrl\":\"https:\/\/secure.gravatar.com\/avatar\/a6fbe9bff57405baf4c1e2c5c1811e072b558253974a9f9508f4678900c97c2a?s=96&d=mm&r=g\",\"caption\":\"Bianca\"},\"url\":\"https:\/\/www.institutodeengenharia.org.br\/site\/author\/comunicacao1\/\"}]}<\/script>\n<!-- \/ Yoast SEO plugin. -->","yoast_head_json":{"title":"Material T\u00e9cnico - Produ\u00e7\u00e3o Limpa versus Legisla\u00e7\u00e3o Ambiental - Instituto de Engenharia","robots":{"index":"index","follow":"follow","max-snippet":"max-snippet:-1","max-image-preview":"max-image-preview:large","max-video-preview":"max-video-preview:-1"},"canonical":"https:\/\/www.institutodeengenharia.org.br\/site\/2018\/10\/30\/material-tecnico-producao-limpa-versus-legislacao-ambiental\/","og_locale":"pt_BR","og_type":"article","og_title":"Material T\u00e9cnico - Produ\u00e7\u00e3o Limpa versus Legisla\u00e7\u00e3o Ambiental - Instituto de Engenharia","og_description":"Produ\u00e7\u00e3o Limpa versus Legisla\u00e7\u00e3o Ambiental &#8211; Palestra ministrada pelo\u00a0Eng. Miguel Tadeu Campos Morata &nbsp; Realiza\u00e7\u00e3o: Eng. Jer\u00f4nimo Cabral Pereira Fagundes Neto \u00a0\u2013 \u00a0Vice-presid\u00eancia de Atividades T\u00e9cnicas Eng. Miguel Tadeu Campos Morata\u00a0\u2013 Diretor do Depto. de Qu\u00edmica Eng. Jos\u00e9 Manoel de O. Reis\u00a0\u2013 Coord. da DT. de Constru\u00e7\u00e3o Sustent\u00e1vel e Meio Ambiente","og_url":"https:\/\/www.institutodeengenharia.org.br\/site\/2018\/10\/30\/material-tecnico-producao-limpa-versus-legislacao-ambiental\/","og_site_name":"Instituto de Engenharia","article_publisher":"https:\/\/www.facebook.com\/institutodeengenharia","article_published_time":"2018-10-30T17:46:54+00:00","article_modified_time":"2019-11-22T17:59:39+00:00","og_image":[{"width":800,"height":480,"url":"https:\/\/www.institutodeengenharia.org.br\/site\/wp-content\/uploads\/2018\/09\/xblog_0256-principais-leis-agora-vai-800x480.pngqv1534836891.pagespeed.ic_.D7h83NlHvW.png","type":"image\/png"}],"author":"Bianca","twitter_card":"summary_large_image","twitter_creator":"@iengenharia","twitter_site":"@iengenharia","twitter_misc":{"Escrito por":"Bianca"},"schema":{"@context":"https:\/\/schema.org","@graph":[{"@type":"Article","@id":"https:\/\/www.institutodeengenharia.org.br\/site\/2018\/10\/30\/material-tecnico-producao-limpa-versus-legislacao-ambiental\/#article","isPartOf":{"@id":"https:\/\/www.institutodeengenharia.org.br\/site\/2018\/10\/30\/material-tecnico-producao-limpa-versus-legislacao-ambiental\/"},"author":{"name":"Bianca","@id":"https:\/\/www.institutodeengenharia.org.br\/site\/#\/schema\/person\/aeb64951c405e100d26d30b033dd423f"},"headline":"Material T\u00e9cnico &#8211; Produ\u00e7\u00e3o Limpa versus Legisla\u00e7\u00e3o Ambiental","datePublished":"2018-10-30T17:46:54+00:00","dateModified":"2019-11-22T17:59:39+00:00","mainEntityOfPage":{"@id":"https:\/\/www.institutodeengenharia.org.br\/site\/2018\/10\/30\/material-tecnico-producao-limpa-versus-legislacao-ambiental\/"},"wordCount":71,"commentCount":0,"publisher":{"@id":"https:\/\/www.institutodeengenharia.org.br\/site\/#organization"},"image":{"@id":"https:\/\/www.institutodeengenharia.org.br\/site\/2018\/10\/30\/material-tecnico-producao-limpa-versus-legislacao-ambiental\/#primaryimage"},"thumbnailUrl":"https:\/\/www.institutodeengenharia.org.br\/site\/wp-content\/uploads\/2018\/09\/xblog_0256-principais-leis-agora-vai-800x480.pngqv1534836891.pagespeed.ic_.D7h83NlHvW.png","articleSection":["Divis\u00e3o T\u00e9cnica Ind\u00fastria Qu\u00edmica, Metal\u00fargica e Automotiva","Divis\u00e3o T\u00e9cnica Meio Ambiente e Sustentabilidade","Publica\u00e7\u00f5es T\u00e9cnicas"],"inLanguage":"pt-BR","potentialAction":[{"@type":"CommentAction","name":"Comment","target":["https:\/\/www.institutodeengenharia.org.br\/site\/2018\/10\/30\/material-tecnico-producao-limpa-versus-legislacao-ambiental\/#respond"]}]},{"@type":"WebPage","@id":"https:\/\/www.institutodeengenharia.org.br\/site\/2018\/10\/30\/material-tecnico-producao-limpa-versus-legislacao-ambiental\/","url":"https:\/\/www.institutodeengenharia.org.br\/site\/2018\/10\/30\/material-tecnico-producao-limpa-versus-legislacao-ambiental\/","name":"Material T\u00e9cnico - Produ\u00e7\u00e3o Limpa versus Legisla\u00e7\u00e3o Ambiental - Instituto de Engenharia","isPartOf":{"@id":"https:\/\/www.institutodeengenharia.org.br\/site\/#website"},"primaryImageOfPage":{"@id":"https:\/\/www.institutodeengenharia.org.br\/site\/2018\/10\/30\/material-tecnico-producao-limpa-versus-legislacao-ambiental\/#primaryimage"},"image":{"@id":"https:\/\/www.institutodeengenharia.org.br\/site\/2018\/10\/30\/material-tecnico-producao-limpa-versus-legislacao-ambiental\/#primaryimage"},"thumbnailUrl":"https:\/\/www.institutodeengenharia.org.br\/site\/wp-content\/uploads\/2018\/09\/xblog_0256-principais-leis-agora-vai-800x480.pngqv1534836891.pagespeed.ic_.D7h83NlHvW.png","datePublished":"2018-10-30T17:46:54+00:00","dateModified":"2019-11-22T17:59:39+00:00","breadcrumb":{"@id":"https:\/\/www.institutodeengenharia.org.br\/site\/2018\/10\/30\/material-tecnico-producao-limpa-versus-legislacao-ambiental\/#breadcrumb"},"inLanguage":"pt-BR","potentialAction":[{"@type":"ReadAction","target":["https:\/\/www.institutodeengenharia.org.br\/site\/2018\/10\/30\/material-tecnico-producao-limpa-versus-legislacao-ambiental\/"]}]},{"@type":"ImageObject","inLanguage":"pt-BR","@id":"https:\/\/www.institutodeengenharia.org.br\/site\/2018\/10\/30\/material-tecnico-producao-limpa-versus-legislacao-ambiental\/#primaryimage","url":"https:\/\/www.institutodeengenharia.org.br\/site\/wp-content\/uploads\/2018\/09\/xblog_0256-principais-leis-agora-vai-800x480.pngqv1534836891.pagespeed.ic_.D7h83NlHvW.png","contentUrl":"https:\/\/www.institutodeengenharia.org.br\/site\/wp-content\/uploads\/2018\/09\/xblog_0256-principais-leis-agora-vai-800x480.pngqv1534836891.pagespeed.ic_.D7h83NlHvW.png","width":800,"height":480},{"@type":"BreadcrumbList","@id":"https:\/\/www.institutodeengenharia.org.br\/site\/2018\/10\/30\/material-tecnico-producao-limpa-versus-legislacao-ambiental\/#breadcrumb","itemListElement":[{"@type":"ListItem","position":1,"name":"In\u00edcio","item":"https:\/\/www.institutodeengenharia.org.br\/site\/"},{"@type":"ListItem","position":2,"name":"Material T\u00e9cnico &#8211; Produ\u00e7\u00e3o Limpa versus Legisla\u00e7\u00e3o Ambiental"}]},{"@type":"WebSite","@id":"https:\/\/www.institutodeengenharia.org.br\/site\/#website","url":"https:\/\/www.institutodeengenharia.org.br\/site\/","name":"Instituto de Engenharia","description":"O Instituto de Engenharia promove a Engenharia em benef\u00edcio do desenvolvimento e da qualidade de vida da sociedade.","publisher":{"@id":"https:\/\/www.institutodeengenharia.org.br\/site\/#organization"},"potentialAction":[{"@type":"SearchAction","target":{"@type":"EntryPoint","urlTemplate":"https:\/\/www.institutodeengenharia.org.br\/site\/?s={search_term_string}"},"query-input":{"@type":"PropertyValueSpecification","valueRequired":true,"valueName":"search_term_string"}}],"inLanguage":"pt-BR"},{"@type":"Organization","@id":"https:\/\/www.institutodeengenharia.org.br\/site\/#organization","name":"Instituto de Engenharia","url":"https:\/\/www.institutodeengenharia.org.br\/site\/","logo":{"@type":"ImageObject","inLanguage":"pt-BR","@id":"https:\/\/www.institutodeengenharia.org.br\/site\/#\/schema\/logo\/image\/","url":"https:\/\/www.institutodeengenharia.org.br\/site\/wp-content\/uploads\/2019\/03\/logo-novo-IE2018-1.jpg","contentUrl":"https:\/\/www.institutodeengenharia.org.br\/site\/wp-content\/uploads\/2019\/03\/logo-novo-IE2018-1.jpg","width":1486,"height":1879,"caption":"Instituto de Engenharia"},"image":{"@id":"https:\/\/www.institutodeengenharia.org.br\/site\/#\/schema\/logo\/image\/"},"sameAs":["https:\/\/www.facebook.com\/institutodeengenharia","https:\/\/x.com\/iengenharia","https:\/\/www.instagram.com\/institutodeengenharia\/","https:\/\/www.linkedin.com\/company\/instituto-de-engenharia\/","https:\/\/www.youtube.com\/channel\/UCXiCAlsSMe977vamW915HxA"]},{"@type":"Person","@id":"https:\/\/www.institutodeengenharia.org.br\/site\/#\/schema\/person\/aeb64951c405e100d26d30b033dd423f","name":"Bianca","image":{"@type":"ImageObject","inLanguage":"pt-BR","@id":"https:\/\/secure.gravatar.com\/avatar\/a6fbe9bff57405baf4c1e2c5c1811e072b558253974a9f9508f4678900c97c2a?s=96&d=mm&r=g","url":"https:\/\/secure.gravatar.com\/avatar\/a6fbe9bff57405baf4c1e2c5c1811e072b558253974a9f9508f4678900c97c2a?s=96&d=mm&r=g","contentUrl":"https:\/\/secure.gravatar.com\/avatar\/a6fbe9bff57405baf4c1e2c5c1811e072b558253974a9f9508f4678900c97c2a?s=96&d=mm&r=g","caption":"Bianca"},"url":"https:\/\/www.institutodeengenharia.org.br\/site\/author\/comunicacao1\/"}]}},"_links":{"self":[{"href":"https:\/\/www.institutodeengenharia.org.br\/site\/wp-json\/wp\/v2\/posts\/38643","targetHints":{"allow":["GET"]}}],"collection":[{"href":"https:\/\/www.institutodeengenharia.org.br\/site\/wp-json\/wp\/v2\/posts"}],"about":[{"href":"https:\/\/www.institutodeengenharia.org.br\/site\/wp-json\/wp\/v2\/types\/post"}],"author":[{"embeddable":true,"href":"https:\/\/www.institutodeengenharia.org.br\/site\/wp-json\/wp\/v2\/users\/13"}],"replies":[{"embeddable":true,"href":"https:\/\/www.institutodeengenharia.org.br\/site\/wp-json\/wp\/v2\/comments?post=38643"}],"version-history":[{"count":2,"href":"https:\/\/www.institutodeengenharia.org.br\/site\/wp-json\/wp\/v2\/posts\/38643\/revisions"}],"predecessor-version":[{"id":57320,"href":"https:\/\/www.institutodeengenharia.org.br\/site\/wp-json\/wp\/v2\/posts\/38643\/revisions\/57320"}],"wp:featuredmedia":[{"embeddable":true,"href":"https:\/\/www.institutodeengenharia.org.br\/site\/wp-json\/wp\/v2\/media\/37740"}],"wp:attachment":[{"href":"https:\/\/www.institutodeengenharia.org.br\/site\/wp-json\/wp\/v2\/media?parent=38643"}],"wp:term":[{"taxonomy":"category","embeddable":true,"href":"https:\/\/www.institutodeengenharia.org.br\/site\/wp-json\/wp\/v2\/categories?post=38643"},{"taxonomy":"post_tag","embeddable":true,"href":"https:\/\/www.institutodeengenharia.org.br\/site\/wp-json\/wp\/v2\/tags?post=38643"}],"curies":[{"name":"wp","href":"https:\/\/api.w.org\/{rel}","templated":true}]}}