{"id":38596,"date":"2018-10-18T11:34:21","date_gmt":"2018-10-18T14:34:21","guid":{"rendered":"https:\/\/www.institutodeengenharia.org.br\/site\/?p=38596"},"modified":"2018-10-26T11:36:59","modified_gmt":"2018-10-26T13:36:59","slug":"projeto-da-arena-corinthians","status":"publish","type":"post","link":"https:\/\/www.institutodeengenharia.org.br\/site\/2018\/10\/18\/projeto-da-arena-corinthians\/","title":{"rendered":"Projeto da Arena Corinthians"},"content":{"rendered":"<p><iframe loading=\"lazy\" src=\"https:\/\/player.vimeo.com\/video\/295912690\" width=\"640\" height=\"360\" frameborder=\"0\" allowfullscreen=\"allowfullscreen\"><\/iframe><\/p>\n<p>&nbsp;<\/p>\n<p>&nbsp;<\/p>\n<h2>+ Informa\u00e7\u00f5es:<\/h2>\n<p><strong>T\u00f3picos a serem abordados na palestra:\u00a0<\/strong>Projeto: necessidade de monolitismo e rigidez, an\u00e1lise din\u00e2mica, modelo matem\u00e1tico utilizado e detalhes de liga\u00e7\u00e3o de pe\u00e7as pr\u00e9-fabricadas; Execu\u00e7\u00e3o: pr\u00e9-fabrica\u00e7\u00e3o dos elementos, estacas\/pilares\/vigas\/lajes alveolares, arquibancadas\/vigas jacar\u00e9\/degraus e canteiro.<\/p>\n<p><strong>Palestrante: Eng. Fernando Rebou\u00e7as Stucchi<\/strong><br \/>\nEngenheiro civil formado pela Escola Polit\u00e9cnica da Universidade de S\u00e3o Paulo em 1975. Doutor em Engenharia de Estruturas especializado em Estruturas de Concreto pelo Centre de Hautes Etudes de La Construction (CHEC) na Fran\u00e7a em 1979. S\u00f3cio-Diretor e fundador da EGT Engenharia desde 1994 em S\u00e3o Paulo. \u00c9 professor titular de Pontes e Grandes Estruturas na EPUSP desde 2007. Presidente da Comiss\u00e3o de Revis\u00f5es das NB1\/NBR-6118\/ABNT, NBR-8681\/ABNT e NBR-9187\/ABNT. Respons\u00e1vel pela delega\u00e7\u00e3o brasileira na FIB \u2013 Federation Internationale du Beton. Membro do Comit\u00ea 318 do ACI \u2013 American Concrete Institute. Publica\u00e7\u00f5es \u2013 Peri\u00f3dicos (8), Congressos (56), Palestras (57), Livros e Cap. (2). Orienta\u00e7\u00f5es conclu\u00eddas \u2013 Mestrados (23), Doutorados (5). Respons\u00e1vel pelo projeto de mais de 160 grandes estruturas em todo o Brasil e tamb\u00e9m no exterior.<\/p>\n<p><strong>Realiza\u00e7\u00e3o:<\/strong><em><br \/>\n<\/em><strong>Eng. Jer\u00f4nimo Cabral Pereira Fagundes Neto<\/strong>\u00a0\u2013 Vice-presidente de Atividades T\u00e9cnicas<\/p>\n<p><strong>Eng. Roberto Kochen<\/strong>\u00a0\u2013 Diretor do Depto. de Engenharia do Habitat e Infraestrutura<\/p>\n<p><strong>Eng. Natan J. Levental<\/strong>\u00a0\u2013 Coordenador da Divis\u00e3o T\u00e9cnica de Estruturas<\/p>\n","protected":false},"excerpt":{"rendered":"<p>&nbsp; &nbsp; + Informa\u00e7\u00f5es: T\u00f3picos a serem abordados na palestra:\u00a0Projeto: necessidade de monolitismo e rigidez, an\u00e1lise din\u00e2mica, modelo matem\u00e1tico utilizado e detalhes de liga\u00e7\u00e3o de pe\u00e7as pr\u00e9-fabricadas; Execu\u00e7\u00e3o: pr\u00e9-fabrica\u00e7\u00e3o dos elementos, estacas\/pilares\/vigas\/lajes alveolares, arquibancadas\/vigas jacar\u00e9\/degraus e canteiro. Palestrante: Eng. Fernando Rebou\u00e7as Stucchi Engenheiro civil formado pela Escola Polit\u00e9cnica da Universidade de S\u00e3o Paulo em 1975. [&hellip;]<\/p>\n","protected":false},"author":13,"featured_media":38317,"comment_status":"open","ping_status":"open","sticky":false,"template":"","format":"standard","meta":{"footnotes":""},"categories":[15,76,12,968,969],"tags":[],"class_list":{"0":"post-38596","1":"post","2":"type-post","3":"status-publish","4":"format-standard","5":"has-post-thumbnail","7":"category-departamento-desenvolvimento-de-projetos-e-servicos-de-infraestrutura","8":"category-divisao-tecnica-estruturas-e-controle-tecnologico","9":"category-divisoes-tecnicas","10":"category-nova-tv-engenharia","11":"category-palestra"},"yoast_head":"<!-- This site is optimized with the Yoast SEO plugin v27.2 - https:\/\/yoast.com\/product\/yoast-seo-wordpress\/ -->\n<title>Projeto da Arena Corinthians - Instituto de Engenharia<\/title>\n<meta name=\"robots\" content=\"index, follow, max-snippet:-1, max-image-preview:large, max-video-preview:-1\" \/>\n<link rel=\"canonical\" href=\"https:\/\/www.institutodeengenharia.org.br\/site\/2018\/10\/18\/projeto-da-arena-corinthians\/\" \/>\n<meta property=\"og:locale\" content=\"pt_BR\" \/>\n<meta property=\"og:type\" content=\"article\" \/>\n<meta property=\"og:title\" content=\"Projeto da Arena Corinthians - Instituto de Engenharia\" \/>\n<meta property=\"og:description\" content=\"&nbsp; &nbsp; + Informa\u00e7\u00f5es: T\u00f3picos a serem abordados na palestra:\u00a0Projeto: necessidade de monolitismo e rigidez, an\u00e1lise din\u00e2mica, modelo matem\u00e1tico utilizado e detalhes de liga\u00e7\u00e3o de pe\u00e7as pr\u00e9-fabricadas; Execu\u00e7\u00e3o: pr\u00e9-fabrica\u00e7\u00e3o dos elementos, estacas\/pilares\/vigas\/lajes alveolares, arquibancadas\/vigas jacar\u00e9\/degraus e canteiro. Palestrante: Eng. Fernando Rebou\u00e7as Stucchi Engenheiro civil formado pela Escola Polit\u00e9cnica da Universidade de S\u00e3o Paulo em 1975. [&hellip;]\" \/>\n<meta property=\"og:url\" content=\"https:\/\/www.institutodeengenharia.org.br\/site\/2018\/10\/18\/projeto-da-arena-corinthians\/\" \/>\n<meta property=\"og:site_name\" content=\"Instituto de Engenharia\" \/>\n<meta property=\"article:publisher\" content=\"https:\/\/www.facebook.com\/institutodeengenharia\" \/>\n<meta property=\"article:published_time\" content=\"2018-10-18T14:34:21+00:00\" \/>\n<meta property=\"article:modified_time\" content=\"2018-10-26T13:36:59+00:00\" \/>\n<meta property=\"og:image\" content=\"https:\/\/www.institutodeengenharia.org.br\/site\/wp-content\/uploads\/2018\/10\/arena_corinthians.jpg\" \/>\n\t<meta property=\"og:image:width\" content=\"652\" \/>\n\t<meta property=\"og:image:height\" content=\"434\" \/>\n\t<meta property=\"og:image:type\" content=\"image\/jpeg\" \/>\n<meta name=\"author\" content=\"Bianca\" \/>\n<meta name=\"twitter:card\" content=\"summary_large_image\" \/>\n<meta name=\"twitter:creator\" content=\"@iengenharia\" \/>\n<meta name=\"twitter:site\" content=\"@iengenharia\" \/>\n<meta name=\"twitter:label1\" content=\"Escrito por\" \/>\n\t<meta name=\"twitter:data1\" content=\"Bianca\" \/>\n\t<meta name=\"twitter:label2\" content=\"Est. tempo de leitura\" \/>\n\t<meta name=\"twitter:data2\" content=\"1 minuto\" \/>\n<script type=\"application\/ld+json\" class=\"yoast-schema-graph\">{\"@context\":\"https:\/\/schema.org\",\"@graph\":[{\"@type\":\"Article\",\"@id\":\"https:\/\/www.institutodeengenharia.org.br\/site\/2018\/10\/18\/projeto-da-arena-corinthians\/#article\",\"isPartOf\":{\"@id\":\"https:\/\/www.institutodeengenharia.org.br\/site\/2018\/10\/18\/projeto-da-arena-corinthians\/\"},\"author\":{\"name\":\"Bianca\",\"@id\":\"https:\/\/www.institutodeengenharia.org.br\/site\/#\/schema\/person\/aeb64951c405e100d26d30b033dd423f\"},\"headline\":\"Projeto da Arena Corinthians\",\"datePublished\":\"2018-10-18T14:34:21+00:00\",\"dateModified\":\"2018-10-26T13:36:59+00:00\",\"mainEntityOfPage\":{\"@id\":\"https:\/\/www.institutodeengenharia.org.br\/site\/2018\/10\/18\/projeto-da-arena-corinthians\/\"},\"wordCount\":229,\"commentCount\":0,\"publisher\":{\"@id\":\"https:\/\/www.institutodeengenharia.org.br\/site\/#organization\"},\"image\":{\"@id\":\"https:\/\/www.institutodeengenharia.org.br\/site\/2018\/10\/18\/projeto-da-arena-corinthians\/#primaryimage\"},\"thumbnailUrl\":\"https:\/\/www.institutodeengenharia.org.br\/site\/wp-content\/uploads\/2018\/10\/arena_corinthians.jpg\",\"articleSection\":[\"Departamento Desenvolvimento de Projetos e Servi\u00e7os de Infraestrutura\",\"Divis\u00e3o T\u00e9cnica Estruturas e Controle Tecnol\u00f3gico\",\"Divis\u00f5es T\u00e9cnicas\",\"Nova TV Engenharia\",\"Palestra\"],\"inLanguage\":\"pt-BR\",\"potentialAction\":[{\"@type\":\"CommentAction\",\"name\":\"Comment\",\"target\":[\"https:\/\/www.institutodeengenharia.org.br\/site\/2018\/10\/18\/projeto-da-arena-corinthians\/#respond\"]}]},{\"@type\":\"WebPage\",\"@id\":\"https:\/\/www.institutodeengenharia.org.br\/site\/2018\/10\/18\/projeto-da-arena-corinthians\/\",\"url\":\"https:\/\/www.institutodeengenharia.org.br\/site\/2018\/10\/18\/projeto-da-arena-corinthians\/\",\"name\":\"Projeto da Arena Corinthians - Instituto de Engenharia\",\"isPartOf\":{\"@id\":\"https:\/\/www.institutodeengenharia.org.br\/site\/#website\"},\"primaryImageOfPage\":{\"@id\":\"https:\/\/www.institutodeengenharia.org.br\/site\/2018\/10\/18\/projeto-da-arena-corinthians\/#primaryimage\"},\"image\":{\"@id\":\"https:\/\/www.institutodeengenharia.org.br\/site\/2018\/10\/18\/projeto-da-arena-corinthians\/#primaryimage\"},\"thumbnailUrl\":\"https:\/\/www.institutodeengenharia.org.br\/site\/wp-content\/uploads\/2018\/10\/arena_corinthians.jpg\",\"datePublished\":\"2018-10-18T14:34:21+00:00\",\"dateModified\":\"2018-10-26T13:36:59+00:00\",\"breadcrumb\":{\"@id\":\"https:\/\/www.institutodeengenharia.org.br\/site\/2018\/10\/18\/projeto-da-arena-corinthians\/#breadcrumb\"},\"inLanguage\":\"pt-BR\",\"potentialAction\":[{\"@type\":\"ReadAction\",\"target\":[\"https:\/\/www.institutodeengenharia.org.br\/site\/2018\/10\/18\/projeto-da-arena-corinthians\/\"]}]},{\"@type\":\"ImageObject\",\"inLanguage\":\"pt-BR\",\"@id\":\"https:\/\/www.institutodeengenharia.org.br\/site\/2018\/10\/18\/projeto-da-arena-corinthians\/#primaryimage\",\"url\":\"https:\/\/www.institutodeengenharia.org.br\/site\/wp-content\/uploads\/2018\/10\/arena_corinthians.jpg\",\"contentUrl\":\"https:\/\/www.institutodeengenharia.org.br\/site\/wp-content\/uploads\/2018\/10\/arena_corinthians.jpg\",\"width\":652,\"height\":434},{\"@type\":\"BreadcrumbList\",\"@id\":\"https:\/\/www.institutodeengenharia.org.br\/site\/2018\/10\/18\/projeto-da-arena-corinthians\/#breadcrumb\",\"itemListElement\":[{\"@type\":\"ListItem\",\"position\":1,\"name\":\"In\u00edcio\",\"item\":\"https:\/\/www.institutodeengenharia.org.br\/site\/\"},{\"@type\":\"ListItem\",\"position\":2,\"name\":\"Projeto da Arena Corinthians\"}]},{\"@type\":\"WebSite\",\"@id\":\"https:\/\/www.institutodeengenharia.org.br\/site\/#website\",\"url\":\"https:\/\/www.institutodeengenharia.org.br\/site\/\",\"name\":\"Instituto de Engenharia\",\"description\":\"O Instituto de Engenharia promove a Engenharia em benef\u00edcio do desenvolvimento e da qualidade de vida da sociedade.\",\"publisher\":{\"@id\":\"https:\/\/www.institutodeengenharia.org.br\/site\/#organization\"},\"potentialAction\":[{\"@type\":\"SearchAction\",\"target\":{\"@type\":\"EntryPoint\",\"urlTemplate\":\"https:\/\/www.institutodeengenharia.org.br\/site\/?s={search_term_string}\"},\"query-input\":{\"@type\":\"PropertyValueSpecification\",\"valueRequired\":true,\"valueName\":\"search_term_string\"}}],\"inLanguage\":\"pt-BR\"},{\"@type\":\"Organization\",\"@id\":\"https:\/\/www.institutodeengenharia.org.br\/site\/#organization\",\"name\":\"Instituto de Engenharia\",\"url\":\"https:\/\/www.institutodeengenharia.org.br\/site\/\",\"logo\":{\"@type\":\"ImageObject\",\"inLanguage\":\"pt-BR\",\"@id\":\"https:\/\/www.institutodeengenharia.org.br\/site\/#\/schema\/logo\/image\/\",\"url\":\"https:\/\/www.institutodeengenharia.org.br\/site\/wp-content\/uploads\/2019\/03\/logo-novo-IE2018-1.jpg\",\"contentUrl\":\"https:\/\/www.institutodeengenharia.org.br\/site\/wp-content\/uploads\/2019\/03\/logo-novo-IE2018-1.jpg\",\"width\":1486,\"height\":1879,\"caption\":\"Instituto de Engenharia\"},\"image\":{\"@id\":\"https:\/\/www.institutodeengenharia.org.br\/site\/#\/schema\/logo\/image\/\"},\"sameAs\":[\"https:\/\/www.facebook.com\/institutodeengenharia\",\"https:\/\/x.com\/iengenharia\",\"https:\/\/www.instagram.com\/institutodeengenharia\/\",\"https:\/\/www.linkedin.com\/company\/instituto-de-engenharia\/\",\"https:\/\/www.youtube.com\/channel\/UCXiCAlsSMe977vamW915HxA\"]},{\"@type\":\"Person\",\"@id\":\"https:\/\/www.institutodeengenharia.org.br\/site\/#\/schema\/person\/aeb64951c405e100d26d30b033dd423f\",\"name\":\"Bianca\",\"image\":{\"@type\":\"ImageObject\",\"inLanguage\":\"pt-BR\",\"@id\":\"https:\/\/secure.gravatar.com\/avatar\/a6fbe9bff57405baf4c1e2c5c1811e072b558253974a9f9508f4678900c97c2a?s=96&d=mm&r=g\",\"url\":\"https:\/\/secure.gravatar.com\/avatar\/a6fbe9bff57405baf4c1e2c5c1811e072b558253974a9f9508f4678900c97c2a?s=96&d=mm&r=g\",\"contentUrl\":\"https:\/\/secure.gravatar.com\/avatar\/a6fbe9bff57405baf4c1e2c5c1811e072b558253974a9f9508f4678900c97c2a?s=96&d=mm&r=g\",\"caption\":\"Bianca\"},\"url\":\"https:\/\/www.institutodeengenharia.org.br\/site\/author\/comunicacao1\/\"}]}<\/script>\n<!-- \/ Yoast SEO plugin. -->","yoast_head_json":{"title":"Projeto da Arena Corinthians - Instituto de Engenharia","robots":{"index":"index","follow":"follow","max-snippet":"max-snippet:-1","max-image-preview":"max-image-preview:large","max-video-preview":"max-video-preview:-1"},"canonical":"https:\/\/www.institutodeengenharia.org.br\/site\/2018\/10\/18\/projeto-da-arena-corinthians\/","og_locale":"pt_BR","og_type":"article","og_title":"Projeto da Arena Corinthians - Instituto de Engenharia","og_description":"&nbsp; &nbsp; + Informa\u00e7\u00f5es: T\u00f3picos a serem abordados na palestra:\u00a0Projeto: necessidade de monolitismo e rigidez, an\u00e1lise din\u00e2mica, modelo matem\u00e1tico utilizado e detalhes de liga\u00e7\u00e3o de pe\u00e7as pr\u00e9-fabricadas; Execu\u00e7\u00e3o: pr\u00e9-fabrica\u00e7\u00e3o dos elementos, estacas\/pilares\/vigas\/lajes alveolares, arquibancadas\/vigas jacar\u00e9\/degraus e canteiro. Palestrante: Eng. Fernando Rebou\u00e7as Stucchi Engenheiro civil formado pela Escola Polit\u00e9cnica da Universidade de S\u00e3o Paulo em 1975. [&hellip;]","og_url":"https:\/\/www.institutodeengenharia.org.br\/site\/2018\/10\/18\/projeto-da-arena-corinthians\/","og_site_name":"Instituto de Engenharia","article_publisher":"https:\/\/www.facebook.com\/institutodeengenharia","article_published_time":"2018-10-18T14:34:21+00:00","article_modified_time":"2018-10-26T13:36:59+00:00","og_image":[{"width":652,"height":434,"url":"https:\/\/www.institutodeengenharia.org.br\/site\/wp-content\/uploads\/2018\/10\/arena_corinthians.jpg","type":"image\/jpeg"}],"author":"Bianca","twitter_card":"summary_large_image","twitter_creator":"@iengenharia","twitter_site":"@iengenharia","twitter_misc":{"Escrito por":"Bianca","Est. tempo de leitura":"1 minuto"},"schema":{"@context":"https:\/\/schema.org","@graph":[{"@type":"Article","@id":"https:\/\/www.institutodeengenharia.org.br\/site\/2018\/10\/18\/projeto-da-arena-corinthians\/#article","isPartOf":{"@id":"https:\/\/www.institutodeengenharia.org.br\/site\/2018\/10\/18\/projeto-da-arena-corinthians\/"},"author":{"name":"Bianca","@id":"https:\/\/www.institutodeengenharia.org.br\/site\/#\/schema\/person\/aeb64951c405e100d26d30b033dd423f"},"headline":"Projeto da Arena Corinthians","datePublished":"2018-10-18T14:34:21+00:00","dateModified":"2018-10-26T13:36:59+00:00","mainEntityOfPage":{"@id":"https:\/\/www.institutodeengenharia.org.br\/site\/2018\/10\/18\/projeto-da-arena-corinthians\/"},"wordCount":229,"commentCount":0,"publisher":{"@id":"https:\/\/www.institutodeengenharia.org.br\/site\/#organization"},"image":{"@id":"https:\/\/www.institutodeengenharia.org.br\/site\/2018\/10\/18\/projeto-da-arena-corinthians\/#primaryimage"},"thumbnailUrl":"https:\/\/www.institutodeengenharia.org.br\/site\/wp-content\/uploads\/2018\/10\/arena_corinthians.jpg","articleSection":["Departamento Desenvolvimento de Projetos e Servi\u00e7os de Infraestrutura","Divis\u00e3o T\u00e9cnica Estruturas e Controle Tecnol\u00f3gico","Divis\u00f5es T\u00e9cnicas","Nova TV Engenharia","Palestra"],"inLanguage":"pt-BR","potentialAction":[{"@type":"CommentAction","name":"Comment","target":["https:\/\/www.institutodeengenharia.org.br\/site\/2018\/10\/18\/projeto-da-arena-corinthians\/#respond"]}]},{"@type":"WebPage","@id":"https:\/\/www.institutodeengenharia.org.br\/site\/2018\/10\/18\/projeto-da-arena-corinthians\/","url":"https:\/\/www.institutodeengenharia.org.br\/site\/2018\/10\/18\/projeto-da-arena-corinthians\/","name":"Projeto da Arena Corinthians - Instituto de Engenharia","isPartOf":{"@id":"https:\/\/www.institutodeengenharia.org.br\/site\/#website"},"primaryImageOfPage":{"@id":"https:\/\/www.institutodeengenharia.org.br\/site\/2018\/10\/18\/projeto-da-arena-corinthians\/#primaryimage"},"image":{"@id":"https:\/\/www.institutodeengenharia.org.br\/site\/2018\/10\/18\/projeto-da-arena-corinthians\/#primaryimage"},"thumbnailUrl":"https:\/\/www.institutodeengenharia.org.br\/site\/wp-content\/uploads\/2018\/10\/arena_corinthians.jpg","datePublished":"2018-10-18T14:34:21+00:00","dateModified":"2018-10-26T13:36:59+00:00","breadcrumb":{"@id":"https:\/\/www.institutodeengenharia.org.br\/site\/2018\/10\/18\/projeto-da-arena-corinthians\/#breadcrumb"},"inLanguage":"pt-BR","potentialAction":[{"@type":"ReadAction","target":["https:\/\/www.institutodeengenharia.org.br\/site\/2018\/10\/18\/projeto-da-arena-corinthians\/"]}]},{"@type":"ImageObject","inLanguage":"pt-BR","@id":"https:\/\/www.institutodeengenharia.org.br\/site\/2018\/10\/18\/projeto-da-arena-corinthians\/#primaryimage","url":"https:\/\/www.institutodeengenharia.org.br\/site\/wp-content\/uploads\/2018\/10\/arena_corinthians.jpg","contentUrl":"https:\/\/www.institutodeengenharia.org.br\/site\/wp-content\/uploads\/2018\/10\/arena_corinthians.jpg","width":652,"height":434},{"@type":"BreadcrumbList","@id":"https:\/\/www.institutodeengenharia.org.br\/site\/2018\/10\/18\/projeto-da-arena-corinthians\/#breadcrumb","itemListElement":[{"@type":"ListItem","position":1,"name":"In\u00edcio","item":"https:\/\/www.institutodeengenharia.org.br\/site\/"},{"@type":"ListItem","position":2,"name":"Projeto da Arena Corinthians"}]},{"@type":"WebSite","@id":"https:\/\/www.institutodeengenharia.org.br\/site\/#website","url":"https:\/\/www.institutodeengenharia.org.br\/site\/","name":"Instituto de Engenharia","description":"O Instituto de Engenharia promove a Engenharia em benef\u00edcio do desenvolvimento e da qualidade de vida da sociedade.","publisher":{"@id":"https:\/\/www.institutodeengenharia.org.br\/site\/#organization"},"potentialAction":[{"@type":"SearchAction","target":{"@type":"EntryPoint","urlTemplate":"https:\/\/www.institutodeengenharia.org.br\/site\/?s={search_term_string}"},"query-input":{"@type":"PropertyValueSpecification","valueRequired":true,"valueName":"search_term_string"}}],"inLanguage":"pt-BR"},{"@type":"Organization","@id":"https:\/\/www.institutodeengenharia.org.br\/site\/#organization","name":"Instituto de Engenharia","url":"https:\/\/www.institutodeengenharia.org.br\/site\/","logo":{"@type":"ImageObject","inLanguage":"pt-BR","@id":"https:\/\/www.institutodeengenharia.org.br\/site\/#\/schema\/logo\/image\/","url":"https:\/\/www.institutodeengenharia.org.br\/site\/wp-content\/uploads\/2019\/03\/logo-novo-IE2018-1.jpg","contentUrl":"https:\/\/www.institutodeengenharia.org.br\/site\/wp-content\/uploads\/2019\/03\/logo-novo-IE2018-1.jpg","width":1486,"height":1879,"caption":"Instituto de Engenharia"},"image":{"@id":"https:\/\/www.institutodeengenharia.org.br\/site\/#\/schema\/logo\/image\/"},"sameAs":["https:\/\/www.facebook.com\/institutodeengenharia","https:\/\/x.com\/iengenharia","https:\/\/www.instagram.com\/institutodeengenharia\/","https:\/\/www.linkedin.com\/company\/instituto-de-engenharia\/","https:\/\/www.youtube.com\/channel\/UCXiCAlsSMe977vamW915HxA"]},{"@type":"Person","@id":"https:\/\/www.institutodeengenharia.org.br\/site\/#\/schema\/person\/aeb64951c405e100d26d30b033dd423f","name":"Bianca","image":{"@type":"ImageObject","inLanguage":"pt-BR","@id":"https:\/\/secure.gravatar.com\/avatar\/a6fbe9bff57405baf4c1e2c5c1811e072b558253974a9f9508f4678900c97c2a?s=96&d=mm&r=g","url":"https:\/\/secure.gravatar.com\/avatar\/a6fbe9bff57405baf4c1e2c5c1811e072b558253974a9f9508f4678900c97c2a?s=96&d=mm&r=g","contentUrl":"https:\/\/secure.gravatar.com\/avatar\/a6fbe9bff57405baf4c1e2c5c1811e072b558253974a9f9508f4678900c97c2a?s=96&d=mm&r=g","caption":"Bianca"},"url":"https:\/\/www.institutodeengenharia.org.br\/site\/author\/comunicacao1\/"}]}},"_links":{"self":[{"href":"https:\/\/www.institutodeengenharia.org.br\/site\/wp-json\/wp\/v2\/posts\/38596","targetHints":{"allow":["GET"]}}],"collection":[{"href":"https:\/\/www.institutodeengenharia.org.br\/site\/wp-json\/wp\/v2\/posts"}],"about":[{"href":"https:\/\/www.institutodeengenharia.org.br\/site\/wp-json\/wp\/v2\/types\/post"}],"author":[{"embeddable":true,"href":"https:\/\/www.institutodeengenharia.org.br\/site\/wp-json\/wp\/v2\/users\/13"}],"replies":[{"embeddable":true,"href":"https:\/\/www.institutodeengenharia.org.br\/site\/wp-json\/wp\/v2\/comments?post=38596"}],"version-history":[{"count":1,"href":"https:\/\/www.institutodeengenharia.org.br\/site\/wp-json\/wp\/v2\/posts\/38596\/revisions"}],"predecessor-version":[{"id":38597,"href":"https:\/\/www.institutodeengenharia.org.br\/site\/wp-json\/wp\/v2\/posts\/38596\/revisions\/38597"}],"wp:featuredmedia":[{"embeddable":true,"href":"https:\/\/www.institutodeengenharia.org.br\/site\/wp-json\/wp\/v2\/media\/38317"}],"wp:attachment":[{"href":"https:\/\/www.institutodeengenharia.org.br\/site\/wp-json\/wp\/v2\/media?parent=38596"}],"wp:term":[{"taxonomy":"category","embeddable":true,"href":"https:\/\/www.institutodeengenharia.org.br\/site\/wp-json\/wp\/v2\/categories?post=38596"},{"taxonomy":"post_tag","embeddable":true,"href":"https:\/\/www.institutodeengenharia.org.br\/site\/wp-json\/wp\/v2\/tags?post=38596"}],"curies":[{"name":"wp","href":"https:\/\/api.w.org\/{rel}","templated":true}]}}