{"id":38567,"date":"2018-10-24T15:02:01","date_gmt":"2018-10-24T17:02:01","guid":{"rendered":"https:\/\/www.institutodeengenharia.org.br\/site\/?p=38567"},"modified":"2019-01-11T14:40:52","modified_gmt":"2019-01-11T16:40:52","slug":"reforma-tributaria-em-pauta","status":"publish","type":"post","link":"https:\/\/www.institutodeengenharia.org.br\/site\/2018\/10\/24\/reforma-tributaria-em-pauta\/","title":{"rendered":"Reforma tribut\u00e1ria em pauta"},"content":{"rendered":"<p><strong>Por Marcos Cintra*<\/strong><\/p>\n<p>A elei\u00e7\u00e3o presidencial de 2018 no Brasil colocou em pauta a reforma tribut\u00e1ria. O pr\u00f3ximo presidente n\u00e3o ter\u00e1 como adi\u00e1-la. S\u00e3o mais de vinte anos de discuss\u00e3o e a estrutura de impostos e contribui\u00e7\u00f5es que j\u00e1 era ruim h\u00e1 duas d\u00e9cadas se tornou em um enorme entrave para a atividade produtiva e um fator de desigualdade social.<\/p>\n<p>Est\u00e3o em pauta duas propostas que visam unificar tributos: uma quer faz\u00ea-la utilizando como base de cobran\u00e7a o valor agregado pelas empresas, criando um IVA, e outra prop\u00f5e usar os pagamentos realizados no sistema banc\u00e1rio, instituindo o que podemos chamar de IUP (Imposto Unificado sobre Pagamentos).<\/p>\n<p>Cumpre dizer que no caso do IVA a ideia \u00e9 substituir cerca de cinco tributos por um com al\u00edquota em torno de 25%. J\u00e1 o IUP prop\u00f5e eliminar tributos arrecadat\u00f3rios como a CSLL, IPI, Cofins, contribui\u00e7\u00f5es previdenci\u00e1rias patronais, IOF, ITR e outros. Sua al\u00edquota seria em torno de 1,14%, permanecendo apenas os impostos de natureza extrafiscal (instrumento de regula\u00e7\u00e3o de pol\u00edtica econ\u00f4mica, como os impostos sobre com\u00e9rcio exterior), as taxas pela presta\u00e7\u00e3o de servi\u00e7os, os tributos que se caracterizam como poupan\u00e7a do trabalhador (FGTS e PIS) e as contribui\u00e7\u00f5es previdenci\u00e1rias individuais.<\/p>\n<p>Confrontar as duas propostas \u00e9 algo fundamental, mas pouco se faz nesse sentido. H\u00e1 tr\u00eas pontos importantes que devem ser considerados.<\/p>\n<p>Em primeiro lugar cabe enfatizar que o IVA distorce mais os pre\u00e7os do que um IUP. Simula\u00e7\u00f5es\u00a0revelam que um IVA que agrega Cofins, IPI e INSS sobre a folha de sal\u00e1rios, por exemplo, gera um \u00f4nus m\u00e9dio de 22,1% sobre os pre\u00e7os de 128 setores analisados. Todavia, um IUP com al\u00edquota de 0,7% nos pagamentos e recebimentos nos bancos, suficiente para gerar a mesma receita daqueles tr\u00eas tributos, impacta em m\u00e9dia 3,7%.<\/p>\n<p>O segundo ponto \u00e9 que o IVA \u00e9 complexo, de alto custo e de dif\u00edcil assimila\u00e7\u00e3o pelos contribuintes. \u00c9 um tributo declarat\u00f3rio e exige sistemas de controle dispendiosos para o governo e para o contribuinte. Parte da receita p\u00fablica obtida \u00e9 canalizada para financiar a burocracia fiscal e as empresas arcam com elevadas despesas administrativas para cumprir as exig\u00eancias da lei, portanto, o custo administrativo se manteria elevado no Brasil.\u00a0\u00a0O IUP, por sua vez, \u00e9 um tributo n\u00e3o declarat\u00f3rio e de f\u00e1cil cobran\u00e7a, ou seja, n\u00e3o requer a enorme gama de declara\u00e7\u00f5es e guias exigidas dos tributos declarat\u00f3rios. Seu custo \u00e9 baixo para o contribuinte e para o governo, gerando um contencioso quase nulo.<\/p>\n<p>O terceiro aspecto \u00e9 que por incidir sobre uma base restrita, o valor agregado, o IVA requer uma al\u00edquota elevada. Essa situa\u00e7\u00e3o, combinada com o fato de se tratar de um tributo declarat\u00f3rio, estimula a evas\u00e3o\u00a0e a sonega\u00e7\u00e3o.\u00a0O IUP, por seu turno, \u00e9 um tributo universal. Sua base ampla permite usar uma al\u00edquota reduzida para obter a mesma receita que um IVA com al\u00edquota elevada, e sua cobran\u00e7a autom\u00e1tica, associada com essa al\u00edquota baixa,\u00a0traduz-se em uma forma eficaz de combate\u00a0\u00e0\u00a0evas\u00e3o de arrecada\u00e7\u00e3o.<\/p>\n<p>Os cr\u00edticos de um tributo como o IUP n\u00e3o se d\u00e3o ao trabalho de avaliar quest\u00f5es como as apresentadas neste artigo. O tributo, mesmo cumulativo, \u00e9 uma forma mais eficiente de gerar receita p\u00fablica. Ademais, \u00e9 preciso enfatizar que sua cobran\u00e7a se adequa ao mundo atual, regido pela globaliza\u00e7\u00e3o e pela economia digital.<\/p>\n<p>_____________________________________________________________________<\/p>\n<p><img loading=\"lazy\" decoding=\"async\" class=\"alignnone  wp-image-39699\" src=\"https:\/\/www.institutodeengenharia.org.br\/site\/wp-content\/uploads\/2018\/10\/marcos-cintra.jpg\" alt=\"\" width=\"144\" height=\"190\" srcset=\"https:\/\/www.institutodeengenharia.org.br\/site\/wp-content\/uploads\/2018\/10\/marcos-cintra.jpg 272w, https:\/\/www.institutodeengenharia.org.br\/site\/wp-content\/uploads\/2018\/10\/marcos-cintra-227x300.jpg 227w\" sizes=\"auto, (max-width: 144px) 100vw, 144px\" \/><\/p>\n<p><strong>Marcos Cintra*<\/strong> \u00e9 doutor em Economia pela Universidade Harvard (EUA), professor titular da Funda\u00e7\u00e3o Getulio Vargas. \u00c9 autor do projeto do Imposto \u00danico. \u00c9 presidente da Finep (Financiadora de Estudos e Projetos).<\/p>\n<p>Este artigo expressa a opini\u00e3o do autor, n\u00e3o representando necessariamente a opini\u00e3o institucional da FGV.<\/p>\n<p>*<em>Os artigos publicados com assinatura, n\u00e3o traduzem necessariamente a opini\u00e3o do Instituto de Engenharia. Sua publica\u00e7\u00e3o obedece ao prop\u00f3sito de estimular o debate dos problemas brasileiros e de refletir as diversas tend\u00eancias do pensamento contempor\u00e2neo<\/em><\/p>\n","protected":false},"excerpt":{"rendered":"<p>Por Marcos Cintra* A elei\u00e7\u00e3o presidencial de 2018 no Brasil colocou em pauta a reforma tribut\u00e1ria. O pr\u00f3ximo presidente n\u00e3o ter\u00e1 como adi\u00e1-la. S\u00e3o mais de vinte anos de discuss\u00e3o e a estrutura de impostos e contribui\u00e7\u00f5es que j\u00e1 era ruim h\u00e1 duas d\u00e9cadas se tornou em um enorme entrave para a atividade produtiva e [&hellip;]<\/p>\n","protected":false},"author":13,"featured_media":39698,"comment_status":"open","ping_status":"open","sticky":false,"template":"","format":"standard","meta":{"footnotes":""},"categories":[11,96],"tags":[],"class_list":{"0":"post-38567","1":"post","2":"type-post","3":"status-publish","4":"format-standard","5":"has-post-thumbnail","7":"category-articulistas","8":"category-marcos-cintra"},"yoast_head":"<!-- This site is optimized with the Yoast SEO plugin v27.2 - https:\/\/yoast.com\/product\/yoast-seo-wordpress\/ -->\n<title>Reforma tribut\u00e1ria em pauta - Instituto de Engenharia<\/title>\n<meta name=\"robots\" content=\"index, follow, max-snippet:-1, max-image-preview:large, max-video-preview:-1\" \/>\n<link rel=\"canonical\" href=\"https:\/\/www.institutodeengenharia.org.br\/site\/2018\/10\/24\/reforma-tributaria-em-pauta\/\" \/>\n<meta property=\"og:locale\" content=\"pt_BR\" \/>\n<meta property=\"og:type\" content=\"article\" \/>\n<meta property=\"og:title\" content=\"Reforma tribut\u00e1ria em pauta - Instituto de Engenharia\" \/>\n<meta property=\"og:description\" content=\"Por Marcos Cintra* A elei\u00e7\u00e3o presidencial de 2018 no Brasil colocou em pauta a reforma tribut\u00e1ria. O pr\u00f3ximo presidente n\u00e3o ter\u00e1 como adi\u00e1-la. S\u00e3o mais de vinte anos de discuss\u00e3o e a estrutura de impostos e contribui\u00e7\u00f5es que j\u00e1 era ruim h\u00e1 duas d\u00e9cadas se tornou em um enorme entrave para a atividade produtiva e [&hellip;]\" \/>\n<meta property=\"og:url\" content=\"https:\/\/www.institutodeengenharia.org.br\/site\/2018\/10\/24\/reforma-tributaria-em-pauta\/\" \/>\n<meta property=\"og:site_name\" content=\"Instituto de Engenharia\" \/>\n<meta property=\"article:publisher\" content=\"https:\/\/www.facebook.com\/institutodeengenharia\" \/>\n<meta property=\"article:published_time\" content=\"2018-10-24T17:02:01+00:00\" \/>\n<meta property=\"article:modified_time\" content=\"2019-01-11T16:40:52+00:00\" \/>\n<meta property=\"og:image\" content=\"https:\/\/www.institutodeengenharia.org.br\/site\/wp-content\/uploads\/2018\/10\/blog_20_02-770x480.png\" \/>\n\t<meta property=\"og:image:width\" content=\"770\" \/>\n\t<meta property=\"og:image:height\" content=\"480\" \/>\n\t<meta property=\"og:image:type\" content=\"image\/png\" \/>\n<meta name=\"author\" content=\"Bianca\" \/>\n<meta name=\"twitter:card\" content=\"summary_large_image\" \/>\n<meta name=\"twitter:creator\" content=\"@iengenharia\" \/>\n<meta name=\"twitter:site\" content=\"@iengenharia\" \/>\n<meta name=\"twitter:label1\" content=\"Escrito por\" \/>\n\t<meta name=\"twitter:data1\" content=\"Bianca\" \/>\n\t<meta name=\"twitter:label2\" content=\"Est. tempo de leitura\" \/>\n\t<meta name=\"twitter:data2\" content=\"3 minutos\" \/>\n<script type=\"application\/ld+json\" class=\"yoast-schema-graph\">{\"@context\":\"https:\/\/schema.org\",\"@graph\":[{\"@type\":\"Article\",\"@id\":\"https:\/\/www.institutodeengenharia.org.br\/site\/2018\/10\/24\/reforma-tributaria-em-pauta\/#article\",\"isPartOf\":{\"@id\":\"https:\/\/www.institutodeengenharia.org.br\/site\/2018\/10\/24\/reforma-tributaria-em-pauta\/\"},\"author\":{\"name\":\"Bianca\",\"@id\":\"https:\/\/www.institutodeengenharia.org.br\/site\/#\/schema\/person\/aeb64951c405e100d26d30b033dd423f\"},\"headline\":\"Reforma tribut\u00e1ria em pauta\",\"datePublished\":\"2018-10-24T17:02:01+00:00\",\"dateModified\":\"2019-01-11T16:40:52+00:00\",\"mainEntityOfPage\":{\"@id\":\"https:\/\/www.institutodeengenharia.org.br\/site\/2018\/10\/24\/reforma-tributaria-em-pauta\/\"},\"wordCount\":689,\"commentCount\":0,\"publisher\":{\"@id\":\"https:\/\/www.institutodeengenharia.org.br\/site\/#organization\"},\"image\":{\"@id\":\"https:\/\/www.institutodeengenharia.org.br\/site\/2018\/10\/24\/reforma-tributaria-em-pauta\/#primaryimage\"},\"thumbnailUrl\":\"https:\/\/www.institutodeengenharia.org.br\/site\/wp-content\/uploads\/2018\/10\/blog_20_02-770x480.png\",\"articleSection\":[\"Articulistas\",\"Marcos Cintra\"],\"inLanguage\":\"pt-BR\",\"potentialAction\":[{\"@type\":\"CommentAction\",\"name\":\"Comment\",\"target\":[\"https:\/\/www.institutodeengenharia.org.br\/site\/2018\/10\/24\/reforma-tributaria-em-pauta\/#respond\"]}]},{\"@type\":\"WebPage\",\"@id\":\"https:\/\/www.institutodeengenharia.org.br\/site\/2018\/10\/24\/reforma-tributaria-em-pauta\/\",\"url\":\"https:\/\/www.institutodeengenharia.org.br\/site\/2018\/10\/24\/reforma-tributaria-em-pauta\/\",\"name\":\"Reforma tribut\u00e1ria em pauta - Instituto de Engenharia\",\"isPartOf\":{\"@id\":\"https:\/\/www.institutodeengenharia.org.br\/site\/#website\"},\"primaryImageOfPage\":{\"@id\":\"https:\/\/www.institutodeengenharia.org.br\/site\/2018\/10\/24\/reforma-tributaria-em-pauta\/#primaryimage\"},\"image\":{\"@id\":\"https:\/\/www.institutodeengenharia.org.br\/site\/2018\/10\/24\/reforma-tributaria-em-pauta\/#primaryimage\"},\"thumbnailUrl\":\"https:\/\/www.institutodeengenharia.org.br\/site\/wp-content\/uploads\/2018\/10\/blog_20_02-770x480.png\",\"datePublished\":\"2018-10-24T17:02:01+00:00\",\"dateModified\":\"2019-01-11T16:40:52+00:00\",\"breadcrumb\":{\"@id\":\"https:\/\/www.institutodeengenharia.org.br\/site\/2018\/10\/24\/reforma-tributaria-em-pauta\/#breadcrumb\"},\"inLanguage\":\"pt-BR\",\"potentialAction\":[{\"@type\":\"ReadAction\",\"target\":[\"https:\/\/www.institutodeengenharia.org.br\/site\/2018\/10\/24\/reforma-tributaria-em-pauta\/\"]}]},{\"@type\":\"ImageObject\",\"inLanguage\":\"pt-BR\",\"@id\":\"https:\/\/www.institutodeengenharia.org.br\/site\/2018\/10\/24\/reforma-tributaria-em-pauta\/#primaryimage\",\"url\":\"https:\/\/www.institutodeengenharia.org.br\/site\/wp-content\/uploads\/2018\/10\/blog_20_02-770x480.png\",\"contentUrl\":\"https:\/\/www.institutodeengenharia.org.br\/site\/wp-content\/uploads\/2018\/10\/blog_20_02-770x480.png\",\"width\":770,\"height\":480},{\"@type\":\"BreadcrumbList\",\"@id\":\"https:\/\/www.institutodeengenharia.org.br\/site\/2018\/10\/24\/reforma-tributaria-em-pauta\/#breadcrumb\",\"itemListElement\":[{\"@type\":\"ListItem\",\"position\":1,\"name\":\"In\u00edcio\",\"item\":\"https:\/\/www.institutodeengenharia.org.br\/site\/\"},{\"@type\":\"ListItem\",\"position\":2,\"name\":\"Reforma tribut\u00e1ria em pauta\"}]},{\"@type\":\"WebSite\",\"@id\":\"https:\/\/www.institutodeengenharia.org.br\/site\/#website\",\"url\":\"https:\/\/www.institutodeengenharia.org.br\/site\/\",\"name\":\"Instituto de Engenharia\",\"description\":\"O Instituto de Engenharia promove a Engenharia em benef\u00edcio do desenvolvimento e da qualidade de vida da sociedade.\",\"publisher\":{\"@id\":\"https:\/\/www.institutodeengenharia.org.br\/site\/#organization\"},\"potentialAction\":[{\"@type\":\"SearchAction\",\"target\":{\"@type\":\"EntryPoint\",\"urlTemplate\":\"https:\/\/www.institutodeengenharia.org.br\/site\/?s={search_term_string}\"},\"query-input\":{\"@type\":\"PropertyValueSpecification\",\"valueRequired\":true,\"valueName\":\"search_term_string\"}}],\"inLanguage\":\"pt-BR\"},{\"@type\":\"Organization\",\"@id\":\"https:\/\/www.institutodeengenharia.org.br\/site\/#organization\",\"name\":\"Instituto de Engenharia\",\"url\":\"https:\/\/www.institutodeengenharia.org.br\/site\/\",\"logo\":{\"@type\":\"ImageObject\",\"inLanguage\":\"pt-BR\",\"@id\":\"https:\/\/www.institutodeengenharia.org.br\/site\/#\/schema\/logo\/image\/\",\"url\":\"https:\/\/www.institutodeengenharia.org.br\/site\/wp-content\/uploads\/2019\/03\/logo-novo-IE2018-1.jpg\",\"contentUrl\":\"https:\/\/www.institutodeengenharia.org.br\/site\/wp-content\/uploads\/2019\/03\/logo-novo-IE2018-1.jpg\",\"width\":1486,\"height\":1879,\"caption\":\"Instituto de Engenharia\"},\"image\":{\"@id\":\"https:\/\/www.institutodeengenharia.org.br\/site\/#\/schema\/logo\/image\/\"},\"sameAs\":[\"https:\/\/www.facebook.com\/institutodeengenharia\",\"https:\/\/x.com\/iengenharia\",\"https:\/\/www.instagram.com\/institutodeengenharia\/\",\"https:\/\/www.linkedin.com\/company\/instituto-de-engenharia\/\",\"https:\/\/www.youtube.com\/channel\/UCXiCAlsSMe977vamW915HxA\"]},{\"@type\":\"Person\",\"@id\":\"https:\/\/www.institutodeengenharia.org.br\/site\/#\/schema\/person\/aeb64951c405e100d26d30b033dd423f\",\"name\":\"Bianca\",\"image\":{\"@type\":\"ImageObject\",\"inLanguage\":\"pt-BR\",\"@id\":\"https:\/\/secure.gravatar.com\/avatar\/a6fbe9bff57405baf4c1e2c5c1811e072b558253974a9f9508f4678900c97c2a?s=96&d=mm&r=g\",\"url\":\"https:\/\/secure.gravatar.com\/avatar\/a6fbe9bff57405baf4c1e2c5c1811e072b558253974a9f9508f4678900c97c2a?s=96&d=mm&r=g\",\"contentUrl\":\"https:\/\/secure.gravatar.com\/avatar\/a6fbe9bff57405baf4c1e2c5c1811e072b558253974a9f9508f4678900c97c2a?s=96&d=mm&r=g\",\"caption\":\"Bianca\"},\"url\":\"https:\/\/www.institutodeengenharia.org.br\/site\/author\/comunicacao1\/\"}]}<\/script>\n<!-- \/ Yoast SEO plugin. -->","yoast_head_json":{"title":"Reforma tribut\u00e1ria em pauta - Instituto de Engenharia","robots":{"index":"index","follow":"follow","max-snippet":"max-snippet:-1","max-image-preview":"max-image-preview:large","max-video-preview":"max-video-preview:-1"},"canonical":"https:\/\/www.institutodeengenharia.org.br\/site\/2018\/10\/24\/reforma-tributaria-em-pauta\/","og_locale":"pt_BR","og_type":"article","og_title":"Reforma tribut\u00e1ria em pauta - Instituto de Engenharia","og_description":"Por Marcos Cintra* A elei\u00e7\u00e3o presidencial de 2018 no Brasil colocou em pauta a reforma tribut\u00e1ria. O pr\u00f3ximo presidente n\u00e3o ter\u00e1 como adi\u00e1-la. S\u00e3o mais de vinte anos de discuss\u00e3o e a estrutura de impostos e contribui\u00e7\u00f5es que j\u00e1 era ruim h\u00e1 duas d\u00e9cadas se tornou em um enorme entrave para a atividade produtiva e [&hellip;]","og_url":"https:\/\/www.institutodeengenharia.org.br\/site\/2018\/10\/24\/reforma-tributaria-em-pauta\/","og_site_name":"Instituto de Engenharia","article_publisher":"https:\/\/www.facebook.com\/institutodeengenharia","article_published_time":"2018-10-24T17:02:01+00:00","article_modified_time":"2019-01-11T16:40:52+00:00","og_image":[{"width":770,"height":480,"url":"https:\/\/www.institutodeengenharia.org.br\/site\/wp-content\/uploads\/2018\/10\/blog_20_02-770x480.png","type":"image\/png"}],"author":"Bianca","twitter_card":"summary_large_image","twitter_creator":"@iengenharia","twitter_site":"@iengenharia","twitter_misc":{"Escrito por":"Bianca","Est. tempo de leitura":"3 minutos"},"schema":{"@context":"https:\/\/schema.org","@graph":[{"@type":"Article","@id":"https:\/\/www.institutodeengenharia.org.br\/site\/2018\/10\/24\/reforma-tributaria-em-pauta\/#article","isPartOf":{"@id":"https:\/\/www.institutodeengenharia.org.br\/site\/2018\/10\/24\/reforma-tributaria-em-pauta\/"},"author":{"name":"Bianca","@id":"https:\/\/www.institutodeengenharia.org.br\/site\/#\/schema\/person\/aeb64951c405e100d26d30b033dd423f"},"headline":"Reforma tribut\u00e1ria em pauta","datePublished":"2018-10-24T17:02:01+00:00","dateModified":"2019-01-11T16:40:52+00:00","mainEntityOfPage":{"@id":"https:\/\/www.institutodeengenharia.org.br\/site\/2018\/10\/24\/reforma-tributaria-em-pauta\/"},"wordCount":689,"commentCount":0,"publisher":{"@id":"https:\/\/www.institutodeengenharia.org.br\/site\/#organization"},"image":{"@id":"https:\/\/www.institutodeengenharia.org.br\/site\/2018\/10\/24\/reforma-tributaria-em-pauta\/#primaryimage"},"thumbnailUrl":"https:\/\/www.institutodeengenharia.org.br\/site\/wp-content\/uploads\/2018\/10\/blog_20_02-770x480.png","articleSection":["Articulistas","Marcos Cintra"],"inLanguage":"pt-BR","potentialAction":[{"@type":"CommentAction","name":"Comment","target":["https:\/\/www.institutodeengenharia.org.br\/site\/2018\/10\/24\/reforma-tributaria-em-pauta\/#respond"]}]},{"@type":"WebPage","@id":"https:\/\/www.institutodeengenharia.org.br\/site\/2018\/10\/24\/reforma-tributaria-em-pauta\/","url":"https:\/\/www.institutodeengenharia.org.br\/site\/2018\/10\/24\/reforma-tributaria-em-pauta\/","name":"Reforma tribut\u00e1ria em pauta - Instituto de Engenharia","isPartOf":{"@id":"https:\/\/www.institutodeengenharia.org.br\/site\/#website"},"primaryImageOfPage":{"@id":"https:\/\/www.institutodeengenharia.org.br\/site\/2018\/10\/24\/reforma-tributaria-em-pauta\/#primaryimage"},"image":{"@id":"https:\/\/www.institutodeengenharia.org.br\/site\/2018\/10\/24\/reforma-tributaria-em-pauta\/#primaryimage"},"thumbnailUrl":"https:\/\/www.institutodeengenharia.org.br\/site\/wp-content\/uploads\/2018\/10\/blog_20_02-770x480.png","datePublished":"2018-10-24T17:02:01+00:00","dateModified":"2019-01-11T16:40:52+00:00","breadcrumb":{"@id":"https:\/\/www.institutodeengenharia.org.br\/site\/2018\/10\/24\/reforma-tributaria-em-pauta\/#breadcrumb"},"inLanguage":"pt-BR","potentialAction":[{"@type":"ReadAction","target":["https:\/\/www.institutodeengenharia.org.br\/site\/2018\/10\/24\/reforma-tributaria-em-pauta\/"]}]},{"@type":"ImageObject","inLanguage":"pt-BR","@id":"https:\/\/www.institutodeengenharia.org.br\/site\/2018\/10\/24\/reforma-tributaria-em-pauta\/#primaryimage","url":"https:\/\/www.institutodeengenharia.org.br\/site\/wp-content\/uploads\/2018\/10\/blog_20_02-770x480.png","contentUrl":"https:\/\/www.institutodeengenharia.org.br\/site\/wp-content\/uploads\/2018\/10\/blog_20_02-770x480.png","width":770,"height":480},{"@type":"BreadcrumbList","@id":"https:\/\/www.institutodeengenharia.org.br\/site\/2018\/10\/24\/reforma-tributaria-em-pauta\/#breadcrumb","itemListElement":[{"@type":"ListItem","position":1,"name":"In\u00edcio","item":"https:\/\/www.institutodeengenharia.org.br\/site\/"},{"@type":"ListItem","position":2,"name":"Reforma tribut\u00e1ria em pauta"}]},{"@type":"WebSite","@id":"https:\/\/www.institutodeengenharia.org.br\/site\/#website","url":"https:\/\/www.institutodeengenharia.org.br\/site\/","name":"Instituto de Engenharia","description":"O Instituto de Engenharia promove a Engenharia em benef\u00edcio do desenvolvimento e da qualidade de vida da sociedade.","publisher":{"@id":"https:\/\/www.institutodeengenharia.org.br\/site\/#organization"},"potentialAction":[{"@type":"SearchAction","target":{"@type":"EntryPoint","urlTemplate":"https:\/\/www.institutodeengenharia.org.br\/site\/?s={search_term_string}"},"query-input":{"@type":"PropertyValueSpecification","valueRequired":true,"valueName":"search_term_string"}}],"inLanguage":"pt-BR"},{"@type":"Organization","@id":"https:\/\/www.institutodeengenharia.org.br\/site\/#organization","name":"Instituto de Engenharia","url":"https:\/\/www.institutodeengenharia.org.br\/site\/","logo":{"@type":"ImageObject","inLanguage":"pt-BR","@id":"https:\/\/www.institutodeengenharia.org.br\/site\/#\/schema\/logo\/image\/","url":"https:\/\/www.institutodeengenharia.org.br\/site\/wp-content\/uploads\/2019\/03\/logo-novo-IE2018-1.jpg","contentUrl":"https:\/\/www.institutodeengenharia.org.br\/site\/wp-content\/uploads\/2019\/03\/logo-novo-IE2018-1.jpg","width":1486,"height":1879,"caption":"Instituto de Engenharia"},"image":{"@id":"https:\/\/www.institutodeengenharia.org.br\/site\/#\/schema\/logo\/image\/"},"sameAs":["https:\/\/www.facebook.com\/institutodeengenharia","https:\/\/x.com\/iengenharia","https:\/\/www.instagram.com\/institutodeengenharia\/","https:\/\/www.linkedin.com\/company\/instituto-de-engenharia\/","https:\/\/www.youtube.com\/channel\/UCXiCAlsSMe977vamW915HxA"]},{"@type":"Person","@id":"https:\/\/www.institutodeengenharia.org.br\/site\/#\/schema\/person\/aeb64951c405e100d26d30b033dd423f","name":"Bianca","image":{"@type":"ImageObject","inLanguage":"pt-BR","@id":"https:\/\/secure.gravatar.com\/avatar\/a6fbe9bff57405baf4c1e2c5c1811e072b558253974a9f9508f4678900c97c2a?s=96&d=mm&r=g","url":"https:\/\/secure.gravatar.com\/avatar\/a6fbe9bff57405baf4c1e2c5c1811e072b558253974a9f9508f4678900c97c2a?s=96&d=mm&r=g","contentUrl":"https:\/\/secure.gravatar.com\/avatar\/a6fbe9bff57405baf4c1e2c5c1811e072b558253974a9f9508f4678900c97c2a?s=96&d=mm&r=g","caption":"Bianca"},"url":"https:\/\/www.institutodeengenharia.org.br\/site\/author\/comunicacao1\/"}]}},"_links":{"self":[{"href":"https:\/\/www.institutodeengenharia.org.br\/site\/wp-json\/wp\/v2\/posts\/38567","targetHints":{"allow":["GET"]}}],"collection":[{"href":"https:\/\/www.institutodeengenharia.org.br\/site\/wp-json\/wp\/v2\/posts"}],"about":[{"href":"https:\/\/www.institutodeengenharia.org.br\/site\/wp-json\/wp\/v2\/types\/post"}],"author":[{"embeddable":true,"href":"https:\/\/www.institutodeengenharia.org.br\/site\/wp-json\/wp\/v2\/users\/13"}],"replies":[{"embeddable":true,"href":"https:\/\/www.institutodeengenharia.org.br\/site\/wp-json\/wp\/v2\/comments?post=38567"}],"version-history":[{"count":2,"href":"https:\/\/www.institutodeengenharia.org.br\/site\/wp-json\/wp\/v2\/posts\/38567\/revisions"}],"predecessor-version":[{"id":39700,"href":"https:\/\/www.institutodeengenharia.org.br\/site\/wp-json\/wp\/v2\/posts\/38567\/revisions\/39700"}],"wp:featuredmedia":[{"embeddable":true,"href":"https:\/\/www.institutodeengenharia.org.br\/site\/wp-json\/wp\/v2\/media\/39698"}],"wp:attachment":[{"href":"https:\/\/www.institutodeengenharia.org.br\/site\/wp-json\/wp\/v2\/media?parent=38567"}],"wp:term":[{"taxonomy":"category","embeddable":true,"href":"https:\/\/www.institutodeengenharia.org.br\/site\/wp-json\/wp\/v2\/categories?post=38567"},{"taxonomy":"post_tag","embeddable":true,"href":"https:\/\/www.institutodeengenharia.org.br\/site\/wp-json\/wp\/v2\/tags?post=38567"}],"curies":[{"name":"wp","href":"https:\/\/api.w.org\/{rel}","templated":true}]}}