{"id":38240,"date":"2018-09-28T10:52:44","date_gmt":"2018-09-28T13:52:44","guid":{"rendered":"https:\/\/www.institutodeengenharia.org.br\/site\/?p=38240"},"modified":"2018-09-28T10:52:44","modified_gmt":"2018-09-28T13:52:44","slug":"garota-de-14-anos-cria-um-aplicativo-que-ajuda-pacientes-com-alzheimer","status":"publish","type":"post","link":"https:\/\/www.institutodeengenharia.org.br\/site\/2018\/09\/28\/garota-de-14-anos-cria-um-aplicativo-que-ajuda-pacientes-com-alzheimer\/","title":{"rendered":"Garota de 14 anos cria um aplicativo que ajuda pacientes com Alzheimer"},"content":{"rendered":"<p>A doen\u00e7a de Alzheimer \u00e9 a doen\u00e7a do s\u00e9culo. Mais de 44 milh\u00f5es de pessoas sofrem desta doen\u00e7a degenerativa, caracterizada por uma progressiva deteriora\u00e7\u00e3o mental. As pessoas afetadas podem ter dificuldade em lembrar coisas recentes, o nome das pessoas que desejam ou as datas dos eventos mais importantes de sua vida.<\/p>\n<p>De Nova York, Emma Yang \u2013 14 anos \u2013 se comunicava com a av\u00f3, em Hong Kong, que sofria de doen\u00e7a de Alzheimer. A dist\u00e2ncia para manter contato era muito dif\u00edcil e a doen\u00e7a s\u00f3 piorava as coisas. \u201cCostum\u00e1vamos conversar atrav\u00e9s de fotografias que eu enviava, mas nem sempre reconhecia as pessoas que apareciam nelas\u201d, explica Yang.<\/p>\n<p>Yang, desde os oito anos de idade come\u00e7ou a programar e decidiu criar um aplicativo baseado em Intelig\u00eancia Artificial (AI) e de reconhecimento facial para ajudar as pessoas afetadas por alzheimer, como a av\u00f3, para ficar em contato com seus entes queridos e reconhec\u00ea-los \u201cEu li muitas coisas sobre como a IA e o reconhecimento facial est\u00e3o realmente evoluindo e est\u00e3o sendo aplicados em mais \u00e1reas, especialmente nos servi\u00e7os de sa\u00fade\u201d, diz Yang, em um podcast postado por Sincerely Hueman.<\/p>\n<p>O aplicativo que possui duas ferramentas principais. Por um lado, h\u00e1 o recurso \u2018Atualiza\u00e7\u00f5es\u2019 , que ajuda os pacientes a ver o que seus entes queridos fazem. S\u00e3o os membros da fam\u00edlia que enviam fotografias de suas atividades diariamente e o aplicativo usa a identifica\u00e7\u00e3o facial para rotular seus rostos e permitir que o usu\u00e1rio reconhe\u00e7a quem eles s\u00e3o.<\/p>\n<p><img loading=\"lazy\" decoding=\"async\" class=\"size-full wp-image-38241 aligncenter\" src=\"https:\/\/www.institutodeengenharia.org.br\/site\/wp-content\/uploads\/2018\/09\/app-alzheimer.jpg\" alt=\"\" width=\"656\" height=\"366\" srcset=\"https:\/\/www.institutodeengenharia.org.br\/site\/wp-content\/uploads\/2018\/09\/app-alzheimer.jpg 656w, https:\/\/www.institutodeengenharia.org.br\/site\/wp-content\/uploads\/2018\/09\/app-alzheimer-300x167.jpg 300w\" sizes=\"auto, (max-width: 656px) 100vw, 656px\" \/>Enquanto\u00a0a ferramenta que foi chamada de \u2018Identify\u2019\u00a0ajuda o paciente de Alzheimer a\u00a0reconhecer sua fam\u00edlia e amigos.\u00a0Atrav\u00e9s do uso da c\u00e2mera do celular, uma foto da pessoa \u00e9 tirada e o\u00a0<i>aplicativo<\/i>\u00a0realiza o reconhecimento facial para indicar ao paciente o nome dessa pessoa e o relacionamento que ela tem com ela.<\/p>\n<p>Mas elas n\u00e3o s\u00e3o as \u00fanicas fun\u00e7\u00f5es.\u00a0Al\u00e9m disso, se a pessoa afetada pelo Alzheimer tentar chamar o mesmo contato duas ou mais vezes por um per\u00edodo de cinco minutos, o aplicativo ir\u00e1 lembr\u00e1-lo que ele acabou de ligar e perguntar\u00e1 se ele ainda deseja continuar a telefonar.\u00a0Al\u00e9m disso, o aplicativo inclui uma\u00a0tela de lembrete\u00a0que lista os compromissos do dia\u00a0, juntamente com outro contato, que mostra fotos de membros da fam\u00edlia e seus nomes.<\/p>\n<p>\u201cEu sou apaixonado por tecnologia e sua aplica\u00e7\u00e3o no mundo real, e acredito que com o seu crescente poder, os problemas que enfrentamos hoje podem ser resolvidos\u201d, ela descreve. A paix\u00e3o de Yang pela tecnologia vem de longe, quando ele se interessou por codifica\u00e7\u00e3o e programa\u00e7\u00e3o quando tinha oito anos de idade. Seu primeiro contato foi atrav\u00e9s do Scratch , uma linguagem de programa\u00e7\u00e3o para crian\u00e7as, e imediatamente, ele aprendeu o desenvolvimento com HTML e CSS Web, os segredos da linguagem Java e para usar aplicativos como o MIT App Inventor.<\/p>\n<p>No momento, \u201cn\u00e3o h\u00e1 aplica\u00e7\u00f5es no mercado que realmente ajudem pacientes com Alzheimer em suas vidas di\u00e1rias\u201d, diz ela.<\/p>\n<p><em>Fonte Engenharia \u00c9<\/em><\/p>\n","protected":false},"excerpt":{"rendered":"<p>A doen\u00e7a de Alzheimer \u00e9 a doen\u00e7a do s\u00e9culo. Mais de 44 milh\u00f5es de pessoas sofrem desta doen\u00e7a degenerativa, caracterizada por uma progressiva deteriora\u00e7\u00e3o mental. As pessoas afetadas podem ter dificuldade em lembrar coisas recentes, o nome das pessoas que desejam ou as datas dos eventos mais importantes de sua vida. De Nova York, Emma [&hellip;]<\/p>\n","protected":false},"author":13,"featured_media":38242,"comment_status":"open","ping_status":"open","sticky":false,"template":"","format":"standard","meta":{"footnotes":""},"categories":[936,6,40],"tags":[202],"class_list":{"0":"post-38240","1":"post","2":"type-post","3":"status-publish","4":"format-standard","5":"has-post-thumbnail","7":"category-mulher","8":"category-noticias","9":"category-tecnologia","10":"tag-destaque"},"yoast_head":"<!-- This site is optimized with the Yoast SEO plugin v27.2 - https:\/\/yoast.com\/product\/yoast-seo-wordpress\/ -->\n<title>Garota de 14 anos cria um aplicativo que ajuda pacientes com Alzheimer - Instituto de Engenharia<\/title>\n<meta name=\"robots\" content=\"index, follow, max-snippet:-1, max-image-preview:large, max-video-preview:-1\" \/>\n<link rel=\"canonical\" href=\"https:\/\/www.institutodeengenharia.org.br\/site\/2018\/09\/28\/garota-de-14-anos-cria-um-aplicativo-que-ajuda-pacientes-com-alzheimer\/\" \/>\n<meta property=\"og:locale\" content=\"pt_BR\" \/>\n<meta property=\"og:type\" content=\"article\" \/>\n<meta property=\"og:title\" content=\"Garota de 14 anos cria um aplicativo que ajuda pacientes com Alzheimer - Instituto de Engenharia\" \/>\n<meta property=\"og:description\" content=\"A doen\u00e7a de Alzheimer \u00e9 a doen\u00e7a do s\u00e9culo. Mais de 44 milh\u00f5es de pessoas sofrem desta doen\u00e7a degenerativa, caracterizada por uma progressiva deteriora\u00e7\u00e3o mental. As pessoas afetadas podem ter dificuldade em lembrar coisas recentes, o nome das pessoas que desejam ou as datas dos eventos mais importantes de sua vida. De Nova York, Emma [&hellip;]\" \/>\n<meta property=\"og:url\" content=\"https:\/\/www.institutodeengenharia.org.br\/site\/2018\/09\/28\/garota-de-14-anos-cria-um-aplicativo-que-ajuda-pacientes-com-alzheimer\/\" \/>\n<meta property=\"og:site_name\" content=\"Instituto de Engenharia\" \/>\n<meta property=\"article:publisher\" content=\"https:\/\/www.facebook.com\/institutodeengenharia\" \/>\n<meta property=\"article:published_time\" content=\"2018-09-28T13:52:44+00:00\" \/>\n<meta property=\"og:image\" content=\"https:\/\/www.institutodeengenharia.org.br\/site\/wp-content\/uploads\/2018\/09\/app-alzheimer-destaque-696x392.jpg\" \/>\n\t<meta property=\"og:image:width\" content=\"696\" \/>\n\t<meta property=\"og:image:height\" content=\"392\" \/>\n\t<meta property=\"og:image:type\" content=\"image\/jpeg\" \/>\n<meta name=\"author\" content=\"Bianca\" \/>\n<meta name=\"twitter:card\" content=\"summary_large_image\" \/>\n<meta name=\"twitter:creator\" content=\"@iengenharia\" \/>\n<meta name=\"twitter:site\" content=\"@iengenharia\" \/>\n<meta name=\"twitter:label1\" content=\"Escrito por\" \/>\n\t<meta name=\"twitter:data1\" content=\"Bianca\" \/>\n\t<meta name=\"twitter:label2\" content=\"Est. tempo de leitura\" \/>\n\t<meta name=\"twitter:data2\" content=\"3 minutos\" \/>\n<script type=\"application\/ld+json\" class=\"yoast-schema-graph\">{\"@context\":\"https:\/\/schema.org\",\"@graph\":[{\"@type\":\"Article\",\"@id\":\"https:\/\/www.institutodeengenharia.org.br\/site\/2018\/09\/28\/garota-de-14-anos-cria-um-aplicativo-que-ajuda-pacientes-com-alzheimer\/#article\",\"isPartOf\":{\"@id\":\"https:\/\/www.institutodeengenharia.org.br\/site\/2018\/09\/28\/garota-de-14-anos-cria-um-aplicativo-que-ajuda-pacientes-com-alzheimer\/\"},\"author\":{\"name\":\"Bianca\",\"@id\":\"https:\/\/www.institutodeengenharia.org.br\/site\/#\/schema\/person\/aeb64951c405e100d26d30b033dd423f\"},\"headline\":\"Garota de 14 anos cria um aplicativo que ajuda pacientes com Alzheimer\",\"datePublished\":\"2018-09-28T13:52:44+00:00\",\"mainEntityOfPage\":{\"@id\":\"https:\/\/www.institutodeengenharia.org.br\/site\/2018\/09\/28\/garota-de-14-anos-cria-um-aplicativo-que-ajuda-pacientes-com-alzheimer\/\"},\"wordCount\":541,\"commentCount\":0,\"publisher\":{\"@id\":\"https:\/\/www.institutodeengenharia.org.br\/site\/#organization\"},\"image\":{\"@id\":\"https:\/\/www.institutodeengenharia.org.br\/site\/2018\/09\/28\/garota-de-14-anos-cria-um-aplicativo-que-ajuda-pacientes-com-alzheimer\/#primaryimage\"},\"thumbnailUrl\":\"https:\/\/www.institutodeengenharia.org.br\/site\/wp-content\/uploads\/2018\/09\/app-alzheimer-destaque-696x392.jpg\",\"keywords\":[\"+ Destaque\"],\"articleSection\":[\"Mulher\",\"Not\u00edcias\",\"Tecnologia\"],\"inLanguage\":\"pt-BR\",\"potentialAction\":[{\"@type\":\"CommentAction\",\"name\":\"Comment\",\"target\":[\"https:\/\/www.institutodeengenharia.org.br\/site\/2018\/09\/28\/garota-de-14-anos-cria-um-aplicativo-que-ajuda-pacientes-com-alzheimer\/#respond\"]}]},{\"@type\":\"WebPage\",\"@id\":\"https:\/\/www.institutodeengenharia.org.br\/site\/2018\/09\/28\/garota-de-14-anos-cria-um-aplicativo-que-ajuda-pacientes-com-alzheimer\/\",\"url\":\"https:\/\/www.institutodeengenharia.org.br\/site\/2018\/09\/28\/garota-de-14-anos-cria-um-aplicativo-que-ajuda-pacientes-com-alzheimer\/\",\"name\":\"Garota de 14 anos cria um aplicativo que ajuda pacientes com Alzheimer - Instituto de Engenharia\",\"isPartOf\":{\"@id\":\"https:\/\/www.institutodeengenharia.org.br\/site\/#website\"},\"primaryImageOfPage\":{\"@id\":\"https:\/\/www.institutodeengenharia.org.br\/site\/2018\/09\/28\/garota-de-14-anos-cria-um-aplicativo-que-ajuda-pacientes-com-alzheimer\/#primaryimage\"},\"image\":{\"@id\":\"https:\/\/www.institutodeengenharia.org.br\/site\/2018\/09\/28\/garota-de-14-anos-cria-um-aplicativo-que-ajuda-pacientes-com-alzheimer\/#primaryimage\"},\"thumbnailUrl\":\"https:\/\/www.institutodeengenharia.org.br\/site\/wp-content\/uploads\/2018\/09\/app-alzheimer-destaque-696x392.jpg\",\"datePublished\":\"2018-09-28T13:52:44+00:00\",\"breadcrumb\":{\"@id\":\"https:\/\/www.institutodeengenharia.org.br\/site\/2018\/09\/28\/garota-de-14-anos-cria-um-aplicativo-que-ajuda-pacientes-com-alzheimer\/#breadcrumb\"},\"inLanguage\":\"pt-BR\",\"potentialAction\":[{\"@type\":\"ReadAction\",\"target\":[\"https:\/\/www.institutodeengenharia.org.br\/site\/2018\/09\/28\/garota-de-14-anos-cria-um-aplicativo-que-ajuda-pacientes-com-alzheimer\/\"]}]},{\"@type\":\"ImageObject\",\"inLanguage\":\"pt-BR\",\"@id\":\"https:\/\/www.institutodeengenharia.org.br\/site\/2018\/09\/28\/garota-de-14-anos-cria-um-aplicativo-que-ajuda-pacientes-com-alzheimer\/#primaryimage\",\"url\":\"https:\/\/www.institutodeengenharia.org.br\/site\/wp-content\/uploads\/2018\/09\/app-alzheimer-destaque-696x392.jpg\",\"contentUrl\":\"https:\/\/www.institutodeengenharia.org.br\/site\/wp-content\/uploads\/2018\/09\/app-alzheimer-destaque-696x392.jpg\",\"width\":696,\"height\":392},{\"@type\":\"BreadcrumbList\",\"@id\":\"https:\/\/www.institutodeengenharia.org.br\/site\/2018\/09\/28\/garota-de-14-anos-cria-um-aplicativo-que-ajuda-pacientes-com-alzheimer\/#breadcrumb\",\"itemListElement\":[{\"@type\":\"ListItem\",\"position\":1,\"name\":\"In\u00edcio\",\"item\":\"https:\/\/www.institutodeengenharia.org.br\/site\/\"},{\"@type\":\"ListItem\",\"position\":2,\"name\":\"Garota de 14 anos cria um aplicativo que ajuda pacientes com Alzheimer\"}]},{\"@type\":\"WebSite\",\"@id\":\"https:\/\/www.institutodeengenharia.org.br\/site\/#website\",\"url\":\"https:\/\/www.institutodeengenharia.org.br\/site\/\",\"name\":\"Instituto de Engenharia\",\"description\":\"O Instituto de Engenharia promove a Engenharia em benef\u00edcio do desenvolvimento e da qualidade de vida da sociedade.\",\"publisher\":{\"@id\":\"https:\/\/www.institutodeengenharia.org.br\/site\/#organization\"},\"potentialAction\":[{\"@type\":\"SearchAction\",\"target\":{\"@type\":\"EntryPoint\",\"urlTemplate\":\"https:\/\/www.institutodeengenharia.org.br\/site\/?s={search_term_string}\"},\"query-input\":{\"@type\":\"PropertyValueSpecification\",\"valueRequired\":true,\"valueName\":\"search_term_string\"}}],\"inLanguage\":\"pt-BR\"},{\"@type\":\"Organization\",\"@id\":\"https:\/\/www.institutodeengenharia.org.br\/site\/#organization\",\"name\":\"Instituto de Engenharia\",\"url\":\"https:\/\/www.institutodeengenharia.org.br\/site\/\",\"logo\":{\"@type\":\"ImageObject\",\"inLanguage\":\"pt-BR\",\"@id\":\"https:\/\/www.institutodeengenharia.org.br\/site\/#\/schema\/logo\/image\/\",\"url\":\"https:\/\/www.institutodeengenharia.org.br\/site\/wp-content\/uploads\/2019\/03\/logo-novo-IE2018-1.jpg\",\"contentUrl\":\"https:\/\/www.institutodeengenharia.org.br\/site\/wp-content\/uploads\/2019\/03\/logo-novo-IE2018-1.jpg\",\"width\":1486,\"height\":1879,\"caption\":\"Instituto de Engenharia\"},\"image\":{\"@id\":\"https:\/\/www.institutodeengenharia.org.br\/site\/#\/schema\/logo\/image\/\"},\"sameAs\":[\"https:\/\/www.facebook.com\/institutodeengenharia\",\"https:\/\/x.com\/iengenharia\",\"https:\/\/www.instagram.com\/institutodeengenharia\/\",\"https:\/\/www.linkedin.com\/company\/instituto-de-engenharia\/\",\"https:\/\/www.youtube.com\/channel\/UCXiCAlsSMe977vamW915HxA\"]},{\"@type\":\"Person\",\"@id\":\"https:\/\/www.institutodeengenharia.org.br\/site\/#\/schema\/person\/aeb64951c405e100d26d30b033dd423f\",\"name\":\"Bianca\",\"image\":{\"@type\":\"ImageObject\",\"inLanguage\":\"pt-BR\",\"@id\":\"https:\/\/secure.gravatar.com\/avatar\/a6fbe9bff57405baf4c1e2c5c1811e072b558253974a9f9508f4678900c97c2a?s=96&d=mm&r=g\",\"url\":\"https:\/\/secure.gravatar.com\/avatar\/a6fbe9bff57405baf4c1e2c5c1811e072b558253974a9f9508f4678900c97c2a?s=96&d=mm&r=g\",\"contentUrl\":\"https:\/\/secure.gravatar.com\/avatar\/a6fbe9bff57405baf4c1e2c5c1811e072b558253974a9f9508f4678900c97c2a?s=96&d=mm&r=g\",\"caption\":\"Bianca\"},\"url\":\"https:\/\/www.institutodeengenharia.org.br\/site\/author\/comunicacao1\/\"}]}<\/script>\n<!-- \/ Yoast SEO plugin. -->","yoast_head_json":{"title":"Garota de 14 anos cria um aplicativo que ajuda pacientes com Alzheimer - Instituto de Engenharia","robots":{"index":"index","follow":"follow","max-snippet":"max-snippet:-1","max-image-preview":"max-image-preview:large","max-video-preview":"max-video-preview:-1"},"canonical":"https:\/\/www.institutodeengenharia.org.br\/site\/2018\/09\/28\/garota-de-14-anos-cria-um-aplicativo-que-ajuda-pacientes-com-alzheimer\/","og_locale":"pt_BR","og_type":"article","og_title":"Garota de 14 anos cria um aplicativo que ajuda pacientes com Alzheimer - Instituto de Engenharia","og_description":"A doen\u00e7a de Alzheimer \u00e9 a doen\u00e7a do s\u00e9culo. Mais de 44 milh\u00f5es de pessoas sofrem desta doen\u00e7a degenerativa, caracterizada por uma progressiva deteriora\u00e7\u00e3o mental. As pessoas afetadas podem ter dificuldade em lembrar coisas recentes, o nome das pessoas que desejam ou as datas dos eventos mais importantes de sua vida. De Nova York, Emma [&hellip;]","og_url":"https:\/\/www.institutodeengenharia.org.br\/site\/2018\/09\/28\/garota-de-14-anos-cria-um-aplicativo-que-ajuda-pacientes-com-alzheimer\/","og_site_name":"Instituto de Engenharia","article_publisher":"https:\/\/www.facebook.com\/institutodeengenharia","article_published_time":"2018-09-28T13:52:44+00:00","og_image":[{"width":696,"height":392,"url":"https:\/\/www.institutodeengenharia.org.br\/site\/wp-content\/uploads\/2018\/09\/app-alzheimer-destaque-696x392.jpg","type":"image\/jpeg"}],"author":"Bianca","twitter_card":"summary_large_image","twitter_creator":"@iengenharia","twitter_site":"@iengenharia","twitter_misc":{"Escrito por":"Bianca","Est. tempo de leitura":"3 minutos"},"schema":{"@context":"https:\/\/schema.org","@graph":[{"@type":"Article","@id":"https:\/\/www.institutodeengenharia.org.br\/site\/2018\/09\/28\/garota-de-14-anos-cria-um-aplicativo-que-ajuda-pacientes-com-alzheimer\/#article","isPartOf":{"@id":"https:\/\/www.institutodeengenharia.org.br\/site\/2018\/09\/28\/garota-de-14-anos-cria-um-aplicativo-que-ajuda-pacientes-com-alzheimer\/"},"author":{"name":"Bianca","@id":"https:\/\/www.institutodeengenharia.org.br\/site\/#\/schema\/person\/aeb64951c405e100d26d30b033dd423f"},"headline":"Garota de 14 anos cria um aplicativo que ajuda pacientes com Alzheimer","datePublished":"2018-09-28T13:52:44+00:00","mainEntityOfPage":{"@id":"https:\/\/www.institutodeengenharia.org.br\/site\/2018\/09\/28\/garota-de-14-anos-cria-um-aplicativo-que-ajuda-pacientes-com-alzheimer\/"},"wordCount":541,"commentCount":0,"publisher":{"@id":"https:\/\/www.institutodeengenharia.org.br\/site\/#organization"},"image":{"@id":"https:\/\/www.institutodeengenharia.org.br\/site\/2018\/09\/28\/garota-de-14-anos-cria-um-aplicativo-que-ajuda-pacientes-com-alzheimer\/#primaryimage"},"thumbnailUrl":"https:\/\/www.institutodeengenharia.org.br\/site\/wp-content\/uploads\/2018\/09\/app-alzheimer-destaque-696x392.jpg","keywords":["+ Destaque"],"articleSection":["Mulher","Not\u00edcias","Tecnologia"],"inLanguage":"pt-BR","potentialAction":[{"@type":"CommentAction","name":"Comment","target":["https:\/\/www.institutodeengenharia.org.br\/site\/2018\/09\/28\/garota-de-14-anos-cria-um-aplicativo-que-ajuda-pacientes-com-alzheimer\/#respond"]}]},{"@type":"WebPage","@id":"https:\/\/www.institutodeengenharia.org.br\/site\/2018\/09\/28\/garota-de-14-anos-cria-um-aplicativo-que-ajuda-pacientes-com-alzheimer\/","url":"https:\/\/www.institutodeengenharia.org.br\/site\/2018\/09\/28\/garota-de-14-anos-cria-um-aplicativo-que-ajuda-pacientes-com-alzheimer\/","name":"Garota de 14 anos cria um aplicativo que ajuda pacientes com Alzheimer - Instituto de Engenharia","isPartOf":{"@id":"https:\/\/www.institutodeengenharia.org.br\/site\/#website"},"primaryImageOfPage":{"@id":"https:\/\/www.institutodeengenharia.org.br\/site\/2018\/09\/28\/garota-de-14-anos-cria-um-aplicativo-que-ajuda-pacientes-com-alzheimer\/#primaryimage"},"image":{"@id":"https:\/\/www.institutodeengenharia.org.br\/site\/2018\/09\/28\/garota-de-14-anos-cria-um-aplicativo-que-ajuda-pacientes-com-alzheimer\/#primaryimage"},"thumbnailUrl":"https:\/\/www.institutodeengenharia.org.br\/site\/wp-content\/uploads\/2018\/09\/app-alzheimer-destaque-696x392.jpg","datePublished":"2018-09-28T13:52:44+00:00","breadcrumb":{"@id":"https:\/\/www.institutodeengenharia.org.br\/site\/2018\/09\/28\/garota-de-14-anos-cria-um-aplicativo-que-ajuda-pacientes-com-alzheimer\/#breadcrumb"},"inLanguage":"pt-BR","potentialAction":[{"@type":"ReadAction","target":["https:\/\/www.institutodeengenharia.org.br\/site\/2018\/09\/28\/garota-de-14-anos-cria-um-aplicativo-que-ajuda-pacientes-com-alzheimer\/"]}]},{"@type":"ImageObject","inLanguage":"pt-BR","@id":"https:\/\/www.institutodeengenharia.org.br\/site\/2018\/09\/28\/garota-de-14-anos-cria-um-aplicativo-que-ajuda-pacientes-com-alzheimer\/#primaryimage","url":"https:\/\/www.institutodeengenharia.org.br\/site\/wp-content\/uploads\/2018\/09\/app-alzheimer-destaque-696x392.jpg","contentUrl":"https:\/\/www.institutodeengenharia.org.br\/site\/wp-content\/uploads\/2018\/09\/app-alzheimer-destaque-696x392.jpg","width":696,"height":392},{"@type":"BreadcrumbList","@id":"https:\/\/www.institutodeengenharia.org.br\/site\/2018\/09\/28\/garota-de-14-anos-cria-um-aplicativo-que-ajuda-pacientes-com-alzheimer\/#breadcrumb","itemListElement":[{"@type":"ListItem","position":1,"name":"In\u00edcio","item":"https:\/\/www.institutodeengenharia.org.br\/site\/"},{"@type":"ListItem","position":2,"name":"Garota de 14 anos cria um aplicativo que ajuda pacientes com Alzheimer"}]},{"@type":"WebSite","@id":"https:\/\/www.institutodeengenharia.org.br\/site\/#website","url":"https:\/\/www.institutodeengenharia.org.br\/site\/","name":"Instituto de Engenharia","description":"O Instituto de Engenharia promove a Engenharia em benef\u00edcio do desenvolvimento e da qualidade de vida da sociedade.","publisher":{"@id":"https:\/\/www.institutodeengenharia.org.br\/site\/#organization"},"potentialAction":[{"@type":"SearchAction","target":{"@type":"EntryPoint","urlTemplate":"https:\/\/www.institutodeengenharia.org.br\/site\/?s={search_term_string}"},"query-input":{"@type":"PropertyValueSpecification","valueRequired":true,"valueName":"search_term_string"}}],"inLanguage":"pt-BR"},{"@type":"Organization","@id":"https:\/\/www.institutodeengenharia.org.br\/site\/#organization","name":"Instituto de Engenharia","url":"https:\/\/www.institutodeengenharia.org.br\/site\/","logo":{"@type":"ImageObject","inLanguage":"pt-BR","@id":"https:\/\/www.institutodeengenharia.org.br\/site\/#\/schema\/logo\/image\/","url":"https:\/\/www.institutodeengenharia.org.br\/site\/wp-content\/uploads\/2019\/03\/logo-novo-IE2018-1.jpg","contentUrl":"https:\/\/www.institutodeengenharia.org.br\/site\/wp-content\/uploads\/2019\/03\/logo-novo-IE2018-1.jpg","width":1486,"height":1879,"caption":"Instituto de Engenharia"},"image":{"@id":"https:\/\/www.institutodeengenharia.org.br\/site\/#\/schema\/logo\/image\/"},"sameAs":["https:\/\/www.facebook.com\/institutodeengenharia","https:\/\/x.com\/iengenharia","https:\/\/www.instagram.com\/institutodeengenharia\/","https:\/\/www.linkedin.com\/company\/instituto-de-engenharia\/","https:\/\/www.youtube.com\/channel\/UCXiCAlsSMe977vamW915HxA"]},{"@type":"Person","@id":"https:\/\/www.institutodeengenharia.org.br\/site\/#\/schema\/person\/aeb64951c405e100d26d30b033dd423f","name":"Bianca","image":{"@type":"ImageObject","inLanguage":"pt-BR","@id":"https:\/\/secure.gravatar.com\/avatar\/a6fbe9bff57405baf4c1e2c5c1811e072b558253974a9f9508f4678900c97c2a?s=96&d=mm&r=g","url":"https:\/\/secure.gravatar.com\/avatar\/a6fbe9bff57405baf4c1e2c5c1811e072b558253974a9f9508f4678900c97c2a?s=96&d=mm&r=g","contentUrl":"https:\/\/secure.gravatar.com\/avatar\/a6fbe9bff57405baf4c1e2c5c1811e072b558253974a9f9508f4678900c97c2a?s=96&d=mm&r=g","caption":"Bianca"},"url":"https:\/\/www.institutodeengenharia.org.br\/site\/author\/comunicacao1\/"}]}},"_links":{"self":[{"href":"https:\/\/www.institutodeengenharia.org.br\/site\/wp-json\/wp\/v2\/posts\/38240","targetHints":{"allow":["GET"]}}],"collection":[{"href":"https:\/\/www.institutodeengenharia.org.br\/site\/wp-json\/wp\/v2\/posts"}],"about":[{"href":"https:\/\/www.institutodeengenharia.org.br\/site\/wp-json\/wp\/v2\/types\/post"}],"author":[{"embeddable":true,"href":"https:\/\/www.institutodeengenharia.org.br\/site\/wp-json\/wp\/v2\/users\/13"}],"replies":[{"embeddable":true,"href":"https:\/\/www.institutodeengenharia.org.br\/site\/wp-json\/wp\/v2\/comments?post=38240"}],"version-history":[{"count":1,"href":"https:\/\/www.institutodeengenharia.org.br\/site\/wp-json\/wp\/v2\/posts\/38240\/revisions"}],"predecessor-version":[{"id":38243,"href":"https:\/\/www.institutodeengenharia.org.br\/site\/wp-json\/wp\/v2\/posts\/38240\/revisions\/38243"}],"wp:featuredmedia":[{"embeddable":true,"href":"https:\/\/www.institutodeengenharia.org.br\/site\/wp-json\/wp\/v2\/media\/38242"}],"wp:attachment":[{"href":"https:\/\/www.institutodeengenharia.org.br\/site\/wp-json\/wp\/v2\/media?parent=38240"}],"wp:term":[{"taxonomy":"category","embeddable":true,"href":"https:\/\/www.institutodeengenharia.org.br\/site\/wp-json\/wp\/v2\/categories?post=38240"},{"taxonomy":"post_tag","embeddable":true,"href":"https:\/\/www.institutodeengenharia.org.br\/site\/wp-json\/wp\/v2\/tags?post=38240"}],"curies":[{"name":"wp","href":"https:\/\/api.w.org\/{rel}","templated":true}]}}