{"id":38109,"date":"2018-09-26T12:06:33","date_gmt":"2018-09-26T15:06:33","guid":{"rendered":"https:\/\/www.institutodeengenharia.org.br\/site\/?p=38109"},"modified":"2018-09-26T12:06:33","modified_gmt":"2018-09-26T15:06:33","slug":"primeiro-carro-voador-comecara-a-ser-vendido-em-outubro-diz-agencia","status":"publish","type":"post","link":"https:\/\/www.institutodeengenharia.org.br\/site\/2018\/09\/26\/primeiro-carro-voador-comecara-a-ser-vendido-em-outubro-diz-agencia\/","title":{"rendered":"Primeiro carro voador come\u00e7ar\u00e1 a ser vendido em outubro, diz ag\u00eancia"},"content":{"rendered":"<p>O per\u00edodo de pr\u00e9-venda do primeiro autom\u00f3vel voador do mundo, desenvolvido pela empresa Terrafugia come\u00e7ar\u00e1 no pr\u00f3ximo m\u00eas, e a expectativa \u00e9 que esses ve\u00edculos cheguem ao mercado em 2019, informou nesta quarta-feira (26) a ag\u00eancia oficial de not\u00edcias chinesa &#8220;Xinhua&#8221;.<\/p>\n<div class=\"wall\">\n<div class=\"mc-column content-text active-extra-styles \" data-block-type=\"unstyled\" data-block-weight=\"31\" data-block-id=\"4\">\n<p class=\"content-text__container \" data-track-category=\"Link no Texto\" data-track-links=\"\">O ve\u00edculo, chamado Transition e com capacidade para dois passageiros, necessita de pista para decolagem e aterrissagem como os avi\u00f5es convencionais, embora possa ser usado tamb\u00e9m como um autom\u00f3vel terrestre normal.<\/p>\n<\/div>\n<div class=\"mc-column content-text active-extra-styles \" data-block-type=\"unstyled\" data-block-weight=\"31\" data-block-id=\"5\">\n<p class=\"content-text__container \" data-track-category=\"Link no Texto\" data-track-links=\"\">Em sua fase inicial, o Transition ser\u00e1 oferecido apenas ao mercado americano, e seu valor ainda n\u00e3o foi revelado pela Terrafugia, empresa com sede no estado de Massachusetts, nos Estados Unidos.<\/p>\n<\/div>\n<div class=\"mc-column content-text active-extra-styles \" data-block-type=\"unstyled\" data-block-weight=\"49\" data-block-id=\"6\">\n<p class=\"content-text__container \" data-track-category=\"Link no Texto\" data-track-links=\"\">Espera-se, contudo, que o pre\u00e7o inicial destes ve\u00edculos seja alto demais para pensar em uma r\u00e1pida populariza\u00e7\u00e3o no mercado, por isso, em princ\u00edpio o objetivo \u00e9 competir com o uso de avi\u00f5es por parte de empresas, governos e empresas de transporte, destacaram respons\u00e1veis pela chinesa Geely, detentora da Terrafugia.<\/p>\n<\/div>\n<div class=\"mc-column content-text active-extra-styles \" data-block-type=\"unstyled\" data-block-weight=\"34\" data-block-id=\"7\">\n<p class=\"content-text__container \" data-track-category=\"Link no Texto\" data-track-links=\"\">O CEO da Terrafugia, Chris Jaran, tamb\u00e9m revelou que em outubro ser\u00e1 apresentado o pr\u00f3ximo projeto da empresa, o ve\u00edculo TF-2, que ao contr\u00e1rio do Transition ser\u00e1 capaz de realizar decolagens e aterrissagens verticais.<\/p>\n<\/div>\n<\/div>\n<div data-track-category=\"fim do conteudo\" data-track-action=\"ultimo chunk conteudo\" data-track-noninteraction=\"false\" data-track-scroll=\"entrada completa viewport\">\n<div class=\"mc-column content-text active-extra-styles \" data-block-type=\"unstyled\" data-block-weight=\"11\" data-block-id=\"8\">\n<p class=\"content-text__container \" data-track-category=\"Link no Texto\" data-track-links=\"\"><em>Fonte Auto Esporte<\/em><\/p>\n<\/div>\n<\/div>\n","protected":false},"excerpt":{"rendered":"<p>O per\u00edodo de pr\u00e9-venda do primeiro autom\u00f3vel voador do mundo, desenvolvido pela empresa Terrafugia come\u00e7ar\u00e1 no pr\u00f3ximo m\u00eas, e a expectativa \u00e9 que esses ve\u00edculos cheguem ao mercado em 2019, informou nesta quarta-feira (26) a ag\u00eancia oficial de not\u00edcias chinesa &#8220;Xinhua&#8221;. O ve\u00edculo, chamado Transition e com capacidade para dois passageiros, necessita de pista para [&hellip;]<\/p>\n","protected":false},"author":13,"featured_media":38110,"comment_status":"open","ping_status":"open","sticky":false,"template":"","format":"standard","meta":{"footnotes":""},"categories":[963,141,972,40],"tags":[202],"class_list":{"0":"post-38109","1":"post","2":"type-post","3":"status-publish","4":"format-standard","5":"has-post-thumbnail","7":"category-futuro","8":"category-noticias-menu","9":"category-tecnologia-futuro","10":"category-tecnologia","11":"tag-destaque"},"yoast_head":"<!-- This site is optimized with the Yoast SEO plugin v27.2 - https:\/\/yoast.com\/product\/yoast-seo-wordpress\/ -->\n<title>Primeiro carro voador come\u00e7ar\u00e1 a ser vendido em outubro, diz ag\u00eancia - Instituto de Engenharia<\/title>\n<meta name=\"robots\" content=\"index, follow, max-snippet:-1, max-image-preview:large, max-video-preview:-1\" \/>\n<link rel=\"canonical\" href=\"https:\/\/www.institutodeengenharia.org.br\/site\/2018\/09\/26\/primeiro-carro-voador-comecara-a-ser-vendido-em-outubro-diz-agencia\/\" \/>\n<meta property=\"og:locale\" content=\"pt_BR\" \/>\n<meta property=\"og:type\" content=\"article\" \/>\n<meta property=\"og:title\" content=\"Primeiro carro voador come\u00e7ar\u00e1 a ser vendido em outubro, diz ag\u00eancia - Instituto de Engenharia\" \/>\n<meta property=\"og:description\" content=\"O per\u00edodo de pr\u00e9-venda do primeiro autom\u00f3vel voador do mundo, desenvolvido pela empresa Terrafugia come\u00e7ar\u00e1 no pr\u00f3ximo m\u00eas, e a expectativa \u00e9 que esses ve\u00edculos cheguem ao mercado em 2019, informou nesta quarta-feira (26) a ag\u00eancia oficial de not\u00edcias chinesa &#8220;Xinhua&#8221;. O ve\u00edculo, chamado Transition e com capacidade para dois passageiros, necessita de pista para [&hellip;]\" \/>\n<meta property=\"og:url\" content=\"https:\/\/www.institutodeengenharia.org.br\/site\/2018\/09\/26\/primeiro-carro-voador-comecara-a-ser-vendido-em-outubro-diz-agencia\/\" \/>\n<meta property=\"og:site_name\" content=\"Instituto de Engenharia\" \/>\n<meta property=\"article:publisher\" content=\"https:\/\/www.facebook.com\/institutodeengenharia\" \/>\n<meta property=\"article:published_time\" content=\"2018-09-26T15:06:33+00:00\" \/>\n<meta property=\"og:image\" content=\"https:\/\/www.institutodeengenharia.org.br\/site\/wp-content\/uploads\/2018\/09\/transition.jpg\" \/>\n\t<meta property=\"og:image:width\" content=\"640\" \/>\n\t<meta property=\"og:image:height\" content=\"237\" \/>\n\t<meta property=\"og:image:type\" content=\"image\/jpeg\" \/>\n<meta name=\"author\" content=\"Bianca\" \/>\n<meta name=\"twitter:card\" content=\"summary_large_image\" \/>\n<meta name=\"twitter:creator\" content=\"@iengenharia\" \/>\n<meta name=\"twitter:site\" content=\"@iengenharia\" \/>\n<meta name=\"twitter:label1\" content=\"Escrito por\" \/>\n\t<meta name=\"twitter:data1\" content=\"Bianca\" \/>\n\t<meta name=\"twitter:label2\" content=\"Est. tempo de leitura\" \/>\n\t<meta name=\"twitter:data2\" content=\"1 minuto\" \/>\n<script type=\"application\/ld+json\" class=\"yoast-schema-graph\">{\"@context\":\"https:\/\/schema.org\",\"@graph\":[{\"@type\":\"Article\",\"@id\":\"https:\/\/www.institutodeengenharia.org.br\/site\/2018\/09\/26\/primeiro-carro-voador-comecara-a-ser-vendido-em-outubro-diz-agencia\/#article\",\"isPartOf\":{\"@id\":\"https:\/\/www.institutodeengenharia.org.br\/site\/2018\/09\/26\/primeiro-carro-voador-comecara-a-ser-vendido-em-outubro-diz-agencia\/\"},\"author\":{\"name\":\"Bianca\",\"@id\":\"https:\/\/www.institutodeengenharia.org.br\/site\/#\/schema\/person\/aeb64951c405e100d26d30b033dd423f\"},\"headline\":\"Primeiro carro voador come\u00e7ar\u00e1 a ser vendido em outubro, diz ag\u00eancia\",\"datePublished\":\"2018-09-26T15:06:33+00:00\",\"mainEntityOfPage\":{\"@id\":\"https:\/\/www.institutodeengenharia.org.br\/site\/2018\/09\/26\/primeiro-carro-voador-comecara-a-ser-vendido-em-outubro-diz-agencia\/\"},\"wordCount\":223,\"commentCount\":0,\"publisher\":{\"@id\":\"https:\/\/www.institutodeengenharia.org.br\/site\/#organization\"},\"image\":{\"@id\":\"https:\/\/www.institutodeengenharia.org.br\/site\/2018\/09\/26\/primeiro-carro-voador-comecara-a-ser-vendido-em-outubro-diz-agencia\/#primaryimage\"},\"thumbnailUrl\":\"https:\/\/www.institutodeengenharia.org.br\/site\/wp-content\/uploads\/2018\/09\/transition.jpg\",\"keywords\":[\"+ Destaque\"],\"articleSection\":[\"Futuro\",\"Not\u00edcias\",\"Tecnologia\",\"Tecnologia\"],\"inLanguage\":\"pt-BR\",\"potentialAction\":[{\"@type\":\"CommentAction\",\"name\":\"Comment\",\"target\":[\"https:\/\/www.institutodeengenharia.org.br\/site\/2018\/09\/26\/primeiro-carro-voador-comecara-a-ser-vendido-em-outubro-diz-agencia\/#respond\"]}]},{\"@type\":\"WebPage\",\"@id\":\"https:\/\/www.institutodeengenharia.org.br\/site\/2018\/09\/26\/primeiro-carro-voador-comecara-a-ser-vendido-em-outubro-diz-agencia\/\",\"url\":\"https:\/\/www.institutodeengenharia.org.br\/site\/2018\/09\/26\/primeiro-carro-voador-comecara-a-ser-vendido-em-outubro-diz-agencia\/\",\"name\":\"Primeiro carro voador come\u00e7ar\u00e1 a ser vendido em outubro, diz ag\u00eancia - Instituto de Engenharia\",\"isPartOf\":{\"@id\":\"https:\/\/www.institutodeengenharia.org.br\/site\/#website\"},\"primaryImageOfPage\":{\"@id\":\"https:\/\/www.institutodeengenharia.org.br\/site\/2018\/09\/26\/primeiro-carro-voador-comecara-a-ser-vendido-em-outubro-diz-agencia\/#primaryimage\"},\"image\":{\"@id\":\"https:\/\/www.institutodeengenharia.org.br\/site\/2018\/09\/26\/primeiro-carro-voador-comecara-a-ser-vendido-em-outubro-diz-agencia\/#primaryimage\"},\"thumbnailUrl\":\"https:\/\/www.institutodeengenharia.org.br\/site\/wp-content\/uploads\/2018\/09\/transition.jpg\",\"datePublished\":\"2018-09-26T15:06:33+00:00\",\"breadcrumb\":{\"@id\":\"https:\/\/www.institutodeengenharia.org.br\/site\/2018\/09\/26\/primeiro-carro-voador-comecara-a-ser-vendido-em-outubro-diz-agencia\/#breadcrumb\"},\"inLanguage\":\"pt-BR\",\"potentialAction\":[{\"@type\":\"ReadAction\",\"target\":[\"https:\/\/www.institutodeengenharia.org.br\/site\/2018\/09\/26\/primeiro-carro-voador-comecara-a-ser-vendido-em-outubro-diz-agencia\/\"]}]},{\"@type\":\"ImageObject\",\"inLanguage\":\"pt-BR\",\"@id\":\"https:\/\/www.institutodeengenharia.org.br\/site\/2018\/09\/26\/primeiro-carro-voador-comecara-a-ser-vendido-em-outubro-diz-agencia\/#primaryimage\",\"url\":\"https:\/\/www.institutodeengenharia.org.br\/site\/wp-content\/uploads\/2018\/09\/transition.jpg\",\"contentUrl\":\"https:\/\/www.institutodeengenharia.org.br\/site\/wp-content\/uploads\/2018\/09\/transition.jpg\",\"width\":640,\"height\":237,\"caption\":\"Imagem do Transition, com capacidade para dois passageiros \u2014 Foto: Reprodu\u00e7\u00e3o \/ Portal Terrafugia\"},{\"@type\":\"BreadcrumbList\",\"@id\":\"https:\/\/www.institutodeengenharia.org.br\/site\/2018\/09\/26\/primeiro-carro-voador-comecara-a-ser-vendido-em-outubro-diz-agencia\/#breadcrumb\",\"itemListElement\":[{\"@type\":\"ListItem\",\"position\":1,\"name\":\"In\u00edcio\",\"item\":\"https:\/\/www.institutodeengenharia.org.br\/site\/\"},{\"@type\":\"ListItem\",\"position\":2,\"name\":\"Primeiro carro voador come\u00e7ar\u00e1 a ser vendido em outubro, diz ag\u00eancia\"}]},{\"@type\":\"WebSite\",\"@id\":\"https:\/\/www.institutodeengenharia.org.br\/site\/#website\",\"url\":\"https:\/\/www.institutodeengenharia.org.br\/site\/\",\"name\":\"Instituto de Engenharia\",\"description\":\"O Instituto de Engenharia promove a Engenharia em benef\u00edcio do desenvolvimento e da qualidade de vida da sociedade.\",\"publisher\":{\"@id\":\"https:\/\/www.institutodeengenharia.org.br\/site\/#organization\"},\"potentialAction\":[{\"@type\":\"SearchAction\",\"target\":{\"@type\":\"EntryPoint\",\"urlTemplate\":\"https:\/\/www.institutodeengenharia.org.br\/site\/?s={search_term_string}\"},\"query-input\":{\"@type\":\"PropertyValueSpecification\",\"valueRequired\":true,\"valueName\":\"search_term_string\"}}],\"inLanguage\":\"pt-BR\"},{\"@type\":\"Organization\",\"@id\":\"https:\/\/www.institutodeengenharia.org.br\/site\/#organization\",\"name\":\"Instituto de Engenharia\",\"url\":\"https:\/\/www.institutodeengenharia.org.br\/site\/\",\"logo\":{\"@type\":\"ImageObject\",\"inLanguage\":\"pt-BR\",\"@id\":\"https:\/\/www.institutodeengenharia.org.br\/site\/#\/schema\/logo\/image\/\",\"url\":\"https:\/\/www.institutodeengenharia.org.br\/site\/wp-content\/uploads\/2019\/03\/logo-novo-IE2018-1.jpg\",\"contentUrl\":\"https:\/\/www.institutodeengenharia.org.br\/site\/wp-content\/uploads\/2019\/03\/logo-novo-IE2018-1.jpg\",\"width\":1486,\"height\":1879,\"caption\":\"Instituto de Engenharia\"},\"image\":{\"@id\":\"https:\/\/www.institutodeengenharia.org.br\/site\/#\/schema\/logo\/image\/\"},\"sameAs\":[\"https:\/\/www.facebook.com\/institutodeengenharia\",\"https:\/\/x.com\/iengenharia\",\"https:\/\/www.instagram.com\/institutodeengenharia\/\",\"https:\/\/www.linkedin.com\/company\/instituto-de-engenharia\/\",\"https:\/\/www.youtube.com\/channel\/UCXiCAlsSMe977vamW915HxA\"]},{\"@type\":\"Person\",\"@id\":\"https:\/\/www.institutodeengenharia.org.br\/site\/#\/schema\/person\/aeb64951c405e100d26d30b033dd423f\",\"name\":\"Bianca\",\"image\":{\"@type\":\"ImageObject\",\"inLanguage\":\"pt-BR\",\"@id\":\"https:\/\/secure.gravatar.com\/avatar\/a6fbe9bff57405baf4c1e2c5c1811e072b558253974a9f9508f4678900c97c2a?s=96&d=mm&r=g\",\"url\":\"https:\/\/secure.gravatar.com\/avatar\/a6fbe9bff57405baf4c1e2c5c1811e072b558253974a9f9508f4678900c97c2a?s=96&d=mm&r=g\",\"contentUrl\":\"https:\/\/secure.gravatar.com\/avatar\/a6fbe9bff57405baf4c1e2c5c1811e072b558253974a9f9508f4678900c97c2a?s=96&d=mm&r=g\",\"caption\":\"Bianca\"},\"url\":\"https:\/\/www.institutodeengenharia.org.br\/site\/author\/comunicacao1\/\"}]}<\/script>\n<!-- \/ Yoast SEO plugin. -->","yoast_head_json":{"title":"Primeiro carro voador come\u00e7ar\u00e1 a ser vendido em outubro, diz ag\u00eancia - Instituto de Engenharia","robots":{"index":"index","follow":"follow","max-snippet":"max-snippet:-1","max-image-preview":"max-image-preview:large","max-video-preview":"max-video-preview:-1"},"canonical":"https:\/\/www.institutodeengenharia.org.br\/site\/2018\/09\/26\/primeiro-carro-voador-comecara-a-ser-vendido-em-outubro-diz-agencia\/","og_locale":"pt_BR","og_type":"article","og_title":"Primeiro carro voador come\u00e7ar\u00e1 a ser vendido em outubro, diz ag\u00eancia - Instituto de Engenharia","og_description":"O per\u00edodo de pr\u00e9-venda do primeiro autom\u00f3vel voador do mundo, desenvolvido pela empresa Terrafugia come\u00e7ar\u00e1 no pr\u00f3ximo m\u00eas, e a expectativa \u00e9 que esses ve\u00edculos cheguem ao mercado em 2019, informou nesta quarta-feira (26) a ag\u00eancia oficial de not\u00edcias chinesa &#8220;Xinhua&#8221;. O ve\u00edculo, chamado Transition e com capacidade para dois passageiros, necessita de pista para [&hellip;]","og_url":"https:\/\/www.institutodeengenharia.org.br\/site\/2018\/09\/26\/primeiro-carro-voador-comecara-a-ser-vendido-em-outubro-diz-agencia\/","og_site_name":"Instituto de Engenharia","article_publisher":"https:\/\/www.facebook.com\/institutodeengenharia","article_published_time":"2018-09-26T15:06:33+00:00","og_image":[{"width":640,"height":237,"url":"https:\/\/www.institutodeengenharia.org.br\/site\/wp-content\/uploads\/2018\/09\/transition.jpg","type":"image\/jpeg"}],"author":"Bianca","twitter_card":"summary_large_image","twitter_creator":"@iengenharia","twitter_site":"@iengenharia","twitter_misc":{"Escrito por":"Bianca","Est. tempo de leitura":"1 minuto"},"schema":{"@context":"https:\/\/schema.org","@graph":[{"@type":"Article","@id":"https:\/\/www.institutodeengenharia.org.br\/site\/2018\/09\/26\/primeiro-carro-voador-comecara-a-ser-vendido-em-outubro-diz-agencia\/#article","isPartOf":{"@id":"https:\/\/www.institutodeengenharia.org.br\/site\/2018\/09\/26\/primeiro-carro-voador-comecara-a-ser-vendido-em-outubro-diz-agencia\/"},"author":{"name":"Bianca","@id":"https:\/\/www.institutodeengenharia.org.br\/site\/#\/schema\/person\/aeb64951c405e100d26d30b033dd423f"},"headline":"Primeiro carro voador come\u00e7ar\u00e1 a ser vendido em outubro, diz ag\u00eancia","datePublished":"2018-09-26T15:06:33+00:00","mainEntityOfPage":{"@id":"https:\/\/www.institutodeengenharia.org.br\/site\/2018\/09\/26\/primeiro-carro-voador-comecara-a-ser-vendido-em-outubro-diz-agencia\/"},"wordCount":223,"commentCount":0,"publisher":{"@id":"https:\/\/www.institutodeengenharia.org.br\/site\/#organization"},"image":{"@id":"https:\/\/www.institutodeengenharia.org.br\/site\/2018\/09\/26\/primeiro-carro-voador-comecara-a-ser-vendido-em-outubro-diz-agencia\/#primaryimage"},"thumbnailUrl":"https:\/\/www.institutodeengenharia.org.br\/site\/wp-content\/uploads\/2018\/09\/transition.jpg","keywords":["+ Destaque"],"articleSection":["Futuro","Not\u00edcias","Tecnologia","Tecnologia"],"inLanguage":"pt-BR","potentialAction":[{"@type":"CommentAction","name":"Comment","target":["https:\/\/www.institutodeengenharia.org.br\/site\/2018\/09\/26\/primeiro-carro-voador-comecara-a-ser-vendido-em-outubro-diz-agencia\/#respond"]}]},{"@type":"WebPage","@id":"https:\/\/www.institutodeengenharia.org.br\/site\/2018\/09\/26\/primeiro-carro-voador-comecara-a-ser-vendido-em-outubro-diz-agencia\/","url":"https:\/\/www.institutodeengenharia.org.br\/site\/2018\/09\/26\/primeiro-carro-voador-comecara-a-ser-vendido-em-outubro-diz-agencia\/","name":"Primeiro carro voador come\u00e7ar\u00e1 a ser vendido em outubro, diz ag\u00eancia - Instituto de Engenharia","isPartOf":{"@id":"https:\/\/www.institutodeengenharia.org.br\/site\/#website"},"primaryImageOfPage":{"@id":"https:\/\/www.institutodeengenharia.org.br\/site\/2018\/09\/26\/primeiro-carro-voador-comecara-a-ser-vendido-em-outubro-diz-agencia\/#primaryimage"},"image":{"@id":"https:\/\/www.institutodeengenharia.org.br\/site\/2018\/09\/26\/primeiro-carro-voador-comecara-a-ser-vendido-em-outubro-diz-agencia\/#primaryimage"},"thumbnailUrl":"https:\/\/www.institutodeengenharia.org.br\/site\/wp-content\/uploads\/2018\/09\/transition.jpg","datePublished":"2018-09-26T15:06:33+00:00","breadcrumb":{"@id":"https:\/\/www.institutodeengenharia.org.br\/site\/2018\/09\/26\/primeiro-carro-voador-comecara-a-ser-vendido-em-outubro-diz-agencia\/#breadcrumb"},"inLanguage":"pt-BR","potentialAction":[{"@type":"ReadAction","target":["https:\/\/www.institutodeengenharia.org.br\/site\/2018\/09\/26\/primeiro-carro-voador-comecara-a-ser-vendido-em-outubro-diz-agencia\/"]}]},{"@type":"ImageObject","inLanguage":"pt-BR","@id":"https:\/\/www.institutodeengenharia.org.br\/site\/2018\/09\/26\/primeiro-carro-voador-comecara-a-ser-vendido-em-outubro-diz-agencia\/#primaryimage","url":"https:\/\/www.institutodeengenharia.org.br\/site\/wp-content\/uploads\/2018\/09\/transition.jpg","contentUrl":"https:\/\/www.institutodeengenharia.org.br\/site\/wp-content\/uploads\/2018\/09\/transition.jpg","width":640,"height":237,"caption":"Imagem do Transition, com capacidade para dois passageiros \u2014 Foto: Reprodu\u00e7\u00e3o \/ Portal Terrafugia"},{"@type":"BreadcrumbList","@id":"https:\/\/www.institutodeengenharia.org.br\/site\/2018\/09\/26\/primeiro-carro-voador-comecara-a-ser-vendido-em-outubro-diz-agencia\/#breadcrumb","itemListElement":[{"@type":"ListItem","position":1,"name":"In\u00edcio","item":"https:\/\/www.institutodeengenharia.org.br\/site\/"},{"@type":"ListItem","position":2,"name":"Primeiro carro voador come\u00e7ar\u00e1 a ser vendido em outubro, diz ag\u00eancia"}]},{"@type":"WebSite","@id":"https:\/\/www.institutodeengenharia.org.br\/site\/#website","url":"https:\/\/www.institutodeengenharia.org.br\/site\/","name":"Instituto de Engenharia","description":"O Instituto de Engenharia promove a Engenharia em benef\u00edcio do desenvolvimento e da qualidade de vida da sociedade.","publisher":{"@id":"https:\/\/www.institutodeengenharia.org.br\/site\/#organization"},"potentialAction":[{"@type":"SearchAction","target":{"@type":"EntryPoint","urlTemplate":"https:\/\/www.institutodeengenharia.org.br\/site\/?s={search_term_string}"},"query-input":{"@type":"PropertyValueSpecification","valueRequired":true,"valueName":"search_term_string"}}],"inLanguage":"pt-BR"},{"@type":"Organization","@id":"https:\/\/www.institutodeengenharia.org.br\/site\/#organization","name":"Instituto de Engenharia","url":"https:\/\/www.institutodeengenharia.org.br\/site\/","logo":{"@type":"ImageObject","inLanguage":"pt-BR","@id":"https:\/\/www.institutodeengenharia.org.br\/site\/#\/schema\/logo\/image\/","url":"https:\/\/www.institutodeengenharia.org.br\/site\/wp-content\/uploads\/2019\/03\/logo-novo-IE2018-1.jpg","contentUrl":"https:\/\/www.institutodeengenharia.org.br\/site\/wp-content\/uploads\/2019\/03\/logo-novo-IE2018-1.jpg","width":1486,"height":1879,"caption":"Instituto de Engenharia"},"image":{"@id":"https:\/\/www.institutodeengenharia.org.br\/site\/#\/schema\/logo\/image\/"},"sameAs":["https:\/\/www.facebook.com\/institutodeengenharia","https:\/\/x.com\/iengenharia","https:\/\/www.instagram.com\/institutodeengenharia\/","https:\/\/www.linkedin.com\/company\/instituto-de-engenharia\/","https:\/\/www.youtube.com\/channel\/UCXiCAlsSMe977vamW915HxA"]},{"@type":"Person","@id":"https:\/\/www.institutodeengenharia.org.br\/site\/#\/schema\/person\/aeb64951c405e100d26d30b033dd423f","name":"Bianca","image":{"@type":"ImageObject","inLanguage":"pt-BR","@id":"https:\/\/secure.gravatar.com\/avatar\/a6fbe9bff57405baf4c1e2c5c1811e072b558253974a9f9508f4678900c97c2a?s=96&d=mm&r=g","url":"https:\/\/secure.gravatar.com\/avatar\/a6fbe9bff57405baf4c1e2c5c1811e072b558253974a9f9508f4678900c97c2a?s=96&d=mm&r=g","contentUrl":"https:\/\/secure.gravatar.com\/avatar\/a6fbe9bff57405baf4c1e2c5c1811e072b558253974a9f9508f4678900c97c2a?s=96&d=mm&r=g","caption":"Bianca"},"url":"https:\/\/www.institutodeengenharia.org.br\/site\/author\/comunicacao1\/"}]}},"_links":{"self":[{"href":"https:\/\/www.institutodeengenharia.org.br\/site\/wp-json\/wp\/v2\/posts\/38109","targetHints":{"allow":["GET"]}}],"collection":[{"href":"https:\/\/www.institutodeengenharia.org.br\/site\/wp-json\/wp\/v2\/posts"}],"about":[{"href":"https:\/\/www.institutodeengenharia.org.br\/site\/wp-json\/wp\/v2\/types\/post"}],"author":[{"embeddable":true,"href":"https:\/\/www.institutodeengenharia.org.br\/site\/wp-json\/wp\/v2\/users\/13"}],"replies":[{"embeddable":true,"href":"https:\/\/www.institutodeengenharia.org.br\/site\/wp-json\/wp\/v2\/comments?post=38109"}],"version-history":[{"count":1,"href":"https:\/\/www.institutodeengenharia.org.br\/site\/wp-json\/wp\/v2\/posts\/38109\/revisions"}],"predecessor-version":[{"id":38111,"href":"https:\/\/www.institutodeengenharia.org.br\/site\/wp-json\/wp\/v2\/posts\/38109\/revisions\/38111"}],"wp:featuredmedia":[{"embeddable":true,"href":"https:\/\/www.institutodeengenharia.org.br\/site\/wp-json\/wp\/v2\/media\/38110"}],"wp:attachment":[{"href":"https:\/\/www.institutodeengenharia.org.br\/site\/wp-json\/wp\/v2\/media?parent=38109"}],"wp:term":[{"taxonomy":"category","embeddable":true,"href":"https:\/\/www.institutodeengenharia.org.br\/site\/wp-json\/wp\/v2\/categories?post=38109"},{"taxonomy":"post_tag","embeddable":true,"href":"https:\/\/www.institutodeengenharia.org.br\/site\/wp-json\/wp\/v2\/tags?post=38109"}],"curies":[{"name":"wp","href":"https:\/\/api.w.org\/{rel}","templated":true}]}}