{"id":37820,"date":"2018-06-20T11:34:21","date_gmt":"2018-06-20T14:34:21","guid":{"rendered":"https:\/\/www.institutodeengenharia.org.br\/site\/?p=37820"},"modified":"2019-11-04T15:32:27","modified_gmt":"2019-11-04T17:32:27","slug":"pos-evento-1o-dia-da-mentoria-a-servico-da-engenharia-o-que-esta-por-tras-da-tecnologia-da-mobilidade-urbana","status":"publish","type":"post","link":"https:\/\/www.institutodeengenharia.org.br\/site\/2018\/06\/20\/pos-evento-1o-dia-da-mentoria-a-servico-da-engenharia-o-que-esta-por-tras-da-tecnologia-da-mobilidade-urbana\/","title":{"rendered":"Dia de Mentoria \u2013 O que est\u00e1 por tr\u00e1s da tecnologia da mobilidade urbana"},"content":{"rendered":"<p><strong>Assista a <span style=\"color: red;\">primeira parte<\/span> da palestra:<\/strong><\/p>\n<p><iframe loading=\"lazy\" src=\"https:\/\/player.vimeo.com\/video\/292793928\" width=\"640\" height=\"360\" frameborder=\"0\" allowfullscreen=\"allowfullscreen\"><\/iframe><\/p>\n<p><strong> Assista a <span style=\"color: red;\">segunda parte<\/span> da palestra:<\/strong><\/p>\n<p><iframe loading=\"lazy\" src=\"https:\/\/player.vimeo.com\/video\/292790814\" width=\"640\" height=\"360\" frameborder=\"0\" allowfullscreen=\"allowfullscreen\"><\/iframe><\/p>\n<p><strong>Assista a <span style=\"color: red;\">terceira parte<\/span> da palestra:<\/strong><\/p>\n<p><iframe loading=\"lazy\" src=\"https:\/\/player.vimeo.com\/video\/292985927\" width=\"640\" height=\"360\" frameborder=\"0\" allowfullscreen=\"allowfullscreen\"><\/iframe><\/p>\n<p><strong>Assista a <span style=\"color: red;\">quarta parte<\/span> da palestra:<\/strong><\/p>\n<p><iframe loading=\"lazy\" src=\"https:\/\/player.vimeo.com\/video\/292988863\" width=\"640\" height=\"360\" frameborder=\"0\" allowfullscreen=\"allowfullscreen\"><\/iframe><\/p>\n<p><strong>Assista a <span style=\"color: red;\">quinta parte<\/span> da palestra:<\/strong><\/p>\n<p><iframe loading=\"lazy\" src=\"https:\/\/player.vimeo.com\/video\/292946711\" width=\"640\" height=\"360\" frameborder=\"0\" allowfullscreen=\"allowfullscreen\"><\/iframe><\/p>\n<p>&nbsp;<\/p>\n<h3>+ Informa\u00e7\u00f5es:<\/h3>\n<p>&nbsp;<\/p>\n<p><strong>Metodologia<\/strong><\/p>\n<p>Por meio da t\u00e9cnica de metodologia coletiva, os expositores far\u00e3o uma breve explana\u00e7\u00e3o da tecnologia sobre cada tema e, na sequ\u00eancia, come\u00e7am as perguntas da plateia durante duas horas. As perguntas ser\u00e3o mediadas por um mentor profissional, entre palestrantes e plateia, transferindo assim a maior parcela poss\u00edvel de conhecimento aos interessados e distribuindo coletivamente as informa\u00e7\u00f5es.<\/p>\n<p>Pode de deve participar<br \/>\nEstudantes de engenharia e afins, engenheiros, empres\u00e1rios, empresas,\u00a0<em>startups<\/em>\u00a0e interessados no assunto Mobilidade Urbana.<\/p>\n<p><strong>Pain\u00e9is<\/strong><\/p>\n<p>Tema : Intelligent Transportation System \u2013 ITS<br \/>\nMauricio Consulo \u2013 Clever Sevices \u2013 EUA\/BR<\/p>\n<p>Tema- Meios de Pagamentos para Transporte P\u00fablico \u2013 Bilhetagem Eletr\u00f4nica<br \/>\nGuy Vankeer \u2013 Calypso Network Association \u2013 B\u00e9lgica\/FR)<\/p>\n<p>Tema: Um Modelo de Autoridade de Transportes sob a Vis\u00e3o da Comunica\u00e7\u00e3o \u2013 Case Bras\u00edlia-DF)<br \/>\nRoberto Sganserla \u2013 Roberto Sganserla Marketing em Transporte P\u00fablico<\/p>\n<p>CERTIFICADO: Apenas estudantes poder\u00e3o solicitar certificado de participa\u00e7\u00e3o.<\/p>\n","protected":false},"excerpt":{"rendered":"<p>Assista a primeira parte da palestra: Assista a segunda parte da palestra: Assista a terceira parte da palestra: Assista a quarta parte da palestra: Assista a quinta parte da palestra: &nbsp; + Informa\u00e7\u00f5es: &nbsp; Metodologia Por meio da t\u00e9cnica de metodologia coletiva, os expositores far\u00e3o uma breve explana\u00e7\u00e3o da tecnologia sobre cada tema e, na [&hellip;]<\/p>\n","protected":false},"author":13,"featured_media":56810,"comment_status":"open","ping_status":"open","sticky":false,"template":"","format":"standard","meta":{"footnotes":""},"categories":[968,969],"tags":[],"class_list":{"0":"post-37820","1":"post","2":"type-post","3":"status-publish","4":"format-standard","5":"has-post-thumbnail","7":"category-nova-tv-engenharia","8":"category-palestra"},"yoast_head":"<!-- This site is optimized with the Yoast SEO plugin v27.2 - https:\/\/yoast.com\/product\/yoast-seo-wordpress\/ -->\n<title>Dia de Mentoria \u2013 O que est\u00e1 por tr\u00e1s da tecnologia da mobilidade urbana - Instituto de Engenharia<\/title>\n<meta name=\"robots\" content=\"index, follow, max-snippet:-1, max-image-preview:large, max-video-preview:-1\" \/>\n<link rel=\"canonical\" href=\"https:\/\/www.institutodeengenharia.org.br\/site\/2018\/06\/20\/pos-evento-1o-dia-da-mentoria-a-servico-da-engenharia-o-que-esta-por-tras-da-tecnologia-da-mobilidade-urbana\/\" \/>\n<meta property=\"og:locale\" content=\"pt_BR\" \/>\n<meta property=\"og:type\" content=\"article\" \/>\n<meta property=\"og:title\" content=\"Dia de Mentoria \u2013 O que est\u00e1 por tr\u00e1s da tecnologia da mobilidade urbana - Instituto de Engenharia\" \/>\n<meta property=\"og:description\" content=\"Assista a primeira parte da palestra: Assista a segunda parte da palestra: Assista a terceira parte da palestra: Assista a quarta parte da palestra: Assista a quinta parte da palestra: &nbsp; + Informa\u00e7\u00f5es: &nbsp; Metodologia Por meio da t\u00e9cnica de metodologia coletiva, os expositores far\u00e3o uma breve explana\u00e7\u00e3o da tecnologia sobre cada tema e, na [&hellip;]\" \/>\n<meta property=\"og:url\" content=\"https:\/\/www.institutodeengenharia.org.br\/site\/2018\/06\/20\/pos-evento-1o-dia-da-mentoria-a-servico-da-engenharia-o-que-esta-por-tras-da-tecnologia-da-mobilidade-urbana\/\" \/>\n<meta property=\"og:site_name\" content=\"Instituto de Engenharia\" \/>\n<meta property=\"article:publisher\" content=\"https:\/\/www.facebook.com\/institutodeengenharia\" \/>\n<meta property=\"article:published_time\" content=\"2018-06-20T14:34:21+00:00\" \/>\n<meta property=\"article:modified_time\" content=\"2019-11-04T17:32:27+00:00\" \/>\n<meta property=\"og:image\" content=\"https:\/\/www.institutodeengenharia.org.br\/site\/wp-content\/uploads\/2019\/11\/1_wsEarHH8olfF76XRqNny7w.png\" \/>\n\t<meta property=\"og:image:width\" content=\"1920\" \/>\n\t<meta property=\"og:image:height\" content=\"1278\" \/>\n\t<meta property=\"og:image:type\" content=\"image\/png\" \/>\n<meta name=\"author\" content=\"Bianca\" \/>\n<meta name=\"twitter:card\" content=\"summary_large_image\" \/>\n<meta name=\"twitter:creator\" content=\"@iengenharia\" \/>\n<meta name=\"twitter:site\" content=\"@iengenharia\" \/>\n<meta name=\"twitter:label1\" content=\"Escrito por\" \/>\n\t<meta name=\"twitter:data1\" content=\"Bianca\" \/>\n\t<meta name=\"twitter:label2\" content=\"Est. tempo de leitura\" \/>\n\t<meta name=\"twitter:data2\" content=\"1 minuto\" \/>\n<script type=\"application\/ld+json\" class=\"yoast-schema-graph\">{\"@context\":\"https:\/\/schema.org\",\"@graph\":[{\"@type\":\"Article\",\"@id\":\"https:\/\/www.institutodeengenharia.org.br\/site\/2018\/06\/20\/pos-evento-1o-dia-da-mentoria-a-servico-da-engenharia-o-que-esta-por-tras-da-tecnologia-da-mobilidade-urbana\/#article\",\"isPartOf\":{\"@id\":\"https:\/\/www.institutodeengenharia.org.br\/site\/2018\/06\/20\/pos-evento-1o-dia-da-mentoria-a-servico-da-engenharia-o-que-esta-por-tras-da-tecnologia-da-mobilidade-urbana\/\"},\"author\":{\"name\":\"Bianca\",\"@id\":\"https:\/\/www.institutodeengenharia.org.br\/site\/#\/schema\/person\/aeb64951c405e100d26d30b033dd423f\"},\"headline\":\"Dia de Mentoria \u2013 O que est\u00e1 por tr\u00e1s da tecnologia da mobilidade urbana\",\"datePublished\":\"2018-06-20T14:34:21+00:00\",\"dateModified\":\"2019-11-04T17:32:27+00:00\",\"mainEntityOfPage\":{\"@id\":\"https:\/\/www.institutodeengenharia.org.br\/site\/2018\/06\/20\/pos-evento-1o-dia-da-mentoria-a-servico-da-engenharia-o-que-esta-por-tras-da-tecnologia-da-mobilidade-urbana\/\"},\"wordCount\":201,\"commentCount\":0,\"publisher\":{\"@id\":\"https:\/\/www.institutodeengenharia.org.br\/site\/#organization\"},\"image\":{\"@id\":\"https:\/\/www.institutodeengenharia.org.br\/site\/2018\/06\/20\/pos-evento-1o-dia-da-mentoria-a-servico-da-engenharia-o-que-esta-por-tras-da-tecnologia-da-mobilidade-urbana\/#primaryimage\"},\"thumbnailUrl\":\"https:\/\/www.institutodeengenharia.org.br\/site\/wp-content\/uploads\/2019\/11\/1_wsEarHH8olfF76XRqNny7w.png\",\"articleSection\":[\"Nova TV Engenharia\",\"Palestra\"],\"inLanguage\":\"pt-BR\",\"potentialAction\":[{\"@type\":\"CommentAction\",\"name\":\"Comment\",\"target\":[\"https:\/\/www.institutodeengenharia.org.br\/site\/2018\/06\/20\/pos-evento-1o-dia-da-mentoria-a-servico-da-engenharia-o-que-esta-por-tras-da-tecnologia-da-mobilidade-urbana\/#respond\"]}]},{\"@type\":\"WebPage\",\"@id\":\"https:\/\/www.institutodeengenharia.org.br\/site\/2018\/06\/20\/pos-evento-1o-dia-da-mentoria-a-servico-da-engenharia-o-que-esta-por-tras-da-tecnologia-da-mobilidade-urbana\/\",\"url\":\"https:\/\/www.institutodeengenharia.org.br\/site\/2018\/06\/20\/pos-evento-1o-dia-da-mentoria-a-servico-da-engenharia-o-que-esta-por-tras-da-tecnologia-da-mobilidade-urbana\/\",\"name\":\"Dia de Mentoria \u2013 O que est\u00e1 por tr\u00e1s da tecnologia da mobilidade urbana - Instituto de Engenharia\",\"isPartOf\":{\"@id\":\"https:\/\/www.institutodeengenharia.org.br\/site\/#website\"},\"primaryImageOfPage\":{\"@id\":\"https:\/\/www.institutodeengenharia.org.br\/site\/2018\/06\/20\/pos-evento-1o-dia-da-mentoria-a-servico-da-engenharia-o-que-esta-por-tras-da-tecnologia-da-mobilidade-urbana\/#primaryimage\"},\"image\":{\"@id\":\"https:\/\/www.institutodeengenharia.org.br\/site\/2018\/06\/20\/pos-evento-1o-dia-da-mentoria-a-servico-da-engenharia-o-que-esta-por-tras-da-tecnologia-da-mobilidade-urbana\/#primaryimage\"},\"thumbnailUrl\":\"https:\/\/www.institutodeengenharia.org.br\/site\/wp-content\/uploads\/2019\/11\/1_wsEarHH8olfF76XRqNny7w.png\",\"datePublished\":\"2018-06-20T14:34:21+00:00\",\"dateModified\":\"2019-11-04T17:32:27+00:00\",\"breadcrumb\":{\"@id\":\"https:\/\/www.institutodeengenharia.org.br\/site\/2018\/06\/20\/pos-evento-1o-dia-da-mentoria-a-servico-da-engenharia-o-que-esta-por-tras-da-tecnologia-da-mobilidade-urbana\/#breadcrumb\"},\"inLanguage\":\"pt-BR\",\"potentialAction\":[{\"@type\":\"ReadAction\",\"target\":[\"https:\/\/www.institutodeengenharia.org.br\/site\/2018\/06\/20\/pos-evento-1o-dia-da-mentoria-a-servico-da-engenharia-o-que-esta-por-tras-da-tecnologia-da-mobilidade-urbana\/\"]}]},{\"@type\":\"ImageObject\",\"inLanguage\":\"pt-BR\",\"@id\":\"https:\/\/www.institutodeengenharia.org.br\/site\/2018\/06\/20\/pos-evento-1o-dia-da-mentoria-a-servico-da-engenharia-o-que-esta-por-tras-da-tecnologia-da-mobilidade-urbana\/#primaryimage\",\"url\":\"https:\/\/www.institutodeengenharia.org.br\/site\/wp-content\/uploads\/2019\/11\/1_wsEarHH8olfF76XRqNny7w.png\",\"contentUrl\":\"https:\/\/www.institutodeengenharia.org.br\/site\/wp-content\/uploads\/2019\/11\/1_wsEarHH8olfF76XRqNny7w.png\",\"width\":1920,\"height\":1278},{\"@type\":\"BreadcrumbList\",\"@id\":\"https:\/\/www.institutodeengenharia.org.br\/site\/2018\/06\/20\/pos-evento-1o-dia-da-mentoria-a-servico-da-engenharia-o-que-esta-por-tras-da-tecnologia-da-mobilidade-urbana\/#breadcrumb\",\"itemListElement\":[{\"@type\":\"ListItem\",\"position\":1,\"name\":\"In\u00edcio\",\"item\":\"https:\/\/www.institutodeengenharia.org.br\/site\/\"},{\"@type\":\"ListItem\",\"position\":2,\"name\":\"Dia de Mentoria \u2013 O que est\u00e1 por tr\u00e1s da tecnologia da mobilidade urbana\"}]},{\"@type\":\"WebSite\",\"@id\":\"https:\/\/www.institutodeengenharia.org.br\/site\/#website\",\"url\":\"https:\/\/www.institutodeengenharia.org.br\/site\/\",\"name\":\"Instituto de Engenharia\",\"description\":\"O Instituto de Engenharia promove a Engenharia em benef\u00edcio do desenvolvimento e da qualidade de vida da sociedade.\",\"publisher\":{\"@id\":\"https:\/\/www.institutodeengenharia.org.br\/site\/#organization\"},\"potentialAction\":[{\"@type\":\"SearchAction\",\"target\":{\"@type\":\"EntryPoint\",\"urlTemplate\":\"https:\/\/www.institutodeengenharia.org.br\/site\/?s={search_term_string}\"},\"query-input\":{\"@type\":\"PropertyValueSpecification\",\"valueRequired\":true,\"valueName\":\"search_term_string\"}}],\"inLanguage\":\"pt-BR\"},{\"@type\":\"Organization\",\"@id\":\"https:\/\/www.institutodeengenharia.org.br\/site\/#organization\",\"name\":\"Instituto de Engenharia\",\"url\":\"https:\/\/www.institutodeengenharia.org.br\/site\/\",\"logo\":{\"@type\":\"ImageObject\",\"inLanguage\":\"pt-BR\",\"@id\":\"https:\/\/www.institutodeengenharia.org.br\/site\/#\/schema\/logo\/image\/\",\"url\":\"https:\/\/www.institutodeengenharia.org.br\/site\/wp-content\/uploads\/2019\/03\/logo-novo-IE2018-1.jpg\",\"contentUrl\":\"https:\/\/www.institutodeengenharia.org.br\/site\/wp-content\/uploads\/2019\/03\/logo-novo-IE2018-1.jpg\",\"width\":1486,\"height\":1879,\"caption\":\"Instituto de Engenharia\"},\"image\":{\"@id\":\"https:\/\/www.institutodeengenharia.org.br\/site\/#\/schema\/logo\/image\/\"},\"sameAs\":[\"https:\/\/www.facebook.com\/institutodeengenharia\",\"https:\/\/x.com\/iengenharia\",\"https:\/\/www.instagram.com\/institutodeengenharia\/\",\"https:\/\/www.linkedin.com\/company\/instituto-de-engenharia\/\",\"https:\/\/www.youtube.com\/channel\/UCXiCAlsSMe977vamW915HxA\"]},{\"@type\":\"Person\",\"@id\":\"https:\/\/www.institutodeengenharia.org.br\/site\/#\/schema\/person\/aeb64951c405e100d26d30b033dd423f\",\"name\":\"Bianca\",\"image\":{\"@type\":\"ImageObject\",\"inLanguage\":\"pt-BR\",\"@id\":\"https:\/\/secure.gravatar.com\/avatar\/a6fbe9bff57405baf4c1e2c5c1811e072b558253974a9f9508f4678900c97c2a?s=96&d=mm&r=g\",\"url\":\"https:\/\/secure.gravatar.com\/avatar\/a6fbe9bff57405baf4c1e2c5c1811e072b558253974a9f9508f4678900c97c2a?s=96&d=mm&r=g\",\"contentUrl\":\"https:\/\/secure.gravatar.com\/avatar\/a6fbe9bff57405baf4c1e2c5c1811e072b558253974a9f9508f4678900c97c2a?s=96&d=mm&r=g\",\"caption\":\"Bianca\"},\"url\":\"https:\/\/www.institutodeengenharia.org.br\/site\/author\/comunicacao1\/\"}]}<\/script>\n<!-- \/ Yoast SEO plugin. -->","yoast_head_json":{"title":"Dia de Mentoria \u2013 O que est\u00e1 por tr\u00e1s da tecnologia da mobilidade urbana - Instituto de Engenharia","robots":{"index":"index","follow":"follow","max-snippet":"max-snippet:-1","max-image-preview":"max-image-preview:large","max-video-preview":"max-video-preview:-1"},"canonical":"https:\/\/www.institutodeengenharia.org.br\/site\/2018\/06\/20\/pos-evento-1o-dia-da-mentoria-a-servico-da-engenharia-o-que-esta-por-tras-da-tecnologia-da-mobilidade-urbana\/","og_locale":"pt_BR","og_type":"article","og_title":"Dia de Mentoria \u2013 O que est\u00e1 por tr\u00e1s da tecnologia da mobilidade urbana - Instituto de Engenharia","og_description":"Assista a primeira parte da palestra: Assista a segunda parte da palestra: Assista a terceira parte da palestra: Assista a quarta parte da palestra: Assista a quinta parte da palestra: &nbsp; + Informa\u00e7\u00f5es: &nbsp; Metodologia Por meio da t\u00e9cnica de metodologia coletiva, os expositores far\u00e3o uma breve explana\u00e7\u00e3o da tecnologia sobre cada tema e, na [&hellip;]","og_url":"https:\/\/www.institutodeengenharia.org.br\/site\/2018\/06\/20\/pos-evento-1o-dia-da-mentoria-a-servico-da-engenharia-o-que-esta-por-tras-da-tecnologia-da-mobilidade-urbana\/","og_site_name":"Instituto de Engenharia","article_publisher":"https:\/\/www.facebook.com\/institutodeengenharia","article_published_time":"2018-06-20T14:34:21+00:00","article_modified_time":"2019-11-04T17:32:27+00:00","og_image":[{"width":1920,"height":1278,"url":"https:\/\/www.institutodeengenharia.org.br\/site\/wp-content\/uploads\/2019\/11\/1_wsEarHH8olfF76XRqNny7w.png","type":"image\/png"}],"author":"Bianca","twitter_card":"summary_large_image","twitter_creator":"@iengenharia","twitter_site":"@iengenharia","twitter_misc":{"Escrito por":"Bianca","Est. tempo de leitura":"1 minuto"},"schema":{"@context":"https:\/\/schema.org","@graph":[{"@type":"Article","@id":"https:\/\/www.institutodeengenharia.org.br\/site\/2018\/06\/20\/pos-evento-1o-dia-da-mentoria-a-servico-da-engenharia-o-que-esta-por-tras-da-tecnologia-da-mobilidade-urbana\/#article","isPartOf":{"@id":"https:\/\/www.institutodeengenharia.org.br\/site\/2018\/06\/20\/pos-evento-1o-dia-da-mentoria-a-servico-da-engenharia-o-que-esta-por-tras-da-tecnologia-da-mobilidade-urbana\/"},"author":{"name":"Bianca","@id":"https:\/\/www.institutodeengenharia.org.br\/site\/#\/schema\/person\/aeb64951c405e100d26d30b033dd423f"},"headline":"Dia de Mentoria \u2013 O que est\u00e1 por tr\u00e1s da tecnologia da mobilidade urbana","datePublished":"2018-06-20T14:34:21+00:00","dateModified":"2019-11-04T17:32:27+00:00","mainEntityOfPage":{"@id":"https:\/\/www.institutodeengenharia.org.br\/site\/2018\/06\/20\/pos-evento-1o-dia-da-mentoria-a-servico-da-engenharia-o-que-esta-por-tras-da-tecnologia-da-mobilidade-urbana\/"},"wordCount":201,"commentCount":0,"publisher":{"@id":"https:\/\/www.institutodeengenharia.org.br\/site\/#organization"},"image":{"@id":"https:\/\/www.institutodeengenharia.org.br\/site\/2018\/06\/20\/pos-evento-1o-dia-da-mentoria-a-servico-da-engenharia-o-que-esta-por-tras-da-tecnologia-da-mobilidade-urbana\/#primaryimage"},"thumbnailUrl":"https:\/\/www.institutodeengenharia.org.br\/site\/wp-content\/uploads\/2019\/11\/1_wsEarHH8olfF76XRqNny7w.png","articleSection":["Nova TV Engenharia","Palestra"],"inLanguage":"pt-BR","potentialAction":[{"@type":"CommentAction","name":"Comment","target":["https:\/\/www.institutodeengenharia.org.br\/site\/2018\/06\/20\/pos-evento-1o-dia-da-mentoria-a-servico-da-engenharia-o-que-esta-por-tras-da-tecnologia-da-mobilidade-urbana\/#respond"]}]},{"@type":"WebPage","@id":"https:\/\/www.institutodeengenharia.org.br\/site\/2018\/06\/20\/pos-evento-1o-dia-da-mentoria-a-servico-da-engenharia-o-que-esta-por-tras-da-tecnologia-da-mobilidade-urbana\/","url":"https:\/\/www.institutodeengenharia.org.br\/site\/2018\/06\/20\/pos-evento-1o-dia-da-mentoria-a-servico-da-engenharia-o-que-esta-por-tras-da-tecnologia-da-mobilidade-urbana\/","name":"Dia de Mentoria \u2013 O que est\u00e1 por tr\u00e1s da tecnologia da mobilidade urbana - Instituto de Engenharia","isPartOf":{"@id":"https:\/\/www.institutodeengenharia.org.br\/site\/#website"},"primaryImageOfPage":{"@id":"https:\/\/www.institutodeengenharia.org.br\/site\/2018\/06\/20\/pos-evento-1o-dia-da-mentoria-a-servico-da-engenharia-o-que-esta-por-tras-da-tecnologia-da-mobilidade-urbana\/#primaryimage"},"image":{"@id":"https:\/\/www.institutodeengenharia.org.br\/site\/2018\/06\/20\/pos-evento-1o-dia-da-mentoria-a-servico-da-engenharia-o-que-esta-por-tras-da-tecnologia-da-mobilidade-urbana\/#primaryimage"},"thumbnailUrl":"https:\/\/www.institutodeengenharia.org.br\/site\/wp-content\/uploads\/2019\/11\/1_wsEarHH8olfF76XRqNny7w.png","datePublished":"2018-06-20T14:34:21+00:00","dateModified":"2019-11-04T17:32:27+00:00","breadcrumb":{"@id":"https:\/\/www.institutodeengenharia.org.br\/site\/2018\/06\/20\/pos-evento-1o-dia-da-mentoria-a-servico-da-engenharia-o-que-esta-por-tras-da-tecnologia-da-mobilidade-urbana\/#breadcrumb"},"inLanguage":"pt-BR","potentialAction":[{"@type":"ReadAction","target":["https:\/\/www.institutodeengenharia.org.br\/site\/2018\/06\/20\/pos-evento-1o-dia-da-mentoria-a-servico-da-engenharia-o-que-esta-por-tras-da-tecnologia-da-mobilidade-urbana\/"]}]},{"@type":"ImageObject","inLanguage":"pt-BR","@id":"https:\/\/www.institutodeengenharia.org.br\/site\/2018\/06\/20\/pos-evento-1o-dia-da-mentoria-a-servico-da-engenharia-o-que-esta-por-tras-da-tecnologia-da-mobilidade-urbana\/#primaryimage","url":"https:\/\/www.institutodeengenharia.org.br\/site\/wp-content\/uploads\/2019\/11\/1_wsEarHH8olfF76XRqNny7w.png","contentUrl":"https:\/\/www.institutodeengenharia.org.br\/site\/wp-content\/uploads\/2019\/11\/1_wsEarHH8olfF76XRqNny7w.png","width":1920,"height":1278},{"@type":"BreadcrumbList","@id":"https:\/\/www.institutodeengenharia.org.br\/site\/2018\/06\/20\/pos-evento-1o-dia-da-mentoria-a-servico-da-engenharia-o-que-esta-por-tras-da-tecnologia-da-mobilidade-urbana\/#breadcrumb","itemListElement":[{"@type":"ListItem","position":1,"name":"In\u00edcio","item":"https:\/\/www.institutodeengenharia.org.br\/site\/"},{"@type":"ListItem","position":2,"name":"Dia de Mentoria \u2013 O que est\u00e1 por tr\u00e1s da tecnologia da mobilidade urbana"}]},{"@type":"WebSite","@id":"https:\/\/www.institutodeengenharia.org.br\/site\/#website","url":"https:\/\/www.institutodeengenharia.org.br\/site\/","name":"Instituto de Engenharia","description":"O Instituto de Engenharia promove a Engenharia em benef\u00edcio do desenvolvimento e da qualidade de vida da sociedade.","publisher":{"@id":"https:\/\/www.institutodeengenharia.org.br\/site\/#organization"},"potentialAction":[{"@type":"SearchAction","target":{"@type":"EntryPoint","urlTemplate":"https:\/\/www.institutodeengenharia.org.br\/site\/?s={search_term_string}"},"query-input":{"@type":"PropertyValueSpecification","valueRequired":true,"valueName":"search_term_string"}}],"inLanguage":"pt-BR"},{"@type":"Organization","@id":"https:\/\/www.institutodeengenharia.org.br\/site\/#organization","name":"Instituto de Engenharia","url":"https:\/\/www.institutodeengenharia.org.br\/site\/","logo":{"@type":"ImageObject","inLanguage":"pt-BR","@id":"https:\/\/www.institutodeengenharia.org.br\/site\/#\/schema\/logo\/image\/","url":"https:\/\/www.institutodeengenharia.org.br\/site\/wp-content\/uploads\/2019\/03\/logo-novo-IE2018-1.jpg","contentUrl":"https:\/\/www.institutodeengenharia.org.br\/site\/wp-content\/uploads\/2019\/03\/logo-novo-IE2018-1.jpg","width":1486,"height":1879,"caption":"Instituto de Engenharia"},"image":{"@id":"https:\/\/www.institutodeengenharia.org.br\/site\/#\/schema\/logo\/image\/"},"sameAs":["https:\/\/www.facebook.com\/institutodeengenharia","https:\/\/x.com\/iengenharia","https:\/\/www.instagram.com\/institutodeengenharia\/","https:\/\/www.linkedin.com\/company\/instituto-de-engenharia\/","https:\/\/www.youtube.com\/channel\/UCXiCAlsSMe977vamW915HxA"]},{"@type":"Person","@id":"https:\/\/www.institutodeengenharia.org.br\/site\/#\/schema\/person\/aeb64951c405e100d26d30b033dd423f","name":"Bianca","image":{"@type":"ImageObject","inLanguage":"pt-BR","@id":"https:\/\/secure.gravatar.com\/avatar\/a6fbe9bff57405baf4c1e2c5c1811e072b558253974a9f9508f4678900c97c2a?s=96&d=mm&r=g","url":"https:\/\/secure.gravatar.com\/avatar\/a6fbe9bff57405baf4c1e2c5c1811e072b558253974a9f9508f4678900c97c2a?s=96&d=mm&r=g","contentUrl":"https:\/\/secure.gravatar.com\/avatar\/a6fbe9bff57405baf4c1e2c5c1811e072b558253974a9f9508f4678900c97c2a?s=96&d=mm&r=g","caption":"Bianca"},"url":"https:\/\/www.institutodeengenharia.org.br\/site\/author\/comunicacao1\/"}]}},"_links":{"self":[{"href":"https:\/\/www.institutodeengenharia.org.br\/site\/wp-json\/wp\/v2\/posts\/37820","targetHints":{"allow":["GET"]}}],"collection":[{"href":"https:\/\/www.institutodeengenharia.org.br\/site\/wp-json\/wp\/v2\/posts"}],"about":[{"href":"https:\/\/www.institutodeengenharia.org.br\/site\/wp-json\/wp\/v2\/types\/post"}],"author":[{"embeddable":true,"href":"https:\/\/www.institutodeengenharia.org.br\/site\/wp-json\/wp\/v2\/users\/13"}],"replies":[{"embeddable":true,"href":"https:\/\/www.institutodeengenharia.org.br\/site\/wp-json\/wp\/v2\/comments?post=37820"}],"version-history":[{"count":5,"href":"https:\/\/www.institutodeengenharia.org.br\/site\/wp-json\/wp\/v2\/posts\/37820\/revisions"}],"predecessor-version":[{"id":56817,"href":"https:\/\/www.institutodeengenharia.org.br\/site\/wp-json\/wp\/v2\/posts\/37820\/revisions\/56817"}],"wp:featuredmedia":[{"embeddable":true,"href":"https:\/\/www.institutodeengenharia.org.br\/site\/wp-json\/wp\/v2\/media\/56810"}],"wp:attachment":[{"href":"https:\/\/www.institutodeengenharia.org.br\/site\/wp-json\/wp\/v2\/media?parent=37820"}],"wp:term":[{"taxonomy":"category","embeddable":true,"href":"https:\/\/www.institutodeengenharia.org.br\/site\/wp-json\/wp\/v2\/categories?post=37820"},{"taxonomy":"post_tag","embeddable":true,"href":"https:\/\/www.institutodeengenharia.org.br\/site\/wp-json\/wp\/v2\/tags?post=37820"}],"curies":[{"name":"wp","href":"https:\/\/api.w.org\/{rel}","templated":true}]}}