{"id":37793,"date":"2018-08-30T09:49:27","date_gmt":"2018-08-30T12:49:27","guid":{"rendered":"https:\/\/www.institutodeengenharia.org.br\/site\/?p=37793"},"modified":"2018-10-08T09:22:02","modified_gmt":"2018-10-08T12:22:02","slug":"pos-evento-norma-de-cargas-abnt-nbr-6120-a-evolucao-da-revisao-da-norma","status":"publish","type":"post","link":"https:\/\/www.institutodeengenharia.org.br\/site\/2018\/08\/30\/pos-evento-norma-de-cargas-abnt-nbr-6120-a-evolucao-da-revisao-da-norma\/","title":{"rendered":"Norma de Cargas ABNT NBR 6120 &#8211; A evolu\u00e7\u00e3o da revis\u00e3o da norma"},"content":{"rendered":"<p><strong>Assista o v\u00eddeo da palestra:<\/strong><\/p>\n<p><iframe loading=\"lazy\" src=\"https:\/\/www.youtube.com\/embed\/hNRr90-FsU0\" width=\"560\" height=\"315\" frameborder=\"0\" allowfullscreen=\"allowfullscreen\"><\/iframe><\/p>\n<p>&nbsp;<\/p>\n<p>&nbsp;<\/p>\n<h3>+ Informa\u00e7\u00f5es:<\/h3>\n<p>&nbsp;<\/p>\n<p><strong>T\u00f3picos a serem abordados na palestra:<\/strong><\/p>\n<p>Compara\u00e7\u00e3o das prescri\u00e7\u00f5es das normas americanas e europeias com a norma NBR 6120:1980; nova abordagem para considera\u00e7\u00e3o de cargas acidentais \u2013 c\u00e1lculo com carga uniformemente distribu\u00edda e verifica\u00e7\u00e3o para cargas concentradas; cargas em garagens; considera\u00e7\u00e3o de cargas em fase de obra; esclarecimento de itens que podem gerar d\u00favidas de interpreta\u00e7\u00e3o.<\/p>\n<p><strong>Palestrante: \u00a0<\/strong><\/p>\n<p><strong>Eng. Jo\u00e3o Alberto Vendramini<\/strong><\/p>\n<p>Engenheiro Civil pela FESP. Especialista em estruturas pr\u00e9-moldadas de concreto pela UFSCAR. Vice-presidente de relacionamento da ABECE. Professor do curso de P\u00f3s- Gradua\u00e7\u00e3o em Estruturas de Concreto Armado para Edif\u00edcios. Diretor T\u00e9cnico da VENDRAMINI ENGENHARIA. Vice-presidente de Marketing da ABECE \u2013 Associa\u00e7\u00e3o Brasileira de Engenharia e Consultoria Estrutural no bi\u00eanio 2016\/2018. Colaborador na elabora\u00e7\u00e3o e revis\u00e3o de diversas normas t\u00e9cnicas voltadas para a \u00e1rea de estruturas. Ganhador de v\u00e1rios pr\u00eamios e homenagens como: Men\u00e7\u00e3o Honrosa do Pr\u00eamio Talento Engenharia Estrutural em 2004, Pr\u00eamio DESTAQUES ABECE 2012, Men\u00e7\u00e3o Honrosa do Pr\u00eamio \u201cOBRA DO ANO\u201d da ABCIC \u2013 Associa\u00e7\u00e3o Brasileira da Constru\u00e7\u00e3o Industrializada em Concreto \u2013 2013, Pr\u00eamio Tilt-Up Achievement Award pela TCA \u2013 Tilt-Up Concrete Association em 2014.<\/p>\n<p>&nbsp;<\/p>\n<p><strong>A transmiss\u00e3o ao vivo desta palestra conta com o patroc\u00ednio de:<\/strong><\/p>\n<p><img loading=\"lazy\" decoding=\"async\" class=\"size-full wp-image-35633 aligncenter td-animation-stack-type0-2\" src=\"https:\/\/www.institutodeengenharia.org.br\/site\/wp-content\/uploads\/2018\/05\/Engeti.jpg\" alt=\"\" width=\"76\" height=\"76\" \/><img loading=\"lazy\" decoding=\"async\" class=\"size-full wp-image-35634 aligncenter td-animation-stack-type0-2\" src=\"https:\/\/www.institutodeengenharia.org.br\/site\/wp-content\/uploads\/2018\/05\/TQS.jpg\" alt=\"\" width=\"190\" height=\"61\" \/><img loading=\"lazy\" decoding=\"async\" class=\"wp-image-37226 aligncenter td-animation-stack-type0-2\" src=\"https:\/\/www.institutodeengenharia.org.br\/site\/wp-content\/uploads\/2018\/08\/S8L4Qmn2.jpg\" alt=\"\" width=\"118\" height=\"118\" srcset=\"https:\/\/www.institutodeengenharia.org.br\/site\/wp-content\/uploads\/2018\/08\/S8L4Qmn2.jpg 2048w, https:\/\/www.institutodeengenharia.org.br\/site\/wp-content\/uploads\/2018\/08\/S8L4Qmn2-150x150.jpg 150w, https:\/\/www.institutodeengenharia.org.br\/site\/wp-content\/uploads\/2018\/08\/S8L4Qmn2-300x300.jpg 300w, https:\/\/www.institutodeengenharia.org.br\/site\/wp-content\/uploads\/2018\/08\/S8L4Qmn2-768x768.jpg 768w, https:\/\/www.institutodeengenharia.org.br\/site\/wp-content\/uploads\/2018\/08\/S8L4Qmn2-1024x1024.jpg 1024w, https:\/\/www.institutodeengenharia.org.br\/site\/wp-content\/uploads\/2018\/08\/S8L4Qmn2-696x696.jpg 696w, https:\/\/www.institutodeengenharia.org.br\/site\/wp-content\/uploads\/2018\/08\/S8L4Qmn2-1068x1068.jpg 1068w, https:\/\/www.institutodeengenharia.org.br\/site\/wp-content\/uploads\/2018\/08\/S8L4Qmn2-420x420.jpg 420w, https:\/\/www.institutodeengenharia.org.br\/site\/wp-content\/uploads\/2018\/08\/S8L4Qmn2-1920x1920.jpg 1920w\" sizes=\"auto, (max-width: 118px) 100vw, 118px\" \/><\/p>\n<p><strong>Este evento conta com o apoio institucional de:<\/strong><\/p>\n<p><img loading=\"lazy\" decoding=\"async\" class=\"size-full wp-image-34168 aligncenter td-animation-stack-type0-2\" src=\"https:\/\/www.institutodeengenharia.org.br\/site\/wp-content\/uploads\/2018\/03\/abece(71).jpg\" alt=\"\" width=\"123\" height=\"72\" \/><\/p>\n<p><img loading=\"lazy\" decoding=\"async\" class=\"size-full wp-image-32736 aligncenter td-animation-stack-type0-2\" src=\"https:\/\/www.institutodeengenharia.org.br\/site\/wp-content\/uploads\/2018\/03\/ibracon(3).jpg\" alt=\"\" width=\"101\" height=\"88\" srcset=\"https:\/\/www.institutodeengenharia.org.br\/site\/wp-content\/uploads\/2018\/03\/ibracon(3).jpg 534w, https:\/\/www.institutodeengenharia.org.br\/site\/wp-content\/uploads\/2018\/03\/ibracon(3).jpg 101w\" sizes=\"auto, (max-width: 101px) 100vw, 101px\" \/><\/p>\n<p><img loading=\"lazy\" decoding=\"async\" class=\"size-full wp-image-34556 aligncenter td-animation-stack-type0-2\" src=\"https:\/\/www.institutodeengenharia.org.br\/site\/wp-content\/uploads\/2018\/04\/CREA-SP_vertical.jpg\" alt=\"\" width=\"150\" height=\"106\" srcset=\"https:\/\/www.institutodeengenharia.org.br\/site\/wp-content\/uploads\/2018\/04\/CREA-SP_vertical.jpg 150w, https:\/\/www.institutodeengenharia.org.br\/site\/wp-content\/uploads\/2018\/04\/CREA-SP_vertical-100x70.jpg 100w\" sizes=\"auto, (max-width: 150px) 100vw, 150px\" \/><\/p>\n<p><strong>Realiza\u00e7\u00e3o:<\/strong><\/p>\n<p><strong>Eng. Jer\u00f4nimo Cabral Pereira Fagundes Neto \u2013\u00a0<\/strong>Vice-presidente de Atividades T\u00e9cnicas<\/p>\n<p><strong>Eng. Roberto Kochen<\/strong>\u00a0 \u2013\u00a0\u00a0 Diretor do Depto. de Engenharia do Habitat e Infraestrutura<\/p>\n<p><strong>Eng. Natan J. Levental<\/strong>\u00a0\u2013\u00a0 Coordenador da Divis\u00e3o T\u00e9cnica de Estruturas<\/p>\n","protected":false},"excerpt":{"rendered":"<p>Assista o v\u00eddeo da palestra: &nbsp; &nbsp; + Informa\u00e7\u00f5es: &nbsp; T\u00f3picos a serem abordados na palestra: Compara\u00e7\u00e3o das prescri\u00e7\u00f5es das normas americanas e europeias com a norma NBR 6120:1980; nova abordagem para considera\u00e7\u00e3o de cargas acidentais \u2013 c\u00e1lculo com carga uniformemente distribu\u00edda e verifica\u00e7\u00e3o para cargas concentradas; cargas em garagens; considera\u00e7\u00e3o de cargas em fase [&hellip;]<\/p>\n","protected":false},"author":13,"featured_media":38287,"comment_status":"open","ping_status":"open","sticky":false,"template":"","format":"standard","meta":{"footnotes":""},"categories":[15,76,968,969],"tags":[],"class_list":{"0":"post-37793","1":"post","2":"type-post","3":"status-publish","4":"format-standard","5":"has-post-thumbnail","7":"category-departamento-desenvolvimento-de-projetos-e-servicos-de-infraestrutura","8":"category-divisao-tecnica-estruturas-e-controle-tecnologico","9":"category-nova-tv-engenharia","10":"category-palestra"},"yoast_head":"<!-- This site is optimized with the Yoast SEO plugin v27.2 - https:\/\/yoast.com\/product\/yoast-seo-wordpress\/ -->\n<title>Norma de Cargas ABNT NBR 6120 - A evolu\u00e7\u00e3o da revis\u00e3o da norma - Instituto de Engenharia<\/title>\n<meta name=\"robots\" content=\"index, follow, max-snippet:-1, max-image-preview:large, max-video-preview:-1\" \/>\n<link rel=\"canonical\" href=\"https:\/\/www.institutodeengenharia.org.br\/site\/2018\/08\/30\/pos-evento-norma-de-cargas-abnt-nbr-6120-a-evolucao-da-revisao-da-norma\/\" \/>\n<meta property=\"og:locale\" content=\"pt_BR\" \/>\n<meta property=\"og:type\" content=\"article\" \/>\n<meta property=\"og:title\" content=\"Norma de Cargas ABNT NBR 6120 - A evolu\u00e7\u00e3o da revis\u00e3o da norma - Instituto de Engenharia\" \/>\n<meta property=\"og:description\" content=\"Assista o v\u00eddeo da palestra: &nbsp; &nbsp; + Informa\u00e7\u00f5es: &nbsp; T\u00f3picos a serem abordados na palestra: Compara\u00e7\u00e3o das prescri\u00e7\u00f5es das normas americanas e europeias com a norma NBR 6120:1980; nova abordagem para considera\u00e7\u00e3o de cargas acidentais \u2013 c\u00e1lculo com carga uniformemente distribu\u00edda e verifica\u00e7\u00e3o para cargas concentradas; cargas em garagens; considera\u00e7\u00e3o de cargas em fase [&hellip;]\" \/>\n<meta property=\"og:url\" content=\"https:\/\/www.institutodeengenharia.org.br\/site\/2018\/08\/30\/pos-evento-norma-de-cargas-abnt-nbr-6120-a-evolucao-da-revisao-da-norma\/\" \/>\n<meta property=\"og:site_name\" content=\"Instituto de Engenharia\" \/>\n<meta property=\"article:publisher\" content=\"https:\/\/www.facebook.com\/institutodeengenharia\" \/>\n<meta property=\"article:published_time\" content=\"2018-08-30T12:49:27+00:00\" \/>\n<meta property=\"article:modified_time\" content=\"2018-10-08T12:22:02+00:00\" \/>\n<meta property=\"og:image\" content=\"https:\/\/www.institutodeengenharia.org.br\/site\/wp-content\/uploads\/2018\/08\/books-690219_640-1.jpg\" \/>\n\t<meta property=\"og:image:width\" content=\"640\" \/>\n\t<meta property=\"og:image:height\" content=\"360\" \/>\n\t<meta property=\"og:image:type\" content=\"image\/jpeg\" \/>\n<meta name=\"author\" content=\"Bianca\" \/>\n<meta name=\"twitter:card\" content=\"summary_large_image\" \/>\n<meta name=\"twitter:creator\" content=\"@iengenharia\" \/>\n<meta name=\"twitter:site\" content=\"@iengenharia\" \/>\n<meta name=\"twitter:label1\" content=\"Escrito por\" \/>\n\t<meta name=\"twitter:data1\" content=\"Bianca\" \/>\n\t<meta name=\"twitter:label2\" content=\"Est. tempo de leitura\" \/>\n\t<meta name=\"twitter:data2\" content=\"1 minuto\" \/>\n<script type=\"application\/ld+json\" class=\"yoast-schema-graph\">{\"@context\":\"https:\/\/schema.org\",\"@graph\":[{\"@type\":\"Article\",\"@id\":\"https:\/\/www.institutodeengenharia.org.br\/site\/2018\/08\/30\/pos-evento-norma-de-cargas-abnt-nbr-6120-a-evolucao-da-revisao-da-norma\/#article\",\"isPartOf\":{\"@id\":\"https:\/\/www.institutodeengenharia.org.br\/site\/2018\/08\/30\/pos-evento-norma-de-cargas-abnt-nbr-6120-a-evolucao-da-revisao-da-norma\/\"},\"author\":{\"name\":\"Bianca\",\"@id\":\"https:\/\/www.institutodeengenharia.org.br\/site\/#\/schema\/person\/aeb64951c405e100d26d30b033dd423f\"},\"headline\":\"Norma de Cargas ABNT NBR 6120 &#8211; A evolu\u00e7\u00e3o da revis\u00e3o da norma\",\"datePublished\":\"2018-08-30T12:49:27+00:00\",\"dateModified\":\"2018-10-08T12:22:02+00:00\",\"mainEntityOfPage\":{\"@id\":\"https:\/\/www.institutodeengenharia.org.br\/site\/2018\/08\/30\/pos-evento-norma-de-cargas-abnt-nbr-6120-a-evolucao-da-revisao-da-norma\/\"},\"wordCount\":283,\"commentCount\":0,\"publisher\":{\"@id\":\"https:\/\/www.institutodeengenharia.org.br\/site\/#organization\"},\"image\":{\"@id\":\"https:\/\/www.institutodeengenharia.org.br\/site\/2018\/08\/30\/pos-evento-norma-de-cargas-abnt-nbr-6120-a-evolucao-da-revisao-da-norma\/#primaryimage\"},\"thumbnailUrl\":\"https:\/\/www.institutodeengenharia.org.br\/site\/wp-content\/uploads\/2018\/08\/books-690219_640-1.jpg\",\"articleSection\":[\"Departamento Desenvolvimento de Projetos e Servi\u00e7os de Infraestrutura\",\"Divis\u00e3o T\u00e9cnica Estruturas e Controle Tecnol\u00f3gico\",\"Nova TV Engenharia\",\"Palestra\"],\"inLanguage\":\"pt-BR\",\"potentialAction\":[{\"@type\":\"CommentAction\",\"name\":\"Comment\",\"target\":[\"https:\/\/www.institutodeengenharia.org.br\/site\/2018\/08\/30\/pos-evento-norma-de-cargas-abnt-nbr-6120-a-evolucao-da-revisao-da-norma\/#respond\"]}]},{\"@type\":\"WebPage\",\"@id\":\"https:\/\/www.institutodeengenharia.org.br\/site\/2018\/08\/30\/pos-evento-norma-de-cargas-abnt-nbr-6120-a-evolucao-da-revisao-da-norma\/\",\"url\":\"https:\/\/www.institutodeengenharia.org.br\/site\/2018\/08\/30\/pos-evento-norma-de-cargas-abnt-nbr-6120-a-evolucao-da-revisao-da-norma\/\",\"name\":\"Norma de Cargas ABNT NBR 6120 - A evolu\u00e7\u00e3o da revis\u00e3o da norma - Instituto de Engenharia\",\"isPartOf\":{\"@id\":\"https:\/\/www.institutodeengenharia.org.br\/site\/#website\"},\"primaryImageOfPage\":{\"@id\":\"https:\/\/www.institutodeengenharia.org.br\/site\/2018\/08\/30\/pos-evento-norma-de-cargas-abnt-nbr-6120-a-evolucao-da-revisao-da-norma\/#primaryimage\"},\"image\":{\"@id\":\"https:\/\/www.institutodeengenharia.org.br\/site\/2018\/08\/30\/pos-evento-norma-de-cargas-abnt-nbr-6120-a-evolucao-da-revisao-da-norma\/#primaryimage\"},\"thumbnailUrl\":\"https:\/\/www.institutodeengenharia.org.br\/site\/wp-content\/uploads\/2018\/08\/books-690219_640-1.jpg\",\"datePublished\":\"2018-08-30T12:49:27+00:00\",\"dateModified\":\"2018-10-08T12:22:02+00:00\",\"breadcrumb\":{\"@id\":\"https:\/\/www.institutodeengenharia.org.br\/site\/2018\/08\/30\/pos-evento-norma-de-cargas-abnt-nbr-6120-a-evolucao-da-revisao-da-norma\/#breadcrumb\"},\"inLanguage\":\"pt-BR\",\"potentialAction\":[{\"@type\":\"ReadAction\",\"target\":[\"https:\/\/www.institutodeengenharia.org.br\/site\/2018\/08\/30\/pos-evento-norma-de-cargas-abnt-nbr-6120-a-evolucao-da-revisao-da-norma\/\"]}]},{\"@type\":\"ImageObject\",\"inLanguage\":\"pt-BR\",\"@id\":\"https:\/\/www.institutodeengenharia.org.br\/site\/2018\/08\/30\/pos-evento-norma-de-cargas-abnt-nbr-6120-a-evolucao-da-revisao-da-norma\/#primaryimage\",\"url\":\"https:\/\/www.institutodeengenharia.org.br\/site\/wp-content\/uploads\/2018\/08\/books-690219_640-1.jpg\",\"contentUrl\":\"https:\/\/www.institutodeengenharia.org.br\/site\/wp-content\/uploads\/2018\/08\/books-690219_640-1.jpg\",\"width\":640,\"height\":360},{\"@type\":\"BreadcrumbList\",\"@id\":\"https:\/\/www.institutodeengenharia.org.br\/site\/2018\/08\/30\/pos-evento-norma-de-cargas-abnt-nbr-6120-a-evolucao-da-revisao-da-norma\/#breadcrumb\",\"itemListElement\":[{\"@type\":\"ListItem\",\"position\":1,\"name\":\"In\u00edcio\",\"item\":\"https:\/\/www.institutodeengenharia.org.br\/site\/\"},{\"@type\":\"ListItem\",\"position\":2,\"name\":\"Norma de Cargas ABNT NBR 6120 &#8211; A evolu\u00e7\u00e3o da revis\u00e3o da norma\"}]},{\"@type\":\"WebSite\",\"@id\":\"https:\/\/www.institutodeengenharia.org.br\/site\/#website\",\"url\":\"https:\/\/www.institutodeengenharia.org.br\/site\/\",\"name\":\"Instituto de Engenharia\",\"description\":\"O Instituto de Engenharia promove a Engenharia em benef\u00edcio do desenvolvimento e da qualidade de vida da sociedade.\",\"publisher\":{\"@id\":\"https:\/\/www.institutodeengenharia.org.br\/site\/#organization\"},\"potentialAction\":[{\"@type\":\"SearchAction\",\"target\":{\"@type\":\"EntryPoint\",\"urlTemplate\":\"https:\/\/www.institutodeengenharia.org.br\/site\/?s={search_term_string}\"},\"query-input\":{\"@type\":\"PropertyValueSpecification\",\"valueRequired\":true,\"valueName\":\"search_term_string\"}}],\"inLanguage\":\"pt-BR\"},{\"@type\":\"Organization\",\"@id\":\"https:\/\/www.institutodeengenharia.org.br\/site\/#organization\",\"name\":\"Instituto de Engenharia\",\"url\":\"https:\/\/www.institutodeengenharia.org.br\/site\/\",\"logo\":{\"@type\":\"ImageObject\",\"inLanguage\":\"pt-BR\",\"@id\":\"https:\/\/www.institutodeengenharia.org.br\/site\/#\/schema\/logo\/image\/\",\"url\":\"https:\/\/www.institutodeengenharia.org.br\/site\/wp-content\/uploads\/2019\/03\/logo-novo-IE2018-1.jpg\",\"contentUrl\":\"https:\/\/www.institutodeengenharia.org.br\/site\/wp-content\/uploads\/2019\/03\/logo-novo-IE2018-1.jpg\",\"width\":1486,\"height\":1879,\"caption\":\"Instituto de Engenharia\"},\"image\":{\"@id\":\"https:\/\/www.institutodeengenharia.org.br\/site\/#\/schema\/logo\/image\/\"},\"sameAs\":[\"https:\/\/www.facebook.com\/institutodeengenharia\",\"https:\/\/x.com\/iengenharia\",\"https:\/\/www.instagram.com\/institutodeengenharia\/\",\"https:\/\/www.linkedin.com\/company\/instituto-de-engenharia\/\",\"https:\/\/www.youtube.com\/channel\/UCXiCAlsSMe977vamW915HxA\"]},{\"@type\":\"Person\",\"@id\":\"https:\/\/www.institutodeengenharia.org.br\/site\/#\/schema\/person\/aeb64951c405e100d26d30b033dd423f\",\"name\":\"Bianca\",\"image\":{\"@type\":\"ImageObject\",\"inLanguage\":\"pt-BR\",\"@id\":\"https:\/\/secure.gravatar.com\/avatar\/a6fbe9bff57405baf4c1e2c5c1811e072b558253974a9f9508f4678900c97c2a?s=96&d=mm&r=g\",\"url\":\"https:\/\/secure.gravatar.com\/avatar\/a6fbe9bff57405baf4c1e2c5c1811e072b558253974a9f9508f4678900c97c2a?s=96&d=mm&r=g\",\"contentUrl\":\"https:\/\/secure.gravatar.com\/avatar\/a6fbe9bff57405baf4c1e2c5c1811e072b558253974a9f9508f4678900c97c2a?s=96&d=mm&r=g\",\"caption\":\"Bianca\"},\"url\":\"https:\/\/www.institutodeengenharia.org.br\/site\/author\/comunicacao1\/\"}]}<\/script>\n<!-- \/ Yoast SEO plugin. -->","yoast_head_json":{"title":"Norma de Cargas ABNT NBR 6120 - A evolu\u00e7\u00e3o da revis\u00e3o da norma - Instituto de Engenharia","robots":{"index":"index","follow":"follow","max-snippet":"max-snippet:-1","max-image-preview":"max-image-preview:large","max-video-preview":"max-video-preview:-1"},"canonical":"https:\/\/www.institutodeengenharia.org.br\/site\/2018\/08\/30\/pos-evento-norma-de-cargas-abnt-nbr-6120-a-evolucao-da-revisao-da-norma\/","og_locale":"pt_BR","og_type":"article","og_title":"Norma de Cargas ABNT NBR 6120 - A evolu\u00e7\u00e3o da revis\u00e3o da norma - Instituto de Engenharia","og_description":"Assista o v\u00eddeo da palestra: &nbsp; &nbsp; + Informa\u00e7\u00f5es: &nbsp; T\u00f3picos a serem abordados na palestra: Compara\u00e7\u00e3o das prescri\u00e7\u00f5es das normas americanas e europeias com a norma NBR 6120:1980; nova abordagem para considera\u00e7\u00e3o de cargas acidentais \u2013 c\u00e1lculo com carga uniformemente distribu\u00edda e verifica\u00e7\u00e3o para cargas concentradas; cargas em garagens; considera\u00e7\u00e3o de cargas em fase [&hellip;]","og_url":"https:\/\/www.institutodeengenharia.org.br\/site\/2018\/08\/30\/pos-evento-norma-de-cargas-abnt-nbr-6120-a-evolucao-da-revisao-da-norma\/","og_site_name":"Instituto de Engenharia","article_publisher":"https:\/\/www.facebook.com\/institutodeengenharia","article_published_time":"2018-08-30T12:49:27+00:00","article_modified_time":"2018-10-08T12:22:02+00:00","og_image":[{"width":640,"height":360,"url":"https:\/\/www.institutodeengenharia.org.br\/site\/wp-content\/uploads\/2018\/08\/books-690219_640-1.jpg","type":"image\/jpeg"}],"author":"Bianca","twitter_card":"summary_large_image","twitter_creator":"@iengenharia","twitter_site":"@iengenharia","twitter_misc":{"Escrito por":"Bianca","Est. tempo de leitura":"1 minuto"},"schema":{"@context":"https:\/\/schema.org","@graph":[{"@type":"Article","@id":"https:\/\/www.institutodeengenharia.org.br\/site\/2018\/08\/30\/pos-evento-norma-de-cargas-abnt-nbr-6120-a-evolucao-da-revisao-da-norma\/#article","isPartOf":{"@id":"https:\/\/www.institutodeengenharia.org.br\/site\/2018\/08\/30\/pos-evento-norma-de-cargas-abnt-nbr-6120-a-evolucao-da-revisao-da-norma\/"},"author":{"name":"Bianca","@id":"https:\/\/www.institutodeengenharia.org.br\/site\/#\/schema\/person\/aeb64951c405e100d26d30b033dd423f"},"headline":"Norma de Cargas ABNT NBR 6120 &#8211; A evolu\u00e7\u00e3o da revis\u00e3o da norma","datePublished":"2018-08-30T12:49:27+00:00","dateModified":"2018-10-08T12:22:02+00:00","mainEntityOfPage":{"@id":"https:\/\/www.institutodeengenharia.org.br\/site\/2018\/08\/30\/pos-evento-norma-de-cargas-abnt-nbr-6120-a-evolucao-da-revisao-da-norma\/"},"wordCount":283,"commentCount":0,"publisher":{"@id":"https:\/\/www.institutodeengenharia.org.br\/site\/#organization"},"image":{"@id":"https:\/\/www.institutodeengenharia.org.br\/site\/2018\/08\/30\/pos-evento-norma-de-cargas-abnt-nbr-6120-a-evolucao-da-revisao-da-norma\/#primaryimage"},"thumbnailUrl":"https:\/\/www.institutodeengenharia.org.br\/site\/wp-content\/uploads\/2018\/08\/books-690219_640-1.jpg","articleSection":["Departamento Desenvolvimento de Projetos e Servi\u00e7os de Infraestrutura","Divis\u00e3o T\u00e9cnica Estruturas e Controle Tecnol\u00f3gico","Nova TV Engenharia","Palestra"],"inLanguage":"pt-BR","potentialAction":[{"@type":"CommentAction","name":"Comment","target":["https:\/\/www.institutodeengenharia.org.br\/site\/2018\/08\/30\/pos-evento-norma-de-cargas-abnt-nbr-6120-a-evolucao-da-revisao-da-norma\/#respond"]}]},{"@type":"WebPage","@id":"https:\/\/www.institutodeengenharia.org.br\/site\/2018\/08\/30\/pos-evento-norma-de-cargas-abnt-nbr-6120-a-evolucao-da-revisao-da-norma\/","url":"https:\/\/www.institutodeengenharia.org.br\/site\/2018\/08\/30\/pos-evento-norma-de-cargas-abnt-nbr-6120-a-evolucao-da-revisao-da-norma\/","name":"Norma de Cargas ABNT NBR 6120 - A evolu\u00e7\u00e3o da revis\u00e3o da norma - Instituto de Engenharia","isPartOf":{"@id":"https:\/\/www.institutodeengenharia.org.br\/site\/#website"},"primaryImageOfPage":{"@id":"https:\/\/www.institutodeengenharia.org.br\/site\/2018\/08\/30\/pos-evento-norma-de-cargas-abnt-nbr-6120-a-evolucao-da-revisao-da-norma\/#primaryimage"},"image":{"@id":"https:\/\/www.institutodeengenharia.org.br\/site\/2018\/08\/30\/pos-evento-norma-de-cargas-abnt-nbr-6120-a-evolucao-da-revisao-da-norma\/#primaryimage"},"thumbnailUrl":"https:\/\/www.institutodeengenharia.org.br\/site\/wp-content\/uploads\/2018\/08\/books-690219_640-1.jpg","datePublished":"2018-08-30T12:49:27+00:00","dateModified":"2018-10-08T12:22:02+00:00","breadcrumb":{"@id":"https:\/\/www.institutodeengenharia.org.br\/site\/2018\/08\/30\/pos-evento-norma-de-cargas-abnt-nbr-6120-a-evolucao-da-revisao-da-norma\/#breadcrumb"},"inLanguage":"pt-BR","potentialAction":[{"@type":"ReadAction","target":["https:\/\/www.institutodeengenharia.org.br\/site\/2018\/08\/30\/pos-evento-norma-de-cargas-abnt-nbr-6120-a-evolucao-da-revisao-da-norma\/"]}]},{"@type":"ImageObject","inLanguage":"pt-BR","@id":"https:\/\/www.institutodeengenharia.org.br\/site\/2018\/08\/30\/pos-evento-norma-de-cargas-abnt-nbr-6120-a-evolucao-da-revisao-da-norma\/#primaryimage","url":"https:\/\/www.institutodeengenharia.org.br\/site\/wp-content\/uploads\/2018\/08\/books-690219_640-1.jpg","contentUrl":"https:\/\/www.institutodeengenharia.org.br\/site\/wp-content\/uploads\/2018\/08\/books-690219_640-1.jpg","width":640,"height":360},{"@type":"BreadcrumbList","@id":"https:\/\/www.institutodeengenharia.org.br\/site\/2018\/08\/30\/pos-evento-norma-de-cargas-abnt-nbr-6120-a-evolucao-da-revisao-da-norma\/#breadcrumb","itemListElement":[{"@type":"ListItem","position":1,"name":"In\u00edcio","item":"https:\/\/www.institutodeengenharia.org.br\/site\/"},{"@type":"ListItem","position":2,"name":"Norma de Cargas ABNT NBR 6120 &#8211; A evolu\u00e7\u00e3o da revis\u00e3o da norma"}]},{"@type":"WebSite","@id":"https:\/\/www.institutodeengenharia.org.br\/site\/#website","url":"https:\/\/www.institutodeengenharia.org.br\/site\/","name":"Instituto de Engenharia","description":"O Instituto de Engenharia promove a Engenharia em benef\u00edcio do desenvolvimento e da qualidade de vida da sociedade.","publisher":{"@id":"https:\/\/www.institutodeengenharia.org.br\/site\/#organization"},"potentialAction":[{"@type":"SearchAction","target":{"@type":"EntryPoint","urlTemplate":"https:\/\/www.institutodeengenharia.org.br\/site\/?s={search_term_string}"},"query-input":{"@type":"PropertyValueSpecification","valueRequired":true,"valueName":"search_term_string"}}],"inLanguage":"pt-BR"},{"@type":"Organization","@id":"https:\/\/www.institutodeengenharia.org.br\/site\/#organization","name":"Instituto de Engenharia","url":"https:\/\/www.institutodeengenharia.org.br\/site\/","logo":{"@type":"ImageObject","inLanguage":"pt-BR","@id":"https:\/\/www.institutodeengenharia.org.br\/site\/#\/schema\/logo\/image\/","url":"https:\/\/www.institutodeengenharia.org.br\/site\/wp-content\/uploads\/2019\/03\/logo-novo-IE2018-1.jpg","contentUrl":"https:\/\/www.institutodeengenharia.org.br\/site\/wp-content\/uploads\/2019\/03\/logo-novo-IE2018-1.jpg","width":1486,"height":1879,"caption":"Instituto de Engenharia"},"image":{"@id":"https:\/\/www.institutodeengenharia.org.br\/site\/#\/schema\/logo\/image\/"},"sameAs":["https:\/\/www.facebook.com\/institutodeengenharia","https:\/\/x.com\/iengenharia","https:\/\/www.instagram.com\/institutodeengenharia\/","https:\/\/www.linkedin.com\/company\/instituto-de-engenharia\/","https:\/\/www.youtube.com\/channel\/UCXiCAlsSMe977vamW915HxA"]},{"@type":"Person","@id":"https:\/\/www.institutodeengenharia.org.br\/site\/#\/schema\/person\/aeb64951c405e100d26d30b033dd423f","name":"Bianca","image":{"@type":"ImageObject","inLanguage":"pt-BR","@id":"https:\/\/secure.gravatar.com\/avatar\/a6fbe9bff57405baf4c1e2c5c1811e072b558253974a9f9508f4678900c97c2a?s=96&d=mm&r=g","url":"https:\/\/secure.gravatar.com\/avatar\/a6fbe9bff57405baf4c1e2c5c1811e072b558253974a9f9508f4678900c97c2a?s=96&d=mm&r=g","contentUrl":"https:\/\/secure.gravatar.com\/avatar\/a6fbe9bff57405baf4c1e2c5c1811e072b558253974a9f9508f4678900c97c2a?s=96&d=mm&r=g","caption":"Bianca"},"url":"https:\/\/www.institutodeengenharia.org.br\/site\/author\/comunicacao1\/"}]}},"_links":{"self":[{"href":"https:\/\/www.institutodeengenharia.org.br\/site\/wp-json\/wp\/v2\/posts\/37793","targetHints":{"allow":["GET"]}}],"collection":[{"href":"https:\/\/www.institutodeengenharia.org.br\/site\/wp-json\/wp\/v2\/posts"}],"about":[{"href":"https:\/\/www.institutodeengenharia.org.br\/site\/wp-json\/wp\/v2\/types\/post"}],"author":[{"embeddable":true,"href":"https:\/\/www.institutodeengenharia.org.br\/site\/wp-json\/wp\/v2\/users\/13"}],"replies":[{"embeddable":true,"href":"https:\/\/www.institutodeengenharia.org.br\/site\/wp-json\/wp\/v2\/comments?post=37793"}],"version-history":[{"count":3,"href":"https:\/\/www.institutodeengenharia.org.br\/site\/wp-json\/wp\/v2\/posts\/37793\/revisions"}],"predecessor-version":[{"id":38333,"href":"https:\/\/www.institutodeengenharia.org.br\/site\/wp-json\/wp\/v2\/posts\/37793\/revisions\/38333"}],"wp:featuredmedia":[{"embeddable":true,"href":"https:\/\/www.institutodeengenharia.org.br\/site\/wp-json\/wp\/v2\/media\/38287"}],"wp:attachment":[{"href":"https:\/\/www.institutodeengenharia.org.br\/site\/wp-json\/wp\/v2\/media?parent=37793"}],"wp:term":[{"taxonomy":"category","embeddable":true,"href":"https:\/\/www.institutodeengenharia.org.br\/site\/wp-json\/wp\/v2\/categories?post=37793"},{"taxonomy":"post_tag","embeddable":true,"href":"https:\/\/www.institutodeengenharia.org.br\/site\/wp-json\/wp\/v2\/tags?post=37793"}],"curies":[{"name":"wp","href":"https:\/\/api.w.org\/{rel}","templated":true}]}}