{"id":37463,"date":"2018-08-27T14:45:05","date_gmt":"2018-08-27T17:45:05","guid":{"rendered":"http:\/\/www.institutodeengenharia.org.br\/site\/?p=37463"},"modified":"2018-08-27T14:45:05","modified_gmt":"2018-08-27T17:45:05","slug":"as-mulheres-que-estao-fazendo-historia-na-industria-automobilistica","status":"publish","type":"post","link":"https:\/\/www.institutodeengenharia.org.br\/site\/2018\/08\/27\/as-mulheres-que-estao-fazendo-historia-na-industria-automobilistica\/","title":{"rendered":"As mulheres que est\u00e3o fazendo hist\u00f3ria na Ind\u00fastria Automobil\u00edstica"},"content":{"rendered":"<p>Que as\u00a0<strong>mulheres v\u00eam ampliando seu espa\u00e7o no mercado de trabalho<\/strong>\u00a0deixou de ser novidade &#8211; e n\u00e3o \u00e9 diferente na ind\u00fastria automobil\u00edstica. O setor,\u00a0historicamente um reduto dominado por homens, rende-se aos nomes femininos que v\u00eam ganhando os holofotes e ultrapassando os preconceitos. Conhe\u00e7a algumas delas.<\/p>\n<p><strong>Ana Theresa Borsari, diretora geral da Peugeot, Citro\u00ebn e DS no Brasil<\/strong><\/p>\n<div class=\"foto componente_materia midia-largura-620\"><img loading=\"lazy\" decoding=\"async\" title=\"Ana Theresa Borsari (Foto: Divulga\u00e7\u00e3o)\" src=\"https:\/\/s2.glbimg.com\/lBjwW8oK_YALB7Vr6sEaKOwmKYA=\/620x466\/e.glbimg.com\/og\/ed\/f\/original\/2018\/03\/08\/media-4088.jpg\" alt=\"Ana Theresa Borsari (Foto: Divulga\u00e7\u00e3o)\" width=\"620\" height=\"466\" \/><label class=\"foto-legenda\">ANA THERESA BORSARI (FOTO: DIVULGA\u00c7\u00c3O)<\/label><\/div>\n<p><strong>Idade:<\/strong>\u00a046 anos<\/p>\n<p><strong>Trajet\u00f3ria:<\/strong>\u00a0Advogada formada pela USP, Borsari ingressou na Peugeot em 1995, passando por v\u00e1rios postos na empresa no Brasil at\u00e9 deixar, em 2010, o cargo de diretora de Marketing para iniciar carreira internacional. Foi diretora geral da Peugeot e Citro\u00ebn na Eslov\u00eania e comandou a Peugeot no sudoeste da Fran\u00e7a.<\/p>\n<p><strong>Hoje:<\/strong>\u00a0Ana Theresa retornou ao Brasil e tornou-se a primeira brasileira a assumir a Dire\u00e7\u00e3o Geral da PSA, que re\u00fane a Peugeot, Citro\u00ebn e DS, em 2015.<\/p>\n<p><strong>Mary Barra, presidente mundial da General Motors Company<\/strong><\/p>\n<div class=\"foto componente_materia midia-largura-620\"><img loading=\"lazy\" decoding=\"async\" title=\"Mary Barra, CEO do grupo General Motors (Foto: General Motors)\" src=\"https:\/\/s2.glbimg.com\/FpMkEcDehBgsIN9ScSEyUZx3b8k=\/620x413\/e.glbimg.com\/og\/ed\/f\/original\/2017\/03\/13\/mary-barra2.jpg\" alt=\"Mary Barra, CEO do grupo General Motors (Foto: General Motors)\" width=\"620\" height=\"413\" \/><label class=\"foto-legenda\">MARY BARRA, CEO DO GRUPO GENERAL MOTORS (FOTO: GENERAL MOTORS)<\/label><\/div>\n<div>\n<p><strong>Idade:<\/strong>\u00a056 anos<\/p>\n<p><strong>Trajet\u00f3ria:<\/strong>\u00a0Engenheira\u00a0el\u00e9trica formada pelo Instituto General Motors (Kettering University),\u00a0 logo ingressou na empresa como estagi\u00e1ria. Sua ascens\u00e3o na companhia ganhou destaque em 2008, quando\u00a0tornou-se vice-presidente Global de Engenharia de Produ\u00e7\u00e3o. No ano seguinte, foi nomeada vice-presidente Mundial de Recursos Humanos, cargo que ocupou at\u00e9 2011, quando foi nomeada vice-presidente executiva de Produtos Globais e Desenvolvimento.<\/p>\n<p><strong>Hoje:\u00a0<\/strong>Primeira mulher a ocupar o cargo mais alto em uma montadora global,\u00a0Mary Barra est\u00e1, desde dezembro de 2013, \u00e0 frente da GM. Ela foi considerada, em 2017, a executiva mais poderosa do mundo pela revista Forbes.<\/p>\n<p><strong>Alicia Boler-Davis, vice-presidente de Manufatura Global e Rela\u00e7\u00f5es de Trabalho da GM<\/strong><\/p>\n<div class=\"foto componente_materia midia-largura-620\"><img loading=\"lazy\" decoding=\"async\" title=\"Alicia Boler-Davis (Foto: Divulga\u00e7\u00e3o)\" src=\"https:\/\/s2.glbimg.com\/FRoRmBtJrItj8pUF_a18KP16SEo=\/620x413\/e.glbimg.com\/og\/ed\/f\/original\/2018\/03\/08\/alicia-boler-davis_gm.jpg\" alt=\"Alicia Boler-Davis (Foto: Divulga\u00e7\u00e3o)\" width=\"620\" height=\"413\" \/><label class=\"foto-legenda\">ALICIA BOLER-DAVIS (FOTO: DIVULGA\u00c7\u00c3O)<\/label><\/div>\n<p><strong>Idade:<\/strong>\u00a048 anos<\/p>\n<p><strong>Trajet\u00f3ria:<\/strong>\u00a0Boler-Davis formou-se em engenharia qu\u00edmica pela Northwestern University (EUA) em 1991. Ingressou na GM em 1994 como engenheira de Fabrica\u00e7\u00e3o e ocupou diversos cargos nas \u00e1reas de Manufatura, Engenharia e Desenvolvimento de Produtos. Em 2012, foi promovida a vice-presidente de Experi\u00eancia do Cliente e, dois anos depois, passou a comandar a \u00e1rea de Qualidade de Produtos em \u00e2mbito global.<\/p>\n<p><strong>Hoje:<\/strong>\u00a0Desde 2016 Alicia atua como vice-presidente executiva de Manufagura Global e Rela\u00e7\u00f5es do Trabalho da GM e tamb\u00e9m \u00e9 membro do Conselho de Administra\u00e7\u00e3o da GM Korea. Em fevereiro de 2018, tornou-se a sexta mulher a receber o pr\u00eamio de \u201cEngenheiro Negro do Ano\u201d por sua contribui\u00e7\u00e3o \u00e0 ci\u00eancia, tecnologia, engenharia e matem\u00e1tica.<\/p>\n<p><strong>Linda Hasenfratz, diretora-executiva da Linamar<\/strong><\/p>\n<div class=\"foto componente_materia midia-largura-620\"><img loading=\"lazy\" decoding=\"async\" title=\"Linda Hasenfratz (Foto: Divulga\u00e7\u00e3o)\" src=\"https:\/\/s2.glbimg.com\/opusq9SJMB_nIj_OQqHGusj-TIw=\/620x413\/e.glbimg.com\/og\/ed\/f\/original\/2018\/03\/08\/linda-hasenfratz-ceo-linamar-by-anya-chibis-compressor.jpg\" alt=\"Linda Hasenfratz (Foto: Divulga\u00e7\u00e3o)\" width=\"620\" height=\"413\" \/><label class=\"foto-legenda\">LINDA HASENFRATZ (FOTO: DIVULGA\u00c7\u00c3O)<\/label><\/div>\n<p><strong>Idade:\u00a0<\/strong>52 anos<\/p>\n<p><strong>Trajet\u00f3ria:<\/strong>\u00a0Linda \u00e9 filha de Frank Hasenfratz, fundador da Linamar \u2013 uma das maiores fabricantes de autope\u00e7as do Canad\u00e1. Ap\u00f3s se formar no Western, ela inicialmente recusou a oferta do pai para trabalhar no neg\u00f3cio da fam\u00edlia. Ingressou na companhia em 1990 como operadora de m\u00e1quinas. Assumiu a Diretoria de Opera\u00e7\u00f5es em 1997.<\/p>\n<p><strong>Hoje:<\/strong>\u00a0Em 2002, tornou-se a chefe-executiva da companhia e, hoje, comanda a Produ\u00e7\u00e3o em 13 pa\u00edses espalhados por \u00c1sia, Am\u00e9rica do Norte e Europa. Em 2015, foi inclu\u00edda no Canadian Business Hall of Fame e venceu o Pr\u00eamio Nacional EY de Empreendedorismo em 2014.<\/p>\n<p><strong>Trudy Hardy, vice-presidente de marketing da BMW da Am\u00e9rica do Norte<\/strong><\/p>\n<div class=\"foto componente_materia midia-largura-620\"><img loading=\"lazy\" decoding=\"async\" title=\"Trudy Hardy (Foto: Divulga\u00e7\u00e3o)\" src=\"https:\/\/s2.glbimg.com\/zYzVVQ71pukggT05DgnFE2x92Is=\/620x413\/e.glbimg.com\/og\/ed\/f\/original\/2018\/03\/08\/trudy_hardy_bmw_headshot.jpg\" alt=\"Trudy Hardy (Foto: Divulga\u00e7\u00e3o)\" width=\"620\" height=\"413\" \/><label class=\"foto-legenda\">TRUDY HARDY (FOTO: DIVULGA\u00c7\u00c3O)<\/label><\/div>\n<p><strong>Trajet\u00f3ria:<\/strong>\u00a0Formada em Ci\u00eancia e Administra\u00e7\u00e3o Comercial na Ramapo College, em Nova Jersey (EUA), Trudy Hardy tamb\u00e9m fez especializa\u00e7\u00e3o em Comunica\u00e7\u00e3o Estrat\u00e9gica na Northwestern University. Trabalhou na Jaguar como executiva de Comunica\u00e7\u00e3o (1995-2001) e foi contratada pela BMW como gerente de Comunica\u00e7\u00e3o da Mini em 2001. Dois anos depois assumiu a \u00e1rea de Marketing P\u00f3s-Venda e, em 2005, foi promovida a diretora de Marketing &#8211; ocupando o mesmo cargo na BMW a partir de 2010.<\/p>\n<p><strong>Hoje:<\/strong>\u00a0Desde 2013 ocupa o cargo de vice-presidente de Marketing da BMW norte-americana, comandando toda a \u00e1rea de Planejamento, Comunica\u00e7\u00e3o Externa, M\u00eddia Digital e Marketing Digital.<\/p>\n<p><strong>Elena Ford, vice-presidente de Com\u00e9rcio Global e Experi\u00eancia do Consumidor da Ford<\/strong><\/p>\n<div class=\"foto componente_materia midia-largura-620\"><img loading=\"lazy\" decoding=\"async\" title=\"Elena Ford (Foto: Divulga\u00e7\u00e3o)\" src=\"https:\/\/s2.glbimg.com\/YQxp74qBN0GZayHX7BTgh8LDtvM=\/620x413\/e.glbimg.com\/og\/ed\/f\/original\/2018\/03\/08\/elenaford_01_hr-16_9.jpg\" alt=\"Elena Ford (Foto: Divulga\u00e7\u00e3o)\" width=\"620\" height=\"413\" \/><label class=\"foto-legenda\">ELENA FORD (FOTO: DIVULGA\u00c7\u00c3O)<\/label><\/div>\n<p><strong>Idade:<\/strong>\u00a052 anos<\/p>\n<p><strong>Trajet\u00f3ria:<\/strong>\u00a0Elena Anne Ford-Niarchos nasceu em Nova Iorque (EUA) e \u00e9 bisneta do fundador da montadora, Henry Ford. Na \u00e1rea acad\u00eamica \u00e9 graduada em Administra\u00e7\u00e3o de Empresas pela Universidade de Nova Iorque. Entrou para a empresa da fam\u00edlia em 1995 e, desde ent\u00e3o, ocupou diversos cargos, como diretora de Marketing na Am\u00e9rica do Norte e diretora de Estrat\u00e9gia de Neg\u00f3cios e Opera\u00e7\u00e3o Internacional, dentre outras.<\/p>\n<p><strong>Hoje:<\/strong>\u00a0Foi promovida a vice-presidente em 2013, primeira mulher da fam\u00edlia a ocupar um alto cargo executivo dentro da companhia. Respons\u00e1vel pelo setor de Marketing, Vendas e Servi\u00e7os,\u00a0ela ainda atua nos conselhos do Instituto Josephine Ford Cancer e do Hospital Henry Ford.<\/p>\n<p><strong>Linda Jackson, diretora-executiva da Citro\u00ebn<\/strong><\/p>\n<div class=\"foto componente_materia midia-largura-620\"><img loading=\"lazy\" decoding=\"async\" title=\"Linda Jackson (Foto: Divulga\u00e7\u00e3o)\" src=\"https:\/\/s2.glbimg.com\/czFqktM5QA6m0JLd-3FUtDZIgIM=\/e.glbimg.com\/og\/ed\/f\/original\/2018\/03\/08\/5658c20bcc505d1bd78c0113citroen-linda-jackson-ceo.jpeg\" alt=\"Linda Jackson (Foto: Divulga\u00e7\u00e3o)\" width=\"620\" height=\"350\" \/><label class=\"foto-legenda\">LINDA JACKSON (FOTO: DIVULGA\u00c7\u00c3O)<\/label><\/div>\n<p><strong>Idade:<\/strong>\u00a059 anos<\/p>\n<p><strong>Trajet\u00f3ria:\u00a0<\/strong>Jackson, que tem MBA na Universidade de Warmick (UK), \u00e9 brit\u00e2nica, mas atualmente seu nome est\u00e1 associado a uma marca francesa. Com in\u00edcio em 1977 na Jaguar, a executiva ocupou diversos cargos em Finan\u00e7as e Vendas na MG Rover Europe entre 1977 e 2004. Foi contratada pela Citro\u00ebn em 2005, onde atuou como diretora de Finan\u00e7as e diretora geral da Opera\u00e7\u00e3o no Reino Unido e Irlanda.<\/p>\n<p><strong>Hoje:\u00a0<\/strong>Assumiu o cargo de CEO da marca em junho de 2014. Foi eleita a brit\u00e2nica mais influente no mercado automotivo em 2017 pela Auto Express.<\/p>\n<p><strong>Claire Williams, vice-diretora de equipe da Williams na F1<\/strong><\/p>\n<div class=\"foto componente_materia midia-largura-620\"><img loading=\"lazy\" decoding=\"async\" title=\"Claire Williams (Foto: Divulga\u00e7\u00e3o)\" src=\"https:\/\/s2.glbimg.com\/PlucWJOB7ljvTDJRj9ulPnqzt2A=\/620x413\/e.glbimg.com\/og\/ed\/f\/original\/2018\/03\/08\/claire-williams-main-pa-xlarge_trans_nvbqzqnjv4bqcb15d5j-aie0rvtzu-gw0et49l-e9yhotgernabusn0.jpg\" alt=\"Claire Williams (Foto: Divulga\u00e7\u00e3o)\" width=\"620\" height=\"413\" \/><label class=\"foto-legenda\">CLAIRE WILLIAMS (FOTO: DIVULGA\u00c7\u00c3O)<\/label><\/div>\n<p><strong>Idade:<\/strong>\u00a041 anos<\/p>\n<p><strong>Trajet\u00f3ria:\u00a0<\/strong>Claire \u00e9 filha do fundador da equipe Williams de F\u00f3rmula 1, sir Frank Williams. Formou-se em Ci\u00eancia Pol\u00edtica, em 1999, na Universidade de Newcastle.<\/p>\n<p><strong>Trajet\u00f3ria:<\/strong>\u00a0Ap\u00f3s a formatura, Claire Williams tornou-se assessora de Imprensa do circuito ingl\u00eas de Silverstone, passando a atuar na mesma fun\u00e7\u00e3o na equipe Williams no ano seguinte. Em 2010, tornou-se chefe de Comunica\u00e7\u00e3o e, em 2011, foi promovida a diretora de Marketing e Comunica\u00e7\u00f5es. Quando seu pai, Frank, deixou o conselho do grupo Williams em mar\u00e7o de 2012, Claire assumiu o posto de representante da fam\u00edlia.<\/p>\n<p><strong>Hoje:<\/strong>\u00a0Em mar\u00e7o de 2013, foi nomeada vice-diretora da equipe de corrida Williams F1,\u00a0mantendo a responsabilidade pelo Marketing, Comunica\u00e7\u00f5es e Comercial. Em 2016 foi nomeada oficial da Ordem do Imp\u00e9rio Brit\u00e2nico (OBE).<\/p>\n<p><em>Fonte Auto Esporte<\/em><\/p>\n<\/div>\n","protected":false},"excerpt":{"rendered":"<p>Que as\u00a0mulheres v\u00eam ampliando seu espa\u00e7o no mercado de trabalho\u00a0deixou de ser novidade &#8211; e n\u00e3o \u00e9 diferente na ind\u00fastria automobil\u00edstica. O setor,\u00a0historicamente um reduto dominado por homens, rende-se aos nomes femininos que v\u00eam ganhando os holofotes e ultrapassando os preconceitos. Conhe\u00e7a algumas delas. Ana Theresa Borsari, diretora geral da Peugeot, Citro\u00ebn e DS no [&hellip;]<\/p>\n","protected":false},"author":13,"featured_media":37464,"comment_status":"open","ping_status":"open","sticky":false,"template":"","format":"standard","meta":{"footnotes":""},"categories":[936,6],"tags":[],"class_list":{"0":"post-37463","1":"post","2":"type-post","3":"status-publish","4":"format-standard","5":"has-post-thumbnail","7":"category-mulher","8":"category-noticias"},"yoast_head":"<!-- This site is optimized with the Yoast SEO plugin v27.2 - https:\/\/yoast.com\/product\/yoast-seo-wordpress\/ -->\n<title>As mulheres que est\u00e3o fazendo hist\u00f3ria na Ind\u00fastria Automobil\u00edstica - Instituto de Engenharia<\/title>\n<meta name=\"robots\" content=\"index, follow, max-snippet:-1, max-image-preview:large, max-video-preview:-1\" \/>\n<link rel=\"canonical\" href=\"https:\/\/www.institutodeengenharia.org.br\/site\/2018\/08\/27\/as-mulheres-que-estao-fazendo-historia-na-industria-automobilistica\/\" \/>\n<meta property=\"og:locale\" content=\"pt_BR\" \/>\n<meta property=\"og:type\" content=\"article\" \/>\n<meta property=\"og:title\" content=\"As mulheres que est\u00e3o fazendo hist\u00f3ria na Ind\u00fastria Automobil\u00edstica - Instituto de Engenharia\" \/>\n<meta property=\"og:description\" content=\"Que as\u00a0mulheres v\u00eam ampliando seu espa\u00e7o no mercado de trabalho\u00a0deixou de ser novidade &#8211; e n\u00e3o \u00e9 diferente na ind\u00fastria automobil\u00edstica. O setor,\u00a0historicamente um reduto dominado por homens, rende-se aos nomes femininos que v\u00eam ganhando os holofotes e ultrapassando os preconceitos. Conhe\u00e7a algumas delas. Ana Theresa Borsari, diretora geral da Peugeot, Citro\u00ebn e DS no [&hellip;]\" \/>\n<meta property=\"og:url\" content=\"https:\/\/www.institutodeengenharia.org.br\/site\/2018\/08\/27\/as-mulheres-que-estao-fazendo-historia-na-industria-automobilistica\/\" \/>\n<meta property=\"og:site_name\" content=\"Instituto de Engenharia\" \/>\n<meta property=\"article:publisher\" content=\"https:\/\/www.facebook.com\/institutodeengenharia\" \/>\n<meta property=\"article:published_time\" content=\"2018-08-27T17:45:05+00:00\" \/>\n<meta property=\"og:image\" content=\"https:\/\/www.institutodeengenharia.org.br\/site\/wp-content\/uploads\/2018\/08\/linda-hasenfratz-ceo-linamar-by-anya-chibis-compressor.jpg\" \/>\n\t<meta property=\"og:image:width\" content=\"620\" \/>\n\t<meta property=\"og:image:height\" content=\"413\" \/>\n\t<meta property=\"og:image:type\" content=\"image\/jpeg\" \/>\n<meta name=\"author\" content=\"Bianca\" \/>\n<meta name=\"twitter:card\" content=\"summary_large_image\" \/>\n<meta name=\"twitter:creator\" content=\"@iengenharia\" \/>\n<meta name=\"twitter:site\" content=\"@iengenharia\" \/>\n<meta name=\"twitter:label1\" content=\"Escrito por\" \/>\n\t<meta name=\"twitter:data1\" content=\"Bianca\" \/>\n\t<meta name=\"twitter:label2\" content=\"Est. tempo de leitura\" \/>\n\t<meta name=\"twitter:data2\" content=\"5 minutos\" \/>\n<script type=\"application\/ld+json\" class=\"yoast-schema-graph\">{\"@context\":\"https:\/\/schema.org\",\"@graph\":[{\"@type\":\"Article\",\"@id\":\"https:\/\/www.institutodeengenharia.org.br\/site\/2018\/08\/27\/as-mulheres-que-estao-fazendo-historia-na-industria-automobilistica\/#article\",\"isPartOf\":{\"@id\":\"https:\/\/www.institutodeengenharia.org.br\/site\/2018\/08\/27\/as-mulheres-que-estao-fazendo-historia-na-industria-automobilistica\/\"},\"author\":{\"name\":\"Bianca\",\"@id\":\"https:\/\/www.institutodeengenharia.org.br\/site\/#\/schema\/person\/aeb64951c405e100d26d30b033dd423f\"},\"headline\":\"As mulheres que est\u00e3o fazendo hist\u00f3ria na Ind\u00fastria Automobil\u00edstica\",\"datePublished\":\"2018-08-27T17:45:05+00:00\",\"mainEntityOfPage\":{\"@id\":\"https:\/\/www.institutodeengenharia.org.br\/site\/2018\/08\/27\/as-mulheres-que-estao-fazendo-historia-na-industria-automobilistica\/\"},\"wordCount\":1056,\"commentCount\":0,\"publisher\":{\"@id\":\"https:\/\/www.institutodeengenharia.org.br\/site\/#organization\"},\"image\":{\"@id\":\"https:\/\/www.institutodeengenharia.org.br\/site\/2018\/08\/27\/as-mulheres-que-estao-fazendo-historia-na-industria-automobilistica\/#primaryimage\"},\"thumbnailUrl\":\"https:\/\/www.institutodeengenharia.org.br\/site\/wp-content\/uploads\/2018\/08\/linda-hasenfratz-ceo-linamar-by-anya-chibis-compressor.jpg\",\"articleSection\":[\"Mulher\",\"Not\u00edcias\"],\"inLanguage\":\"pt-BR\",\"potentialAction\":[{\"@type\":\"CommentAction\",\"name\":\"Comment\",\"target\":[\"https:\/\/www.institutodeengenharia.org.br\/site\/2018\/08\/27\/as-mulheres-que-estao-fazendo-historia-na-industria-automobilistica\/#respond\"]}]},{\"@type\":\"WebPage\",\"@id\":\"https:\/\/www.institutodeengenharia.org.br\/site\/2018\/08\/27\/as-mulheres-que-estao-fazendo-historia-na-industria-automobilistica\/\",\"url\":\"https:\/\/www.institutodeengenharia.org.br\/site\/2018\/08\/27\/as-mulheres-que-estao-fazendo-historia-na-industria-automobilistica\/\",\"name\":\"As mulheres que est\u00e3o fazendo hist\u00f3ria na Ind\u00fastria Automobil\u00edstica - Instituto de Engenharia\",\"isPartOf\":{\"@id\":\"https:\/\/www.institutodeengenharia.org.br\/site\/#website\"},\"primaryImageOfPage\":{\"@id\":\"https:\/\/www.institutodeengenharia.org.br\/site\/2018\/08\/27\/as-mulheres-que-estao-fazendo-historia-na-industria-automobilistica\/#primaryimage\"},\"image\":{\"@id\":\"https:\/\/www.institutodeengenharia.org.br\/site\/2018\/08\/27\/as-mulheres-que-estao-fazendo-historia-na-industria-automobilistica\/#primaryimage\"},\"thumbnailUrl\":\"https:\/\/www.institutodeengenharia.org.br\/site\/wp-content\/uploads\/2018\/08\/linda-hasenfratz-ceo-linamar-by-anya-chibis-compressor.jpg\",\"datePublished\":\"2018-08-27T17:45:05+00:00\",\"breadcrumb\":{\"@id\":\"https:\/\/www.institutodeengenharia.org.br\/site\/2018\/08\/27\/as-mulheres-que-estao-fazendo-historia-na-industria-automobilistica\/#breadcrumb\"},\"inLanguage\":\"pt-BR\",\"potentialAction\":[{\"@type\":\"ReadAction\",\"target\":[\"https:\/\/www.institutodeengenharia.org.br\/site\/2018\/08\/27\/as-mulheres-que-estao-fazendo-historia-na-industria-automobilistica\/\"]}]},{\"@type\":\"ImageObject\",\"inLanguage\":\"pt-BR\",\"@id\":\"https:\/\/www.institutodeengenharia.org.br\/site\/2018\/08\/27\/as-mulheres-que-estao-fazendo-historia-na-industria-automobilistica\/#primaryimage\",\"url\":\"https:\/\/www.institutodeengenharia.org.br\/site\/wp-content\/uploads\/2018\/08\/linda-hasenfratz-ceo-linamar-by-anya-chibis-compressor.jpg\",\"contentUrl\":\"https:\/\/www.institutodeengenharia.org.br\/site\/wp-content\/uploads\/2018\/08\/linda-hasenfratz-ceo-linamar-by-anya-chibis-compressor.jpg\",\"width\":620,\"height\":413},{\"@type\":\"BreadcrumbList\",\"@id\":\"https:\/\/www.institutodeengenharia.org.br\/site\/2018\/08\/27\/as-mulheres-que-estao-fazendo-historia-na-industria-automobilistica\/#breadcrumb\",\"itemListElement\":[{\"@type\":\"ListItem\",\"position\":1,\"name\":\"In\u00edcio\",\"item\":\"https:\/\/www.institutodeengenharia.org.br\/site\/\"},{\"@type\":\"ListItem\",\"position\":2,\"name\":\"As mulheres que est\u00e3o fazendo hist\u00f3ria na Ind\u00fastria Automobil\u00edstica\"}]},{\"@type\":\"WebSite\",\"@id\":\"https:\/\/www.institutodeengenharia.org.br\/site\/#website\",\"url\":\"https:\/\/www.institutodeengenharia.org.br\/site\/\",\"name\":\"Instituto de Engenharia\",\"description\":\"O Instituto de Engenharia promove a Engenharia em benef\u00edcio do desenvolvimento e da qualidade de vida da sociedade.\",\"publisher\":{\"@id\":\"https:\/\/www.institutodeengenharia.org.br\/site\/#organization\"},\"potentialAction\":[{\"@type\":\"SearchAction\",\"target\":{\"@type\":\"EntryPoint\",\"urlTemplate\":\"https:\/\/www.institutodeengenharia.org.br\/site\/?s={search_term_string}\"},\"query-input\":{\"@type\":\"PropertyValueSpecification\",\"valueRequired\":true,\"valueName\":\"search_term_string\"}}],\"inLanguage\":\"pt-BR\"},{\"@type\":\"Organization\",\"@id\":\"https:\/\/www.institutodeengenharia.org.br\/site\/#organization\",\"name\":\"Instituto de Engenharia\",\"url\":\"https:\/\/www.institutodeengenharia.org.br\/site\/\",\"logo\":{\"@type\":\"ImageObject\",\"inLanguage\":\"pt-BR\",\"@id\":\"https:\/\/www.institutodeengenharia.org.br\/site\/#\/schema\/logo\/image\/\",\"url\":\"https:\/\/www.institutodeengenharia.org.br\/site\/wp-content\/uploads\/2019\/03\/logo-novo-IE2018-1.jpg\",\"contentUrl\":\"https:\/\/www.institutodeengenharia.org.br\/site\/wp-content\/uploads\/2019\/03\/logo-novo-IE2018-1.jpg\",\"width\":1486,\"height\":1879,\"caption\":\"Instituto de Engenharia\"},\"image\":{\"@id\":\"https:\/\/www.institutodeengenharia.org.br\/site\/#\/schema\/logo\/image\/\"},\"sameAs\":[\"https:\/\/www.facebook.com\/institutodeengenharia\",\"https:\/\/x.com\/iengenharia\",\"https:\/\/www.instagram.com\/institutodeengenharia\/\",\"https:\/\/www.linkedin.com\/company\/instituto-de-engenharia\/\",\"https:\/\/www.youtube.com\/channel\/UCXiCAlsSMe977vamW915HxA\"]},{\"@type\":\"Person\",\"@id\":\"https:\/\/www.institutodeengenharia.org.br\/site\/#\/schema\/person\/aeb64951c405e100d26d30b033dd423f\",\"name\":\"Bianca\",\"image\":{\"@type\":\"ImageObject\",\"inLanguage\":\"pt-BR\",\"@id\":\"https:\/\/secure.gravatar.com\/avatar\/a6fbe9bff57405baf4c1e2c5c1811e072b558253974a9f9508f4678900c97c2a?s=96&d=mm&r=g\",\"url\":\"https:\/\/secure.gravatar.com\/avatar\/a6fbe9bff57405baf4c1e2c5c1811e072b558253974a9f9508f4678900c97c2a?s=96&d=mm&r=g\",\"contentUrl\":\"https:\/\/secure.gravatar.com\/avatar\/a6fbe9bff57405baf4c1e2c5c1811e072b558253974a9f9508f4678900c97c2a?s=96&d=mm&r=g\",\"caption\":\"Bianca\"},\"url\":\"https:\/\/www.institutodeengenharia.org.br\/site\/author\/comunicacao1\/\"}]}<\/script>\n<!-- \/ Yoast SEO plugin. -->","yoast_head_json":{"title":"As mulheres que est\u00e3o fazendo hist\u00f3ria na Ind\u00fastria Automobil\u00edstica - Instituto de Engenharia","robots":{"index":"index","follow":"follow","max-snippet":"max-snippet:-1","max-image-preview":"max-image-preview:large","max-video-preview":"max-video-preview:-1"},"canonical":"https:\/\/www.institutodeengenharia.org.br\/site\/2018\/08\/27\/as-mulheres-que-estao-fazendo-historia-na-industria-automobilistica\/","og_locale":"pt_BR","og_type":"article","og_title":"As mulheres que est\u00e3o fazendo hist\u00f3ria na Ind\u00fastria Automobil\u00edstica - Instituto de Engenharia","og_description":"Que as\u00a0mulheres v\u00eam ampliando seu espa\u00e7o no mercado de trabalho\u00a0deixou de ser novidade &#8211; e n\u00e3o \u00e9 diferente na ind\u00fastria automobil\u00edstica. O setor,\u00a0historicamente um reduto dominado por homens, rende-se aos nomes femininos que v\u00eam ganhando os holofotes e ultrapassando os preconceitos. Conhe\u00e7a algumas delas. Ana Theresa Borsari, diretora geral da Peugeot, Citro\u00ebn e DS no [&hellip;]","og_url":"https:\/\/www.institutodeengenharia.org.br\/site\/2018\/08\/27\/as-mulheres-que-estao-fazendo-historia-na-industria-automobilistica\/","og_site_name":"Instituto de Engenharia","article_publisher":"https:\/\/www.facebook.com\/institutodeengenharia","article_published_time":"2018-08-27T17:45:05+00:00","og_image":[{"width":620,"height":413,"url":"https:\/\/www.institutodeengenharia.org.br\/site\/wp-content\/uploads\/2018\/08\/linda-hasenfratz-ceo-linamar-by-anya-chibis-compressor.jpg","type":"image\/jpeg"}],"author":"Bianca","twitter_card":"summary_large_image","twitter_creator":"@iengenharia","twitter_site":"@iengenharia","twitter_misc":{"Escrito por":"Bianca","Est. tempo de leitura":"5 minutos"},"schema":{"@context":"https:\/\/schema.org","@graph":[{"@type":"Article","@id":"https:\/\/www.institutodeengenharia.org.br\/site\/2018\/08\/27\/as-mulheres-que-estao-fazendo-historia-na-industria-automobilistica\/#article","isPartOf":{"@id":"https:\/\/www.institutodeengenharia.org.br\/site\/2018\/08\/27\/as-mulheres-que-estao-fazendo-historia-na-industria-automobilistica\/"},"author":{"name":"Bianca","@id":"https:\/\/www.institutodeengenharia.org.br\/site\/#\/schema\/person\/aeb64951c405e100d26d30b033dd423f"},"headline":"As mulheres que est\u00e3o fazendo hist\u00f3ria na Ind\u00fastria Automobil\u00edstica","datePublished":"2018-08-27T17:45:05+00:00","mainEntityOfPage":{"@id":"https:\/\/www.institutodeengenharia.org.br\/site\/2018\/08\/27\/as-mulheres-que-estao-fazendo-historia-na-industria-automobilistica\/"},"wordCount":1056,"commentCount":0,"publisher":{"@id":"https:\/\/www.institutodeengenharia.org.br\/site\/#organization"},"image":{"@id":"https:\/\/www.institutodeengenharia.org.br\/site\/2018\/08\/27\/as-mulheres-que-estao-fazendo-historia-na-industria-automobilistica\/#primaryimage"},"thumbnailUrl":"https:\/\/www.institutodeengenharia.org.br\/site\/wp-content\/uploads\/2018\/08\/linda-hasenfratz-ceo-linamar-by-anya-chibis-compressor.jpg","articleSection":["Mulher","Not\u00edcias"],"inLanguage":"pt-BR","potentialAction":[{"@type":"CommentAction","name":"Comment","target":["https:\/\/www.institutodeengenharia.org.br\/site\/2018\/08\/27\/as-mulheres-que-estao-fazendo-historia-na-industria-automobilistica\/#respond"]}]},{"@type":"WebPage","@id":"https:\/\/www.institutodeengenharia.org.br\/site\/2018\/08\/27\/as-mulheres-que-estao-fazendo-historia-na-industria-automobilistica\/","url":"https:\/\/www.institutodeengenharia.org.br\/site\/2018\/08\/27\/as-mulheres-que-estao-fazendo-historia-na-industria-automobilistica\/","name":"As mulheres que est\u00e3o fazendo hist\u00f3ria na Ind\u00fastria Automobil\u00edstica - Instituto de Engenharia","isPartOf":{"@id":"https:\/\/www.institutodeengenharia.org.br\/site\/#website"},"primaryImageOfPage":{"@id":"https:\/\/www.institutodeengenharia.org.br\/site\/2018\/08\/27\/as-mulheres-que-estao-fazendo-historia-na-industria-automobilistica\/#primaryimage"},"image":{"@id":"https:\/\/www.institutodeengenharia.org.br\/site\/2018\/08\/27\/as-mulheres-que-estao-fazendo-historia-na-industria-automobilistica\/#primaryimage"},"thumbnailUrl":"https:\/\/www.institutodeengenharia.org.br\/site\/wp-content\/uploads\/2018\/08\/linda-hasenfratz-ceo-linamar-by-anya-chibis-compressor.jpg","datePublished":"2018-08-27T17:45:05+00:00","breadcrumb":{"@id":"https:\/\/www.institutodeengenharia.org.br\/site\/2018\/08\/27\/as-mulheres-que-estao-fazendo-historia-na-industria-automobilistica\/#breadcrumb"},"inLanguage":"pt-BR","potentialAction":[{"@type":"ReadAction","target":["https:\/\/www.institutodeengenharia.org.br\/site\/2018\/08\/27\/as-mulheres-que-estao-fazendo-historia-na-industria-automobilistica\/"]}]},{"@type":"ImageObject","inLanguage":"pt-BR","@id":"https:\/\/www.institutodeengenharia.org.br\/site\/2018\/08\/27\/as-mulheres-que-estao-fazendo-historia-na-industria-automobilistica\/#primaryimage","url":"https:\/\/www.institutodeengenharia.org.br\/site\/wp-content\/uploads\/2018\/08\/linda-hasenfratz-ceo-linamar-by-anya-chibis-compressor.jpg","contentUrl":"https:\/\/www.institutodeengenharia.org.br\/site\/wp-content\/uploads\/2018\/08\/linda-hasenfratz-ceo-linamar-by-anya-chibis-compressor.jpg","width":620,"height":413},{"@type":"BreadcrumbList","@id":"https:\/\/www.institutodeengenharia.org.br\/site\/2018\/08\/27\/as-mulheres-que-estao-fazendo-historia-na-industria-automobilistica\/#breadcrumb","itemListElement":[{"@type":"ListItem","position":1,"name":"In\u00edcio","item":"https:\/\/www.institutodeengenharia.org.br\/site\/"},{"@type":"ListItem","position":2,"name":"As mulheres que est\u00e3o fazendo hist\u00f3ria na Ind\u00fastria Automobil\u00edstica"}]},{"@type":"WebSite","@id":"https:\/\/www.institutodeengenharia.org.br\/site\/#website","url":"https:\/\/www.institutodeengenharia.org.br\/site\/","name":"Instituto de Engenharia","description":"O Instituto de Engenharia promove a Engenharia em benef\u00edcio do desenvolvimento e da qualidade de vida da sociedade.","publisher":{"@id":"https:\/\/www.institutodeengenharia.org.br\/site\/#organization"},"potentialAction":[{"@type":"SearchAction","target":{"@type":"EntryPoint","urlTemplate":"https:\/\/www.institutodeengenharia.org.br\/site\/?s={search_term_string}"},"query-input":{"@type":"PropertyValueSpecification","valueRequired":true,"valueName":"search_term_string"}}],"inLanguage":"pt-BR"},{"@type":"Organization","@id":"https:\/\/www.institutodeengenharia.org.br\/site\/#organization","name":"Instituto de Engenharia","url":"https:\/\/www.institutodeengenharia.org.br\/site\/","logo":{"@type":"ImageObject","inLanguage":"pt-BR","@id":"https:\/\/www.institutodeengenharia.org.br\/site\/#\/schema\/logo\/image\/","url":"https:\/\/www.institutodeengenharia.org.br\/site\/wp-content\/uploads\/2019\/03\/logo-novo-IE2018-1.jpg","contentUrl":"https:\/\/www.institutodeengenharia.org.br\/site\/wp-content\/uploads\/2019\/03\/logo-novo-IE2018-1.jpg","width":1486,"height":1879,"caption":"Instituto de Engenharia"},"image":{"@id":"https:\/\/www.institutodeengenharia.org.br\/site\/#\/schema\/logo\/image\/"},"sameAs":["https:\/\/www.facebook.com\/institutodeengenharia","https:\/\/x.com\/iengenharia","https:\/\/www.instagram.com\/institutodeengenharia\/","https:\/\/www.linkedin.com\/company\/instituto-de-engenharia\/","https:\/\/www.youtube.com\/channel\/UCXiCAlsSMe977vamW915HxA"]},{"@type":"Person","@id":"https:\/\/www.institutodeengenharia.org.br\/site\/#\/schema\/person\/aeb64951c405e100d26d30b033dd423f","name":"Bianca","image":{"@type":"ImageObject","inLanguage":"pt-BR","@id":"https:\/\/secure.gravatar.com\/avatar\/a6fbe9bff57405baf4c1e2c5c1811e072b558253974a9f9508f4678900c97c2a?s=96&d=mm&r=g","url":"https:\/\/secure.gravatar.com\/avatar\/a6fbe9bff57405baf4c1e2c5c1811e072b558253974a9f9508f4678900c97c2a?s=96&d=mm&r=g","contentUrl":"https:\/\/secure.gravatar.com\/avatar\/a6fbe9bff57405baf4c1e2c5c1811e072b558253974a9f9508f4678900c97c2a?s=96&d=mm&r=g","caption":"Bianca"},"url":"https:\/\/www.institutodeengenharia.org.br\/site\/author\/comunicacao1\/"}]}},"_links":{"self":[{"href":"https:\/\/www.institutodeengenharia.org.br\/site\/wp-json\/wp\/v2\/posts\/37463","targetHints":{"allow":["GET"]}}],"collection":[{"href":"https:\/\/www.institutodeengenharia.org.br\/site\/wp-json\/wp\/v2\/posts"}],"about":[{"href":"https:\/\/www.institutodeengenharia.org.br\/site\/wp-json\/wp\/v2\/types\/post"}],"author":[{"embeddable":true,"href":"https:\/\/www.institutodeengenharia.org.br\/site\/wp-json\/wp\/v2\/users\/13"}],"replies":[{"embeddable":true,"href":"https:\/\/www.institutodeengenharia.org.br\/site\/wp-json\/wp\/v2\/comments?post=37463"}],"version-history":[{"count":1,"href":"https:\/\/www.institutodeengenharia.org.br\/site\/wp-json\/wp\/v2\/posts\/37463\/revisions"}],"predecessor-version":[{"id":37465,"href":"https:\/\/www.institutodeengenharia.org.br\/site\/wp-json\/wp\/v2\/posts\/37463\/revisions\/37465"}],"wp:featuredmedia":[{"embeddable":true,"href":"https:\/\/www.institutodeengenharia.org.br\/site\/wp-json\/wp\/v2\/media\/37464"}],"wp:attachment":[{"href":"https:\/\/www.institutodeengenharia.org.br\/site\/wp-json\/wp\/v2\/media?parent=37463"}],"wp:term":[{"taxonomy":"category","embeddable":true,"href":"https:\/\/www.institutodeengenharia.org.br\/site\/wp-json\/wp\/v2\/categories?post=37463"},{"taxonomy":"post_tag","embeddable":true,"href":"https:\/\/www.institutodeengenharia.org.br\/site\/wp-json\/wp\/v2\/tags?post=37463"}],"curies":[{"name":"wp","href":"https:\/\/api.w.org\/{rel}","templated":true}]}}