{"id":37430,"date":"2018-08-23T10:00:32","date_gmt":"2018-08-23T13:00:32","guid":{"rendered":"http:\/\/www.institutodeengenharia.org.br\/site\/?p=37430"},"modified":"2018-08-24T15:57:22","modified_gmt":"2018-08-24T18:57:22","slug":"estudantes-paulistas-criam-tijolo-ecologico-que-evita-emissao-de-co2-durante-processo-de-fabricacao","status":"publish","type":"post","link":"https:\/\/www.institutodeengenharia.org.br\/site\/2018\/08\/23\/estudantes-paulistas-criam-tijolo-ecologico-que-evita-emissao-de-co2-durante-processo-de-fabricacao\/","title":{"rendered":"Estudantes paulistas criam tijolo ecol\u00f3gico que evita emiss\u00e3o de CO2 durante processo de fabrica\u00e7\u00e3o"},"content":{"rendered":"<p>A <strong>constru\u00e7\u00e3o civil<\/strong> \u00e9 uma das atividades humanas apontadas como uma das principais respons\u00e1veis pela<strong>emiss\u00e3o de gases de efeito estufa<\/strong> na atmosfera da Terra. O\u00a0setor n\u00e3o somente consome um volume enorme de recursos naturais e energia, como\u00a0gera uma quantidade ainda maior de <strong>res\u00edduos<\/strong>.<\/p>\n<p>E a fabrica\u00e7\u00e3o de tijolos est\u00e1 entre os grandes problemas desse mercado, ent\u00e3o, qualquer novidade mais sustent\u00e1vel \u00e9 sempre bem-vinda.<\/p>\n<p>Um grupo de estudantes do Instituto Mau\u00e1 de Tecnologia (IMT), em S\u00e3o Paulo, desenvolveu um <strong>tijolo ecol\u00f3gico<\/strong>. \u201cEle \u00e9 composto de cimento, solo arenoso e \u00e1gua, apenas\u201d, explica Gabriel Cattaruzzi, presidente do grupo Enactus Mau\u00e1, respons\u00e1vel pelo projeto. \u201cEste tipo de tijolo \u00e9 ecol\u00f3gico pois n\u00e3o vai para o forno como o convencional, evitando a emiss\u00e3o de <strong>g\u00e1s carb\u00f4nico<\/strong> para a atmosfera e a queima de lenha para sua cura\u201d.<\/p>\n<p>Ainda segundo Cattaruzzi, o tijolo tradicional utiliza a argila, que \u00e9 retirada de mananciais, provocando impacto no meio ambiente. Outra vantagem do produto inovador criado pelos jovens alunos (todos na faixa dos 20 anos) seria a redu\u00e7\u00e3o do tempo da obra, j\u00e1 que ele facilita o nivelamento porque n\u00e3o necessita de argamassa para assentamento.<\/p>\n<p>Entretanto, uma das faces mais bacanas do projeto \u00e9 a que contempla a<strong> inclus\u00e3o<\/strong> de <strong>ex-moradores de rua<\/strong> para a sua produ\u00e7\u00e3o. A ideia \u00e9 dar trabalho e oportunidade para pessoas \u00a0marginalizadas. Atualmente o grupo est\u00e1 realizando um treinamento de capacita\u00e7\u00e3o com elas para o processo de fabrica\u00e7\u00e3o do tijolo.<\/p>\n<p>\u201cAinda n\u00e3o temos um local para alocar a f\u00e1brica. Estamos em busca de um galp\u00e3o na regi\u00e3o do ABC <em>(paulista)<\/em>, que atenda as legisla\u00e7\u00f5es necess\u00e1rias. No momento, estamos produzindo no pr\u00f3prio lar onde os ex-moradores de rua vivem, por enquanto, com car\u00e1ter educativo\u201d, diz Cattaruzzi.<\/p>\n<p>O estudante do curso de Engenharia Civil ganhou, em agosto, o Pr\u00eamio Universit\u00e1rio do Ano KPMG, ap\u00f3s concorrer com mais de 50 candidatos de todo pa\u00eds. \u201cGanhar o pr\u00eamio foi muito gratificante, pois ele sintetiza todo o esfor\u00e7o que depositei ao longo desses quase tr\u00eas anos, trabalhando muito para o desenvolvimento das comunidades que atendemos e buscando o crescimento da nossa equipe\u201d, comemora.<\/p>\n<p>Num pa\u00eds assolado por m\u00e1s not\u00edcias e atos de corrup\u00e7\u00e3o, projetos como este s\u00e3o um alento e mostram como, apesar de tudo, muitos brasileiros trabalham e lutam por um Brasil melhor!<\/p>\n<p><em>Fonte Conex\u00e3o Planeta\u00a0<\/em><\/p>\n","protected":false},"excerpt":{"rendered":"<p>A constru\u00e7\u00e3o civil \u00e9 uma das atividades humanas apontadas como uma das principais respons\u00e1veis pelaemiss\u00e3o de gases de efeito estufa na atmosfera da Terra. O\u00a0setor n\u00e3o somente consome um volume enorme de recursos naturais e energia, como\u00a0gera uma quantidade ainda maior de res\u00edduos. E a fabrica\u00e7\u00e3o de tijolos est\u00e1 entre os grandes problemas desse mercado, [&hellip;]<\/p>\n","protected":false},"author":14,"featured_media":37431,"comment_status":"open","ping_status":"open","sticky":false,"template":"","format":"standard","meta":{"footnotes":""},"categories":[31],"tags":[202],"class_list":{"0":"post-37430","1":"post","2":"type-post","3":"status-publish","4":"format-standard","5":"has-post-thumbnail","7":"category-meio-ambiente","8":"tag-destaque"},"yoast_head":"<!-- This site is optimized with the Yoast SEO plugin v27.2 - https:\/\/yoast.com\/product\/yoast-seo-wordpress\/ -->\n<title>Estudantes paulistas criam tijolo ecol\u00f3gico que evita emiss\u00e3o de CO2 durante processo de fabrica\u00e7\u00e3o - Instituto de Engenharia<\/title>\n<meta name=\"robots\" content=\"index, follow, max-snippet:-1, max-image-preview:large, max-video-preview:-1\" \/>\n<link rel=\"canonical\" href=\"https:\/\/www.institutodeengenharia.org.br\/site\/2018\/08\/23\/estudantes-paulistas-criam-tijolo-ecologico-que-evita-emissao-de-co2-durante-processo-de-fabricacao\/\" \/>\n<meta property=\"og:locale\" content=\"pt_BR\" \/>\n<meta property=\"og:type\" content=\"article\" \/>\n<meta property=\"og:title\" content=\"Estudantes paulistas criam tijolo ecol\u00f3gico que evita emiss\u00e3o de CO2 durante processo de fabrica\u00e7\u00e3o - Instituto de Engenharia\" \/>\n<meta property=\"og:description\" content=\"A constru\u00e7\u00e3o civil \u00e9 uma das atividades humanas apontadas como uma das principais respons\u00e1veis pelaemiss\u00e3o de gases de efeito estufa na atmosfera da Terra. O\u00a0setor n\u00e3o somente consome um volume enorme de recursos naturais e energia, como\u00a0gera uma quantidade ainda maior de res\u00edduos. E a fabrica\u00e7\u00e3o de tijolos est\u00e1 entre os grandes problemas desse mercado, [&hellip;]\" \/>\n<meta property=\"og:url\" content=\"https:\/\/www.institutodeengenharia.org.br\/site\/2018\/08\/23\/estudantes-paulistas-criam-tijolo-ecologico-que-evita-emissao-de-co2-durante-processo-de-fabricacao\/\" \/>\n<meta property=\"og:site_name\" content=\"Instituto de Engenharia\" \/>\n<meta property=\"article:publisher\" content=\"https:\/\/www.facebook.com\/institutodeengenharia\" \/>\n<meta property=\"article:published_time\" content=\"2018-08-23T13:00:32+00:00\" \/>\n<meta property=\"article:modified_time\" content=\"2018-08-24T18:57:22+00:00\" \/>\n<meta property=\"og:image\" content=\"https:\/\/www.institutodeengenharia.org.br\/site\/wp-content\/uploads\/2018\/08\/tijolinho.jpg\" \/>\n\t<meta property=\"og:image:width\" content=\"800\" \/>\n\t<meta property=\"og:image:height\" content=\"560\" \/>\n\t<meta property=\"og:image:type\" content=\"image\/jpeg\" \/>\n<meta name=\"author\" content=\"Isabel\" \/>\n<meta name=\"twitter:card\" content=\"summary_large_image\" \/>\n<meta name=\"twitter:creator\" content=\"@iengenharia\" \/>\n<meta name=\"twitter:site\" content=\"@iengenharia\" \/>\n<meta name=\"twitter:label1\" content=\"Escrito por\" \/>\n\t<meta name=\"twitter:data1\" content=\"Isabel\" \/>\n\t<meta name=\"twitter:label2\" content=\"Est. tempo de leitura\" \/>\n\t<meta name=\"twitter:data2\" content=\"2 minutos\" \/>\n<script type=\"application\/ld+json\" class=\"yoast-schema-graph\">{\"@context\":\"https:\/\/schema.org\",\"@graph\":[{\"@type\":\"Article\",\"@id\":\"https:\/\/www.institutodeengenharia.org.br\/site\/2018\/08\/23\/estudantes-paulistas-criam-tijolo-ecologico-que-evita-emissao-de-co2-durante-processo-de-fabricacao\/#article\",\"isPartOf\":{\"@id\":\"https:\/\/www.institutodeengenharia.org.br\/site\/2018\/08\/23\/estudantes-paulistas-criam-tijolo-ecologico-que-evita-emissao-de-co2-durante-processo-de-fabricacao\/\"},\"author\":{\"name\":\"Isabel\",\"@id\":\"https:\/\/www.institutodeengenharia.org.br\/site\/#\/schema\/person\/593dc356630173a4877a635d3e5fd76b\"},\"headline\":\"Estudantes paulistas criam tijolo ecol\u00f3gico que evita emiss\u00e3o de CO2 durante processo de fabrica\u00e7\u00e3o\",\"datePublished\":\"2018-08-23T13:00:32+00:00\",\"dateModified\":\"2018-08-24T18:57:22+00:00\",\"mainEntityOfPage\":{\"@id\":\"https:\/\/www.institutodeengenharia.org.br\/site\/2018\/08\/23\/estudantes-paulistas-criam-tijolo-ecologico-que-evita-emissao-de-co2-durante-processo-de-fabricacao\/\"},\"wordCount\":432,\"commentCount\":0,\"publisher\":{\"@id\":\"https:\/\/www.institutodeengenharia.org.br\/site\/#organization\"},\"image\":{\"@id\":\"https:\/\/www.institutodeengenharia.org.br\/site\/2018\/08\/23\/estudantes-paulistas-criam-tijolo-ecologico-que-evita-emissao-de-co2-durante-processo-de-fabricacao\/#primaryimage\"},\"thumbnailUrl\":\"https:\/\/www.institutodeengenharia.org.br\/site\/wp-content\/uploads\/2018\/08\/tijolinho.jpg\",\"keywords\":[\"+ Destaque\"],\"articleSection\":[\"Meio Ambiente\"],\"inLanguage\":\"pt-BR\",\"potentialAction\":[{\"@type\":\"CommentAction\",\"name\":\"Comment\",\"target\":[\"https:\/\/www.institutodeengenharia.org.br\/site\/2018\/08\/23\/estudantes-paulistas-criam-tijolo-ecologico-que-evita-emissao-de-co2-durante-processo-de-fabricacao\/#respond\"]}]},{\"@type\":\"WebPage\",\"@id\":\"https:\/\/www.institutodeengenharia.org.br\/site\/2018\/08\/23\/estudantes-paulistas-criam-tijolo-ecologico-que-evita-emissao-de-co2-durante-processo-de-fabricacao\/\",\"url\":\"https:\/\/www.institutodeengenharia.org.br\/site\/2018\/08\/23\/estudantes-paulistas-criam-tijolo-ecologico-que-evita-emissao-de-co2-durante-processo-de-fabricacao\/\",\"name\":\"Estudantes paulistas criam tijolo ecol\u00f3gico que evita emiss\u00e3o de CO2 durante processo de fabrica\u00e7\u00e3o - Instituto de Engenharia\",\"isPartOf\":{\"@id\":\"https:\/\/www.institutodeengenharia.org.br\/site\/#website\"},\"primaryImageOfPage\":{\"@id\":\"https:\/\/www.institutodeengenharia.org.br\/site\/2018\/08\/23\/estudantes-paulistas-criam-tijolo-ecologico-que-evita-emissao-de-co2-durante-processo-de-fabricacao\/#primaryimage\"},\"image\":{\"@id\":\"https:\/\/www.institutodeengenharia.org.br\/site\/2018\/08\/23\/estudantes-paulistas-criam-tijolo-ecologico-que-evita-emissao-de-co2-durante-processo-de-fabricacao\/#primaryimage\"},\"thumbnailUrl\":\"https:\/\/www.institutodeengenharia.org.br\/site\/wp-content\/uploads\/2018\/08\/tijolinho.jpg\",\"datePublished\":\"2018-08-23T13:00:32+00:00\",\"dateModified\":\"2018-08-24T18:57:22+00:00\",\"breadcrumb\":{\"@id\":\"https:\/\/www.institutodeengenharia.org.br\/site\/2018\/08\/23\/estudantes-paulistas-criam-tijolo-ecologico-que-evita-emissao-de-co2-durante-processo-de-fabricacao\/#breadcrumb\"},\"inLanguage\":\"pt-BR\",\"potentialAction\":[{\"@type\":\"ReadAction\",\"target\":[\"https:\/\/www.institutodeengenharia.org.br\/site\/2018\/08\/23\/estudantes-paulistas-criam-tijolo-ecologico-que-evita-emissao-de-co2-durante-processo-de-fabricacao\/\"]}]},{\"@type\":\"ImageObject\",\"inLanguage\":\"pt-BR\",\"@id\":\"https:\/\/www.institutodeengenharia.org.br\/site\/2018\/08\/23\/estudantes-paulistas-criam-tijolo-ecologico-que-evita-emissao-de-co2-durante-processo-de-fabricacao\/#primaryimage\",\"url\":\"https:\/\/www.institutodeengenharia.org.br\/site\/wp-content\/uploads\/2018\/08\/tijolinho.jpg\",\"contentUrl\":\"https:\/\/www.institutodeengenharia.org.br\/site\/wp-content\/uploads\/2018\/08\/tijolinho.jpg\",\"width\":800,\"height\":560},{\"@type\":\"BreadcrumbList\",\"@id\":\"https:\/\/www.institutodeengenharia.org.br\/site\/2018\/08\/23\/estudantes-paulistas-criam-tijolo-ecologico-que-evita-emissao-de-co2-durante-processo-de-fabricacao\/#breadcrumb\",\"itemListElement\":[{\"@type\":\"ListItem\",\"position\":1,\"name\":\"In\u00edcio\",\"item\":\"https:\/\/www.institutodeengenharia.org.br\/site\/\"},{\"@type\":\"ListItem\",\"position\":2,\"name\":\"Estudantes paulistas criam tijolo ecol\u00f3gico que evita emiss\u00e3o de CO2 durante processo de fabrica\u00e7\u00e3o\"}]},{\"@type\":\"WebSite\",\"@id\":\"https:\/\/www.institutodeengenharia.org.br\/site\/#website\",\"url\":\"https:\/\/www.institutodeengenharia.org.br\/site\/\",\"name\":\"Instituto de Engenharia\",\"description\":\"O Instituto de Engenharia promove a Engenharia em benef\u00edcio do desenvolvimento e da qualidade de vida da sociedade.\",\"publisher\":{\"@id\":\"https:\/\/www.institutodeengenharia.org.br\/site\/#organization\"},\"potentialAction\":[{\"@type\":\"SearchAction\",\"target\":{\"@type\":\"EntryPoint\",\"urlTemplate\":\"https:\/\/www.institutodeengenharia.org.br\/site\/?s={search_term_string}\"},\"query-input\":{\"@type\":\"PropertyValueSpecification\",\"valueRequired\":true,\"valueName\":\"search_term_string\"}}],\"inLanguage\":\"pt-BR\"},{\"@type\":\"Organization\",\"@id\":\"https:\/\/www.institutodeengenharia.org.br\/site\/#organization\",\"name\":\"Instituto de Engenharia\",\"url\":\"https:\/\/www.institutodeengenharia.org.br\/site\/\",\"logo\":{\"@type\":\"ImageObject\",\"inLanguage\":\"pt-BR\",\"@id\":\"https:\/\/www.institutodeengenharia.org.br\/site\/#\/schema\/logo\/image\/\",\"url\":\"https:\/\/www.institutodeengenharia.org.br\/site\/wp-content\/uploads\/2019\/03\/logo-novo-IE2018-1.jpg\",\"contentUrl\":\"https:\/\/www.institutodeengenharia.org.br\/site\/wp-content\/uploads\/2019\/03\/logo-novo-IE2018-1.jpg\",\"width\":1486,\"height\":1879,\"caption\":\"Instituto de Engenharia\"},\"image\":{\"@id\":\"https:\/\/www.institutodeengenharia.org.br\/site\/#\/schema\/logo\/image\/\"},\"sameAs\":[\"https:\/\/www.facebook.com\/institutodeengenharia\",\"https:\/\/x.com\/iengenharia\",\"https:\/\/www.instagram.com\/institutodeengenharia\/\",\"https:\/\/www.linkedin.com\/company\/instituto-de-engenharia\/\",\"https:\/\/www.youtube.com\/channel\/UCXiCAlsSMe977vamW915HxA\"]},{\"@type\":\"Person\",\"@id\":\"https:\/\/www.institutodeengenharia.org.br\/site\/#\/schema\/person\/593dc356630173a4877a635d3e5fd76b\",\"name\":\"Isabel\",\"image\":{\"@type\":\"ImageObject\",\"inLanguage\":\"pt-BR\",\"@id\":\"https:\/\/secure.gravatar.com\/avatar\/f3c521db63ec9db17894f10a88c6a3cf95b2281d7f80eeb3cf3ef1cb091576e7?s=96&d=mm&r=g\",\"url\":\"https:\/\/secure.gravatar.com\/avatar\/f3c521db63ec9db17894f10a88c6a3cf95b2281d7f80eeb3cf3ef1cb091576e7?s=96&d=mm&r=g\",\"contentUrl\":\"https:\/\/secure.gravatar.com\/avatar\/f3c521db63ec9db17894f10a88c6a3cf95b2281d7f80eeb3cf3ef1cb091576e7?s=96&d=mm&r=g\",\"caption\":\"Isabel\"},\"url\":\"https:\/\/www.institutodeengenharia.org.br\/site\/author\/comunicacao2\/\"}]}<\/script>\n<!-- \/ Yoast SEO plugin. -->","yoast_head_json":{"title":"Estudantes paulistas criam tijolo ecol\u00f3gico que evita emiss\u00e3o de CO2 durante processo de fabrica\u00e7\u00e3o - Instituto de Engenharia","robots":{"index":"index","follow":"follow","max-snippet":"max-snippet:-1","max-image-preview":"max-image-preview:large","max-video-preview":"max-video-preview:-1"},"canonical":"https:\/\/www.institutodeengenharia.org.br\/site\/2018\/08\/23\/estudantes-paulistas-criam-tijolo-ecologico-que-evita-emissao-de-co2-durante-processo-de-fabricacao\/","og_locale":"pt_BR","og_type":"article","og_title":"Estudantes paulistas criam tijolo ecol\u00f3gico que evita emiss\u00e3o de CO2 durante processo de fabrica\u00e7\u00e3o - Instituto de Engenharia","og_description":"A constru\u00e7\u00e3o civil \u00e9 uma das atividades humanas apontadas como uma das principais respons\u00e1veis pelaemiss\u00e3o de gases de efeito estufa na atmosfera da Terra. O\u00a0setor n\u00e3o somente consome um volume enorme de recursos naturais e energia, como\u00a0gera uma quantidade ainda maior de res\u00edduos. E a fabrica\u00e7\u00e3o de tijolos est\u00e1 entre os grandes problemas desse mercado, [&hellip;]","og_url":"https:\/\/www.institutodeengenharia.org.br\/site\/2018\/08\/23\/estudantes-paulistas-criam-tijolo-ecologico-que-evita-emissao-de-co2-durante-processo-de-fabricacao\/","og_site_name":"Instituto de Engenharia","article_publisher":"https:\/\/www.facebook.com\/institutodeengenharia","article_published_time":"2018-08-23T13:00:32+00:00","article_modified_time":"2018-08-24T18:57:22+00:00","og_image":[{"width":800,"height":560,"url":"https:\/\/www.institutodeengenharia.org.br\/site\/wp-content\/uploads\/2018\/08\/tijolinho.jpg","type":"image\/jpeg"}],"author":"Isabel","twitter_card":"summary_large_image","twitter_creator":"@iengenharia","twitter_site":"@iengenharia","twitter_misc":{"Escrito por":"Isabel","Est. tempo de leitura":"2 minutos"},"schema":{"@context":"https:\/\/schema.org","@graph":[{"@type":"Article","@id":"https:\/\/www.institutodeengenharia.org.br\/site\/2018\/08\/23\/estudantes-paulistas-criam-tijolo-ecologico-que-evita-emissao-de-co2-durante-processo-de-fabricacao\/#article","isPartOf":{"@id":"https:\/\/www.institutodeengenharia.org.br\/site\/2018\/08\/23\/estudantes-paulistas-criam-tijolo-ecologico-que-evita-emissao-de-co2-durante-processo-de-fabricacao\/"},"author":{"name":"Isabel","@id":"https:\/\/www.institutodeengenharia.org.br\/site\/#\/schema\/person\/593dc356630173a4877a635d3e5fd76b"},"headline":"Estudantes paulistas criam tijolo ecol\u00f3gico que evita emiss\u00e3o de CO2 durante processo de fabrica\u00e7\u00e3o","datePublished":"2018-08-23T13:00:32+00:00","dateModified":"2018-08-24T18:57:22+00:00","mainEntityOfPage":{"@id":"https:\/\/www.institutodeengenharia.org.br\/site\/2018\/08\/23\/estudantes-paulistas-criam-tijolo-ecologico-que-evita-emissao-de-co2-durante-processo-de-fabricacao\/"},"wordCount":432,"commentCount":0,"publisher":{"@id":"https:\/\/www.institutodeengenharia.org.br\/site\/#organization"},"image":{"@id":"https:\/\/www.institutodeengenharia.org.br\/site\/2018\/08\/23\/estudantes-paulistas-criam-tijolo-ecologico-que-evita-emissao-de-co2-durante-processo-de-fabricacao\/#primaryimage"},"thumbnailUrl":"https:\/\/www.institutodeengenharia.org.br\/site\/wp-content\/uploads\/2018\/08\/tijolinho.jpg","keywords":["+ Destaque"],"articleSection":["Meio Ambiente"],"inLanguage":"pt-BR","potentialAction":[{"@type":"CommentAction","name":"Comment","target":["https:\/\/www.institutodeengenharia.org.br\/site\/2018\/08\/23\/estudantes-paulistas-criam-tijolo-ecologico-que-evita-emissao-de-co2-durante-processo-de-fabricacao\/#respond"]}]},{"@type":"WebPage","@id":"https:\/\/www.institutodeengenharia.org.br\/site\/2018\/08\/23\/estudantes-paulistas-criam-tijolo-ecologico-que-evita-emissao-de-co2-durante-processo-de-fabricacao\/","url":"https:\/\/www.institutodeengenharia.org.br\/site\/2018\/08\/23\/estudantes-paulistas-criam-tijolo-ecologico-que-evita-emissao-de-co2-durante-processo-de-fabricacao\/","name":"Estudantes paulistas criam tijolo ecol\u00f3gico que evita emiss\u00e3o de CO2 durante processo de fabrica\u00e7\u00e3o - Instituto de Engenharia","isPartOf":{"@id":"https:\/\/www.institutodeengenharia.org.br\/site\/#website"},"primaryImageOfPage":{"@id":"https:\/\/www.institutodeengenharia.org.br\/site\/2018\/08\/23\/estudantes-paulistas-criam-tijolo-ecologico-que-evita-emissao-de-co2-durante-processo-de-fabricacao\/#primaryimage"},"image":{"@id":"https:\/\/www.institutodeengenharia.org.br\/site\/2018\/08\/23\/estudantes-paulistas-criam-tijolo-ecologico-que-evita-emissao-de-co2-durante-processo-de-fabricacao\/#primaryimage"},"thumbnailUrl":"https:\/\/www.institutodeengenharia.org.br\/site\/wp-content\/uploads\/2018\/08\/tijolinho.jpg","datePublished":"2018-08-23T13:00:32+00:00","dateModified":"2018-08-24T18:57:22+00:00","breadcrumb":{"@id":"https:\/\/www.institutodeengenharia.org.br\/site\/2018\/08\/23\/estudantes-paulistas-criam-tijolo-ecologico-que-evita-emissao-de-co2-durante-processo-de-fabricacao\/#breadcrumb"},"inLanguage":"pt-BR","potentialAction":[{"@type":"ReadAction","target":["https:\/\/www.institutodeengenharia.org.br\/site\/2018\/08\/23\/estudantes-paulistas-criam-tijolo-ecologico-que-evita-emissao-de-co2-durante-processo-de-fabricacao\/"]}]},{"@type":"ImageObject","inLanguage":"pt-BR","@id":"https:\/\/www.institutodeengenharia.org.br\/site\/2018\/08\/23\/estudantes-paulistas-criam-tijolo-ecologico-que-evita-emissao-de-co2-durante-processo-de-fabricacao\/#primaryimage","url":"https:\/\/www.institutodeengenharia.org.br\/site\/wp-content\/uploads\/2018\/08\/tijolinho.jpg","contentUrl":"https:\/\/www.institutodeengenharia.org.br\/site\/wp-content\/uploads\/2018\/08\/tijolinho.jpg","width":800,"height":560},{"@type":"BreadcrumbList","@id":"https:\/\/www.institutodeengenharia.org.br\/site\/2018\/08\/23\/estudantes-paulistas-criam-tijolo-ecologico-que-evita-emissao-de-co2-durante-processo-de-fabricacao\/#breadcrumb","itemListElement":[{"@type":"ListItem","position":1,"name":"In\u00edcio","item":"https:\/\/www.institutodeengenharia.org.br\/site\/"},{"@type":"ListItem","position":2,"name":"Estudantes paulistas criam tijolo ecol\u00f3gico que evita emiss\u00e3o de CO2 durante processo de fabrica\u00e7\u00e3o"}]},{"@type":"WebSite","@id":"https:\/\/www.institutodeengenharia.org.br\/site\/#website","url":"https:\/\/www.institutodeengenharia.org.br\/site\/","name":"Instituto de Engenharia","description":"O Instituto de Engenharia promove a Engenharia em benef\u00edcio do desenvolvimento e da qualidade de vida da sociedade.","publisher":{"@id":"https:\/\/www.institutodeengenharia.org.br\/site\/#organization"},"potentialAction":[{"@type":"SearchAction","target":{"@type":"EntryPoint","urlTemplate":"https:\/\/www.institutodeengenharia.org.br\/site\/?s={search_term_string}"},"query-input":{"@type":"PropertyValueSpecification","valueRequired":true,"valueName":"search_term_string"}}],"inLanguage":"pt-BR"},{"@type":"Organization","@id":"https:\/\/www.institutodeengenharia.org.br\/site\/#organization","name":"Instituto de Engenharia","url":"https:\/\/www.institutodeengenharia.org.br\/site\/","logo":{"@type":"ImageObject","inLanguage":"pt-BR","@id":"https:\/\/www.institutodeengenharia.org.br\/site\/#\/schema\/logo\/image\/","url":"https:\/\/www.institutodeengenharia.org.br\/site\/wp-content\/uploads\/2019\/03\/logo-novo-IE2018-1.jpg","contentUrl":"https:\/\/www.institutodeengenharia.org.br\/site\/wp-content\/uploads\/2019\/03\/logo-novo-IE2018-1.jpg","width":1486,"height":1879,"caption":"Instituto de Engenharia"},"image":{"@id":"https:\/\/www.institutodeengenharia.org.br\/site\/#\/schema\/logo\/image\/"},"sameAs":["https:\/\/www.facebook.com\/institutodeengenharia","https:\/\/x.com\/iengenharia","https:\/\/www.instagram.com\/institutodeengenharia\/","https:\/\/www.linkedin.com\/company\/instituto-de-engenharia\/","https:\/\/www.youtube.com\/channel\/UCXiCAlsSMe977vamW915HxA"]},{"@type":"Person","@id":"https:\/\/www.institutodeengenharia.org.br\/site\/#\/schema\/person\/593dc356630173a4877a635d3e5fd76b","name":"Isabel","image":{"@type":"ImageObject","inLanguage":"pt-BR","@id":"https:\/\/secure.gravatar.com\/avatar\/f3c521db63ec9db17894f10a88c6a3cf95b2281d7f80eeb3cf3ef1cb091576e7?s=96&d=mm&r=g","url":"https:\/\/secure.gravatar.com\/avatar\/f3c521db63ec9db17894f10a88c6a3cf95b2281d7f80eeb3cf3ef1cb091576e7?s=96&d=mm&r=g","contentUrl":"https:\/\/secure.gravatar.com\/avatar\/f3c521db63ec9db17894f10a88c6a3cf95b2281d7f80eeb3cf3ef1cb091576e7?s=96&d=mm&r=g","caption":"Isabel"},"url":"https:\/\/www.institutodeengenharia.org.br\/site\/author\/comunicacao2\/"}]}},"_links":{"self":[{"href":"https:\/\/www.institutodeengenharia.org.br\/site\/wp-json\/wp\/v2\/posts\/37430","targetHints":{"allow":["GET"]}}],"collection":[{"href":"https:\/\/www.institutodeengenharia.org.br\/site\/wp-json\/wp\/v2\/posts"}],"about":[{"href":"https:\/\/www.institutodeengenharia.org.br\/site\/wp-json\/wp\/v2\/types\/post"}],"author":[{"embeddable":true,"href":"https:\/\/www.institutodeengenharia.org.br\/site\/wp-json\/wp\/v2\/users\/14"}],"replies":[{"embeddable":true,"href":"https:\/\/www.institutodeengenharia.org.br\/site\/wp-json\/wp\/v2\/comments?post=37430"}],"version-history":[{"count":1,"href":"https:\/\/www.institutodeengenharia.org.br\/site\/wp-json\/wp\/v2\/posts\/37430\/revisions"}],"predecessor-version":[{"id":37432,"href":"https:\/\/www.institutodeengenharia.org.br\/site\/wp-json\/wp\/v2\/posts\/37430\/revisions\/37432"}],"wp:featuredmedia":[{"embeddable":true,"href":"https:\/\/www.institutodeengenharia.org.br\/site\/wp-json\/wp\/v2\/media\/37431"}],"wp:attachment":[{"href":"https:\/\/www.institutodeengenharia.org.br\/site\/wp-json\/wp\/v2\/media?parent=37430"}],"wp:term":[{"taxonomy":"category","embeddable":true,"href":"https:\/\/www.institutodeengenharia.org.br\/site\/wp-json\/wp\/v2\/categories?post=37430"},{"taxonomy":"post_tag","embeddable":true,"href":"https:\/\/www.institutodeengenharia.org.br\/site\/wp-json\/wp\/v2\/tags?post=37430"}],"curies":[{"name":"wp","href":"https:\/\/api.w.org\/{rel}","templated":true}]}}