{"id":37407,"date":"2018-08-24T14:43:05","date_gmt":"2018-08-24T17:43:05","guid":{"rendered":"http:\/\/www.institutodeengenharia.org.br\/site\/?p=37407"},"modified":"2018-08-24T14:51:11","modified_gmt":"2018-08-24T17:51:11","slug":"o-desafio-de-inovar","status":"publish","type":"post","link":"https:\/\/www.institutodeengenharia.org.br\/site\/2018\/08\/24\/o-desafio-de-inovar\/","title":{"rendered":"O desafio de inovar"},"content":{"rendered":"<p>A nova coordena\u00e7\u00e3o da Divis\u00e3o de Inform\u00e1tica do Instituto de Engenharia iniciou sua atua\u00e7\u00e3o em 08\/2018 recebendo da presid\u00eancia do Instituto o desafio de pensar o Brasil do Futuro e trazer inova\u00e7\u00e3o para seus associados. A coordena\u00e7\u00e3o \u00e9 exercida pela Profa. Dra. Regina Ruschel e a Arq. Meire Garcia.<\/p>\n<p>Regina Ruschel foi professora e pesquisadora em templo integral e dedica\u00e7\u00e3o exclusiva da UNICAMP por 32 anos, tendo se aposentado em 2016. Desde ent\u00e3o, continua seu v\u00ednculo com a UNICAMP como professora e pesquisadora colaboradora nos programas de p\u00f3s-gradua\u00e7\u00e3o da Faculdade de Engenharia Civil, Arquitetura e Urbanismo. \u00c9 pesquisadora s\u00eanior em Modelagem da Informa\u00e7\u00e3o da Constru\u00e7\u00e3o (BIM), tendo formado v\u00e1rios mestres e doutores na tem\u00e1tica, recebido pr\u00eamios e publicado artigos cient\u00edficos. Formulou e coordena a especializa\u00e7\u00e3o Master BIM Especialista no Instituto Superior de Inova\u00e7\u00e3o e Tecnologia em S\u00e3o Paulo. \u00c9 engenheira civil, com Mestrado em Mec\u00e2nica dos Solos, doutorado em Engenharia da Computa\u00e7\u00e3o e Automa\u00e7\u00e3o e Livre Docente em Projeto Auxiliado por Computador.<\/p>\n<p>Meire Garcia \u00e9 arquiteta que desenvolve projetos e acompanhamento de obras no mercado residencial corporativo e institucional. Tem expertise em projetos de <em>retrofit<\/em> educacionais. Tamb\u00e9m atua na gest\u00e3o de cursos de extens\u00e3o. Tem conhecimento acad\u00eamico em Modelagem da Informa\u00e7\u00e3o da Constru\u00e7\u00e3o.<\/p>\n<p>Iniciamos o olhar para inova\u00e7\u00e3o avaliando como a Internet impactou nossa sociedadecriando oportunidades para o empreendedorismo por meio do acesso aberto e ilimitado a informa\u00e7\u00e3o e ferramentas de colabora\u00e7\u00e3o. Sugerimos a inspiradora perspectiva apresentada por Joi Ito, diretor do MIT Media Lab, numa palestra TED:<\/p>\n<p><a href=\"https:\/\/www.ted.com\/talks\/joi_ito_want_to_innovate_become_a_now_ist?rid=d68Rc2GMi7vI\">https:\/\/www.ted.com\/talks\/joi_ito_want_to_innovate_become_a_now_ist?rid=d68Rc2GMi7vI<\/a><\/p>\n<p>Portanto, destacamos as oportunidades de fomento a inova\u00e7\u00e3o, promovida pela FAPESP, para aexecu\u00e7\u00e3o de pesquisa cient\u00edfica e\/ou tecnol\u00f3gica em micro, pequenas e m\u00e9dias empresas no Estado de S\u00e3o Paulo:<\/p>\n<p><a href=\"http:\/\/www.fapesp.br\/pipe\/\">http:\/\/www.fapesp.br\/pipe\/<\/a><\/p>\n<p>O setor da constru\u00e7\u00e3o tamb\u00e9m est\u00e1 interessado em inovar. Uma mat\u00e9ria do ESTAD\u00c2O de 22\/08\/2018 d\u00e1 destaque a esta demanda:<\/p>\n<p><a href=\"https:\/\/link.estadao.com.br\/noticias\/empresas,setor-de-construcao-busca-startups-para-romper-ciclo-de-pouca-inovacao,70002467453\">https:\/\/link.estadao.com.br\/noticias\/empresas,setor-de-construcao-busca-startups-para-romper-ciclo-de-pouca-inovacao,70002467453<\/a><\/p>\n<p>E assim iniciamos o despertar para inova\u00e7\u00e3o, pela inspira\u00e7\u00e3o e divulga\u00e7\u00e3o de oportunidade.<\/p>\n<p>Regina &amp; Meire<\/p>\n","protected":false},"excerpt":{"rendered":"<p>A nova coordena\u00e7\u00e3o da Divis\u00e3o de Inform\u00e1tica do Instituto de Engenharia iniciou sua atua\u00e7\u00e3o em 08\/2018 recebendo da presid\u00eancia do Instituto o desafio de pensar o Brasil do Futuro e trazer inova\u00e7\u00e3o para seus associados. A coordena\u00e7\u00e3o \u00e9 exercida pela Profa. Dra. Regina Ruschel e a Arq. Meire Garcia. Regina Ruschel foi professora e pesquisadora [&hellip;]<\/p>\n","protected":false},"author":2,"featured_media":37414,"comment_status":"open","ping_status":"open","sticky":false,"template":"","format":"standard","meta":{"footnotes":""},"categories":[46,72],"tags":[],"class_list":{"0":"post-37407","1":"post","2":"type-post","3":"status-publish","4":"format-standard","5":"has-post-thumbnail","7":"category-departamento-desenvolvimento-de-gestao-e-objetivos","8":"category-divisao-tecnica-de-tecnologias-digitais"},"yoast_head":"<!-- This site is optimized with the Yoast SEO plugin v27.2 - https:\/\/yoast.com\/product\/yoast-seo-wordpress\/ -->\n<title>O desafio de inovar - Instituto de Engenharia<\/title>\n<meta name=\"robots\" content=\"index, follow, max-snippet:-1, max-image-preview:large, max-video-preview:-1\" \/>\n<link rel=\"canonical\" href=\"https:\/\/www.institutodeengenharia.org.br\/site\/2018\/08\/24\/o-desafio-de-inovar\/\" \/>\n<meta property=\"og:locale\" content=\"pt_BR\" \/>\n<meta property=\"og:type\" content=\"article\" \/>\n<meta property=\"og:title\" content=\"O desafio de inovar - Instituto de Engenharia\" \/>\n<meta property=\"og:description\" content=\"A nova coordena\u00e7\u00e3o da Divis\u00e3o de Inform\u00e1tica do Instituto de Engenharia iniciou sua atua\u00e7\u00e3o em 08\/2018 recebendo da presid\u00eancia do Instituto o desafio de pensar o Brasil do Futuro e trazer inova\u00e7\u00e3o para seus associados. A coordena\u00e7\u00e3o \u00e9 exercida pela Profa. Dra. Regina Ruschel e a Arq. Meire Garcia. Regina Ruschel foi professora e pesquisadora [&hellip;]\" \/>\n<meta property=\"og:url\" content=\"https:\/\/www.institutodeengenharia.org.br\/site\/2018\/08\/24\/o-desafio-de-inovar\/\" \/>\n<meta property=\"og:site_name\" content=\"Instituto de Engenharia\" \/>\n<meta property=\"article:publisher\" content=\"https:\/\/www.facebook.com\/institutodeengenharia\" \/>\n<meta property=\"article:published_time\" content=\"2018-08-24T17:43:05+00:00\" \/>\n<meta property=\"article:modified_time\" content=\"2018-08-24T17:51:11+00:00\" \/>\n<meta property=\"og:image\" content=\"https:\/\/www.institutodeengenharia.org.br\/site\/wp-content\/uploads\/2018\/08\/inovar3.jpg\" \/>\n\t<meta property=\"og:image:width\" content=\"324\" \/>\n\t<meta property=\"og:image:height\" content=\"332\" \/>\n\t<meta property=\"og:image:type\" content=\"image\/jpeg\" \/>\n<meta name=\"author\" content=\"Isabel\" \/>\n<meta name=\"twitter:card\" content=\"summary_large_image\" \/>\n<meta name=\"twitter:creator\" content=\"@iengenharia\" \/>\n<meta name=\"twitter:site\" content=\"@iengenharia\" \/>\n<meta name=\"twitter:label1\" content=\"Escrito por\" \/>\n\t<meta name=\"twitter:data1\" content=\"Isabel\" \/>\n\t<meta name=\"twitter:label2\" content=\"Est. tempo de leitura\" \/>\n\t<meta name=\"twitter:data2\" content=\"2 minutos\" \/>\n<script type=\"application\/ld+json\" class=\"yoast-schema-graph\">{\"@context\":\"https:\/\/schema.org\",\"@graph\":[{\"@type\":\"Article\",\"@id\":\"https:\/\/www.institutodeengenharia.org.br\/site\/2018\/08\/24\/o-desafio-de-inovar\/#article\",\"isPartOf\":{\"@id\":\"https:\/\/www.institutodeengenharia.org.br\/site\/2018\/08\/24\/o-desafio-de-inovar\/\"},\"author\":{\"name\":\"Isabel\",\"@id\":\"https:\/\/www.institutodeengenharia.org.br\/site\/#\/schema\/person\/d1764429c217aaa88954818c8f9a3036\"},\"headline\":\"O desafio de inovar\",\"datePublished\":\"2018-08-24T17:43:05+00:00\",\"dateModified\":\"2018-08-24T17:51:11+00:00\",\"mainEntityOfPage\":{\"@id\":\"https:\/\/www.institutodeengenharia.org.br\/site\/2018\/08\/24\/o-desafio-de-inovar\/\"},\"wordCount\":389,\"commentCount\":0,\"publisher\":{\"@id\":\"https:\/\/www.institutodeengenharia.org.br\/site\/#organization\"},\"image\":{\"@id\":\"https:\/\/www.institutodeengenharia.org.br\/site\/2018\/08\/24\/o-desafio-de-inovar\/#primaryimage\"},\"thumbnailUrl\":\"https:\/\/www.institutodeengenharia.org.br\/site\/wp-content\/uploads\/2018\/08\/inovar3.jpg\",\"articleSection\":[\"Departamento Desenvolvimento de Gest\u00e3o e Objetivos\",\"Divis\u00e3o T\u00e9cnica de Tecnologias Digitais\"],\"inLanguage\":\"pt-BR\",\"potentialAction\":[{\"@type\":\"CommentAction\",\"name\":\"Comment\",\"target\":[\"https:\/\/www.institutodeengenharia.org.br\/site\/2018\/08\/24\/o-desafio-de-inovar\/#respond\"]}]},{\"@type\":\"WebPage\",\"@id\":\"https:\/\/www.institutodeengenharia.org.br\/site\/2018\/08\/24\/o-desafio-de-inovar\/\",\"url\":\"https:\/\/www.institutodeengenharia.org.br\/site\/2018\/08\/24\/o-desafio-de-inovar\/\",\"name\":\"O desafio de inovar - Instituto de Engenharia\",\"isPartOf\":{\"@id\":\"https:\/\/www.institutodeengenharia.org.br\/site\/#website\"},\"primaryImageOfPage\":{\"@id\":\"https:\/\/www.institutodeengenharia.org.br\/site\/2018\/08\/24\/o-desafio-de-inovar\/#primaryimage\"},\"image\":{\"@id\":\"https:\/\/www.institutodeengenharia.org.br\/site\/2018\/08\/24\/o-desafio-de-inovar\/#primaryimage\"},\"thumbnailUrl\":\"https:\/\/www.institutodeengenharia.org.br\/site\/wp-content\/uploads\/2018\/08\/inovar3.jpg\",\"datePublished\":\"2018-08-24T17:43:05+00:00\",\"dateModified\":\"2018-08-24T17:51:11+00:00\",\"breadcrumb\":{\"@id\":\"https:\/\/www.institutodeengenharia.org.br\/site\/2018\/08\/24\/o-desafio-de-inovar\/#breadcrumb\"},\"inLanguage\":\"pt-BR\",\"potentialAction\":[{\"@type\":\"ReadAction\",\"target\":[\"https:\/\/www.institutodeengenharia.org.br\/site\/2018\/08\/24\/o-desafio-de-inovar\/\"]}]},{\"@type\":\"ImageObject\",\"inLanguage\":\"pt-BR\",\"@id\":\"https:\/\/www.institutodeengenharia.org.br\/site\/2018\/08\/24\/o-desafio-de-inovar\/#primaryimage\",\"url\":\"https:\/\/www.institutodeengenharia.org.br\/site\/wp-content\/uploads\/2018\/08\/inovar3.jpg\",\"contentUrl\":\"https:\/\/www.institutodeengenharia.org.br\/site\/wp-content\/uploads\/2018\/08\/inovar3.jpg\",\"width\":324,\"height\":332},{\"@type\":\"BreadcrumbList\",\"@id\":\"https:\/\/www.institutodeengenharia.org.br\/site\/2018\/08\/24\/o-desafio-de-inovar\/#breadcrumb\",\"itemListElement\":[{\"@type\":\"ListItem\",\"position\":1,\"name\":\"In\u00edcio\",\"item\":\"https:\/\/www.institutodeengenharia.org.br\/site\/\"},{\"@type\":\"ListItem\",\"position\":2,\"name\":\"O desafio de inovar\"}]},{\"@type\":\"WebSite\",\"@id\":\"https:\/\/www.institutodeengenharia.org.br\/site\/#website\",\"url\":\"https:\/\/www.institutodeengenharia.org.br\/site\/\",\"name\":\"Instituto de Engenharia\",\"description\":\"O Instituto de Engenharia promove a Engenharia em benef\u00edcio do desenvolvimento e da qualidade de vida da sociedade.\",\"publisher\":{\"@id\":\"https:\/\/www.institutodeengenharia.org.br\/site\/#organization\"},\"potentialAction\":[{\"@type\":\"SearchAction\",\"target\":{\"@type\":\"EntryPoint\",\"urlTemplate\":\"https:\/\/www.institutodeengenharia.org.br\/site\/?s={search_term_string}\"},\"query-input\":{\"@type\":\"PropertyValueSpecification\",\"valueRequired\":true,\"valueName\":\"search_term_string\"}}],\"inLanguage\":\"pt-BR\"},{\"@type\":\"Organization\",\"@id\":\"https:\/\/www.institutodeengenharia.org.br\/site\/#organization\",\"name\":\"Instituto de Engenharia\",\"url\":\"https:\/\/www.institutodeengenharia.org.br\/site\/\",\"logo\":{\"@type\":\"ImageObject\",\"inLanguage\":\"pt-BR\",\"@id\":\"https:\/\/www.institutodeengenharia.org.br\/site\/#\/schema\/logo\/image\/\",\"url\":\"https:\/\/www.institutodeengenharia.org.br\/site\/wp-content\/uploads\/2019\/03\/logo-novo-IE2018-1.jpg\",\"contentUrl\":\"https:\/\/www.institutodeengenharia.org.br\/site\/wp-content\/uploads\/2019\/03\/logo-novo-IE2018-1.jpg\",\"width\":1486,\"height\":1879,\"caption\":\"Instituto de Engenharia\"},\"image\":{\"@id\":\"https:\/\/www.institutodeengenharia.org.br\/site\/#\/schema\/logo\/image\/\"},\"sameAs\":[\"https:\/\/www.facebook.com\/institutodeengenharia\",\"https:\/\/x.com\/iengenharia\",\"https:\/\/www.instagram.com\/institutodeengenharia\/\",\"https:\/\/www.linkedin.com\/company\/instituto-de-engenharia\/\",\"https:\/\/www.youtube.com\/channel\/UCXiCAlsSMe977vamW915HxA\"]},{\"@type\":\"Person\",\"@id\":\"https:\/\/www.institutodeengenharia.org.br\/site\/#\/schema\/person\/d1764429c217aaa88954818c8f9a3036\",\"name\":\"Isabel\",\"image\":{\"@type\":\"ImageObject\",\"inLanguage\":\"pt-BR\",\"@id\":\"https:\/\/secure.gravatar.com\/avatar\/a91d60506c31a7cb05e69a21529f91908e538db3b21f58bfda4039be740fcb71?s=96&d=mm&r=g\",\"url\":\"https:\/\/secure.gravatar.com\/avatar\/a91d60506c31a7cb05e69a21529f91908e538db3b21f58bfda4039be740fcb71?s=96&d=mm&r=g\",\"contentUrl\":\"https:\/\/secure.gravatar.com\/avatar\/a91d60506c31a7cb05e69a21529f91908e538db3b21f58bfda4039be740fcb71?s=96&d=mm&r=g\",\"caption\":\"Isabel\"},\"url\":\"https:\/\/www.institutodeengenharia.org.br\/site\/author\/isabel\/\"}]}<\/script>\n<!-- \/ Yoast SEO plugin. -->","yoast_head_json":{"title":"O desafio de inovar - Instituto de Engenharia","robots":{"index":"index","follow":"follow","max-snippet":"max-snippet:-1","max-image-preview":"max-image-preview:large","max-video-preview":"max-video-preview:-1"},"canonical":"https:\/\/www.institutodeengenharia.org.br\/site\/2018\/08\/24\/o-desafio-de-inovar\/","og_locale":"pt_BR","og_type":"article","og_title":"O desafio de inovar - Instituto de Engenharia","og_description":"A nova coordena\u00e7\u00e3o da Divis\u00e3o de Inform\u00e1tica do Instituto de Engenharia iniciou sua atua\u00e7\u00e3o em 08\/2018 recebendo da presid\u00eancia do Instituto o desafio de pensar o Brasil do Futuro e trazer inova\u00e7\u00e3o para seus associados. A coordena\u00e7\u00e3o \u00e9 exercida pela Profa. Dra. Regina Ruschel e a Arq. Meire Garcia. Regina Ruschel foi professora e pesquisadora [&hellip;]","og_url":"https:\/\/www.institutodeengenharia.org.br\/site\/2018\/08\/24\/o-desafio-de-inovar\/","og_site_name":"Instituto de Engenharia","article_publisher":"https:\/\/www.facebook.com\/institutodeengenharia","article_published_time":"2018-08-24T17:43:05+00:00","article_modified_time":"2018-08-24T17:51:11+00:00","og_image":[{"width":324,"height":332,"url":"https:\/\/www.institutodeengenharia.org.br\/site\/wp-content\/uploads\/2018\/08\/inovar3.jpg","type":"image\/jpeg"}],"author":"Isabel","twitter_card":"summary_large_image","twitter_creator":"@iengenharia","twitter_site":"@iengenharia","twitter_misc":{"Escrito por":"Isabel","Est. tempo de leitura":"2 minutos"},"schema":{"@context":"https:\/\/schema.org","@graph":[{"@type":"Article","@id":"https:\/\/www.institutodeengenharia.org.br\/site\/2018\/08\/24\/o-desafio-de-inovar\/#article","isPartOf":{"@id":"https:\/\/www.institutodeengenharia.org.br\/site\/2018\/08\/24\/o-desafio-de-inovar\/"},"author":{"name":"Isabel","@id":"https:\/\/www.institutodeengenharia.org.br\/site\/#\/schema\/person\/d1764429c217aaa88954818c8f9a3036"},"headline":"O desafio de inovar","datePublished":"2018-08-24T17:43:05+00:00","dateModified":"2018-08-24T17:51:11+00:00","mainEntityOfPage":{"@id":"https:\/\/www.institutodeengenharia.org.br\/site\/2018\/08\/24\/o-desafio-de-inovar\/"},"wordCount":389,"commentCount":0,"publisher":{"@id":"https:\/\/www.institutodeengenharia.org.br\/site\/#organization"},"image":{"@id":"https:\/\/www.institutodeengenharia.org.br\/site\/2018\/08\/24\/o-desafio-de-inovar\/#primaryimage"},"thumbnailUrl":"https:\/\/www.institutodeengenharia.org.br\/site\/wp-content\/uploads\/2018\/08\/inovar3.jpg","articleSection":["Departamento Desenvolvimento de Gest\u00e3o e Objetivos","Divis\u00e3o T\u00e9cnica de Tecnologias Digitais"],"inLanguage":"pt-BR","potentialAction":[{"@type":"CommentAction","name":"Comment","target":["https:\/\/www.institutodeengenharia.org.br\/site\/2018\/08\/24\/o-desafio-de-inovar\/#respond"]}]},{"@type":"WebPage","@id":"https:\/\/www.institutodeengenharia.org.br\/site\/2018\/08\/24\/o-desafio-de-inovar\/","url":"https:\/\/www.institutodeengenharia.org.br\/site\/2018\/08\/24\/o-desafio-de-inovar\/","name":"O desafio de inovar - Instituto de Engenharia","isPartOf":{"@id":"https:\/\/www.institutodeengenharia.org.br\/site\/#website"},"primaryImageOfPage":{"@id":"https:\/\/www.institutodeengenharia.org.br\/site\/2018\/08\/24\/o-desafio-de-inovar\/#primaryimage"},"image":{"@id":"https:\/\/www.institutodeengenharia.org.br\/site\/2018\/08\/24\/o-desafio-de-inovar\/#primaryimage"},"thumbnailUrl":"https:\/\/www.institutodeengenharia.org.br\/site\/wp-content\/uploads\/2018\/08\/inovar3.jpg","datePublished":"2018-08-24T17:43:05+00:00","dateModified":"2018-08-24T17:51:11+00:00","breadcrumb":{"@id":"https:\/\/www.institutodeengenharia.org.br\/site\/2018\/08\/24\/o-desafio-de-inovar\/#breadcrumb"},"inLanguage":"pt-BR","potentialAction":[{"@type":"ReadAction","target":["https:\/\/www.institutodeengenharia.org.br\/site\/2018\/08\/24\/o-desafio-de-inovar\/"]}]},{"@type":"ImageObject","inLanguage":"pt-BR","@id":"https:\/\/www.institutodeengenharia.org.br\/site\/2018\/08\/24\/o-desafio-de-inovar\/#primaryimage","url":"https:\/\/www.institutodeengenharia.org.br\/site\/wp-content\/uploads\/2018\/08\/inovar3.jpg","contentUrl":"https:\/\/www.institutodeengenharia.org.br\/site\/wp-content\/uploads\/2018\/08\/inovar3.jpg","width":324,"height":332},{"@type":"BreadcrumbList","@id":"https:\/\/www.institutodeengenharia.org.br\/site\/2018\/08\/24\/o-desafio-de-inovar\/#breadcrumb","itemListElement":[{"@type":"ListItem","position":1,"name":"In\u00edcio","item":"https:\/\/www.institutodeengenharia.org.br\/site\/"},{"@type":"ListItem","position":2,"name":"O desafio de inovar"}]},{"@type":"WebSite","@id":"https:\/\/www.institutodeengenharia.org.br\/site\/#website","url":"https:\/\/www.institutodeengenharia.org.br\/site\/","name":"Instituto de Engenharia","description":"O Instituto de Engenharia promove a Engenharia em benef\u00edcio do desenvolvimento e da qualidade de vida da sociedade.","publisher":{"@id":"https:\/\/www.institutodeengenharia.org.br\/site\/#organization"},"potentialAction":[{"@type":"SearchAction","target":{"@type":"EntryPoint","urlTemplate":"https:\/\/www.institutodeengenharia.org.br\/site\/?s={search_term_string}"},"query-input":{"@type":"PropertyValueSpecification","valueRequired":true,"valueName":"search_term_string"}}],"inLanguage":"pt-BR"},{"@type":"Organization","@id":"https:\/\/www.institutodeengenharia.org.br\/site\/#organization","name":"Instituto de Engenharia","url":"https:\/\/www.institutodeengenharia.org.br\/site\/","logo":{"@type":"ImageObject","inLanguage":"pt-BR","@id":"https:\/\/www.institutodeengenharia.org.br\/site\/#\/schema\/logo\/image\/","url":"https:\/\/www.institutodeengenharia.org.br\/site\/wp-content\/uploads\/2019\/03\/logo-novo-IE2018-1.jpg","contentUrl":"https:\/\/www.institutodeengenharia.org.br\/site\/wp-content\/uploads\/2019\/03\/logo-novo-IE2018-1.jpg","width":1486,"height":1879,"caption":"Instituto de Engenharia"},"image":{"@id":"https:\/\/www.institutodeengenharia.org.br\/site\/#\/schema\/logo\/image\/"},"sameAs":["https:\/\/www.facebook.com\/institutodeengenharia","https:\/\/x.com\/iengenharia","https:\/\/www.instagram.com\/institutodeengenharia\/","https:\/\/www.linkedin.com\/company\/instituto-de-engenharia\/","https:\/\/www.youtube.com\/channel\/UCXiCAlsSMe977vamW915HxA"]},{"@type":"Person","@id":"https:\/\/www.institutodeengenharia.org.br\/site\/#\/schema\/person\/d1764429c217aaa88954818c8f9a3036","name":"Isabel","image":{"@type":"ImageObject","inLanguage":"pt-BR","@id":"https:\/\/secure.gravatar.com\/avatar\/a91d60506c31a7cb05e69a21529f91908e538db3b21f58bfda4039be740fcb71?s=96&d=mm&r=g","url":"https:\/\/secure.gravatar.com\/avatar\/a91d60506c31a7cb05e69a21529f91908e538db3b21f58bfda4039be740fcb71?s=96&d=mm&r=g","contentUrl":"https:\/\/secure.gravatar.com\/avatar\/a91d60506c31a7cb05e69a21529f91908e538db3b21f58bfda4039be740fcb71?s=96&d=mm&r=g","caption":"Isabel"},"url":"https:\/\/www.institutodeengenharia.org.br\/site\/author\/isabel\/"}]}},"_links":{"self":[{"href":"https:\/\/www.institutodeengenharia.org.br\/site\/wp-json\/wp\/v2\/posts\/37407","targetHints":{"allow":["GET"]}}],"collection":[{"href":"https:\/\/www.institutodeengenharia.org.br\/site\/wp-json\/wp\/v2\/posts"}],"about":[{"href":"https:\/\/www.institutodeengenharia.org.br\/site\/wp-json\/wp\/v2\/types\/post"}],"author":[{"embeddable":true,"href":"https:\/\/www.institutodeengenharia.org.br\/site\/wp-json\/wp\/v2\/users\/2"}],"replies":[{"embeddable":true,"href":"https:\/\/www.institutodeengenharia.org.br\/site\/wp-json\/wp\/v2\/comments?post=37407"}],"version-history":[{"count":1,"href":"https:\/\/www.institutodeengenharia.org.br\/site\/wp-json\/wp\/v2\/posts\/37407\/revisions"}],"predecessor-version":[{"id":37410,"href":"https:\/\/www.institutodeengenharia.org.br\/site\/wp-json\/wp\/v2\/posts\/37407\/revisions\/37410"}],"wp:featuredmedia":[{"embeddable":true,"href":"https:\/\/www.institutodeengenharia.org.br\/site\/wp-json\/wp\/v2\/media\/37414"}],"wp:attachment":[{"href":"https:\/\/www.institutodeengenharia.org.br\/site\/wp-json\/wp\/v2\/media?parent=37407"}],"wp:term":[{"taxonomy":"category","embeddable":true,"href":"https:\/\/www.institutodeengenharia.org.br\/site\/wp-json\/wp\/v2\/categories?post=37407"},{"taxonomy":"post_tag","embeddable":true,"href":"https:\/\/www.institutodeengenharia.org.br\/site\/wp-json\/wp\/v2\/tags?post=37407"}],"curies":[{"name":"wp","href":"https:\/\/api.w.org\/{rel}","templated":true}]}}