{"id":37292,"date":"2018-08-20T16:10:40","date_gmt":"2018-08-20T19:10:40","guid":{"rendered":"https:\/\/www.institutodeengenharia.org.br\/site\/?p=37292"},"modified":"2019-01-11T14:48:41","modified_gmt":"2019-01-11T16:48:41","slug":"a-imprensa-precisa-fomentar-discussoes-de-politicas-publicas-de-transporte-com-nossos-candidatos","status":"publish","type":"post","link":"https:\/\/www.institutodeengenharia.org.br\/site\/2018\/08\/20\/a-imprensa-precisa-fomentar-discussoes-de-politicas-publicas-de-transporte-com-nossos-candidatos\/","title":{"rendered":"A imprensa precisa fomentar discuss\u00f5es de pol\u00edticas p\u00fablicas de transporte com nossos candidatos"},"content":{"rendered":"<p><strong>Por Ivan Whately*<\/strong><\/p>\n<p>Vejo todos os dias not\u00edcias sobre transportes e inova\u00e7\u00f5es do setor nos jornais, revistas, r\u00e1dios, televis\u00f5es, aplicativos etc. Com isso, a sociedade toma conhecimento da situa\u00e7\u00e3o dos transportes, cria expectativas, faz reivindica\u00e7\u00f5es e, muitas vezes, mobiliza-se atrav\u00e9s de ONG\u2019s ou dos seus representantes. As reivindica\u00e7\u00f5es da popula\u00e7\u00e3o, em geral, incorporam propostas pass\u00edveis de modifica\u00e7\u00f5es e, mesmo quando convivem com disputas da pr\u00f3pria sociedade, passam por debates saud\u00e1veis, atrav\u00e9s da imprensa, para atender ao interesse comum.<\/p>\n<p>As not\u00edcias, tamb\u00e9m, alertam o governo nos seus mais variados n\u00edveis de compet\u00eancia, quer ajudando-o a corrigir as inefici\u00eancias que ficam registradas nas reportagens, quer sensibilizando-o para os reclamos da popula\u00e7\u00e3o. Assim sendo, a imprensa precisa criticar sem, contudo, ter que especificar medidas t\u00e9cnicas a serem adotadas. Por outro lado, o notici\u00e1rio precisa ir al\u00e9m das informa\u00e7\u00f5es e questionar os respons\u00e1veis, se eles est\u00e3o preparados para enfrentar os problemas noticiados.<\/p>\n<p>Alguns problemas de transporte mostrados nos notici\u00e1rios, n\u00e3o raras vezes, permanecem por longos per\u00edodos sem solu\u00e7\u00e3o. A informa\u00e7\u00e3o, em si pr\u00f3pria, \u00e9 necess\u00e1ria para popula\u00e7\u00e3o e governo, mas n\u00e3o \u00e9 suficiente para resolver os problemas de transporte.<\/p>\n<p>Seria conveniente que, al\u00e9m das informa\u00e7\u00f5es relativas ao dia a dia, a imprensa esteja atenta \u00e0 necessidade sobre a\u00e7\u00f5es, metas e planos do governo coerentes com as demandas da popula\u00e7\u00e3o. Nesse sentido e a t\u00edtulo de sugest\u00e3o, relacionei alguns exemplos de temas recorrentes em nosso notici\u00e1rio, que, para serem bem equacionados, precisam ter perceptibilidade do governo na ado\u00e7\u00e3o de pol\u00edticas p\u00fablicas:<\/p>\n<p><strong>Integra\u00e7\u00e3o dos transportes p\u00fablicos<\/strong>: em S\u00e3o Paulo, as reportagens mostram exemplos gritantes de problemas como vendas de bilhetes falsificados, corredores de \u00f4nibus congestionados, longas filas de espera e paralisa\u00e7\u00f5es de trens. Em outros aglomerados urbanos, os problemas s\u00e3o semelhantes. Citei S\u00e3o Paulo, por ser a maior metr\u00f3pole.<\/p>\n<p>A autonomia dos munic\u00edpios conferida pela Constitui\u00e7\u00e3o Brasileira para transporte p\u00fablico provoca decis\u00f5es isoladas de planejamento, financiamento, implanta\u00e7\u00e3o e opera\u00e7\u00e3o do sistema. No restante do mundo, existem \u201cAutoridades Metropolitanas\u201d para organiza\u00e7\u00e3o de transportes dos aglomerados urbanos. Tamb\u00e9m precisamos tomar decis\u00f5es conjuntas. Como caminho, as prefeituras podem se agregar atrav\u00e9s de conv\u00eanios ou cons\u00f3rcios de munic\u00edpios para hierarquizar e integrar a rede de transporte intermodal, instalar um Centro de Opera\u00e7\u00f5es para a regi\u00e3o, estabelecer compensa\u00e7\u00e3o tarif\u00e1ria e interoperabilidade da bilhetagem.<\/p>\n<p><strong>Acidentes com Motos<\/strong>: o noticioso mostra que de todos os acidentes de tr\u00e2nsito com \u00f3bito em S\u00e3o Paulo, 48,2% envolveram motos.\u00a0A frota de motocicletas chegou a 26,4 milh\u00f5es de ve\u00edculos, apresentando um crescimento em torno de 4% neste ano, enquanto os transportes p\u00fablicos sofreram uma redu\u00e7\u00e3o anual de passageiros transportados. Em algumas cidades brasileiras, o n\u00famero de motos supera o de autos. \u00c9 bom para nosso pa\u00eds a migra\u00e7\u00e3o de passageiros dos \u00f4nibus para as motos? \u00c9 bom o crescimento desse modo de transporte?<\/p>\n<p>As isen\u00e7\u00f5es fiscais para as montadoras e os financiamentos em longo prazo tornam a aquisi\u00e7\u00e3o de moto mais barata que pagar o transporte por \u00f4nibus. O C\u00f3digo Brasileiro de Tr\u00e2nsito que regula a circula\u00e7\u00e3o de ve\u00edculos, em nosso pa\u00eds, n\u00e3o tem restri\u00e7\u00f5es ao principal motivo de acidentes com as motos, ou seja, a proibi\u00e7\u00e3o de circular entre duas faixas de autos. Outro motivo de acidentes \u00e9 a falta de controle para o excesso de velocidade das motos no tr\u00e2nsito.<\/p>\n<p>A defini\u00e7\u00e3o de uma pol\u00edtica p\u00fablica coerente com o bem-estar da popula\u00e7\u00e3o poder\u00e1 reduzir o n\u00famero de acidentes e tornar a circula\u00e7\u00e3o das motos harm\u00f4nica em nossas vias.<\/p>\n<p><strong>Seguran\u00e7a de Pedestres<\/strong>: o assunto \u00e9 recorrente na imprensa e as mortes de pedestres sensibilizam a todos. Afinal, em algum momento todos somos pedestres. Os n\u00fameros das estat\u00edsticas anuais aparecem nos jornais e algumas manchetes classificam Brasil como o quarto pa\u00eds com mais mortes de pedestres na Am\u00e9rica, com 23,4 mortes para cada 100 mil habitantes, segundo estimativas da Organiza\u00e7\u00e3o Mundial da Sa\u00fade (OMS).<\/p>\n<p>Estudos comprovam que alcoolemia e velocidade s\u00e3o os principais respons\u00e1veis pelos atropelamentos, assim como a falta de regulamenta\u00e7\u00e3o, sinaliza\u00e7\u00e3o semaf\u00f3rica, demarca\u00e7\u00f5es no solo e educa\u00e7\u00e3o de tr\u00e2nsito.<\/p>\n<p>Faltam os programas cont\u00ednuos, institu\u00eddos atrav\u00e9s de pol\u00edticas p\u00fablicas, que implantem \u201cToler\u00e2ncia Zero\u201d para acidentes com pedestres.<\/p>\n<p><strong>Congestionamentos de Tr\u00e2nsito<\/strong>: a imprensa, diuturnamente, informa as condi\u00e7\u00f5es em que os autom\u00f3veis e outros ve\u00edculos operam em baixas velocidades, bem como com redu\u00e7\u00e3o do fluxo e paradas freq\u00fcentes. As informa\u00e7\u00f5es contribuem para oferecer op\u00e7\u00f5es de percurso e algumas reportagens sugerem solu\u00e7\u00f5es exitosas em outras cidades, como sem\u00e1foros inteligentes e ped\u00e1gio urbano.<\/p>\n<p>S\u00e3o propostas isoladas que podem at\u00e9 serem conflitantes, mas como not\u00edcia s\u00e3o captadas pela popula\u00e7\u00e3o, como tamb\u00e9m pelo poder p\u00fablico. As sugest\u00f5es ficam no ar e at\u00e9 podem propor rumos bem diferentes. Umas apontam para a prioriza\u00e7\u00e3o dos transportes p\u00fablicos e outras enfocam melhorias para o tr\u00e2nsito de autom\u00f3veis. A melhor op\u00e7\u00e3o \u00e9 aquela que atenda ao interesse p\u00fablico e precisa ser definida atrav\u00e9s de pol\u00edticas p\u00fablicas.<\/p>\n<p><strong>Equil\u00edbrio Financeiro Sustent\u00e1vel<\/strong>: em S\u00e3o Paulo, a imprensa j\u00e1 denunciou que o or\u00e7amento municipal n\u00e3o suportar\u00e1 o aumento dos subs\u00eddios aos \u00f4nibus, que atingiu 3 bilh\u00f5es em 2017, enquanto gasta-se pouco em infraestrutura. Reportagens sugeriram direcionar o Cide para transporte urbano, sem, contudo, definir princ\u00edpios ou reforma tribut\u00e1ria.<\/p>\n<p>Institucionalmente, o planejamento econ\u00f4mico para financiamento das infraestruturas, aprimoramento e expans\u00e3o da rede \u00e9 espec\u00edfico para cada esfera de governo, suscitando conflitos nas prioridades, busca de outras fontes de recursos e destina\u00e7\u00f5es de recursos aos \u00f3rg\u00e3os concedentes.<\/p>\n<p>Apenas mexer na Cide n\u00e3o resolve. Na Fran\u00e7a, por exemplo, existe uma contribui\u00e7\u00e3o aplicada sobre os sal\u00e1rios, paga pelos empregadores, que \u00e9 direcionada \u00e0 Autoridade Metropolitana e cobre mais de 40% do or\u00e7amento total do sistema de transporte. Como esta sugest\u00e3o, existem outras. A mais adequada para a situa\u00e7\u00e3o brasileira depende da defini\u00e7\u00e3o de pol\u00edticas p\u00fablicas, que n\u00e3o existem no contexto atual.<\/p>\n<p><strong>Transporte de Carga<\/strong>: as reportagens mostram ve\u00edculos pesados na Regi\u00e3o Metropolitana de S\u00e3o Paulo, munic\u00edpios com diferentes tipologias de ve\u00edculos de carga e cr\u00edticas relacionadas a ped\u00e1gios, falta de plataformas log\u00edsticas e de dep\u00f3sitos de transi\u00e7\u00e3o para ve\u00edculos menores.<\/p>\n<p>A autonomia dos munic\u00edpios conferida pela Constitui\u00e7\u00e3o Brasileira provoca regulamenta\u00e7\u00f5es de tr\u00e2nsito isoladas para circula\u00e7\u00e3o e fiscaliza\u00e7\u00e3o, dificultando a movimenta\u00e7\u00e3o de carga e a instala\u00e7\u00e3o de plataformas log\u00edsticas.<\/p>\n<p>Caminhos para a integra\u00e7\u00e3o das aglomera\u00e7\u00f5es urbanas existem e precisam ser inclu\u00eddos na pauta dos respons\u00e1veis pelos transportes em nossas cidades.<\/p>\n<p>Por fim, sugiro que a imprensa amplie a sua abordagem sobre as demandas recorrentes da sociedade relacionadas com transportes. A preocupa\u00e7\u00e3o maior da imprensa deveria ultrapassar as ocorr\u00eancias e buscar o bom funcionamento do setor de transporte, atrav\u00e9s de princ\u00edpios e objetivos bem definidos. Certamente, as medidas que os dirigentes p\u00fablicos \u2013 e neste momento tamb\u00e9m os candidatos &#8211; selecionam e priorizam s\u00e3o aquelas que eles entendem serem as demandas ou expectativas da sociedade, mas, se as informa\u00e7\u00f5es forem recorrentes, precisamos ir al\u00e9m dos fatos e pleitear a\u00e7\u00f5es, metas e planos de governo, ou melhor, a defini\u00e7\u00e3o de pol\u00edticas p\u00fablicas.<\/p>\n<p>________________________________________________________________________<\/p>\n<p><img loading=\"lazy\" decoding=\"async\" class=\"alignnone  wp-image-37543\" src=\"https:\/\/www.institutodeengenharia.org.br\/site\/wp-content\/uploads\/2018\/08\/WhatsApp-Image-2018-08-29-at-14.42.54.jpeg\" alt=\"\" width=\"147\" height=\"189\" srcset=\"https:\/\/www.institutodeengenharia.org.br\/site\/wp-content\/uploads\/2018\/08\/WhatsApp-Image-2018-08-29-at-14.42.54.jpeg 741w, https:\/\/www.institutodeengenharia.org.br\/site\/wp-content\/uploads\/2018\/08\/WhatsApp-Image-2018-08-29-at-14.42.54-233x300.jpeg 233w, https:\/\/www.institutodeengenharia.org.br\/site\/wp-content\/uploads\/2018\/08\/WhatsApp-Image-2018-08-29-at-14.42.54-696x897.jpeg 696w, https:\/\/www.institutodeengenharia.org.br\/site\/wp-content\/uploads\/2018\/08\/WhatsApp-Image-2018-08-29-at-14.42.54-326x420.jpeg 326w\" sizes=\"auto, (max-width: 147px) 100vw, 147px\" \/><\/p>\n<p><strong>Ivan Metran Whately*<\/strong><\/p>\n<p>Engenheiro de Transporte e Diretor do Departamento de Mobilidade e Log\u00edstica do Instituto de Engenharia.<\/p>\n","protected":false},"excerpt":{"rendered":"<p>Por Ivan Whately* Vejo todos os dias not\u00edcias sobre transportes e inova\u00e7\u00f5es do setor nos jornais, revistas, r\u00e1dios, televis\u00f5es, aplicativos etc. Com isso, a sociedade toma conhecimento da situa\u00e7\u00e3o dos transportes, cria expectativas, faz reivindica\u00e7\u00f5es e, muitas vezes, mobiliza-se atrav\u00e9s de ONG\u2019s ou dos seus representantes. As reivindica\u00e7\u00f5es da popula\u00e7\u00e3o, em geral, incorporam propostas pass\u00edveis [&hellip;]<\/p>\n","protected":false},"author":13,"featured_media":37294,"comment_status":"open","ping_status":"open","sticky":false,"template":"","format":"standard","meta":{"footnotes":""},"categories":[11,961],"tags":[],"class_list":{"0":"post-37292","1":"post","2":"type-post","3":"status-publish","4":"format-standard","5":"has-post-thumbnail","7":"category-articulistas","8":"category-ivan-metran-whately"},"yoast_head":"<!-- This site is optimized with the Yoast SEO plugin v27.2 - https:\/\/yoast.com\/product\/yoast-seo-wordpress\/ -->\n<title>A imprensa precisa fomentar discuss\u00f5es de pol\u00edticas p\u00fablicas de transporte com nossos candidatos - Instituto de Engenharia<\/title>\n<meta name=\"robots\" content=\"index, follow, max-snippet:-1, max-image-preview:large, max-video-preview:-1\" \/>\n<link rel=\"canonical\" href=\"https:\/\/www.institutodeengenharia.org.br\/site\/2018\/08\/20\/a-imprensa-precisa-fomentar-discussoes-de-politicas-publicas-de-transporte-com-nossos-candidatos\/\" \/>\n<meta property=\"og:locale\" content=\"pt_BR\" \/>\n<meta property=\"og:type\" content=\"article\" \/>\n<meta property=\"og:title\" content=\"A imprensa precisa fomentar discuss\u00f5es de pol\u00edticas p\u00fablicas de transporte com nossos candidatos - Instituto de Engenharia\" \/>\n<meta property=\"og:description\" content=\"Por Ivan Whately* Vejo todos os dias not\u00edcias sobre transportes e inova\u00e7\u00f5es do setor nos jornais, revistas, r\u00e1dios, televis\u00f5es, aplicativos etc. Com isso, a sociedade toma conhecimento da situa\u00e7\u00e3o dos transportes, cria expectativas, faz reivindica\u00e7\u00f5es e, muitas vezes, mobiliza-se atrav\u00e9s de ONG\u2019s ou dos seus representantes. As reivindica\u00e7\u00f5es da popula\u00e7\u00e3o, em geral, incorporam propostas pass\u00edveis [&hellip;]\" \/>\n<meta property=\"og:url\" content=\"https:\/\/www.institutodeengenharia.org.br\/site\/2018\/08\/20\/a-imprensa-precisa-fomentar-discussoes-de-politicas-publicas-de-transporte-com-nossos-candidatos\/\" \/>\n<meta property=\"og:site_name\" content=\"Instituto de Engenharia\" \/>\n<meta property=\"article:publisher\" content=\"https:\/\/www.facebook.com\/institutodeengenharia\" \/>\n<meta property=\"article:published_time\" content=\"2018-08-20T19:10:40+00:00\" \/>\n<meta property=\"article:modified_time\" content=\"2019-01-11T16:48:41+00:00\" \/>\n<meta property=\"og:image\" content=\"https:\/\/www.institutodeengenharia.org.br\/site\/wp-content\/uploads\/2018\/08\/hong-kong-1990268_1280.jpg\" \/>\n\t<meta property=\"og:image:width\" content=\"1280\" \/>\n\t<meta property=\"og:image:height\" content=\"720\" \/>\n\t<meta property=\"og:image:type\" content=\"image\/jpeg\" \/>\n<meta name=\"author\" content=\"Bianca\" \/>\n<meta name=\"twitter:card\" content=\"summary_large_image\" \/>\n<meta name=\"twitter:creator\" content=\"@iengenharia\" \/>\n<meta name=\"twitter:site\" content=\"@iengenharia\" \/>\n<meta name=\"twitter:label1\" content=\"Escrito por\" \/>\n\t<meta name=\"twitter:data1\" content=\"Bianca\" \/>\n\t<meta name=\"twitter:label2\" content=\"Est. tempo de leitura\" \/>\n\t<meta name=\"twitter:data2\" content=\"7 minutos\" \/>\n<script type=\"application\/ld+json\" class=\"yoast-schema-graph\">{\"@context\":\"https:\/\/schema.org\",\"@graph\":[{\"@type\":\"Article\",\"@id\":\"https:\/\/www.institutodeengenharia.org.br\/site\/2018\/08\/20\/a-imprensa-precisa-fomentar-discussoes-de-politicas-publicas-de-transporte-com-nossos-candidatos\/#article\",\"isPartOf\":{\"@id\":\"https:\/\/www.institutodeengenharia.org.br\/site\/2018\/08\/20\/a-imprensa-precisa-fomentar-discussoes-de-politicas-publicas-de-transporte-com-nossos-candidatos\/\"},\"author\":{\"name\":\"Bianca\",\"@id\":\"https:\/\/www.institutodeengenharia.org.br\/site\/#\/schema\/person\/aeb64951c405e100d26d30b033dd423f\"},\"headline\":\"A imprensa precisa fomentar discuss\u00f5es de pol\u00edticas p\u00fablicas de transporte com nossos candidatos\",\"datePublished\":\"2018-08-20T19:10:40+00:00\",\"dateModified\":\"2019-01-11T16:48:41+00:00\",\"mainEntityOfPage\":{\"@id\":\"https:\/\/www.institutodeengenharia.org.br\/site\/2018\/08\/20\/a-imprensa-precisa-fomentar-discussoes-de-politicas-publicas-de-transporte-com-nossos-candidatos\/\"},\"wordCount\":1348,\"commentCount\":0,\"publisher\":{\"@id\":\"https:\/\/www.institutodeengenharia.org.br\/site\/#organization\"},\"image\":{\"@id\":\"https:\/\/www.institutodeengenharia.org.br\/site\/2018\/08\/20\/a-imprensa-precisa-fomentar-discussoes-de-politicas-publicas-de-transporte-com-nossos-candidatos\/#primaryimage\"},\"thumbnailUrl\":\"https:\/\/www.institutodeengenharia.org.br\/site\/wp-content\/uploads\/2018\/08\/hong-kong-1990268_1280.jpg\",\"articleSection\":[\"Articulistas\",\"Ivan Metran Whately\"],\"inLanguage\":\"pt-BR\",\"potentialAction\":[{\"@type\":\"CommentAction\",\"name\":\"Comment\",\"target\":[\"https:\/\/www.institutodeengenharia.org.br\/site\/2018\/08\/20\/a-imprensa-precisa-fomentar-discussoes-de-politicas-publicas-de-transporte-com-nossos-candidatos\/#respond\"]}]},{\"@type\":\"WebPage\",\"@id\":\"https:\/\/www.institutodeengenharia.org.br\/site\/2018\/08\/20\/a-imprensa-precisa-fomentar-discussoes-de-politicas-publicas-de-transporte-com-nossos-candidatos\/\",\"url\":\"https:\/\/www.institutodeengenharia.org.br\/site\/2018\/08\/20\/a-imprensa-precisa-fomentar-discussoes-de-politicas-publicas-de-transporte-com-nossos-candidatos\/\",\"name\":\"A imprensa precisa fomentar discuss\u00f5es de pol\u00edticas p\u00fablicas de transporte com nossos candidatos - Instituto de Engenharia\",\"isPartOf\":{\"@id\":\"https:\/\/www.institutodeengenharia.org.br\/site\/#website\"},\"primaryImageOfPage\":{\"@id\":\"https:\/\/www.institutodeengenharia.org.br\/site\/2018\/08\/20\/a-imprensa-precisa-fomentar-discussoes-de-politicas-publicas-de-transporte-com-nossos-candidatos\/#primaryimage\"},\"image\":{\"@id\":\"https:\/\/www.institutodeengenharia.org.br\/site\/2018\/08\/20\/a-imprensa-precisa-fomentar-discussoes-de-politicas-publicas-de-transporte-com-nossos-candidatos\/#primaryimage\"},\"thumbnailUrl\":\"https:\/\/www.institutodeengenharia.org.br\/site\/wp-content\/uploads\/2018\/08\/hong-kong-1990268_1280.jpg\",\"datePublished\":\"2018-08-20T19:10:40+00:00\",\"dateModified\":\"2019-01-11T16:48:41+00:00\",\"breadcrumb\":{\"@id\":\"https:\/\/www.institutodeengenharia.org.br\/site\/2018\/08\/20\/a-imprensa-precisa-fomentar-discussoes-de-politicas-publicas-de-transporte-com-nossos-candidatos\/#breadcrumb\"},\"inLanguage\":\"pt-BR\",\"potentialAction\":[{\"@type\":\"ReadAction\",\"target\":[\"https:\/\/www.institutodeengenharia.org.br\/site\/2018\/08\/20\/a-imprensa-precisa-fomentar-discussoes-de-politicas-publicas-de-transporte-com-nossos-candidatos\/\"]}]},{\"@type\":\"ImageObject\",\"inLanguage\":\"pt-BR\",\"@id\":\"https:\/\/www.institutodeengenharia.org.br\/site\/2018\/08\/20\/a-imprensa-precisa-fomentar-discussoes-de-politicas-publicas-de-transporte-com-nossos-candidatos\/#primaryimage\",\"url\":\"https:\/\/www.institutodeengenharia.org.br\/site\/wp-content\/uploads\/2018\/08\/hong-kong-1990268_1280.jpg\",\"contentUrl\":\"https:\/\/www.institutodeengenharia.org.br\/site\/wp-content\/uploads\/2018\/08\/hong-kong-1990268_1280.jpg\",\"width\":1280,\"height\":720},{\"@type\":\"BreadcrumbList\",\"@id\":\"https:\/\/www.institutodeengenharia.org.br\/site\/2018\/08\/20\/a-imprensa-precisa-fomentar-discussoes-de-politicas-publicas-de-transporte-com-nossos-candidatos\/#breadcrumb\",\"itemListElement\":[{\"@type\":\"ListItem\",\"position\":1,\"name\":\"In\u00edcio\",\"item\":\"https:\/\/www.institutodeengenharia.org.br\/site\/\"},{\"@type\":\"ListItem\",\"position\":2,\"name\":\"A imprensa precisa fomentar discuss\u00f5es de pol\u00edticas p\u00fablicas de transporte com nossos candidatos\"}]},{\"@type\":\"WebSite\",\"@id\":\"https:\/\/www.institutodeengenharia.org.br\/site\/#website\",\"url\":\"https:\/\/www.institutodeengenharia.org.br\/site\/\",\"name\":\"Instituto de Engenharia\",\"description\":\"O Instituto de Engenharia promove a Engenharia em benef\u00edcio do desenvolvimento e da qualidade de vida da sociedade.\",\"publisher\":{\"@id\":\"https:\/\/www.institutodeengenharia.org.br\/site\/#organization\"},\"potentialAction\":[{\"@type\":\"SearchAction\",\"target\":{\"@type\":\"EntryPoint\",\"urlTemplate\":\"https:\/\/www.institutodeengenharia.org.br\/site\/?s={search_term_string}\"},\"query-input\":{\"@type\":\"PropertyValueSpecification\",\"valueRequired\":true,\"valueName\":\"search_term_string\"}}],\"inLanguage\":\"pt-BR\"},{\"@type\":\"Organization\",\"@id\":\"https:\/\/www.institutodeengenharia.org.br\/site\/#organization\",\"name\":\"Instituto de Engenharia\",\"url\":\"https:\/\/www.institutodeengenharia.org.br\/site\/\",\"logo\":{\"@type\":\"ImageObject\",\"inLanguage\":\"pt-BR\",\"@id\":\"https:\/\/www.institutodeengenharia.org.br\/site\/#\/schema\/logo\/image\/\",\"url\":\"https:\/\/www.institutodeengenharia.org.br\/site\/wp-content\/uploads\/2019\/03\/logo-novo-IE2018-1.jpg\",\"contentUrl\":\"https:\/\/www.institutodeengenharia.org.br\/site\/wp-content\/uploads\/2019\/03\/logo-novo-IE2018-1.jpg\",\"width\":1486,\"height\":1879,\"caption\":\"Instituto de Engenharia\"},\"image\":{\"@id\":\"https:\/\/www.institutodeengenharia.org.br\/site\/#\/schema\/logo\/image\/\"},\"sameAs\":[\"https:\/\/www.facebook.com\/institutodeengenharia\",\"https:\/\/x.com\/iengenharia\",\"https:\/\/www.instagram.com\/institutodeengenharia\/\",\"https:\/\/www.linkedin.com\/company\/instituto-de-engenharia\/\",\"https:\/\/www.youtube.com\/channel\/UCXiCAlsSMe977vamW915HxA\"]},{\"@type\":\"Person\",\"@id\":\"https:\/\/www.institutodeengenharia.org.br\/site\/#\/schema\/person\/aeb64951c405e100d26d30b033dd423f\",\"name\":\"Bianca\",\"image\":{\"@type\":\"ImageObject\",\"inLanguage\":\"pt-BR\",\"@id\":\"https:\/\/secure.gravatar.com\/avatar\/a6fbe9bff57405baf4c1e2c5c1811e072b558253974a9f9508f4678900c97c2a?s=96&d=mm&r=g\",\"url\":\"https:\/\/secure.gravatar.com\/avatar\/a6fbe9bff57405baf4c1e2c5c1811e072b558253974a9f9508f4678900c97c2a?s=96&d=mm&r=g\",\"contentUrl\":\"https:\/\/secure.gravatar.com\/avatar\/a6fbe9bff57405baf4c1e2c5c1811e072b558253974a9f9508f4678900c97c2a?s=96&d=mm&r=g\",\"caption\":\"Bianca\"},\"url\":\"https:\/\/www.institutodeengenharia.org.br\/site\/author\/comunicacao1\/\"}]}<\/script>\n<!-- \/ Yoast SEO plugin. -->","yoast_head_json":{"title":"A imprensa precisa fomentar discuss\u00f5es de pol\u00edticas p\u00fablicas de transporte com nossos candidatos - Instituto de Engenharia","robots":{"index":"index","follow":"follow","max-snippet":"max-snippet:-1","max-image-preview":"max-image-preview:large","max-video-preview":"max-video-preview:-1"},"canonical":"https:\/\/www.institutodeengenharia.org.br\/site\/2018\/08\/20\/a-imprensa-precisa-fomentar-discussoes-de-politicas-publicas-de-transporte-com-nossos-candidatos\/","og_locale":"pt_BR","og_type":"article","og_title":"A imprensa precisa fomentar discuss\u00f5es de pol\u00edticas p\u00fablicas de transporte com nossos candidatos - Instituto de Engenharia","og_description":"Por Ivan Whately* Vejo todos os dias not\u00edcias sobre transportes e inova\u00e7\u00f5es do setor nos jornais, revistas, r\u00e1dios, televis\u00f5es, aplicativos etc. Com isso, a sociedade toma conhecimento da situa\u00e7\u00e3o dos transportes, cria expectativas, faz reivindica\u00e7\u00f5es e, muitas vezes, mobiliza-se atrav\u00e9s de ONG\u2019s ou dos seus representantes. As reivindica\u00e7\u00f5es da popula\u00e7\u00e3o, em geral, incorporam propostas pass\u00edveis [&hellip;]","og_url":"https:\/\/www.institutodeengenharia.org.br\/site\/2018\/08\/20\/a-imprensa-precisa-fomentar-discussoes-de-politicas-publicas-de-transporte-com-nossos-candidatos\/","og_site_name":"Instituto de Engenharia","article_publisher":"https:\/\/www.facebook.com\/institutodeengenharia","article_published_time":"2018-08-20T19:10:40+00:00","article_modified_time":"2019-01-11T16:48:41+00:00","og_image":[{"width":1280,"height":720,"url":"https:\/\/www.institutodeengenharia.org.br\/site\/wp-content\/uploads\/2018\/08\/hong-kong-1990268_1280.jpg","type":"image\/jpeg"}],"author":"Bianca","twitter_card":"summary_large_image","twitter_creator":"@iengenharia","twitter_site":"@iengenharia","twitter_misc":{"Escrito por":"Bianca","Est. tempo de leitura":"7 minutos"},"schema":{"@context":"https:\/\/schema.org","@graph":[{"@type":"Article","@id":"https:\/\/www.institutodeengenharia.org.br\/site\/2018\/08\/20\/a-imprensa-precisa-fomentar-discussoes-de-politicas-publicas-de-transporte-com-nossos-candidatos\/#article","isPartOf":{"@id":"https:\/\/www.institutodeengenharia.org.br\/site\/2018\/08\/20\/a-imprensa-precisa-fomentar-discussoes-de-politicas-publicas-de-transporte-com-nossos-candidatos\/"},"author":{"name":"Bianca","@id":"https:\/\/www.institutodeengenharia.org.br\/site\/#\/schema\/person\/aeb64951c405e100d26d30b033dd423f"},"headline":"A imprensa precisa fomentar discuss\u00f5es de pol\u00edticas p\u00fablicas de transporte com nossos candidatos","datePublished":"2018-08-20T19:10:40+00:00","dateModified":"2019-01-11T16:48:41+00:00","mainEntityOfPage":{"@id":"https:\/\/www.institutodeengenharia.org.br\/site\/2018\/08\/20\/a-imprensa-precisa-fomentar-discussoes-de-politicas-publicas-de-transporte-com-nossos-candidatos\/"},"wordCount":1348,"commentCount":0,"publisher":{"@id":"https:\/\/www.institutodeengenharia.org.br\/site\/#organization"},"image":{"@id":"https:\/\/www.institutodeengenharia.org.br\/site\/2018\/08\/20\/a-imprensa-precisa-fomentar-discussoes-de-politicas-publicas-de-transporte-com-nossos-candidatos\/#primaryimage"},"thumbnailUrl":"https:\/\/www.institutodeengenharia.org.br\/site\/wp-content\/uploads\/2018\/08\/hong-kong-1990268_1280.jpg","articleSection":["Articulistas","Ivan Metran Whately"],"inLanguage":"pt-BR","potentialAction":[{"@type":"CommentAction","name":"Comment","target":["https:\/\/www.institutodeengenharia.org.br\/site\/2018\/08\/20\/a-imprensa-precisa-fomentar-discussoes-de-politicas-publicas-de-transporte-com-nossos-candidatos\/#respond"]}]},{"@type":"WebPage","@id":"https:\/\/www.institutodeengenharia.org.br\/site\/2018\/08\/20\/a-imprensa-precisa-fomentar-discussoes-de-politicas-publicas-de-transporte-com-nossos-candidatos\/","url":"https:\/\/www.institutodeengenharia.org.br\/site\/2018\/08\/20\/a-imprensa-precisa-fomentar-discussoes-de-politicas-publicas-de-transporte-com-nossos-candidatos\/","name":"A imprensa precisa fomentar discuss\u00f5es de pol\u00edticas p\u00fablicas de transporte com nossos candidatos - Instituto de Engenharia","isPartOf":{"@id":"https:\/\/www.institutodeengenharia.org.br\/site\/#website"},"primaryImageOfPage":{"@id":"https:\/\/www.institutodeengenharia.org.br\/site\/2018\/08\/20\/a-imprensa-precisa-fomentar-discussoes-de-politicas-publicas-de-transporte-com-nossos-candidatos\/#primaryimage"},"image":{"@id":"https:\/\/www.institutodeengenharia.org.br\/site\/2018\/08\/20\/a-imprensa-precisa-fomentar-discussoes-de-politicas-publicas-de-transporte-com-nossos-candidatos\/#primaryimage"},"thumbnailUrl":"https:\/\/www.institutodeengenharia.org.br\/site\/wp-content\/uploads\/2018\/08\/hong-kong-1990268_1280.jpg","datePublished":"2018-08-20T19:10:40+00:00","dateModified":"2019-01-11T16:48:41+00:00","breadcrumb":{"@id":"https:\/\/www.institutodeengenharia.org.br\/site\/2018\/08\/20\/a-imprensa-precisa-fomentar-discussoes-de-politicas-publicas-de-transporte-com-nossos-candidatos\/#breadcrumb"},"inLanguage":"pt-BR","potentialAction":[{"@type":"ReadAction","target":["https:\/\/www.institutodeengenharia.org.br\/site\/2018\/08\/20\/a-imprensa-precisa-fomentar-discussoes-de-politicas-publicas-de-transporte-com-nossos-candidatos\/"]}]},{"@type":"ImageObject","inLanguage":"pt-BR","@id":"https:\/\/www.institutodeengenharia.org.br\/site\/2018\/08\/20\/a-imprensa-precisa-fomentar-discussoes-de-politicas-publicas-de-transporte-com-nossos-candidatos\/#primaryimage","url":"https:\/\/www.institutodeengenharia.org.br\/site\/wp-content\/uploads\/2018\/08\/hong-kong-1990268_1280.jpg","contentUrl":"https:\/\/www.institutodeengenharia.org.br\/site\/wp-content\/uploads\/2018\/08\/hong-kong-1990268_1280.jpg","width":1280,"height":720},{"@type":"BreadcrumbList","@id":"https:\/\/www.institutodeengenharia.org.br\/site\/2018\/08\/20\/a-imprensa-precisa-fomentar-discussoes-de-politicas-publicas-de-transporte-com-nossos-candidatos\/#breadcrumb","itemListElement":[{"@type":"ListItem","position":1,"name":"In\u00edcio","item":"https:\/\/www.institutodeengenharia.org.br\/site\/"},{"@type":"ListItem","position":2,"name":"A imprensa precisa fomentar discuss\u00f5es de pol\u00edticas p\u00fablicas de transporte com nossos candidatos"}]},{"@type":"WebSite","@id":"https:\/\/www.institutodeengenharia.org.br\/site\/#website","url":"https:\/\/www.institutodeengenharia.org.br\/site\/","name":"Instituto de Engenharia","description":"O Instituto de Engenharia promove a Engenharia em benef\u00edcio do desenvolvimento e da qualidade de vida da sociedade.","publisher":{"@id":"https:\/\/www.institutodeengenharia.org.br\/site\/#organization"},"potentialAction":[{"@type":"SearchAction","target":{"@type":"EntryPoint","urlTemplate":"https:\/\/www.institutodeengenharia.org.br\/site\/?s={search_term_string}"},"query-input":{"@type":"PropertyValueSpecification","valueRequired":true,"valueName":"search_term_string"}}],"inLanguage":"pt-BR"},{"@type":"Organization","@id":"https:\/\/www.institutodeengenharia.org.br\/site\/#organization","name":"Instituto de Engenharia","url":"https:\/\/www.institutodeengenharia.org.br\/site\/","logo":{"@type":"ImageObject","inLanguage":"pt-BR","@id":"https:\/\/www.institutodeengenharia.org.br\/site\/#\/schema\/logo\/image\/","url":"https:\/\/www.institutodeengenharia.org.br\/site\/wp-content\/uploads\/2019\/03\/logo-novo-IE2018-1.jpg","contentUrl":"https:\/\/www.institutodeengenharia.org.br\/site\/wp-content\/uploads\/2019\/03\/logo-novo-IE2018-1.jpg","width":1486,"height":1879,"caption":"Instituto de Engenharia"},"image":{"@id":"https:\/\/www.institutodeengenharia.org.br\/site\/#\/schema\/logo\/image\/"},"sameAs":["https:\/\/www.facebook.com\/institutodeengenharia","https:\/\/x.com\/iengenharia","https:\/\/www.instagram.com\/institutodeengenharia\/","https:\/\/www.linkedin.com\/company\/instituto-de-engenharia\/","https:\/\/www.youtube.com\/channel\/UCXiCAlsSMe977vamW915HxA"]},{"@type":"Person","@id":"https:\/\/www.institutodeengenharia.org.br\/site\/#\/schema\/person\/aeb64951c405e100d26d30b033dd423f","name":"Bianca","image":{"@type":"ImageObject","inLanguage":"pt-BR","@id":"https:\/\/secure.gravatar.com\/avatar\/a6fbe9bff57405baf4c1e2c5c1811e072b558253974a9f9508f4678900c97c2a?s=96&d=mm&r=g","url":"https:\/\/secure.gravatar.com\/avatar\/a6fbe9bff57405baf4c1e2c5c1811e072b558253974a9f9508f4678900c97c2a?s=96&d=mm&r=g","contentUrl":"https:\/\/secure.gravatar.com\/avatar\/a6fbe9bff57405baf4c1e2c5c1811e072b558253974a9f9508f4678900c97c2a?s=96&d=mm&r=g","caption":"Bianca"},"url":"https:\/\/www.institutodeengenharia.org.br\/site\/author\/comunicacao1\/"}]}},"_links":{"self":[{"href":"https:\/\/www.institutodeengenharia.org.br\/site\/wp-json\/wp\/v2\/posts\/37292","targetHints":{"allow":["GET"]}}],"collection":[{"href":"https:\/\/www.institutodeengenharia.org.br\/site\/wp-json\/wp\/v2\/posts"}],"about":[{"href":"https:\/\/www.institutodeengenharia.org.br\/site\/wp-json\/wp\/v2\/types\/post"}],"author":[{"embeddable":true,"href":"https:\/\/www.institutodeengenharia.org.br\/site\/wp-json\/wp\/v2\/users\/13"}],"replies":[{"embeddable":true,"href":"https:\/\/www.institutodeengenharia.org.br\/site\/wp-json\/wp\/v2\/comments?post=37292"}],"version-history":[{"count":2,"href":"https:\/\/www.institutodeengenharia.org.br\/site\/wp-json\/wp\/v2\/posts\/37292\/revisions"}],"predecessor-version":[{"id":39707,"href":"https:\/\/www.institutodeengenharia.org.br\/site\/wp-json\/wp\/v2\/posts\/37292\/revisions\/39707"}],"wp:featuredmedia":[{"embeddable":true,"href":"https:\/\/www.institutodeengenharia.org.br\/site\/wp-json\/wp\/v2\/media\/37294"}],"wp:attachment":[{"href":"https:\/\/www.institutodeengenharia.org.br\/site\/wp-json\/wp\/v2\/media?parent=37292"}],"wp:term":[{"taxonomy":"category","embeddable":true,"href":"https:\/\/www.institutodeengenharia.org.br\/site\/wp-json\/wp\/v2\/categories?post=37292"},{"taxonomy":"post_tag","embeddable":true,"href":"https:\/\/www.institutodeengenharia.org.br\/site\/wp-json\/wp\/v2\/tags?post=37292"}],"curies":[{"name":"wp","href":"https:\/\/api.w.org\/{rel}","templated":true}]}}