{"id":36800,"date":"2018-07-25T10:41:44","date_gmt":"2018-07-25T13:41:44","guid":{"rendered":"https:\/\/www.institutodeengenharia.org.br\/site\/?p=36800"},"modified":"2018-07-25T10:41:44","modified_gmt":"2018-07-25T13:41:44","slug":"cpmf-para-aumentar-impostos-de-novo","status":"publish","type":"post","link":"https:\/\/www.institutodeengenharia.org.br\/site\/2018\/07\/25\/cpmf-para-aumentar-impostos-de-novo\/","title":{"rendered":"CPMF para aumentar impostos, de novo?"},"content":{"rendered":"<p><strong>Por Marcos Cintra*<\/strong><\/p>\n<p>A tributa\u00e7\u00e3o sobre a movimenta\u00e7\u00e3o banc\u00e1ria tem sido lembrada por v\u00e1rios renomados economistas como um tributo a ser recriado no Brasil.<\/p>\n<p>Em recentes artigos F\u00e1bio Giambiagi no Valor Econ\u00f4mico (\u201cA carga tribut\u00e1ria\u201d, em 14\/3\/2018), Cl\u00e1udio Adilson Gon\u00e7alez no O Estado de S.Paulo (\u201cAgenda fiscal para o pr\u00f3ximo governo\u201d, em 23\/4\/2018, e \u201cCPMF, um mal necess\u00e1rio\u201d, em 7\/5\/2018) e Nelson Marconi em entrevista concedido ao Valor em 10-12 de Mar\u00e7o de 2018, dentre outros, prop\u00f5em a recria\u00e7\u00e3o da CPMF de forma tempor\u00e1ria, aumentando a carga tribut\u00e1ria, para promover um ajuste fiscal e controlar a d\u00edvida p\u00fablica.<\/p>\n<p>Os autores t\u00eam raz\u00e3o ao enfatizarem a dimens\u00e3o do ajuste necess\u00e1rio e a enorme capacidade arrecadat\u00f3ria da movimenta\u00e7\u00e3o financeira. Mas \u00e9 um erro propor aumento de carga tribut\u00e1ria em um pa\u00eds onde ela j\u00e1 \u00e9 elevada e limitadora da atividade produtiva. Assim, transform\u00e1-la em quebra-galho para atender ao ajuste fiscal seria como utilizar uma Ferrari para transportar tijolos, parafraseando o inesquec\u00edvel Roberto Campos.<\/p>\n<p>O ajuste fiscal deve ser composto por medidas de amplo alcance tanto pelo lado dos gastos como pelo lado da receita. Pelo lado da despesa o enxugamento da estrutura administrativa para dez ou doze minist\u00e9rios, a retomada das concess\u00f5es e privatiza\u00e7\u00f5es, a reforma da Previd\u00eancia, a revis\u00e3o de desonera\u00e7\u00f5es e a ado\u00e7\u00e3o do or\u00e7amento base zero s\u00e3o a\u00e7\u00f5es fundamentais para enfrentar o rombo das contas p\u00fablicas.<\/p>\n<p>Pelo lado da receita o ajuste fiscal oferece uma grande oportunidade para dar in\u00edcio a uma reforma tribut\u00e1ria estrutural, modernizadora, como seria o caso com a ado\u00e7\u00e3o de um imposto sobre a movimenta\u00e7\u00e3o financeira para substituir v\u00e1rios dos atuais tributos, dando in\u00edcio a uma reforma ajustada \u00e0s necessidades do mundo globalizado e digital.\u00a0 Jamais para ser um tributo a mais a aumentar a j\u00e1 asfixiante carga tribut\u00e1ria nacional.<\/p>\n<p>A disfuncionalidade do atual sistema tribut\u00e1rio mundial, e particularmente do brasileiro, tem sido evidenciada ao redor do planeta. Para a Organiza\u00e7\u00e3o para a Coopera\u00e7\u00e3o e Desenvolvimento Econ\u00f4mico (OCDE) a crescente evas\u00e3o da receita p\u00fablica se d\u00e1 por meio de \u201cplanejamento\u201c que se aproveita de lacunas normativas nos sistemas convencionais e ortodoxos de impostos e contribui\u00e7\u00f5es para transferir lucros empresariais para pa\u00edses com tributa\u00e7\u00e3o reduzida ou inexistente. Para Vito Tanzi, um dos mais respeitados especialistas em finan\u00e7as p\u00fablicas, a corros\u00e3o da arrecada\u00e7\u00e3o ocorre por conta da globaliza\u00e7\u00e3o, do com\u00e9rcio eletr\u00f4nico, da moeda virtual, da a\u00e7\u00e3o das multinacionais, dos para\u00edsos fiscais e dos complexos instrumentos criados no mercado financeiro internacional.<\/p>\n<p>Neste cen\u00e1rio, emerge uma clara converg\u00eancia em torno da ado\u00e7\u00e3o de uma base tribut\u00e1ria inovadora, que dentre outras caracter\u00edsticas, abranja todas as formas tradicionais de arrecada\u00e7\u00e3o exploradas atualmente. Trata-se da movimenta\u00e7\u00e3o financeira, esp\u00e9cie tribut\u00e1ria amplamente conhecida no Brasil.<\/p>\n<p>Os que defendem a cria\u00e7\u00e3o de um tributo tempor\u00e1rio sobre movimenta\u00e7\u00e3o financeira erram duas vezes. A qualidade do tributo justifica seu uso permanente, desde que em substitui\u00e7\u00e3o aos degradados tributos convencionais; e em segundo lugar erram ao defenderem a cria\u00e7\u00e3o deste novo tributo para aumentar a j\u00e1 abusiva carga tribut\u00e1ria. Pelo contr\u00e1rio, por ser universal e insoneg\u00e1vel ele deve ser usado para reduzir o peso dos impostos e contribui\u00e7\u00f5es e redistribuir o \u00f4nus entre os contribuintes de forma mais equitativa.<\/p>\n<p>_____________________________________________________________________<\/p>\n<p><strong>Marcos Cintra* <\/strong>\u00e9 doutor em Economia pela Universidade Harvard (EUA) e professor titular de Economia na FGV (Funda\u00e7\u00e3o Getulio Vargas). Foi deputado federal (1999-2003) e autor do projeto do Imposto \u00danico.<\/p>\n<p>Este artigo expressa a opini\u00e3o do autor, n\u00e3o representando necessariamente a opini\u00e3o institucional da FGV<\/p>\n<p>*<em>Os artigos publicados com assinatura, n\u00e3o traduzem necessariamente a opini\u00e3o do Instituto de Engenharia. Sua publica\u00e7\u00e3o obedece ao prop\u00f3sito de estimular o debate dos problemas brasileiros e de refletir as diversas tend\u00eancias do pensamento contempor\u00e2neo<\/em><\/p>\n","protected":false},"excerpt":{"rendered":"<p>Por Marcos Cintra* A tributa\u00e7\u00e3o sobre a movimenta\u00e7\u00e3o banc\u00e1ria tem sido lembrada por v\u00e1rios renomados economistas como um tributo a ser recriado no Brasil. Em recentes artigos F\u00e1bio Giambiagi no Valor Econ\u00f4mico (\u201cA carga tribut\u00e1ria\u201d, em 14\/3\/2018), Cl\u00e1udio Adilson Gon\u00e7alez no O Estado de S.Paulo (\u201cAgenda fiscal para o pr\u00f3ximo governo\u201d, em 23\/4\/2018, e \u201cCPMF, [&hellip;]<\/p>\n","protected":false},"author":13,"featured_media":29535,"comment_status":"open","ping_status":"open","sticky":false,"template":"","format":"standard","meta":{"footnotes":""},"categories":[96],"tags":[],"class_list":{"0":"post-36800","1":"post","2":"type-post","3":"status-publish","4":"format-standard","5":"has-post-thumbnail","7":"category-marcos-cintra"},"yoast_head":"<!-- This site is optimized with the Yoast SEO plugin v27.2 - https:\/\/yoast.com\/product\/yoast-seo-wordpress\/ -->\n<title>CPMF para aumentar impostos, de novo? - Instituto de Engenharia<\/title>\n<meta name=\"robots\" content=\"index, follow, max-snippet:-1, max-image-preview:large, max-video-preview:-1\" \/>\n<link rel=\"canonical\" href=\"https:\/\/www.institutodeengenharia.org.br\/site\/2018\/07\/25\/cpmf-para-aumentar-impostos-de-novo\/\" \/>\n<meta property=\"og:locale\" content=\"pt_BR\" \/>\n<meta property=\"og:type\" content=\"article\" \/>\n<meta property=\"og:title\" content=\"CPMF para aumentar impostos, de novo? - Instituto de Engenharia\" \/>\n<meta property=\"og:description\" content=\"Por Marcos Cintra* A tributa\u00e7\u00e3o sobre a movimenta\u00e7\u00e3o banc\u00e1ria tem sido lembrada por v\u00e1rios renomados economistas como um tributo a ser recriado no Brasil. Em recentes artigos F\u00e1bio Giambiagi no Valor Econ\u00f4mico (\u201cA carga tribut\u00e1ria\u201d, em 14\/3\/2018), Cl\u00e1udio Adilson Gon\u00e7alez no O Estado de S.Paulo (\u201cAgenda fiscal para o pr\u00f3ximo governo\u201d, em 23\/4\/2018, e \u201cCPMF, [&hellip;]\" \/>\n<meta property=\"og:url\" content=\"https:\/\/www.institutodeengenharia.org.br\/site\/2018\/07\/25\/cpmf-para-aumentar-impostos-de-novo\/\" \/>\n<meta property=\"og:site_name\" content=\"Instituto de Engenharia\" \/>\n<meta property=\"article:publisher\" content=\"https:\/\/www.facebook.com\/institutodeengenharia\" \/>\n<meta property=\"article:published_time\" content=\"2018-07-25T13:41:44+00:00\" \/>\n<meta property=\"og:image\" content=\"https:\/\/www.institutodeengenharia.org.br\/site\/wp-content\/uploads\/2017\/10\/cintra_BUSTO-e1547224751404.jpg\" \/>\n\t<meta property=\"og:image:width\" content=\"214\" \/>\n\t<meta property=\"og:image:height\" content=\"226\" \/>\n\t<meta property=\"og:image:type\" content=\"image\/jpeg\" \/>\n<meta name=\"author\" content=\"Bianca\" \/>\n<meta name=\"twitter:card\" content=\"summary_large_image\" \/>\n<meta name=\"twitter:creator\" content=\"@iengenharia\" \/>\n<meta name=\"twitter:site\" content=\"@iengenharia\" \/>\n<meta name=\"twitter:label1\" content=\"Escrito por\" \/>\n\t<meta name=\"twitter:data1\" content=\"Bianca\" \/>\n\t<meta name=\"twitter:label2\" content=\"Est. tempo de leitura\" \/>\n\t<meta name=\"twitter:data2\" content=\"3 minutos\" \/>\n<script type=\"application\/ld+json\" class=\"yoast-schema-graph\">{\"@context\":\"https:\/\/schema.org\",\"@graph\":[{\"@type\":\"Article\",\"@id\":\"https:\/\/www.institutodeengenharia.org.br\/site\/2018\/07\/25\/cpmf-para-aumentar-impostos-de-novo\/#article\",\"isPartOf\":{\"@id\":\"https:\/\/www.institutodeengenharia.org.br\/site\/2018\/07\/25\/cpmf-para-aumentar-impostos-de-novo\/\"},\"author\":{\"name\":\"Bianca\",\"@id\":\"https:\/\/www.institutodeengenharia.org.br\/site\/#\/schema\/person\/aeb64951c405e100d26d30b033dd423f\"},\"headline\":\"CPMF para aumentar impostos, de novo?\",\"datePublished\":\"2018-07-25T13:41:44+00:00\",\"mainEntityOfPage\":{\"@id\":\"https:\/\/www.institutodeengenharia.org.br\/site\/2018\/07\/25\/cpmf-para-aumentar-impostos-de-novo\/\"},\"wordCount\":694,\"commentCount\":0,\"publisher\":{\"@id\":\"https:\/\/www.institutodeengenharia.org.br\/site\/#organization\"},\"image\":{\"@id\":\"https:\/\/www.institutodeengenharia.org.br\/site\/2018\/07\/25\/cpmf-para-aumentar-impostos-de-novo\/#primaryimage\"},\"thumbnailUrl\":\"https:\/\/www.institutodeengenharia.org.br\/site\/wp-content\/uploads\/2017\/10\/cintra_BUSTO-e1547224751404.jpg\",\"articleSection\":[\"Marcos Cintra\"],\"inLanguage\":\"pt-BR\",\"potentialAction\":[{\"@type\":\"CommentAction\",\"name\":\"Comment\",\"target\":[\"https:\/\/www.institutodeengenharia.org.br\/site\/2018\/07\/25\/cpmf-para-aumentar-impostos-de-novo\/#respond\"]}]},{\"@type\":\"WebPage\",\"@id\":\"https:\/\/www.institutodeengenharia.org.br\/site\/2018\/07\/25\/cpmf-para-aumentar-impostos-de-novo\/\",\"url\":\"https:\/\/www.institutodeengenharia.org.br\/site\/2018\/07\/25\/cpmf-para-aumentar-impostos-de-novo\/\",\"name\":\"CPMF para aumentar impostos, de novo? - Instituto de Engenharia\",\"isPartOf\":{\"@id\":\"https:\/\/www.institutodeengenharia.org.br\/site\/#website\"},\"primaryImageOfPage\":{\"@id\":\"https:\/\/www.institutodeengenharia.org.br\/site\/2018\/07\/25\/cpmf-para-aumentar-impostos-de-novo\/#primaryimage\"},\"image\":{\"@id\":\"https:\/\/www.institutodeengenharia.org.br\/site\/2018\/07\/25\/cpmf-para-aumentar-impostos-de-novo\/#primaryimage\"},\"thumbnailUrl\":\"https:\/\/www.institutodeengenharia.org.br\/site\/wp-content\/uploads\/2017\/10\/cintra_BUSTO-e1547224751404.jpg\",\"datePublished\":\"2018-07-25T13:41:44+00:00\",\"breadcrumb\":{\"@id\":\"https:\/\/www.institutodeengenharia.org.br\/site\/2018\/07\/25\/cpmf-para-aumentar-impostos-de-novo\/#breadcrumb\"},\"inLanguage\":\"pt-BR\",\"potentialAction\":[{\"@type\":\"ReadAction\",\"target\":[\"https:\/\/www.institutodeengenharia.org.br\/site\/2018\/07\/25\/cpmf-para-aumentar-impostos-de-novo\/\"]}]},{\"@type\":\"ImageObject\",\"inLanguage\":\"pt-BR\",\"@id\":\"https:\/\/www.institutodeengenharia.org.br\/site\/2018\/07\/25\/cpmf-para-aumentar-impostos-de-novo\/#primaryimage\",\"url\":\"https:\/\/www.institutodeengenharia.org.br\/site\/wp-content\/uploads\/2017\/10\/cintra_BUSTO-e1547224751404.jpg\",\"contentUrl\":\"https:\/\/www.institutodeengenharia.org.br\/site\/wp-content\/uploads\/2017\/10\/cintra_BUSTO-e1547224751404.jpg\",\"width\":214,\"height\":226},{\"@type\":\"BreadcrumbList\",\"@id\":\"https:\/\/www.institutodeengenharia.org.br\/site\/2018\/07\/25\/cpmf-para-aumentar-impostos-de-novo\/#breadcrumb\",\"itemListElement\":[{\"@type\":\"ListItem\",\"position\":1,\"name\":\"In\u00edcio\",\"item\":\"https:\/\/www.institutodeengenharia.org.br\/site\/\"},{\"@type\":\"ListItem\",\"position\":2,\"name\":\"CPMF para aumentar impostos, de novo?\"}]},{\"@type\":\"WebSite\",\"@id\":\"https:\/\/www.institutodeengenharia.org.br\/site\/#website\",\"url\":\"https:\/\/www.institutodeengenharia.org.br\/site\/\",\"name\":\"Instituto de Engenharia\",\"description\":\"O Instituto de Engenharia promove a Engenharia em benef\u00edcio do desenvolvimento e da qualidade de vida da sociedade.\",\"publisher\":{\"@id\":\"https:\/\/www.institutodeengenharia.org.br\/site\/#organization\"},\"potentialAction\":[{\"@type\":\"SearchAction\",\"target\":{\"@type\":\"EntryPoint\",\"urlTemplate\":\"https:\/\/www.institutodeengenharia.org.br\/site\/?s={search_term_string}\"},\"query-input\":{\"@type\":\"PropertyValueSpecification\",\"valueRequired\":true,\"valueName\":\"search_term_string\"}}],\"inLanguage\":\"pt-BR\"},{\"@type\":\"Organization\",\"@id\":\"https:\/\/www.institutodeengenharia.org.br\/site\/#organization\",\"name\":\"Instituto de Engenharia\",\"url\":\"https:\/\/www.institutodeengenharia.org.br\/site\/\",\"logo\":{\"@type\":\"ImageObject\",\"inLanguage\":\"pt-BR\",\"@id\":\"https:\/\/www.institutodeengenharia.org.br\/site\/#\/schema\/logo\/image\/\",\"url\":\"https:\/\/www.institutodeengenharia.org.br\/site\/wp-content\/uploads\/2019\/03\/logo-novo-IE2018-1.jpg\",\"contentUrl\":\"https:\/\/www.institutodeengenharia.org.br\/site\/wp-content\/uploads\/2019\/03\/logo-novo-IE2018-1.jpg\",\"width\":1486,\"height\":1879,\"caption\":\"Instituto de Engenharia\"},\"image\":{\"@id\":\"https:\/\/www.institutodeengenharia.org.br\/site\/#\/schema\/logo\/image\/\"},\"sameAs\":[\"https:\/\/www.facebook.com\/institutodeengenharia\",\"https:\/\/x.com\/iengenharia\",\"https:\/\/www.instagram.com\/institutodeengenharia\/\",\"https:\/\/www.linkedin.com\/company\/instituto-de-engenharia\/\",\"https:\/\/www.youtube.com\/channel\/UCXiCAlsSMe977vamW915HxA\"]},{\"@type\":\"Person\",\"@id\":\"https:\/\/www.institutodeengenharia.org.br\/site\/#\/schema\/person\/aeb64951c405e100d26d30b033dd423f\",\"name\":\"Bianca\",\"image\":{\"@type\":\"ImageObject\",\"inLanguage\":\"pt-BR\",\"@id\":\"https:\/\/secure.gravatar.com\/avatar\/a6fbe9bff57405baf4c1e2c5c1811e072b558253974a9f9508f4678900c97c2a?s=96&d=mm&r=g\",\"url\":\"https:\/\/secure.gravatar.com\/avatar\/a6fbe9bff57405baf4c1e2c5c1811e072b558253974a9f9508f4678900c97c2a?s=96&d=mm&r=g\",\"contentUrl\":\"https:\/\/secure.gravatar.com\/avatar\/a6fbe9bff57405baf4c1e2c5c1811e072b558253974a9f9508f4678900c97c2a?s=96&d=mm&r=g\",\"caption\":\"Bianca\"},\"url\":\"https:\/\/www.institutodeengenharia.org.br\/site\/author\/comunicacao1\/\"}]}<\/script>\n<!-- \/ Yoast SEO plugin. -->","yoast_head_json":{"title":"CPMF para aumentar impostos, de novo? - Instituto de Engenharia","robots":{"index":"index","follow":"follow","max-snippet":"max-snippet:-1","max-image-preview":"max-image-preview:large","max-video-preview":"max-video-preview:-1"},"canonical":"https:\/\/www.institutodeengenharia.org.br\/site\/2018\/07\/25\/cpmf-para-aumentar-impostos-de-novo\/","og_locale":"pt_BR","og_type":"article","og_title":"CPMF para aumentar impostos, de novo? - Instituto de Engenharia","og_description":"Por Marcos Cintra* A tributa\u00e7\u00e3o sobre a movimenta\u00e7\u00e3o banc\u00e1ria tem sido lembrada por v\u00e1rios renomados economistas como um tributo a ser recriado no Brasil. Em recentes artigos F\u00e1bio Giambiagi no Valor Econ\u00f4mico (\u201cA carga tribut\u00e1ria\u201d, em 14\/3\/2018), Cl\u00e1udio Adilson Gon\u00e7alez no O Estado de S.Paulo (\u201cAgenda fiscal para o pr\u00f3ximo governo\u201d, em 23\/4\/2018, e \u201cCPMF, [&hellip;]","og_url":"https:\/\/www.institutodeengenharia.org.br\/site\/2018\/07\/25\/cpmf-para-aumentar-impostos-de-novo\/","og_site_name":"Instituto de Engenharia","article_publisher":"https:\/\/www.facebook.com\/institutodeengenharia","article_published_time":"2018-07-25T13:41:44+00:00","og_image":[{"width":214,"height":226,"url":"https:\/\/www.institutodeengenharia.org.br\/site\/wp-content\/uploads\/2017\/10\/cintra_BUSTO-e1547224751404.jpg","type":"image\/jpeg"}],"author":"Bianca","twitter_card":"summary_large_image","twitter_creator":"@iengenharia","twitter_site":"@iengenharia","twitter_misc":{"Escrito por":"Bianca","Est. tempo de leitura":"3 minutos"},"schema":{"@context":"https:\/\/schema.org","@graph":[{"@type":"Article","@id":"https:\/\/www.institutodeengenharia.org.br\/site\/2018\/07\/25\/cpmf-para-aumentar-impostos-de-novo\/#article","isPartOf":{"@id":"https:\/\/www.institutodeengenharia.org.br\/site\/2018\/07\/25\/cpmf-para-aumentar-impostos-de-novo\/"},"author":{"name":"Bianca","@id":"https:\/\/www.institutodeengenharia.org.br\/site\/#\/schema\/person\/aeb64951c405e100d26d30b033dd423f"},"headline":"CPMF para aumentar impostos, de novo?","datePublished":"2018-07-25T13:41:44+00:00","mainEntityOfPage":{"@id":"https:\/\/www.institutodeengenharia.org.br\/site\/2018\/07\/25\/cpmf-para-aumentar-impostos-de-novo\/"},"wordCount":694,"commentCount":0,"publisher":{"@id":"https:\/\/www.institutodeengenharia.org.br\/site\/#organization"},"image":{"@id":"https:\/\/www.institutodeengenharia.org.br\/site\/2018\/07\/25\/cpmf-para-aumentar-impostos-de-novo\/#primaryimage"},"thumbnailUrl":"https:\/\/www.institutodeengenharia.org.br\/site\/wp-content\/uploads\/2017\/10\/cintra_BUSTO-e1547224751404.jpg","articleSection":["Marcos Cintra"],"inLanguage":"pt-BR","potentialAction":[{"@type":"CommentAction","name":"Comment","target":["https:\/\/www.institutodeengenharia.org.br\/site\/2018\/07\/25\/cpmf-para-aumentar-impostos-de-novo\/#respond"]}]},{"@type":"WebPage","@id":"https:\/\/www.institutodeengenharia.org.br\/site\/2018\/07\/25\/cpmf-para-aumentar-impostos-de-novo\/","url":"https:\/\/www.institutodeengenharia.org.br\/site\/2018\/07\/25\/cpmf-para-aumentar-impostos-de-novo\/","name":"CPMF para aumentar impostos, de novo? - Instituto de Engenharia","isPartOf":{"@id":"https:\/\/www.institutodeengenharia.org.br\/site\/#website"},"primaryImageOfPage":{"@id":"https:\/\/www.institutodeengenharia.org.br\/site\/2018\/07\/25\/cpmf-para-aumentar-impostos-de-novo\/#primaryimage"},"image":{"@id":"https:\/\/www.institutodeengenharia.org.br\/site\/2018\/07\/25\/cpmf-para-aumentar-impostos-de-novo\/#primaryimage"},"thumbnailUrl":"https:\/\/www.institutodeengenharia.org.br\/site\/wp-content\/uploads\/2017\/10\/cintra_BUSTO-e1547224751404.jpg","datePublished":"2018-07-25T13:41:44+00:00","breadcrumb":{"@id":"https:\/\/www.institutodeengenharia.org.br\/site\/2018\/07\/25\/cpmf-para-aumentar-impostos-de-novo\/#breadcrumb"},"inLanguage":"pt-BR","potentialAction":[{"@type":"ReadAction","target":["https:\/\/www.institutodeengenharia.org.br\/site\/2018\/07\/25\/cpmf-para-aumentar-impostos-de-novo\/"]}]},{"@type":"ImageObject","inLanguage":"pt-BR","@id":"https:\/\/www.institutodeengenharia.org.br\/site\/2018\/07\/25\/cpmf-para-aumentar-impostos-de-novo\/#primaryimage","url":"https:\/\/www.institutodeengenharia.org.br\/site\/wp-content\/uploads\/2017\/10\/cintra_BUSTO-e1547224751404.jpg","contentUrl":"https:\/\/www.institutodeengenharia.org.br\/site\/wp-content\/uploads\/2017\/10\/cintra_BUSTO-e1547224751404.jpg","width":214,"height":226},{"@type":"BreadcrumbList","@id":"https:\/\/www.institutodeengenharia.org.br\/site\/2018\/07\/25\/cpmf-para-aumentar-impostos-de-novo\/#breadcrumb","itemListElement":[{"@type":"ListItem","position":1,"name":"In\u00edcio","item":"https:\/\/www.institutodeengenharia.org.br\/site\/"},{"@type":"ListItem","position":2,"name":"CPMF para aumentar impostos, de novo?"}]},{"@type":"WebSite","@id":"https:\/\/www.institutodeengenharia.org.br\/site\/#website","url":"https:\/\/www.institutodeengenharia.org.br\/site\/","name":"Instituto de Engenharia","description":"O Instituto de Engenharia promove a Engenharia em benef\u00edcio do desenvolvimento e da qualidade de vida da sociedade.","publisher":{"@id":"https:\/\/www.institutodeengenharia.org.br\/site\/#organization"},"potentialAction":[{"@type":"SearchAction","target":{"@type":"EntryPoint","urlTemplate":"https:\/\/www.institutodeengenharia.org.br\/site\/?s={search_term_string}"},"query-input":{"@type":"PropertyValueSpecification","valueRequired":true,"valueName":"search_term_string"}}],"inLanguage":"pt-BR"},{"@type":"Organization","@id":"https:\/\/www.institutodeengenharia.org.br\/site\/#organization","name":"Instituto de Engenharia","url":"https:\/\/www.institutodeengenharia.org.br\/site\/","logo":{"@type":"ImageObject","inLanguage":"pt-BR","@id":"https:\/\/www.institutodeengenharia.org.br\/site\/#\/schema\/logo\/image\/","url":"https:\/\/www.institutodeengenharia.org.br\/site\/wp-content\/uploads\/2019\/03\/logo-novo-IE2018-1.jpg","contentUrl":"https:\/\/www.institutodeengenharia.org.br\/site\/wp-content\/uploads\/2019\/03\/logo-novo-IE2018-1.jpg","width":1486,"height":1879,"caption":"Instituto de Engenharia"},"image":{"@id":"https:\/\/www.institutodeengenharia.org.br\/site\/#\/schema\/logo\/image\/"},"sameAs":["https:\/\/www.facebook.com\/institutodeengenharia","https:\/\/x.com\/iengenharia","https:\/\/www.instagram.com\/institutodeengenharia\/","https:\/\/www.linkedin.com\/company\/instituto-de-engenharia\/","https:\/\/www.youtube.com\/channel\/UCXiCAlsSMe977vamW915HxA"]},{"@type":"Person","@id":"https:\/\/www.institutodeengenharia.org.br\/site\/#\/schema\/person\/aeb64951c405e100d26d30b033dd423f","name":"Bianca","image":{"@type":"ImageObject","inLanguage":"pt-BR","@id":"https:\/\/secure.gravatar.com\/avatar\/a6fbe9bff57405baf4c1e2c5c1811e072b558253974a9f9508f4678900c97c2a?s=96&d=mm&r=g","url":"https:\/\/secure.gravatar.com\/avatar\/a6fbe9bff57405baf4c1e2c5c1811e072b558253974a9f9508f4678900c97c2a?s=96&d=mm&r=g","contentUrl":"https:\/\/secure.gravatar.com\/avatar\/a6fbe9bff57405baf4c1e2c5c1811e072b558253974a9f9508f4678900c97c2a?s=96&d=mm&r=g","caption":"Bianca"},"url":"https:\/\/www.institutodeengenharia.org.br\/site\/author\/comunicacao1\/"}]}},"_links":{"self":[{"href":"https:\/\/www.institutodeengenharia.org.br\/site\/wp-json\/wp\/v2\/posts\/36800","targetHints":{"allow":["GET"]}}],"collection":[{"href":"https:\/\/www.institutodeengenharia.org.br\/site\/wp-json\/wp\/v2\/posts"}],"about":[{"href":"https:\/\/www.institutodeengenharia.org.br\/site\/wp-json\/wp\/v2\/types\/post"}],"author":[{"embeddable":true,"href":"https:\/\/www.institutodeengenharia.org.br\/site\/wp-json\/wp\/v2\/users\/13"}],"replies":[{"embeddable":true,"href":"https:\/\/www.institutodeengenharia.org.br\/site\/wp-json\/wp\/v2\/comments?post=36800"}],"version-history":[{"count":1,"href":"https:\/\/www.institutodeengenharia.org.br\/site\/wp-json\/wp\/v2\/posts\/36800\/revisions"}],"predecessor-version":[{"id":36801,"href":"https:\/\/www.institutodeengenharia.org.br\/site\/wp-json\/wp\/v2\/posts\/36800\/revisions\/36801"}],"wp:featuredmedia":[{"embeddable":true,"href":"https:\/\/www.institutodeengenharia.org.br\/site\/wp-json\/wp\/v2\/media\/29535"}],"wp:attachment":[{"href":"https:\/\/www.institutodeengenharia.org.br\/site\/wp-json\/wp\/v2\/media?parent=36800"}],"wp:term":[{"taxonomy":"category","embeddable":true,"href":"https:\/\/www.institutodeengenharia.org.br\/site\/wp-json\/wp\/v2\/categories?post=36800"},{"taxonomy":"post_tag","embeddable":true,"href":"https:\/\/www.institutodeengenharia.org.br\/site\/wp-json\/wp\/v2\/tags?post=36800"}],"curies":[{"name":"wp","href":"https:\/\/api.w.org\/{rel}","templated":true}]}}