{"id":35281,"date":"2018-04-16T10:27:00","date_gmt":"2018-04-16T13:27:00","guid":{"rendered":"https:\/\/www.institutodeengenharia.org.br\/site\/?p=35281"},"modified":"2018-05-02T10:41:18","modified_gmt":"2018-05-02T13:41:18","slug":"a-manutencao-das-obras-de-construcao-civil-deve-ser-obrigatoria-e-periodica","status":"publish","type":"post","link":"https:\/\/www.institutodeengenharia.org.br\/site\/2018\/04\/16\/a-manutencao-das-obras-de-construcao-civil-deve-ser-obrigatoria-e-periodica\/","title":{"rendered":"A manuten\u00e7\u00e3o das obras de constru\u00e7\u00e3o civil deve ser obrigat\u00f3ria e peri\u00f3dica?"},"content":{"rendered":"<p>*Tito L\u00edvio Ferreira Gomide<\/p>\n<p>Em 1999 apresentamos trabalho em congresso de per\u00edcias de engenharia como t\u00edtulo: \u201cA Inspe\u00e7\u00e3o Predial deve ser obrigat\u00f3ria e peri\u00f3dica?\u201d, e obtivemos pr\u00eamio de men\u00e7\u00e3o honrosa, al\u00e9m de plena aceita\u00e7\u00e3o pela comunidade t\u00e9cnica da necessidade de se criar procedimentos para esse tipo de inspe\u00e7\u00e3o. Passados quase vinte anos dessa iniciativa, houve expressiva evolu\u00e7\u00e3o dos estudos e aplica\u00e7\u00e3o da inspe\u00e7\u00e3o predial no pa\u00eds, podendo-se destacar as leis federais que tornaram obrigat\u00f3ria a inspe\u00e7\u00e3o de sistemas de ar condicionado em edif\u00edcios, a inspe\u00e7\u00e3o predial em est\u00e1dios de futebol e ainda a lei estadual carioca de auto-vistoria nos edif\u00edcios do estado do Rio de Janeiro.<\/p>\n<p>Por\u00e9m, tais leis somente foram aprovadas ap\u00f3s a ocorr\u00eancia de sinistros com mortes: falecimento do ministro S\u00e9rgio Mota por contamina\u00e7\u00e3o do sistema de ar condicionado em seu gabinete de pr\u00e9dio p\u00fablico em Bras\u00edlia, mortes de torcedores no desabamento de parte da arquibancada do est\u00e1dio da Fonte Nova em Salvador, e mortes de cidad\u00e3os no desabamento do Edif\u00edcio Liberdade no Rio de Janeiro.<\/p>\n<p>Comprovadamente, essas mortes poderiam ter sido evitadas, pois ocorreram por falta de manuten\u00e7\u00e3o nessas edifica\u00e7\u00f5es e est\u00e1dio.<br \/>\nA falta de cultura t\u00e9cnica e reduzida implanta\u00e7\u00e3o da manuten\u00e7\u00e3o nas edifica\u00e7\u00f5es e obras de constru\u00e7\u00e3o civil no Brasil ainda \u00e9 uma realidade que mata pessoas e degrada nosso patrim\u00f4nio construtivo privado e p\u00fablico, com preju\u00edzos pessoais e materiais significativos.<\/p>\n<p>A comunidade t\u00e9cnica n\u00e3o possui poder pol\u00edtico para clamar por legisla\u00e7\u00f5es que protejam nossas constru\u00e7\u00f5es e edifica\u00e7\u00f5es dos danos pessoais e materiais causados pela falta de manuten\u00e7\u00e3o.Portanto, as leis de prote\u00e7\u00e3o ao cidad\u00e3o, nesse sentido, somente surgem quando ocorrem mortes, muitas mortes, mesmo assim por interesse pol\u00edtico, devido \u00e0 presen\u00e7a da m\u00eddia, que poder\u00e1 trazer votos a alguns pol\u00edticos oportunistas. Triste e s\u00f3rdida realidade.<\/p>\n<p>Toda e qualquer constru\u00e7\u00e3o, seja um edif\u00edcio ou obra p\u00fablica, sofre degrada\u00e7\u00e3o ao longo do tempo, precisando de cuidados t\u00e9cnicos para preservar seu bom desempenho, e isso se chama manuten\u00e7\u00e3o. A boa manuten\u00e7\u00e3o preserva o desempenho e consequentemente as boas condi\u00e7\u00f5es t\u00e9cnicas e de seguran\u00e7a das constru\u00e7\u00f5es. Sem isso, a degrada\u00e7\u00e3o precoce \u00e9 inevit\u00e1vel e os sinistros idem, podendo-se comprovar essa afirmativa com os constantes acidentes envolvendo as constru\u00e7\u00f5es. No Brasil o caso mais recente foi o desabamento de viaduto em Bras\u00edlia, no mundo, o mais recente, foi o inc\u00eandio com mortes de dezenas de crian\u00e7as em shopping center, na R\u00fassia. Basta consultar a internet e muitos outros acidentes similares estar\u00e3o se apresentando, a maioria por falta de manuten\u00e7\u00e3o.<\/p>\n<p>A solu\u00e7\u00e3o? Simples, fazer boa manuten\u00e7\u00e3o nas obras de constru\u00e7\u00e3o civil ao longo de sua vida \u00fatil. Como? Tornando obrigat\u00f3ria e penalizando quem n\u00e3o faz a manuten\u00e7\u00e3o.<br \/>\nNo Brasil, h\u00e1 quem lute pela manuten\u00e7\u00e3o, quase sem \u00eaxito, mas sem desistir. No foro t\u00e9cnico da ABNT h\u00e1 um projeto de norma de Inspe\u00e7\u00e3o Predial tramitando por l\u00e1 faz uns cinco anos. Projeto finalizado, esperando ir \u00e0 vota\u00e7\u00e3o nacional faz uns dois anos, esperando o qu\u00ea?, outro grande sinistro com mortes? No Senado idem, legisla\u00e7\u00f5es em estudo, mas n\u00e3o evoluem, esperando o qu\u00ea? Muitas mortes e a imprensa? Talvez.<br \/>\nBastaria uma lei federal, com apenas dois artigos, tornando obrigat\u00f3ria e peri\u00f3dica a manuten\u00e7\u00e3o das obras de constru\u00e7\u00e3o civil, para se iniciar a solu\u00e7\u00e3o do problema. Seriam os seguintes:\u201cArt <\/p>\n<p>1\u00ba) Toda edifica\u00e7\u00e3o ou constru\u00e7\u00e3o de uso p\u00fablicodeve receber manuten\u00e7\u00e3o que preserve suas boas condi\u00e7\u00f5es t\u00e9cnicas e de seguran\u00e7a, devendo ter um engenheiro respons\u00e1vel que ateste essas condi\u00e7\u00f5es, periodicamente,  atrav\u00e9s do competente laudo t\u00e9cnico com ART.Art 2\u00ba)O descumprimento do artigo anterior poder\u00e1 determinar a interdi\u00e7\u00e3o da edifica\u00e7\u00e3o ou obra p\u00fablica, bem como dever\u00e1 o propriet\u00e1rio ou respons\u00e1vel serpenalizado com multa, al\u00e9m de responder civil e criminalmente por essa omiss\u00e3o e eventuais danos pessoais e patrimoniais decorrentes da mesma.<\/p>\n<p>Dessa forma, talvez, a manuten\u00e7\u00e3o seja lembrada e devidamente implantada no pa\u00eds. Caso contr\u00e1rio, s.m.j., aguardemos a pr\u00f3xima trag\u00e9dia.<\/p>\n<p>*Tito L\u00edvio Ferreira Gomide<br \/>\nEng.Civil, FAAP, Bacharel em Direito pela USP, perito criminal pela Academia de Pol\u00edcia SP, e atua como perito de engenharia e criminal\u00edstica desde 1979, al\u00e9m de professor, conferencista e autor de in\u00fameros artigos e livros. Foi o precursor da Inspe\u00e7\u00e3o Predial e Engenharia Diagn\u00f3stica no Brasil, desenvolvendo intensa atua\u00e7\u00e3o institucional, como ex-presidente do IBAPE-SP e atual coordenador da Divis\u00e3o T\u00e9cnica de Patologias das Constru\u00e7\u00f5es do Instituto de Engenharia<\/p>\n<p>*<em>Os artigos publicados com assinatura, n\u00e3o traduzem necessariamente a opini\u00e3o do Instituto de Engenharia. Sua publica\u00e7\u00e3o obedece ao prop\u00f3sito de estimular o debate dos problemas brasileiros e de refletir as diversas tend\u00eancias do pensamento contempor\u00e2neo<\/em><strong><\/p>\n","protected":false},"excerpt":{"rendered":"<p>*Tito L\u00edvio Ferreira Gomide Em 1999 apresentamos trabalho em congresso de per\u00edcias de engenharia como t\u00edtulo: \u201cA Inspe\u00e7\u00e3o Predial deve ser obrigat\u00f3ria e peri\u00f3dica?\u201d, e obtivemos pr\u00eamio de men\u00e7\u00e3o honrosa, al\u00e9m de plena aceita\u00e7\u00e3o pela comunidade t\u00e9cnica da necessidade de se criar procedimentos para esse tipo de inspe\u00e7\u00e3o. Passados quase vinte anos dessa iniciativa, houve [&hellip;]<\/p>\n","protected":false},"author":2,"featured_media":29662,"comment_status":"open","ping_status":"open","sticky":false,"template":"","format":"standard","meta":{"footnotes":""},"categories":[11,110],"tags":[],"class_list":{"0":"post-35281","1":"post","2":"type-post","3":"status-publish","4":"format-standard","5":"has-post-thumbnail","7":"category-articulistas","8":"category-tito-livio-ferreira-gomide"},"yoast_head":"<!-- This site is optimized with the Yoast SEO plugin v27.2 - https:\/\/yoast.com\/product\/yoast-seo-wordpress\/ -->\n<title>A manuten\u00e7\u00e3o das obras de constru\u00e7\u00e3o civil deve ser obrigat\u00f3ria e peri\u00f3dica? - Instituto de Engenharia<\/title>\n<meta name=\"robots\" content=\"index, follow, max-snippet:-1, max-image-preview:large, max-video-preview:-1\" \/>\n<link rel=\"canonical\" href=\"https:\/\/www.institutodeengenharia.org.br\/site\/2018\/04\/16\/a-manutencao-das-obras-de-construcao-civil-deve-ser-obrigatoria-e-periodica\/\" \/>\n<meta property=\"og:locale\" content=\"pt_BR\" \/>\n<meta property=\"og:type\" content=\"article\" \/>\n<meta property=\"og:title\" content=\"A manuten\u00e7\u00e3o das obras de constru\u00e7\u00e3o civil deve ser obrigat\u00f3ria e peri\u00f3dica? - Instituto de Engenharia\" \/>\n<meta property=\"og:description\" content=\"*Tito L\u00edvio Ferreira Gomide Em 1999 apresentamos trabalho em congresso de per\u00edcias de engenharia como t\u00edtulo: \u201cA Inspe\u00e7\u00e3o Predial deve ser obrigat\u00f3ria e peri\u00f3dica?\u201d, e obtivemos pr\u00eamio de men\u00e7\u00e3o honrosa, al\u00e9m de plena aceita\u00e7\u00e3o pela comunidade t\u00e9cnica da necessidade de se criar procedimentos para esse tipo de inspe\u00e7\u00e3o. Passados quase vinte anos dessa iniciativa, houve [&hellip;]\" \/>\n<meta property=\"og:url\" content=\"https:\/\/www.institutodeengenharia.org.br\/site\/2018\/04\/16\/a-manutencao-das-obras-de-construcao-civil-deve-ser-obrigatoria-e-periodica\/\" \/>\n<meta property=\"og:site_name\" content=\"Instituto de Engenharia\" \/>\n<meta property=\"article:publisher\" content=\"https:\/\/www.facebook.com\/institutodeengenharia\" \/>\n<meta property=\"article:published_time\" content=\"2018-04-16T13:27:00+00:00\" \/>\n<meta property=\"article:modified_time\" content=\"2018-05-02T13:41:18+00:00\" \/>\n<meta property=\"og:image\" content=\"https:\/\/www.institutodeengenharia.org.br\/site\/wp-content\/uploads\/2017\/03\/tito-e1547224678243.jpg\" \/>\n\t<meta property=\"og:image:width\" content=\"258\" \/>\n\t<meta property=\"og:image:height\" content=\"285\" \/>\n\t<meta property=\"og:image:type\" content=\"image\/jpeg\" \/>\n<meta name=\"author\" content=\"Isabel\" \/>\n<meta name=\"twitter:card\" content=\"summary_large_image\" \/>\n<meta name=\"twitter:creator\" content=\"@iengenharia\" \/>\n<meta name=\"twitter:site\" content=\"@iengenharia\" \/>\n<meta name=\"twitter:label1\" content=\"Escrito por\" \/>\n\t<meta name=\"twitter:data1\" content=\"Isabel\" \/>\n\t<meta name=\"twitter:label2\" content=\"Est. tempo de leitura\" \/>\n\t<meta name=\"twitter:data2\" content=\"4 minutos\" \/>\n<script type=\"application\/ld+json\" class=\"yoast-schema-graph\">{\"@context\":\"https:\/\/schema.org\",\"@graph\":[{\"@type\":\"Article\",\"@id\":\"https:\/\/www.institutodeengenharia.org.br\/site\/2018\/04\/16\/a-manutencao-das-obras-de-construcao-civil-deve-ser-obrigatoria-e-periodica\/#article\",\"isPartOf\":{\"@id\":\"https:\/\/www.institutodeengenharia.org.br\/site\/2018\/04\/16\/a-manutencao-das-obras-de-construcao-civil-deve-ser-obrigatoria-e-periodica\/\"},\"author\":{\"name\":\"Isabel\",\"@id\":\"https:\/\/www.institutodeengenharia.org.br\/site\/#\/schema\/person\/d1764429c217aaa88954818c8f9a3036\"},\"headline\":\"A manuten\u00e7\u00e3o das obras de constru\u00e7\u00e3o civil deve ser obrigat\u00f3ria e peri\u00f3dica?\",\"datePublished\":\"2018-04-16T13:27:00+00:00\",\"dateModified\":\"2018-05-02T13:41:18+00:00\",\"mainEntityOfPage\":{\"@id\":\"https:\/\/www.institutodeengenharia.org.br\/site\/2018\/04\/16\/a-manutencao-das-obras-de-construcao-civil-deve-ser-obrigatoria-e-periodica\/\"},\"wordCount\":888,\"commentCount\":0,\"publisher\":{\"@id\":\"https:\/\/www.institutodeengenharia.org.br\/site\/#organization\"},\"image\":{\"@id\":\"https:\/\/www.institutodeengenharia.org.br\/site\/2018\/04\/16\/a-manutencao-das-obras-de-construcao-civil-deve-ser-obrigatoria-e-periodica\/#primaryimage\"},\"thumbnailUrl\":\"https:\/\/www.institutodeengenharia.org.br\/site\/wp-content\/uploads\/2017\/03\/tito-e1547224678243.jpg\",\"articleSection\":[\"Articulistas\",\"Tito L\u00edvio Ferreira Gomide\"],\"inLanguage\":\"pt-BR\",\"potentialAction\":[{\"@type\":\"CommentAction\",\"name\":\"Comment\",\"target\":[\"https:\/\/www.institutodeengenharia.org.br\/site\/2018\/04\/16\/a-manutencao-das-obras-de-construcao-civil-deve-ser-obrigatoria-e-periodica\/#respond\"]}]},{\"@type\":\"WebPage\",\"@id\":\"https:\/\/www.institutodeengenharia.org.br\/site\/2018\/04\/16\/a-manutencao-das-obras-de-construcao-civil-deve-ser-obrigatoria-e-periodica\/\",\"url\":\"https:\/\/www.institutodeengenharia.org.br\/site\/2018\/04\/16\/a-manutencao-das-obras-de-construcao-civil-deve-ser-obrigatoria-e-periodica\/\",\"name\":\"A manuten\u00e7\u00e3o das obras de constru\u00e7\u00e3o civil deve ser obrigat\u00f3ria e peri\u00f3dica? - Instituto de Engenharia\",\"isPartOf\":{\"@id\":\"https:\/\/www.institutodeengenharia.org.br\/site\/#website\"},\"primaryImageOfPage\":{\"@id\":\"https:\/\/www.institutodeengenharia.org.br\/site\/2018\/04\/16\/a-manutencao-das-obras-de-construcao-civil-deve-ser-obrigatoria-e-periodica\/#primaryimage\"},\"image\":{\"@id\":\"https:\/\/www.institutodeengenharia.org.br\/site\/2018\/04\/16\/a-manutencao-das-obras-de-construcao-civil-deve-ser-obrigatoria-e-periodica\/#primaryimage\"},\"thumbnailUrl\":\"https:\/\/www.institutodeengenharia.org.br\/site\/wp-content\/uploads\/2017\/03\/tito-e1547224678243.jpg\",\"datePublished\":\"2018-04-16T13:27:00+00:00\",\"dateModified\":\"2018-05-02T13:41:18+00:00\",\"breadcrumb\":{\"@id\":\"https:\/\/www.institutodeengenharia.org.br\/site\/2018\/04\/16\/a-manutencao-das-obras-de-construcao-civil-deve-ser-obrigatoria-e-periodica\/#breadcrumb\"},\"inLanguage\":\"pt-BR\",\"potentialAction\":[{\"@type\":\"ReadAction\",\"target\":[\"https:\/\/www.institutodeengenharia.org.br\/site\/2018\/04\/16\/a-manutencao-das-obras-de-construcao-civil-deve-ser-obrigatoria-e-periodica\/\"]}]},{\"@type\":\"ImageObject\",\"inLanguage\":\"pt-BR\",\"@id\":\"https:\/\/www.institutodeengenharia.org.br\/site\/2018\/04\/16\/a-manutencao-das-obras-de-construcao-civil-deve-ser-obrigatoria-e-periodica\/#primaryimage\",\"url\":\"https:\/\/www.institutodeengenharia.org.br\/site\/wp-content\/uploads\/2017\/03\/tito-e1547224678243.jpg\",\"contentUrl\":\"https:\/\/www.institutodeengenharia.org.br\/site\/wp-content\/uploads\/2017\/03\/tito-e1547224678243.jpg\",\"width\":258,\"height\":285},{\"@type\":\"BreadcrumbList\",\"@id\":\"https:\/\/www.institutodeengenharia.org.br\/site\/2018\/04\/16\/a-manutencao-das-obras-de-construcao-civil-deve-ser-obrigatoria-e-periodica\/#breadcrumb\",\"itemListElement\":[{\"@type\":\"ListItem\",\"position\":1,\"name\":\"In\u00edcio\",\"item\":\"https:\/\/www.institutodeengenharia.org.br\/site\/\"},{\"@type\":\"ListItem\",\"position\":2,\"name\":\"A manuten\u00e7\u00e3o das obras de constru\u00e7\u00e3o civil deve ser obrigat\u00f3ria e peri\u00f3dica?\"}]},{\"@type\":\"WebSite\",\"@id\":\"https:\/\/www.institutodeengenharia.org.br\/site\/#website\",\"url\":\"https:\/\/www.institutodeengenharia.org.br\/site\/\",\"name\":\"Instituto de Engenharia\",\"description\":\"O Instituto de Engenharia promove a Engenharia em benef\u00edcio do desenvolvimento e da qualidade de vida da sociedade.\",\"publisher\":{\"@id\":\"https:\/\/www.institutodeengenharia.org.br\/site\/#organization\"},\"potentialAction\":[{\"@type\":\"SearchAction\",\"target\":{\"@type\":\"EntryPoint\",\"urlTemplate\":\"https:\/\/www.institutodeengenharia.org.br\/site\/?s={search_term_string}\"},\"query-input\":{\"@type\":\"PropertyValueSpecification\",\"valueRequired\":true,\"valueName\":\"search_term_string\"}}],\"inLanguage\":\"pt-BR\"},{\"@type\":\"Organization\",\"@id\":\"https:\/\/www.institutodeengenharia.org.br\/site\/#organization\",\"name\":\"Instituto de Engenharia\",\"url\":\"https:\/\/www.institutodeengenharia.org.br\/site\/\",\"logo\":{\"@type\":\"ImageObject\",\"inLanguage\":\"pt-BR\",\"@id\":\"https:\/\/www.institutodeengenharia.org.br\/site\/#\/schema\/logo\/image\/\",\"url\":\"https:\/\/www.institutodeengenharia.org.br\/site\/wp-content\/uploads\/2019\/03\/logo-novo-IE2018-1.jpg\",\"contentUrl\":\"https:\/\/www.institutodeengenharia.org.br\/site\/wp-content\/uploads\/2019\/03\/logo-novo-IE2018-1.jpg\",\"width\":1486,\"height\":1879,\"caption\":\"Instituto de Engenharia\"},\"image\":{\"@id\":\"https:\/\/www.institutodeengenharia.org.br\/site\/#\/schema\/logo\/image\/\"},\"sameAs\":[\"https:\/\/www.facebook.com\/institutodeengenharia\",\"https:\/\/x.com\/iengenharia\",\"https:\/\/www.instagram.com\/institutodeengenharia\/\",\"https:\/\/www.linkedin.com\/company\/instituto-de-engenharia\/\",\"https:\/\/www.youtube.com\/channel\/UCXiCAlsSMe977vamW915HxA\"]},{\"@type\":\"Person\",\"@id\":\"https:\/\/www.institutodeengenharia.org.br\/site\/#\/schema\/person\/d1764429c217aaa88954818c8f9a3036\",\"name\":\"Isabel\",\"image\":{\"@type\":\"ImageObject\",\"inLanguage\":\"pt-BR\",\"@id\":\"https:\/\/secure.gravatar.com\/avatar\/a91d60506c31a7cb05e69a21529f91908e538db3b21f58bfda4039be740fcb71?s=96&d=mm&r=g\",\"url\":\"https:\/\/secure.gravatar.com\/avatar\/a91d60506c31a7cb05e69a21529f91908e538db3b21f58bfda4039be740fcb71?s=96&d=mm&r=g\",\"contentUrl\":\"https:\/\/secure.gravatar.com\/avatar\/a91d60506c31a7cb05e69a21529f91908e538db3b21f58bfda4039be740fcb71?s=96&d=mm&r=g\",\"caption\":\"Isabel\"},\"url\":\"https:\/\/www.institutodeengenharia.org.br\/site\/author\/isabel\/\"}]}<\/script>\n<!-- \/ Yoast SEO plugin. -->","yoast_head_json":{"title":"A manuten\u00e7\u00e3o das obras de constru\u00e7\u00e3o civil deve ser obrigat\u00f3ria e peri\u00f3dica? - Instituto de Engenharia","robots":{"index":"index","follow":"follow","max-snippet":"max-snippet:-1","max-image-preview":"max-image-preview:large","max-video-preview":"max-video-preview:-1"},"canonical":"https:\/\/www.institutodeengenharia.org.br\/site\/2018\/04\/16\/a-manutencao-das-obras-de-construcao-civil-deve-ser-obrigatoria-e-periodica\/","og_locale":"pt_BR","og_type":"article","og_title":"A manuten\u00e7\u00e3o das obras de constru\u00e7\u00e3o civil deve ser obrigat\u00f3ria e peri\u00f3dica? - Instituto de Engenharia","og_description":"*Tito L\u00edvio Ferreira Gomide Em 1999 apresentamos trabalho em congresso de per\u00edcias de engenharia como t\u00edtulo: \u201cA Inspe\u00e7\u00e3o Predial deve ser obrigat\u00f3ria e peri\u00f3dica?\u201d, e obtivemos pr\u00eamio de men\u00e7\u00e3o honrosa, al\u00e9m de plena aceita\u00e7\u00e3o pela comunidade t\u00e9cnica da necessidade de se criar procedimentos para esse tipo de inspe\u00e7\u00e3o. Passados quase vinte anos dessa iniciativa, houve [&hellip;]","og_url":"https:\/\/www.institutodeengenharia.org.br\/site\/2018\/04\/16\/a-manutencao-das-obras-de-construcao-civil-deve-ser-obrigatoria-e-periodica\/","og_site_name":"Instituto de Engenharia","article_publisher":"https:\/\/www.facebook.com\/institutodeengenharia","article_published_time":"2018-04-16T13:27:00+00:00","article_modified_time":"2018-05-02T13:41:18+00:00","og_image":[{"width":258,"height":285,"url":"https:\/\/www.institutodeengenharia.org.br\/site\/wp-content\/uploads\/2017\/03\/tito-e1547224678243.jpg","type":"image\/jpeg"}],"author":"Isabel","twitter_card":"summary_large_image","twitter_creator":"@iengenharia","twitter_site":"@iengenharia","twitter_misc":{"Escrito por":"Isabel","Est. tempo de leitura":"4 minutos"},"schema":{"@context":"https:\/\/schema.org","@graph":[{"@type":"Article","@id":"https:\/\/www.institutodeengenharia.org.br\/site\/2018\/04\/16\/a-manutencao-das-obras-de-construcao-civil-deve-ser-obrigatoria-e-periodica\/#article","isPartOf":{"@id":"https:\/\/www.institutodeengenharia.org.br\/site\/2018\/04\/16\/a-manutencao-das-obras-de-construcao-civil-deve-ser-obrigatoria-e-periodica\/"},"author":{"name":"Isabel","@id":"https:\/\/www.institutodeengenharia.org.br\/site\/#\/schema\/person\/d1764429c217aaa88954818c8f9a3036"},"headline":"A manuten\u00e7\u00e3o das obras de constru\u00e7\u00e3o civil deve ser obrigat\u00f3ria e peri\u00f3dica?","datePublished":"2018-04-16T13:27:00+00:00","dateModified":"2018-05-02T13:41:18+00:00","mainEntityOfPage":{"@id":"https:\/\/www.institutodeengenharia.org.br\/site\/2018\/04\/16\/a-manutencao-das-obras-de-construcao-civil-deve-ser-obrigatoria-e-periodica\/"},"wordCount":888,"commentCount":0,"publisher":{"@id":"https:\/\/www.institutodeengenharia.org.br\/site\/#organization"},"image":{"@id":"https:\/\/www.institutodeengenharia.org.br\/site\/2018\/04\/16\/a-manutencao-das-obras-de-construcao-civil-deve-ser-obrigatoria-e-periodica\/#primaryimage"},"thumbnailUrl":"https:\/\/www.institutodeengenharia.org.br\/site\/wp-content\/uploads\/2017\/03\/tito-e1547224678243.jpg","articleSection":["Articulistas","Tito L\u00edvio Ferreira Gomide"],"inLanguage":"pt-BR","potentialAction":[{"@type":"CommentAction","name":"Comment","target":["https:\/\/www.institutodeengenharia.org.br\/site\/2018\/04\/16\/a-manutencao-das-obras-de-construcao-civil-deve-ser-obrigatoria-e-periodica\/#respond"]}]},{"@type":"WebPage","@id":"https:\/\/www.institutodeengenharia.org.br\/site\/2018\/04\/16\/a-manutencao-das-obras-de-construcao-civil-deve-ser-obrigatoria-e-periodica\/","url":"https:\/\/www.institutodeengenharia.org.br\/site\/2018\/04\/16\/a-manutencao-das-obras-de-construcao-civil-deve-ser-obrigatoria-e-periodica\/","name":"A manuten\u00e7\u00e3o das obras de constru\u00e7\u00e3o civil deve ser obrigat\u00f3ria e peri\u00f3dica? - Instituto de Engenharia","isPartOf":{"@id":"https:\/\/www.institutodeengenharia.org.br\/site\/#website"},"primaryImageOfPage":{"@id":"https:\/\/www.institutodeengenharia.org.br\/site\/2018\/04\/16\/a-manutencao-das-obras-de-construcao-civil-deve-ser-obrigatoria-e-periodica\/#primaryimage"},"image":{"@id":"https:\/\/www.institutodeengenharia.org.br\/site\/2018\/04\/16\/a-manutencao-das-obras-de-construcao-civil-deve-ser-obrigatoria-e-periodica\/#primaryimage"},"thumbnailUrl":"https:\/\/www.institutodeengenharia.org.br\/site\/wp-content\/uploads\/2017\/03\/tito-e1547224678243.jpg","datePublished":"2018-04-16T13:27:00+00:00","dateModified":"2018-05-02T13:41:18+00:00","breadcrumb":{"@id":"https:\/\/www.institutodeengenharia.org.br\/site\/2018\/04\/16\/a-manutencao-das-obras-de-construcao-civil-deve-ser-obrigatoria-e-periodica\/#breadcrumb"},"inLanguage":"pt-BR","potentialAction":[{"@type":"ReadAction","target":["https:\/\/www.institutodeengenharia.org.br\/site\/2018\/04\/16\/a-manutencao-das-obras-de-construcao-civil-deve-ser-obrigatoria-e-periodica\/"]}]},{"@type":"ImageObject","inLanguage":"pt-BR","@id":"https:\/\/www.institutodeengenharia.org.br\/site\/2018\/04\/16\/a-manutencao-das-obras-de-construcao-civil-deve-ser-obrigatoria-e-periodica\/#primaryimage","url":"https:\/\/www.institutodeengenharia.org.br\/site\/wp-content\/uploads\/2017\/03\/tito-e1547224678243.jpg","contentUrl":"https:\/\/www.institutodeengenharia.org.br\/site\/wp-content\/uploads\/2017\/03\/tito-e1547224678243.jpg","width":258,"height":285},{"@type":"BreadcrumbList","@id":"https:\/\/www.institutodeengenharia.org.br\/site\/2018\/04\/16\/a-manutencao-das-obras-de-construcao-civil-deve-ser-obrigatoria-e-periodica\/#breadcrumb","itemListElement":[{"@type":"ListItem","position":1,"name":"In\u00edcio","item":"https:\/\/www.institutodeengenharia.org.br\/site\/"},{"@type":"ListItem","position":2,"name":"A manuten\u00e7\u00e3o das obras de constru\u00e7\u00e3o civil deve ser obrigat\u00f3ria e peri\u00f3dica?"}]},{"@type":"WebSite","@id":"https:\/\/www.institutodeengenharia.org.br\/site\/#website","url":"https:\/\/www.institutodeengenharia.org.br\/site\/","name":"Instituto de Engenharia","description":"O Instituto de Engenharia promove a Engenharia em benef\u00edcio do desenvolvimento e da qualidade de vida da sociedade.","publisher":{"@id":"https:\/\/www.institutodeengenharia.org.br\/site\/#organization"},"potentialAction":[{"@type":"SearchAction","target":{"@type":"EntryPoint","urlTemplate":"https:\/\/www.institutodeengenharia.org.br\/site\/?s={search_term_string}"},"query-input":{"@type":"PropertyValueSpecification","valueRequired":true,"valueName":"search_term_string"}}],"inLanguage":"pt-BR"},{"@type":"Organization","@id":"https:\/\/www.institutodeengenharia.org.br\/site\/#organization","name":"Instituto de Engenharia","url":"https:\/\/www.institutodeengenharia.org.br\/site\/","logo":{"@type":"ImageObject","inLanguage":"pt-BR","@id":"https:\/\/www.institutodeengenharia.org.br\/site\/#\/schema\/logo\/image\/","url":"https:\/\/www.institutodeengenharia.org.br\/site\/wp-content\/uploads\/2019\/03\/logo-novo-IE2018-1.jpg","contentUrl":"https:\/\/www.institutodeengenharia.org.br\/site\/wp-content\/uploads\/2019\/03\/logo-novo-IE2018-1.jpg","width":1486,"height":1879,"caption":"Instituto de Engenharia"},"image":{"@id":"https:\/\/www.institutodeengenharia.org.br\/site\/#\/schema\/logo\/image\/"},"sameAs":["https:\/\/www.facebook.com\/institutodeengenharia","https:\/\/x.com\/iengenharia","https:\/\/www.instagram.com\/institutodeengenharia\/","https:\/\/www.linkedin.com\/company\/instituto-de-engenharia\/","https:\/\/www.youtube.com\/channel\/UCXiCAlsSMe977vamW915HxA"]},{"@type":"Person","@id":"https:\/\/www.institutodeengenharia.org.br\/site\/#\/schema\/person\/d1764429c217aaa88954818c8f9a3036","name":"Isabel","image":{"@type":"ImageObject","inLanguage":"pt-BR","@id":"https:\/\/secure.gravatar.com\/avatar\/a91d60506c31a7cb05e69a21529f91908e538db3b21f58bfda4039be740fcb71?s=96&d=mm&r=g","url":"https:\/\/secure.gravatar.com\/avatar\/a91d60506c31a7cb05e69a21529f91908e538db3b21f58bfda4039be740fcb71?s=96&d=mm&r=g","contentUrl":"https:\/\/secure.gravatar.com\/avatar\/a91d60506c31a7cb05e69a21529f91908e538db3b21f58bfda4039be740fcb71?s=96&d=mm&r=g","caption":"Isabel"},"url":"https:\/\/www.institutodeengenharia.org.br\/site\/author\/isabel\/"}]}},"_links":{"self":[{"href":"https:\/\/www.institutodeengenharia.org.br\/site\/wp-json\/wp\/v2\/posts\/35281","targetHints":{"allow":["GET"]}}],"collection":[{"href":"https:\/\/www.institutodeengenharia.org.br\/site\/wp-json\/wp\/v2\/posts"}],"about":[{"href":"https:\/\/www.institutodeengenharia.org.br\/site\/wp-json\/wp\/v2\/types\/post"}],"author":[{"embeddable":true,"href":"https:\/\/www.institutodeengenharia.org.br\/site\/wp-json\/wp\/v2\/users\/2"}],"replies":[{"embeddable":true,"href":"https:\/\/www.institutodeengenharia.org.br\/site\/wp-json\/wp\/v2\/comments?post=35281"}],"version-history":[{"count":3,"href":"https:\/\/www.institutodeengenharia.org.br\/site\/wp-json\/wp\/v2\/posts\/35281\/revisions"}],"predecessor-version":[{"id":35284,"href":"https:\/\/www.institutodeengenharia.org.br\/site\/wp-json\/wp\/v2\/posts\/35281\/revisions\/35284"}],"wp:featuredmedia":[{"embeddable":true,"href":"https:\/\/www.institutodeengenharia.org.br\/site\/wp-json\/wp\/v2\/media\/29662"}],"wp:attachment":[{"href":"https:\/\/www.institutodeengenharia.org.br\/site\/wp-json\/wp\/v2\/media?parent=35281"}],"wp:term":[{"taxonomy":"category","embeddable":true,"href":"https:\/\/www.institutodeengenharia.org.br\/site\/wp-json\/wp\/v2\/categories?post=35281"},{"taxonomy":"post_tag","embeddable":true,"href":"https:\/\/www.institutodeengenharia.org.br\/site\/wp-json\/wp\/v2\/tags?post=35281"}],"curies":[{"name":"wp","href":"https:\/\/api.w.org\/{rel}","templated":true}]}}