{"id":35114,"date":"2018-04-18T10:34:35","date_gmt":"2018-04-18T13:34:35","guid":{"rendered":"https:\/\/www.institutodeengenharia.org.br\/site\/?p=35114"},"modified":"2019-11-26T16:06:12","modified_gmt":"2019-11-26T18:06:12","slug":"material-tecnico-projetos-e-mercado-de-carbono-no-brasil","status":"publish","type":"post","link":"https:\/\/www.institutodeengenharia.org.br\/site\/2018\/04\/18\/material-tecnico-projetos-e-mercado-de-carbono-no-brasil\/","title":{"rendered":"Material t\u00e9cnico &#8211; Projetos e Mercado de Carbono no Brasil"},"content":{"rendered":"<p><a href=\"https:\/\/www.institutodeengenharia.org.br\/site\/wp-content\/uploads\/2018\/04\/Palestra-Mudan%C3%A7as-Clim%C3%A1ticas.pdf\">Projetos e Mercado de Carbono no Brasil<\/a> &#8211; Palestra ministrada por\u00a0David Garcia.<\/p>\n<p>&nbsp;<\/p>\n","protected":false},"excerpt":{"rendered":"<p>Projetos e Mercado de Carbono no Brasil &#8211; Palestra ministrada por\u00a0David Garcia. &nbsp;<\/p>\n","protected":false},"author":2,"featured_media":35115,"comment_status":"open","ping_status":"open","sticky":false,"template":"","format":"standard","meta":{"footnotes":""},"categories":[74,119],"tags":[],"class_list":{"0":"post-35114","1":"post","2":"type-post","3":"status-publish","4":"format-standard","5":"has-post-thumbnail","7":"category-divisao-tecnica-meio-ambiente-e-sustentabilidade","8":"category-publicacoes-tecnicas"},"yoast_head":"<!-- This site is optimized with the Yoast SEO plugin v27.2 - https:\/\/yoast.com\/product\/yoast-seo-wordpress\/ -->\n<title>Material t\u00e9cnico - Projetos e Mercado de Carbono no Brasil - Instituto de Engenharia<\/title>\n<meta name=\"robots\" content=\"index, follow, max-snippet:-1, max-image-preview:large, max-video-preview:-1\" \/>\n<link rel=\"canonical\" href=\"https:\/\/www.institutodeengenharia.org.br\/site\/2018\/04\/18\/material-tecnico-projetos-e-mercado-de-carbono-no-brasil\/\" \/>\n<meta property=\"og:locale\" content=\"pt_BR\" \/>\n<meta property=\"og:type\" content=\"article\" \/>\n<meta property=\"og:title\" content=\"Material t\u00e9cnico - Projetos e Mercado de Carbono no Brasil - Instituto de Engenharia\" \/>\n<meta property=\"og:description\" content=\"Projetos e Mercado de Carbono no Brasil &#8211; Palestra ministrada por\u00a0David Garcia. &nbsp;\" \/>\n<meta property=\"og:url\" content=\"https:\/\/www.institutodeengenharia.org.br\/site\/2018\/04\/18\/material-tecnico-projetos-e-mercado-de-carbono-no-brasil\/\" \/>\n<meta property=\"og:site_name\" content=\"Instituto de Engenharia\" \/>\n<meta property=\"article:publisher\" content=\"https:\/\/www.facebook.com\/institutodeengenharia\" \/>\n<meta property=\"article:published_time\" content=\"2018-04-18T13:34:35+00:00\" \/>\n<meta property=\"article:modified_time\" content=\"2019-11-26T18:06:12+00:00\" \/>\n<meta property=\"og:image\" content=\"https:\/\/www.institutodeengenharia.org.br\/site\/wp-content\/uploads\/2018\/04\/projetos-carbono.jpg\" \/>\n\t<meta property=\"og:image:width\" content=\"300\" \/>\n\t<meta property=\"og:image:height\" content=\"168\" \/>\n\t<meta property=\"og:image:type\" content=\"image\/jpeg\" \/>\n<meta name=\"author\" content=\"Isabel\" \/>\n<meta name=\"twitter:card\" content=\"summary_large_image\" \/>\n<meta name=\"twitter:creator\" content=\"@iengenharia\" \/>\n<meta name=\"twitter:site\" content=\"@iengenharia\" \/>\n<meta name=\"twitter:label1\" content=\"Escrito por\" \/>\n\t<meta name=\"twitter:data1\" content=\"Isabel\" \/>\n<script type=\"application\/ld+json\" class=\"yoast-schema-graph\">{\"@context\":\"https:\/\/schema.org\",\"@graph\":[{\"@type\":\"Article\",\"@id\":\"https:\/\/www.institutodeengenharia.org.br\/site\/2018\/04\/18\/material-tecnico-projetos-e-mercado-de-carbono-no-brasil\/#article\",\"isPartOf\":{\"@id\":\"https:\/\/www.institutodeengenharia.org.br\/site\/2018\/04\/18\/material-tecnico-projetos-e-mercado-de-carbono-no-brasil\/\"},\"author\":{\"name\":\"Isabel\",\"@id\":\"https:\/\/www.institutodeengenharia.org.br\/site\/#\/schema\/person\/d1764429c217aaa88954818c8f9a3036\"},\"headline\":\"Material t\u00e9cnico &#8211; Projetos e Mercado de Carbono no Brasil\",\"datePublished\":\"2018-04-18T13:34:35+00:00\",\"dateModified\":\"2019-11-26T18:06:12+00:00\",\"mainEntityOfPage\":{\"@id\":\"https:\/\/www.institutodeengenharia.org.br\/site\/2018\/04\/18\/material-tecnico-projetos-e-mercado-de-carbono-no-brasil\/\"},\"wordCount\":25,\"commentCount\":0,\"publisher\":{\"@id\":\"https:\/\/www.institutodeengenharia.org.br\/site\/#organization\"},\"image\":{\"@id\":\"https:\/\/www.institutodeengenharia.org.br\/site\/2018\/04\/18\/material-tecnico-projetos-e-mercado-de-carbono-no-brasil\/#primaryimage\"},\"thumbnailUrl\":\"https:\/\/www.institutodeengenharia.org.br\/site\/wp-content\/uploads\/2018\/04\/projetos-carbono.jpg\",\"articleSection\":[\"Divis\u00e3o T\u00e9cnica Meio Ambiente e Sustentabilidade\",\"Publica\u00e7\u00f5es T\u00e9cnicas\"],\"inLanguage\":\"pt-BR\",\"potentialAction\":[{\"@type\":\"CommentAction\",\"name\":\"Comment\",\"target\":[\"https:\/\/www.institutodeengenharia.org.br\/site\/2018\/04\/18\/material-tecnico-projetos-e-mercado-de-carbono-no-brasil\/#respond\"]}]},{\"@type\":\"WebPage\",\"@id\":\"https:\/\/www.institutodeengenharia.org.br\/site\/2018\/04\/18\/material-tecnico-projetos-e-mercado-de-carbono-no-brasil\/\",\"url\":\"https:\/\/www.institutodeengenharia.org.br\/site\/2018\/04\/18\/material-tecnico-projetos-e-mercado-de-carbono-no-brasil\/\",\"name\":\"Material t\u00e9cnico - Projetos e Mercado de Carbono no Brasil - Instituto de Engenharia\",\"isPartOf\":{\"@id\":\"https:\/\/www.institutodeengenharia.org.br\/site\/#website\"},\"primaryImageOfPage\":{\"@id\":\"https:\/\/www.institutodeengenharia.org.br\/site\/2018\/04\/18\/material-tecnico-projetos-e-mercado-de-carbono-no-brasil\/#primaryimage\"},\"image\":{\"@id\":\"https:\/\/www.institutodeengenharia.org.br\/site\/2018\/04\/18\/material-tecnico-projetos-e-mercado-de-carbono-no-brasil\/#primaryimage\"},\"thumbnailUrl\":\"https:\/\/www.institutodeengenharia.org.br\/site\/wp-content\/uploads\/2018\/04\/projetos-carbono.jpg\",\"datePublished\":\"2018-04-18T13:34:35+00:00\",\"dateModified\":\"2019-11-26T18:06:12+00:00\",\"breadcrumb\":{\"@id\":\"https:\/\/www.institutodeengenharia.org.br\/site\/2018\/04\/18\/material-tecnico-projetos-e-mercado-de-carbono-no-brasil\/#breadcrumb\"},\"inLanguage\":\"pt-BR\",\"potentialAction\":[{\"@type\":\"ReadAction\",\"target\":[\"https:\/\/www.institutodeengenharia.org.br\/site\/2018\/04\/18\/material-tecnico-projetos-e-mercado-de-carbono-no-brasil\/\"]}]},{\"@type\":\"ImageObject\",\"inLanguage\":\"pt-BR\",\"@id\":\"https:\/\/www.institutodeengenharia.org.br\/site\/2018\/04\/18\/material-tecnico-projetos-e-mercado-de-carbono-no-brasil\/#primaryimage\",\"url\":\"https:\/\/www.institutodeengenharia.org.br\/site\/wp-content\/uploads\/2018\/04\/projetos-carbono.jpg\",\"contentUrl\":\"https:\/\/www.institutodeengenharia.org.br\/site\/wp-content\/uploads\/2018\/04\/projetos-carbono.jpg\",\"width\":300,\"height\":168},{\"@type\":\"BreadcrumbList\",\"@id\":\"https:\/\/www.institutodeengenharia.org.br\/site\/2018\/04\/18\/material-tecnico-projetos-e-mercado-de-carbono-no-brasil\/#breadcrumb\",\"itemListElement\":[{\"@type\":\"ListItem\",\"position\":1,\"name\":\"In\u00edcio\",\"item\":\"https:\/\/www.institutodeengenharia.org.br\/site\/\"},{\"@type\":\"ListItem\",\"position\":2,\"name\":\"Material t\u00e9cnico &#8211; Projetos e Mercado de Carbono no Brasil\"}]},{\"@type\":\"WebSite\",\"@id\":\"https:\/\/www.institutodeengenharia.org.br\/site\/#website\",\"url\":\"https:\/\/www.institutodeengenharia.org.br\/site\/\",\"name\":\"Instituto de Engenharia\",\"description\":\"O Instituto de Engenharia promove a Engenharia em benef\u00edcio do desenvolvimento e da qualidade de vida da sociedade.\",\"publisher\":{\"@id\":\"https:\/\/www.institutodeengenharia.org.br\/site\/#organization\"},\"potentialAction\":[{\"@type\":\"SearchAction\",\"target\":{\"@type\":\"EntryPoint\",\"urlTemplate\":\"https:\/\/www.institutodeengenharia.org.br\/site\/?s={search_term_string}\"},\"query-input\":{\"@type\":\"PropertyValueSpecification\",\"valueRequired\":true,\"valueName\":\"search_term_string\"}}],\"inLanguage\":\"pt-BR\"},{\"@type\":\"Organization\",\"@id\":\"https:\/\/www.institutodeengenharia.org.br\/site\/#organization\",\"name\":\"Instituto de Engenharia\",\"url\":\"https:\/\/www.institutodeengenharia.org.br\/site\/\",\"logo\":{\"@type\":\"ImageObject\",\"inLanguage\":\"pt-BR\",\"@id\":\"https:\/\/www.institutodeengenharia.org.br\/site\/#\/schema\/logo\/image\/\",\"url\":\"https:\/\/www.institutodeengenharia.org.br\/site\/wp-content\/uploads\/2019\/03\/logo-novo-IE2018-1.jpg\",\"contentUrl\":\"https:\/\/www.institutodeengenharia.org.br\/site\/wp-content\/uploads\/2019\/03\/logo-novo-IE2018-1.jpg\",\"width\":1486,\"height\":1879,\"caption\":\"Instituto de Engenharia\"},\"image\":{\"@id\":\"https:\/\/www.institutodeengenharia.org.br\/site\/#\/schema\/logo\/image\/\"},\"sameAs\":[\"https:\/\/www.facebook.com\/institutodeengenharia\",\"https:\/\/x.com\/iengenharia\",\"https:\/\/www.instagram.com\/institutodeengenharia\/\",\"https:\/\/www.linkedin.com\/company\/instituto-de-engenharia\/\",\"https:\/\/www.youtube.com\/channel\/UCXiCAlsSMe977vamW915HxA\"]},{\"@type\":\"Person\",\"@id\":\"https:\/\/www.institutodeengenharia.org.br\/site\/#\/schema\/person\/d1764429c217aaa88954818c8f9a3036\",\"name\":\"Isabel\",\"image\":{\"@type\":\"ImageObject\",\"inLanguage\":\"pt-BR\",\"@id\":\"https:\/\/secure.gravatar.com\/avatar\/a91d60506c31a7cb05e69a21529f91908e538db3b21f58bfda4039be740fcb71?s=96&d=mm&r=g\",\"url\":\"https:\/\/secure.gravatar.com\/avatar\/a91d60506c31a7cb05e69a21529f91908e538db3b21f58bfda4039be740fcb71?s=96&d=mm&r=g\",\"contentUrl\":\"https:\/\/secure.gravatar.com\/avatar\/a91d60506c31a7cb05e69a21529f91908e538db3b21f58bfda4039be740fcb71?s=96&d=mm&r=g\",\"caption\":\"Isabel\"},\"url\":\"https:\/\/www.institutodeengenharia.org.br\/site\/author\/isabel\/\"}]}<\/script>\n<!-- \/ Yoast SEO plugin. -->","yoast_head_json":{"title":"Material t\u00e9cnico - Projetos e Mercado de Carbono no Brasil - Instituto de Engenharia","robots":{"index":"index","follow":"follow","max-snippet":"max-snippet:-1","max-image-preview":"max-image-preview:large","max-video-preview":"max-video-preview:-1"},"canonical":"https:\/\/www.institutodeengenharia.org.br\/site\/2018\/04\/18\/material-tecnico-projetos-e-mercado-de-carbono-no-brasil\/","og_locale":"pt_BR","og_type":"article","og_title":"Material t\u00e9cnico - Projetos e Mercado de Carbono no Brasil - Instituto de Engenharia","og_description":"Projetos e Mercado de Carbono no Brasil &#8211; Palestra ministrada por\u00a0David Garcia. &nbsp;","og_url":"https:\/\/www.institutodeengenharia.org.br\/site\/2018\/04\/18\/material-tecnico-projetos-e-mercado-de-carbono-no-brasil\/","og_site_name":"Instituto de Engenharia","article_publisher":"https:\/\/www.facebook.com\/institutodeengenharia","article_published_time":"2018-04-18T13:34:35+00:00","article_modified_time":"2019-11-26T18:06:12+00:00","og_image":[{"width":300,"height":168,"url":"https:\/\/www.institutodeengenharia.org.br\/site\/wp-content\/uploads\/2018\/04\/projetos-carbono.jpg","type":"image\/jpeg"}],"author":"Isabel","twitter_card":"summary_large_image","twitter_creator":"@iengenharia","twitter_site":"@iengenharia","twitter_misc":{"Escrito por":"Isabel"},"schema":{"@context":"https:\/\/schema.org","@graph":[{"@type":"Article","@id":"https:\/\/www.institutodeengenharia.org.br\/site\/2018\/04\/18\/material-tecnico-projetos-e-mercado-de-carbono-no-brasil\/#article","isPartOf":{"@id":"https:\/\/www.institutodeengenharia.org.br\/site\/2018\/04\/18\/material-tecnico-projetos-e-mercado-de-carbono-no-brasil\/"},"author":{"name":"Isabel","@id":"https:\/\/www.institutodeengenharia.org.br\/site\/#\/schema\/person\/d1764429c217aaa88954818c8f9a3036"},"headline":"Material t\u00e9cnico &#8211; Projetos e Mercado de Carbono no Brasil","datePublished":"2018-04-18T13:34:35+00:00","dateModified":"2019-11-26T18:06:12+00:00","mainEntityOfPage":{"@id":"https:\/\/www.institutodeengenharia.org.br\/site\/2018\/04\/18\/material-tecnico-projetos-e-mercado-de-carbono-no-brasil\/"},"wordCount":25,"commentCount":0,"publisher":{"@id":"https:\/\/www.institutodeengenharia.org.br\/site\/#organization"},"image":{"@id":"https:\/\/www.institutodeengenharia.org.br\/site\/2018\/04\/18\/material-tecnico-projetos-e-mercado-de-carbono-no-brasil\/#primaryimage"},"thumbnailUrl":"https:\/\/www.institutodeengenharia.org.br\/site\/wp-content\/uploads\/2018\/04\/projetos-carbono.jpg","articleSection":["Divis\u00e3o T\u00e9cnica Meio Ambiente e Sustentabilidade","Publica\u00e7\u00f5es T\u00e9cnicas"],"inLanguage":"pt-BR","potentialAction":[{"@type":"CommentAction","name":"Comment","target":["https:\/\/www.institutodeengenharia.org.br\/site\/2018\/04\/18\/material-tecnico-projetos-e-mercado-de-carbono-no-brasil\/#respond"]}]},{"@type":"WebPage","@id":"https:\/\/www.institutodeengenharia.org.br\/site\/2018\/04\/18\/material-tecnico-projetos-e-mercado-de-carbono-no-brasil\/","url":"https:\/\/www.institutodeengenharia.org.br\/site\/2018\/04\/18\/material-tecnico-projetos-e-mercado-de-carbono-no-brasil\/","name":"Material t\u00e9cnico - Projetos e Mercado de Carbono no Brasil - Instituto de Engenharia","isPartOf":{"@id":"https:\/\/www.institutodeengenharia.org.br\/site\/#website"},"primaryImageOfPage":{"@id":"https:\/\/www.institutodeengenharia.org.br\/site\/2018\/04\/18\/material-tecnico-projetos-e-mercado-de-carbono-no-brasil\/#primaryimage"},"image":{"@id":"https:\/\/www.institutodeengenharia.org.br\/site\/2018\/04\/18\/material-tecnico-projetos-e-mercado-de-carbono-no-brasil\/#primaryimage"},"thumbnailUrl":"https:\/\/www.institutodeengenharia.org.br\/site\/wp-content\/uploads\/2018\/04\/projetos-carbono.jpg","datePublished":"2018-04-18T13:34:35+00:00","dateModified":"2019-11-26T18:06:12+00:00","breadcrumb":{"@id":"https:\/\/www.institutodeengenharia.org.br\/site\/2018\/04\/18\/material-tecnico-projetos-e-mercado-de-carbono-no-brasil\/#breadcrumb"},"inLanguage":"pt-BR","potentialAction":[{"@type":"ReadAction","target":["https:\/\/www.institutodeengenharia.org.br\/site\/2018\/04\/18\/material-tecnico-projetos-e-mercado-de-carbono-no-brasil\/"]}]},{"@type":"ImageObject","inLanguage":"pt-BR","@id":"https:\/\/www.institutodeengenharia.org.br\/site\/2018\/04\/18\/material-tecnico-projetos-e-mercado-de-carbono-no-brasil\/#primaryimage","url":"https:\/\/www.institutodeengenharia.org.br\/site\/wp-content\/uploads\/2018\/04\/projetos-carbono.jpg","contentUrl":"https:\/\/www.institutodeengenharia.org.br\/site\/wp-content\/uploads\/2018\/04\/projetos-carbono.jpg","width":300,"height":168},{"@type":"BreadcrumbList","@id":"https:\/\/www.institutodeengenharia.org.br\/site\/2018\/04\/18\/material-tecnico-projetos-e-mercado-de-carbono-no-brasil\/#breadcrumb","itemListElement":[{"@type":"ListItem","position":1,"name":"In\u00edcio","item":"https:\/\/www.institutodeengenharia.org.br\/site\/"},{"@type":"ListItem","position":2,"name":"Material t\u00e9cnico &#8211; Projetos e Mercado de Carbono no Brasil"}]},{"@type":"WebSite","@id":"https:\/\/www.institutodeengenharia.org.br\/site\/#website","url":"https:\/\/www.institutodeengenharia.org.br\/site\/","name":"Instituto de Engenharia","description":"O Instituto de Engenharia promove a Engenharia em benef\u00edcio do desenvolvimento e da qualidade de vida da sociedade.","publisher":{"@id":"https:\/\/www.institutodeengenharia.org.br\/site\/#organization"},"potentialAction":[{"@type":"SearchAction","target":{"@type":"EntryPoint","urlTemplate":"https:\/\/www.institutodeengenharia.org.br\/site\/?s={search_term_string}"},"query-input":{"@type":"PropertyValueSpecification","valueRequired":true,"valueName":"search_term_string"}}],"inLanguage":"pt-BR"},{"@type":"Organization","@id":"https:\/\/www.institutodeengenharia.org.br\/site\/#organization","name":"Instituto de Engenharia","url":"https:\/\/www.institutodeengenharia.org.br\/site\/","logo":{"@type":"ImageObject","inLanguage":"pt-BR","@id":"https:\/\/www.institutodeengenharia.org.br\/site\/#\/schema\/logo\/image\/","url":"https:\/\/www.institutodeengenharia.org.br\/site\/wp-content\/uploads\/2019\/03\/logo-novo-IE2018-1.jpg","contentUrl":"https:\/\/www.institutodeengenharia.org.br\/site\/wp-content\/uploads\/2019\/03\/logo-novo-IE2018-1.jpg","width":1486,"height":1879,"caption":"Instituto de Engenharia"},"image":{"@id":"https:\/\/www.institutodeengenharia.org.br\/site\/#\/schema\/logo\/image\/"},"sameAs":["https:\/\/www.facebook.com\/institutodeengenharia","https:\/\/x.com\/iengenharia","https:\/\/www.instagram.com\/institutodeengenharia\/","https:\/\/www.linkedin.com\/company\/instituto-de-engenharia\/","https:\/\/www.youtube.com\/channel\/UCXiCAlsSMe977vamW915HxA"]},{"@type":"Person","@id":"https:\/\/www.institutodeengenharia.org.br\/site\/#\/schema\/person\/d1764429c217aaa88954818c8f9a3036","name":"Isabel","image":{"@type":"ImageObject","inLanguage":"pt-BR","@id":"https:\/\/secure.gravatar.com\/avatar\/a91d60506c31a7cb05e69a21529f91908e538db3b21f58bfda4039be740fcb71?s=96&d=mm&r=g","url":"https:\/\/secure.gravatar.com\/avatar\/a91d60506c31a7cb05e69a21529f91908e538db3b21f58bfda4039be740fcb71?s=96&d=mm&r=g","contentUrl":"https:\/\/secure.gravatar.com\/avatar\/a91d60506c31a7cb05e69a21529f91908e538db3b21f58bfda4039be740fcb71?s=96&d=mm&r=g","caption":"Isabel"},"url":"https:\/\/www.institutodeengenharia.org.br\/site\/author\/isabel\/"}]}},"_links":{"self":[{"href":"https:\/\/www.institutodeengenharia.org.br\/site\/wp-json\/wp\/v2\/posts\/35114","targetHints":{"allow":["GET"]}}],"collection":[{"href":"https:\/\/www.institutodeengenharia.org.br\/site\/wp-json\/wp\/v2\/posts"}],"about":[{"href":"https:\/\/www.institutodeengenharia.org.br\/site\/wp-json\/wp\/v2\/types\/post"}],"author":[{"embeddable":true,"href":"https:\/\/www.institutodeengenharia.org.br\/site\/wp-json\/wp\/v2\/users\/2"}],"replies":[{"embeddable":true,"href":"https:\/\/www.institutodeengenharia.org.br\/site\/wp-json\/wp\/v2\/comments?post=35114"}],"version-history":[{"count":3,"href":"https:\/\/www.institutodeengenharia.org.br\/site\/wp-json\/wp\/v2\/posts\/35114\/revisions"}],"predecessor-version":[{"id":57411,"href":"https:\/\/www.institutodeengenharia.org.br\/site\/wp-json\/wp\/v2\/posts\/35114\/revisions\/57411"}],"wp:featuredmedia":[{"embeddable":true,"href":"https:\/\/www.institutodeengenharia.org.br\/site\/wp-json\/wp\/v2\/media\/35115"}],"wp:attachment":[{"href":"https:\/\/www.institutodeengenharia.org.br\/site\/wp-json\/wp\/v2\/media?parent=35114"}],"wp:term":[{"taxonomy":"category","embeddable":true,"href":"https:\/\/www.institutodeengenharia.org.br\/site\/wp-json\/wp\/v2\/categories?post=35114"},{"taxonomy":"post_tag","embeddable":true,"href":"https:\/\/www.institutodeengenharia.org.br\/site\/wp-json\/wp\/v2\/tags?post=35114"}],"curies":[{"name":"wp","href":"https:\/\/api.w.org\/{rel}","templated":true}]}}