{"id":31129,"date":"2017-12-07T22:01:05","date_gmt":"2017-12-07T22:01:05","guid":{"rendered":"https:\/\/www.institutodeengenharia.org.br\/?p=31129"},"modified":"2018-02-23T08:02:14","modified_gmt":"2018-02-23T11:02:14","slug":"alunos-do-instituto-maua-vencem-5aa-ediaao-do-desafio-de-design","status":"publish","type":"post","link":"https:\/\/www.institutodeengenharia.org.br\/site\/2017\/12\/07\/alunos-do-instituto-maua-vencem-5aa-ediaao-do-desafio-de-design\/","title":{"rendered":"Alunos do Instituto Mau&aacute; vencem 5&ordf; edi&ccedil;&atilde;o do Desafio de Design"},"content":{"rendered":"<p>Depois de dois meses de capacita\u00e7\u00e3o, estudantes de arquitetura e design ganharam o pr\u00eamio pela melhor cole\u00e7\u00e3o de piso, parede flutuante e revestimento em pl\u00e1stico<\/p>\n<p><strong>S\u00e3o Paulo, 7 de dezembro de 2017<\/strong> &#8211; Com grandes ideias para o design brasileiro, a quinta edi\u00e7\u00e3o do Desafio de Design Odebrecht Braskem foi encerrada ontem (6) em cerim\u00f4nia realizada no Museu da Casa Brasileira, em S\u00e3o Paulo (SP). A premia\u00e7\u00e3o reconheceu o talento dos 21 estudantes universit\u00e1rios que participaram da iniciativa neste ano sob a mentoria do designer Paulo Biacchi, s\u00f3cio do Est\u00fadio Fetiche.<\/p>\n<p>Ap\u00f3s dois meses intensos de atividades e desafios, a equipe vencedora foi do Instituto Mau\u00e1 de Tecnologia. Formado pelos estudantes Danilo Garbato, Luiza Grein e Sergio Milani, o grupo criou a melhor cole\u00e7\u00e3o de piso, parede flutuante e revestimento feita em pl\u00e1stico, de acordo com avalia\u00e7\u00e3o da banca de jurados. O trabalho da Mau\u00e1, que teve o conceito inspirado na biomim\u00e9tica, foi extremamente inovador e entregou cada detalhe exigido no briefing de forma criativa. A nova cole\u00e7\u00e3o estar\u00e1 dispon\u00edvel no mercado por meio da Atex em 2018.<\/p>\n<p>\u201cPensamos em algum elemento da natureza justamente para fugir do que j\u00e1 existe no mercado e para ser um diferencial entre todos os projetos. O pl\u00e1stico aumenta as possibilidades formais e estruturais no design, permitindo formas mais org\u00e2nicas. Ele \u00e9 vers\u00e1til, leve e com menos restri\u00e7\u00f5es em compara\u00e7\u00e3o com outros materiais. Tamb\u00e9m buscamos valorizar o pl\u00e1stico por meio da personaliza\u00e7\u00e3o do produto. Amadurecemos durante o Desafio e ter proximidade com profissionais gigantes do mercado agregou bastante no nosso projeto e nas nossas vidas\u201d, afirmaram os estudantes de Mau\u00e1, ap\u00f3s a premia\u00e7\u00e3o.<\/p>\n<p>A banca de jurados reconheceu tamb\u00e9m dois trabalhos com uma men\u00e7\u00e3o honrosa. A USP teve destaque por seu pensamento sist\u00eamico, incluindo a log\u00edstica no processo apresentado. J\u00e1 a Belas Artes ganhou pelas solu\u00e7\u00f5es t\u00e9cnicas apresentadas, com um excelente olhar para o pl\u00e1stico injetado e entendimento do processo de produ\u00e7\u00e3o.<\/p>\n<p>Sete universidades de S\u00e3o Paulo participaram desta \u00faltima edi\u00e7\u00e3o do Desafio: Belas Artes, Faap, IED, Instituto Mau\u00e1 de Tecnologia, Mackenzie, Universidade S\u00e3o Judas e USP.<\/p>\n<p>Para chegar at\u00e9 a etapa final, os estudantes passaram por um programa de capacita\u00e7\u00e3o, cria\u00e7\u00e3o e aplica\u00e7\u00e3o t\u00e9cnica do pl\u00e1stico como uma mat\u00e9ria-prima vers\u00e1til para novos produtos com design e acess\u00edveis ao consumidor. A agenda de atividades tamb\u00e9m incluiu \u201crounds tem\u00e1ticos\u201d, com disputas individuais entre os estudantes, e palestras com profissionais do mercado e especialistas em resinas pl\u00e1sticas.<\/p>\n<p>\u201cA quinta edi\u00e7\u00e3o do Desafio mais uma vez nos surpreendeu, pela forma como cada uma das equipes aplicou um conceito amplo de design para interpretar e traduzir as diversas possibilidades que o pl\u00e1stico oferece, como um olhar criativo, funcional e est\u00e9tico\u201d, afirma Claudia Bocciardi, diretora de Marketing Institucional da Braskem.<\/p>\n<p>O dia a dia dos estudantes de design e arquitetura foi exibido em uma webs\u00e9rie no canal do Paulo Biacchi no YouTube. O \u00faltimo epis\u00f3dio do reality doc ser\u00e1 exibido amanh\u00e3 (8), com depoimentos das equipes, mentores e apresenta\u00e7\u00e3o das melhores ideias com pl\u00e1stico.<\/p>\n<p>&#8220;Foi uma honra para a Fetiche conduzir um projeto t\u00e3o inovador como o Desafio. Ao reconhecer a import\u00e2ncia do design e valorizar o futuro profissional da \u00e1rea, a Braskem e a Odebrecht d\u00e3o um verdadeiro exemplo para o mercado&#8221;, finaliza Paulo Biacchi.<\/p>\n<p>\n<strong>Sobre a Braskem<\/strong><br \/>\nCom uma vis\u00e3o de futuro global, orientada para o ser humano, os 8 mil Integrantes da Braskem se empenham todos os dias para melhorar a vida das pessoas, criando as solu\u00e7\u00f5es sustent\u00e1veis da qu\u00edmica e do pl\u00e1stico. \u00c9 a maior produtora de resinas das Am\u00e9ricas, com produ\u00e7\u00e3o anual de 20 milh\u00f5es de toneladas, incluindo produtos qu\u00edmicos e petroqu\u00edmicos b\u00e1sicos, e faturamento de R$ 55 bilh\u00f5es em 2016. Exporta para Clientes em aproximadamente 100 pa\u00edses e opera 41 unidades industriais, localizadas no Brasil, EUA, Alemanha e M\u00e9xico, esta \u00faltima em parceria com a mexicana Idesa.<br \/>\n<strong><br \/>\nSobre a Odebrecht<\/strong><br \/>\nFundada em 1944, a Odebrecht \u00e9 um grupo global de origem brasileira, presente em 25 pa\u00edses. Seus nove Neg\u00f3cios se distribuem pelas seguintes \u00e1reas de atua\u00e7\u00e3o: engenharia e constru\u00e7\u00e3o, imobili\u00e1rio, ind\u00fastria e investimentos em infraestrutura e energia. O Grupo integra cerca de 80 mil profissionais de diversas nacionalidades e exporta produtos e servi\u00e7os para aproximadamente 100 pa\u00edses. Em 2015, a Odebrecht registrou uma receita bruta de R$ 132,5 bilh\u00f5es.<\/p>\n<p><strong>Sobre o Fetiche Design<\/strong><br \/>\nFormado pela dupla de designers Paulo Biacchi e Carolina Armellini, o est\u00fadio Fetiche Design tem consolidada experi\u00eancia na realiza\u00e7\u00e3o de produtos comerciais e residenciais. Em dez anos, conquistaram pr\u00eamios: Museu da Casa Brasileira, If Awards, Casa Brasil e Movelsul s\u00e3o alguns deles. Desenham para marcas como Tok &amp; Stok, Florense, La Lampe, Artefacto, Micasa, Schattdecor, Museu de Arte Moderna de S\u00e3o Paulo, L&#039;Occitane, Masisa, Tidelli, Oppa e Phillip Morris, entre outras. Atualmente, participam do programa Decora, no GNT, e assinam o canal Paulo Biacchi no Youtube, com 57 mil seguidores.<\/p>\n<p><strong>Sobre a Atex Brasil<\/strong><br \/>\nDesde 1991, a Atex Brasil \u00e9 pioneira e l\u00edder de mercado no processo construtivo de laje nervurada. Atuando por meio de comercializa\u00e7\u00e3o por loca\u00e7\u00e3o, a empresa ultrapassa a marca de 45 milh\u00f5es de m\u00b2 executados com Laje Atex. As variedades de solu\u00e7\u00f5es para engenharia estrutural proporcionadas pelas f\u00f4rmas Atex resultam em economia significativa de concreto e a\u00e7o nas lajes, al\u00e9m de possibilitar a execu\u00e7\u00e3o de v\u00e3o maiores.<\/p>\n<p><strong>Braskem nas redes sociais<\/strong><br \/>\nwww.facebook.com\/BraskemSA   <br \/>\nwww.linkedin.com\/company\/braskem<br \/>\nwww.twitter.com\/BraskemSA<\/p>\n","protected":false},"excerpt":{"rendered":"<p>Depois de dois meses de capacita\u00e7\u00e3o, estudantes de arquitetura e design ganharam o pr\u00eamio pela melhor cole\u00e7\u00e3o de piso, parede flutuante e revestimento em pl\u00e1stico S\u00e3o Paulo, 7 de dezembro de 2017 &#8211; Com grandes ideias para o design brasileiro, a quinta edi\u00e7\u00e3o do Desafio de Design Odebrecht Braskem foi encerrada ontem (6) em cerim\u00f4nia [&hellip;]<\/p>\n","protected":false},"author":1,"featured_media":31130,"comment_status":"open","ping_status":"open","sticky":false,"template":"","format":"standard","meta":{"footnotes":""},"categories":[174],"tags":[],"class_list":{"0":"post-31129","1":"post","2":"type-post","3":"status-publish","4":"format-standard","5":"has-post-thumbnail","7":"category-instituto-maua-de-tecnologia"},"yoast_head":"<!-- This site is optimized with the Yoast SEO plugin v27.2 - https:\/\/yoast.com\/product\/yoast-seo-wordpress\/ -->\n<title>Alunos do Instituto Mau&aacute; vencem 5&ordf; edi&ccedil;&atilde;o do Desafio de Design - Instituto de Engenharia<\/title>\n<meta name=\"robots\" content=\"index, follow, max-snippet:-1, max-image-preview:large, max-video-preview:-1\" \/>\n<link rel=\"canonical\" href=\"https:\/\/www.institutodeengenharia.org.br\/site\/2017\/12\/07\/alunos-do-instituto-maua-vencem-5aa-ediaao-do-desafio-de-design\/\" \/>\n<meta property=\"og:locale\" content=\"pt_BR\" \/>\n<meta property=\"og:type\" content=\"article\" \/>\n<meta property=\"og:title\" content=\"Alunos do Instituto Mau&aacute; vencem 5&ordf; edi&ccedil;&atilde;o do Desafio de Design - Instituto de Engenharia\" \/>\n<meta property=\"og:description\" content=\"Depois de dois meses de capacita\u00e7\u00e3o, estudantes de arquitetura e design ganharam o pr\u00eamio pela melhor cole\u00e7\u00e3o de piso, parede flutuante e revestimento em pl\u00e1stico S\u00e3o Paulo, 7 de dezembro de 2017 &#8211; Com grandes ideias para o design brasileiro, a quinta edi\u00e7\u00e3o do Desafio de Design Odebrecht Braskem foi encerrada ontem (6) em cerim\u00f4nia [&hellip;]\" \/>\n<meta property=\"og:url\" content=\"https:\/\/www.institutodeengenharia.org.br\/site\/2017\/12\/07\/alunos-do-instituto-maua-vencem-5aa-ediaao-do-desafio-de-design\/\" \/>\n<meta property=\"og:site_name\" content=\"Instituto de Engenharia\" \/>\n<meta property=\"article:publisher\" content=\"https:\/\/www.facebook.com\/institutodeengenharia\" \/>\n<meta property=\"article:published_time\" content=\"2017-12-07T22:01:05+00:00\" \/>\n<meta property=\"article:modified_time\" content=\"2018-02-23T11:02:14+00:00\" \/>\n<meta property=\"og:image\" content=\"https:\/\/www.institutodeengenharia.org.br\/site\/wp-content\/uploads\/2018\/02\/maua%20premio%20yay.jpg\" \/>\n\t<meta property=\"og:image:width\" content=\"454\" \/>\n\t<meta property=\"og:image:height\" content=\"303\" \/>\n\t<meta property=\"og:image:type\" content=\"image\/jpeg\" \/>\n<meta name=\"author\" content=\"TMax Tecnologia\" \/>\n<meta name=\"twitter:card\" content=\"summary_large_image\" \/>\n<meta name=\"twitter:creator\" content=\"@iengenharia\" \/>\n<meta name=\"twitter:site\" content=\"@iengenharia\" \/>\n<meta name=\"twitter:label1\" content=\"Escrito por\" \/>\n\t<meta name=\"twitter:data1\" content=\"TMax Tecnologia\" \/>\n\t<meta name=\"twitter:label2\" content=\"Est. tempo de leitura\" \/>\n\t<meta name=\"twitter:data2\" content=\"5 minutos\" \/>\n<script type=\"application\/ld+json\" class=\"yoast-schema-graph\">{\"@context\":\"https:\/\/schema.org\",\"@graph\":[{\"@type\":\"Article\",\"@id\":\"https:\/\/www.institutodeengenharia.org.br\/site\/2017\/12\/07\/alunos-do-instituto-maua-vencem-5aa-ediaao-do-desafio-de-design\/#article\",\"isPartOf\":{\"@id\":\"https:\/\/www.institutodeengenharia.org.br\/site\/2017\/12\/07\/alunos-do-instituto-maua-vencem-5aa-ediaao-do-desafio-de-design\/\"},\"author\":{\"name\":\"TMax Tecnologia\",\"@id\":\"https:\/\/www.institutodeengenharia.org.br\/site\/#\/schema\/person\/3b1ff109facef084739fc2edcb9a127f\"},\"headline\":\"Alunos do Instituto Mau&aacute; vencem 5&ordf; edi&ccedil;&atilde;o do Desafio de Design\",\"datePublished\":\"2017-12-07T22:01:05+00:00\",\"dateModified\":\"2018-02-23T11:02:14+00:00\",\"mainEntityOfPage\":{\"@id\":\"https:\/\/www.institutodeengenharia.org.br\/site\/2017\/12\/07\/alunos-do-instituto-maua-vencem-5aa-ediaao-do-desafio-de-design\/\"},\"wordCount\":979,\"commentCount\":0,\"publisher\":{\"@id\":\"https:\/\/www.institutodeengenharia.org.br\/site\/#organization\"},\"image\":{\"@id\":\"https:\/\/www.institutodeengenharia.org.br\/site\/2017\/12\/07\/alunos-do-instituto-maua-vencem-5aa-ediaao-do-desafio-de-design\/#primaryimage\"},\"thumbnailUrl\":\"https:\/\/www.institutodeengenharia.org.br\/site\/wp-content\/uploads\/2018\/02\/maua premio yay.jpg\",\"articleSection\":[\"Instituto Mau\u00e1 de Tecnologia\"],\"inLanguage\":\"pt-BR\",\"potentialAction\":[{\"@type\":\"CommentAction\",\"name\":\"Comment\",\"target\":[\"https:\/\/www.institutodeengenharia.org.br\/site\/2017\/12\/07\/alunos-do-instituto-maua-vencem-5aa-ediaao-do-desafio-de-design\/#respond\"]}]},{\"@type\":\"WebPage\",\"@id\":\"https:\/\/www.institutodeengenharia.org.br\/site\/2017\/12\/07\/alunos-do-instituto-maua-vencem-5aa-ediaao-do-desafio-de-design\/\",\"url\":\"https:\/\/www.institutodeengenharia.org.br\/site\/2017\/12\/07\/alunos-do-instituto-maua-vencem-5aa-ediaao-do-desafio-de-design\/\",\"name\":\"Alunos do Instituto Mau&aacute; vencem 5&ordf; edi&ccedil;&atilde;o do Desafio de Design - Instituto de Engenharia\",\"isPartOf\":{\"@id\":\"https:\/\/www.institutodeengenharia.org.br\/site\/#website\"},\"primaryImageOfPage\":{\"@id\":\"https:\/\/www.institutodeengenharia.org.br\/site\/2017\/12\/07\/alunos-do-instituto-maua-vencem-5aa-ediaao-do-desafio-de-design\/#primaryimage\"},\"image\":{\"@id\":\"https:\/\/www.institutodeengenharia.org.br\/site\/2017\/12\/07\/alunos-do-instituto-maua-vencem-5aa-ediaao-do-desafio-de-design\/#primaryimage\"},\"thumbnailUrl\":\"https:\/\/www.institutodeengenharia.org.br\/site\/wp-content\/uploads\/2018\/02\/maua premio yay.jpg\",\"datePublished\":\"2017-12-07T22:01:05+00:00\",\"dateModified\":\"2018-02-23T11:02:14+00:00\",\"breadcrumb\":{\"@id\":\"https:\/\/www.institutodeengenharia.org.br\/site\/2017\/12\/07\/alunos-do-instituto-maua-vencem-5aa-ediaao-do-desafio-de-design\/#breadcrumb\"},\"inLanguage\":\"pt-BR\",\"potentialAction\":[{\"@type\":\"ReadAction\",\"target\":[\"https:\/\/www.institutodeengenharia.org.br\/site\/2017\/12\/07\/alunos-do-instituto-maua-vencem-5aa-ediaao-do-desafio-de-design\/\"]}]},{\"@type\":\"ImageObject\",\"inLanguage\":\"pt-BR\",\"@id\":\"https:\/\/www.institutodeengenharia.org.br\/site\/2017\/12\/07\/alunos-do-instituto-maua-vencem-5aa-ediaao-do-desafio-de-design\/#primaryimage\",\"url\":\"https:\/\/www.institutodeengenharia.org.br\/site\/wp-content\/uploads\/2018\/02\/maua premio yay.jpg\",\"contentUrl\":\"https:\/\/www.institutodeengenharia.org.br\/site\/wp-content\/uploads\/2018\/02\/maua premio yay.jpg\",\"width\":454,\"height\":303},{\"@type\":\"BreadcrumbList\",\"@id\":\"https:\/\/www.institutodeengenharia.org.br\/site\/2017\/12\/07\/alunos-do-instituto-maua-vencem-5aa-ediaao-do-desafio-de-design\/#breadcrumb\",\"itemListElement\":[{\"@type\":\"ListItem\",\"position\":1,\"name\":\"In\u00edcio\",\"item\":\"https:\/\/www.institutodeengenharia.org.br\/site\/\"},{\"@type\":\"ListItem\",\"position\":2,\"name\":\"Alunos do Instituto Mau&aacute; vencem 5&ordf; edi&ccedil;&atilde;o do Desafio de Design\"}]},{\"@type\":\"WebSite\",\"@id\":\"https:\/\/www.institutodeengenharia.org.br\/site\/#website\",\"url\":\"https:\/\/www.institutodeengenharia.org.br\/site\/\",\"name\":\"Instituto de Engenharia\",\"description\":\"O Instituto de Engenharia promove a Engenharia em benef\u00edcio do desenvolvimento e da qualidade de vida da sociedade.\",\"publisher\":{\"@id\":\"https:\/\/www.institutodeengenharia.org.br\/site\/#organization\"},\"potentialAction\":[{\"@type\":\"SearchAction\",\"target\":{\"@type\":\"EntryPoint\",\"urlTemplate\":\"https:\/\/www.institutodeengenharia.org.br\/site\/?s={search_term_string}\"},\"query-input\":{\"@type\":\"PropertyValueSpecification\",\"valueRequired\":true,\"valueName\":\"search_term_string\"}}],\"inLanguage\":\"pt-BR\"},{\"@type\":\"Organization\",\"@id\":\"https:\/\/www.institutodeengenharia.org.br\/site\/#organization\",\"name\":\"Instituto de Engenharia\",\"url\":\"https:\/\/www.institutodeengenharia.org.br\/site\/\",\"logo\":{\"@type\":\"ImageObject\",\"inLanguage\":\"pt-BR\",\"@id\":\"https:\/\/www.institutodeengenharia.org.br\/site\/#\/schema\/logo\/image\/\",\"url\":\"https:\/\/www.institutodeengenharia.org.br\/site\/wp-content\/uploads\/2019\/03\/logo-novo-IE2018-1.jpg\",\"contentUrl\":\"https:\/\/www.institutodeengenharia.org.br\/site\/wp-content\/uploads\/2019\/03\/logo-novo-IE2018-1.jpg\",\"width\":1486,\"height\":1879,\"caption\":\"Instituto de Engenharia\"},\"image\":{\"@id\":\"https:\/\/www.institutodeengenharia.org.br\/site\/#\/schema\/logo\/image\/\"},\"sameAs\":[\"https:\/\/www.facebook.com\/institutodeengenharia\",\"https:\/\/x.com\/iengenharia\",\"https:\/\/www.instagram.com\/institutodeengenharia\/\",\"https:\/\/www.linkedin.com\/company\/instituto-de-engenharia\/\",\"https:\/\/www.youtube.com\/channel\/UCXiCAlsSMe977vamW915HxA\"]},{\"@type\":\"Person\",\"@id\":\"https:\/\/www.institutodeengenharia.org.br\/site\/#\/schema\/person\/3b1ff109facef084739fc2edcb9a127f\",\"name\":\"TMax Tecnologia\",\"image\":{\"@type\":\"ImageObject\",\"inLanguage\":\"pt-BR\",\"@id\":\"https:\/\/secure.gravatar.com\/avatar\/f912434ef7f389c92cb311fcdae346af848465d638912574b3c669070f797701?s=96&d=mm&r=g\",\"url\":\"https:\/\/secure.gravatar.com\/avatar\/f912434ef7f389c92cb311fcdae346af848465d638912574b3c669070f797701?s=96&d=mm&r=g\",\"contentUrl\":\"https:\/\/secure.gravatar.com\/avatar\/f912434ef7f389c92cb311fcdae346af848465d638912574b3c669070f797701?s=96&d=mm&r=g\",\"caption\":\"TMax Tecnologia\"},\"url\":\"https:\/\/www.institutodeengenharia.org.br\/site\/author\/tmax\/\"}]}<\/script>\n<!-- \/ Yoast SEO plugin. -->","yoast_head_json":{"title":"Alunos do Instituto Mau&aacute; vencem 5&ordf; edi&ccedil;&atilde;o do Desafio de Design - Instituto de Engenharia","robots":{"index":"index","follow":"follow","max-snippet":"max-snippet:-1","max-image-preview":"max-image-preview:large","max-video-preview":"max-video-preview:-1"},"canonical":"https:\/\/www.institutodeengenharia.org.br\/site\/2017\/12\/07\/alunos-do-instituto-maua-vencem-5aa-ediaao-do-desafio-de-design\/","og_locale":"pt_BR","og_type":"article","og_title":"Alunos do Instituto Mau&aacute; vencem 5&ordf; edi&ccedil;&atilde;o do Desafio de Design - Instituto de Engenharia","og_description":"Depois de dois meses de capacita\u00e7\u00e3o, estudantes de arquitetura e design ganharam o pr\u00eamio pela melhor cole\u00e7\u00e3o de piso, parede flutuante e revestimento em pl\u00e1stico S\u00e3o Paulo, 7 de dezembro de 2017 &#8211; Com grandes ideias para o design brasileiro, a quinta edi\u00e7\u00e3o do Desafio de Design Odebrecht Braskem foi encerrada ontem (6) em cerim\u00f4nia [&hellip;]","og_url":"https:\/\/www.institutodeengenharia.org.br\/site\/2017\/12\/07\/alunos-do-instituto-maua-vencem-5aa-ediaao-do-desafio-de-design\/","og_site_name":"Instituto de Engenharia","article_publisher":"https:\/\/www.facebook.com\/institutodeengenharia","article_published_time":"2017-12-07T22:01:05+00:00","article_modified_time":"2018-02-23T11:02:14+00:00","og_image":[{"width":454,"height":303,"url":"https:\/\/www.institutodeengenharia.org.br\/site\/wp-content\/uploads\/2018\/02\/maua premio yay.jpg","type":"image\/jpeg"}],"author":"TMax Tecnologia","twitter_card":"summary_large_image","twitter_creator":"@iengenharia","twitter_site":"@iengenharia","twitter_misc":{"Escrito por":"TMax Tecnologia","Est. tempo de leitura":"5 minutos"},"schema":{"@context":"https:\/\/schema.org","@graph":[{"@type":"Article","@id":"https:\/\/www.institutodeengenharia.org.br\/site\/2017\/12\/07\/alunos-do-instituto-maua-vencem-5aa-ediaao-do-desafio-de-design\/#article","isPartOf":{"@id":"https:\/\/www.institutodeengenharia.org.br\/site\/2017\/12\/07\/alunos-do-instituto-maua-vencem-5aa-ediaao-do-desafio-de-design\/"},"author":{"name":"TMax Tecnologia","@id":"https:\/\/www.institutodeengenharia.org.br\/site\/#\/schema\/person\/3b1ff109facef084739fc2edcb9a127f"},"headline":"Alunos do Instituto Mau&aacute; vencem 5&ordf; edi&ccedil;&atilde;o do Desafio de Design","datePublished":"2017-12-07T22:01:05+00:00","dateModified":"2018-02-23T11:02:14+00:00","mainEntityOfPage":{"@id":"https:\/\/www.institutodeengenharia.org.br\/site\/2017\/12\/07\/alunos-do-instituto-maua-vencem-5aa-ediaao-do-desafio-de-design\/"},"wordCount":979,"commentCount":0,"publisher":{"@id":"https:\/\/www.institutodeengenharia.org.br\/site\/#organization"},"image":{"@id":"https:\/\/www.institutodeengenharia.org.br\/site\/2017\/12\/07\/alunos-do-instituto-maua-vencem-5aa-ediaao-do-desafio-de-design\/#primaryimage"},"thumbnailUrl":"https:\/\/www.institutodeengenharia.org.br\/site\/wp-content\/uploads\/2018\/02\/maua premio yay.jpg","articleSection":["Instituto Mau\u00e1 de Tecnologia"],"inLanguage":"pt-BR","potentialAction":[{"@type":"CommentAction","name":"Comment","target":["https:\/\/www.institutodeengenharia.org.br\/site\/2017\/12\/07\/alunos-do-instituto-maua-vencem-5aa-ediaao-do-desafio-de-design\/#respond"]}]},{"@type":"WebPage","@id":"https:\/\/www.institutodeengenharia.org.br\/site\/2017\/12\/07\/alunos-do-instituto-maua-vencem-5aa-ediaao-do-desafio-de-design\/","url":"https:\/\/www.institutodeengenharia.org.br\/site\/2017\/12\/07\/alunos-do-instituto-maua-vencem-5aa-ediaao-do-desafio-de-design\/","name":"Alunos do Instituto Mau&aacute; vencem 5&ordf; edi&ccedil;&atilde;o do Desafio de Design - Instituto de Engenharia","isPartOf":{"@id":"https:\/\/www.institutodeengenharia.org.br\/site\/#website"},"primaryImageOfPage":{"@id":"https:\/\/www.institutodeengenharia.org.br\/site\/2017\/12\/07\/alunos-do-instituto-maua-vencem-5aa-ediaao-do-desafio-de-design\/#primaryimage"},"image":{"@id":"https:\/\/www.institutodeengenharia.org.br\/site\/2017\/12\/07\/alunos-do-instituto-maua-vencem-5aa-ediaao-do-desafio-de-design\/#primaryimage"},"thumbnailUrl":"https:\/\/www.institutodeengenharia.org.br\/site\/wp-content\/uploads\/2018\/02\/maua premio yay.jpg","datePublished":"2017-12-07T22:01:05+00:00","dateModified":"2018-02-23T11:02:14+00:00","breadcrumb":{"@id":"https:\/\/www.institutodeengenharia.org.br\/site\/2017\/12\/07\/alunos-do-instituto-maua-vencem-5aa-ediaao-do-desafio-de-design\/#breadcrumb"},"inLanguage":"pt-BR","potentialAction":[{"@type":"ReadAction","target":["https:\/\/www.institutodeengenharia.org.br\/site\/2017\/12\/07\/alunos-do-instituto-maua-vencem-5aa-ediaao-do-desafio-de-design\/"]}]},{"@type":"ImageObject","inLanguage":"pt-BR","@id":"https:\/\/www.institutodeengenharia.org.br\/site\/2017\/12\/07\/alunos-do-instituto-maua-vencem-5aa-ediaao-do-desafio-de-design\/#primaryimage","url":"https:\/\/www.institutodeengenharia.org.br\/site\/wp-content\/uploads\/2018\/02\/maua premio yay.jpg","contentUrl":"https:\/\/www.institutodeengenharia.org.br\/site\/wp-content\/uploads\/2018\/02\/maua premio yay.jpg","width":454,"height":303},{"@type":"BreadcrumbList","@id":"https:\/\/www.institutodeengenharia.org.br\/site\/2017\/12\/07\/alunos-do-instituto-maua-vencem-5aa-ediaao-do-desafio-de-design\/#breadcrumb","itemListElement":[{"@type":"ListItem","position":1,"name":"In\u00edcio","item":"https:\/\/www.institutodeengenharia.org.br\/site\/"},{"@type":"ListItem","position":2,"name":"Alunos do Instituto Mau&aacute; vencem 5&ordf; edi&ccedil;&atilde;o do Desafio de Design"}]},{"@type":"WebSite","@id":"https:\/\/www.institutodeengenharia.org.br\/site\/#website","url":"https:\/\/www.institutodeengenharia.org.br\/site\/","name":"Instituto de Engenharia","description":"O Instituto de Engenharia promove a Engenharia em benef\u00edcio do desenvolvimento e da qualidade de vida da sociedade.","publisher":{"@id":"https:\/\/www.institutodeengenharia.org.br\/site\/#organization"},"potentialAction":[{"@type":"SearchAction","target":{"@type":"EntryPoint","urlTemplate":"https:\/\/www.institutodeengenharia.org.br\/site\/?s={search_term_string}"},"query-input":{"@type":"PropertyValueSpecification","valueRequired":true,"valueName":"search_term_string"}}],"inLanguage":"pt-BR"},{"@type":"Organization","@id":"https:\/\/www.institutodeengenharia.org.br\/site\/#organization","name":"Instituto de Engenharia","url":"https:\/\/www.institutodeengenharia.org.br\/site\/","logo":{"@type":"ImageObject","inLanguage":"pt-BR","@id":"https:\/\/www.institutodeengenharia.org.br\/site\/#\/schema\/logo\/image\/","url":"https:\/\/www.institutodeengenharia.org.br\/site\/wp-content\/uploads\/2019\/03\/logo-novo-IE2018-1.jpg","contentUrl":"https:\/\/www.institutodeengenharia.org.br\/site\/wp-content\/uploads\/2019\/03\/logo-novo-IE2018-1.jpg","width":1486,"height":1879,"caption":"Instituto de Engenharia"},"image":{"@id":"https:\/\/www.institutodeengenharia.org.br\/site\/#\/schema\/logo\/image\/"},"sameAs":["https:\/\/www.facebook.com\/institutodeengenharia","https:\/\/x.com\/iengenharia","https:\/\/www.instagram.com\/institutodeengenharia\/","https:\/\/www.linkedin.com\/company\/instituto-de-engenharia\/","https:\/\/www.youtube.com\/channel\/UCXiCAlsSMe977vamW915HxA"]},{"@type":"Person","@id":"https:\/\/www.institutodeengenharia.org.br\/site\/#\/schema\/person\/3b1ff109facef084739fc2edcb9a127f","name":"TMax Tecnologia","image":{"@type":"ImageObject","inLanguage":"pt-BR","@id":"https:\/\/secure.gravatar.com\/avatar\/f912434ef7f389c92cb311fcdae346af848465d638912574b3c669070f797701?s=96&d=mm&r=g","url":"https:\/\/secure.gravatar.com\/avatar\/f912434ef7f389c92cb311fcdae346af848465d638912574b3c669070f797701?s=96&d=mm&r=g","contentUrl":"https:\/\/secure.gravatar.com\/avatar\/f912434ef7f389c92cb311fcdae346af848465d638912574b3c669070f797701?s=96&d=mm&r=g","caption":"TMax Tecnologia"},"url":"https:\/\/www.institutodeengenharia.org.br\/site\/author\/tmax\/"}]}},"_links":{"self":[{"href":"https:\/\/www.institutodeengenharia.org.br\/site\/wp-json\/wp\/v2\/posts\/31129","targetHints":{"allow":["GET"]}}],"collection":[{"href":"https:\/\/www.institutodeengenharia.org.br\/site\/wp-json\/wp\/v2\/posts"}],"about":[{"href":"https:\/\/www.institutodeengenharia.org.br\/site\/wp-json\/wp\/v2\/types\/post"}],"author":[{"embeddable":true,"href":"https:\/\/www.institutodeengenharia.org.br\/site\/wp-json\/wp\/v2\/users\/1"}],"replies":[{"embeddable":true,"href":"https:\/\/www.institutodeengenharia.org.br\/site\/wp-json\/wp\/v2\/comments?post=31129"}],"version-history":[{"count":1,"href":"https:\/\/www.institutodeengenharia.org.br\/site\/wp-json\/wp\/v2\/posts\/31129\/revisions"}],"predecessor-version":[{"id":31136,"href":"https:\/\/www.institutodeengenharia.org.br\/site\/wp-json\/wp\/v2\/posts\/31129\/revisions\/31136"}],"wp:featuredmedia":[{"embeddable":true,"href":"https:\/\/www.institutodeengenharia.org.br\/site\/wp-json\/wp\/v2\/media\/31130"}],"wp:attachment":[{"href":"https:\/\/www.institutodeengenharia.org.br\/site\/wp-json\/wp\/v2\/media?parent=31129"}],"wp:term":[{"taxonomy":"category","embeddable":true,"href":"https:\/\/www.institutodeengenharia.org.br\/site\/wp-json\/wp\/v2\/categories?post=31129"},{"taxonomy":"post_tag","embeddable":true,"href":"https:\/\/www.institutodeengenharia.org.br\/site\/wp-json\/wp\/v2\/tags?post=31129"}],"curies":[{"name":"wp","href":"https:\/\/api.w.org\/{rel}","templated":true}]}}