{"id":30839,"date":"2013-09-17T21:56:27","date_gmt":"2013-09-17T21:56:27","guid":{"rendered":"https:\/\/www.institutodeengenharia.org.br\/?p=30839"},"modified":"2013-09-17T21:56:27","modified_gmt":"2013-09-17T21:56:27","slug":"aerodesign-na-ufabc","status":"publish","type":"post","link":"https:\/\/www.institutodeengenharia.org.br\/site\/2013\/09\/17\/aerodesign-na-ufabc\/","title":{"rendered":"Aerodesign na UFABC"},"content":{"rendered":"<p>Alunos da Universidade Federal do ABC, UFABC, localizada em Santo Andr\u00e9 \u2013 SP projetam e desenvolvem avi\u00f5es para participar da maior competi\u00e7\u00e3o de engenharia aeron\u00e1utica do pa\u00eds.&nbsp;<\/p>\n<p>H\u00e1 atualmente na UFABC, duas equipes de aerodesign , Harpia e Harpia Pampers Aerodesign, estas equipes est\u00e3o se preparando para a maior competi\u00e7\u00e3o de engenharia aeron\u00e1utica do pa\u00eds que ser\u00e1 realizada nos dias 24 \u00c0 27 de Outubro em S\u00e3o Jos\u00e9 dos Campos \u2013 SP. A competi\u00e7\u00e3o est\u00e1 na sua 15 \u00aa edi\u00e7\u00e3o e \u00e9 realizada pela SAE Brasil que \u00e9 filiada a SAE internacional, cujo nome \u00e9 SAE Brasil Aerodesign. Estudantes de universidades brasileiras e do exterior participam da competi\u00e7\u00e3o, basta ser estudante da \u00e1rea das ci\u00eancias exatas e que estas sejam correlacionadas com a engenharia da mobilidade. O objetivo \u00e9 projetar, desenvolver e construir um avi\u00e3o, em escala radiocontrolado, o mais otimizado poss\u00edvel, dentro de padr\u00f5es estabelecidos por um regulamento super rigoroso para elevar a maior carga \u00fatil.&nbsp;<\/p>\n<p>A premia\u00e7\u00e3o para os vencedores da classe regular, classe na qual as duas equipes da UFABC competem, \u00e9 a distribui\u00e7\u00e3o de trof\u00e9us para os 5 primeiros colocados e as 2 primeiras equipes s\u00e3o classificadas para a etapa mundial que acontece nos Estados Unidos.&nbsp;<\/p>\n<p>H\u00e1 pouco mais de 1 m\u00eas da competi\u00e7\u00e3o as equipes da UFABC est\u00e3o em fase de t\u00e9rmino de seus projetos e testes. No pr\u00f3ximo s\u00e1bado, dia 21 de setembro, os alunos pretendem voar os seus avi\u00f5es, pois no dia 23 t\u00eam que enviar para a comiss\u00e3o organizadora um v\u00eddeo de v\u00f4o do avi\u00e3o.&nbsp;<\/p>\n<p>Competi\u00e7\u00f5es de tal estilo devem ser apoiadas e incentivadas, pois esses estudantes de engenharia ser\u00e3o os futuros engenheiros e realizando esses desafios, j\u00e1 durante a gradua\u00e7\u00e3o, eles se tornar\u00e3o profissionais mais capacitados e completos para lidarem com qualquer tipo de problema ou barreira que encontrarem no mercado de trabalho. E s\u00f3 assim, que teremos profissionais mais aptos e capacitados para desenvolverem novas tecnologias e melhorar o desenvolvimento de nosso pa\u00eds.<\/p>\n<p><strong>Equipe:<\/p>\n<p><img loading=\"lazy\" decoding=\"async\" style=\"WIDTH: 418px; HEIGHT: 231px\" alt=\"\" width=\"772\" height=\"589\" src=\"\/site\/userfiles\/Gustavo.jpg\" \/><\/p>\n<p><img loading=\"lazy\" decoding=\"async\" style=\"WIDTH: 418px; HEIGHT: 215px\" alt=\"\" width=\"772\" height=\"589\" src=\"\/site\/userfiles\/Joice.jpg\" \/><\/p>\n<p><img loading=\"lazy\" decoding=\"async\" style=\"WIDTH: 417px; HEIGHT: 200px\" alt=\"\" width=\"772\" height=\"589\" src=\"\/site\/userfiles\/Laline.jpg\" \/><\/p>\n<p><img loading=\"lazy\" decoding=\"async\" style=\"WIDTH: 416px; HEIGHT: 190px\" alt=\"\" width=\"772\" height=\"589\" src=\"\/site\/userfiles\/Lineu.jpg\" \/><\/p>\n<p><img loading=\"lazy\" decoding=\"async\" style=\"WIDTH: 416px; HEIGHT: 194px\" alt=\"\" width=\"772\" height=\"589\" src=\"\/site\/userfiles\/Lucas.jpg\" \/><\/p>\n<p><img loading=\"lazy\" decoding=\"async\" style=\"WIDTH: 416px; HEIGHT: 186px\" alt=\"\" width=\"772\" height=\"589\" src=\"\/site\/userfiles\/Pedro.jpg\" \/><\/p>\n<p><img loading=\"lazy\" decoding=\"async\" style=\"WIDTH: 415px; HEIGHT: 219px\" alt=\"\" width=\"772\" height=\"589\" src=\"\/site\/userfiles\/Rodrigo.jpg\" \/><\/p>\n<p><img loading=\"lazy\" decoding=\"async\" style=\"WIDTH: 418px; HEIGHT: 193px\" alt=\"\" width=\"772\" height=\"589\" src=\"\/site\/userfiles\/Thays.jpg\" \/><\/p>\n<p><img loading=\"lazy\" decoding=\"async\" style=\"WIDTH: 418px; HEIGHT: 194px\" alt=\"\" width=\"772\" height=\"589\" src=\"\/site\/userfiles\/Thiago.jpg\" \/><\/p>\n<p>Projeto:<\/p>\n<p><img loading=\"lazy\" decoding=\"async\" style=\"WIDTH: 392px; HEIGHT: 235px\" alt=\"\" width=\"448\" height=\"336\" src=\"\/site\/userfiles\/asa semi pronta(1).jpg\" \/><br \/>\n<\/strong><em>Asa semi pronta<\/p>\n<p><img loading=\"lazy\" decoding=\"async\" style=\"WIDTH: 392px; HEIGHT: 199px\" alt=\"\" width=\"448\" height=\"336\" src=\"\/site\/userfiles\/Colando nervuras.jpg\" \/><br \/>\nColando nervuras<\/p>\n<p><img loading=\"lazy\" decoding=\"async\" style=\"WIDTH: 401px; HEIGHT: 199px\" alt=\"\" width=\"448\" height=\"336\" src=\"\/site\/userfiles\/Aviao.jpg\" \/><br \/>\nAvi\u00e3o<\/p>\n<p><img loading=\"lazy\" decoding=\"async\" style=\"WIDTH: 407px; HEIGHT: 242px\" alt=\"\" width=\"448\" height=\"336\" src=\"\/site\/userfiles\/Construindo.jpg\" \/><br \/>\nConstruindo<\/p>\n<p><img loading=\"lazy\" decoding=\"async\" style=\"WIDTH: 410px; HEIGHT: 200px\" alt=\"\" width=\"448\" height=\"336\" src=\"\/site\/userfiles\/construindo a asa.jpg\" \/><br \/>\nConstruindo a asa<\/p>\n<p><img loading=\"lazy\" decoding=\"async\" style=\"WIDTH: 318px; HEIGHT: 403px\" alt=\"\" width=\"336\" height=\"448\" src=\"\/site\/userfiles\/construindo aileron.jpg\" \/><br \/>\nConstruindo Aileron<\/p>\n<p><img loading=\"lazy\" decoding=\"async\" style=\"WIDTH: 336px; HEIGHT: 192px\" width=\"448\" height=\"336\" alt=\"\" src=\"\/site\/userfiles\/corpo de prova p teste.JPG\" \/><br \/>\nCorpo de prova para teste<\/p>\n<p><img loading=\"lazy\" decoding=\"async\" style=\"WIDTH: 390px; HEIGHT: 203px\" width=\"448\" height=\"253\" alt=\"\" src=\"\/site\/userfiles\/cortando as cargas.JPG\" \/><br \/>\nCortando as cargas<\/p>\n<p><img loading=\"lazy\" decoding=\"async\" style=\"WIDTH: 400px; HEIGHT: 189px\" width=\"448\" height=\"336\" alt=\"\" src=\"\/site\/userfiles\/Estrutura sendo feita.jpg\" \/><br \/>\nEstrutura sendo feita<\/p>\n<p><img loading=\"lazy\" decoding=\"async\" style=\"WIDTH: 414px; HEIGHT: 343px\" width=\"448\" height=\"336\" alt=\"\" src=\"\/site\/userfiles\/montando.jpg\" \/><br \/>\nMontando<\/p>\n<p><img loading=\"lazy\" decoding=\"async\" style=\"WIDTH: 435px; HEIGHT: 339px\" width=\"448\" height=\"336\" alt=\"\" src=\"\/site\/userfiles\/parte estrutural quase pronta.jpg\" \/><br \/>\nParte estrutural quase pronta<\/p>\n<p><img loading=\"lazy\" decoding=\"async\" width=\"448\" height=\"336\" alt=\"\" src=\"\/site\/userfiles\/projetando.JPG\" \/><br \/>\nProjetando<\/p>\n<p><img loading=\"lazy\" decoding=\"async\" width=\"448\" height=\"336\" alt=\"\" src=\"\/site\/userfiles\/projeto.jpg\" \/><br \/>\nProjeto<\/p>\n<p><img loading=\"lazy\" decoding=\"async\" width=\"448\" height=\"313\" alt=\"\" src=\"\/site\/userfiles\/Projeto pronto.jpg\" \/><br \/>\nProjeto pronto<\/p>\n<p><img loading=\"lazy\" decoding=\"async\" style=\"WIDTH: 416px; HEIGHT: 227px\" width=\"448\" height=\"336\" alt=\"\" src=\"\/site\/userfiles\/relatorio.jpg\" \/><br \/>\nRelat\u00f3rio<\/p>\n<p><img loading=\"lazy\" decoding=\"async\" style=\"WIDTH: 414px; HEIGHT: 188px\" width=\"448\" height=\"336\" alt=\"\" src=\"\/site\/userfiles\/secando cola das nervuras(1).jpg\" \/><br \/>\nSecando cola das nervuras<\/p>\n<p><img loading=\"lazy\" decoding=\"async\" style=\"WIDTH: 422px; HEIGHT: 223px\" width=\"448\" height=\"336\" alt=\"\" src=\"\/site\/userfiles\/Semi Pronto.jpg\" \/><br \/>\nSemi pronto<\/p>\n<p><img loading=\"lazy\" decoding=\"async\" style=\"WIDTH: 322px; HEIGHT: 289px\" width=\"336\" height=\"448\" alt=\"\" src=\"\/site\/userfiles\/teste de material.JPG\" \/><br \/>\nTeste de material<\/p>\n<p><\/em><\/p>\n","protected":false},"excerpt":{"rendered":"<p>Alunos da Universidade Federal do ABC, UFABC, localizada em Santo Andr\u00e9 \u2013 SP projetam e desenvolvem avi\u00f5es para participar da maior competi\u00e7\u00e3o de engenharia aeron\u00e1utica do pa\u00eds.&nbsp; H\u00e1 atualmente na UFABC, duas equipes de aerodesign , Harpia e Harpia Pampers Aerodesign, estas equipes est\u00e3o se preparando para a maior competi\u00e7\u00e3o de engenharia aeron\u00e1utica do pa\u00eds [&hellip;]<\/p>\n","protected":false},"author":1,"featured_media":30840,"comment_status":"open","ping_status":"open","sticky":false,"template":"","format":"standard","meta":{"footnotes":""},"categories":[173],"tags":[],"class_list":{"0":"post-30839","1":"post","2":"type-post","3":"status-publish","4":"format-standard","5":"has-post-thumbnail","7":"category-escolas-de-engenharia"},"yoast_head":"<!-- This site is optimized with the Yoast SEO plugin v27.2 - https:\/\/yoast.com\/product\/yoast-seo-wordpress\/ -->\n<title>Aerodesign na UFABC  - Instituto de Engenharia<\/title>\n<meta name=\"robots\" content=\"index, follow, max-snippet:-1, max-image-preview:large, max-video-preview:-1\" \/>\n<link rel=\"canonical\" href=\"https:\/\/www.institutodeengenharia.org.br\/site\/2013\/09\/17\/aerodesign-na-ufabc\/\" \/>\n<meta property=\"og:locale\" content=\"pt_BR\" \/>\n<meta property=\"og:type\" content=\"article\" \/>\n<meta property=\"og:title\" content=\"Aerodesign na UFABC  - Instituto de Engenharia\" \/>\n<meta property=\"og:description\" content=\"Alunos da Universidade Federal do ABC, UFABC, localizada em Santo Andr\u00e9 \u2013 SP projetam e desenvolvem avi\u00f5es para participar da maior competi\u00e7\u00e3o de engenharia aeron\u00e1utica do pa\u00eds.&nbsp; H\u00e1 atualmente na UFABC, duas equipes de aerodesign , Harpia e Harpia Pampers Aerodesign, estas equipes est\u00e3o se preparando para a maior competi\u00e7\u00e3o de engenharia aeron\u00e1utica do pa\u00eds [&hellip;]\" \/>\n<meta property=\"og:url\" content=\"https:\/\/www.institutodeengenharia.org.br\/site\/2013\/09\/17\/aerodesign-na-ufabc\/\" \/>\n<meta property=\"og:site_name\" content=\"Instituto de Engenharia\" \/>\n<meta property=\"article:publisher\" content=\"https:\/\/www.facebook.com\/institutodeengenharia\" \/>\n<meta property=\"article:published_time\" content=\"2013-09-17T21:56:27+00:00\" \/>\n<meta property=\"og:image\" content=\"https:\/\/www.institutodeengenharia.org.br\/site\/wp-content\/uploads\/2018\/02\/Davi.jpg\" \/>\n\t<meta property=\"og:image:width\" content=\"772\" \/>\n\t<meta property=\"og:image:height\" content=\"589\" \/>\n\t<meta property=\"og:image:type\" content=\"image\/jpeg\" \/>\n<meta name=\"author\" content=\"TMax Tecnologia\" \/>\n<meta name=\"twitter:card\" content=\"summary_large_image\" \/>\n<meta name=\"twitter:creator\" content=\"@iengenharia\" \/>\n<meta name=\"twitter:site\" content=\"@iengenharia\" \/>\n<meta name=\"twitter:label1\" content=\"Escrito por\" \/>\n\t<meta name=\"twitter:data1\" content=\"TMax Tecnologia\" \/>\n\t<meta name=\"twitter:label2\" content=\"Est. tempo de leitura\" \/>\n\t<meta name=\"twitter:data2\" content=\"2 minutos\" \/>\n<script type=\"application\/ld+json\" class=\"yoast-schema-graph\">{\"@context\":\"https:\/\/schema.org\",\"@graph\":[{\"@type\":\"Article\",\"@id\":\"https:\/\/www.institutodeengenharia.org.br\/site\/2013\/09\/17\/aerodesign-na-ufabc\/#article\",\"isPartOf\":{\"@id\":\"https:\/\/www.institutodeengenharia.org.br\/site\/2013\/09\/17\/aerodesign-na-ufabc\/\"},\"author\":{\"name\":\"TMax Tecnologia\",\"@id\":\"https:\/\/www.institutodeengenharia.org.br\/site\/#\/schema\/person\/3b1ff109facef084739fc2edcb9a127f\"},\"headline\":\"Aerodesign na UFABC\",\"datePublished\":\"2013-09-17T21:56:27+00:00\",\"mainEntityOfPage\":{\"@id\":\"https:\/\/www.institutodeengenharia.org.br\/site\/2013\/09\/17\/aerodesign-na-ufabc\/\"},\"wordCount\":395,\"commentCount\":0,\"publisher\":{\"@id\":\"https:\/\/www.institutodeengenharia.org.br\/site\/#organization\"},\"image\":{\"@id\":\"https:\/\/www.institutodeengenharia.org.br\/site\/2013\/09\/17\/aerodesign-na-ufabc\/#primaryimage\"},\"thumbnailUrl\":\"https:\/\/www.institutodeengenharia.org.br\/site\/wp-content\/uploads\/2018\/02\/Davi.jpg\",\"articleSection\":[\"Escolas de Engenharia\"],\"inLanguage\":\"pt-BR\",\"potentialAction\":[{\"@type\":\"CommentAction\",\"name\":\"Comment\",\"target\":[\"https:\/\/www.institutodeengenharia.org.br\/site\/2013\/09\/17\/aerodesign-na-ufabc\/#respond\"]}]},{\"@type\":\"WebPage\",\"@id\":\"https:\/\/www.institutodeengenharia.org.br\/site\/2013\/09\/17\/aerodesign-na-ufabc\/\",\"url\":\"https:\/\/www.institutodeengenharia.org.br\/site\/2013\/09\/17\/aerodesign-na-ufabc\/\",\"name\":\"Aerodesign na UFABC - Instituto de Engenharia\",\"isPartOf\":{\"@id\":\"https:\/\/www.institutodeengenharia.org.br\/site\/#website\"},\"primaryImageOfPage\":{\"@id\":\"https:\/\/www.institutodeengenharia.org.br\/site\/2013\/09\/17\/aerodesign-na-ufabc\/#primaryimage\"},\"image\":{\"@id\":\"https:\/\/www.institutodeengenharia.org.br\/site\/2013\/09\/17\/aerodesign-na-ufabc\/#primaryimage\"},\"thumbnailUrl\":\"https:\/\/www.institutodeengenharia.org.br\/site\/wp-content\/uploads\/2018\/02\/Davi.jpg\",\"datePublished\":\"2013-09-17T21:56:27+00:00\",\"breadcrumb\":{\"@id\":\"https:\/\/www.institutodeengenharia.org.br\/site\/2013\/09\/17\/aerodesign-na-ufabc\/#breadcrumb\"},\"inLanguage\":\"pt-BR\",\"potentialAction\":[{\"@type\":\"ReadAction\",\"target\":[\"https:\/\/www.institutodeengenharia.org.br\/site\/2013\/09\/17\/aerodesign-na-ufabc\/\"]}]},{\"@type\":\"ImageObject\",\"inLanguage\":\"pt-BR\",\"@id\":\"https:\/\/www.institutodeengenharia.org.br\/site\/2013\/09\/17\/aerodesign-na-ufabc\/#primaryimage\",\"url\":\"https:\/\/www.institutodeengenharia.org.br\/site\/wp-content\/uploads\/2018\/02\/Davi.jpg\",\"contentUrl\":\"https:\/\/www.institutodeengenharia.org.br\/site\/wp-content\/uploads\/2018\/02\/Davi.jpg\",\"width\":772,\"height\":589},{\"@type\":\"BreadcrumbList\",\"@id\":\"https:\/\/www.institutodeengenharia.org.br\/site\/2013\/09\/17\/aerodesign-na-ufabc\/#breadcrumb\",\"itemListElement\":[{\"@type\":\"ListItem\",\"position\":1,\"name\":\"In\u00edcio\",\"item\":\"https:\/\/www.institutodeengenharia.org.br\/site\/\"},{\"@type\":\"ListItem\",\"position\":2,\"name\":\"Aerodesign na UFABC\"}]},{\"@type\":\"WebSite\",\"@id\":\"https:\/\/www.institutodeengenharia.org.br\/site\/#website\",\"url\":\"https:\/\/www.institutodeengenharia.org.br\/site\/\",\"name\":\"Instituto de Engenharia\",\"description\":\"O Instituto de Engenharia promove a Engenharia em benef\u00edcio do desenvolvimento e da qualidade de vida da sociedade.\",\"publisher\":{\"@id\":\"https:\/\/www.institutodeengenharia.org.br\/site\/#organization\"},\"potentialAction\":[{\"@type\":\"SearchAction\",\"target\":{\"@type\":\"EntryPoint\",\"urlTemplate\":\"https:\/\/www.institutodeengenharia.org.br\/site\/?s={search_term_string}\"},\"query-input\":{\"@type\":\"PropertyValueSpecification\",\"valueRequired\":true,\"valueName\":\"search_term_string\"}}],\"inLanguage\":\"pt-BR\"},{\"@type\":\"Organization\",\"@id\":\"https:\/\/www.institutodeengenharia.org.br\/site\/#organization\",\"name\":\"Instituto de Engenharia\",\"url\":\"https:\/\/www.institutodeengenharia.org.br\/site\/\",\"logo\":{\"@type\":\"ImageObject\",\"inLanguage\":\"pt-BR\",\"@id\":\"https:\/\/www.institutodeengenharia.org.br\/site\/#\/schema\/logo\/image\/\",\"url\":\"https:\/\/www.institutodeengenharia.org.br\/site\/wp-content\/uploads\/2019\/03\/logo-novo-IE2018-1.jpg\",\"contentUrl\":\"https:\/\/www.institutodeengenharia.org.br\/site\/wp-content\/uploads\/2019\/03\/logo-novo-IE2018-1.jpg\",\"width\":1486,\"height\":1879,\"caption\":\"Instituto de Engenharia\"},\"image\":{\"@id\":\"https:\/\/www.institutodeengenharia.org.br\/site\/#\/schema\/logo\/image\/\"},\"sameAs\":[\"https:\/\/www.facebook.com\/institutodeengenharia\",\"https:\/\/x.com\/iengenharia\",\"https:\/\/www.instagram.com\/institutodeengenharia\/\",\"https:\/\/www.linkedin.com\/company\/instituto-de-engenharia\/\",\"https:\/\/www.youtube.com\/channel\/UCXiCAlsSMe977vamW915HxA\"]},{\"@type\":\"Person\",\"@id\":\"https:\/\/www.institutodeengenharia.org.br\/site\/#\/schema\/person\/3b1ff109facef084739fc2edcb9a127f\",\"name\":\"TMax Tecnologia\",\"image\":{\"@type\":\"ImageObject\",\"inLanguage\":\"pt-BR\",\"@id\":\"https:\/\/secure.gravatar.com\/avatar\/f912434ef7f389c92cb311fcdae346af848465d638912574b3c669070f797701?s=96&d=mm&r=g\",\"url\":\"https:\/\/secure.gravatar.com\/avatar\/f912434ef7f389c92cb311fcdae346af848465d638912574b3c669070f797701?s=96&d=mm&r=g\",\"contentUrl\":\"https:\/\/secure.gravatar.com\/avatar\/f912434ef7f389c92cb311fcdae346af848465d638912574b3c669070f797701?s=96&d=mm&r=g\",\"caption\":\"TMax Tecnologia\"},\"url\":\"https:\/\/www.institutodeengenharia.org.br\/site\/author\/tmax\/\"}]}<\/script>\n<!-- \/ Yoast SEO plugin. -->","yoast_head_json":{"title":"Aerodesign na UFABC  - Instituto de Engenharia","robots":{"index":"index","follow":"follow","max-snippet":"max-snippet:-1","max-image-preview":"max-image-preview:large","max-video-preview":"max-video-preview:-1"},"canonical":"https:\/\/www.institutodeengenharia.org.br\/site\/2013\/09\/17\/aerodesign-na-ufabc\/","og_locale":"pt_BR","og_type":"article","og_title":"Aerodesign na UFABC  - Instituto de Engenharia","og_description":"Alunos da Universidade Federal do ABC, UFABC, localizada em Santo Andr\u00e9 \u2013 SP projetam e desenvolvem avi\u00f5es para participar da maior competi\u00e7\u00e3o de engenharia aeron\u00e1utica do pa\u00eds.&nbsp; H\u00e1 atualmente na UFABC, duas equipes de aerodesign , Harpia e Harpia Pampers Aerodesign, estas equipes est\u00e3o se preparando para a maior competi\u00e7\u00e3o de engenharia aeron\u00e1utica do pa\u00eds [&hellip;]","og_url":"https:\/\/www.institutodeengenharia.org.br\/site\/2013\/09\/17\/aerodesign-na-ufabc\/","og_site_name":"Instituto de Engenharia","article_publisher":"https:\/\/www.facebook.com\/institutodeengenharia","article_published_time":"2013-09-17T21:56:27+00:00","og_image":[{"width":772,"height":589,"url":"https:\/\/www.institutodeengenharia.org.br\/site\/wp-content\/uploads\/2018\/02\/Davi.jpg","type":"image\/jpeg"}],"author":"TMax Tecnologia","twitter_card":"summary_large_image","twitter_creator":"@iengenharia","twitter_site":"@iengenharia","twitter_misc":{"Escrito por":"TMax Tecnologia","Est. tempo de leitura":"2 minutos"},"schema":{"@context":"https:\/\/schema.org","@graph":[{"@type":"Article","@id":"https:\/\/www.institutodeengenharia.org.br\/site\/2013\/09\/17\/aerodesign-na-ufabc\/#article","isPartOf":{"@id":"https:\/\/www.institutodeengenharia.org.br\/site\/2013\/09\/17\/aerodesign-na-ufabc\/"},"author":{"name":"TMax Tecnologia","@id":"https:\/\/www.institutodeengenharia.org.br\/site\/#\/schema\/person\/3b1ff109facef084739fc2edcb9a127f"},"headline":"Aerodesign na UFABC","datePublished":"2013-09-17T21:56:27+00:00","mainEntityOfPage":{"@id":"https:\/\/www.institutodeengenharia.org.br\/site\/2013\/09\/17\/aerodesign-na-ufabc\/"},"wordCount":395,"commentCount":0,"publisher":{"@id":"https:\/\/www.institutodeengenharia.org.br\/site\/#organization"},"image":{"@id":"https:\/\/www.institutodeengenharia.org.br\/site\/2013\/09\/17\/aerodesign-na-ufabc\/#primaryimage"},"thumbnailUrl":"https:\/\/www.institutodeengenharia.org.br\/site\/wp-content\/uploads\/2018\/02\/Davi.jpg","articleSection":["Escolas de Engenharia"],"inLanguage":"pt-BR","potentialAction":[{"@type":"CommentAction","name":"Comment","target":["https:\/\/www.institutodeengenharia.org.br\/site\/2013\/09\/17\/aerodesign-na-ufabc\/#respond"]}]},{"@type":"WebPage","@id":"https:\/\/www.institutodeengenharia.org.br\/site\/2013\/09\/17\/aerodesign-na-ufabc\/","url":"https:\/\/www.institutodeengenharia.org.br\/site\/2013\/09\/17\/aerodesign-na-ufabc\/","name":"Aerodesign na UFABC - Instituto de Engenharia","isPartOf":{"@id":"https:\/\/www.institutodeengenharia.org.br\/site\/#website"},"primaryImageOfPage":{"@id":"https:\/\/www.institutodeengenharia.org.br\/site\/2013\/09\/17\/aerodesign-na-ufabc\/#primaryimage"},"image":{"@id":"https:\/\/www.institutodeengenharia.org.br\/site\/2013\/09\/17\/aerodesign-na-ufabc\/#primaryimage"},"thumbnailUrl":"https:\/\/www.institutodeengenharia.org.br\/site\/wp-content\/uploads\/2018\/02\/Davi.jpg","datePublished":"2013-09-17T21:56:27+00:00","breadcrumb":{"@id":"https:\/\/www.institutodeengenharia.org.br\/site\/2013\/09\/17\/aerodesign-na-ufabc\/#breadcrumb"},"inLanguage":"pt-BR","potentialAction":[{"@type":"ReadAction","target":["https:\/\/www.institutodeengenharia.org.br\/site\/2013\/09\/17\/aerodesign-na-ufabc\/"]}]},{"@type":"ImageObject","inLanguage":"pt-BR","@id":"https:\/\/www.institutodeengenharia.org.br\/site\/2013\/09\/17\/aerodesign-na-ufabc\/#primaryimage","url":"https:\/\/www.institutodeengenharia.org.br\/site\/wp-content\/uploads\/2018\/02\/Davi.jpg","contentUrl":"https:\/\/www.institutodeengenharia.org.br\/site\/wp-content\/uploads\/2018\/02\/Davi.jpg","width":772,"height":589},{"@type":"BreadcrumbList","@id":"https:\/\/www.institutodeengenharia.org.br\/site\/2013\/09\/17\/aerodesign-na-ufabc\/#breadcrumb","itemListElement":[{"@type":"ListItem","position":1,"name":"In\u00edcio","item":"https:\/\/www.institutodeengenharia.org.br\/site\/"},{"@type":"ListItem","position":2,"name":"Aerodesign na UFABC"}]},{"@type":"WebSite","@id":"https:\/\/www.institutodeengenharia.org.br\/site\/#website","url":"https:\/\/www.institutodeengenharia.org.br\/site\/","name":"Instituto de Engenharia","description":"O Instituto de Engenharia promove a Engenharia em benef\u00edcio do desenvolvimento e da qualidade de vida da sociedade.","publisher":{"@id":"https:\/\/www.institutodeengenharia.org.br\/site\/#organization"},"potentialAction":[{"@type":"SearchAction","target":{"@type":"EntryPoint","urlTemplate":"https:\/\/www.institutodeengenharia.org.br\/site\/?s={search_term_string}"},"query-input":{"@type":"PropertyValueSpecification","valueRequired":true,"valueName":"search_term_string"}}],"inLanguage":"pt-BR"},{"@type":"Organization","@id":"https:\/\/www.institutodeengenharia.org.br\/site\/#organization","name":"Instituto de Engenharia","url":"https:\/\/www.institutodeengenharia.org.br\/site\/","logo":{"@type":"ImageObject","inLanguage":"pt-BR","@id":"https:\/\/www.institutodeengenharia.org.br\/site\/#\/schema\/logo\/image\/","url":"https:\/\/www.institutodeengenharia.org.br\/site\/wp-content\/uploads\/2019\/03\/logo-novo-IE2018-1.jpg","contentUrl":"https:\/\/www.institutodeengenharia.org.br\/site\/wp-content\/uploads\/2019\/03\/logo-novo-IE2018-1.jpg","width":1486,"height":1879,"caption":"Instituto de Engenharia"},"image":{"@id":"https:\/\/www.institutodeengenharia.org.br\/site\/#\/schema\/logo\/image\/"},"sameAs":["https:\/\/www.facebook.com\/institutodeengenharia","https:\/\/x.com\/iengenharia","https:\/\/www.instagram.com\/institutodeengenharia\/","https:\/\/www.linkedin.com\/company\/instituto-de-engenharia\/","https:\/\/www.youtube.com\/channel\/UCXiCAlsSMe977vamW915HxA"]},{"@type":"Person","@id":"https:\/\/www.institutodeengenharia.org.br\/site\/#\/schema\/person\/3b1ff109facef084739fc2edcb9a127f","name":"TMax Tecnologia","image":{"@type":"ImageObject","inLanguage":"pt-BR","@id":"https:\/\/secure.gravatar.com\/avatar\/f912434ef7f389c92cb311fcdae346af848465d638912574b3c669070f797701?s=96&d=mm&r=g","url":"https:\/\/secure.gravatar.com\/avatar\/f912434ef7f389c92cb311fcdae346af848465d638912574b3c669070f797701?s=96&d=mm&r=g","contentUrl":"https:\/\/secure.gravatar.com\/avatar\/f912434ef7f389c92cb311fcdae346af848465d638912574b3c669070f797701?s=96&d=mm&r=g","caption":"TMax Tecnologia"},"url":"https:\/\/www.institutodeengenharia.org.br\/site\/author\/tmax\/"}]}},"_links":{"self":[{"href":"https:\/\/www.institutodeengenharia.org.br\/site\/wp-json\/wp\/v2\/posts\/30839","targetHints":{"allow":["GET"]}}],"collection":[{"href":"https:\/\/www.institutodeengenharia.org.br\/site\/wp-json\/wp\/v2\/posts"}],"about":[{"href":"https:\/\/www.institutodeengenharia.org.br\/site\/wp-json\/wp\/v2\/types\/post"}],"author":[{"embeddable":true,"href":"https:\/\/www.institutodeengenharia.org.br\/site\/wp-json\/wp\/v2\/users\/1"}],"replies":[{"embeddable":true,"href":"https:\/\/www.institutodeengenharia.org.br\/site\/wp-json\/wp\/v2\/comments?post=30839"}],"version-history":[{"count":0,"href":"https:\/\/www.institutodeengenharia.org.br\/site\/wp-json\/wp\/v2\/posts\/30839\/revisions"}],"wp:featuredmedia":[{"embeddable":true,"href":"https:\/\/www.institutodeengenharia.org.br\/site\/wp-json\/wp\/v2\/media\/30840"}],"wp:attachment":[{"href":"https:\/\/www.institutodeengenharia.org.br\/site\/wp-json\/wp\/v2\/media?parent=30839"}],"wp:term":[{"taxonomy":"category","embeddable":true,"href":"https:\/\/www.institutodeengenharia.org.br\/site\/wp-json\/wp\/v2\/categories?post=30839"},{"taxonomy":"post_tag","embeddable":true,"href":"https:\/\/www.institutodeengenharia.org.br\/site\/wp-json\/wp\/v2\/tags?post=30839"}],"curies":[{"name":"wp","href":"https:\/\/api.w.org\/{rel}","templated":true}]}}