{"id":28983,"date":"2018-02-01T14:13:15","date_gmt":"2018-02-01T14:13:15","guid":{"rendered":"https:\/\/www.institutodeengenharia.org.br\/?p=28983"},"modified":"2018-02-19T11:25:38","modified_gmt":"2018-02-19T14:25:38","slug":"analise-preliminar-da-licitacao-do-transporte-por-onibus-em-sao-paulo","status":"publish","type":"post","link":"https:\/\/www.institutodeengenharia.org.br\/site\/2018\/02\/01\/analise-preliminar-da-licitacao-do-transporte-por-onibus-em-sao-paulo\/","title":{"rendered":"An\u00e1lise preliminar da licita\u00e7\u00e3o do transporte por \u00f4nibus em S\u00e3o Paulo"},"content":{"rendered":"<p>Nos \u00faltimos dias do ano passado, a Prefeitura de S\u00e3o Paulo, por interm\u00e9dio da Secretaria Municipal de Mobilidade e Transportes \u2013 SMT, colocou \u00e0 disposi\u00e7\u00e3o para consulta p\u00fablica a minuta do edital que trata da \u201cdelega\u00e7\u00e3o, por concess\u00e3o, da presta\u00e7\u00e3o e explora\u00e7\u00e3o do servi\u00e7o de transporte coletivo p\u00fablico de passageiros, na Cidade de S\u00e3o Paulo\u201d.<\/p>\n<p>Para se ter uma ideia da complexidade desse processo licitat\u00f3rio, a minuta do edital e seus anexos somam mais de 39 mil p\u00e1ginas de documentos.As informa\u00e7\u00f5es fornecidas cont\u00eam as justificativas para a realiza\u00e7\u00e3o do certame, a qualifica\u00e7\u00e3o e as condi\u00e7\u00f5es de participa\u00e7\u00e3o das proponentes, as especifica\u00e7\u00f5es t\u00e9cnicas de ve\u00edculos, equipamentos, garagens e outras instala\u00e7\u00f5es, a proposta de uma nova rede de transporte e a minuta do contrato para as tr\u00eas modalidades consideradas:sistema estrutural, sistema de articula\u00e7\u00e3o regional e sistema de atendimento local.<\/p>\n<p>\u00c9 importante lembrar que a \u00faltima licita\u00e7\u00e3o para a contrata\u00e7\u00e3o do mesmo objeto, ou seja, a presta\u00e7\u00e3o e explora\u00e7\u00e3o do servi\u00e7o de transporte coletivo p\u00fablico de passageiros, por \u00f4nibus, foi realizada no ano de 2002 e gerou contratos com as empresas concession\u00e1rias, para operar o subsistema estrutural,e com as permission\u00e1rias, para operar o subsistema local,que foram assinados em 2003.<\/p>\n<p>Essa licita\u00e7\u00e3o foi feita com base na proposta de uma rede de transporte projetada e muito te\u00f3rica que nunca foi totalmente implantada,mas que acabou criando problemas operacionais bastante s\u00e9rios, tanto para o poder concedente, como para as empresas operadoras.O atual sistema de transporte por \u00f4nibus de S\u00e3o Paulo, com uma frota de quase 15 mil \u00f4nibus, \u00e9 operado por 14 empresas concession\u00e1rias e por 12 empresas permission\u00e1rias. Essa frota circula em mais 1,3 mil linhas e, diariamente, roda aproximadamente 3,5 milh\u00f5es de quil\u00f4metros, transportando cerca de 6 milh\u00f5es de pessoas, que realizam 10 milh\u00f5es de viagens.<\/p>\n<p>Nem \u00e9 preciso dizer que, ao longo de quase 15 anos de vig\u00eancia dos atuais contratos, a falta de um planejamento estruturado, que determinasse revis\u00f5es peri\u00f3dicas na maneira como as pessoas se deslocam pela cidade, bem como as demandas espec\u00edficas e localizadas das comunidades e dos pr\u00f3prios passageiros introduziram mudan\u00e7as e desequil\u00edbrios que tornaram a atual rede de transporte por \u00f4nibus ineficiente e onerosa.<\/p>\n<p>No processo licitat\u00f3rio colocado em consulta p\u00fablica fica n\u00edtida a preocupa\u00e7\u00e3o do Poder P\u00fablico com a proposta de uma rede de transporte mais vi\u00e1vel, mais racional e mais econ\u00f4mica e que possa ser instalada de forma gradativa e cont\u00ednua. Mas, \u00e9 de se esperar que as altera\u00e7\u00f5es propostas nas centenas de linhas e de atendimentos que comp\u00f5em essa nova rede provoquem rea\u00e7\u00f5es contr\u00e1rias, principalmente se um determinado bairro deixar de ter uma linha exclusiva ou se os passageiros precisarem realizar mais baldea\u00e7\u00f5es, entre a origem e o destino das suas viagens.<\/p>\n<p>Outro aspecto que merece especial aten\u00e7\u00e3o diz respeito ao material rodante. As exig\u00eancias estabelecidas, quanto ao cumprimento da legisla\u00e7\u00e3o ambiental e quanto \u00e0 utiliza\u00e7\u00e3o de mais tecnologia embarcada nos ve\u00edculos, s\u00e3o preocupantes porque determinam a renova\u00e7\u00e3o antecipada da frota, ou seja, o descarte de alguns ve\u00edculos antes do t\u00e9rmino de sua vida \u00fatil.<\/p>\n<p>Para o estrito cumprimento da Lei Municipal N\u00ba 16.802\/18, que trata da redu\u00e7\u00e3o da emiss\u00e3o de poluentes, as tecnologias dispon\u00edveis no mercado ainda n\u00e3o foram suficientemente testadas e n\u00e3o h\u00e1 como estabelecer, com a precis\u00e3o necess\u00e1ria, valores para os investimentos em ve\u00edculos, equipamentos e instala\u00e7\u00f5es, e nem, tampouco, para o custo operacional dos \u00f4nibus que dever\u00e3o utilizar combust\u00edveis mais limpos. Por outro lado, a obrigatoriedade de se contar com ar condicionado em todos os \u00f4nibus, j\u00e1 a partir de 2022, imp\u00f5e a acelera\u00e7\u00e3o da renova\u00e7\u00e3o da frota. Para o atendimento dessas exig\u00eancias, as empresas ter\u00e3o que fazer alt\u00edssimos investimentos; mas, haver\u00e1 recursos financeiros do poder concedente para suportar esses custos?<\/p>\n<p>No que diz respeito \u00e0 remunera\u00e7\u00e3o das empresas, os servi\u00e7os prestados pelas concession\u00e1rias dever\u00e3o ser pagos com base numa f\u00f3rmula que considera o custo dos insumos, divididos em custos fixos (pessoal e deprecia\u00e7\u00e3o), custos vari\u00e1veis (combust\u00edvel, rodagem, pe\u00e7as e acess\u00f3rios) e outros custos (despesas administrativas, tributos e lucro). Nada de novidade, exceto que o valor final da remunera\u00e7\u00e3o estar\u00e1 limitado a uma demanda de refer\u00eancia e sujeito a dedu\u00e7\u00f5es decorrentes de fatores de desempenho, que consideram a disponibilidade da frota alocada e o cumprimento das viagens programadas.Entretanto, essas dedu\u00e7\u00f5es poder\u00e3o ser compensadas por fatores de qualidade, que dependem de avalia\u00e7\u00f5es quanto ao cumprimento das partidas, \u00e0 redu\u00e7\u00e3o do n\u00famero de acidentes com v\u00edtimas, ao controle da emiss\u00e3o de poluentes e \u00e0 aferi\u00e7\u00e3o da satisfa\u00e7\u00e3o dos usu\u00e1rios, medida por pesquisas quantitativas, a serem realizadas periodicamente.<\/p>\n<p>Em resumo, um m\u00e9todo inovador de remunera\u00e7\u00e3o que leva em conta a qualidade do servi\u00e7o prestado; mas que, da forma como proposto, depende de avalia\u00e7\u00f5es um tanto quanto subjetivas.<br \/>\nAinda no campo das novidades, na minuta do edital h\u00e1 exig\u00eancias expl\u00edcitas quanto ao desenvolvimento e cria\u00e7\u00e3o de um programa de conformidade (compliance), incluindo a aplica\u00e7\u00e3o efetiva de c\u00f3digo de \u00e9tica e de conduta, para identificar e corrigir todo e qualquer ato il\u00edcito praticado contra a Administra\u00e7\u00e3o P\u00fablica. Essa obriga\u00e7\u00e3o, bem recebida pelas atuais empresas operadoras, vem ao encontro de todo um esfor\u00e7o que j\u00e1 vem sendo praticado, no sentido de aprimorar a gest\u00e3o das empresas e aplicar as pr\u00e1ticas da governan\u00e7a corporativa.<\/p>\n<p>Mas, as milhares de p\u00e1ginas de exig\u00eancias e obriga\u00e7\u00f5es impostas \u00e0s empresas interessadas em participar da licita\u00e7\u00e3o, quer nos parecer, n\u00e3o estimularam a administra\u00e7\u00e3o p\u00fablica a assumir, minimamente, um compromisso maior com a presta\u00e7\u00e3o de um servi\u00e7o de melhor qualidade. As futuras concession\u00e1rias n\u00e3o poder\u00e3o prestar um servi\u00e7o que atenda \u00e0s exig\u00eancias e expectativas dos clientes sem o envolvimento do poder p\u00fablico naquilo que \u00e9 a sua fun\u00e7\u00e3o prec\u00edpua, ou seja, priorizar o transporte coletivo sobre o individual, com a implanta\u00e7\u00e3o de mais corredores, faixas exclusivas e gest\u00e3o das vias por onde circulam os coletivos, dar prefer\u00eancia semaf\u00f3rica aos \u00f4nibus nos cruzamentos mais movimentados,criar campanhas para incentivar o uso do transporte coletivo e valorizar os servi\u00e7os prestados pelas empresas operadoras.<\/p>\n","protected":false},"excerpt":{"rendered":"<p>Os artigos publicados com assinatura, n\u00e3o traduzem necessariamente a opini\u00e3o do Instituto de Engenharia. Sua publica\u00e7\u00e3o obedece ao prop\u00f3sito de estimular o debate dos problemas brasileiros e de refletir as diversas tend\u00eancias do pensamento contempor\u00e2neo<\/p>\n","protected":false},"author":1,"featured_media":29523,"comment_status":"open","ping_status":"open","sticky":false,"template":"","format":"standard","meta":{"footnotes":""},"categories":[90],"tags":[],"class_list":{"0":"post-28983","1":"post","2":"type-post","3":"status-publish","4":"format-standard","5":"has-post-thumbnail","7":"category-francisco-christovam"},"yoast_head":"<!-- This site is optimized with the Yoast SEO plugin v27.2 - https:\/\/yoast.com\/product\/yoast-seo-wordpress\/ -->\n<title>An\u00e1lise preliminar da licita\u00e7\u00e3o do transporte por \u00f4nibus em S\u00e3o Paulo - Instituto de Engenharia<\/title>\n<meta name=\"robots\" content=\"index, follow, max-snippet:-1, max-image-preview:large, max-video-preview:-1\" \/>\n<link rel=\"canonical\" href=\"https:\/\/www.institutodeengenharia.org.br\/site\/2018\/02\/01\/analise-preliminar-da-licitacao-do-transporte-por-onibus-em-sao-paulo\/\" \/>\n<meta property=\"og:locale\" content=\"pt_BR\" \/>\n<meta property=\"og:type\" content=\"article\" \/>\n<meta property=\"og:title\" content=\"An\u00e1lise preliminar da licita\u00e7\u00e3o do transporte por \u00f4nibus em S\u00e3o Paulo - Instituto de Engenharia\" \/>\n<meta property=\"og:description\" content=\"Os artigos publicados com assinatura, n\u00e3o traduzem necessariamente a opini\u00e3o do Instituto de Engenharia. Sua publica\u00e7\u00e3o obedece ao prop\u00f3sito de estimular o debate dos problemas brasileiros e de refletir as diversas tend\u00eancias do pensamento contempor\u00e2neo\" \/>\n<meta property=\"og:url\" content=\"https:\/\/www.institutodeengenharia.org.br\/site\/2018\/02\/01\/analise-preliminar-da-licitacao-do-transporte-por-onibus-em-sao-paulo\/\" \/>\n<meta property=\"og:site_name\" content=\"Instituto de Engenharia\" \/>\n<meta property=\"article:publisher\" content=\"https:\/\/www.facebook.com\/institutodeengenharia\" \/>\n<meta property=\"article:published_time\" content=\"2018-02-01T14:13:15+00:00\" \/>\n<meta property=\"article:modified_time\" content=\"2018-02-19T14:25:38+00:00\" \/>\n<meta property=\"og:image\" content=\"https:\/\/www.institutodeengenharia.org.br\/site\/wp-content\/uploads\/2018\/02\/fco.jpg\" \/>\n\t<meta property=\"og:image:width\" content=\"260\" \/>\n\t<meta property=\"og:image:height\" content=\"376\" \/>\n\t<meta property=\"og:image:type\" content=\"image\/jpeg\" \/>\n<meta name=\"author\" content=\"TMax Tecnologia\" \/>\n<meta name=\"twitter:card\" content=\"summary_large_image\" \/>\n<meta name=\"twitter:creator\" content=\"@iengenharia\" \/>\n<meta name=\"twitter:site\" content=\"@iengenharia\" \/>\n<meta name=\"twitter:label1\" content=\"Escrito por\" \/>\n\t<meta name=\"twitter:data1\" content=\"TMax Tecnologia\" \/>\n\t<meta name=\"twitter:label2\" content=\"Est. tempo de leitura\" \/>\n\t<meta name=\"twitter:data2\" content=\"6 minutos\" \/>\n<script type=\"application\/ld+json\" class=\"yoast-schema-graph\">{\"@context\":\"https:\/\/schema.org\",\"@graph\":[{\"@type\":\"Article\",\"@id\":\"https:\/\/www.institutodeengenharia.org.br\/site\/2018\/02\/01\/analise-preliminar-da-licitacao-do-transporte-por-onibus-em-sao-paulo\/#article\",\"isPartOf\":{\"@id\":\"https:\/\/www.institutodeengenharia.org.br\/site\/2018\/02\/01\/analise-preliminar-da-licitacao-do-transporte-por-onibus-em-sao-paulo\/\"},\"author\":{\"name\":\"TMax Tecnologia\",\"@id\":\"https:\/\/www.institutodeengenharia.org.br\/site\/#\/schema\/person\/3b1ff109facef084739fc2edcb9a127f\"},\"headline\":\"An\u00e1lise preliminar da licita\u00e7\u00e3o do transporte por \u00f4nibus em S\u00e3o Paulo\",\"datePublished\":\"2018-02-01T14:13:15+00:00\",\"dateModified\":\"2018-02-19T14:25:38+00:00\",\"mainEntityOfPage\":{\"@id\":\"https:\/\/www.institutodeengenharia.org.br\/site\/2018\/02\/01\/analise-preliminar-da-licitacao-do-transporte-por-onibus-em-sao-paulo\/\"},\"wordCount\":1125,\"commentCount\":0,\"publisher\":{\"@id\":\"https:\/\/www.institutodeengenharia.org.br\/site\/#organization\"},\"image\":{\"@id\":\"https:\/\/www.institutodeengenharia.org.br\/site\/2018\/02\/01\/analise-preliminar-da-licitacao-do-transporte-por-onibus-em-sao-paulo\/#primaryimage\"},\"thumbnailUrl\":\"https:\/\/www.institutodeengenharia.org.br\/site\/wp-content\/uploads\/2018\/02\/fco.jpg\",\"articleSection\":[\"Francisco Christovam\"],\"inLanguage\":\"pt-BR\",\"potentialAction\":[{\"@type\":\"CommentAction\",\"name\":\"Comment\",\"target\":[\"https:\/\/www.institutodeengenharia.org.br\/site\/2018\/02\/01\/analise-preliminar-da-licitacao-do-transporte-por-onibus-em-sao-paulo\/#respond\"]}]},{\"@type\":\"WebPage\",\"@id\":\"https:\/\/www.institutodeengenharia.org.br\/site\/2018\/02\/01\/analise-preliminar-da-licitacao-do-transporte-por-onibus-em-sao-paulo\/\",\"url\":\"https:\/\/www.institutodeengenharia.org.br\/site\/2018\/02\/01\/analise-preliminar-da-licitacao-do-transporte-por-onibus-em-sao-paulo\/\",\"name\":\"An\u00e1lise preliminar da licita\u00e7\u00e3o do transporte por \u00f4nibus em S\u00e3o Paulo - Instituto de Engenharia\",\"isPartOf\":{\"@id\":\"https:\/\/www.institutodeengenharia.org.br\/site\/#website\"},\"primaryImageOfPage\":{\"@id\":\"https:\/\/www.institutodeengenharia.org.br\/site\/2018\/02\/01\/analise-preliminar-da-licitacao-do-transporte-por-onibus-em-sao-paulo\/#primaryimage\"},\"image\":{\"@id\":\"https:\/\/www.institutodeengenharia.org.br\/site\/2018\/02\/01\/analise-preliminar-da-licitacao-do-transporte-por-onibus-em-sao-paulo\/#primaryimage\"},\"thumbnailUrl\":\"https:\/\/www.institutodeengenharia.org.br\/site\/wp-content\/uploads\/2018\/02\/fco.jpg\",\"datePublished\":\"2018-02-01T14:13:15+00:00\",\"dateModified\":\"2018-02-19T14:25:38+00:00\",\"breadcrumb\":{\"@id\":\"https:\/\/www.institutodeengenharia.org.br\/site\/2018\/02\/01\/analise-preliminar-da-licitacao-do-transporte-por-onibus-em-sao-paulo\/#breadcrumb\"},\"inLanguage\":\"pt-BR\",\"potentialAction\":[{\"@type\":\"ReadAction\",\"target\":[\"https:\/\/www.institutodeengenharia.org.br\/site\/2018\/02\/01\/analise-preliminar-da-licitacao-do-transporte-por-onibus-em-sao-paulo\/\"]}]},{\"@type\":\"ImageObject\",\"inLanguage\":\"pt-BR\",\"@id\":\"https:\/\/www.institutodeengenharia.org.br\/site\/2018\/02\/01\/analise-preliminar-da-licitacao-do-transporte-por-onibus-em-sao-paulo\/#primaryimage\",\"url\":\"https:\/\/www.institutodeengenharia.org.br\/site\/wp-content\/uploads\/2018\/02\/fco.jpg\",\"contentUrl\":\"https:\/\/www.institutodeengenharia.org.br\/site\/wp-content\/uploads\/2018\/02\/fco.jpg\",\"width\":260,\"height\":376},{\"@type\":\"BreadcrumbList\",\"@id\":\"https:\/\/www.institutodeengenharia.org.br\/site\/2018\/02\/01\/analise-preliminar-da-licitacao-do-transporte-por-onibus-em-sao-paulo\/#breadcrumb\",\"itemListElement\":[{\"@type\":\"ListItem\",\"position\":1,\"name\":\"In\u00edcio\",\"item\":\"https:\/\/www.institutodeengenharia.org.br\/site\/\"},{\"@type\":\"ListItem\",\"position\":2,\"name\":\"An\u00e1lise preliminar da licita\u00e7\u00e3o do transporte por \u00f4nibus em S\u00e3o Paulo\"}]},{\"@type\":\"WebSite\",\"@id\":\"https:\/\/www.institutodeengenharia.org.br\/site\/#website\",\"url\":\"https:\/\/www.institutodeengenharia.org.br\/site\/\",\"name\":\"Instituto de Engenharia\",\"description\":\"O Instituto de Engenharia promove a Engenharia em benef\u00edcio do desenvolvimento e da qualidade de vida da sociedade.\",\"publisher\":{\"@id\":\"https:\/\/www.institutodeengenharia.org.br\/site\/#organization\"},\"potentialAction\":[{\"@type\":\"SearchAction\",\"target\":{\"@type\":\"EntryPoint\",\"urlTemplate\":\"https:\/\/www.institutodeengenharia.org.br\/site\/?s={search_term_string}\"},\"query-input\":{\"@type\":\"PropertyValueSpecification\",\"valueRequired\":true,\"valueName\":\"search_term_string\"}}],\"inLanguage\":\"pt-BR\"},{\"@type\":\"Organization\",\"@id\":\"https:\/\/www.institutodeengenharia.org.br\/site\/#organization\",\"name\":\"Instituto de Engenharia\",\"url\":\"https:\/\/www.institutodeengenharia.org.br\/site\/\",\"logo\":{\"@type\":\"ImageObject\",\"inLanguage\":\"pt-BR\",\"@id\":\"https:\/\/www.institutodeengenharia.org.br\/site\/#\/schema\/logo\/image\/\",\"url\":\"https:\/\/www.institutodeengenharia.org.br\/site\/wp-content\/uploads\/2019\/03\/logo-novo-IE2018-1.jpg\",\"contentUrl\":\"https:\/\/www.institutodeengenharia.org.br\/site\/wp-content\/uploads\/2019\/03\/logo-novo-IE2018-1.jpg\",\"width\":1486,\"height\":1879,\"caption\":\"Instituto de Engenharia\"},\"image\":{\"@id\":\"https:\/\/www.institutodeengenharia.org.br\/site\/#\/schema\/logo\/image\/\"},\"sameAs\":[\"https:\/\/www.facebook.com\/institutodeengenharia\",\"https:\/\/x.com\/iengenharia\",\"https:\/\/www.instagram.com\/institutodeengenharia\/\",\"https:\/\/www.linkedin.com\/company\/instituto-de-engenharia\/\",\"https:\/\/www.youtube.com\/channel\/UCXiCAlsSMe977vamW915HxA\"]},{\"@type\":\"Person\",\"@id\":\"https:\/\/www.institutodeengenharia.org.br\/site\/#\/schema\/person\/3b1ff109facef084739fc2edcb9a127f\",\"name\":\"TMax Tecnologia\",\"image\":{\"@type\":\"ImageObject\",\"inLanguage\":\"pt-BR\",\"@id\":\"https:\/\/secure.gravatar.com\/avatar\/f912434ef7f389c92cb311fcdae346af848465d638912574b3c669070f797701?s=96&d=mm&r=g\",\"url\":\"https:\/\/secure.gravatar.com\/avatar\/f912434ef7f389c92cb311fcdae346af848465d638912574b3c669070f797701?s=96&d=mm&r=g\",\"contentUrl\":\"https:\/\/secure.gravatar.com\/avatar\/f912434ef7f389c92cb311fcdae346af848465d638912574b3c669070f797701?s=96&d=mm&r=g\",\"caption\":\"TMax Tecnologia\"},\"url\":\"https:\/\/www.institutodeengenharia.org.br\/site\/author\/tmax\/\"}]}<\/script>\n<!-- \/ Yoast SEO plugin. -->","yoast_head_json":{"title":"An\u00e1lise preliminar da licita\u00e7\u00e3o do transporte por \u00f4nibus em S\u00e3o Paulo - Instituto de Engenharia","robots":{"index":"index","follow":"follow","max-snippet":"max-snippet:-1","max-image-preview":"max-image-preview:large","max-video-preview":"max-video-preview:-1"},"canonical":"https:\/\/www.institutodeengenharia.org.br\/site\/2018\/02\/01\/analise-preliminar-da-licitacao-do-transporte-por-onibus-em-sao-paulo\/","og_locale":"pt_BR","og_type":"article","og_title":"An\u00e1lise preliminar da licita\u00e7\u00e3o do transporte por \u00f4nibus em S\u00e3o Paulo - Instituto de Engenharia","og_description":"Os artigos publicados com assinatura, n\u00e3o traduzem necessariamente a opini\u00e3o do Instituto de Engenharia. Sua publica\u00e7\u00e3o obedece ao prop\u00f3sito de estimular o debate dos problemas brasileiros e de refletir as diversas tend\u00eancias do pensamento contempor\u00e2neo","og_url":"https:\/\/www.institutodeengenharia.org.br\/site\/2018\/02\/01\/analise-preliminar-da-licitacao-do-transporte-por-onibus-em-sao-paulo\/","og_site_name":"Instituto de Engenharia","article_publisher":"https:\/\/www.facebook.com\/institutodeengenharia","article_published_time":"2018-02-01T14:13:15+00:00","article_modified_time":"2018-02-19T14:25:38+00:00","og_image":[{"width":260,"height":376,"url":"https:\/\/www.institutodeengenharia.org.br\/site\/wp-content\/uploads\/2018\/02\/fco.jpg","type":"image\/jpeg"}],"author":"TMax Tecnologia","twitter_card":"summary_large_image","twitter_creator":"@iengenharia","twitter_site":"@iengenharia","twitter_misc":{"Escrito por":"TMax Tecnologia","Est. tempo de leitura":"6 minutos"},"schema":{"@context":"https:\/\/schema.org","@graph":[{"@type":"Article","@id":"https:\/\/www.institutodeengenharia.org.br\/site\/2018\/02\/01\/analise-preliminar-da-licitacao-do-transporte-por-onibus-em-sao-paulo\/#article","isPartOf":{"@id":"https:\/\/www.institutodeengenharia.org.br\/site\/2018\/02\/01\/analise-preliminar-da-licitacao-do-transporte-por-onibus-em-sao-paulo\/"},"author":{"name":"TMax Tecnologia","@id":"https:\/\/www.institutodeengenharia.org.br\/site\/#\/schema\/person\/3b1ff109facef084739fc2edcb9a127f"},"headline":"An\u00e1lise preliminar da licita\u00e7\u00e3o do transporte por \u00f4nibus em S\u00e3o Paulo","datePublished":"2018-02-01T14:13:15+00:00","dateModified":"2018-02-19T14:25:38+00:00","mainEntityOfPage":{"@id":"https:\/\/www.institutodeengenharia.org.br\/site\/2018\/02\/01\/analise-preliminar-da-licitacao-do-transporte-por-onibus-em-sao-paulo\/"},"wordCount":1125,"commentCount":0,"publisher":{"@id":"https:\/\/www.institutodeengenharia.org.br\/site\/#organization"},"image":{"@id":"https:\/\/www.institutodeengenharia.org.br\/site\/2018\/02\/01\/analise-preliminar-da-licitacao-do-transporte-por-onibus-em-sao-paulo\/#primaryimage"},"thumbnailUrl":"https:\/\/www.institutodeengenharia.org.br\/site\/wp-content\/uploads\/2018\/02\/fco.jpg","articleSection":["Francisco Christovam"],"inLanguage":"pt-BR","potentialAction":[{"@type":"CommentAction","name":"Comment","target":["https:\/\/www.institutodeengenharia.org.br\/site\/2018\/02\/01\/analise-preliminar-da-licitacao-do-transporte-por-onibus-em-sao-paulo\/#respond"]}]},{"@type":"WebPage","@id":"https:\/\/www.institutodeengenharia.org.br\/site\/2018\/02\/01\/analise-preliminar-da-licitacao-do-transporte-por-onibus-em-sao-paulo\/","url":"https:\/\/www.institutodeengenharia.org.br\/site\/2018\/02\/01\/analise-preliminar-da-licitacao-do-transporte-por-onibus-em-sao-paulo\/","name":"An\u00e1lise preliminar da licita\u00e7\u00e3o do transporte por \u00f4nibus em S\u00e3o Paulo - Instituto de Engenharia","isPartOf":{"@id":"https:\/\/www.institutodeengenharia.org.br\/site\/#website"},"primaryImageOfPage":{"@id":"https:\/\/www.institutodeengenharia.org.br\/site\/2018\/02\/01\/analise-preliminar-da-licitacao-do-transporte-por-onibus-em-sao-paulo\/#primaryimage"},"image":{"@id":"https:\/\/www.institutodeengenharia.org.br\/site\/2018\/02\/01\/analise-preliminar-da-licitacao-do-transporte-por-onibus-em-sao-paulo\/#primaryimage"},"thumbnailUrl":"https:\/\/www.institutodeengenharia.org.br\/site\/wp-content\/uploads\/2018\/02\/fco.jpg","datePublished":"2018-02-01T14:13:15+00:00","dateModified":"2018-02-19T14:25:38+00:00","breadcrumb":{"@id":"https:\/\/www.institutodeengenharia.org.br\/site\/2018\/02\/01\/analise-preliminar-da-licitacao-do-transporte-por-onibus-em-sao-paulo\/#breadcrumb"},"inLanguage":"pt-BR","potentialAction":[{"@type":"ReadAction","target":["https:\/\/www.institutodeengenharia.org.br\/site\/2018\/02\/01\/analise-preliminar-da-licitacao-do-transporte-por-onibus-em-sao-paulo\/"]}]},{"@type":"ImageObject","inLanguage":"pt-BR","@id":"https:\/\/www.institutodeengenharia.org.br\/site\/2018\/02\/01\/analise-preliminar-da-licitacao-do-transporte-por-onibus-em-sao-paulo\/#primaryimage","url":"https:\/\/www.institutodeengenharia.org.br\/site\/wp-content\/uploads\/2018\/02\/fco.jpg","contentUrl":"https:\/\/www.institutodeengenharia.org.br\/site\/wp-content\/uploads\/2018\/02\/fco.jpg","width":260,"height":376},{"@type":"BreadcrumbList","@id":"https:\/\/www.institutodeengenharia.org.br\/site\/2018\/02\/01\/analise-preliminar-da-licitacao-do-transporte-por-onibus-em-sao-paulo\/#breadcrumb","itemListElement":[{"@type":"ListItem","position":1,"name":"In\u00edcio","item":"https:\/\/www.institutodeengenharia.org.br\/site\/"},{"@type":"ListItem","position":2,"name":"An\u00e1lise preliminar da licita\u00e7\u00e3o do transporte por \u00f4nibus em S\u00e3o Paulo"}]},{"@type":"WebSite","@id":"https:\/\/www.institutodeengenharia.org.br\/site\/#website","url":"https:\/\/www.institutodeengenharia.org.br\/site\/","name":"Instituto de Engenharia","description":"O Instituto de Engenharia promove a Engenharia em benef\u00edcio do desenvolvimento e da qualidade de vida da sociedade.","publisher":{"@id":"https:\/\/www.institutodeengenharia.org.br\/site\/#organization"},"potentialAction":[{"@type":"SearchAction","target":{"@type":"EntryPoint","urlTemplate":"https:\/\/www.institutodeengenharia.org.br\/site\/?s={search_term_string}"},"query-input":{"@type":"PropertyValueSpecification","valueRequired":true,"valueName":"search_term_string"}}],"inLanguage":"pt-BR"},{"@type":"Organization","@id":"https:\/\/www.institutodeengenharia.org.br\/site\/#organization","name":"Instituto de Engenharia","url":"https:\/\/www.institutodeengenharia.org.br\/site\/","logo":{"@type":"ImageObject","inLanguage":"pt-BR","@id":"https:\/\/www.institutodeengenharia.org.br\/site\/#\/schema\/logo\/image\/","url":"https:\/\/www.institutodeengenharia.org.br\/site\/wp-content\/uploads\/2019\/03\/logo-novo-IE2018-1.jpg","contentUrl":"https:\/\/www.institutodeengenharia.org.br\/site\/wp-content\/uploads\/2019\/03\/logo-novo-IE2018-1.jpg","width":1486,"height":1879,"caption":"Instituto de Engenharia"},"image":{"@id":"https:\/\/www.institutodeengenharia.org.br\/site\/#\/schema\/logo\/image\/"},"sameAs":["https:\/\/www.facebook.com\/institutodeengenharia","https:\/\/x.com\/iengenharia","https:\/\/www.instagram.com\/institutodeengenharia\/","https:\/\/www.linkedin.com\/company\/instituto-de-engenharia\/","https:\/\/www.youtube.com\/channel\/UCXiCAlsSMe977vamW915HxA"]},{"@type":"Person","@id":"https:\/\/www.institutodeengenharia.org.br\/site\/#\/schema\/person\/3b1ff109facef084739fc2edcb9a127f","name":"TMax Tecnologia","image":{"@type":"ImageObject","inLanguage":"pt-BR","@id":"https:\/\/secure.gravatar.com\/avatar\/f912434ef7f389c92cb311fcdae346af848465d638912574b3c669070f797701?s=96&d=mm&r=g","url":"https:\/\/secure.gravatar.com\/avatar\/f912434ef7f389c92cb311fcdae346af848465d638912574b3c669070f797701?s=96&d=mm&r=g","contentUrl":"https:\/\/secure.gravatar.com\/avatar\/f912434ef7f389c92cb311fcdae346af848465d638912574b3c669070f797701?s=96&d=mm&r=g","caption":"TMax Tecnologia"},"url":"https:\/\/www.institutodeengenharia.org.br\/site\/author\/tmax\/"}]}},"_links":{"self":[{"href":"https:\/\/www.institutodeengenharia.org.br\/site\/wp-json\/wp\/v2\/posts\/28983","targetHints":{"allow":["GET"]}}],"collection":[{"href":"https:\/\/www.institutodeengenharia.org.br\/site\/wp-json\/wp\/v2\/posts"}],"about":[{"href":"https:\/\/www.institutodeengenharia.org.br\/site\/wp-json\/wp\/v2\/types\/post"}],"author":[{"embeddable":true,"href":"https:\/\/www.institutodeengenharia.org.br\/site\/wp-json\/wp\/v2\/users\/1"}],"replies":[{"embeddable":true,"href":"https:\/\/www.institutodeengenharia.org.br\/site\/wp-json\/wp\/v2\/comments?post=28983"}],"version-history":[{"count":1,"href":"https:\/\/www.institutodeengenharia.org.br\/site\/wp-json\/wp\/v2\/posts\/28983\/revisions"}],"predecessor-version":[{"id":29522,"href":"https:\/\/www.institutodeengenharia.org.br\/site\/wp-json\/wp\/v2\/posts\/28983\/revisions\/29522"}],"wp:featuredmedia":[{"embeddable":true,"href":"https:\/\/www.institutodeengenharia.org.br\/site\/wp-json\/wp\/v2\/media\/29523"}],"wp:attachment":[{"href":"https:\/\/www.institutodeengenharia.org.br\/site\/wp-json\/wp\/v2\/media?parent=28983"}],"wp:term":[{"taxonomy":"category","embeddable":true,"href":"https:\/\/www.institutodeengenharia.org.br\/site\/wp-json\/wp\/v2\/categories?post=28983"},{"taxonomy":"post_tag","embeddable":true,"href":"https:\/\/www.institutodeengenharia.org.br\/site\/wp-json\/wp\/v2\/tags?post=28983"}],"curies":[{"name":"wp","href":"https:\/\/api.w.org\/{rel}","templated":true}]}}