{"id":28977,"date":"2018-01-29T14:13:10","date_gmt":"2018-01-29T14:13:10","guid":{"rendered":"https:\/\/www.institutodeengenharia.org.br\/?p=28977"},"modified":"2018-01-29T13:48:26","modified_gmt":"2018-01-29T13:48:26","slug":"plastico-de-estufa-divide-a-luz-para-aumentar-eficiencia-da-fotossintese","status":"publish","type":"post","link":"https:\/\/www.institutodeengenharia.org.br\/site\/2018\/01\/29\/plastico-de-estufa-divide-a-luz-para-aumentar-eficiencia-da-fotossintese\/","title":{"rendered":"Pl\u00e1stico de estufa divide a luz para aumentar efici\u00eancia da fotoss\u00edntese"},"content":{"rendered":"<p>\nPl\u00e1sticos que manipulam a luz.<\/p>\n<p>No ano passado, uma equipe da Universidade do Colorado virou not\u00edcia mundial ao criar um ar-condicionado que n\u00e3o gasta energia.<\/p>\n<p>Agora, eles usaram a mesma tecnologia b\u00e1sica para criar um pl\u00e1stico para estufas que divide a luz do Sol, dirigindo a por\u00e7\u00e3o que ativa a fotoss\u00edntese para dentro da estufa, beneficiando as plantas, enquanto a outra por\u00e7\u00e3o vai para um sistema de purifica\u00e7\u00e3o de \u00e1gua.<\/p>\n<p>As estufas t\u00eam sido usadas h\u00e1 d\u00e9cadas e continuam a ser o padr\u00e3o para a produtividade efetiva das plantas, em compara\u00e7\u00e3o com a agricultura em campo aberto. Contudo, as estruturas t\u00eam altos custos em termos de energia, exigindo eletricidade para aquecimento, ventila\u00e7\u00e3o, ilumina\u00e7\u00e3o e \u00e1gua para refrigera\u00e7\u00e3o evaporativa.<\/p>\n<p>Por isso os pesquisadores tiveram a ideia de usar sua tecnologia de filmes para dividir a luz do Sol, extraindo dela a por\u00e7\u00e3o respons\u00e1vel pelo calor.<\/p>\n<p>A demonstra\u00e7\u00e3o chamou a aten\u00e7\u00e3o do Departamento de Agricultura dos EUA, que j\u00e1 direcionou um financiamento de US$2,5 milh\u00f5es para que a equipe prepare a inova\u00e7\u00e3o para aplica\u00e7\u00e3o em condi\u00e7\u00f5es reais.<\/p>\n<p>Estufa fotossinteticamente eficiente<\/p>\n<p>&#8220;A nova tecnologia assumir\u00e1 a forma de um filme semitransl\u00facido que divide a luz entrante e converte os raios dos comprimentos de onda verdes, menos desejados, em comprimentos de onda vermelhos, mais desej\u00e1veis, aumentando assim a quantidade de luz fotossinteticamente eficiente para a planta sem qualquer consumo adicional de eletricidade,&#8221; disse o professor Xiaobo Yin.<\/p>\n<p>A por\u00e7\u00e3o fotossinteticamente ineficiente da luz, por sua vez, ser\u00e1 redirecionada para acionar um sistema de purifica\u00e7\u00e3o de \u00e1gua alimentado por energia solar.<\/p>\n<p>&#8220;Os comprimentos de onda do infravermelho pr\u00f3ximo podem ajudar a limpar as \u00e1guas residuais salobras, permitindo que ela seja recirculada em uma interface avan\u00e7ada de umidifica\u00e7\u00e3o-desumidifica\u00e7\u00e3o, reduzindo ainda mais a pegada de energia da estufa,&#8221; disse Ronggui Yang, coordenador da equipe.<\/p>\n<p>Ao longo do projeto de quatro anos, a equipe pretende criar uma instala\u00e7\u00e3o de estufa-piloto para testar as propriedades do material ao longo de v\u00e1rios ciclos de produ\u00e7\u00e3o de tomate, alface e ervas.<\/p>\n<p><b>Autor: Inova\u00e7\u00e3o Tecnol\u00f3gica<\/b><\/p>\n","protected":false},"excerpt":{"rendered":"<p>Pl\u00e1sticos que manipulam a luz. No ano passado, uma equipe da Universidade do Colorado virou not\u00edcia mundial ao criar um ar-condicionado que n\u00e3o gasta energia. Agora, eles usaram a mesma tecnologia b\u00e1sica para criar um pl\u00e1stico para estufas que divide a luz do Sol, dirigindo a por\u00e7\u00e3o que ativa a fotoss\u00edntese para dentro da estufa, [&hellip;]<\/p>\n","protected":false},"author":1,"featured_media":28978,"comment_status":"open","ping_status":"open","sticky":false,"template":"","format":"standard","meta":{"footnotes":""},"categories":[31,6],"tags":[],"class_list":{"0":"post-28977","1":"post","2":"type-post","3":"status-publish","4":"format-standard","5":"has-post-thumbnail","7":"category-meio-ambiente","8":"category-noticias"},"yoast_head":"<!-- This site is optimized with the Yoast SEO plugin v27.2 - https:\/\/yoast.com\/product\/yoast-seo-wordpress\/ -->\n<title>Pl\u00e1stico de estufa divide a luz para aumentar efici\u00eancia da fotoss\u00edntese - Instituto de Engenharia<\/title>\n<meta name=\"robots\" content=\"index, follow, max-snippet:-1, max-image-preview:large, max-video-preview:-1\" \/>\n<link rel=\"canonical\" href=\"https:\/\/www.institutodeengenharia.org.br\/site\/2018\/01\/29\/plastico-de-estufa-divide-a-luz-para-aumentar-eficiencia-da-fotossintese\/\" \/>\n<meta property=\"og:locale\" content=\"pt_BR\" \/>\n<meta property=\"og:type\" content=\"article\" \/>\n<meta property=\"og:title\" content=\"Pl\u00e1stico de estufa divide a luz para aumentar efici\u00eancia da fotoss\u00edntese - Instituto de Engenharia\" \/>\n<meta property=\"og:description\" content=\"Pl\u00e1sticos que manipulam a luz. No ano passado, uma equipe da Universidade do Colorado virou not\u00edcia mundial ao criar um ar-condicionado que n\u00e3o gasta energia. Agora, eles usaram a mesma tecnologia b\u00e1sica para criar um pl\u00e1stico para estufas que divide a luz do Sol, dirigindo a por\u00e7\u00e3o que ativa a fotoss\u00edntese para dentro da estufa, [&hellip;]\" \/>\n<meta property=\"og:url\" content=\"https:\/\/www.institutodeengenharia.org.br\/site\/2018\/01\/29\/plastico-de-estufa-divide-a-luz-para-aumentar-eficiencia-da-fotossintese\/\" \/>\n<meta property=\"og:site_name\" content=\"Instituto de Engenharia\" \/>\n<meta property=\"article:publisher\" content=\"https:\/\/www.facebook.com\/institutodeengenharia\" \/>\n<meta property=\"article:published_time\" content=\"2018-01-29T14:13:10+00:00\" \/>\n<meta property=\"og:image\" content=\"https:\/\/www.institutodeengenharia.org.br\/site\/wp-content\/uploads\/2018\/02\/010125180126-refrigeracao-sem-ar-condicionado-4.jpg\" \/>\n\t<meta property=\"og:image:width\" content=\"300\" \/>\n\t<meta property=\"og:image:height\" content=\"203\" \/>\n\t<meta property=\"og:image:type\" content=\"image\/jpeg\" \/>\n<meta name=\"author\" content=\"TMax Tecnologia\" \/>\n<meta name=\"twitter:card\" content=\"summary_large_image\" \/>\n<meta name=\"twitter:creator\" content=\"@iengenharia\" \/>\n<meta name=\"twitter:site\" content=\"@iengenharia\" \/>\n<meta name=\"twitter:label1\" content=\"Escrito por\" \/>\n\t<meta name=\"twitter:data1\" content=\"TMax Tecnologia\" \/>\n\t<meta name=\"twitter:label2\" content=\"Est. tempo de leitura\" \/>\n\t<meta name=\"twitter:data2\" content=\"2 minutos\" \/>\n<script type=\"application\/ld+json\" class=\"yoast-schema-graph\">{\"@context\":\"https:\/\/schema.org\",\"@graph\":[{\"@type\":\"Article\",\"@id\":\"https:\/\/www.institutodeengenharia.org.br\/site\/2018\/01\/29\/plastico-de-estufa-divide-a-luz-para-aumentar-eficiencia-da-fotossintese\/#article\",\"isPartOf\":{\"@id\":\"https:\/\/www.institutodeengenharia.org.br\/site\/2018\/01\/29\/plastico-de-estufa-divide-a-luz-para-aumentar-eficiencia-da-fotossintese\/\"},\"author\":{\"name\":\"TMax Tecnologia\",\"@id\":\"https:\/\/www.institutodeengenharia.org.br\/site\/#\/schema\/person\/3b1ff109facef084739fc2edcb9a127f\"},\"headline\":\"Pl\u00e1stico de estufa divide a luz para aumentar efici\u00eancia da fotoss\u00edntese\",\"datePublished\":\"2018-01-29T14:13:10+00:00\",\"mainEntityOfPage\":{\"@id\":\"https:\/\/www.institutodeengenharia.org.br\/site\/2018\/01\/29\/plastico-de-estufa-divide-a-luz-para-aumentar-eficiencia-da-fotossintese\/\"},\"wordCount\":385,\"commentCount\":0,\"publisher\":{\"@id\":\"https:\/\/www.institutodeengenharia.org.br\/site\/#organization\"},\"image\":{\"@id\":\"https:\/\/www.institutodeengenharia.org.br\/site\/2018\/01\/29\/plastico-de-estufa-divide-a-luz-para-aumentar-eficiencia-da-fotossintese\/#primaryimage\"},\"thumbnailUrl\":\"https:\/\/www.institutodeengenharia.org.br\/site\/wp-content\/uploads\/2018\/02\/010125180126-refrigeracao-sem-ar-condicionado-4.jpg\",\"articleSection\":[\"Meio Ambiente\",\"Not\u00edcias\"],\"inLanguage\":\"pt-BR\",\"potentialAction\":[{\"@type\":\"CommentAction\",\"name\":\"Comment\",\"target\":[\"https:\/\/www.institutodeengenharia.org.br\/site\/2018\/01\/29\/plastico-de-estufa-divide-a-luz-para-aumentar-eficiencia-da-fotossintese\/#respond\"]}]},{\"@type\":\"WebPage\",\"@id\":\"https:\/\/www.institutodeengenharia.org.br\/site\/2018\/01\/29\/plastico-de-estufa-divide-a-luz-para-aumentar-eficiencia-da-fotossintese\/\",\"url\":\"https:\/\/www.institutodeengenharia.org.br\/site\/2018\/01\/29\/plastico-de-estufa-divide-a-luz-para-aumentar-eficiencia-da-fotossintese\/\",\"name\":\"Pl\u00e1stico de estufa divide a luz para aumentar efici\u00eancia da fotoss\u00edntese - Instituto de Engenharia\",\"isPartOf\":{\"@id\":\"https:\/\/www.institutodeengenharia.org.br\/site\/#website\"},\"primaryImageOfPage\":{\"@id\":\"https:\/\/www.institutodeengenharia.org.br\/site\/2018\/01\/29\/plastico-de-estufa-divide-a-luz-para-aumentar-eficiencia-da-fotossintese\/#primaryimage\"},\"image\":{\"@id\":\"https:\/\/www.institutodeengenharia.org.br\/site\/2018\/01\/29\/plastico-de-estufa-divide-a-luz-para-aumentar-eficiencia-da-fotossintese\/#primaryimage\"},\"thumbnailUrl\":\"https:\/\/www.institutodeengenharia.org.br\/site\/wp-content\/uploads\/2018\/02\/010125180126-refrigeracao-sem-ar-condicionado-4.jpg\",\"datePublished\":\"2018-01-29T14:13:10+00:00\",\"breadcrumb\":{\"@id\":\"https:\/\/www.institutodeengenharia.org.br\/site\/2018\/01\/29\/plastico-de-estufa-divide-a-luz-para-aumentar-eficiencia-da-fotossintese\/#breadcrumb\"},\"inLanguage\":\"pt-BR\",\"potentialAction\":[{\"@type\":\"ReadAction\",\"target\":[\"https:\/\/www.institutodeengenharia.org.br\/site\/2018\/01\/29\/plastico-de-estufa-divide-a-luz-para-aumentar-eficiencia-da-fotossintese\/\"]}]},{\"@type\":\"ImageObject\",\"inLanguage\":\"pt-BR\",\"@id\":\"https:\/\/www.institutodeengenharia.org.br\/site\/2018\/01\/29\/plastico-de-estufa-divide-a-luz-para-aumentar-eficiencia-da-fotossintese\/#primaryimage\",\"url\":\"https:\/\/www.institutodeengenharia.org.br\/site\/wp-content\/uploads\/2018\/02\/010125180126-refrigeracao-sem-ar-condicionado-4.jpg\",\"contentUrl\":\"https:\/\/www.institutodeengenharia.org.br\/site\/wp-content\/uploads\/2018\/02\/010125180126-refrigeracao-sem-ar-condicionado-4.jpg\",\"width\":300,\"height\":203},{\"@type\":\"BreadcrumbList\",\"@id\":\"https:\/\/www.institutodeengenharia.org.br\/site\/2018\/01\/29\/plastico-de-estufa-divide-a-luz-para-aumentar-eficiencia-da-fotossintese\/#breadcrumb\",\"itemListElement\":[{\"@type\":\"ListItem\",\"position\":1,\"name\":\"In\u00edcio\",\"item\":\"https:\/\/www.institutodeengenharia.org.br\/site\/\"},{\"@type\":\"ListItem\",\"position\":2,\"name\":\"Pl\u00e1stico de estufa divide a luz para aumentar efici\u00eancia da fotoss\u00edntese\"}]},{\"@type\":\"WebSite\",\"@id\":\"https:\/\/www.institutodeengenharia.org.br\/site\/#website\",\"url\":\"https:\/\/www.institutodeengenharia.org.br\/site\/\",\"name\":\"Instituto de Engenharia\",\"description\":\"O Instituto de Engenharia promove a Engenharia em benef\u00edcio do desenvolvimento e da qualidade de vida da sociedade.\",\"publisher\":{\"@id\":\"https:\/\/www.institutodeengenharia.org.br\/site\/#organization\"},\"potentialAction\":[{\"@type\":\"SearchAction\",\"target\":{\"@type\":\"EntryPoint\",\"urlTemplate\":\"https:\/\/www.institutodeengenharia.org.br\/site\/?s={search_term_string}\"},\"query-input\":{\"@type\":\"PropertyValueSpecification\",\"valueRequired\":true,\"valueName\":\"search_term_string\"}}],\"inLanguage\":\"pt-BR\"},{\"@type\":\"Organization\",\"@id\":\"https:\/\/www.institutodeengenharia.org.br\/site\/#organization\",\"name\":\"Instituto de Engenharia\",\"url\":\"https:\/\/www.institutodeengenharia.org.br\/site\/\",\"logo\":{\"@type\":\"ImageObject\",\"inLanguage\":\"pt-BR\",\"@id\":\"https:\/\/www.institutodeengenharia.org.br\/site\/#\/schema\/logo\/image\/\",\"url\":\"https:\/\/www.institutodeengenharia.org.br\/site\/wp-content\/uploads\/2019\/03\/logo-novo-IE2018-1.jpg\",\"contentUrl\":\"https:\/\/www.institutodeengenharia.org.br\/site\/wp-content\/uploads\/2019\/03\/logo-novo-IE2018-1.jpg\",\"width\":1486,\"height\":1879,\"caption\":\"Instituto de Engenharia\"},\"image\":{\"@id\":\"https:\/\/www.institutodeengenharia.org.br\/site\/#\/schema\/logo\/image\/\"},\"sameAs\":[\"https:\/\/www.facebook.com\/institutodeengenharia\",\"https:\/\/x.com\/iengenharia\",\"https:\/\/www.instagram.com\/institutodeengenharia\/\",\"https:\/\/www.linkedin.com\/company\/instituto-de-engenharia\/\",\"https:\/\/www.youtube.com\/channel\/UCXiCAlsSMe977vamW915HxA\"]},{\"@type\":\"Person\",\"@id\":\"https:\/\/www.institutodeengenharia.org.br\/site\/#\/schema\/person\/3b1ff109facef084739fc2edcb9a127f\",\"name\":\"TMax Tecnologia\",\"image\":{\"@type\":\"ImageObject\",\"inLanguage\":\"pt-BR\",\"@id\":\"https:\/\/secure.gravatar.com\/avatar\/f912434ef7f389c92cb311fcdae346af848465d638912574b3c669070f797701?s=96&d=mm&r=g\",\"url\":\"https:\/\/secure.gravatar.com\/avatar\/f912434ef7f389c92cb311fcdae346af848465d638912574b3c669070f797701?s=96&d=mm&r=g\",\"contentUrl\":\"https:\/\/secure.gravatar.com\/avatar\/f912434ef7f389c92cb311fcdae346af848465d638912574b3c669070f797701?s=96&d=mm&r=g\",\"caption\":\"TMax Tecnologia\"},\"url\":\"https:\/\/www.institutodeengenharia.org.br\/site\/author\/tmax\/\"}]}<\/script>\n<!-- \/ Yoast SEO plugin. -->","yoast_head_json":{"title":"Pl\u00e1stico de estufa divide a luz para aumentar efici\u00eancia da fotoss\u00edntese - Instituto de Engenharia","robots":{"index":"index","follow":"follow","max-snippet":"max-snippet:-1","max-image-preview":"max-image-preview:large","max-video-preview":"max-video-preview:-1"},"canonical":"https:\/\/www.institutodeengenharia.org.br\/site\/2018\/01\/29\/plastico-de-estufa-divide-a-luz-para-aumentar-eficiencia-da-fotossintese\/","og_locale":"pt_BR","og_type":"article","og_title":"Pl\u00e1stico de estufa divide a luz para aumentar efici\u00eancia da fotoss\u00edntese - Instituto de Engenharia","og_description":"Pl\u00e1sticos que manipulam a luz. No ano passado, uma equipe da Universidade do Colorado virou not\u00edcia mundial ao criar um ar-condicionado que n\u00e3o gasta energia. Agora, eles usaram a mesma tecnologia b\u00e1sica para criar um pl\u00e1stico para estufas que divide a luz do Sol, dirigindo a por\u00e7\u00e3o que ativa a fotoss\u00edntese para dentro da estufa, [&hellip;]","og_url":"https:\/\/www.institutodeengenharia.org.br\/site\/2018\/01\/29\/plastico-de-estufa-divide-a-luz-para-aumentar-eficiencia-da-fotossintese\/","og_site_name":"Instituto de Engenharia","article_publisher":"https:\/\/www.facebook.com\/institutodeengenharia","article_published_time":"2018-01-29T14:13:10+00:00","og_image":[{"width":300,"height":203,"url":"https:\/\/www.institutodeengenharia.org.br\/site\/wp-content\/uploads\/2018\/02\/010125180126-refrigeracao-sem-ar-condicionado-4.jpg","type":"image\/jpeg"}],"author":"TMax Tecnologia","twitter_card":"summary_large_image","twitter_creator":"@iengenharia","twitter_site":"@iengenharia","twitter_misc":{"Escrito por":"TMax Tecnologia","Est. tempo de leitura":"2 minutos"},"schema":{"@context":"https:\/\/schema.org","@graph":[{"@type":"Article","@id":"https:\/\/www.institutodeengenharia.org.br\/site\/2018\/01\/29\/plastico-de-estufa-divide-a-luz-para-aumentar-eficiencia-da-fotossintese\/#article","isPartOf":{"@id":"https:\/\/www.institutodeengenharia.org.br\/site\/2018\/01\/29\/plastico-de-estufa-divide-a-luz-para-aumentar-eficiencia-da-fotossintese\/"},"author":{"name":"TMax Tecnologia","@id":"https:\/\/www.institutodeengenharia.org.br\/site\/#\/schema\/person\/3b1ff109facef084739fc2edcb9a127f"},"headline":"Pl\u00e1stico de estufa divide a luz para aumentar efici\u00eancia da fotoss\u00edntese","datePublished":"2018-01-29T14:13:10+00:00","mainEntityOfPage":{"@id":"https:\/\/www.institutodeengenharia.org.br\/site\/2018\/01\/29\/plastico-de-estufa-divide-a-luz-para-aumentar-eficiencia-da-fotossintese\/"},"wordCount":385,"commentCount":0,"publisher":{"@id":"https:\/\/www.institutodeengenharia.org.br\/site\/#organization"},"image":{"@id":"https:\/\/www.institutodeengenharia.org.br\/site\/2018\/01\/29\/plastico-de-estufa-divide-a-luz-para-aumentar-eficiencia-da-fotossintese\/#primaryimage"},"thumbnailUrl":"https:\/\/www.institutodeengenharia.org.br\/site\/wp-content\/uploads\/2018\/02\/010125180126-refrigeracao-sem-ar-condicionado-4.jpg","articleSection":["Meio Ambiente","Not\u00edcias"],"inLanguage":"pt-BR","potentialAction":[{"@type":"CommentAction","name":"Comment","target":["https:\/\/www.institutodeengenharia.org.br\/site\/2018\/01\/29\/plastico-de-estufa-divide-a-luz-para-aumentar-eficiencia-da-fotossintese\/#respond"]}]},{"@type":"WebPage","@id":"https:\/\/www.institutodeengenharia.org.br\/site\/2018\/01\/29\/plastico-de-estufa-divide-a-luz-para-aumentar-eficiencia-da-fotossintese\/","url":"https:\/\/www.institutodeengenharia.org.br\/site\/2018\/01\/29\/plastico-de-estufa-divide-a-luz-para-aumentar-eficiencia-da-fotossintese\/","name":"Pl\u00e1stico de estufa divide a luz para aumentar efici\u00eancia da fotoss\u00edntese - Instituto de Engenharia","isPartOf":{"@id":"https:\/\/www.institutodeengenharia.org.br\/site\/#website"},"primaryImageOfPage":{"@id":"https:\/\/www.institutodeengenharia.org.br\/site\/2018\/01\/29\/plastico-de-estufa-divide-a-luz-para-aumentar-eficiencia-da-fotossintese\/#primaryimage"},"image":{"@id":"https:\/\/www.institutodeengenharia.org.br\/site\/2018\/01\/29\/plastico-de-estufa-divide-a-luz-para-aumentar-eficiencia-da-fotossintese\/#primaryimage"},"thumbnailUrl":"https:\/\/www.institutodeengenharia.org.br\/site\/wp-content\/uploads\/2018\/02\/010125180126-refrigeracao-sem-ar-condicionado-4.jpg","datePublished":"2018-01-29T14:13:10+00:00","breadcrumb":{"@id":"https:\/\/www.institutodeengenharia.org.br\/site\/2018\/01\/29\/plastico-de-estufa-divide-a-luz-para-aumentar-eficiencia-da-fotossintese\/#breadcrumb"},"inLanguage":"pt-BR","potentialAction":[{"@type":"ReadAction","target":["https:\/\/www.institutodeengenharia.org.br\/site\/2018\/01\/29\/plastico-de-estufa-divide-a-luz-para-aumentar-eficiencia-da-fotossintese\/"]}]},{"@type":"ImageObject","inLanguage":"pt-BR","@id":"https:\/\/www.institutodeengenharia.org.br\/site\/2018\/01\/29\/plastico-de-estufa-divide-a-luz-para-aumentar-eficiencia-da-fotossintese\/#primaryimage","url":"https:\/\/www.institutodeengenharia.org.br\/site\/wp-content\/uploads\/2018\/02\/010125180126-refrigeracao-sem-ar-condicionado-4.jpg","contentUrl":"https:\/\/www.institutodeengenharia.org.br\/site\/wp-content\/uploads\/2018\/02\/010125180126-refrigeracao-sem-ar-condicionado-4.jpg","width":300,"height":203},{"@type":"BreadcrumbList","@id":"https:\/\/www.institutodeengenharia.org.br\/site\/2018\/01\/29\/plastico-de-estufa-divide-a-luz-para-aumentar-eficiencia-da-fotossintese\/#breadcrumb","itemListElement":[{"@type":"ListItem","position":1,"name":"In\u00edcio","item":"https:\/\/www.institutodeengenharia.org.br\/site\/"},{"@type":"ListItem","position":2,"name":"Pl\u00e1stico de estufa divide a luz para aumentar efici\u00eancia da fotoss\u00edntese"}]},{"@type":"WebSite","@id":"https:\/\/www.institutodeengenharia.org.br\/site\/#website","url":"https:\/\/www.institutodeengenharia.org.br\/site\/","name":"Instituto de Engenharia","description":"O Instituto de Engenharia promove a Engenharia em benef\u00edcio do desenvolvimento e da qualidade de vida da sociedade.","publisher":{"@id":"https:\/\/www.institutodeengenharia.org.br\/site\/#organization"},"potentialAction":[{"@type":"SearchAction","target":{"@type":"EntryPoint","urlTemplate":"https:\/\/www.institutodeengenharia.org.br\/site\/?s={search_term_string}"},"query-input":{"@type":"PropertyValueSpecification","valueRequired":true,"valueName":"search_term_string"}}],"inLanguage":"pt-BR"},{"@type":"Organization","@id":"https:\/\/www.institutodeengenharia.org.br\/site\/#organization","name":"Instituto de Engenharia","url":"https:\/\/www.institutodeengenharia.org.br\/site\/","logo":{"@type":"ImageObject","inLanguage":"pt-BR","@id":"https:\/\/www.institutodeengenharia.org.br\/site\/#\/schema\/logo\/image\/","url":"https:\/\/www.institutodeengenharia.org.br\/site\/wp-content\/uploads\/2019\/03\/logo-novo-IE2018-1.jpg","contentUrl":"https:\/\/www.institutodeengenharia.org.br\/site\/wp-content\/uploads\/2019\/03\/logo-novo-IE2018-1.jpg","width":1486,"height":1879,"caption":"Instituto de Engenharia"},"image":{"@id":"https:\/\/www.institutodeengenharia.org.br\/site\/#\/schema\/logo\/image\/"},"sameAs":["https:\/\/www.facebook.com\/institutodeengenharia","https:\/\/x.com\/iengenharia","https:\/\/www.instagram.com\/institutodeengenharia\/","https:\/\/www.linkedin.com\/company\/instituto-de-engenharia\/","https:\/\/www.youtube.com\/channel\/UCXiCAlsSMe977vamW915HxA"]},{"@type":"Person","@id":"https:\/\/www.institutodeengenharia.org.br\/site\/#\/schema\/person\/3b1ff109facef084739fc2edcb9a127f","name":"TMax Tecnologia","image":{"@type":"ImageObject","inLanguage":"pt-BR","@id":"https:\/\/secure.gravatar.com\/avatar\/f912434ef7f389c92cb311fcdae346af848465d638912574b3c669070f797701?s=96&d=mm&r=g","url":"https:\/\/secure.gravatar.com\/avatar\/f912434ef7f389c92cb311fcdae346af848465d638912574b3c669070f797701?s=96&d=mm&r=g","contentUrl":"https:\/\/secure.gravatar.com\/avatar\/f912434ef7f389c92cb311fcdae346af848465d638912574b3c669070f797701?s=96&d=mm&r=g","caption":"TMax Tecnologia"},"url":"https:\/\/www.institutodeengenharia.org.br\/site\/author\/tmax\/"}]}},"_links":{"self":[{"href":"https:\/\/www.institutodeengenharia.org.br\/site\/wp-json\/wp\/v2\/posts\/28977","targetHints":{"allow":["GET"]}}],"collection":[{"href":"https:\/\/www.institutodeengenharia.org.br\/site\/wp-json\/wp\/v2\/posts"}],"about":[{"href":"https:\/\/www.institutodeengenharia.org.br\/site\/wp-json\/wp\/v2\/types\/post"}],"author":[{"embeddable":true,"href":"https:\/\/www.institutodeengenharia.org.br\/site\/wp-json\/wp\/v2\/users\/1"}],"replies":[{"embeddable":true,"href":"https:\/\/www.institutodeengenharia.org.br\/site\/wp-json\/wp\/v2\/comments?post=28977"}],"version-history":[{"count":0,"href":"https:\/\/www.institutodeengenharia.org.br\/site\/wp-json\/wp\/v2\/posts\/28977\/revisions"}],"wp:featuredmedia":[{"embeddable":true,"href":"https:\/\/www.institutodeengenharia.org.br\/site\/wp-json\/wp\/v2\/media\/28978"}],"wp:attachment":[{"href":"https:\/\/www.institutodeengenharia.org.br\/site\/wp-json\/wp\/v2\/media?parent=28977"}],"wp:term":[{"taxonomy":"category","embeddable":true,"href":"https:\/\/www.institutodeengenharia.org.br\/site\/wp-json\/wp\/v2\/categories?post=28977"},{"taxonomy":"post_tag","embeddable":true,"href":"https:\/\/www.institutodeengenharia.org.br\/site\/wp-json\/wp\/v2\/tags?post=28977"}],"curies":[{"name":"wp","href":"https:\/\/api.w.org\/{rel}","templated":true}]}}