{"id":28952,"date":"2018-01-08T14:12:53","date_gmt":"2018-01-08T14:12:53","guid":{"rendered":"https:\/\/www.institutodeengenharia.org.br\/?p=28952"},"modified":"2018-01-08T10:46:44","modified_gmt":"2018-01-08T10:46:44","slug":"o-gargalo-da-matematica","status":"publish","type":"post","link":"https:\/\/www.institutodeengenharia.org.br\/site\/2018\/01\/08\/o-gargalo-da-matematica\/","title":{"rendered":"O gargalo da matem\u00e1tica"},"content":{"rendered":"<p>No lan\u00e7amento do Instituto Serrapilheira, no Impa (Instituto de Matem\u00e1tica Pura e Aplicada), em mar\u00e7o de 2017, Branca e Jo\u00e3o Moreira Salles foram questionados sobre o que os levava a investir parte do patrim\u00f4nio no financiamento da ci\u00eancia e da dissemina\u00e7\u00e3o da cultura cient\u00edfica.<\/p>\n<p>Jo\u00e3o contou a hist\u00f3ria de quando se surpreendeu com o tamanho de sua turma no curso de Cinema na PUC-Rio: 30 alunos. Pareceu-lhe excessivo, em um pa\u00eds que nem sequer tem ind\u00fastria cinematogr\u00e1fica. Cruzou o campus para descobrir quantos estudavam matem\u00e1tica: eram apenas dois. \u201cUm pa\u00eds que forma muito mais cineastas que matem\u00e1ticos caminha para a cat\u00e1strofe \u2013a qual ser\u00e1 muito bem filmada, sem d\u00favida, mas continuar\u00e1 sendo uma cat\u00e1strofe\u201d, concluiu.<\/p>\n<p>O problema da matem\u00e1tica no Brasil vai muito al\u00e9m da escassez de alunos, claro. Alguns anos atr\u00e1s, dois professores da Unicamp questionaram a utilidade de abrir mais vagas de engenharia nas universidades. Marcelo Knobel, atual reitor da Unicamp, e seu colega Fernando Paix\u00e3o tomaram como ponto de partida os resultados do Pisa (Programa Internacional de Avalia\u00e7\u00e3o de Estudantes), realizado a cada tr\u00eas anos pela Organiza\u00e7\u00e3o para a Coopera\u00e7\u00e3o e o Desenvolvimento Econ\u00f4mico, com jovens de 15 anos de mais de 70 pa\u00edses.<\/p>\n<p>Os resultados do Pisa s\u00e3o classificados em seis n\u00edveis. Na matem\u00e1tica, o n\u00edvel dois \u00e9 considerado necess\u00e1rio para o exerc\u00edcio da cidadania, e o n\u00edvel quatro \u00e9 o m\u00ednimo requerido para carreiras nas \u00e1reas tecnol\u00f3gicas. Os resultados, infelizmente, s\u00e3o eloquentes: menos de 4% dos nossos jovens alcan\u00e7am o n\u00edvel quatro ou mais na prova. Na Austr\u00e1lia s\u00e3o 38%, no Canad\u00e1, 43%, na Coreia do Sul, 52%.<\/p>\n<p>Ainda segundo os mesmos autores, os 1.500 cursos de engenharia existentes no pa\u00eds ofereciam cerca de 150 mil vagas por ano, mas s\u00f3 formavam 30 mil. A deficiente forma\u00e7\u00e3o em matem\u00e1tica tem, sem d\u00favida, um papel determinante nessa elevad\u00edssima taxa de evas\u00e3o. Engenharia, computa\u00e7\u00e3o, aeron\u00e1utica e tantas outras, s\u00e3o \u00e1reas que exigem conhecimento matem\u00e1tico. O Brasil est\u00e1 deixando de formar dezenas de milhares de profissionais de carreiras necess\u00e1rias para o desenvolvimento do pa\u00eds.<\/p>\n<p>Dados recentes mostram que h\u00e1 avan\u00e7os no ensino fundamental, especialmente no primeiro ciclo, mas a situa\u00e7\u00e3o no ensino m\u00e9dio tende a degradar-se: em 2015, apenas 7,3% dos alunos que conclu\u00edram a educa\u00e7\u00e3o b\u00e1sica atingiram n\u00edvel satisfat\u00f3rio de aprendizado em matem\u00e1tica, e esse percentual cai para 3,6% nas escolas p\u00fablicas. Mesmo sendo o resultado de uma combina\u00e7\u00e3o perversa de fatores, \u00e9 uma demonstra\u00e7\u00e3o contundente do fracasso do modelo ainda vigente no nosso ensino m\u00e9dio.<\/p>\n<p><b>Autor: Folha de S.Paulo<\/b><\/p>\n","protected":false},"excerpt":{"rendered":"<p>No lan\u00e7amento do Instituto Serrapilheira, no Impa (Instituto de Matem\u00e1tica Pura e Aplicada), em mar\u00e7o de 2017, Branca e Jo\u00e3o Moreira Salles foram questionados sobre o que os levava a investir parte do patrim\u00f4nio no financiamento da ci\u00eancia e da dissemina\u00e7\u00e3o da cultura cient\u00edfica. Jo\u00e3o contou a hist\u00f3ria de quando se surpreendeu com o tamanho [&hellip;]<\/p>\n","protected":false},"author":1,"featured_media":0,"comment_status":"open","ping_status":"open","sticky":false,"template":"","format":"standard","meta":{"footnotes":""},"categories":[23,6],"tags":[],"class_list":{"0":"post-28952","1":"post","2":"type-post","3":"status-publish","4":"format-standard","6":"category-educacao","7":"category-noticias"},"yoast_head":"<!-- This site is optimized with the Yoast SEO plugin v27.2 - https:\/\/yoast.com\/product\/yoast-seo-wordpress\/ -->\n<title>O gargalo da matem\u00e1tica - Instituto de Engenharia<\/title>\n<meta name=\"robots\" content=\"index, follow, max-snippet:-1, max-image-preview:large, max-video-preview:-1\" \/>\n<link rel=\"canonical\" href=\"https:\/\/www.institutodeengenharia.org.br\/site\/2018\/01\/08\/o-gargalo-da-matematica\/\" \/>\n<meta property=\"og:locale\" content=\"pt_BR\" \/>\n<meta property=\"og:type\" content=\"article\" \/>\n<meta property=\"og:title\" content=\"O gargalo da matem\u00e1tica - Instituto de Engenharia\" \/>\n<meta property=\"og:description\" content=\"No lan\u00e7amento do Instituto Serrapilheira, no Impa (Instituto de Matem\u00e1tica Pura e Aplicada), em mar\u00e7o de 2017, Branca e Jo\u00e3o Moreira Salles foram questionados sobre o que os levava a investir parte do patrim\u00f4nio no financiamento da ci\u00eancia e da dissemina\u00e7\u00e3o da cultura cient\u00edfica. Jo\u00e3o contou a hist\u00f3ria de quando se surpreendeu com o tamanho [&hellip;]\" \/>\n<meta property=\"og:url\" content=\"https:\/\/www.institutodeengenharia.org.br\/site\/2018\/01\/08\/o-gargalo-da-matematica\/\" \/>\n<meta property=\"og:site_name\" content=\"Instituto de Engenharia\" \/>\n<meta property=\"article:publisher\" content=\"https:\/\/www.facebook.com\/institutodeengenharia\" \/>\n<meta property=\"article:published_time\" content=\"2018-01-08T14:12:53+00:00\" \/>\n<meta name=\"author\" content=\"TMax Tecnologia\" \/>\n<meta name=\"twitter:card\" content=\"summary_large_image\" \/>\n<meta name=\"twitter:creator\" content=\"@iengenharia\" \/>\n<meta name=\"twitter:site\" content=\"@iengenharia\" \/>\n<meta name=\"twitter:label1\" content=\"Escrito por\" \/>\n\t<meta name=\"twitter:data1\" content=\"TMax Tecnologia\" \/>\n\t<meta name=\"twitter:label2\" content=\"Est. tempo de leitura\" \/>\n\t<meta name=\"twitter:data2\" content=\"2 minutos\" \/>\n<script type=\"application\/ld+json\" class=\"yoast-schema-graph\">{\"@context\":\"https:\/\/schema.org\",\"@graph\":[{\"@type\":\"Article\",\"@id\":\"https:\/\/www.institutodeengenharia.org.br\/site\/2018\/01\/08\/o-gargalo-da-matematica\/#article\",\"isPartOf\":{\"@id\":\"https:\/\/www.institutodeengenharia.org.br\/site\/2018\/01\/08\/o-gargalo-da-matematica\/\"},\"author\":{\"name\":\"TMax Tecnologia\",\"@id\":\"https:\/\/www.institutodeengenharia.org.br\/site\/#\/schema\/person\/3b1ff109facef084739fc2edcb9a127f\"},\"headline\":\"O gargalo da matem\u00e1tica\",\"datePublished\":\"2018-01-08T14:12:53+00:00\",\"mainEntityOfPage\":{\"@id\":\"https:\/\/www.institutodeengenharia.org.br\/site\/2018\/01\/08\/o-gargalo-da-matematica\/\"},\"wordCount\":470,\"commentCount\":0,\"publisher\":{\"@id\":\"https:\/\/www.institutodeengenharia.org.br\/site\/#organization\"},\"articleSection\":[\"Educa\u00e7\u00e3o\",\"Not\u00edcias\"],\"inLanguage\":\"pt-BR\",\"potentialAction\":[{\"@type\":\"CommentAction\",\"name\":\"Comment\",\"target\":[\"https:\/\/www.institutodeengenharia.org.br\/site\/2018\/01\/08\/o-gargalo-da-matematica\/#respond\"]}]},{\"@type\":\"WebPage\",\"@id\":\"https:\/\/www.institutodeengenharia.org.br\/site\/2018\/01\/08\/o-gargalo-da-matematica\/\",\"url\":\"https:\/\/www.institutodeengenharia.org.br\/site\/2018\/01\/08\/o-gargalo-da-matematica\/\",\"name\":\"O gargalo da matem\u00e1tica - Instituto de Engenharia\",\"isPartOf\":{\"@id\":\"https:\/\/www.institutodeengenharia.org.br\/site\/#website\"},\"datePublished\":\"2018-01-08T14:12:53+00:00\",\"breadcrumb\":{\"@id\":\"https:\/\/www.institutodeengenharia.org.br\/site\/2018\/01\/08\/o-gargalo-da-matematica\/#breadcrumb\"},\"inLanguage\":\"pt-BR\",\"potentialAction\":[{\"@type\":\"ReadAction\",\"target\":[\"https:\/\/www.institutodeengenharia.org.br\/site\/2018\/01\/08\/o-gargalo-da-matematica\/\"]}]},{\"@type\":\"BreadcrumbList\",\"@id\":\"https:\/\/www.institutodeengenharia.org.br\/site\/2018\/01\/08\/o-gargalo-da-matematica\/#breadcrumb\",\"itemListElement\":[{\"@type\":\"ListItem\",\"position\":1,\"name\":\"In\u00edcio\",\"item\":\"https:\/\/www.institutodeengenharia.org.br\/site\/\"},{\"@type\":\"ListItem\",\"position\":2,\"name\":\"O gargalo da matem\u00e1tica\"}]},{\"@type\":\"WebSite\",\"@id\":\"https:\/\/www.institutodeengenharia.org.br\/site\/#website\",\"url\":\"https:\/\/www.institutodeengenharia.org.br\/site\/\",\"name\":\"Instituto de Engenharia\",\"description\":\"O Instituto de Engenharia promove a Engenharia em benef\u00edcio do desenvolvimento e da qualidade de vida da sociedade.\",\"publisher\":{\"@id\":\"https:\/\/www.institutodeengenharia.org.br\/site\/#organization\"},\"potentialAction\":[{\"@type\":\"SearchAction\",\"target\":{\"@type\":\"EntryPoint\",\"urlTemplate\":\"https:\/\/www.institutodeengenharia.org.br\/site\/?s={search_term_string}\"},\"query-input\":{\"@type\":\"PropertyValueSpecification\",\"valueRequired\":true,\"valueName\":\"search_term_string\"}}],\"inLanguage\":\"pt-BR\"},{\"@type\":\"Organization\",\"@id\":\"https:\/\/www.institutodeengenharia.org.br\/site\/#organization\",\"name\":\"Instituto de Engenharia\",\"url\":\"https:\/\/www.institutodeengenharia.org.br\/site\/\",\"logo\":{\"@type\":\"ImageObject\",\"inLanguage\":\"pt-BR\",\"@id\":\"https:\/\/www.institutodeengenharia.org.br\/site\/#\/schema\/logo\/image\/\",\"url\":\"https:\/\/www.institutodeengenharia.org.br\/site\/wp-content\/uploads\/2019\/03\/logo-novo-IE2018-1.jpg\",\"contentUrl\":\"https:\/\/www.institutodeengenharia.org.br\/site\/wp-content\/uploads\/2019\/03\/logo-novo-IE2018-1.jpg\",\"width\":1486,\"height\":1879,\"caption\":\"Instituto de Engenharia\"},\"image\":{\"@id\":\"https:\/\/www.institutodeengenharia.org.br\/site\/#\/schema\/logo\/image\/\"},\"sameAs\":[\"https:\/\/www.facebook.com\/institutodeengenharia\",\"https:\/\/x.com\/iengenharia\",\"https:\/\/www.instagram.com\/institutodeengenharia\/\",\"https:\/\/www.linkedin.com\/company\/instituto-de-engenharia\/\",\"https:\/\/www.youtube.com\/channel\/UCXiCAlsSMe977vamW915HxA\"]},{\"@type\":\"Person\",\"@id\":\"https:\/\/www.institutodeengenharia.org.br\/site\/#\/schema\/person\/3b1ff109facef084739fc2edcb9a127f\",\"name\":\"TMax Tecnologia\",\"image\":{\"@type\":\"ImageObject\",\"inLanguage\":\"pt-BR\",\"@id\":\"https:\/\/secure.gravatar.com\/avatar\/f912434ef7f389c92cb311fcdae346af848465d638912574b3c669070f797701?s=96&d=mm&r=g\",\"url\":\"https:\/\/secure.gravatar.com\/avatar\/f912434ef7f389c92cb311fcdae346af848465d638912574b3c669070f797701?s=96&d=mm&r=g\",\"contentUrl\":\"https:\/\/secure.gravatar.com\/avatar\/f912434ef7f389c92cb311fcdae346af848465d638912574b3c669070f797701?s=96&d=mm&r=g\",\"caption\":\"TMax Tecnologia\"},\"url\":\"https:\/\/www.institutodeengenharia.org.br\/site\/author\/tmax\/\"}]}<\/script>\n<!-- \/ Yoast SEO plugin. -->","yoast_head_json":{"title":"O gargalo da matem\u00e1tica - Instituto de Engenharia","robots":{"index":"index","follow":"follow","max-snippet":"max-snippet:-1","max-image-preview":"max-image-preview:large","max-video-preview":"max-video-preview:-1"},"canonical":"https:\/\/www.institutodeengenharia.org.br\/site\/2018\/01\/08\/o-gargalo-da-matematica\/","og_locale":"pt_BR","og_type":"article","og_title":"O gargalo da matem\u00e1tica - Instituto de Engenharia","og_description":"No lan\u00e7amento do Instituto Serrapilheira, no Impa (Instituto de Matem\u00e1tica Pura e Aplicada), em mar\u00e7o de 2017, Branca e Jo\u00e3o Moreira Salles foram questionados sobre o que os levava a investir parte do patrim\u00f4nio no financiamento da ci\u00eancia e da dissemina\u00e7\u00e3o da cultura cient\u00edfica. Jo\u00e3o contou a hist\u00f3ria de quando se surpreendeu com o tamanho [&hellip;]","og_url":"https:\/\/www.institutodeengenharia.org.br\/site\/2018\/01\/08\/o-gargalo-da-matematica\/","og_site_name":"Instituto de Engenharia","article_publisher":"https:\/\/www.facebook.com\/institutodeengenharia","article_published_time":"2018-01-08T14:12:53+00:00","author":"TMax Tecnologia","twitter_card":"summary_large_image","twitter_creator":"@iengenharia","twitter_site":"@iengenharia","twitter_misc":{"Escrito por":"TMax Tecnologia","Est. tempo de leitura":"2 minutos"},"schema":{"@context":"https:\/\/schema.org","@graph":[{"@type":"Article","@id":"https:\/\/www.institutodeengenharia.org.br\/site\/2018\/01\/08\/o-gargalo-da-matematica\/#article","isPartOf":{"@id":"https:\/\/www.institutodeengenharia.org.br\/site\/2018\/01\/08\/o-gargalo-da-matematica\/"},"author":{"name":"TMax Tecnologia","@id":"https:\/\/www.institutodeengenharia.org.br\/site\/#\/schema\/person\/3b1ff109facef084739fc2edcb9a127f"},"headline":"O gargalo da matem\u00e1tica","datePublished":"2018-01-08T14:12:53+00:00","mainEntityOfPage":{"@id":"https:\/\/www.institutodeengenharia.org.br\/site\/2018\/01\/08\/o-gargalo-da-matematica\/"},"wordCount":470,"commentCount":0,"publisher":{"@id":"https:\/\/www.institutodeengenharia.org.br\/site\/#organization"},"articleSection":["Educa\u00e7\u00e3o","Not\u00edcias"],"inLanguage":"pt-BR","potentialAction":[{"@type":"CommentAction","name":"Comment","target":["https:\/\/www.institutodeengenharia.org.br\/site\/2018\/01\/08\/o-gargalo-da-matematica\/#respond"]}]},{"@type":"WebPage","@id":"https:\/\/www.institutodeengenharia.org.br\/site\/2018\/01\/08\/o-gargalo-da-matematica\/","url":"https:\/\/www.institutodeengenharia.org.br\/site\/2018\/01\/08\/o-gargalo-da-matematica\/","name":"O gargalo da matem\u00e1tica - Instituto de Engenharia","isPartOf":{"@id":"https:\/\/www.institutodeengenharia.org.br\/site\/#website"},"datePublished":"2018-01-08T14:12:53+00:00","breadcrumb":{"@id":"https:\/\/www.institutodeengenharia.org.br\/site\/2018\/01\/08\/o-gargalo-da-matematica\/#breadcrumb"},"inLanguage":"pt-BR","potentialAction":[{"@type":"ReadAction","target":["https:\/\/www.institutodeengenharia.org.br\/site\/2018\/01\/08\/o-gargalo-da-matematica\/"]}]},{"@type":"BreadcrumbList","@id":"https:\/\/www.institutodeengenharia.org.br\/site\/2018\/01\/08\/o-gargalo-da-matematica\/#breadcrumb","itemListElement":[{"@type":"ListItem","position":1,"name":"In\u00edcio","item":"https:\/\/www.institutodeengenharia.org.br\/site\/"},{"@type":"ListItem","position":2,"name":"O gargalo da matem\u00e1tica"}]},{"@type":"WebSite","@id":"https:\/\/www.institutodeengenharia.org.br\/site\/#website","url":"https:\/\/www.institutodeengenharia.org.br\/site\/","name":"Instituto de Engenharia","description":"O Instituto de Engenharia promove a Engenharia em benef\u00edcio do desenvolvimento e da qualidade de vida da sociedade.","publisher":{"@id":"https:\/\/www.institutodeengenharia.org.br\/site\/#organization"},"potentialAction":[{"@type":"SearchAction","target":{"@type":"EntryPoint","urlTemplate":"https:\/\/www.institutodeengenharia.org.br\/site\/?s={search_term_string}"},"query-input":{"@type":"PropertyValueSpecification","valueRequired":true,"valueName":"search_term_string"}}],"inLanguage":"pt-BR"},{"@type":"Organization","@id":"https:\/\/www.institutodeengenharia.org.br\/site\/#organization","name":"Instituto de Engenharia","url":"https:\/\/www.institutodeengenharia.org.br\/site\/","logo":{"@type":"ImageObject","inLanguage":"pt-BR","@id":"https:\/\/www.institutodeengenharia.org.br\/site\/#\/schema\/logo\/image\/","url":"https:\/\/www.institutodeengenharia.org.br\/site\/wp-content\/uploads\/2019\/03\/logo-novo-IE2018-1.jpg","contentUrl":"https:\/\/www.institutodeengenharia.org.br\/site\/wp-content\/uploads\/2019\/03\/logo-novo-IE2018-1.jpg","width":1486,"height":1879,"caption":"Instituto de Engenharia"},"image":{"@id":"https:\/\/www.institutodeengenharia.org.br\/site\/#\/schema\/logo\/image\/"},"sameAs":["https:\/\/www.facebook.com\/institutodeengenharia","https:\/\/x.com\/iengenharia","https:\/\/www.instagram.com\/institutodeengenharia\/","https:\/\/www.linkedin.com\/company\/instituto-de-engenharia\/","https:\/\/www.youtube.com\/channel\/UCXiCAlsSMe977vamW915HxA"]},{"@type":"Person","@id":"https:\/\/www.institutodeengenharia.org.br\/site\/#\/schema\/person\/3b1ff109facef084739fc2edcb9a127f","name":"TMax Tecnologia","image":{"@type":"ImageObject","inLanguage":"pt-BR","@id":"https:\/\/secure.gravatar.com\/avatar\/f912434ef7f389c92cb311fcdae346af848465d638912574b3c669070f797701?s=96&d=mm&r=g","url":"https:\/\/secure.gravatar.com\/avatar\/f912434ef7f389c92cb311fcdae346af848465d638912574b3c669070f797701?s=96&d=mm&r=g","contentUrl":"https:\/\/secure.gravatar.com\/avatar\/f912434ef7f389c92cb311fcdae346af848465d638912574b3c669070f797701?s=96&d=mm&r=g","caption":"TMax Tecnologia"},"url":"https:\/\/www.institutodeengenharia.org.br\/site\/author\/tmax\/"}]}},"_links":{"self":[{"href":"https:\/\/www.institutodeengenharia.org.br\/site\/wp-json\/wp\/v2\/posts\/28952","targetHints":{"allow":["GET"]}}],"collection":[{"href":"https:\/\/www.institutodeengenharia.org.br\/site\/wp-json\/wp\/v2\/posts"}],"about":[{"href":"https:\/\/www.institutodeengenharia.org.br\/site\/wp-json\/wp\/v2\/types\/post"}],"author":[{"embeddable":true,"href":"https:\/\/www.institutodeengenharia.org.br\/site\/wp-json\/wp\/v2\/users\/1"}],"replies":[{"embeddable":true,"href":"https:\/\/www.institutodeengenharia.org.br\/site\/wp-json\/wp\/v2\/comments?post=28952"}],"version-history":[{"count":0,"href":"https:\/\/www.institutodeengenharia.org.br\/site\/wp-json\/wp\/v2\/posts\/28952\/revisions"}],"wp:attachment":[{"href":"https:\/\/www.institutodeengenharia.org.br\/site\/wp-json\/wp\/v2\/media?parent=28952"}],"wp:term":[{"taxonomy":"category","embeddable":true,"href":"https:\/\/www.institutodeengenharia.org.br\/site\/wp-json\/wp\/v2\/categories?post=28952"},{"taxonomy":"post_tag","embeddable":true,"href":"https:\/\/www.institutodeengenharia.org.br\/site\/wp-json\/wp\/v2\/tags?post=28952"}],"curies":[{"name":"wp","href":"https:\/\/api.w.org\/{rel}","templated":true}]}}