{"id":28943,"date":"2018-01-03T14:12:37","date_gmt":"2018-01-03T14:12:37","guid":{"rendered":"https:\/\/www.institutodeengenharia.org.br\/?p=28943"},"modified":"2018-01-03T14:44:23","modified_gmt":"2018-01-03T14:44:23","slug":"claro-anuncia-maior-programa-de-geracao-distribuida-de-energia-renovavel-do-pais","status":"publish","type":"post","link":"https:\/\/www.institutodeengenharia.org.br\/site\/2018\/01\/03\/claro-anuncia-maior-programa-de-geracao-distribuida-de-energia-renovavel-do-pais\/","title":{"rendered":"Claro anuncia maior programa de gera\u00e7\u00e3o distribu\u00edda de energia renov\u00e1vel do pa\u00eds"},"content":{"rendered":"<p>A Claro Brasil, representada pelas marcas Claro, Embratel e NET, anuncia o \u201cPrograma A Energia da Claro\u201d que prev\u00ea o uso de energia limpa, por meio de Gera\u00e7\u00e3o Distribu\u00edda, e a ado\u00e7\u00e3o de a\u00e7\u00f5es de prote\u00e7\u00e3o ao meio ambiente em todas as suas opera\u00e7\u00f5es e instala\u00e7\u00f5es no Brasil. Na pr\u00e1tica, o programa representa uma redu\u00e7\u00e3o de mais de 100 mil toneladas m\u00e9tricas de CO2 ao ano, o equivalente \u00e0 retirada de quase 420 mil carros de circula\u00e7\u00e3o. \u00c9 o maior projeto de Gera\u00e7\u00e3o Distribu\u00edda do Pa\u00eds entre empresas privadas e o primeiro entre empresas de Telecomunica\u00e7\u00f5es.<\/p>\n<p>A energia ser\u00e1 proveniente de diversas fontes renov\u00e1veis: Solar, E\u00f3lica, Hidrel\u00e9trica, Biog\u00e1s e Cogera\u00e7\u00e3o Qualificada. A meta da empresa \u00e9 cobrir 80% da energia utilizada por suas opera\u00e7\u00f5es em todo o Brasil, o que representa mais de 600.000 MWh\/ano.<\/p>\n<p>O programa prev\u00ea o fluxo de energia de forma bidirecional, gerando energia limpa para as concession\u00e1rias do setor e obtendo, em contrapartida, compensa\u00e7\u00e3o nas faturas mensais da Claro. \u201cTrata-se de um dos maiores projetos de gera\u00e7\u00e3o distribu\u00edda de energia limpa do mundo e sem d\u00favida o maior implementado por uma empresa privada no Brasil\u201d, afirma Roberto Catal\u00e3o, vice-presidente de Finan\u00e7as da Claro Brasil.<\/p>\n<p>Em novembro deste ano, a Claro inaugurou o primeiro complexo de usinas, criando a maior opera\u00e7\u00e3o solar dedicada a uma empresa, nas cidades de V\u00e1rzea de Palmas e Buritizeiro, em Minas Gerais. O complexo ocupa uma \u00e1rea de 45 hectares, que ir\u00e3o gerar energia equivalente ao necess\u00e1rio para suprir uma cidade de 250 mil habitantes.<\/p>\n<p>O Programa reuniu diferentes empresas, fornecedores e especialistas para viabilizar a iniciativa. A primeira fazenda do complexo solar da Claro Brasil come\u00e7ou a operar h\u00e1 um ano, como projeto-piloto, em V\u00e1rzea de Palmas (MG), ocupando um ter\u00e7o do espa\u00e7o que possui hoje.<\/p>\n<p>Em 2018, est\u00e1 prevista a inaugura\u00e7\u00e3o de mais 20 parques solares (4 em S\u00e3o Paulo, 1 em Bras\u00edlia, 1 no Maranh\u00e3o, 1 no Par\u00e1, 1 na Bahia, 2 no Cear\u00e1, 1 no Esp\u00edrito Santo, 1 em Goi\u00e1s, 1 no Maranh\u00e3o, 1 em Mato Grosso, 1 no Par\u00e1, 1 na Para\u00edba, 2 em Pernambuco, 1 no Piau\u00ed, 1 no Tocantins); 4 parques e\u00f3licos (tr\u00eas no Rio Grande do Sul e um no Rio de Janeiro); 6 usinas de Biog\u00e1s (3 em S\u00e3o Paulo, 2 no Rio de Janeiro e 1 no Paran\u00e1); e 3 Cogera\u00e7\u00e3o Qualificada (1 no Rio Grande do Norte, 1 em Sergipe e 1 em Alagoas). Na segunda fase do projeto, a ser implantado ao longo de 2018, ser\u00e1 tamb\u00e9m incorporado ao programa energia proveniente de pequenas centrais hidrel\u00e9tricas (CGH).<\/p>\n<p>A Claro Brasil possui mais de 40 mil unidades consumidoras de baixa tens\u00e3o, entre antenas, torres e toda infraestrutura, para atender mais de 85 milh\u00f5es de clientes (pessoas, resid\u00eancias e empresas). \u201cTeremos uma redu\u00e7\u00e3o m\u00e9dia de 30% nas despesas anuais com energia\u201d, estima Catal\u00e3o. Segundo o executivo, a economia \u00e9 representativa, uma vez que o consumo anual total de baixa tens\u00e3o superior \u00e0 750 Gigawatt\/hora por ano, capacidade que equivale ao consumo de 250 mil resid\u00eancias. \u201cA energia el\u00e9trica \u00e9 um dos insumos mais importante de nossa opera\u00e7\u00e3o (5% dos custos), uma vez que os servi\u00e7os de telecomunica\u00e7\u00f5es s\u00e3o oferecidos de forma ininterrupta para pessoas, resid\u00eancias e empresas de todo o Brasil e do exterior\u201d, diz.<\/p>\n<p>Benef\u00edcios<\/p>\n<p>O programa prev\u00ea v\u00e1rias iniciativas para reduzir a emiss\u00e3o de poluentes e garantir sua efici\u00eancia energ\u00e9tica. A empresa adotou sistemas de automatiza\u00e7\u00e3o em suas instala\u00e7\u00f5es e est\u00e1 substituindo a ilumina\u00e7\u00e3o de seus pr\u00e9dios e lojas pela tecnologia LED \u2013 j\u00e1 superando 90 mil l\u00e2mpadas.<\/p>\n<p>As l\u00e2mpadas LED, por exemplo, reduzir\u00e3o em 52% da carga instalada de ilumina\u00e7\u00e3o. \u201cA meta \u00e9 que 100% de nossas instala\u00e7\u00f5es utilizem l\u00e2mpadas de LED at\u00e9 o final de 2018\u201d, afirma Jo\u00e3o Pedro Neves, diretor de Suporte Financeiro ao Neg\u00f3cio da Claro Brasil.<\/p>\n<p>Os projetos de automatiza\u00e7\u00e3o permitir\u00e3o que os pr\u00e9dios tenham gest\u00e3o integrada para controle de temperatura, conforme a necessidade de cada instala\u00e7\u00e3o e com hor\u00e1rios programados para controle da ilumina\u00e7\u00e3o. Departamentos t\u00e9cnicos que demandam ilumina\u00e7\u00e3o ininterrupta ter\u00e3o programa\u00e7\u00e3o especial, sem que andares inteiros precisem ficar acessos por causa de apenas uma \u00e1rea, por exemplo.<\/p>\n<p>Como parte do programa, a empresa est\u00e1 testando um projeto de Mobilidade El\u00e9trica. \u201cTemos um projeto-piloto de t\u00e9cnicos utilizando bicicletas el\u00e9tricas, no Rio de Janeiro, que se mostrou eficiente, econ\u00f4mico e com zero impacto para o meio ambiente\u201d, conta Neves. \u201cAtualmente, estamos em fase de testes de carros el\u00e9tricos em S\u00e3o Paulo, que pretendemos expandir em breve\u201d.<\/p>\n<p>Tamb\u00e9m est\u00e3o previstos projetos de reaproveitamento de \u00e1guas pluviais e obten\u00e7\u00e3o de cr\u00e9ditos de carbono. \u201cTrata-se de um programa muito bem estruturado, que passa pela gera\u00e7\u00e3o sustent\u00e1vel de energia e pelo uso racional e eficiente dos recursos.<\/p>\n<p><b>Autor: Ciclo Vivo<\/b><\/p>\n","protected":false},"excerpt":{"rendered":"<p>O programa representa uma redu\u00e7\u00e3o de mais de 100 mil toneladas m\u00e9tricas de CO2 ao ano.<\/p>\n","protected":false},"author":1,"featured_media":28944,"comment_status":"open","ping_status":"open","sticky":false,"template":"","format":"standard","meta":{"footnotes":""},"categories":[31,6],"tags":[],"class_list":{"0":"post-28943","1":"post","2":"type-post","3":"status-publish","4":"format-standard","5":"has-post-thumbnail","7":"category-meio-ambiente","8":"category-noticias"},"yoast_head":"<!-- This site is optimized with the Yoast SEO plugin v27.2 - https:\/\/yoast.com\/product\/yoast-seo-wordpress\/ -->\n<title>Claro anuncia maior programa de gera\u00e7\u00e3o distribu\u00edda de energia renov\u00e1vel do pa\u00eds - Instituto de Engenharia<\/title>\n<meta name=\"robots\" content=\"index, follow, max-snippet:-1, max-image-preview:large, max-video-preview:-1\" \/>\n<link rel=\"canonical\" href=\"https:\/\/www.institutodeengenharia.org.br\/site\/2018\/01\/03\/claro-anuncia-maior-programa-de-geracao-distribuida-de-energia-renovavel-do-pais\/\" \/>\n<meta property=\"og:locale\" content=\"pt_BR\" \/>\n<meta property=\"og:type\" content=\"article\" \/>\n<meta property=\"og:title\" content=\"Claro anuncia maior programa de gera\u00e7\u00e3o distribu\u00edda de energia renov\u00e1vel do pa\u00eds - Instituto de Engenharia\" \/>\n<meta property=\"og:description\" content=\"O programa representa uma redu\u00e7\u00e3o de mais de 100 mil toneladas m\u00e9tricas de CO2 ao ano.\" \/>\n<meta property=\"og:url\" content=\"https:\/\/www.institutodeengenharia.org.br\/site\/2018\/01\/03\/claro-anuncia-maior-programa-de-geracao-distribuida-de-energia-renovavel-do-pais\/\" \/>\n<meta property=\"og:site_name\" content=\"Instituto de Engenharia\" \/>\n<meta property=\"article:publisher\" content=\"https:\/\/www.facebook.com\/institutodeengenharia\" \/>\n<meta property=\"article:published_time\" content=\"2018-01-03T14:12:37+00:00\" \/>\n<meta property=\"article:modified_time\" content=\"2018-01-03T14:44:23+00:00\" \/>\n<meta property=\"og:image\" content=\"https:\/\/www.institutodeengenharia.org.br\/site\/wp-content\/uploads\/2018\/02\/iStock-856149214.jpg\" \/>\n\t<meta property=\"og:image:width\" content=\"724\" \/>\n\t<meta property=\"og:image:height\" content=\"483\" \/>\n\t<meta property=\"og:image:type\" content=\"image\/jpeg\" \/>\n<meta name=\"author\" content=\"TMax Tecnologia\" \/>\n<meta name=\"twitter:card\" content=\"summary_large_image\" \/>\n<meta name=\"twitter:creator\" content=\"@iengenharia\" \/>\n<meta name=\"twitter:site\" content=\"@iengenharia\" \/>\n<meta name=\"twitter:label1\" content=\"Escrito por\" \/>\n\t<meta name=\"twitter:data1\" content=\"TMax Tecnologia\" \/>\n\t<meta name=\"twitter:label2\" content=\"Est. tempo de leitura\" \/>\n\t<meta name=\"twitter:data2\" content=\"4 minutos\" \/>\n<script type=\"application\/ld+json\" class=\"yoast-schema-graph\">{\"@context\":\"https:\/\/schema.org\",\"@graph\":[{\"@type\":\"Article\",\"@id\":\"https:\/\/www.institutodeengenharia.org.br\/site\/2018\/01\/03\/claro-anuncia-maior-programa-de-geracao-distribuida-de-energia-renovavel-do-pais\/#article\",\"isPartOf\":{\"@id\":\"https:\/\/www.institutodeengenharia.org.br\/site\/2018\/01\/03\/claro-anuncia-maior-programa-de-geracao-distribuida-de-energia-renovavel-do-pais\/\"},\"author\":{\"name\":\"TMax Tecnologia\",\"@id\":\"https:\/\/www.institutodeengenharia.org.br\/site\/#\/schema\/person\/3b1ff109facef084739fc2edcb9a127f\"},\"headline\":\"Claro anuncia maior programa de gera\u00e7\u00e3o distribu\u00edda de energia renov\u00e1vel do pa\u00eds\",\"datePublished\":\"2018-01-03T14:12:37+00:00\",\"dateModified\":\"2018-01-03T14:44:23+00:00\",\"mainEntityOfPage\":{\"@id\":\"https:\/\/www.institutodeengenharia.org.br\/site\/2018\/01\/03\/claro-anuncia-maior-programa-de-geracao-distribuida-de-energia-renovavel-do-pais\/\"},\"wordCount\":853,\"commentCount\":0,\"publisher\":{\"@id\":\"https:\/\/www.institutodeengenharia.org.br\/site\/#organization\"},\"image\":{\"@id\":\"https:\/\/www.institutodeengenharia.org.br\/site\/2018\/01\/03\/claro-anuncia-maior-programa-de-geracao-distribuida-de-energia-renovavel-do-pais\/#primaryimage\"},\"thumbnailUrl\":\"https:\/\/www.institutodeengenharia.org.br\/site\/wp-content\/uploads\/2018\/02\/iStock-856149214.jpg\",\"articleSection\":[\"Meio Ambiente\",\"Not\u00edcias\"],\"inLanguage\":\"pt-BR\",\"potentialAction\":[{\"@type\":\"CommentAction\",\"name\":\"Comment\",\"target\":[\"https:\/\/www.institutodeengenharia.org.br\/site\/2018\/01\/03\/claro-anuncia-maior-programa-de-geracao-distribuida-de-energia-renovavel-do-pais\/#respond\"]}]},{\"@type\":\"WebPage\",\"@id\":\"https:\/\/www.institutodeengenharia.org.br\/site\/2018\/01\/03\/claro-anuncia-maior-programa-de-geracao-distribuida-de-energia-renovavel-do-pais\/\",\"url\":\"https:\/\/www.institutodeengenharia.org.br\/site\/2018\/01\/03\/claro-anuncia-maior-programa-de-geracao-distribuida-de-energia-renovavel-do-pais\/\",\"name\":\"Claro anuncia maior programa de gera\u00e7\u00e3o distribu\u00edda de energia renov\u00e1vel do pa\u00eds - Instituto de Engenharia\",\"isPartOf\":{\"@id\":\"https:\/\/www.institutodeengenharia.org.br\/site\/#website\"},\"primaryImageOfPage\":{\"@id\":\"https:\/\/www.institutodeengenharia.org.br\/site\/2018\/01\/03\/claro-anuncia-maior-programa-de-geracao-distribuida-de-energia-renovavel-do-pais\/#primaryimage\"},\"image\":{\"@id\":\"https:\/\/www.institutodeengenharia.org.br\/site\/2018\/01\/03\/claro-anuncia-maior-programa-de-geracao-distribuida-de-energia-renovavel-do-pais\/#primaryimage\"},\"thumbnailUrl\":\"https:\/\/www.institutodeengenharia.org.br\/site\/wp-content\/uploads\/2018\/02\/iStock-856149214.jpg\",\"datePublished\":\"2018-01-03T14:12:37+00:00\",\"dateModified\":\"2018-01-03T14:44:23+00:00\",\"breadcrumb\":{\"@id\":\"https:\/\/www.institutodeengenharia.org.br\/site\/2018\/01\/03\/claro-anuncia-maior-programa-de-geracao-distribuida-de-energia-renovavel-do-pais\/#breadcrumb\"},\"inLanguage\":\"pt-BR\",\"potentialAction\":[{\"@type\":\"ReadAction\",\"target\":[\"https:\/\/www.institutodeengenharia.org.br\/site\/2018\/01\/03\/claro-anuncia-maior-programa-de-geracao-distribuida-de-energia-renovavel-do-pais\/\"]}]},{\"@type\":\"ImageObject\",\"inLanguage\":\"pt-BR\",\"@id\":\"https:\/\/www.institutodeengenharia.org.br\/site\/2018\/01\/03\/claro-anuncia-maior-programa-de-geracao-distribuida-de-energia-renovavel-do-pais\/#primaryimage\",\"url\":\"https:\/\/www.institutodeengenharia.org.br\/site\/wp-content\/uploads\/2018\/02\/iStock-856149214.jpg\",\"contentUrl\":\"https:\/\/www.institutodeengenharia.org.br\/site\/wp-content\/uploads\/2018\/02\/iStock-856149214.jpg\",\"width\":724,\"height\":483},{\"@type\":\"BreadcrumbList\",\"@id\":\"https:\/\/www.institutodeengenharia.org.br\/site\/2018\/01\/03\/claro-anuncia-maior-programa-de-geracao-distribuida-de-energia-renovavel-do-pais\/#breadcrumb\",\"itemListElement\":[{\"@type\":\"ListItem\",\"position\":1,\"name\":\"In\u00edcio\",\"item\":\"https:\/\/www.institutodeengenharia.org.br\/site\/\"},{\"@type\":\"ListItem\",\"position\":2,\"name\":\"Claro anuncia maior programa de gera\u00e7\u00e3o distribu\u00edda de energia renov\u00e1vel do pa\u00eds\"}]},{\"@type\":\"WebSite\",\"@id\":\"https:\/\/www.institutodeengenharia.org.br\/site\/#website\",\"url\":\"https:\/\/www.institutodeengenharia.org.br\/site\/\",\"name\":\"Instituto de Engenharia\",\"description\":\"O Instituto de Engenharia promove a Engenharia em benef\u00edcio do desenvolvimento e da qualidade de vida da sociedade.\",\"publisher\":{\"@id\":\"https:\/\/www.institutodeengenharia.org.br\/site\/#organization\"},\"potentialAction\":[{\"@type\":\"SearchAction\",\"target\":{\"@type\":\"EntryPoint\",\"urlTemplate\":\"https:\/\/www.institutodeengenharia.org.br\/site\/?s={search_term_string}\"},\"query-input\":{\"@type\":\"PropertyValueSpecification\",\"valueRequired\":true,\"valueName\":\"search_term_string\"}}],\"inLanguage\":\"pt-BR\"},{\"@type\":\"Organization\",\"@id\":\"https:\/\/www.institutodeengenharia.org.br\/site\/#organization\",\"name\":\"Instituto de Engenharia\",\"url\":\"https:\/\/www.institutodeengenharia.org.br\/site\/\",\"logo\":{\"@type\":\"ImageObject\",\"inLanguage\":\"pt-BR\",\"@id\":\"https:\/\/www.institutodeengenharia.org.br\/site\/#\/schema\/logo\/image\/\",\"url\":\"https:\/\/www.institutodeengenharia.org.br\/site\/wp-content\/uploads\/2019\/03\/logo-novo-IE2018-1.jpg\",\"contentUrl\":\"https:\/\/www.institutodeengenharia.org.br\/site\/wp-content\/uploads\/2019\/03\/logo-novo-IE2018-1.jpg\",\"width\":1486,\"height\":1879,\"caption\":\"Instituto de Engenharia\"},\"image\":{\"@id\":\"https:\/\/www.institutodeengenharia.org.br\/site\/#\/schema\/logo\/image\/\"},\"sameAs\":[\"https:\/\/www.facebook.com\/institutodeengenharia\",\"https:\/\/x.com\/iengenharia\",\"https:\/\/www.instagram.com\/institutodeengenharia\/\",\"https:\/\/www.linkedin.com\/company\/instituto-de-engenharia\/\",\"https:\/\/www.youtube.com\/channel\/UCXiCAlsSMe977vamW915HxA\"]},{\"@type\":\"Person\",\"@id\":\"https:\/\/www.institutodeengenharia.org.br\/site\/#\/schema\/person\/3b1ff109facef084739fc2edcb9a127f\",\"name\":\"TMax Tecnologia\",\"image\":{\"@type\":\"ImageObject\",\"inLanguage\":\"pt-BR\",\"@id\":\"https:\/\/secure.gravatar.com\/avatar\/f912434ef7f389c92cb311fcdae346af848465d638912574b3c669070f797701?s=96&d=mm&r=g\",\"url\":\"https:\/\/secure.gravatar.com\/avatar\/f912434ef7f389c92cb311fcdae346af848465d638912574b3c669070f797701?s=96&d=mm&r=g\",\"contentUrl\":\"https:\/\/secure.gravatar.com\/avatar\/f912434ef7f389c92cb311fcdae346af848465d638912574b3c669070f797701?s=96&d=mm&r=g\",\"caption\":\"TMax Tecnologia\"},\"url\":\"https:\/\/www.institutodeengenharia.org.br\/site\/author\/tmax\/\"}]}<\/script>\n<!-- \/ Yoast SEO plugin. -->","yoast_head_json":{"title":"Claro anuncia maior programa de gera\u00e7\u00e3o distribu\u00edda de energia renov\u00e1vel do pa\u00eds - Instituto de Engenharia","robots":{"index":"index","follow":"follow","max-snippet":"max-snippet:-1","max-image-preview":"max-image-preview:large","max-video-preview":"max-video-preview:-1"},"canonical":"https:\/\/www.institutodeengenharia.org.br\/site\/2018\/01\/03\/claro-anuncia-maior-programa-de-geracao-distribuida-de-energia-renovavel-do-pais\/","og_locale":"pt_BR","og_type":"article","og_title":"Claro anuncia maior programa de gera\u00e7\u00e3o distribu\u00edda de energia renov\u00e1vel do pa\u00eds - Instituto de Engenharia","og_description":"O programa representa uma redu\u00e7\u00e3o de mais de 100 mil toneladas m\u00e9tricas de CO2 ao ano.","og_url":"https:\/\/www.institutodeengenharia.org.br\/site\/2018\/01\/03\/claro-anuncia-maior-programa-de-geracao-distribuida-de-energia-renovavel-do-pais\/","og_site_name":"Instituto de Engenharia","article_publisher":"https:\/\/www.facebook.com\/institutodeengenharia","article_published_time":"2018-01-03T14:12:37+00:00","article_modified_time":"2018-01-03T14:44:23+00:00","og_image":[{"width":724,"height":483,"url":"https:\/\/www.institutodeengenharia.org.br\/site\/wp-content\/uploads\/2018\/02\/iStock-856149214.jpg","type":"image\/jpeg"}],"author":"TMax Tecnologia","twitter_card":"summary_large_image","twitter_creator":"@iengenharia","twitter_site":"@iengenharia","twitter_misc":{"Escrito por":"TMax Tecnologia","Est. tempo de leitura":"4 minutos"},"schema":{"@context":"https:\/\/schema.org","@graph":[{"@type":"Article","@id":"https:\/\/www.institutodeengenharia.org.br\/site\/2018\/01\/03\/claro-anuncia-maior-programa-de-geracao-distribuida-de-energia-renovavel-do-pais\/#article","isPartOf":{"@id":"https:\/\/www.institutodeengenharia.org.br\/site\/2018\/01\/03\/claro-anuncia-maior-programa-de-geracao-distribuida-de-energia-renovavel-do-pais\/"},"author":{"name":"TMax Tecnologia","@id":"https:\/\/www.institutodeengenharia.org.br\/site\/#\/schema\/person\/3b1ff109facef084739fc2edcb9a127f"},"headline":"Claro anuncia maior programa de gera\u00e7\u00e3o distribu\u00edda de energia renov\u00e1vel do pa\u00eds","datePublished":"2018-01-03T14:12:37+00:00","dateModified":"2018-01-03T14:44:23+00:00","mainEntityOfPage":{"@id":"https:\/\/www.institutodeengenharia.org.br\/site\/2018\/01\/03\/claro-anuncia-maior-programa-de-geracao-distribuida-de-energia-renovavel-do-pais\/"},"wordCount":853,"commentCount":0,"publisher":{"@id":"https:\/\/www.institutodeengenharia.org.br\/site\/#organization"},"image":{"@id":"https:\/\/www.institutodeengenharia.org.br\/site\/2018\/01\/03\/claro-anuncia-maior-programa-de-geracao-distribuida-de-energia-renovavel-do-pais\/#primaryimage"},"thumbnailUrl":"https:\/\/www.institutodeengenharia.org.br\/site\/wp-content\/uploads\/2018\/02\/iStock-856149214.jpg","articleSection":["Meio Ambiente","Not\u00edcias"],"inLanguage":"pt-BR","potentialAction":[{"@type":"CommentAction","name":"Comment","target":["https:\/\/www.institutodeengenharia.org.br\/site\/2018\/01\/03\/claro-anuncia-maior-programa-de-geracao-distribuida-de-energia-renovavel-do-pais\/#respond"]}]},{"@type":"WebPage","@id":"https:\/\/www.institutodeengenharia.org.br\/site\/2018\/01\/03\/claro-anuncia-maior-programa-de-geracao-distribuida-de-energia-renovavel-do-pais\/","url":"https:\/\/www.institutodeengenharia.org.br\/site\/2018\/01\/03\/claro-anuncia-maior-programa-de-geracao-distribuida-de-energia-renovavel-do-pais\/","name":"Claro anuncia maior programa de gera\u00e7\u00e3o distribu\u00edda de energia renov\u00e1vel do pa\u00eds - Instituto de Engenharia","isPartOf":{"@id":"https:\/\/www.institutodeengenharia.org.br\/site\/#website"},"primaryImageOfPage":{"@id":"https:\/\/www.institutodeengenharia.org.br\/site\/2018\/01\/03\/claro-anuncia-maior-programa-de-geracao-distribuida-de-energia-renovavel-do-pais\/#primaryimage"},"image":{"@id":"https:\/\/www.institutodeengenharia.org.br\/site\/2018\/01\/03\/claro-anuncia-maior-programa-de-geracao-distribuida-de-energia-renovavel-do-pais\/#primaryimage"},"thumbnailUrl":"https:\/\/www.institutodeengenharia.org.br\/site\/wp-content\/uploads\/2018\/02\/iStock-856149214.jpg","datePublished":"2018-01-03T14:12:37+00:00","dateModified":"2018-01-03T14:44:23+00:00","breadcrumb":{"@id":"https:\/\/www.institutodeengenharia.org.br\/site\/2018\/01\/03\/claro-anuncia-maior-programa-de-geracao-distribuida-de-energia-renovavel-do-pais\/#breadcrumb"},"inLanguage":"pt-BR","potentialAction":[{"@type":"ReadAction","target":["https:\/\/www.institutodeengenharia.org.br\/site\/2018\/01\/03\/claro-anuncia-maior-programa-de-geracao-distribuida-de-energia-renovavel-do-pais\/"]}]},{"@type":"ImageObject","inLanguage":"pt-BR","@id":"https:\/\/www.institutodeengenharia.org.br\/site\/2018\/01\/03\/claro-anuncia-maior-programa-de-geracao-distribuida-de-energia-renovavel-do-pais\/#primaryimage","url":"https:\/\/www.institutodeengenharia.org.br\/site\/wp-content\/uploads\/2018\/02\/iStock-856149214.jpg","contentUrl":"https:\/\/www.institutodeengenharia.org.br\/site\/wp-content\/uploads\/2018\/02\/iStock-856149214.jpg","width":724,"height":483},{"@type":"BreadcrumbList","@id":"https:\/\/www.institutodeengenharia.org.br\/site\/2018\/01\/03\/claro-anuncia-maior-programa-de-geracao-distribuida-de-energia-renovavel-do-pais\/#breadcrumb","itemListElement":[{"@type":"ListItem","position":1,"name":"In\u00edcio","item":"https:\/\/www.institutodeengenharia.org.br\/site\/"},{"@type":"ListItem","position":2,"name":"Claro anuncia maior programa de gera\u00e7\u00e3o distribu\u00edda de energia renov\u00e1vel do pa\u00eds"}]},{"@type":"WebSite","@id":"https:\/\/www.institutodeengenharia.org.br\/site\/#website","url":"https:\/\/www.institutodeengenharia.org.br\/site\/","name":"Instituto de Engenharia","description":"O Instituto de Engenharia promove a Engenharia em benef\u00edcio do desenvolvimento e da qualidade de vida da sociedade.","publisher":{"@id":"https:\/\/www.institutodeengenharia.org.br\/site\/#organization"},"potentialAction":[{"@type":"SearchAction","target":{"@type":"EntryPoint","urlTemplate":"https:\/\/www.institutodeengenharia.org.br\/site\/?s={search_term_string}"},"query-input":{"@type":"PropertyValueSpecification","valueRequired":true,"valueName":"search_term_string"}}],"inLanguage":"pt-BR"},{"@type":"Organization","@id":"https:\/\/www.institutodeengenharia.org.br\/site\/#organization","name":"Instituto de Engenharia","url":"https:\/\/www.institutodeengenharia.org.br\/site\/","logo":{"@type":"ImageObject","inLanguage":"pt-BR","@id":"https:\/\/www.institutodeengenharia.org.br\/site\/#\/schema\/logo\/image\/","url":"https:\/\/www.institutodeengenharia.org.br\/site\/wp-content\/uploads\/2019\/03\/logo-novo-IE2018-1.jpg","contentUrl":"https:\/\/www.institutodeengenharia.org.br\/site\/wp-content\/uploads\/2019\/03\/logo-novo-IE2018-1.jpg","width":1486,"height":1879,"caption":"Instituto de Engenharia"},"image":{"@id":"https:\/\/www.institutodeengenharia.org.br\/site\/#\/schema\/logo\/image\/"},"sameAs":["https:\/\/www.facebook.com\/institutodeengenharia","https:\/\/x.com\/iengenharia","https:\/\/www.instagram.com\/institutodeengenharia\/","https:\/\/www.linkedin.com\/company\/instituto-de-engenharia\/","https:\/\/www.youtube.com\/channel\/UCXiCAlsSMe977vamW915HxA"]},{"@type":"Person","@id":"https:\/\/www.institutodeengenharia.org.br\/site\/#\/schema\/person\/3b1ff109facef084739fc2edcb9a127f","name":"TMax Tecnologia","image":{"@type":"ImageObject","inLanguage":"pt-BR","@id":"https:\/\/secure.gravatar.com\/avatar\/f912434ef7f389c92cb311fcdae346af848465d638912574b3c669070f797701?s=96&d=mm&r=g","url":"https:\/\/secure.gravatar.com\/avatar\/f912434ef7f389c92cb311fcdae346af848465d638912574b3c669070f797701?s=96&d=mm&r=g","contentUrl":"https:\/\/secure.gravatar.com\/avatar\/f912434ef7f389c92cb311fcdae346af848465d638912574b3c669070f797701?s=96&d=mm&r=g","caption":"TMax Tecnologia"},"url":"https:\/\/www.institutodeengenharia.org.br\/site\/author\/tmax\/"}]}},"_links":{"self":[{"href":"https:\/\/www.institutodeengenharia.org.br\/site\/wp-json\/wp\/v2\/posts\/28943","targetHints":{"allow":["GET"]}}],"collection":[{"href":"https:\/\/www.institutodeengenharia.org.br\/site\/wp-json\/wp\/v2\/posts"}],"about":[{"href":"https:\/\/www.institutodeengenharia.org.br\/site\/wp-json\/wp\/v2\/types\/post"}],"author":[{"embeddable":true,"href":"https:\/\/www.institutodeengenharia.org.br\/site\/wp-json\/wp\/v2\/users\/1"}],"replies":[{"embeddable":true,"href":"https:\/\/www.institutodeengenharia.org.br\/site\/wp-json\/wp\/v2\/comments?post=28943"}],"version-history":[{"count":0,"href":"https:\/\/www.institutodeengenharia.org.br\/site\/wp-json\/wp\/v2\/posts\/28943\/revisions"}],"wp:featuredmedia":[{"embeddable":true,"href":"https:\/\/www.institutodeengenharia.org.br\/site\/wp-json\/wp\/v2\/media\/28944"}],"wp:attachment":[{"href":"https:\/\/www.institutodeengenharia.org.br\/site\/wp-json\/wp\/v2\/media?parent=28943"}],"wp:term":[{"taxonomy":"category","embeddable":true,"href":"https:\/\/www.institutodeengenharia.org.br\/site\/wp-json\/wp\/v2\/categories?post=28943"},{"taxonomy":"post_tag","embeddable":true,"href":"https:\/\/www.institutodeengenharia.org.br\/site\/wp-json\/wp\/v2\/tags?post=28943"}],"curies":[{"name":"wp","href":"https:\/\/api.w.org\/{rel}","templated":true}]}}